{"id":1235,"date":"2022-08-21T14:36:01","date_gmt":"2022-08-21T12:36:01","guid":{"rendered":"https:\/\/www.spang.ch\/aude\/?p=1235"},"modified":"2022-10-30T14:45:55","modified_gmt":"2022-10-30T12:45:55","slug":"monde-maya-et-mer-des-caraibes","status":"publish","type":"post","link":"http:\/\/www.spang.ch\/aude\/2022\/08\/monde-maya-et-mer-des-caraibes\/","title":{"rendered":"Monde maya et mer des Cara\u00efbes"},"content":{"rendered":"\n<p>A mesure que nous montions vers le nord du pays, nous descendions en altitude et les temp\u00e9ratures se r\u00e9chauffaient. En parall\u00e8le, le climat, la faune et la flore \u00e9voluaient \u00e9galement. Apr\u00e8s avoir travers\u00e9 le Quich\u00e9 et le Verapaz, nous sommes arriv\u00e9-es dans le chaud et humide d\u00e9partement du Pet\u00e9n. Il fallait d\u00e9sormais se faire \u00e0 sa jungle, sa chaleur \u00e9crasante et ses moustiques. La r\u00e9compense en valait la chandelle: nous allions d\u00e9couvrir les magnifiques ruines maya de Tikal! <\/p>\n\n\n<div class=\"wp-block-image\">\n<figure class=\"aligncenter size-large\"><a href=\"https:\/\/i0.wp.com\/www.spang.ch\/aude\/wp-content\/uploads\/2022\/08\/IMG_20220813_135257-scaled.jpg\"><img loading=\"lazy\" decoding=\"async\" width=\"768\" height=\"1024\" data-attachment-id=\"1252\" data-permalink=\"http:\/\/www.spang.ch\/aude\/img_20220813_135257\/\" data-orig-file=\"https:\/\/i0.wp.com\/www.spang.ch\/aude\/wp-content\/uploads\/2022\/08\/IMG_20220813_135257-scaled.jpg?fit=1920%2C2560\" data-orig-size=\"1920,2560\" data-comments-opened=\"1\" data-image-meta=\"{&quot;aperture&quot;:&quot;1.7&quot;,&quot;credit&quot;:&quot;&quot;,&quot;camera&quot;:&quot;SM-G930F&quot;,&quot;caption&quot;:&quot;&quot;,&quot;created_timestamp&quot;:&quot;1660398777&quot;,&quot;copyright&quot;:&quot;&quot;,&quot;focal_length&quot;:&quot;4.2&quot;,&quot;iso&quot;:&quot;64&quot;,&quot;shutter_speed&quot;:&quot;0.00029904306220096&quot;,&quot;title&quot;:&quot;&quot;,&quot;orientation&quot;:&quot;1&quot;}\" data-image-title=\"IMG_20220813_135257\" data-image-description=\"\" data-image-caption=\"\" data-medium-file=\"https:\/\/i0.wp.com\/www.spang.ch\/aude\/wp-content\/uploads\/2022\/08\/IMG_20220813_135257-scaled.jpg?fit=225%2C300\" data-large-file=\"https:\/\/i0.wp.com\/www.spang.ch\/aude\/wp-content\/uploads\/2022\/08\/IMG_20220813_135257-scaled.jpg?fit=768%2C1024\" tabindex=\"0\" role=\"button\" src=\"https:\/\/i0.wp.com\/www.spang.ch\/aude\/wp-content\/uploads\/2022\/08\/IMG_20220813_135257.jpg?resize=768%2C1024\" alt=\"\" class=\"wp-image-1252\" srcset=\"https:\/\/i0.wp.com\/www.spang.ch\/aude\/wp-content\/uploads\/2022\/08\/IMG_20220813_135257-scaled.jpg?resize=768%2C1024 768w, https:\/\/i0.wp.com\/www.spang.ch\/aude\/wp-content\/uploads\/2022\/08\/IMG_20220813_135257-scaled.jpg?resize=225%2C300 225w, https:\/\/i0.wp.com\/www.spang.ch\/aude\/wp-content\/uploads\/2022\/08\/IMG_20220813_135257-scaled.jpg?w=1920 1920w\" sizes=\"(max-width: 768px) 100vw, 768px\" data-recalc-dims=\"1\" \/><\/a><figcaption>Flores<\/figcaption><\/figure><\/div>\n\n<div class=\"wp-block-image\">\n<figure class=\"aligncenter size-large\"><a href=\"https:\/\/i0.wp.com\/www.spang.ch\/aude\/wp-content\/uploads\/2022\/08\/IMG_20220813_135539-scaled.jpg\"><img loading=\"lazy\" decoding=\"async\" width=\"1000\" height=\"750\" data-attachment-id=\"1253\" data-permalink=\"http:\/\/www.spang.ch\/aude\/img_20220813_135539\/\" data-orig-file=\"https:\/\/i0.wp.com\/www.spang.ch\/aude\/wp-content\/uploads\/2022\/08\/IMG_20220813_135539-scaled.jpg?fit=2560%2C1920\" data-orig-size=\"2560,1920\" data-comments-opened=\"1\" data-image-meta=\"{&quot;aperture&quot;:&quot;1.7&quot;,&quot;credit&quot;:&quot;&quot;,&quot;camera&quot;:&quot;SM-G930F&quot;,&quot;caption&quot;:&quot;&quot;,&quot;created_timestamp&quot;:&quot;1660398939&quot;,&quot;copyright&quot;:&quot;&quot;,&quot;focal_length&quot;:&quot;4.2&quot;,&quot;iso&quot;:&quot;64&quot;,&quot;shutter_speed&quot;:&quot;0.0004149377593361&quot;,&quot;title&quot;:&quot;&quot;,&quot;orientation&quot;:&quot;1&quot;}\" data-image-title=\"IMG_20220813_135539\" data-image-description=\"\" data-image-caption=\"\" data-medium-file=\"https:\/\/i0.wp.com\/www.spang.ch\/aude\/wp-content\/uploads\/2022\/08\/IMG_20220813_135539-scaled.jpg?fit=300%2C225\" data-large-file=\"https:\/\/i0.wp.com\/www.spang.ch\/aude\/wp-content\/uploads\/2022\/08\/IMG_20220813_135539-scaled.jpg?fit=1000%2C750\" tabindex=\"0\" role=\"button\" src=\"https:\/\/i0.wp.com\/www.spang.ch\/aude\/wp-content\/uploads\/2022\/08\/IMG_20220813_135539.jpg?resize=1000%2C750\" alt=\"\" class=\"wp-image-1253\" srcset=\"https:\/\/i0.wp.com\/www.spang.ch\/aude\/wp-content\/uploads\/2022\/08\/IMG_20220813_135539-scaled.jpg?resize=1024%2C768 1024w, https:\/\/i0.wp.com\/www.spang.ch\/aude\/wp-content\/uploads\/2022\/08\/IMG_20220813_135539-scaled.jpg?resize=300%2C225 300w, https:\/\/i0.wp.com\/www.spang.ch\/aude\/wp-content\/uploads\/2022\/08\/IMG_20220813_135539-scaled.jpg?resize=768%2C576 768w, https:\/\/i0.wp.com\/www.spang.ch\/aude\/wp-content\/uploads\/2022\/08\/IMG_20220813_135539-scaled.jpg?resize=1536%2C1152 1536w, https:\/\/i0.wp.com\/www.spang.ch\/aude\/wp-content\/uploads\/2022\/08\/IMG_20220813_135539-scaled.jpg?resize=2048%2C1536 2048w, https:\/\/i0.wp.com\/www.spang.ch\/aude\/wp-content\/uploads\/2022\/08\/IMG_20220813_135539-scaled.jpg?resize=400%2C300 400w\" sizes=\"(max-width: 1000px) 100vw, 1000px\" data-recalc-dims=\"1\" \/><\/a><figcaption>Vue depuis l&#8217;h\u00f4tel \u00e0 Flores<\/figcaption><\/figure><\/div>\n\n<div class=\"wp-block-image\">\n<figure class=\"aligncenter size-large\"><a href=\"https:\/\/i0.wp.com\/www.spang.ch\/aude\/wp-content\/uploads\/2022\/08\/IMG_20220813_135610-scaled.jpg\"><img loading=\"lazy\" decoding=\"async\" width=\"1000\" height=\"750\" data-attachment-id=\"1254\" data-permalink=\"http:\/\/www.spang.ch\/aude\/img_20220813_135610\/\" data-orig-file=\"https:\/\/i0.wp.com\/www.spang.ch\/aude\/wp-content\/uploads\/2022\/08\/IMG_20220813_135610-scaled.jpg?fit=2560%2C1920\" data-orig-size=\"2560,1920\" data-comments-opened=\"1\" data-image-meta=\"{&quot;aperture&quot;:&quot;1.7&quot;,&quot;credit&quot;:&quot;&quot;,&quot;camera&quot;:&quot;SM-G930F&quot;,&quot;caption&quot;:&quot;&quot;,&quot;created_timestamp&quot;:&quot;1660398970&quot;,&quot;copyright&quot;:&quot;&quot;,&quot;focal_length&quot;:&quot;4.2&quot;,&quot;iso&quot;:&quot;64&quot;,&quot;shutter_speed&quot;:&quot;0.00028595939376609&quot;,&quot;title&quot;:&quot;&quot;,&quot;orientation&quot;:&quot;1&quot;}\" data-image-title=\"IMG_20220813_135610\" data-image-description=\"\" data-image-caption=\"\" data-medium-file=\"https:\/\/i0.wp.com\/www.spang.ch\/aude\/wp-content\/uploads\/2022\/08\/IMG_20220813_135610-scaled.jpg?fit=300%2C225\" data-large-file=\"https:\/\/i0.wp.com\/www.spang.ch\/aude\/wp-content\/uploads\/2022\/08\/IMG_20220813_135610-scaled.jpg?fit=1000%2C750\" tabindex=\"0\" role=\"button\" src=\"https:\/\/i0.wp.com\/www.spang.ch\/aude\/wp-content\/uploads\/2022\/08\/IMG_20220813_135610.jpg?resize=1000%2C750\" alt=\"\" class=\"wp-image-1254\" srcset=\"https:\/\/i0.wp.com\/www.spang.ch\/aude\/wp-content\/uploads\/2022\/08\/IMG_20220813_135610-scaled.jpg?resize=1024%2C768 1024w, https:\/\/i0.wp.com\/www.spang.ch\/aude\/wp-content\/uploads\/2022\/08\/IMG_20220813_135610-scaled.jpg?resize=300%2C225 300w, https:\/\/i0.wp.com\/www.spang.ch\/aude\/wp-content\/uploads\/2022\/08\/IMG_20220813_135610-scaled.jpg?resize=768%2C576 768w, https:\/\/i0.wp.com\/www.spang.ch\/aude\/wp-content\/uploads\/2022\/08\/IMG_20220813_135610-scaled.jpg?resize=1536%2C1152 1536w, https:\/\/i0.wp.com\/www.spang.ch\/aude\/wp-content\/uploads\/2022\/08\/IMG_20220813_135610-scaled.jpg?resize=2048%2C1536 2048w, https:\/\/i0.wp.com\/www.spang.ch\/aude\/wp-content\/uploads\/2022\/08\/IMG_20220813_135610-scaled.jpg?resize=400%2C300 400w\" sizes=\"(max-width: 1000px) 100vw, 1000px\" data-recalc-dims=\"1\" \/><\/a><figcaption>Le lac de P\u00e9ten Itza<\/figcaption><\/figure><\/div>\n\n\n<p>Il nous a fallu prendre un ferry pour traverser une rivi\u00e8re au milieu du pays, alors qu&#8217;on faisait route vers le nord. Comme l&#8217;a fait remarquer Giorgia alors que nous avions travers\u00e9 de nombreux villages, dans ce pays il n&#8217;y a pas d&#8217;argent pour des ponts mais il y en a pour des \u00e9glises (grandes et color\u00e9es m\u00eame lorsque les maisons sont petites et avec des toits de t\u00f4le). Une fois arriv\u00e9-es, nous avons pass\u00e9 une nuit \u00e0 la ville de Flores, sur une \u00eele au bord du lac P\u00e9ten Itza. Charmante et nous y avons plut\u00f4t bien mang\u00e9. Les restaurants et boutiques \u00e9taient passablement touristiques, mais nous avons vu des jeunes jouer au basket sur un terrain au coeur de la ville. La soir\u00e9e se passa en appr\u00e9ciant les lumi\u00e8res de fin de journ\u00e9e depuis le toit de notre h\u00f4tel, avec une bouteille du bon rhum local. <\/p>\n\n\n<div class=\"wp-block-image\">\n<figure class=\"aligncenter size-large\"><a href=\"https:\/\/i0.wp.com\/www.spang.ch\/aude\/wp-content\/uploads\/2022\/08\/IMG_20220812_175947_PANO-scaled.jpg\"><img loading=\"lazy\" decoding=\"async\" width=\"1000\" height=\"398\" data-attachment-id=\"1425\" data-permalink=\"http:\/\/www.spang.ch\/aude\/img_20220812_175947_pano-3\/\" data-orig-file=\"https:\/\/i0.wp.com\/www.spang.ch\/aude\/wp-content\/uploads\/2022\/09\/IMG_20220812_175947_PANO-edited-1-scaled.jpg?fit=2560%2C1019\" data-orig-size=\"2560,1019\" data-comments-opened=\"1\" data-image-meta=\"{&quot;aperture&quot;:&quot;1.7&quot;,&quot;credit&quot;:&quot;&quot;,&quot;camera&quot;:&quot;SM-G930F&quot;,&quot;caption&quot;:&quot;&quot;,&quot;created_timestamp&quot;:&quot;1660327186&quot;,&quot;copyright&quot;:&quot;&quot;,&quot;focal_length&quot;:&quot;4.2&quot;,&quot;iso&quot;:&quot;64&quot;,&quot;shutter_speed&quot;:&quot;0.0009&quot;,&quot;title&quot;:&quot;&quot;,&quot;orientation&quot;:&quot;0&quot;}\" data-image-title=\"IMG_20220812_175947_PANO\" data-image-description=\"\" data-image-caption=\"&lt;p&gt;Une soir\u00e9e sur le toit&lt;\/p&gt;\n\" data-medium-file=\"https:\/\/i0.wp.com\/www.spang.ch\/aude\/wp-content\/uploads\/2022\/09\/IMG_20220812_175947_PANO-edited-1-scaled.jpg?fit=300%2C119\" data-large-file=\"https:\/\/i0.wp.com\/www.spang.ch\/aude\/wp-content\/uploads\/2022\/09\/IMG_20220812_175947_PANO-edited-1-scaled.jpg?fit=1000%2C398\" tabindex=\"0\" role=\"button\" src=\"https:\/\/i0.wp.com\/www.spang.ch\/aude\/wp-content\/uploads\/2022\/09\/IMG_20220812_175947_PANO-edited-1-scaled.jpg?resize=1000%2C398\" alt=\"\" class=\"wp-image-1425\" srcset=\"https:\/\/i0.wp.com\/www.spang.ch\/aude\/wp-content\/uploads\/2022\/09\/IMG_20220812_175947_PANO-edited-1-scaled.jpg?w=2560 2560w, https:\/\/i0.wp.com\/www.spang.ch\/aude\/wp-content\/uploads\/2022\/09\/IMG_20220812_175947_PANO-edited-1-scaled.jpg?resize=300%2C119 300w, https:\/\/i0.wp.com\/www.spang.ch\/aude\/wp-content\/uploads\/2022\/09\/IMG_20220812_175947_PANO-edited-1-scaled.jpg?resize=1024%2C408 1024w, https:\/\/i0.wp.com\/www.spang.ch\/aude\/wp-content\/uploads\/2022\/09\/IMG_20220812_175947_PANO-edited-1-scaled.jpg?resize=768%2C306 768w, https:\/\/i0.wp.com\/www.spang.ch\/aude\/wp-content\/uploads\/2022\/09\/IMG_20220812_175947_PANO-edited-1-scaled.jpg?resize=1536%2C611 1536w, https:\/\/i0.wp.com\/www.spang.ch\/aude\/wp-content\/uploads\/2022\/09\/IMG_20220812_175947_PANO-edited-1-scaled.jpg?resize=2048%2C815 2048w, https:\/\/i0.wp.com\/www.spang.ch\/aude\/wp-content\/uploads\/2022\/09\/IMG_20220812_175947_PANO-edited-1-scaled.jpg?resize=600%2C239 600w\" sizes=\"(max-width: 1000px) 100vw, 1000px\" data-recalc-dims=\"1\" \/><\/a><figcaption>Une soir\u00e9e sur le toit<\/figcaption><\/figure><\/div>\n\n<div class=\"wp-block-image\">\n<figure class=\"aligncenter size-large\"><a href=\"https:\/\/i0.wp.com\/www.spang.ch\/aude\/wp-content\/uploads\/2022\/08\/IMG_20220812_175826-scaled.jpg\"><img loading=\"lazy\" decoding=\"async\" width=\"1000\" height=\"750\" data-attachment-id=\"1247\" data-permalink=\"http:\/\/www.spang.ch\/aude\/img_20220812_175826\/\" data-orig-file=\"https:\/\/i0.wp.com\/www.spang.ch\/aude\/wp-content\/uploads\/2022\/08\/IMG_20220812_175826-scaled.jpg?fit=2560%2C1920\" data-orig-size=\"2560,1920\" data-comments-opened=\"1\" data-image-meta=\"{&quot;aperture&quot;:&quot;1.7&quot;,&quot;credit&quot;:&quot;&quot;,&quot;camera&quot;:&quot;SM-G930F&quot;,&quot;caption&quot;:&quot;&quot;,&quot;created_timestamp&quot;:&quot;1660327106&quot;,&quot;copyright&quot;:&quot;&quot;,&quot;focal_length&quot;:&quot;4.2&quot;,&quot;iso&quot;:&quot;64&quot;,&quot;shutter_speed&quot;:&quot;0.0044444444444444&quot;,&quot;title&quot;:&quot;&quot;,&quot;orientation&quot;:&quot;1&quot;}\" data-image-title=\"IMG_20220812_175826\" data-image-description=\"\" data-image-caption=\"&lt;p&gt;D\u00e9cor \u00e9pur\u00e9 mais bonne ambiance!&lt;\/p&gt;\n\" data-medium-file=\"https:\/\/i0.wp.com\/www.spang.ch\/aude\/wp-content\/uploads\/2022\/08\/IMG_20220812_175826-scaled.jpg?fit=300%2C225\" data-large-file=\"https:\/\/i0.wp.com\/www.spang.ch\/aude\/wp-content\/uploads\/2022\/08\/IMG_20220812_175826-scaled.jpg?fit=1000%2C750\" tabindex=\"0\" role=\"button\" src=\"https:\/\/i0.wp.com\/www.spang.ch\/aude\/wp-content\/uploads\/2022\/08\/IMG_20220812_175826.jpg?resize=1000%2C750\" alt=\"\" class=\"wp-image-1247\" srcset=\"https:\/\/i0.wp.com\/www.spang.ch\/aude\/wp-content\/uploads\/2022\/08\/IMG_20220812_175826-scaled.jpg?resize=1024%2C768 1024w, https:\/\/i0.wp.com\/www.spang.ch\/aude\/wp-content\/uploads\/2022\/08\/IMG_20220812_175826-scaled.jpg?resize=300%2C225 300w, https:\/\/i0.wp.com\/www.spang.ch\/aude\/wp-content\/uploads\/2022\/08\/IMG_20220812_175826-scaled.jpg?resize=768%2C576 768w, https:\/\/i0.wp.com\/www.spang.ch\/aude\/wp-content\/uploads\/2022\/08\/IMG_20220812_175826-scaled.jpg?resize=1536%2C1152 1536w, https:\/\/i0.wp.com\/www.spang.ch\/aude\/wp-content\/uploads\/2022\/08\/IMG_20220812_175826-scaled.jpg?resize=2048%2C1536 2048w, https:\/\/i0.wp.com\/www.spang.ch\/aude\/wp-content\/uploads\/2022\/08\/IMG_20220812_175826-scaled.jpg?resize=400%2C300 400w\" sizes=\"(max-width: 1000px) 100vw, 1000px\" data-recalc-dims=\"1\" \/><\/a><figcaption>D\u00e9cor \u00e9pur\u00e9 mais bonne ambiance!<\/figcaption><\/figure><\/div>\n\n\n<p>Nous nous sommes ensuite dirig\u00e9-es de l&#8217;autre c\u00f4t\u00e9 du lac, pour un coin plus tranquille o\u00f9 l&#8217;on profiterait mieux de la nature: le village d&#8217;El Remate. L\u00e0, nous avons dormi quelques nuits dans de splendides bungalows au toit de feuilles de cocotiers s\u00e9ch\u00e9es, dans un jardin tropical r\u00e9sonnant au son des grillons. Terrain de p\u00e9tanque, bonne cuisine, plateforme en hauteur dans un arbre et hamacs, tout y \u00e9tait pour un s\u00e9jour de r\u00eave (\u00e0 environ 10.- la nuit, c&#8217;est toujours difficile d&#8217;y croire). Depuis la chambre (cens\u00e9e \u00eatre un dortoir) au deuxi\u00e8me \u00e9tage de notre bungalow, une grande moustiquaire donnant sur le jardin permettait d&#8217;entendre les grillons striduler la nuit et de voir les plantes se balancer au souffle du vent, dans l&#8217;obscurit\u00e9 de la soir\u00e9e. Un autre compagnon auditif de ce s\u00e9jour furent les impressionnants cris des singes hurleurs en fin de journ\u00e9e, toujours une exp\u00e9rience remarquable.<\/p>\n\n\n<div class=\"wp-block-image\">\n<figure class=\"aligncenter size-large\"><a href=\"https:\/\/i0.wp.com\/www.spang.ch\/aude\/wp-content\/uploads\/2022\/08\/IMG-20220814-WA0008.jpg\"><img loading=\"lazy\" decoding=\"async\" width=\"768\" height=\"1024\" data-attachment-id=\"1389\" data-permalink=\"http:\/\/www.spang.ch\/aude\/img-20220814-wa0008\/\" data-orig-file=\"https:\/\/i0.wp.com\/www.spang.ch\/aude\/wp-content\/uploads\/2022\/08\/IMG-20220814-WA0008.jpg?fit=1536%2C2048\" data-orig-size=\"1536,2048\" data-comments-opened=\"1\" data-image-meta=\"{&quot;aperture&quot;:&quot;0&quot;,&quot;credit&quot;:&quot;&quot;,&quot;camera&quot;:&quot;&quot;,&quot;caption&quot;:&quot;&quot;,&quot;created_timestamp&quot;:&quot;0&quot;,&quot;copyright&quot;:&quot;&quot;,&quot;focal_length&quot;:&quot;0&quot;,&quot;iso&quot;:&quot;0&quot;,&quot;shutter_speed&quot;:&quot;0&quot;,&quot;title&quot;:&quot;&quot;,&quot;orientation&quot;:&quot;0&quot;}\" data-image-title=\"IMG-20220814-WA0008\" data-image-description=\"\" data-image-caption=\"&lt;p&gt;Difficile d&#8217;utiliser un autre adjectif que paradisiaque&#8230;&lt;\/p&gt;\n\" data-medium-file=\"https:\/\/i0.wp.com\/www.spang.ch\/aude\/wp-content\/uploads\/2022\/08\/IMG-20220814-WA0008.jpg?fit=225%2C300\" data-large-file=\"https:\/\/i0.wp.com\/www.spang.ch\/aude\/wp-content\/uploads\/2022\/08\/IMG-20220814-WA0008.jpg?fit=768%2C1024\" tabindex=\"0\" role=\"button\" src=\"https:\/\/i0.wp.com\/www.spang.ch\/aude\/wp-content\/uploads\/2022\/08\/IMG-20220814-WA0008.jpg?resize=768%2C1024\" alt=\"\" class=\"wp-image-1389\" srcset=\"https:\/\/i0.wp.com\/www.spang.ch\/aude\/wp-content\/uploads\/2022\/08\/IMG-20220814-WA0008.jpg?resize=768%2C1024 768w, https:\/\/i0.wp.com\/www.spang.ch\/aude\/wp-content\/uploads\/2022\/08\/IMG-20220814-WA0008.jpg?resize=225%2C300 225w, https:\/\/i0.wp.com\/www.spang.ch\/aude\/wp-content\/uploads\/2022\/08\/IMG-20220814-WA0008.jpg?resize=1152%2C1536 1152w, https:\/\/i0.wp.com\/www.spang.ch\/aude\/wp-content\/uploads\/2022\/08\/IMG-20220814-WA0008.jpg?resize=630%2C840 630w, https:\/\/i0.wp.com\/www.spang.ch\/aude\/wp-content\/uploads\/2022\/08\/IMG-20220814-WA0008.jpg?resize=960%2C1280 960w, https:\/\/i0.wp.com\/www.spang.ch\/aude\/wp-content\/uploads\/2022\/08\/IMG-20220814-WA0008.jpg?w=1536 1536w\" sizes=\"(max-width: 768px) 100vw, 768px\" data-recalc-dims=\"1\" \/><\/a><figcaption>Difficile d&#8217;utiliser un autre adjectif que paradisiaque&#8230;<\/figcaption><\/figure><\/div>\n\n<div class=\"wp-block-image\">\n<figure class=\"aligncenter size-large\"><a href=\"https:\/\/i0.wp.com\/www.spang.ch\/aude\/wp-content\/uploads\/2022\/08\/IMG_20220813_162049-scaled.jpg\"><img loading=\"lazy\" decoding=\"async\" width=\"1000\" height=\"750\" data-attachment-id=\"1257\" data-permalink=\"http:\/\/www.spang.ch\/aude\/img_20220813_162049\/\" data-orig-file=\"https:\/\/i0.wp.com\/www.spang.ch\/aude\/wp-content\/uploads\/2022\/08\/IMG_20220813_162049-scaled.jpg?fit=2560%2C1920\" data-orig-size=\"2560,1920\" data-comments-opened=\"1\" data-image-meta=\"{&quot;aperture&quot;:&quot;1.7&quot;,&quot;credit&quot;:&quot;&quot;,&quot;camera&quot;:&quot;SM-G930F&quot;,&quot;caption&quot;:&quot;&quot;,&quot;created_timestamp&quot;:&quot;1660407649&quot;,&quot;copyright&quot;:&quot;&quot;,&quot;focal_length&quot;:&quot;4.2&quot;,&quot;iso&quot;:&quot;64&quot;,&quot;shutter_speed&quot;:&quot;0.0026178010471204&quot;,&quot;title&quot;:&quot;&quot;,&quot;orientation&quot;:&quot;1&quot;}\" data-image-title=\"IMG_20220813_162049\" data-image-description=\"\" data-image-caption=\"\" data-medium-file=\"https:\/\/i0.wp.com\/www.spang.ch\/aude\/wp-content\/uploads\/2022\/08\/IMG_20220813_162049-scaled.jpg?fit=300%2C225\" data-large-file=\"https:\/\/i0.wp.com\/www.spang.ch\/aude\/wp-content\/uploads\/2022\/08\/IMG_20220813_162049-scaled.jpg?fit=1000%2C750\" tabindex=\"0\" role=\"button\" src=\"https:\/\/i0.wp.com\/www.spang.ch\/aude\/wp-content\/uploads\/2022\/08\/IMG_20220813_162049.jpg?resize=1000%2C750\" alt=\"\" class=\"wp-image-1257\" srcset=\"https:\/\/i0.wp.com\/www.spang.ch\/aude\/wp-content\/uploads\/2022\/08\/IMG_20220813_162049-scaled.jpg?resize=1024%2C768 1024w, https:\/\/i0.wp.com\/www.spang.ch\/aude\/wp-content\/uploads\/2022\/08\/IMG_20220813_162049-scaled.jpg?resize=300%2C225 300w, https:\/\/i0.wp.com\/www.spang.ch\/aude\/wp-content\/uploads\/2022\/08\/IMG_20220813_162049-scaled.jpg?resize=768%2C576 768w, https:\/\/i0.wp.com\/www.spang.ch\/aude\/wp-content\/uploads\/2022\/08\/IMG_20220813_162049-scaled.jpg?resize=1536%2C1152 1536w, https:\/\/i0.wp.com\/www.spang.ch\/aude\/wp-content\/uploads\/2022\/08\/IMG_20220813_162049-scaled.jpg?resize=2048%2C1536 2048w, https:\/\/i0.wp.com\/www.spang.ch\/aude\/wp-content\/uploads\/2022\/08\/IMG_20220813_162049-scaled.jpg?resize=400%2C300 400w\" sizes=\"(max-width: 1000px) 100vw, 1000px\" data-recalc-dims=\"1\" \/><\/a><figcaption>Notre &#8220;auberge de jeunesse&#8221; \u00e0 El Remate<\/figcaption><\/figure><\/div>\n\n<div class=\"wp-block-image\">\n<figure class=\"aligncenter size-large\"><a href=\"https:\/\/i0.wp.com\/www.spang.ch\/aude\/wp-content\/uploads\/2022\/08\/IMG_20220813_180517-scaled.jpg\"><img loading=\"lazy\" decoding=\"async\" width=\"1000\" height=\"750\" data-attachment-id=\"1266\" data-permalink=\"http:\/\/www.spang.ch\/aude\/img_20220813_180517\/\" data-orig-file=\"https:\/\/i0.wp.com\/www.spang.ch\/aude\/wp-content\/uploads\/2022\/08\/IMG_20220813_180517-scaled.jpg?fit=2560%2C1920\" data-orig-size=\"2560,1920\" data-comments-opened=\"1\" data-image-meta=\"{&quot;aperture&quot;:&quot;1.7&quot;,&quot;credit&quot;:&quot;&quot;,&quot;camera&quot;:&quot;SM-G930F&quot;,&quot;caption&quot;:&quot;&quot;,&quot;created_timestamp&quot;:&quot;1660413917&quot;,&quot;copyright&quot;:&quot;&quot;,&quot;focal_length&quot;:&quot;4.2&quot;,&quot;iso&quot;:&quot;64&quot;,&quot;shutter_speed&quot;:&quot;0.00087336244541485&quot;,&quot;title&quot;:&quot;&quot;,&quot;orientation&quot;:&quot;1&quot;}\" data-image-title=\"IMG_20220813_180517\" data-image-description=\"\" data-image-caption=\"&lt;p&gt;C&#8217;est autre chose que la terrasse en b\u00e9ton de l&#8217;h\u00f4tel \u00e0 Flores!&lt;\/p&gt;\n\" data-medium-file=\"https:\/\/i0.wp.com\/www.spang.ch\/aude\/wp-content\/uploads\/2022\/08\/IMG_20220813_180517-scaled.jpg?fit=300%2C225\" data-large-file=\"https:\/\/i0.wp.com\/www.spang.ch\/aude\/wp-content\/uploads\/2022\/08\/IMG_20220813_180517-scaled.jpg?fit=1000%2C750\" tabindex=\"0\" role=\"button\" src=\"https:\/\/i0.wp.com\/www.spang.ch\/aude\/wp-content\/uploads\/2022\/08\/IMG_20220813_180517.jpg?resize=1000%2C750\" alt=\"\" class=\"wp-image-1266\" srcset=\"https:\/\/i0.wp.com\/www.spang.ch\/aude\/wp-content\/uploads\/2022\/08\/IMG_20220813_180517-scaled.jpg?resize=1024%2C768 1024w, https:\/\/i0.wp.com\/www.spang.ch\/aude\/wp-content\/uploads\/2022\/08\/IMG_20220813_180517-scaled.jpg?resize=300%2C225 300w, https:\/\/i0.wp.com\/www.spang.ch\/aude\/wp-content\/uploads\/2022\/08\/IMG_20220813_180517-scaled.jpg?resize=768%2C576 768w, https:\/\/i0.wp.com\/www.spang.ch\/aude\/wp-content\/uploads\/2022\/08\/IMG_20220813_180517-scaled.jpg?resize=1536%2C1152 1536w, https:\/\/i0.wp.com\/www.spang.ch\/aude\/wp-content\/uploads\/2022\/08\/IMG_20220813_180517-scaled.jpg?resize=2048%2C1536 2048w, https:\/\/i0.wp.com\/www.spang.ch\/aude\/wp-content\/uploads\/2022\/08\/IMG_20220813_180517-scaled.jpg?resize=400%2C300 400w\" sizes=\"(max-width: 1000px) 100vw, 1000px\" data-recalc-dims=\"1\" \/><\/a><figcaption>C&#8217;est autre chose que la terrasse en b\u00e9ton de l&#8217;h\u00f4tel \u00e0 Flores!<\/figcaption><\/figure><\/div>\n\n\n<p>Avec la chaleur, nous avons aussi ralenti le rythme et profit\u00e9 de ces lieux enchanteurs, notamment de la jet\u00e9e color\u00e9e orn\u00e9e d&#8217;une hutte, permettant de plonger directement dans le lac. L&#8217;eau chaude comme un bain; je ne pense pas m&#8217;\u00eatre d\u00e9j\u00e0 baign\u00e9e dans de l&#8217;eau aussi chaude dans la nature, hors eau thermale. Felice a ouvert une noix de coco afin que nous en d\u00e9gustions l&#8217;eau et la pulpe&#8230; Miam! Entre \u00e7a et les excellents litchis fra\u00eechement cueillis de l&#8217;arbre, les jus de past\u00e8que frais ou les petits desserts de l&#8217;h\u00f4tel, on s&#8217;est r\u00e9gal\u00e9-es.<\/p>\n\n\n<div class=\"wp-block-image\">\n<figure class=\"aligncenter size-large\"><a href=\"https:\/\/i0.wp.com\/www.spang.ch\/aude\/wp-content\/uploads\/2022\/08\/IMG_20220813_162722-scaled.jpg\"><img loading=\"lazy\" decoding=\"async\" width=\"768\" height=\"1024\" data-attachment-id=\"1260\" data-permalink=\"http:\/\/www.spang.ch\/aude\/img_20220813_162722\/\" data-orig-file=\"https:\/\/i0.wp.com\/www.spang.ch\/aude\/wp-content\/uploads\/2022\/08\/IMG_20220813_162722-scaled.jpg?fit=1920%2C2560\" data-orig-size=\"1920,2560\" data-comments-opened=\"1\" data-image-meta=\"{&quot;aperture&quot;:&quot;1.7&quot;,&quot;credit&quot;:&quot;&quot;,&quot;camera&quot;:&quot;SM-G930F&quot;,&quot;caption&quot;:&quot;&quot;,&quot;created_timestamp&quot;:&quot;1660408042&quot;,&quot;copyright&quot;:&quot;&quot;,&quot;focal_length&quot;:&quot;4.2&quot;,&quot;iso&quot;:&quot;64&quot;,&quot;shutter_speed&quot;:&quot;0.00086880973066898&quot;,&quot;title&quot;:&quot;&quot;,&quot;orientation&quot;:&quot;1&quot;}\" data-image-title=\"IMG_20220813_162722\" data-image-description=\"\" data-image-caption=\"&lt;p&gt;Calme de fin d&#8217;apr\u00e8s-midi&lt;\/p&gt;\n\" data-medium-file=\"https:\/\/i0.wp.com\/www.spang.ch\/aude\/wp-content\/uploads\/2022\/08\/IMG_20220813_162722-scaled.jpg?fit=225%2C300\" data-large-file=\"https:\/\/i0.wp.com\/www.spang.ch\/aude\/wp-content\/uploads\/2022\/08\/IMG_20220813_162722-scaled.jpg?fit=768%2C1024\" tabindex=\"0\" role=\"button\" src=\"https:\/\/i0.wp.com\/www.spang.ch\/aude\/wp-content\/uploads\/2022\/08\/IMG_20220813_162722.jpg?resize=768%2C1024\" alt=\"\" class=\"wp-image-1260\" srcset=\"https:\/\/i0.wp.com\/www.spang.ch\/aude\/wp-content\/uploads\/2022\/08\/IMG_20220813_162722-scaled.jpg?resize=768%2C1024 768w, https:\/\/i0.wp.com\/www.spang.ch\/aude\/wp-content\/uploads\/2022\/08\/IMG_20220813_162722-scaled.jpg?resize=225%2C300 225w, https:\/\/i0.wp.com\/www.spang.ch\/aude\/wp-content\/uploads\/2022\/08\/IMG_20220813_162722-scaled.jpg?resize=1152%2C1536 1152w, https:\/\/i0.wp.com\/www.spang.ch\/aude\/wp-content\/uploads\/2022\/08\/IMG_20220813_162722-scaled.jpg?resize=1536%2C2048 1536w, https:\/\/i0.wp.com\/www.spang.ch\/aude\/wp-content\/uploads\/2022\/08\/IMG_20220813_162722-scaled.jpg?resize=630%2C840 630w, https:\/\/i0.wp.com\/www.spang.ch\/aude\/wp-content\/uploads\/2022\/08\/IMG_20220813_162722-scaled.jpg?resize=960%2C1280 960w, https:\/\/i0.wp.com\/www.spang.ch\/aude\/wp-content\/uploads\/2022\/08\/IMG_20220813_162722-scaled.jpg?w=1920 1920w\" sizes=\"(max-width: 768px) 100vw, 768px\" data-recalc-dims=\"1\" \/><\/a><figcaption>Calme de fin d&#8217;apr\u00e8s-midi<\/figcaption><\/figure><\/div>\n\n<div class=\"wp-block-image\">\n<figure class=\"aligncenter size-large\"><a href=\"https:\/\/i0.wp.com\/www.spang.ch\/aude\/wp-content\/uploads\/2022\/08\/IMG_20220813_161336-scaled.jpg\"><img loading=\"lazy\" decoding=\"async\" width=\"768\" height=\"1024\" data-attachment-id=\"1256\" data-permalink=\"http:\/\/www.spang.ch\/aude\/img_20220813_161336\/\" data-orig-file=\"https:\/\/i0.wp.com\/www.spang.ch\/aude\/wp-content\/uploads\/2022\/08\/IMG_20220813_161336-scaled.jpg?fit=1920%2C2560\" data-orig-size=\"1920,2560\" data-comments-opened=\"1\" data-image-meta=\"{&quot;aperture&quot;:&quot;1.7&quot;,&quot;credit&quot;:&quot;&quot;,&quot;camera&quot;:&quot;SM-G930F&quot;,&quot;caption&quot;:&quot;&quot;,&quot;created_timestamp&quot;:&quot;1660407216&quot;,&quot;copyright&quot;:&quot;&quot;,&quot;focal_length&quot;:&quot;4.2&quot;,&quot;iso&quot;:&quot;64&quot;,&quot;shutter_speed&quot;:&quot;0.02&quot;,&quot;title&quot;:&quot;&quot;,&quot;orientation&quot;:&quot;1&quot;}\" data-image-title=\"IMG_20220813_161336\" data-image-description=\"\" data-image-caption=\"&lt;p&gt;Mon lit au bord de la fen\u00eatre&lt;\/p&gt;\n\" data-medium-file=\"https:\/\/i0.wp.com\/www.spang.ch\/aude\/wp-content\/uploads\/2022\/08\/IMG_20220813_161336-scaled.jpg?fit=225%2C300\" data-large-file=\"https:\/\/i0.wp.com\/www.spang.ch\/aude\/wp-content\/uploads\/2022\/08\/IMG_20220813_161336-scaled.jpg?fit=768%2C1024\" tabindex=\"0\" role=\"button\" src=\"https:\/\/i0.wp.com\/www.spang.ch\/aude\/wp-content\/uploads\/2022\/08\/IMG_20220813_161336.jpg?resize=768%2C1024\" alt=\"\" class=\"wp-image-1256\" srcset=\"https:\/\/i0.wp.com\/www.spang.ch\/aude\/wp-content\/uploads\/2022\/08\/IMG_20220813_161336-scaled.jpg?resize=768%2C1024 768w, https:\/\/i0.wp.com\/www.spang.ch\/aude\/wp-content\/uploads\/2022\/08\/IMG_20220813_161336-scaled.jpg?resize=225%2C300 225w, https:\/\/i0.wp.com\/www.spang.ch\/aude\/wp-content\/uploads\/2022\/08\/IMG_20220813_161336-scaled.jpg?resize=1152%2C1536 1152w, https:\/\/i0.wp.com\/www.spang.ch\/aude\/wp-content\/uploads\/2022\/08\/IMG_20220813_161336-scaled.jpg?resize=1536%2C2048 1536w, https:\/\/i0.wp.com\/www.spang.ch\/aude\/wp-content\/uploads\/2022\/08\/IMG_20220813_161336-scaled.jpg?resize=630%2C840 630w, https:\/\/i0.wp.com\/www.spang.ch\/aude\/wp-content\/uploads\/2022\/08\/IMG_20220813_161336-scaled.jpg?resize=960%2C1280 960w, https:\/\/i0.wp.com\/www.spang.ch\/aude\/wp-content\/uploads\/2022\/08\/IMG_20220813_161336-scaled.jpg?w=1920 1920w\" sizes=\"(max-width: 768px) 100vw, 768px\" data-recalc-dims=\"1\" \/><\/a><figcaption>Mon lit au bord de la fen\u00eatre, avec vue sur le jardin<\/figcaption><\/figure><\/div>\n\n\n<p>Puis, nous avons pris la route vers Tikal, l&#8217;ancien site maya, le plus fameux du Guatemala et l&#8217;un des tr\u00e8s beaux sites en g\u00e9n\u00e9ral. Pour des raisons financi\u00e8res, nous avons d\u00e9cid\u00e9 de ne pas payer l&#8217;entr\u00e9e &#8220;lever de soleil&#8221; ni de prendre de guide (exorbitants par rapport aux prix dans le pays). Nous nous sommes ainsi balad\u00e9-es librement \u00e0 travers le site, pendant plusieurs heures. Giorgia avait r\u00e9cup\u00e9r\u00e9 des descriptions en ligne et pouvait ainsi nous expliquer ce que nous voyions. J&#8217;avoue avoir de la peine \u00e0 me projeter et imaginer les ruines &#8220;habitables&#8221;. N\u00e9anmoins, c&#8217;est tr\u00e8s particulier et impressionnant, touchant de voir ces antiques monuments en pleine jungle. Et magnifique aussi, bien entendu. <\/p>\n\n\n<div class=\"wp-block-image\">\n<figure class=\"aligncenter size-large\"><a href=\"https:\/\/i0.wp.com\/www.spang.ch\/aude\/wp-content\/uploads\/2022\/08\/IMG_20220814_083312-scaled.jpg\"><img loading=\"lazy\" decoding=\"async\" width=\"1000\" height=\"750\" data-attachment-id=\"1278\" data-permalink=\"http:\/\/www.spang.ch\/aude\/img_20220814_083312\/\" data-orig-file=\"https:\/\/i0.wp.com\/www.spang.ch\/aude\/wp-content\/uploads\/2022\/08\/IMG_20220814_083312-scaled.jpg?fit=2560%2C1920\" data-orig-size=\"2560,1920\" data-comments-opened=\"1\" data-image-meta=\"{&quot;aperture&quot;:&quot;1.7&quot;,&quot;credit&quot;:&quot;&quot;,&quot;camera&quot;:&quot;SM-G930F&quot;,&quot;caption&quot;:&quot;&quot;,&quot;created_timestamp&quot;:&quot;1660465992&quot;,&quot;copyright&quot;:&quot;&quot;,&quot;focal_length&quot;:&quot;4.2&quot;,&quot;iso&quot;:&quot;64&quot;,&quot;shutter_speed&quot;:&quot;0.00075018754688672&quot;,&quot;title&quot;:&quot;&quot;,&quot;orientation&quot;:&quot;1&quot;}\" data-image-title=\"IMG_20220814_083312\" data-image-description=\"\" data-image-caption=\"\" data-medium-file=\"https:\/\/i0.wp.com\/www.spang.ch\/aude\/wp-content\/uploads\/2022\/08\/IMG_20220814_083312-scaled.jpg?fit=300%2C225\" data-large-file=\"https:\/\/i0.wp.com\/www.spang.ch\/aude\/wp-content\/uploads\/2022\/08\/IMG_20220814_083312-scaled.jpg?fit=1000%2C750\" tabindex=\"0\" role=\"button\" src=\"https:\/\/i0.wp.com\/www.spang.ch\/aude\/wp-content\/uploads\/2022\/08\/IMG_20220814_083312.jpg?resize=1000%2C750\" alt=\"\" class=\"wp-image-1278\" srcset=\"https:\/\/i0.wp.com\/www.spang.ch\/aude\/wp-content\/uploads\/2022\/08\/IMG_20220814_083312-scaled.jpg?resize=1024%2C768 1024w, https:\/\/i0.wp.com\/www.spang.ch\/aude\/wp-content\/uploads\/2022\/08\/IMG_20220814_083312-scaled.jpg?resize=300%2C225 300w, https:\/\/i0.wp.com\/www.spang.ch\/aude\/wp-content\/uploads\/2022\/08\/IMG_20220814_083312-scaled.jpg?resize=768%2C576 768w, https:\/\/i0.wp.com\/www.spang.ch\/aude\/wp-content\/uploads\/2022\/08\/IMG_20220814_083312-scaled.jpg?resize=1536%2C1152 1536w, https:\/\/i0.wp.com\/www.spang.ch\/aude\/wp-content\/uploads\/2022\/08\/IMG_20220814_083312-scaled.jpg?resize=2048%2C1536 2048w, https:\/\/i0.wp.com\/www.spang.ch\/aude\/wp-content\/uploads\/2022\/08\/IMG_20220814_083312-scaled.jpg?resize=400%2C300 400w\" sizes=\"(max-width: 1000px) 100vw, 1000px\" data-recalc-dims=\"1\" \/><\/a><figcaption>Tikal<\/figcaption><\/figure><\/div>\n\n<div class=\"wp-block-image\">\n<figure class=\"aligncenter size-large\"><a href=\"https:\/\/i0.wp.com\/www.spang.ch\/aude\/wp-content\/uploads\/2022\/08\/IMG_20220814_085819-scaled.jpg\"><img loading=\"lazy\" decoding=\"async\" width=\"768\" height=\"1024\" data-attachment-id=\"1283\" data-permalink=\"http:\/\/www.spang.ch\/aude\/img_20220814_085819\/\" data-orig-file=\"https:\/\/i0.wp.com\/www.spang.ch\/aude\/wp-content\/uploads\/2022\/08\/IMG_20220814_085819-scaled.jpg?fit=1920%2C2560\" data-orig-size=\"1920,2560\" data-comments-opened=\"1\" data-image-meta=\"{&quot;aperture&quot;:&quot;1.7&quot;,&quot;credit&quot;:&quot;&quot;,&quot;camera&quot;:&quot;SM-G930F&quot;,&quot;caption&quot;:&quot;&quot;,&quot;created_timestamp&quot;:&quot;1660467499&quot;,&quot;copyright&quot;:&quot;&quot;,&quot;focal_length&quot;:&quot;4.2&quot;,&quot;iso&quot;:&quot;64&quot;,&quot;shutter_speed&quot;:&quot;0.0012062726176116&quot;,&quot;title&quot;:&quot;&quot;,&quot;orientation&quot;:&quot;1&quot;}\" data-image-title=\"IMG_20220814_085819\" data-image-description=\"\" data-image-caption=\"&lt;p&gt;Tikal&lt;\/p&gt;\n\" data-medium-file=\"https:\/\/i0.wp.com\/www.spang.ch\/aude\/wp-content\/uploads\/2022\/08\/IMG_20220814_085819-scaled.jpg?fit=225%2C300\" data-large-file=\"https:\/\/i0.wp.com\/www.spang.ch\/aude\/wp-content\/uploads\/2022\/08\/IMG_20220814_085819-scaled.jpg?fit=768%2C1024\" tabindex=\"0\" role=\"button\" src=\"https:\/\/i0.wp.com\/www.spang.ch\/aude\/wp-content\/uploads\/2022\/08\/IMG_20220814_085819.jpg?resize=768%2C1024\" alt=\"\" class=\"wp-image-1283\" srcset=\"https:\/\/i0.wp.com\/www.spang.ch\/aude\/wp-content\/uploads\/2022\/08\/IMG_20220814_085819-scaled.jpg?resize=768%2C1024 768w, https:\/\/i0.wp.com\/www.spang.ch\/aude\/wp-content\/uploads\/2022\/08\/IMG_20220814_085819-scaled.jpg?resize=225%2C300 225w, https:\/\/i0.wp.com\/www.spang.ch\/aude\/wp-content\/uploads\/2022\/08\/IMG_20220814_085819-scaled.jpg?resize=1152%2C1536 1152w, https:\/\/i0.wp.com\/www.spang.ch\/aude\/wp-content\/uploads\/2022\/08\/IMG_20220814_085819-scaled.jpg?resize=1536%2C2048 1536w, https:\/\/i0.wp.com\/www.spang.ch\/aude\/wp-content\/uploads\/2022\/08\/IMG_20220814_085819-scaled.jpg?resize=630%2C840 630w, https:\/\/i0.wp.com\/www.spang.ch\/aude\/wp-content\/uploads\/2022\/08\/IMG_20220814_085819-scaled.jpg?resize=960%2C1280 960w, https:\/\/i0.wp.com\/www.spang.ch\/aude\/wp-content\/uploads\/2022\/08\/IMG_20220814_085819-scaled.jpg?w=1920 1920w\" sizes=\"(max-width: 768px) 100vw, 768px\" data-recalc-dims=\"1\" \/><\/a><figcaption>Tikal<\/figcaption><\/figure><\/div>\n\n<div class=\"wp-block-image\">\n<figure class=\"aligncenter size-large\"><a href=\"https:\/\/i0.wp.com\/www.spang.ch\/aude\/wp-content\/uploads\/2022\/08\/IMG_20220814_080708-scaled.jpg\"><img loading=\"lazy\" decoding=\"async\" width=\"1000\" height=\"750\" data-attachment-id=\"1269\" data-permalink=\"http:\/\/www.spang.ch\/aude\/img_20220814_080708\/\" data-orig-file=\"https:\/\/i0.wp.com\/www.spang.ch\/aude\/wp-content\/uploads\/2022\/08\/IMG_20220814_080708-scaled.jpg?fit=2560%2C1920\" data-orig-size=\"2560,1920\" data-comments-opened=\"1\" data-image-meta=\"{&quot;aperture&quot;:&quot;1.7&quot;,&quot;credit&quot;:&quot;&quot;,&quot;camera&quot;:&quot;SM-G930F&quot;,&quot;caption&quot;:&quot;&quot;,&quot;created_timestamp&quot;:&quot;1660464428&quot;,&quot;copyright&quot;:&quot;&quot;,&quot;focal_length&quot;:&quot;4.2&quot;,&quot;iso&quot;:&quot;64&quot;,&quot;shutter_speed&quot;:&quot;0.00069881201956674&quot;,&quot;title&quot;:&quot;&quot;,&quot;orientation&quot;:&quot;1&quot;}\" data-image-title=\"IMG_20220814_080708\" data-image-description=\"\" data-image-caption=\"&lt;p&gt;Tikal&lt;\/p&gt;\n\" data-medium-file=\"https:\/\/i0.wp.com\/www.spang.ch\/aude\/wp-content\/uploads\/2022\/08\/IMG_20220814_080708-scaled.jpg?fit=300%2C225\" data-large-file=\"https:\/\/i0.wp.com\/www.spang.ch\/aude\/wp-content\/uploads\/2022\/08\/IMG_20220814_080708-scaled.jpg?fit=1000%2C750\" tabindex=\"0\" role=\"button\" src=\"https:\/\/i0.wp.com\/www.spang.ch\/aude\/wp-content\/uploads\/2022\/08\/IMG_20220814_080708.jpg?resize=1000%2C750\" alt=\"\" class=\"wp-image-1269\" srcset=\"https:\/\/i0.wp.com\/www.spang.ch\/aude\/wp-content\/uploads\/2022\/08\/IMG_20220814_080708-scaled.jpg?resize=1024%2C768 1024w, https:\/\/i0.wp.com\/www.spang.ch\/aude\/wp-content\/uploads\/2022\/08\/IMG_20220814_080708-scaled.jpg?resize=300%2C225 300w, https:\/\/i0.wp.com\/www.spang.ch\/aude\/wp-content\/uploads\/2022\/08\/IMG_20220814_080708-scaled.jpg?resize=768%2C576 768w, https:\/\/i0.wp.com\/www.spang.ch\/aude\/wp-content\/uploads\/2022\/08\/IMG_20220814_080708-scaled.jpg?resize=1536%2C1152 1536w, https:\/\/i0.wp.com\/www.spang.ch\/aude\/wp-content\/uploads\/2022\/08\/IMG_20220814_080708-scaled.jpg?resize=2048%2C1536 2048w, https:\/\/i0.wp.com\/www.spang.ch\/aude\/wp-content\/uploads\/2022\/08\/IMG_20220814_080708-scaled.jpg?resize=400%2C300 400w\" sizes=\"(max-width: 1000px) 100vw, 1000px\" data-recalc-dims=\"1\" \/><\/a><figcaption>Tikal<\/figcaption><\/figure><\/div>\n\n\n<p>La partie marrante est le moment o\u00f9 on arrive vers l&#8217;entr\u00e9e du parc et qu&#8217;on doit passer&#8230; \u00e0 la banque pour acheter son billet. Quelques kilom\u00e8tres en voiture plus loin, on \u00e9change son billet contre un bracelet et on peut entrer sur le site. Pourquoi passer par la banque d&#8217;abord? J&#8217;ai demand\u00e9, et la r\u00e9ponse est que c&#8217;\u00e9tait la seule mani\u00e8re d&#8217;\u00e9viter que les employ\u00e9-es du parc soient corrompu-es&#8230; ! Soit.<\/p>\n\n\n<div class=\"wp-block-image\">\n<figure class=\"aligncenter size-large\"><a href=\"https:\/\/i0.wp.com\/www.spang.ch\/aude\/wp-content\/uploads\/2022\/08\/IMG_20220814_082617-scaled.jpg\"><img loading=\"lazy\" decoding=\"async\" width=\"1000\" height=\"750\" data-attachment-id=\"1274\" data-permalink=\"http:\/\/www.spang.ch\/aude\/img_20220814_082617\/\" data-orig-file=\"https:\/\/i0.wp.com\/www.spang.ch\/aude\/wp-content\/uploads\/2022\/08\/IMG_20220814_082617-scaled.jpg?fit=2560%2C1920\" data-orig-size=\"2560,1920\" data-comments-opened=\"1\" data-image-meta=\"{&quot;aperture&quot;:&quot;1.7&quot;,&quot;credit&quot;:&quot;&quot;,&quot;camera&quot;:&quot;SM-G930F&quot;,&quot;caption&quot;:&quot;&quot;,&quot;created_timestamp&quot;:&quot;1660465576&quot;,&quot;copyright&quot;:&quot;&quot;,&quot;focal_length&quot;:&quot;4.2&quot;,&quot;iso&quot;:&quot;64&quot;,&quot;shutter_speed&quot;:&quot;0.0045454545454545&quot;,&quot;title&quot;:&quot;&quot;,&quot;orientation&quot;:&quot;1&quot;}\" data-image-title=\"IMG_20220814_082617\" data-image-description=\"\" data-image-caption=\"&lt;p&gt;Tikal&lt;\/p&gt;\n\" data-medium-file=\"https:\/\/i0.wp.com\/www.spang.ch\/aude\/wp-content\/uploads\/2022\/08\/IMG_20220814_082617-scaled.jpg?fit=300%2C225\" data-large-file=\"https:\/\/i0.wp.com\/www.spang.ch\/aude\/wp-content\/uploads\/2022\/08\/IMG_20220814_082617-scaled.jpg?fit=1000%2C750\" tabindex=\"0\" role=\"button\" src=\"https:\/\/i0.wp.com\/www.spang.ch\/aude\/wp-content\/uploads\/2022\/08\/IMG_20220814_082617.jpg?resize=1000%2C750\" alt=\"\" class=\"wp-image-1274\" srcset=\"https:\/\/i0.wp.com\/www.spang.ch\/aude\/wp-content\/uploads\/2022\/08\/IMG_20220814_082617-scaled.jpg?resize=1024%2C768 1024w, https:\/\/i0.wp.com\/www.spang.ch\/aude\/wp-content\/uploads\/2022\/08\/IMG_20220814_082617-scaled.jpg?resize=300%2C225 300w, https:\/\/i0.wp.com\/www.spang.ch\/aude\/wp-content\/uploads\/2022\/08\/IMG_20220814_082617-scaled.jpg?resize=768%2C576 768w, https:\/\/i0.wp.com\/www.spang.ch\/aude\/wp-content\/uploads\/2022\/08\/IMG_20220814_082617-scaled.jpg?resize=1536%2C1152 1536w, https:\/\/i0.wp.com\/www.spang.ch\/aude\/wp-content\/uploads\/2022\/08\/IMG_20220814_082617-scaled.jpg?resize=2048%2C1536 2048w, https:\/\/i0.wp.com\/www.spang.ch\/aude\/wp-content\/uploads\/2022\/08\/IMG_20220814_082617-scaled.jpg?resize=400%2C300 400w\" sizes=\"(max-width: 1000px) 100vw, 1000px\" data-recalc-dims=\"1\" \/><\/a><figcaption>Tikal<\/figcaption><\/figure><\/div>\n\n<div class=\"wp-block-image\">\n<figure class=\"aligncenter size-large\"><a href=\"https:\/\/i0.wp.com\/www.spang.ch\/aude\/wp-content\/uploads\/2022\/08\/IMG-20220814-WA0011.jpg\"><img loading=\"lazy\" decoding=\"async\" width=\"768\" height=\"1024\" data-attachment-id=\"1391\" data-permalink=\"http:\/\/www.spang.ch\/aude\/img-20220814-wa0011\/\" data-orig-file=\"https:\/\/i0.wp.com\/www.spang.ch\/aude\/wp-content\/uploads\/2022\/08\/IMG-20220814-WA0011.jpg?fit=1536%2C2048\" data-orig-size=\"1536,2048\" data-comments-opened=\"1\" data-image-meta=\"{&quot;aperture&quot;:&quot;0&quot;,&quot;credit&quot;:&quot;&quot;,&quot;camera&quot;:&quot;&quot;,&quot;caption&quot;:&quot;&quot;,&quot;created_timestamp&quot;:&quot;0&quot;,&quot;copyright&quot;:&quot;&quot;,&quot;focal_length&quot;:&quot;0&quot;,&quot;iso&quot;:&quot;0&quot;,&quot;shutter_speed&quot;:&quot;0&quot;,&quot;title&quot;:&quot;&quot;,&quot;orientation&quot;:&quot;0&quot;}\" data-image-title=\"IMG-20220814-WA0011\" data-image-description=\"\" data-image-caption=\"\" data-medium-file=\"https:\/\/i0.wp.com\/www.spang.ch\/aude\/wp-content\/uploads\/2022\/08\/IMG-20220814-WA0011.jpg?fit=225%2C300\" data-large-file=\"https:\/\/i0.wp.com\/www.spang.ch\/aude\/wp-content\/uploads\/2022\/08\/IMG-20220814-WA0011.jpg?fit=768%2C1024\" tabindex=\"0\" role=\"button\" src=\"https:\/\/i0.wp.com\/www.spang.ch\/aude\/wp-content\/uploads\/2022\/08\/IMG-20220814-WA0011.jpg?resize=768%2C1024\" alt=\"\" class=\"wp-image-1391\" srcset=\"https:\/\/i0.wp.com\/www.spang.ch\/aude\/wp-content\/uploads\/2022\/08\/IMG-20220814-WA0011.jpg?resize=768%2C1024 768w, https:\/\/i0.wp.com\/www.spang.ch\/aude\/wp-content\/uploads\/2022\/08\/IMG-20220814-WA0011.jpg?resize=225%2C300 225w, https:\/\/i0.wp.com\/www.spang.ch\/aude\/wp-content\/uploads\/2022\/08\/IMG-20220814-WA0011.jpg?resize=1152%2C1536 1152w, https:\/\/i0.wp.com\/www.spang.ch\/aude\/wp-content\/uploads\/2022\/08\/IMG-20220814-WA0011.jpg?resize=630%2C840 630w, https:\/\/i0.wp.com\/www.spang.ch\/aude\/wp-content\/uploads\/2022\/08\/IMG-20220814-WA0011.jpg?resize=960%2C1280 960w, https:\/\/i0.wp.com\/www.spang.ch\/aude\/wp-content\/uploads\/2022\/08\/IMG-20220814-WA0011.jpg?w=1536 1536w\" sizes=\"(max-width: 768px) 100vw, 768px\" data-recalc-dims=\"1\" \/><\/a><figcaption>Tikal<\/figcaption><\/figure><\/div>\n\n<div class=\"wp-block-image\">\n<figure class=\"aligncenter size-large\"><a href=\"https:\/\/i0.wp.com\/www.spang.ch\/aude\/wp-content\/uploads\/2022\/08\/IMG_20220814_094557-scaled.jpg\"><img loading=\"lazy\" decoding=\"async\" width=\"1000\" height=\"750\" data-attachment-id=\"1290\" data-permalink=\"http:\/\/www.spang.ch\/aude\/img_20220814_094557\/\" data-orig-file=\"https:\/\/i0.wp.com\/www.spang.ch\/aude\/wp-content\/uploads\/2022\/08\/IMG_20220814_094557-scaled.jpg?fit=2560%2C1920\" data-orig-size=\"2560,1920\" data-comments-opened=\"1\" data-image-meta=\"{&quot;aperture&quot;:&quot;1.7&quot;,&quot;credit&quot;:&quot;&quot;,&quot;camera&quot;:&quot;SM-G930F&quot;,&quot;caption&quot;:&quot;&quot;,&quot;created_timestamp&quot;:&quot;1660470357&quot;,&quot;copyright&quot;:&quot;&quot;,&quot;focal_length&quot;:&quot;4.2&quot;,&quot;iso&quot;:&quot;64&quot;,&quot;shutter_speed&quot;:&quot;0.0003559985760057&quot;,&quot;title&quot;:&quot;&quot;,&quot;orientation&quot;:&quot;1&quot;}\" data-image-title=\"IMG_20220814_094557\" data-image-description=\"\" data-image-caption=\"&lt;p&gt;Tikal&lt;\/p&gt;\n\" data-medium-file=\"https:\/\/i0.wp.com\/www.spang.ch\/aude\/wp-content\/uploads\/2022\/08\/IMG_20220814_094557-scaled.jpg?fit=300%2C225\" data-large-file=\"https:\/\/i0.wp.com\/www.spang.ch\/aude\/wp-content\/uploads\/2022\/08\/IMG_20220814_094557-scaled.jpg?fit=1000%2C750\" tabindex=\"0\" role=\"button\" src=\"https:\/\/i0.wp.com\/www.spang.ch\/aude\/wp-content\/uploads\/2022\/08\/IMG_20220814_094557.jpg?resize=1000%2C750\" alt=\"\" class=\"wp-image-1290\" srcset=\"https:\/\/i0.wp.com\/www.spang.ch\/aude\/wp-content\/uploads\/2022\/08\/IMG_20220814_094557-scaled.jpg?resize=1024%2C768 1024w, https:\/\/i0.wp.com\/www.spang.ch\/aude\/wp-content\/uploads\/2022\/08\/IMG_20220814_094557-scaled.jpg?resize=300%2C225 300w, https:\/\/i0.wp.com\/www.spang.ch\/aude\/wp-content\/uploads\/2022\/08\/IMG_20220814_094557-scaled.jpg?resize=768%2C576 768w, https:\/\/i0.wp.com\/www.spang.ch\/aude\/wp-content\/uploads\/2022\/08\/IMG_20220814_094557-scaled.jpg?resize=1536%2C1152 1536w, https:\/\/i0.wp.com\/www.spang.ch\/aude\/wp-content\/uploads\/2022\/08\/IMG_20220814_094557-scaled.jpg?resize=2048%2C1536 2048w, https:\/\/i0.wp.com\/www.spang.ch\/aude\/wp-content\/uploads\/2022\/08\/IMG_20220814_094557-scaled.jpg?resize=400%2C300 400w\" sizes=\"(max-width: 1000px) 100vw, 1000px\" data-recalc-dims=\"1\" \/><\/a><figcaption>Tikal<\/figcaption><\/figure><\/div>\n\n\n<p>Apr\u00e8s Tikal et une belle derni\u00e8re soir\u00e9e ensemble (\u00e0 jouer une partie de&#8230; p\u00e9tanque), \u00e0 laquelle Ruggero s&#8217;est joint, arriva le moment de se saluer. On s&#8217;est s\u00e9par\u00e9-es sans tristesse mais avec la promesse de se retrouver \u00e0 Turin, sur les montagnes suisses ou ailleurs dans le monde ! Mes ami-es partaient quelques jours plus tard pour le Mexique et Cuba, quant \u00e0 moi j&#8217;avais pour objectif d&#8217;aller faire de la plong\u00e9e dans les Cara\u00efbes pour ma derni\u00e8re semaine de voyage. Je ne pouvais d\u00e9cemment pas r\u00e9sister aux Cara\u00efbes, voyons!<\/p>\n\n\n<div class=\"wp-block-image\">\n<figure class=\"aligncenter size-large\"><a href=\"https:\/\/i0.wp.com\/www.spang.ch\/aude\/wp-content\/uploads\/2022\/08\/IMG_20220814_094508-scaled.jpg\"><img loading=\"lazy\" decoding=\"async\" width=\"1000\" height=\"750\" data-attachment-id=\"1289\" data-permalink=\"http:\/\/www.spang.ch\/aude\/img_20220814_094508\/\" data-orig-file=\"https:\/\/i0.wp.com\/www.spang.ch\/aude\/wp-content\/uploads\/2022\/08\/IMG_20220814_094508-scaled.jpg?fit=2560%2C1920\" data-orig-size=\"2560,1920\" data-comments-opened=\"1\" data-image-meta=\"{&quot;aperture&quot;:&quot;1.7&quot;,&quot;credit&quot;:&quot;&quot;,&quot;camera&quot;:&quot;SM-G930F&quot;,&quot;caption&quot;:&quot;&quot;,&quot;created_timestamp&quot;:&quot;1660470308&quot;,&quot;copyright&quot;:&quot;&quot;,&quot;focal_length&quot;:&quot;4.2&quot;,&quot;iso&quot;:&quot;64&quot;,&quot;shutter_speed&quot;:&quot;0.00058997050147493&quot;,&quot;title&quot;:&quot;&quot;,&quot;orientation&quot;:&quot;1&quot;}\" data-image-title=\"IMG_20220814_094508\" data-image-description=\"\" data-image-caption=\"&lt;p&gt;Bas-relief maya&lt;\/p&gt;\n\" data-medium-file=\"https:\/\/i0.wp.com\/www.spang.ch\/aude\/wp-content\/uploads\/2022\/08\/IMG_20220814_094508-scaled.jpg?fit=300%2C225\" data-large-file=\"https:\/\/i0.wp.com\/www.spang.ch\/aude\/wp-content\/uploads\/2022\/08\/IMG_20220814_094508-scaled.jpg?fit=1000%2C750\" tabindex=\"0\" role=\"button\" src=\"https:\/\/i0.wp.com\/www.spang.ch\/aude\/wp-content\/uploads\/2022\/08\/IMG_20220814_094508.jpg?resize=1000%2C750\" alt=\"\" class=\"wp-image-1289\" srcset=\"https:\/\/i0.wp.com\/www.spang.ch\/aude\/wp-content\/uploads\/2022\/08\/IMG_20220814_094508-scaled.jpg?resize=1024%2C768 1024w, https:\/\/i0.wp.com\/www.spang.ch\/aude\/wp-content\/uploads\/2022\/08\/IMG_20220814_094508-scaled.jpg?resize=300%2C225 300w, https:\/\/i0.wp.com\/www.spang.ch\/aude\/wp-content\/uploads\/2022\/08\/IMG_20220814_094508-scaled.jpg?resize=768%2C576 768w, https:\/\/i0.wp.com\/www.spang.ch\/aude\/wp-content\/uploads\/2022\/08\/IMG_20220814_094508-scaled.jpg?resize=1536%2C1152 1536w, https:\/\/i0.wp.com\/www.spang.ch\/aude\/wp-content\/uploads\/2022\/08\/IMG_20220814_094508-scaled.jpg?resize=2048%2C1536 2048w, https:\/\/i0.wp.com\/www.spang.ch\/aude\/wp-content\/uploads\/2022\/08\/IMG_20220814_094508-scaled.jpg?resize=400%2C300 400w\" sizes=\"(max-width: 1000px) 100vw, 1000px\" data-recalc-dims=\"1\" \/><\/a><figcaption>Bas-relief maya<\/figcaption><\/figure><\/div>\n\n<div class=\"wp-block-image\">\n<figure class=\"aligncenter size-large\"><a href=\"https:\/\/i0.wp.com\/www.spang.ch\/aude\/wp-content\/uploads\/2022\/08\/IMG-20220814-WA0006.jpg\"><img loading=\"lazy\" decoding=\"async\" width=\"768\" height=\"1024\" data-attachment-id=\"1388\" data-permalink=\"http:\/\/www.spang.ch\/aude\/img-20220814-wa0006\/\" data-orig-file=\"https:\/\/i0.wp.com\/www.spang.ch\/aude\/wp-content\/uploads\/2022\/08\/IMG-20220814-WA0006.jpg?fit=1536%2C2048\" data-orig-size=\"1536,2048\" data-comments-opened=\"1\" data-image-meta=\"{&quot;aperture&quot;:&quot;0&quot;,&quot;credit&quot;:&quot;&quot;,&quot;camera&quot;:&quot;&quot;,&quot;caption&quot;:&quot;&quot;,&quot;created_timestamp&quot;:&quot;0&quot;,&quot;copyright&quot;:&quot;&quot;,&quot;focal_length&quot;:&quot;0&quot;,&quot;iso&quot;:&quot;0&quot;,&quot;shutter_speed&quot;:&quot;0&quot;,&quot;title&quot;:&quot;&quot;,&quot;orientation&quot;:&quot;0&quot;}\" data-image-title=\"IMG-20220814-WA0006\" data-image-description=\"\" data-image-caption=\"&lt;p&gt;Coucou c&#8217;est nous&lt;\/p&gt;\n\" data-medium-file=\"https:\/\/i0.wp.com\/www.spang.ch\/aude\/wp-content\/uploads\/2022\/08\/IMG-20220814-WA0006.jpg?fit=225%2C300\" data-large-file=\"https:\/\/i0.wp.com\/www.spang.ch\/aude\/wp-content\/uploads\/2022\/08\/IMG-20220814-WA0006.jpg?fit=768%2C1024\" tabindex=\"0\" role=\"button\" src=\"https:\/\/i0.wp.com\/www.spang.ch\/aude\/wp-content\/uploads\/2022\/08\/IMG-20220814-WA0006.jpg?resize=768%2C1024\" alt=\"\" class=\"wp-image-1388\" srcset=\"https:\/\/i0.wp.com\/www.spang.ch\/aude\/wp-content\/uploads\/2022\/08\/IMG-20220814-WA0006.jpg?resize=768%2C1024 768w, https:\/\/i0.wp.com\/www.spang.ch\/aude\/wp-content\/uploads\/2022\/08\/IMG-20220814-WA0006.jpg?resize=225%2C300 225w, https:\/\/i0.wp.com\/www.spang.ch\/aude\/wp-content\/uploads\/2022\/08\/IMG-20220814-WA0006.jpg?resize=1152%2C1536 1152w, https:\/\/i0.wp.com\/www.spang.ch\/aude\/wp-content\/uploads\/2022\/08\/IMG-20220814-WA0006.jpg?resize=630%2C840 630w, https:\/\/i0.wp.com\/www.spang.ch\/aude\/wp-content\/uploads\/2022\/08\/IMG-20220814-WA0006.jpg?resize=960%2C1280 960w, https:\/\/i0.wp.com\/www.spang.ch\/aude\/wp-content\/uploads\/2022\/08\/IMG-20220814-WA0006.jpg?w=1536 1536w\" sizes=\"(max-width: 768px) 100vw, 768px\" data-recalc-dims=\"1\" \/><\/a><figcaption>Coucou c&#8217;est nous<\/figcaption><\/figure><\/div>\n\n<div class=\"wp-block-image\">\n<figure class=\"aligncenter size-large\"><a href=\"https:\/\/i0.wp.com\/www.spang.ch\/aude\/wp-content\/uploads\/2022\/08\/IMG_20220814_083305-scaled.jpg\"><img loading=\"lazy\" decoding=\"async\" width=\"1000\" height=\"750\" data-attachment-id=\"1277\" data-permalink=\"http:\/\/www.spang.ch\/aude\/img_20220814_083305\/\" data-orig-file=\"https:\/\/i0.wp.com\/www.spang.ch\/aude\/wp-content\/uploads\/2022\/08\/IMG_20220814_083305-scaled.jpg?fit=2560%2C1920\" data-orig-size=\"2560,1920\" data-comments-opened=\"1\" data-image-meta=\"{&quot;aperture&quot;:&quot;1.7&quot;,&quot;credit&quot;:&quot;&quot;,&quot;camera&quot;:&quot;SM-G930F&quot;,&quot;caption&quot;:&quot;&quot;,&quot;created_timestamp&quot;:&quot;1660465985&quot;,&quot;copyright&quot;:&quot;&quot;,&quot;focal_length&quot;:&quot;4.2&quot;,&quot;iso&quot;:&quot;64&quot;,&quot;shutter_speed&quot;:&quot;0.00063291139240506&quot;,&quot;title&quot;:&quot;&quot;,&quot;orientation&quot;:&quot;1&quot;}\" data-image-title=\"IMG_20220814_083305\" data-image-description=\"\" data-image-caption=\"&lt;p&gt;Les ruines qui d\u00e9passent de la jungle&#8230; c&#8217;est pas magnifique?&lt;\/p&gt;\n\" data-medium-file=\"https:\/\/i0.wp.com\/www.spang.ch\/aude\/wp-content\/uploads\/2022\/08\/IMG_20220814_083305-scaled.jpg?fit=300%2C225\" data-large-file=\"https:\/\/i0.wp.com\/www.spang.ch\/aude\/wp-content\/uploads\/2022\/08\/IMG_20220814_083305-scaled.jpg?fit=1000%2C750\" tabindex=\"0\" role=\"button\" src=\"https:\/\/i0.wp.com\/www.spang.ch\/aude\/wp-content\/uploads\/2022\/08\/IMG_20220814_083305.jpg?resize=1000%2C750\" alt=\"\" class=\"wp-image-1277\" srcset=\"https:\/\/i0.wp.com\/www.spang.ch\/aude\/wp-content\/uploads\/2022\/08\/IMG_20220814_083305-scaled.jpg?resize=1024%2C768 1024w, https:\/\/i0.wp.com\/www.spang.ch\/aude\/wp-content\/uploads\/2022\/08\/IMG_20220814_083305-scaled.jpg?resize=300%2C225 300w, https:\/\/i0.wp.com\/www.spang.ch\/aude\/wp-content\/uploads\/2022\/08\/IMG_20220814_083305-scaled.jpg?resize=768%2C576 768w, https:\/\/i0.wp.com\/www.spang.ch\/aude\/wp-content\/uploads\/2022\/08\/IMG_20220814_083305-scaled.jpg?resize=1536%2C1152 1536w, https:\/\/i0.wp.com\/www.spang.ch\/aude\/wp-content\/uploads\/2022\/08\/IMG_20220814_083305-scaled.jpg?resize=2048%2C1536 2048w, https:\/\/i0.wp.com\/www.spang.ch\/aude\/wp-content\/uploads\/2022\/08\/IMG_20220814_083305-scaled.jpg?resize=400%2C300 400w\" sizes=\"(max-width: 1000px) 100vw, 1000px\" data-recalc-dims=\"1\" \/><\/a><figcaption>Les ruines qui d\u00e9passent de la jungle&#8230; c&#8217;est pas magnifique?<\/figcaption><\/figure><\/div>\n\n\n<p>J&#8217;ai donc travers\u00e9 la fronti\u00e8re et me suis retrouv\u00e9e au B\u00e9lize, o\u00f9 les diff\u00e9rences \u00e9taient imm\u00e9diatement marquantes. Le pays est bilingue (\u00e0 vrai dire plus anglophone qu&#8217;hispanophone, et un certain nombre de personnes parlent \u00e9galement cr\u00e9ole, ce qui rend parfois leur accent anglais un peu plus compliqu\u00e9 \u00e0 comprendre), avec de meilleures infrastructures car moins pauvre, et la population est bien plus noire. Disons que l&#8217;ambiance est plus similaire \u00e0 ce qu&#8217;on trouve en Jama\u00efque que dans les Andes. J&#8217;y ai carr\u00e9ment vu un panneau d&#8217;affichage que je n&#8217;ai encore m\u00eame jamais vu en Suisse: &#8220;Belize will not be safe until women are safe! Violence against women is a silent pandemic. Campaign against gender-based violence&#8221; (&#8220;Le B\u00e9lize ne sera pas s\u00fbr tant que les femmes ne seront pas en s\u00e9curit\u00e9! La violence envers les femmes est une pand\u00e9mie silencieuse. Campagne contre la violence de genre&#8221;)&#8230; !!!! Vivement qu&#8217;on se mette \u00e0 la page, chez nous aussi.<\/p>\n\n\n<div class=\"wp-block-image\">\n<figure class=\"aligncenter size-large\"><a href=\"https:\/\/i0.wp.com\/www.spang.ch\/aude\/wp-content\/uploads\/2022\/08\/IMG-20220812-WA0007.jpg\"><img loading=\"lazy\" decoding=\"async\" width=\"768\" height=\"1024\" data-attachment-id=\"1383\" data-permalink=\"http:\/\/www.spang.ch\/aude\/img-20220812-wa0007\/\" data-orig-file=\"https:\/\/i0.wp.com\/www.spang.ch\/aude\/wp-content\/uploads\/2022\/08\/IMG-20220812-WA0007.jpg?fit=1536%2C2048\" data-orig-size=\"1536,2048\" data-comments-opened=\"1\" data-image-meta=\"{&quot;aperture&quot;:&quot;0&quot;,&quot;credit&quot;:&quot;&quot;,&quot;camera&quot;:&quot;&quot;,&quot;caption&quot;:&quot;&quot;,&quot;created_timestamp&quot;:&quot;0&quot;,&quot;copyright&quot;:&quot;&quot;,&quot;focal_length&quot;:&quot;0&quot;,&quot;iso&quot;:&quot;0&quot;,&quot;shutter_speed&quot;:&quot;0&quot;,&quot;title&quot;:&quot;&quot;,&quot;orientation&quot;:&quot;0&quot;}\" data-image-title=\"IMG-20220812-WA0007\" data-image-description=\"\" data-image-caption=\"&lt;p&gt;Le bonheur dans la jungle&lt;\/p&gt;\n\" data-medium-file=\"https:\/\/i0.wp.com\/www.spang.ch\/aude\/wp-content\/uploads\/2022\/08\/IMG-20220812-WA0007.jpg?fit=225%2C300\" data-large-file=\"https:\/\/i0.wp.com\/www.spang.ch\/aude\/wp-content\/uploads\/2022\/08\/IMG-20220812-WA0007.jpg?fit=768%2C1024\" tabindex=\"0\" role=\"button\" src=\"https:\/\/i0.wp.com\/www.spang.ch\/aude\/wp-content\/uploads\/2022\/08\/IMG-20220812-WA0007.jpg?resize=768%2C1024\" alt=\"\" class=\"wp-image-1383\" srcset=\"https:\/\/i0.wp.com\/www.spang.ch\/aude\/wp-content\/uploads\/2022\/08\/IMG-20220812-WA0007.jpg?resize=768%2C1024 768w, https:\/\/i0.wp.com\/www.spang.ch\/aude\/wp-content\/uploads\/2022\/08\/IMG-20220812-WA0007.jpg?resize=225%2C300 225w, https:\/\/i0.wp.com\/www.spang.ch\/aude\/wp-content\/uploads\/2022\/08\/IMG-20220812-WA0007.jpg?resize=1152%2C1536 1152w, https:\/\/i0.wp.com\/www.spang.ch\/aude\/wp-content\/uploads\/2022\/08\/IMG-20220812-WA0007.jpg?resize=630%2C840 630w, https:\/\/i0.wp.com\/www.spang.ch\/aude\/wp-content\/uploads\/2022\/08\/IMG-20220812-WA0007.jpg?resize=960%2C1280 960w, https:\/\/i0.wp.com\/www.spang.ch\/aude\/wp-content\/uploads\/2022\/08\/IMG-20220812-WA0007.jpg?w=1536 1536w\" sizes=\"(max-width: 768px) 100vw, 768px\" data-recalc-dims=\"1\" \/><\/a><figcaption>Le bonheur dans la jungle<\/figcaption><\/figure><\/div>\n\n<div class=\"wp-block-image\">\n<figure class=\"aligncenter size-large\"><a href=\"https:\/\/i0.wp.com\/www.spang.ch\/aude\/wp-content\/uploads\/2022\/08\/IMG_20220815_143002-scaled.jpg\"><img loading=\"lazy\" decoding=\"async\" width=\"1000\" height=\"750\" data-attachment-id=\"1314\" data-permalink=\"http:\/\/www.spang.ch\/aude\/img_20220815_143002\/\" data-orig-file=\"https:\/\/i0.wp.com\/www.spang.ch\/aude\/wp-content\/uploads\/2022\/08\/IMG_20220815_143002-scaled.jpg?fit=2560%2C1920\" data-orig-size=\"2560,1920\" data-comments-opened=\"1\" data-image-meta=\"{&quot;aperture&quot;:&quot;1.7&quot;,&quot;credit&quot;:&quot;&quot;,&quot;camera&quot;:&quot;SM-G930F&quot;,&quot;caption&quot;:&quot;&quot;,&quot;created_timestamp&quot;:&quot;1660573802&quot;,&quot;copyright&quot;:&quot;&quot;,&quot;focal_length&quot;:&quot;4.2&quot;,&quot;iso&quot;:&quot;64&quot;,&quot;shutter_speed&quot;:&quot;0.00043196544276458&quot;,&quot;title&quot;:&quot;&quot;,&quot;orientation&quot;:&quot;1&quot;}\" data-image-title=\"IMG_20220815_143002\" data-image-description=\"\" data-image-caption=\"&lt;p&gt;La magie liquide&lt;\/p&gt;\n\" data-medium-file=\"https:\/\/i0.wp.com\/www.spang.ch\/aude\/wp-content\/uploads\/2022\/08\/IMG_20220815_143002-scaled.jpg?fit=300%2C225\" data-large-file=\"https:\/\/i0.wp.com\/www.spang.ch\/aude\/wp-content\/uploads\/2022\/08\/IMG_20220815_143002-scaled.jpg?fit=1000%2C750\" tabindex=\"0\" role=\"button\" src=\"https:\/\/i0.wp.com\/www.spang.ch\/aude\/wp-content\/uploads\/2022\/08\/IMG_20220815_143002.jpg?resize=1000%2C750\" alt=\"\" class=\"wp-image-1314\" srcset=\"https:\/\/i0.wp.com\/www.spang.ch\/aude\/wp-content\/uploads\/2022\/08\/IMG_20220815_143002-scaled.jpg?resize=1024%2C768 1024w, https:\/\/i0.wp.com\/www.spang.ch\/aude\/wp-content\/uploads\/2022\/08\/IMG_20220815_143002-scaled.jpg?resize=300%2C225 300w, https:\/\/i0.wp.com\/www.spang.ch\/aude\/wp-content\/uploads\/2022\/08\/IMG_20220815_143002-scaled.jpg?resize=768%2C576 768w, https:\/\/i0.wp.com\/www.spang.ch\/aude\/wp-content\/uploads\/2022\/08\/IMG_20220815_143002-scaled.jpg?resize=1536%2C1152 1536w, https:\/\/i0.wp.com\/www.spang.ch\/aude\/wp-content\/uploads\/2022\/08\/IMG_20220815_143002-scaled.jpg?resize=2048%2C1536 2048w, https:\/\/i0.wp.com\/www.spang.ch\/aude\/wp-content\/uploads\/2022\/08\/IMG_20220815_143002-scaled.jpg?resize=400%2C300 400w\" sizes=\"(max-width: 1000px) 100vw, 1000px\" data-recalc-dims=\"1\" \/><\/a><figcaption>La magie liquide en arrivant dans les eaux du B\u00e9lize<\/figcaption><\/figure><\/div>\n\n\n<figure class=\"wp-block-image size-large\"><a href=\"https:\/\/i0.wp.com\/www.spang.ch\/aude\/wp-content\/uploads\/2022\/08\/IMG_20220815_145328-scaled.jpg\"><img loading=\"lazy\" decoding=\"async\" width=\"1000\" height=\"750\" data-attachment-id=\"1318\" data-permalink=\"http:\/\/www.spang.ch\/aude\/img_20220815_145328\/\" data-orig-file=\"https:\/\/i0.wp.com\/www.spang.ch\/aude\/wp-content\/uploads\/2022\/08\/IMG_20220815_145328-scaled.jpg?fit=2560%2C1920\" data-orig-size=\"2560,1920\" data-comments-opened=\"1\" data-image-meta=\"{&quot;aperture&quot;:&quot;1.7&quot;,&quot;credit&quot;:&quot;&quot;,&quot;camera&quot;:&quot;SM-G930F&quot;,&quot;caption&quot;:&quot;&quot;,&quot;created_timestamp&quot;:&quot;1660575208&quot;,&quot;copyright&quot;:&quot;&quot;,&quot;focal_length&quot;:&quot;4.2&quot;,&quot;iso&quot;:&quot;64&quot;,&quot;shutter_speed&quot;:&quot;0.0014619883040936&quot;,&quot;title&quot;:&quot;&quot;,&quot;orientation&quot;:&quot;1&quot;}\" data-image-title=\"IMG_20220815_145328\" data-image-description=\"\" data-image-caption=\"&lt;p&gt;Hello Caye Caulker! Tu pourrais difficilement mieux m&#8217;accueillir&lt;\/p&gt;\n\" data-medium-file=\"https:\/\/i0.wp.com\/www.spang.ch\/aude\/wp-content\/uploads\/2022\/08\/IMG_20220815_145328-scaled.jpg?fit=300%2C225\" data-large-file=\"https:\/\/i0.wp.com\/www.spang.ch\/aude\/wp-content\/uploads\/2022\/08\/IMG_20220815_145328-scaled.jpg?fit=1000%2C750\" tabindex=\"0\" role=\"button\" src=\"https:\/\/i0.wp.com\/www.spang.ch\/aude\/wp-content\/uploads\/2022\/08\/IMG_20220815_145328.jpg?resize=1000%2C750\" alt=\"\" class=\"wp-image-1318\" srcset=\"https:\/\/i0.wp.com\/www.spang.ch\/aude\/wp-content\/uploads\/2022\/08\/IMG_20220815_145328-scaled.jpg?resize=1024%2C768 1024w, https:\/\/i0.wp.com\/www.spang.ch\/aude\/wp-content\/uploads\/2022\/08\/IMG_20220815_145328-scaled.jpg?resize=300%2C225 300w, https:\/\/i0.wp.com\/www.spang.ch\/aude\/wp-content\/uploads\/2022\/08\/IMG_20220815_145328-scaled.jpg?resize=768%2C576 768w, https:\/\/i0.wp.com\/www.spang.ch\/aude\/wp-content\/uploads\/2022\/08\/IMG_20220815_145328-scaled.jpg?resize=1536%2C1152 1536w, https:\/\/i0.wp.com\/www.spang.ch\/aude\/wp-content\/uploads\/2022\/08\/IMG_20220815_145328-scaled.jpg?resize=2048%2C1536 2048w, https:\/\/i0.wp.com\/www.spang.ch\/aude\/wp-content\/uploads\/2022\/08\/IMG_20220815_145328-scaled.jpg?resize=400%2C300 400w\" sizes=\"(max-width: 1000px) 100vw, 1000px\" data-recalc-dims=\"1\" \/><\/a><figcaption>Hello Caye Caulker! Tu pourrais difficilement mieux m&#8217;accueillir<\/figcaption><\/figure>\n\n\n\n<p>J&#8217;ai r\u00e9serv\u00e9 une auberge de jeunesse pour la semaine (des prix bien plus \u00e9lev\u00e9s qu&#8217;au Guatemala!) sur l&#8217;\u00eele de Caye Caulker, connue pour la plong\u00e9e en raison de sa proximit\u00e9 avec l&#8217;une des barri\u00e8res de corail les mieux conserv\u00e9es. Elle ne souffre pas encore du blanchissement d\u00fb au r\u00e9chauffement climatique et \u00e0 la pollution comme ce qu&#8217;on peut observer par exemple en Australie, c&#8217;est donc un privil\u00e8ge de s\u00e9journer l\u00e0-bas. Je m&#8217;\u00e9tais promis en quittant le Guatemala t\u00f4t le matin d&#8217;avoir les pieds dans l&#8217;eau d&#8217;ici au soir, ce fut chose faite&#8230; et m\u00eame avec une surprise: des bisous de raies !<\/p>\n\n\n<div class=\"wp-block-image\">\n<figure class=\"aligncenter size-large\"><a href=\"https:\/\/i0.wp.com\/www.spang.ch\/aude\/wp-content\/uploads\/2022\/08\/IMG_20220815_163239-scaled.jpg\"><img loading=\"lazy\" decoding=\"async\" width=\"768\" height=\"1024\" data-attachment-id=\"1321\" data-permalink=\"http:\/\/www.spang.ch\/aude\/img_20220815_163239\/\" data-orig-file=\"https:\/\/i0.wp.com\/www.spang.ch\/aude\/wp-content\/uploads\/2022\/08\/IMG_20220815_163239-scaled.jpg?fit=1920%2C2560\" data-orig-size=\"1920,2560\" data-comments-opened=\"1\" data-image-meta=\"{&quot;aperture&quot;:&quot;1.7&quot;,&quot;credit&quot;:&quot;&quot;,&quot;camera&quot;:&quot;SM-G930F&quot;,&quot;caption&quot;:&quot;&quot;,&quot;created_timestamp&quot;:&quot;1660581159&quot;,&quot;copyright&quot;:&quot;&quot;,&quot;focal_length&quot;:&quot;4.2&quot;,&quot;iso&quot;:&quot;64&quot;,&quot;shutter_speed&quot;:&quot;0.00058513750731422&quot;,&quot;title&quot;:&quot;&quot;,&quot;orientation&quot;:&quot;1&quot;}\" data-image-title=\"IMG_20220815_163239\" data-image-description=\"\" data-image-caption=\"&lt;p&gt;J&#8217;ai craqu\u00e9 pour elles&lt;\/p&gt;\n\" data-medium-file=\"https:\/\/i0.wp.com\/www.spang.ch\/aude\/wp-content\/uploads\/2022\/08\/IMG_20220815_163239-scaled.jpg?fit=225%2C300\" data-large-file=\"https:\/\/i0.wp.com\/www.spang.ch\/aude\/wp-content\/uploads\/2022\/08\/IMG_20220815_163239-scaled.jpg?fit=768%2C1024\" tabindex=\"0\" role=\"button\" src=\"https:\/\/i0.wp.com\/www.spang.ch\/aude\/wp-content\/uploads\/2022\/08\/IMG_20220815_163239.jpg?resize=768%2C1024\" alt=\"\" class=\"wp-image-1321\" srcset=\"https:\/\/i0.wp.com\/www.spang.ch\/aude\/wp-content\/uploads\/2022\/08\/IMG_20220815_163239-scaled.jpg?resize=768%2C1024 768w, https:\/\/i0.wp.com\/www.spang.ch\/aude\/wp-content\/uploads\/2022\/08\/IMG_20220815_163239-scaled.jpg?resize=225%2C300 225w, https:\/\/i0.wp.com\/www.spang.ch\/aude\/wp-content\/uploads\/2022\/08\/IMG_20220815_163239-scaled.jpg?resize=1152%2C1536 1152w, https:\/\/i0.wp.com\/www.spang.ch\/aude\/wp-content\/uploads\/2022\/08\/IMG_20220815_163239-scaled.jpg?resize=1536%2C2048 1536w, https:\/\/i0.wp.com\/www.spang.ch\/aude\/wp-content\/uploads\/2022\/08\/IMG_20220815_163239-scaled.jpg?resize=630%2C840 630w, https:\/\/i0.wp.com\/www.spang.ch\/aude\/wp-content\/uploads\/2022\/08\/IMG_20220815_163239-scaled.jpg?resize=960%2C1280 960w, https:\/\/i0.wp.com\/www.spang.ch\/aude\/wp-content\/uploads\/2022\/08\/IMG_20220815_163239-scaled.jpg?w=1920 1920w\" sizes=\"(max-width: 768px) 100vw, 768px\" data-recalc-dims=\"1\" \/><\/a><figcaption>J&#8217;ai craqu\u00e9 pour elles<\/figcaption><\/figure><\/div>\n\n<div class=\"wp-block-image\">\n<figure class=\"aligncenter size-large\"><a href=\"https:\/\/i0.wp.com\/www.spang.ch\/aude\/wp-content\/uploads\/2022\/08\/IMG_20220815_165250-scaled.jpg\"><img loading=\"lazy\" decoding=\"async\" width=\"1000\" height=\"750\" data-attachment-id=\"1324\" data-permalink=\"http:\/\/www.spang.ch\/aude\/img_20220815_165250\/\" data-orig-file=\"https:\/\/i0.wp.com\/www.spang.ch\/aude\/wp-content\/uploads\/2022\/08\/IMG_20220815_165250-scaled.jpg?fit=2560%2C1920\" data-orig-size=\"2560,1920\" data-comments-opened=\"1\" data-image-meta=\"{&quot;aperture&quot;:&quot;1.7&quot;,&quot;credit&quot;:&quot;&quot;,&quot;camera&quot;:&quot;SM-G930F&quot;,&quot;caption&quot;:&quot;&quot;,&quot;created_timestamp&quot;:&quot;1660582370&quot;,&quot;copyright&quot;:&quot;&quot;,&quot;focal_length&quot;:&quot;4.2&quot;,&quot;iso&quot;:&quot;64&quot;,&quot;shutter_speed&quot;:&quot;0.00016498927569708&quot;,&quot;title&quot;:&quot;&quot;,&quot;orientation&quot;:&quot;1&quot;}\" data-image-title=\"IMG_20220815_165250\" data-image-description=\"\" data-image-caption=\"&lt;p&gt;Quel plus grand privil\u00e8ge qu&#8217;une fin d&#8217;apr\u00e8s-midi au bord de la mer?&lt;\/p&gt;\n\" data-medium-file=\"https:\/\/i0.wp.com\/www.spang.ch\/aude\/wp-content\/uploads\/2022\/08\/IMG_20220815_165250-scaled.jpg?fit=300%2C225\" data-large-file=\"https:\/\/i0.wp.com\/www.spang.ch\/aude\/wp-content\/uploads\/2022\/08\/IMG_20220815_165250-scaled.jpg?fit=1000%2C750\" tabindex=\"0\" role=\"button\" src=\"https:\/\/i0.wp.com\/www.spang.ch\/aude\/wp-content\/uploads\/2022\/08\/IMG_20220815_165250.jpg?resize=1000%2C750\" alt=\"\" class=\"wp-image-1324\" srcset=\"https:\/\/i0.wp.com\/www.spang.ch\/aude\/wp-content\/uploads\/2022\/08\/IMG_20220815_165250-scaled.jpg?resize=1024%2C768 1024w, https:\/\/i0.wp.com\/www.spang.ch\/aude\/wp-content\/uploads\/2022\/08\/IMG_20220815_165250-scaled.jpg?resize=300%2C225 300w, https:\/\/i0.wp.com\/www.spang.ch\/aude\/wp-content\/uploads\/2022\/08\/IMG_20220815_165250-scaled.jpg?resize=768%2C576 768w, https:\/\/i0.wp.com\/www.spang.ch\/aude\/wp-content\/uploads\/2022\/08\/IMG_20220815_165250-scaled.jpg?resize=1536%2C1152 1536w, https:\/\/i0.wp.com\/www.spang.ch\/aude\/wp-content\/uploads\/2022\/08\/IMG_20220815_165250-scaled.jpg?resize=2048%2C1536 2048w, https:\/\/i0.wp.com\/www.spang.ch\/aude\/wp-content\/uploads\/2022\/08\/IMG_20220815_165250-scaled.jpg?resize=400%2C300 400w\" sizes=\"(max-width: 1000px) 100vw, 1000px\" data-recalc-dims=\"1\" \/><\/a><figcaption>Quel plus grand privil\u00e8ge qu&#8217;une fin d&#8217;apr\u00e8s-midi au bord de la mer?<\/figcaption><\/figure><\/div>\n\n<div class=\"wp-block-image\">\n<figure class=\"aligncenter size-large\"><a href=\"https:\/\/i0.wp.com\/www.spang.ch\/aude\/wp-content\/uploads\/2022\/08\/IMG_20220816_143429-scaled.jpg\"><img loading=\"lazy\" decoding=\"async\" width=\"1000\" height=\"750\" data-attachment-id=\"1328\" data-permalink=\"http:\/\/www.spang.ch\/aude\/img_20220816_143429\/\" data-orig-file=\"https:\/\/i0.wp.com\/www.spang.ch\/aude\/wp-content\/uploads\/2022\/08\/IMG_20220816_143429-scaled.jpg?fit=2560%2C1920\" data-orig-size=\"2560,1920\" data-comments-opened=\"1\" data-image-meta=\"{&quot;aperture&quot;:&quot;1.7&quot;,&quot;credit&quot;:&quot;&quot;,&quot;camera&quot;:&quot;SM-G930F&quot;,&quot;caption&quot;:&quot;&quot;,&quot;created_timestamp&quot;:&quot;1660660469&quot;,&quot;copyright&quot;:&quot;&quot;,&quot;focal_length&quot;:&quot;4.2&quot;,&quot;iso&quot;:&quot;64&quot;,&quot;shutter_speed&quot;:&quot;0.00036805299963195&quot;,&quot;title&quot;:&quot;&quot;,&quot;orientation&quot;:&quot;1&quot;}\" data-image-title=\"IMG_20220816_143429\" data-image-description=\"\" data-image-caption=\"&lt;p&gt;Sans commentaire&lt;\/p&gt;\n\" data-medium-file=\"https:\/\/i0.wp.com\/www.spang.ch\/aude\/wp-content\/uploads\/2022\/08\/IMG_20220816_143429-scaled.jpg?fit=300%2C225\" data-large-file=\"https:\/\/i0.wp.com\/www.spang.ch\/aude\/wp-content\/uploads\/2022\/08\/IMG_20220816_143429-scaled.jpg?fit=1000%2C750\" tabindex=\"0\" role=\"button\" src=\"https:\/\/i0.wp.com\/www.spang.ch\/aude\/wp-content\/uploads\/2022\/08\/IMG_20220816_143429.jpg?resize=1000%2C750\" alt=\"\" class=\"wp-image-1328\" srcset=\"https:\/\/i0.wp.com\/www.spang.ch\/aude\/wp-content\/uploads\/2022\/08\/IMG_20220816_143429-scaled.jpg?resize=1024%2C768 1024w, https:\/\/i0.wp.com\/www.spang.ch\/aude\/wp-content\/uploads\/2022\/08\/IMG_20220816_143429-scaled.jpg?resize=300%2C225 300w, https:\/\/i0.wp.com\/www.spang.ch\/aude\/wp-content\/uploads\/2022\/08\/IMG_20220816_143429-scaled.jpg?resize=768%2C576 768w, https:\/\/i0.wp.com\/www.spang.ch\/aude\/wp-content\/uploads\/2022\/08\/IMG_20220816_143429-scaled.jpg?resize=1536%2C1152 1536w, https:\/\/i0.wp.com\/www.spang.ch\/aude\/wp-content\/uploads\/2022\/08\/IMG_20220816_143429-scaled.jpg?resize=2048%2C1536 2048w, https:\/\/i0.wp.com\/www.spang.ch\/aude\/wp-content\/uploads\/2022\/08\/IMG_20220816_143429-scaled.jpg?resize=400%2C300 400w\" sizes=\"(max-width: 1000px) 100vw, 1000px\" data-recalc-dims=\"1\" \/><\/a><figcaption>Sans commentaire<\/figcaption><\/figure><\/div>\n\n\n<p>Bon, j\u2019ai appris par apr\u00e8s qu\u2019en fait le local qui nourrit les raies quotidiennement pour qu\u2019elles viennent dire bonjour aux touristes ce n\u2019est pas une super mani\u00e8re de traiter les animaux, je me suis laiss\u00e9e emporter par l\u2019enthousiasme, on ne m\u2019y reprendra pas. En fait, c\u2019est un probl\u00e8me l\u00e0-bas, contre lequel le g\u00e9rant d\u2019une agence de snorkeling essaie de se battre. La plupart des compagnies de bateaux proposant des tours nourrissent les requins afin que les touristes puissent les voir. Donc plut\u00f4t moyen, laissons les animaux vivre dans leur environnement sans les affecter et on les observe quand on a le privil\u00e8ge de se retrouver pr\u00e8s d&#8217;eux. C&#8217;est ce qui s&#8217;est fait avec ce guide, et j&#8217;ai eu bien de la chance !<\/p>\n\n\n<div class=\"wp-block-image\">\n<figure class=\"aligncenter size-large\"><a href=\"https:\/\/i0.wp.com\/www.spang.ch\/aude\/wp-content\/uploads\/2022\/08\/IMG-20220816-WA0031.jpg\"><img loading=\"lazy\" decoding=\"async\" width=\"768\" height=\"1024\" data-attachment-id=\"1400\" data-permalink=\"http:\/\/www.spang.ch\/aude\/img-20220816-wa0031\/\" data-orig-file=\"https:\/\/i0.wp.com\/www.spang.ch\/aude\/wp-content\/uploads\/2022\/08\/IMG-20220816-WA0031.jpg?fit=1536%2C2048\" data-orig-size=\"1536,2048\" data-comments-opened=\"1\" data-image-meta=\"{&quot;aperture&quot;:&quot;0&quot;,&quot;credit&quot;:&quot;&quot;,&quot;camera&quot;:&quot;&quot;,&quot;caption&quot;:&quot;&quot;,&quot;created_timestamp&quot;:&quot;0&quot;,&quot;copyright&quot;:&quot;&quot;,&quot;focal_length&quot;:&quot;0&quot;,&quot;iso&quot;:&quot;0&quot;,&quot;shutter_speed&quot;:&quot;0&quot;,&quot;title&quot;:&quot;&quot;,&quot;orientation&quot;:&quot;0&quot;}\" data-image-title=\"IMG-20220816-WA0031\" data-image-description=\"\" data-image-caption=\"\" data-medium-file=\"https:\/\/i0.wp.com\/www.spang.ch\/aude\/wp-content\/uploads\/2022\/08\/IMG-20220816-WA0031.jpg?fit=225%2C300\" data-large-file=\"https:\/\/i0.wp.com\/www.spang.ch\/aude\/wp-content\/uploads\/2022\/08\/IMG-20220816-WA0031.jpg?fit=768%2C1024\" tabindex=\"0\" role=\"button\" src=\"https:\/\/i0.wp.com\/www.spang.ch\/aude\/wp-content\/uploads\/2022\/08\/IMG-20220816-WA0031.jpg?resize=768%2C1024\" alt=\"\" class=\"wp-image-1400\" srcset=\"https:\/\/i0.wp.com\/www.spang.ch\/aude\/wp-content\/uploads\/2022\/08\/IMG-20220816-WA0031.jpg?resize=768%2C1024 768w, https:\/\/i0.wp.com\/www.spang.ch\/aude\/wp-content\/uploads\/2022\/08\/IMG-20220816-WA0031.jpg?resize=225%2C300 225w, https:\/\/i0.wp.com\/www.spang.ch\/aude\/wp-content\/uploads\/2022\/08\/IMG-20220816-WA0031.jpg?resize=1152%2C1536 1152w, https:\/\/i0.wp.com\/www.spang.ch\/aude\/wp-content\/uploads\/2022\/08\/IMG-20220816-WA0031.jpg?resize=630%2C840 630w, https:\/\/i0.wp.com\/www.spang.ch\/aude\/wp-content\/uploads\/2022\/08\/IMG-20220816-WA0031.jpg?resize=960%2C1280 960w, https:\/\/i0.wp.com\/www.spang.ch\/aude\/wp-content\/uploads\/2022\/08\/IMG-20220816-WA0031.jpg?w=1536 1536w\" sizes=\"(max-width: 768px) 100vw, 768px\" data-recalc-dims=\"1\" \/><\/a><figcaption>En plein snorkeling<\/figcaption><\/figure><\/div>\n\n\n<p>En fait, j&#8217;ai m\u00eame eu toutes les chances <\/p>\n\n\n<div class=\"wp-block-image\">\n<figure class=\"aligncenter size-large\"><a href=\"https:\/\/i0.wp.com\/www.spang.ch\/aude\/wp-content\/uploads\/2022\/09\/GOPR6446-scaled.jpg\"><img loading=\"lazy\" decoding=\"async\" width=\"1000\" height=\"750\" data-attachment-id=\"1427\" data-permalink=\"http:\/\/www.spang.ch\/aude\/2022\/08\/monde-maya-et-mer-des-caraibes\/dcim104gopro\/\" data-orig-file=\"https:\/\/i0.wp.com\/www.spang.ch\/aude\/wp-content\/uploads\/2022\/09\/GOPR6446-scaled.jpg?fit=2560%2C1920\" data-orig-size=\"2560,1920\" data-comments-opened=\"1\" data-image-meta=\"{&quot;aperture&quot;:&quot;2.8&quot;,&quot;credit&quot;:&quot;&quot;,&quot;camera&quot;:&quot;HERO3+ Silver Edition&quot;,&quot;caption&quot;:&quot;DCIM104GOPRO&quot;,&quot;created_timestamp&quot;:&quot;1357047754&quot;,&quot;copyright&quot;:&quot;&quot;,&quot;focal_length&quot;:&quot;2.77&quot;,&quot;iso&quot;:&quot;100&quot;,&quot;shutter_speed&quot;:&quot;0.00077790742901595&quot;,&quot;title&quot;:&quot;DCIM104GOPRO&quot;,&quot;orientation&quot;:&quot;1&quot;}\" data-image-title=\"DCIM\\104GOPRO\" data-image-description=\"\" data-image-caption=\"&lt;p&gt;DCIM\\104GOPRO&lt;\/p&gt;\n\" data-medium-file=\"https:\/\/i0.wp.com\/www.spang.ch\/aude\/wp-content\/uploads\/2022\/09\/GOPR6446-scaled.jpg?fit=300%2C225\" data-large-file=\"https:\/\/i0.wp.com\/www.spang.ch\/aude\/wp-content\/uploads\/2022\/09\/GOPR6446-scaled.jpg?fit=1000%2C750\" tabindex=\"0\" role=\"button\" src=\"https:\/\/i0.wp.com\/www.spang.ch\/aude\/wp-content\/uploads\/2022\/09\/GOPR6446.jpg?resize=1000%2C750\" alt=\"\" class=\"wp-image-1427\" srcset=\"https:\/\/i0.wp.com\/www.spang.ch\/aude\/wp-content\/uploads\/2022\/09\/GOPR6446-scaled.jpg?resize=1024%2C768 1024w, https:\/\/i0.wp.com\/www.spang.ch\/aude\/wp-content\/uploads\/2022\/09\/GOPR6446-scaled.jpg?resize=300%2C225 300w, https:\/\/i0.wp.com\/www.spang.ch\/aude\/wp-content\/uploads\/2022\/09\/GOPR6446-scaled.jpg?resize=768%2C576 768w, https:\/\/i0.wp.com\/www.spang.ch\/aude\/wp-content\/uploads\/2022\/09\/GOPR6446-scaled.jpg?resize=1536%2C1152 1536w, https:\/\/i0.wp.com\/www.spang.ch\/aude\/wp-content\/uploads\/2022\/09\/GOPR6446-scaled.jpg?resize=2048%2C1536 2048w, https:\/\/i0.wp.com\/www.spang.ch\/aude\/wp-content\/uploads\/2022\/09\/GOPR6446-scaled.jpg?resize=400%2C300 400w\" sizes=\"(max-width: 1000px) 100vw, 1000px\" data-recalc-dims=\"1\" \/><\/a><figcaption>Copine<\/figcaption><\/figure><\/div>\n\n<div class=\"wp-block-image\">\n<figure class=\"aligncenter size-large\"><a href=\"https:\/\/i0.wp.com\/www.spang.ch\/aude\/wp-content\/uploads\/2022\/09\/GOPR6507-scaled.jpg\"><img loading=\"lazy\" decoding=\"async\" width=\"1000\" height=\"750\" data-attachment-id=\"1429\" data-permalink=\"http:\/\/www.spang.ch\/aude\/dcim104gopro-2\/\" data-orig-file=\"https:\/\/i0.wp.com\/www.spang.ch\/aude\/wp-content\/uploads\/2022\/09\/GOPR6507-scaled.jpg?fit=2560%2C1920\" data-orig-size=\"2560,1920\" data-comments-opened=\"1\" data-image-meta=\"{&quot;aperture&quot;:&quot;2.8&quot;,&quot;credit&quot;:&quot;&quot;,&quot;camera&quot;:&quot;HERO3+ Silver Edition&quot;,&quot;caption&quot;:&quot;DCIM104GOPRO&quot;,&quot;created_timestamp&quot;:&quot;1357051024&quot;,&quot;copyright&quot;:&quot;&quot;,&quot;focal_length&quot;:&quot;2.77&quot;,&quot;iso&quot;:&quot;100&quot;,&quot;shutter_speed&quot;:&quot;0.0010365916865347&quot;,&quot;title&quot;:&quot;DCIM104GOPRO&quot;,&quot;orientation&quot;:&quot;1&quot;}\" data-image-title=\"DCIM104GOPRO\" data-image-description=\"\" data-image-caption=\"&lt;p&gt;DCIM104GOPRO&lt;\/p&gt;\n\" data-medium-file=\"https:\/\/i0.wp.com\/www.spang.ch\/aude\/wp-content\/uploads\/2022\/09\/GOPR6507-scaled.jpg?fit=300%2C225\" data-large-file=\"https:\/\/i0.wp.com\/www.spang.ch\/aude\/wp-content\/uploads\/2022\/09\/GOPR6507-scaled.jpg?fit=1000%2C750\" tabindex=\"0\" role=\"button\" src=\"https:\/\/i0.wp.com\/www.spang.ch\/aude\/wp-content\/uploads\/2022\/09\/GOPR6507.jpg?resize=1000%2C750\" alt=\"\" class=\"wp-image-1429\" srcset=\"https:\/\/i0.wp.com\/www.spang.ch\/aude\/wp-content\/uploads\/2022\/09\/GOPR6507-scaled.jpg?resize=1024%2C768 1024w, https:\/\/i0.wp.com\/www.spang.ch\/aude\/wp-content\/uploads\/2022\/09\/GOPR6507-scaled.jpg?resize=300%2C225 300w, https:\/\/i0.wp.com\/www.spang.ch\/aude\/wp-content\/uploads\/2022\/09\/GOPR6507-scaled.jpg?resize=768%2C576 768w, https:\/\/i0.wp.com\/www.spang.ch\/aude\/wp-content\/uploads\/2022\/09\/GOPR6507-scaled.jpg?resize=1536%2C1152 1536w, https:\/\/i0.wp.com\/www.spang.ch\/aude\/wp-content\/uploads\/2022\/09\/GOPR6507-scaled.jpg?resize=2048%2C1536 2048w\" sizes=\"(max-width: 1000px) 100vw, 1000px\" data-recalc-dims=\"1\" \/><\/a><figcaption>Coucou<\/figcaption><\/figure><\/div>\n\n\n<p>On a vu beaucoup de belles choses. Le corail prend plein de formes (et un peu de couleurs) diff\u00e9rentes, c&#8217;est toujours fascinant. On trouve des bancs de poissons qui \u00e9voluent harmonieusement ensemble, comme dans les documentaires. Des barracudas qui se baladent nonchalamment. Des raies qui fr\u00f4lent le sable. Des tortues qui grignotent les algues puis remontent prendre de l&#8217;air. Des requins qui r\u00f4dent et grouillent pacifiquement. M\u00eame des dauphins qui s&#8217;\u00e9loignaient de notre bateau pendant qu&#8217;on rentrait au port. Mais surtout&#8230; un animal que je n&#8217;osais esp\u00e9rer voir: le b\u00e9luga ! C&#8217;est une esp\u00e8ce de grosse vache de mer toute pataude et merveilleuse. On dit de ce mammif\u00e8re marin plus gros qu&#8217;un humain qu&#8217;il a inspir\u00e9 le personnage des sir\u00e8nes ! En tout cas, nager \u00e0 ses c\u00f4t\u00e9s pour quelques minutes fut une des exp\u00e9riences vraiment incroyables que j&#8217;ai pu faire dans ma vie, quelque chose d&#8217;assez renversant. <\/p>\n\n\n<div class=\"wp-block-image\">\n<figure class=\"aligncenter size-large\"><a href=\"https:\/\/i0.wp.com\/www.spang.ch\/aude\/wp-content\/uploads\/2022\/09\/GOPR6538-scaled.jpg\"><img loading=\"lazy\" decoding=\"async\" width=\"1000\" height=\"750\" data-attachment-id=\"1430\" data-permalink=\"http:\/\/www.spang.ch\/aude\/dcim104gopro-3\/\" data-orig-file=\"https:\/\/i0.wp.com\/www.spang.ch\/aude\/wp-content\/uploads\/2022\/09\/GOPR6538-scaled.jpg?fit=2560%2C1920\" data-orig-size=\"2560,1920\" data-comments-opened=\"1\" data-image-meta=\"{&quot;aperture&quot;:&quot;2.8&quot;,&quot;credit&quot;:&quot;&quot;,&quot;camera&quot;:&quot;HERO3+ Silver Edition&quot;,&quot;caption&quot;:&quot;DCIM104GOPRO&quot;,&quot;created_timestamp&quot;:&quot;1357060537&quot;,&quot;copyright&quot;:&quot;&quot;,&quot;focal_length&quot;:&quot;2.77&quot;,&quot;iso&quot;:&quot;100&quot;,&quot;shutter_speed&quot;:&quot;0.0014345144168699&quot;,&quot;title&quot;:&quot;DCIM104GOPRO&quot;,&quot;orientation&quot;:&quot;1&quot;}\" data-image-title=\"DCIM104GOPRO\" data-image-description=\"\" data-image-caption=\"&lt;p&gt;Le b\u00e9luga!&lt;\/p&gt;\n\" data-medium-file=\"https:\/\/i0.wp.com\/www.spang.ch\/aude\/wp-content\/uploads\/2022\/09\/GOPR6538-scaled.jpg?fit=300%2C225\" data-large-file=\"https:\/\/i0.wp.com\/www.spang.ch\/aude\/wp-content\/uploads\/2022\/09\/GOPR6538-scaled.jpg?fit=1000%2C750\" tabindex=\"0\" role=\"button\" src=\"https:\/\/i0.wp.com\/www.spang.ch\/aude\/wp-content\/uploads\/2022\/09\/GOPR6538.jpg?resize=1000%2C750\" alt=\"\" class=\"wp-image-1430\" srcset=\"https:\/\/i0.wp.com\/www.spang.ch\/aude\/wp-content\/uploads\/2022\/09\/GOPR6538-scaled.jpg?resize=1024%2C768 1024w, https:\/\/i0.wp.com\/www.spang.ch\/aude\/wp-content\/uploads\/2022\/09\/GOPR6538-scaled.jpg?resize=300%2C225 300w, https:\/\/i0.wp.com\/www.spang.ch\/aude\/wp-content\/uploads\/2022\/09\/GOPR6538-scaled.jpg?resize=768%2C576 768w, https:\/\/i0.wp.com\/www.spang.ch\/aude\/wp-content\/uploads\/2022\/09\/GOPR6538-scaled.jpg?resize=1536%2C1152 1536w, https:\/\/i0.wp.com\/www.spang.ch\/aude\/wp-content\/uploads\/2022\/09\/GOPR6538-scaled.jpg?resize=2048%2C1536 2048w\" sizes=\"(max-width: 1000px) 100vw, 1000px\" data-recalc-dims=\"1\" \/><\/a><figcaption>Le b\u00e9luga!<\/figcaption><\/figure><\/div>\n\n<div class=\"wp-block-image\">\n<figure class=\"aligncenter size-large\"><a href=\"https:\/\/i0.wp.com\/www.spang.ch\/aude\/wp-content\/uploads\/2022\/09\/GOPR6455-scaled.jpg\"><img loading=\"lazy\" decoding=\"async\" width=\"1000\" height=\"750\" data-attachment-id=\"1431\" data-permalink=\"http:\/\/www.spang.ch\/aude\/2022\/08\/monde-maya-et-mer-des-caraibes\/dcim104gopro-4\/\" data-orig-file=\"https:\/\/i0.wp.com\/www.spang.ch\/aude\/wp-content\/uploads\/2022\/09\/GOPR6455-scaled.jpg?fit=2560%2C1920\" data-orig-size=\"2560,1920\" data-comments-opened=\"1\" data-image-meta=\"{&quot;aperture&quot;:&quot;2.8&quot;,&quot;credit&quot;:&quot;&quot;,&quot;camera&quot;:&quot;HERO3+ Silver Edition&quot;,&quot;caption&quot;:&quot;DCIM104GOPRO&quot;,&quot;created_timestamp&quot;:&quot;1357047950&quot;,&quot;copyright&quot;:&quot;&quot;,&quot;focal_length&quot;:&quot;2.77&quot;,&quot;iso&quot;:&quot;100&quot;,&quot;shutter_speed&quot;:&quot;0.0020846362309777&quot;,&quot;title&quot;:&quot;DCIM104GOPRO&quot;,&quot;orientation&quot;:&quot;1&quot;}\" data-image-title=\"DCIM\\104GOPRO\" data-image-description=\"\" data-image-caption=\"&lt;p&gt;DCIM\\104GOPRO&lt;\/p&gt;\n\" data-medium-file=\"https:\/\/i0.wp.com\/www.spang.ch\/aude\/wp-content\/uploads\/2022\/09\/GOPR6455-scaled.jpg?fit=300%2C225\" data-large-file=\"https:\/\/i0.wp.com\/www.spang.ch\/aude\/wp-content\/uploads\/2022\/09\/GOPR6455-scaled.jpg?fit=1000%2C750\" tabindex=\"0\" role=\"button\" src=\"https:\/\/i0.wp.com\/www.spang.ch\/aude\/wp-content\/uploads\/2022\/09\/GOPR6455.jpg?resize=1000%2C750\" alt=\"\" class=\"wp-image-1431\" srcset=\"https:\/\/i0.wp.com\/www.spang.ch\/aude\/wp-content\/uploads\/2022\/09\/GOPR6455-scaled.jpg?resize=1024%2C768 1024w, https:\/\/i0.wp.com\/www.spang.ch\/aude\/wp-content\/uploads\/2022\/09\/GOPR6455-scaled.jpg?resize=300%2C225 300w, https:\/\/i0.wp.com\/www.spang.ch\/aude\/wp-content\/uploads\/2022\/09\/GOPR6455-scaled.jpg?resize=768%2C576 768w, https:\/\/i0.wp.com\/www.spang.ch\/aude\/wp-content\/uploads\/2022\/09\/GOPR6455-scaled.jpg?resize=1536%2C1152 1536w, https:\/\/i0.wp.com\/www.spang.ch\/aude\/wp-content\/uploads\/2022\/09\/GOPR6455-scaled.jpg?resize=2048%2C1536 2048w, https:\/\/i0.wp.com\/www.spang.ch\/aude\/wp-content\/uploads\/2022\/09\/GOPR6455-scaled.jpg?resize=400%2C300 400w\" sizes=\"(max-width: 1000px) 100vw, 1000px\" data-recalc-dims=\"1\" \/><\/a><figcaption>Copains<\/figcaption><\/figure><\/div>\n\n\n<p>Durant toute la journ\u00e9e, j&#8217;ai fui le bateau pour profiter de nager dans l&#8217;eau cristalline, savourer sa chaleur et me laisser porter au soleil, admirer les \u00eeles bord\u00e9es de palmiers et me sentir si chanceuse de vivre une si belle journ\u00e9e. Il s&#8217;est av\u00e9r\u00e9 que j&#8217;ai tr\u00e8s bien fait d&#8217;en profiter aussi intens\u00e9ment, car c&#8217;est au B\u00e9lize que la saison des pluies m&#8217;a enfin rattrap\u00e9e. J&#8217;avais r\u00e9ussi \u00e0 passer entre les gouttes jusqu&#8217;alors, pardonnez le jeu de mots, mais l\u00e0-bas j&#8217;ai vite compris que ma journ\u00e9e merveilleu se en d\u00e9but de semaine n&#8217;avait \u00e9t\u00e9 qu&#8217;un interstice au milieu de longues semaines de pluie. J&#8217;ai donc eu particuli\u00e8rement beaucoup de chance ! J&#8217;ai pu vivre les Cara\u00efbes comme je l&#8217;avais esp\u00e9r\u00e9 pendant une tr\u00e8s belle journ\u00e9e riche en \u00e9motions, alors que beaucoup d&#8217;autres sont reparti-e-s bredouilles. <\/p>\n\n\n<div class=\"wp-block-image\">\n<figure class=\"aligncenter size-large\"><a href=\"https:\/\/i0.wp.com\/www.spang.ch\/aude\/wp-content\/uploads\/2022\/08\/IMG_20220816_165319.jpg\"><img loading=\"lazy\" decoding=\"async\" width=\"768\" height=\"1024\" data-attachment-id=\"1339\" data-permalink=\"http:\/\/www.spang.ch\/aude\/img_20220816_165319\/\" data-orig-file=\"https:\/\/i0.wp.com\/www.spang.ch\/aude\/wp-content\/uploads\/2022\/08\/IMG_20220816_165319.jpg?fit=1031%2C1375\" data-orig-size=\"1031,1375\" data-comments-opened=\"1\" data-image-meta=\"{&quot;aperture&quot;:&quot;0&quot;,&quot;credit&quot;:&quot;&quot;,&quot;camera&quot;:&quot;&quot;,&quot;caption&quot;:&quot;&quot;,&quot;created_timestamp&quot;:&quot;0&quot;,&quot;copyright&quot;:&quot;&quot;,&quot;focal_length&quot;:&quot;0&quot;,&quot;iso&quot;:&quot;0&quot;,&quot;shutter_speed&quot;:&quot;0&quot;,&quot;title&quot;:&quot;&quot;,&quot;orientation&quot;:&quot;1&quot;}\" data-image-title=\"IMG_20220816_165319\" data-image-description=\"\" data-image-caption=\"\" data-medium-file=\"https:\/\/i0.wp.com\/www.spang.ch\/aude\/wp-content\/uploads\/2022\/08\/IMG_20220816_165319.jpg?fit=225%2C300\" data-large-file=\"https:\/\/i0.wp.com\/www.spang.ch\/aude\/wp-content\/uploads\/2022\/08\/IMG_20220816_165319.jpg?fit=768%2C1024\" tabindex=\"0\" role=\"button\" src=\"https:\/\/i0.wp.com\/www.spang.ch\/aude\/wp-content\/uploads\/2022\/08\/IMG_20220816_165319.jpg?resize=768%2C1024\" alt=\"\" class=\"wp-image-1339\" srcset=\"https:\/\/i0.wp.com\/www.spang.ch\/aude\/wp-content\/uploads\/2022\/08\/IMG_20220816_165319.jpg?resize=768%2C1024 768w, https:\/\/i0.wp.com\/www.spang.ch\/aude\/wp-content\/uploads\/2022\/08\/IMG_20220816_165319.jpg?resize=225%2C300 225w, https:\/\/i0.wp.com\/www.spang.ch\/aude\/wp-content\/uploads\/2022\/08\/IMG_20220816_165319.jpg?resize=630%2C840 630w, https:\/\/i0.wp.com\/www.spang.ch\/aude\/wp-content\/uploads\/2022\/08\/IMG_20220816_165319.jpg?resize=960%2C1280 960w, https:\/\/i0.wp.com\/www.spang.ch\/aude\/wp-content\/uploads\/2022\/08\/IMG_20220816_165319.jpg?w=1031 1031w\" sizes=\"(max-width: 768px) 100vw, 768px\" data-recalc-dims=\"1\" \/><\/a><\/figure><\/div>\n\n<div class=\"wp-block-image\">\n<figure class=\"aligncenter size-large\"><a href=\"https:\/\/i0.wp.com\/www.spang.ch\/aude\/wp-content\/uploads\/2022\/08\/IMG_20220816_201612-scaled.jpg\"><img loading=\"lazy\" decoding=\"async\" width=\"768\" height=\"1024\" data-attachment-id=\"1342\" data-permalink=\"http:\/\/www.spang.ch\/aude\/img_20220816_201612\/\" data-orig-file=\"https:\/\/i0.wp.com\/www.spang.ch\/aude\/wp-content\/uploads\/2022\/08\/IMG_20220816_201612-scaled.jpg?fit=1920%2C2560\" data-orig-size=\"1920,2560\" data-comments-opened=\"1\" data-image-meta=\"{&quot;aperture&quot;:&quot;1.7&quot;,&quot;credit&quot;:&quot;&quot;,&quot;camera&quot;:&quot;SM-G930F&quot;,&quot;caption&quot;:&quot;&quot;,&quot;created_timestamp&quot;:&quot;1660680971&quot;,&quot;copyright&quot;:&quot;&quot;,&quot;focal_length&quot;:&quot;4.2&quot;,&quot;iso&quot;:&quot;1000&quot;,&quot;shutter_speed&quot;:&quot;0.04&quot;,&quot;title&quot;:&quot;&quot;,&quot;orientation&quot;:&quot;1&quot;}\" data-image-title=\"IMG_20220816_201612\" data-image-description=\"\" data-image-caption=\"\" data-medium-file=\"https:\/\/i0.wp.com\/www.spang.ch\/aude\/wp-content\/uploads\/2022\/08\/IMG_20220816_201612-scaled.jpg?fit=225%2C300\" data-large-file=\"https:\/\/i0.wp.com\/www.spang.ch\/aude\/wp-content\/uploads\/2022\/08\/IMG_20220816_201612-scaled.jpg?fit=768%2C1024\" tabindex=\"0\" role=\"button\" src=\"https:\/\/i0.wp.com\/www.spang.ch\/aude\/wp-content\/uploads\/2022\/08\/IMG_20220816_201612.jpg?resize=768%2C1024\" alt=\"\" class=\"wp-image-1342\" srcset=\"https:\/\/i0.wp.com\/www.spang.ch\/aude\/wp-content\/uploads\/2022\/08\/IMG_20220816_201612-scaled.jpg?resize=768%2C1024 768w, https:\/\/i0.wp.com\/www.spang.ch\/aude\/wp-content\/uploads\/2022\/08\/IMG_20220816_201612-scaled.jpg?resize=225%2C300 225w, https:\/\/i0.wp.com\/www.spang.ch\/aude\/wp-content\/uploads\/2022\/08\/IMG_20220816_201612-scaled.jpg?resize=1152%2C1536 1152w, https:\/\/i0.wp.com\/www.spang.ch\/aude\/wp-content\/uploads\/2022\/08\/IMG_20220816_201612-scaled.jpg?resize=1536%2C2048 1536w, https:\/\/i0.wp.com\/www.spang.ch\/aude\/wp-content\/uploads\/2022\/08\/IMG_20220816_201612-scaled.jpg?resize=630%2C840 630w, https:\/\/i0.wp.com\/www.spang.ch\/aude\/wp-content\/uploads\/2022\/08\/IMG_20220816_201612-scaled.jpg?resize=960%2C1280 960w, https:\/\/i0.wp.com\/www.spang.ch\/aude\/wp-content\/uploads\/2022\/08\/IMG_20220816_201612-scaled.jpg?w=1920 1920w\" sizes=\"(max-width: 768px) 100vw, 768px\" data-recalc-dims=\"1\" \/><\/a><\/figure><\/div>\n\n\n<p>Les quelques jours restants de ma semaine se sont pass\u00e9s en profitant des bons petits caf\u00e9s qui peuplent l&#8217;\u00eele et surtout des grillades de poisson de &#8220;Steve&#8221;, qui tenait le barbecue local et qui grille probablement le meilleur homard de l&#8217;\u00eele. Je me suis fait plaisir, j&#8217;ai lu, j&#8217;ai \u00e9crit l&#8217;avant-dernier post de ce blog (sur un clavier de natel, je ne vous dis pas le temps que \u00e7a prend!) et&#8230; je me suis fait des ami-e-s ! Il y a eu Alessia et Andrea, un (autre!) couple d&#8217;italiens rencontr\u00e9-e-s \u00e0 l&#8217;arriv\u00e9e de mon bateau sur l&#8217;\u00eele et avec qui j&#8217;ai pass\u00e9 une super soir\u00e9e au bord de la mer, Peggy la canadienne qui \u00e9tait sur mon bateau pendant le snorkeling, et surtout Kate et Aimee, deux am\u00e9ricaines en vacances ensemble que j&#8217;allais revoir de nombreuses fois ! Il y a des rencontres comme \u00e7a, tu te croises et tu t&#8217;entends directement bien, tu sais que tu as envie de passer du temps ensemble.<\/p>\n\n\n<div class=\"wp-block-image\">\n<figure class=\"aligncenter size-large\"><a href=\"https:\/\/i0.wp.com\/www.spang.ch\/aude\/wp-content\/uploads\/2022\/08\/IMG_20220816_204043-scaled.jpg\"><img loading=\"lazy\" decoding=\"async\" width=\"1000\" height=\"750\" data-attachment-id=\"1343\" data-permalink=\"http:\/\/www.spang.ch\/aude\/img_20220816_204043\/\" data-orig-file=\"https:\/\/i0.wp.com\/www.spang.ch\/aude\/wp-content\/uploads\/2022\/08\/IMG_20220816_204043-scaled.jpg?fit=2560%2C1920\" data-orig-size=\"2560,1920\" data-comments-opened=\"1\" data-image-meta=\"{&quot;aperture&quot;:&quot;1.7&quot;,&quot;credit&quot;:&quot;&quot;,&quot;camera&quot;:&quot;SM-G930F&quot;,&quot;caption&quot;:&quot;&quot;,&quot;created_timestamp&quot;:&quot;1660682443&quot;,&quot;copyright&quot;:&quot;&quot;,&quot;focal_length&quot;:&quot;4.2&quot;,&quot;iso&quot;:&quot;320&quot;,&quot;shutter_speed&quot;:&quot;0.04&quot;,&quot;title&quot;:&quot;&quot;,&quot;orientation&quot;:&quot;1&quot;}\" data-image-title=\"IMG_20220816_204043\" data-image-description=\"\" data-image-caption=\"&lt;p&gt;Yummy!&lt;\/p&gt;\n\" data-medium-file=\"https:\/\/i0.wp.com\/www.spang.ch\/aude\/wp-content\/uploads\/2022\/08\/IMG_20220816_204043-scaled.jpg?fit=300%2C225\" data-large-file=\"https:\/\/i0.wp.com\/www.spang.ch\/aude\/wp-content\/uploads\/2022\/08\/IMG_20220816_204043-scaled.jpg?fit=1000%2C750\" tabindex=\"0\" role=\"button\" src=\"https:\/\/i0.wp.com\/www.spang.ch\/aude\/wp-content\/uploads\/2022\/08\/IMG_20220816_204043.jpg?resize=1000%2C750\" alt=\"\" class=\"wp-image-1343\" srcset=\"https:\/\/i0.wp.com\/www.spang.ch\/aude\/wp-content\/uploads\/2022\/08\/IMG_20220816_204043-scaled.jpg?resize=1024%2C768 1024w, https:\/\/i0.wp.com\/www.spang.ch\/aude\/wp-content\/uploads\/2022\/08\/IMG_20220816_204043-scaled.jpg?resize=300%2C225 300w, https:\/\/i0.wp.com\/www.spang.ch\/aude\/wp-content\/uploads\/2022\/08\/IMG_20220816_204043-scaled.jpg?resize=768%2C576 768w, https:\/\/i0.wp.com\/www.spang.ch\/aude\/wp-content\/uploads\/2022\/08\/IMG_20220816_204043-scaled.jpg?resize=1536%2C1152 1536w, https:\/\/i0.wp.com\/www.spang.ch\/aude\/wp-content\/uploads\/2022\/08\/IMG_20220816_204043-scaled.jpg?resize=2048%2C1536 2048w, https:\/\/i0.wp.com\/www.spang.ch\/aude\/wp-content\/uploads\/2022\/08\/IMG_20220816_204043-scaled.jpg?resize=400%2C300 400w\" sizes=\"(max-width: 1000px) 100vw, 1000px\" data-recalc-dims=\"1\" \/><\/a><figcaption>Yummy!<\/figcaption><\/figure><\/div>\n\n\n<p>On s&#8217;est d&#8217;abord crois\u00e9es \u00e0 l&#8217;agence de snorkeling, elles revenaient d&#8217;un tour et on a \u00e9chang\u00e9 quelques mots, dont elles qui m&#8217;ont dit &#8220;on a vu ton badge, nous aussi on est f\u00e9ministes !&#8221; (toujours une bonne id\u00e9e de porter un badge, exactement pour \u00e7a!). Puis on s&#8217;est recrois\u00e9es dans la rue, car l&#8217;\u00eele est petite, et elles ont dit qu&#8217;il fallait qu&#8217;on prenne un verre. On l&#8217;a fait, \u00e9chang\u00e9 nos contacts, et ensuite ce furent verres, caf\u00e9s, repas&#8230; On a pass\u00e9 de tr\u00e8s chouettes moments ensemble, et la pluie n&#8217;a pas du tout affect\u00e9 notre humeur. Avec Aimee, on s&#8217;est retrouv\u00e9es pour un dernier smoothie de fruits frais et d\u00e9gustation chocolats locaux avant le d\u00e9part de mon bateau, alors que le soleil \u00e9tait revenu (mais pas assez pour que mes photos de lever de soleil soient convaincantes). Avec toutes les histoires de voyage qu&#8217;on s&#8217;\u00e9tait racont\u00e9es, on esp\u00e8re se retrouver une fois, quelque part dans le monde (ou qui sait, \u00e0 la chasse \u00e0 l&#8217;\u00e9lan dans le Minnesota? la vie peut \u00eatre pleine de surprises parfois (mais promis, je ne compte tout de m\u00eame pas tuer d&#8217;\u00e9lan)). <\/p>\n\n\n<div class=\"wp-block-image\">\n<figure class=\"aligncenter size-large\"><a href=\"https:\/\/i0.wp.com\/www.spang.ch\/aude\/wp-content\/uploads\/2022\/08\/IMG-20220819-WA0017.jpg\"><img loading=\"lazy\" decoding=\"async\" width=\"1000\" height=\"750\" data-attachment-id=\"1416\" data-permalink=\"http:\/\/www.spang.ch\/aude\/img-20220819-wa0017\/\" data-orig-file=\"https:\/\/i0.wp.com\/www.spang.ch\/aude\/wp-content\/uploads\/2022\/08\/IMG-20220819-WA0017.jpg?fit=1599%2C1200\" data-orig-size=\"1599,1200\" data-comments-opened=\"1\" data-image-meta=\"{&quot;aperture&quot;:&quot;0&quot;,&quot;credit&quot;:&quot;&quot;,&quot;camera&quot;:&quot;&quot;,&quot;caption&quot;:&quot;&quot;,&quot;created_timestamp&quot;:&quot;0&quot;,&quot;copyright&quot;:&quot;&quot;,&quot;focal_length&quot;:&quot;0&quot;,&quot;iso&quot;:&quot;0&quot;,&quot;shutter_speed&quot;:&quot;0&quot;,&quot;title&quot;:&quot;&quot;,&quot;orientation&quot;:&quot;0&quot;}\" data-image-title=\"IMG-20220819-WA0017\" data-image-description=\"\" data-image-caption=\"&lt;p&gt;Avec ma nouvelle amie, Aimee!&lt;\/p&gt;\n\" data-medium-file=\"https:\/\/i0.wp.com\/www.spang.ch\/aude\/wp-content\/uploads\/2022\/08\/IMG-20220819-WA0017.jpg?fit=300%2C225\" data-large-file=\"https:\/\/i0.wp.com\/www.spang.ch\/aude\/wp-content\/uploads\/2022\/08\/IMG-20220819-WA0017.jpg?fit=1000%2C750\" tabindex=\"0\" role=\"button\" src=\"https:\/\/i0.wp.com\/www.spang.ch\/aude\/wp-content\/uploads\/2022\/08\/IMG-20220819-WA0017.jpg?resize=1000%2C750\" alt=\"\" class=\"wp-image-1416\" srcset=\"https:\/\/i0.wp.com\/www.spang.ch\/aude\/wp-content\/uploads\/2022\/08\/IMG-20220819-WA0017.jpg?resize=1024%2C768 1024w, https:\/\/i0.wp.com\/www.spang.ch\/aude\/wp-content\/uploads\/2022\/08\/IMG-20220819-WA0017.jpg?resize=300%2C225 300w, https:\/\/i0.wp.com\/www.spang.ch\/aude\/wp-content\/uploads\/2022\/08\/IMG-20220819-WA0017.jpg?resize=768%2C576 768w, https:\/\/i0.wp.com\/www.spang.ch\/aude\/wp-content\/uploads\/2022\/08\/IMG-20220819-WA0017.jpg?resize=1536%2C1153 1536w, https:\/\/i0.wp.com\/www.spang.ch\/aude\/wp-content\/uploads\/2022\/08\/IMG-20220819-WA0017.jpg?resize=400%2C300 400w, https:\/\/i0.wp.com\/www.spang.ch\/aude\/wp-content\/uploads\/2022\/08\/IMG-20220819-WA0017.jpg?w=1599 1599w\" sizes=\"(max-width: 1000px) 100vw, 1000px\" data-recalc-dims=\"1\" \/><\/a><figcaption>Avec ma nouvelle amie, Aimee!<\/figcaption><\/figure><\/div>\n\n<div class=\"wp-block-image\">\n<figure class=\"aligncenter size-large\"><a href=\"https:\/\/i0.wp.com\/www.spang.ch\/aude\/wp-content\/uploads\/2022\/08\/IMG_20220818_141039-scaled.jpg\"><img loading=\"lazy\" decoding=\"async\" width=\"768\" height=\"1024\" data-attachment-id=\"1353\" data-permalink=\"http:\/\/www.spang.ch\/aude\/img_20220818_141039\/\" data-orig-file=\"https:\/\/i0.wp.com\/www.spang.ch\/aude\/wp-content\/uploads\/2022\/08\/IMG_20220818_141039-scaled.jpg?fit=1920%2C2560\" data-orig-size=\"1920,2560\" data-comments-opened=\"1\" data-image-meta=\"{&quot;aperture&quot;:&quot;1.7&quot;,&quot;credit&quot;:&quot;&quot;,&quot;camera&quot;:&quot;SM-G930F&quot;,&quot;caption&quot;:&quot;&quot;,&quot;created_timestamp&quot;:&quot;1660831838&quot;,&quot;copyright&quot;:&quot;&quot;,&quot;focal_length&quot;:&quot;4.2&quot;,&quot;iso&quot;:&quot;64&quot;,&quot;shutter_speed&quot;:&quot;0.0010695187165775&quot;,&quot;title&quot;:&quot;&quot;,&quot;orientation&quot;:&quot;1&quot;}\" data-image-title=\"IMG_20220818_141039\" data-image-description=\"\" data-image-caption=\"\" data-medium-file=\"https:\/\/i0.wp.com\/www.spang.ch\/aude\/wp-content\/uploads\/2022\/08\/IMG_20220818_141039-scaled.jpg?fit=225%2C300\" data-large-file=\"https:\/\/i0.wp.com\/www.spang.ch\/aude\/wp-content\/uploads\/2022\/08\/IMG_20220818_141039-scaled.jpg?fit=768%2C1024\" tabindex=\"0\" role=\"button\" src=\"https:\/\/i0.wp.com\/www.spang.ch\/aude\/wp-content\/uploads\/2022\/08\/IMG_20220818_141039.jpg?resize=768%2C1024\" alt=\"\" class=\"wp-image-1353\" srcset=\"https:\/\/i0.wp.com\/www.spang.ch\/aude\/wp-content\/uploads\/2022\/08\/IMG_20220818_141039-scaled.jpg?resize=768%2C1024 768w, https:\/\/i0.wp.com\/www.spang.ch\/aude\/wp-content\/uploads\/2022\/08\/IMG_20220818_141039-scaled.jpg?resize=225%2C300 225w, https:\/\/i0.wp.com\/www.spang.ch\/aude\/wp-content\/uploads\/2022\/08\/IMG_20220818_141039-scaled.jpg?resize=1152%2C1536 1152w, https:\/\/i0.wp.com\/www.spang.ch\/aude\/wp-content\/uploads\/2022\/08\/IMG_20220818_141039-scaled.jpg?resize=1536%2C2048 1536w, https:\/\/i0.wp.com\/www.spang.ch\/aude\/wp-content\/uploads\/2022\/08\/IMG_20220818_141039-scaled.jpg?resize=630%2C840 630w, https:\/\/i0.wp.com\/www.spang.ch\/aude\/wp-content\/uploads\/2022\/08\/IMG_20220818_141039-scaled.jpg?resize=960%2C1280 960w, https:\/\/i0.wp.com\/www.spang.ch\/aude\/wp-content\/uploads\/2022\/08\/IMG_20220818_141039-scaled.jpg?w=1920 1920w\" sizes=\"(max-width: 768px) 100vw, 768px\" data-recalc-dims=\"1\" \/><\/a><\/figure><\/div>\n\n\n<p>Cette derni\u00e8re semaine sur l&#8217;\u00eele \u00e9tait pile ce qu&#8217;il me fallait pour me reposer un peu et faire le plein de paix int\u00e9rieure. Pas de voitures \u00e0 Caye Caulker, le plus gros type de v\u00e9hicule motoris\u00e9 que j&#8217;aie vu \u00e9taient les taxis-voitures de golf, que les locaux conduisent dans tous les sens pour trimballer des touristes \u00e0 travers les quelques rues du village (il fallait tout au plus quelques dizaines de minutes pour le traverser \u00e0 pied). Mais surtout, l&#8217;ambiance \u00e9tait encore plus relax qu&#8217;au Guatemala (si c&#8217;est possible?). Mon auberge de jeunesse s&#8217;appelait &#8220;Go slow&#8221; (va lentement\/ne te h\u00e2te pas). Apr\u00e8s que je lui ai dit au revoir, une serveuse m&#8217;a une fois r\u00e9pondu &#8220;take care, go slow&#8221; (&#8220;prends soin de toi, ne te presse pas&#8221;). Et c&#8217;\u00e9tait \u00e9crit un peu partout dans le village, aussi. Bref, un vrai \u00e9tat d&#8217;esprit, une injonction \u00e0 prendre son temps.<\/p>\n\n\n<div class=\"wp-block-image\">\n<figure class=\"aligncenter size-large\"><a href=\"https:\/\/i0.wp.com\/www.spang.ch\/aude\/wp-content\/uploads\/2022\/08\/IMG_20220818_195438-scaled.jpg\"><img loading=\"lazy\" decoding=\"async\" width=\"768\" height=\"1024\" data-attachment-id=\"1364\" data-permalink=\"http:\/\/www.spang.ch\/aude\/img_20220818_195438\/\" data-orig-file=\"https:\/\/i0.wp.com\/www.spang.ch\/aude\/wp-content\/uploads\/2022\/08\/IMG_20220818_195438-scaled.jpg?fit=1920%2C2560\" data-orig-size=\"1920,2560\" data-comments-opened=\"1\" data-image-meta=\"{&quot;aperture&quot;:&quot;1.7&quot;,&quot;credit&quot;:&quot;&quot;,&quot;camera&quot;:&quot;SM-G930F&quot;,&quot;caption&quot;:&quot;&quot;,&quot;created_timestamp&quot;:&quot;1660852478&quot;,&quot;copyright&quot;:&quot;&quot;,&quot;focal_length&quot;:&quot;4.2&quot;,&quot;iso&quot;:&quot;640&quot;,&quot;shutter_speed&quot;:&quot;0.04&quot;,&quot;title&quot;:&quot;&quot;,&quot;orientation&quot;:&quot;1&quot;}\" data-image-title=\"IMG_20220818_195438\" data-image-description=\"\" data-image-caption=\"&lt;p&gt;Votre attention s&#8217;il-vous-pla\u00eet&lt;\/p&gt;\n\" data-medium-file=\"https:\/\/i0.wp.com\/www.spang.ch\/aude\/wp-content\/uploads\/2022\/08\/IMG_20220818_195438-scaled.jpg?fit=225%2C300\" data-large-file=\"https:\/\/i0.wp.com\/www.spang.ch\/aude\/wp-content\/uploads\/2022\/08\/IMG_20220818_195438-scaled.jpg?fit=768%2C1024\" tabindex=\"0\" role=\"button\" src=\"https:\/\/i0.wp.com\/www.spang.ch\/aude\/wp-content\/uploads\/2022\/08\/IMG_20220818_195438.jpg?resize=768%2C1024\" alt=\"\" class=\"wp-image-1364\" srcset=\"https:\/\/i0.wp.com\/www.spang.ch\/aude\/wp-content\/uploads\/2022\/08\/IMG_20220818_195438-scaled.jpg?resize=768%2C1024 768w, https:\/\/i0.wp.com\/www.spang.ch\/aude\/wp-content\/uploads\/2022\/08\/IMG_20220818_195438-scaled.jpg?resize=225%2C300 225w, https:\/\/i0.wp.com\/www.spang.ch\/aude\/wp-content\/uploads\/2022\/08\/IMG_20220818_195438-scaled.jpg?resize=1152%2C1536 1152w, https:\/\/i0.wp.com\/www.spang.ch\/aude\/wp-content\/uploads\/2022\/08\/IMG_20220818_195438-scaled.jpg?resize=1536%2C2048 1536w, https:\/\/i0.wp.com\/www.spang.ch\/aude\/wp-content\/uploads\/2022\/08\/IMG_20220818_195438-scaled.jpg?resize=630%2C840 630w, https:\/\/i0.wp.com\/www.spang.ch\/aude\/wp-content\/uploads\/2022\/08\/IMG_20220818_195438-scaled.jpg?resize=960%2C1280 960w, https:\/\/i0.wp.com\/www.spang.ch\/aude\/wp-content\/uploads\/2022\/08\/IMG_20220818_195438-scaled.jpg?w=1920 1920w\" sizes=\"(max-width: 768px) 100vw, 768px\" data-recalc-dims=\"1\" \/><\/a><figcaption>Votre attention s&#8217;il-vous-pla\u00eet<\/figcaption><\/figure><\/div>\n\n\n<p>Une fois qu&#8217;il a commenc\u00e9 \u00e0 pleuvoir, ce fut d&#8217;ailleurs presque comme si tout s&#8217;arr\u00eatait. A quoi bon travailler quand il pleut? Si seulement on pouvait appliquer cette maxime \u00e0 la Suisse&#8230; ! Un matin, je suis sortie me balader sous la pluie chaude pour profiter des rues vides et de l&#8217;odeur de la mer. C&#8217;\u00e9tait apparemment si inhabituel qu&#8217;un local m&#8217;a dit de faire attention, que j&#8217;allais tomber malade ! Disons que ce n&#8217;est pas avec le climat de chez moi que j&#8217;allais tomber prendre froid sous une pluie tropicale.<\/p>\n\n\n<div class=\"wp-block-image\">\n<figure class=\"aligncenter size-large\"><a href=\"https:\/\/i0.wp.com\/www.spang.ch\/aude\/wp-content\/uploads\/2022\/08\/IMG_20220818_141905-scaled.jpg\"><img loading=\"lazy\" decoding=\"async\" width=\"768\" height=\"1024\" data-attachment-id=\"1356\" data-permalink=\"http:\/\/www.spang.ch\/aude\/img_20220818_141905\/\" data-orig-file=\"https:\/\/i0.wp.com\/www.spang.ch\/aude\/wp-content\/uploads\/2022\/08\/IMG_20220818_141905-scaled.jpg?fit=1920%2C2560\" data-orig-size=\"1920,2560\" data-comments-opened=\"1\" data-image-meta=\"{&quot;aperture&quot;:&quot;1.7&quot;,&quot;credit&quot;:&quot;&quot;,&quot;camera&quot;:&quot;SM-G930F&quot;,&quot;caption&quot;:&quot;&quot;,&quot;created_timestamp&quot;:&quot;1660832345&quot;,&quot;copyright&quot;:&quot;&quot;,&quot;focal_length&quot;:&quot;2.1&quot;,&quot;iso&quot;:&quot;100&quot;,&quot;shutter_speed&quot;:&quot;0&quot;,&quot;title&quot;:&quot;&quot;,&quot;orientation&quot;:&quot;1&quot;}\" data-image-title=\"IMG_20220818_141905\" data-image-description=\"\" data-image-caption=\"\" data-medium-file=\"https:\/\/i0.wp.com\/www.spang.ch\/aude\/wp-content\/uploads\/2022\/08\/IMG_20220818_141905-scaled.jpg?fit=225%2C300\" data-large-file=\"https:\/\/i0.wp.com\/www.spang.ch\/aude\/wp-content\/uploads\/2022\/08\/IMG_20220818_141905-scaled.jpg?fit=768%2C1024\" tabindex=\"0\" role=\"button\" src=\"https:\/\/i0.wp.com\/www.spang.ch\/aude\/wp-content\/uploads\/2022\/08\/IMG_20220818_141905.jpg?resize=768%2C1024\" alt=\"\" class=\"wp-image-1356\" srcset=\"https:\/\/i0.wp.com\/www.spang.ch\/aude\/wp-content\/uploads\/2022\/08\/IMG_20220818_141905-scaled.jpg?resize=768%2C1024 768w, https:\/\/i0.wp.com\/www.spang.ch\/aude\/wp-content\/uploads\/2022\/08\/IMG_20220818_141905-scaled.jpg?resize=225%2C300 225w, https:\/\/i0.wp.com\/www.spang.ch\/aude\/wp-content\/uploads\/2022\/08\/IMG_20220818_141905-scaled.jpg?resize=1152%2C1536 1152w, https:\/\/i0.wp.com\/www.spang.ch\/aude\/wp-content\/uploads\/2022\/08\/IMG_20220818_141905-scaled.jpg?resize=1536%2C2048 1536w, https:\/\/i0.wp.com\/www.spang.ch\/aude\/wp-content\/uploads\/2022\/08\/IMG_20220818_141905-scaled.jpg?resize=630%2C840 630w, https:\/\/i0.wp.com\/www.spang.ch\/aude\/wp-content\/uploads\/2022\/08\/IMG_20220818_141905-scaled.jpg?resize=960%2C1280 960w, https:\/\/i0.wp.com\/www.spang.ch\/aude\/wp-content\/uploads\/2022\/08\/IMG_20220818_141905-scaled.jpg?w=1920 1920w\" sizes=\"(max-width: 768px) 100vw, 768px\" data-recalc-dims=\"1\" \/><\/a><\/figure><\/div>\n\n\n<p>Si l&#8217;arriv\u00e9e au B\u00e9lize m&#8217;a d\u00e9barrass\u00e9e du harc\u00e8lement de rue, \u00e7a ne veut pas dire que les hommes locaux nous laissaient totalement tranquilles non plus. Le ton \u00e9tait tr\u00e8s diff\u00e9rent, et le consentement entrait particuli\u00e8rement plus en ligne de compte. Le flirt \u00e9tait omnipr\u00e9sent, mais bien moins mena\u00e7ant, ce qui rendait le tout beaucoup moins d\u00e9rangeant. Et au-del\u00e0 de l&#8217;aspect de genre, tout le monde \u00e9tait si amical ! Ce n&#8217;est pas banal, de passer sa journ\u00e9e \u00e0 s&#8217;entendre dire &#8220;my friend&#8221;, &#8220;sweetheart&#8221;, &#8220;beautiful&#8221;, &#8220;have a good day&#8221;. C&#8217;est de la positivit\u00e9 et des sourires qui font chaud au coeur, ou juste qui font du bien. C&#8217;est le genre d&#8217;\u00e9nergie qu&#8217;on devrait savoir cultiver en Suisse, pays si gris et si souvent peu chaleureux. Je ne peux pas imaginer le traumatisme que \u00e7a doit \u00eatre d&#8217;arriver en Suisse comme \u00e9tranger-\u00e8re en d\u00e9tresse, de non seulement ne rien conna\u00eetre des lieux et des codes mais en plus d&#8217;\u00eatre accueilli-e par des visages ferm\u00e9s et des lois hostiles.<\/p>\n\n\n<div class=\"wp-block-image\">\n<figure class=\"aligncenter size-large\"><a href=\"https:\/\/i0.wp.com\/www.spang.ch\/aude\/wp-content\/uploads\/2022\/08\/IMG_20220818_181031-scaled.jpg\"><img loading=\"lazy\" decoding=\"async\" width=\"1000\" height=\"750\" data-attachment-id=\"1363\" data-permalink=\"http:\/\/www.spang.ch\/aude\/img_20220818_181031\/\" data-orig-file=\"https:\/\/i0.wp.com\/www.spang.ch\/aude\/wp-content\/uploads\/2022\/08\/IMG_20220818_181031-scaled.jpg?fit=2560%2C1920\" data-orig-size=\"2560,1920\" data-comments-opened=\"1\" data-image-meta=\"{&quot;aperture&quot;:&quot;1.7&quot;,&quot;credit&quot;:&quot;&quot;,&quot;camera&quot;:&quot;SM-G930F&quot;,&quot;caption&quot;:&quot;&quot;,&quot;created_timestamp&quot;:&quot;1660846231&quot;,&quot;copyright&quot;:&quot;&quot;,&quot;focal_length&quot;:&quot;4.2&quot;,&quot;iso&quot;:&quot;64&quot;,&quot;shutter_speed&quot;:&quot;0.01&quot;,&quot;title&quot;:&quot;&quot;,&quot;orientation&quot;:&quot;1&quot;}\" data-image-title=\"IMG_20220818_181031\" data-image-description=\"\" data-image-caption=\"\" data-medium-file=\"https:\/\/i0.wp.com\/www.spang.ch\/aude\/wp-content\/uploads\/2022\/08\/IMG_20220818_181031-scaled.jpg?fit=300%2C225\" data-large-file=\"https:\/\/i0.wp.com\/www.spang.ch\/aude\/wp-content\/uploads\/2022\/08\/IMG_20220818_181031-scaled.jpg?fit=1000%2C750\" tabindex=\"0\" role=\"button\" src=\"https:\/\/i0.wp.com\/www.spang.ch\/aude\/wp-content\/uploads\/2022\/08\/IMG_20220818_181031.jpg?resize=1000%2C750\" alt=\"\" class=\"wp-image-1363\" srcset=\"https:\/\/i0.wp.com\/www.spang.ch\/aude\/wp-content\/uploads\/2022\/08\/IMG_20220818_181031-scaled.jpg?resize=1024%2C768 1024w, https:\/\/i0.wp.com\/www.spang.ch\/aude\/wp-content\/uploads\/2022\/08\/IMG_20220818_181031-scaled.jpg?resize=300%2C225 300w, https:\/\/i0.wp.com\/www.spang.ch\/aude\/wp-content\/uploads\/2022\/08\/IMG_20220818_181031-scaled.jpg?resize=768%2C576 768w, https:\/\/i0.wp.com\/www.spang.ch\/aude\/wp-content\/uploads\/2022\/08\/IMG_20220818_181031-scaled.jpg?resize=1536%2C1152 1536w, https:\/\/i0.wp.com\/www.spang.ch\/aude\/wp-content\/uploads\/2022\/08\/IMG_20220818_181031-scaled.jpg?resize=2048%2C1536 2048w, https:\/\/i0.wp.com\/www.spang.ch\/aude\/wp-content\/uploads\/2022\/08\/IMG_20220818_181031-scaled.jpg?resize=400%2C300 400w\" sizes=\"(max-width: 1000px) 100vw, 1000px\" data-recalc-dims=\"1\" \/><\/a><\/figure><\/div>\n\n\n<p>Apr\u00e8s trois semaines de route dont une semaine de pluie, la plupart des affaires que j&#8217;avais avec moins \u00e9taient humides, voire sales. Quant \u00e0 moi, j&#8217;avais les yeux pleins de beaut\u00e9 et le corps repos\u00e9. Apr\u00e8s une dernier passage \u00e0 la mer pour lui dire au revoir avec le lever de soleil, j&#8217;\u00e9tais pr\u00eate \u00e0 prendre le chemin du retour. Celui-ci a demand\u00e9 une certaine quantit\u00e9 de foi (pas un mot que j&#8217;utilise souvent): depuis Caye Caulker, j&#8217;ai \u00e9crit au num\u00e9ro whatsapp priv\u00e9 de l&#8217;employ\u00e9 d&#8217;une agence de voyage, qui nous avait laiss\u00e9 son contact, et nous avons convenu que je prendrais un bus de Belize City, o\u00f9 il se trouvait, \u00e0 Ciudad de Guatemala. Arriv\u00e9e \u00e0 Belize City apr\u00e8s 2h de bateau, je l&#8217;ai retrouv\u00e9 et lui ai pay\u00e9 le billet, mais n&#8217;ai pas re\u00e7u de billet ou quelconque preuve de paiement en retour. On m&#8217;a juste dit d&#8217;attendre quelque part en attendant qu&#8217;on vienne me chercher, avec d&#8217;autres voyagereuses qui attendaient. Finalement, on nous a fait monter dans un minibus (je vous passe le fait d&#8217;accepter de se s\u00e9parer de son sac pour qu&#8217;il voyage dans une remorque attach\u00e9e \u00e0 un autre bus, les arr\u00eats \u00e0 des endroits inattendus, &#8230;) qui nous a amen\u00e9s jusqu&#8217;\u00e0 la fronti\u00e8re. <\/p>\n\n\n<div class=\"wp-block-image\">\n<figure class=\"aligncenter size-large\"><a href=\"https:\/\/i0.wp.com\/www.spang.ch\/aude\/wp-content\/uploads\/2022\/08\/IMG-20220819-WA0014.jpg\"><img loading=\"lazy\" decoding=\"async\" width=\"1000\" height=\"753\" data-attachment-id=\"1413\" data-permalink=\"http:\/\/www.spang.ch\/aude\/img-20220819-wa0014\/\" data-orig-file=\"https:\/\/i0.wp.com\/www.spang.ch\/aude\/wp-content\/uploads\/2022\/08\/IMG-20220819-WA0014.jpg?fit=1600%2C1204\" data-orig-size=\"1600,1204\" data-comments-opened=\"1\" data-image-meta=\"{&quot;aperture&quot;:&quot;0&quot;,&quot;credit&quot;:&quot;&quot;,&quot;camera&quot;:&quot;&quot;,&quot;caption&quot;:&quot;&quot;,&quot;created_timestamp&quot;:&quot;0&quot;,&quot;copyright&quot;:&quot;&quot;,&quot;focal_length&quot;:&quot;0&quot;,&quot;iso&quot;:&quot;0&quot;,&quot;shutter_speed&quot;:&quot;0&quot;,&quot;title&quot;:&quot;&quot;,&quot;orientation&quot;:&quot;0&quot;}\" data-image-title=\"IMG-20220819-WA0014\" data-image-description=\"\" data-image-caption=\"\" data-medium-file=\"https:\/\/i0.wp.com\/www.spang.ch\/aude\/wp-content\/uploads\/2022\/08\/IMG-20220819-WA0014.jpg?fit=300%2C226\" data-large-file=\"https:\/\/i0.wp.com\/www.spang.ch\/aude\/wp-content\/uploads\/2022\/08\/IMG-20220819-WA0014.jpg?fit=1000%2C753\" tabindex=\"0\" role=\"button\" src=\"https:\/\/i0.wp.com\/www.spang.ch\/aude\/wp-content\/uploads\/2022\/08\/IMG-20220819-WA0014.jpg?resize=1000%2C753\" alt=\"\" class=\"wp-image-1413\" srcset=\"https:\/\/i0.wp.com\/www.spang.ch\/aude\/wp-content\/uploads\/2022\/08\/IMG-20220819-WA0014.jpg?resize=1024%2C771 1024w, https:\/\/i0.wp.com\/www.spang.ch\/aude\/wp-content\/uploads\/2022\/08\/IMG-20220819-WA0014.jpg?resize=300%2C226 300w, https:\/\/i0.wp.com\/www.spang.ch\/aude\/wp-content\/uploads\/2022\/08\/IMG-20220819-WA0014.jpg?resize=768%2C578 768w, https:\/\/i0.wp.com\/www.spang.ch\/aude\/wp-content\/uploads\/2022\/08\/IMG-20220819-WA0014.jpg?resize=1536%2C1156 1536w, https:\/\/i0.wp.com\/www.spang.ch\/aude\/wp-content\/uploads\/2022\/08\/IMG-20220819-WA0014.jpg?resize=399%2C300 399w, https:\/\/i0.wp.com\/www.spang.ch\/aude\/wp-content\/uploads\/2022\/08\/IMG-20220819-WA0014.jpg?w=1600 1600w\" sizes=\"(max-width: 1000px) 100vw, 1000px\" data-recalc-dims=\"1\" \/><\/a><\/figure><\/div>\n\n\n<p>L\u00e0, on nous a donn\u00e9 un bracelet de papier color\u00e9 et on nous a dit de traverser la fronti\u00e8re et trouver les gens de l&#8217;agence de l&#8217;autre c\u00f4t\u00e9, ce que nous avons fait. Une fois trouv\u00e9s nos conducteurs, il a suffi de donner notre nom pour confirmer qu&#8217;on pouvait bien rouler. On m&#8217;a amen\u00e9e \u00e0 la Flores, o\u00f9, apr\u00e8s un dernier souper de tortillas locales, il me fallait encore trouver la bonne agence de voyage pour (enfin!) recevoir un billet me permettant de prendre un gros bus de nuit direction Ciudad de Guate. L\u00e0 aussi, il a suffi de dire le nom de l&#8217;employ\u00e9 de l&#8217;agence au B\u00e9lize pour qu&#8217;on fasse le lien et que je puisse voyager. Comme souvent en Am\u00e9rique latine, il aura fallu de sacr\u00e9es doses de confiance aveugle, et tout semble passablement informel, mais \u00e7a fonctionne ! <\/p>\n\n\n<div class=\"wp-block-image\">\n<figure class=\"aligncenter size-large\"><a href=\"https:\/\/i0.wp.com\/www.spang.ch\/aude\/wp-content\/uploads\/2022\/08\/IMG_20220816_200628-scaled.jpg\"><img loading=\"lazy\" decoding=\"async\" width=\"1000\" height=\"750\" data-attachment-id=\"1340\" data-permalink=\"http:\/\/www.spang.ch\/aude\/img_20220816_200628\/\" data-orig-file=\"https:\/\/i0.wp.com\/www.spang.ch\/aude\/wp-content\/uploads\/2022\/08\/IMG_20220816_200628-scaled.jpg?fit=2560%2C1920\" data-orig-size=\"2560,1920\" data-comments-opened=\"1\" data-image-meta=\"{&quot;aperture&quot;:&quot;1.7&quot;,&quot;credit&quot;:&quot;&quot;,&quot;camera&quot;:&quot;SM-G930F&quot;,&quot;caption&quot;:&quot;&quot;,&quot;created_timestamp&quot;:&quot;1660680388&quot;,&quot;copyright&quot;:&quot;&quot;,&quot;focal_length&quot;:&quot;4.2&quot;,&quot;iso&quot;:&quot;3200&quot;,&quot;shutter_speed&quot;:&quot;0.04&quot;,&quot;title&quot;:&quot;&quot;,&quot;orientation&quot;:&quot;1&quot;}\" data-image-title=\"IMG_20220816_200628\" data-image-description=\"\" data-image-caption=\"&lt;p&gt;Balade nocturne&lt;\/p&gt;\n\" data-medium-file=\"https:\/\/i0.wp.com\/www.spang.ch\/aude\/wp-content\/uploads\/2022\/08\/IMG_20220816_200628-scaled.jpg?fit=300%2C225\" data-large-file=\"https:\/\/i0.wp.com\/www.spang.ch\/aude\/wp-content\/uploads\/2022\/08\/IMG_20220816_200628-scaled.jpg?fit=1000%2C750\" tabindex=\"0\" role=\"button\" src=\"https:\/\/i0.wp.com\/www.spang.ch\/aude\/wp-content\/uploads\/2022\/08\/IMG_20220816_200628.jpg?resize=1000%2C750\" alt=\"\" class=\"wp-image-1340\" srcset=\"https:\/\/i0.wp.com\/www.spang.ch\/aude\/wp-content\/uploads\/2022\/08\/IMG_20220816_200628-scaled.jpg?resize=1024%2C768 1024w, https:\/\/i0.wp.com\/www.spang.ch\/aude\/wp-content\/uploads\/2022\/08\/IMG_20220816_200628-scaled.jpg?resize=300%2C225 300w, https:\/\/i0.wp.com\/www.spang.ch\/aude\/wp-content\/uploads\/2022\/08\/IMG_20220816_200628-scaled.jpg?resize=768%2C576 768w, https:\/\/i0.wp.com\/www.spang.ch\/aude\/wp-content\/uploads\/2022\/08\/IMG_20220816_200628-scaled.jpg?resize=1536%2C1152 1536w, https:\/\/i0.wp.com\/www.spang.ch\/aude\/wp-content\/uploads\/2022\/08\/IMG_20220816_200628-scaled.jpg?resize=2048%2C1536 2048w, https:\/\/i0.wp.com\/www.spang.ch\/aude\/wp-content\/uploads\/2022\/08\/IMG_20220816_200628-scaled.jpg?resize=400%2C300 400w\" sizes=\"(max-width: 1000px) 100vw, 1000px\" data-recalc-dims=\"1\" \/><\/a><figcaption>Balade nocturne<\/figcaption><\/figure><\/div>\n\n\n<p>Ce trajet aura dur\u00e9 de 10h du matin vendredi \u00e0 9h samedi (y compris retard de 3h sur le programme annonc\u00e9, comme de bien entendu), ce qui \u00e9tait \u00e0 temps pour aller prendre mon avion sans stress, quelques heures plus tard. J&#8217;\u00e9tais quand m\u00eame un peu soulag\u00e9e d&#8217;\u00eatre de retour au Guatemala et en terres hispanophones, m\u00eame bri\u00e8vement, avant de repartir. Apr\u00e8s tout, c&#8217;est le Guate qui m&#8217;avait attir\u00e9e, et le B\u00e9lize &#8220;ce n&#8217;est pas vraiment l&#8217;Am\u00e9rique centrale&#8221; (apparemment c&#8217;est ce que le pays dit de lui-m\u00eame). Le vol de retour aura dur\u00e9 une vingtaine d&#8217;heures, avec (malheureusement) deux correspondances, ce qui fait qu&#8217;en trois jours de trajet j&#8217;ai relativement peu dormi &#8211; \u00e7a m&#8217;a bien aid\u00e9e \u00e0 r\u00e9cup\u00e9rer le bon rythme au retour, malgr\u00e9 le gros d\u00e9calage horaire !<\/p>\n\n\n<div class=\"wp-block-image\">\n<figure class=\"aligncenter size-large\"><a href=\"https:\/\/i0.wp.com\/www.spang.ch\/aude\/wp-content\/uploads\/2022\/08\/IMG_20220819_104720-scaled.jpg\"><img loading=\"lazy\" decoding=\"async\" width=\"1000\" height=\"750\" data-attachment-id=\"1374\" data-permalink=\"http:\/\/www.spang.ch\/aude\/img_20220819_104720\/\" data-orig-file=\"https:\/\/i0.wp.com\/www.spang.ch\/aude\/wp-content\/uploads\/2022\/08\/IMG_20220819_104720-scaled.jpg?fit=2560%2C1920\" data-orig-size=\"2560,1920\" data-comments-opened=\"1\" data-image-meta=\"{&quot;aperture&quot;:&quot;1.7&quot;,&quot;credit&quot;:&quot;&quot;,&quot;camera&quot;:&quot;SM-G930F&quot;,&quot;caption&quot;:&quot;&quot;,&quot;created_timestamp&quot;:&quot;1660906040&quot;,&quot;copyright&quot;:&quot;&quot;,&quot;focal_length&quot;:&quot;2.1&quot;,&quot;iso&quot;:&quot;100&quot;,&quot;shutter_speed&quot;:&quot;0&quot;,&quot;title&quot;:&quot;&quot;,&quot;orientation&quot;:&quot;1&quot;}\" data-image-title=\"IMG_20220819_104720\" data-image-description=\"\" data-image-caption=\"&lt;p&gt;A la prochaine, les Cara\u00efbes!&lt;\/p&gt;\n\" data-medium-file=\"https:\/\/i0.wp.com\/www.spang.ch\/aude\/wp-content\/uploads\/2022\/08\/IMG_20220819_104720-scaled.jpg?fit=300%2C225\" data-large-file=\"https:\/\/i0.wp.com\/www.spang.ch\/aude\/wp-content\/uploads\/2022\/08\/IMG_20220819_104720-scaled.jpg?fit=1000%2C750\" tabindex=\"0\" role=\"button\" src=\"https:\/\/i0.wp.com\/www.spang.ch\/aude\/wp-content\/uploads\/2022\/08\/IMG_20220819_104720.jpg?resize=1000%2C750\" alt=\"\" class=\"wp-image-1374\" srcset=\"https:\/\/i0.wp.com\/www.spang.ch\/aude\/wp-content\/uploads\/2022\/08\/IMG_20220819_104720-scaled.jpg?resize=1024%2C768 1024w, https:\/\/i0.wp.com\/www.spang.ch\/aude\/wp-content\/uploads\/2022\/08\/IMG_20220819_104720-scaled.jpg?resize=300%2C225 300w, https:\/\/i0.wp.com\/www.spang.ch\/aude\/wp-content\/uploads\/2022\/08\/IMG_20220819_104720-scaled.jpg?resize=768%2C576 768w, https:\/\/i0.wp.com\/www.spang.ch\/aude\/wp-content\/uploads\/2022\/08\/IMG_20220819_104720-scaled.jpg?resize=1536%2C1152 1536w, https:\/\/i0.wp.com\/www.spang.ch\/aude\/wp-content\/uploads\/2022\/08\/IMG_20220819_104720-scaled.jpg?resize=2048%2C1536 2048w, https:\/\/i0.wp.com\/www.spang.ch\/aude\/wp-content\/uploads\/2022\/08\/IMG_20220819_104720-scaled.jpg?resize=400%2C300 400w\" sizes=\"(max-width: 1000px) 100vw, 1000px\" data-recalc-dims=\"1\" \/><\/a><\/figure><\/div>\n\n<div class=\"wp-block-image\">\n<figure class=\"aligncenter size-large\"><a href=\"https:\/\/i0.wp.com\/www.spang.ch\/aude\/wp-content\/uploads\/2022\/08\/IMG_20220819_054506-scaled.jpg\"><img loading=\"lazy\" decoding=\"async\" width=\"1000\" height=\"750\" data-attachment-id=\"1369\" data-permalink=\"http:\/\/www.spang.ch\/aude\/img_20220819_054506\/\" data-orig-file=\"https:\/\/i0.wp.com\/www.spang.ch\/aude\/wp-content\/uploads\/2022\/08\/IMG_20220819_054506-scaled.jpg?fit=2560%2C1920\" data-orig-size=\"2560,1920\" data-comments-opened=\"1\" data-image-meta=\"{&quot;aperture&quot;:&quot;1.7&quot;,&quot;credit&quot;:&quot;&quot;,&quot;camera&quot;:&quot;SM-G930F&quot;,&quot;caption&quot;:&quot;&quot;,&quot;created_timestamp&quot;:&quot;1660887906&quot;,&quot;copyright&quot;:&quot;&quot;,&quot;focal_length&quot;:&quot;4.2&quot;,&quot;iso&quot;:&quot;64&quot;,&quot;shutter_speed&quot;:&quot;0.00096339113680154&quot;,&quot;title&quot;:&quot;&quot;,&quot;orientation&quot;:&quot;1&quot;}\" data-image-title=\"IMG_20220819_054506\" data-image-description=\"\" data-image-caption=\"&lt;p&gt;Lever de soleil pour dire au revoir \u00e0 la mer&lt;\/p&gt;\n\" data-medium-file=\"https:\/\/i0.wp.com\/www.spang.ch\/aude\/wp-content\/uploads\/2022\/08\/IMG_20220819_054506-scaled.jpg?fit=300%2C225\" data-large-file=\"https:\/\/i0.wp.com\/www.spang.ch\/aude\/wp-content\/uploads\/2022\/08\/IMG_20220819_054506-scaled.jpg?fit=1000%2C750\" tabindex=\"0\" role=\"button\" src=\"https:\/\/i0.wp.com\/www.spang.ch\/aude\/wp-content\/uploads\/2022\/08\/IMG_20220819_054506.jpg?resize=1000%2C750\" alt=\"\" class=\"wp-image-1369\" srcset=\"https:\/\/i0.wp.com\/www.spang.ch\/aude\/wp-content\/uploads\/2022\/08\/IMG_20220819_054506-scaled.jpg?resize=1024%2C768 1024w, https:\/\/i0.wp.com\/www.spang.ch\/aude\/wp-content\/uploads\/2022\/08\/IMG_20220819_054506-scaled.jpg?resize=300%2C225 300w, https:\/\/i0.wp.com\/www.spang.ch\/aude\/wp-content\/uploads\/2022\/08\/IMG_20220819_054506-scaled.jpg?resize=768%2C576 768w, https:\/\/i0.wp.com\/www.spang.ch\/aude\/wp-content\/uploads\/2022\/08\/IMG_20220819_054506-scaled.jpg?resize=1536%2C1152 1536w, https:\/\/i0.wp.com\/www.spang.ch\/aude\/wp-content\/uploads\/2022\/08\/IMG_20220819_054506-scaled.jpg?resize=2048%2C1536 2048w, https:\/\/i0.wp.com\/www.spang.ch\/aude\/wp-content\/uploads\/2022\/08\/IMG_20220819_054506-scaled.jpg?resize=400%2C300 400w\" sizes=\"(max-width: 1000px) 100vw, 1000px\" data-recalc-dims=\"1\" \/><\/a><figcaption>Lever de soleil pour dire au revoir \u00e0 la mer<\/figcaption><\/figure><\/div>\n\n\n<p>Je suis revenue avec le coeur plein de visages, les oreilles pleines d&#8217;histoires, la t\u00eate pleine d&#8217;exp\u00e9riences et un \u00e9tat d&#8217;esprit au ralenti. J&#8217;ai rencontr\u00e9 de nombreuses personnes avec qui, au lieu de parler politique, les sujets de discussion principaux \u00e9taient les animaux, endroits, fruits ou plantes qu&#8217;on a aim\u00e9s. J&#8217;ai pu appr\u00e9cier la vie diff\u00e9remment, constant rappel que notre mode de vie europ\u00e9en n&#8217;est pas n\u00e9cessairement bon, et certainement pas sup\u00e9rieur. Je me suis souvenue comme voyager seule quand on est une femme demande une plus grosse paire d&#8217;ovaires que quand on est un homme, mais que c&#8217;est toujours aussi possible&#8230; m\u00eame dans un pays que beaucoup per\u00e7oivent comme dangereux et avec une longue histoire de dictatures li\u00e9es au capitalisme des USA et de r\u00e9publique banani\u00e8re (le Guate \u00e9tait l&#8217;un des \u00e9picentres du pouvoir de la terrible United Fruit Company, <a rel=\"noreferrer noopener\" href=\"https:\/\/en.wikipedia.org\/wiki\/United_Fruit_Company#Guatemala\" target=\"_blank\">cliquez ici pour en savoir plus<\/a>). Je crois que j&#8217;ai ramen\u00e9 avec moi, au moins pour quelque temps, le rythme latino qui permet de bien profiter de la vie.<\/p>\n\n\n<div class=\"wp-block-image\">\n<figure class=\"aligncenter size-large\"><a href=\"https:\/\/i0.wp.com\/www.spang.ch\/aude\/wp-content\/uploads\/2022\/08\/IMG_20220819_104641-scaled.jpg\"><img loading=\"lazy\" decoding=\"async\" width=\"1000\" height=\"750\" data-attachment-id=\"1371\" data-permalink=\"http:\/\/www.spang.ch\/aude\/img_20220819_104641\/\" data-orig-file=\"https:\/\/i0.wp.com\/www.spang.ch\/aude\/wp-content\/uploads\/2022\/08\/IMG_20220819_104641-scaled.jpg?fit=2560%2C1920\" data-orig-size=\"2560,1920\" data-comments-opened=\"1\" data-image-meta=\"{&quot;aperture&quot;:&quot;1.7&quot;,&quot;credit&quot;:&quot;&quot;,&quot;camera&quot;:&quot;SM-G930F&quot;,&quot;caption&quot;:&quot;&quot;,&quot;created_timestamp&quot;:&quot;1660906001&quot;,&quot;copyright&quot;:&quot;&quot;,&quot;focal_length&quot;:&quot;4.2&quot;,&quot;iso&quot;:&quot;64&quot;,&quot;shutter_speed&quot;:&quot;0.00031496062992126&quot;,&quot;title&quot;:&quot;&quot;,&quot;orientation&quot;:&quot;1&quot;}\" data-image-title=\"IMG_20220819_104641\" data-image-description=\"\" data-image-caption=\"&lt;p&gt;Caye Caulker&lt;\/p&gt;\n\" data-medium-file=\"https:\/\/i0.wp.com\/www.spang.ch\/aude\/wp-content\/uploads\/2022\/08\/IMG_20220819_104641-scaled.jpg?fit=300%2C225\" data-large-file=\"https:\/\/i0.wp.com\/www.spang.ch\/aude\/wp-content\/uploads\/2022\/08\/IMG_20220819_104641-scaled.jpg?fit=1000%2C750\" tabindex=\"0\" role=\"button\" src=\"https:\/\/i0.wp.com\/www.spang.ch\/aude\/wp-content\/uploads\/2022\/08\/IMG_20220819_104641.jpg?resize=1000%2C750\" alt=\"\" class=\"wp-image-1371\" srcset=\"https:\/\/i0.wp.com\/www.spang.ch\/aude\/wp-content\/uploads\/2022\/08\/IMG_20220819_104641-scaled.jpg?resize=1024%2C768 1024w, https:\/\/i0.wp.com\/www.spang.ch\/aude\/wp-content\/uploads\/2022\/08\/IMG_20220819_104641-scaled.jpg?resize=300%2C225 300w, https:\/\/i0.wp.com\/www.spang.ch\/aude\/wp-content\/uploads\/2022\/08\/IMG_20220819_104641-scaled.jpg?resize=768%2C576 768w, https:\/\/i0.wp.com\/www.spang.ch\/aude\/wp-content\/uploads\/2022\/08\/IMG_20220819_104641-scaled.jpg?resize=1536%2C1152 1536w, https:\/\/i0.wp.com\/www.spang.ch\/aude\/wp-content\/uploads\/2022\/08\/IMG_20220819_104641-scaled.jpg?resize=2048%2C1536 2048w, https:\/\/i0.wp.com\/www.spang.ch\/aude\/wp-content\/uploads\/2022\/08\/IMG_20220819_104641-scaled.jpg?resize=400%2C300 400w\" sizes=\"(max-width: 1000px) 100vw, 1000px\" data-recalc-dims=\"1\" \/><\/a><figcaption>A la prochaine, les Cara\u00efbes!<\/figcaption><\/figure><\/div>\n\n\n<p>J&#8217;ai \u00e9t\u00e9 accompagn\u00e9e par de magnifiques lectures. J&#8217;ai pris avec moi l&#8217;excellent r\u00e9cit de voyage &#8220;Lisi\u00e8res&#8221; de Kapka Kassabova (&#8220;Borders&#8221; en anglais), que je ne peux que recommander. Il s&#8217;agit de l&#8217;histoire vraie d&#8217;une bulgare vivant en Ecosse et de retour dans son pays natal pour \u00e9crire un livre sur la notion de fronti\u00e8re, dans la zone entre la Bulgarie, la Turquie et la Gr\u00e8ce, o\u00f9 la fronti\u00e8re \u00e9tait ferm\u00e9e herm\u00e9tiquement durant la guerre froide et qui a vu mourir de nombreuses personnes cherchant \u00e0 s&#8217;\u00e9chapper. La r\u00e9gion est impr\u00e9gn\u00e9e par l&#8217;histoire des d\u00e9placements de populations musulmanes et chr\u00e9tiennes et par les abus des pouvoirs politiques, les habitant-e-s du coin sont de tous c\u00f4t\u00e9s marqu\u00e9-e-s par sa pr\u00e9sence, \u00e0 travers les histoires individuelles, familiales et collectives. Cette femme qui est partie mais revient nous permet de vivre une aventure \u00e0 laquelle nous n&#8217;aurions pas acc\u00e8s, sans ma\u00eetriser ni la langue ni les codes locaux. Et c&#8217;est magnifique. Elle s&#8217;installe dans un village pendant plusieurs semaines et \u00e9coute les histoires que les gens ont \u00e0 raconter. Elle va l\u00e0 o\u00f9 on l&#8217;envoie, parler avec telle personne ou visiter tel endroit pour creuser le sujet plus, comme une journaliste s&#8217;impliquant personnellement. Elle se retrouve m\u00eame \u00e0 traverser une fronti\u00e8re ill\u00e9galement avec un passeur, ou \u00e0 discuter avec des syrien-ne-s dans un camp de r\u00e9fugi\u00e9-e-s. Tellement de r\u00e9cits particuliers, certains si loufoques qu&#8217;on a parfois l&#8217;impression de lire de la fiction. Splendide.<\/p>\n\n\n\n<blockquote class=\"wp-block-quote is-layout-flow wp-block-quote-is-layout-flow\"><p>&#8220;Mon coeur \u00e9tait lourd de cadeaux, et ma t\u00eate emplie de voix&#8221;<\/p><cite>Kapka Kassabova<\/cite><\/blockquote>\n\n\n<div class=\"wp-block-image\">\n<figure class=\"aligncenter size-large\"><a href=\"https:\/\/i0.wp.com\/www.spang.ch\/aude\/wp-content\/uploads\/2022\/08\/IMG_20220815_143127-scaled.jpg\"><img loading=\"lazy\" decoding=\"async\" width=\"1000\" height=\"750\" data-attachment-id=\"1317\" data-permalink=\"http:\/\/www.spang.ch\/aude\/img_20220815_143127\/\" data-orig-file=\"https:\/\/i0.wp.com\/www.spang.ch\/aude\/wp-content\/uploads\/2022\/08\/IMG_20220815_143127-scaled.jpg?fit=2560%2C1920\" data-orig-size=\"2560,1920\" data-comments-opened=\"1\" data-image-meta=\"{&quot;aperture&quot;:&quot;1.7&quot;,&quot;credit&quot;:&quot;&quot;,&quot;camera&quot;:&quot;SM-G930F&quot;,&quot;caption&quot;:&quot;&quot;,&quot;created_timestamp&quot;:&quot;1660573887&quot;,&quot;copyright&quot;:&quot;&quot;,&quot;focal_length&quot;:&quot;2.1&quot;,&quot;iso&quot;:&quot;100&quot;,&quot;shutter_speed&quot;:&quot;0&quot;,&quot;title&quot;:&quot;&quot;,&quot;orientation&quot;:&quot;1&quot;}\" data-image-title=\"IMG_20220815_143127\" data-image-description=\"\" data-image-caption=\"\" data-medium-file=\"https:\/\/i0.wp.com\/www.spang.ch\/aude\/wp-content\/uploads\/2022\/08\/IMG_20220815_143127-scaled.jpg?fit=300%2C225\" data-large-file=\"https:\/\/i0.wp.com\/www.spang.ch\/aude\/wp-content\/uploads\/2022\/08\/IMG_20220815_143127-scaled.jpg?fit=1000%2C750\" tabindex=\"0\" role=\"button\" src=\"https:\/\/i0.wp.com\/www.spang.ch\/aude\/wp-content\/uploads\/2022\/08\/IMG_20220815_143127.jpg?resize=1000%2C750\" alt=\"\" class=\"wp-image-1317\" srcset=\"https:\/\/i0.wp.com\/www.spang.ch\/aude\/wp-content\/uploads\/2022\/08\/IMG_20220815_143127-scaled.jpg?resize=1024%2C768 1024w, https:\/\/i0.wp.com\/www.spang.ch\/aude\/wp-content\/uploads\/2022\/08\/IMG_20220815_143127-scaled.jpg?resize=300%2C225 300w, https:\/\/i0.wp.com\/www.spang.ch\/aude\/wp-content\/uploads\/2022\/08\/IMG_20220815_143127-scaled.jpg?resize=768%2C576 768w, https:\/\/i0.wp.com\/www.spang.ch\/aude\/wp-content\/uploads\/2022\/08\/IMG_20220815_143127-scaled.jpg?resize=1536%2C1152 1536w, https:\/\/i0.wp.com\/www.spang.ch\/aude\/wp-content\/uploads\/2022\/08\/IMG_20220815_143127-scaled.jpg?resize=2048%2C1536 2048w, https:\/\/i0.wp.com\/www.spang.ch\/aude\/wp-content\/uploads\/2022\/08\/IMG_20220815_143127-scaled.jpg?resize=400%2C300 400w\" sizes=\"(max-width: 1000px) 100vw, 1000px\" data-recalc-dims=\"1\" \/><\/a><figcaption>La mer, le vent, le soleil&#8230; on y retourne quand vous voulez!<\/figcaption><\/figure><\/div>\n\n\n<p>Je recommande aussi &#8220;The Midnight Library&#8221;, par Matt Haig, que j&#8217;ai trouv\u00e9 \u00e0 Londres en attendant le dernier vol me ramenant en Suisse. Une femme qui est morte se retrouve dans une librairie entre les mondes, qui lui permet de tester toutes les vies qu&#8217;elle n&#8217;a pas v\u00e9cues, de voir ce qu&#8217;elle aurait pu faire si elle avait fait des choix diff\u00e9rents. Il se d\u00e9vore en deux jours (ma soeur l&#8217;a d\u00e9j\u00e0 ador\u00e9 !), est tr\u00e8s bien \u00e9crit et plein de sens, avec une belle approche sur ce qui est important dans la vie.<\/p>\n\n\n\n<blockquote class=\"wp-block-quote is-layout-flow wp-block-quote-is-layout-flow\"><p>&#8220;All beautiful things in life are wild and free&#8221;<\/p><cite>Matt Haig<\/cite><\/blockquote>\n\n\n\n<p>Il va sans dire qu&#8217;apr\u00e8s trois semaines en route, j&#8217;avais eu bien le temps d&#8217;oublier la vie quotidienne en Suisse et de profond\u00e9ment d\u00e9connecter de ce qui m&#8217;y occupe. A une exception pr\u00e8s. J&#8217;\u00e9tais bien entendu plus qu&#8217;heureuse de retrouver Marc, qui est venu m&#8217;attendre \u00e0 l&#8217;a\u00e9roport et qui avait bien vaillamment support\u00e9 la canicule en \u00e9tudiant au milieu de l&#8217;\u00e9t\u00e9, pendant que je vagabondais \u00e0 travers l&#8217;Am\u00e9rique centrale. Il \u00e9tait une merveilleuse raison de rentrer de ce voyage que je ne suis pas pr\u00eate d&#8217;oublier, sans regrets et le coeur l\u00e9ger. <\/p>\n\n\n\n<p>Je me r\u00e9jouis d\u00e9j\u00e0 de la prochaine aventure ! Hasta luego, Latinoam\u00e9rica !<\/p>\n\n\n\n<p><\/p>\n\n\n\n<p>PS: j&#8217;ai post\u00e9 dans ces articles les photos prises avec mon t\u00e9l\u00e9phone, parce que c&#8217;\u00e9tait plus simple et parce que je n&#8217;avais pas encore tri\u00e9 mes photos prises avec l&#8217;appareil photo. C&#8217;est maintenant fait. Si vous voulez d\u00e9couvrir un peu plus du Guatemala, <a href=\"https:\/\/photos.app.goo.gl\/GCGQZhHJmN7JWKWA9\" data-type=\"URL\" data-id=\"https:\/\/photos.app.goo.gl\/GCGQZhHJmN7JWKWA9\">retrouvez mes photos ICI!<\/a><\/p>\n\n\n\n<figure class=\"wp-block-image size-large\"><a href=\"https:\/\/i0.wp.com\/www.spang.ch\/aude\/wp-content\/uploads\/2022\/08\/IMG-20220812-WA0012.jpg\"><img loading=\"lazy\" decoding=\"async\" width=\"768\" height=\"1024\" data-attachment-id=\"1387\" data-permalink=\"http:\/\/www.spang.ch\/aude\/img-20220812-wa0012\/\" data-orig-file=\"https:\/\/i0.wp.com\/www.spang.ch\/aude\/wp-content\/uploads\/2022\/08\/IMG-20220812-WA0012.jpg?fit=1536%2C2048\" data-orig-size=\"1536,2048\" data-comments-opened=\"1\" data-image-meta=\"{&quot;aperture&quot;:&quot;0&quot;,&quot;credit&quot;:&quot;&quot;,&quot;camera&quot;:&quot;&quot;,&quot;caption&quot;:&quot;&quot;,&quot;created_timestamp&quot;:&quot;0&quot;,&quot;copyright&quot;:&quot;&quot;,&quot;focal_length&quot;:&quot;0&quot;,&quot;iso&quot;:&quot;0&quot;,&quot;shutter_speed&quot;:&quot;0&quot;,&quot;title&quot;:&quot;&quot;,&quot;orientation&quot;:&quot;0&quot;}\" data-image-title=\"IMG-20220812-WA0012\" data-image-description=\"\" data-image-caption=\"&lt;p&gt;Un de meilleurs souvenirs de ce voyage restera comme toujours les rencontres que j&#8217;y ai faites&lt;\/p&gt;\n\" data-medium-file=\"https:\/\/i0.wp.com\/www.spang.ch\/aude\/wp-content\/uploads\/2022\/08\/IMG-20220812-WA0012.jpg?fit=225%2C300\" data-large-file=\"https:\/\/i0.wp.com\/www.spang.ch\/aude\/wp-content\/uploads\/2022\/08\/IMG-20220812-WA0012.jpg?fit=768%2C1024\" tabindex=\"0\" role=\"button\" src=\"https:\/\/i0.wp.com\/www.spang.ch\/aude\/wp-content\/uploads\/2022\/08\/IMG-20220812-WA0012.jpg?resize=768%2C1024\" alt=\"\" class=\"wp-image-1387\" srcset=\"https:\/\/i0.wp.com\/www.spang.ch\/aude\/wp-content\/uploads\/2022\/08\/IMG-20220812-WA0012.jpg?resize=768%2C1024 768w, https:\/\/i0.wp.com\/www.spang.ch\/aude\/wp-content\/uploads\/2022\/08\/IMG-20220812-WA0012.jpg?resize=225%2C300 225w, https:\/\/i0.wp.com\/www.spang.ch\/aude\/wp-content\/uploads\/2022\/08\/IMG-20220812-WA0012.jpg?resize=1152%2C1536 1152w, https:\/\/i0.wp.com\/www.spang.ch\/aude\/wp-content\/uploads\/2022\/08\/IMG-20220812-WA0012.jpg?resize=630%2C840 630w, https:\/\/i0.wp.com\/www.spang.ch\/aude\/wp-content\/uploads\/2022\/08\/IMG-20220812-WA0012.jpg?resize=960%2C1280 960w, https:\/\/i0.wp.com\/www.spang.ch\/aude\/wp-content\/uploads\/2022\/08\/IMG-20220812-WA0012.jpg?w=1536 1536w\" sizes=\"(max-width: 768px) 100vw, 768px\" data-recalc-dims=\"1\" \/><\/a><figcaption>Un de meilleurs souvenirs de ce voyage restera, comme toujours, les rencontres que j&#8217;y ai faites<\/figcaption><\/figure>\n","protected":false},"excerpt":{"rendered":"<p>A mesure que nous montions vers le nord du pays, nous descendions en altitude et les temp\u00e9ratures se r\u00e9chauffaient. En parall\u00e8le, le climat, la faune et la flore \u00e9voluaient \u00e9galement. Apr\u00e8s avoir travers\u00e9 le Quich\u00e9 et le Verapaz, nous sommes arriv\u00e9-es dans le chaud et humide d\u00e9partement du Pet\u00e9n. Il fallait d\u00e9sormais se faire \u00e0&#8230; <\/p>\n<div class=\"link-more\"><a href=\"http:\/\/www.spang.ch\/aude\/2022\/08\/monde-maya-et-mer-des-caraibes\/\">Read More<\/a><\/div>\n","protected":false},"author":1,"featured_media":1328,"comment_status":"open","ping_status":"open","sticky":false,"template":"","format":"standard","meta":{"jetpack_post_was_ever_published":false,"_jetpack_newsletter_access":"","_jetpack_dont_email_post_to_subs":false,"_jetpack_newsletter_tier_id":0,"_jetpack_memberships_contains_paywalled_content":false,"_jetpack_memberships_contains_paid_content":false,"footnotes":"","jetpack_publicize_message":"","jetpack_publicize_feature_enabled":true,"jetpack_social_post_already_shared":true,"jetpack_social_options":{"image_generator_settings":{"template":"highway","enabled":false},"version":2}},"categories":[4],"tags":[],"jetpack_publicize_connections":[],"jetpack_featured_media_url":"https:\/\/i0.wp.com\/www.spang.ch\/aude\/wp-content\/uploads\/2022\/08\/IMG_20220816_143429-scaled.jpg?fit=2560%2C1920","jetpack_shortlink":"https:\/\/wp.me\/p7EYAh-jV","jetpack-related-posts":[],"jetpack_likes_enabled":true,"jetpack_sharing_enabled":true,"_links":{"self":[{"href":"http:\/\/www.spang.ch\/aude\/wp-json\/wp\/v2\/posts\/1235"}],"collection":[{"href":"http:\/\/www.spang.ch\/aude\/wp-json\/wp\/v2\/posts"}],"about":[{"href":"http:\/\/www.spang.ch\/aude\/wp-json\/wp\/v2\/types\/post"}],"author":[{"embeddable":true,"href":"http:\/\/www.spang.ch\/aude\/wp-json\/wp\/v2\/users\/1"}],"replies":[{"embeddable":true,"href":"http:\/\/www.spang.ch\/aude\/wp-json\/wp\/v2\/comments?post=1235"}],"version-history":[{"count":14,"href":"http:\/\/www.spang.ch\/aude\/wp-json\/wp\/v2\/posts\/1235\/revisions"}],"predecessor-version":[{"id":1432,"href":"http:\/\/www.spang.ch\/aude\/wp-json\/wp\/v2\/posts\/1235\/revisions\/1432"}],"wp:featuredmedia":[{"embeddable":true,"href":"http:\/\/www.spang.ch\/aude\/wp-json\/wp\/v2\/media\/1328"}],"wp:attachment":[{"href":"http:\/\/www.spang.ch\/aude\/wp-json\/wp\/v2\/media?parent=1235"}],"wp:term":[{"taxonomy":"category","embeddable":true,"href":"http:\/\/www.spang.ch\/aude\/wp-json\/wp\/v2\/categories?post=1235"},{"taxonomy":"post_tag","embeddable":true,"href":"http:\/\/www.spang.ch\/aude\/wp-json\/wp\/v2\/tags?post=1235"}],"curies":[{"name":"wp","href":"https:\/\/api.w.org\/{rel}","templated":true}]}}