{"id":1115,"date":"2022-08-20T03:59:33","date_gmt":"2022-08-20T01:59:33","guid":{"rendered":"https:\/\/www.spang.ch\/aude\/?p=1115"},"modified":"2022-08-20T04:35:10","modified_gmt":"2022-08-20T02:35:10","slug":"guatemala-2","status":"publish","type":"post","link":"http:\/\/www.spang.ch\/aude\/2022\/08\/guatemala-2\/","title":{"rendered":"When was the last time you did something for the first time?"},"content":{"rendered":"\n<p>Impossible de manquer le grand march\u00e9 indig\u00e8ne de Chichicastenango! C&#8217;est l\u00e0-bas que je me suis rendu compte que le Guatemala n&#8217;est en fait vraiment pas tr\u00e8s touristique (ce qui rend ce pays si g\u00e9nial). Le march\u00e9 est pourtant pr\u00e9sent\u00e9 comme une visite indispensable dans les guides de voyage, mais il s&#8217;est av\u00e9r\u00e9 que tr\u00e8s peu de touristes font le d\u00e9tour. Grave erreur, mais tant mieux pour moi !<\/p>\n\n\n\n<figure class=\"wp-block-image\"><img loading=\"lazy\" decoding=\"async\" width=\"1000\" height=\"750\" data-attachment-id=\"1138\" data-permalink=\"http:\/\/www.spang.ch\/aude\/img_20220806_153556-jpg\/\" data-orig-file=\"https:\/\/i0.wp.com\/www.spang.ch\/aude\/wp-content\/uploads\/2022\/08\/IMG_20220806_153556-scaled.jpg?fit=2560%2C1920\" data-orig-size=\"2560,1920\" data-comments-opened=\"1\" data-image-meta=\"{&quot;aperture&quot;:&quot;1.7&quot;,&quot;credit&quot;:&quot;&quot;,&quot;camera&quot;:&quot;SM-G930F&quot;,&quot;caption&quot;:&quot;&quot;,&quot;created_timestamp&quot;:&quot;1659800156&quot;,&quot;copyright&quot;:&quot;&quot;,&quot;focal_length&quot;:&quot;2.1&quot;,&quot;iso&quot;:&quot;640&quot;,&quot;shutter_speed&quot;:&quot;0&quot;,&quot;title&quot;:&quot;&quot;,&quot;orientation&quot;:&quot;1&quot;}\" data-image-title=\"IMG_20220806_153556.jpg\" data-image-description=\"\" data-image-caption=\"\" data-medium-file=\"https:\/\/i0.wp.com\/www.spang.ch\/aude\/wp-content\/uploads\/2022\/08\/IMG_20220806_153556-scaled.jpg?fit=300%2C225\" data-large-file=\"https:\/\/i0.wp.com\/www.spang.ch\/aude\/wp-content\/uploads\/2022\/08\/IMG_20220806_153556-scaled.jpg?fit=1000%2C750\" tabindex=\"0\" role=\"button\" src=\"https:\/\/i0.wp.com\/www.spang.ch\/aude\/wp-content\/uploads\/2022\/08\/IMG_20220806_153556-scaled.jpg?resize=1000%2C750&#038;ssl=1\" alt=\"\" class=\"wp-image-1138\" srcset=\"https:\/\/i0.wp.com\/www.spang.ch\/aude\/wp-content\/uploads\/2022\/08\/IMG_20220806_153556-scaled.jpg?w=2560 2560w, https:\/\/i0.wp.com\/www.spang.ch\/aude\/wp-content\/uploads\/2022\/08\/IMG_20220806_153556-scaled.jpg?resize=300%2C225 300w, https:\/\/i0.wp.com\/www.spang.ch\/aude\/wp-content\/uploads\/2022\/08\/IMG_20220806_153556-scaled.jpg?resize=1024%2C768 1024w, https:\/\/i0.wp.com\/www.spang.ch\/aude\/wp-content\/uploads\/2022\/08\/IMG_20220806_153556-scaled.jpg?resize=768%2C576 768w, https:\/\/i0.wp.com\/www.spang.ch\/aude\/wp-content\/uploads\/2022\/08\/IMG_20220806_153556-scaled.jpg?resize=1536%2C1152 1536w, https:\/\/i0.wp.com\/www.spang.ch\/aude\/wp-content\/uploads\/2022\/08\/IMG_20220806_153556-scaled.jpg?resize=2048%2C1536 2048w, https:\/\/i0.wp.com\/www.spang.ch\/aude\/wp-content\/uploads\/2022\/08\/IMG_20220806_153556-scaled.jpg?resize=400%2C300 400w\" sizes=\"(max-width: 1000px) 100vw, 1000px\" data-recalc-dims=\"1\" \/><figcaption class=\"wp-element-caption\">En route avec Giorgia et Felice !<\/figcaption><\/figure>\n\n\n\n<p>J&#8217;avais r\u00e9ussi \u00e0 m&#8217;y d\u00e9nicher une petite chambre dans un h\u00f4tel qui \u00e9tait cens\u00e9 \u00eatre un peu miteux, et quand j&#8217;ai su que les deux italien-nes ayant fait le trek du volcan avec moi n&#8217;avait pas trouv\u00e9 de chambre, je leur ai fil\u00e9 le bon plan. Ainsi, nous nous sommes retrouv\u00e9s \u00e0 voyager ensemble, et nous n&#8217;allions pas nous quitter pour plus d&#8217;une semaine! \u00c7a se passe souvent comme \u00e7a, pendant un voyage. Spontan\u00e9ment et naturellement.<\/p>\n\n\n\n<figure class=\"wp-block-image\"><img loading=\"lazy\" decoding=\"async\" width=\"1000\" height=\"750\" data-attachment-id=\"1148\" data-permalink=\"http:\/\/www.spang.ch\/aude\/img_20220807_090603-jpg\/\" data-orig-file=\"https:\/\/i0.wp.com\/www.spang.ch\/aude\/wp-content\/uploads\/2022\/08\/IMG_20220807_090603-scaled.jpg?fit=2560%2C1920\" data-orig-size=\"2560,1920\" data-comments-opened=\"1\" data-image-meta=\"{&quot;aperture&quot;:&quot;1.7&quot;,&quot;credit&quot;:&quot;&quot;,&quot;camera&quot;:&quot;SM-G930F&quot;,&quot;caption&quot;:&quot;&quot;,&quot;created_timestamp&quot;:&quot;1659863163&quot;,&quot;copyright&quot;:&quot;&quot;,&quot;focal_length&quot;:&quot;4.2&quot;,&quot;iso&quot;:&quot;100&quot;,&quot;shutter_speed&quot;:&quot;0.01&quot;,&quot;title&quot;:&quot;&quot;,&quot;orientation&quot;:&quot;1&quot;}\" data-image-title=\"IMG_20220807_090603.jpg\" data-image-description=\"\" data-image-caption=\"\" data-medium-file=\"https:\/\/i0.wp.com\/www.spang.ch\/aude\/wp-content\/uploads\/2022\/08\/IMG_20220807_090603-scaled.jpg?fit=300%2C225\" data-large-file=\"https:\/\/i0.wp.com\/www.spang.ch\/aude\/wp-content\/uploads\/2022\/08\/IMG_20220807_090603-scaled.jpg?fit=1000%2C750\" tabindex=\"0\" role=\"button\" src=\"https:\/\/i0.wp.com\/www.spang.ch\/aude\/wp-content\/uploads\/2022\/08\/IMG_20220807_090603-scaled.jpg?resize=1000%2C750&#038;ssl=1\" alt=\"\" class=\"wp-image-1148\" srcset=\"https:\/\/i0.wp.com\/www.spang.ch\/aude\/wp-content\/uploads\/2022\/08\/IMG_20220807_090603-scaled.jpg?w=2560 2560w, https:\/\/i0.wp.com\/www.spang.ch\/aude\/wp-content\/uploads\/2022\/08\/IMG_20220807_090603-scaled.jpg?resize=300%2C225 300w, https:\/\/i0.wp.com\/www.spang.ch\/aude\/wp-content\/uploads\/2022\/08\/IMG_20220807_090603-scaled.jpg?w=2000 2000w\" sizes=\"(max-width: 1000px) 100vw, 1000px\" data-recalc-dims=\"1\" \/><figcaption class=\"wp-element-caption\">A Chichi, toute une magnifique fresque sur les droits humains et des peuples indig\u00e8nes <\/figcaption><\/figure>\n\n\n\n<p>Le sch\u00e9ma typique des &#8220;mochileros\/as&#8221; (magnifique terme espagnol pour dire routard, mais en moins d\u00e9suet, venant du mot &#8220;mochila&#8221; soit sac \u00e0 dos), c&#8217;est qu&#8217;on r\u00e9serve sa chambre en dortoir ou chez l&#8217;habitant-e, de ville en village et de jour en jour, en principe en choisissant l&#8217;option la moins ch\u00e8re sur booking.com. Quand quelqu&#8217;un-e nous raconte qu&#8217;un truc vaut le d\u00e9tour, on l&#8217;ins\u00e8re dans nos plans. Certaines personnes n&#8217;ont m\u00eame pas d&#8217;id\u00e9e g\u00e9n\u00e9rale d&#8217;\u00e0 quoi ressemble leur semaine en cours avant qu&#8217;elle se d\u00e9roule sous leurs yeux!<\/p>\n\n\n\n<figure class=\"wp-block-image\"><img loading=\"lazy\" decoding=\"async\" width=\"1000\" height=\"1778\" data-attachment-id=\"1140\" data-permalink=\"http:\/\/www.spang.ch\/aude\/img-20220807-wa00018515915437056788922-jpeg\/\" data-orig-file=\"https:\/\/i0.wp.com\/www.spang.ch\/aude\/wp-content\/uploads\/2022\/08\/img-20220807-wa00018515915437056788922-scaled.jpeg?fit=1440%2C2560\" data-orig-size=\"1440,2560\" data-comments-opened=\"1\" data-image-meta=\"{&quot;aperture&quot;:&quot;0&quot;,&quot;credit&quot;:&quot;&quot;,&quot;camera&quot;:&quot;&quot;,&quot;caption&quot;:&quot;&quot;,&quot;created_timestamp&quot;:&quot;0&quot;,&quot;copyright&quot;:&quot;&quot;,&quot;focal_length&quot;:&quot;0&quot;,&quot;iso&quot;:&quot;0&quot;,&quot;shutter_speed&quot;:&quot;0&quot;,&quot;title&quot;:&quot;&quot;,&quot;orientation&quot;:&quot;0&quot;}\" data-image-title=\"img-20220807-wa00018515915437056788922.jpeg\" data-image-description=\"\" data-image-caption=\"\" data-medium-file=\"https:\/\/i0.wp.com\/www.spang.ch\/aude\/wp-content\/uploads\/2022\/08\/img-20220807-wa00018515915437056788922-scaled.jpeg?fit=169%2C300\" data-large-file=\"https:\/\/i0.wp.com\/www.spang.ch\/aude\/wp-content\/uploads\/2022\/08\/img-20220807-wa00018515915437056788922-scaled.jpeg?fit=576%2C1024\" tabindex=\"0\" role=\"button\" src=\"https:\/\/i0.wp.com\/www.spang.ch\/aude\/wp-content\/uploads\/2022\/08\/img-20220807-wa00018515915437056788922-scaled.jpeg?resize=1000%2C1778&#038;ssl=1\" alt=\"\" class=\"wp-image-1140\" srcset=\"https:\/\/i0.wp.com\/www.spang.ch\/aude\/wp-content\/uploads\/2022\/08\/img-20220807-wa00018515915437056788922-scaled.jpeg?w=1440 1440w, https:\/\/i0.wp.com\/www.spang.ch\/aude\/wp-content\/uploads\/2022\/08\/img-20220807-wa00018515915437056788922-scaled.jpeg?resize=169%2C300 169w\" sizes=\"(max-width: 1000px) 100vw, 1000px\" data-recalc-dims=\"1\" \/><figcaption class=\"wp-element-caption\">Et le prix de la tombe de meilleur go\u00fbt au cimeti\u00e8re revient \u00e0&#8230;<\/figcaption><\/figure>\n\n\n\n<p>C&#8217;est toujours fascinant d&#8217;entendre tous les r\u00e9cits de voyage des autres, si vari\u00e9s, et de rencontrer des personnes de partout (principalement occidentaux&#8230;) qui ont aussi faim de d\u00e9couvrir les beaut\u00e9s de ce monde. Toutes les rencontres ne sont pas inoubliables, on ne &#8220;clique&#8221; pas avec tout le monde, mais apr\u00e8s une premi\u00e8re semaine de voyage j&#8217;avais d\u00e9j\u00e0 rencontr\u00e9 de tr\u00e8s belles personnes. Le contact est naturel et agr\u00e9able, les \u00e9changes tout de suite tr\u00e8s profonds et vrais. C&#8217;est l&#8217;\u00e9tat de calme dans lequel nous met le voyage et toutes les incertitudes organisationnelles qui l&#8217;accompagnement qui causent un rel\u00e2chement permettant de se rapprocher de ce qui compte vraiment et creuser au fond de nous-m\u00eames. Ce qui fait qu&#8217;on peut se montrer tel-le qu&#8217;on est et voir certaines tr\u00e8s belles facettes des gens. D&#8217;ailleurs, il est plut\u00f4t commun de passer du temps avec de nouvelles personnes, tout savoir de leur voyage, pays d&#8217;origine, programme, int\u00e9r\u00eats, pr\u00e9f\u00e9rences et&#8230; de ne pas conna\u00eetre leur nom ou profession! Certaines choses comptent plus que d&#8217;autres, et c&#8217;est aussi beau d&#8217;\u00eatre hors de la soci\u00e9t\u00e9 \u00e0 ce point, au point de s&#8217;int\u00e9resser m\u00eame \u00e0 d&#8217;autres choses que d&#8217;habitude. Parfois, un coup de foudre d&#8217;amiti\u00e9 nous prend avec des gens qu&#8217;on conna\u00eet \u00e0 peine. Parce que la vibe est bonne et qu&#8217;on se trouve pile sur la m\u00eame longueur d&#8217;ondes \u00e0 ce moment pr\u00e9cis.<\/p>\n\n\n\n<figure class=\"wp-block-image\"><img decoding=\"async\" data-attachment-id=\"1150\" data-permalink=\"http:\/\/www.spang.ch\/aude\/img_20220807_105941-jpg\/\" data-orig-file=\"https:\/\/i0.wp.com\/www.spang.ch\/aude\/wp-content\/uploads\/2022\/08\/IMG_20220807_105941.jpg?fit=%2C\" data-orig-size=\"\" data-comments-opened=\"1\" data-image-meta=\"[]\" data-image-title=\"IMG_20220807_105941.jpg\" data-image-description=\"\" data-image-caption=\"\" data-medium-file=\"https:\/\/i0.wp.com\/www.spang.ch\/aude\/wp-content\/uploads\/2022\/08\/IMG_20220807_105941.jpg?fit=300%2C300\" data-large-file=\"https:\/\/i0.wp.com\/www.spang.ch\/aude\/wp-content\/uploads\/2022\/08\/IMG_20220807_105941.jpg?fit=1024%2C1024\" tabindex=\"0\" role=\"button\" src=\"https:\/\/i0.wp.com\/www.spang.ch\/aude\/wp-content\/uploads\/2022\/08\/IMG_20220807_105941.jpg?w=1000&#038;ssl=1\" alt=\"\" class=\"wp-image-1150\" data-recalc-dims=\"1\"\/><figcaption class=\"wp-element-caption\">March\u00e9 \u00e0 Chichi<\/figcaption><\/figure>\n\n\n\n<p>C&#8217;est ce qui m&#8217;est arriv\u00e9 avec Felice et Giorgia, o\u00f9 le contact est si naturel qu&#8217;on \u00e9tait juste parfaitement bien ensemble. Tant que nous d\u00e9sirions aller dans les m\u00eames endroits, nous avons fait ce bout de chemin en commun. Nous partageons une m\u00eame curiosit\u00e9, voire une passion pour la recherche de l&#8217;authenticit\u00e9 d&#8217;un pays, de la v\u00e9rit\u00e9 et de la r\u00e9alit\u00e9 de la vie ici &#8211; m\u00eame si on se conc\u00e8de parfois aussi des moments plus classiquement touristiques. Chichicastenango est donc tr\u00e8s bien tomb\u00e9! Depuis Antigua, nous avons pris les bus locaux pour arriver dans cette bourgade plus en altitude. Il a fallu plusieurs correspondances pour y arriver, mais nous f\u00fbmes enchant\u00e9-es d\u00e8s le d\u00e9but!<\/p>\n\n\n\n<figure class=\"wp-block-image\"><img decoding=\"async\" data-attachment-id=\"1158\" data-permalink=\"http:\/\/www.spang.ch\/aude\/img_20220806_185303-jpg\/\" data-orig-file=\"https:\/\/i0.wp.com\/www.spang.ch\/aude\/wp-content\/uploads\/2022\/08\/IMG_20220806_185303.jpg?fit=%2C\" data-orig-size=\"\" data-comments-opened=\"1\" data-image-meta=\"[]\" data-image-title=\"IMG_20220806_185303.jpg\" data-image-description=\"\" data-image-caption=\"\" data-medium-file=\"https:\/\/i0.wp.com\/www.spang.ch\/aude\/wp-content\/uploads\/2022\/08\/IMG_20220806_185303.jpg?fit=300%2C300\" data-large-file=\"https:\/\/i0.wp.com\/www.spang.ch\/aude\/wp-content\/uploads\/2022\/08\/IMG_20220806_185303.jpg?fit=1024%2C1024\" tabindex=\"0\" role=\"button\" src=\"https:\/\/i0.wp.com\/www.spang.ch\/aude\/wp-content\/uploads\/2022\/08\/IMG_20220806_185303.jpg?w=1000&#038;ssl=1\" alt=\"\" class=\"wp-image-1158\" data-recalc-dims=\"1\"\/><figcaption class=\"wp-element-caption\">Pr\u00e9paration du march\u00e9 la veille au soir<\/figcaption><\/figure>\n\n\n\n<figure class=\"wp-block-image\"><img loading=\"lazy\" decoding=\"async\" width=\"1000\" height=\"1333\" data-attachment-id=\"1144\" data-permalink=\"http:\/\/www.spang.ch\/aude\/img_20220807_0849195692948326242516265-jpg\/\" data-orig-file=\"https:\/\/i0.wp.com\/www.spang.ch\/aude\/wp-content\/uploads\/2022\/08\/img_20220807_0849195692948326242516265-scaled.jpg?fit=1920%2C2560\" data-orig-size=\"1920,2560\" data-comments-opened=\"1\" data-image-meta=\"{&quot;aperture&quot;:&quot;0&quot;,&quot;credit&quot;:&quot;&quot;,&quot;camera&quot;:&quot;&quot;,&quot;caption&quot;:&quot;&quot;,&quot;created_timestamp&quot;:&quot;0&quot;,&quot;copyright&quot;:&quot;&quot;,&quot;focal_length&quot;:&quot;0&quot;,&quot;iso&quot;:&quot;0&quot;,&quot;shutter_speed&quot;:&quot;0&quot;,&quot;title&quot;:&quot;&quot;,&quot;orientation&quot;:&quot;0&quot;}\" data-image-title=\"img_20220807_0849195692948326242516265.jpg\" data-image-description=\"\" data-image-caption=\"\" data-medium-file=\"https:\/\/i0.wp.com\/www.spang.ch\/aude\/wp-content\/uploads\/2022\/08\/img_20220807_0849195692948326242516265-scaled.jpg?fit=225%2C300\" data-large-file=\"https:\/\/i0.wp.com\/www.spang.ch\/aude\/wp-content\/uploads\/2022\/08\/img_20220807_0849195692948326242516265-scaled.jpg?fit=768%2C1024\" tabindex=\"0\" role=\"button\" src=\"https:\/\/i0.wp.com\/www.spang.ch\/aude\/wp-content\/uploads\/2022\/08\/img_20220807_0849195692948326242516265-scaled.jpg?resize=1000%2C1333&#038;ssl=1\" alt=\"\" class=\"wp-image-1144\" srcset=\"https:\/\/i0.wp.com\/www.spang.ch\/aude\/wp-content\/uploads\/2022\/08\/img_20220807_0849195692948326242516265-scaled.jpg?w=1920 1920w, https:\/\/i0.wp.com\/www.spang.ch\/aude\/wp-content\/uploads\/2022\/08\/img_20220807_0849195692948326242516265-scaled.jpg?resize=225%2C300 225w, https:\/\/i0.wp.com\/www.spang.ch\/aude\/wp-content\/uploads\/2022\/08\/img_20220807_0849195692948326242516265-scaled.jpg?resize=768%2C1024 768w, https:\/\/i0.wp.com\/www.spang.ch\/aude\/wp-content\/uploads\/2022\/08\/img_20220807_0849195692948326242516265-scaled.jpg?resize=1152%2C1536 1152w, https:\/\/i0.wp.com\/www.spang.ch\/aude\/wp-content\/uploads\/2022\/08\/img_20220807_0849195692948326242516265-scaled.jpg?resize=1536%2C2048 1536w\" sizes=\"(max-width: 1000px) 100vw, 1000px\" data-recalc-dims=\"1\" \/><figcaption class=\"wp-element-caption\">V\u00eatements traditionnels de la r\u00e9gion, au march\u00e9 \u00e0 Chichi<\/figcaption><\/figure>\n\n\n\n<p>Notre h\u00f4tel n&#8217;\u00e9tait en fait pas du tout miteux, et il \u00e9tait m\u00eame parfaitement situ\u00e9 au coeur du march\u00e9 &#8211; qui se tient tous les jeudis et dimanches, mais il est recommand\u00e9 d&#8217;arriver la veille pour pouvoir en profiter d\u00e8s les premi\u00e8res heures. Quand il n&#8217;y a encore aucun touriste et que les marchand-es installent leurs stands, dans le calme du matin. Apr\u00e8s une journ\u00e9e de d\u00e9placement plut\u00f4t intense le samedi, nous sommes partis nous balader dans ce petit village, qui est clairement tr\u00e8s peu visit\u00e9 par les Occidentaux. Tout ce qui se trouve \u00e0 une fonction selon les besoins des locaux, rien de rutilant ou de faux pour nous rendre la visite plus confortable. On y voit donc la vraie vie des personnes du coin, sans artifice, et avec ce que \u00e7a comporte aussi de joyeux chaos, de salet\u00e9, de pauvret\u00e9, et aussi d&#8217;inattendu. En effet, nous avions \u00e0 peine commenc\u00e9 \u00e0 nous balader dans les rues que nous avons entendu de la musique et des voix s&#8217;\u00e9chapper de ce qui \u00e9tait cens\u00e9 \u00eatre un parking couvert. Nous avons jet\u00e9 un \u0153il et les personnes en marge de l&#8217;\u00e9v\u00e9nement nous ont silencieusement encourag\u00e9 \u00e0 entrer et observer. Je n&#8217;en croyais pas mes yeux: nous \u00e9tions tomb\u00e9-es sur un d\u00e9fil\u00e9 de mode traditionnelle indig\u00e8ne !<\/p>\n\n\n\n<figure class=\"wp-block-image\"><img loading=\"lazy\" decoding=\"async\" width=\"1000\" height=\"750\" data-attachment-id=\"1141\" data-permalink=\"http:\/\/www.spang.ch\/aude\/img_20220806_174423-jpg\/\" data-orig-file=\"https:\/\/i0.wp.com\/www.spang.ch\/aude\/wp-content\/uploads\/2022\/08\/IMG_20220806_174423-scaled.jpg?fit=2560%2C1920\" data-orig-size=\"2560,1920\" data-comments-opened=\"1\" data-image-meta=\"{&quot;aperture&quot;:&quot;1.7&quot;,&quot;credit&quot;:&quot;&quot;,&quot;camera&quot;:&quot;SM-G930F&quot;,&quot;caption&quot;:&quot;&quot;,&quot;created_timestamp&quot;:&quot;1659807863&quot;,&quot;copyright&quot;:&quot;&quot;,&quot;focal_length&quot;:&quot;4.2&quot;,&quot;iso&quot;:&quot;80&quot;,&quot;shutter_speed&quot;:&quot;0.02&quot;,&quot;title&quot;:&quot;&quot;,&quot;orientation&quot;:&quot;1&quot;}\" data-image-title=\"IMG_20220806_174423.jpg\" data-image-description=\"\" data-image-caption=\"\" data-medium-file=\"https:\/\/i0.wp.com\/www.spang.ch\/aude\/wp-content\/uploads\/2022\/08\/IMG_20220806_174423-scaled.jpg?fit=300%2C225\" data-large-file=\"https:\/\/i0.wp.com\/www.spang.ch\/aude\/wp-content\/uploads\/2022\/08\/IMG_20220806_174423-scaled.jpg?fit=1000%2C750\" tabindex=\"0\" role=\"button\" src=\"https:\/\/i0.wp.com\/www.spang.ch\/aude\/wp-content\/uploads\/2022\/08\/IMG_20220806_174423-scaled.jpg?resize=1000%2C750&#038;ssl=1\" alt=\"\" class=\"wp-image-1141\" data-recalc-dims=\"1\"\/><figcaption class=\"wp-element-caption\">D\u00e9fil\u00e9 de mode traditionnelle<\/figcaption><\/figure>\n\n\n\n<p>Ce fut autant &#8220;fait maison&#8221; mais pris tr\u00e8s au s\u00e9rieux en m\u00eame temps qu&#8217;on peut s&#8217;imaginer avec les moyens du bord. C&#8217;est-\u00e0-dire que les murs du parking \u00e9taient recouverts d&#8217;un tissu d\u00e9coratif blanc et soyeux, ainsi que les chaises en plastique du public. Un espace \u00e9tait am\u00e9nag\u00e9 pour que les mod\u00e8les puissent marcher au milieu de la pi\u00e8ce et pr\u00e9senter les produits qu&#8217;iels portaient, et en guise de sc\u00e8ne il y avait une affiche g\u00e9ante de la marque qui pr\u00e9sentait ses pi\u00e8ces. Un homme et une femme faisaient la pr\u00e9sentation en espagnol avec interpr\u00e9tation simultan\u00e9e dans la langue indig\u00e8ne locale (le  &#8220;quich\u00e9&#8221;). Et le tout \u00e9tait retransmis en live sur les r\u00e9seaux sociaux. La salle n&#8217;\u00e9tait qu&#8217;\u00e0 demi pleine, mais on sentait la fiert\u00e9 des gens \u00e0 voir leur artisanat mis en avant de la sorte, et parall\u00e8lement on les sentais aussi assez amus\u00e9-es de l&#8217;incongruit\u00e9 de la situation. <\/p>\n\n\n\n<figure class=\"wp-block-image\"><img decoding=\"async\" data-attachment-id=\"1139\" data-permalink=\"http:\/\/www.spang.ch\/aude\/img_20220806_1744468817521794347448481-jpg\/\" data-orig-file=\"https:\/\/i0.wp.com\/www.spang.ch\/aude\/wp-content\/uploads\/2022\/08\/img_20220806_1744468817521794347448481.jpg?fit=%2C\" data-orig-size=\"\" data-comments-opened=\"1\" data-image-meta=\"[]\" data-image-title=\"img_20220806_1744468817521794347448481.jpg\" data-image-description=\"\" data-image-caption=\"\" data-medium-file=\"https:\/\/i0.wp.com\/www.spang.ch\/aude\/wp-content\/uploads\/2022\/08\/img_20220806_1744468817521794347448481.jpg?fit=300%2C300\" data-large-file=\"https:\/\/i0.wp.com\/www.spang.ch\/aude\/wp-content\/uploads\/2022\/08\/img_20220806_1744468817521794347448481.jpg?fit=1024%2C1024\" tabindex=\"0\" role=\"button\" src=\"https:\/\/i0.wp.com\/www.spang.ch\/aude\/wp-content\/uploads\/2022\/08\/img_20220806_1744468817521794347448481.jpg?w=1000&#038;ssl=1\" alt=\"\" class=\"wp-image-1139\" data-recalc-dims=\"1\"\/><figcaption class=\"wp-element-caption\">D\u00e9fil\u00e9 de mode<\/figcaption><\/figure>\n\n\n\n<p>Notre arriv\u00e9e n&#8217;est pas pass\u00e9e inaper\u00e7ue! Nous n&#8217;\u00e9tions clairement pas le public cible, cet \u00e9v\u00e9nement \u00e9tait par des localaux et pour des localaux. Mais tout le monde semblait ravi de nous voir montrer de l&#8217;int\u00e9r\u00eat pour leur artisanat, et on nous a clairement film\u00e9 dans les vid\u00e9os live! Je pr\u00e9cise tout de m\u00eame que je portais probablement mes v\u00eatements les moins soign\u00e9s possible, c&#8217;est-\u00e0-dire que j&#8217;\u00e9tais tout de m\u00eame en training et pull \u00e0 capuche pour ce grand \u00e9v\u00e9nement. Entre deux passages de pr\u00e9sentations de tenues, un groupe de danse local amateur a fait quelques performances en tenue traditionnelle et avec de l&#8217;encens. Ce d\u00e9fil\u00e9 est une des anecdotes que j&#8217;aime vraiment beaucoup de ce voyage !<\/p>\n\n\n\n<figure class=\"wp-block-image\"><img loading=\"lazy\" decoding=\"async\" width=\"768\" height=\"1024\" data-attachment-id=\"1143\" data-permalink=\"http:\/\/www.spang.ch\/aude\/img-20220818-wa0011-jpg\/\" data-orig-file=\"https:\/\/i0.wp.com\/www.spang.ch\/aude\/wp-content\/uploads\/2022\/08\/IMG-20220818-WA0011.jpg?fit=768%2C1024\" data-orig-size=\"768,1024\" data-comments-opened=\"1\" data-image-meta=\"{&quot;aperture&quot;:&quot;0&quot;,&quot;credit&quot;:&quot;&quot;,&quot;camera&quot;:&quot;&quot;,&quot;caption&quot;:&quot;&quot;,&quot;created_timestamp&quot;:&quot;0&quot;,&quot;copyright&quot;:&quot;&quot;,&quot;focal_length&quot;:&quot;0&quot;,&quot;iso&quot;:&quot;0&quot;,&quot;shutter_speed&quot;:&quot;0&quot;,&quot;title&quot;:&quot;&quot;,&quot;orientation&quot;:&quot;0&quot;}\" data-image-title=\"IMG-20220818-WA0011.jpg\" data-image-description=\"\" data-image-caption=\"\" data-medium-file=\"https:\/\/i0.wp.com\/www.spang.ch\/aude\/wp-content\/uploads\/2022\/08\/IMG-20220818-WA0011.jpg?fit=225%2C300\" data-large-file=\"https:\/\/i0.wp.com\/www.spang.ch\/aude\/wp-content\/uploads\/2022\/08\/IMG-20220818-WA0011.jpg?fit=768%2C1024\" tabindex=\"0\" role=\"button\" src=\"https:\/\/i0.wp.com\/www.spang.ch\/aude\/wp-content\/uploads\/2022\/08\/IMG-20220818-WA0011.jpg?resize=768%2C1024&#038;ssl=1\" alt=\"\" class=\"wp-image-1143\" srcset=\"https:\/\/i0.wp.com\/www.spang.ch\/aude\/wp-content\/uploads\/2022\/08\/IMG-20220818-WA0011.jpg?w=768 768w, https:\/\/i0.wp.com\/www.spang.ch\/aude\/wp-content\/uploads\/2022\/08\/IMG-20220818-WA0011.jpg?resize=225%2C300 225w, https:\/\/i0.wp.com\/www.spang.ch\/aude\/wp-content\/uploads\/2022\/08\/IMG-20220818-WA0011.jpg?resize=630%2C840 630w\" sizes=\"(max-width: 768px) 100vw, 768px\" data-recalc-dims=\"1\" \/><figcaption class=\"wp-element-caption\">March\u00e9 de Chichi<\/figcaption><\/figure>\n\n\n\n<p>Le lendemain matin nous sommes donc arriv\u00e9s au fameux march\u00e9 relativement t\u00f4t. Quelle exp\u00e9rience ! L\u00e0 aussi, nous n&#8217;\u00e9tions pas le public cible. Au point que la plupart des marchand-es ne nous consid\u00e9rait m\u00eame pas et ne s&#8217;adressait pas \u00e0 nous. Un march\u00e9 par elleux, pour elleux. Des indig\u00e8nes de toute la r\u00e9gion am\u00e8nent leurs produits durant les jours de commerce, iels s&#8217;installent en prenant leur temps. C&#8217;est le plus grand march\u00e9 de ce genre du pays, il est donc unique au monde. Un petit bijou. Parmi les \u00e9tals on trouve des fruits et l\u00e9gumes, du riz et des haricots, des femmes qui tapent de la p\u00e2te dans leurs mains avant de la lancer sur une grande plaque chauffante afin d&#8217;en faire des tortillas, de la viande en grande quantit\u00e9, des espaces restaurant, des fleurs, des animaux vivants (notamment des dindons tenus t\u00eate en bas par les pattes), des objets du quotidien de toutes sortes et&#8230; des v\u00eatements traditionnels, beaucoup ! Parce qu&#8217;une fabuleuse particularit\u00e9 du Guatemala, et ce qui montre son authenticit\u00e9 encore tr\u00e8s marqu\u00e9e et la preuve que le tourisme de masse l&#8217;a encore bien \u00e9pargn\u00e9, c&#8217;est que beaucoup de femmes portent encore leurs d\u00e9licates tenues traditionnelles au quotidien. Ce n&#8217;est pas pour le plaisir des gringos\/as, c&#8217;est leur vie normale, qui sous de nombreux aspects n&#8217;a pas encore souffert trop d&#8217;influence de la globalisation. Apr\u00e8s avoir peu appr\u00e9ci\u00e9 les aspects tr\u00e8s faux d&#8217;Antigua, d\u00e9sormais remplie d&#8217;expats et taill\u00e9e pour les touristes (des restaurants hors des moyens des localaux , servant des plats qu&#8217;iels ne mangent pas), Chichicastenango fut une sacr\u00e9e bouff\u00e9e d&#8217;air frais!<\/p>\n\n\n\n<figure class=\"wp-block-image\"><img loading=\"lazy\" decoding=\"async\" width=\"683\" height=\"1024\" data-attachment-id=\"1154\" data-permalink=\"http:\/\/www.spang.ch\/aude\/img-20220818-wa0013-jpg\/\" data-orig-file=\"https:\/\/i0.wp.com\/www.spang.ch\/aude\/wp-content\/uploads\/2022\/08\/IMG-20220818-WA0013.jpg?fit=683%2C1024\" data-orig-size=\"683,1024\" data-comments-opened=\"1\" data-image-meta=\"{&quot;aperture&quot;:&quot;0&quot;,&quot;credit&quot;:&quot;&quot;,&quot;camera&quot;:&quot;&quot;,&quot;caption&quot;:&quot;&quot;,&quot;created_timestamp&quot;:&quot;0&quot;,&quot;copyright&quot;:&quot;&quot;,&quot;focal_length&quot;:&quot;0&quot;,&quot;iso&quot;:&quot;0&quot;,&quot;shutter_speed&quot;:&quot;0&quot;,&quot;title&quot;:&quot;&quot;,&quot;orientation&quot;:&quot;0&quot;}\" data-image-title=\"IMG-20220818-WA0013.jpg\" data-image-description=\"\" data-image-caption=\"\" data-medium-file=\"https:\/\/i0.wp.com\/www.spang.ch\/aude\/wp-content\/uploads\/2022\/08\/IMG-20220818-WA0013.jpg?fit=200%2C300\" data-large-file=\"https:\/\/i0.wp.com\/www.spang.ch\/aude\/wp-content\/uploads\/2022\/08\/IMG-20220818-WA0013.jpg?fit=683%2C1024\" tabindex=\"0\" role=\"button\" src=\"https:\/\/i0.wp.com\/www.spang.ch\/aude\/wp-content\/uploads\/2022\/08\/IMG-20220818-WA0013.jpg?resize=683%2C1024&#038;ssl=1\" alt=\"\" class=\"wp-image-1154\" srcset=\"https:\/\/i0.wp.com\/www.spang.ch\/aude\/wp-content\/uploads\/2022\/08\/IMG-20220818-WA0013.jpg?w=683 683w, https:\/\/i0.wp.com\/www.spang.ch\/aude\/wp-content\/uploads\/2022\/08\/IMG-20220818-WA0013.jpg?resize=200%2C300 200w\" sizes=\"(max-width: 683px) 100vw, 683px\" data-recalc-dims=\"1\" \/><figcaption class=\"wp-element-caption\">Clap clap clap clap font les tortillas de ma\u00efs jaune ou violet dans les mains de la cuisini\u00e8re<\/figcaption><\/figure>\n\n\n\n<p>Comme ce fut magnifique, de d\u00e9ambuler au hasard parmi les stands et admirer tout ce qu&#8217;ils offrent! Nous naviguions au milieu d&#8217;une foule dont la hauteur moyenne \u00e9tait pratiquement d&#8217;une t\u00eate plus basse que nous, ce qui nous permettait de confirmer que nous \u00e9tions en effet les seul-es \u00e9tranger-es. Et m\u00eame quand est arriv\u00e9 l&#8217;horaire des touristes (vers 10h, quand les bus arrivent d&#8217;ailleurs), nous devions \u00eatre une quinzaine ou vingtaine tout au plus parmi des centaines de locaux ! J&#8217;ai tout de m\u00eame profit\u00e9 de ce passage au march\u00e9 pour faire quelques emplettes d&#8217;artisanat local, des objets que je vais emporter avec moi et ch\u00e9rir \u00e0 chaque utilisation. Je d\u00e9teste fortement n\u00e9gocier, bien que ce soit ici dans les usages, mais par chance Giorgia \u00e9tait l\u00e0 pour me conseiller et Felice pour jouer le jeu de la n\u00e9gociation des prix, avec brio. Il est tout de m\u00eame italien, apr\u00e8s tout.<\/p>\n\n\n\n<figure class=\"wp-block-image\"><img loading=\"lazy\" decoding=\"async\" width=\"683\" height=\"1024\" data-attachment-id=\"1145\" data-permalink=\"http:\/\/www.spang.ch\/aude\/img-20220818-wa0014-jpg\/\" data-orig-file=\"https:\/\/i0.wp.com\/www.spang.ch\/aude\/wp-content\/uploads\/2022\/08\/IMG-20220818-WA0014.jpg?fit=683%2C1024\" data-orig-size=\"683,1024\" data-comments-opened=\"1\" data-image-meta=\"{&quot;aperture&quot;:&quot;0&quot;,&quot;credit&quot;:&quot;&quot;,&quot;camera&quot;:&quot;&quot;,&quot;caption&quot;:&quot;&quot;,&quot;created_timestamp&quot;:&quot;0&quot;,&quot;copyright&quot;:&quot;&quot;,&quot;focal_length&quot;:&quot;0&quot;,&quot;iso&quot;:&quot;0&quot;,&quot;shutter_speed&quot;:&quot;0&quot;,&quot;title&quot;:&quot;&quot;,&quot;orientation&quot;:&quot;0&quot;}\" data-image-title=\"IMG-20220818-WA0014.jpg\" data-image-description=\"\" data-image-caption=\"\" data-medium-file=\"https:\/\/i0.wp.com\/www.spang.ch\/aude\/wp-content\/uploads\/2022\/08\/IMG-20220818-WA0014.jpg?fit=200%2C300\" data-large-file=\"https:\/\/i0.wp.com\/www.spang.ch\/aude\/wp-content\/uploads\/2022\/08\/IMG-20220818-WA0014.jpg?fit=683%2C1024\" tabindex=\"0\" role=\"button\" src=\"https:\/\/i0.wp.com\/www.spang.ch\/aude\/wp-content\/uploads\/2022\/08\/IMG-20220818-WA0014.jpg?resize=683%2C1024&#038;ssl=1\" alt=\"\" class=\"wp-image-1145\" srcset=\"https:\/\/i0.wp.com\/www.spang.ch\/aude\/wp-content\/uploads\/2022\/08\/IMG-20220818-WA0014.jpg?w=683 683w, https:\/\/i0.wp.com\/www.spang.ch\/aude\/wp-content\/uploads\/2022\/08\/IMG-20220818-WA0014.jpg?resize=200%2C300 200w\" sizes=\"(max-width: 683px) 100vw, 683px\" data-recalc-dims=\"1\" \/><figcaption class=\"wp-element-caption\">C\u00e9r\u00e9monie \u00e0 l&#8217;encens et aux bougies br\u00fbl\u00e9es au cimeti\u00e8re<\/figcaption><\/figure>\n\n\n\n<p>Un moment, nous nous sommes assis-es \u00e0 un restaurant au c\u0153ur du march\u00e9 et avons pass\u00e9 commande aupr\u00e8s des femmes qui cuisinaient. C&#8217;est l\u00e0 qu&#8217;a commenc\u00e9 ce que Giorgia et Felice appellent l&#8217;\u00e9pisode Netflix de notre journ\u00e9e, c&#8217;est-\u00e0-dire le moment o\u00f9 on prend le temps d&#8217;observer ce qui se passe autour de nous et de savourer les sc\u00e8nes du quotidien qui se jouent naturellement. On est pos\u00e9-es et la vie se d\u00e9roule litt\u00e9ralement sous nos yeux. Ce fut merveilleux ! Il a fallu pr\u00e8s d&#8217;une heure pour que nous soyons servi-es, alors que nous \u00e9tions pratiquement les seul-es client-es et que nous avions juste command\u00e9 une soupe. Plus que la patience, on apprend le l\u00e2cher-prise.<\/p>\n\n\n\n<figure class=\"wp-block-image\"><img loading=\"lazy\" decoding=\"async\" width=\"1000\" height=\"750\" data-attachment-id=\"1147\" data-permalink=\"http:\/\/www.spang.ch\/aude\/img_20220807_114813-jpg\/\" data-orig-file=\"https:\/\/i0.wp.com\/www.spang.ch\/aude\/wp-content\/uploads\/2022\/08\/IMG_20220807_114813-scaled.jpg?fit=2560%2C1920\" data-orig-size=\"2560,1920\" data-comments-opened=\"1\" data-image-meta=\"{&quot;aperture&quot;:&quot;1.7&quot;,&quot;credit&quot;:&quot;&quot;,&quot;camera&quot;:&quot;SM-G930F&quot;,&quot;caption&quot;:&quot;&quot;,&quot;created_timestamp&quot;:&quot;1659872893&quot;,&quot;copyright&quot;:&quot;&quot;,&quot;focal_length&quot;:&quot;4.2&quot;,&quot;iso&quot;:&quot;200&quot;,&quot;shutter_speed&quot;:&quot;0.04&quot;,&quot;title&quot;:&quot;&quot;,&quot;orientation&quot;:&quot;1&quot;}\" data-image-title=\"IMG_20220807_114813.jpg\" data-image-description=\"\" data-image-caption=\"\" data-medium-file=\"https:\/\/i0.wp.com\/www.spang.ch\/aude\/wp-content\/uploads\/2022\/08\/IMG_20220807_114813-scaled.jpg?fit=300%2C225\" data-large-file=\"https:\/\/i0.wp.com\/www.spang.ch\/aude\/wp-content\/uploads\/2022\/08\/IMG_20220807_114813-scaled.jpg?fit=1000%2C750\" tabindex=\"0\" role=\"button\" src=\"https:\/\/i0.wp.com\/www.spang.ch\/aude\/wp-content\/uploads\/2022\/08\/IMG_20220807_114813-scaled.jpg?resize=1000%2C750&#038;ssl=1\" alt=\"\" class=\"wp-image-1147\" srcset=\"https:\/\/i0.wp.com\/www.spang.ch\/aude\/wp-content\/uploads\/2022\/08\/IMG_20220807_114813-scaled.jpg?w=2560 2560w, https:\/\/i0.wp.com\/www.spang.ch\/aude\/wp-content\/uploads\/2022\/08\/IMG_20220807_114813-scaled.jpg?resize=300%2C225 300w, https:\/\/i0.wp.com\/www.spang.ch\/aude\/wp-content\/uploads\/2022\/08\/IMG_20220807_114813-scaled.jpg?w=2000 2000w\" sizes=\"(max-width: 1000px) 100vw, 1000px\" data-recalc-dims=\"1\" \/><figcaption class=\"wp-element-caption\">\u00c9pisode Netflix au march\u00e9, en attendant notre repas<\/figcaption><\/figure>\n\n\n\n<p>C&#8217;est une des le\u00e7ons que les pays non-occidentaux ont \u00e0 nos enseigner. Prendre le temps, savourer les moments, et surtout ralentir le rythme. En Am\u00e9rique latine, notamment au Guatemala, on marche lentement, on ne se h\u00e2te pas, personne n&#8217;est stress\u00e9-e. A part, sans qu&#8217;on puisse expliquer pourquoi, lorsqu&#8217;il s&#8217;agit de prendre un bus (cf article pr\u00e9c\u00e9dent). Mais, hormis cette exception, le pays fonctionne au ralenti. Je doute qu&#8217;il y ait beaucoup de cas de burn-out par ici. Chez nous, ils sont devenus si normaux qu&#8217;on s&#8217;attend plus ou moins toutes et tous \u00e0 en vivre un, une fois dans notre vie. C&#8217;est normal de devoir aller chez le psy parce que notre sant\u00e9 mentale n&#8217;est pas au top. Et pourtant, nous vivons dans des pays extr\u00eamement riches ! Ici, il y a bien s\u00fbr d&#8217;autres probl\u00e8mes. Mais c&#8217;est une chance d&#8217;\u00e9chapper \u00e0 cette folie fr\u00e9n\u00e9tique de la surproductivit\u00e9 et de l&#8217;extr\u00eame efficacit\u00e9, qui sont notre dystopique normalit\u00e9. Comme occidentalaux, on s&#8217;adapte ici par immersion. Il faut toujours attendre, et c&#8217;est tant mieux. On est forc\u00e9-es \u00e0 se calmer un peu, \u00e0 se poser, et \u00e0 mesurer l&#8217;ampleur du d\u00e9calage. C&#8217;est aussi agr\u00e9able, de voir que cest possible de vivre autrement. <\/p>\n\n\n\n<figure class=\"wp-block-image\"><img loading=\"lazy\" decoding=\"async\" width=\"1000\" height=\"1333\" data-attachment-id=\"1146\" data-permalink=\"http:\/\/www.spang.ch\/aude\/img-20220807-wa0009-jpg\/\" data-orig-file=\"https:\/\/i0.wp.com\/www.spang.ch\/aude\/wp-content\/uploads\/2022\/08\/IMG-20220807-WA0009.jpg?fit=1536%2C2048\" data-orig-size=\"1536,2048\" data-comments-opened=\"1\" data-image-meta=\"{&quot;aperture&quot;:&quot;0&quot;,&quot;credit&quot;:&quot;&quot;,&quot;camera&quot;:&quot;&quot;,&quot;caption&quot;:&quot;&quot;,&quot;created_timestamp&quot;:&quot;0&quot;,&quot;copyright&quot;:&quot;&quot;,&quot;focal_length&quot;:&quot;0&quot;,&quot;iso&quot;:&quot;0&quot;,&quot;shutter_speed&quot;:&quot;0&quot;,&quot;title&quot;:&quot;&quot;,&quot;orientation&quot;:&quot;0&quot;}\" data-image-title=\"IMG-20220807-WA0009.jpg\" data-image-description=\"\" data-image-caption=\"\" data-medium-file=\"https:\/\/i0.wp.com\/www.spang.ch\/aude\/wp-content\/uploads\/2022\/08\/IMG-20220807-WA0009.jpg?fit=225%2C300\" data-large-file=\"https:\/\/i0.wp.com\/www.spang.ch\/aude\/wp-content\/uploads\/2022\/08\/IMG-20220807-WA0009.jpg?fit=768%2C1024\" tabindex=\"0\" role=\"button\" src=\"https:\/\/i0.wp.com\/www.spang.ch\/aude\/wp-content\/uploads\/2022\/08\/IMG-20220807-WA0009.jpg?resize=1000%2C1333&#038;ssl=1\" alt=\"\" class=\"wp-image-1146\" srcset=\"https:\/\/i0.wp.com\/www.spang.ch\/aude\/wp-content\/uploads\/2022\/08\/IMG-20220807-WA0009.jpg?w=1536 1536w, https:\/\/i0.wp.com\/www.spang.ch\/aude\/wp-content\/uploads\/2022\/08\/IMG-20220807-WA0009.jpg?resize=225%2C300 225w, https:\/\/i0.wp.com\/www.spang.ch\/aude\/wp-content\/uploads\/2022\/08\/IMG-20220807-WA0009.jpg?resize=768%2C1024 768w, https:\/\/i0.wp.com\/www.spang.ch\/aude\/wp-content\/uploads\/2022\/08\/IMG-20220807-WA0009.jpg?resize=1152%2C1536 1152w, https:\/\/i0.wp.com\/www.spang.ch\/aude\/wp-content\/uploads\/2022\/08\/IMG-20220807-WA0009.jpg?resize=630%2C840 630w, https:\/\/i0.wp.com\/www.spang.ch\/aude\/wp-content\/uploads\/2022\/08\/IMG-20220807-WA0009.jpg?resize=960%2C1280 960w\" sizes=\"(max-width: 1000px) 100vw, 1000px\" data-recalc-dims=\"1\" \/><figcaption class=\"wp-element-caption\">Un peu de patience et on finirait par \u00eatre servi-es<\/figcaption><\/figure>\n\n\n\n<p>C&#8217;est d&#8217;ailleurs toujours \u00e7a qui m&#8217;a fascin\u00e9e dans le voyage. Observer comment on peut vivre autrement, ailleurs. Toutes les choses qu&#8217;on peut faire diff\u00e9remment, qu&#8217;on ne s&#8217;imaginerait m\u00eame pas. Remettre nos normes et habitudes mentales en question. Certes on sent la pauvret\u00e9, mais on per\u00e7oit aussi \u00e0 quel point nos cultures sont profond\u00e9ment individualistes, l&#8217;un des nombreux drames du capitalisme. Le sens de communaut\u00e9 et de solidarit\u00e9 qu&#8217;on a perdu (qu&#8217;on nous a arrach\u00e9, plut\u00f4t) dans le monde occidental est une richesse perdue dont on ne peut estimer la valeur. On le comprend en se rendant compte de la beaut\u00e9 du contact humain qu&#8217;on peut vivre ici avec des personnes dont le quotidien est des centaines de fois plus simple que le n\u00f4tre, et qui expriment joie et gentillesse plut\u00f4t qu&#8217;amertume et envie.<\/p>\n\n\n\n<figure class=\"wp-block-image\"><img loading=\"lazy\" decoding=\"async\" width=\"1000\" height=\"750\" data-attachment-id=\"1142\" data-permalink=\"http:\/\/www.spang.ch\/aude\/img_20220806_184224-jpg\/\" data-orig-file=\"https:\/\/i0.wp.com\/www.spang.ch\/aude\/wp-content\/uploads\/2022\/08\/IMG_20220806_184224-scaled.jpg?fit=2560%2C1920\" data-orig-size=\"2560,1920\" data-comments-opened=\"1\" data-image-meta=\"{&quot;aperture&quot;:&quot;1.7&quot;,&quot;credit&quot;:&quot;&quot;,&quot;camera&quot;:&quot;SM-G930F&quot;,&quot;caption&quot;:&quot;&quot;,&quot;created_timestamp&quot;:&quot;1659811343&quot;,&quot;copyright&quot;:&quot;&quot;,&quot;focal_length&quot;:&quot;4.2&quot;,&quot;iso&quot;:&quot;500&quot;,&quot;shutter_speed&quot;:&quot;0.04&quot;,&quot;title&quot;:&quot;&quot;,&quot;orientation&quot;:&quot;1&quot;}\" data-image-title=\"IMG_20220806_184224.jpg\" data-image-description=\"\" data-image-caption=\"\" data-medium-file=\"https:\/\/i0.wp.com\/www.spang.ch\/aude\/wp-content\/uploads\/2022\/08\/IMG_20220806_184224-scaled.jpg?fit=300%2C225\" data-large-file=\"https:\/\/i0.wp.com\/www.spang.ch\/aude\/wp-content\/uploads\/2022\/08\/IMG_20220806_184224-scaled.jpg?fit=1000%2C750\" tabindex=\"0\" role=\"button\" src=\"https:\/\/i0.wp.com\/www.spang.ch\/aude\/wp-content\/uploads\/2022\/08\/IMG_20220806_184224-scaled.jpg?resize=1000%2C750&#038;ssl=1\" alt=\"\" class=\"wp-image-1142\" srcset=\"https:\/\/i0.wp.com\/www.spang.ch\/aude\/wp-content\/uploads\/2022\/08\/IMG_20220806_184224-scaled.jpg?w=2560 2560w, https:\/\/i0.wp.com\/www.spang.ch\/aude\/wp-content\/uploads\/2022\/08\/IMG_20220806_184224-scaled.jpg?resize=300%2C225 300w, https:\/\/i0.wp.com\/www.spang.ch\/aude\/wp-content\/uploads\/2022\/08\/IMG_20220806_184224-scaled.jpg?resize=1024%2C768 1024w, https:\/\/i0.wp.com\/www.spang.ch\/aude\/wp-content\/uploads\/2022\/08\/IMG_20220806_184224-scaled.jpg?resize=768%2C576 768w, https:\/\/i0.wp.com\/www.spang.ch\/aude\/wp-content\/uploads\/2022\/08\/IMG_20220806_184224-scaled.jpg?resize=1536%2C1152 1536w, https:\/\/i0.wp.com\/www.spang.ch\/aude\/wp-content\/uploads\/2022\/08\/IMG_20220806_184224-scaled.jpg?w=2000 2000w\" sizes=\"(max-width: 1000px) 100vw, 1000px\" data-recalc-dims=\"1\" \/><figcaption class=\"wp-element-caption\">Boucherie \u00e0 Chichi<\/figcaption><\/figure>\n\n\n\n<figure class=\"wp-block-image\"><img loading=\"lazy\" decoding=\"async\" width=\"1000\" height=\"750\" data-attachment-id=\"1167\" data-permalink=\"http:\/\/www.spang.ch\/aude\/img_20220806_184110-jpg-2\/\" data-orig-file=\"https:\/\/i0.wp.com\/www.spang.ch\/aude\/wp-content\/uploads\/2022\/08\/IMG_20220806_184110-1-scaled.jpg?fit=2560%2C1920\" data-orig-size=\"2560,1920\" data-comments-opened=\"1\" data-image-meta=\"{&quot;aperture&quot;:&quot;1.7&quot;,&quot;credit&quot;:&quot;&quot;,&quot;camera&quot;:&quot;SM-G930F&quot;,&quot;caption&quot;:&quot;&quot;,&quot;created_timestamp&quot;:&quot;1659811270&quot;,&quot;copyright&quot;:&quot;&quot;,&quot;focal_length&quot;:&quot;4.2&quot;,&quot;iso&quot;:&quot;1250&quot;,&quot;shutter_speed&quot;:&quot;0.04&quot;,&quot;title&quot;:&quot;&quot;,&quot;orientation&quot;:&quot;1&quot;}\" data-image-title=\"IMG_20220806_184110.jpg\" data-image-description=\"\" data-image-caption=\"\" data-medium-file=\"https:\/\/i0.wp.com\/www.spang.ch\/aude\/wp-content\/uploads\/2022\/08\/IMG_20220806_184110-1-scaled.jpg?fit=300%2C225\" data-large-file=\"https:\/\/i0.wp.com\/www.spang.ch\/aude\/wp-content\/uploads\/2022\/08\/IMG_20220806_184110-1-scaled.jpg?fit=1000%2C750\" tabindex=\"0\" role=\"button\" src=\"https:\/\/i0.wp.com\/www.spang.ch\/aude\/wp-content\/uploads\/2022\/08\/IMG_20220806_184110-1-scaled.jpg?resize=1000%2C750&#038;ssl=1\" alt=\"\" class=\"wp-image-1167\" srcset=\"https:\/\/i0.wp.com\/www.spang.ch\/aude\/wp-content\/uploads\/2022\/08\/IMG_20220806_184110-1-scaled.jpg?w=2560 2560w, https:\/\/i0.wp.com\/www.spang.ch\/aude\/wp-content\/uploads\/2022\/08\/IMG_20220806_184110-1-scaled.jpg?resize=300%2C225 300w, https:\/\/i0.wp.com\/www.spang.ch\/aude\/wp-content\/uploads\/2022\/08\/IMG_20220806_184110-1-scaled.jpg?resize=1024%2C768 1024w, https:\/\/i0.wp.com\/www.spang.ch\/aude\/wp-content\/uploads\/2022\/08\/IMG_20220806_184110-1-scaled.jpg?resize=768%2C576 768w, https:\/\/i0.wp.com\/www.spang.ch\/aude\/wp-content\/uploads\/2022\/08\/IMG_20220806_184110-1-scaled.jpg?resize=1536%2C1152 1536w, https:\/\/i0.wp.com\/www.spang.ch\/aude\/wp-content\/uploads\/2022\/08\/IMG_20220806_184110-1-scaled.jpg?resize=2048%2C1536 2048w\" sizes=\"(max-width: 1000px) 100vw, 1000px\" data-recalc-dims=\"1\" \/><figcaption class=\"wp-element-caption\">Qui veut aller chez le dentiste \u00e0 Chichi?<\/figcaption><\/figure>\n\n\n\n<p>Apr\u00e8s &#8220;Chichi&#8221;, nous nous sommes dirig\u00e9-es vers le lac Atitlan, \u00e0 nouveau en bus collectifs. Atitlan, un autre petit joyau de l&#8217;Am\u00e9rique centrale ! Merveilleuse \u00e9tendue d&#8217;eau entour\u00e9e par rien de moins que des volcans et une nature tropicale pleine d&#8217;enchantements. Nous y avons pass\u00e9 quelques jours, car l&#8217;ambiance y \u00e9tait si relaxante et le climat agr\u00e9able que cela invitait \u00e0 se poser. Notre h\u00f4tel avait une terrasse avec vue sur le lac et des hamacs, nous y avons pass\u00e9 de douces soir\u00e9es en qu\u00eate du meilleur repas du coin et \u00e0 parler de tout et de rien, mais surtout de voyage et de nourriture (n&#8217;oublions pas que mes partenaires de voyage viennent d&#8217;Italie !). Les probl\u00e8mes du quotidien n&#8217;existent plus, le travail est si loin que c&#8217;est pratiquement comme si je n&#8217;allais jamais y retourner. A Atitlan, pas de grosse randonn\u00e9e pour nous mais avec une magnifique promenade entre les villages du tour du lac. <\/p>\n\n\n\n<figure class=\"wp-block-image size-large\"><img loading=\"lazy\" decoding=\"async\" width=\"768\" height=\"1024\" data-attachment-id=\"1168\" data-permalink=\"http:\/\/www.spang.ch\/aude\/2022\/08\/guatemala-2\/img-20220807-wa0021-jpg\/\" data-orig-file=\"https:\/\/i0.wp.com\/www.spang.ch\/aude\/wp-content\/uploads\/2022\/08\/IMG-20220807-WA0021.jpg?fit=768%2C1024\" data-orig-size=\"768,1024\" data-comments-opened=\"1\" data-image-meta=\"{&quot;aperture&quot;:&quot;0&quot;,&quot;credit&quot;:&quot;&quot;,&quot;camera&quot;:&quot;&quot;,&quot;caption&quot;:&quot;&quot;,&quot;created_timestamp&quot;:&quot;0&quot;,&quot;copyright&quot;:&quot;&quot;,&quot;focal_length&quot;:&quot;0&quot;,&quot;iso&quot;:&quot;0&quot;,&quot;shutter_speed&quot;:&quot;0&quot;,&quot;title&quot;:&quot;&quot;,&quot;orientation&quot;:&quot;0&quot;}\" data-image-title=\"IMG-20220807-WA0021.jpg\" data-image-description=\"\" data-image-caption=\"\" data-medium-file=\"https:\/\/i0.wp.com\/www.spang.ch\/aude\/wp-content\/uploads\/2022\/08\/IMG-20220807-WA0021.jpg?fit=225%2C300\" data-large-file=\"https:\/\/i0.wp.com\/www.spang.ch\/aude\/wp-content\/uploads\/2022\/08\/IMG-20220807-WA0021.jpg?fit=768%2C1024\" tabindex=\"0\" role=\"button\" src=\"https:\/\/i0.wp.com\/www.spang.ch\/aude\/wp-content\/uploads\/2022\/08\/IMG-20220807-WA0021.jpg?resize=768%2C1024\" alt=\"\" class=\"wp-image-1168\" srcset=\"https:\/\/i0.wp.com\/www.spang.ch\/aude\/wp-content\/uploads\/2022\/08\/IMG-20220807-WA0021.jpg?w=768 768w, https:\/\/i0.wp.com\/www.spang.ch\/aude\/wp-content\/uploads\/2022\/08\/IMG-20220807-WA0021.jpg?resize=225%2C300 225w, https:\/\/i0.wp.com\/www.spang.ch\/aude\/wp-content\/uploads\/2022\/08\/IMG-20220807-WA0021.jpg?resize=630%2C840 630w\" sizes=\"(max-width: 768px) 100vw, 768px\" data-recalc-dims=\"1\" \/><figcaption class=\"wp-element-caption\">Arriv\u00e9e \u00e0 Atitlan<\/figcaption><\/figure>\n\n\n\n<figure class=\"wp-block-image size-large\"><img loading=\"lazy\" decoding=\"async\" width=\"1000\" height=\"750\" data-attachment-id=\"1172\" data-permalink=\"http:\/\/www.spang.ch\/aude\/img_20220807_150414-jpg\/\" data-orig-file=\"https:\/\/i0.wp.com\/www.spang.ch\/aude\/wp-content\/uploads\/2022\/08\/IMG_20220807_150414-scaled.jpg?fit=2560%2C1920\" data-orig-size=\"2560,1920\" data-comments-opened=\"1\" data-image-meta=\"{&quot;aperture&quot;:&quot;1.7&quot;,&quot;credit&quot;:&quot;&quot;,&quot;camera&quot;:&quot;SM-G930F&quot;,&quot;caption&quot;:&quot;&quot;,&quot;created_timestamp&quot;:&quot;1659884654&quot;,&quot;copyright&quot;:&quot;&quot;,&quot;focal_length&quot;:&quot;4.2&quot;,&quot;iso&quot;:&quot;64&quot;,&quot;shutter_speed&quot;:&quot;0.00022502250225023&quot;,&quot;title&quot;:&quot;&quot;,&quot;orientation&quot;:&quot;1&quot;}\" data-image-title=\"IMG_20220807_150414.jpg\" data-image-description=\"\" data-image-caption=\"\" data-medium-file=\"https:\/\/i0.wp.com\/www.spang.ch\/aude\/wp-content\/uploads\/2022\/08\/IMG_20220807_150414-scaled.jpg?fit=300%2C225\" data-large-file=\"https:\/\/i0.wp.com\/www.spang.ch\/aude\/wp-content\/uploads\/2022\/08\/IMG_20220807_150414-scaled.jpg?fit=1000%2C750\" tabindex=\"0\" role=\"button\" src=\"https:\/\/i0.wp.com\/www.spang.ch\/aude\/wp-content\/uploads\/2022\/08\/IMG_20220807_150414-scaled.jpg?resize=1000%2C750\" alt=\"\" class=\"wp-image-1172\" srcset=\"https:\/\/i0.wp.com\/www.spang.ch\/aude\/wp-content\/uploads\/2022\/08\/IMG_20220807_150414-scaled.jpg?w=2560 2560w, https:\/\/i0.wp.com\/www.spang.ch\/aude\/wp-content\/uploads\/2022\/08\/IMG_20220807_150414-scaled.jpg?resize=300%2C225 300w, https:\/\/i0.wp.com\/www.spang.ch\/aude\/wp-content\/uploads\/2022\/08\/IMG_20220807_150414-scaled.jpg?w=2000 2000w\" sizes=\"(max-width: 1000px) 100vw, 1000px\" data-recalc-dims=\"1\" \/><figcaption class=\"wp-element-caption\">Lago Atitlan<\/figcaption><\/figure>\n\n\n\n<figure class=\"wp-block-image\"><img loading=\"lazy\" decoding=\"async\" width=\"1000\" height=\"750\" data-attachment-id=\"1178\" data-permalink=\"http:\/\/www.spang.ch\/aude\/img_20220807_151255-jpg\/\" data-orig-file=\"https:\/\/i0.wp.com\/www.spang.ch\/aude\/wp-content\/uploads\/2022\/08\/IMG_20220807_151255-scaled.jpg?fit=2560%2C1920\" data-orig-size=\"2560,1920\" data-comments-opened=\"1\" data-image-meta=\"{&quot;aperture&quot;:&quot;1.7&quot;,&quot;credit&quot;:&quot;&quot;,&quot;camera&quot;:&quot;SM-G930F&quot;,&quot;caption&quot;:&quot;&quot;,&quot;created_timestamp&quot;:&quot;1659885175&quot;,&quot;copyright&quot;:&quot;&quot;,&quot;focal_length&quot;:&quot;4.2&quot;,&quot;iso&quot;:&quot;64&quot;,&quot;shutter_speed&quot;:&quot;0.00054794520547945&quot;,&quot;title&quot;:&quot;&quot;,&quot;orientation&quot;:&quot;1&quot;}\" data-image-title=\"IMG_20220807_151255.jpg\" data-image-description=\"\" data-image-caption=\"\" data-medium-file=\"https:\/\/i0.wp.com\/www.spang.ch\/aude\/wp-content\/uploads\/2022\/08\/IMG_20220807_151255-scaled.jpg?fit=300%2C225\" data-large-file=\"https:\/\/i0.wp.com\/www.spang.ch\/aude\/wp-content\/uploads\/2022\/08\/IMG_20220807_151255-scaled.jpg?fit=1000%2C750\" tabindex=\"0\" role=\"button\" src=\"https:\/\/i0.wp.com\/www.spang.ch\/aude\/wp-content\/uploads\/2022\/08\/IMG_20220807_151255-scaled.jpg?resize=1000%2C750&#038;ssl=1\" alt=\"\" class=\"wp-image-1178\" srcset=\"https:\/\/i0.wp.com\/www.spang.ch\/aude\/wp-content\/uploads\/2022\/08\/IMG_20220807_151255-scaled.jpg?w=2560 2560w, https:\/\/i0.wp.com\/www.spang.ch\/aude\/wp-content\/uploads\/2022\/08\/IMG_20220807_151255-scaled.jpg?resize=300%2C225 300w, https:\/\/i0.wp.com\/www.spang.ch\/aude\/wp-content\/uploads\/2022\/08\/IMG_20220807_151255-scaled.jpg?w=2000 2000w\" sizes=\"(max-width: 1000px) 100vw, 1000px\" data-recalc-dims=\"1\" \/><figcaption class=\"wp-element-caption\">Depuis le bateau<\/figcaption><\/figure>\n\n\n\n<p>Nous avons pris le bateau jusqu&#8217;au village en face du n\u00f4tre, et de l\u00e0 nous sommes pass\u00e9s de l&#8217;un \u00e0 l&#8217;autre en suivant le sentier dans la foret aux allures de jungle, avec en prime des vues \u00e0 couper le souffle sur les volcans d&#8217;en face. Quant aux villages, puisqu&#8217;on avait lu qu&#8217;ils \u00e9taient &#8220;traditionnels&#8221; on s&#8217;attendait \u00e0 y trouver de nombreux touristes et autant d&#8217;\u00e9choppes \u00e0 leur intention, un peu comme le village dans lequel \u00e9tait notre h\u00f4tel. Pourtant, s&#8217;ils n&#8217;\u00e9taient pas extr\u00eamement traditionnels en soi, ils \u00e9taient par contre 100% authentiques et tr\u00e8s peu touristiques, dans certains minuscules villages on parle m\u00eame 4 langues diff\u00e9rentes. On y a vu les gens y vivre leur vie presque comme si le reste du monde n&#8217;existait pas. Cela signifie apercevoir beaucoup de femmes travailler et d&#8217;hommes ivres tra\u00eener dans les rues (on observe au Guatemala une forte r\u00e9partition genr\u00e9e du travail, d&#8217;ailleurs) mais aussi par exemple la joie de voir des files jouant au foot sur une place de sport, occupant ainsi l&#8217;espace public d&#8217;habitude si masculin, pour mon plus grand bonheur ! <\/p>\n\n\n\n<figure class=\"wp-block-image\"><img decoding=\"async\" data-attachment-id=\"1171\" data-permalink=\"http:\/\/www.spang.ch\/aude\/img_20220807_1614384998427819629640164-jpg\/\" data-orig-file=\"https:\/\/i0.wp.com\/www.spang.ch\/aude\/wp-content\/uploads\/2022\/08\/img_20220807_1614384998427819629640164.jpg?fit=%2C\" data-orig-size=\"\" data-comments-opened=\"1\" data-image-meta=\"[]\" data-image-title=\"img_20220807_1614384998427819629640164.jpg\" data-image-description=\"\" data-image-caption=\"\" data-medium-file=\"https:\/\/i0.wp.com\/www.spang.ch\/aude\/wp-content\/uploads\/2022\/08\/img_20220807_1614384998427819629640164.jpg?fit=300%2C300\" data-large-file=\"https:\/\/i0.wp.com\/www.spang.ch\/aude\/wp-content\/uploads\/2022\/08\/img_20220807_1614384998427819629640164.jpg?fit=1024%2C1024\" tabindex=\"0\" role=\"button\" src=\"https:\/\/i0.wp.com\/www.spang.ch\/aude\/wp-content\/uploads\/2022\/08\/img_20220807_1614384998427819629640164.jpg?w=1000&#038;ssl=1\" alt=\"\" class=\"wp-image-1171\" data-recalc-dims=\"1\"\/><figcaption class=\"wp-element-caption\">Petite terrasse sympa<\/figcaption><\/figure>\n\n\n\n<figure class=\"wp-block-image\"><img loading=\"lazy\" decoding=\"async\" width=\"1000\" height=\"750\" data-attachment-id=\"1169\" data-permalink=\"http:\/\/www.spang.ch\/aude\/img_20220807_161527-jpg\/\" data-orig-file=\"https:\/\/i0.wp.com\/www.spang.ch\/aude\/wp-content\/uploads\/2022\/08\/IMG_20220807_161527-scaled.jpg?fit=2560%2C1920\" data-orig-size=\"2560,1920\" data-comments-opened=\"1\" data-image-meta=\"{&quot;aperture&quot;:&quot;1.7&quot;,&quot;credit&quot;:&quot;&quot;,&quot;camera&quot;:&quot;SM-G930F&quot;,&quot;caption&quot;:&quot;&quot;,&quot;created_timestamp&quot;:&quot;1659888927&quot;,&quot;copyright&quot;:&quot;&quot;,&quot;focal_length&quot;:&quot;2.1&quot;,&quot;iso&quot;:&quot;100&quot;,&quot;shutter_speed&quot;:&quot;0&quot;,&quot;title&quot;:&quot;&quot;,&quot;orientation&quot;:&quot;1&quot;}\" data-image-title=\"IMG_20220807_161527.jpg\" data-image-description=\"\" data-image-caption=\"\" data-medium-file=\"https:\/\/i0.wp.com\/www.spang.ch\/aude\/wp-content\/uploads\/2022\/08\/IMG_20220807_161527-scaled.jpg?fit=300%2C225\" data-large-file=\"https:\/\/i0.wp.com\/www.spang.ch\/aude\/wp-content\/uploads\/2022\/08\/IMG_20220807_161527-scaled.jpg?fit=1000%2C750\" tabindex=\"0\" role=\"button\" src=\"https:\/\/i0.wp.com\/www.spang.ch\/aude\/wp-content\/uploads\/2022\/08\/IMG_20220807_161527-scaled.jpg?resize=1000%2C750&#038;ssl=1\" alt=\"\" class=\"wp-image-1169\" srcset=\"https:\/\/i0.wp.com\/www.spang.ch\/aude\/wp-content\/uploads\/2022\/08\/IMG_20220807_161527-scaled.jpg?w=2560 2560w, https:\/\/i0.wp.com\/www.spang.ch\/aude\/wp-content\/uploads\/2022\/08\/IMG_20220807_161527-scaled.jpg?resize=300%2C225 300w, https:\/\/i0.wp.com\/www.spang.ch\/aude\/wp-content\/uploads\/2022\/08\/IMG_20220807_161527-scaled.jpg?resize=1024%2C768 1024w, https:\/\/i0.wp.com\/www.spang.ch\/aude\/wp-content\/uploads\/2022\/08\/IMG_20220807_161527-scaled.jpg?w=2000 2000w\" sizes=\"(max-width: 1000px) 100vw, 1000px\" data-recalc-dims=\"1\" \/><figcaption class=\"wp-element-caption\">Vue depuis la terrasse<\/figcaption><\/figure>\n\n\n\n<figure class=\"wp-block-image\"><img decoding=\"async\" data-attachment-id=\"1170\" data-permalink=\"http:\/\/www.spang.ch\/aude\/img_20220807_145439-jpg\/\" data-orig-file=\"https:\/\/i0.wp.com\/www.spang.ch\/aude\/wp-content\/uploads\/2022\/08\/IMG_20220807_145439.jpg?fit=%2C\" data-orig-size=\"\" data-comments-opened=\"1\" data-image-meta=\"[]\" data-image-title=\"IMG_20220807_145439.jpg\" data-image-description=\"\" data-image-caption=\"\" data-medium-file=\"https:\/\/i0.wp.com\/www.spang.ch\/aude\/wp-content\/uploads\/2022\/08\/IMG_20220807_145439.jpg?fit=300%2C300\" data-large-file=\"https:\/\/i0.wp.com\/www.spang.ch\/aude\/wp-content\/uploads\/2022\/08\/IMG_20220807_145439.jpg?fit=1024%2C1024\" tabindex=\"0\" role=\"button\" src=\"https:\/\/i0.wp.com\/www.spang.ch\/aude\/wp-content\/uploads\/2022\/08\/IMG_20220807_145439.jpg?w=1000&#038;ssl=1\" alt=\"\" class=\"wp-image-1170\" data-recalc-dims=\"1\"\/><figcaption class=\"wp-element-caption\">Normal de voir un volcan au bout de la rue&#8230;<\/figcaption><\/figure>\n\n\n\n<figure class=\"wp-block-image\"><img loading=\"lazy\" decoding=\"async\" width=\"1000\" height=\"750\" data-attachment-id=\"1192\" data-permalink=\"http:\/\/www.spang.ch\/aude\/img_20220809_213516-jpg\/\" data-orig-file=\"https:\/\/i0.wp.com\/www.spang.ch\/aude\/wp-content\/uploads\/2022\/08\/IMG_20220809_213516-scaled.jpg?fit=2560%2C1920\" data-orig-size=\"2560,1920\" data-comments-opened=\"1\" data-image-meta=\"{&quot;aperture&quot;:&quot;1.7&quot;,&quot;credit&quot;:&quot;&quot;,&quot;camera&quot;:&quot;SM-G930F&quot;,&quot;caption&quot;:&quot;&quot;,&quot;created_timestamp&quot;:&quot;1660080916&quot;,&quot;copyright&quot;:&quot;&quot;,&quot;focal_length&quot;:&quot;4.2&quot;,&quot;iso&quot;:&quot;400&quot;,&quot;shutter_speed&quot;:&quot;0.04&quot;,&quot;title&quot;:&quot;&quot;,&quot;orientation&quot;:&quot;1&quot;}\" data-image-title=\"IMG_20220809_213516.jpg\" data-image-description=\"\" data-image-caption=\"\" data-medium-file=\"https:\/\/i0.wp.com\/www.spang.ch\/aude\/wp-content\/uploads\/2022\/08\/IMG_20220809_213516-scaled.jpg?fit=300%2C225\" data-large-file=\"https:\/\/i0.wp.com\/www.spang.ch\/aude\/wp-content\/uploads\/2022\/08\/IMG_20220809_213516-scaled.jpg?fit=1000%2C750\" tabindex=\"0\" role=\"button\" src=\"https:\/\/i0.wp.com\/www.spang.ch\/aude\/wp-content\/uploads\/2022\/08\/IMG_20220809_213516-scaled.jpg?resize=1000%2C750&#038;ssl=1\" alt=\"\" class=\"wp-image-1192\" srcset=\"https:\/\/i0.wp.com\/www.spang.ch\/aude\/wp-content\/uploads\/2022\/08\/IMG_20220809_213516-scaled.jpg?w=2560 2560w, https:\/\/i0.wp.com\/www.spang.ch\/aude\/wp-content\/uploads\/2022\/08\/IMG_20220809_213516-scaled.jpg?resize=300%2C225 300w, https:\/\/i0.wp.com\/www.spang.ch\/aude\/wp-content\/uploads\/2022\/08\/IMG_20220809_213516-scaled.jpg?w=2000 2000w\" sizes=\"(max-width: 1000px) 100vw, 1000px\" data-recalc-dims=\"1\" \/><figcaption class=\"wp-element-caption\">Encore des tortillas comme \u00e7a svp<\/figcaption><\/figure>\n\n\n\n<p>On a compris par la suite que si on \u00e9tait pour ainsi dire les seuls touristes \u00e0 nous balader de la sorte, c&#8217;est parce que la plupart des occidentalaux (et isra\u00e9lien-nes) qui viennent prennent leur quartier dans une jolie auberge de jeunesse pour ensuite ne pratiquement plus en sortir. Quel dommage ! De notre c\u00f4t\u00e9, outre les promenades, nous avons pass\u00e9 de nombreux moments juste pos\u00e9s \u00e0 profiter de la nature, du climat et de la compagnie, \u00e0 nous raconter de belles histoires et anecdotes, le tout g\u00e9n\u00e9ralement  sur fond musical, puisqu&#8217;il y a toujours au moins une source de musique un peu partout, tout le temps (et si joyeuse!). Raconter de belles histoires, c&#8217;est une jolie qualit\u00e9 des voyageureuses, grand-es collectionneureuses de moments et d&#8217;exp\u00e9riences. Cela donne foison de r\u00e9cits dr\u00f4les, touchants, beaux ou int\u00e9ressants, qu&#8217;on se partage comme on \u00e9change des vignettes panini. Parce qu&#8217;on aime autant les entendre que les raconter, et qu&#8217;on se fait ainsi voyager pendant nos voyages, pour ouvrir toujours plus d&#8217;horizons, d\u00e9couvrir d&#8217;autres perceptions et de nouveaux mondes. Bref, j&#8217;\u00e9tais d\u00e9finitivement en excellente compagnie. <\/p>\n\n\n\n<figure class=\"wp-block-image\"><img loading=\"lazy\" decoding=\"async\" width=\"1000\" height=\"750\" data-attachment-id=\"1181\" data-permalink=\"http:\/\/www.spang.ch\/aude\/img_20220808_121756-jpg\/\" data-orig-file=\"https:\/\/i0.wp.com\/www.spang.ch\/aude\/wp-content\/uploads\/2022\/08\/IMG_20220808_121756-scaled.jpg?fit=2560%2C1920\" data-orig-size=\"2560,1920\" data-comments-opened=\"1\" data-image-meta=\"{&quot;aperture&quot;:&quot;1.7&quot;,&quot;credit&quot;:&quot;&quot;,&quot;camera&quot;:&quot;SM-G930F&quot;,&quot;caption&quot;:&quot;&quot;,&quot;created_timestamp&quot;:&quot;1659961076&quot;,&quot;copyright&quot;:&quot;&quot;,&quot;focal_length&quot;:&quot;4.2&quot;,&quot;iso&quot;:&quot;64&quot;,&quot;shutter_speed&quot;:&quot;0.00033101621979477&quot;,&quot;title&quot;:&quot;&quot;,&quot;orientation&quot;:&quot;1&quot;}\" data-image-title=\"IMG_20220808_121756.jpg\" data-image-description=\"\" data-image-caption=\"\" data-medium-file=\"https:\/\/i0.wp.com\/www.spang.ch\/aude\/wp-content\/uploads\/2022\/08\/IMG_20220808_121756-scaled.jpg?fit=300%2C225\" data-large-file=\"https:\/\/i0.wp.com\/www.spang.ch\/aude\/wp-content\/uploads\/2022\/08\/IMG_20220808_121756-scaled.jpg?fit=1000%2C750\" tabindex=\"0\" role=\"button\" src=\"https:\/\/i0.wp.com\/www.spang.ch\/aude\/wp-content\/uploads\/2022\/08\/IMG_20220808_121756-scaled.jpg?resize=1000%2C750&#038;ssl=1\" alt=\"\" class=\"wp-image-1181\" data-recalc-dims=\"1\"\/><figcaption class=\"wp-element-caption\">Tour de lac<\/figcaption><\/figure>\n\n\n\n<figure class=\"wp-block-image\"><img decoding=\"async\" data-attachment-id=\"1176\" data-permalink=\"http:\/\/www.spang.ch\/aude\/img_20220808_1356401485939827504875222-jpg\/\" data-orig-file=\"https:\/\/i0.wp.com\/www.spang.ch\/aude\/wp-content\/uploads\/2022\/08\/img_20220808_1356401485939827504875222.jpg?fit=%2C\" data-orig-size=\"\" data-comments-opened=\"1\" data-image-meta=\"[]\" data-image-title=\"img_20220808_1356401485939827504875222.jpg\" data-image-description=\"\" data-image-caption=\"\" data-medium-file=\"https:\/\/i0.wp.com\/www.spang.ch\/aude\/wp-content\/uploads\/2022\/08\/img_20220808_1356401485939827504875222.jpg?fit=300%2C300\" data-large-file=\"https:\/\/i0.wp.com\/www.spang.ch\/aude\/wp-content\/uploads\/2022\/08\/img_20220808_1356401485939827504875222.jpg?fit=1024%2C1024\" tabindex=\"0\" role=\"button\" src=\"https:\/\/i0.wp.com\/www.spang.ch\/aude\/wp-content\/uploads\/2022\/08\/img_20220808_1356401485939827504875222.jpg?w=1000&#038;ssl=1\" alt=\"\" class=\"wp-image-1176\" data-recalc-dims=\"1\"\/><figcaption class=\"wp-element-caption\">En balade avec notre pote AJ<\/figcaption><\/figure>\n\n\n\n<figure class=\"wp-block-image\"><img loading=\"lazy\" decoding=\"async\" width=\"1000\" height=\"750\" data-attachment-id=\"1179\" data-permalink=\"http:\/\/www.spang.ch\/aude\/img_20220807_194912-jpg\/\" data-orig-file=\"https:\/\/i0.wp.com\/www.spang.ch\/aude\/wp-content\/uploads\/2022\/08\/IMG_20220807_194912-scaled.jpg?fit=2560%2C1920\" data-orig-size=\"2560,1920\" data-comments-opened=\"1\" data-image-meta=\"{&quot;aperture&quot;:&quot;1.7&quot;,&quot;credit&quot;:&quot;&quot;,&quot;camera&quot;:&quot;SM-G930F&quot;,&quot;caption&quot;:&quot;&quot;,&quot;created_timestamp&quot;:&quot;1659901752&quot;,&quot;copyright&quot;:&quot;&quot;,&quot;focal_length&quot;:&quot;4.2&quot;,&quot;iso&quot;:&quot;100&quot;,&quot;shutter_speed&quot;:&quot;0.02&quot;,&quot;title&quot;:&quot;&quot;,&quot;orientation&quot;:&quot;1&quot;}\" data-image-title=\"IMG_20220807_194912.jpg\" data-image-description=\"\" data-image-caption=\"\" data-medium-file=\"https:\/\/i0.wp.com\/www.spang.ch\/aude\/wp-content\/uploads\/2022\/08\/IMG_20220807_194912-scaled.jpg?fit=300%2C225\" data-large-file=\"https:\/\/i0.wp.com\/www.spang.ch\/aude\/wp-content\/uploads\/2022\/08\/IMG_20220807_194912-scaled.jpg?fit=1000%2C750\" tabindex=\"0\" role=\"button\" src=\"https:\/\/i0.wp.com\/www.spang.ch\/aude\/wp-content\/uploads\/2022\/08\/IMG_20220807_194912-scaled.jpg?resize=1000%2C750&#038;ssl=1\" alt=\"\" class=\"wp-image-1179\" srcset=\"https:\/\/i0.wp.com\/www.spang.ch\/aude\/wp-content\/uploads\/2022\/08\/IMG_20220807_194912-scaled.jpg?w=2560 2560w, https:\/\/i0.wp.com\/www.spang.ch\/aude\/wp-content\/uploads\/2022\/08\/IMG_20220807_194912-scaled.jpg?resize=300%2C225 300w, https:\/\/i0.wp.com\/www.spang.ch\/aude\/wp-content\/uploads\/2022\/08\/IMG_20220807_194912-scaled.jpg?resize=1024%2C768 1024w, https:\/\/i0.wp.com\/www.spang.ch\/aude\/wp-content\/uploads\/2022\/08\/IMG_20220807_194912-scaled.jpg?resize=768%2C576 768w, https:\/\/i0.wp.com\/www.spang.ch\/aude\/wp-content\/uploads\/2022\/08\/IMG_20220807_194912-scaled.jpg?w=2000 2000w\" sizes=\"(max-width: 1000px) 100vw, 1000px\" data-recalc-dims=\"1\" \/><figcaption class=\"wp-element-caption\">Incroyable street food<\/figcaption><\/figure>\n\n\n\n<figure class=\"wp-block-image size-large\"><img loading=\"lazy\" decoding=\"async\" width=\"768\" height=\"1024\" data-attachment-id=\"1232\" data-permalink=\"http:\/\/www.spang.ch\/aude\/2022\/08\/guatemala-2\/img-20220808-wa0038-jpg\/\" data-orig-file=\"https:\/\/i0.wp.com\/www.spang.ch\/aude\/wp-content\/uploads\/2022\/08\/IMG-20220808-WA0038.jpg?fit=1536%2C2048\" data-orig-size=\"1536,2048\" data-comments-opened=\"1\" data-image-meta=\"{&quot;aperture&quot;:&quot;0&quot;,&quot;credit&quot;:&quot;&quot;,&quot;camera&quot;:&quot;&quot;,&quot;caption&quot;:&quot;&quot;,&quot;created_timestamp&quot;:&quot;0&quot;,&quot;copyright&quot;:&quot;&quot;,&quot;focal_length&quot;:&quot;0&quot;,&quot;iso&quot;:&quot;0&quot;,&quot;shutter_speed&quot;:&quot;0&quot;,&quot;title&quot;:&quot;&quot;,&quot;orientation&quot;:&quot;0&quot;}\" data-image-title=\"IMG-20220808-WA0038.jpg\" data-image-description=\"\" data-image-caption=\"\" data-medium-file=\"https:\/\/i0.wp.com\/www.spang.ch\/aude\/wp-content\/uploads\/2022\/08\/IMG-20220808-WA0038.jpg?fit=225%2C300\" data-large-file=\"https:\/\/i0.wp.com\/www.spang.ch\/aude\/wp-content\/uploads\/2022\/08\/IMG-20220808-WA0038.jpg?fit=768%2C1024\" tabindex=\"0\" role=\"button\" src=\"https:\/\/i0.wp.com\/www.spang.ch\/aude\/wp-content\/uploads\/2022\/08\/IMG-20220808-WA0038-768x1024.jpg?resize=768%2C1024&#038;ssl=1\" alt=\"\" class=\"wp-image-1232\" srcset=\"https:\/\/i0.wp.com\/www.spang.ch\/aude\/wp-content\/uploads\/2022\/08\/IMG-20220808-WA0038.jpg?resize=768%2C1024 768w, https:\/\/i0.wp.com\/www.spang.ch\/aude\/wp-content\/uploads\/2022\/08\/IMG-20220808-WA0038.jpg?resize=225%2C300 225w, https:\/\/i0.wp.com\/www.spang.ch\/aude\/wp-content\/uploads\/2022\/08\/IMG-20220808-WA0038.jpg?resize=1152%2C1536 1152w, https:\/\/i0.wp.com\/www.spang.ch\/aude\/wp-content\/uploads\/2022\/08\/IMG-20220808-WA0038.jpg?resize=630%2C840 630w, https:\/\/i0.wp.com\/www.spang.ch\/aude\/wp-content\/uploads\/2022\/08\/IMG-20220808-WA0038.jpg?resize=960%2C1280 960w, https:\/\/i0.wp.com\/www.spang.ch\/aude\/wp-content\/uploads\/2022\/08\/IMG-20220808-WA0038.jpg?w=1536 1536w\" sizes=\"(max-width: 768px) 100vw, 768px\" data-recalc-dims=\"1\" \/><figcaption class=\"wp-element-caption\">On a aussi revu Nils, du trek de l&#8217;Acatenango<\/figcaption><\/figure>\n\n\n\n<p>A un moment, au bord du lac, nous avons \u00e9t\u00e9 rejoint-es par Ruggero , qui \u00e9tait venu parce que&#8230; il avait entendu parler italien! En effet, Peu d&#8217;italien-nes font de longs voyages sac au dos dans ces pays. Giorgia et Felice avaient notamment \u00e9t\u00e9 content-es de me rencontrer car cela leur permettait de parler leur langue, apr\u00e8s des mois sans contact avec leurs compatriotes. Ruggero a pass\u00e9 un peu de temps avec nous puis nous nous sommes s\u00e9par\u00e9-es \u00e0 notre d\u00e9part, mais on le retrouverait quelques jours plus tard, dans le nord du pays.<\/p>\n\n\n\n<figure class=\"wp-block-image\"><img loading=\"lazy\" decoding=\"async\" width=\"1000\" height=\"750\" data-attachment-id=\"1177\" data-permalink=\"http:\/\/www.spang.ch\/aude\/img_20220808_123706-jpg\/\" data-orig-file=\"https:\/\/i0.wp.com\/www.spang.ch\/aude\/wp-content\/uploads\/2022\/08\/IMG_20220808_123706-scaled.jpg?fit=2560%2C1920\" data-orig-size=\"2560,1920\" data-comments-opened=\"1\" data-image-meta=\"{&quot;aperture&quot;:&quot;1.7&quot;,&quot;credit&quot;:&quot;&quot;,&quot;camera&quot;:&quot;SM-G930F&quot;,&quot;caption&quot;:&quot;&quot;,&quot;created_timestamp&quot;:&quot;1659962226&quot;,&quot;copyright&quot;:&quot;&quot;,&quot;focal_length&quot;:&quot;2.1&quot;,&quot;iso&quot;:&quot;160&quot;,&quot;shutter_speed&quot;:&quot;0&quot;,&quot;title&quot;:&quot;&quot;,&quot;orientation&quot;:&quot;1&quot;}\" data-image-title=\"IMG_20220808_123706.jpg\" data-image-description=\"\" data-image-caption=\"\" data-medium-file=\"https:\/\/i0.wp.com\/www.spang.ch\/aude\/wp-content\/uploads\/2022\/08\/IMG_20220808_123706-scaled.jpg?fit=300%2C225\" data-large-file=\"https:\/\/i0.wp.com\/www.spang.ch\/aude\/wp-content\/uploads\/2022\/08\/IMG_20220808_123706-scaled.jpg?fit=1000%2C750\" tabindex=\"0\" role=\"button\" src=\"https:\/\/i0.wp.com\/www.spang.ch\/aude\/wp-content\/uploads\/2022\/08\/IMG_20220808_123706-scaled.jpg?resize=1000%2C750&#038;ssl=1\" alt=\"\" class=\"wp-image-1177\" srcset=\"https:\/\/i0.wp.com\/www.spang.ch\/aude\/wp-content\/uploads\/2022\/08\/IMG_20220808_123706-scaled.jpg?w=2560 2560w, https:\/\/i0.wp.com\/www.spang.ch\/aude\/wp-content\/uploads\/2022\/08\/IMG_20220808_123706-scaled.jpg?resize=300%2C225 300w, https:\/\/i0.wp.com\/www.spang.ch\/aude\/wp-content\/uploads\/2022\/08\/IMG_20220808_123706-scaled.jpg?resize=1024%2C768 1024w, https:\/\/i0.wp.com\/www.spang.ch\/aude\/wp-content\/uploads\/2022\/08\/IMG_20220808_123706-scaled.jpg?resize=768%2C576 768w, https:\/\/i0.wp.com\/www.spang.ch\/aude\/wp-content\/uploads\/2022\/08\/IMG_20220808_123706-scaled.jpg?w=2000 2000w\" sizes=\"(max-width: 1000px) 100vw, 1000px\" data-recalc-dims=\"1\" \/><figcaption class=\"wp-element-caption\">Pause jus de fruit<\/figcaption><\/figure>\n\n\n\n<figure class=\"wp-block-image\"><img loading=\"lazy\" decoding=\"async\" width=\"1000\" height=\"750\" data-attachment-id=\"1180\" data-permalink=\"http:\/\/www.spang.ch\/aude\/img_20220807_151623-jpg\/\" data-orig-file=\"https:\/\/i0.wp.com\/www.spang.ch\/aude\/wp-content\/uploads\/2022\/08\/IMG_20220807_151623-scaled.jpg?fit=2560%2C1920\" data-orig-size=\"2560,1920\" data-comments-opened=\"1\" data-image-meta=\"{&quot;aperture&quot;:&quot;1.7&quot;,&quot;credit&quot;:&quot;&quot;,&quot;camera&quot;:&quot;SM-G930F&quot;,&quot;caption&quot;:&quot;&quot;,&quot;created_timestamp&quot;:&quot;1659885383&quot;,&quot;copyright&quot;:&quot;&quot;,&quot;focal_length&quot;:&quot;4.2&quot;,&quot;iso&quot;:&quot;64&quot;,&quot;shutter_speed&quot;:&quot;0.00070077084793273&quot;,&quot;title&quot;:&quot;&quot;,&quot;orientation&quot;:&quot;1&quot;}\" data-image-title=\"IMG_20220807_151623.jpg\" data-image-description=\"\" data-image-caption=\"\" data-medium-file=\"https:\/\/i0.wp.com\/www.spang.ch\/aude\/wp-content\/uploads\/2022\/08\/IMG_20220807_151623-scaled.jpg?fit=300%2C225\" data-large-file=\"https:\/\/i0.wp.com\/www.spang.ch\/aude\/wp-content\/uploads\/2022\/08\/IMG_20220807_151623-scaled.jpg?fit=1000%2C750\" tabindex=\"0\" role=\"button\" src=\"https:\/\/i0.wp.com\/www.spang.ch\/aude\/wp-content\/uploads\/2022\/08\/IMG_20220807_151623-scaled.jpg?resize=1000%2C750&#038;ssl=1\" alt=\"\" class=\"wp-image-1180\" srcset=\"https:\/\/i0.wp.com\/www.spang.ch\/aude\/wp-content\/uploads\/2022\/08\/IMG_20220807_151623-scaled.jpg?w=2560 2560w, https:\/\/i0.wp.com\/www.spang.ch\/aude\/wp-content\/uploads\/2022\/08\/IMG_20220807_151623-scaled.jpg?resize=300%2C225 300w, https:\/\/i0.wp.com\/www.spang.ch\/aude\/wp-content\/uploads\/2022\/08\/IMG_20220807_151623-scaled.jpg?resize=1024%2C768 1024w, https:\/\/i0.wp.com\/www.spang.ch\/aude\/wp-content\/uploads\/2022\/08\/IMG_20220807_151623-scaled.jpg?resize=768%2C576 768w, https:\/\/i0.wp.com\/www.spang.ch\/aude\/wp-content\/uploads\/2022\/08\/IMG_20220807_151623-scaled.jpg?resize=1536%2C1152 1536w, https:\/\/i0.wp.com\/www.spang.ch\/aude\/wp-content\/uploads\/2022\/08\/IMG_20220807_151623-scaled.jpg?resize=2048%2C1536 2048w, https:\/\/i0.wp.com\/www.spang.ch\/aude\/wp-content\/uploads\/2022\/08\/IMG_20220807_151623-scaled.jpg?resize=400%2C300 400w\" sizes=\"(max-width: 1000px) 100vw, 1000px\" data-recalc-dims=\"1\" \/><figcaption class=\"wp-element-caption\">Depuis le bateau<\/figcaption><\/figure>\n\n\n\n<figure class=\"wp-block-image\"><img loading=\"lazy\" decoding=\"async\" width=\"1000\" height=\"1333\" data-attachment-id=\"1182\" data-permalink=\"http:\/\/www.spang.ch\/aude\/img-20220808-wa0039-jpg\/\" data-orig-file=\"https:\/\/i0.wp.com\/www.spang.ch\/aude\/wp-content\/uploads\/2022\/08\/IMG-20220808-WA0039.jpg?fit=1536%2C2048\" data-orig-size=\"1536,2048\" data-comments-opened=\"1\" data-image-meta=\"{&quot;aperture&quot;:&quot;0&quot;,&quot;credit&quot;:&quot;&quot;,&quot;camera&quot;:&quot;&quot;,&quot;caption&quot;:&quot;&quot;,&quot;created_timestamp&quot;:&quot;0&quot;,&quot;copyright&quot;:&quot;&quot;,&quot;focal_length&quot;:&quot;0&quot;,&quot;iso&quot;:&quot;0&quot;,&quot;shutter_speed&quot;:&quot;0&quot;,&quot;title&quot;:&quot;&quot;,&quot;orientation&quot;:&quot;0&quot;}\" data-image-title=\"IMG-20220808-WA0039.jpg\" data-image-description=\"\" data-image-caption=\"\" data-medium-file=\"https:\/\/i0.wp.com\/www.spang.ch\/aude\/wp-content\/uploads\/2022\/08\/IMG-20220808-WA0039.jpg?fit=225%2C300\" data-large-file=\"https:\/\/i0.wp.com\/www.spang.ch\/aude\/wp-content\/uploads\/2022\/08\/IMG-20220808-WA0039.jpg?fit=768%2C1024\" tabindex=\"0\" role=\"button\" src=\"https:\/\/i0.wp.com\/www.spang.ch\/aude\/wp-content\/uploads\/2022\/08\/IMG-20220808-WA0039.jpg?resize=1000%2C1333&#038;ssl=1\" alt=\"\" class=\"wp-image-1182\" srcset=\"https:\/\/i0.wp.com\/www.spang.ch\/aude\/wp-content\/uploads\/2022\/08\/IMG-20220808-WA0039.jpg?w=1536 1536w, https:\/\/i0.wp.com\/www.spang.ch\/aude\/wp-content\/uploads\/2022\/08\/IMG-20220808-WA0039.jpg?resize=225%2C300 225w, https:\/\/i0.wp.com\/www.spang.ch\/aude\/wp-content\/uploads\/2022\/08\/IMG-20220808-WA0039.jpg?resize=768%2C1024 768w, https:\/\/i0.wp.com\/www.spang.ch\/aude\/wp-content\/uploads\/2022\/08\/IMG-20220808-WA0039.jpg?resize=1152%2C1536 1152w, https:\/\/i0.wp.com\/www.spang.ch\/aude\/wp-content\/uploads\/2022\/08\/IMG-20220808-WA0039.jpg?resize=630%2C840 630w, https:\/\/i0.wp.com\/www.spang.ch\/aude\/wp-content\/uploads\/2022\/08\/IMG-20220808-WA0039.jpg?resize=960%2C1280 960w\" sizes=\"(max-width: 1000px) 100vw, 1000px\" data-recalc-dims=\"1\" \/><figcaption class=\"wp-element-caption\">Bonheur<\/figcaption><\/figure>\n\n\n\n<figure class=\"wp-block-image\"><img loading=\"lazy\" decoding=\"async\" width=\"1000\" height=\"750\" data-attachment-id=\"1201\" data-permalink=\"http:\/\/www.spang.ch\/aude\/img_20220808_113348-jpg\/\" data-orig-file=\"https:\/\/i0.wp.com\/www.spang.ch\/aude\/wp-content\/uploads\/2022\/08\/IMG_20220808_113348-scaled.jpg?fit=2560%2C1920\" data-orig-size=\"2560,1920\" data-comments-opened=\"1\" data-image-meta=\"{&quot;aperture&quot;:&quot;1.7&quot;,&quot;credit&quot;:&quot;&quot;,&quot;camera&quot;:&quot;SM-G930F&quot;,&quot;caption&quot;:&quot;&quot;,&quot;created_timestamp&quot;:&quot;1659958428&quot;,&quot;copyright&quot;:&quot;&quot;,&quot;focal_length&quot;:&quot;4.2&quot;,&quot;iso&quot;:&quot;64&quot;,&quot;shutter_speed&quot;:&quot;0.00027800945232138&quot;,&quot;title&quot;:&quot;&quot;,&quot;orientation&quot;:&quot;1&quot;}\" data-image-title=\"IMG_20220808_113348.jpg\" data-image-description=\"\" data-image-caption=\"\" data-medium-file=\"https:\/\/i0.wp.com\/www.spang.ch\/aude\/wp-content\/uploads\/2022\/08\/IMG_20220808_113348-scaled.jpg?fit=300%2C225\" data-large-file=\"https:\/\/i0.wp.com\/www.spang.ch\/aude\/wp-content\/uploads\/2022\/08\/IMG_20220808_113348-scaled.jpg?fit=1000%2C750\" tabindex=\"0\" role=\"button\" src=\"https:\/\/i0.wp.com\/www.spang.ch\/aude\/wp-content\/uploads\/2022\/08\/IMG_20220808_113348-scaled.jpg?resize=1000%2C750&#038;ssl=1\" alt=\"\" class=\"wp-image-1201\" srcset=\"https:\/\/i0.wp.com\/www.spang.ch\/aude\/wp-content\/uploads\/2022\/08\/IMG_20220808_113348-scaled.jpg?w=2560 2560w, https:\/\/i0.wp.com\/www.spang.ch\/aude\/wp-content\/uploads\/2022\/08\/IMG_20220808_113348-scaled.jpg?resize=300%2C225 300w, https:\/\/i0.wp.com\/www.spang.ch\/aude\/wp-content\/uploads\/2022\/08\/IMG_20220808_113348-scaled.jpg?resize=1024%2C768 1024w, https:\/\/i0.wp.com\/www.spang.ch\/aude\/wp-content\/uploads\/2022\/08\/IMG_20220808_113348-scaled.jpg?resize=768%2C576 768w, https:\/\/i0.wp.com\/www.spang.ch\/aude\/wp-content\/uploads\/2022\/08\/IMG_20220808_113348-scaled.jpg?w=2000 2000w\" sizes=\"(max-width: 1000px) 100vw, 1000px\" data-recalc-dims=\"1\" \/><figcaption class=\"wp-element-caption\">Tour de lac<\/figcaption><\/figure>\n\n\n\n<p>Parmi les autres moments qui nous ont marqu\u00e9 lors de notre s\u00e9jour au bord du lac, il y a eu cette fois o\u00f9 on a command\u00e9 un petit d\u00e9jeuner avec des \u0153ufs dans un restaurant, o\u00f9 le serveur nous a dit ok, puis o\u00f9 on a attendu. Ce n&#8217;est que lorsqu&#8217;il aura \u00e9t\u00e9 livr\u00e9 d&#8217;une cargaison d&#8217;oeufs, environ une demie-heure plus tard, que nos assiettes auront fini par arriver. Si je me rappelle bien, j&#8217;ai entendu ce m\u00eame serveur dire &#8220;un momento&#8221; une douzaine de fois, \u00e0 diff\u00e9rent-es client-es. Il s&#8217;agirait de ne pas trop se presser ! Nous avons eu nous avons \u00e9galement eu un droit \u00e0 un \u00e9pisode Netflix dans le dernier petit village que nous avons visit\u00e9, en fin d&#8217;apr\u00e8s-midi. L\u00e0, nous avons eu l&#8217;occasion d&#8217;observer un groupe d&#8217;adolescents chauffeurs qui se comportaient un peu comme s&#8217;ils \u00e9taient un gang de motards. La musique \u00e9tait forte, l&#8217;attitude bravache, quelques d\u00e9rapages contr\u00f4l\u00e9s et des airs provoc et moqueurs. Mais ceci&#8230; en conduisant des tuk-tuk ! <\/p>\n\n\n\n<figure class=\"wp-block-image\"><img loading=\"lazy\" decoding=\"async\" width=\"1000\" height=\"750\" data-attachment-id=\"1183\" data-permalink=\"http:\/\/www.spang.ch\/aude\/img_20220808_105926-jpg\/\" data-orig-file=\"https:\/\/i0.wp.com\/www.spang.ch\/aude\/wp-content\/uploads\/2022\/08\/IMG_20220808_105926-scaled.jpg?fit=2560%2C1920\" data-orig-size=\"2560,1920\" data-comments-opened=\"1\" data-image-meta=\"{&quot;aperture&quot;:&quot;1.7&quot;,&quot;credit&quot;:&quot;&quot;,&quot;camera&quot;:&quot;SM-G930F&quot;,&quot;caption&quot;:&quot;&quot;,&quot;created_timestamp&quot;:&quot;1659956366&quot;,&quot;copyright&quot;:&quot;&quot;,&quot;focal_length&quot;:&quot;4.2&quot;,&quot;iso&quot;:&quot;64&quot;,&quot;shutter_speed&quot;:&quot;0.00031104199066874&quot;,&quot;title&quot;:&quot;&quot;,&quot;orientation&quot;:&quot;1&quot;}\" data-image-title=\"IMG_20220808_105926.jpg\" data-image-description=\"\" data-image-caption=\"\" data-medium-file=\"https:\/\/i0.wp.com\/www.spang.ch\/aude\/wp-content\/uploads\/2022\/08\/IMG_20220808_105926-scaled.jpg?fit=300%2C225\" data-large-file=\"https:\/\/i0.wp.com\/www.spang.ch\/aude\/wp-content\/uploads\/2022\/08\/IMG_20220808_105926-scaled.jpg?fit=1000%2C750\" tabindex=\"0\" role=\"button\" src=\"https:\/\/i0.wp.com\/www.spang.ch\/aude\/wp-content\/uploads\/2022\/08\/IMG_20220808_105926-scaled.jpg?resize=1000%2C750&#038;ssl=1\" alt=\"\" class=\"wp-image-1183\" srcset=\"https:\/\/i0.wp.com\/www.spang.ch\/aude\/wp-content\/uploads\/2022\/08\/IMG_20220808_105926-scaled.jpg?w=2560 2560w, https:\/\/i0.wp.com\/www.spang.ch\/aude\/wp-content\/uploads\/2022\/08\/IMG_20220808_105926-scaled.jpg?resize=300%2C225 300w, https:\/\/i0.wp.com\/www.spang.ch\/aude\/wp-content\/uploads\/2022\/08\/IMG_20220808_105926-scaled.jpg?w=2000 2000w\" sizes=\"(max-width: 1000px) 100vw, 1000px\" data-recalc-dims=\"1\" \/><figcaption class=\"wp-element-caption\">Tour de lac<\/figcaption><\/figure>\n\n\n\n<figure class=\"wp-block-image\"><img loading=\"lazy\" decoding=\"async\" width=\"1000\" height=\"750\" data-attachment-id=\"1193\" data-permalink=\"http:\/\/www.spang.ch\/aude\/img_20220809_123158-jpg\/\" data-orig-file=\"https:\/\/i0.wp.com\/www.spang.ch\/aude\/wp-content\/uploads\/2022\/08\/IMG_20220809_123158-scaled.jpg?fit=2560%2C1920\" data-orig-size=\"2560,1920\" data-comments-opened=\"1\" data-image-meta=\"{&quot;aperture&quot;:&quot;1.7&quot;,&quot;credit&quot;:&quot;&quot;,&quot;camera&quot;:&quot;SM-G930F&quot;,&quot;caption&quot;:&quot;&quot;,&quot;created_timestamp&quot;:&quot;1660048318&quot;,&quot;copyright&quot;:&quot;&quot;,&quot;focal_length&quot;:&quot;4.2&quot;,&quot;iso&quot;:&quot;64&quot;,&quot;shutter_speed&quot;:&quot;0.00025799793601651&quot;,&quot;title&quot;:&quot;&quot;,&quot;orientation&quot;:&quot;1&quot;}\" data-image-title=\"IMG_20220809_123158.jpg\" data-image-description=\"\" data-image-caption=\"\" data-medium-file=\"https:\/\/i0.wp.com\/www.spang.ch\/aude\/wp-content\/uploads\/2022\/08\/IMG_20220809_123158-scaled.jpg?fit=300%2C225\" data-large-file=\"https:\/\/i0.wp.com\/www.spang.ch\/aude\/wp-content\/uploads\/2022\/08\/IMG_20220809_123158-scaled.jpg?fit=1000%2C750\" tabindex=\"0\" role=\"button\" src=\"https:\/\/i0.wp.com\/www.spang.ch\/aude\/wp-content\/uploads\/2022\/08\/IMG_20220809_123158-scaled.jpg?resize=1000%2C750&#038;ssl=1\" alt=\"\" class=\"wp-image-1193\" srcset=\"https:\/\/i0.wp.com\/www.spang.ch\/aude\/wp-content\/uploads\/2022\/08\/IMG_20220809_123158-scaled.jpg?w=2560 2560w, https:\/\/i0.wp.com\/www.spang.ch\/aude\/wp-content\/uploads\/2022\/08\/IMG_20220809_123158-scaled.jpg?resize=300%2C225 300w, https:\/\/i0.wp.com\/www.spang.ch\/aude\/wp-content\/uploads\/2022\/08\/IMG_20220809_123158-scaled.jpg?resize=1024%2C768 1024w, https:\/\/i0.wp.com\/www.spang.ch\/aude\/wp-content\/uploads\/2022\/08\/IMG_20220809_123158-scaled.jpg?resize=768%2C576 768w, https:\/\/i0.wp.com\/www.spang.ch\/aude\/wp-content\/uploads\/2022\/08\/IMG_20220809_123158-scaled.jpg?resize=1536%2C1152 1536w, https:\/\/i0.wp.com\/www.spang.ch\/aude\/wp-content\/uploads\/2022\/08\/IMG_20220809_123158-scaled.jpg?resize=2048%2C1536 2048w\" sizes=\"(max-width: 1000px) 100vw, 1000px\" data-recalc-dims=\"1\" \/><figcaption class=\"wp-element-caption\">Chill en bord de lac<\/figcaption><\/figure>\n\n\n\n<figure class=\"wp-block-image\"><img loading=\"lazy\" decoding=\"async\" width=\"1000\" height=\"750\" data-attachment-id=\"1203\" data-permalink=\"http:\/\/www.spang.ch\/aude\/img_20220808_181432-jpg\/\" data-orig-file=\"https:\/\/i0.wp.com\/www.spang.ch\/aude\/wp-content\/uploads\/2022\/08\/IMG_20220808_181432-scaled.jpg?fit=2560%2C1920\" data-orig-size=\"2560,1920\" data-comments-opened=\"1\" data-image-meta=\"{&quot;aperture&quot;:&quot;1.7&quot;,&quot;credit&quot;:&quot;&quot;,&quot;camera&quot;:&quot;SM-G930F&quot;,&quot;caption&quot;:&quot;&quot;,&quot;created_timestamp&quot;:&quot;1659982472&quot;,&quot;copyright&quot;:&quot;&quot;,&quot;focal_length&quot;:&quot;4.2&quot;,&quot;iso&quot;:&quot;640&quot;,&quot;shutter_speed&quot;:&quot;0.04&quot;,&quot;title&quot;:&quot;&quot;,&quot;orientation&quot;:&quot;1&quot;}\" data-image-title=\"IMG_20220808_181432.jpg\" data-image-description=\"\" data-image-caption=\"\" data-medium-file=\"https:\/\/i0.wp.com\/www.spang.ch\/aude\/wp-content\/uploads\/2022\/08\/IMG_20220808_181432-scaled.jpg?fit=300%2C225\" data-large-file=\"https:\/\/i0.wp.com\/www.spang.ch\/aude\/wp-content\/uploads\/2022\/08\/IMG_20220808_181432-scaled.jpg?fit=1000%2C750\" tabindex=\"0\" role=\"button\" src=\"https:\/\/i0.wp.com\/www.spang.ch\/aude\/wp-content\/uploads\/2022\/08\/IMG_20220808_181432-scaled.jpg?resize=1000%2C750&#038;ssl=1\" alt=\"\" class=\"wp-image-1203\" srcset=\"https:\/\/i0.wp.com\/www.spang.ch\/aude\/wp-content\/uploads\/2022\/08\/IMG_20220808_181432-scaled.jpg?w=2560 2560w, https:\/\/i0.wp.com\/www.spang.ch\/aude\/wp-content\/uploads\/2022\/08\/IMG_20220808_181432-scaled.jpg?resize=300%2C225 300w, https:\/\/i0.wp.com\/www.spang.ch\/aude\/wp-content\/uploads\/2022\/08\/IMG_20220808_181432-scaled.jpg?resize=1024%2C768 1024w, https:\/\/i0.wp.com\/www.spang.ch\/aude\/wp-content\/uploads\/2022\/08\/IMG_20220808_181432-scaled.jpg?resize=768%2C576 768w, https:\/\/i0.wp.com\/www.spang.ch\/aude\/wp-content\/uploads\/2022\/08\/IMG_20220808_181432-scaled.jpg?resize=1536%2C1152 1536w, https:\/\/i0.wp.com\/www.spang.ch\/aude\/wp-content\/uploads\/2022\/08\/IMG_20220808_181432-scaled.jpg?resize=2048%2C1536 2048w, https:\/\/i0.wp.com\/www.spang.ch\/aude\/wp-content\/uploads\/2022\/08\/IMG_20220808_181432-scaled.jpg?resize=400%2C300 400w\" sizes=\"(max-width: 1000px) 100vw, 1000px\" data-recalc-dims=\"1\" \/><figcaption class=\"wp-element-caption\">Ce qu&#8217;on trouve au petit magasin<\/figcaption><\/figure>\n\n\n\n<figure class=\"wp-block-image\"><img loading=\"lazy\" decoding=\"async\" width=\"1000\" height=\"750\" data-attachment-id=\"1185\" data-permalink=\"http:\/\/www.spang.ch\/aude\/img_20220808_145643-jpg\/\" data-orig-file=\"https:\/\/i0.wp.com\/www.spang.ch\/aude\/wp-content\/uploads\/2022\/08\/IMG_20220808_145643-scaled.jpg?fit=2560%2C1920\" data-orig-size=\"2560,1920\" data-comments-opened=\"1\" data-image-meta=\"{&quot;aperture&quot;:&quot;1.7&quot;,&quot;credit&quot;:&quot;&quot;,&quot;camera&quot;:&quot;SM-G930F&quot;,&quot;caption&quot;:&quot;&quot;,&quot;created_timestamp&quot;:&quot;1659970603&quot;,&quot;copyright&quot;:&quot;&quot;,&quot;focal_length&quot;:&quot;4.2&quot;,&quot;iso&quot;:&quot;64&quot;,&quot;shutter_speed&quot;:&quot;0.0061349693251534&quot;,&quot;title&quot;:&quot;&quot;,&quot;orientation&quot;:&quot;1&quot;}\" data-image-title=\"IMG_20220808_145643.jpg\" data-image-description=\"\" data-image-caption=\"\" data-medium-file=\"https:\/\/i0.wp.com\/www.spang.ch\/aude\/wp-content\/uploads\/2022\/08\/IMG_20220808_145643-scaled.jpg?fit=300%2C225\" data-large-file=\"https:\/\/i0.wp.com\/www.spang.ch\/aude\/wp-content\/uploads\/2022\/08\/IMG_20220808_145643-scaled.jpg?fit=1000%2C750\" tabindex=\"0\" role=\"button\" src=\"https:\/\/i0.wp.com\/www.spang.ch\/aude\/wp-content\/uploads\/2022\/08\/IMG_20220808_145643-scaled.jpg?resize=1000%2C750&#038;ssl=1\" alt=\"\" class=\"wp-image-1185\" srcset=\"https:\/\/i0.wp.com\/www.spang.ch\/aude\/wp-content\/uploads\/2022\/08\/IMG_20220808_145643-scaled.jpg?w=2560 2560w, https:\/\/i0.wp.com\/www.spang.ch\/aude\/wp-content\/uploads\/2022\/08\/IMG_20220808_145643-scaled.jpg?resize=300%2C225 300w, https:\/\/i0.wp.com\/www.spang.ch\/aude\/wp-content\/uploads\/2022\/08\/IMG_20220808_145643-scaled.jpg?resize=1024%2C768 1024w, https:\/\/i0.wp.com\/www.spang.ch\/aude\/wp-content\/uploads\/2022\/08\/IMG_20220808_145643-scaled.jpg?resize=768%2C576 768w, https:\/\/i0.wp.com\/www.spang.ch\/aude\/wp-content\/uploads\/2022\/08\/IMG_20220808_145643-scaled.jpg?resize=1536%2C1152 1536w, https:\/\/i0.wp.com\/www.spang.ch\/aude\/wp-content\/uploads\/2022\/08\/IMG_20220808_145643-scaled.jpg?resize=2048%2C1536 2048w\" sizes=\"(max-width: 1000px) 100vw, 1000px\" data-recalc-dims=\"1\" \/><figcaption class=\"wp-element-caption\">Un resto de village, plut\u00f4t classe<\/figcaption><\/figure>\n\n\n\n<figure class=\"wp-block-image\"><img loading=\"lazy\" decoding=\"async\" width=\"1000\" height=\"750\" data-attachment-id=\"1187\" data-permalink=\"http:\/\/www.spang.ch\/aude\/img_20220808_151714-jpg\/\" data-orig-file=\"https:\/\/i0.wp.com\/www.spang.ch\/aude\/wp-content\/uploads\/2022\/08\/IMG_20220808_151714-scaled.jpg?fit=2560%2C1920\" data-orig-size=\"2560,1920\" data-comments-opened=\"1\" data-image-meta=\"{&quot;aperture&quot;:&quot;1.7&quot;,&quot;credit&quot;:&quot;&quot;,&quot;camera&quot;:&quot;SM-G930F&quot;,&quot;caption&quot;:&quot;&quot;,&quot;created_timestamp&quot;:&quot;1659971834&quot;,&quot;copyright&quot;:&quot;&quot;,&quot;focal_length&quot;:&quot;4.2&quot;,&quot;iso&quot;:&quot;64&quot;,&quot;shutter_speed&quot;:&quot;0.02&quot;,&quot;title&quot;:&quot;&quot;,&quot;orientation&quot;:&quot;1&quot;}\" data-image-title=\"IMG_20220808_151714.jpg\" data-image-description=\"\" data-image-caption=\"\" data-medium-file=\"https:\/\/i0.wp.com\/www.spang.ch\/aude\/wp-content\/uploads\/2022\/08\/IMG_20220808_151714-scaled.jpg?fit=300%2C225\" data-large-file=\"https:\/\/i0.wp.com\/www.spang.ch\/aude\/wp-content\/uploads\/2022\/08\/IMG_20220808_151714-scaled.jpg?fit=1000%2C750\" tabindex=\"0\" role=\"button\" src=\"https:\/\/i0.wp.com\/www.spang.ch\/aude\/wp-content\/uploads\/2022\/08\/IMG_20220808_151714-scaled.jpg?resize=1000%2C750&#038;ssl=1\" alt=\"\" class=\"wp-image-1187\" srcset=\"https:\/\/i0.wp.com\/www.spang.ch\/aude\/wp-content\/uploads\/2022\/08\/IMG_20220808_151714-scaled.jpg?w=2560 2560w, https:\/\/i0.wp.com\/www.spang.ch\/aude\/wp-content\/uploads\/2022\/08\/IMG_20220808_151714-scaled.jpg?resize=300%2C225 300w, https:\/\/i0.wp.com\/www.spang.ch\/aude\/wp-content\/uploads\/2022\/08\/IMG_20220808_151714-scaled.jpg?resize=1024%2C768 1024w, https:\/\/i0.wp.com\/www.spang.ch\/aude\/wp-content\/uploads\/2022\/08\/IMG_20220808_151714-scaled.jpg?resize=768%2C576 768w, https:\/\/i0.wp.com\/www.spang.ch\/aude\/wp-content\/uploads\/2022\/08\/IMG_20220808_151714-scaled.jpg?resize=1536%2C1152 1536w, https:\/\/i0.wp.com\/www.spang.ch\/aude\/wp-content\/uploads\/2022\/08\/IMG_20220808_151714-scaled.jpg?resize=2048%2C1536 2048w\" sizes=\"(max-width: 1000px) 100vw, 1000px\" data-recalc-dims=\"1\" \/><figcaption class=\"wp-element-caption\">Miammm<\/figcaption><\/figure>\n\n\n\n<p>C&#8217;\u00e9tait bien s\u00fbr assez cocasse et cela pr\u00eate \u00e0 sourire. Mais il ne faut pas que ces moments amusants fassent oublier cette r\u00e9alit\u00e9 grave : le travail des enfants, qui est encore malheureusement extr\u00eamement r\u00e9pandu. Au Guatemala, nous en avons maintes fois fait l&#8217;am\u00e8re exp\u00e9rience. De nombreux enfants ne vont pas \u00e0 l&#8217;\u00e9cole (beaucoup de personnes ne parviennent pas \u00e0 compter sans calculette), mais exercent tout type d&#8217;activit\u00e9 en vue de rapporter un peu d&#8217;argent \u00e0 la famille. Un jour, une toute petite fille d&#8217;\u00e0 peine quelques ann\u00e9es a cherch\u00e9 \u00e0 emprunter l&#8217;un de nos appareils photos pour photographier sa grand-m\u00e8re, et ensuite nous faire payer cette photographie. Vente de friandises dans la rue, conduite de tuk-tuk, service au restaurant, vente de tickets pour les transports, les t\u00e2ches d\u00e9di\u00e9es aux enfants sont nombreuses. On pouvait aussi observer qu&#8217;elles \u00e9voluaient avec l&#8217;\u00e2ge, l&#8217;exp\u00e9rience permettant apparemment de monter en grade dans l&#8217;importance de la fonction exerc\u00e9e.<\/p>\n\n\n\n<figure class=\"wp-block-image\"><img loading=\"lazy\" decoding=\"async\" width=\"1000\" height=\"750\" data-attachment-id=\"1195\" data-permalink=\"http:\/\/www.spang.ch\/aude\/img_20220808_180423-jpg\/\" data-orig-file=\"https:\/\/i0.wp.com\/www.spang.ch\/aude\/wp-content\/uploads\/2022\/08\/IMG_20220808_180423-scaled.jpg?fit=2560%2C1920\" data-orig-size=\"2560,1920\" data-comments-opened=\"1\" data-image-meta=\"{&quot;aperture&quot;:&quot;1.7&quot;,&quot;credit&quot;:&quot;&quot;,&quot;camera&quot;:&quot;SM-G930F&quot;,&quot;caption&quot;:&quot;&quot;,&quot;created_timestamp&quot;:&quot;1659981863&quot;,&quot;copyright&quot;:&quot;&quot;,&quot;focal_length&quot;:&quot;4.2&quot;,&quot;iso&quot;:&quot;800&quot;,&quot;shutter_speed&quot;:&quot;0.04&quot;,&quot;title&quot;:&quot;&quot;,&quot;orientation&quot;:&quot;1&quot;}\" data-image-title=\"IMG_20220808_180423.jpg\" data-image-description=\"\" data-image-caption=\"\" data-medium-file=\"https:\/\/i0.wp.com\/www.spang.ch\/aude\/wp-content\/uploads\/2022\/08\/IMG_20220808_180423-scaled.jpg?fit=300%2C225\" data-large-file=\"https:\/\/i0.wp.com\/www.spang.ch\/aude\/wp-content\/uploads\/2022\/08\/IMG_20220808_180423-scaled.jpg?fit=1000%2C750\" tabindex=\"0\" role=\"button\" src=\"https:\/\/i0.wp.com\/www.spang.ch\/aude\/wp-content\/uploads\/2022\/08\/IMG_20220808_180423-scaled.jpg?resize=1000%2C750&#038;ssl=1\" alt=\"\" class=\"wp-image-1195\" srcset=\"https:\/\/i0.wp.com\/www.spang.ch\/aude\/wp-content\/uploads\/2022\/08\/IMG_20220808_180423-scaled.jpg?w=2560 2560w, https:\/\/i0.wp.com\/www.spang.ch\/aude\/wp-content\/uploads\/2022\/08\/IMG_20220808_180423-scaled.jpg?resize=300%2C225 300w, https:\/\/i0.wp.com\/www.spang.ch\/aude\/wp-content\/uploads\/2022\/08\/IMG_20220808_180423-scaled.jpg?resize=1024%2C768 1024w, https:\/\/i0.wp.com\/www.spang.ch\/aude\/wp-content\/uploads\/2022\/08\/IMG_20220808_180423-scaled.jpg?resize=768%2C576 768w, https:\/\/i0.wp.com\/www.spang.ch\/aude\/wp-content\/uploads\/2022\/08\/IMG_20220808_180423-scaled.jpg?resize=1536%2C1152 1536w, https:\/\/i0.wp.com\/www.spang.ch\/aude\/wp-content\/uploads\/2022\/08\/IMG_20220808_180423-scaled.jpg?resize=2048%2C1536 2048w\" sizes=\"(max-width: 1000px) 100vw, 1000px\" data-recalc-dims=\"1\" \/><figcaption class=\"wp-element-caption\">En amour avec le street art de San Pedro de Atitlan, les oeuvres du peuple, par lui et pour lui, sans interm\u00e9diaire<\/figcaption><\/figure>\n\n\n\n<figure class=\"wp-block-image\"><img loading=\"lazy\" decoding=\"async\" width=\"1000\" height=\"1333\" data-attachment-id=\"1173\" data-permalink=\"http:\/\/www.spang.ch\/aude\/img_20220807_1546024531704773847831682-jpg\/\" data-orig-file=\"https:\/\/i0.wp.com\/www.spang.ch\/aude\/wp-content\/uploads\/2022\/08\/img_20220807_1546024531704773847831682-scaled.jpg?fit=1920%2C2560\" data-orig-size=\"1920,2560\" data-comments-opened=\"1\" data-image-meta=\"{&quot;aperture&quot;:&quot;0&quot;,&quot;credit&quot;:&quot;&quot;,&quot;camera&quot;:&quot;&quot;,&quot;caption&quot;:&quot;&quot;,&quot;created_timestamp&quot;:&quot;0&quot;,&quot;copyright&quot;:&quot;&quot;,&quot;focal_length&quot;:&quot;0&quot;,&quot;iso&quot;:&quot;0&quot;,&quot;shutter_speed&quot;:&quot;0&quot;,&quot;title&quot;:&quot;&quot;,&quot;orientation&quot;:&quot;0&quot;}\" data-image-title=\"img_20220807_1546024531704773847831682.jpg\" data-image-description=\"\" data-image-caption=\"\" data-medium-file=\"https:\/\/i0.wp.com\/www.spang.ch\/aude\/wp-content\/uploads\/2022\/08\/img_20220807_1546024531704773847831682-scaled.jpg?fit=225%2C300\" data-large-file=\"https:\/\/i0.wp.com\/www.spang.ch\/aude\/wp-content\/uploads\/2022\/08\/img_20220807_1546024531704773847831682-scaled.jpg?fit=768%2C1024\" tabindex=\"0\" role=\"button\" src=\"https:\/\/i0.wp.com\/www.spang.ch\/aude\/wp-content\/uploads\/2022\/08\/img_20220807_1546024531704773847831682-scaled.jpg?resize=1000%2C1333&#038;ssl=1\" alt=\"\" class=\"wp-image-1173\" data-recalc-dims=\"1\"\/><figcaption class=\"wp-element-caption\">Art sur poteau<\/figcaption><\/figure>\n\n\n\n<figure class=\"wp-block-image\"><img loading=\"lazy\" decoding=\"async\" width=\"1000\" height=\"750\" data-attachment-id=\"1175\" data-permalink=\"http:\/\/www.spang.ch\/aude\/img_20220807_154954-jpg\/\" data-orig-file=\"https:\/\/i0.wp.com\/www.spang.ch\/aude\/wp-content\/uploads\/2022\/08\/IMG_20220807_154954-scaled.jpg?fit=2560%2C1920\" data-orig-size=\"2560,1920\" data-comments-opened=\"1\" data-image-meta=\"{&quot;aperture&quot;:&quot;1.7&quot;,&quot;credit&quot;:&quot;&quot;,&quot;camera&quot;:&quot;SM-G930F&quot;,&quot;caption&quot;:&quot;&quot;,&quot;created_timestamp&quot;:&quot;1659887394&quot;,&quot;copyright&quot;:&quot;&quot;,&quot;focal_length&quot;:&quot;4.2&quot;,&quot;iso&quot;:&quot;64&quot;,&quot;shutter_speed&quot;:&quot;0.0022988505747126&quot;,&quot;title&quot;:&quot;&quot;,&quot;orientation&quot;:&quot;1&quot;}\" data-image-title=\"IMG_20220807_154954.jpg\" data-image-description=\"\" data-image-caption=\"\" data-medium-file=\"https:\/\/i0.wp.com\/www.spang.ch\/aude\/wp-content\/uploads\/2022\/08\/IMG_20220807_154954-scaled.jpg?fit=300%2C225\" data-large-file=\"https:\/\/i0.wp.com\/www.spang.ch\/aude\/wp-content\/uploads\/2022\/08\/IMG_20220807_154954-scaled.jpg?fit=1000%2C750\" tabindex=\"0\" role=\"button\" src=\"https:\/\/i0.wp.com\/www.spang.ch\/aude\/wp-content\/uploads\/2022\/08\/IMG_20220807_154954-scaled.jpg?resize=1000%2C750&#038;ssl=1\" alt=\"\" class=\"wp-image-1175\" srcset=\"https:\/\/i0.wp.com\/www.spang.ch\/aude\/wp-content\/uploads\/2022\/08\/IMG_20220807_154954-scaled.jpg?w=2560 2560w, https:\/\/i0.wp.com\/www.spang.ch\/aude\/wp-content\/uploads\/2022\/08\/IMG_20220807_154954-scaled.jpg?resize=300%2C225 300w, https:\/\/i0.wp.com\/www.spang.ch\/aude\/wp-content\/uploads\/2022\/08\/IMG_20220807_154954-scaled.jpg?resize=1024%2C768 1024w, https:\/\/i0.wp.com\/www.spang.ch\/aude\/wp-content\/uploads\/2022\/08\/IMG_20220807_154954-scaled.jpg?resize=768%2C576 768w, https:\/\/i0.wp.com\/www.spang.ch\/aude\/wp-content\/uploads\/2022\/08\/IMG_20220807_154954-scaled.jpg?w=2000 2000w\" sizes=\"(max-width: 1000px) 100vw, 1000px\" data-recalc-dims=\"1\" \/><figcaption class=\"wp-element-caption\">Street art<\/figcaption><\/figure>\n\n\n\n<figure class=\"wp-block-image\"><img decoding=\"async\" data-attachment-id=\"1189\" data-permalink=\"http:\/\/www.spang.ch\/aude\/img_20220807_193426-jpg\/\" data-orig-file=\"https:\/\/i0.wp.com\/www.spang.ch\/aude\/wp-content\/uploads\/2022\/08\/IMG_20220807_193426.jpg?fit=%2C\" data-orig-size=\"\" data-comments-opened=\"1\" data-image-meta=\"[]\" data-image-title=\"IMG_20220807_193426.jpg\" data-image-description=\"\" data-image-caption=\"\" data-medium-file=\"https:\/\/i0.wp.com\/www.spang.ch\/aude\/wp-content\/uploads\/2022\/08\/IMG_20220807_193426.jpg?fit=300%2C300\" data-large-file=\"https:\/\/i0.wp.com\/www.spang.ch\/aude\/wp-content\/uploads\/2022\/08\/IMG_20220807_193426.jpg?fit=1024%2C1024\" tabindex=\"0\" role=\"button\" src=\"https:\/\/i0.wp.com\/www.spang.ch\/aude\/wp-content\/uploads\/2022\/08\/IMG_20220807_193426.jpg?w=1000&#038;ssl=1\" alt=\"\" class=\"wp-image-1189\" data-recalc-dims=\"1\"\/><figcaption class=\"wp-element-caption\">Street art<\/figcaption><\/figure>\n\n\n\n<figure class=\"wp-block-image\"><img decoding=\"async\" data-attachment-id=\"1190\" data-permalink=\"http:\/\/www.spang.ch\/aude\/img_20220807_193554-jpg\/\" data-orig-file=\"https:\/\/i0.wp.com\/www.spang.ch\/aude\/wp-content\/uploads\/2022\/08\/IMG_20220807_193554.jpg?fit=%2C\" data-orig-size=\"\" data-comments-opened=\"1\" data-image-meta=\"[]\" data-image-title=\"IMG_20220807_193554.jpg\" data-image-description=\"\" data-image-caption=\"\" data-medium-file=\"https:\/\/i0.wp.com\/www.spang.ch\/aude\/wp-content\/uploads\/2022\/08\/IMG_20220807_193554.jpg?fit=300%2C300\" data-large-file=\"https:\/\/i0.wp.com\/www.spang.ch\/aude\/wp-content\/uploads\/2022\/08\/IMG_20220807_193554.jpg?fit=1024%2C1024\" tabindex=\"0\" role=\"button\" src=\"https:\/\/i0.wp.com\/www.spang.ch\/aude\/wp-content\/uploads\/2022\/08\/IMG_20220807_193554.jpg?w=1000&#038;ssl=1\" alt=\"\" class=\"wp-image-1190\" data-recalc-dims=\"1\"\/><figcaption class=\"wp-element-caption\">Street art<\/figcaption><\/figure>\n\n\n\n<figure class=\"wp-block-image\"><img decoding=\"async\" data-attachment-id=\"1191\" data-permalink=\"http:\/\/www.spang.ch\/aude\/img_20220807_192525-jpg\/\" data-orig-file=\"https:\/\/i0.wp.com\/www.spang.ch\/aude\/wp-content\/uploads\/2022\/08\/IMG_20220807_192525.jpg?fit=%2C\" data-orig-size=\"\" data-comments-opened=\"1\" data-image-meta=\"[]\" data-image-title=\"IMG_20220807_192525.jpg\" data-image-description=\"\" data-image-caption=\"\" data-medium-file=\"https:\/\/i0.wp.com\/www.spang.ch\/aude\/wp-content\/uploads\/2022\/08\/IMG_20220807_192525.jpg?fit=300%2C300\" data-large-file=\"https:\/\/i0.wp.com\/www.spang.ch\/aude\/wp-content\/uploads\/2022\/08\/IMG_20220807_192525.jpg?fit=1024%2C1024\" tabindex=\"0\" role=\"button\" src=\"https:\/\/i0.wp.com\/www.spang.ch\/aude\/wp-content\/uploads\/2022\/08\/IMG_20220807_192525.jpg?w=1000&#038;ssl=1\" alt=\"\" class=\"wp-image-1191\" data-recalc-dims=\"1\"\/><figcaption class=\"wp-element-caption\">Street art en langue indig\u00e8ne locale <\/figcaption><\/figure>\n\n\n\n<figure class=\"wp-block-image\"><img loading=\"lazy\" decoding=\"async\" width=\"1000\" height=\"750\" data-attachment-id=\"1194\" data-permalink=\"http:\/\/www.spang.ch\/aude\/img_20220808_180306-jpg\/\" data-orig-file=\"https:\/\/i0.wp.com\/www.spang.ch\/aude\/wp-content\/uploads\/2022\/08\/IMG_20220808_180306-scaled.jpg?fit=2560%2C1920\" data-orig-size=\"2560,1920\" data-comments-opened=\"1\" data-image-meta=\"{&quot;aperture&quot;:&quot;1.7&quot;,&quot;credit&quot;:&quot;&quot;,&quot;camera&quot;:&quot;SM-G930F&quot;,&quot;caption&quot;:&quot;&quot;,&quot;created_timestamp&quot;:&quot;1659981786&quot;,&quot;copyright&quot;:&quot;&quot;,&quot;focal_length&quot;:&quot;4.2&quot;,&quot;iso&quot;:&quot;800&quot;,&quot;shutter_speed&quot;:&quot;0.04&quot;,&quot;title&quot;:&quot;&quot;,&quot;orientation&quot;:&quot;1&quot;}\" data-image-title=\"IMG_20220808_180306.jpg\" data-image-description=\"\" data-image-caption=\"\" data-medium-file=\"https:\/\/i0.wp.com\/www.spang.ch\/aude\/wp-content\/uploads\/2022\/08\/IMG_20220808_180306-scaled.jpg?fit=300%2C225\" data-large-file=\"https:\/\/i0.wp.com\/www.spang.ch\/aude\/wp-content\/uploads\/2022\/08\/IMG_20220808_180306-scaled.jpg?fit=1000%2C750\" tabindex=\"0\" role=\"button\" src=\"https:\/\/i0.wp.com\/www.spang.ch\/aude\/wp-content\/uploads\/2022\/08\/IMG_20220808_180306-scaled.jpg?resize=1000%2C750&#038;ssl=1\" alt=\"\" class=\"wp-image-1194\" srcset=\"https:\/\/i0.wp.com\/www.spang.ch\/aude\/wp-content\/uploads\/2022\/08\/IMG_20220808_180306-scaled.jpg?w=2560 2560w, https:\/\/i0.wp.com\/www.spang.ch\/aude\/wp-content\/uploads\/2022\/08\/IMG_20220808_180306-scaled.jpg?resize=300%2C225 300w, https:\/\/i0.wp.com\/www.spang.ch\/aude\/wp-content\/uploads\/2022\/08\/IMG_20220808_180306-scaled.jpg?resize=1024%2C768 1024w, https:\/\/i0.wp.com\/www.spang.ch\/aude\/wp-content\/uploads\/2022\/08\/IMG_20220808_180306-scaled.jpg?resize=768%2C576 768w, https:\/\/i0.wp.com\/www.spang.ch\/aude\/wp-content\/uploads\/2022\/08\/IMG_20220808_180306-scaled.jpg?resize=1536%2C1152 1536w, https:\/\/i0.wp.com\/www.spang.ch\/aude\/wp-content\/uploads\/2022\/08\/IMG_20220808_180306-scaled.jpg?resize=2048%2C1536 2048w\" sizes=\"(max-width: 1000px) 100vw, 1000px\" data-recalc-dims=\"1\" \/><figcaption class=\"wp-element-caption\">Street art<\/figcaption><\/figure>\n\n\n\n<figure class=\"wp-block-image\"><img decoding=\"async\" data-attachment-id=\"1188\" data-permalink=\"http:\/\/www.spang.ch\/aude\/img_20220807_200109-jpg\/\" data-orig-file=\"https:\/\/i0.wp.com\/www.spang.ch\/aude\/wp-content\/uploads\/2022\/08\/IMG_20220807_200109.jpg?fit=%2C\" data-orig-size=\"\" data-comments-opened=\"1\" data-image-meta=\"[]\" data-image-title=\"IMG_20220807_200109.jpg\" data-image-description=\"\" data-image-caption=\"\" data-medium-file=\"https:\/\/i0.wp.com\/www.spang.ch\/aude\/wp-content\/uploads\/2022\/08\/IMG_20220807_200109.jpg?fit=300%2C300\" data-large-file=\"https:\/\/i0.wp.com\/www.spang.ch\/aude\/wp-content\/uploads\/2022\/08\/IMG_20220807_200109.jpg?fit=1024%2C1024\" tabindex=\"0\" role=\"button\" src=\"https:\/\/i0.wp.com\/www.spang.ch\/aude\/wp-content\/uploads\/2022\/08\/IMG_20220807_200109.jpg?w=1000&#038;ssl=1\" alt=\"\" class=\"wp-image-1188\" data-recalc-dims=\"1\"\/><figcaption class=\"wp-element-caption\">Street art<\/figcaption><\/figure>\n\n\n\n<figure class=\"wp-block-image\"><img loading=\"lazy\" decoding=\"async\" width=\"1000\" height=\"750\" data-attachment-id=\"1196\" data-permalink=\"http:\/\/www.spang.ch\/aude\/img_20220808_180836-jpg\/\" data-orig-file=\"https:\/\/i0.wp.com\/www.spang.ch\/aude\/wp-content\/uploads\/2022\/08\/IMG_20220808_180836-scaled.jpg?fit=2560%2C1920\" data-orig-size=\"2560,1920\" data-comments-opened=\"1\" data-image-meta=\"{&quot;aperture&quot;:&quot;1.7&quot;,&quot;credit&quot;:&quot;&quot;,&quot;camera&quot;:&quot;SM-G930F&quot;,&quot;caption&quot;:&quot;&quot;,&quot;created_timestamp&quot;:&quot;1659982116&quot;,&quot;copyright&quot;:&quot;&quot;,&quot;focal_length&quot;:&quot;4.2&quot;,&quot;iso&quot;:&quot;250&quot;,&quot;shutter_speed&quot;:&quot;0.04&quot;,&quot;title&quot;:&quot;&quot;,&quot;orientation&quot;:&quot;1&quot;}\" data-image-title=\"IMG_20220808_180836.jpg\" data-image-description=\"\" data-image-caption=\"\" data-medium-file=\"https:\/\/i0.wp.com\/www.spang.ch\/aude\/wp-content\/uploads\/2022\/08\/IMG_20220808_180836-scaled.jpg?fit=300%2C225\" data-large-file=\"https:\/\/i0.wp.com\/www.spang.ch\/aude\/wp-content\/uploads\/2022\/08\/IMG_20220808_180836-scaled.jpg?fit=1000%2C750\" tabindex=\"0\" role=\"button\" src=\"https:\/\/i0.wp.com\/www.spang.ch\/aude\/wp-content\/uploads\/2022\/08\/IMG_20220808_180836-scaled.jpg?resize=1000%2C750&#038;ssl=1\" alt=\"\" class=\"wp-image-1196\" srcset=\"https:\/\/i0.wp.com\/www.spang.ch\/aude\/wp-content\/uploads\/2022\/08\/IMG_20220808_180836-scaled.jpg?w=2560 2560w, https:\/\/i0.wp.com\/www.spang.ch\/aude\/wp-content\/uploads\/2022\/08\/IMG_20220808_180836-scaled.jpg?resize=300%2C225 300w, https:\/\/i0.wp.com\/www.spang.ch\/aude\/wp-content\/uploads\/2022\/08\/IMG_20220808_180836-scaled.jpg?resize=1024%2C768 1024w, https:\/\/i0.wp.com\/www.spang.ch\/aude\/wp-content\/uploads\/2022\/08\/IMG_20220808_180836-scaled.jpg?resize=768%2C576 768w, https:\/\/i0.wp.com\/www.spang.ch\/aude\/wp-content\/uploads\/2022\/08\/IMG_20220808_180836-scaled.jpg?resize=1536%2C1152 1536w, https:\/\/i0.wp.com\/www.spang.ch\/aude\/wp-content\/uploads\/2022\/08\/IMG_20220808_180836-scaled.jpg?resize=2048%2C1536 2048w\" sizes=\"(max-width: 1000px) 100vw, 1000px\" data-recalc-dims=\"1\" \/><figcaption class=\"wp-element-caption\">Street art<\/figcaption><\/figure>\n\n\n\n<figure class=\"wp-block-image\"><img loading=\"lazy\" decoding=\"async\" width=\"1000\" height=\"750\" data-attachment-id=\"1197\" data-permalink=\"http:\/\/www.spang.ch\/aude\/img_20220807_200617-jpg\/\" data-orig-file=\"https:\/\/i0.wp.com\/www.spang.ch\/aude\/wp-content\/uploads\/2022\/08\/IMG_20220807_200617-scaled.jpg?fit=2560%2C1920\" data-orig-size=\"2560,1920\" data-comments-opened=\"1\" data-image-meta=\"{&quot;aperture&quot;:&quot;1.7&quot;,&quot;credit&quot;:&quot;&quot;,&quot;camera&quot;:&quot;SM-G930F&quot;,&quot;caption&quot;:&quot;&quot;,&quot;created_timestamp&quot;:&quot;1659902777&quot;,&quot;copyright&quot;:&quot;&quot;,&quot;focal_length&quot;:&quot;4.2&quot;,&quot;iso&quot;:&quot;800&quot;,&quot;shutter_speed&quot;:&quot;0.04&quot;,&quot;title&quot;:&quot;&quot;,&quot;orientation&quot;:&quot;1&quot;}\" data-image-title=\"IMG_20220807_200617.jpg\" data-image-description=\"\" data-image-caption=\"\" data-medium-file=\"https:\/\/i0.wp.com\/www.spang.ch\/aude\/wp-content\/uploads\/2022\/08\/IMG_20220807_200617-scaled.jpg?fit=300%2C225\" data-large-file=\"https:\/\/i0.wp.com\/www.spang.ch\/aude\/wp-content\/uploads\/2022\/08\/IMG_20220807_200617-scaled.jpg?fit=1000%2C750\" tabindex=\"0\" role=\"button\" src=\"https:\/\/i0.wp.com\/www.spang.ch\/aude\/wp-content\/uploads\/2022\/08\/IMG_20220807_200617-scaled.jpg?resize=1000%2C750&#038;ssl=1\" alt=\"\" class=\"wp-image-1197\" srcset=\"https:\/\/i0.wp.com\/www.spang.ch\/aude\/wp-content\/uploads\/2022\/08\/IMG_20220807_200617-scaled.jpg?w=2560 2560w, https:\/\/i0.wp.com\/www.spang.ch\/aude\/wp-content\/uploads\/2022\/08\/IMG_20220807_200617-scaled.jpg?resize=300%2C225 300w, https:\/\/i0.wp.com\/www.spang.ch\/aude\/wp-content\/uploads\/2022\/08\/IMG_20220807_200617-scaled.jpg?resize=1024%2C768 1024w, https:\/\/i0.wp.com\/www.spang.ch\/aude\/wp-content\/uploads\/2022\/08\/IMG_20220807_200617-scaled.jpg?w=2000 2000w\" sizes=\"(max-width: 1000px) 100vw, 1000px\" data-recalc-dims=\"1\" \/><figcaption class=\"wp-element-caption\">Street art<\/figcaption><\/figure>\n\n\n\n<figure class=\"wp-block-image\"><img decoding=\"async\" data-attachment-id=\"1198\" data-permalink=\"http:\/\/www.spang.ch\/aude\/img_20220808_180817-jpg\/\" data-orig-file=\"https:\/\/i0.wp.com\/www.spang.ch\/aude\/wp-content\/uploads\/2022\/08\/IMG_20220808_180817.jpg?fit=%2C\" data-orig-size=\"\" data-comments-opened=\"1\" data-image-meta=\"[]\" data-image-title=\"IMG_20220808_180817.jpg\" data-image-description=\"\" data-image-caption=\"\" data-medium-file=\"https:\/\/i0.wp.com\/www.spang.ch\/aude\/wp-content\/uploads\/2022\/08\/IMG_20220808_180817.jpg?fit=300%2C300\" data-large-file=\"https:\/\/i0.wp.com\/www.spang.ch\/aude\/wp-content\/uploads\/2022\/08\/IMG_20220808_180817.jpg?fit=1024%2C1024\" tabindex=\"0\" role=\"button\" src=\"https:\/\/i0.wp.com\/www.spang.ch\/aude\/wp-content\/uploads\/2022\/08\/IMG_20220808_180817.jpg?w=1000&#038;ssl=1\" alt=\"\" class=\"wp-image-1198\" data-recalc-dims=\"1\"\/><figcaption class=\"wp-element-caption\">Street art<\/figcaption><\/figure>\n\n\n\n<figure class=\"wp-block-image\"><img loading=\"lazy\" decoding=\"async\" width=\"1000\" height=\"750\" data-attachment-id=\"1199\" data-permalink=\"http:\/\/www.spang.ch\/aude\/img_20220808_180921-jpg\/\" data-orig-file=\"https:\/\/i0.wp.com\/www.spang.ch\/aude\/wp-content\/uploads\/2022\/08\/IMG_20220808_180921-scaled.jpg?fit=2560%2C1920\" data-orig-size=\"2560,1920\" data-comments-opened=\"1\" data-image-meta=\"{&quot;aperture&quot;:&quot;1.7&quot;,&quot;credit&quot;:&quot;&quot;,&quot;camera&quot;:&quot;SM-G930F&quot;,&quot;caption&quot;:&quot;&quot;,&quot;created_timestamp&quot;:&quot;1659982160&quot;,&quot;copyright&quot;:&quot;&quot;,&quot;focal_length&quot;:&quot;4.2&quot;,&quot;iso&quot;:&quot;250&quot;,&quot;shutter_speed&quot;:&quot;0.04&quot;,&quot;title&quot;:&quot;&quot;,&quot;orientation&quot;:&quot;1&quot;}\" data-image-title=\"IMG_20220808_180921.jpg\" data-image-description=\"\" data-image-caption=\"\" data-medium-file=\"https:\/\/i0.wp.com\/www.spang.ch\/aude\/wp-content\/uploads\/2022\/08\/IMG_20220808_180921-scaled.jpg?fit=300%2C225\" data-large-file=\"https:\/\/i0.wp.com\/www.spang.ch\/aude\/wp-content\/uploads\/2022\/08\/IMG_20220808_180921-scaled.jpg?fit=1000%2C750\" tabindex=\"0\" role=\"button\" src=\"https:\/\/i0.wp.com\/www.spang.ch\/aude\/wp-content\/uploads\/2022\/08\/IMG_20220808_180921-scaled.jpg?resize=1000%2C750&#038;ssl=1\" alt=\"\" class=\"wp-image-1199\" srcset=\"https:\/\/i0.wp.com\/www.spang.ch\/aude\/wp-content\/uploads\/2022\/08\/IMG_20220808_180921-scaled.jpg?w=2560 2560w, https:\/\/i0.wp.com\/www.spang.ch\/aude\/wp-content\/uploads\/2022\/08\/IMG_20220808_180921-scaled.jpg?resize=300%2C225 300w, https:\/\/i0.wp.com\/www.spang.ch\/aude\/wp-content\/uploads\/2022\/08\/IMG_20220808_180921-scaled.jpg?resize=1024%2C768 1024w, https:\/\/i0.wp.com\/www.spang.ch\/aude\/wp-content\/uploads\/2022\/08\/IMG_20220808_180921-scaled.jpg?resize=768%2C576 768w, https:\/\/i0.wp.com\/www.spang.ch\/aude\/wp-content\/uploads\/2022\/08\/IMG_20220808_180921-scaled.jpg?resize=1536%2C1152 1536w, https:\/\/i0.wp.com\/www.spang.ch\/aude\/wp-content\/uploads\/2022\/08\/IMG_20220808_180921-scaled.jpg?w=2000 2000w\" sizes=\"(max-width: 1000px) 100vw, 1000px\" data-recalc-dims=\"1\" \/><figcaption class=\"wp-element-caption\">Street art<\/figcaption><\/figure>\n\n\n\n<figure class=\"wp-block-image\"><img loading=\"lazy\" decoding=\"async\" width=\"1000\" height=\"750\" data-attachment-id=\"1202\" data-permalink=\"http:\/\/www.spang.ch\/aude\/img_20220807_154954-jpg-2\/\" data-orig-file=\"https:\/\/i0.wp.com\/www.spang.ch\/aude\/wp-content\/uploads\/2022\/08\/IMG_20220807_154954-1-scaled.jpg?fit=2560%2C1920\" data-orig-size=\"2560,1920\" data-comments-opened=\"1\" data-image-meta=\"{&quot;aperture&quot;:&quot;1.7&quot;,&quot;credit&quot;:&quot;&quot;,&quot;camera&quot;:&quot;SM-G930F&quot;,&quot;caption&quot;:&quot;&quot;,&quot;created_timestamp&quot;:&quot;1659887394&quot;,&quot;copyright&quot;:&quot;&quot;,&quot;focal_length&quot;:&quot;4.2&quot;,&quot;iso&quot;:&quot;64&quot;,&quot;shutter_speed&quot;:&quot;0.0022988505747126&quot;,&quot;title&quot;:&quot;&quot;,&quot;orientation&quot;:&quot;1&quot;}\" data-image-title=\"IMG_20220807_154954.jpg\" data-image-description=\"\" data-image-caption=\"\" data-medium-file=\"https:\/\/i0.wp.com\/www.spang.ch\/aude\/wp-content\/uploads\/2022\/08\/IMG_20220807_154954-1-scaled.jpg?fit=300%2C225\" data-large-file=\"https:\/\/i0.wp.com\/www.spang.ch\/aude\/wp-content\/uploads\/2022\/08\/IMG_20220807_154954-1-scaled.jpg?fit=1000%2C750\" tabindex=\"0\" role=\"button\" src=\"https:\/\/i0.wp.com\/www.spang.ch\/aude\/wp-content\/uploads\/2022\/08\/IMG_20220807_154954-1-scaled.jpg?resize=1000%2C750&#038;ssl=1\" alt=\"\" class=\"wp-image-1202\" srcset=\"https:\/\/i0.wp.com\/www.spang.ch\/aude\/wp-content\/uploads\/2022\/08\/IMG_20220807_154954-1-scaled.jpg?w=2560 2560w, https:\/\/i0.wp.com\/www.spang.ch\/aude\/wp-content\/uploads\/2022\/08\/IMG_20220807_154954-1-scaled.jpg?resize=300%2C225 300w, https:\/\/i0.wp.com\/www.spang.ch\/aude\/wp-content\/uploads\/2022\/08\/IMG_20220807_154954-1-scaled.jpg?resize=1024%2C768 1024w, https:\/\/i0.wp.com\/www.spang.ch\/aude\/wp-content\/uploads\/2022\/08\/IMG_20220807_154954-1-scaled.jpg?resize=768%2C576 768w, https:\/\/i0.wp.com\/www.spang.ch\/aude\/wp-content\/uploads\/2022\/08\/IMG_20220807_154954-1-scaled.jpg?resize=1536%2C1152 1536w, https:\/\/i0.wp.com\/www.spang.ch\/aude\/wp-content\/uploads\/2022\/08\/IMG_20220807_154954-1-scaled.jpg?w=2000 2000w\" sizes=\"(max-width: 1000px) 100vw, 1000px\" data-recalc-dims=\"1\" \/><figcaption class=\"wp-element-caption\">Street art<\/figcaption><\/figure>\n\n\n\n<p>La prochaine \u00e9tape apr\u00e8s Atitlan \u00e9tait le centre du pays, pour aller voir les cascades et piscine de Semuk Champey. L\u00e0, nous avons pu comprendre \u00e0 quel point les locaux voyagent peu d&#8217;une zone \u00e0 l&#8217;autre du pays, parce qu&#8217;il n&#8217;\u00e9tait pratiquement plus possible de trouver des bus collectifs faisant ce trajet en une seule traite. La seule option viable \u00e9tait de prendre des &#8220;shuttles&#8221; pour touristes, qui co\u00fbtent sensiblement plus cher mais font le trajet d&#8217;un seul coup (bien s\u00fbr toujours assez lentement, vu l&#8217;\u00e9tat des routes). C&#8217;est \u00e0 la fois positif (authentique, pas trop de touristes, mode de vie local pr\u00e9serv\u00e9), \u00e0 la fois un peu dommage (mauvaises infrastructures, assez coup\u00e9 du reste du monde, beaut\u00e9s naturelles peu explor\u00e9es). <\/p>\n\n\n\n<figure class=\"wp-block-image\"><img loading=\"lazy\" decoding=\"async\" width=\"1000\" height=\"750\" data-attachment-id=\"1206\" data-permalink=\"http:\/\/www.spang.ch\/aude\/img_20220811_091404-jpg\/\" data-orig-file=\"https:\/\/i0.wp.com\/www.spang.ch\/aude\/wp-content\/uploads\/2022\/08\/IMG_20220811_091404-scaled.jpg?fit=2560%2C1920\" data-orig-size=\"2560,1920\" data-comments-opened=\"1\" data-image-meta=\"{&quot;aperture&quot;:&quot;1.7&quot;,&quot;credit&quot;:&quot;&quot;,&quot;camera&quot;:&quot;SM-G930F&quot;,&quot;caption&quot;:&quot;&quot;,&quot;created_timestamp&quot;:&quot;1660209243&quot;,&quot;copyright&quot;:&quot;&quot;,&quot;focal_length&quot;:&quot;4.2&quot;,&quot;iso&quot;:&quot;64&quot;,&quot;shutter_speed&quot;:&quot;0.00079681274900398&quot;,&quot;title&quot;:&quot;&quot;,&quot;orientation&quot;:&quot;1&quot;}\" data-image-title=\"IMG_20220811_091404.jpg\" data-image-description=\"\" data-image-caption=\"\" data-medium-file=\"https:\/\/i0.wp.com\/www.spang.ch\/aude\/wp-content\/uploads\/2022\/08\/IMG_20220811_091404-scaled.jpg?fit=300%2C225\" data-large-file=\"https:\/\/i0.wp.com\/www.spang.ch\/aude\/wp-content\/uploads\/2022\/08\/IMG_20220811_091404-scaled.jpg?fit=1000%2C750\" tabindex=\"0\" role=\"button\" src=\"https:\/\/i0.wp.com\/www.spang.ch\/aude\/wp-content\/uploads\/2022\/08\/IMG_20220811_091404-scaled.jpg?resize=1000%2C750&#038;ssl=1\" alt=\"\" class=\"wp-image-1206\" srcset=\"https:\/\/i0.wp.com\/www.spang.ch\/aude\/wp-content\/uploads\/2022\/08\/IMG_20220811_091404-scaled.jpg?w=2560 2560w, https:\/\/i0.wp.com\/www.spang.ch\/aude\/wp-content\/uploads\/2022\/08\/IMG_20220811_091404-scaled.jpg?resize=300%2C225 300w, https:\/\/i0.wp.com\/www.spang.ch\/aude\/wp-content\/uploads\/2022\/08\/IMG_20220811_091404-scaled.jpg?resize=1024%2C768 1024w, https:\/\/i0.wp.com\/www.spang.ch\/aude\/wp-content\/uploads\/2022\/08\/IMG_20220811_091404-scaled.jpg?resize=768%2C576 768w, https:\/\/i0.wp.com\/www.spang.ch\/aude\/wp-content\/uploads\/2022\/08\/IMG_20220811_091404-scaled.jpg?resize=1536%2C1152 1536w, https:\/\/i0.wp.com\/www.spang.ch\/aude\/wp-content\/uploads\/2022\/08\/IMG_20220811_091404-scaled.jpg?resize=2048%2C1536 2048w\" sizes=\"(max-width: 1000px) 100vw, 1000px\" data-recalc-dims=\"1\" \/><figcaption class=\"wp-element-caption\">Depuis l&#8217;h\u00f4tel \u00e0 Lanquin<\/figcaption><\/figure>\n\n\n\n<figure class=\"wp-block-image\"><img decoding=\"async\" data-attachment-id=\"1207\" data-permalink=\"http:\/\/www.spang.ch\/aude\/img_20220811_091512-jpg\/\" data-orig-file=\"https:\/\/i0.wp.com\/www.spang.ch\/aude\/wp-content\/uploads\/2022\/08\/IMG_20220811_091512.jpg?fit=%2C\" data-orig-size=\"\" data-comments-opened=\"1\" data-image-meta=\"[]\" data-image-title=\"IMG_20220811_091512.jpg\" data-image-description=\"\" data-image-caption=\"\" data-medium-file=\"https:\/\/i0.wp.com\/www.spang.ch\/aude\/wp-content\/uploads\/2022\/08\/IMG_20220811_091512.jpg?fit=300%2C300\" data-large-file=\"https:\/\/i0.wp.com\/www.spang.ch\/aude\/wp-content\/uploads\/2022\/08\/IMG_20220811_091512.jpg?fit=1024%2C1024\" tabindex=\"0\" role=\"button\" src=\"https:\/\/i0.wp.com\/www.spang.ch\/aude\/wp-content\/uploads\/2022\/08\/IMG_20220811_091512.jpg?w=1000&#038;ssl=1\" alt=\"\" class=\"wp-image-1207\" data-recalc-dims=\"1\"\/><figcaption class=\"wp-element-caption\">Vue sur la jungle, \u00e7a foisonne !<\/figcaption><\/figure>\n\n\n\n<figure class=\"wp-block-image\"><img loading=\"lazy\" decoding=\"async\" width=\"1000\" height=\"750\" data-attachment-id=\"1209\" data-permalink=\"http:\/\/www.spang.ch\/aude\/img_20220811_091519-jpg\/\" data-orig-file=\"https:\/\/i0.wp.com\/www.spang.ch\/aude\/wp-content\/uploads\/2022\/08\/IMG_20220811_091519-scaled.jpg?fit=2560%2C1920\" data-orig-size=\"2560,1920\" data-comments-opened=\"1\" data-image-meta=\"{&quot;aperture&quot;:&quot;1.7&quot;,&quot;credit&quot;:&quot;&quot;,&quot;camera&quot;:&quot;SM-G930F&quot;,&quot;caption&quot;:&quot;&quot;,&quot;created_timestamp&quot;:&quot;1660209319&quot;,&quot;copyright&quot;:&quot;&quot;,&quot;focal_length&quot;:&quot;4.2&quot;,&quot;iso&quot;:&quot;64&quot;,&quot;shutter_speed&quot;:&quot;0.0046948356807512&quot;,&quot;title&quot;:&quot;&quot;,&quot;orientation&quot;:&quot;1&quot;}\" data-image-title=\"IMG_20220811_091519.jpg\" data-image-description=\"\" data-image-caption=\"\" data-medium-file=\"https:\/\/i0.wp.com\/www.spang.ch\/aude\/wp-content\/uploads\/2022\/08\/IMG_20220811_091519-scaled.jpg?fit=300%2C225\" data-large-file=\"https:\/\/i0.wp.com\/www.spang.ch\/aude\/wp-content\/uploads\/2022\/08\/IMG_20220811_091519-scaled.jpg?fit=1000%2C750\" tabindex=\"0\" role=\"button\" src=\"https:\/\/i0.wp.com\/www.spang.ch\/aude\/wp-content\/uploads\/2022\/08\/IMG_20220811_091519-scaled.jpg?resize=1000%2C750&#038;ssl=1\" alt=\"\" class=\"wp-image-1209\" srcset=\"https:\/\/i0.wp.com\/www.spang.ch\/aude\/wp-content\/uploads\/2022\/08\/IMG_20220811_091519-scaled.jpg?w=2560 2560w, https:\/\/i0.wp.com\/www.spang.ch\/aude\/wp-content\/uploads\/2022\/08\/IMG_20220811_091519-scaled.jpg?resize=300%2C225 300w, https:\/\/i0.wp.com\/www.spang.ch\/aude\/wp-content\/uploads\/2022\/08\/IMG_20220811_091519-scaled.jpg?w=2000 2000w\" sizes=\"(max-width: 1000px) 100vw, 1000px\" data-recalc-dims=\"1\" \/><figcaption class=\"wp-element-caption\">L&#8217;h\u00f4tel tout color\u00e9 <\/figcaption><\/figure>\n\n\n\n<figure class=\"wp-block-image\"><img loading=\"lazy\" decoding=\"async\" width=\"1000\" height=\"750\" data-attachment-id=\"1214\" data-permalink=\"http:\/\/www.spang.ch\/aude\/img_20220812_072624-jpg\/\" data-orig-file=\"https:\/\/i0.wp.com\/www.spang.ch\/aude\/wp-content\/uploads\/2022\/08\/IMG_20220812_072624-scaled.jpg?fit=2560%2C1920\" data-orig-size=\"2560,1920\" data-comments-opened=\"1\" data-image-meta=\"{&quot;aperture&quot;:&quot;1.7&quot;,&quot;credit&quot;:&quot;&quot;,&quot;camera&quot;:&quot;SM-G930F&quot;,&quot;caption&quot;:&quot;&quot;,&quot;created_timestamp&quot;:&quot;1660289184&quot;,&quot;copyright&quot;:&quot;&quot;,&quot;focal_length&quot;:&quot;4.2&quot;,&quot;iso&quot;:&quot;64&quot;,&quot;shutter_speed&quot;:&quot;0.0021691973969631&quot;,&quot;title&quot;:&quot;&quot;,&quot;orientation&quot;:&quot;1&quot;}\" data-image-title=\"IMG_20220812_072624.jpg\" data-image-description=\"\" data-image-caption=\"\" data-medium-file=\"https:\/\/i0.wp.com\/www.spang.ch\/aude\/wp-content\/uploads\/2022\/08\/IMG_20220812_072624-scaled.jpg?fit=300%2C225\" data-large-file=\"https:\/\/i0.wp.com\/www.spang.ch\/aude\/wp-content\/uploads\/2022\/08\/IMG_20220812_072624-scaled.jpg?fit=1000%2C750\" tabindex=\"0\" role=\"button\" src=\"https:\/\/i0.wp.com\/www.spang.ch\/aude\/wp-content\/uploads\/2022\/08\/IMG_20220812_072624-scaled.jpg?resize=1000%2C750&#038;ssl=1\" alt=\"\" class=\"wp-image-1214\" srcset=\"https:\/\/i0.wp.com\/www.spang.ch\/aude\/wp-content\/uploads\/2022\/08\/IMG_20220812_072624-scaled.jpg?w=2560 2560w, https:\/\/i0.wp.com\/www.spang.ch\/aude\/wp-content\/uploads\/2022\/08\/IMG_20220812_072624-scaled.jpg?resize=300%2C225 300w, https:\/\/i0.wp.com\/www.spang.ch\/aude\/wp-content\/uploads\/2022\/08\/IMG_20220812_072624-scaled.jpg?w=2000 2000w\" sizes=\"(max-width: 1000px) 100vw, 1000px\" data-recalc-dims=\"1\" \/><figcaption class=\"wp-element-caption\">L&#8217;h\u00f4tel<\/figcaption><\/figure>\n\n\n\n<p>Nous nous sommes retrouv\u00e9-es dans un petit village avec vraiment pas grand-chose, hormis quelques h\u00f4tels et restaurants pour les touristes. Le reste \u00e9taient entre autre d&#8217;innombrables kiosques \u00e0 chips et soda, ou des bords de route o\u00f9 s\u00e8chent du poivre et de la cardamome, embaumant la rue. il y a une seule et majeure attraction dans ce coin du pays, qui se trouve dans un parc juste \u00e0 c\u00f4t\u00e9 du village. On y arrive en 4&#215;4, debout \u00e0 l&#8217;arri\u00e8re du pick-up et s&#8217;accrochant comme \u00e0 sa vie \u00e0 une barre en m\u00e9tal soud\u00e9e au camion. La route est extr\u00eamement accident\u00e9e, pour penser qu&#8217;il s&#8217;agit d&#8217;une des attractions naturelles principales du pays, mise en avant dans les guides et mentionn\u00e9s partout dans les agences. Encore une fois, cela montre que le tourisme n&#8217;est pas tr\u00e8s massif par ici. Nous avons fait le trajet en 4&#215;4 uniquement avec des localaux ; \u00e7a a \u00e9t\u00e9 l&#8217;occasion de plusieurs \u00e9clats de rire et quelques \u00e9changes sympathiques. <\/p>\n\n\n\n<figure class=\"wp-block-image size-large\"><img loading=\"lazy\" decoding=\"async\" width=\"1000\" height=\"750\" data-attachment-id=\"1204\" data-permalink=\"http:\/\/www.spang.ch\/aude\/img_20220811_1048152523222495084474839-jpg\/\" data-orig-file=\"https:\/\/i0.wp.com\/www.spang.ch\/aude\/wp-content\/uploads\/2022\/08\/img_20220811_1048152523222495084474839-scaled.jpg?fit=2560%2C1920\" data-orig-size=\"2560,1920\" data-comments-opened=\"1\" data-image-meta=\"{&quot;aperture&quot;:&quot;0&quot;,&quot;credit&quot;:&quot;&quot;,&quot;camera&quot;:&quot;&quot;,&quot;caption&quot;:&quot;&quot;,&quot;created_timestamp&quot;:&quot;0&quot;,&quot;copyright&quot;:&quot;&quot;,&quot;focal_length&quot;:&quot;0&quot;,&quot;iso&quot;:&quot;0&quot;,&quot;shutter_speed&quot;:&quot;0&quot;,&quot;title&quot;:&quot;&quot;,&quot;orientation&quot;:&quot;0&quot;}\" data-image-title=\"img_20220811_1048152523222495084474839.jpg\" data-image-description=\"\" data-image-caption=\"\" data-medium-file=\"https:\/\/i0.wp.com\/www.spang.ch\/aude\/wp-content\/uploads\/2022\/08\/img_20220811_1048152523222495084474839-scaled.jpg?fit=300%2C225\" data-large-file=\"https:\/\/i0.wp.com\/www.spang.ch\/aude\/wp-content\/uploads\/2022\/08\/img_20220811_1048152523222495084474839-scaled.jpg?fit=1000%2C750\" tabindex=\"0\" role=\"button\" src=\"https:\/\/i0.wp.com\/www.spang.ch\/aude\/wp-content\/uploads\/2022\/08\/img_20220811_1048152523222495084474839.jpg?resize=1000%2C750\" alt=\"\" class=\"wp-image-1204\" srcset=\"https:\/\/i0.wp.com\/www.spang.ch\/aude\/wp-content\/uploads\/2022\/08\/img_20220811_1048152523222495084474839-scaled.jpg?resize=1024%2C768 1024w, https:\/\/i0.wp.com\/www.spang.ch\/aude\/wp-content\/uploads\/2022\/08\/img_20220811_1048152523222495084474839-scaled.jpg?resize=300%2C225 300w, https:\/\/i0.wp.com\/www.spang.ch\/aude\/wp-content\/uploads\/2022\/08\/img_20220811_1048152523222495084474839-scaled.jpg?resize=768%2C576 768w, https:\/\/i0.wp.com\/www.spang.ch\/aude\/wp-content\/uploads\/2022\/08\/img_20220811_1048152523222495084474839-scaled.jpg?resize=1536%2C1152 1536w, https:\/\/i0.wp.com\/www.spang.ch\/aude\/wp-content\/uploads\/2022\/08\/img_20220811_1048152523222495084474839-scaled.jpg?resize=2048%2C1536 2048w, https:\/\/i0.wp.com\/www.spang.ch\/aude\/wp-content\/uploads\/2022\/08\/img_20220811_1048152523222495084474839-scaled.jpg?resize=400%2C300 400w\" sizes=\"(max-width: 1000px) 100vw, 1000px\" data-recalc-dims=\"1\" \/><figcaption class=\"wp-element-caption\">Le trajet avec les femmes du village<\/figcaption><\/figure>\n\n\n\n<figure class=\"wp-block-image\"><img decoding=\"async\" data-attachment-id=\"1210\" data-permalink=\"http:\/\/www.spang.ch\/aude\/img_20220811_162306-jpg\/\" data-orig-file=\"https:\/\/i0.wp.com\/www.spang.ch\/aude\/wp-content\/uploads\/2022\/08\/IMG_20220811_162306.jpg?fit=%2C\" data-orig-size=\"\" data-comments-opened=\"1\" data-image-meta=\"[]\" data-image-title=\"IMG_20220811_162306.jpg\" data-image-description=\"\" data-image-caption=\"\" data-medium-file=\"https:\/\/i0.wp.com\/www.spang.ch\/aude\/wp-content\/uploads\/2022\/08\/IMG_20220811_162306.jpg?fit=300%2C300\" data-large-file=\"https:\/\/i0.wp.com\/www.spang.ch\/aude\/wp-content\/uploads\/2022\/08\/IMG_20220811_162306.jpg?fit=1024%2C1024\" tabindex=\"0\" role=\"button\" src=\"https:\/\/i0.wp.com\/www.spang.ch\/aude\/wp-content\/uploads\/2022\/08\/IMG_20220811_162306.jpg?w=1000&#038;ssl=1\" alt=\"\" class=\"wp-image-1210\" data-recalc-dims=\"1\"\/><figcaption class=\"wp-element-caption\">On s&#8217;accroche, car \u00e7a secoue !<\/figcaption><\/figure>\n\n\n\n<p>Les cascades en elle-m\u00eame \u00e9taient totalement saisissantes ! Une grosse rivi\u00e8re s&#8217;\u00e9coule et tombe  avec grande puissance puis s&#8217;enfiler soudainement dans un trou la faisant passer sous terre pour en rejaillir plus loin. Par-dessus se sont form\u00e9s des petits bassins, autant de piscines d&#8217;eau ti\u00e8de qui restent bleu turquoise m\u00eame en saison des pluies et apr\u00e8s un fort orage. La baignade fut absolument charmante, et m\u00eame si nous n&#8217;\u00e9tions pas seul-es, il n&#8217;y avait quand m\u00eame vraiment pas beaucoup de monde. Quand je pense aux jolies rivi\u00e8res au Tessin qui sont litt\u00e9ralement prises d&#8217;assaut, je ne peux qu&#8217;\u00eatre reconnaissante d&#8217;avoir d\u00e9nich\u00e9 un petit coin aussi beau. Plus tard, nous sommes \u00e9galement mont\u00e9-es au Mirador, petite balade escarp\u00e9e \u00e0 travers la jungle nous permettant d&#8217;arriver \u00e0 un tr\u00e8s beau point de vue sur les cascades.<\/p>\n\n\n\n<figure class=\"wp-block-image\"><img decoding=\"async\" data-attachment-id=\"1205\" data-permalink=\"http:\/\/www.spang.ch\/aude\/img_20220811_1148204933537723431722160-jpg\/\" data-orig-file=\"https:\/\/i0.wp.com\/www.spang.ch\/aude\/wp-content\/uploads\/2022\/08\/img_20220811_1148204933537723431722160.jpg?fit=%2C\" data-orig-size=\"\" data-comments-opened=\"1\" data-image-meta=\"[]\" data-image-title=\"img_20220811_1148204933537723431722160.jpg\" data-image-description=\"\" data-image-caption=\"\" data-medium-file=\"https:\/\/i0.wp.com\/www.spang.ch\/aude\/wp-content\/uploads\/2022\/08\/img_20220811_1148204933537723431722160.jpg?fit=300%2C300\" data-large-file=\"https:\/\/i0.wp.com\/www.spang.ch\/aude\/wp-content\/uploads\/2022\/08\/img_20220811_1148204933537723431722160.jpg?fit=1024%2C1024\" tabindex=\"0\" role=\"button\" src=\"https:\/\/i0.wp.com\/www.spang.ch\/aude\/wp-content\/uploads\/2022\/08\/img_20220811_1148204933537723431722160.jpg?w=1000&#038;ssl=1\" alt=\"\" class=\"wp-image-1205\" data-recalc-dims=\"1\"\/><figcaption class=\"wp-element-caption\">La rivi\u00e8re arrivant \u00e0 toute puissance s&#8217;engouffre sous terre via un trou<\/figcaption><\/figure>\n\n\n\n<figure class=\"wp-block-image\"><img loading=\"lazy\" decoding=\"async\" width=\"1000\" height=\"750\" data-attachment-id=\"1215\" data-permalink=\"http:\/\/www.spang.ch\/aude\/img_20220811_155229-jpg\/\" data-orig-file=\"https:\/\/i0.wp.com\/www.spang.ch\/aude\/wp-content\/uploads\/2022\/08\/IMG_20220811_155229-scaled.jpg?fit=2560%2C1920\" data-orig-size=\"2560,1920\" data-comments-opened=\"1\" data-image-meta=\"{&quot;aperture&quot;:&quot;1.7&quot;,&quot;credit&quot;:&quot;&quot;,&quot;camera&quot;:&quot;SM-G930F&quot;,&quot;caption&quot;:&quot;&quot;,&quot;created_timestamp&quot;:&quot;1660233149&quot;,&quot;copyright&quot;:&quot;&quot;,&quot;focal_length&quot;:&quot;4.2&quot;,&quot;iso&quot;:&quot;64&quot;,&quot;shutter_speed&quot;:&quot;0.0054347826086957&quot;,&quot;title&quot;:&quot;&quot;,&quot;orientation&quot;:&quot;1&quot;}\" data-image-title=\"IMG_20220811_155229.jpg\" data-image-description=\"\" data-image-caption=\"\" data-medium-file=\"https:\/\/i0.wp.com\/www.spang.ch\/aude\/wp-content\/uploads\/2022\/08\/IMG_20220811_155229-scaled.jpg?fit=300%2C225\" data-large-file=\"https:\/\/i0.wp.com\/www.spang.ch\/aude\/wp-content\/uploads\/2022\/08\/IMG_20220811_155229-scaled.jpg?fit=1000%2C750\" tabindex=\"0\" role=\"button\" src=\"https:\/\/i0.wp.com\/www.spang.ch\/aude\/wp-content\/uploads\/2022\/08\/IMG_20220811_155229-scaled.jpg?resize=1000%2C750&#038;ssl=1\" alt=\"\" class=\"wp-image-1215\" srcset=\"https:\/\/i0.wp.com\/www.spang.ch\/aude\/wp-content\/uploads\/2022\/08\/IMG_20220811_155229-scaled.jpg?w=2560 2560w, https:\/\/i0.wp.com\/www.spang.ch\/aude\/wp-content\/uploads\/2022\/08\/IMG_20220811_155229-scaled.jpg?resize=300%2C225 300w, https:\/\/i0.wp.com\/www.spang.ch\/aude\/wp-content\/uploads\/2022\/08\/IMG_20220811_155229-scaled.jpg?resize=1024%2C768 1024w, https:\/\/i0.wp.com\/www.spang.ch\/aude\/wp-content\/uploads\/2022\/08\/IMG_20220811_155229-scaled.jpg?resize=768%2C576 768w, https:\/\/i0.wp.com\/www.spang.ch\/aude\/wp-content\/uploads\/2022\/08\/IMG_20220811_155229-scaled.jpg?resize=1536%2C1152 1536w, https:\/\/i0.wp.com\/www.spang.ch\/aude\/wp-content\/uploads\/2022\/08\/IMG_20220811_155229-scaled.jpg?resize=2048%2C1536 2048w\" sizes=\"(max-width: 1000px) 100vw, 1000px\" data-recalc-dims=\"1\" \/><figcaption class=\"wp-element-caption\">Les cascades et piscines naturelles de Semuk Champey<\/figcaption><\/figure>\n\n\n\n<figure class=\"wp-block-image\"><img decoding=\"async\" data-attachment-id=\"1212\" data-permalink=\"http:\/\/www.spang.ch\/aude\/img_20220811_140528-jpg\/\" data-orig-file=\"https:\/\/i0.wp.com\/www.spang.ch\/aude\/wp-content\/uploads\/2022\/08\/IMG_20220811_140528.jpg?fit=%2C\" data-orig-size=\"\" data-comments-opened=\"1\" data-image-meta=\"[]\" data-image-title=\"IMG_20220811_140528.jpg\" data-image-description=\"\" data-image-caption=\"\" data-medium-file=\"https:\/\/i0.wp.com\/www.spang.ch\/aude\/wp-content\/uploads\/2022\/08\/IMG_20220811_140528.jpg?fit=300%2C300\" data-large-file=\"https:\/\/i0.wp.com\/www.spang.ch\/aude\/wp-content\/uploads\/2022\/08\/IMG_20220811_140528.jpg?fit=1024%2C1024\" tabindex=\"0\" role=\"button\" src=\"https:\/\/i0.wp.com\/www.spang.ch\/aude\/wp-content\/uploads\/2022\/08\/IMG_20220811_140528.jpg?w=1000&#038;ssl=1\" alt=\"\" class=\"wp-image-1212\" data-recalc-dims=\"1\"\/><figcaption class=\"wp-element-caption\">Vue depuis le Mirador<\/figcaption><\/figure>\n\n\n\n<p>Trois des mes moments pr\u00e9f\u00e9r\u00e9s durant ce voyage ont eu lieu \u00e0 Lanqu\u00edn, le village pr\u00e8s de Semuk Champey. La premi\u00e8re fois, on mangeait dans un restaurant de localaux; des tortillas, du poulet et du riz (comme souvent). Le restaurant \u00e9tait plein sauf une table, allez savoir pourquoi il n&#8217;y avait que des italien-nes ce soir l\u00e0. Il \u00e9tait 20h, cela faisait 2h que le soleil \u00e9tait couch\u00e9. Arrive un nouvel italien qui demande \u00e0 la patronne d&#8217;accueillir 16 personnes. Elle le regarde avec circonspection pendant quelques secondes, puis lui r\u00e9pond &#8220;5&#8221;. Il insiste un peu, elle r\u00e9p\u00e8te &#8221; 5&#8243;, impassible. Il a fini par abandonner et partir. Il \u00e9tait 20h, sa journ\u00e9e de travail \u00e9tait finie, et personne n&#8217;allait la faire travailler plus que de raison, ou plus que le maximum n\u00e9cessaire. Une sc\u00e8ne comme si on \u00e9tait au th\u00e9\u00e2tre. <\/p>\n\n\n\n<figure class=\"wp-block-image\"><img decoding=\"async\" data-attachment-id=\"1208\" data-permalink=\"http:\/\/www.spang.ch\/aude\/img_20220810_211032-jpg\/\" data-orig-file=\"https:\/\/i0.wp.com\/www.spang.ch\/aude\/wp-content\/uploads\/2022\/08\/IMG_20220810_211032.jpg?fit=%2C\" data-orig-size=\"\" data-comments-opened=\"1\" data-image-meta=\"[]\" data-image-title=\"IMG_20220810_211032.jpg\" data-image-description=\"\" data-image-caption=\"\" data-medium-file=\"https:\/\/i0.wp.com\/www.spang.ch\/aude\/wp-content\/uploads\/2022\/08\/IMG_20220810_211032.jpg?fit=300%2C300\" data-large-file=\"https:\/\/i0.wp.com\/www.spang.ch\/aude\/wp-content\/uploads\/2022\/08\/IMG_20220810_211032.jpg?fit=1024%2C1024\" tabindex=\"0\" role=\"button\" src=\"https:\/\/i0.wp.com\/www.spang.ch\/aude\/wp-content\/uploads\/2022\/08\/IMG_20220810_211032.jpg?w=1000&#038;ssl=1\" alt=\"\" class=\"wp-image-1208\" data-recalc-dims=\"1\"\/><figcaption class=\"wp-element-caption\">Plat basique dans le restaurant de la dame imperturbable <\/figcaption><\/figure>\n\n\n\n<p>A un autre moment, le t\u00e9l\u00e9phone d&#8217;une des serveuses du  restaurant a sonn\u00e9, son petit ami l&#8217;appelait. Comme la sonnerie \u00e9tait une musique du coin, j&#8217;ai d&#8217;abord cru qu&#8217;elle mettait simplement de la musique, pour l&#8217;ambiance. Au moment o\u00f9 elle r\u00e9pondait, je lui ai donc dit &#8220;laisse, laisse !&#8221;, pour en entendre plus. Ensuite, une fois revenue de son appel, elle \u00e9tait morte de rite pendant au moins dix minutes \u00e0 cause de ce malentendu ! C&#8217;\u00e9tait d&#8217;autant plus sympa et plein de fra\u00eecheur qu&#8217;elle ne parlait pas tr\u00e8s bien espagnol (mais probablement seulement son dialecte indig\u00e8ne) et que beaucoup de l&#8217;interaction se jouait aux mimiques et aux sourires. Un moment tr\u00e8s simple et touchant, de vrai \u00e9change \u00e0 travers les diff\u00e9rences. Le dernier chouette moment \u00e0 Lanqu\u00edn fut un peu inattendu. Alors qu&#8217;on chillait sur la terrasse de notre h\u00f4tel \u00e0 23h, un coq a soudain lanc\u00e9 un cri \u00e0 travers l&#8217;obscurit\u00e9. Alors, une vingtaine d&#8217;autres coqs des environs se sont mis \u00e0 chanter et se r\u00e9pondre pendant une dizaine de minutes, dans le noir complet. Encore une sc\u00e8ne tr\u00e8s marrante, comme tir\u00e9e d&#8217;une pi\u00e8ce de th\u00e9\u00e2tre un peu absurde.  <\/p>\n\n\n\n<figure class=\"wp-block-image\"><img decoding=\"async\" data-attachment-id=\"1211\" data-permalink=\"http:\/\/www.spang.ch\/aude\/img_20220811_1144457321929451472161965-jpg\/\" data-orig-file=\"https:\/\/i0.wp.com\/www.spang.ch\/aude\/wp-content\/uploads\/2022\/08\/img_20220811_1144457321929451472161965.jpg?fit=%2C\" data-orig-size=\"\" data-comments-opened=\"1\" data-image-meta=\"[]\" data-image-title=\"img_20220811_1144457321929451472161965.jpg\" data-image-description=\"\" data-image-caption=\"\" data-medium-file=\"https:\/\/i0.wp.com\/www.spang.ch\/aude\/wp-content\/uploads\/2022\/08\/img_20220811_1144457321929451472161965.jpg?fit=300%2C300\" data-large-file=\"https:\/\/i0.wp.com\/www.spang.ch\/aude\/wp-content\/uploads\/2022\/08\/img_20220811_1144457321929451472161965.jpg?fit=1024%2C1024\" tabindex=\"0\" role=\"button\" src=\"https:\/\/i0.wp.com\/www.spang.ch\/aude\/wp-content\/uploads\/2022\/08\/img_20220811_1144457321929451472161965.jpg?w=1000&#038;ssl=1\" alt=\"\" class=\"wp-image-1211\" data-recalc-dims=\"1\"\/><figcaption class=\"wp-element-caption\">Balade dans la jungle <\/figcaption><\/figure>\n\n\n\n<figure class=\"wp-block-image\"><img loading=\"lazy\" decoding=\"async\" width=\"1000\" height=\"1333\" data-attachment-id=\"1218\" data-permalink=\"http:\/\/www.spang.ch\/aude\/img_20220811_1405426216826904638053475-jpg\/\" data-orig-file=\"https:\/\/i0.wp.com\/www.spang.ch\/aude\/wp-content\/uploads\/2022\/08\/img_20220811_1405426216826904638053475-scaled.jpg?fit=1920%2C2560\" data-orig-size=\"1920,2560\" data-comments-opened=\"1\" data-image-meta=\"{&quot;aperture&quot;:&quot;0&quot;,&quot;credit&quot;:&quot;&quot;,&quot;camera&quot;:&quot;&quot;,&quot;caption&quot;:&quot;&quot;,&quot;created_timestamp&quot;:&quot;0&quot;,&quot;copyright&quot;:&quot;&quot;,&quot;focal_length&quot;:&quot;0&quot;,&quot;iso&quot;:&quot;0&quot;,&quot;shutter_speed&quot;:&quot;0&quot;,&quot;title&quot;:&quot;&quot;,&quot;orientation&quot;:&quot;0&quot;}\" data-image-title=\"img_20220811_1405426216826904638053475.jpg\" data-image-description=\"\" data-image-caption=\"\" data-medium-file=\"https:\/\/i0.wp.com\/www.spang.ch\/aude\/wp-content\/uploads\/2022\/08\/img_20220811_1405426216826904638053475-scaled.jpg?fit=225%2C300\" data-large-file=\"https:\/\/i0.wp.com\/www.spang.ch\/aude\/wp-content\/uploads\/2022\/08\/img_20220811_1405426216826904638053475-scaled.jpg?fit=768%2C1024\" tabindex=\"0\" role=\"button\" src=\"https:\/\/i0.wp.com\/www.spang.ch\/aude\/wp-content\/uploads\/2022\/08\/img_20220811_1405426216826904638053475-scaled.jpg?resize=1000%2C1333&#038;ssl=1\" alt=\"\" class=\"wp-image-1218\" srcset=\"https:\/\/i0.wp.com\/www.spang.ch\/aude\/wp-content\/uploads\/2022\/08\/img_20220811_1405426216826904638053475-scaled.jpg?w=1920 1920w, https:\/\/i0.wp.com\/www.spang.ch\/aude\/wp-content\/uploads\/2022\/08\/img_20220811_1405426216826904638053475-scaled.jpg?resize=225%2C300 225w, https:\/\/i0.wp.com\/www.spang.ch\/aude\/wp-content\/uploads\/2022\/08\/img_20220811_1405426216826904638053475-scaled.jpg?resize=768%2C1024 768w, https:\/\/i0.wp.com\/www.spang.ch\/aude\/wp-content\/uploads\/2022\/08\/img_20220811_1405426216826904638053475-scaled.jpg?resize=1152%2C1536 1152w, https:\/\/i0.wp.com\/www.spang.ch\/aude\/wp-content\/uploads\/2022\/08\/img_20220811_1405426216826904638053475-scaled.jpg?resize=1536%2C2048 1536w, https:\/\/i0.wp.com\/www.spang.ch\/aude\/wp-content\/uploads\/2022\/08\/img_20220811_1405426216826904638053475-scaled.jpg?resize=630%2C840 630w\" sizes=\"(max-width: 1000px) 100vw, 1000px\" data-recalc-dims=\"1\" \/><figcaption class=\"wp-element-caption\">Depuis le Mirador<\/figcaption><\/figure>\n\n\n\n<p>Apr\u00e8s plus d&#8217;une semaine, je me suis plus ou moins enfin habitu\u00e9e \u00e0 ne pas jeter le pq dans la cuvette de toilette mais dans la poubelle pr\u00e9vue \u00e0 cet effet (c&#8217;est la norme dans de nombreux pays hors de l&#8217;Occident, mais tr\u00e8s difficile de modifier rapidement une habitude si profond\u00e9ment ancr\u00e9e !). Dans ce pays o\u00f9 la vie s&#8217;arr\u00eate vers 18h, les enfants ne vont pas \u00e0 l&#8217;\u00e9cole mais manient des smartphones, les hommes portent des chapeaux de cow-boys et les femmes des tenues fleuries compl\u00e8tement diff\u00e9rentes selon la r\u00e9gion du pays, dans ce beau pays vous l&#8217;aurez compris car je l&#8217;ai assez r\u00e9p\u00e9t\u00e9, j&#8217;ai trouv\u00e9 une grande authenticit\u00e9, des personnes simples, gentilles et chill. Parmi les aspects marquants, on note bien s\u00fbr la lenteur de la vie (qui n&#8217;est pas paresse !), la musique omnipr\u00e9sente, mais malheureusement aussi la drague plut\u00f4t lourde avec un arri\u00e8re-go\u00fbt mena\u00e7ant (en particulier le soir, si on porte des v\u00eatements courts, et ce m\u00eame si on est en pr\u00e9sence d&#8217;un homme). La violence est aussi plus pr\u00e9sente que ce \u00e0 quoi je suis habitu\u00e9e, on voit par exemple des militaires ou securitas arm\u00e9s, ou des panneaux \u00e0 l&#8217;entr\u00e9e de villages indiquant que la population se prot\u00e8ge face aux attaques.<\/p>\n\n\n\n<figure class=\"wp-block-image\"><img decoding=\"async\" data-attachment-id=\"1213\" data-permalink=\"http:\/\/www.spang.ch\/aude\/img_20220811_174838-jpg\/\" data-orig-file=\"https:\/\/i0.wp.com\/www.spang.ch\/aude\/wp-content\/uploads\/2022\/08\/IMG_20220811_174838.jpg?fit=%2C\" data-orig-size=\"\" data-comments-opened=\"1\" data-image-meta=\"[]\" data-image-title=\"IMG_20220811_174838.jpg\" data-image-description=\"\" data-image-caption=\"\" data-medium-file=\"https:\/\/i0.wp.com\/www.spang.ch\/aude\/wp-content\/uploads\/2022\/08\/IMG_20220811_174838.jpg?fit=300%2C300\" data-large-file=\"https:\/\/i0.wp.com\/www.spang.ch\/aude\/wp-content\/uploads\/2022\/08\/IMG_20220811_174838.jpg?fit=1024%2C1024\" tabindex=\"0\" role=\"button\" src=\"https:\/\/i0.wp.com\/www.spang.ch\/aude\/wp-content\/uploads\/2022\/08\/IMG_20220811_174838.jpg?w=1000&#038;ssl=1\" alt=\"\" class=\"wp-image-1213\" data-recalc-dims=\"1\"\/><figcaption class=\"wp-element-caption\">Vie quotidienne \u00e0 Lanqu\u00edn<\/figcaption><\/figure>\n\n\n\n<figure class=\"wp-block-image\"><img loading=\"lazy\" decoding=\"async\" width=\"1000\" height=\"750\" data-attachment-id=\"1217\" data-permalink=\"http:\/\/www.spang.ch\/aude\/img_20220811_210213-jpg\/\" data-orig-file=\"https:\/\/i0.wp.com\/www.spang.ch\/aude\/wp-content\/uploads\/2022\/08\/IMG_20220811_210213-scaled.jpg?fit=2560%2C1920\" data-orig-size=\"2560,1920\" data-comments-opened=\"1\" data-image-meta=\"{&quot;aperture&quot;:&quot;1.7&quot;,&quot;credit&quot;:&quot;&quot;,&quot;camera&quot;:&quot;SM-G930F&quot;,&quot;caption&quot;:&quot;&quot;,&quot;created_timestamp&quot;:&quot;1660251733&quot;,&quot;copyright&quot;:&quot;&quot;,&quot;focal_length&quot;:&quot;4.2&quot;,&quot;iso&quot;:&quot;640&quot;,&quot;shutter_speed&quot;:&quot;0.04&quot;,&quot;title&quot;:&quot;&quot;,&quot;orientation&quot;:&quot;1&quot;}\" data-image-title=\"IMG_20220811_210213.jpg\" data-image-description=\"\" data-image-caption=\"\" data-medium-file=\"https:\/\/i0.wp.com\/www.spang.ch\/aude\/wp-content\/uploads\/2022\/08\/IMG_20220811_210213-scaled.jpg?fit=300%2C225\" data-large-file=\"https:\/\/i0.wp.com\/www.spang.ch\/aude\/wp-content\/uploads\/2022\/08\/IMG_20220811_210213-scaled.jpg?fit=1000%2C750\" tabindex=\"0\" role=\"button\" src=\"https:\/\/i0.wp.com\/www.spang.ch\/aude\/wp-content\/uploads\/2022\/08\/IMG_20220811_210213-scaled.jpg?resize=1000%2C750&#038;ssl=1\" alt=\"\" class=\"wp-image-1217\" srcset=\"https:\/\/i0.wp.com\/www.spang.ch\/aude\/wp-content\/uploads\/2022\/08\/IMG_20220811_210213-scaled.jpg?w=2560 2560w, https:\/\/i0.wp.com\/www.spang.ch\/aude\/wp-content\/uploads\/2022\/08\/IMG_20220811_210213-scaled.jpg?resize=300%2C225 300w, https:\/\/i0.wp.com\/www.spang.ch\/aude\/wp-content\/uploads\/2022\/08\/IMG_20220811_210213-scaled.jpg?resize=1024%2C768 1024w, https:\/\/i0.wp.com\/www.spang.ch\/aude\/wp-content\/uploads\/2022\/08\/IMG_20220811_210213-scaled.jpg?resize=768%2C576 768w, https:\/\/i0.wp.com\/www.spang.ch\/aude\/wp-content\/uploads\/2022\/08\/IMG_20220811_210213-scaled.jpg?resize=1536%2C1152 1536w, https:\/\/i0.wp.com\/www.spang.ch\/aude\/wp-content\/uploads\/2022\/08\/IMG_20220811_210213-scaled.jpg?resize=2048%2C1536 2048w\" sizes=\"(max-width: 1000px) 100vw, 1000px\" data-recalc-dims=\"1\" \/><figcaption class=\"wp-element-caption\">\u00c7a a l&#8217;air de rien mais n&#8217;avait une sauce au chocolat quand m\u00eame<\/figcaption><\/figure>\n\n\n\n<p>Parmi les sujets de discussion r\u00e9currents avec Giorgia et Felice, la question de la libert\u00e9 a souvent refait surface. Cette libert\u00e9 absolue du voyage o\u00f9 on ne d\u00e9pend de rien ni personne et qu&#8217;on fait ce qu&#8217;on veut, quand on le souhaite, sans aucune pression autre que celles qu&#8217;on se choisit. C&#8217;est vraiment une exp\u00e9rience tr\u00e8s magique, d&#8217;\u00eatre libre de pouvoir chercher la beaut\u00e9 que ce monde a \u00e0 offrir, sous toutes ses formes, sans contrainte aucune. On prend plus de risques que dans sa vie quotidienne, et on renonce au confort auquel on est habitu\u00e9-e, certes, mais l&#8217;aventure en vaut mille fois la peine. Comme dit Giorgia, on observe et analyse les situations, et on s&#8217;adapte afin de ne pas se mettre en danger mais aussi de ne pas heurter les localaux ou mettre une distance entre nous. Felice a dit qu&#8217;en voyageant il a appris ce qu&#8217;il appelle le &#8220;pouvoir du sourire&#8221;, qu&#8217;avant ca il ne souriait clairement pas \u00e0 autant de monde dans sa vie de tous les jours. C&#8217;est tr\u00e8s beau. Et c&#8217;est vrai que c&#8217;est le secret d&#8217;un contact r\u00e9ussi. On peut parler des langues diff\u00e9rentes, venir de cultures d&#8217;une toute autre partie du monde, avec un sourire franc on peut cr\u00e9er un vrai contact avec l&#8217;autre. On lui montre en quelque sorte qu&#8217;on est quelqu&#8217;un-e de bien et qu&#8217;on se ressemble, au fond.<\/p>\n\n\n\n<figure class=\"wp-block-image size-large\"><img loading=\"lazy\" decoding=\"async\" width=\"768\" height=\"1024\" data-attachment-id=\"1230\" data-permalink=\"http:\/\/www.spang.ch\/aude\/2022\/08\/guatemala-2\/img-20220808-wa0041-jpg\/\" data-orig-file=\"https:\/\/i0.wp.com\/www.spang.ch\/aude\/wp-content\/uploads\/2022\/08\/IMG-20220808-WA0041.jpg?fit=1536%2C2048\" data-orig-size=\"1536,2048\" data-comments-opened=\"1\" data-image-meta=\"{&quot;aperture&quot;:&quot;0&quot;,&quot;credit&quot;:&quot;&quot;,&quot;camera&quot;:&quot;&quot;,&quot;caption&quot;:&quot;&quot;,&quot;created_timestamp&quot;:&quot;0&quot;,&quot;copyright&quot;:&quot;&quot;,&quot;focal_length&quot;:&quot;0&quot;,&quot;iso&quot;:&quot;0&quot;,&quot;shutter_speed&quot;:&quot;0&quot;,&quot;title&quot;:&quot;&quot;,&quot;orientation&quot;:&quot;0&quot;}\" data-image-title=\"IMG-20220808-WA0041.jpg\" data-image-description=\"\" data-image-caption=\"\" data-medium-file=\"https:\/\/i0.wp.com\/www.spang.ch\/aude\/wp-content\/uploads\/2022\/08\/IMG-20220808-WA0041.jpg?fit=225%2C300\" data-large-file=\"https:\/\/i0.wp.com\/www.spang.ch\/aude\/wp-content\/uploads\/2022\/08\/IMG-20220808-WA0041.jpg?fit=768%2C1024\" tabindex=\"0\" role=\"button\" src=\"https:\/\/i0.wp.com\/www.spang.ch\/aude\/wp-content\/uploads\/2022\/08\/IMG-20220808-WA0041-768x1024.jpg?resize=768%2C1024&#038;ssl=1\" alt=\"\" class=\"wp-image-1230\" srcset=\"https:\/\/i0.wp.com\/www.spang.ch\/aude\/wp-content\/uploads\/2022\/08\/IMG-20220808-WA0041.jpg?resize=768%2C1024 768w, https:\/\/i0.wp.com\/www.spang.ch\/aude\/wp-content\/uploads\/2022\/08\/IMG-20220808-WA0041.jpg?resize=225%2C300 225w, https:\/\/i0.wp.com\/www.spang.ch\/aude\/wp-content\/uploads\/2022\/08\/IMG-20220808-WA0041.jpg?resize=1152%2C1536 1152w, https:\/\/i0.wp.com\/www.spang.ch\/aude\/wp-content\/uploads\/2022\/08\/IMG-20220808-WA0041.jpg?resize=630%2C840 630w, https:\/\/i0.wp.com\/www.spang.ch\/aude\/wp-content\/uploads\/2022\/08\/IMG-20220808-WA0041.jpg?resize=960%2C1280 960w, https:\/\/i0.wp.com\/www.spang.ch\/aude\/wp-content\/uploads\/2022\/08\/IMG-20220808-WA0041.jpg?w=1536 1536w\" sizes=\"(max-width: 768px) 100vw, 768px\" data-recalc-dims=\"1\" \/><figcaption class=\"wp-element-caption\">Soleil, nature, voyage&#8230; What else?<\/figcaption><\/figure>\n\n\n\n<figure class=\"wp-block-image\"><img loading=\"lazy\" decoding=\"async\" width=\"1000\" height=\"750\" data-attachment-id=\"1216\" data-permalink=\"http:\/\/www.spang.ch\/aude\/img_20220811_125424-jpg\/\" data-orig-file=\"https:\/\/i0.wp.com\/www.spang.ch\/aude\/wp-content\/uploads\/2022\/08\/IMG_20220811_125424-scaled.jpg?fit=2560%2C1920\" data-orig-size=\"2560,1920\" data-comments-opened=\"1\" data-image-meta=\"{&quot;aperture&quot;:&quot;1.7&quot;,&quot;credit&quot;:&quot;&quot;,&quot;camera&quot;:&quot;SM-G930F&quot;,&quot;caption&quot;:&quot;&quot;,&quot;created_timestamp&quot;:&quot;1660222464&quot;,&quot;copyright&quot;:&quot;&quot;,&quot;focal_length&quot;:&quot;4.2&quot;,&quot;iso&quot;:&quot;64&quot;,&quot;shutter_speed&quot;:&quot;0.0010298661174047&quot;,&quot;title&quot;:&quot;&quot;,&quot;orientation&quot;:&quot;1&quot;}\" data-image-title=\"IMG_20220811_125424.jpg\" data-image-description=\"\" data-image-caption=\"\" data-medium-file=\"https:\/\/i0.wp.com\/www.spang.ch\/aude\/wp-content\/uploads\/2022\/08\/IMG_20220811_125424-scaled.jpg?fit=300%2C225\" data-large-file=\"https:\/\/i0.wp.com\/www.spang.ch\/aude\/wp-content\/uploads\/2022\/08\/IMG_20220811_125424-scaled.jpg?fit=1000%2C750\" tabindex=\"0\" role=\"button\" src=\"https:\/\/i0.wp.com\/www.spang.ch\/aude\/wp-content\/uploads\/2022\/08\/IMG_20220811_125424-scaled.jpg?resize=1000%2C750&#038;ssl=1\" alt=\"\" class=\"wp-image-1216\" srcset=\"https:\/\/i0.wp.com\/www.spang.ch\/aude\/wp-content\/uploads\/2022\/08\/IMG_20220811_125424-scaled.jpg?w=2560 2560w, https:\/\/i0.wp.com\/www.spang.ch\/aude\/wp-content\/uploads\/2022\/08\/IMG_20220811_125424-scaled.jpg?resize=300%2C225 300w, https:\/\/i0.wp.com\/www.spang.ch\/aude\/wp-content\/uploads\/2022\/08\/IMG_20220811_125424-scaled.jpg?w=2000 2000w\" sizes=\"(max-width: 1000px) 100vw, 1000px\" data-recalc-dims=\"1\" \/><figcaption class=\"wp-element-caption\">Baignade \u00e0 Semuk Champey<\/figcaption><\/figure>\n\n\n\n<p>S&#8217;il est beau de pouvoir profiter du voyage sous tous ses aspects, je ne peux cependant jamais oublier quel privil\u00e8ge c&#8217;est de justement avoir cette chance. Pouvoir prendre m\u00eame juste trois semaines de vacances (voire des mois d&#8217;\u00e9vasion), avoir les moyens financiers de partir loin, avoir pu apprendre d&#8217;autres langues pour pouvoir communiquer. Je n&#8217;arr\u00eate pas de me r\u00e9p\u00e9ter que si les gens sont pauvres ici, c&#8217;est parce que nous sommes riches l\u00e0-bas. Il est primordial de toujours s&#8217;en souvenir. On voit comme l&#8217;Asie est riche, vari\u00e9e, diff\u00e9rente de l&#8217;Occident, on observe les myriades de cultures indig\u00e8nes du Canada jusqu&#8217;\u00e0 la Patagonie et leurs modes de vie, traditions, rituels, langues&#8230; \u00e0 quoi ressemblerait les Am\u00e9riques si nous ne les avions pas colonis\u00e9es, exploit\u00e9 leurs richesses, oppress\u00e9 et massacr\u00e9 leurs peuples? Je me le suis souvent demand\u00e9. Sans le capitalisme, ce monde serait si diff\u00e9rent, plus riche encore. C&#8217;est toujours aussi navrant de constater tout ce qu&#8217;on perd et d\u00e9truit \u00e0 cause de la propri\u00e9t\u00e9 priv\u00e9e des moyens de production, qui permet \u00e0 une minorit\u00e9 d&#8217;exploiter la majorit\u00e9 tout en d\u00e9truisant la plan\u00e8te. Eh oui d\u00e9sol\u00e9e&#8230; vous n&#8217;alliez tout de m\u00eame pas \u00e9chapper au discours anticapitaliste juste parce que je suis en voyage ! Le capitalisme ne prend pas de vacances, et le voyage me rappelle constamment aux r\u00e9alit\u00e9s de notre monde. Mais comme vous avez vu, \u00e7a ne m&#8217;emp\u00eache pas de prendre du bon temps malgr\u00e9 tout \ud83d\ude09<\/p>\n\n\n\n<figure class=\"wp-block-image\"><img loading=\"lazy\" decoding=\"async\" width=\"1000\" height=\"750\" data-attachment-id=\"1219\" data-permalink=\"http:\/\/www.spang.ch\/aude\/img_20220811_125412-jpg\/\" data-orig-file=\"https:\/\/i0.wp.com\/www.spang.ch\/aude\/wp-content\/uploads\/2022\/08\/IMG_20220811_125412-scaled.jpg?fit=2560%2C1920\" data-orig-size=\"2560,1920\" data-comments-opened=\"1\" data-image-meta=\"{&quot;aperture&quot;:&quot;1.7&quot;,&quot;credit&quot;:&quot;&quot;,&quot;camera&quot;:&quot;SM-G930F&quot;,&quot;caption&quot;:&quot;&quot;,&quot;created_timestamp&quot;:&quot;1660222452&quot;,&quot;copyright&quot;:&quot;&quot;,&quot;focal_length&quot;:&quot;4.2&quot;,&quot;iso&quot;:&quot;64&quot;,&quot;shutter_speed&quot;:&quot;0.00070521861777151&quot;,&quot;title&quot;:&quot;&quot;,&quot;orientation&quot;:&quot;1&quot;}\" data-image-title=\"IMG_20220811_125412.jpg\" data-image-description=\"\" data-image-caption=\"\" data-medium-file=\"https:\/\/i0.wp.com\/www.spang.ch\/aude\/wp-content\/uploads\/2022\/08\/IMG_20220811_125412-scaled.jpg?fit=300%2C225\" data-large-file=\"https:\/\/i0.wp.com\/www.spang.ch\/aude\/wp-content\/uploads\/2022\/08\/IMG_20220811_125412-scaled.jpg?fit=1000%2C750\" tabindex=\"0\" role=\"button\" src=\"https:\/\/i0.wp.com\/www.spang.ch\/aude\/wp-content\/uploads\/2022\/08\/IMG_20220811_125412-scaled.jpg?resize=1000%2C750&#038;ssl=1\" alt=\"\" class=\"wp-image-1219\" srcset=\"https:\/\/i0.wp.com\/www.spang.ch\/aude\/wp-content\/uploads\/2022\/08\/IMG_20220811_125412-scaled.jpg?w=2560 2560w, https:\/\/i0.wp.com\/www.spang.ch\/aude\/wp-content\/uploads\/2022\/08\/IMG_20220811_125412-scaled.jpg?resize=300%2C225 300w, https:\/\/i0.wp.com\/www.spang.ch\/aude\/wp-content\/uploads\/2022\/08\/IMG_20220811_125412-scaled.jpg?resize=1024%2C768 1024w, https:\/\/i0.wp.com\/www.spang.ch\/aude\/wp-content\/uploads\/2022\/08\/IMG_20220811_125412-scaled.jpg?resize=768%2C576 768w, https:\/\/i0.wp.com\/www.spang.ch\/aude\/wp-content\/uploads\/2022\/08\/IMG_20220811_125412-scaled.jpg?resize=1536%2C1152 1536w, https:\/\/i0.wp.com\/www.spang.ch\/aude\/wp-content\/uploads\/2022\/08\/IMG_20220811_125412-scaled.jpg?w=2000 2000w\" sizes=\"(max-width: 1000px) 100vw, 1000px\" data-recalc-dims=\"1\" \/><figcaption class=\"wp-element-caption\">Semuk Champey<\/figcaption><\/figure>\n\n\n\n<p>Je vous \u00e9cris actuellement depuis le paradis sous la pluie, au Belize. C&#8217;est gentiment la fin de mon voyage et ici aussi j&#8217;ai pu voir de sacr\u00e9es merveilles, m\u00eame si j&#8217;ai finalement \u00e9t\u00e9 rattrap\u00e9e par la saison des pluies qui m&#8217;avait jusqu&#8217;alors relativement \u00e9pargn\u00e9e. Si j&#8217;y arrive, je ferai un dernier post pour vous parler des ruines maya \u00e0 Tikal et aussi du Belize, puis la vie quotidienne reprendra!<\/p>\n\n\n\n<figure class=\"wp-block-image\"><img loading=\"lazy\" decoding=\"async\" width=\"1000\" height=\"750\" data-attachment-id=\"1220\" data-permalink=\"http:\/\/www.spang.ch\/aude\/img_20220811_091404-jpg-2\/\" data-orig-file=\"https:\/\/i0.wp.com\/www.spang.ch\/aude\/wp-content\/uploads\/2022\/08\/IMG_20220811_091404-1-scaled.jpg?fit=2560%2C1920\" data-orig-size=\"2560,1920\" data-comments-opened=\"1\" data-image-meta=\"{&quot;aperture&quot;:&quot;1.7&quot;,&quot;credit&quot;:&quot;&quot;,&quot;camera&quot;:&quot;SM-G930F&quot;,&quot;caption&quot;:&quot;&quot;,&quot;created_timestamp&quot;:&quot;1660209243&quot;,&quot;copyright&quot;:&quot;&quot;,&quot;focal_length&quot;:&quot;4.2&quot;,&quot;iso&quot;:&quot;64&quot;,&quot;shutter_speed&quot;:&quot;0.00079681274900398&quot;,&quot;title&quot;:&quot;&quot;,&quot;orientation&quot;:&quot;1&quot;}\" data-image-title=\"IMG_20220811_091404.jpg\" data-image-description=\"\" data-image-caption=\"\" data-medium-file=\"https:\/\/i0.wp.com\/www.spang.ch\/aude\/wp-content\/uploads\/2022\/08\/IMG_20220811_091404-1-scaled.jpg?fit=300%2C225\" data-large-file=\"https:\/\/i0.wp.com\/www.spang.ch\/aude\/wp-content\/uploads\/2022\/08\/IMG_20220811_091404-1-scaled.jpg?fit=1000%2C750\" tabindex=\"0\" role=\"button\" src=\"https:\/\/i0.wp.com\/www.spang.ch\/aude\/wp-content\/uploads\/2022\/08\/IMG_20220811_091404-1-scaled.jpg?resize=1000%2C750&#038;ssl=1\" alt=\"\" class=\"wp-image-1220\" srcset=\"https:\/\/i0.wp.com\/www.spang.ch\/aude\/wp-content\/uploads\/2022\/08\/IMG_20220811_091404-1-scaled.jpg?w=2560 2560w, https:\/\/i0.wp.com\/www.spang.ch\/aude\/wp-content\/uploads\/2022\/08\/IMG_20220811_091404-1-scaled.jpg?resize=300%2C225 300w, https:\/\/i0.wp.com\/www.spang.ch\/aude\/wp-content\/uploads\/2022\/08\/IMG_20220811_091404-1-scaled.jpg?resize=1024%2C768 1024w, https:\/\/i0.wp.com\/www.spang.ch\/aude\/wp-content\/uploads\/2022\/08\/IMG_20220811_091404-1-scaled.jpg?resize=768%2C576 768w, https:\/\/i0.wp.com\/www.spang.ch\/aude\/wp-content\/uploads\/2022\/08\/IMG_20220811_091404-1-scaled.jpg?w=2000 2000w\" sizes=\"(max-width: 1000px) 100vw, 1000px\" data-recalc-dims=\"1\" \/><figcaption class=\"wp-element-caption\">For\u00eat tropicale et palmiers for ever !<\/figcaption><\/figure>\n\n\n\n<p>Tant de nouvelles exp\u00e9riences, amiti\u00e9s, r\u00e9flexions en si peu de temps! Et encore et toujours cette question que j&#8217;aime me poser r\u00e9guli\u00e8rement, comme une invitation \u00e0 continuellement changer, apprendre, \u00e9voluer: c&#8217;est quand la derni\u00e8re fois que j&#8217;ai fait quelque chose pour la premi\u00e8re fois? Et toi?<\/p>\n\n\n\n<figure class=\"wp-block-image\"><img loading=\"lazy\" decoding=\"async\" width=\"1000\" height=\"1333\" data-attachment-id=\"1186\" data-permalink=\"http:\/\/www.spang.ch\/aude\/img_20220809_1614428096267689575937121-jpg\/\" data-orig-file=\"https:\/\/i0.wp.com\/www.spang.ch\/aude\/wp-content\/uploads\/2022\/08\/img_20220809_1614428096267689575937121-scaled.jpg?fit=1920%2C2560\" data-orig-size=\"1920,2560\" data-comments-opened=\"1\" data-image-meta=\"{&quot;aperture&quot;:&quot;0&quot;,&quot;credit&quot;:&quot;&quot;,&quot;camera&quot;:&quot;&quot;,&quot;caption&quot;:&quot;&quot;,&quot;created_timestamp&quot;:&quot;0&quot;,&quot;copyright&quot;:&quot;&quot;,&quot;focal_length&quot;:&quot;0&quot;,&quot;iso&quot;:&quot;0&quot;,&quot;shutter_speed&quot;:&quot;0&quot;,&quot;title&quot;:&quot;&quot;,&quot;orientation&quot;:&quot;0&quot;}\" data-image-title=\"img_20220809_1614428096267689575937121.jpg\" data-image-description=\"\" data-image-caption=\"\" data-medium-file=\"https:\/\/i0.wp.com\/www.spang.ch\/aude\/wp-content\/uploads\/2022\/08\/img_20220809_1614428096267689575937121-scaled.jpg?fit=225%2C300\" data-large-file=\"https:\/\/i0.wp.com\/www.spang.ch\/aude\/wp-content\/uploads\/2022\/08\/img_20220809_1614428096267689575937121-scaled.jpg?fit=768%2C1024\" tabindex=\"0\" role=\"button\" src=\"https:\/\/i0.wp.com\/www.spang.ch\/aude\/wp-content\/uploads\/2022\/08\/img_20220809_1614428096267689575937121-scaled.jpg?resize=1000%2C1333&#038;ssl=1\" alt=\"\" class=\"wp-image-1186\" srcset=\"https:\/\/i0.wp.com\/www.spang.ch\/aude\/wp-content\/uploads\/2022\/08\/img_20220809_1614428096267689575937121-scaled.jpg?w=1920 1920w, https:\/\/i0.wp.com\/www.spang.ch\/aude\/wp-content\/uploads\/2022\/08\/img_20220809_1614428096267689575937121-scaled.jpg?resize=225%2C300 225w, https:\/\/i0.wp.com\/www.spang.ch\/aude\/wp-content\/uploads\/2022\/08\/img_20220809_1614428096267689575937121-scaled.jpg?resize=768%2C1024 768w, https:\/\/i0.wp.com\/www.spang.ch\/aude\/wp-content\/uploads\/2022\/08\/img_20220809_1614428096267689575937121-scaled.jpg?resize=1152%2C1536 1152w, https:\/\/i0.wp.com\/www.spang.ch\/aude\/wp-content\/uploads\/2022\/08\/img_20220809_1614428096267689575937121-scaled.jpg?resize=1536%2C2048 1536w, https:\/\/i0.wp.com\/www.spang.ch\/aude\/wp-content\/uploads\/2022\/08\/img_20220809_1614428096267689575937121-scaled.jpg?resize=630%2C840 630w, https:\/\/i0.wp.com\/www.spang.ch\/aude\/wp-content\/uploads\/2022\/08\/img_20220809_1614428096267689575937121-scaled.jpg?resize=960%2C1280 960w\" sizes=\"(max-width: 1000px) 100vw, 1000px\" data-recalc-dims=\"1\" \/><figcaption class=\"wp-element-caption\">Mes fantastiques partenaires de voyage !<\/figcaption><\/figure>\n","protected":false},"excerpt":{"rendered":"<p>Impossible de manquer le grand march\u00e9 indig\u00e8ne de Chichicastenango! C&#8217;est l\u00e0-bas que je me suis rendu compte que le Guatemala n&#8217;est en fait vraiment pas tr\u00e8s touristique (ce qui rend ce pays si g\u00e9nial). Le march\u00e9 est pourtant pr\u00e9sent\u00e9 comme une visite indispensable dans les guides de voyage, mais il s&#8217;est av\u00e9r\u00e9 que tr\u00e8s peu&#8230; <\/p>\n<div class=\"link-more\"><a href=\"http:\/\/www.spang.ch\/aude\/2022\/08\/guatemala-2\/\">Read More<\/a><\/div>\n","protected":false},"author":1,"featured_media":1222,"comment_status":"open","ping_status":"open","sticky":false,"template":"","format":"standard","meta":{"jetpack_post_was_ever_published":false,"_jetpack_newsletter_access":"","_jetpack_dont_email_post_to_subs":false,"_jetpack_newsletter_tier_id":0,"_jetpack_memberships_contains_paywalled_content":false,"_jetpack_memberships_contains_paid_content":false,"footnotes":"","jetpack_publicize_message":"","jetpack_publicize_feature_enabled":true,"jetpack_social_post_already_shared":true,"jetpack_social_options":{"image_generator_settings":{"template":"highway","enabled":false},"version":2}},"categories":[4],"tags":[],"jetpack_publicize_connections":[],"jetpack_featured_media_url":"https:\/\/i0.wp.com\/www.spang.ch\/aude\/wp-content\/uploads\/2022\/08\/IMG-20220808-WA0040.jpg?fit=1536%2C2048","jetpack_shortlink":"https:\/\/wp.me\/p7EYAh-hZ","jetpack-related-posts":[],"jetpack_likes_enabled":true,"jetpack_sharing_enabled":true,"_links":{"self":[{"href":"http:\/\/www.spang.ch\/aude\/wp-json\/wp\/v2\/posts\/1115"}],"collection":[{"href":"http:\/\/www.spang.ch\/aude\/wp-json\/wp\/v2\/posts"}],"about":[{"href":"http:\/\/www.spang.ch\/aude\/wp-json\/wp\/v2\/types\/post"}],"author":[{"embeddable":true,"href":"http:\/\/www.spang.ch\/aude\/wp-json\/wp\/v2\/users\/1"}],"replies":[{"embeddable":true,"href":"http:\/\/www.spang.ch\/aude\/wp-json\/wp\/v2\/comments?post=1115"}],"version-history":[{"count":30,"href":"http:\/\/www.spang.ch\/aude\/wp-json\/wp\/v2\/posts\/1115\/revisions"}],"predecessor-version":[{"id":1233,"href":"http:\/\/www.spang.ch\/aude\/wp-json\/wp\/v2\/posts\/1115\/revisions\/1233"}],"wp:featuredmedia":[{"embeddable":true,"href":"http:\/\/www.spang.ch\/aude\/wp-json\/wp\/v2\/media\/1222"}],"wp:attachment":[{"href":"http:\/\/www.spang.ch\/aude\/wp-json\/wp\/v2\/media?parent=1115"}],"wp:term":[{"taxonomy":"category","embeddable":true,"href":"http:\/\/www.spang.ch\/aude\/wp-json\/wp\/v2\/categories?post=1115"},{"taxonomy":"post_tag","embeddable":true,"href":"http:\/\/www.spang.ch\/aude\/wp-json\/wp\/v2\/tags?post=1115"}],"curies":[{"name":"wp","href":"https:\/\/api.w.org\/{rel}","templated":true}]}}