{"id":1074,"date":"2022-08-12T22:19:55","date_gmt":"2022-08-12T20:19:55","guid":{"rendered":"http:\/\/www.spang.ch\/aude\/?p=1074"},"modified":"2022-08-13T19:17:00","modified_gmt":"2022-08-13T17:17:00","slug":"guatemala-1","status":"publish","type":"post","link":"http:\/\/www.spang.ch\/aude\/2022\/08\/guatemala-1\/","title":{"rendered":"A l&#8217;aventure au Guatemala!"},"content":{"rendered":"\n<p>5 ans apr\u00e8s \u00eatre revenue d&#8217;Am\u00e9rique latine, je suis enfin de retour sur les routes du continent. L&#8217;aventure m&#8217;avait manqu\u00e9!<\/p>\n\n\n<div class=\"wp-block-image\">\n<figure class=\"aligncenter size-large\"><a href=\"https:\/\/i0.wp.com\/www.spang.ch\/aude\/wp-content\/uploads\/2022\/08\/IMG_20220804_085315.jpg\"><img loading=\"lazy\" decoding=\"async\" width=\"1000\" height=\"750\" data-attachment-id=\"1093\" data-permalink=\"http:\/\/www.spang.ch\/aude\/2022\/08\/guatemala-1\/img_20220804_085315\/\" data-orig-file=\"https:\/\/i0.wp.com\/www.spang.ch\/aude\/wp-content\/uploads\/2022\/08\/IMG_20220804_085315.jpg?fit=2592%2C1944\" data-orig-size=\"2592,1944\" data-comments-opened=\"1\" data-image-meta=\"{&quot;aperture&quot;:&quot;1.7&quot;,&quot;credit&quot;:&quot;&quot;,&quot;camera&quot;:&quot;SM-G930F&quot;,&quot;caption&quot;:&quot;&quot;,&quot;created_timestamp&quot;:&quot;1659603195&quot;,&quot;copyright&quot;:&quot;&quot;,&quot;focal_length&quot;:&quot;2.1&quot;,&quot;iso&quot;:&quot;100&quot;,&quot;shutter_speed&quot;:&quot;0\\\/0&quot;,&quot;title&quot;:&quot;&quot;,&quot;orientation&quot;:&quot;1&quot;}\" data-image-title=\"IMG_20220804_085315\" data-image-description=\"\" data-image-caption=\"&lt;p&gt;Happy potato&lt;\/p&gt;\n\" data-medium-file=\"https:\/\/i0.wp.com\/www.spang.ch\/aude\/wp-content\/uploads\/2022\/08\/IMG_20220804_085315.jpg?fit=300%2C225\" data-large-file=\"https:\/\/i0.wp.com\/www.spang.ch\/aude\/wp-content\/uploads\/2022\/08\/IMG_20220804_085315.jpg?fit=1000%2C750\" tabindex=\"0\" role=\"button\" src=\"https:\/\/i0.wp.com\/www.spang.ch\/aude\/wp-content\/uploads\/2022\/08\/IMG_20220804_085315.jpg?resize=1000%2C750\" alt=\"\" class=\"wp-image-1093\" srcset=\"https:\/\/i0.wp.com\/www.spang.ch\/aude\/wp-content\/uploads\/2022\/08\/IMG_20220804_085315.jpg?resize=1024%2C768 1024w, https:\/\/i0.wp.com\/www.spang.ch\/aude\/wp-content\/uploads\/2022\/08\/IMG_20220804_085315.jpg?resize=300%2C225 300w, https:\/\/i0.wp.com\/www.spang.ch\/aude\/wp-content\/uploads\/2022\/08\/IMG_20220804_085315.jpg?resize=768%2C576 768w, https:\/\/i0.wp.com\/www.spang.ch\/aude\/wp-content\/uploads\/2022\/08\/IMG_20220804_085315.jpg?resize=400%2C300 400w, https:\/\/i0.wp.com\/www.spang.ch\/aude\/wp-content\/uploads\/2022\/08\/IMG_20220804_085315.jpg?w=2000 2000w\" sizes=\"(max-width: 1000px) 100vw, 1000px\" data-recalc-dims=\"1\" \/><\/a><figcaption>Happy potato<\/figcaption><\/figure><\/div>\n\n\n<p>Cette fois, c&#8217;est vers l&#8217;Am\u00e9rique centrale que s&#8217;est dirig\u00e9 mon regard, car je voulais d\u00e9couvrir quelque chose de nouveau. Le hasard des recommandations d&#8217;ami-es voyageureuses m&#8217;a pouss\u00e9e \u00e0 partir au Guatemala, faisant fi des avertissements du DFAE. C&#8217;est pour certain-es le plus beau pays qu&#8217;iels aient vu, ce n&#8217;est quand m\u00eame pas rien! Il faut toujours se fier aux recommandations des personnes qui voyagent, elles cherchent la beaut\u00e9 et l&#8217;authenticit\u00e9 et sont g\u00e9n\u00e9ralement de tr\u00e8s bon conseil. C&#8217;est comme \u00e7a que tout un tas de personne part \u00e0 l&#8217;aventure: sans rien r\u00e9server ou pr\u00e9parer en avance, sachant qu&#8217;\u00e0 peine il y aura contact avec d&#8217;autres, les bons plans vont fuser et le voyage va nous porter aux bons endroits.<\/p>\n\n\n<div class=\"wp-block-image\">\n<figure class=\"aligncenter size-large\"><a href=\"https:\/\/i0.wp.com\/www.spang.ch\/aude\/wp-content\/uploads\/2022\/08\/IMG_20220801_163430.jpg\"><img loading=\"lazy\" decoding=\"async\" width=\"1000\" height=\"750\" data-attachment-id=\"1083\" data-permalink=\"http:\/\/www.spang.ch\/aude\/img_20220801_163430\/\" data-orig-file=\"https:\/\/i0.wp.com\/www.spang.ch\/aude\/wp-content\/uploads\/2022\/08\/IMG_20220801_163430.jpg?fit=4032%2C3024\" data-orig-size=\"4032,3024\" data-comments-opened=\"1\" data-image-meta=\"{&quot;aperture&quot;:&quot;1.7&quot;,&quot;credit&quot;:&quot;&quot;,&quot;camera&quot;:&quot;SM-G930F&quot;,&quot;caption&quot;:&quot;&quot;,&quot;created_timestamp&quot;:&quot;1659371670&quot;,&quot;copyright&quot;:&quot;&quot;,&quot;focal_length&quot;:&quot;4.2&quot;,&quot;iso&quot;:&quot;64&quot;,&quot;shutter_speed&quot;:&quot;0.01&quot;,&quot;title&quot;:&quot;&quot;,&quot;orientation&quot;:&quot;1&quot;}\" data-image-title=\"IMG_20220801_163430\" data-image-description=\"\" data-image-caption=\"&lt;p&gt;Errance dans les stations de m\u00e9tro new-yorkaises&lt;\/p&gt;\n\" data-medium-file=\"https:\/\/i0.wp.com\/www.spang.ch\/aude\/wp-content\/uploads\/2022\/08\/IMG_20220801_163430.jpg?fit=300%2C225\" data-large-file=\"https:\/\/i0.wp.com\/www.spang.ch\/aude\/wp-content\/uploads\/2022\/08\/IMG_20220801_163430.jpg?fit=1000%2C750\" tabindex=\"0\" role=\"button\" src=\"https:\/\/i0.wp.com\/www.spang.ch\/aude\/wp-content\/uploads\/2022\/08\/IMG_20220801_163430.jpg?resize=1000%2C750\" alt=\"\" class=\"wp-image-1083\" srcset=\"https:\/\/i0.wp.com\/www.spang.ch\/aude\/wp-content\/uploads\/2022\/08\/IMG_20220801_163430.jpg?resize=1024%2C768 1024w, https:\/\/i0.wp.com\/www.spang.ch\/aude\/wp-content\/uploads\/2022\/08\/IMG_20220801_163430.jpg?resize=300%2C225 300w, https:\/\/i0.wp.com\/www.spang.ch\/aude\/wp-content\/uploads\/2022\/08\/IMG_20220801_163430.jpg?resize=768%2C576 768w, https:\/\/i0.wp.com\/www.spang.ch\/aude\/wp-content\/uploads\/2022\/08\/IMG_20220801_163430.jpg?resize=400%2C300 400w, https:\/\/i0.wp.com\/www.spang.ch\/aude\/wp-content\/uploads\/2022\/08\/IMG_20220801_163430.jpg?w=2000 2000w, https:\/\/i0.wp.com\/www.spang.ch\/aude\/wp-content\/uploads\/2022\/08\/IMG_20220801_163430.jpg?w=3000 3000w\" sizes=\"(max-width: 1000px) 100vw, 1000px\" data-recalc-dims=\"1\" \/><\/a><figcaption>Errance dans les stations de m\u00e9tro new-yorkaises<\/figcaption><\/figure><\/div>\n\n\n<p>Ce voyage a commenc\u00e9 avec un pari: ayant achet\u00e9 mon billet un peu tard, skyscanner m&#8217;avait pr\u00e9vu un sympathique petit changement d&#8217;a\u00e9roport \u00e0 New York, en rien de moins que 4h30 pour traverser la ville. Autant dire que je disais que tant que je ne serai pas au Guatemala, je n&#8217;y croirais pas, mais aussi que se retrouver bloqu\u00e9e \u00e9 New York n&#8217;\u00e9tait pas une perspective si terrible. Le taxi co\u00fbtant 200 $ et ne garantissant pas d&#8217;arriv\u00e9e \u00e0 temps en cas de trafic, le pari \u00e9tait d&#8217;arriver \u00e0 l&#8217;heure au deuxi\u00e8me a\u00e9roport en ne prenant que les transports publics, ce qui comportait tout de m\u00eame 4 ou 5 correspondances ! Je vous passe le passage des douanes en sautant la file d&#8217;attente, la r\u00e9cup\u00e9ration de mon gros sac, les changements de correspondances peu claires et les machines \u00e0 ticket parfois introuvables, j&#8217;ai m\u00eame fini le dernier bout en taxi en m&#8217;arr\u00eatant encore \u00e0 un bancomat en route. Rien \u00e0 faire, je suis arriv\u00e9e avec 10 minutes de retard pour l&#8217;enregistrement des bagages et je n&#8217;ai pas pu prendre ce vol. Par contre, les employ\u00e9-es au guichet de la compagnie furent sympa et j&#8217;ai eu de la chance qu&#8217;iels aient du temps, car ils m&#8217;ont mise gratuitement sur le vol suivant, \u00e0 la m\u00eame heure le lendemain.<\/p>\n\n\n<div class=\"wp-block-image\">\n<figure class=\"aligncenter size-large\"><a href=\"https:\/\/i0.wp.com\/www.spang.ch\/aude\/wp-content\/uploads\/2022\/08\/IMG_20220801_210007.jpg\"><img loading=\"lazy\" decoding=\"async\" width=\"1000\" height=\"750\" data-attachment-id=\"1079\" data-permalink=\"http:\/\/www.spang.ch\/aude\/img_20220801_210007\/\" data-orig-file=\"https:\/\/i0.wp.com\/www.spang.ch\/aude\/wp-content\/uploads\/2022\/08\/IMG_20220801_210007.jpg?fit=4032%2C3024\" data-orig-size=\"4032,3024\" data-comments-opened=\"1\" data-image-meta=\"{&quot;aperture&quot;:&quot;1.7&quot;,&quot;credit&quot;:&quot;&quot;,&quot;camera&quot;:&quot;SM-G930F&quot;,&quot;caption&quot;:&quot;&quot;,&quot;created_timestamp&quot;:&quot;1659387607&quot;,&quot;copyright&quot;:&quot;&quot;,&quot;focal_length&quot;:&quot;4.2&quot;,&quot;iso&quot;:&quot;3200&quot;,&quot;shutter_speed&quot;:&quot;0.058823529411765&quot;,&quot;title&quot;:&quot;&quot;,&quot;orientation&quot;:&quot;6&quot;}\" data-image-title=\"IMG_20220801_210007\" data-image-description=\"\" data-image-caption=\"&lt;p&gt;Quartier r\u00e9sidentiel du New Jersey&lt;\/p&gt;\n\" data-medium-file=\"https:\/\/i0.wp.com\/www.spang.ch\/aude\/wp-content\/uploads\/2022\/08\/IMG_20220801_210007.jpg?fit=300%2C225\" data-large-file=\"https:\/\/i0.wp.com\/www.spang.ch\/aude\/wp-content\/uploads\/2022\/08\/IMG_20220801_210007.jpg?fit=1000%2C750\" tabindex=\"0\" role=\"button\" src=\"https:\/\/i0.wp.com\/www.spang.ch\/aude\/wp-content\/uploads\/2022\/08\/IMG_20220801_210007.jpg?resize=1000%2C750\" alt=\"\" class=\"wp-image-1079\" srcset=\"https:\/\/i0.wp.com\/www.spang.ch\/aude\/wp-content\/uploads\/2022\/08\/IMG_20220801_210007.jpg?resize=1024%2C768 1024w, https:\/\/i0.wp.com\/www.spang.ch\/aude\/wp-content\/uploads\/2022\/08\/IMG_20220801_210007.jpg?resize=300%2C225 300w, https:\/\/i0.wp.com\/www.spang.ch\/aude\/wp-content\/uploads\/2022\/08\/IMG_20220801_210007.jpg?resize=768%2C576 768w, https:\/\/i0.wp.com\/www.spang.ch\/aude\/wp-content\/uploads\/2022\/08\/IMG_20220801_210007.jpg?resize=400%2C300 400w, https:\/\/i0.wp.com\/www.spang.ch\/aude\/wp-content\/uploads\/2022\/08\/IMG_20220801_210007.jpg?w=2000 2000w, https:\/\/i0.wp.com\/www.spang.ch\/aude\/wp-content\/uploads\/2022\/08\/IMG_20220801_210007.jpg?w=3000 3000w\" sizes=\"(max-width: 1000px) 100vw, 1000px\" data-recalc-dims=\"1\" \/><\/a><figcaption>Quartier r\u00e9sidentiel du New Jersey<\/figcaption><\/figure><\/div>\n\n\n<p>New York est ch\u00e8re et j&#8217;\u00e9tais dans le New Jersey, sans aucune envie de courir le lendemain. J&#8217;ai r\u00e9serv\u00e9 la chambre \u00e0 la fois la moins ch\u00e8re et la plus proche de l&#8217;a\u00e9roport (90$!). Commentaire de la serveuse au bar quand j&#8217;ai demand\u00e9 si le coin \u00e9tait s\u00fbr : &#8220;it&#8217;s not as bad as they say&#8221; (c&#8217;est pas aussi terrible qu&#8217;on le dit)&#8230; Bon \u00e0 savoir! Ce fut donc une exp\u00e9rience d&#8217;immersion assez fascinante, \u00e9tant presque la seule blanche 1 dans le paysage local, mais je ne peux pas dire que je sois pass\u00e9e inaper\u00e7ue quand j&#8217;ai \u00e9t\u00e9 commander du fried chicken dans le seul coin encore ouvert de nuit, blanche ros\u00e2tre parmi les habitu\u00e9-es noir-es. J&#8217;avoue m&#8217;\u00eatre retrouv\u00e9e un peu hors de ma zone de confort, mais il faut aussi souligner que les quelques personnes avec qui j&#8217;ai parl\u00e9 \u00e9taient tr\u00e8s sympa et serviables et que je n&#8217;ai eu aucun probl\u00e8me. Tr\u00e8s rigolo de parler espagnol aux vendeuses dans les magasins!<\/p>\n\n\n<div class=\"wp-block-image\">\n<figure class=\"aligncenter size-large\"><a href=\"https:\/\/i0.wp.com\/www.spang.ch\/aude\/wp-content\/uploads\/2022\/08\/IMG_20220801_212802.jpg\"><img loading=\"lazy\" decoding=\"async\" width=\"1000\" height=\"750\" data-attachment-id=\"1080\" data-permalink=\"http:\/\/www.spang.ch\/aude\/img_20220801_212802\/\" data-orig-file=\"https:\/\/i0.wp.com\/www.spang.ch\/aude\/wp-content\/uploads\/2022\/08\/IMG_20220801_212802.jpg?fit=4032%2C3024\" data-orig-size=\"4032,3024\" data-comments-opened=\"1\" data-image-meta=\"{&quot;aperture&quot;:&quot;1.7&quot;,&quot;credit&quot;:&quot;&quot;,&quot;camera&quot;:&quot;SM-G930F&quot;,&quot;caption&quot;:&quot;&quot;,&quot;created_timestamp&quot;:&quot;1659389281&quot;,&quot;copyright&quot;:&quot;&quot;,&quot;focal_length&quot;:&quot;4.2&quot;,&quot;iso&quot;:&quot;200&quot;,&quot;shutter_speed&quot;:&quot;0.041666666666667&quot;,&quot;title&quot;:&quot;&quot;,&quot;orientation&quot;:&quot;6&quot;}\" data-image-title=\"IMG_20220801_212802\" data-image-description=\"\" data-image-caption=\"&lt;p&gt;Repas glamour aux USA&lt;\/p&gt;\n\" data-medium-file=\"https:\/\/i0.wp.com\/www.spang.ch\/aude\/wp-content\/uploads\/2022\/08\/IMG_20220801_212802.jpg?fit=300%2C225\" data-large-file=\"https:\/\/i0.wp.com\/www.spang.ch\/aude\/wp-content\/uploads\/2022\/08\/IMG_20220801_212802.jpg?fit=1000%2C750\" tabindex=\"0\" role=\"button\" src=\"https:\/\/i0.wp.com\/www.spang.ch\/aude\/wp-content\/uploads\/2022\/08\/IMG_20220801_212802.jpg?resize=1000%2C750\" alt=\"\" class=\"wp-image-1080\" srcset=\"https:\/\/i0.wp.com\/www.spang.ch\/aude\/wp-content\/uploads\/2022\/08\/IMG_20220801_212802.jpg?resize=1024%2C768 1024w, https:\/\/i0.wp.com\/www.spang.ch\/aude\/wp-content\/uploads\/2022\/08\/IMG_20220801_212802.jpg?resize=300%2C225 300w, https:\/\/i0.wp.com\/www.spang.ch\/aude\/wp-content\/uploads\/2022\/08\/IMG_20220801_212802.jpg?resize=768%2C576 768w, https:\/\/i0.wp.com\/www.spang.ch\/aude\/wp-content\/uploads\/2022\/08\/IMG_20220801_212802.jpg?resize=400%2C300 400w, https:\/\/i0.wp.com\/www.spang.ch\/aude\/wp-content\/uploads\/2022\/08\/IMG_20220801_212802.jpg?w=2000 2000w, https:\/\/i0.wp.com\/www.spang.ch\/aude\/wp-content\/uploads\/2022\/08\/IMG_20220801_212802.jpg?w=3000 3000w\" sizes=\"(max-width: 1000px) 100vw, 1000px\" data-recalc-dims=\"1\" \/><\/a><figcaption>Repas glamour aux USA<\/figcaption><\/figure><\/div>\n\n\n<p>Ma chambre n&#8217;\u00e9tait accessible qu&#8217;en appelant le proprio et elle \u00e9tait crouille, mais le fried chicken pos\u00e9e sur le lit devant la t\u00e9l\u00e9 au milieu de la nuit avait une saveur d&#8217;authenticit\u00e9 \u00e9tats-unienne qui n&#8217;a pas manqu\u00e9 de me faire sourire. Le lendemain, d\u00e9part sans encombre, ayant m\u00eame \u00e9t\u00e9 amen\u00e9e \u00e0 l&#8217;a\u00e9roport par le proprio de l&#8217;h\u00f4tel qui avait un moment de libre et auquel j&#8217;avais juste demand\u00e9 de m&#8217;appeler un taxi! J&#8217;ai servi de traductrice \u00e0 une riche h\u00e9riti\u00e8re br\u00e9silienne ne pipant pas un mot d&#8217;anglais et ayant besoin de s&#8217;\u00e9pancher sur sa rupture digne d&#8217;une telenovela, puis j&#8217;ai enfin pu prendre mon vol. Je partais pour Guate!<\/p>\n\n\n<div class=\"wp-block-image\">\n<figure class=\"aligncenter size-large\"><a href=\"https:\/\/i0.wp.com\/www.spang.ch\/aude\/wp-content\/uploads\/2022\/08\/IMG-20220802-WA0057.jpeg\"><img loading=\"lazy\" decoding=\"async\" width=\"1000\" height=\"563\" data-attachment-id=\"1090\" data-permalink=\"http:\/\/www.spang.ch\/aude\/img-20220802-wa0057\/\" data-orig-file=\"https:\/\/i0.wp.com\/www.spang.ch\/aude\/wp-content\/uploads\/2022\/08\/IMG-20220802-WA0057.jpeg?fit=2560%2C1440\" data-orig-size=\"2560,1440\" data-comments-opened=\"1\" data-image-meta=\"{&quot;aperture&quot;:&quot;1.7&quot;,&quot;credit&quot;:&quot;&quot;,&quot;camera&quot;:&quot;SM-G930F&quot;,&quot;caption&quot;:&quot;&quot;,&quot;created_timestamp&quot;:&quot;1659481221&quot;,&quot;copyright&quot;:&quot;&quot;,&quot;focal_length&quot;:&quot;2.1&quot;,&quot;iso&quot;:&quot;400&quot;,&quot;shutter_speed&quot;:&quot;0\\\/0&quot;,&quot;title&quot;:&quot;&quot;,&quot;orientation&quot;:&quot;3&quot;}\" data-image-title=\"IMG-20220802-WA0057\" data-image-description=\"\" data-image-caption=\"&lt;p&gt;Le premier de nombreux diff\u00e9rents lits pour les semaines \u00e0 venir, le bonheur!&lt;\/p&gt;\n\" data-medium-file=\"https:\/\/i0.wp.com\/www.spang.ch\/aude\/wp-content\/uploads\/2022\/08\/IMG-20220802-WA0057.jpeg?fit=300%2C169\" data-large-file=\"https:\/\/i0.wp.com\/www.spang.ch\/aude\/wp-content\/uploads\/2022\/08\/IMG-20220802-WA0057.jpeg?fit=1000%2C563\" tabindex=\"0\" role=\"button\" src=\"https:\/\/i0.wp.com\/www.spang.ch\/aude\/wp-content\/uploads\/2022\/08\/IMG-20220802-WA0057.jpeg?resize=1000%2C563\" alt=\"\" class=\"wp-image-1090\" srcset=\"https:\/\/i0.wp.com\/www.spang.ch\/aude\/wp-content\/uploads\/2022\/08\/IMG-20220802-WA0057.jpeg?resize=1024%2C576 1024w, https:\/\/i0.wp.com\/www.spang.ch\/aude\/wp-content\/uploads\/2022\/08\/IMG-20220802-WA0057.jpeg?resize=300%2C169 300w, https:\/\/i0.wp.com\/www.spang.ch\/aude\/wp-content\/uploads\/2022\/08\/IMG-20220802-WA0057.jpeg?resize=768%2C432 768w, https:\/\/i0.wp.com\/www.spang.ch\/aude\/wp-content\/uploads\/2022\/08\/IMG-20220802-WA0057.jpeg?resize=533%2C300 533w, https:\/\/i0.wp.com\/www.spang.ch\/aude\/wp-content\/uploads\/2022\/08\/IMG-20220802-WA0057.jpeg?w=2000 2000w\" sizes=\"(max-width: 1000px) 100vw, 1000px\" data-recalc-dims=\"1\" \/><\/a><figcaption>Le premier de nombreux diff\u00e9rents lits pour les semaines \u00e0 venir, le bonheur!<\/figcaption><\/figure><\/div>\n\n<div class=\"wp-block-image\">\n<figure class=\"aligncenter size-large\"><a href=\"https:\/\/i0.wp.com\/www.spang.ch\/aude\/wp-content\/uploads\/2022\/08\/IMG_20220803_081657.jpg\"><img loading=\"lazy\" decoding=\"async\" width=\"1000\" height=\"750\" data-attachment-id=\"1084\" data-permalink=\"http:\/\/www.spang.ch\/aude\/img_20220803_081657\/\" data-orig-file=\"https:\/\/i0.wp.com\/www.spang.ch\/aude\/wp-content\/uploads\/2022\/08\/IMG_20220803_081657.jpg?fit=4032%2C3024\" data-orig-size=\"4032,3024\" data-comments-opened=\"1\" data-image-meta=\"{&quot;aperture&quot;:&quot;1.7&quot;,&quot;credit&quot;:&quot;&quot;,&quot;camera&quot;:&quot;SM-G930F&quot;,&quot;caption&quot;:&quot;&quot;,&quot;created_timestamp&quot;:&quot;1659514617&quot;,&quot;copyright&quot;:&quot;&quot;,&quot;focal_length&quot;:&quot;4.2&quot;,&quot;iso&quot;:&quot;64&quot;,&quot;shutter_speed&quot;:&quot;0.0010787486515642&quot;,&quot;title&quot;:&quot;&quot;,&quot;orientation&quot;:&quot;1&quot;}\" data-image-title=\"IMG_20220803_081657\" data-image-description=\"\" data-image-caption=\"&lt;p&gt;Premier &#8220;hostel&#8221; (auberge de jeunesse)&lt;\/p&gt;\n\" data-medium-file=\"https:\/\/i0.wp.com\/www.spang.ch\/aude\/wp-content\/uploads\/2022\/08\/IMG_20220803_081657.jpg?fit=300%2C225\" data-large-file=\"https:\/\/i0.wp.com\/www.spang.ch\/aude\/wp-content\/uploads\/2022\/08\/IMG_20220803_081657.jpg?fit=1000%2C750\" tabindex=\"0\" role=\"button\" src=\"https:\/\/i0.wp.com\/www.spang.ch\/aude\/wp-content\/uploads\/2022\/08\/IMG_20220803_081657.jpg?resize=1000%2C750\" alt=\"\" class=\"wp-image-1084\" srcset=\"https:\/\/i0.wp.com\/www.spang.ch\/aude\/wp-content\/uploads\/2022\/08\/IMG_20220803_081657.jpg?resize=1024%2C768 1024w, https:\/\/i0.wp.com\/www.spang.ch\/aude\/wp-content\/uploads\/2022\/08\/IMG_20220803_081657.jpg?resize=300%2C225 300w, https:\/\/i0.wp.com\/www.spang.ch\/aude\/wp-content\/uploads\/2022\/08\/IMG_20220803_081657.jpg?resize=768%2C576 768w, https:\/\/i0.wp.com\/www.spang.ch\/aude\/wp-content\/uploads\/2022\/08\/IMG_20220803_081657.jpg?resize=400%2C300 400w, https:\/\/i0.wp.com\/www.spang.ch\/aude\/wp-content\/uploads\/2022\/08\/IMG_20220803_081657.jpg?w=2000 2000w, https:\/\/i0.wp.com\/www.spang.ch\/aude\/wp-content\/uploads\/2022\/08\/IMG_20220803_081657.jpg?w=3000 3000w\" sizes=\"(max-width: 1000px) 100vw, 1000px\" data-recalc-dims=\"1\" \/><\/a><figcaption>Premier &#8220;hostel&#8221; (auberge de jeunesse)<\/figcaption><\/figure><\/div>\n\n\n<p>Ciudad de Guatemala, la capitale, n&#8217;est ni tr\u00e8s recommandable ni tr\u00e8s recommand\u00e9e, aussi je l&#8217;ai quitt\u00e9e d\u00e8s le lendemain, en compagnie dune allemande. Nous avons pris les m\u00eames bus que les locaux et \u00e9tions les seules \u00e9trang\u00e8res (les touristes se d\u00e9placent en shuttles organis\u00e9s par des agences, plus rapides et pr\u00e9visibles mais aussi pas mal plus chers). Ce sont toujours des moments passionnants, voir les gens interagir entre elleux dans leur environnement, o\u00f9 nous ne sommes que des h\u00f4tes, silencieuses observatrices gourmandes d&#8217;authenticit\u00e9. Les bus locaux sont de magnifiques anciens bus scolaires \u00e9tats-uniens, superbement repeints de plein de couleurs et d\u00e9cor\u00e9s \u00e0 la mode guat\u00e9malt\u00e8que.<\/p>\n\n\n\n<figure class=\"wp-block-image size-large is-style-rounded\"><a href=\"https:\/\/i0.wp.com\/www.spang.ch\/aude\/wp-content\/uploads\/2022\/08\/IMG-20220803-WA0009.jpeg\"><img loading=\"lazy\" decoding=\"async\" width=\"1000\" height=\"563\" data-attachment-id=\"1089\" data-permalink=\"http:\/\/www.spang.ch\/aude\/img-20220803-wa0009\/\" data-orig-file=\"https:\/\/i0.wp.com\/www.spang.ch\/aude\/wp-content\/uploads\/2022\/08\/IMG-20220803-WA0009.jpeg?fit=4032%2C2268\" data-orig-size=\"4032,2268\" data-comments-opened=\"1\" data-image-meta=\"{&quot;aperture&quot;:&quot;1.7&quot;,&quot;credit&quot;:&quot;&quot;,&quot;camera&quot;:&quot;SM-G930F&quot;,&quot;caption&quot;:&quot;&quot;,&quot;created_timestamp&quot;:&quot;1659528530&quot;,&quot;copyright&quot;:&quot;&quot;,&quot;focal_length&quot;:&quot;4.2&quot;,&quot;iso&quot;:&quot;64&quot;,&quot;shutter_speed&quot;:&quot;0.0005078720162519&quot;,&quot;title&quot;:&quot;&quot;,&quot;orientation&quot;:&quot;1&quot;}\" data-image-title=\"IMG-20220803-WA0009\" data-image-description=\"\" data-image-caption=\"&lt;p&gt;Les incroyables bus guat\u00e9malt\u00e8ques!&lt;\/p&gt;\n\" data-medium-file=\"https:\/\/i0.wp.com\/www.spang.ch\/aude\/wp-content\/uploads\/2022\/08\/IMG-20220803-WA0009.jpeg?fit=300%2C169\" data-large-file=\"https:\/\/i0.wp.com\/www.spang.ch\/aude\/wp-content\/uploads\/2022\/08\/IMG-20220803-WA0009.jpeg?fit=1000%2C563\" tabindex=\"0\" role=\"button\" src=\"https:\/\/i0.wp.com\/www.spang.ch\/aude\/wp-content\/uploads\/2022\/08\/IMG-20220803-WA0009.jpeg?resize=1000%2C563\" alt=\"\" class=\"wp-image-1089\" srcset=\"https:\/\/i0.wp.com\/www.spang.ch\/aude\/wp-content\/uploads\/2022\/08\/IMG-20220803-WA0009.jpeg?resize=1024%2C576 1024w, https:\/\/i0.wp.com\/www.spang.ch\/aude\/wp-content\/uploads\/2022\/08\/IMG-20220803-WA0009.jpeg?resize=300%2C169 300w, https:\/\/i0.wp.com\/www.spang.ch\/aude\/wp-content\/uploads\/2022\/08\/IMG-20220803-WA0009.jpeg?resize=768%2C432 768w, https:\/\/i0.wp.com\/www.spang.ch\/aude\/wp-content\/uploads\/2022\/08\/IMG-20220803-WA0009.jpeg?resize=533%2C300 533w, https:\/\/i0.wp.com\/www.spang.ch\/aude\/wp-content\/uploads\/2022\/08\/IMG-20220803-WA0009.jpeg?w=2000 2000w, https:\/\/i0.wp.com\/www.spang.ch\/aude\/wp-content\/uploads\/2022\/08\/IMG-20220803-WA0009.jpeg?w=3000 3000w\" sizes=\"(max-width: 1000px) 100vw, 1000px\" data-recalc-dims=\"1\" \/><\/a><figcaption>Les incroyables bus guat\u00e9malt\u00e8ques!<\/figcaption><\/figure>\n\n\n\n<figure class=\"wp-block-image size-large is-style-rounded\"><a href=\"https:\/\/i0.wp.com\/www.spang.ch\/aude\/wp-content\/uploads\/2022\/08\/IMG_20220803_120922.jpg\"><img loading=\"lazy\" decoding=\"async\" width=\"1000\" height=\"750\" data-attachment-id=\"1088\" data-permalink=\"http:\/\/www.spang.ch\/aude\/img_20220803_120922\/\" data-orig-file=\"https:\/\/i0.wp.com\/www.spang.ch\/aude\/wp-content\/uploads\/2022\/08\/IMG_20220803_120922.jpg?fit=4032%2C3024\" data-orig-size=\"4032,3024\" data-comments-opened=\"1\" data-image-meta=\"{&quot;aperture&quot;:&quot;1.7&quot;,&quot;credit&quot;:&quot;&quot;,&quot;camera&quot;:&quot;SM-G930F&quot;,&quot;caption&quot;:&quot;&quot;,&quot;created_timestamp&quot;:&quot;1659528562&quot;,&quot;copyright&quot;:&quot;&quot;,&quot;focal_length&quot;:&quot;4.2&quot;,&quot;iso&quot;:&quot;64&quot;,&quot;shutter_speed&quot;:&quot;0.00047303689687796&quot;,&quot;title&quot;:&quot;&quot;,&quot;orientation&quot;:&quot;1&quot;}\" data-image-title=\"IMG_20220803_120922\" data-image-description=\"\" data-image-caption=\"\" data-medium-file=\"https:\/\/i0.wp.com\/www.spang.ch\/aude\/wp-content\/uploads\/2022\/08\/IMG_20220803_120922.jpg?fit=300%2C225\" data-large-file=\"https:\/\/i0.wp.com\/www.spang.ch\/aude\/wp-content\/uploads\/2022\/08\/IMG_20220803_120922.jpg?fit=1000%2C750\" tabindex=\"0\" role=\"button\" src=\"https:\/\/i0.wp.com\/www.spang.ch\/aude\/wp-content\/uploads\/2022\/08\/IMG_20220803_120922.jpg?resize=1000%2C750\" alt=\"\" class=\"wp-image-1088\" srcset=\"https:\/\/i0.wp.com\/www.spang.ch\/aude\/wp-content\/uploads\/2022\/08\/IMG_20220803_120922.jpg?resize=1024%2C768 1024w, https:\/\/i0.wp.com\/www.spang.ch\/aude\/wp-content\/uploads\/2022\/08\/IMG_20220803_120922.jpg?resize=300%2C225 300w, https:\/\/i0.wp.com\/www.spang.ch\/aude\/wp-content\/uploads\/2022\/08\/IMG_20220803_120922.jpg?resize=768%2C576 768w, https:\/\/i0.wp.com\/www.spang.ch\/aude\/wp-content\/uploads\/2022\/08\/IMG_20220803_120922.jpg?resize=400%2C300 400w, https:\/\/i0.wp.com\/www.spang.ch\/aude\/wp-content\/uploads\/2022\/08\/IMG_20220803_120922.jpg?w=2000 2000w, https:\/\/i0.wp.com\/www.spang.ch\/aude\/wp-content\/uploads\/2022\/08\/IMG_20220803_120922.jpg?w=3000 3000w\" sizes=\"(max-width: 1000px) 100vw, 1000px\" data-recalc-dims=\"1\" \/><\/a><\/figure>\n\n\n\n<p>Prendre le bus est comme toujours toute une exp\u00e9rience, mais une parmi celles que je pr\u00e9f\u00e8re! Il y a toujours un chauffeur et une sorte de coordinateur, qui s&#8217;assure que tu montes dans le bus correct (en criant \u00e0 tue-t\u00eate la destination de son v\u00e9hicule ou en te renvoyant vers le bon) et r\u00e9colte le prix des tickets dans une liasse de billets qu&#8217;il tient \u00e0 la main en passant entre les si\u00e8ges vers la fin du trajet. Un chauffeur de taxi de la capitale m&#8217;avait pr\u00e9venue que ces trajets sont dangereux, mais comme j&#8217;ai pu m&#8217;en rendre compte ainsi que d&#8217;autres personnes voyageant comme moi, ce n&#8217;est pas le cas. Au contraire, il y a presque chaque fois un-e local-e qui nous prend sous son aile, nous pr\u00e9vient quand notre arr\u00eat s&#8217;approche, et g\u00e9n\u00e9ralement m\u00eame prendre plusieurs correspondances obscures n&#8217;a pas \u00e9t\u00e9 un probl\u00e8me, car il s&#8217;agit d&#8217;un chaos bien organis\u00e9 o\u00f9 les infos ne sont trouvables nulle part ailleurs que dans la bouche des personnes qui sen occupent, mais elles sont fiables. Et \u00e7a fonctionne.<\/p>\n\n\n<div class=\"wp-block-image\">\n<figure class=\"aligncenter size-large\"><a href=\"https:\/\/i0.wp.com\/www.spang.ch\/aude\/wp-content\/uploads\/2022\/08\/IMG_20220803_104836.jpg\"><img loading=\"lazy\" decoding=\"async\" width=\"1000\" height=\"750\" data-attachment-id=\"1104\" data-permalink=\"http:\/\/www.spang.ch\/aude\/img_20220803_104836\/\" data-orig-file=\"https:\/\/i0.wp.com\/www.spang.ch\/aude\/wp-content\/uploads\/2022\/08\/IMG_20220803_104836.jpg?fit=4032%2C3024\" data-orig-size=\"4032,3024\" data-comments-opened=\"1\" data-image-meta=\"{&quot;aperture&quot;:&quot;1.7&quot;,&quot;credit&quot;:&quot;&quot;,&quot;camera&quot;:&quot;SM-G930F&quot;,&quot;caption&quot;:&quot;&quot;,&quot;created_timestamp&quot;:&quot;1659523716&quot;,&quot;copyright&quot;:&quot;&quot;,&quot;focal_length&quot;:&quot;4.2&quot;,&quot;iso&quot;:&quot;80&quot;,&quot;shutter_speed&quot;:&quot;0.01&quot;,&quot;title&quot;:&quot;&quot;,&quot;orientation&quot;:&quot;1&quot;}\" data-image-title=\"IMG_20220803_104836\" data-image-description=\"\" data-image-caption=\"&lt;p&gt;Premier voyage plutot confo&#8230;&lt;\/p&gt;\n\" data-medium-file=\"https:\/\/i0.wp.com\/www.spang.ch\/aude\/wp-content\/uploads\/2022\/08\/IMG_20220803_104836.jpg?fit=300%2C225\" data-large-file=\"https:\/\/i0.wp.com\/www.spang.ch\/aude\/wp-content\/uploads\/2022\/08\/IMG_20220803_104836.jpg?fit=1000%2C750\" tabindex=\"0\" role=\"button\" src=\"https:\/\/i0.wp.com\/www.spang.ch\/aude\/wp-content\/uploads\/2022\/08\/IMG_20220803_104836.jpg?resize=1000%2C750\" alt=\"\" class=\"wp-image-1104\" srcset=\"https:\/\/i0.wp.com\/www.spang.ch\/aude\/wp-content\/uploads\/2022\/08\/IMG_20220803_104836.jpg?resize=1024%2C768 1024w, https:\/\/i0.wp.com\/www.spang.ch\/aude\/wp-content\/uploads\/2022\/08\/IMG_20220803_104836.jpg?resize=300%2C225 300w, https:\/\/i0.wp.com\/www.spang.ch\/aude\/wp-content\/uploads\/2022\/08\/IMG_20220803_104836.jpg?resize=768%2C576 768w, https:\/\/i0.wp.com\/www.spang.ch\/aude\/wp-content\/uploads\/2022\/08\/IMG_20220803_104836.jpg?resize=400%2C300 400w, https:\/\/i0.wp.com\/www.spang.ch\/aude\/wp-content\/uploads\/2022\/08\/IMG_20220803_104836.jpg?w=2000 2000w, https:\/\/i0.wp.com\/www.spang.ch\/aude\/wp-content\/uploads\/2022\/08\/IMG_20220803_104836.jpg?w=3000 3000w\" sizes=\"(max-width: 1000px) 100vw, 1000px\" data-recalc-dims=\"1\" \/><\/a><figcaption>Premier voyage plutot confo&#8230;<\/figcaption><\/figure><\/div>\n\n<div class=\"wp-block-image\">\n<figure class=\"aligncenter size-large\"><a href=\"https:\/\/i0.wp.com\/www.spang.ch\/aude\/wp-content\/uploads\/2022\/08\/IMG_20220806_153444.jpg\"><img loading=\"lazy\" decoding=\"async\" width=\"1000\" height=\"750\" data-attachment-id=\"1100\" data-permalink=\"http:\/\/www.spang.ch\/aude\/img_20220806_153444\/\" data-orig-file=\"https:\/\/i0.wp.com\/www.spang.ch\/aude\/wp-content\/uploads\/2022\/08\/IMG_20220806_153444.jpg?fit=4032%2C3024\" data-orig-size=\"4032,3024\" data-comments-opened=\"1\" data-image-meta=\"{&quot;aperture&quot;:&quot;1.7&quot;,&quot;credit&quot;:&quot;&quot;,&quot;camera&quot;:&quot;SM-G930F&quot;,&quot;caption&quot;:&quot;&quot;,&quot;created_timestamp&quot;:&quot;1659800084&quot;,&quot;copyright&quot;:&quot;&quot;,&quot;focal_length&quot;:&quot;4.2&quot;,&quot;iso&quot;:&quot;200&quot;,&quot;shutter_speed&quot;:&quot;0.02&quot;,&quot;title&quot;:&quot;&quot;,&quot;orientation&quot;:&quot;1&quot;}\" data-image-title=\"IMG_20220806_153444\" data-image-description=\"\" data-image-caption=\"&lt;p&gt;Animation incluse!&lt;\/p&gt;\n\" data-medium-file=\"https:\/\/i0.wp.com\/www.spang.ch\/aude\/wp-content\/uploads\/2022\/08\/IMG_20220806_153444.jpg?fit=300%2C225\" data-large-file=\"https:\/\/i0.wp.com\/www.spang.ch\/aude\/wp-content\/uploads\/2022\/08\/IMG_20220806_153444.jpg?fit=1000%2C750\" tabindex=\"0\" role=\"button\" src=\"https:\/\/i0.wp.com\/www.spang.ch\/aude\/wp-content\/uploads\/2022\/08\/IMG_20220806_153444.jpg?resize=1000%2C750\" alt=\"\" class=\"wp-image-1100\" srcset=\"https:\/\/i0.wp.com\/www.spang.ch\/aude\/wp-content\/uploads\/2022\/08\/IMG_20220806_153444.jpg?resize=1024%2C768 1024w, https:\/\/i0.wp.com\/www.spang.ch\/aude\/wp-content\/uploads\/2022\/08\/IMG_20220806_153444.jpg?resize=300%2C225 300w, https:\/\/i0.wp.com\/www.spang.ch\/aude\/wp-content\/uploads\/2022\/08\/IMG_20220806_153444.jpg?resize=768%2C576 768w, https:\/\/i0.wp.com\/www.spang.ch\/aude\/wp-content\/uploads\/2022\/08\/IMG_20220806_153444.jpg?resize=400%2C300 400w, https:\/\/i0.wp.com\/www.spang.ch\/aude\/wp-content\/uploads\/2022\/08\/IMG_20220806_153444.jpg?w=2000 2000w, https:\/\/i0.wp.com\/www.spang.ch\/aude\/wp-content\/uploads\/2022\/08\/IMG_20220806_153444.jpg?w=3000 3000w\" sizes=\"(max-width: 1000px) 100vw, 1000px\" data-recalc-dims=\"1\" \/><\/a><figcaption>Animation incluse!<\/figcaption><\/figure><\/div>\n\n<div class=\"wp-block-image\">\n<figure class=\"aligncenter size-large\"><a href=\"https:\/\/i0.wp.com\/www.spang.ch\/aude\/wp-content\/uploads\/2022\/08\/IMG_20220806_154737.jpg\"><img loading=\"lazy\" decoding=\"async\" width=\"1000\" height=\"750\" data-attachment-id=\"1101\" data-permalink=\"http:\/\/www.spang.ch\/aude\/img_20220806_154737\/\" data-orig-file=\"https:\/\/i0.wp.com\/www.spang.ch\/aude\/wp-content\/uploads\/2022\/08\/IMG_20220806_154737.jpg?fit=4032%2C3024\" data-orig-size=\"4032,3024\" data-comments-opened=\"1\" data-image-meta=\"{&quot;aperture&quot;:&quot;1.7&quot;,&quot;credit&quot;:&quot;&quot;,&quot;camera&quot;:&quot;SM-G930F&quot;,&quot;caption&quot;:&quot;&quot;,&quot;created_timestamp&quot;:&quot;1659800856&quot;,&quot;copyright&quot;:&quot;&quot;,&quot;focal_length&quot;:&quot;4.2&quot;,&quot;iso&quot;:&quot;640&quot;,&quot;shutter_speed&quot;:&quot;0.04&quot;,&quot;title&quot;:&quot;&quot;,&quot;orientation&quot;:&quot;6&quot;}\" data-image-title=\"IMG_20220806_154737\" data-image-description=\"\" data-image-caption=\"&lt;p&gt;Certains voyages si remplis qu&#8217;on s&#8217;assied presque les un-e-s sur les autres!&lt;\/p&gt;\n\" data-medium-file=\"https:\/\/i0.wp.com\/www.spang.ch\/aude\/wp-content\/uploads\/2022\/08\/IMG_20220806_154737.jpg?fit=300%2C225\" data-large-file=\"https:\/\/i0.wp.com\/www.spang.ch\/aude\/wp-content\/uploads\/2022\/08\/IMG_20220806_154737.jpg?fit=1000%2C750\" tabindex=\"0\" role=\"button\" src=\"https:\/\/i0.wp.com\/www.spang.ch\/aude\/wp-content\/uploads\/2022\/08\/IMG_20220806_154737.jpg?resize=1000%2C750\" alt=\"\" class=\"wp-image-1101\" srcset=\"https:\/\/i0.wp.com\/www.spang.ch\/aude\/wp-content\/uploads\/2022\/08\/IMG_20220806_154737.jpg?resize=1024%2C768 1024w, https:\/\/i0.wp.com\/www.spang.ch\/aude\/wp-content\/uploads\/2022\/08\/IMG_20220806_154737.jpg?resize=300%2C225 300w, https:\/\/i0.wp.com\/www.spang.ch\/aude\/wp-content\/uploads\/2022\/08\/IMG_20220806_154737.jpg?resize=768%2C576 768w, https:\/\/i0.wp.com\/www.spang.ch\/aude\/wp-content\/uploads\/2022\/08\/IMG_20220806_154737.jpg?resize=400%2C300 400w, https:\/\/i0.wp.com\/www.spang.ch\/aude\/wp-content\/uploads\/2022\/08\/IMG_20220806_154737.jpg?w=2000 2000w, https:\/\/i0.wp.com\/www.spang.ch\/aude\/wp-content\/uploads\/2022\/08\/IMG_20220806_154737.jpg?w=3000 3000w\" sizes=\"(max-width: 1000px) 100vw, 1000px\" data-recalc-dims=\"1\" \/><\/a><figcaption>Certains voyages si remplis qu&#8217;on s&#8217;assied presque les un-e-s sur les autres!<\/figcaption><\/figure><\/div>\n\n\n<p>Certes, il faut d&#8217;avoir garder son calme quand plusieurs hommes fondent sur toi en hurlant pour t&#8217;aider \u00e0 d\u00e9placer ton sac et te pousser \u00e0 monter au plus vite dans le prochain bus, on court sans savoir dans quel v\u00e9hicule on embarque, on se serre comme des sardines, on nous stresse, on nous invective. Mais c&#8217;est toujours bienveillant, et si on s&#8217;accroche fort \u00e0 son sac et qu&#8217;on est un peu r\u00e9veill\u00e9e, on s&#8217;en sort sans probl\u00e8me. Bien s\u00fbr, parler la langue locale est pr\u00e9cieux dans tous ces petits moments. Le trajet est en principe assaisonn\u00e9 de musique joyeuse, parfois le chauffeur ou un-e passag\u00e8r-e chantonne avec la radio. Lors d&#8217;un trajet il y avait m\u00eame sur une t\u00e9l\u00e9 le spectacle du concert dont nous \u00e9tions en train d&#8217;\u00e9couter la musique, c&#8217;est mythique! Pratiquement 2h de danse ininterrompue. On voit aussi des vendeureuses ambulant-es, une forme de mendicit\u00e9 comme une autre. Quant au &#8220;coordinateur&#8221;, on a eu des situations o\u00f9 il ouvrait la porte arri\u00e8re pendant qu&#8217;on roulait, pour jeter un oeil \u00e0 l&#8217;int\u00e9rieur, avant d&#8217;escalader le bus et de passer apparemment par le toit? Bonjour les normes de s\u00e9curit\u00e9 au travail.<\/p>\n\n\n<div class=\"wp-block-image\">\n<figure class=\"aligncenter size-large\"><a href=\"https:\/\/i0.wp.com\/www.spang.ch\/aude\/wp-content\/uploads\/2022\/08\/IMG_20220803_102743-1.jpg\"><img loading=\"lazy\" decoding=\"async\" width=\"1000\" height=\"750\" data-attachment-id=\"1086\" data-permalink=\"http:\/\/www.spang.ch\/aude\/img_20220803_102743-2\/\" data-orig-file=\"https:\/\/i0.wp.com\/www.spang.ch\/aude\/wp-content\/uploads\/2022\/08\/IMG_20220803_102743-1.jpg?fit=4032%2C3024\" data-orig-size=\"4032,3024\" data-comments-opened=\"1\" data-image-meta=\"{&quot;aperture&quot;:&quot;1.7&quot;,&quot;credit&quot;:&quot;&quot;,&quot;camera&quot;:&quot;SM-G930F&quot;,&quot;caption&quot;:&quot;&quot;,&quot;created_timestamp&quot;:&quot;1659522463&quot;,&quot;copyright&quot;:&quot;&quot;,&quot;focal_length&quot;:&quot;4.2&quot;,&quot;iso&quot;:&quot;64&quot;,&quot;shutter_speed&quot;:&quot;0.0020491803278689&quot;,&quot;title&quot;:&quot;&quot;,&quot;orientation&quot;:&quot;1&quot;}\" data-image-title=\"IMG_20220803_102743\" data-image-description=\"\" data-image-caption=\"&lt;p&gt;Des couturi\u00e8res en semi plein-air&lt;\/p&gt;\n\" data-medium-file=\"https:\/\/i0.wp.com\/www.spang.ch\/aude\/wp-content\/uploads\/2022\/08\/IMG_20220803_102743-1.jpg?fit=300%2C225\" data-large-file=\"https:\/\/i0.wp.com\/www.spang.ch\/aude\/wp-content\/uploads\/2022\/08\/IMG_20220803_102743-1.jpg?fit=1000%2C750\" tabindex=\"0\" role=\"button\" src=\"https:\/\/i0.wp.com\/www.spang.ch\/aude\/wp-content\/uploads\/2022\/08\/IMG_20220803_102743-1.jpg?resize=1000%2C750\" alt=\"\" class=\"wp-image-1086\" srcset=\"https:\/\/i0.wp.com\/www.spang.ch\/aude\/wp-content\/uploads\/2022\/08\/IMG_20220803_102743-1.jpg?resize=1024%2C768 1024w, https:\/\/i0.wp.com\/www.spang.ch\/aude\/wp-content\/uploads\/2022\/08\/IMG_20220803_102743-1.jpg?resize=300%2C225 300w, https:\/\/i0.wp.com\/www.spang.ch\/aude\/wp-content\/uploads\/2022\/08\/IMG_20220803_102743-1.jpg?resize=768%2C576 768w, https:\/\/i0.wp.com\/www.spang.ch\/aude\/wp-content\/uploads\/2022\/08\/IMG_20220803_102743-1.jpg?resize=400%2C300 400w, https:\/\/i0.wp.com\/www.spang.ch\/aude\/wp-content\/uploads\/2022\/08\/IMG_20220803_102743-1.jpg?w=2000 2000w, https:\/\/i0.wp.com\/www.spang.ch\/aude\/wp-content\/uploads\/2022\/08\/IMG_20220803_102743-1.jpg?w=3000 3000w\" sizes=\"(max-width: 1000px) 100vw, 1000px\" data-recalc-dims=\"1\" \/><\/a><figcaption>Des couturi\u00e8res en semi plein-air<\/figcaption><\/figure><\/div>\n\n\n<p>D\u00e8s qu&#8217;on sort de la ville, on voit rapidement d\u00e9filer la verdure. Les petites maisons sont cubiques et basses, souvent avec un toit de t\u00f4le, et d\u00e9cor\u00e9es \u00e0 la peinture, g\u00e9n\u00e9ralement de couleurs vives avec en plus des textes divers ou des pubs. La population est en grande partie &#8220;indienne&#8221; (on dit &#8220;indig\u00e8ne&#8221; en en espagnol) et on retrouve des attitudes, faci\u00e8s, v\u00eatements \u00e9voquant ce qu&#8217;on peut voir au P\u00e9rou ou en Bolivie. Il y a d&#8217;ailleurs 23 langues indig\u00e8nes reconnues comme langues officielles du pays en plus de l&#8217;espagnol. Malgr\u00e9 la chaleur, pratiquement tout le monde s&#8217;habille de fa\u00e7on plut\u00f4t couverte, m\u00eame les hommes portent de base des pantalons plut\u00f4t que des shorts. La grande majorit\u00e9 des femmes portent au quotidien de splendides v\u00eatements traditionnels, et ce n&#8217;est pas pour les touristes!<\/p>\n\n\n<div class=\"wp-block-image\">\n<figure class=\"aligncenter size-large\"><a href=\"https:\/\/i0.wp.com\/www.spang.ch\/aude\/wp-content\/uploads\/2022\/08\/IMG_20220803_162826.jpg\"><img loading=\"lazy\" decoding=\"async\" width=\"1000\" height=\"750\" data-attachment-id=\"1082\" data-permalink=\"http:\/\/www.spang.ch\/aude\/img_20220803_162826\/\" data-orig-file=\"https:\/\/i0.wp.com\/www.spang.ch\/aude\/wp-content\/uploads\/2022\/08\/IMG_20220803_162826.jpg?fit=4032%2C3024\" data-orig-size=\"4032,3024\" data-comments-opened=\"1\" data-image-meta=\"{&quot;aperture&quot;:&quot;1.7&quot;,&quot;credit&quot;:&quot;&quot;,&quot;camera&quot;:&quot;SM-G930F&quot;,&quot;caption&quot;:&quot;&quot;,&quot;created_timestamp&quot;:&quot;1659544106&quot;,&quot;copyright&quot;:&quot;&quot;,&quot;focal_length&quot;:&quot;4.2&quot;,&quot;iso&quot;:&quot;64&quot;,&quot;shutter_speed&quot;:&quot;0.00049603174603175&quot;,&quot;title&quot;:&quot;&quot;,&quot;orientation&quot;:&quot;3&quot;}\" data-image-title=\"IMG_20220803_162826\" data-image-description=\"\" data-image-caption=\"&lt;p&gt;Antigua, la ville avec des volcans au bout des rues&lt;\/p&gt;\n\" data-medium-file=\"https:\/\/i0.wp.com\/www.spang.ch\/aude\/wp-content\/uploads\/2022\/08\/IMG_20220803_162826.jpg?fit=300%2C225\" data-large-file=\"https:\/\/i0.wp.com\/www.spang.ch\/aude\/wp-content\/uploads\/2022\/08\/IMG_20220803_162826.jpg?fit=1000%2C750\" tabindex=\"0\" role=\"button\" src=\"https:\/\/i0.wp.com\/www.spang.ch\/aude\/wp-content\/uploads\/2022\/08\/IMG_20220803_162826.jpg?resize=1000%2C750\" alt=\"\" class=\"wp-image-1082\" srcset=\"https:\/\/i0.wp.com\/www.spang.ch\/aude\/wp-content\/uploads\/2022\/08\/IMG_20220803_162826.jpg?resize=1024%2C768 1024w, https:\/\/i0.wp.com\/www.spang.ch\/aude\/wp-content\/uploads\/2022\/08\/IMG_20220803_162826.jpg?resize=300%2C225 300w, https:\/\/i0.wp.com\/www.spang.ch\/aude\/wp-content\/uploads\/2022\/08\/IMG_20220803_162826.jpg?resize=768%2C576 768w, https:\/\/i0.wp.com\/www.spang.ch\/aude\/wp-content\/uploads\/2022\/08\/IMG_20220803_162826.jpg?resize=400%2C300 400w, https:\/\/i0.wp.com\/www.spang.ch\/aude\/wp-content\/uploads\/2022\/08\/IMG_20220803_162826.jpg?w=2000 2000w, https:\/\/i0.wp.com\/www.spang.ch\/aude\/wp-content\/uploads\/2022\/08\/IMG_20220803_162826.jpg?w=3000 3000w\" sizes=\"(max-width: 1000px) 100vw, 1000px\" data-recalc-dims=\"1\" \/><\/a><figcaption>Antigua, la ville avec des volcans au bout des rues<\/figcaption><\/figure><\/div>\n\n<div class=\"wp-block-image\">\n<figure class=\"aligncenter size-large\"><a href=\"https:\/\/i0.wp.com\/www.spang.ch\/aude\/wp-content\/uploads\/2022\/08\/IMG_20220803_145858.jpg\"><img loading=\"lazy\" decoding=\"async\" width=\"1000\" height=\"750\" data-attachment-id=\"1081\" data-permalink=\"http:\/\/www.spang.ch\/aude\/img_20220803_145858\/\" data-orig-file=\"https:\/\/i0.wp.com\/www.spang.ch\/aude\/wp-content\/uploads\/2022\/08\/IMG_20220803_145858.jpg?fit=4032%2C3024\" data-orig-size=\"4032,3024\" data-comments-opened=\"1\" data-image-meta=\"{&quot;aperture&quot;:&quot;1.7&quot;,&quot;credit&quot;:&quot;&quot;,&quot;camera&quot;:&quot;SM-G930F&quot;,&quot;caption&quot;:&quot;&quot;,&quot;created_timestamp&quot;:&quot;1659538738&quot;,&quot;copyright&quot;:&quot;&quot;,&quot;focal_length&quot;:&quot;4.2&quot;,&quot;iso&quot;:&quot;64&quot;,&quot;shutter_speed&quot;:&quot;0.00032499187520312&quot;,&quot;title&quot;:&quot;&quot;,&quot;orientation&quot;:&quot;1&quot;}\" data-image-title=\"IMG_20220803_145858\" data-image-description=\"\" data-image-caption=\"\" data-medium-file=\"https:\/\/i0.wp.com\/www.spang.ch\/aude\/wp-content\/uploads\/2022\/08\/IMG_20220803_145858.jpg?fit=300%2C225\" data-large-file=\"https:\/\/i0.wp.com\/www.spang.ch\/aude\/wp-content\/uploads\/2022\/08\/IMG_20220803_145858.jpg?fit=1000%2C750\" tabindex=\"0\" role=\"button\" src=\"https:\/\/i0.wp.com\/www.spang.ch\/aude\/wp-content\/uploads\/2022\/08\/IMG_20220803_145858.jpg?resize=1000%2C750\" alt=\"\" class=\"wp-image-1081\" srcset=\"https:\/\/i0.wp.com\/www.spang.ch\/aude\/wp-content\/uploads\/2022\/08\/IMG_20220803_145858.jpg?resize=1024%2C768 1024w, https:\/\/i0.wp.com\/www.spang.ch\/aude\/wp-content\/uploads\/2022\/08\/IMG_20220803_145858.jpg?resize=300%2C225 300w, https:\/\/i0.wp.com\/www.spang.ch\/aude\/wp-content\/uploads\/2022\/08\/IMG_20220803_145858.jpg?resize=768%2C576 768w, https:\/\/i0.wp.com\/www.spang.ch\/aude\/wp-content\/uploads\/2022\/08\/IMG_20220803_145858.jpg?resize=400%2C300 400w, https:\/\/i0.wp.com\/www.spang.ch\/aude\/wp-content\/uploads\/2022\/08\/IMG_20220803_145858.jpg?w=2000 2000w, https:\/\/i0.wp.com\/www.spang.ch\/aude\/wp-content\/uploads\/2022\/08\/IMG_20220803_145858.jpg?w=3000 3000w\" sizes=\"(max-width: 1000px) 100vw, 1000px\" data-recalc-dims=\"1\" \/><\/a><\/figure><\/div>\n\n<div class=\"wp-block-image\">\n<figure class=\"aligncenter size-large\"><a href=\"https:\/\/i0.wp.com\/www.spang.ch\/aude\/wp-content\/uploads\/2022\/08\/IMG_20220803_133851.jpg\"><img loading=\"lazy\" decoding=\"async\" width=\"1000\" height=\"750\" data-attachment-id=\"1091\" data-permalink=\"http:\/\/www.spang.ch\/aude\/img_20220803_133851\/\" data-orig-file=\"https:\/\/i0.wp.com\/www.spang.ch\/aude\/wp-content\/uploads\/2022\/08\/IMG_20220803_133851.jpg?fit=4032%2C3024\" data-orig-size=\"4032,3024\" data-comments-opened=\"1\" data-image-meta=\"{&quot;aperture&quot;:&quot;1.7&quot;,&quot;credit&quot;:&quot;&quot;,&quot;camera&quot;:&quot;SM-G930F&quot;,&quot;caption&quot;:&quot;&quot;,&quot;created_timestamp&quot;:&quot;1659533931&quot;,&quot;copyright&quot;:&quot;&quot;,&quot;focal_length&quot;:&quot;4.2&quot;,&quot;iso&quot;:&quot;64&quot;,&quot;shutter_speed&quot;:&quot;0.0014727540500736&quot;,&quot;title&quot;:&quot;&quot;,&quot;orientation&quot;:&quot;1&quot;}\" data-image-title=\"IMG_20220803_133851\" data-image-description=\"\" data-image-caption=\"&lt;p&gt;Dans plein de villes et villages, on se d\u00e9place en tuk-tuk si on ne veut pas marcher!&lt;\/p&gt;\n\" data-medium-file=\"https:\/\/i0.wp.com\/www.spang.ch\/aude\/wp-content\/uploads\/2022\/08\/IMG_20220803_133851.jpg?fit=300%2C225\" data-large-file=\"https:\/\/i0.wp.com\/www.spang.ch\/aude\/wp-content\/uploads\/2022\/08\/IMG_20220803_133851.jpg?fit=1000%2C750\" tabindex=\"0\" role=\"button\" src=\"https:\/\/i0.wp.com\/www.spang.ch\/aude\/wp-content\/uploads\/2022\/08\/IMG_20220803_133851.jpg?resize=1000%2C750\" alt=\"\" class=\"wp-image-1091\" srcset=\"https:\/\/i0.wp.com\/www.spang.ch\/aude\/wp-content\/uploads\/2022\/08\/IMG_20220803_133851.jpg?resize=1024%2C768 1024w, https:\/\/i0.wp.com\/www.spang.ch\/aude\/wp-content\/uploads\/2022\/08\/IMG_20220803_133851.jpg?resize=300%2C225 300w, https:\/\/i0.wp.com\/www.spang.ch\/aude\/wp-content\/uploads\/2022\/08\/IMG_20220803_133851.jpg?resize=768%2C576 768w, https:\/\/i0.wp.com\/www.spang.ch\/aude\/wp-content\/uploads\/2022\/08\/IMG_20220803_133851.jpg?resize=400%2C300 400w, https:\/\/i0.wp.com\/www.spang.ch\/aude\/wp-content\/uploads\/2022\/08\/IMG_20220803_133851.jpg?w=2000 2000w, https:\/\/i0.wp.com\/www.spang.ch\/aude\/wp-content\/uploads\/2022\/08\/IMG_20220803_133851.jpg?w=3000 3000w\" sizes=\"(max-width: 1000px) 100vw, 1000px\" data-recalc-dims=\"1\" \/><\/a><figcaption>Dans plein de villes et villages, on se d\u00e9place en tuk-tuk si on ne veut pas marcher!<\/figcaption><\/figure><\/div>\n\n\n<p>Ainsi, je suis arriv\u00e9e \u00e0 Antigua, ancienne capitale de jolies petites maisons color\u00e9es entour\u00e9e par les volcans \u00e0 tel point qu&#8217;on les voit au bout des rues. Malheureusement, Antigua a \u00e9t\u00e9 prise d&#8217;assaut par les touristes et bien qu&#8217;il fasse bon y \u00eatre, elle n&#8217;est pas tr\u00e8s authentique. La plupart des restaurants sont ont les touristes comme public cible, \u00e9norm\u00e9ment de belles maisons sont des h\u00f4tels, \u00e0 se demander quelle proportion de la population est vraiment locale, combien de pauvres habitent au centre. C&#8217;est n\u00e9anmoins tr\u00e8s joli et charmant, cela va sans dire.<\/p>\n\n\n<div class=\"wp-block-image\">\n<figure class=\"aligncenter size-large\"><a href=\"https:\/\/i0.wp.com\/www.spang.ch\/aude\/wp-content\/uploads\/2022\/08\/IMG_20220804_081112.jpg\"><img loading=\"lazy\" decoding=\"async\" width=\"1000\" height=\"750\" data-attachment-id=\"1092\" data-permalink=\"http:\/\/www.spang.ch\/aude\/img_20220804_081112\/\" data-orig-file=\"https:\/\/i0.wp.com\/www.spang.ch\/aude\/wp-content\/uploads\/2022\/08\/IMG_20220804_081112.jpg?fit=4032%2C3024\" data-orig-size=\"4032,3024\" data-comments-opened=\"1\" data-image-meta=\"{&quot;aperture&quot;:&quot;1.7&quot;,&quot;credit&quot;:&quot;&quot;,&quot;camera&quot;:&quot;SM-G930F&quot;,&quot;caption&quot;:&quot;&quot;,&quot;created_timestamp&quot;:&quot;1659600672&quot;,&quot;copyright&quot;:&quot;&quot;,&quot;focal_length&quot;:&quot;4.2&quot;,&quot;iso&quot;:&quot;64&quot;,&quot;shutter_speed&quot;:&quot;0.00060386473429952&quot;,&quot;title&quot;:&quot;&quot;,&quot;orientation&quot;:&quot;1&quot;}\" data-image-title=\"IMG_20220804_081112\" data-image-description=\"\" data-image-caption=\"&lt;p&gt;Incroyable vue depuis mon hostel&lt;\/p&gt;\n\" data-medium-file=\"https:\/\/i0.wp.com\/www.spang.ch\/aude\/wp-content\/uploads\/2022\/08\/IMG_20220804_081112.jpg?fit=300%2C225\" data-large-file=\"https:\/\/i0.wp.com\/www.spang.ch\/aude\/wp-content\/uploads\/2022\/08\/IMG_20220804_081112.jpg?fit=1000%2C750\" tabindex=\"0\" role=\"button\" src=\"https:\/\/i0.wp.com\/www.spang.ch\/aude\/wp-content\/uploads\/2022\/08\/IMG_20220804_081112.jpg?resize=1000%2C750\" alt=\"\" class=\"wp-image-1092\" srcset=\"https:\/\/i0.wp.com\/www.spang.ch\/aude\/wp-content\/uploads\/2022\/08\/IMG_20220804_081112.jpg?resize=1024%2C768 1024w, https:\/\/i0.wp.com\/www.spang.ch\/aude\/wp-content\/uploads\/2022\/08\/IMG_20220804_081112.jpg?resize=300%2C225 300w, https:\/\/i0.wp.com\/www.spang.ch\/aude\/wp-content\/uploads\/2022\/08\/IMG_20220804_081112.jpg?resize=768%2C576 768w, https:\/\/i0.wp.com\/www.spang.ch\/aude\/wp-content\/uploads\/2022\/08\/IMG_20220804_081112.jpg?resize=400%2C300 400w, https:\/\/i0.wp.com\/www.spang.ch\/aude\/wp-content\/uploads\/2022\/08\/IMG_20220804_081112.jpg?w=2000 2000w, https:\/\/i0.wp.com\/www.spang.ch\/aude\/wp-content\/uploads\/2022\/08\/IMG_20220804_081112.jpg?w=3000 3000w\" sizes=\"(max-width: 1000px) 100vw, 1000px\" data-recalc-dims=\"1\" \/><\/a><figcaption>Incroyable vue depuis mon hostel sur les volcans Fuego, Acatenango et Agua<\/figcaption><\/figure><\/div>\n\n<div class=\"wp-block-image\">\n<figure class=\"aligncenter size-large\"><a href=\"https:\/\/i0.wp.com\/www.spang.ch\/aude\/wp-content\/uploads\/2022\/08\/IMG_20220804_075312-1-scaled.jpg\"><img loading=\"lazy\" decoding=\"async\" width=\"768\" height=\"1024\" data-attachment-id=\"1111\" data-permalink=\"http:\/\/www.spang.ch\/aude\/img_20220804_075312-2\/\" data-orig-file=\"https:\/\/i0.wp.com\/www.spang.ch\/aude\/wp-content\/uploads\/2022\/08\/IMG_20220804_075312-1-scaled.jpg?fit=1920%2C2560\" data-orig-size=\"1920,2560\" data-comments-opened=\"1\" data-image-meta=\"{&quot;aperture&quot;:&quot;1.7&quot;,&quot;credit&quot;:&quot;&quot;,&quot;camera&quot;:&quot;SM-G930F&quot;,&quot;caption&quot;:&quot;&quot;,&quot;created_timestamp&quot;:&quot;1659599592&quot;,&quot;copyright&quot;:&quot;&quot;,&quot;focal_length&quot;:&quot;4.2&quot;,&quot;iso&quot;:&quot;64&quot;,&quot;shutter_speed&quot;:&quot;0.00087796312554873&quot;,&quot;title&quot;:&quot;&quot;,&quot;orientation&quot;:&quot;1&quot;}\" data-image-title=\"IMG_20220804_075312\" data-image-description=\"\" data-image-caption=\"\" data-medium-file=\"https:\/\/i0.wp.com\/www.spang.ch\/aude\/wp-content\/uploads\/2022\/08\/IMG_20220804_075312-1-scaled.jpg?fit=225%2C300\" data-large-file=\"https:\/\/i0.wp.com\/www.spang.ch\/aude\/wp-content\/uploads\/2022\/08\/IMG_20220804_075312-1-scaled.jpg?fit=768%2C1024\" tabindex=\"0\" role=\"button\" src=\"https:\/\/i0.wp.com\/www.spang.ch\/aude\/wp-content\/uploads\/2022\/08\/IMG_20220804_075312-1.jpg?resize=768%2C1024\" alt=\"\" class=\"wp-image-1111\" srcset=\"https:\/\/i0.wp.com\/www.spang.ch\/aude\/wp-content\/uploads\/2022\/08\/IMG_20220804_075312-1-scaled.jpg?resize=768%2C1024 768w, https:\/\/i0.wp.com\/www.spang.ch\/aude\/wp-content\/uploads\/2022\/08\/IMG_20220804_075312-1-scaled.jpg?resize=225%2C300 225w, https:\/\/i0.wp.com\/www.spang.ch\/aude\/wp-content\/uploads\/2022\/08\/IMG_20220804_075312-1-scaled.jpg?resize=1152%2C1536 1152w, https:\/\/i0.wp.com\/www.spang.ch\/aude\/wp-content\/uploads\/2022\/08\/IMG_20220804_075312-1-scaled.jpg?resize=1536%2C2048 1536w, https:\/\/i0.wp.com\/www.spang.ch\/aude\/wp-content\/uploads\/2022\/08\/IMG_20220804_075312-1-scaled.jpg?resize=630%2C840 630w, https:\/\/i0.wp.com\/www.spang.ch\/aude\/wp-content\/uploads\/2022\/08\/IMG_20220804_075312-1-scaled.jpg?resize=960%2C1280 960w, https:\/\/i0.wp.com\/www.spang.ch\/aude\/wp-content\/uploads\/2022\/08\/IMG_20220804_075312-1-scaled.jpg?w=1920 1920w\" sizes=\"(max-width: 768px) 100vw, 768px\" data-recalc-dims=\"1\" \/><\/a><\/figure><\/div>\n\n<div class=\"wp-block-image\">\n<figure class=\"aligncenter size-large\"><a href=\"https:\/\/i0.wp.com\/www.spang.ch\/aude\/wp-content\/uploads\/2022\/08\/IMG_20220806_111440.jpg\"><img loading=\"lazy\" decoding=\"async\" width=\"1000\" height=\"750\" data-attachment-id=\"1102\" data-permalink=\"http:\/\/www.spang.ch\/aude\/img_20220806_111440\/\" data-orig-file=\"https:\/\/i0.wp.com\/www.spang.ch\/aude\/wp-content\/uploads\/2022\/08\/IMG_20220806_111440.jpg?fit=4032%2C3024\" data-orig-size=\"4032,3024\" data-comments-opened=\"1\" data-image-meta=\"{&quot;aperture&quot;:&quot;1.7&quot;,&quot;credit&quot;:&quot;&quot;,&quot;camera&quot;:&quot;SM-G930F&quot;,&quot;caption&quot;:&quot;&quot;,&quot;created_timestamp&quot;:&quot;1659784480&quot;,&quot;copyright&quot;:&quot;&quot;,&quot;focal_length&quot;:&quot;4.2&quot;,&quot;iso&quot;:&quot;80&quot;,&quot;shutter_speed&quot;:&quot;0.02&quot;,&quot;title&quot;:&quot;&quot;,&quot;orientation&quot;:&quot;1&quot;}\" data-image-title=\"IMG_20220806_111440\" data-image-description=\"\" data-image-caption=\"&lt;p&gt;Fantastique restaurant de nourriture typique (un des rares!) d&#8217;Antigua&lt;\/p&gt;\n\" data-medium-file=\"https:\/\/i0.wp.com\/www.spang.ch\/aude\/wp-content\/uploads\/2022\/08\/IMG_20220806_111440.jpg?fit=300%2C225\" data-large-file=\"https:\/\/i0.wp.com\/www.spang.ch\/aude\/wp-content\/uploads\/2022\/08\/IMG_20220806_111440.jpg?fit=1000%2C750\" tabindex=\"0\" role=\"button\" src=\"https:\/\/i0.wp.com\/www.spang.ch\/aude\/wp-content\/uploads\/2022\/08\/IMG_20220806_111440.jpg?resize=1000%2C750\" alt=\"\" class=\"wp-image-1102\" srcset=\"https:\/\/i0.wp.com\/www.spang.ch\/aude\/wp-content\/uploads\/2022\/08\/IMG_20220806_111440.jpg?resize=1024%2C768 1024w, https:\/\/i0.wp.com\/www.spang.ch\/aude\/wp-content\/uploads\/2022\/08\/IMG_20220806_111440.jpg?resize=300%2C225 300w, https:\/\/i0.wp.com\/www.spang.ch\/aude\/wp-content\/uploads\/2022\/08\/IMG_20220806_111440.jpg?resize=768%2C576 768w, https:\/\/i0.wp.com\/www.spang.ch\/aude\/wp-content\/uploads\/2022\/08\/IMG_20220806_111440.jpg?resize=400%2C300 400w, https:\/\/i0.wp.com\/www.spang.ch\/aude\/wp-content\/uploads\/2022\/08\/IMG_20220806_111440.jpg?w=2000 2000w, https:\/\/i0.wp.com\/www.spang.ch\/aude\/wp-content\/uploads\/2022\/08\/IMG_20220806_111440.jpg?w=3000 3000w\" sizes=\"(max-width: 1000px) 100vw, 1000px\" data-recalc-dims=\"1\" \/><\/a><figcaption>Fantastique restaurant de nourriture typique (un des rares!) d&#8217;Antigua<\/figcaption><\/figure><\/div>\n\n<div class=\"wp-block-image\">\n<figure class=\"aligncenter size-large\"><a href=\"https:\/\/i0.wp.com\/www.spang.ch\/aude\/wp-content\/uploads\/2022\/08\/IMG_20220806_111446.jpg\"><img loading=\"lazy\" decoding=\"async\" width=\"1000\" height=\"750\" data-attachment-id=\"1105\" data-permalink=\"http:\/\/www.spang.ch\/aude\/img_20220806_111446\/\" data-orig-file=\"https:\/\/i0.wp.com\/www.spang.ch\/aude\/wp-content\/uploads\/2022\/08\/IMG_20220806_111446.jpg?fit=4032%2C3024\" data-orig-size=\"4032,3024\" data-comments-opened=\"1\" data-image-meta=\"{&quot;aperture&quot;:&quot;1.7&quot;,&quot;credit&quot;:&quot;&quot;,&quot;camera&quot;:&quot;SM-G930F&quot;,&quot;caption&quot;:&quot;&quot;,&quot;created_timestamp&quot;:&quot;1659784486&quot;,&quot;copyright&quot;:&quot;&quot;,&quot;focal_length&quot;:&quot;4.2&quot;,&quot;iso&quot;:&quot;64&quot;,&quot;shutter_speed&quot;:&quot;0.0098039215686275&quot;,&quot;title&quot;:&quot;&quot;,&quot;orientation&quot;:&quot;1&quot;}\" data-image-title=\"IMG_20220806_111446\" data-image-description=\"\" data-image-caption=\"\" data-medium-file=\"https:\/\/i0.wp.com\/www.spang.ch\/aude\/wp-content\/uploads\/2022\/08\/IMG_20220806_111446.jpg?fit=300%2C225\" data-large-file=\"https:\/\/i0.wp.com\/www.spang.ch\/aude\/wp-content\/uploads\/2022\/08\/IMG_20220806_111446.jpg?fit=1000%2C750\" tabindex=\"0\" role=\"button\" src=\"https:\/\/i0.wp.com\/www.spang.ch\/aude\/wp-content\/uploads\/2022\/08\/IMG_20220806_111446.jpg?resize=1000%2C750\" alt=\"\" class=\"wp-image-1105\" srcset=\"https:\/\/i0.wp.com\/www.spang.ch\/aude\/wp-content\/uploads\/2022\/08\/IMG_20220806_111446.jpg?resize=1024%2C768 1024w, https:\/\/i0.wp.com\/www.spang.ch\/aude\/wp-content\/uploads\/2022\/08\/IMG_20220806_111446.jpg?resize=300%2C225 300w, https:\/\/i0.wp.com\/www.spang.ch\/aude\/wp-content\/uploads\/2022\/08\/IMG_20220806_111446.jpg?resize=768%2C576 768w, https:\/\/i0.wp.com\/www.spang.ch\/aude\/wp-content\/uploads\/2022\/08\/IMG_20220806_111446.jpg?resize=400%2C300 400w, https:\/\/i0.wp.com\/www.spang.ch\/aude\/wp-content\/uploads\/2022\/08\/IMG_20220806_111446.jpg?w=2000 2000w, https:\/\/i0.wp.com\/www.spang.ch\/aude\/wp-content\/uploads\/2022\/08\/IMG_20220806_111446.jpg?w=3000 3000w\" sizes=\"(max-width: 1000px) 100vw, 1000px\" data-recalc-dims=\"1\" \/><\/a><\/figure><\/div>\n\n\n<p>Mais la raison principale d&#8217;aller \u00e0 Antigua c&#8217;est la nature. De fait, mon deuxi\u00e8me jour au Guatemala j&#8217;\u00e9tais d\u00e9j\u00e0 sur la route de l&#8217;Acatenango, qui culmine \u00e0 3976 m d&#8217;altitude. Il s&#8217;agissait d&#8217;un trek sur 1,5 jours et d&#8217;un gros d\u00e9fi physique. On est parti-es de 2400 m pour arriver au camp de base \u00e0 3600 m durant la premi\u00e8re partie de la journ\u00e9e, ce qui n&#8217;\u00e9tait d\u00e9j\u00e0 pas anodin. Puis, on a d\u00fb d\u00e9cider si on faisait la marche du soir jusqu&#8217;au volcan Fuego, qui crache de la lave toutes les 15-20 minutes. Je ne pouvais bien s\u00fbr pas y renoncer, et 11 personnes sur 15 sont venues! Il s&#8217;agissait de descendre puis remonter pour l&#8217;observer de plus pr\u00e8s, puis refaire le chemin en sens inverse, pour une escapade d&#8217;environ 4h, dont un bon moment d&#8217;observation pos\u00e9s dans le froid dans la nuit et \u00e0 l&#8217;exposition du vent sur la cr\u00e8te de laquelle on avait une bonne vue. Je n&#8217;ai pas les mots pour vous dire \u00e0 quel point ces \u00e9ruptions sont fantastiques. Quel privil\u00e8ge de pouvoir observer de si pr\u00e8s un tel ph\u00e9nom\u00e8ne naturel! Quels moments magiques, d&#8217;attendre en grelottant dans le noir jusqu&#8217;\u00e0 ce que le volcan gronde et crache son feu!<\/p>\n\n\n\n<figure class=\"wp-block-image size-large\"><a href=\"https:\/\/i0.wp.com\/www.spang.ch\/aude\/wp-content\/uploads\/2022\/08\/IMG_20220804_172848.jpg\"><img loading=\"lazy\" decoding=\"async\" width=\"1000\" height=\"750\" data-attachment-id=\"1094\" data-permalink=\"http:\/\/www.spang.ch\/aude\/img_20220804_172848\/\" data-orig-file=\"https:\/\/i0.wp.com\/www.spang.ch\/aude\/wp-content\/uploads\/2022\/08\/IMG_20220804_172848.jpg?fit=4032%2C3024\" data-orig-size=\"4032,3024\" data-comments-opened=\"1\" data-image-meta=\"{&quot;aperture&quot;:&quot;1.7&quot;,&quot;credit&quot;:&quot;&quot;,&quot;camera&quot;:&quot;SM-G930F&quot;,&quot;caption&quot;:&quot;&quot;,&quot;created_timestamp&quot;:&quot;1659634127&quot;,&quot;copyright&quot;:&quot;&quot;,&quot;focal_length&quot;:&quot;4.2&quot;,&quot;iso&quot;:&quot;64&quot;,&quot;shutter_speed&quot;:&quot;0.0042194092827004&quot;,&quot;title&quot;:&quot;&quot;,&quot;orientation&quot;:&quot;1&quot;}\" data-image-title=\"IMG_20220804_172848\" data-image-description=\"\" data-image-caption=\"&lt;p&gt;Au d\u00e9but, avec tous ces nuages, les vues n&#8217;\u00e9taient pas tr\u00e8s prometteuses&lt;\/p&gt;\n\" data-medium-file=\"https:\/\/i0.wp.com\/www.spang.ch\/aude\/wp-content\/uploads\/2022\/08\/IMG_20220804_172848.jpg?fit=300%2C225\" data-large-file=\"https:\/\/i0.wp.com\/www.spang.ch\/aude\/wp-content\/uploads\/2022\/08\/IMG_20220804_172848.jpg?fit=1000%2C750\" tabindex=\"0\" role=\"button\" src=\"https:\/\/i0.wp.com\/www.spang.ch\/aude\/wp-content\/uploads\/2022\/08\/IMG_20220804_172848.jpg?resize=1000%2C750\" alt=\"\" class=\"wp-image-1094\" srcset=\"https:\/\/i0.wp.com\/www.spang.ch\/aude\/wp-content\/uploads\/2022\/08\/IMG_20220804_172848.jpg?resize=1024%2C768 1024w, https:\/\/i0.wp.com\/www.spang.ch\/aude\/wp-content\/uploads\/2022\/08\/IMG_20220804_172848.jpg?resize=300%2C225 300w, https:\/\/i0.wp.com\/www.spang.ch\/aude\/wp-content\/uploads\/2022\/08\/IMG_20220804_172848.jpg?resize=768%2C576 768w, https:\/\/i0.wp.com\/www.spang.ch\/aude\/wp-content\/uploads\/2022\/08\/IMG_20220804_172848.jpg?resize=400%2C300 400w, https:\/\/i0.wp.com\/www.spang.ch\/aude\/wp-content\/uploads\/2022\/08\/IMG_20220804_172848.jpg?w=2000 2000w, https:\/\/i0.wp.com\/www.spang.ch\/aude\/wp-content\/uploads\/2022\/08\/IMG_20220804_172848.jpg?w=3000 3000w\" sizes=\"(max-width: 1000px) 100vw, 1000px\" data-recalc-dims=\"1\" \/><\/a><figcaption>Au d\u00e9but, avec tous ces nuages, les vues n&#8217;\u00e9taient pas tr\u00e8s prometteuses<\/figcaption><\/figure>\n\n\n<div class=\"wp-block-image\">\n<figure class=\"aligncenter size-large\"><a href=\"https:\/\/i0.wp.com\/www.spang.ch\/aude\/wp-content\/uploads\/2022\/08\/IMG-20220809-WA0001.jpg\"><img loading=\"lazy\" decoding=\"async\" width=\"768\" height=\"1024\" data-attachment-id=\"1087\" data-permalink=\"http:\/\/www.spang.ch\/aude\/img-20220809-wa0001\/\" data-orig-file=\"https:\/\/i0.wp.com\/www.spang.ch\/aude\/wp-content\/uploads\/2022\/08\/IMG-20220809-WA0001.jpg?fit=1507%2C2010\" data-orig-size=\"1507,2010\" data-comments-opened=\"1\" data-image-meta=\"{&quot;aperture&quot;:&quot;0&quot;,&quot;credit&quot;:&quot;&quot;,&quot;camera&quot;:&quot;&quot;,&quot;caption&quot;:&quot;&quot;,&quot;created_timestamp&quot;:&quot;0&quot;,&quot;copyright&quot;:&quot;&quot;,&quot;focal_length&quot;:&quot;0&quot;,&quot;iso&quot;:&quot;0&quot;,&quot;shutter_speed&quot;:&quot;0&quot;,&quot;title&quot;:&quot;&quot;,&quot;orientation&quot;:&quot;0&quot;}\" data-image-title=\"IMG-20220809-WA0001\" data-image-description=\"\" data-image-caption=\"&lt;p&gt;Et puis la magie a op\u00e9r\u00e9 (photo pas de moi mais de mes ami-e-s italien-ne-s)&lt;\/p&gt;\n\" data-medium-file=\"https:\/\/i0.wp.com\/www.spang.ch\/aude\/wp-content\/uploads\/2022\/08\/IMG-20220809-WA0001.jpg?fit=225%2C300\" data-large-file=\"https:\/\/i0.wp.com\/www.spang.ch\/aude\/wp-content\/uploads\/2022\/08\/IMG-20220809-WA0001.jpg?fit=768%2C1024\" tabindex=\"0\" role=\"button\" src=\"https:\/\/i0.wp.com\/www.spang.ch\/aude\/wp-content\/uploads\/2022\/08\/IMG-20220809-WA0001.jpg?resize=768%2C1024\" alt=\"\" class=\"wp-image-1087\" srcset=\"https:\/\/i0.wp.com\/www.spang.ch\/aude\/wp-content\/uploads\/2022\/08\/IMG-20220809-WA0001.jpg?resize=768%2C1024 768w, https:\/\/i0.wp.com\/www.spang.ch\/aude\/wp-content\/uploads\/2022\/08\/IMG-20220809-WA0001.jpg?resize=225%2C300 225w, https:\/\/i0.wp.com\/www.spang.ch\/aude\/wp-content\/uploads\/2022\/08\/IMG-20220809-WA0001.jpg?resize=630%2C840 630w, https:\/\/i0.wp.com\/www.spang.ch\/aude\/wp-content\/uploads\/2022\/08\/IMG-20220809-WA0001.jpg?resize=960%2C1280 960w, https:\/\/i0.wp.com\/www.spang.ch\/aude\/wp-content\/uploads\/2022\/08\/IMG-20220809-WA0001.jpg?w=1507 1507w\" sizes=\"(max-width: 768px) 100vw, 768px\" data-recalc-dims=\"1\" \/><\/a><figcaption>Et puis la magie la plus absolue a op\u00e9r\u00e9 (photo pas de moi mais de mes ami-e-s italien-ne-s)<\/figcaption><\/figure><\/div>\n\n\n<p>Nous sommes arriv\u00e9s au camp de base vers 22h et avons encore soup\u00e9 au coin du feu. L\u00e0 nous attendait une grosse d\u00e9cision : monter au sommet de l&#8217;Acatenango pour le lever de soleil le lendemain matin. B\u00e9mol: r\u00e9veil \u00e0 3h30! Sachant que je n&#8217;ai pas ferm\u00e9 l&#8217;\u0153il de la nuit, je n&#8217;\u00e9tais pas tr\u00e8s chaude \u00e0 me remettre en marche quand on est venu me r\u00e9veiller&#8230; et je n&#8217;\u00e9tais pas la seule. Mais finalement, je n&#8217;arrivais pas \u00e0 trouver assez de justifications pour ne pas y aller, le repos \u00e9tant un tr\u00e8s faible argument quand on est sur un volcan. J&#8217;ai pris mon courage \u00e0 deux mains et ai impos\u00e9 ce nouvel exercice \u00e0 mes pauvres jambes; nous n&#8217;\u00e9tions que 5 \u00e0 faire cette folie. Mais elle en a valu la peine, \u00e9videmment! Tout d&#8217;abord parce que je n&#8217;\u00e9tais jamais mont\u00e9e \u00e0 pied \u00e0 4000 m (l&#8217;Altiplano bolivien ce n&#8217;\u00e9tait pas de la rando). Mais aussi parce que c&#8217;est vrai qu&#8217;\u00eatre sur un volcan (inactif) au lever de soleil, c&#8217;est une belle sensation et une jolie vue. Voil\u00e0 donc mon excursion de folie, marcher pratiquement sans s&#8217;arr\u00eater, parfois dans du sable qui rend chaque pas plus difficile, souvent dans l&#8217;\u00e9puisement, mais toujours avec la satisfaction d&#8217;avoir vu des choses grandioses. Incroyables r\u00e9compenses!<\/p>\n\n\n<div class=\"wp-block-image\">\n<figure class=\"aligncenter size-large\"><a href=\"https:\/\/i0.wp.com\/www.spang.ch\/aude\/wp-content\/uploads\/2022\/08\/IMG_20220805_052704.jpg\"><img loading=\"lazy\" decoding=\"async\" width=\"1000\" height=\"750\" data-attachment-id=\"1095\" data-permalink=\"http:\/\/www.spang.ch\/aude\/img_20220805_052704\/\" data-orig-file=\"https:\/\/i0.wp.com\/www.spang.ch\/aude\/wp-content\/uploads\/2022\/08\/IMG_20220805_052704.jpg?fit=4032%2C3024\" data-orig-size=\"4032,3024\" data-comments-opened=\"1\" data-image-meta=\"{&quot;aperture&quot;:&quot;1.7&quot;,&quot;credit&quot;:&quot;&quot;,&quot;camera&quot;:&quot;SM-G930F&quot;,&quot;caption&quot;:&quot;&quot;,&quot;created_timestamp&quot;:&quot;1659677224&quot;,&quot;copyright&quot;:&quot;&quot;,&quot;focal_length&quot;:&quot;4.2&quot;,&quot;iso&quot;:&quot;160&quot;,&quot;shutter_speed&quot;:&quot;0.04&quot;,&quot;title&quot;:&quot;&quot;,&quot;orientation&quot;:&quot;1&quot;}\" data-image-title=\"IMG_20220805_052704\" data-image-description=\"\" data-image-caption=\"&lt;p&gt;Vue depuis l&#8217;Acatenango au petit matin&lt;\/p&gt;\n\" data-medium-file=\"https:\/\/i0.wp.com\/www.spang.ch\/aude\/wp-content\/uploads\/2022\/08\/IMG_20220805_052704.jpg?fit=300%2C225\" data-large-file=\"https:\/\/i0.wp.com\/www.spang.ch\/aude\/wp-content\/uploads\/2022\/08\/IMG_20220805_052704.jpg?fit=1000%2C750\" tabindex=\"0\" role=\"button\" src=\"https:\/\/i0.wp.com\/www.spang.ch\/aude\/wp-content\/uploads\/2022\/08\/IMG_20220805_052704.jpg?resize=1000%2C750\" alt=\"\" class=\"wp-image-1095\" srcset=\"https:\/\/i0.wp.com\/www.spang.ch\/aude\/wp-content\/uploads\/2022\/08\/IMG_20220805_052704.jpg?resize=1024%2C768 1024w, https:\/\/i0.wp.com\/www.spang.ch\/aude\/wp-content\/uploads\/2022\/08\/IMG_20220805_052704.jpg?resize=300%2C225 300w, https:\/\/i0.wp.com\/www.spang.ch\/aude\/wp-content\/uploads\/2022\/08\/IMG_20220805_052704.jpg?resize=768%2C576 768w, https:\/\/i0.wp.com\/www.spang.ch\/aude\/wp-content\/uploads\/2022\/08\/IMG_20220805_052704.jpg?resize=400%2C300 400w, https:\/\/i0.wp.com\/www.spang.ch\/aude\/wp-content\/uploads\/2022\/08\/IMG_20220805_052704.jpg?w=2000 2000w, https:\/\/i0.wp.com\/www.spang.ch\/aude\/wp-content\/uploads\/2022\/08\/IMG_20220805_052704.jpg?w=3000 3000w\" sizes=\"(max-width: 1000px) 100vw, 1000px\" data-recalc-dims=\"1\" \/><\/a><figcaption>Vue depuis l&#8217;Acatenango au petit matin, \u00e0 3976 m d&#8217;altitude<\/figcaption><\/figure><\/div>\n\n<div class=\"wp-block-image\">\n<figure class=\"aligncenter size-large\"><a href=\"https:\/\/i0.wp.com\/www.spang.ch\/aude\/wp-content\/uploads\/2022\/08\/IMG_20220805_054726.jpg\"><img loading=\"lazy\" decoding=\"async\" width=\"1000\" height=\"750\" data-attachment-id=\"1096\" data-permalink=\"http:\/\/www.spang.ch\/aude\/img_20220805_054726\/\" data-orig-file=\"https:\/\/i0.wp.com\/www.spang.ch\/aude\/wp-content\/uploads\/2022\/08\/IMG_20220805_054726.jpg?fit=4032%2C3024\" data-orig-size=\"4032,3024\" data-comments-opened=\"1\" data-image-meta=\"{&quot;aperture&quot;:&quot;1.7&quot;,&quot;credit&quot;:&quot;&quot;,&quot;camera&quot;:&quot;SM-G930F&quot;,&quot;caption&quot;:&quot;&quot;,&quot;created_timestamp&quot;:&quot;1659678446&quot;,&quot;copyright&quot;:&quot;&quot;,&quot;focal_length&quot;:&quot;4.2&quot;,&quot;iso&quot;:&quot;64&quot;,&quot;shutter_speed&quot;:&quot;0.0012562814070352&quot;,&quot;title&quot;:&quot;&quot;,&quot;orientation&quot;:&quot;1&quot;}\" data-image-title=\"IMG_20220805_054726\" data-image-description=\"\" data-image-caption=\"&lt;p&gt;Quand tu as r\u00e9ussi tous les d\u00e9fis que tu avais relev\u00e9s!&lt;\/p&gt;\n\" data-medium-file=\"https:\/\/i0.wp.com\/www.spang.ch\/aude\/wp-content\/uploads\/2022\/08\/IMG_20220805_054726.jpg?fit=300%2C225\" data-large-file=\"https:\/\/i0.wp.com\/www.spang.ch\/aude\/wp-content\/uploads\/2022\/08\/IMG_20220805_054726.jpg?fit=1000%2C750\" tabindex=\"0\" role=\"button\" src=\"https:\/\/i0.wp.com\/www.spang.ch\/aude\/wp-content\/uploads\/2022\/08\/IMG_20220805_054726.jpg?resize=1000%2C750\" alt=\"\" class=\"wp-image-1096\" srcset=\"https:\/\/i0.wp.com\/www.spang.ch\/aude\/wp-content\/uploads\/2022\/08\/IMG_20220805_054726.jpg?resize=1024%2C768 1024w, https:\/\/i0.wp.com\/www.spang.ch\/aude\/wp-content\/uploads\/2022\/08\/IMG_20220805_054726.jpg?resize=300%2C225 300w, https:\/\/i0.wp.com\/www.spang.ch\/aude\/wp-content\/uploads\/2022\/08\/IMG_20220805_054726.jpg?resize=768%2C576 768w, https:\/\/i0.wp.com\/www.spang.ch\/aude\/wp-content\/uploads\/2022\/08\/IMG_20220805_054726.jpg?resize=400%2C300 400w, https:\/\/i0.wp.com\/www.spang.ch\/aude\/wp-content\/uploads\/2022\/08\/IMG_20220805_054726.jpg?w=2000 2000w, https:\/\/i0.wp.com\/www.spang.ch\/aude\/wp-content\/uploads\/2022\/08\/IMG_20220805_054726.jpg?w=3000 3000w\" sizes=\"(max-width: 1000px) 100vw, 1000px\" data-recalc-dims=\"1\" \/><\/a><figcaption>Quand tu as r\u00e9ussi tous les d\u00e9fis que tu avais relev\u00e9s!<\/figcaption><\/figure><\/div>\n\n<div class=\"wp-block-image\">\n<figure class=\"aligncenter size-large\"><a href=\"https:\/\/i0.wp.com\/www.spang.ch\/aude\/wp-content\/uploads\/2022\/08\/IMG_20220805_062020.jpg\"><img loading=\"lazy\" decoding=\"async\" width=\"1000\" height=\"750\" data-attachment-id=\"1098\" data-permalink=\"http:\/\/www.spang.ch\/aude\/img_20220805_062020\/\" data-orig-file=\"https:\/\/i0.wp.com\/www.spang.ch\/aude\/wp-content\/uploads\/2022\/08\/IMG_20220805_062020.jpg?fit=2592%2C1944\" data-orig-size=\"2592,1944\" data-comments-opened=\"1\" data-image-meta=\"{&quot;aperture&quot;:&quot;1.7&quot;,&quot;credit&quot;:&quot;&quot;,&quot;camera&quot;:&quot;SM-G930F&quot;,&quot;caption&quot;:&quot;&quot;,&quot;created_timestamp&quot;:&quot;1659680420&quot;,&quot;copyright&quot;:&quot;&quot;,&quot;focal_length&quot;:&quot;2.1&quot;,&quot;iso&quot;:&quot;100&quot;,&quot;shutter_speed&quot;:&quot;0\\\/0&quot;,&quot;title&quot;:&quot;&quot;,&quot;orientation&quot;:&quot;3&quot;}\" data-image-title=\"IMG_20220805_062020\" data-image-description=\"\" data-image-caption=\"&lt;p&gt;Tired but happy potato&lt;\/p&gt;\n\" data-medium-file=\"https:\/\/i0.wp.com\/www.spang.ch\/aude\/wp-content\/uploads\/2022\/08\/IMG_20220805_062020.jpg?fit=300%2C225\" data-large-file=\"https:\/\/i0.wp.com\/www.spang.ch\/aude\/wp-content\/uploads\/2022\/08\/IMG_20220805_062020.jpg?fit=1000%2C750\" tabindex=\"0\" role=\"button\" src=\"https:\/\/i0.wp.com\/www.spang.ch\/aude\/wp-content\/uploads\/2022\/08\/IMG_20220805_062020.jpg?resize=1000%2C750\" alt=\"\" class=\"wp-image-1098\" srcset=\"https:\/\/i0.wp.com\/www.spang.ch\/aude\/wp-content\/uploads\/2022\/08\/IMG_20220805_062020.jpg?resize=1024%2C768 1024w, https:\/\/i0.wp.com\/www.spang.ch\/aude\/wp-content\/uploads\/2022\/08\/IMG_20220805_062020.jpg?resize=300%2C225 300w, https:\/\/i0.wp.com\/www.spang.ch\/aude\/wp-content\/uploads\/2022\/08\/IMG_20220805_062020.jpg?resize=768%2C576 768w, https:\/\/i0.wp.com\/www.spang.ch\/aude\/wp-content\/uploads\/2022\/08\/IMG_20220805_062020.jpg?resize=400%2C300 400w, https:\/\/i0.wp.com\/www.spang.ch\/aude\/wp-content\/uploads\/2022\/08\/IMG_20220805_062020.jpg?w=2000 2000w\" sizes=\"(max-width: 1000px) 100vw, 1000px\" data-recalc-dims=\"1\" \/><\/a><figcaption>Tired potato<\/figcaption><\/figure><\/div>\n\n\n<p>Alors que je ne me sentais pas particuli\u00e8rement d&#8217;humeur sociale et que j&#8217;\u00e9tais m\u00eame un peu ennuy\u00e9e de devoir \u00eatre entour\u00e9e d&#8217;occidentaux (oui parce que les tours ce sont des activit\u00e9s o\u00f9 les riches paient des pauvres pour se faire accompagner, et ce sont essentiellement des occidentaux voire europ\u00e9ens qui peuvent se le permettre), je dois dire que cette randonn\u00e9e m&#8217;a permis de faire d&#8217;inattendues belles rencontres. Quelques personnes tr\u00e8s sympa et int\u00e9ressantes avec qui j&#8217;ai mang\u00e9 ou pass\u00e9 du temps, et surtout un adorable couple d&#8217;Italiens, Giorgia et Felice, de vrais voyageureuses! Ils ont tout laiss\u00e9, plus d&#8217;appart ni rien et leur sac est leur maison depuis 6 mois et pour un temps encore ind\u00e9fini. On allait aux m\u00eames endroits et on est sur la m\u00eame longueur d&#8217;ondes, on est donc rest\u00e9s ensemble pour un bout de parcours.<\/p>\n\n\n<div class=\"wp-block-image\">\n<figure class=\"aligncenter size-large\"><a href=\"https:\/\/i0.wp.com\/www.spang.ch\/aude\/wp-content\/uploads\/2022\/08\/IMG_20220806_120020.jpg\"><img loading=\"lazy\" decoding=\"async\" width=\"1000\" height=\"750\" data-attachment-id=\"1103\" data-permalink=\"http:\/\/www.spang.ch\/aude\/img_20220806_120020\/\" data-orig-file=\"https:\/\/i0.wp.com\/www.spang.ch\/aude\/wp-content\/uploads\/2022\/08\/IMG_20220806_120020.jpg?fit=4032%2C3024\" data-orig-size=\"4032,3024\" data-comments-opened=\"1\" data-image-meta=\"{&quot;aperture&quot;:&quot;1.7&quot;,&quot;credit&quot;:&quot;&quot;,&quot;camera&quot;:&quot;SM-G930F&quot;,&quot;caption&quot;:&quot;&quot;,&quot;created_timestamp&quot;:&quot;1659787220&quot;,&quot;copyright&quot;:&quot;&quot;,&quot;focal_length&quot;:&quot;4.2&quot;,&quot;iso&quot;:&quot;64&quot;,&quot;shutter_speed&quot;:&quot;0.0045454545454545&quot;,&quot;title&quot;:&quot;&quot;,&quot;orientation&quot;:&quot;6&quot;}\" data-image-title=\"IMG_20220806_120020\" data-image-description=\"\" data-image-caption=\"&lt;p&gt;Comment se pr\u00e9parent les tortillas qui accompagnent pratiquement tous les plats&lt;\/p&gt;\n\" data-medium-file=\"https:\/\/i0.wp.com\/www.spang.ch\/aude\/wp-content\/uploads\/2022\/08\/IMG_20220806_120020.jpg?fit=300%2C225\" data-large-file=\"https:\/\/i0.wp.com\/www.spang.ch\/aude\/wp-content\/uploads\/2022\/08\/IMG_20220806_120020.jpg?fit=1000%2C750\" tabindex=\"0\" role=\"button\" src=\"https:\/\/i0.wp.com\/www.spang.ch\/aude\/wp-content\/uploads\/2022\/08\/IMG_20220806_120020.jpg?resize=1000%2C750\" alt=\"\" class=\"wp-image-1103\" srcset=\"https:\/\/i0.wp.com\/www.spang.ch\/aude\/wp-content\/uploads\/2022\/08\/IMG_20220806_120020.jpg?resize=1024%2C768 1024w, https:\/\/i0.wp.com\/www.spang.ch\/aude\/wp-content\/uploads\/2022\/08\/IMG_20220806_120020.jpg?resize=300%2C225 300w, https:\/\/i0.wp.com\/www.spang.ch\/aude\/wp-content\/uploads\/2022\/08\/IMG_20220806_120020.jpg?resize=768%2C576 768w, https:\/\/i0.wp.com\/www.spang.ch\/aude\/wp-content\/uploads\/2022\/08\/IMG_20220806_120020.jpg?resize=400%2C300 400w, https:\/\/i0.wp.com\/www.spang.ch\/aude\/wp-content\/uploads\/2022\/08\/IMG_20220806_120020.jpg?w=2000 2000w, https:\/\/i0.wp.com\/www.spang.ch\/aude\/wp-content\/uploads\/2022\/08\/IMG_20220806_120020.jpg?w=3000 3000w\" sizes=\"(max-width: 1000px) 100vw, 1000px\" data-recalc-dims=\"1\" \/><\/a><figcaption>Comment se pr\u00e9parent les tortillas qui accompagnent pratiquement tous les plats<\/figcaption><\/figure><\/div>\n\n\n<p>J&#8217;\u00e9cris en ce moment depuis un minibus qui m&#8217;emm\u00e8ne au centre du pays, voir de belles cascades dans la jungle. Prochain r\u00e9cit (si je trouve le temps): le march\u00e9 de Chichicastenango et le superbe Lac d&#8217;Atitlan, o\u00f9 j&#8217;\u00e9tais ces derniers jours!<\/p>\n\n\n\n<p>Hasta luego!<\/p>\n\n\n\n<p><\/p>\n\n\n\n<p>PS: toutes les photos sont malheureusement prises avec un t\u00e9l\u00e9phone, je ferai une galerie de mes belles photos d&#8217;appareil photos \u00e0 mon retour (si j&#8217;y parviens)<\/p>\n","protected":false},"excerpt":{"rendered":"<p>5 ans apr\u00e8s \u00eatre revenue d&#8217;Am\u00e9rique latine, je suis enfin de retour sur les routes du continent. L&#8217;aventure m&#8217;avait manqu\u00e9! Cette fois, c&#8217;est vers l&#8217;Am\u00e9rique centrale que s&#8217;est dirig\u00e9 mon regard, car je voulais d\u00e9couvrir quelque chose de nouveau. Le hasard des recommandations d&#8217;ami-es voyageureuses m&#8217;a pouss\u00e9e \u00e0 partir au Guatemala, faisant fi des avertissements&#8230; <\/p>\n<div class=\"link-more\"><a href=\"http:\/\/www.spang.ch\/aude\/2022\/08\/guatemala-1\/\">Read More<\/a><\/div>\n","protected":false},"author":1,"featured_media":1097,"comment_status":"open","ping_status":"open","sticky":false,"template":"","format":"standard","meta":{"jetpack_post_was_ever_published":false,"_jetpack_newsletter_access":"","_jetpack_dont_email_post_to_subs":false,"_jetpack_newsletter_tier_id":0,"_jetpack_memberships_contains_paywalled_content":false,"_jetpack_memberships_contains_paid_content":false,"footnotes":"","jetpack_publicize_message":"","jetpack_publicize_feature_enabled":true,"jetpack_social_post_already_shared":true,"jetpack_social_options":{"image_generator_settings":{"template":"highway","enabled":false},"version":2}},"categories":[4],"tags":[],"jetpack_publicize_connections":[],"jetpack_featured_media_url":"https:\/\/i0.wp.com\/www.spang.ch\/aude\/wp-content\/uploads\/2022\/08\/IMG_20220805_062003.jpg?fit=4032%2C3024","jetpack_shortlink":"https:\/\/wp.me\/p7EYAh-hk","jetpack-related-posts":[],"jetpack_likes_enabled":true,"jetpack_sharing_enabled":true,"_links":{"self":[{"href":"http:\/\/www.spang.ch\/aude\/wp-json\/wp\/v2\/posts\/1074"}],"collection":[{"href":"http:\/\/www.spang.ch\/aude\/wp-json\/wp\/v2\/posts"}],"about":[{"href":"http:\/\/www.spang.ch\/aude\/wp-json\/wp\/v2\/types\/post"}],"author":[{"embeddable":true,"href":"http:\/\/www.spang.ch\/aude\/wp-json\/wp\/v2\/users\/1"}],"replies":[{"embeddable":true,"href":"http:\/\/www.spang.ch\/aude\/wp-json\/wp\/v2\/comments?post=1074"}],"version-history":[{"count":6,"href":"http:\/\/www.spang.ch\/aude\/wp-json\/wp\/v2\/posts\/1074\/revisions"}],"predecessor-version":[{"id":1114,"href":"http:\/\/www.spang.ch\/aude\/wp-json\/wp\/v2\/posts\/1074\/revisions\/1114"}],"wp:featuredmedia":[{"embeddable":true,"href":"http:\/\/www.spang.ch\/aude\/wp-json\/wp\/v2\/media\/1097"}],"wp:attachment":[{"href":"http:\/\/www.spang.ch\/aude\/wp-json\/wp\/v2\/media?parent=1074"}],"wp:term":[{"taxonomy":"category","embeddable":true,"href":"http:\/\/www.spang.ch\/aude\/wp-json\/wp\/v2\/categories?post=1074"},{"taxonomy":"post_tag","embeddable":true,"href":"http:\/\/www.spang.ch\/aude\/wp-json\/wp\/v2\/tags?post=1074"}],"curies":[{"name":"wp","href":"https:\/\/api.w.org\/{rel}","templated":true}]}}