{"id":741,"date":"2017-06-13T23:35:19","date_gmt":"2017-06-13T21:35:19","guid":{"rendered":"http:\/\/www.spang.ch\/aude\/?p=741"},"modified":"2017-06-14T09:41:26","modified_gmt":"2017-06-14T07:41:26","slug":"conclusion-end-2-2","status":"publish","type":"post","link":"http:\/\/www.spang.ch\/aude\/fr\/2017\/06\/conclusion-end-2-2\/","title":{"rendered":"Conclusion &#8211; Fin 2\/2"},"content":{"rendered":"<p><figure id=\"attachment_1021\" aria-describedby=\"caption-attachment-1021\" style=\"width: 1000px\" class=\"wp-caption alignnone\"><a href=\"https:\/\/i0.wp.com\/www.spang.ch\/aude\/wp-content\/uploads\/2017\/05\/IMG_7975.jpg\"><img loading=\"lazy\" decoding=\"async\" data-attachment-id=\"1021\" data-permalink=\"http:\/\/www.spang.ch\/aude\/fr\/2017\/06\/conclusion-end-2-2\/img_7975\/\" data-orig-file=\"https:\/\/i0.wp.com\/www.spang.ch\/aude\/wp-content\/uploads\/2017\/05\/IMG_7975.jpg?fit=5184%2C3456\" data-orig-size=\"5184,3456\" data-comments-opened=\"1\" data-image-meta=\"{&quot;aperture&quot;:&quot;0&quot;,&quot;credit&quot;:&quot;&quot;,&quot;camera&quot;:&quot;&quot;,&quot;caption&quot;:&quot;&quot;,&quot;created_timestamp&quot;:&quot;0&quot;,&quot;copyright&quot;:&quot;&quot;,&quot;focal_length&quot;:&quot;0&quot;,&quot;iso&quot;:&quot;0&quot;,&quot;shutter_speed&quot;:&quot;0&quot;,&quot;title&quot;:&quot;&quot;,&quot;orientation&quot;:&quot;0&quot;}\" data-image-title=\"IMG_7975\" data-image-description=\"\" data-image-caption=\"&lt;p&gt;Casa Rosada, where the government seats &#8211; Buenos Aires&lt;\/p&gt;\n\" data-medium-file=\"https:\/\/i0.wp.com\/www.spang.ch\/aude\/wp-content\/uploads\/2017\/05\/IMG_7975.jpg?fit=300%2C200\" data-large-file=\"https:\/\/i0.wp.com\/www.spang.ch\/aude\/wp-content\/uploads\/2017\/05\/IMG_7975.jpg?fit=1000%2C667\" tabindex=\"0\" role=\"button\" class=\"wp-image-1021 size-large\" src=\"https:\/\/i0.wp.com\/www.spang.ch\/aude\/wp-content\/uploads\/2017\/05\/IMG_7975.jpg?resize=1000%2C667\" alt=\"\" width=\"1000\" height=\"667\" srcset=\"https:\/\/i0.wp.com\/www.spang.ch\/aude\/wp-content\/uploads\/2017\/05\/IMG_7975.jpg?resize=1024%2C683 1024w, https:\/\/i0.wp.com\/www.spang.ch\/aude\/wp-content\/uploads\/2017\/05\/IMG_7975.jpg?resize=300%2C200 300w, https:\/\/i0.wp.com\/www.spang.ch\/aude\/wp-content\/uploads\/2017\/05\/IMG_7975.jpg?resize=768%2C512 768w, https:\/\/i0.wp.com\/www.spang.ch\/aude\/wp-content\/uploads\/2017\/05\/IMG_7975.jpg?resize=960%2C640 960w, https:\/\/i0.wp.com\/www.spang.ch\/aude\/wp-content\/uploads\/2017\/05\/IMG_7975.jpg?resize=450%2C300 450w, https:\/\/i0.wp.com\/www.spang.ch\/aude\/wp-content\/uploads\/2017\/05\/IMG_7975.jpg?w=2000 2000w, https:\/\/i0.wp.com\/www.spang.ch\/aude\/wp-content\/uploads\/2017\/05\/IMG_7975.jpg?w=3000 3000w\" sizes=\"(max-width: 1000px) 100vw, 1000px\" data-recalc-dims=\"1\" \/><\/a><figcaption id=\"caption-attachment-1021\" class=\"wp-caption-text\">Casa Rosada, si\u00e8ge du gouvernement &#8211; Buenos Aires<\/figcaption><\/figure><\/p>\n<p style=\"text-align: justify;\">Apr\u00e8s le d\u00e9part de mon amie Emma, j&rsquo;ai pass\u00e9 quelques jours avec mes italiens du Br\u00e9sil pr\u00e9f\u00e9r\u00e9s, qu&rsquo;il \u00e9tait vraiment g\u00e9nial de revoir apr\u00e8s tant d&rsquo;ann\u00e9es! J&rsquo;ai v\u00e9cu pendant six mois dans le m\u00eame appart qu&rsquo;Irene, pas loin du c\u00e9l\u00e8bre Duomo de Florence, pendant mon Erasmus. Ensuite, je l&rsquo;ai revue, ainsi que son\u00a0copain d&rsquo;alors (d\u00e9sormais mari), Lorenzo, \u00e0 leur mariage, trois ans plus tard! Ils partaient imm\u00e9diatement pour Sa\u00f5 Paulo, o\u00f9 lui commen\u00e7ait un post-doctorat, et je leur ai dit en rigolant (mais mi-s\u00e9rieuse tout de m\u00eame) que moins de temps aurait pass\u00e9 d&rsquo;ici \u00e0 notre prochaine rencontre que depuis la derni\u00e8re, car, comme j&rsquo;allais partir en Am\u00e9rique du Sud, il faudrait que j&rsquo;aille les y trouver!<\/p>\n<figure id=\"attachment_1018\" aria-describedby=\"caption-attachment-1018\" style=\"width: 1000px\" class=\"wp-caption aligncenter\"><a href=\"https:\/\/i0.wp.com\/www.spang.ch\/aude\/wp-content\/uploads\/2017\/05\/IMG_8278.jpg\"><img loading=\"lazy\" decoding=\"async\" data-attachment-id=\"1018\" data-permalink=\"http:\/\/www.spang.ch\/aude\/fr\/2017\/06\/conclusion-end-2-2\/img_8278\/\" data-orig-file=\"https:\/\/i0.wp.com\/www.spang.ch\/aude\/wp-content\/uploads\/2017\/05\/IMG_8278.jpg?fit=5184%2C3456\" data-orig-size=\"5184,3456\" data-comments-opened=\"1\" data-image-meta=\"{&quot;aperture&quot;:&quot;0&quot;,&quot;credit&quot;:&quot;&quot;,&quot;camera&quot;:&quot;&quot;,&quot;caption&quot;:&quot;&quot;,&quot;created_timestamp&quot;:&quot;0&quot;,&quot;copyright&quot;:&quot;&quot;,&quot;focal_length&quot;:&quot;0&quot;,&quot;iso&quot;:&quot;0&quot;,&quot;shutter_speed&quot;:&quot;0&quot;,&quot;title&quot;:&quot;&quot;,&quot;orientation&quot;:&quot;0&quot;}\" data-image-title=\"IMG_8278\" data-image-description=\"\" data-image-caption=\"&lt;p&gt;Buenos Aires&lt;\/p&gt;\n\" data-medium-file=\"https:\/\/i0.wp.com\/www.spang.ch\/aude\/wp-content\/uploads\/2017\/05\/IMG_8278.jpg?fit=300%2C200\" data-large-file=\"https:\/\/i0.wp.com\/www.spang.ch\/aude\/wp-content\/uploads\/2017\/05\/IMG_8278.jpg?fit=1000%2C667\" tabindex=\"0\" role=\"button\" class=\"size-large wp-image-1018\" src=\"https:\/\/i0.wp.com\/www.spang.ch\/aude\/wp-content\/uploads\/2017\/05\/IMG_8278.jpg?resize=1000%2C667\" alt=\"\" width=\"1000\" height=\"667\" srcset=\"https:\/\/i0.wp.com\/www.spang.ch\/aude\/wp-content\/uploads\/2017\/05\/IMG_8278.jpg?resize=1024%2C683 1024w, https:\/\/i0.wp.com\/www.spang.ch\/aude\/wp-content\/uploads\/2017\/05\/IMG_8278.jpg?resize=300%2C200 300w, https:\/\/i0.wp.com\/www.spang.ch\/aude\/wp-content\/uploads\/2017\/05\/IMG_8278.jpg?resize=768%2C512 768w, https:\/\/i0.wp.com\/www.spang.ch\/aude\/wp-content\/uploads\/2017\/05\/IMG_8278.jpg?resize=960%2C640 960w, https:\/\/i0.wp.com\/www.spang.ch\/aude\/wp-content\/uploads\/2017\/05\/IMG_8278.jpg?resize=450%2C300 450w, https:\/\/i0.wp.com\/www.spang.ch\/aude\/wp-content\/uploads\/2017\/05\/IMG_8278.jpg?w=2000 2000w, https:\/\/i0.wp.com\/www.spang.ch\/aude\/wp-content\/uploads\/2017\/05\/IMG_8278.jpg?w=3000 3000w\" sizes=\"(max-width: 1000px) 100vw, 1000px\" data-recalc-dims=\"1\" \/><\/a><figcaption id=\"caption-attachment-1018\" class=\"wp-caption-text\">Buenos Aires<\/figcaption><\/figure>\n<p><small>NB: presque toutes les photos de cet article sont de Buenos Aires, parce que je ne pouvais pas ne pas vous la montrer comme il faut, bien que la majorit\u00e9 de l&rsquo;article\u00a0parle d&rsquo;autre chose<\/small><\/p>\n<figure id=\"attachment_1025\" aria-describedby=\"caption-attachment-1025\" style=\"width: 987px\" class=\"wp-caption aligncenter\"><a href=\"https:\/\/i0.wp.com\/www.spang.ch\/aude\/wp-content\/uploads\/2017\/05\/Screen-Shot-2017-05-29-at-17.55.54.jpg\"><img loading=\"lazy\" decoding=\"async\" data-attachment-id=\"1025\" data-permalink=\"http:\/\/www.spang.ch\/aude\/fr\/2017\/06\/conclusion-end-2-2\/screen-shot-2017-05-29-at-17-55-54\/\" data-orig-file=\"https:\/\/i0.wp.com\/www.spang.ch\/aude\/wp-content\/uploads\/2017\/05\/Screen-Shot-2017-05-29-at-17.55.54.jpg?fit=987%2C655\" data-orig-size=\"987,655\" data-comments-opened=\"1\" data-image-meta=\"{&quot;aperture&quot;:&quot;0&quot;,&quot;credit&quot;:&quot;&quot;,&quot;camera&quot;:&quot;&quot;,&quot;caption&quot;:&quot;&quot;,&quot;created_timestamp&quot;:&quot;0&quot;,&quot;copyright&quot;:&quot;&quot;,&quot;focal_length&quot;:&quot;0&quot;,&quot;iso&quot;:&quot;0&quot;,&quot;shutter_speed&quot;:&quot;0&quot;,&quot;title&quot;:&quot;&quot;,&quot;orientation&quot;:&quot;0&quot;}\" data-image-title=\"Screen Shot 2017-05-29 at 17.55.54\" data-image-description=\"\" data-image-caption=\"&lt;p&gt;Buenos Aires&lt;\/p&gt;\n\" data-medium-file=\"https:\/\/i0.wp.com\/www.spang.ch\/aude\/wp-content\/uploads\/2017\/05\/Screen-Shot-2017-05-29-at-17.55.54.jpg?fit=300%2C199\" data-large-file=\"https:\/\/i0.wp.com\/www.spang.ch\/aude\/wp-content\/uploads\/2017\/05\/Screen-Shot-2017-05-29-at-17.55.54.jpg?fit=987%2C655\" tabindex=\"0\" role=\"button\" class=\"size-full wp-image-1025\" src=\"https:\/\/i0.wp.com\/www.spang.ch\/aude\/wp-content\/uploads\/2017\/05\/Screen-Shot-2017-05-29-at-17.55.54.jpg?resize=987%2C655\" alt=\"\" width=\"987\" height=\"655\" srcset=\"https:\/\/i0.wp.com\/www.spang.ch\/aude\/wp-content\/uploads\/2017\/05\/Screen-Shot-2017-05-29-at-17.55.54.jpg?w=987 987w, https:\/\/i0.wp.com\/www.spang.ch\/aude\/wp-content\/uploads\/2017\/05\/Screen-Shot-2017-05-29-at-17.55.54.jpg?resize=300%2C199 300w, https:\/\/i0.wp.com\/www.spang.ch\/aude\/wp-content\/uploads\/2017\/05\/Screen-Shot-2017-05-29-at-17.55.54.jpg?resize=768%2C510 768w, https:\/\/i0.wp.com\/www.spang.ch\/aude\/wp-content\/uploads\/2017\/05\/Screen-Shot-2017-05-29-at-17.55.54.jpg?resize=452%2C300 452w\" sizes=\"(max-width: 987px) 100vw, 987px\" data-recalc-dims=\"1\" \/><\/a><figcaption id=\"caption-attachment-1025\" class=\"wp-caption-text\">Buenos Aires<\/figcaption><\/figure>\n<p style=\"text-align: justify;\">Eh bien ce fut dit, ce fut fait, deux ans plus tard nous nous sommes retrouv\u00e9s dans leur appartement \u00e0 S\u00e3o Paulo! Entre-deux, mes amis avaient appris le portugais et s&rsquo;\u00e9taient fait plein d&rsquo;amis sur place, avaient d\u00e9couvert la vie br\u00e9silienne. J&rsquo;ai pass\u00e9 quelques soir\u00e9es avec eux et leurs amis, tout en portugais, o\u00f9 je comprenais presque tout et r\u00e9pondais en espagnol, ce qui fut tr\u00e8s dr\u00f4le. Une autre soir\u00e9e j&rsquo;ai revu\u00a0Cristiane, une <em>paulista<\/em> rencontr\u00e9e, elle aussi, sur une \u00eele en Colombie (comme mes amies chiliennes d&rsquo;un article pr\u00e9c\u00e9dent). Super soir\u00e9es, vraiment! Et les journ\u00e9es furent tranquilles, consacr\u00e9es \u00e0 \u00eatre avec mes amis en mangeant des glaces, \u00e0 observer\u00a0des capivaras (les plus gros rongeurs au monde!) et \u00e0 me reposer un peu. Apr\u00e8s tant de mois de voyage, je ne sentais plus vraiment le besoin de continuelle d\u00e9couverte qui m&rsquo;animait au d\u00e9but.<\/p>\n<figure id=\"attachment_965\" aria-describedby=\"caption-attachment-965\" style=\"width: 1000px\" class=\"wp-caption aligncenter\"><a href=\"https:\/\/i0.wp.com\/www.spang.ch\/aude\/wp-content\/uploads\/2017\/05\/IMG_7853.jpg\"><img loading=\"lazy\" decoding=\"async\" data-attachment-id=\"965\" data-permalink=\"http:\/\/www.spang.ch\/aude\/fr\/2017\/06\/conclusion-end-2-2\/img_7853\/\" data-orig-file=\"https:\/\/i0.wp.com\/www.spang.ch\/aude\/wp-content\/uploads\/2017\/05\/IMG_7853.jpg?fit=5184%2C3456\" data-orig-size=\"5184,3456\" data-comments-opened=\"1\" data-image-meta=\"{&quot;aperture&quot;:&quot;0&quot;,&quot;credit&quot;:&quot;&quot;,&quot;camera&quot;:&quot;&quot;,&quot;caption&quot;:&quot;&quot;,&quot;created_timestamp&quot;:&quot;0&quot;,&quot;copyright&quot;:&quot;&quot;,&quot;focal_length&quot;:&quot;0&quot;,&quot;iso&quot;:&quot;0&quot;,&quot;shutter_speed&quot;:&quot;0&quot;,&quot;title&quot;:&quot;&quot;,&quot;orientation&quot;:&quot;0&quot;}\" data-image-title=\"IMG_7853\" data-image-description=\"\" data-image-caption=\"&lt;p&gt;Capivaras&lt;\/p&gt;\n\" data-medium-file=\"https:\/\/i0.wp.com\/www.spang.ch\/aude\/wp-content\/uploads\/2017\/05\/IMG_7853.jpg?fit=300%2C200\" data-large-file=\"https:\/\/i0.wp.com\/www.spang.ch\/aude\/wp-content\/uploads\/2017\/05\/IMG_7853.jpg?fit=1000%2C667\" tabindex=\"0\" role=\"button\" class=\"size-large wp-image-965\" src=\"https:\/\/i0.wp.com\/www.spang.ch\/aude\/wp-content\/uploads\/2017\/05\/IMG_7853.jpg?resize=1000%2C667\" alt=\"\" width=\"1000\" height=\"667\" srcset=\"https:\/\/i0.wp.com\/www.spang.ch\/aude\/wp-content\/uploads\/2017\/05\/IMG_7853.jpg?resize=1024%2C683 1024w, https:\/\/i0.wp.com\/www.spang.ch\/aude\/wp-content\/uploads\/2017\/05\/IMG_7853.jpg?resize=300%2C200 300w, https:\/\/i0.wp.com\/www.spang.ch\/aude\/wp-content\/uploads\/2017\/05\/IMG_7853.jpg?resize=768%2C512 768w, https:\/\/i0.wp.com\/www.spang.ch\/aude\/wp-content\/uploads\/2017\/05\/IMG_7853.jpg?resize=960%2C640 960w, https:\/\/i0.wp.com\/www.spang.ch\/aude\/wp-content\/uploads\/2017\/05\/IMG_7853.jpg?resize=450%2C300 450w, https:\/\/i0.wp.com\/www.spang.ch\/aude\/wp-content\/uploads\/2017\/05\/IMG_7853.jpg?w=2000 2000w, https:\/\/i0.wp.com\/www.spang.ch\/aude\/wp-content\/uploads\/2017\/05\/IMG_7853.jpg?w=3000 3000w\" sizes=\"(max-width: 1000px) 100vw, 1000px\" data-recalc-dims=\"1\" \/><\/a><figcaption id=\"caption-attachment-965\" class=\"wp-caption-text\">Capivaras \u00e0 Sa\u00f5 Paulo<\/figcaption><\/figure>\n<figure id=\"attachment_1030\" aria-describedby=\"caption-attachment-1030\" style=\"width: 987px\" class=\"wp-caption aligncenter\"><a href=\"https:\/\/i0.wp.com\/www.spang.ch\/aude\/wp-content\/uploads\/2017\/05\/Screen-Shot-2017-05-29-at-17.55.10.jpg\"><img loading=\"lazy\" decoding=\"async\" data-attachment-id=\"1030\" data-permalink=\"http:\/\/www.spang.ch\/aude\/fr\/2017\/06\/conclusion-end-2-2\/screen-shot-2017-05-29-at-17-55-10\/\" data-orig-file=\"https:\/\/i0.wp.com\/www.spang.ch\/aude\/wp-content\/uploads\/2017\/05\/Screen-Shot-2017-05-29-at-17.55.10.jpg?fit=987%2C658\" data-orig-size=\"987,658\" data-comments-opened=\"1\" data-image-meta=\"{&quot;aperture&quot;:&quot;0&quot;,&quot;credit&quot;:&quot;&quot;,&quot;camera&quot;:&quot;&quot;,&quot;caption&quot;:&quot;&quot;,&quot;created_timestamp&quot;:&quot;0&quot;,&quot;copyright&quot;:&quot;&quot;,&quot;focal_length&quot;:&quot;0&quot;,&quot;iso&quot;:&quot;0&quot;,&quot;shutter_speed&quot;:&quot;0&quot;,&quot;title&quot;:&quot;&quot;,&quot;orientation&quot;:&quot;0&quot;}\" data-image-title=\"Screen Shot 2017-05-29 at 17.55.10\" data-image-description=\"\" data-image-caption=\"&lt;p&gt;Buenos Aires&lt;\/p&gt;\n\" data-medium-file=\"https:\/\/i0.wp.com\/www.spang.ch\/aude\/wp-content\/uploads\/2017\/05\/Screen-Shot-2017-05-29-at-17.55.10.jpg?fit=300%2C200\" data-large-file=\"https:\/\/i0.wp.com\/www.spang.ch\/aude\/wp-content\/uploads\/2017\/05\/Screen-Shot-2017-05-29-at-17.55.10.jpg?fit=987%2C658\" tabindex=\"0\" role=\"button\" class=\"size-full wp-image-1030\" src=\"https:\/\/i0.wp.com\/www.spang.ch\/aude\/wp-content\/uploads\/2017\/05\/Screen-Shot-2017-05-29-at-17.55.10.jpg?resize=987%2C658\" alt=\"\" width=\"987\" height=\"658\" srcset=\"https:\/\/i0.wp.com\/www.spang.ch\/aude\/wp-content\/uploads\/2017\/05\/Screen-Shot-2017-05-29-at-17.55.10.jpg?w=987 987w, https:\/\/i0.wp.com\/www.spang.ch\/aude\/wp-content\/uploads\/2017\/05\/Screen-Shot-2017-05-29-at-17.55.10.jpg?resize=300%2C200 300w, https:\/\/i0.wp.com\/www.spang.ch\/aude\/wp-content\/uploads\/2017\/05\/Screen-Shot-2017-05-29-at-17.55.10.jpg?resize=768%2C512 768w, https:\/\/i0.wp.com\/www.spang.ch\/aude\/wp-content\/uploads\/2017\/05\/Screen-Shot-2017-05-29-at-17.55.10.jpg?resize=960%2C640 960w, https:\/\/i0.wp.com\/www.spang.ch\/aude\/wp-content\/uploads\/2017\/05\/Screen-Shot-2017-05-29-at-17.55.10.jpg?resize=450%2C300 450w\" sizes=\"(max-width: 987px) 100vw, 987px\" data-recalc-dims=\"1\" \/><\/a><figcaption id=\"caption-attachment-1030\" class=\"wp-caption-text\">Buenos Aires<\/figcaption><\/figure>\n<p style=\"text-align: justify;\">Ma derni\u00e8re semaine, je l&rsquo;ai pass\u00e9e \u00e0 Buenos Aires, sur un coup de t\u00eate (un peu cher) qui m&rsquo;a ramen\u00e9e dans cette ville que j&rsquo;ai tant appr\u00e9ci\u00e9e. J&rsquo;avais tr\u00e8s envie d&rsquo;\u00eatre encore en Argentine, et dans un environnement hispanophone, pour la fin de mon voyage. Me sentir encore une voyageuse et un peu moins une touriste, pour les derniers jours avant de rentrer. Ce fut une super d\u00e9cision: mis \u00e0 part que je n&rsquo;avais en effet plus l&rsquo;\u00e9nergie et le d\u00e9sir de d\u00e9couvrir et visiter, j&rsquo;ai beaucoup profit\u00e9 de l&rsquo;ambiance argentine durant cette derni\u00e8re semaine.<\/p>\n<figure id=\"attachment_1027\" aria-describedby=\"caption-attachment-1027\" style=\"width: 987px\" class=\"wp-caption aligncenter\"><a href=\"https:\/\/i0.wp.com\/www.spang.ch\/aude\/wp-content\/uploads\/2017\/05\/Screen-Shot-2017-05-29-at-17.55.33.jpg\"><img loading=\"lazy\" decoding=\"async\" data-attachment-id=\"1027\" data-permalink=\"http:\/\/www.spang.ch\/aude\/fr\/2017\/06\/conclusion-end-2-2\/screen-shot-2017-05-29-at-17-55-33\/\" data-orig-file=\"https:\/\/i0.wp.com\/www.spang.ch\/aude\/wp-content\/uploads\/2017\/05\/Screen-Shot-2017-05-29-at-17.55.33.jpg?fit=987%2C559\" data-orig-size=\"987,559\" data-comments-opened=\"1\" data-image-meta=\"{&quot;aperture&quot;:&quot;0&quot;,&quot;credit&quot;:&quot;&quot;,&quot;camera&quot;:&quot;&quot;,&quot;caption&quot;:&quot;&quot;,&quot;created_timestamp&quot;:&quot;0&quot;,&quot;copyright&quot;:&quot;&quot;,&quot;focal_length&quot;:&quot;0&quot;,&quot;iso&quot;:&quot;0&quot;,&quot;shutter_speed&quot;:&quot;0&quot;,&quot;title&quot;:&quot;&quot;,&quot;orientation&quot;:&quot;0&quot;}\" data-image-title=\"Screen Shot 2017-05-29 at 17.55.33\" data-image-description=\"\" data-image-caption=\"&lt;p&gt;Buenos Aires&lt;\/p&gt;\n\" data-medium-file=\"https:\/\/i0.wp.com\/www.spang.ch\/aude\/wp-content\/uploads\/2017\/05\/Screen-Shot-2017-05-29-at-17.55.33.jpg?fit=300%2C170\" data-large-file=\"https:\/\/i0.wp.com\/www.spang.ch\/aude\/wp-content\/uploads\/2017\/05\/Screen-Shot-2017-05-29-at-17.55.33.jpg?fit=987%2C559\" tabindex=\"0\" role=\"button\" class=\"size-full wp-image-1027\" src=\"https:\/\/i0.wp.com\/www.spang.ch\/aude\/wp-content\/uploads\/2017\/05\/Screen-Shot-2017-05-29-at-17.55.33.jpg?resize=987%2C559\" alt=\"\" width=\"987\" height=\"559\" srcset=\"https:\/\/i0.wp.com\/www.spang.ch\/aude\/wp-content\/uploads\/2017\/05\/Screen-Shot-2017-05-29-at-17.55.33.jpg?w=987 987w, https:\/\/i0.wp.com\/www.spang.ch\/aude\/wp-content\/uploads\/2017\/05\/Screen-Shot-2017-05-29-at-17.55.33.jpg?resize=300%2C170 300w, https:\/\/i0.wp.com\/www.spang.ch\/aude\/wp-content\/uploads\/2017\/05\/Screen-Shot-2017-05-29-at-17.55.33.jpg?resize=768%2C435 768w, https:\/\/i0.wp.com\/www.spang.ch\/aude\/wp-content\/uploads\/2017\/05\/Screen-Shot-2017-05-29-at-17.55.33.jpg?resize=530%2C300 530w\" sizes=\"(max-width: 987px) 100vw, 987px\" data-recalc-dims=\"1\" \/><\/a><figcaption id=\"caption-attachment-1027\" class=\"wp-caption-text\">Buenos Aires<\/figcaption><\/figure>\n<figure id=\"attachment_1031\" aria-describedby=\"caption-attachment-1031\" style=\"width: 435px\" class=\"wp-caption aligncenter\"><a href=\"https:\/\/i0.wp.com\/www.spang.ch\/aude\/wp-content\/uploads\/2017\/05\/Screen-Shot-2017-05-29-at-17.51.55.jpg\"><img loading=\"lazy\" decoding=\"async\" data-attachment-id=\"1031\" data-permalink=\"http:\/\/www.spang.ch\/aude\/fr\/2017\/06\/conclusion-end-2-2\/screen-shot-2017-05-29-at-17-51-55\/\" data-orig-file=\"https:\/\/i0.wp.com\/www.spang.ch\/aude\/wp-content\/uploads\/2017\/05\/Screen-Shot-2017-05-29-at-17.51.55.jpg?fit=435%2C657\" data-orig-size=\"435,657\" data-comments-opened=\"1\" data-image-meta=\"{&quot;aperture&quot;:&quot;0&quot;,&quot;credit&quot;:&quot;&quot;,&quot;camera&quot;:&quot;&quot;,&quot;caption&quot;:&quot;&quot;,&quot;created_timestamp&quot;:&quot;0&quot;,&quot;copyright&quot;:&quot;&quot;,&quot;focal_length&quot;:&quot;0&quot;,&quot;iso&quot;:&quot;0&quot;,&quot;shutter_speed&quot;:&quot;0&quot;,&quot;title&quot;:&quot;&quot;,&quot;orientation&quot;:&quot;0&quot;}\" data-image-title=\"Screen Shot 2017-05-29 at 17.51.55\" data-image-description=\"\" data-image-caption=\"&lt;p&gt;Buenos Aires&lt;\/p&gt;\n\" data-medium-file=\"https:\/\/i0.wp.com\/www.spang.ch\/aude\/wp-content\/uploads\/2017\/05\/Screen-Shot-2017-05-29-at-17.51.55.jpg?fit=199%2C300\" data-large-file=\"https:\/\/i0.wp.com\/www.spang.ch\/aude\/wp-content\/uploads\/2017\/05\/Screen-Shot-2017-05-29-at-17.51.55.jpg?fit=435%2C657\" tabindex=\"0\" role=\"button\" class=\"size-full wp-image-1031\" src=\"https:\/\/i0.wp.com\/www.spang.ch\/aude\/wp-content\/uploads\/2017\/05\/Screen-Shot-2017-05-29-at-17.51.55.jpg?resize=435%2C657\" alt=\"\" width=\"435\" height=\"657\" srcset=\"https:\/\/i0.wp.com\/www.spang.ch\/aude\/wp-content\/uploads\/2017\/05\/Screen-Shot-2017-05-29-at-17.51.55.jpg?w=435 435w, https:\/\/i0.wp.com\/www.spang.ch\/aude\/wp-content\/uploads\/2017\/05\/Screen-Shot-2017-05-29-at-17.51.55.jpg?resize=199%2C300 199w\" sizes=\"(max-width: 435px) 100vw, 435px\" data-recalc-dims=\"1\" \/><\/a><figcaption id=\"caption-attachment-1031\" class=\"wp-caption-text\">Buenos Aires<\/figcaption><\/figure>\n<p style=\"text-align: justify;\">Je pensais faire tous les mus\u00e9es et monuments qui me manquaient, j&rsquo;aurai surtout mang\u00e9 des asados avec les argentins de mon auberge de jeunesse et bu des mat\u00e9s! Mais je me suis aussi balad\u00e9e dans San Telmo, ai visit\u00e9 un mus\u00e9e d&rsquo;art et, surtout, enfin vu le beau cimeti\u00e8re de la Recoleta. C&rsquo;est un vieux cimeti\u00e8re de riches familles, donc plut\u00f4t classe parce que plein de superbes et imposantes pierres tombales &#8211; d&rsquo;ailleurs Evita Per\u00f3n, la bien-aim\u00e9e \u00e9pouse de l&rsquo;ancien pr\u00e9sident, y est enterr\u00e9e.<\/p>\n<figure id=\"attachment_1015\" aria-describedby=\"caption-attachment-1015\" style=\"width: 683px\" class=\"wp-caption aligncenter\"><a href=\"https:\/\/i0.wp.com\/www.spang.ch\/aude\/wp-content\/uploads\/2017\/05\/IMG_8221-e1496007264460.jpg\"><img loading=\"lazy\" decoding=\"async\" data-attachment-id=\"1015\" data-permalink=\"http:\/\/www.spang.ch\/aude\/fr\/2017\/06\/conclusion-end-2-2\/img_8221\/\" data-orig-file=\"https:\/\/i0.wp.com\/www.spang.ch\/aude\/wp-content\/uploads\/2017\/05\/IMG_8221-e1496007264460.jpg?fit=3456%2C5184\" data-orig-size=\"3456,5184\" data-comments-opened=\"1\" data-image-meta=\"{&quot;aperture&quot;:&quot;0&quot;,&quot;credit&quot;:&quot;&quot;,&quot;camera&quot;:&quot;&quot;,&quot;caption&quot;:&quot;&quot;,&quot;created_timestamp&quot;:&quot;0&quot;,&quot;copyright&quot;:&quot;&quot;,&quot;focal_length&quot;:&quot;0&quot;,&quot;iso&quot;:&quot;0&quot;,&quot;shutter_speed&quot;:&quot;0&quot;,&quot;title&quot;:&quot;&quot;,&quot;orientation&quot;:&quot;0&quot;}\" data-image-title=\"IMG_8221\" data-image-description=\"\" data-image-caption=\"&lt;p&gt;Cimeti\u00e8re La Recoleta &#8211;&lt;br \/&gt;\n Buenos Aires&lt;\/p&gt;\n\" data-medium-file=\"https:\/\/i0.wp.com\/www.spang.ch\/aude\/wp-content\/uploads\/2017\/05\/IMG_8221-e1496007264460.jpg?fit=200%2C300\" data-large-file=\"https:\/\/i0.wp.com\/www.spang.ch\/aude\/wp-content\/uploads\/2017\/05\/IMG_8221-e1496007264460.jpg?fit=683%2C1024\" tabindex=\"0\" role=\"button\" class=\"size-large wp-image-1015\" src=\"https:\/\/i0.wp.com\/www.spang.ch\/aude\/wp-content\/uploads\/2017\/05\/IMG_8221-e1496007264460-683x1024.jpg?resize=683%2C1024\" alt=\"\" width=\"683\" height=\"1024\" srcset=\"https:\/\/i0.wp.com\/www.spang.ch\/aude\/wp-content\/uploads\/2017\/05\/IMG_8221-e1496007264460.jpg?resize=683%2C1024 683w, https:\/\/i0.wp.com\/www.spang.ch\/aude\/wp-content\/uploads\/2017\/05\/IMG_8221-e1496007264460.jpg?resize=200%2C300 200w, https:\/\/i0.wp.com\/www.spang.ch\/aude\/wp-content\/uploads\/2017\/05\/IMG_8221-e1496007264460.jpg?resize=768%2C1152 768w, https:\/\/i0.wp.com\/www.spang.ch\/aude\/wp-content\/uploads\/2017\/05\/IMG_8221-e1496007264460.jpg?w=2000 2000w, https:\/\/i0.wp.com\/www.spang.ch\/aude\/wp-content\/uploads\/2017\/05\/IMG_8221-e1496007264460.jpg?w=3000 3000w\" sizes=\"(max-width: 683px) 100vw, 683px\" data-recalc-dims=\"1\" \/><\/a><figcaption id=\"caption-attachment-1015\" class=\"wp-caption-text\">Cimeti\u00e8re La Recoleta &#8211;<br \/>Buenos Aires<\/figcaption><\/figure>\n<figure id=\"attachment_1017\" aria-describedby=\"caption-attachment-1017\" style=\"width: 683px\" class=\"wp-caption aligncenter\"><a href=\"https:\/\/i0.wp.com\/www.spang.ch\/aude\/wp-content\/uploads\/2017\/05\/IMG_8241-e1496007499351.jpg\"><img loading=\"lazy\" decoding=\"async\" data-attachment-id=\"1017\" data-permalink=\"http:\/\/www.spang.ch\/aude\/fr\/2017\/06\/conclusion-end-2-2\/img_8241\/\" data-orig-file=\"https:\/\/i0.wp.com\/www.spang.ch\/aude\/wp-content\/uploads\/2017\/05\/IMG_8241-e1496007499351.jpg?fit=3456%2C5184\" data-orig-size=\"3456,5184\" data-comments-opened=\"1\" data-image-meta=\"{&quot;aperture&quot;:&quot;0&quot;,&quot;credit&quot;:&quot;&quot;,&quot;camera&quot;:&quot;&quot;,&quot;caption&quot;:&quot;&quot;,&quot;created_timestamp&quot;:&quot;0&quot;,&quot;copyright&quot;:&quot;&quot;,&quot;focal_length&quot;:&quot;0&quot;,&quot;iso&quot;:&quot;0&quot;,&quot;shutter_speed&quot;:&quot;0&quot;,&quot;title&quot;:&quot;&quot;,&quot;orientation&quot;:&quot;0&quot;}\" data-image-title=\"IMG_8241\" data-image-description=\"\" data-image-caption=\"&lt;p&gt;Cimeti\u00e8re La Recoleta &#8211; Buenos Aires&lt;\/p&gt;\n\" data-medium-file=\"https:\/\/i0.wp.com\/www.spang.ch\/aude\/wp-content\/uploads\/2017\/05\/IMG_8241-e1496007499351.jpg?fit=200%2C300\" data-large-file=\"https:\/\/i0.wp.com\/www.spang.ch\/aude\/wp-content\/uploads\/2017\/05\/IMG_8241-e1496007499351.jpg?fit=683%2C1024\" tabindex=\"0\" role=\"button\" class=\"size-large wp-image-1017\" src=\"https:\/\/i0.wp.com\/www.spang.ch\/aude\/wp-content\/uploads\/2017\/05\/IMG_8241-e1496007499351-683x1024.jpg?resize=683%2C1024\" alt=\"\" width=\"683\" height=\"1024\" srcset=\"https:\/\/i0.wp.com\/www.spang.ch\/aude\/wp-content\/uploads\/2017\/05\/IMG_8241-e1496007499351.jpg?resize=683%2C1024 683w, https:\/\/i0.wp.com\/www.spang.ch\/aude\/wp-content\/uploads\/2017\/05\/IMG_8241-e1496007499351.jpg?resize=200%2C300 200w, https:\/\/i0.wp.com\/www.spang.ch\/aude\/wp-content\/uploads\/2017\/05\/IMG_8241-e1496007499351.jpg?resize=768%2C1152 768w, https:\/\/i0.wp.com\/www.spang.ch\/aude\/wp-content\/uploads\/2017\/05\/IMG_8241-e1496007499351.jpg?w=2000 2000w, https:\/\/i0.wp.com\/www.spang.ch\/aude\/wp-content\/uploads\/2017\/05\/IMG_8241-e1496007499351.jpg?w=3000 3000w\" sizes=\"(max-width: 683px) 100vw, 683px\" data-recalc-dims=\"1\" \/><\/a><figcaption id=\"caption-attachment-1017\" class=\"wp-caption-text\">Cimeti\u00e8re La Recoleta &#8211; Buenos Aires<\/figcaption><\/figure>\n<figure id=\"attachment_1016\" aria-describedby=\"caption-attachment-1016\" style=\"width: 1000px\" class=\"wp-caption aligncenter\"><a href=\"https:\/\/i0.wp.com\/www.spang.ch\/aude\/wp-content\/uploads\/2017\/05\/IMG_8229.jpg\"><img loading=\"lazy\" decoding=\"async\" data-attachment-id=\"1016\" data-permalink=\"http:\/\/www.spang.ch\/aude\/fr\/2017\/06\/conclusion-end-2-2\/img_8229\/\" data-orig-file=\"https:\/\/i0.wp.com\/www.spang.ch\/aude\/wp-content\/uploads\/2017\/05\/IMG_8229.jpg?fit=5184%2C3456\" data-orig-size=\"5184,3456\" data-comments-opened=\"1\" data-image-meta=\"{&quot;aperture&quot;:&quot;0&quot;,&quot;credit&quot;:&quot;&quot;,&quot;camera&quot;:&quot;&quot;,&quot;caption&quot;:&quot;&quot;,&quot;created_timestamp&quot;:&quot;0&quot;,&quot;copyright&quot;:&quot;&quot;,&quot;focal_length&quot;:&quot;0&quot;,&quot;iso&quot;:&quot;0&quot;,&quot;shutter_speed&quot;:&quot;0&quot;,&quot;title&quot;:&quot;&quot;,&quot;orientation&quot;:&quot;0&quot;}\" data-image-title=\"IMG_8229\" data-image-description=\"\" data-image-caption=\"&lt;p&gt;La Recoleta cemetery &#8211; Buenos Aires&lt;\/p&gt;\n\" data-medium-file=\"https:\/\/i0.wp.com\/www.spang.ch\/aude\/wp-content\/uploads\/2017\/05\/IMG_8229.jpg?fit=300%2C200\" data-large-file=\"https:\/\/i0.wp.com\/www.spang.ch\/aude\/wp-content\/uploads\/2017\/05\/IMG_8229.jpg?fit=1000%2C667\" tabindex=\"0\" role=\"button\" class=\"size-large wp-image-1016\" src=\"https:\/\/i0.wp.com\/www.spang.ch\/aude\/wp-content\/uploads\/2017\/05\/IMG_8229.jpg?resize=1000%2C667\" alt=\"\" width=\"1000\" height=\"667\" srcset=\"https:\/\/i0.wp.com\/www.spang.ch\/aude\/wp-content\/uploads\/2017\/05\/IMG_8229.jpg?resize=1024%2C683 1024w, https:\/\/i0.wp.com\/www.spang.ch\/aude\/wp-content\/uploads\/2017\/05\/IMG_8229.jpg?resize=300%2C200 300w, https:\/\/i0.wp.com\/www.spang.ch\/aude\/wp-content\/uploads\/2017\/05\/IMG_8229.jpg?resize=768%2C512 768w, https:\/\/i0.wp.com\/www.spang.ch\/aude\/wp-content\/uploads\/2017\/05\/IMG_8229.jpg?resize=960%2C640 960w, https:\/\/i0.wp.com\/www.spang.ch\/aude\/wp-content\/uploads\/2017\/05\/IMG_8229.jpg?resize=450%2C300 450w, https:\/\/i0.wp.com\/www.spang.ch\/aude\/wp-content\/uploads\/2017\/05\/IMG_8229.jpg?w=2000 2000w, https:\/\/i0.wp.com\/www.spang.ch\/aude\/wp-content\/uploads\/2017\/05\/IMG_8229.jpg?w=3000 3000w\" sizes=\"(max-width: 1000px) 100vw, 1000px\" data-recalc-dims=\"1\" \/><\/a><figcaption id=\"caption-attachment-1016\" class=\"wp-caption-text\">Cimeti\u00e8re La Recoleta &#8211; Buenos Aires<\/figcaption><\/figure>\n<p style=\"text-align: justify;\">J&rsquo;ai lu, \u00e9crit, revu beaucoup d&rsquo;endroits visit\u00e9s avec Emma, \u00e9cout\u00e9 pas mal de musique &#8211; notamment une jam session dans un bar quelque part &#8211; et profit\u00e9 de l&rsquo;atmosph\u00e8re tr\u00e8s musicale de la ville. J&rsquo;ai \u00e9galement rencontr\u00e9 Gisela, l&rsquo;amie argentine de mon amie Abi de Zurich, avec qui je suis all\u00e9e danser \u00e0 un super concert d&rsquo;un tas de musiciennes avec plein d&rsquo;instruments diff\u00e9rents et reprenant de vieilles musiques \u00e0 la sauce funky, suivi par de la cumbia colombienne. Parfait pour finir mon voyage sud-am\u00e9ricain! J&rsquo;aime beaucoup Buenos Aires, j&rsquo;aime l&rsquo;air qui s&rsquo;y respire, le rapport visible de la cit\u00e9 et ses habitants avec l&rsquo;art et avec le tango &#8211; qui sont omnipr\u00e9sents -, j&rsquo;aime comme on y parle, j&rsquo;aime son histoire, son architecture et j&rsquo;aime comme elle est verte. De toutes les villes que j&rsquo;ai visit\u00e9es durant ce voyage, si je devais m&rsquo;arr\u00eater quelque part pour vivre quelques ann\u00e9es je crois que je choisirais Buenos Aires!<\/p>\n<figure id=\"attachment_1014\" aria-describedby=\"caption-attachment-1014\" style=\"width: 683px\" class=\"wp-caption aligncenter\"><a href=\"https:\/\/i0.wp.com\/www.spang.ch\/aude\/wp-content\/uploads\/2017\/05\/IMG_8207-e1496007330420.jpg\"><img loading=\"lazy\" decoding=\"async\" data-attachment-id=\"1014\" data-permalink=\"http:\/\/www.spang.ch\/aude\/fr\/2017\/06\/conclusion-end-2-2\/img_8207\/\" data-orig-file=\"https:\/\/i0.wp.com\/www.spang.ch\/aude\/wp-content\/uploads\/2017\/05\/IMG_8207-e1496007330420.jpg?fit=3456%2C5184\" data-orig-size=\"3456,5184\" data-comments-opened=\"1\" data-image-meta=\"{&quot;aperture&quot;:&quot;0&quot;,&quot;credit&quot;:&quot;&quot;,&quot;camera&quot;:&quot;&quot;,&quot;caption&quot;:&quot;&quot;,&quot;created_timestamp&quot;:&quot;0&quot;,&quot;copyright&quot;:&quot;&quot;,&quot;focal_length&quot;:&quot;0&quot;,&quot;iso&quot;:&quot;0&quot;,&quot;shutter_speed&quot;:&quot;0&quot;,&quot;title&quot;:&quot;&quot;,&quot;orientation&quot;:&quot;0&quot;}\" data-image-title=\"IMG_8207\" data-image-description=\"\" data-image-caption=\"&lt;p&gt;Buenos Aires&lt;\/p&gt;\n\" data-medium-file=\"https:\/\/i0.wp.com\/www.spang.ch\/aude\/wp-content\/uploads\/2017\/05\/IMG_8207-e1496007330420.jpg?fit=200%2C300\" data-large-file=\"https:\/\/i0.wp.com\/www.spang.ch\/aude\/wp-content\/uploads\/2017\/05\/IMG_8207-e1496007330420.jpg?fit=683%2C1024\" tabindex=\"0\" role=\"button\" class=\"size-large wp-image-1014\" src=\"https:\/\/i0.wp.com\/www.spang.ch\/aude\/wp-content\/uploads\/2017\/05\/IMG_8207-e1496007330420-683x1024.jpg?resize=683%2C1024\" alt=\"\" width=\"683\" height=\"1024\" srcset=\"https:\/\/i0.wp.com\/www.spang.ch\/aude\/wp-content\/uploads\/2017\/05\/IMG_8207-e1496007330420.jpg?resize=683%2C1024 683w, https:\/\/i0.wp.com\/www.spang.ch\/aude\/wp-content\/uploads\/2017\/05\/IMG_8207-e1496007330420.jpg?resize=200%2C300 200w, https:\/\/i0.wp.com\/www.spang.ch\/aude\/wp-content\/uploads\/2017\/05\/IMG_8207-e1496007330420.jpg?resize=768%2C1152 768w, https:\/\/i0.wp.com\/www.spang.ch\/aude\/wp-content\/uploads\/2017\/05\/IMG_8207-e1496007330420.jpg?w=2000 2000w, https:\/\/i0.wp.com\/www.spang.ch\/aude\/wp-content\/uploads\/2017\/05\/IMG_8207-e1496007330420.jpg?w=3000 3000w\" sizes=\"(max-width: 683px) 100vw, 683px\" data-recalc-dims=\"1\" \/><\/a><figcaption id=\"caption-attachment-1014\" class=\"wp-caption-text\">Buenos Aires<\/figcaption><\/figure>\n<figure id=\"attachment_1036\" aria-describedby=\"caption-attachment-1036\" style=\"width: 985px\" class=\"wp-caption aligncenter\"><a href=\"https:\/\/i0.wp.com\/www.spang.ch\/aude\/wp-content\/uploads\/2017\/05\/Screen-Shot-2017-05-29-at-17.51.37.jpg\"><img loading=\"lazy\" decoding=\"async\" data-attachment-id=\"1036\" data-permalink=\"http:\/\/www.spang.ch\/aude\/fr\/2017\/06\/conclusion-end-2-2\/screen-shot-2017-05-29-at-17-51-37\/\" data-orig-file=\"https:\/\/i0.wp.com\/www.spang.ch\/aude\/wp-content\/uploads\/2017\/05\/Screen-Shot-2017-05-29-at-17.51.37.jpg?fit=985%2C656\" data-orig-size=\"985,656\" data-comments-opened=\"1\" data-image-meta=\"{&quot;aperture&quot;:&quot;0&quot;,&quot;credit&quot;:&quot;&quot;,&quot;camera&quot;:&quot;&quot;,&quot;caption&quot;:&quot;&quot;,&quot;created_timestamp&quot;:&quot;0&quot;,&quot;copyright&quot;:&quot;&quot;,&quot;focal_length&quot;:&quot;0&quot;,&quot;iso&quot;:&quot;0&quot;,&quot;shutter_speed&quot;:&quot;0&quot;,&quot;title&quot;:&quot;&quot;,&quot;orientation&quot;:&quot;0&quot;}\" data-image-title=\"Screen Shot 2017-05-29 at 17.51.37\" data-image-description=\"\" data-image-caption=\"&lt;p&gt;Buenos Aires&lt;\/p&gt;\n\" data-medium-file=\"https:\/\/i0.wp.com\/www.spang.ch\/aude\/wp-content\/uploads\/2017\/05\/Screen-Shot-2017-05-29-at-17.51.37.jpg?fit=300%2C200\" data-large-file=\"https:\/\/i0.wp.com\/www.spang.ch\/aude\/wp-content\/uploads\/2017\/05\/Screen-Shot-2017-05-29-at-17.51.37.jpg?fit=985%2C656\" tabindex=\"0\" role=\"button\" class=\"size-full wp-image-1036\" src=\"https:\/\/i0.wp.com\/www.spang.ch\/aude\/wp-content\/uploads\/2017\/05\/Screen-Shot-2017-05-29-at-17.51.37.jpg?resize=985%2C656\" alt=\"\" width=\"985\" height=\"656\" srcset=\"https:\/\/i0.wp.com\/www.spang.ch\/aude\/wp-content\/uploads\/2017\/05\/Screen-Shot-2017-05-29-at-17.51.37.jpg?w=985 985w, https:\/\/i0.wp.com\/www.spang.ch\/aude\/wp-content\/uploads\/2017\/05\/Screen-Shot-2017-05-29-at-17.51.37.jpg?resize=300%2C200 300w, https:\/\/i0.wp.com\/www.spang.ch\/aude\/wp-content\/uploads\/2017\/05\/Screen-Shot-2017-05-29-at-17.51.37.jpg?resize=768%2C511 768w, https:\/\/i0.wp.com\/www.spang.ch\/aude\/wp-content\/uploads\/2017\/05\/Screen-Shot-2017-05-29-at-17.51.37.jpg?resize=960%2C640 960w, https:\/\/i0.wp.com\/www.spang.ch\/aude\/wp-content\/uploads\/2017\/05\/Screen-Shot-2017-05-29-at-17.51.37.jpg?resize=450%2C300 450w\" sizes=\"(max-width: 985px) 100vw, 985px\" data-recalc-dims=\"1\" \/><\/a><figcaption id=\"caption-attachment-1036\" class=\"wp-caption-text\">Buenos Aires<\/figcaption><\/figure>\n<hr \/>\n<p style=\"text-align: justify;\">Et puis voil\u00e0, j&rsquo;ai d\u00fb lui dire au revoir, puis \u00e0 Irene et Lorenzo \u00e9galement. Mon avion de retour partait de SP, apr\u00e8s quelques achats de cacha\u00e7a et farine de tapioca, et apr\u00e8s un esp\u00e8ce de th\u00e9 dansant avec des retrait\u00e9s br\u00e9siliens en plein apr\u00e8s-midi. J&rsquo;ai pris un de ces vols transcontinentaux qui durent si longtemps que le temps arr\u00eate de passer et que seul compte ce qui existe dans cette\u00a0carlingue o\u00f9 des vies si diff\u00e9rentes se croisent sans vraiment se m\u00e9langer, chacun dans ses propres pens\u00e9es, son sommeil, ou ses films.<\/p>\n<figure id=\"attachment_1035\" aria-describedby=\"caption-attachment-1035\" style=\"width: 435px\" class=\"wp-caption aligncenter\"><a href=\"https:\/\/i0.wp.com\/www.spang.ch\/aude\/wp-content\/uploads\/2017\/05\/Screen-Shot-2017-05-29-at-17.51.17.jpg\"><img loading=\"lazy\" decoding=\"async\" data-attachment-id=\"1035\" data-permalink=\"http:\/\/www.spang.ch\/aude\/fr\/2017\/06\/conclusion-end-2-2\/screen-shot-2017-05-29-at-17-51-17\/\" data-orig-file=\"https:\/\/i0.wp.com\/www.spang.ch\/aude\/wp-content\/uploads\/2017\/05\/Screen-Shot-2017-05-29-at-17.51.17.jpg?fit=435%2C656\" data-orig-size=\"435,656\" data-comments-opened=\"1\" data-image-meta=\"{&quot;aperture&quot;:&quot;0&quot;,&quot;credit&quot;:&quot;&quot;,&quot;camera&quot;:&quot;&quot;,&quot;caption&quot;:&quot;&quot;,&quot;created_timestamp&quot;:&quot;0&quot;,&quot;copyright&quot;:&quot;&quot;,&quot;focal_length&quot;:&quot;0&quot;,&quot;iso&quot;:&quot;0&quot;,&quot;shutter_speed&quot;:&quot;0&quot;,&quot;title&quot;:&quot;&quot;,&quot;orientation&quot;:&quot;0&quot;}\" data-image-title=\"Screen Shot 2017-05-29 at 17.51.17\" data-image-description=\"\" data-image-caption=\"&lt;p&gt;Buenos Aires&lt;\/p&gt;\n\" data-medium-file=\"https:\/\/i0.wp.com\/www.spang.ch\/aude\/wp-content\/uploads\/2017\/05\/Screen-Shot-2017-05-29-at-17.51.17.jpg?fit=199%2C300\" data-large-file=\"https:\/\/i0.wp.com\/www.spang.ch\/aude\/wp-content\/uploads\/2017\/05\/Screen-Shot-2017-05-29-at-17.51.17.jpg?fit=435%2C656\" tabindex=\"0\" role=\"button\" class=\"size-full wp-image-1035\" src=\"https:\/\/i0.wp.com\/www.spang.ch\/aude\/wp-content\/uploads\/2017\/05\/Screen-Shot-2017-05-29-at-17.51.17.jpg?resize=435%2C656\" alt=\"\" width=\"435\" height=\"656\" srcset=\"https:\/\/i0.wp.com\/www.spang.ch\/aude\/wp-content\/uploads\/2017\/05\/Screen-Shot-2017-05-29-at-17.51.17.jpg?w=435 435w, https:\/\/i0.wp.com\/www.spang.ch\/aude\/wp-content\/uploads\/2017\/05\/Screen-Shot-2017-05-29-at-17.51.17.jpg?resize=199%2C300 199w\" sizes=\"(max-width: 435px) 100vw, 435px\" data-recalc-dims=\"1\" \/><\/a><figcaption id=\"caption-attachment-1035\" class=\"wp-caption-text\">Buenos Aires<\/figcaption><\/figure>\n<figure id=\"attachment_1037\" aria-describedby=\"caption-attachment-1037\" style=\"width: 434px\" class=\"wp-caption aligncenter\"><a href=\"https:\/\/i0.wp.com\/www.spang.ch\/aude\/wp-content\/uploads\/2017\/05\/Screen-Shot-2017-05-29-at-17.54.13.jpg\"><img loading=\"lazy\" decoding=\"async\" data-attachment-id=\"1037\" data-permalink=\"http:\/\/www.spang.ch\/aude\/fr\/2017\/06\/conclusion-end-2-2\/screen-shot-2017-05-29-at-17-54-13\/\" data-orig-file=\"https:\/\/i0.wp.com\/www.spang.ch\/aude\/wp-content\/uploads\/2017\/05\/Screen-Shot-2017-05-29-at-17.54.13.jpg?fit=434%2C656\" data-orig-size=\"434,656\" data-comments-opened=\"1\" data-image-meta=\"{&quot;aperture&quot;:&quot;0&quot;,&quot;credit&quot;:&quot;&quot;,&quot;camera&quot;:&quot;&quot;,&quot;caption&quot;:&quot;&quot;,&quot;created_timestamp&quot;:&quot;0&quot;,&quot;copyright&quot;:&quot;&quot;,&quot;focal_length&quot;:&quot;0&quot;,&quot;iso&quot;:&quot;0&quot;,&quot;shutter_speed&quot;:&quot;0&quot;,&quot;title&quot;:&quot;&quot;,&quot;orientation&quot;:&quot;0&quot;}\" data-image-title=\"Screen Shot 2017-05-29 at 17.54.13\" data-image-description=\"\" data-image-caption=\"&lt;p&gt;\u00ab\u00a0Excuse the disturbance, but we&amp;rsquo;re being assassinated\u00a0\u00bb protest against feminicide &#8211; Buenos Aires&lt;\/p&gt;\n\" data-medium-file=\"https:\/\/i0.wp.com\/www.spang.ch\/aude\/wp-content\/uploads\/2017\/05\/Screen-Shot-2017-05-29-at-17.54.13.jpg?fit=198%2C300\" data-large-file=\"https:\/\/i0.wp.com\/www.spang.ch\/aude\/wp-content\/uploads\/2017\/05\/Screen-Shot-2017-05-29-at-17.54.13.jpg?fit=434%2C656\" tabindex=\"0\" role=\"button\" class=\"size-full wp-image-1037\" src=\"https:\/\/i0.wp.com\/www.spang.ch\/aude\/wp-content\/uploads\/2017\/05\/Screen-Shot-2017-05-29-at-17.54.13.jpg?resize=434%2C656\" alt=\"\" width=\"434\" height=\"656\" srcset=\"https:\/\/i0.wp.com\/www.spang.ch\/aude\/wp-content\/uploads\/2017\/05\/Screen-Shot-2017-05-29-at-17.54.13.jpg?w=434 434w, https:\/\/i0.wp.com\/www.spang.ch\/aude\/wp-content\/uploads\/2017\/05\/Screen-Shot-2017-05-29-at-17.54.13.jpg?resize=198%2C300 198w\" sizes=\"(max-width: 434px) 100vw, 434px\" data-recalc-dims=\"1\" \/><\/a><figcaption id=\"caption-attachment-1037\" class=\"wp-caption-text\">\u00ab\u00a0Pardon pour le d\u00e9rangement, mais on nous assassine\u00a0\u00bb protestation contre les f\u00e9minicides &#8211; Buenos Aires<\/figcaption><\/figure>\n<p style=\"text-align: justify;\">J&rsquo;aime ces moments de transition, qui nous aident \u00e0 nous s\u00e9parer d&rsquo;une r\u00e9alit\u00e9 pour en accueillir une autre. Quel choc serait la fin d&rsquo;un si long voyage si on pouvait simplement se t\u00e9l\u00e9transporter! En g\u00e9n\u00e9ral, j&rsquo;\u00e9tais tr\u00e8s calme, tr\u00e8s apais\u00e9e \u00e0 l&rsquo;id\u00e9e de rentrer. J&rsquo;avais toujours su la date de mon vol de retour, je m&rsquo;y \u00e9tais donc pr\u00e9par\u00e9e psychologiquement depuis un moment. Et puis j&rsquo;ai fait un peu tout ce que je voulais, la \u00ab\u00a0boucle s&rsquo;est boucl\u00e9e\u00a0\u00bb, comme j&rsquo;ai expliqu\u00e9 \u00e0 beaucoup de gens depuis mon retour. Bien s\u00fbr il y a des tas de choses que j&rsquo;ai manqu\u00e9es, et pour bien il faudrait que je refasse le m\u00eame voyage, mais sur plus d&rsquo;une ann\u00e9e, pour vraiment passer assez de temps partout et d\u00e9couvrir les endroits que je m&rsquo;en suis voulue d&rsquo;avoir manqu\u00e9s. Mais on sait tous que la vie n&rsquo;en va pas ainsi.<\/p>\n<figure id=\"attachment_1034\" aria-describedby=\"caption-attachment-1034\" style=\"width: 436px\" class=\"wp-caption aligncenter\"><a href=\"https:\/\/i0.wp.com\/www.spang.ch\/aude\/wp-content\/uploads\/2017\/05\/Screen-Shot-2017-05-29-at-17.50.55.jpg\"><img loading=\"lazy\" decoding=\"async\" data-attachment-id=\"1034\" data-permalink=\"http:\/\/www.spang.ch\/aude\/fr\/2017\/06\/conclusion-end-2-2\/screen-shot-2017-05-29-at-17-50-55\/\" data-orig-file=\"https:\/\/i0.wp.com\/www.spang.ch\/aude\/wp-content\/uploads\/2017\/05\/Screen-Shot-2017-05-29-at-17.50.55.jpg?fit=436%2C658\" data-orig-size=\"436,658\" data-comments-opened=\"1\" data-image-meta=\"{&quot;aperture&quot;:&quot;0&quot;,&quot;credit&quot;:&quot;&quot;,&quot;camera&quot;:&quot;&quot;,&quot;caption&quot;:&quot;&quot;,&quot;created_timestamp&quot;:&quot;0&quot;,&quot;copyright&quot;:&quot;&quot;,&quot;focal_length&quot;:&quot;0&quot;,&quot;iso&quot;:&quot;0&quot;,&quot;shutter_speed&quot;:&quot;0&quot;,&quot;title&quot;:&quot;&quot;,&quot;orientation&quot;:&quot;0&quot;}\" data-image-title=\"Screen Shot 2017-05-29 at 17.50.55\" data-image-description=\"\" data-image-caption=\"&lt;p&gt;Buenos Aires&lt;\/p&gt;\n\" data-medium-file=\"https:\/\/i0.wp.com\/www.spang.ch\/aude\/wp-content\/uploads\/2017\/05\/Screen-Shot-2017-05-29-at-17.50.55.jpg?fit=199%2C300\" data-large-file=\"https:\/\/i0.wp.com\/www.spang.ch\/aude\/wp-content\/uploads\/2017\/05\/Screen-Shot-2017-05-29-at-17.50.55.jpg?fit=436%2C658\" tabindex=\"0\" role=\"button\" class=\"size-full wp-image-1034\" src=\"https:\/\/i0.wp.com\/www.spang.ch\/aude\/wp-content\/uploads\/2017\/05\/Screen-Shot-2017-05-29-at-17.50.55.jpg?resize=436%2C658\" alt=\"\" width=\"436\" height=\"658\" srcset=\"https:\/\/i0.wp.com\/www.spang.ch\/aude\/wp-content\/uploads\/2017\/05\/Screen-Shot-2017-05-29-at-17.50.55.jpg?w=436 436w, https:\/\/i0.wp.com\/www.spang.ch\/aude\/wp-content\/uploads\/2017\/05\/Screen-Shot-2017-05-29-at-17.50.55.jpg?resize=199%2C300 199w\" sizes=\"(max-width: 436px) 100vw, 436px\" data-recalc-dims=\"1\" \/><\/a><figcaption id=\"caption-attachment-1034\" class=\"wp-caption-text\">Buenos Aires<\/figcaption><\/figure>\n<figure id=\"attachment_1038\" aria-describedby=\"caption-attachment-1038\" style=\"width: 984px\" class=\"wp-caption aligncenter\"><a href=\"https:\/\/i0.wp.com\/www.spang.ch\/aude\/wp-content\/uploads\/2017\/05\/Screen-Shot-2017-05-29-at-17.56.08.jpg\"><img loading=\"lazy\" decoding=\"async\" data-attachment-id=\"1038\" data-permalink=\"http:\/\/www.spang.ch\/aude\/fr\/2017\/06\/conclusion-end-2-2\/screen-shot-2017-05-29-at-17-56-08\/\" data-orig-file=\"https:\/\/i0.wp.com\/www.spang.ch\/aude\/wp-content\/uploads\/2017\/05\/Screen-Shot-2017-05-29-at-17.56.08.jpg?fit=984%2C657\" data-orig-size=\"984,657\" data-comments-opened=\"1\" data-image-meta=\"{&quot;aperture&quot;:&quot;0&quot;,&quot;credit&quot;:&quot;&quot;,&quot;camera&quot;:&quot;&quot;,&quot;caption&quot;:&quot;&quot;,&quot;created_timestamp&quot;:&quot;0&quot;,&quot;copyright&quot;:&quot;&quot;,&quot;focal_length&quot;:&quot;0&quot;,&quot;iso&quot;:&quot;0&quot;,&quot;shutter_speed&quot;:&quot;0&quot;,&quot;title&quot;:&quot;&quot;,&quot;orientation&quot;:&quot;0&quot;}\" data-image-title=\"Screen Shot 2017-05-29 at 17.56.08\" data-image-description=\"\" data-image-caption=\"&lt;p&gt;Sleepy gaucho &#8211; Buenos Aires&lt;\/p&gt;\n\" data-medium-file=\"https:\/\/i0.wp.com\/www.spang.ch\/aude\/wp-content\/uploads\/2017\/05\/Screen-Shot-2017-05-29-at-17.56.08.jpg?fit=300%2C200\" data-large-file=\"https:\/\/i0.wp.com\/www.spang.ch\/aude\/wp-content\/uploads\/2017\/05\/Screen-Shot-2017-05-29-at-17.56.08.jpg?fit=984%2C657\" tabindex=\"0\" role=\"button\" class=\"size-full wp-image-1038\" src=\"https:\/\/i0.wp.com\/www.spang.ch\/aude\/wp-content\/uploads\/2017\/05\/Screen-Shot-2017-05-29-at-17.56.08.jpg?resize=984%2C657\" alt=\"\" width=\"984\" height=\"657\" srcset=\"https:\/\/i0.wp.com\/www.spang.ch\/aude\/wp-content\/uploads\/2017\/05\/Screen-Shot-2017-05-29-at-17.56.08.jpg?w=984 984w, https:\/\/i0.wp.com\/www.spang.ch\/aude\/wp-content\/uploads\/2017\/05\/Screen-Shot-2017-05-29-at-17.56.08.jpg?resize=300%2C200 300w, https:\/\/i0.wp.com\/www.spang.ch\/aude\/wp-content\/uploads\/2017\/05\/Screen-Shot-2017-05-29-at-17.56.08.jpg?resize=768%2C513 768w, https:\/\/i0.wp.com\/www.spang.ch\/aude\/wp-content\/uploads\/2017\/05\/Screen-Shot-2017-05-29-at-17.56.08.jpg?resize=960%2C640 960w, https:\/\/i0.wp.com\/www.spang.ch\/aude\/wp-content\/uploads\/2017\/05\/Screen-Shot-2017-05-29-at-17.56.08.jpg?resize=449%2C300 449w\" sizes=\"(max-width: 984px) 100vw, 984px\" data-recalc-dims=\"1\" \/><\/a><figcaption id=\"caption-attachment-1038\" class=\"wp-caption-text\">Le gaucho dormant &#8211; Buenos Aires<\/figcaption><\/figure>\n<p style=\"text-align: justify;\">En attendant, ce voyage m&rsquo;a combl\u00e9e et m&rsquo;a apport\u00e9 ce que j&rsquo;y cherchais: <strong>la r\u00e9alisation d&rsquo;un r\u00eave et une libert\u00e9 totale<\/strong> (de choisir ce qu&rsquo;on fait quand, de n&rsquo;avoir aucune responsabilit\u00e9 domestique, etc), qui correspond \u00e0 ma personnalit\u00e9. Et puis, par hasard, je suis revenue en Europe un 17 mars, donc j&rsquo;ai eu droit \u00e0 un musicien qui jouait de la musique irlandaise pour la Saint Patrick durant mon transit \u00e0 l&rsquo;a\u00e9roport de Londres, j&rsquo;\u00e9tais si heureuse de ce petit cadeau-surprise pour mon retour que j&rsquo;en ai eu les larmes aux yeux.<\/p>\n<figure id=\"attachment_1032\" aria-describedby=\"caption-attachment-1032\" style=\"width: 434px\" class=\"wp-caption aligncenter\"><a href=\"https:\/\/i0.wp.com\/www.spang.ch\/aude\/wp-content\/uploads\/2017\/05\/Screen-Shot-2017-05-29-at-17.54.57.jpg\"><img loading=\"lazy\" decoding=\"async\" data-attachment-id=\"1032\" data-permalink=\"http:\/\/www.spang.ch\/aude\/fr\/2017\/06\/conclusion-end-2-2\/screen-shot-2017-05-29-at-17-54-57\/\" data-orig-file=\"https:\/\/i0.wp.com\/www.spang.ch\/aude\/wp-content\/uploads\/2017\/05\/Screen-Shot-2017-05-29-at-17.54.57.jpg?fit=434%2C653\" data-orig-size=\"434,653\" data-comments-opened=\"1\" data-image-meta=\"{&quot;aperture&quot;:&quot;0&quot;,&quot;credit&quot;:&quot;&quot;,&quot;camera&quot;:&quot;&quot;,&quot;caption&quot;:&quot;&quot;,&quot;created_timestamp&quot;:&quot;0&quot;,&quot;copyright&quot;:&quot;&quot;,&quot;focal_length&quot;:&quot;0&quot;,&quot;iso&quot;:&quot;0&quot;,&quot;shutter_speed&quot;:&quot;0&quot;,&quot;title&quot;:&quot;&quot;,&quot;orientation&quot;:&quot;0&quot;}\" data-image-title=\"Screen Shot 2017-05-29 at 17.54.57\" data-image-description=\"\" data-image-caption=\"&lt;p&gt;Buenos Aires&lt;\/p&gt;\n\" data-medium-file=\"https:\/\/i0.wp.com\/www.spang.ch\/aude\/wp-content\/uploads\/2017\/05\/Screen-Shot-2017-05-29-at-17.54.57.jpg?fit=199%2C300\" data-large-file=\"https:\/\/i0.wp.com\/www.spang.ch\/aude\/wp-content\/uploads\/2017\/05\/Screen-Shot-2017-05-29-at-17.54.57.jpg?fit=434%2C653\" tabindex=\"0\" role=\"button\" class=\"size-full wp-image-1032\" src=\"https:\/\/i0.wp.com\/www.spang.ch\/aude\/wp-content\/uploads\/2017\/05\/Screen-Shot-2017-05-29-at-17.54.57.jpg?resize=434%2C653\" alt=\"\" width=\"434\" height=\"653\" srcset=\"https:\/\/i0.wp.com\/www.spang.ch\/aude\/wp-content\/uploads\/2017\/05\/Screen-Shot-2017-05-29-at-17.54.57.jpg?w=434 434w, https:\/\/i0.wp.com\/www.spang.ch\/aude\/wp-content\/uploads\/2017\/05\/Screen-Shot-2017-05-29-at-17.54.57.jpg?resize=199%2C300 199w\" sizes=\"(max-width: 434px) 100vw, 434px\" data-recalc-dims=\"1\" \/><\/a><figcaption id=\"caption-attachment-1032\" class=\"wp-caption-text\">Buenos Aires<\/figcaption><\/figure>\n<figure id=\"attachment_1033\" aria-describedby=\"caption-attachment-1033\" style=\"width: 988px\" class=\"wp-caption aligncenter\"><a href=\"https:\/\/i0.wp.com\/www.spang.ch\/aude\/wp-content\/uploads\/2017\/05\/Screen-Shot-2017-05-29-at-17.54.25.jpg\"><img loading=\"lazy\" decoding=\"async\" data-attachment-id=\"1033\" data-permalink=\"http:\/\/www.spang.ch\/aude\/fr\/2017\/06\/conclusion-end-2-2\/screen-shot-2017-05-29-at-17-54-25\/\" data-orig-file=\"https:\/\/i0.wp.com\/www.spang.ch\/aude\/wp-content\/uploads\/2017\/05\/Screen-Shot-2017-05-29-at-17.54.25.jpg?fit=988%2C653\" data-orig-size=\"988,653\" data-comments-opened=\"1\" data-image-meta=\"{&quot;aperture&quot;:&quot;0&quot;,&quot;credit&quot;:&quot;&quot;,&quot;camera&quot;:&quot;&quot;,&quot;caption&quot;:&quot;&quot;,&quot;created_timestamp&quot;:&quot;0&quot;,&quot;copyright&quot;:&quot;&quot;,&quot;focal_length&quot;:&quot;0&quot;,&quot;iso&quot;:&quot;0&quot;,&quot;shutter_speed&quot;:&quot;0&quot;,&quot;title&quot;:&quot;&quot;,&quot;orientation&quot;:&quot;0&quot;}\" data-image-title=\"Screen Shot 2017-05-29 at 17.54.25\" data-image-description=\"\" data-image-caption=\"&lt;p&gt;Tango steps &#8211; Buenos Aires&lt;\/p&gt;\n\" data-medium-file=\"https:\/\/i0.wp.com\/www.spang.ch\/aude\/wp-content\/uploads\/2017\/05\/Screen-Shot-2017-05-29-at-17.54.25.jpg?fit=300%2C198\" data-large-file=\"https:\/\/i0.wp.com\/www.spang.ch\/aude\/wp-content\/uploads\/2017\/05\/Screen-Shot-2017-05-29-at-17.54.25.jpg?fit=988%2C653\" tabindex=\"0\" role=\"button\" class=\"size-full wp-image-1033\" src=\"https:\/\/i0.wp.com\/www.spang.ch\/aude\/wp-content\/uploads\/2017\/05\/Screen-Shot-2017-05-29-at-17.54.25.jpg?resize=988%2C653\" alt=\"\" width=\"988\" height=\"653\" srcset=\"https:\/\/i0.wp.com\/www.spang.ch\/aude\/wp-content\/uploads\/2017\/05\/Screen-Shot-2017-05-29-at-17.54.25.jpg?w=988 988w, https:\/\/i0.wp.com\/www.spang.ch\/aude\/wp-content\/uploads\/2017\/05\/Screen-Shot-2017-05-29-at-17.54.25.jpg?resize=300%2C198 300w, https:\/\/i0.wp.com\/www.spang.ch\/aude\/wp-content\/uploads\/2017\/05\/Screen-Shot-2017-05-29-at-17.54.25.jpg?resize=768%2C508 768w, https:\/\/i0.wp.com\/www.spang.ch\/aude\/wp-content\/uploads\/2017\/05\/Screen-Shot-2017-05-29-at-17.54.25.jpg?resize=454%2C300 454w\" sizes=\"(max-width: 988px) 100vw, 988px\" data-recalc-dims=\"1\" \/><\/a><figcaption id=\"caption-attachment-1033\" class=\"wp-caption-text\">Pas de tango &#8211; Buenos Aires<\/figcaption><\/figure>\n<p style=\"text-align: justify;\">J&rsquo;avais pris quelques notes vers la fin du voyage pour me rappeler de quoi je voulais vous parler dans cet article, et j&rsquo;avais entre autre \u00e9crit \u00ab\u00a0le d\u00e9but me semble tr\u00e8s loin\u00a0\u00bb. C&rsquo;est dr\u00f4le de relire \u00e7a pr\u00e8s de trois mois apr\u00e8s \u00eatre revenue, parce que maintenant m\u00eame Buenos Aires me semble loin, et \u00e7a me faisait bizarre de parler de Carnaval (f\u00e9vrier dernier) en mai (dans mon dernier article), alors imaginez la Colombie! Et, pourtant, j&rsquo;y ai presque pass\u00e9 deux mois, c&rsquo;est fou que \u00e7a semble \u00e0 ce point s&rsquo;\u00eatre produit dans une autre vie! Mais ainsi va ma m\u00e9moire, et le temps qui passe.<\/p>\n<figure id=\"attachment_1023\" aria-describedby=\"caption-attachment-1023\" style=\"width: 1000px\" class=\"wp-caption aligncenter\"><a href=\"https:\/\/i0.wp.com\/www.spang.ch\/aude\/wp-content\/uploads\/2017\/05\/IMG_8051.jpg\"><img loading=\"lazy\" decoding=\"async\" data-attachment-id=\"1023\" data-permalink=\"http:\/\/www.spang.ch\/aude\/fr\/2017\/06\/conclusion-end-2-2\/img_8051\/\" data-orig-file=\"https:\/\/i0.wp.com\/www.spang.ch\/aude\/wp-content\/uploads\/2017\/05\/IMG_8051.jpg?fit=5184%2C3456\" data-orig-size=\"5184,3456\" data-comments-opened=\"1\" data-image-meta=\"{&quot;aperture&quot;:&quot;0&quot;,&quot;credit&quot;:&quot;&quot;,&quot;camera&quot;:&quot;&quot;,&quot;caption&quot;:&quot;&quot;,&quot;created_timestamp&quot;:&quot;0&quot;,&quot;copyright&quot;:&quot;&quot;,&quot;focal_length&quot;:&quot;0&quot;,&quot;iso&quot;:&quot;0&quot;,&quot;shutter_speed&quot;:&quot;0&quot;,&quot;title&quot;:&quot;&quot;,&quot;orientation&quot;:&quot;0&quot;}\" data-image-title=\"IMG_8051\" data-image-description=\"\" data-image-caption=\"&lt;p&gt;\u00ab\u00a0El Puente de la Mujer\u00a0\u00bb the Bridge of the Woman &#8211;&lt;br \/&gt;\n Buenos Aires&lt;\/p&gt;\n\" data-medium-file=\"https:\/\/i0.wp.com\/www.spang.ch\/aude\/wp-content\/uploads\/2017\/05\/IMG_8051.jpg?fit=300%2C200\" data-large-file=\"https:\/\/i0.wp.com\/www.spang.ch\/aude\/wp-content\/uploads\/2017\/05\/IMG_8051.jpg?fit=1000%2C667\" tabindex=\"0\" role=\"button\" class=\"size-large wp-image-1023\" src=\"https:\/\/i0.wp.com\/www.spang.ch\/aude\/wp-content\/uploads\/2017\/05\/IMG_8051.jpg?resize=1000%2C667\" alt=\"\" width=\"1000\" height=\"667\" srcset=\"https:\/\/i0.wp.com\/www.spang.ch\/aude\/wp-content\/uploads\/2017\/05\/IMG_8051.jpg?resize=1024%2C683 1024w, https:\/\/i0.wp.com\/www.spang.ch\/aude\/wp-content\/uploads\/2017\/05\/IMG_8051.jpg?resize=300%2C200 300w, https:\/\/i0.wp.com\/www.spang.ch\/aude\/wp-content\/uploads\/2017\/05\/IMG_8051.jpg?resize=768%2C512 768w, https:\/\/i0.wp.com\/www.spang.ch\/aude\/wp-content\/uploads\/2017\/05\/IMG_8051.jpg?resize=960%2C640 960w, https:\/\/i0.wp.com\/www.spang.ch\/aude\/wp-content\/uploads\/2017\/05\/IMG_8051.jpg?resize=450%2C300 450w, https:\/\/i0.wp.com\/www.spang.ch\/aude\/wp-content\/uploads\/2017\/05\/IMG_8051.jpg?w=2000 2000w, https:\/\/i0.wp.com\/www.spang.ch\/aude\/wp-content\/uploads\/2017\/05\/IMG_8051.jpg?w=3000 3000w\" sizes=\"(max-width: 1000px) 100vw, 1000px\" data-recalc-dims=\"1\" \/><\/a><figcaption id=\"caption-attachment-1023\" class=\"wp-caption-text\">\u00ab\u00a0El Puente de la Mujer\u00a0\u00bb le Pont de la Dame &#8211; Buenos Aires<\/figcaption><\/figure>\n<figure id=\"attachment_1012\" aria-describedby=\"caption-attachment-1012\" style=\"width: 1000px\" class=\"wp-caption aligncenter\"><a href=\"https:\/\/i0.wp.com\/www.spang.ch\/aude\/wp-content\/uploads\/2017\/05\/IMG_8191.jpg\"><img loading=\"lazy\" decoding=\"async\" data-attachment-id=\"1012\" data-permalink=\"http:\/\/www.spang.ch\/aude\/fr\/2017\/06\/conclusion-end-2-2\/img_8191\/\" data-orig-file=\"https:\/\/i0.wp.com\/www.spang.ch\/aude\/wp-content\/uploads\/2017\/05\/IMG_8191.jpg?fit=5184%2C3456\" data-orig-size=\"5184,3456\" data-comments-opened=\"1\" data-image-meta=\"{&quot;aperture&quot;:&quot;0&quot;,&quot;credit&quot;:&quot;&quot;,&quot;camera&quot;:&quot;&quot;,&quot;caption&quot;:&quot;&quot;,&quot;created_timestamp&quot;:&quot;0&quot;,&quot;copyright&quot;:&quot;&quot;,&quot;focal_length&quot;:&quot;0&quot;,&quot;iso&quot;:&quot;0&quot;,&quot;shutter_speed&quot;:&quot;0&quot;,&quot;title&quot;:&quot;&quot;,&quot;orientation&quot;:&quot;0&quot;}\" data-image-title=\"IMG_8191\" data-image-description=\"\" data-image-caption=\"&lt;p&gt;Buenos Aires&lt;\/p&gt;\n\" data-medium-file=\"https:\/\/i0.wp.com\/www.spang.ch\/aude\/wp-content\/uploads\/2017\/05\/IMG_8191.jpg?fit=300%2C200\" data-large-file=\"https:\/\/i0.wp.com\/www.spang.ch\/aude\/wp-content\/uploads\/2017\/05\/IMG_8191.jpg?fit=1000%2C667\" tabindex=\"0\" role=\"button\" class=\"size-large wp-image-1012\" src=\"https:\/\/i0.wp.com\/www.spang.ch\/aude\/wp-content\/uploads\/2017\/05\/IMG_8191.jpg?resize=1000%2C667\" alt=\"\" width=\"1000\" height=\"667\" srcset=\"https:\/\/i0.wp.com\/www.spang.ch\/aude\/wp-content\/uploads\/2017\/05\/IMG_8191.jpg?resize=1024%2C683 1024w, https:\/\/i0.wp.com\/www.spang.ch\/aude\/wp-content\/uploads\/2017\/05\/IMG_8191.jpg?resize=300%2C200 300w, https:\/\/i0.wp.com\/www.spang.ch\/aude\/wp-content\/uploads\/2017\/05\/IMG_8191.jpg?resize=768%2C512 768w, https:\/\/i0.wp.com\/www.spang.ch\/aude\/wp-content\/uploads\/2017\/05\/IMG_8191.jpg?resize=960%2C640 960w, https:\/\/i0.wp.com\/www.spang.ch\/aude\/wp-content\/uploads\/2017\/05\/IMG_8191.jpg?resize=450%2C300 450w, https:\/\/i0.wp.com\/www.spang.ch\/aude\/wp-content\/uploads\/2017\/05\/IMG_8191.jpg?w=2000 2000w, https:\/\/i0.wp.com\/www.spang.ch\/aude\/wp-content\/uploads\/2017\/05\/IMG_8191.jpg?w=3000 3000w\" sizes=\"(max-width: 1000px) 100vw, 1000px\" data-recalc-dims=\"1\" \/><\/a><figcaption id=\"caption-attachment-1012\" class=\"wp-caption-text\">Buenos Aires<\/figcaption><\/figure>\n<p style=\"text-align: justify;\">Je me sens si loin de ce voyage d\u00e9sormais que j&rsquo;ai presque l&rsquo;impression qu&rsquo;il n&rsquo;a pas eu lieu! Mais c&rsquo;est bon, des montagnes de photos me le prouvent,\u00a0je sais que je suis vraiment partie et que c&rsquo;\u00e9tait vraiment moi, l\u00e0-bas, je n&rsquo;ai pas juste lu l&rsquo;histoire de quelqu&rsquo;un. Je suis donc partie de la Colombie, o\u00f9 j&rsquo;ai \u00e9t\u00e9 voir Punta Gallinas, le point le plus au nord de tout le continent, et je suis descendue par la c\u00f4te ouest, le long de la Cordill\u00e8re des Andes, jusque tout en-bas tout en-bas \u00e0 la Terre de Feu en Argentine, c&rsquo;est vraiment fou d&rsquo;y repenser! J&rsquo;ai d\u00e9couvert que le m\u00eame moyen de transport peut \u00eatre appel\u00e9 <em>micro<\/em>, bus, <em>colectivo<\/em>, ou taxi, selon le pays.\u00a0J&rsquo;ai voyag\u00e9 \u00e0 travers les pays, mais aussi \u00e0 travers le street art, la musique,\u00a0l&rsquo;histoire, les tattoos, la politique, un peu la lecture (mais le travail ne fait que commencer! j&rsquo;ai une liste enti\u00e8re d&rsquo;auteurs sud-am\u00e9ricains \u00e0 d\u00e9couvrir!), la nourriture, la t\u00eate des gens, les accents en espagnol, et l&rsquo;immense vari\u00e9t\u00e9 culturelle contenue dans le terme \u00ab\u00a0Am\u00e9rique latine\u00a0\u00bb&#8230;<\/p>\n<figure id=\"attachment_1009\" aria-describedby=\"caption-attachment-1009\" style=\"width: 683px\" class=\"wp-caption aligncenter\"><a href=\"https:\/\/i0.wp.com\/www.spang.ch\/aude\/wp-content\/uploads\/2017\/05\/IMG_7908-e1496007437933.jpg\"><img loading=\"lazy\" decoding=\"async\" data-attachment-id=\"1009\" data-permalink=\"http:\/\/www.spang.ch\/aude\/fr\/2017\/06\/conclusion-end-2-2\/img_7908\/\" data-orig-file=\"https:\/\/i0.wp.com\/www.spang.ch\/aude\/wp-content\/uploads\/2017\/05\/IMG_7908-e1496007437933.jpg?fit=3456%2C5184\" data-orig-size=\"3456,5184\" data-comments-opened=\"1\" data-image-meta=\"{&quot;aperture&quot;:&quot;0&quot;,&quot;credit&quot;:&quot;&quot;,&quot;camera&quot;:&quot;&quot;,&quot;caption&quot;:&quot;&quot;,&quot;created_timestamp&quot;:&quot;0&quot;,&quot;copyright&quot;:&quot;&quot;,&quot;focal_length&quot;:&quot;0&quot;,&quot;iso&quot;:&quot;0&quot;,&quot;shutter_speed&quot;:&quot;0&quot;,&quot;title&quot;:&quot;&quot;,&quot;orientation&quot;:&quot;0&quot;}\" data-image-title=\"IMG_7908\" data-image-description=\"\" data-image-caption=\"&lt;p&gt;Buenos Aires&lt;\/p&gt;\n\" data-medium-file=\"https:\/\/i0.wp.com\/www.spang.ch\/aude\/wp-content\/uploads\/2017\/05\/IMG_7908-e1496007437933.jpg?fit=200%2C300\" data-large-file=\"https:\/\/i0.wp.com\/www.spang.ch\/aude\/wp-content\/uploads\/2017\/05\/IMG_7908-e1496007437933.jpg?fit=683%2C1024\" tabindex=\"0\" role=\"button\" class=\"size-large wp-image-1009\" src=\"https:\/\/i0.wp.com\/www.spang.ch\/aude\/wp-content\/uploads\/2017\/05\/IMG_7908-e1496007437933-683x1024.jpg?resize=683%2C1024\" alt=\"\" width=\"683\" height=\"1024\" srcset=\"https:\/\/i0.wp.com\/www.spang.ch\/aude\/wp-content\/uploads\/2017\/05\/IMG_7908-e1496007437933.jpg?resize=683%2C1024 683w, https:\/\/i0.wp.com\/www.spang.ch\/aude\/wp-content\/uploads\/2017\/05\/IMG_7908-e1496007437933.jpg?resize=200%2C300 200w, https:\/\/i0.wp.com\/www.spang.ch\/aude\/wp-content\/uploads\/2017\/05\/IMG_7908-e1496007437933.jpg?resize=768%2C1152 768w, https:\/\/i0.wp.com\/www.spang.ch\/aude\/wp-content\/uploads\/2017\/05\/IMG_7908-e1496007437933.jpg?w=2000 2000w, https:\/\/i0.wp.com\/www.spang.ch\/aude\/wp-content\/uploads\/2017\/05\/IMG_7908-e1496007437933.jpg?w=3000 3000w\" sizes=\"(max-width: 683px) 100vw, 683px\" data-recalc-dims=\"1\" \/><\/a><figcaption id=\"caption-attachment-1009\" class=\"wp-caption-text\">Buenos Aires<\/figcaption><\/figure>\n<figure id=\"attachment_1026\" aria-describedby=\"caption-attachment-1026\" style=\"width: 988px\" class=\"wp-caption aligncenter\"><a href=\"https:\/\/i0.wp.com\/www.spang.ch\/aude\/wp-content\/uploads\/2017\/05\/Screen-Shot-2017-05-29-at-17.53.31.jpg\"><img loading=\"lazy\" decoding=\"async\" data-attachment-id=\"1026\" data-permalink=\"http:\/\/www.spang.ch\/aude\/fr\/2017\/06\/conclusion-end-2-2\/screen-shot-2017-05-29-at-17-53-31\/\" data-orig-file=\"https:\/\/i0.wp.com\/www.spang.ch\/aude\/wp-content\/uploads\/2017\/05\/Screen-Shot-2017-05-29-at-17.53.31.jpg?fit=988%2C654\" data-orig-size=\"988,654\" data-comments-opened=\"1\" data-image-meta=\"{&quot;aperture&quot;:&quot;0&quot;,&quot;credit&quot;:&quot;&quot;,&quot;camera&quot;:&quot;&quot;,&quot;caption&quot;:&quot;&quot;,&quot;created_timestamp&quot;:&quot;0&quot;,&quot;copyright&quot;:&quot;&quot;,&quot;focal_length&quot;:&quot;0&quot;,&quot;iso&quot;:&quot;0&quot;,&quot;shutter_speed&quot;:&quot;0&quot;,&quot;title&quot;:&quot;&quot;,&quot;orientation&quot;:&quot;0&quot;}\" data-image-title=\"Screen Shot 2017-05-29 at 17.53.31\" data-image-description=\"\" data-image-caption=\"&lt;p&gt;Buenos Aires&lt;\/p&gt;\n\" data-medium-file=\"https:\/\/i0.wp.com\/www.spang.ch\/aude\/wp-content\/uploads\/2017\/05\/Screen-Shot-2017-05-29-at-17.53.31.jpg?fit=300%2C199\" data-large-file=\"https:\/\/i0.wp.com\/www.spang.ch\/aude\/wp-content\/uploads\/2017\/05\/Screen-Shot-2017-05-29-at-17.53.31.jpg?fit=988%2C654\" tabindex=\"0\" role=\"button\" class=\"size-full wp-image-1026\" src=\"https:\/\/i0.wp.com\/www.spang.ch\/aude\/wp-content\/uploads\/2017\/05\/Screen-Shot-2017-05-29-at-17.53.31.jpg?resize=988%2C654\" alt=\"\" width=\"988\" height=\"654\" srcset=\"https:\/\/i0.wp.com\/www.spang.ch\/aude\/wp-content\/uploads\/2017\/05\/Screen-Shot-2017-05-29-at-17.53.31.jpg?w=988 988w, https:\/\/i0.wp.com\/www.spang.ch\/aude\/wp-content\/uploads\/2017\/05\/Screen-Shot-2017-05-29-at-17.53.31.jpg?resize=300%2C199 300w, https:\/\/i0.wp.com\/www.spang.ch\/aude\/wp-content\/uploads\/2017\/05\/Screen-Shot-2017-05-29-at-17.53.31.jpg?resize=768%2C508 768w, https:\/\/i0.wp.com\/www.spang.ch\/aude\/wp-content\/uploads\/2017\/05\/Screen-Shot-2017-05-29-at-17.53.31.jpg?resize=453%2C300 453w\" sizes=\"(max-width: 988px) 100vw, 988px\" data-recalc-dims=\"1\" \/><\/a><figcaption id=\"caption-attachment-1026\" class=\"wp-caption-text\">Buenos Aires<\/figcaption><\/figure>\n<p style=\"text-align: justify;\">Je ne me suis pas \u00ab\u00a0trouv\u00e9e\u00a0\u00bb, parce que je ne me cherchais pas vraiment. J&rsquo;estime que je me connais d\u00e9j\u00e0 pas mal, \u00e0 26 ans, et je sais que la route vers l&rsquo;accomplissement de soi est longue. Mais la vie m&rsquo;a fait un beau cadeau en me permettant de faire ce voyage tel que je l&rsquo;avais imagin\u00e9. Depuis mon retour, on m&rsquo;a souvent demand\u00e9 \u00ab\u00a0quel pays tu as pr\u00e9f\u00e9r\u00e9?\u00a0\u00bb mais, en fait, c&rsquo;est une mauvaise question. Je ne critique pas ceux qui la font parce qu&rsquo;\u00e0 vrai dire c&rsquo;est difficile de poser les bonnes questions \u00e0 quelqu&rsquo;un qui part si longtemps. C&rsquo;est aussi pour \u00e7a qu&rsquo;il est difficile de r\u00e9pondre \u00e0 une question pareille: j&rsquo;ai vu tellement de choses\u00a0magnifiques et si diff\u00e9rentes que je ne peux pas choisir.<\/p>\n<figure id=\"attachment_1011\" aria-describedby=\"caption-attachment-1011\" style=\"width: 1000px\" class=\"wp-caption aligncenter\"><a href=\"https:\/\/i0.wp.com\/www.spang.ch\/aude\/wp-content\/uploads\/2017\/05\/IMG_8099.jpg\"><img loading=\"lazy\" decoding=\"async\" data-attachment-id=\"1011\" data-permalink=\"http:\/\/www.spang.ch\/aude\/fr\/2017\/06\/conclusion-end-2-2\/img_8099\/\" data-orig-file=\"https:\/\/i0.wp.com\/www.spang.ch\/aude\/wp-content\/uploads\/2017\/05\/IMG_8099.jpg?fit=5184%2C3456\" data-orig-size=\"5184,3456\" data-comments-opened=\"1\" data-image-meta=\"{&quot;aperture&quot;:&quot;0&quot;,&quot;credit&quot;:&quot;&quot;,&quot;camera&quot;:&quot;&quot;,&quot;caption&quot;:&quot;&quot;,&quot;created_timestamp&quot;:&quot;0&quot;,&quot;copyright&quot;:&quot;&quot;,&quot;focal_length&quot;:&quot;0&quot;,&quot;iso&quot;:&quot;0&quot;,&quot;shutter_speed&quot;:&quot;0&quot;,&quot;title&quot;:&quot;&quot;,&quot;orientation&quot;:&quot;0&quot;}\" data-image-title=\"IMG_8099\" data-image-description=\"\" data-image-caption=\"&lt;p&gt;Protest against feminicides &#8211; Buenos Aires&lt;\/p&gt;\n\" data-medium-file=\"https:\/\/i0.wp.com\/www.spang.ch\/aude\/wp-content\/uploads\/2017\/05\/IMG_8099.jpg?fit=300%2C200\" data-large-file=\"https:\/\/i0.wp.com\/www.spang.ch\/aude\/wp-content\/uploads\/2017\/05\/IMG_8099.jpg?fit=1000%2C667\" tabindex=\"0\" role=\"button\" class=\"size-large wp-image-1011\" src=\"https:\/\/i0.wp.com\/www.spang.ch\/aude\/wp-content\/uploads\/2017\/05\/IMG_8099.jpg?resize=1000%2C667\" alt=\"\" width=\"1000\" height=\"667\" srcset=\"https:\/\/i0.wp.com\/www.spang.ch\/aude\/wp-content\/uploads\/2017\/05\/IMG_8099.jpg?resize=1024%2C683 1024w, https:\/\/i0.wp.com\/www.spang.ch\/aude\/wp-content\/uploads\/2017\/05\/IMG_8099.jpg?resize=300%2C200 300w, https:\/\/i0.wp.com\/www.spang.ch\/aude\/wp-content\/uploads\/2017\/05\/IMG_8099.jpg?resize=768%2C512 768w, https:\/\/i0.wp.com\/www.spang.ch\/aude\/wp-content\/uploads\/2017\/05\/IMG_8099.jpg?resize=960%2C640 960w, https:\/\/i0.wp.com\/www.spang.ch\/aude\/wp-content\/uploads\/2017\/05\/IMG_8099.jpg?resize=450%2C300 450w, https:\/\/i0.wp.com\/www.spang.ch\/aude\/wp-content\/uploads\/2017\/05\/IMG_8099.jpg?w=2000 2000w, https:\/\/i0.wp.com\/www.spang.ch\/aude\/wp-content\/uploads\/2017\/05\/IMG_8099.jpg?w=3000 3000w\" sizes=\"(max-width: 1000px) 100vw, 1000px\" data-recalc-dims=\"1\" \/><\/a><figcaption id=\"caption-attachment-1011\" class=\"wp-caption-text\">Protestation contre les f\u00e9minicides &#8211;<br \/>Buenos Aires<\/figcaption><\/figure>\n<figure id=\"attachment_1019\" aria-describedby=\"caption-attachment-1019\" style=\"width: 1000px\" class=\"wp-caption aligncenter\"><a href=\"https:\/\/i0.wp.com\/www.spang.ch\/aude\/wp-content\/uploads\/2017\/05\/IMG_20170308_222533-e1496007524260.jpg\"><img loading=\"lazy\" decoding=\"async\" data-attachment-id=\"1019\" data-permalink=\"http:\/\/www.spang.ch\/aude\/fr\/2017\/06\/conclusion-end-2-2\/img_20170308_222533\/\" data-orig-file=\"https:\/\/i0.wp.com\/www.spang.ch\/aude\/wp-content\/uploads\/2017\/05\/IMG_20170308_222533-e1496007524260.jpg?fit=1280%2C720\" data-orig-size=\"1280,720\" data-comments-opened=\"1\" data-image-meta=\"{&quot;aperture&quot;:&quot;0&quot;,&quot;credit&quot;:&quot;&quot;,&quot;camera&quot;:&quot;&quot;,&quot;caption&quot;:&quot;&quot;,&quot;created_timestamp&quot;:&quot;0&quot;,&quot;copyright&quot;:&quot;&quot;,&quot;focal_length&quot;:&quot;0&quot;,&quot;iso&quot;:&quot;0&quot;,&quot;shutter_speed&quot;:&quot;0&quot;,&quot;title&quot;:&quot;&quot;,&quot;orientation&quot;:&quot;0&quot;}\" data-image-title=\"IMG_20170308_222533\" data-image-description=\"\" data-image-caption=\"&lt;p&gt;Mafalda&amp;rsquo;s origins &#8211;&lt;br \/&gt;\n Buenos Aires&lt;\/p&gt;\n\" data-medium-file=\"https:\/\/i0.wp.com\/www.spang.ch\/aude\/wp-content\/uploads\/2017\/05\/IMG_20170308_222533-e1496007524260.jpg?fit=300%2C169\" data-large-file=\"https:\/\/i0.wp.com\/www.spang.ch\/aude\/wp-content\/uploads\/2017\/05\/IMG_20170308_222533-e1496007524260.jpg?fit=1000%2C563\" tabindex=\"0\" role=\"button\" class=\"size-large wp-image-1019\" src=\"https:\/\/i0.wp.com\/www.spang.ch\/aude\/wp-content\/uploads\/2017\/05\/IMG_20170308_222533-e1496007524260-1024x576.jpg?resize=1000%2C563\" alt=\"\" width=\"1000\" height=\"563\" srcset=\"https:\/\/i0.wp.com\/www.spang.ch\/aude\/wp-content\/uploads\/2017\/05\/IMG_20170308_222533-e1496007524260.jpg?resize=1024%2C576 1024w, https:\/\/i0.wp.com\/www.spang.ch\/aude\/wp-content\/uploads\/2017\/05\/IMG_20170308_222533-e1496007524260.jpg?resize=300%2C169 300w, https:\/\/i0.wp.com\/www.spang.ch\/aude\/wp-content\/uploads\/2017\/05\/IMG_20170308_222533-e1496007524260.jpg?w=1280 1280w, https:\/\/i0.wp.com\/www.spang.ch\/aude\/wp-content\/uploads\/2017\/05\/IMG_20170308_222533-e1496007524260.jpg?resize=533%2C300 533w, https:\/\/i0.wp.com\/www.spang.ch\/aude\/wp-content\/uploads\/2017\/05\/IMG_20170308_222533-e1496007524260.jpg?resize=768%2C432 768w\" sizes=\"(max-width: 1000px) 100vw, 1000px\" data-recalc-dims=\"1\" \/><\/a><figcaption id=\"caption-attachment-1019\" class=\"wp-caption-text\">Les origines de Mafalda &#8211;<br \/>Buenos Aires<\/figcaption><\/figure>\n<p style=\"text-align: justify;\">Comment savoir si j&rsquo;ai pr\u00e9f\u00e9r\u00e9 une plage des Cara\u00efbes ou une randonn\u00e9e \u00e0 plus de 4000m d&rsquo;altitude? Si j&rsquo;ai pr\u00e9f\u00e9r\u00e9 voir des pingouins, d\u00e9couvrir les v\u00eatements andins traditionnels, admirer des paysages lunaires avec mon petit ami ou danser avec amie magique? Je pourrais citer\u00a0plusieurs\u00a0choses qui m&rsquo;ont vraiment marqu\u00e9e dans chaque pays, \u00e7a serait d\u00e9j\u00e0 plus faisable. J&rsquo;ai d\u00e9j\u00e0 un peu r\u00e9pondu \u00e0 la question de ce que m&rsquo;a apport\u00e9 ce voyage, et je crois que si vous avez lu les diff\u00e9rents articles sur mon blog, vous\u00a0l&rsquo;avez un peu compris vous-m\u00eames.<\/p>\n<figure id=\"attachment_1013\" aria-describedby=\"caption-attachment-1013\" style=\"width: 683px\" class=\"wp-caption aligncenter\"><a href=\"https:\/\/i0.wp.com\/www.spang.ch\/aude\/wp-content\/uploads\/2017\/05\/IMG_8195-e1496007362775.jpg\"><img loading=\"lazy\" decoding=\"async\" data-attachment-id=\"1013\" data-permalink=\"http:\/\/www.spang.ch\/aude\/fr\/2017\/06\/conclusion-end-2-2\/img_8195\/\" data-orig-file=\"https:\/\/i0.wp.com\/www.spang.ch\/aude\/wp-content\/uploads\/2017\/05\/IMG_8195-e1496007362775.jpg?fit=3456%2C5184\" data-orig-size=\"3456,5184\" data-comments-opened=\"1\" data-image-meta=\"{&quot;aperture&quot;:&quot;0&quot;,&quot;credit&quot;:&quot;&quot;,&quot;camera&quot;:&quot;&quot;,&quot;caption&quot;:&quot;&quot;,&quot;created_timestamp&quot;:&quot;0&quot;,&quot;copyright&quot;:&quot;&quot;,&quot;focal_length&quot;:&quot;0&quot;,&quot;iso&quot;:&quot;0&quot;,&quot;shutter_speed&quot;:&quot;0&quot;,&quot;title&quot;:&quot;&quot;,&quot;orientation&quot;:&quot;0&quot;}\" data-image-title=\"IMG_8195\" data-image-description=\"\" data-image-caption=\"&lt;p&gt;Buenos Aires&lt;\/p&gt;\n\" data-medium-file=\"https:\/\/i0.wp.com\/www.spang.ch\/aude\/wp-content\/uploads\/2017\/05\/IMG_8195-e1496007362775.jpg?fit=200%2C300\" data-large-file=\"https:\/\/i0.wp.com\/www.spang.ch\/aude\/wp-content\/uploads\/2017\/05\/IMG_8195-e1496007362775.jpg?fit=683%2C1024\" tabindex=\"0\" role=\"button\" class=\"size-large wp-image-1013\" src=\"https:\/\/i0.wp.com\/www.spang.ch\/aude\/wp-content\/uploads\/2017\/05\/IMG_8195-e1496007362775-683x1024.jpg?resize=683%2C1024\" alt=\"\" width=\"683\" height=\"1024\" srcset=\"https:\/\/i0.wp.com\/www.spang.ch\/aude\/wp-content\/uploads\/2017\/05\/IMG_8195-e1496007362775.jpg?resize=683%2C1024 683w, https:\/\/i0.wp.com\/www.spang.ch\/aude\/wp-content\/uploads\/2017\/05\/IMG_8195-e1496007362775.jpg?resize=200%2C300 200w, https:\/\/i0.wp.com\/www.spang.ch\/aude\/wp-content\/uploads\/2017\/05\/IMG_8195-e1496007362775.jpg?resize=768%2C1152 768w, https:\/\/i0.wp.com\/www.spang.ch\/aude\/wp-content\/uploads\/2017\/05\/IMG_8195-e1496007362775.jpg?w=2000 2000w, https:\/\/i0.wp.com\/www.spang.ch\/aude\/wp-content\/uploads\/2017\/05\/IMG_8195-e1496007362775.jpg?w=3000 3000w\" sizes=\"(max-width: 683px) 100vw, 683px\" data-recalc-dims=\"1\" \/><\/a><figcaption id=\"caption-attachment-1013\" class=\"wp-caption-text\">Buenos Aires<\/figcaption><\/figure>\n<figure id=\"attachment_1010\" aria-describedby=\"caption-attachment-1010\" style=\"width: 683px\" class=\"wp-caption aligncenter\"><a href=\"https:\/\/i0.wp.com\/www.spang.ch\/aude\/wp-content\/uploads\/2017\/05\/IMG_8091-e1496007395971.jpg\"><img loading=\"lazy\" decoding=\"async\" data-attachment-id=\"1010\" data-permalink=\"http:\/\/www.spang.ch\/aude\/fr\/2017\/06\/conclusion-end-2-2\/img_8091\/\" data-orig-file=\"https:\/\/i0.wp.com\/www.spang.ch\/aude\/wp-content\/uploads\/2017\/05\/IMG_8091-e1496007395971.jpg?fit=3456%2C5184\" data-orig-size=\"3456,5184\" data-comments-opened=\"1\" data-image-meta=\"{&quot;aperture&quot;:&quot;0&quot;,&quot;credit&quot;:&quot;&quot;,&quot;camera&quot;:&quot;&quot;,&quot;caption&quot;:&quot;&quot;,&quot;created_timestamp&quot;:&quot;0&quot;,&quot;copyright&quot;:&quot;&quot;,&quot;focal_length&quot;:&quot;0&quot;,&quot;iso&quot;:&quot;0&quot;,&quot;shutter_speed&quot;:&quot;0&quot;,&quot;title&quot;:&quot;&quot;,&quot;orientation&quot;:&quot;0&quot;}\" data-image-title=\"IMG_8091\" data-image-description=\"\" data-image-caption=\"&lt;p&gt;Buenos Aires&lt;\/p&gt;\n\" data-medium-file=\"https:\/\/i0.wp.com\/www.spang.ch\/aude\/wp-content\/uploads\/2017\/05\/IMG_8091-e1496007395971.jpg?fit=200%2C300\" data-large-file=\"https:\/\/i0.wp.com\/www.spang.ch\/aude\/wp-content\/uploads\/2017\/05\/IMG_8091-e1496007395971.jpg?fit=683%2C1024\" tabindex=\"0\" role=\"button\" class=\"size-large wp-image-1010\" src=\"https:\/\/i0.wp.com\/www.spang.ch\/aude\/wp-content\/uploads\/2017\/05\/IMG_8091-e1496007395971-683x1024.jpg?resize=683%2C1024\" alt=\"\" width=\"683\" height=\"1024\" srcset=\"https:\/\/i0.wp.com\/www.spang.ch\/aude\/wp-content\/uploads\/2017\/05\/IMG_8091-e1496007395971.jpg?resize=683%2C1024 683w, https:\/\/i0.wp.com\/www.spang.ch\/aude\/wp-content\/uploads\/2017\/05\/IMG_8091-e1496007395971.jpg?resize=200%2C300 200w, https:\/\/i0.wp.com\/www.spang.ch\/aude\/wp-content\/uploads\/2017\/05\/IMG_8091-e1496007395971.jpg?resize=768%2C1152 768w, https:\/\/i0.wp.com\/www.spang.ch\/aude\/wp-content\/uploads\/2017\/05\/IMG_8091-e1496007395971.jpg?w=2000 2000w, https:\/\/i0.wp.com\/www.spang.ch\/aude\/wp-content\/uploads\/2017\/05\/IMG_8091-e1496007395971.jpg?w=3000 3000w\" sizes=\"(max-width: 683px) 100vw, 683px\" data-recalc-dims=\"1\" \/><\/a><figcaption id=\"caption-attachment-1010\" class=\"wp-caption-text\">Buenos Aires<\/figcaption><\/figure>\n<hr \/>\n<p style=\"text-align: justify;\">Quelles sont mes 10 \u00e9l\u00e9ments\u00a0pr\u00e9f\u00e9r\u00e9s du voyage? Je vais tenter de vous lister \u00e7a&#8230; (pas par ordre de pr\u00e9f\u00e9rence!)<\/p>\n<ol style=\"text-align: justify;\">\n<li>danser en Colombie, et la musique l\u00e0-bas, en g\u00e9n\u00e9ral<\/li>\n<li>les fruits tropicaux (en Colombie surtout, un peu au Br\u00e9sil aussi) et comme on peut manger des maracuyas et avocats un peu partout, ou de succulents jus de fruits!<\/li>\n<li>le glacier Perito Moreno (Argentine)<\/li>\n<li>la jungle partout o\u00f9 je l&rsquo;ai vue, notamment vers Santa Marta (Colombie)<\/li>\n<li>les amis qu&rsquo;on rencontre en route et qu&rsquo;on revoit parfois, les liens qui se cr\u00e9ent<\/li>\n<li>les chutes d&rsquo;Iguazu (Argentine)<\/li>\n<li>les lacs turquoise au pied de glaciers dans la montagne \u00e0 El Chalt\u00e9n (Argentine) et durant le trek du Salkantay (P\u00e9rou)<\/li>\n<li>la sympathie et la bonne humeur des gens un peu partout<\/li>\n<li>les plages paradisiaques de San Andr\u00e9s (Colombie)<\/li>\n<li>voir des tas d&rsquo;animaux incroyables un peu partout: flamants roses en Colombie et Bolivie, pingouins au Chili, tortues au nord du P\u00e9rou et dans les Cara\u00efbes, lamas\/alpagas\/guanacos\/vicu\u00f1as un peu partout et suivant la r\u00e9gion, paresseux en Bolivie et dans l&rsquo;Amazonie, autruches sur l&rsquo;altiplano bolivien, singes dans la jungle, capivaras (plus grand rongeur au monde) au Br\u00e9sil, toucans, perroquets et tout ce dont regorge la for\u00eat amazonienne&#8230;<\/li>\n<\/ol>\n<p style=\"text-align: justify;\">Comme le dit la page d&rsquo;accueil de mon blog, je suis partie \u00ab\u00a0\u00e0 la recherche de beaut\u00e9\u00a0\u00bb. Et j&rsquo;en ai trouv\u00e9 bon sang! La beaut\u00e9 sous toutes ses formes, notamment celle des paysages, mais aussi la beaut\u00e9 humaine. Je ne vais pas vous faire un discours larmoyant et un peu paternaliste sur les gens qui vivent avec peu et sont heureux et chaleureux malgr\u00e9 tout, je n&rsquo;aime pas ces discours qui ont pour int\u00e9r\u00eat de se mettre en avant plut\u00f4t que vraiment comprendre les r\u00e9alit\u00e9s locales. Je pr\u00e9f\u00e8re \u00e9couter les gens plut\u00f4t que les observer et revenir avec de sophistiqu\u00e9es conclusions \u00e0 leurs sujets.<\/p>\n<figure id=\"attachment_1029\" aria-describedby=\"caption-attachment-1029\" style=\"width: 435px\" class=\"wp-caption aligncenter\"><a href=\"https:\/\/i0.wp.com\/www.spang.ch\/aude\/wp-content\/uploads\/2017\/05\/Screen-Shot-2017-05-29-at-17.55.21.jpg\"><img loading=\"lazy\" decoding=\"async\" data-attachment-id=\"1029\" data-permalink=\"http:\/\/www.spang.ch\/aude\/fr\/2017\/06\/conclusion-end-2-2\/screen-shot-2017-05-29-at-17-55-21\/\" data-orig-file=\"https:\/\/i0.wp.com\/www.spang.ch\/aude\/wp-content\/uploads\/2017\/05\/Screen-Shot-2017-05-29-at-17.55.21.jpg?fit=435%2C656\" data-orig-size=\"435,656\" data-comments-opened=\"1\" data-image-meta=\"{&quot;aperture&quot;:&quot;0&quot;,&quot;credit&quot;:&quot;&quot;,&quot;camera&quot;:&quot;&quot;,&quot;caption&quot;:&quot;&quot;,&quot;created_timestamp&quot;:&quot;0&quot;,&quot;copyright&quot;:&quot;&quot;,&quot;focal_length&quot;:&quot;0&quot;,&quot;iso&quot;:&quot;0&quot;,&quot;shutter_speed&quot;:&quot;0&quot;,&quot;title&quot;:&quot;&quot;,&quot;orientation&quot;:&quot;0&quot;}\" data-image-title=\"Screen Shot 2017-05-29 at 17.55.21\" data-image-description=\"\" data-image-caption=\"&lt;p&gt;Buenos Aires&lt;\/p&gt;\n\" data-medium-file=\"https:\/\/i0.wp.com\/www.spang.ch\/aude\/wp-content\/uploads\/2017\/05\/Screen-Shot-2017-05-29-at-17.55.21.jpg?fit=199%2C300\" data-large-file=\"https:\/\/i0.wp.com\/www.spang.ch\/aude\/wp-content\/uploads\/2017\/05\/Screen-Shot-2017-05-29-at-17.55.21.jpg?fit=435%2C656\" tabindex=\"0\" role=\"button\" class=\"size-full wp-image-1029\" src=\"https:\/\/i0.wp.com\/www.spang.ch\/aude\/wp-content\/uploads\/2017\/05\/Screen-Shot-2017-05-29-at-17.55.21.jpg?resize=435%2C656\" alt=\"\" width=\"435\" height=\"656\" srcset=\"https:\/\/i0.wp.com\/www.spang.ch\/aude\/wp-content\/uploads\/2017\/05\/Screen-Shot-2017-05-29-at-17.55.21.jpg?w=435 435w, https:\/\/i0.wp.com\/www.spang.ch\/aude\/wp-content\/uploads\/2017\/05\/Screen-Shot-2017-05-29-at-17.55.21.jpg?resize=199%2C300 199w\" sizes=\"(max-width: 435px) 100vw, 435px\" data-recalc-dims=\"1\" \/><\/a><figcaption id=\"caption-attachment-1029\" class=\"wp-caption-text\">Buenos Aires<\/figcaption><\/figure>\n<figure id=\"attachment_1040\" aria-describedby=\"caption-attachment-1040\" style=\"width: 683px\" class=\"wp-caption aligncenter\"><a href=\"https:\/\/i0.wp.com\/www.spang.ch\/aude\/wp-content\/uploads\/2017\/05\/IMG_8026-1-e1496143965444.jpg\"><img loading=\"lazy\" decoding=\"async\" data-attachment-id=\"1040\" data-permalink=\"http:\/\/www.spang.ch\/aude\/fr\/2017\/06\/conclusion-end-2-2\/img_8026-2\/\" data-orig-file=\"https:\/\/i0.wp.com\/www.spang.ch\/aude\/wp-content\/uploads\/2017\/05\/IMG_8026-1-e1496143965444.jpg?fit=3456%2C5184\" data-orig-size=\"3456,5184\" data-comments-opened=\"1\" data-image-meta=\"{&quot;aperture&quot;:&quot;0&quot;,&quot;credit&quot;:&quot;&quot;,&quot;camera&quot;:&quot;&quot;,&quot;caption&quot;:&quot;&quot;,&quot;created_timestamp&quot;:&quot;0&quot;,&quot;copyright&quot;:&quot;&quot;,&quot;focal_length&quot;:&quot;0&quot;,&quot;iso&quot;:&quot;0&quot;,&quot;shutter_speed&quot;:&quot;0&quot;,&quot;title&quot;:&quot;&quot;,&quot;orientation&quot;:&quot;0&quot;}\" data-image-title=\"IMG_8026\" data-image-description=\"\" data-image-caption=\"&lt;p&gt;Buenos Aires&lt;\/p&gt;\n\" data-medium-file=\"https:\/\/i0.wp.com\/www.spang.ch\/aude\/wp-content\/uploads\/2017\/05\/IMG_8026-1-e1496143965444.jpg?fit=200%2C300\" data-large-file=\"https:\/\/i0.wp.com\/www.spang.ch\/aude\/wp-content\/uploads\/2017\/05\/IMG_8026-1-e1496143965444.jpg?fit=683%2C1024\" tabindex=\"0\" role=\"button\" class=\"size-large wp-image-1040\" src=\"https:\/\/i0.wp.com\/www.spang.ch\/aude\/wp-content\/uploads\/2017\/05\/IMG_8026-1-e1496143965444-683x1024.jpg?resize=683%2C1024\" alt=\"\" width=\"683\" height=\"1024\" srcset=\"https:\/\/i0.wp.com\/www.spang.ch\/aude\/wp-content\/uploads\/2017\/05\/IMG_8026-1-e1496143965444.jpg?resize=683%2C1024 683w, https:\/\/i0.wp.com\/www.spang.ch\/aude\/wp-content\/uploads\/2017\/05\/IMG_8026-1-e1496143965444.jpg?resize=200%2C300 200w, https:\/\/i0.wp.com\/www.spang.ch\/aude\/wp-content\/uploads\/2017\/05\/IMG_8026-1-e1496143965444.jpg?resize=768%2C1152 768w, https:\/\/i0.wp.com\/www.spang.ch\/aude\/wp-content\/uploads\/2017\/05\/IMG_8026-1-e1496143965444.jpg?w=2000 2000w, https:\/\/i0.wp.com\/www.spang.ch\/aude\/wp-content\/uploads\/2017\/05\/IMG_8026-1-e1496143965444.jpg?w=3000 3000w\" sizes=\"(max-width: 683px) 100vw, 683px\" data-recalc-dims=\"1\" \/><\/a><figcaption id=\"caption-attachment-1040\" class=\"wp-caption-text\">Buenos Aires<\/figcaption><\/figure>\n<p style=\"text-align: justify;\">Ce que j&rsquo;ai trouv\u00e9, par contre, qui transmet vraiment ce que j&rsquo;ai vu, senti, et commenc\u00e9 \u00e0 comprendre, est cette superbe chanson de Calle 13 (\u00ab\u00a0Rue 13\u00a0\u00bb, des portoricains), appel\u00e9e <em>Latinoam\u00e9rica<\/em>. Les larmes me montent aux yeux \u00e0 chaque fois que je la regarde&#8230; La voici, avec les paroles en fran\u00e7ais en sous-titres (les num\u00e9ros renvoient \u00e0 des explications que vous trouvez dans la l\u00e9gende de la vid\u00e9o sur youtube). Lisez le texte, observez les images, car c&rsquo;est un clip superbement r\u00e9alis\u00e9, qui est beau et fid\u00e8le, avec une chanson qui sait d\u00e9crire les r\u00e9alit\u00e9s et les contrastes du continent, ses beaut\u00e9s et ses souffrances. Voyez plut\u00f4t:<\/p>\n<div class=\"jetpack-video-wrapper\"><span class=\"embed-youtube\" style=\"text-align:center; display: block;\"><iframe loading=\"lazy\" class=\"youtube-player\" width=\"1000\" height=\"563\" src=\"https:\/\/www.youtube.com\/embed\/s7LoKCBTn94?version=3&#038;rel=1&#038;showsearch=0&#038;showinfo=1&#038;iv_load_policy=1&#038;fs=1&#038;hl=fr-FR&#038;autohide=2&#038;wmode=transparent\" allowfullscreen=\"true\" style=\"border:0;\" sandbox=\"allow-scripts allow-same-origin allow-popups allow-presentation allow-popups-to-escape-sandbox\"><\/iframe><\/span><\/div>\n<p style=\"text-align: justify;\">Et puis, comme vous l&rsquo;aurez compris avec le temps, j&rsquo;aime bien un peu de statistiques de temps \u00e0 autre! J&rsquo;ai donc pouss\u00e9 la chose jusqu&rsquo;\u00e0 estimer tout un tas de chiffres sur la base de Google maps, mes souvenirs, une carte que j&rsquo;ai gard\u00e9e avec moi pendant le voyage pour suivre mes d\u00e9placements, et ce qu&rsquo;internet a pu me fournir comme info. Voici pour vous:<\/p>\n<ul style=\"text-align: justify;\">\n<li>7 pays, 3 fuseaux-horaire, 2 langues (espagnol, br\u00e9silien)<\/li>\n<li>5,5 mois dont 2&#215;2 semaines avec des visites (Emanuele puis Emma)<\/li>\n<li>Pr\u00e8s de 7&rsquo;500 photos<\/li>\n<li>13 articles sur ce blog,\u00a0des heures et des heures de travail en fin de compte<\/li>\n<li>Tr\u00e8s difficile \u00e0 estimer, mais environ 285 personnes rencontr\u00e9es, connues ou avec qui il y a eu un \u00e9change significatif, dont 20 personnes revues durant le voyage, et parmi celles-ci 2 revues en Europe \u00e9galement (Adnan et Isabel)!<\/li>\n<li>Environ 34&rsquo;000km par mer, terre et air<\/li>\n<li>Environ 610h de d\u00e9placements en bus (allant de celui avec wifi et prise \u00e9lectrique \u00e0 celui qui prend l&rsquo;eau et pue), jeep, minibus, moto-taxi, barque, cano\u00eb, ferry, bateau, avion et auto-stop<\/li>\n<li>Parmi ces 610h de trajets on compte environ 55h de stop, une trentaine d&rsquo;heures de bateau et 14h d&rsquo;avion, sans compter le vol intercontinental dans un sens comme dans l&rsquo;autre (12h et environ 9000km par trajet)<\/li>\n<li>158 jours soit 3&rsquo;792h de voyage, donc 1\/6 soit 16% de mon voyage fut des trajets (sans les vols intercontinentaux)<\/li>\n<\/ul>\n<p style=\"text-align: justify;\">Assez impressionnant hein? Ca me donne un peu le vertige de voir ces chiffres comme \u00e7a&#8230; J&rsquo;ajoute que mes trajets en bus, sans possibilit\u00e9 d&rsquo;\u00e9chapper \u00e0 des s\u00e9lections de films au go\u00fbt vraiment tr\u00e8s douteux, m&rsquo;ont permis de d\u00e9cerner le prix du pire film que j&rsquo;aie vu de ma vie: <em>Requin des Sables<\/em>\u00a0est vraiment aussi mauvais que son nom laisse l&rsquo;entendre.<\/p>\n<figure id=\"attachment_1008\" aria-describedby=\"caption-attachment-1008\" style=\"width: 683px\" class=\"wp-caption aligncenter\"><a href=\"https:\/\/i0.wp.com\/www.spang.ch\/aude\/wp-content\/uploads\/2017\/05\/IMG_7887-e1496007465538.jpg\"><img loading=\"lazy\" decoding=\"async\" data-attachment-id=\"1008\" data-permalink=\"http:\/\/www.spang.ch\/aude\/fr\/2017\/06\/conclusion-end-2-2\/img_7887\/\" data-orig-file=\"https:\/\/i0.wp.com\/www.spang.ch\/aude\/wp-content\/uploads\/2017\/05\/IMG_7887-e1496007465538.jpg?fit=3456%2C5184\" data-orig-size=\"3456,5184\" data-comments-opened=\"1\" data-image-meta=\"{&quot;aperture&quot;:&quot;0&quot;,&quot;credit&quot;:&quot;&quot;,&quot;camera&quot;:&quot;&quot;,&quot;caption&quot;:&quot;&quot;,&quot;created_timestamp&quot;:&quot;0&quot;,&quot;copyright&quot;:&quot;&quot;,&quot;focal_length&quot;:&quot;0&quot;,&quot;iso&quot;:&quot;0&quot;,&quot;shutter_speed&quot;:&quot;0&quot;,&quot;title&quot;:&quot;&quot;,&quot;orientation&quot;:&quot;0&quot;}\" data-image-title=\"IMG_7887\" data-image-description=\"\" data-image-caption=\"&lt;p&gt;Buenos Aires&lt;\/p&gt;\n\" data-medium-file=\"https:\/\/i0.wp.com\/www.spang.ch\/aude\/wp-content\/uploads\/2017\/05\/IMG_7887-e1496007465538.jpg?fit=200%2C300\" data-large-file=\"https:\/\/i0.wp.com\/www.spang.ch\/aude\/wp-content\/uploads\/2017\/05\/IMG_7887-e1496007465538.jpg?fit=683%2C1024\" tabindex=\"0\" role=\"button\" class=\"size-large wp-image-1008\" src=\"https:\/\/i0.wp.com\/www.spang.ch\/aude\/wp-content\/uploads\/2017\/05\/IMG_7887-e1496007465538-683x1024.jpg?resize=683%2C1024\" alt=\"\" width=\"683\" height=\"1024\" srcset=\"https:\/\/i0.wp.com\/www.spang.ch\/aude\/wp-content\/uploads\/2017\/05\/IMG_7887-e1496007465538.jpg?resize=683%2C1024 683w, https:\/\/i0.wp.com\/www.spang.ch\/aude\/wp-content\/uploads\/2017\/05\/IMG_7887-e1496007465538.jpg?resize=200%2C300 200w, https:\/\/i0.wp.com\/www.spang.ch\/aude\/wp-content\/uploads\/2017\/05\/IMG_7887-e1496007465538.jpg?resize=768%2C1152 768w, https:\/\/i0.wp.com\/www.spang.ch\/aude\/wp-content\/uploads\/2017\/05\/IMG_7887-e1496007465538.jpg?w=2000 2000w, https:\/\/i0.wp.com\/www.spang.ch\/aude\/wp-content\/uploads\/2017\/05\/IMG_7887-e1496007465538.jpg?w=3000 3000w\" sizes=\"(max-width: 683px) 100vw, 683px\" data-recalc-dims=\"1\" \/><\/a><figcaption id=\"caption-attachment-1008\" class=\"wp-caption-text\">Buenos Aires<\/figcaption><\/figure>\n<figure id=\"attachment_1024\" aria-describedby=\"caption-attachment-1024\" style=\"width: 985px\" class=\"wp-caption aligncenter\"><a href=\"https:\/\/i0.wp.com\/www.spang.ch\/aude\/wp-content\/uploads\/2017\/05\/Screen-Shot-2017-05-29-at-17.56.47.jpg\"><img loading=\"lazy\" decoding=\"async\" data-attachment-id=\"1024\" data-permalink=\"http:\/\/www.spang.ch\/aude\/fr\/2017\/06\/conclusion-end-2-2\/screen-shot-2017-05-29-at-17-56-47\/\" data-orig-file=\"https:\/\/i0.wp.com\/www.spang.ch\/aude\/wp-content\/uploads\/2017\/05\/Screen-Shot-2017-05-29-at-17.56.47.jpg?fit=985%2C654\" data-orig-size=\"985,654\" data-comments-opened=\"1\" data-image-meta=\"{&quot;aperture&quot;:&quot;0&quot;,&quot;credit&quot;:&quot;&quot;,&quot;camera&quot;:&quot;&quot;,&quot;caption&quot;:&quot;&quot;,&quot;created_timestamp&quot;:&quot;0&quot;,&quot;copyright&quot;:&quot;&quot;,&quot;focal_length&quot;:&quot;0&quot;,&quot;iso&quot;:&quot;0&quot;,&quot;shutter_speed&quot;:&quot;0&quot;,&quot;title&quot;:&quot;&quot;,&quot;orientation&quot;:&quot;0&quot;}\" data-image-title=\"Screen Shot 2017-05-29 at 17.56.47\" data-image-description=\"\" data-image-caption=\"&lt;p&gt;La Pachamama, \u00ab\u00a0our Mother Earth\u00a0\u00bb &#8211; Buenos Aires&lt;\/p&gt;\n\" data-medium-file=\"https:\/\/i0.wp.com\/www.spang.ch\/aude\/wp-content\/uploads\/2017\/05\/Screen-Shot-2017-05-29-at-17.56.47.jpg?fit=300%2C199\" data-large-file=\"https:\/\/i0.wp.com\/www.spang.ch\/aude\/wp-content\/uploads\/2017\/05\/Screen-Shot-2017-05-29-at-17.56.47.jpg?fit=985%2C654\" tabindex=\"0\" role=\"button\" class=\"size-full wp-image-1024\" src=\"https:\/\/i0.wp.com\/www.spang.ch\/aude\/wp-content\/uploads\/2017\/05\/Screen-Shot-2017-05-29-at-17.56.47.jpg?resize=985%2C654\" alt=\"\" width=\"985\" height=\"654\" srcset=\"https:\/\/i0.wp.com\/www.spang.ch\/aude\/wp-content\/uploads\/2017\/05\/Screen-Shot-2017-05-29-at-17.56.47.jpg?w=985 985w, https:\/\/i0.wp.com\/www.spang.ch\/aude\/wp-content\/uploads\/2017\/05\/Screen-Shot-2017-05-29-at-17.56.47.jpg?resize=300%2C199 300w, https:\/\/i0.wp.com\/www.spang.ch\/aude\/wp-content\/uploads\/2017\/05\/Screen-Shot-2017-05-29-at-17.56.47.jpg?resize=768%2C510 768w, https:\/\/i0.wp.com\/www.spang.ch\/aude\/wp-content\/uploads\/2017\/05\/Screen-Shot-2017-05-29-at-17.56.47.jpg?resize=452%2C300 452w\" sizes=\"(max-width: 985px) 100vw, 985px\" data-recalc-dims=\"1\" \/><\/a><figcaption id=\"caption-attachment-1024\" class=\"wp-caption-text\">La Pachamama, \u00ab\u00a0notre m\u00e8re la terre\u00a0\u00bb &#8211; Buenos Aires<\/figcaption><\/figure>\n<p style=\"text-align: justify;\">Et puis une autre chose que j&rsquo;aime aussi beaucoup, ce sont les cartes! De fait, je me suis balad\u00e9e pendant tous ces mois avec une immense carte d\u00e9pliante de toute l&rsquo;Am\u00e9rique du Sud, qui tenait \u00e0 peine\u00a0sur une\u00a0table. J&rsquo;y ai fid\u00e8lement indiqu\u00e9 chaque endroit o\u00f9 je suis all\u00e9e, afin de pouvoir toujours retracer le parcours effectu\u00e9 et me rappeler des noms des lieux o\u00f9 je suis pass\u00e9e. Ce n&rsquo;est pas vraiment possible de prendre une photo de toute la carte qui soit vraiment lisible, il faut l&rsquo;avoir en main et l&rsquo;ouvrir pour vraiment l&rsquo;observer de pr\u00e8s, mais il y avait une version \u00ab\u00a0r\u00e9sum\u00e9\u00a0\u00bb de la carte sur le verso et j&rsquo;y ai trac\u00e9 les lignes g\u00e9n\u00e9rales de mon voyage. Voil\u00e0 qui peut vous donner une bonne id\u00e9e:<\/p>\n<figure id=\"attachment_888\" aria-describedby=\"caption-attachment-888\" style=\"width: 637px\" class=\"wp-caption aligncenter\"><a href=\"https:\/\/i0.wp.com\/www.spang.ch\/aude\/wp-content\/uploads\/2017\/05\/Photo-09.05.17-17-31-46.jpg\"><img loading=\"lazy\" decoding=\"async\" data-attachment-id=\"888\" data-permalink=\"http:\/\/www.spang.ch\/aude\/fr\/2017\/05\/argentina-brazil-emma-a-celebration-of-everything-end-12\/photo-09-05-17-17-31-46\/\" data-orig-file=\"https:\/\/i0.wp.com\/www.spang.ch\/aude\/wp-content\/uploads\/2017\/05\/Photo-09.05.17-17-31-46.jpg?fit=2032%2C3264\" data-orig-size=\"2032,3264\" data-comments-opened=\"1\" data-image-meta=\"{&quot;aperture&quot;:&quot;0&quot;,&quot;credit&quot;:&quot;&quot;,&quot;camera&quot;:&quot;&quot;,&quot;caption&quot;:&quot;&quot;,&quot;created_timestamp&quot;:&quot;0&quot;,&quot;copyright&quot;:&quot;&quot;,&quot;focal_length&quot;:&quot;0&quot;,&quot;iso&quot;:&quot;0&quot;,&quot;shutter_speed&quot;:&quot;0&quot;,&quot;title&quot;:&quot;&quot;,&quot;orientation&quot;:&quot;0&quot;}\" data-image-title=\"Photo 09.05.17 17 31 46\" data-image-description=\"\" data-image-caption=\"\" data-medium-file=\"https:\/\/i0.wp.com\/www.spang.ch\/aude\/wp-content\/uploads\/2017\/05\/Photo-09.05.17-17-31-46.jpg?fit=187%2C300\" data-large-file=\"https:\/\/i0.wp.com\/www.spang.ch\/aude\/wp-content\/uploads\/2017\/05\/Photo-09.05.17-17-31-46.jpg?fit=637%2C1024\" tabindex=\"0\" role=\"button\" class=\"wp-image-888 size-large\" src=\"https:\/\/i0.wp.com\/www.spang.ch\/aude\/wp-content\/uploads\/2017\/05\/Photo-09.05.17-17-31-46.jpg?resize=637%2C1024\" alt=\"\" width=\"637\" height=\"1024\" srcset=\"https:\/\/i0.wp.com\/www.spang.ch\/aude\/wp-content\/uploads\/2017\/05\/Photo-09.05.17-17-31-46.jpg?resize=637%2C1024 637w, https:\/\/i0.wp.com\/www.spang.ch\/aude\/wp-content\/uploads\/2017\/05\/Photo-09.05.17-17-31-46.jpg?resize=187%2C300 187w, https:\/\/i0.wp.com\/www.spang.ch\/aude\/wp-content\/uploads\/2017\/05\/Photo-09.05.17-17-31-46.jpg?resize=768%2C1234 768w, https:\/\/i0.wp.com\/www.spang.ch\/aude\/wp-content\/uploads\/2017\/05\/Photo-09.05.17-17-31-46.jpg?w=2032 2032w\" sizes=\"(max-width: 637px) 100vw, 637px\" data-recalc-dims=\"1\" \/><\/a><figcaption id=\"caption-attachment-888\" class=\"wp-caption-text\">Les pointill\u00e9s repr\u00e9sentent des vols en avion, le reste \u00e9tait par terre ou mer<\/figcaption><\/figure>\n<p style=\"text-align: justify;\">C&rsquo;est pas cool? Moi je trouve \u00e7a trop cool, holala! Sans que ce soit de la vantardise hein.. Je suis juste trop heureuse et reconnaissante d&rsquo;avoir pu cr\u00e9er et emmagasiner tous ces souvenirs. Et puis, je suis rentr\u00e9e, j&rsquo;ai retrouv\u00e9 mon Emanuele, avec qui je vis \u00e0 Gen\u00e8ve. J&rsquo;ai revu ma famille et mes amis, si indispensables. J&rsquo;ai pris le temps de me remettre du retour et de me r\u00e9habituer \u00e0 la vie normale, ai rattrap\u00e9 mon retard avec l&rsquo;actualit\u00e9 (quoi, TRUMP a \u00e9t\u00e9 \u00e9lu?!?) et amen\u00e9 mon v\u00e9lo \u00e0 Gen\u00e8ve pour me d\u00e9placer plus librement. Ensuite, les choses s\u00e9rieuses ont commenc\u00e9, j&rsquo;ai mis mon CV \u00e0 jour et en moins de temps qu&rsquo;il n&rsquo;en faut pour le dire j&rsquo;avais des offres de stage. J&rsquo;en ai accept\u00e9 une et j&rsquo;ai commenc\u00e9 \u00e0 travailler il y a trois semaines,\u00a0un contrat de six mois (pour le moment). Je suis cas\u00e9e! Ca aura donc pris moins de deux mois, bien plus rapide que je ne l&rsquo;aurais cru, tant mieux! Maintenant je me r\u00e9jouis de ce qui m&rsquo;attend, les nouveaux d\u00e9fis, nouveaux rythmes, la nouvelle ville et cette nouvelle vie. Merci de m&rsquo;avoir suivie jusque l\u00e0, et\u00a0<em>hasta la proxima<\/em> pour de nouvelles aventures. Gardez vos yeux et votre coeur ouverts.<\/p>\n<p style=\"text-align: justify;\">Bien \u00e0 vous, votre Audette<\/p>\n<blockquote>\n<p style=\"text-align: justify;\">Celui qui voyage n&rsquo;est jamais seul.<\/p>\n<\/blockquote>\n<figure id=\"attachment_927\" aria-describedby=\"caption-attachment-927\" style=\"width: 1000px\" class=\"wp-caption aligncenter\"><a href=\"https:\/\/i0.wp.com\/www.spang.ch\/aude\/wp-content\/uploads\/2017\/05\/17039349_10155037690194417_3364528103595607867_o.jpg\"><img loading=\"lazy\" decoding=\"async\" data-attachment-id=\"927\" data-permalink=\"http:\/\/www.spang.ch\/aude\/fr\/2017\/06\/conclusion-end-2-2\/17039349_10155037690194417_3364528103595607867_o\/\" data-orig-file=\"https:\/\/i0.wp.com\/www.spang.ch\/aude\/wp-content\/uploads\/2017\/05\/17039349_10155037690194417_3364528103595607867_o.jpg?fit=1440%2C1080\" data-orig-size=\"1440,1080\" data-comments-opened=\"1\" data-image-meta=\"{&quot;aperture&quot;:&quot;0&quot;,&quot;credit&quot;:&quot;&quot;,&quot;camera&quot;:&quot;&quot;,&quot;caption&quot;:&quot;&quot;,&quot;created_timestamp&quot;:&quot;0&quot;,&quot;copyright&quot;:&quot;&quot;,&quot;focal_length&quot;:&quot;0&quot;,&quot;iso&quot;:&quot;0&quot;,&quot;shutter_speed&quot;:&quot;0&quot;,&quot;title&quot;:&quot;&quot;,&quot;orientation&quot;:&quot;0&quot;}\" data-image-title=\"17039349_10155037690194417_3364528103595607867_o\" data-image-description=\"\" data-image-caption=\"&lt;p&gt;I brought a little souvenir back from my big travel&#8230; ;-) &lt;\/p&gt;\n\" data-medium-file=\"https:\/\/i0.wp.com\/www.spang.ch\/aude\/wp-content\/uploads\/2017\/05\/17039349_10155037690194417_3364528103595607867_o.jpg?fit=300%2C225\" data-large-file=\"https:\/\/i0.wp.com\/www.spang.ch\/aude\/wp-content\/uploads\/2017\/05\/17039349_10155037690194417_3364528103595607867_o.jpg?fit=1000%2C750\" tabindex=\"0\" role=\"button\" class=\"size-large wp-image-927\" src=\"https:\/\/i0.wp.com\/www.spang.ch\/aude\/wp-content\/uploads\/2017\/05\/17039349_10155037690194417_3364528103595607867_o.jpg?resize=1000%2C750\" alt=\"\" width=\"1000\" height=\"750\" srcset=\"https:\/\/i0.wp.com\/www.spang.ch\/aude\/wp-content\/uploads\/2017\/05\/17039349_10155037690194417_3364528103595607867_o.jpg?resize=1024%2C768 1024w, https:\/\/i0.wp.com\/www.spang.ch\/aude\/wp-content\/uploads\/2017\/05\/17039349_10155037690194417_3364528103595607867_o.jpg?resize=300%2C225 300w, https:\/\/i0.wp.com\/www.spang.ch\/aude\/wp-content\/uploads\/2017\/05\/17039349_10155037690194417_3364528103595607867_o.jpg?resize=768%2C576 768w, https:\/\/i0.wp.com\/www.spang.ch\/aude\/wp-content\/uploads\/2017\/05\/17039349_10155037690194417_3364528103595607867_o.jpg?resize=400%2C300 400w, https:\/\/i0.wp.com\/www.spang.ch\/aude\/wp-content\/uploads\/2017\/05\/17039349_10155037690194417_3364528103595607867_o.jpg?w=1440 1440w\" sizes=\"(max-width: 1000px) 100vw, 1000px\" data-recalc-dims=\"1\" \/><\/a><figcaption id=\"caption-attachment-927\" class=\"wp-caption-text\">J&rsquo;ai ramen\u00e9 un petit souvenir de mon grand voyage&#8230; \ud83d\ude09 Photo \u00a9Joyjeet<\/figcaption><\/figure>\n<p style=\"text-align: center;\"><strong>Pour plus de photos de ma derni\u00e8re semaine, \u00e0 Buenos Aires, <a href=\"https:\/\/goo.gl\/photos\/ZENDVyn41xe5xQ1k7\">clique ici<\/a><\/strong><\/p>\n<p style=\"text-align: justify;\">Et pour ceux qui souhaitent se balader \u00e0 travers l&rsquo;Am\u00e9rique du Sud en quelques cliques de souris, voici tous les albums photos que j&rsquo;ai publi\u00e9s durant mon voyage. Attention, les\u00a0photos ne sont pas tri\u00e9es, il y en a un tas!<\/p>\n<figure id=\"attachment_200\" aria-describedby=\"caption-attachment-200\" style=\"width: 150px\" class=\"wp-caption alignleft\"><a href=\"https:\/\/goo.gl\/photos\/LqnAb2x6HNZZhQT17\"><img loading=\"lazy\" decoding=\"async\" data-attachment-id=\"200\" data-permalink=\"http:\/\/www.spang.ch\/aude\/fr\/2016\/10\/primeros-dias-en-bogota\/img_7898\/\" data-orig-file=\"https:\/\/i0.wp.com\/www.spang.ch\/aude\/wp-content\/uploads\/2016\/10\/IMG_7898.jpg?fit=5184%2C3456\" data-orig-size=\"5184,3456\" data-comments-opened=\"1\" data-image-meta=\"{&quot;aperture&quot;:&quot;0&quot;,&quot;credit&quot;:&quot;&quot;,&quot;camera&quot;:&quot;&quot;,&quot;caption&quot;:&quot;&quot;,&quot;created_timestamp&quot;:&quot;0&quot;,&quot;copyright&quot;:&quot;&quot;,&quot;focal_length&quot;:&quot;0&quot;,&quot;iso&quot;:&quot;0&quot;,&quot;shutter_speed&quot;:&quot;0&quot;,&quot;title&quot;:&quot;&quot;,&quot;orientation&quot;:&quot;0&quot;}\" data-image-title=\"img_7898\" data-image-description=\"\" data-image-caption=\"\" data-medium-file=\"https:\/\/i0.wp.com\/www.spang.ch\/aude\/wp-content\/uploads\/2016\/10\/IMG_7898.jpg?fit=300%2C200\" data-large-file=\"https:\/\/i0.wp.com\/www.spang.ch\/aude\/wp-content\/uploads\/2016\/10\/IMG_7898.jpg?fit=1000%2C667\" tabindex=\"0\" role=\"button\" class=\"wp-image-200 size-thumbnail\" src=\"https:\/\/i0.wp.com\/www.spang.ch\/aude\/wp-content\/uploads\/2016\/10\/IMG_7898.jpg?resize=150%2C150\" alt=\"\" width=\"150\" height=\"150\" srcset=\"https:\/\/i0.wp.com\/www.spang.ch\/aude\/wp-content\/uploads\/2016\/10\/IMG_7898.jpg?resize=150%2C150 150w, https:\/\/i0.wp.com\/www.spang.ch\/aude\/wp-content\/uploads\/2016\/10\/IMG_7898.jpg?zoom=2&amp;resize=150%2C150 300w, https:\/\/i0.wp.com\/www.spang.ch\/aude\/wp-content\/uploads\/2016\/10\/IMG_7898.jpg?zoom=3&amp;resize=150%2C150 450w\" sizes=\"(max-width: 150px) 100vw, 150px\" data-recalc-dims=\"1\" \/><\/a><figcaption id=\"caption-attachment-200\" class=\"wp-caption-text\">Colombia #1 &#8211; Boyaca, Villa de Leiva, Raquira, Bogot\u00e1<\/figcaption><\/figure>\n<figure id=\"attachment_279\" aria-describedby=\"caption-attachment-279\" style=\"width: 150px\" class=\"wp-caption alignleft\"><a href=\"https:\/\/goo.gl\/photos\/9XtcsXgVYDvW6nCw6\"><img loading=\"lazy\" decoding=\"async\" data-attachment-id=\"279\" data-permalink=\"http:\/\/www.spang.ch\/aude\/fr\/2016\/10\/colombia-is-amazing\/img_8266\/\" data-orig-file=\"https:\/\/i0.wp.com\/www.spang.ch\/aude\/wp-content\/uploads\/2016\/10\/IMG_8266.jpg?fit=5184%2C3456\" data-orig-size=\"5184,3456\" data-comments-opened=\"1\" data-image-meta=\"{&quot;aperture&quot;:&quot;0&quot;,&quot;credit&quot;:&quot;&quot;,&quot;camera&quot;:&quot;&quot;,&quot;caption&quot;:&quot;&quot;,&quot;created_timestamp&quot;:&quot;0&quot;,&quot;copyright&quot;:&quot;&quot;,&quot;focal_length&quot;:&quot;0&quot;,&quot;iso&quot;:&quot;0&quot;,&quot;shutter_speed&quot;:&quot;0&quot;,&quot;title&quot;:&quot;&quot;,&quot;orientation&quot;:&quot;0&quot;}\" data-image-title=\"img_8266\" data-image-description=\"\" data-image-caption=\"&lt;p&gt;Colombia #2: Zipaquira, Salento, Los Nevados, Manizales&lt;\/p&gt;\n\" data-medium-file=\"https:\/\/i0.wp.com\/www.spang.ch\/aude\/wp-content\/uploads\/2016\/10\/IMG_8266.jpg?fit=300%2C200\" data-large-file=\"https:\/\/i0.wp.com\/www.spang.ch\/aude\/wp-content\/uploads\/2016\/10\/IMG_8266.jpg?fit=1000%2C667\" tabindex=\"0\" role=\"button\" class=\"wp-image-279 size-thumbnail\" src=\"https:\/\/i0.wp.com\/www.spang.ch\/aude\/wp-content\/uploads\/2016\/10\/IMG_8266.jpg?resize=150%2C150\" alt=\"\" width=\"150\" height=\"150\" srcset=\"https:\/\/i0.wp.com\/www.spang.ch\/aude\/wp-content\/uploads\/2016\/10\/IMG_8266.jpg?resize=150%2C150 150w, https:\/\/i0.wp.com\/www.spang.ch\/aude\/wp-content\/uploads\/2016\/10\/IMG_8266.jpg?zoom=2&amp;resize=150%2C150 300w, https:\/\/i0.wp.com\/www.spang.ch\/aude\/wp-content\/uploads\/2016\/10\/IMG_8266.jpg?zoom=3&amp;resize=150%2C150 450w\" sizes=\"(max-width: 150px) 100vw, 150px\" data-recalc-dims=\"1\" \/><\/a><figcaption id=\"caption-attachment-279\" class=\"wp-caption-text\">Colombia #2: Zipaquira, Salento, Los Nevados, Manizales<\/figcaption><\/figure>\n<figure id=\"attachment_349\" aria-describedby=\"caption-attachment-349\" style=\"width: 150px\" class=\"wp-caption alignleft\"><a href=\"https:\/\/goo.gl\/photos\/H4w8tcXoJUkiVena7\"><img loading=\"lazy\" decoding=\"async\" data-attachment-id=\"349\" data-permalink=\"http:\/\/www.spang.ch\/aude\/fr\/2016\/11\/calor-caribe-caribbean-heat\/img_8941\/\" data-orig-file=\"https:\/\/i0.wp.com\/www.spang.ch\/aude\/wp-content\/uploads\/2016\/11\/IMG_8941-e1478192290195.jpg?fit=3456%2C5184\" data-orig-size=\"3456,5184\" data-comments-opened=\"1\" data-image-meta=\"{&quot;aperture&quot;:&quot;0&quot;,&quot;credit&quot;:&quot;&quot;,&quot;camera&quot;:&quot;&quot;,&quot;caption&quot;:&quot;&quot;,&quot;created_timestamp&quot;:&quot;0&quot;,&quot;copyright&quot;:&quot;&quot;,&quot;focal_length&quot;:&quot;0&quot;,&quot;iso&quot;:&quot;0&quot;,&quot;shutter_speed&quot;:&quot;0&quot;,&quot;title&quot;:&quot;&quot;,&quot;orientation&quot;:&quot;0&quot;}\" data-image-title=\"img_8941\" data-image-description=\"\" data-image-caption=\"&lt;p&gt;Colombia #3 &#8211; Medell\u00edn, Guatape, Jard\u00edn, Cartagena&lt;\/p&gt;\n\" data-medium-file=\"https:\/\/i0.wp.com\/www.spang.ch\/aude\/wp-content\/uploads\/2016\/11\/IMG_8941-e1478192290195.jpg?fit=200%2C300\" data-large-file=\"https:\/\/i0.wp.com\/www.spang.ch\/aude\/wp-content\/uploads\/2016\/11\/IMG_8941-e1478192290195.jpg?fit=683%2C1024\" tabindex=\"0\" role=\"button\" class=\"wp-image-349 size-thumbnail\" src=\"https:\/\/i0.wp.com\/www.spang.ch\/aude\/wp-content\/uploads\/2016\/11\/IMG_8941-e1478192290195-150x150.jpg?resize=150%2C150\" alt=\"\" width=\"150\" height=\"150\" srcset=\"https:\/\/i0.wp.com\/www.spang.ch\/aude\/wp-content\/uploads\/2016\/11\/IMG_8941-e1478192290195.jpg?resize=150%2C150 150w, https:\/\/i0.wp.com\/www.spang.ch\/aude\/wp-content\/uploads\/2016\/11\/IMG_8941-e1478192290195.jpg?zoom=2&amp;resize=150%2C150 300w, https:\/\/i0.wp.com\/www.spang.ch\/aude\/wp-content\/uploads\/2016\/11\/IMG_8941-e1478192290195.jpg?zoom=3&amp;resize=150%2C150 450w\" sizes=\"(max-width: 150px) 100vw, 150px\" data-recalc-dims=\"1\" \/><\/a><figcaption id=\"caption-attachment-349\" class=\"wp-caption-text\">Colombia #3 &#8211; Medell\u00edn, Guatape, Jard\u00edn, Cartagena<\/figcaption><\/figure>\n<figure id=\"attachment_412\" aria-describedby=\"caption-attachment-412\" style=\"width: 150px\" class=\"wp-caption alignleft\"><a href=\"https:\/\/goo.gl\/photos\/ootSFswPsRGReM9Y9\"><img loading=\"lazy\" decoding=\"async\" data-attachment-id=\"412\" data-permalink=\"http:\/\/www.spang.ch\/aude\/fr\/2017\/06\/conclusion-end-2-2\/img_9060\/\" data-orig-file=\"https:\/\/i0.wp.com\/www.spang.ch\/aude\/wp-content\/uploads\/2016\/11\/IMG_9060.jpg?fit=5184%2C3456\" data-orig-size=\"5184,3456\" data-comments-opened=\"1\" data-image-meta=\"{&quot;aperture&quot;:&quot;0&quot;,&quot;credit&quot;:&quot;&quot;,&quot;camera&quot;:&quot;&quot;,&quot;caption&quot;:&quot;&quot;,&quot;created_timestamp&quot;:&quot;0&quot;,&quot;copyright&quot;:&quot;&quot;,&quot;focal_length&quot;:&quot;0&quot;,&quot;iso&quot;:&quot;0&quot;,&quot;shutter_speed&quot;:&quot;0&quot;,&quot;title&quot;:&quot;&quot;,&quot;orientation&quot;:&quot;0&quot;}\" data-image-title=\"img_9060\" data-image-description=\"\" data-image-caption=\"&lt;p&gt;Colombia #4 &#8211; San Andr\u00e9s, Ciudad Perdida, Palomino, Camarones&lt;\/p&gt;\n\" data-medium-file=\"https:\/\/i0.wp.com\/www.spang.ch\/aude\/wp-content\/uploads\/2016\/11\/IMG_9060.jpg?fit=300%2C200\" data-large-file=\"https:\/\/i0.wp.com\/www.spang.ch\/aude\/wp-content\/uploads\/2016\/11\/IMG_9060.jpg?fit=1000%2C667\" tabindex=\"0\" role=\"button\" class=\"size-thumbnail wp-image-412\" src=\"https:\/\/i0.wp.com\/www.spang.ch\/aude\/wp-content\/uploads\/2016\/11\/IMG_9060.jpg?resize=150%2C150\" alt=\"\" width=\"150\" height=\"150\" srcset=\"https:\/\/i0.wp.com\/www.spang.ch\/aude\/wp-content\/uploads\/2016\/11\/IMG_9060.jpg?resize=150%2C150 150w, https:\/\/i0.wp.com\/www.spang.ch\/aude\/wp-content\/uploads\/2016\/11\/IMG_9060.jpg?zoom=2&amp;resize=150%2C150 300w, https:\/\/i0.wp.com\/www.spang.ch\/aude\/wp-content\/uploads\/2016\/11\/IMG_9060.jpg?zoom=3&amp;resize=150%2C150 450w\" sizes=\"(max-width: 150px) 100vw, 150px\" data-recalc-dims=\"1\" \/><\/a><figcaption id=\"caption-attachment-412\" class=\"wp-caption-text\">Colombia #4 &#8211; San Andr\u00e9s, Ciudad Perdida, Palomino, Camarones<\/figcaption><\/figure>\n<figure id=\"attachment_422\" aria-describedby=\"caption-attachment-422\" style=\"width: 150px\" class=\"wp-caption alignleft\"><a href=\"https:\/\/goo.gl\/photos\/rxX5mEwYJVnHmr9H7\"><img loading=\"lazy\" decoding=\"async\" data-attachment-id=\"422\" data-permalink=\"http:\/\/www.spang.ch\/aude\/fr\/2016\/11\/summer-in-jamaican-fashion-and-a-fabulous-region\/gopr5672\/\" data-orig-file=\"https:\/\/i0.wp.com\/www.spang.ch\/aude\/wp-content\/uploads\/2016\/11\/GOPR5672.jpg?fit=3680%2C2760\" data-orig-size=\"3680,2760\" data-comments-opened=\"1\" data-image-meta=\"{&quot;aperture&quot;:&quot;0&quot;,&quot;credit&quot;:&quot;&quot;,&quot;camera&quot;:&quot;&quot;,&quot;caption&quot;:&quot;&quot;,&quot;created_timestamp&quot;:&quot;0&quot;,&quot;copyright&quot;:&quot;&quot;,&quot;focal_length&quot;:&quot;0&quot;,&quot;iso&quot;:&quot;0&quot;,&quot;shutter_speed&quot;:&quot;0&quot;,&quot;title&quot;:&quot;&quot;,&quot;orientation&quot;:&quot;0&quot;}\" data-image-title=\"gopr5672\" data-image-description=\"\" data-image-caption=\"&lt;p&gt;Colombia #5: La Guajira, Tayrona, Minca&lt;\/p&gt;\n\" data-medium-file=\"https:\/\/i0.wp.com\/www.spang.ch\/aude\/wp-content\/uploads\/2016\/11\/GOPR5672.jpg?fit=300%2C225\" data-large-file=\"https:\/\/i0.wp.com\/www.spang.ch\/aude\/wp-content\/uploads\/2016\/11\/GOPR5672.jpg?fit=1000%2C750\" tabindex=\"0\" role=\"button\" class=\"size-thumbnail wp-image-422\" src=\"https:\/\/i0.wp.com\/www.spang.ch\/aude\/wp-content\/uploads\/2016\/11\/GOPR5672.jpg?resize=150%2C150\" alt=\"\" width=\"150\" height=\"150\" srcset=\"https:\/\/i0.wp.com\/www.spang.ch\/aude\/wp-content\/uploads\/2016\/11\/GOPR5672.jpg?resize=150%2C150 150w, https:\/\/i0.wp.com\/www.spang.ch\/aude\/wp-content\/uploads\/2016\/11\/GOPR5672.jpg?zoom=2&amp;resize=150%2C150 300w, https:\/\/i0.wp.com\/www.spang.ch\/aude\/wp-content\/uploads\/2016\/11\/GOPR5672.jpg?zoom=3&amp;resize=150%2C150 450w\" sizes=\"(max-width: 150px) 100vw, 150px\" data-recalc-dims=\"1\" \/><\/a><figcaption id=\"caption-attachment-422\" class=\"wp-caption-text\">Colombia #5: La Guajira, Tayrona, Minca<\/figcaption><\/figure>\n<figure id=\"attachment_544\" aria-describedby=\"caption-attachment-544\" style=\"width: 150px\" class=\"wp-caption alignleft\"><a href=\"https:\/\/goo.gl\/photos\/EYhgiXGjCYG6Lbmi8\"><img loading=\"lazy\" decoding=\"async\" data-attachment-id=\"544\" data-permalink=\"http:\/\/www.spang.ch\/aude\/fr\/2017\/01\/peru-country-of-the-inca\/img_0523\/\" data-orig-file=\"https:\/\/i0.wp.com\/www.spang.ch\/aude\/wp-content\/uploads\/2016\/12\/IMG_0523.jpg?fit=5184%2C3456\" data-orig-size=\"5184,3456\" data-comments-opened=\"1\" data-image-meta=\"{&quot;aperture&quot;:&quot;0&quot;,&quot;credit&quot;:&quot;&quot;,&quot;camera&quot;:&quot;&quot;,&quot;caption&quot;:&quot;&quot;,&quot;created_timestamp&quot;:&quot;0&quot;,&quot;copyright&quot;:&quot;&quot;,&quot;focal_length&quot;:&quot;0&quot;,&quot;iso&quot;:&quot;0&quot;,&quot;shutter_speed&quot;:&quot;0&quot;,&quot;title&quot;:&quot;&quot;,&quot;orientation&quot;:&quot;0&quot;}\" data-image-title=\"img_0523\" data-image-description=\"\" data-image-caption=\"&lt;p&gt;Peru #1: M\u00e1ncora, Ku\u00e9lap, Gocta&lt;\/p&gt;\n\" data-medium-file=\"https:\/\/i0.wp.com\/www.spang.ch\/aude\/wp-content\/uploads\/2016\/12\/IMG_0523.jpg?fit=300%2C200\" data-large-file=\"https:\/\/i0.wp.com\/www.spang.ch\/aude\/wp-content\/uploads\/2016\/12\/IMG_0523.jpg?fit=1000%2C667\" tabindex=\"0\" role=\"button\" class=\"wp-image-544 size-thumbnail\" src=\"https:\/\/i0.wp.com\/www.spang.ch\/aude\/wp-content\/uploads\/2016\/12\/IMG_0523.jpg?resize=150%2C150\" alt=\"M\u00e1ncora\" width=\"150\" height=\"150\" srcset=\"https:\/\/i0.wp.com\/www.spang.ch\/aude\/wp-content\/uploads\/2016\/12\/IMG_0523.jpg?resize=150%2C150 150w, https:\/\/i0.wp.com\/www.spang.ch\/aude\/wp-content\/uploads\/2016\/12\/IMG_0523.jpg?zoom=2&amp;resize=150%2C150 300w, https:\/\/i0.wp.com\/www.spang.ch\/aude\/wp-content\/uploads\/2016\/12\/IMG_0523.jpg?zoom=3&amp;resize=150%2C150 450w\" sizes=\"(max-width: 150px) 100vw, 150px\" data-recalc-dims=\"1\" \/><\/a><figcaption id=\"caption-attachment-544\" class=\"wp-caption-text\">Peru #1: M\u00e1ncora, Ku\u00e9lap, Gocta<\/figcaption><\/figure>\n<figure id=\"attachment_559\" aria-describedby=\"caption-attachment-559\" style=\"width: 150px\" class=\"wp-caption alignleft\"><a href=\"https:\/\/goo.gl\/photos\/3voocnXUAtNqWNbw7\"><img loading=\"lazy\" decoding=\"async\" data-attachment-id=\"559\" data-permalink=\"http:\/\/www.spang.ch\/aude\/fr\/2017\/01\/peru-country-of-the-inca\/img_1287\/\" data-orig-file=\"https:\/\/i0.wp.com\/www.spang.ch\/aude\/wp-content\/uploads\/2016\/12\/IMG_1287.jpg?fit=5184%2C3456\" data-orig-size=\"5184,3456\" data-comments-opened=\"1\" data-image-meta=\"{&quot;aperture&quot;:&quot;0&quot;,&quot;credit&quot;:&quot;&quot;,&quot;camera&quot;:&quot;&quot;,&quot;caption&quot;:&quot;&quot;,&quot;created_timestamp&quot;:&quot;0&quot;,&quot;copyright&quot;:&quot;&quot;,&quot;focal_length&quot;:&quot;0&quot;,&quot;iso&quot;:&quot;0&quot;,&quot;shutter_speed&quot;:&quot;0&quot;,&quot;title&quot;:&quot;&quot;,&quot;orientation&quot;:&quot;0&quot;}\" data-image-title=\"img_1287\" data-image-description=\"\" data-image-caption=\"&lt;p&gt;Peru #2: Lagunas, Trujillo, Huaraz\/Santa Cruz&lt;\/p&gt;\n\" data-medium-file=\"https:\/\/i0.wp.com\/www.spang.ch\/aude\/wp-content\/uploads\/2016\/12\/IMG_1287.jpg?fit=300%2C200\" data-large-file=\"https:\/\/i0.wp.com\/www.spang.ch\/aude\/wp-content\/uploads\/2016\/12\/IMG_1287.jpg?fit=1000%2C667\" tabindex=\"0\" role=\"button\" class=\"wp-image-559 size-thumbnail\" src=\"https:\/\/i0.wp.com\/www.spang.ch\/aude\/wp-content\/uploads\/2016\/12\/IMG_1287.jpg?resize=150%2C150\" alt=\"\" width=\"150\" height=\"150\" srcset=\"https:\/\/i0.wp.com\/www.spang.ch\/aude\/wp-content\/uploads\/2016\/12\/IMG_1287.jpg?resize=150%2C150 150w, https:\/\/i0.wp.com\/www.spang.ch\/aude\/wp-content\/uploads\/2016\/12\/IMG_1287.jpg?zoom=2&amp;resize=150%2C150 300w, https:\/\/i0.wp.com\/www.spang.ch\/aude\/wp-content\/uploads\/2016\/12\/IMG_1287.jpg?zoom=3&amp;resize=150%2C150 450w\" sizes=\"(max-width: 150px) 100vw, 150px\" data-recalc-dims=\"1\" \/><\/a><figcaption id=\"caption-attachment-559\" class=\"wp-caption-text\">Peru #2: Lagunas, Trujillo, Huaraz\/Santa Cruz<\/figcaption><\/figure>\n<figure id=\"attachment_604\" aria-describedby=\"caption-attachment-604\" style=\"width: 150px\" class=\"wp-caption alignleft\"><a href=\"https:\/\/goo.gl\/photos\/veiHbGjWzE7ZUfkY9\"><img loading=\"lazy\" decoding=\"async\" data-attachment-id=\"604\" data-permalink=\"http:\/\/www.spang.ch\/aude\/fr\/2017\/01\/peru-country-of-the-inca\/img_2042\/\" data-orig-file=\"https:\/\/i0.wp.com\/www.spang.ch\/aude\/wp-content\/uploads\/2017\/01\/IMG_2042.jpg?fit=4898%2C3265\" data-orig-size=\"4898,3265\" data-comments-opened=\"1\" data-image-meta=\"{&quot;aperture&quot;:&quot;0&quot;,&quot;credit&quot;:&quot;&quot;,&quot;camera&quot;:&quot;&quot;,&quot;caption&quot;:&quot;&quot;,&quot;created_timestamp&quot;:&quot;0&quot;,&quot;copyright&quot;:&quot;&quot;,&quot;focal_length&quot;:&quot;0&quot;,&quot;iso&quot;:&quot;0&quot;,&quot;shutter_speed&quot;:&quot;0&quot;,&quot;title&quot;:&quot;&quot;,&quot;orientation&quot;:&quot;0&quot;}\" data-image-title=\"img_2042\" data-image-description=\"\" data-image-caption=\"&lt;p&gt;Peru #3: Cusco, Salkantay Trek, Machu Picchu&lt;\/p&gt;\n\" data-medium-file=\"https:\/\/i0.wp.com\/www.spang.ch\/aude\/wp-content\/uploads\/2017\/01\/IMG_2042.jpg?fit=300%2C200\" data-large-file=\"https:\/\/i0.wp.com\/www.spang.ch\/aude\/wp-content\/uploads\/2017\/01\/IMG_2042.jpg?fit=1000%2C667\" tabindex=\"0\" role=\"button\" class=\"wp-image-604 size-thumbnail\" src=\"https:\/\/i0.wp.com\/www.spang.ch\/aude\/wp-content\/uploads\/2017\/01\/IMG_2042.jpg?resize=150%2C150\" alt=\"\" width=\"150\" height=\"150\" srcset=\"https:\/\/i0.wp.com\/www.spang.ch\/aude\/wp-content\/uploads\/2017\/01\/IMG_2042.jpg?resize=150%2C150 150w, https:\/\/i0.wp.com\/www.spang.ch\/aude\/wp-content\/uploads\/2017\/01\/IMG_2042.jpg?zoom=2&amp;resize=150%2C150 300w, https:\/\/i0.wp.com\/www.spang.ch\/aude\/wp-content\/uploads\/2017\/01\/IMG_2042.jpg?zoom=3&amp;resize=150%2C150 450w\" sizes=\"(max-width: 150px) 100vw, 150px\" data-recalc-dims=\"1\" \/><\/a><figcaption id=\"caption-attachment-604\" class=\"wp-caption-text\">Peru #3: Cusco, Salkantay Trek, Machu Picchu<\/figcaption><\/figure>\n<figure id=\"attachment_649\" aria-describedby=\"caption-attachment-649\" style=\"width: 150px\" class=\"wp-caption alignleft\"><a href=\"https:\/\/goo.gl\/photos\/46FL4kM4F66fvpoL7\"><img loading=\"lazy\" decoding=\"async\" data-attachment-id=\"649\" data-permalink=\"http:\/\/www.spang.ch\/aude\/fr\/2017\/01\/bolivia\/img_2909\/\" data-orig-file=\"https:\/\/i0.wp.com\/www.spang.ch\/aude\/wp-content\/uploads\/2017\/01\/IMG_2909.jpg?fit=5184%2C3456\" data-orig-size=\"5184,3456\" data-comments-opened=\"1\" data-image-meta=\"{&quot;aperture&quot;:&quot;0&quot;,&quot;credit&quot;:&quot;&quot;,&quot;camera&quot;:&quot;&quot;,&quot;caption&quot;:&quot;&quot;,&quot;created_timestamp&quot;:&quot;0&quot;,&quot;copyright&quot;:&quot;&quot;,&quot;focal_length&quot;:&quot;0&quot;,&quot;iso&quot;:&quot;0&quot;,&quot;shutter_speed&quot;:&quot;0&quot;,&quot;title&quot;:&quot;&quot;,&quot;orientation&quot;:&quot;0&quot;}\" data-image-title=\"IMG_2909\" data-image-description=\"\" data-image-caption=\"&lt;p&gt;Bolivia: Sucre, Sud Lipez, Samaipata&lt;\/p&gt;\n\" data-medium-file=\"https:\/\/i0.wp.com\/www.spang.ch\/aude\/wp-content\/uploads\/2017\/01\/IMG_2909.jpg?fit=300%2C200\" data-large-file=\"https:\/\/i0.wp.com\/www.spang.ch\/aude\/wp-content\/uploads\/2017\/01\/IMG_2909.jpg?fit=1000%2C667\" tabindex=\"0\" role=\"button\" class=\"wp-image-649 size-thumbnail\" src=\"https:\/\/i0.wp.com\/www.spang.ch\/aude\/wp-content\/uploads\/2017\/01\/IMG_2909.jpg?resize=150%2C150\" alt=\"\" width=\"150\" height=\"150\" srcset=\"https:\/\/i0.wp.com\/www.spang.ch\/aude\/wp-content\/uploads\/2017\/01\/IMG_2909.jpg?resize=150%2C150 150w, https:\/\/i0.wp.com\/www.spang.ch\/aude\/wp-content\/uploads\/2017\/01\/IMG_2909.jpg?zoom=2&amp;resize=150%2C150 300w, https:\/\/i0.wp.com\/www.spang.ch\/aude\/wp-content\/uploads\/2017\/01\/IMG_2909.jpg?zoom=3&amp;resize=150%2C150 450w\" sizes=\"(max-width: 150px) 100vw, 150px\" data-recalc-dims=\"1\" \/><\/a><figcaption id=\"caption-attachment-649\" class=\"wp-caption-text\">Bolivia: Sucre, Sud Lipez, Samaipata<\/figcaption><\/figure>\n<figure id=\"attachment_706\" aria-describedby=\"caption-attachment-706\" style=\"width: 150px\" class=\"wp-caption alignleft\"><a href=\"https:\/\/goo.gl\/photos\/oyEVL9uiCBkUuuvd8\"><img loading=\"lazy\" decoding=\"async\" data-attachment-id=\"706\" data-permalink=\"http:\/\/www.spang.ch\/aude\/fr\/2017\/03\/northern-argentina\/img_3456\/\" data-orig-file=\"https:\/\/i0.wp.com\/www.spang.ch\/aude\/wp-content\/uploads\/2017\/02\/IMG_3456-e1486664597706.jpg?fit=3456%2C5184\" data-orig-size=\"3456,5184\" data-comments-opened=\"1\" data-image-meta=\"{&quot;aperture&quot;:&quot;0&quot;,&quot;credit&quot;:&quot;&quot;,&quot;camera&quot;:&quot;&quot;,&quot;caption&quot;:&quot;&quot;,&quot;created_timestamp&quot;:&quot;0&quot;,&quot;copyright&quot;:&quot;&quot;,&quot;focal_length&quot;:&quot;0&quot;,&quot;iso&quot;:&quot;0&quot;,&quot;shutter_speed&quot;:&quot;0&quot;,&quot;title&quot;:&quot;&quot;,&quot;orientation&quot;:&quot;0&quot;}\" data-image-title=\"IMG_3456\" data-image-description=\"\" data-image-caption=\"&lt;p&gt;Argentina #1: Salta, Mendoza&lt;\/p&gt;\n\" data-medium-file=\"https:\/\/i0.wp.com\/www.spang.ch\/aude\/wp-content\/uploads\/2017\/02\/IMG_3456-e1486664597706.jpg?fit=200%2C300\" data-large-file=\"https:\/\/i0.wp.com\/www.spang.ch\/aude\/wp-content\/uploads\/2017\/02\/IMG_3456-e1486664597706.jpg?fit=683%2C1024\" tabindex=\"0\" role=\"button\" class=\"wp-image-706 size-thumbnail\" src=\"https:\/\/i0.wp.com\/www.spang.ch\/aude\/wp-content\/uploads\/2017\/02\/IMG_3456-e1486664597706-150x150.jpg?resize=150%2C150\" alt=\"\" width=\"150\" height=\"150\" srcset=\"https:\/\/i0.wp.com\/www.spang.ch\/aude\/wp-content\/uploads\/2017\/02\/IMG_3456-e1486664597706.jpg?resize=150%2C150 150w, https:\/\/i0.wp.com\/www.spang.ch\/aude\/wp-content\/uploads\/2017\/02\/IMG_3456-e1486664597706.jpg?zoom=2&amp;resize=150%2C150 300w, https:\/\/i0.wp.com\/www.spang.ch\/aude\/wp-content\/uploads\/2017\/02\/IMG_3456-e1486664597706.jpg?zoom=3&amp;resize=150%2C150 450w\" sizes=\"(max-width: 150px) 100vw, 150px\" data-recalc-dims=\"1\" \/><\/a><figcaption id=\"caption-attachment-706\" class=\"wp-caption-text\">Argentina #1: Salta, Mendoza<\/figcaption><\/figure>\n<figure id=\"attachment_770\" aria-describedby=\"caption-attachment-770\" style=\"width: 150px\" class=\"wp-caption alignleft\"><a href=\"https:\/\/goo.gl\/photos\/RLT3Tx3kiVtCrAbN8\"><img loading=\"lazy\" decoding=\"async\" data-attachment-id=\"770\" data-permalink=\"http:\/\/www.spang.ch\/aude\/fr\/2017\/03\/friendly-chile\/img_3996\/\" data-orig-file=\"https:\/\/i0.wp.com\/www.spang.ch\/aude\/wp-content\/uploads\/2017\/03\/IMG_3996.jpg?fit=5184%2C3456\" data-orig-size=\"5184,3456\" data-comments-opened=\"1\" data-image-meta=\"{&quot;aperture&quot;:&quot;0&quot;,&quot;credit&quot;:&quot;&quot;,&quot;camera&quot;:&quot;&quot;,&quot;caption&quot;:&quot;&quot;,&quot;created_timestamp&quot;:&quot;0&quot;,&quot;copyright&quot;:&quot;&quot;,&quot;focal_length&quot;:&quot;0&quot;,&quot;iso&quot;:&quot;0&quot;,&quot;shutter_speed&quot;:&quot;0&quot;,&quot;title&quot;:&quot;&quot;,&quot;orientation&quot;:&quot;0&quot;}\" data-image-title=\"IMG_3996\" data-image-description=\"\" data-image-caption=\"&lt;p&gt;Chile #1: Santiago, Vi\u00f1a del Mar, Valpara\u00edso&lt;\/p&gt;\n\" data-medium-file=\"https:\/\/i0.wp.com\/www.spang.ch\/aude\/wp-content\/uploads\/2017\/03\/IMG_3996.jpg?fit=300%2C200\" data-large-file=\"https:\/\/i0.wp.com\/www.spang.ch\/aude\/wp-content\/uploads\/2017\/03\/IMG_3996.jpg?fit=1000%2C667\" tabindex=\"0\" role=\"button\" class=\"wp-image-770 size-thumbnail\" src=\"https:\/\/i0.wp.com\/www.spang.ch\/aude\/wp-content\/uploads\/2017\/03\/IMG_3996.jpg?resize=150%2C150\" alt=\"\" width=\"150\" height=\"150\" srcset=\"https:\/\/i0.wp.com\/www.spang.ch\/aude\/wp-content\/uploads\/2017\/03\/IMG_3996.jpg?resize=150%2C150 150w, https:\/\/i0.wp.com\/www.spang.ch\/aude\/wp-content\/uploads\/2017\/03\/IMG_3996.jpg?zoom=2&amp;resize=150%2C150 300w, https:\/\/i0.wp.com\/www.spang.ch\/aude\/wp-content\/uploads\/2017\/03\/IMG_3996.jpg?zoom=3&amp;resize=150%2C150 450w\" sizes=\"(max-width: 150px) 100vw, 150px\" data-recalc-dims=\"1\" \/><\/a><figcaption id=\"caption-attachment-770\" class=\"wp-caption-text\">Chile #1: Santiago, Vi\u00f1a del Mar, Valpara\u00edso<\/figcaption><\/figure>\n<figure id=\"attachment_780\" aria-describedby=\"caption-attachment-780\" style=\"width: 150px\" class=\"wp-caption alignleft\"><a href=\"https:\/\/goo.gl\/photos\/3eGgF2CZaEHQbYwQA\"><img loading=\"lazy\" decoding=\"async\" data-attachment-id=\"780\" data-permalink=\"http:\/\/www.spang.ch\/aude\/fr\/2017\/03\/friendly-chile\/img_4627\/\" data-orig-file=\"https:\/\/i0.wp.com\/www.spang.ch\/aude\/wp-content\/uploads\/2017\/03\/IMG_4627.jpg?fit=5184%2C3456\" data-orig-size=\"5184,3456\" data-comments-opened=\"1\" data-image-meta=\"{&quot;aperture&quot;:&quot;0&quot;,&quot;credit&quot;:&quot;&quot;,&quot;camera&quot;:&quot;&quot;,&quot;caption&quot;:&quot;&quot;,&quot;created_timestamp&quot;:&quot;0&quot;,&quot;copyright&quot;:&quot;&quot;,&quot;focal_length&quot;:&quot;0&quot;,&quot;iso&quot;:&quot;0&quot;,&quot;shutter_speed&quot;:&quot;0&quot;,&quot;title&quot;:&quot;&quot;,&quot;orientation&quot;:&quot;0&quot;}\" data-image-title=\"IMG_4627\" data-image-description=\"\" data-image-caption=\"&lt;p&gt;Chile #2: Osorno, Puerto Montt, Chiloe&lt;\/p&gt;\n\" data-medium-file=\"https:\/\/i0.wp.com\/www.spang.ch\/aude\/wp-content\/uploads\/2017\/03\/IMG_4627.jpg?fit=300%2C200\" data-large-file=\"https:\/\/i0.wp.com\/www.spang.ch\/aude\/wp-content\/uploads\/2017\/03\/IMG_4627.jpg?fit=1000%2C667\" tabindex=\"0\" role=\"button\" class=\"wp-image-780 size-thumbnail\" src=\"https:\/\/i0.wp.com\/www.spang.ch\/aude\/wp-content\/uploads\/2017\/03\/IMG_4627.jpg?resize=150%2C150\" alt=\"\" width=\"150\" height=\"150\" srcset=\"https:\/\/i0.wp.com\/www.spang.ch\/aude\/wp-content\/uploads\/2017\/03\/IMG_4627.jpg?resize=150%2C150 150w, https:\/\/i0.wp.com\/www.spang.ch\/aude\/wp-content\/uploads\/2017\/03\/IMG_4627.jpg?zoom=2&amp;resize=150%2C150 300w, https:\/\/i0.wp.com\/www.spang.ch\/aude\/wp-content\/uploads\/2017\/03\/IMG_4627.jpg?zoom=3&amp;resize=150%2C150 450w\" sizes=\"(max-width: 150px) 100vw, 150px\" data-recalc-dims=\"1\" \/><\/a><figcaption id=\"caption-attachment-780\" class=\"wp-caption-text\">Chile #2: Osorno, Puerto Montt, Chilo\u00e9<\/figcaption><\/figure>\n<figure id=\"attachment_815\" aria-describedby=\"caption-attachment-815\" style=\"width: 150px\" class=\"wp-caption alignleft\"><a href=\"https:\/\/goo.gl\/photos\/oKonbkSqaTqXBmda9\"><img loading=\"lazy\" decoding=\"async\" data-attachment-id=\"815\" data-permalink=\"http:\/\/www.spang.ch\/aude\/fr\/2017\/04\/patagonia-que-buena-onda\/img_5311\/\" data-orig-file=\"https:\/\/i0.wp.com\/www.spang.ch\/aude\/wp-content\/uploads\/2017\/04\/IMG_5311.jpg?fit=5184%2C3456\" data-orig-size=\"5184,3456\" data-comments-opened=\"1\" data-image-meta=\"{&quot;aperture&quot;:&quot;0&quot;,&quot;credit&quot;:&quot;&quot;,&quot;camera&quot;:&quot;&quot;,&quot;caption&quot;:&quot;&quot;,&quot;created_timestamp&quot;:&quot;0&quot;,&quot;copyright&quot;:&quot;&quot;,&quot;focal_length&quot;:&quot;0&quot;,&quot;iso&quot;:&quot;0&quot;,&quot;shutter_speed&quot;:&quot;0&quot;,&quot;title&quot;:&quot;&quot;,&quot;orientation&quot;:&quot;0&quot;}\" data-image-title=\"IMG_5311\" data-image-description=\"\" data-image-caption=\"&lt;p&gt;Patagonia #1: Bariloche, El Bolson, Carretera Austral&lt;\/p&gt;\n\" data-medium-file=\"https:\/\/i0.wp.com\/www.spang.ch\/aude\/wp-content\/uploads\/2017\/04\/IMG_5311.jpg?fit=300%2C200\" data-large-file=\"https:\/\/i0.wp.com\/www.spang.ch\/aude\/wp-content\/uploads\/2017\/04\/IMG_5311.jpg?fit=1000%2C667\" tabindex=\"0\" role=\"button\" class=\"wp-image-815 size-thumbnail\" src=\"https:\/\/i0.wp.com\/www.spang.ch\/aude\/wp-content\/uploads\/2017\/04\/IMG_5311.jpg?resize=150%2C150\" alt=\"\" width=\"150\" height=\"150\" srcset=\"https:\/\/i0.wp.com\/www.spang.ch\/aude\/wp-content\/uploads\/2017\/04\/IMG_5311.jpg?resize=150%2C150 150w, https:\/\/i0.wp.com\/www.spang.ch\/aude\/wp-content\/uploads\/2017\/04\/IMG_5311.jpg?zoom=2&amp;resize=150%2C150 300w, https:\/\/i0.wp.com\/www.spang.ch\/aude\/wp-content\/uploads\/2017\/04\/IMG_5311.jpg?zoom=3&amp;resize=150%2C150 450w\" sizes=\"(max-width: 150px) 100vw, 150px\" data-recalc-dims=\"1\" \/><\/a><figcaption id=\"caption-attachment-815\" class=\"wp-caption-text\">Patagonia #1: Bariloche, El Bols\u00f3n, Carretera Austral<\/figcaption><\/figure>\n<figure id=\"attachment_828\" aria-describedby=\"caption-attachment-828\" style=\"width: 150px\" class=\"wp-caption alignleft\"><a href=\"https:\/\/goo.gl\/photos\/PTZMyNJWsoUq1se19\"><img loading=\"lazy\" decoding=\"async\" data-attachment-id=\"828\" data-permalink=\"http:\/\/www.spang.ch\/aude\/fr\/2017\/04\/patagonia-que-buena-onda\/img_5752\/\" data-orig-file=\"https:\/\/i0.wp.com\/www.spang.ch\/aude\/wp-content\/uploads\/2017\/04\/IMG_5752.jpg?fit=5184%2C3456\" data-orig-size=\"5184,3456\" data-comments-opened=\"1\" data-image-meta=\"{&quot;aperture&quot;:&quot;0&quot;,&quot;credit&quot;:&quot;&quot;,&quot;camera&quot;:&quot;&quot;,&quot;caption&quot;:&quot;&quot;,&quot;created_timestamp&quot;:&quot;0&quot;,&quot;copyright&quot;:&quot;&quot;,&quot;focal_length&quot;:&quot;0&quot;,&quot;iso&quot;:&quot;0&quot;,&quot;shutter_speed&quot;:&quot;0&quot;,&quot;title&quot;:&quot;&quot;,&quot;orientation&quot;:&quot;0&quot;}\" data-image-title=\"IMG_5752\" data-image-description=\"\" data-image-caption=\"&lt;p&gt;Patagonia #2: Cuevas de Marmol, Fitz Roy&lt;\/p&gt;\n\" data-medium-file=\"https:\/\/i0.wp.com\/www.spang.ch\/aude\/wp-content\/uploads\/2017\/04\/IMG_5752.jpg?fit=300%2C200\" data-large-file=\"https:\/\/i0.wp.com\/www.spang.ch\/aude\/wp-content\/uploads\/2017\/04\/IMG_5752.jpg?fit=1000%2C667\" tabindex=\"0\" role=\"button\" class=\"wp-image-828 size-thumbnail\" src=\"https:\/\/i0.wp.com\/www.spang.ch\/aude\/wp-content\/uploads\/2017\/04\/IMG_5752.jpg?resize=150%2C150\" alt=\"\" width=\"150\" height=\"150\" srcset=\"https:\/\/i0.wp.com\/www.spang.ch\/aude\/wp-content\/uploads\/2017\/04\/IMG_5752.jpg?resize=150%2C150 150w, https:\/\/i0.wp.com\/www.spang.ch\/aude\/wp-content\/uploads\/2017\/04\/IMG_5752.jpg?zoom=2&amp;resize=150%2C150 300w, https:\/\/i0.wp.com\/www.spang.ch\/aude\/wp-content\/uploads\/2017\/04\/IMG_5752.jpg?zoom=3&amp;resize=150%2C150 450w\" sizes=\"(max-width: 150px) 100vw, 150px\" data-recalc-dims=\"1\" \/><\/a><figcaption id=\"caption-attachment-828\" class=\"wp-caption-text\">Patagonia #2: Cuevas de M\u00e1rmol, Fitz Roy<\/figcaption><\/figure>\n<figure id=\"attachment_834\" aria-describedby=\"caption-attachment-834\" style=\"width: 150px\" class=\"wp-caption alignleft\"><a href=\"https:\/\/goo.gl\/photos\/i7U6xQNANNPUo6rX9\"><img loading=\"lazy\" decoding=\"async\" data-attachment-id=\"834\" data-permalink=\"http:\/\/www.spang.ch\/aude\/fr\/2017\/04\/patagonia-que-buena-onda\/img_6131\/\" data-orig-file=\"https:\/\/i0.wp.com\/www.spang.ch\/aude\/wp-content\/uploads\/2017\/04\/IMG_6131.jpg?fit=5184%2C3456\" data-orig-size=\"5184,3456\" data-comments-opened=\"1\" data-image-meta=\"{&quot;aperture&quot;:&quot;0&quot;,&quot;credit&quot;:&quot;&quot;,&quot;camera&quot;:&quot;&quot;,&quot;caption&quot;:&quot;&quot;,&quot;created_timestamp&quot;:&quot;0&quot;,&quot;copyright&quot;:&quot;&quot;,&quot;focal_length&quot;:&quot;0&quot;,&quot;iso&quot;:&quot;0&quot;,&quot;shutter_speed&quot;:&quot;0&quot;,&quot;title&quot;:&quot;&quot;,&quot;orientation&quot;:&quot;0&quot;}\" data-image-title=\"IMG_6131\" data-image-description=\"\" data-image-caption=\"&lt;p&gt;Patagonia #3: Perito Moreno, Ushuaia&lt;\/p&gt;\n\" data-medium-file=\"https:\/\/i0.wp.com\/www.spang.ch\/aude\/wp-content\/uploads\/2017\/04\/IMG_6131.jpg?fit=300%2C200\" data-large-file=\"https:\/\/i0.wp.com\/www.spang.ch\/aude\/wp-content\/uploads\/2017\/04\/IMG_6131.jpg?fit=1000%2C667\" tabindex=\"0\" role=\"button\" class=\"wp-image-834 size-thumbnail\" src=\"https:\/\/i0.wp.com\/www.spang.ch\/aude\/wp-content\/uploads\/2017\/04\/IMG_6131.jpg?resize=150%2C150\" alt=\"\" width=\"150\" height=\"150\" srcset=\"https:\/\/i0.wp.com\/www.spang.ch\/aude\/wp-content\/uploads\/2017\/04\/IMG_6131.jpg?resize=150%2C150 150w, https:\/\/i0.wp.com\/www.spang.ch\/aude\/wp-content\/uploads\/2017\/04\/IMG_6131.jpg?zoom=2&amp;resize=150%2C150 300w, https:\/\/i0.wp.com\/www.spang.ch\/aude\/wp-content\/uploads\/2017\/04\/IMG_6131.jpg?zoom=3&amp;resize=150%2C150 450w\" sizes=\"(max-width: 150px) 100vw, 150px\" data-recalc-dims=\"1\" \/><\/a><figcaption id=\"caption-attachment-834\" class=\"wp-caption-text\">Patagonia #3: Perito Moreno, Ushuaia<\/figcaption><\/figure>\n<figure id=\"attachment_944\" aria-describedby=\"caption-attachment-944\" style=\"width: 150px\" class=\"wp-caption alignleft\"><a href=\"https:\/\/goo.gl\/photos\/WGKaWJNpQnNrUoXPA\"><img loading=\"lazy\" decoding=\"async\" data-attachment-id=\"944\" data-permalink=\"http:\/\/www.spang.ch\/aude\/fr\/2017\/05\/argentina-brazil-emma-a-celebration-of-everything-end-12\/img_7012\/\" data-orig-file=\"https:\/\/i0.wp.com\/www.spang.ch\/aude\/wp-content\/uploads\/2017\/05\/IMG_7012.jpg?fit=5184%2C3456\" data-orig-size=\"5184,3456\" data-comments-opened=\"1\" data-image-meta=\"{&quot;aperture&quot;:&quot;0&quot;,&quot;credit&quot;:&quot;&quot;,&quot;camera&quot;:&quot;&quot;,&quot;caption&quot;:&quot;&quot;,&quot;created_timestamp&quot;:&quot;0&quot;,&quot;copyright&quot;:&quot;&quot;,&quot;focal_length&quot;:&quot;0&quot;,&quot;iso&quot;:&quot;0&quot;,&quot;shutter_speed&quot;:&quot;0&quot;,&quot;title&quot;:&quot;&quot;,&quot;orientation&quot;:&quot;0&quot;}\" data-image-title=\"IMG_7012\" data-image-description=\"\" data-image-caption=\"&lt;p&gt;Emma&amp;rsquo;s visit #1: Buenos Aires, Iguazu&lt;\/p&gt;\n\" data-medium-file=\"https:\/\/i0.wp.com\/www.spang.ch\/aude\/wp-content\/uploads\/2017\/05\/IMG_7012.jpg?fit=300%2C200\" data-large-file=\"https:\/\/i0.wp.com\/www.spang.ch\/aude\/wp-content\/uploads\/2017\/05\/IMG_7012.jpg?fit=1000%2C667\" tabindex=\"0\" role=\"button\" class=\"wp-image-944 size-thumbnail\" src=\"https:\/\/i0.wp.com\/www.spang.ch\/aude\/wp-content\/uploads\/2017\/05\/IMG_7012.jpg?resize=150%2C150\" alt=\"\" width=\"150\" height=\"150\" srcset=\"https:\/\/i0.wp.com\/www.spang.ch\/aude\/wp-content\/uploads\/2017\/05\/IMG_7012.jpg?resize=150%2C150 150w, https:\/\/i0.wp.com\/www.spang.ch\/aude\/wp-content\/uploads\/2017\/05\/IMG_7012.jpg?zoom=2&amp;resize=150%2C150 300w, https:\/\/i0.wp.com\/www.spang.ch\/aude\/wp-content\/uploads\/2017\/05\/IMG_7012.jpg?zoom=3&amp;resize=150%2C150 450w\" sizes=\"(max-width: 150px) 100vw, 150px\" data-recalc-dims=\"1\" \/><\/a><figcaption id=\"caption-attachment-944\" class=\"wp-caption-text\">Emma&rsquo;s visit #1: Buenos Aires, Iguaz\u00fa<\/figcaption><\/figure>\n<figure id=\"attachment_957\" aria-describedby=\"caption-attachment-957\" style=\"width: 150px\" class=\"wp-caption alignleft\"><a href=\"https:\/\/goo.gl\/photos\/vrasdStuzpmocNYW7\"><img loading=\"lazy\" decoding=\"async\" data-attachment-id=\"957\" data-permalink=\"http:\/\/www.spang.ch\/aude\/fr\/2017\/05\/argentina-brazil-emma-a-celebration-of-everything-end-12\/img_7434\/\" data-orig-file=\"https:\/\/i0.wp.com\/www.spang.ch\/aude\/wp-content\/uploads\/2017\/05\/IMG_7434.jpg?fit=5184%2C3456\" data-orig-size=\"5184,3456\" data-comments-opened=\"1\" data-image-meta=\"{&quot;aperture&quot;:&quot;0&quot;,&quot;credit&quot;:&quot;&quot;,&quot;camera&quot;:&quot;&quot;,&quot;caption&quot;:&quot;&quot;,&quot;created_timestamp&quot;:&quot;0&quot;,&quot;copyright&quot;:&quot;&quot;,&quot;focal_length&quot;:&quot;0&quot;,&quot;iso&quot;:&quot;0&quot;,&quot;shutter_speed&quot;:&quot;0&quot;,&quot;title&quot;:&quot;&quot;,&quot;orientation&quot;:&quot;0&quot;}\" data-image-title=\"IMG_7434\" data-image-description=\"\" data-image-caption=\"&lt;p&gt;Emma&amp;rsquo;s visit #2: Iguazu, Sao Paulo, Rio de Janeiro, Ilha Grande&lt;\/p&gt;\n\" data-medium-file=\"https:\/\/i0.wp.com\/www.spang.ch\/aude\/wp-content\/uploads\/2017\/05\/IMG_7434.jpg?fit=300%2C200\" data-large-file=\"https:\/\/i0.wp.com\/www.spang.ch\/aude\/wp-content\/uploads\/2017\/05\/IMG_7434.jpg?fit=1000%2C667\" tabindex=\"0\" role=\"button\" class=\"wp-image-957 size-thumbnail\" src=\"https:\/\/i0.wp.com\/www.spang.ch\/aude\/wp-content\/uploads\/2017\/05\/IMG_7434.jpg?resize=150%2C150\" alt=\"\" width=\"150\" height=\"150\" srcset=\"https:\/\/i0.wp.com\/www.spang.ch\/aude\/wp-content\/uploads\/2017\/05\/IMG_7434.jpg?resize=150%2C150 150w, https:\/\/i0.wp.com\/www.spang.ch\/aude\/wp-content\/uploads\/2017\/05\/IMG_7434.jpg?zoom=2&amp;resize=150%2C150 300w, https:\/\/i0.wp.com\/www.spang.ch\/aude\/wp-content\/uploads\/2017\/05\/IMG_7434.jpg?zoom=3&amp;resize=150%2C150 450w\" sizes=\"(max-width: 150px) 100vw, 150px\" data-recalc-dims=\"1\" \/><\/a><figcaption id=\"caption-attachment-957\" class=\"wp-caption-text\">Emma&rsquo;s visit #2: Iguaz\u00fa, Sa\u00f5 Paulo, Rio de Janeiro, Ilha Grande<\/figcaption><\/figure>\n<p><figure id=\"attachment_936\" aria-describedby=\"caption-attachment-936\" style=\"width: 150px\" class=\"wp-caption alignleft\"><a href=\"https:\/\/goo.gl\/photos\/ZENDVyn41xe5xQ1k7\"><img loading=\"lazy\" decoding=\"async\" data-attachment-id=\"936\" data-permalink=\"http:\/\/www.spang.ch\/aude\/fr\/2017\/05\/argentina-brazil-emma-a-celebration-of-everything-end-12\/img_6777\/\" data-orig-file=\"https:\/\/i0.wp.com\/www.spang.ch\/aude\/wp-content\/uploads\/2017\/05\/IMG_6777-e1494689260879.jpg?fit=3456%2C5184\" data-orig-size=\"3456,5184\" data-comments-opened=\"1\" data-image-meta=\"{&quot;aperture&quot;:&quot;0&quot;,&quot;credit&quot;:&quot;&quot;,&quot;camera&quot;:&quot;&quot;,&quot;caption&quot;:&quot;&quot;,&quot;created_timestamp&quot;:&quot;0&quot;,&quot;copyright&quot;:&quot;&quot;,&quot;focal_length&quot;:&quot;0&quot;,&quot;iso&quot;:&quot;0&quot;,&quot;shutter_speed&quot;:&quot;0&quot;,&quot;title&quot;:&quot;&quot;,&quot;orientation&quot;:&quot;0&quot;}\" data-image-title=\"IMG_6777\" data-image-description=\"\" data-image-caption=\"&lt;p&gt;Argentina #2: Buenos Aires&lt;\/p&gt;\n\" data-medium-file=\"https:\/\/i0.wp.com\/www.spang.ch\/aude\/wp-content\/uploads\/2017\/05\/IMG_6777-e1494689260879.jpg?fit=200%2C300\" data-large-file=\"https:\/\/i0.wp.com\/www.spang.ch\/aude\/wp-content\/uploads\/2017\/05\/IMG_6777-e1494689260879.jpg?fit=683%2C1024\" tabindex=\"0\" role=\"button\" class=\"wp-image-936 size-thumbnail\" src=\"https:\/\/i0.wp.com\/www.spang.ch\/aude\/wp-content\/uploads\/2017\/05\/IMG_6777-e1494689260879-150x150.jpg?resize=150%2C150\" alt=\"\" width=\"150\" height=\"150\" srcset=\"https:\/\/i0.wp.com\/www.spang.ch\/aude\/wp-content\/uploads\/2017\/05\/IMG_6777-e1494689260879.jpg?resize=150%2C150 150w, https:\/\/i0.wp.com\/www.spang.ch\/aude\/wp-content\/uploads\/2017\/05\/IMG_6777-e1494689260879.jpg?zoom=2&amp;resize=150%2C150 300w, https:\/\/i0.wp.com\/www.spang.ch\/aude\/wp-content\/uploads\/2017\/05\/IMG_6777-e1494689260879.jpg?zoom=3&amp;resize=150%2C150 450w\" sizes=\"(max-width: 150px) 100vw, 150px\" data-recalc-dims=\"1\" \/><\/a><figcaption id=\"caption-attachment-936\" class=\"wp-caption-text\">Argentina #2: Buenos Aires<\/figcaption><\/figure><\/p>","protected":false},"excerpt":{"rendered":"<p>Apr\u00e8s le d\u00e9part de mon amie Emma, j&rsquo;ai pass\u00e9 quelques jours avec mes italiens du Br\u00e9sil pr\u00e9f\u00e9r\u00e9s, qu&rsquo;il \u00e9tait vraiment g\u00e9nial de revoir apr\u00e8s tant d&rsquo;ann\u00e9es! J&rsquo;ai v\u00e9cu pendant six mois dans le m\u00eame appart qu&rsquo;Irene, pas loin du c\u00e9l\u00e8bre Duomo de Florence, pendant mon Erasmus. Ensuite, je l&rsquo;ai revue, ainsi que son\u00a0copain d&rsquo;alors (d\u00e9sormais&#8230; <\/p>\n<div class=\"link-more\"><a href=\"http:\/\/www.spang.ch\/aude\/fr\/2017\/06\/conclusion-end-2-2\/\">En savoir plus<\/a><\/div>\n","protected":false},"author":1,"featured_media":888,"comment_status":"open","ping_status":"open","sticky":false,"template":"","format":"standard","meta":{"jetpack_post_was_ever_published":false,"_jetpack_newsletter_access":"","_jetpack_dont_email_post_to_subs":false,"_jetpack_newsletter_tier_id":0,"_jetpack_memberships_contains_paywalled_content":false,"_jetpack_memberships_contains_paid_content":false,"footnotes":"","jetpack_publicize_message":"","jetpack_publicize_feature_enabled":true,"jetpack_social_post_already_shared":true,"jetpack_social_options":{"image_generator_settings":{"template":"highway","enabled":false},"version":2}},"categories":[4],"tags":[],"jetpack_publicize_connections":[],"jetpack_featured_media_url":"https:\/\/i0.wp.com\/www.spang.ch\/aude\/wp-content\/uploads\/2017\/05\/Photo-09.05.17-17-31-46.jpg?fit=2032%2C3264","jetpack_shortlink":"https:\/\/wp.me\/p7EYAh-bX","jetpack-related-posts":[],"jetpack_likes_enabled":true,"jetpack_sharing_enabled":true,"_links":{"self":[{"href":"http:\/\/www.spang.ch\/aude\/fr\/wp-json\/wp\/v2\/posts\/741"}],"collection":[{"href":"http:\/\/www.spang.ch\/aude\/fr\/wp-json\/wp\/v2\/posts"}],"about":[{"href":"http:\/\/www.spang.ch\/aude\/fr\/wp-json\/wp\/v2\/types\/post"}],"author":[{"embeddable":true,"href":"http:\/\/www.spang.ch\/aude\/fr\/wp-json\/wp\/v2\/users\/1"}],"replies":[{"embeddable":true,"href":"http:\/\/www.spang.ch\/aude\/fr\/wp-json\/wp\/v2\/comments?post=741"}],"version-history":[{"count":41,"href":"http:\/\/www.spang.ch\/aude\/fr\/wp-json\/wp\/v2\/posts\/741\/revisions"}],"predecessor-version":[{"id":1064,"href":"http:\/\/www.spang.ch\/aude\/fr\/wp-json\/wp\/v2\/posts\/741\/revisions\/1064"}],"wp:featuredmedia":[{"embeddable":true,"href":"http:\/\/www.spang.ch\/aude\/fr\/wp-json\/wp\/v2\/media\/888"}],"wp:attachment":[{"href":"http:\/\/www.spang.ch\/aude\/fr\/wp-json\/wp\/v2\/media?parent=741"}],"wp:term":[{"taxonomy":"category","embeddable":true,"href":"http:\/\/www.spang.ch\/aude\/fr\/wp-json\/wp\/v2\/categories?post=741"},{"taxonomy":"post_tag","embeddable":true,"href":"http:\/\/www.spang.ch\/aude\/fr\/wp-json\/wp\/v2\/tags?post=741"}],"curies":[{"name":"wp","href":"https:\/\/api.w.org\/{rel}","templated":true}]}}