{"id":739,"date":"2017-05-22T00:33:38","date_gmt":"2017-05-21T22:33:38","guid":{"rendered":"http:\/\/www.spang.ch\/aude\/?p=739"},"modified":"2017-05-22T00:33:38","modified_gmt":"2017-05-21T22:33:38","slug":"argentina-brazil-emma-a-celebration-of-everything-end-12","status":"publish","type":"post","link":"http:\/\/www.spang.ch\/aude\/fr\/2017\/05\/argentina-brazil-emma-a-celebration-of-everything-end-12\/","title":{"rendered":"Argentine, Br\u00e9sil, Emma: Une c\u00e9l\u00e9bration de toutes choses! &#8211; Fin 1\/2"},"content":{"rendered":"<p><\/p>\n<p style=\"text-align: justify;\"><a href=\"https:\/\/i0.wp.com\/www.spang.ch\/aude\/wp-content\/uploads\/2017\/05\/429828658_124197.jpg\"><img loading=\"lazy\" decoding=\"async\" data-attachment-id=\"983\" data-permalink=\"http:\/\/www.spang.ch\/aude\/fr\/2017\/05\/argentina-brazil-emma-a-celebration-of-everything-end-12\/429828658_124197\/\" data-orig-file=\"https:\/\/i0.wp.com\/www.spang.ch\/aude\/wp-content\/uploads\/2017\/05\/429828658_124197.jpg?fit=1280%2C720\" data-orig-size=\"1280,720\" data-comments-opened=\"1\" data-image-meta=\"{&quot;aperture&quot;:&quot;0&quot;,&quot;credit&quot;:&quot;&quot;,&quot;camera&quot;:&quot;&quot;,&quot;caption&quot;:&quot;&quot;,&quot;created_timestamp&quot;:&quot;0&quot;,&quot;copyright&quot;:&quot;&quot;,&quot;focal_length&quot;:&quot;0&quot;,&quot;iso&quot;:&quot;0&quot;,&quot;shutter_speed&quot;:&quot;0&quot;,&quot;title&quot;:&quot;&quot;,&quot;orientation&quot;:&quot;0&quot;}\" data-image-title=\"429828658_124197\" data-image-description=\"\" data-image-caption=\"\" data-medium-file=\"https:\/\/i0.wp.com\/www.spang.ch\/aude\/wp-content\/uploads\/2017\/05\/429828658_124197.jpg?fit=300%2C169\" data-large-file=\"https:\/\/i0.wp.com\/www.spang.ch\/aude\/wp-content\/uploads\/2017\/05\/429828658_124197.jpg?fit=1000%2C563\" tabindex=\"0\" role=\"button\" class=\"aligncenter size-large wp-image-983\" src=\"https:\/\/i0.wp.com\/www.spang.ch\/aude\/wp-content\/uploads\/2017\/05\/429828658_124197.jpg?resize=1000%2C563\" alt=\"\" width=\"1000\" height=\"563\" srcset=\"https:\/\/i0.wp.com\/www.spang.ch\/aude\/wp-content\/uploads\/2017\/05\/429828658_124197.jpg?resize=1024%2C576 1024w, https:\/\/i0.wp.com\/www.spang.ch\/aude\/wp-content\/uploads\/2017\/05\/429828658_124197.jpg?resize=300%2C169 300w, https:\/\/i0.wp.com\/www.spang.ch\/aude\/wp-content\/uploads\/2017\/05\/429828658_124197.jpg?resize=768%2C432 768w, https:\/\/i0.wp.com\/www.spang.ch\/aude\/wp-content\/uploads\/2017\/05\/429828658_124197.jpg?w=1280 1280w, https:\/\/i0.wp.com\/www.spang.ch\/aude\/wp-content\/uploads\/2017\/05\/429828658_124197.jpg?resize=533%2C300 533w\" sizes=\"(max-width: 1000px) 100vw, 1000px\" data-recalc-dims=\"1\" \/><\/a><\/p>\n<p style=\"text-align: justify;\">Fin novembre pass\u00e9, mon amie Emma m&rsquo;a contact\u00e9e en disant qu&rsquo;elle \u00e9tait tr\u00e8s inspir\u00e9e par mon voyage et entretenait\u00a0un peu le r\u00eave de venir me rejoindre, peut-\u00eatre vers janvier-f\u00e9vrier. On en a plus reparl\u00e9 pendant longtemps, le voyage a continu\u00e9, et d\u00e9but janvier je lui demande ce qu&rsquo;il en est; les choses \u00e9taient tr\u00e8s peu certaines (est-ce qu&rsquo;elle aura des vacances? o\u00f9 veut-elle aller? etc) mais l&rsquo;envie \u00e9tait rest\u00e9e. Le 27 janvier, Emma r\u00e9serva son vol, et moins de trois semaines plus tard, le 16 f\u00e9vrier, je la retrouvais \u00e0 Buenos Aires! Quelle spontan\u00e9it\u00e9!<\/p>\n<figure id=\"attachment_955\" aria-describedby=\"caption-attachment-955\" style=\"width: 1000px\" class=\"wp-caption aligncenter\"><a href=\"https:\/\/i0.wp.com\/www.spang.ch\/aude\/wp-content\/uploads\/2017\/05\/IMG_7405.jpg\"><img loading=\"lazy\" decoding=\"async\" data-attachment-id=\"955\" data-permalink=\"http:\/\/www.spang.ch\/aude\/fr\/2017\/05\/argentina-brazil-emma-a-celebration-of-everything-end-12\/img_7405\/\" data-orig-file=\"https:\/\/i0.wp.com\/www.spang.ch\/aude\/wp-content\/uploads\/2017\/05\/IMG_7405.jpg?fit=5184%2C3456\" data-orig-size=\"5184,3456\" data-comments-opened=\"1\" data-image-meta=\"{&quot;aperture&quot;:&quot;0&quot;,&quot;credit&quot;:&quot;&quot;,&quot;camera&quot;:&quot;&quot;,&quot;caption&quot;:&quot;&quot;,&quot;created_timestamp&quot;:&quot;0&quot;,&quot;copyright&quot;:&quot;&quot;,&quot;focal_length&quot;:&quot;0&quot;,&quot;iso&quot;:&quot;0&quot;,&quot;shutter_speed&quot;:&quot;0&quot;,&quot;title&quot;:&quot;&quot;,&quot;orientation&quot;:&quot;0&quot;}\" data-image-title=\"IMG_7405\" data-image-description=\"\" data-image-caption=\"&lt;p&gt;Emma&lt;\/p&gt;\n\" data-medium-file=\"https:\/\/i0.wp.com\/www.spang.ch\/aude\/wp-content\/uploads\/2017\/05\/IMG_7405.jpg?fit=300%2C200\" data-large-file=\"https:\/\/i0.wp.com\/www.spang.ch\/aude\/wp-content\/uploads\/2017\/05\/IMG_7405.jpg?fit=1000%2C667\" tabindex=\"0\" role=\"button\" class=\"size-large wp-image-955\" src=\"https:\/\/i0.wp.com\/www.spang.ch\/aude\/wp-content\/uploads\/2017\/05\/IMG_7405.jpg?resize=1000%2C667\" alt=\"\" width=\"1000\" height=\"667\" srcset=\"https:\/\/i0.wp.com\/www.spang.ch\/aude\/wp-content\/uploads\/2017\/05\/IMG_7405.jpg?resize=1024%2C683 1024w, https:\/\/i0.wp.com\/www.spang.ch\/aude\/wp-content\/uploads\/2017\/05\/IMG_7405.jpg?resize=300%2C200 300w, https:\/\/i0.wp.com\/www.spang.ch\/aude\/wp-content\/uploads\/2017\/05\/IMG_7405.jpg?resize=768%2C512 768w, https:\/\/i0.wp.com\/www.spang.ch\/aude\/wp-content\/uploads\/2017\/05\/IMG_7405.jpg?resize=960%2C640 960w, https:\/\/i0.wp.com\/www.spang.ch\/aude\/wp-content\/uploads\/2017\/05\/IMG_7405.jpg?resize=450%2C300 450w, https:\/\/i0.wp.com\/www.spang.ch\/aude\/wp-content\/uploads\/2017\/05\/IMG_7405.jpg?w=2000 2000w, https:\/\/i0.wp.com\/www.spang.ch\/aude\/wp-content\/uploads\/2017\/05\/IMG_7405.jpg?w=3000 3000w\" sizes=\"(max-width: 1000px) 100vw, 1000px\" data-recalc-dims=\"1\" \/><\/a><figcaption id=\"caption-attachment-955\" class=\"wp-caption-text\">Emma<\/figcaption><\/figure>\n<p style=\"text-align: justify;\">Il est temps de faire les pr\u00e9sentations. Emma est l&rsquo;une de mes rencontres de voyage les plus sp\u00e9ciales, g\u00e9niales, et durables: alors que je vivais \u00e0 Jakarta pendant 6 mois, en 2015 et elle y enseignait l&rsquo;anglais, nous nous sommes rencontr\u00e9es dans la jungle de Born\u00e9o (Kalimantan, l&rsquo;un des archipels indon\u00e9siens), o\u00f9 chacune d&rsquo;entre nous avait emmen\u00e9 ses parents, en visite pour les vacances de No\u00ebl. On avait d\u00e9j\u00e0 pas mal de chance de devenir amies, partant d&rsquo;une telle base! Nous nous sommes revues plusieurs fois \u00e0 Jakarta, o\u00f9 nous avons notamment dans\u00e9 sur des rythmes fous, cuisin\u00e9 du crumble et peint du batik (tissu traditionnel) \u00e0 la main. 13 mois plus tard, d\u00e9but 2016, elle est venue passer un week-end \u00e0 Zurich: plus de grisaille mais toujours autant de joie de vivre. Et puis 13 autres mois ont pass\u00e9, nous sommes en f\u00e9vrier 2017 et nous nous retrouvons \u00e0 l&rsquo;a\u00e9roport de Buenos Aires, pour deux semaines de folie, de rencontres, de couleurs, de musique et de fleurs, que nous avons autant appr\u00e9ci\u00e9 l&rsquo;une que l&rsquo;autre!!!<\/p>\n<figure id=\"attachment_928\" aria-describedby=\"caption-attachment-928\" style=\"width: 1000px\" class=\"wp-caption aligncenter\"><a href=\"https:\/\/i0.wp.com\/www.spang.ch\/aude\/wp-content\/uploads\/2017\/05\/IMG_6500.jpg\"><img loading=\"lazy\" decoding=\"async\" data-attachment-id=\"928\" data-permalink=\"http:\/\/www.spang.ch\/aude\/fr\/2017\/05\/argentina-brazil-emma-a-celebration-of-everything-end-12\/img_6500\/\" data-orig-file=\"https:\/\/i0.wp.com\/www.spang.ch\/aude\/wp-content\/uploads\/2017\/05\/IMG_6500.jpg?fit=5184%2C3456\" data-orig-size=\"5184,3456\" data-comments-opened=\"1\" data-image-meta=\"{&quot;aperture&quot;:&quot;0&quot;,&quot;credit&quot;:&quot;&quot;,&quot;camera&quot;:&quot;&quot;,&quot;caption&quot;:&quot;&quot;,&quot;created_timestamp&quot;:&quot;0&quot;,&quot;copyright&quot;:&quot;&quot;,&quot;focal_length&quot;:&quot;0&quot;,&quot;iso&quot;:&quot;0&quot;,&quot;shutter_speed&quot;:&quot;0&quot;,&quot;title&quot;:&quot;&quot;,&quot;orientation&quot;:&quot;0&quot;}\" data-image-title=\"IMG_6500\" data-image-description=\"\" data-image-caption=\"&lt;p&gt;Buenos Aires &#8211; indigenous flag&lt;\/p&gt;\n\" data-medium-file=\"https:\/\/i0.wp.com\/www.spang.ch\/aude\/wp-content\/uploads\/2017\/05\/IMG_6500.jpg?fit=300%2C200\" data-large-file=\"https:\/\/i0.wp.com\/www.spang.ch\/aude\/wp-content\/uploads\/2017\/05\/IMG_6500.jpg?fit=1000%2C667\" tabindex=\"0\" role=\"button\" class=\"size-large wp-image-928\" src=\"https:\/\/i0.wp.com\/www.spang.ch\/aude\/wp-content\/uploads\/2017\/05\/IMG_6500.jpg?resize=1000%2C667\" alt=\"\" width=\"1000\" height=\"667\" srcset=\"https:\/\/i0.wp.com\/www.spang.ch\/aude\/wp-content\/uploads\/2017\/05\/IMG_6500.jpg?resize=1024%2C683 1024w, https:\/\/i0.wp.com\/www.spang.ch\/aude\/wp-content\/uploads\/2017\/05\/IMG_6500.jpg?resize=300%2C200 300w, https:\/\/i0.wp.com\/www.spang.ch\/aude\/wp-content\/uploads\/2017\/05\/IMG_6500.jpg?resize=768%2C512 768w, https:\/\/i0.wp.com\/www.spang.ch\/aude\/wp-content\/uploads\/2017\/05\/IMG_6500.jpg?resize=960%2C640 960w, https:\/\/i0.wp.com\/www.spang.ch\/aude\/wp-content\/uploads\/2017\/05\/IMG_6500.jpg?resize=450%2C300 450w, https:\/\/i0.wp.com\/www.spang.ch\/aude\/wp-content\/uploads\/2017\/05\/IMG_6500.jpg?w=2000 2000w, https:\/\/i0.wp.com\/www.spang.ch\/aude\/wp-content\/uploads\/2017\/05\/IMG_6500.jpg?w=3000 3000w\" sizes=\"(max-width: 1000px) 100vw, 1000px\" data-recalc-dims=\"1\" \/><\/a><figcaption id=\"caption-attachment-928\" class=\"wp-caption-text\">Buenos Aires &#8211; drapeau indig\u00e8ne<\/figcaption><\/figure>\n<figure id=\"attachment_929\" aria-describedby=\"caption-attachment-929\" style=\"width: 1000px\" class=\"wp-caption aligncenter\"><a href=\"https:\/\/i0.wp.com\/www.spang.ch\/aude\/wp-content\/uploads\/2017\/05\/IMG_6518.jpg\"><img loading=\"lazy\" decoding=\"async\" data-attachment-id=\"929\" data-permalink=\"http:\/\/www.spang.ch\/aude\/fr\/2017\/05\/argentina-brazil-emma-a-celebration-of-everything-end-12\/img_6518\/\" data-orig-file=\"https:\/\/i0.wp.com\/www.spang.ch\/aude\/wp-content\/uploads\/2017\/05\/IMG_6518.jpg?fit=5184%2C3456\" data-orig-size=\"5184,3456\" data-comments-opened=\"1\" data-image-meta=\"{&quot;aperture&quot;:&quot;0&quot;,&quot;credit&quot;:&quot;&quot;,&quot;camera&quot;:&quot;&quot;,&quot;caption&quot;:&quot;&quot;,&quot;created_timestamp&quot;:&quot;0&quot;,&quot;copyright&quot;:&quot;&quot;,&quot;focal_length&quot;:&quot;0&quot;,&quot;iso&quot;:&quot;0&quot;,&quot;shutter_speed&quot;:&quot;0&quot;,&quot;title&quot;:&quot;&quot;,&quot;orientation&quot;:&quot;0&quot;}\" data-image-title=\"IMG_6518\" data-image-description=\"\" data-image-caption=\"&lt;p&gt;Buenos Aires &#8211; Tango&lt;\/p&gt;\n\" data-medium-file=\"https:\/\/i0.wp.com\/www.spang.ch\/aude\/wp-content\/uploads\/2017\/05\/IMG_6518.jpg?fit=300%2C200\" data-large-file=\"https:\/\/i0.wp.com\/www.spang.ch\/aude\/wp-content\/uploads\/2017\/05\/IMG_6518.jpg?fit=1000%2C667\" tabindex=\"0\" role=\"button\" class=\"size-large wp-image-929\" src=\"https:\/\/i0.wp.com\/www.spang.ch\/aude\/wp-content\/uploads\/2017\/05\/IMG_6518.jpg?resize=1000%2C667\" alt=\"\" width=\"1000\" height=\"667\" srcset=\"https:\/\/i0.wp.com\/www.spang.ch\/aude\/wp-content\/uploads\/2017\/05\/IMG_6518.jpg?resize=1024%2C683 1024w, https:\/\/i0.wp.com\/www.spang.ch\/aude\/wp-content\/uploads\/2017\/05\/IMG_6518.jpg?resize=300%2C200 300w, https:\/\/i0.wp.com\/www.spang.ch\/aude\/wp-content\/uploads\/2017\/05\/IMG_6518.jpg?resize=768%2C512 768w, https:\/\/i0.wp.com\/www.spang.ch\/aude\/wp-content\/uploads\/2017\/05\/IMG_6518.jpg?resize=960%2C640 960w, https:\/\/i0.wp.com\/www.spang.ch\/aude\/wp-content\/uploads\/2017\/05\/IMG_6518.jpg?resize=450%2C300 450w, https:\/\/i0.wp.com\/www.spang.ch\/aude\/wp-content\/uploads\/2017\/05\/IMG_6518.jpg?w=2000 2000w, https:\/\/i0.wp.com\/www.spang.ch\/aude\/wp-content\/uploads\/2017\/05\/IMG_6518.jpg?w=3000 3000w\" sizes=\"(max-width: 1000px) 100vw, 1000px\" data-recalc-dims=\"1\" \/><\/a><figcaption id=\"caption-attachment-929\" class=\"wp-caption-text\">Buenos Aires &#8211; Tango<\/figcaption><\/figure>\n<p style=\"text-align: justify;\">On a dormi\u00a0quelques nuits chez mon pote Rodrigo, rencontr\u00e9 \u00e0 Mendoza, et il nous a servi de guide de la Buenos Aires plus m\u00e9connue des touristes: de nombreuses heures de balades au soleil dans les rues des quartiers beaux mais peu fr\u00e9quent\u00e9s, ou \u00e0 Chinatown, Caballito ou dans des zones o\u00f9 le street art valait le d\u00e9tour. On a ador\u00e9!\u00a0Chez lui, on a organis\u00e9 un v\u00e9ritable ap\u00e9ro\u00a0de retrouvailles avec diff\u00e9rents amis connus le long du voyage: Ga\u00ebtan, mon pote breton connu en Amazonie, et sa pote Emilie, que j&rsquo;avais revus \u00e0 El Calafate, Emiliano, connu \u00e0 Mendoza, et Juli\u00e1n, connu \u00e0 Santa Cruz en Bolivie. Vraiment g\u00e9nial de revoir les gens comme \u00e7a! Les soir\u00e9es commen\u00e7ant tard \u00e0 Buenos Aires, nous sommes sortis danser vers 2h du matin pour ne rentrer dormir\u00a0que lorsque la journ\u00e9e avait d\u00e9j\u00e0 commenc\u00e9; rien d&rsquo;exceptionnel \u00e0 cela, c&rsquo;est le rythme d&rsquo;une soir\u00e9e habituelle de week-end&#8230;!<\/p>\n<figure id=\"attachment_930\" aria-describedby=\"caption-attachment-930\" style=\"width: 1000px\" class=\"wp-caption aligncenter\"><a href=\"https:\/\/i0.wp.com\/www.spang.ch\/aude\/wp-content\/uploads\/2017\/05\/IMG_6523.jpg\"><img loading=\"lazy\" decoding=\"async\" data-attachment-id=\"930\" data-permalink=\"http:\/\/www.spang.ch\/aude\/fr\/2017\/05\/argentina-brazil-emma-a-celebration-of-everything-end-12\/img_6523\/\" data-orig-file=\"https:\/\/i0.wp.com\/www.spang.ch\/aude\/wp-content\/uploads\/2017\/05\/IMG_6523.jpg?fit=5184%2C3456\" data-orig-size=\"5184,3456\" data-comments-opened=\"1\" data-image-meta=\"{&quot;aperture&quot;:&quot;0&quot;,&quot;credit&quot;:&quot;&quot;,&quot;camera&quot;:&quot;&quot;,&quot;caption&quot;:&quot;&quot;,&quot;created_timestamp&quot;:&quot;0&quot;,&quot;copyright&quot;:&quot;&quot;,&quot;focal_length&quot;:&quot;0&quot;,&quot;iso&quot;:&quot;0&quot;,&quot;shutter_speed&quot;:&quot;0&quot;,&quot;title&quot;:&quot;&quot;,&quot;orientation&quot;:&quot;0&quot;}\" data-image-title=\"IMG_6523\" data-image-description=\"\" data-image-caption=\"&lt;p&gt;Buenos Aires &#8211; La Boca&lt;\/p&gt;\n\" data-medium-file=\"https:\/\/i0.wp.com\/www.spang.ch\/aude\/wp-content\/uploads\/2017\/05\/IMG_6523.jpg?fit=300%2C200\" data-large-file=\"https:\/\/i0.wp.com\/www.spang.ch\/aude\/wp-content\/uploads\/2017\/05\/IMG_6523.jpg?fit=1000%2C667\" tabindex=\"0\" role=\"button\" class=\"size-large wp-image-930\" src=\"https:\/\/i0.wp.com\/www.spang.ch\/aude\/wp-content\/uploads\/2017\/05\/IMG_6523.jpg?resize=1000%2C667\" alt=\"\" width=\"1000\" height=\"667\" srcset=\"https:\/\/i0.wp.com\/www.spang.ch\/aude\/wp-content\/uploads\/2017\/05\/IMG_6523.jpg?resize=1024%2C683 1024w, https:\/\/i0.wp.com\/www.spang.ch\/aude\/wp-content\/uploads\/2017\/05\/IMG_6523.jpg?resize=300%2C200 300w, https:\/\/i0.wp.com\/www.spang.ch\/aude\/wp-content\/uploads\/2017\/05\/IMG_6523.jpg?resize=768%2C512 768w, https:\/\/i0.wp.com\/www.spang.ch\/aude\/wp-content\/uploads\/2017\/05\/IMG_6523.jpg?resize=960%2C640 960w, https:\/\/i0.wp.com\/www.spang.ch\/aude\/wp-content\/uploads\/2017\/05\/IMG_6523.jpg?resize=450%2C300 450w, https:\/\/i0.wp.com\/www.spang.ch\/aude\/wp-content\/uploads\/2017\/05\/IMG_6523.jpg?w=2000 2000w, https:\/\/i0.wp.com\/www.spang.ch\/aude\/wp-content\/uploads\/2017\/05\/IMG_6523.jpg?w=3000 3000w\" sizes=\"(max-width: 1000px) 100vw, 1000px\" data-recalc-dims=\"1\" \/><\/a><figcaption id=\"caption-attachment-930\" class=\"wp-caption-text\">Buenos Aires &#8211; La Boca<\/figcaption><\/figure>\n<figure id=\"attachment_932\" aria-describedby=\"caption-attachment-932\" style=\"width: 683px\" class=\"wp-caption aligncenter\"><a href=\"https:\/\/i0.wp.com\/www.spang.ch\/aude\/wp-content\/uploads\/2017\/05\/IMG_6551-e1494689114735.jpg\"><img loading=\"lazy\" decoding=\"async\" data-attachment-id=\"932\" data-permalink=\"http:\/\/www.spang.ch\/aude\/fr\/2017\/05\/argentina-brazil-emma-a-celebration-of-everything-end-12\/img_6551\/\" data-orig-file=\"https:\/\/i0.wp.com\/www.spang.ch\/aude\/wp-content\/uploads\/2017\/05\/IMG_6551-e1494689114735.jpg?fit=3456%2C5184\" data-orig-size=\"3456,5184\" data-comments-opened=\"1\" data-image-meta=\"{&quot;aperture&quot;:&quot;0&quot;,&quot;credit&quot;:&quot;&quot;,&quot;camera&quot;:&quot;&quot;,&quot;caption&quot;:&quot;&quot;,&quot;created_timestamp&quot;:&quot;0&quot;,&quot;copyright&quot;:&quot;&quot;,&quot;focal_length&quot;:&quot;0&quot;,&quot;iso&quot;:&quot;0&quot;,&quot;shutter_speed&quot;:&quot;0&quot;,&quot;title&quot;:&quot;&quot;,&quot;orientation&quot;:&quot;0&quot;}\" data-image-title=\"IMG_6551\" data-image-description=\"\" data-image-caption=\"&lt;p&gt;Buenos Aires &#8211; La Boca&lt;\/p&gt;\n\" data-medium-file=\"https:\/\/i0.wp.com\/www.spang.ch\/aude\/wp-content\/uploads\/2017\/05\/IMG_6551-e1494689114735.jpg?fit=200%2C300\" data-large-file=\"https:\/\/i0.wp.com\/www.spang.ch\/aude\/wp-content\/uploads\/2017\/05\/IMG_6551-e1494689114735.jpg?fit=683%2C1024\" tabindex=\"0\" role=\"button\" class=\"size-large wp-image-932\" src=\"https:\/\/i0.wp.com\/www.spang.ch\/aude\/wp-content\/uploads\/2017\/05\/IMG_6551-e1494689114735-683x1024.jpg?resize=683%2C1024\" alt=\"\" width=\"683\" height=\"1024\" srcset=\"https:\/\/i0.wp.com\/www.spang.ch\/aude\/wp-content\/uploads\/2017\/05\/IMG_6551-e1494689114735.jpg?resize=683%2C1024 683w, https:\/\/i0.wp.com\/www.spang.ch\/aude\/wp-content\/uploads\/2017\/05\/IMG_6551-e1494689114735.jpg?resize=200%2C300 200w, https:\/\/i0.wp.com\/www.spang.ch\/aude\/wp-content\/uploads\/2017\/05\/IMG_6551-e1494689114735.jpg?resize=768%2C1152 768w, https:\/\/i0.wp.com\/www.spang.ch\/aude\/wp-content\/uploads\/2017\/05\/IMG_6551-e1494689114735.jpg?w=2000 2000w, https:\/\/i0.wp.com\/www.spang.ch\/aude\/wp-content\/uploads\/2017\/05\/IMG_6551-e1494689114735.jpg?w=3000 3000w\" sizes=\"(max-width: 683px) 100vw, 683px\" data-recalc-dims=\"1\" \/><\/a><figcaption id=\"caption-attachment-932\" class=\"wp-caption-text\">Buenos Aires &#8211; La Boca<\/figcaption><\/figure>\n<p style=\"text-align: justify;\">Pour vous donner une id\u00e9e des horaires argentins d\u00e9cal\u00e9s, nous sommes un jour all\u00e9es manger avec Juli\u00e1n, qui nous servit aussi d&rsquo;h\u00f4te durant ces quelques jours dans la Capitale F\u00e9d\u00e9rale (ainsi l&rsquo;appellent beaucoup de <em>porte\u00f1os<\/em>). Nous sommes entr\u00e9s dans le restaurant rien de moins qu&rsquo;\u00e0 23h!!! Plut\u00f4t anodin, on n&rsquo;\u00e9tait en fait de loin pas les seuls \u00e0 manger \u00e0 cette heure-l\u00e0. Et c&rsquo;est tout naturellement qu&rsquo;ensuite nous sommes sortis nous d\u00e9hancher sur du rock, pour finir \u00e0 nouveau \u00e0 pass\u00e9es 6h du matin. C&rsquo;est s\u00fbr qu&rsquo;ensuite les horaires se d\u00e9calent, on d\u00e9jeune vers 13-14h, part en balade puis d\u00eene vers 17h et n&rsquo;a pas faim pour le souper avant la fin de la soir\u00e9e (enfin, ce qui est pour nous la fin de la soir\u00e9e&#8230;!). Vraiment particulier et amusant. Et puis Juli\u00e1n et son pote nous ont offert un joli tour de Buenos Aires nocturne (en voiture), passant par les points principaux, dans la ville tranquille et vide. Joli!<\/p>\n<figure id=\"attachment_931\" aria-describedby=\"caption-attachment-931\" style=\"width: 1000px\" class=\"wp-caption aligncenter\"><a href=\"https:\/\/i0.wp.com\/www.spang.ch\/aude\/wp-content\/uploads\/2017\/05\/IMG_6528.jpg\"><img loading=\"lazy\" decoding=\"async\" data-attachment-id=\"931\" data-permalink=\"http:\/\/www.spang.ch\/aude\/fr\/2017\/05\/argentina-brazil-emma-a-celebration-of-everything-end-12\/img_6528\/\" data-orig-file=\"https:\/\/i0.wp.com\/www.spang.ch\/aude\/wp-content\/uploads\/2017\/05\/IMG_6528.jpg?fit=5184%2C3456\" data-orig-size=\"5184,3456\" data-comments-opened=\"1\" data-image-meta=\"{&quot;aperture&quot;:&quot;0&quot;,&quot;credit&quot;:&quot;&quot;,&quot;camera&quot;:&quot;&quot;,&quot;caption&quot;:&quot;&quot;,&quot;created_timestamp&quot;:&quot;0&quot;,&quot;copyright&quot;:&quot;&quot;,&quot;focal_length&quot;:&quot;0&quot;,&quot;iso&quot;:&quot;0&quot;,&quot;shutter_speed&quot;:&quot;0&quot;,&quot;title&quot;:&quot;&quot;,&quot;orientation&quot;:&quot;0&quot;}\" data-image-title=\"IMG_6528\" data-image-description=\"\" data-image-caption=\"&lt;p&gt;Buenos Aires &#8211; La Boca&lt;\/p&gt;\n\" data-medium-file=\"https:\/\/i0.wp.com\/www.spang.ch\/aude\/wp-content\/uploads\/2017\/05\/IMG_6528.jpg?fit=300%2C200\" data-large-file=\"https:\/\/i0.wp.com\/www.spang.ch\/aude\/wp-content\/uploads\/2017\/05\/IMG_6528.jpg?fit=1000%2C667\" tabindex=\"0\" role=\"button\" class=\"size-large wp-image-931\" src=\"https:\/\/i0.wp.com\/www.spang.ch\/aude\/wp-content\/uploads\/2017\/05\/IMG_6528.jpg?resize=1000%2C667\" alt=\"\" width=\"1000\" height=\"667\" srcset=\"https:\/\/i0.wp.com\/www.spang.ch\/aude\/wp-content\/uploads\/2017\/05\/IMG_6528.jpg?resize=1024%2C683 1024w, https:\/\/i0.wp.com\/www.spang.ch\/aude\/wp-content\/uploads\/2017\/05\/IMG_6528.jpg?resize=300%2C200 300w, https:\/\/i0.wp.com\/www.spang.ch\/aude\/wp-content\/uploads\/2017\/05\/IMG_6528.jpg?resize=768%2C512 768w, https:\/\/i0.wp.com\/www.spang.ch\/aude\/wp-content\/uploads\/2017\/05\/IMG_6528.jpg?resize=960%2C640 960w, https:\/\/i0.wp.com\/www.spang.ch\/aude\/wp-content\/uploads\/2017\/05\/IMG_6528.jpg?resize=450%2C300 450w, https:\/\/i0.wp.com\/www.spang.ch\/aude\/wp-content\/uploads\/2017\/05\/IMG_6528.jpg?w=2000 2000w, https:\/\/i0.wp.com\/www.spang.ch\/aude\/wp-content\/uploads\/2017\/05\/IMG_6528.jpg?w=3000 3000w\" sizes=\"(max-width: 1000px) 100vw, 1000px\" data-recalc-dims=\"1\" \/><\/a><figcaption id=\"caption-attachment-931\" class=\"wp-caption-text\">Buenos Aires &#8211; La Boca<\/figcaption><\/figure>\n<figure id=\"attachment_934\" aria-describedby=\"caption-attachment-934\" style=\"width: 683px\" class=\"wp-caption aligncenter\"><a href=\"https:\/\/i0.wp.com\/www.spang.ch\/aude\/wp-content\/uploads\/2017\/05\/IMG_6695-e1494689227630.jpg\"><img loading=\"lazy\" decoding=\"async\" data-attachment-id=\"934\" data-permalink=\"http:\/\/www.spang.ch\/aude\/fr\/2017\/05\/argentina-brazil-emma-a-celebration-of-everything-end-12\/img_6695\/\" data-orig-file=\"https:\/\/i0.wp.com\/www.spang.ch\/aude\/wp-content\/uploads\/2017\/05\/IMG_6695-e1494689227630.jpg?fit=3456%2C5184\" data-orig-size=\"3456,5184\" data-comments-opened=\"1\" data-image-meta=\"{&quot;aperture&quot;:&quot;0&quot;,&quot;credit&quot;:&quot;&quot;,&quot;camera&quot;:&quot;&quot;,&quot;caption&quot;:&quot;&quot;,&quot;created_timestamp&quot;:&quot;0&quot;,&quot;copyright&quot;:&quot;&quot;,&quot;focal_length&quot;:&quot;0&quot;,&quot;iso&quot;:&quot;0&quot;,&quot;shutter_speed&quot;:&quot;0&quot;,&quot;title&quot;:&quot;&quot;,&quot;orientation&quot;:&quot;0&quot;}\" data-image-title=\"IMG_6695\" data-image-description=\"\" data-image-caption=\"&lt;p&gt;Buenos Aires&lt;\/p&gt;\n\" data-medium-file=\"https:\/\/i0.wp.com\/www.spang.ch\/aude\/wp-content\/uploads\/2017\/05\/IMG_6695-e1494689227630.jpg?fit=200%2C300\" data-large-file=\"https:\/\/i0.wp.com\/www.spang.ch\/aude\/wp-content\/uploads\/2017\/05\/IMG_6695-e1494689227630.jpg?fit=683%2C1024\" tabindex=\"0\" role=\"button\" class=\"size-large wp-image-934\" src=\"https:\/\/i0.wp.com\/www.spang.ch\/aude\/wp-content\/uploads\/2017\/05\/IMG_6695-e1494689227630-683x1024.jpg?resize=683%2C1024\" alt=\"\" width=\"683\" height=\"1024\" srcset=\"https:\/\/i0.wp.com\/www.spang.ch\/aude\/wp-content\/uploads\/2017\/05\/IMG_6695-e1494689227630.jpg?resize=683%2C1024 683w, https:\/\/i0.wp.com\/www.spang.ch\/aude\/wp-content\/uploads\/2017\/05\/IMG_6695-e1494689227630.jpg?resize=200%2C300 200w, https:\/\/i0.wp.com\/www.spang.ch\/aude\/wp-content\/uploads\/2017\/05\/IMG_6695-e1494689227630.jpg?resize=768%2C1152 768w, https:\/\/i0.wp.com\/www.spang.ch\/aude\/wp-content\/uploads\/2017\/05\/IMG_6695-e1494689227630.jpg?w=2000 2000w, https:\/\/i0.wp.com\/www.spang.ch\/aude\/wp-content\/uploads\/2017\/05\/IMG_6695-e1494689227630.jpg?w=3000 3000w\" sizes=\"(max-width: 683px) 100vw, 683px\" data-recalc-dims=\"1\" \/><\/a><figcaption id=\"caption-attachment-934\" class=\"wp-caption-text\">Buenos Aires<\/figcaption><\/figure>\n<p style=\"text-align: justify;\">Ayant peu de jours pour inculquer le plus possible de culture argentine \u00e0 Emma, nous lui avons fait boire des mat\u00e9s et du Fernet (liqueur au go\u00fbt de m\u00e9decine, qui se m\u00e9lange avec du Coca Cola, ce qui n&rsquo;am\u00e9liore pas l&rsquo;impression d&rsquo;avaler un m\u00e9dicament&#8230; personnellement je n&rsquo;aime pas, mais c&rsquo;est LA boisson alcoolis\u00e9e argentine), manger des empanadas, go\u00fbter du Dulce de Leche (ce qu&rsquo;on appelle en fran\u00e7ais confiture de lait, plus ou moins du caramel \u00e0 tartiner, \u00e0 se damner), et bien entendu on lui a enseign\u00e9 des grossi\u00e8ret\u00e9s typiquement argentines en espagnol. Autant dire que les chauffeurs de bus et autres amis improvis\u00e9s \u00e9clataient\u00a0de rire quand Emma, souriante, \u00e0 l&rsquo;air na\u00eff, et d\u00e9licieusement agressive envers ce Trump \u00e0 l&rsquo;argentine, traitait\u00a0l&rsquo;extr\u00eamement impopulaire pr\u00e9sident de noms d&rsquo;oiseaux locaux (oui oui, elle savait ce qu&rsquo;elle disait). Nous avons aussi go\u00fbt\u00e9 pr\u00e8s d&rsquo;une glace par jour, oblig\u00e9es que nous \u00e9tions de le faire de par les origines tr\u00e8s italiennes de la ville et du pays. Tant de glaces durant notre s\u00e9jour ensemble!<\/p>\n<figure id=\"attachment_978\" aria-describedby=\"caption-attachment-978\" style=\"width: 832px\" class=\"wp-caption aligncenter\"><a href=\"https:\/\/i0.wp.com\/www.spang.ch\/aude\/wp-content\/uploads\/2017\/05\/Screen-Shot-2017-05-13-at-18.06.19.jpg\"><img loading=\"lazy\" decoding=\"async\" data-attachment-id=\"978\" data-permalink=\"http:\/\/www.spang.ch\/aude\/fr\/2017\/05\/argentina-brazil-emma-a-celebration-of-everything-end-12\/screen-shot-2017-05-13-at-18-06-19\/\" data-orig-file=\"https:\/\/i0.wp.com\/www.spang.ch\/aude\/wp-content\/uploads\/2017\/05\/Screen-Shot-2017-05-13-at-18.06.19.jpg?fit=832%2C529\" data-orig-size=\"832,529\" data-comments-opened=\"1\" data-image-meta=\"{&quot;aperture&quot;:&quot;0&quot;,&quot;credit&quot;:&quot;&quot;,&quot;camera&quot;:&quot;&quot;,&quot;caption&quot;:&quot;&quot;,&quot;created_timestamp&quot;:&quot;0&quot;,&quot;copyright&quot;:&quot;&quot;,&quot;focal_length&quot;:&quot;0&quot;,&quot;iso&quot;:&quot;0&quot;,&quot;shutter_speed&quot;:&quot;0&quot;,&quot;title&quot;:&quot;&quot;,&quot;orientation&quot;:&quot;0&quot;}\" data-image-title=\"Screen Shot 2017-05-13 at 18.06.19\" data-image-description=\"\" data-image-caption=\"&lt;p&gt;Buenos Aires&lt;\/p&gt;\n\" data-medium-file=\"https:\/\/i0.wp.com\/www.spang.ch\/aude\/wp-content\/uploads\/2017\/05\/Screen-Shot-2017-05-13-at-18.06.19.jpg?fit=300%2C191\" data-large-file=\"https:\/\/i0.wp.com\/www.spang.ch\/aude\/wp-content\/uploads\/2017\/05\/Screen-Shot-2017-05-13-at-18.06.19.jpg?fit=832%2C529\" tabindex=\"0\" role=\"button\" class=\"size-full wp-image-978\" src=\"https:\/\/i0.wp.com\/www.spang.ch\/aude\/wp-content\/uploads\/2017\/05\/Screen-Shot-2017-05-13-at-18.06.19.jpg?resize=832%2C529\" alt=\"\" width=\"832\" height=\"529\" srcset=\"https:\/\/i0.wp.com\/www.spang.ch\/aude\/wp-content\/uploads\/2017\/05\/Screen-Shot-2017-05-13-at-18.06.19.jpg?w=832 832w, https:\/\/i0.wp.com\/www.spang.ch\/aude\/wp-content\/uploads\/2017\/05\/Screen-Shot-2017-05-13-at-18.06.19.jpg?resize=300%2C191 300w, https:\/\/i0.wp.com\/www.spang.ch\/aude\/wp-content\/uploads\/2017\/05\/Screen-Shot-2017-05-13-at-18.06.19.jpg?resize=768%2C488 768w, https:\/\/i0.wp.com\/www.spang.ch\/aude\/wp-content\/uploads\/2017\/05\/Screen-Shot-2017-05-13-at-18.06.19.jpg?resize=472%2C300 472w\" sizes=\"(max-width: 832px) 100vw, 832px\" data-recalc-dims=\"1\" \/><\/a><figcaption id=\"caption-attachment-978\" class=\"wp-caption-text\">Buenos Aires<\/figcaption><\/figure>\n<figure id=\"attachment_980\" aria-describedby=\"caption-attachment-980\" style=\"width: 842px\" class=\"wp-caption aligncenter\"><a href=\"https:\/\/i0.wp.com\/www.spang.ch\/aude\/wp-content\/uploads\/2017\/05\/Screen-Shot-2017-05-13-at-18.06.59.jpg\"><img loading=\"lazy\" decoding=\"async\" data-attachment-id=\"980\" data-permalink=\"http:\/\/www.spang.ch\/aude\/fr\/2017\/05\/argentina-brazil-emma-a-celebration-of-everything-end-12\/screen-shot-2017-05-13-at-18-06-59\/\" data-orig-file=\"https:\/\/i0.wp.com\/www.spang.ch\/aude\/wp-content\/uploads\/2017\/05\/Screen-Shot-2017-05-13-at-18.06.59.jpg?fit=842%2C621\" data-orig-size=\"842,621\" data-comments-opened=\"1\" data-image-meta=\"{&quot;aperture&quot;:&quot;0&quot;,&quot;credit&quot;:&quot;&quot;,&quot;camera&quot;:&quot;&quot;,&quot;caption&quot;:&quot;&quot;,&quot;created_timestamp&quot;:&quot;0&quot;,&quot;copyright&quot;:&quot;&quot;,&quot;focal_length&quot;:&quot;0&quot;,&quot;iso&quot;:&quot;0&quot;,&quot;shutter_speed&quot;:&quot;0&quot;,&quot;title&quot;:&quot;&quot;,&quot;orientation&quot;:&quot;0&quot;}\" data-image-title=\"Screen Shot 2017-05-13 at 18.06.59\" data-image-description=\"\" data-image-caption=\"&lt;p&gt;Buenos Aires &lt;\/p&gt;\n\" data-medium-file=\"https:\/\/i0.wp.com\/www.spang.ch\/aude\/wp-content\/uploads\/2017\/05\/Screen-Shot-2017-05-13-at-18.06.59.jpg?fit=300%2C221\" data-large-file=\"https:\/\/i0.wp.com\/www.spang.ch\/aude\/wp-content\/uploads\/2017\/05\/Screen-Shot-2017-05-13-at-18.06.59.jpg?fit=842%2C621\" tabindex=\"0\" role=\"button\" class=\"size-full wp-image-980\" src=\"https:\/\/i0.wp.com\/www.spang.ch\/aude\/wp-content\/uploads\/2017\/05\/Screen-Shot-2017-05-13-at-18.06.59.jpg?resize=842%2C621\" alt=\"\" width=\"842\" height=\"621\" srcset=\"https:\/\/i0.wp.com\/www.spang.ch\/aude\/wp-content\/uploads\/2017\/05\/Screen-Shot-2017-05-13-at-18.06.59.jpg?w=842 842w, https:\/\/i0.wp.com\/www.spang.ch\/aude\/wp-content\/uploads\/2017\/05\/Screen-Shot-2017-05-13-at-18.06.59.jpg?resize=300%2C221 300w, https:\/\/i0.wp.com\/www.spang.ch\/aude\/wp-content\/uploads\/2017\/05\/Screen-Shot-2017-05-13-at-18.06.59.jpg?resize=768%2C566 768w, https:\/\/i0.wp.com\/www.spang.ch\/aude\/wp-content\/uploads\/2017\/05\/Screen-Shot-2017-05-13-at-18.06.59.jpg?resize=407%2C300 407w\" sizes=\"(max-width: 842px) 100vw, 842px\" data-recalc-dims=\"1\" \/><\/a><figcaption id=\"caption-attachment-980\" class=\"wp-caption-text\">Buenos Aires<\/figcaption><\/figure>\n<p style=\"text-align: justify;\">Nous avons fait le passage oblig\u00e9 par le <em>Caminito<\/em>, dans le quartier autrement r\u00e9put\u00e9 dangereux de la <em>Boca<\/em>. Il s&rsquo;agit d&rsquo;une ruelle dont le tango et le tourisme sont devenus les \u00e9l\u00e9ments phares. On y va parce que tout le monde y va (ce qui n&rsquo;est pas tant pour me plaire), mais aussi et surtout pour l&rsquo;attrait esth\u00e9tique de la rue: tout y est color\u00e9, et si vous avez d\u00e9j\u00e0 vu une photo de Buenos Aires il y a fort \u00e0 parier que ce soit\u00a0une photo de l\u00e0-bas. Les danseurs et musiciens de tango remplissent la rue, ainsi que les vendeurs de souvenirs et d&rsquo;un peu d&rsquo;artisanat, l&rsquo;ambiance est sympathique mais s\u00e9rieusement un peu \u00e9touffante de touristes et de restaurants.<\/p>\n<figure id=\"attachment_981\" aria-describedby=\"caption-attachment-981\" style=\"width: 449px\" class=\"wp-caption aligncenter\"><a href=\"https:\/\/i0.wp.com\/www.spang.ch\/aude\/wp-content\/uploads\/2017\/05\/Screen-Shot-2017-05-13-at-18.07.24.jpg\"><img loading=\"lazy\" decoding=\"async\" data-attachment-id=\"981\" data-permalink=\"http:\/\/www.spang.ch\/aude\/fr\/2017\/05\/argentina-brazil-emma-a-celebration-of-everything-end-12\/screen-shot-2017-05-13-at-18-07-24\/\" data-orig-file=\"https:\/\/i0.wp.com\/www.spang.ch\/aude\/wp-content\/uploads\/2017\/05\/Screen-Shot-2017-05-13-at-18.07.24.jpg?fit=449%2C672\" data-orig-size=\"449,672\" data-comments-opened=\"1\" data-image-meta=\"{&quot;aperture&quot;:&quot;0&quot;,&quot;credit&quot;:&quot;&quot;,&quot;camera&quot;:&quot;&quot;,&quot;caption&quot;:&quot;&quot;,&quot;created_timestamp&quot;:&quot;0&quot;,&quot;copyright&quot;:&quot;&quot;,&quot;focal_length&quot;:&quot;0&quot;,&quot;iso&quot;:&quot;0&quot;,&quot;shutter_speed&quot;:&quot;0&quot;,&quot;title&quot;:&quot;&quot;,&quot;orientation&quot;:&quot;0&quot;}\" data-image-title=\"Screen Shot 2017-05-13 at 18.07.24\" data-image-description=\"\" data-image-caption=\"&lt;p&gt;Buenos Aires &#8211; Tango&lt;\/p&gt;\n\" data-medium-file=\"https:\/\/i0.wp.com\/www.spang.ch\/aude\/wp-content\/uploads\/2017\/05\/Screen-Shot-2017-05-13-at-18.07.24.jpg?fit=200%2C300\" data-large-file=\"https:\/\/i0.wp.com\/www.spang.ch\/aude\/wp-content\/uploads\/2017\/05\/Screen-Shot-2017-05-13-at-18.07.24.jpg?fit=449%2C672\" tabindex=\"0\" role=\"button\" class=\"size-full wp-image-981\" src=\"https:\/\/i0.wp.com\/www.spang.ch\/aude\/wp-content\/uploads\/2017\/05\/Screen-Shot-2017-05-13-at-18.07.24.jpg?resize=449%2C672\" alt=\"\" width=\"449\" height=\"672\" srcset=\"https:\/\/i0.wp.com\/www.spang.ch\/aude\/wp-content\/uploads\/2017\/05\/Screen-Shot-2017-05-13-at-18.07.24.jpg?w=449 449w, https:\/\/i0.wp.com\/www.spang.ch\/aude\/wp-content\/uploads\/2017\/05\/Screen-Shot-2017-05-13-at-18.07.24.jpg?resize=200%2C300 200w\" sizes=\"(max-width: 449px) 100vw, 449px\" data-recalc-dims=\"1\" \/><\/a><figcaption id=\"caption-attachment-981\" class=\"wp-caption-text\">Buenos Aires &#8211; Tango<\/figcaption><\/figure>\n<figure id=\"attachment_933\" aria-describedby=\"caption-attachment-933\" style=\"width: 683px\" class=\"wp-caption aligncenter\"><a href=\"https:\/\/i0.wp.com\/www.spang.ch\/aude\/wp-content\/uploads\/2017\/05\/IMG_6620-e1494689176154.jpg\"><img loading=\"lazy\" decoding=\"async\" data-attachment-id=\"933\" data-permalink=\"http:\/\/www.spang.ch\/aude\/fr\/2017\/05\/argentina-brazil-emma-a-celebration-of-everything-end-12\/img_6620\/\" data-orig-file=\"https:\/\/i0.wp.com\/www.spang.ch\/aude\/wp-content\/uploads\/2017\/05\/IMG_6620-e1494689176154.jpg?fit=3456%2C5184\" data-orig-size=\"3456,5184\" data-comments-opened=\"1\" data-image-meta=\"{&quot;aperture&quot;:&quot;0&quot;,&quot;credit&quot;:&quot;&quot;,&quot;camera&quot;:&quot;&quot;,&quot;caption&quot;:&quot;&quot;,&quot;created_timestamp&quot;:&quot;0&quot;,&quot;copyright&quot;:&quot;&quot;,&quot;focal_length&quot;:&quot;0&quot;,&quot;iso&quot;:&quot;0&quot;,&quot;shutter_speed&quot;:&quot;0&quot;,&quot;title&quot;:&quot;&quot;,&quot;orientation&quot;:&quot;0&quot;}\" data-image-title=\"IMG_6620\" data-image-description=\"\" data-image-caption=\"&lt;p&gt;San Telmo &lt;\/p&gt;\n\" data-medium-file=\"https:\/\/i0.wp.com\/www.spang.ch\/aude\/wp-content\/uploads\/2017\/05\/IMG_6620-e1494689176154.jpg?fit=200%2C300\" data-large-file=\"https:\/\/i0.wp.com\/www.spang.ch\/aude\/wp-content\/uploads\/2017\/05\/IMG_6620-e1494689176154.jpg?fit=683%2C1024\" tabindex=\"0\" role=\"button\" class=\"size-large wp-image-933\" src=\"https:\/\/i0.wp.com\/www.spang.ch\/aude\/wp-content\/uploads\/2017\/05\/IMG_6620-e1494689176154-683x1024.jpg?resize=683%2C1024\" alt=\"\" width=\"683\" height=\"1024\" srcset=\"https:\/\/i0.wp.com\/www.spang.ch\/aude\/wp-content\/uploads\/2017\/05\/IMG_6620-e1494689176154.jpg?resize=683%2C1024 683w, https:\/\/i0.wp.com\/www.spang.ch\/aude\/wp-content\/uploads\/2017\/05\/IMG_6620-e1494689176154.jpg?resize=200%2C300 200w, https:\/\/i0.wp.com\/www.spang.ch\/aude\/wp-content\/uploads\/2017\/05\/IMG_6620-e1494689176154.jpg?resize=768%2C1152 768w, https:\/\/i0.wp.com\/www.spang.ch\/aude\/wp-content\/uploads\/2017\/05\/IMG_6620-e1494689176154.jpg?w=2000 2000w, https:\/\/i0.wp.com\/www.spang.ch\/aude\/wp-content\/uploads\/2017\/05\/IMG_6620-e1494689176154.jpg?w=3000 3000w\" sizes=\"(max-width: 683px) 100vw, 683px\" data-recalc-dims=\"1\" \/><\/a><figcaption id=\"caption-attachment-933\" class=\"wp-caption-text\">San Telmo<\/figcaption><\/figure>\n<p style=\"text-align: justify;\">C&rsquo;est pourquoi, apr\u00e8s avoir aussi un peu explor\u00e9 les rues alentour, nous avons continu\u00e9 notre d\u00e9couverte un peu plus pouss\u00e9e de la ville en allant nous poser dans un parc fr\u00e9quent\u00e9 surtout par des Argentins buvant du mat\u00e9. Nous y avons observ\u00e9 le coucher de soleil en rattrapant le temps perdu et en nous racontant toutes les histoires qu&rsquo;on avait manqu\u00e9es l&rsquo;une de l&rsquo;autre. Beaux moments de partage et de proximit\u00e9, c&rsquo;est touchant de voir comme les liens se cr\u00e9ent et se renforcent avec le temps, comme les gens peuvent \u00eatre importants m\u00eame si on se voit peu, et comme on peut se comprendre, en d\u00e9pit des diff\u00e9rences culturelles, quand on partage des valeurs et une vision du monde, ainsi qu&rsquo;un enthousiaste app\u00e9tit de vivre et de savourer le bonheur \u00e0 pleines dents.<\/p>\n<figure id=\"attachment_979\" aria-describedby=\"caption-attachment-979\" style=\"width: 1011px\" class=\"wp-caption aligncenter\"><a href=\"https:\/\/i0.wp.com\/www.spang.ch\/aude\/wp-content\/uploads\/2017\/05\/Screen-Shot-2017-05-13-at-18.06.44.jpg\"><img loading=\"lazy\" decoding=\"async\" data-attachment-id=\"979\" data-permalink=\"http:\/\/www.spang.ch\/aude\/fr\/2017\/05\/argentina-brazil-emma-a-celebration-of-everything-end-12\/screen-shot-2017-05-13-at-18-06-44\/\" data-orig-file=\"https:\/\/i0.wp.com\/www.spang.ch\/aude\/wp-content\/uploads\/2017\/05\/Screen-Shot-2017-05-13-at-18.06.44.jpg?fit=1011%2C674\" data-orig-size=\"1011,674\" data-comments-opened=\"1\" data-image-meta=\"{&quot;aperture&quot;:&quot;0&quot;,&quot;credit&quot;:&quot;&quot;,&quot;camera&quot;:&quot;&quot;,&quot;caption&quot;:&quot;&quot;,&quot;created_timestamp&quot;:&quot;0&quot;,&quot;copyright&quot;:&quot;&quot;,&quot;focal_length&quot;:&quot;0&quot;,&quot;iso&quot;:&quot;0&quot;,&quot;shutter_speed&quot;:&quot;0&quot;,&quot;title&quot;:&quot;&quot;,&quot;orientation&quot;:&quot;0&quot;}\" data-image-title=\"Screen Shot 2017-05-13 at 18.06.44\" data-image-description=\"\" data-image-caption=\"&lt;p&gt;Buenos Aires&lt;\/p&gt;\n\" data-medium-file=\"https:\/\/i0.wp.com\/www.spang.ch\/aude\/wp-content\/uploads\/2017\/05\/Screen-Shot-2017-05-13-at-18.06.44.jpg?fit=300%2C200\" data-large-file=\"https:\/\/i0.wp.com\/www.spang.ch\/aude\/wp-content\/uploads\/2017\/05\/Screen-Shot-2017-05-13-at-18.06.44.jpg?fit=1000%2C667\" tabindex=\"0\" role=\"button\" class=\"size-full wp-image-979\" src=\"https:\/\/i0.wp.com\/www.spang.ch\/aude\/wp-content\/uploads\/2017\/05\/Screen-Shot-2017-05-13-at-18.06.44.jpg?resize=1000%2C667\" alt=\"\" width=\"1000\" height=\"667\" srcset=\"https:\/\/i0.wp.com\/www.spang.ch\/aude\/wp-content\/uploads\/2017\/05\/Screen-Shot-2017-05-13-at-18.06.44.jpg?w=1011 1011w, https:\/\/i0.wp.com\/www.spang.ch\/aude\/wp-content\/uploads\/2017\/05\/Screen-Shot-2017-05-13-at-18.06.44.jpg?resize=300%2C200 300w, https:\/\/i0.wp.com\/www.spang.ch\/aude\/wp-content\/uploads\/2017\/05\/Screen-Shot-2017-05-13-at-18.06.44.jpg?resize=768%2C512 768w, https:\/\/i0.wp.com\/www.spang.ch\/aude\/wp-content\/uploads\/2017\/05\/Screen-Shot-2017-05-13-at-18.06.44.jpg?resize=960%2C640 960w, https:\/\/i0.wp.com\/www.spang.ch\/aude\/wp-content\/uploads\/2017\/05\/Screen-Shot-2017-05-13-at-18.06.44.jpg?resize=450%2C300 450w\" sizes=\"(max-width: 1000px) 100vw, 1000px\" data-recalc-dims=\"1\" \/><\/a><figcaption id=\"caption-attachment-979\" class=\"wp-caption-text\">Buenos Aires<\/figcaption><\/figure>\n<p style=\"text-align: justify;\">Nous pass\u00e2mes notre dimanche en balade dans le charmant et pittoresque march\u00e9 traditionnel et d&rsquo;artisanat de San Telmo, l&rsquo;un des quartiers de BA qui me pla\u00eet le plus. V\u00eatements, antiquit\u00e9s, choses \u00e0 grignoter, travaux d&rsquo;artisans de toutes sortes, musique live par des groupes dans la rue (du rap\/reggae d&rsquo;inspiration Afro au violoncelle \u00e9lectrique accompagn\u00e9 d&rsquo;accord\u00e9on et de guitare s\u00e8che), nous \u00e9tions fascin\u00e9es par la taille du march\u00e9 qui serpente \u00e0 travers les longues rues du quartier et par la vari\u00e9t\u00e9 de surprises qu&rsquo;avaient\u00a0\u00e0 offrir les stands baign\u00e9s par le soleil. On a d\u00fb se retenir pour ne pas tout acheter! A vrai dire, durant les deux semaines qu&rsquo;on a pass\u00e9es ensemble, on a craqu\u00e9 principalement sur 1) des glaces, et 2) des boucles d&rsquo;oreille (un bracelet une fois, aussi).\u00a0Disons que, plus ou moins, chacune qu&rsquo;une d&rsquo;entre nous s&rsquo;achetait une paire, l&rsquo;autre ne r\u00e9sistait pas \u00e0 prendre une paire cousine ou jumelle, comme si on \u00e9tait des gamines de 14 ans!<\/p>\n<figure id=\"attachment_936\" aria-describedby=\"caption-attachment-936\" style=\"width: 683px\" class=\"wp-caption aligncenter\"><a href=\"https:\/\/i0.wp.com\/www.spang.ch\/aude\/wp-content\/uploads\/2017\/05\/IMG_6777-e1494689260879.jpg\"><img loading=\"lazy\" decoding=\"async\" data-attachment-id=\"936\" data-permalink=\"http:\/\/www.spang.ch\/aude\/fr\/2017\/05\/argentina-brazil-emma-a-celebration-of-everything-end-12\/img_6777\/\" data-orig-file=\"https:\/\/i0.wp.com\/www.spang.ch\/aude\/wp-content\/uploads\/2017\/05\/IMG_6777-e1494689260879.jpg?fit=3456%2C5184\" data-orig-size=\"3456,5184\" data-comments-opened=\"1\" data-image-meta=\"{&quot;aperture&quot;:&quot;0&quot;,&quot;credit&quot;:&quot;&quot;,&quot;camera&quot;:&quot;&quot;,&quot;caption&quot;:&quot;&quot;,&quot;created_timestamp&quot;:&quot;0&quot;,&quot;copyright&quot;:&quot;&quot;,&quot;focal_length&quot;:&quot;0&quot;,&quot;iso&quot;:&quot;0&quot;,&quot;shutter_speed&quot;:&quot;0&quot;,&quot;title&quot;:&quot;&quot;,&quot;orientation&quot;:&quot;0&quot;}\" data-image-title=\"IMG_6777\" data-image-description=\"\" data-image-caption=\"&lt;p&gt;Argentina #2: Buenos Aires&lt;\/p&gt;\n\" data-medium-file=\"https:\/\/i0.wp.com\/www.spang.ch\/aude\/wp-content\/uploads\/2017\/05\/IMG_6777-e1494689260879.jpg?fit=200%2C300\" data-large-file=\"https:\/\/i0.wp.com\/www.spang.ch\/aude\/wp-content\/uploads\/2017\/05\/IMG_6777-e1494689260879.jpg?fit=683%2C1024\" tabindex=\"0\" role=\"button\" class=\"size-large wp-image-936\" src=\"https:\/\/i0.wp.com\/www.spang.ch\/aude\/wp-content\/uploads\/2017\/05\/IMG_6777-e1494689260879-683x1024.jpg?resize=683%2C1024\" alt=\"\" width=\"683\" height=\"1024\" srcset=\"https:\/\/i0.wp.com\/www.spang.ch\/aude\/wp-content\/uploads\/2017\/05\/IMG_6777-e1494689260879.jpg?resize=683%2C1024 683w, https:\/\/i0.wp.com\/www.spang.ch\/aude\/wp-content\/uploads\/2017\/05\/IMG_6777-e1494689260879.jpg?resize=200%2C300 200w, https:\/\/i0.wp.com\/www.spang.ch\/aude\/wp-content\/uploads\/2017\/05\/IMG_6777-e1494689260879.jpg?resize=768%2C1152 768w, https:\/\/i0.wp.com\/www.spang.ch\/aude\/wp-content\/uploads\/2017\/05\/IMG_6777-e1494689260879.jpg?w=2000 2000w, https:\/\/i0.wp.com\/www.spang.ch\/aude\/wp-content\/uploads\/2017\/05\/IMG_6777-e1494689260879.jpg?w=3000 3000w\" sizes=\"(max-width: 683px) 100vw, 683px\" data-recalc-dims=\"1\" \/><\/a><figcaption id=\"caption-attachment-936\" class=\"wp-caption-text\">Buenos Aires \u00e9crit en style\u00a0\u00ab\u00a0fileteado\u00a0\u00bb, typique de la ville<\/figcaption><\/figure>\n<p style=\"text-align: justify;\">Notre derni\u00e8re journ\u00e9e \u00e0 BA fut d\u00e9di\u00e9e \u00e0 une longue chasse aux graffitis. Mais attention, pas n&rsquo;importe lequel: une tortue g\u00e9ante que mon ami tessinois Emmanuel avait rep\u00e9r\u00e9e pr\u00e8s de 2 ans plus t\u00f4t, quand il avait voyag\u00e9 de par le continent. Il m&rsquo;avait expliqu\u00e9 que le quartier dans lequel cette oeuvre du fameux street artiste Martin Ron fut peinte, Barraca, \u00e9tait si dangereux qu&rsquo;il n&rsquo;avait pas pu trouver de chauffeur de taxi pouvant l&rsquo;y emmener et avait d\u00fb convaincre des amis d&rsquo;y aller en voiture. Quant \u00e0 nous, accompagn\u00e9es comme on l&rsquo;\u00e9tait par Rodrigo, qui y avait v\u00e9cu, nous avons simplement d\u00fb prendre le bus et nous balader un peu dans la chaleur de l&rsquo;\u00e9t\u00e9 argentin (tr\u00e8s chaud! on adoooore!) pour trouver cette rue relativement isol\u00e9e et m\u00e9connue. Quelle quantit\u00e9 de petits et grands chefs d&rsquo;oeuvre, couleurs virevoltantes et cr\u00e9ativit\u00e9 d\u00e9bordante! Et on a aussi fini par trouver notre super tortue (voir photo). Un spectacle visuel qu&rsquo;on est pas pr\u00eates d&rsquo;oublier, \u00e0 la suite duquel la journ\u00e9e se termina par un concert d&rsquo;une quinzaine de percussions plein d&rsquo;\u00e9nergie, de danse et de folie de la Bomba del Tiempo, au centre culturel Konex. G\u00e9nial!<\/p>\n<figure id=\"attachment_935\" aria-describedby=\"caption-attachment-935\" style=\"width: 1000px\" class=\"wp-caption aligncenter\"><a href=\"https:\/\/i0.wp.com\/www.spang.ch\/aude\/wp-content\/uploads\/2017\/05\/IMG_6734.jpg\"><img loading=\"lazy\" decoding=\"async\" data-attachment-id=\"935\" data-permalink=\"http:\/\/www.spang.ch\/aude\/fr\/2017\/05\/argentina-brazil-emma-a-celebration-of-everything-end-12\/img_6734\/\" data-orig-file=\"https:\/\/i0.wp.com\/www.spang.ch\/aude\/wp-content\/uploads\/2017\/05\/IMG_6734.jpg?fit=5184%2C3456\" data-orig-size=\"5184,3456\" data-comments-opened=\"1\" data-image-meta=\"{&quot;aperture&quot;:&quot;0&quot;,&quot;credit&quot;:&quot;&quot;,&quot;camera&quot;:&quot;&quot;,&quot;caption&quot;:&quot;&quot;,&quot;created_timestamp&quot;:&quot;0&quot;,&quot;copyright&quot;:&quot;&quot;,&quot;focal_length&quot;:&quot;0&quot;,&quot;iso&quot;:&quot;0&quot;,&quot;shutter_speed&quot;:&quot;0&quot;,&quot;title&quot;:&quot;&quot;,&quot;orientation&quot;:&quot;0&quot;}\" data-image-title=\"IMG_6734\" data-image-description=\"\" data-image-caption=\"&lt;p&gt;Buenos Aires&lt;\/p&gt;\n\" data-medium-file=\"https:\/\/i0.wp.com\/www.spang.ch\/aude\/wp-content\/uploads\/2017\/05\/IMG_6734.jpg?fit=300%2C200\" data-large-file=\"https:\/\/i0.wp.com\/www.spang.ch\/aude\/wp-content\/uploads\/2017\/05\/IMG_6734.jpg?fit=1000%2C667\" tabindex=\"0\" role=\"button\" class=\"size-large wp-image-935\" src=\"https:\/\/i0.wp.com\/www.spang.ch\/aude\/wp-content\/uploads\/2017\/05\/IMG_6734.jpg?resize=1000%2C667\" alt=\"\" width=\"1000\" height=\"667\" srcset=\"https:\/\/i0.wp.com\/www.spang.ch\/aude\/wp-content\/uploads\/2017\/05\/IMG_6734.jpg?resize=1024%2C683 1024w, https:\/\/i0.wp.com\/www.spang.ch\/aude\/wp-content\/uploads\/2017\/05\/IMG_6734.jpg?resize=300%2C200 300w, https:\/\/i0.wp.com\/www.spang.ch\/aude\/wp-content\/uploads\/2017\/05\/IMG_6734.jpg?resize=768%2C512 768w, https:\/\/i0.wp.com\/www.spang.ch\/aude\/wp-content\/uploads\/2017\/05\/IMG_6734.jpg?resize=960%2C640 960w, https:\/\/i0.wp.com\/www.spang.ch\/aude\/wp-content\/uploads\/2017\/05\/IMG_6734.jpg?resize=450%2C300 450w, https:\/\/i0.wp.com\/www.spang.ch\/aude\/wp-content\/uploads\/2017\/05\/IMG_6734.jpg?w=2000 2000w, https:\/\/i0.wp.com\/www.spang.ch\/aude\/wp-content\/uploads\/2017\/05\/IMG_6734.jpg?w=3000 3000w\" sizes=\"(max-width: 1000px) 100vw, 1000px\" data-recalc-dims=\"1\" \/><\/a><figcaption id=\"caption-attachment-935\" class=\"wp-caption-text\">Buenos Aires<\/figcaption><\/figure>\n<hr \/>\n<p style=\"text-align: justify;\">Le jour suivant, nous f\u00eemes du bus notre nouvelle maison, y amenant un pique-nique suffisant \u00e0 nourrir probablement 5 personnes (pr\u00e9voyantes et gourmandes, difficile de nous r\u00e9guler quand on fait les courses ensemble!). En effet, le trajet jusqu&rsquo;\u00e0 Puerto Igua\u00e7u devait durer 17h , o\u00f9 nous avons mang\u00e9, dormi, regard\u00e9 de mauvais films, admir\u00e9 un splendide coucher de soleil, parl\u00e9, parl\u00e9 et encore parl\u00e9&#8230; \u00e7a m&rsquo;a chang\u00e9 des trajets de bus solitaires auxquels je m&rsquo;\u00e9tais habitu\u00e9e tous ces mois! On a travers\u00e9 la plate Pampa et ses troupeaux de bovins paissant dans les pr\u00e9s, puis, remontant le long de la fronti\u00e8re avec l&rsquo;Uruguay, les paysages ont chang\u00e9 pour\u00a0une v\u00e9g\u00e9tation plus luxurieuse et une terre rouge et ocre. Evidemment, le voyage dura bien plus que pr\u00e9vu, et les 17h se chang\u00e8rent en 20h&#8230; heureusement que nous n&rsquo;\u00e9tions pas press\u00e9es. J&rsquo;avais une fois lu une pr\u00e9sentation du pays, que j&rsquo;ai toujours gard\u00e9e en t\u00eate et appliqu\u00e9e: \u00ab\u00a0Ralentis, accepte le temps comme quelque chose de fluide et ainsi tu profiteras vraiment de l&rsquo;Argentine\u00a0\u00bb. Combien de fois je me serai r\u00e9p\u00e9t\u00e9 \u00ab\u00a0le temps est un fluide\u00a0\u00bb et aurai simplement accept\u00e9 de ramollir un peu les exigences obtuses de mes suisses habitudes! Et ainsi, vraiment, j&rsquo;ai su profiter de l&rsquo;Argentine.<\/p>\n<figure id=\"attachment_977\" aria-describedby=\"caption-attachment-977\" style=\"width: 1013px\" class=\"wp-caption aligncenter\"><a href=\"https:\/\/i0.wp.com\/www.spang.ch\/aude\/wp-content\/uploads\/2017\/05\/Screen-Shot-2017-05-13-at-18.06.01.jpg\"><img loading=\"lazy\" decoding=\"async\" data-attachment-id=\"977\" data-permalink=\"http:\/\/www.spang.ch\/aude\/fr\/2017\/05\/argentina-brazil-emma-a-celebration-of-everything-end-12\/screen-shot-2017-05-13-at-18-06-01\/\" data-orig-file=\"https:\/\/i0.wp.com\/www.spang.ch\/aude\/wp-content\/uploads\/2017\/05\/Screen-Shot-2017-05-13-at-18.06.01.jpg?fit=1013%2C672\" data-orig-size=\"1013,672\" data-comments-opened=\"1\" data-image-meta=\"{&quot;aperture&quot;:&quot;0&quot;,&quot;credit&quot;:&quot;&quot;,&quot;camera&quot;:&quot;&quot;,&quot;caption&quot;:&quot;&quot;,&quot;created_timestamp&quot;:&quot;0&quot;,&quot;copyright&quot;:&quot;&quot;,&quot;focal_length&quot;:&quot;0&quot;,&quot;iso&quot;:&quot;0&quot;,&quot;shutter_speed&quot;:&quot;0&quot;,&quot;title&quot;:&quot;&quot;,&quot;orientation&quot;:&quot;0&quot;}\" data-image-title=\"Screen Shot 2017-05-13 at 18.06.01\" data-image-description=\"\" data-image-caption=\"&lt;p&gt;Trajet vers Iguazu&lt;\/p&gt;\n\" data-medium-file=\"https:\/\/i0.wp.com\/www.spang.ch\/aude\/wp-content\/uploads\/2017\/05\/Screen-Shot-2017-05-13-at-18.06.01.jpg?fit=300%2C199\" data-large-file=\"https:\/\/i0.wp.com\/www.spang.ch\/aude\/wp-content\/uploads\/2017\/05\/Screen-Shot-2017-05-13-at-18.06.01.jpg?fit=1000%2C663\" tabindex=\"0\" role=\"button\" class=\"size-full wp-image-977\" src=\"https:\/\/i0.wp.com\/www.spang.ch\/aude\/wp-content\/uploads\/2017\/05\/Screen-Shot-2017-05-13-at-18.06.01.jpg?resize=1000%2C663\" alt=\"\" width=\"1000\" height=\"663\" srcset=\"https:\/\/i0.wp.com\/www.spang.ch\/aude\/wp-content\/uploads\/2017\/05\/Screen-Shot-2017-05-13-at-18.06.01.jpg?w=1013 1013w, https:\/\/i0.wp.com\/www.spang.ch\/aude\/wp-content\/uploads\/2017\/05\/Screen-Shot-2017-05-13-at-18.06.01.jpg?resize=300%2C199 300w, https:\/\/i0.wp.com\/www.spang.ch\/aude\/wp-content\/uploads\/2017\/05\/Screen-Shot-2017-05-13-at-18.06.01.jpg?resize=768%2C509 768w, https:\/\/i0.wp.com\/www.spang.ch\/aude\/wp-content\/uploads\/2017\/05\/Screen-Shot-2017-05-13-at-18.06.01.jpg?resize=452%2C300 452w\" sizes=\"(max-width: 1000px) 100vw, 1000px\" data-recalc-dims=\"1\" \/><\/a><figcaption id=\"caption-attachment-977\" class=\"wp-caption-text\">Trajet vers Iguazu<\/figcaption><\/figure>\n<p style=\"text-align: justify;\">En voyage, il se passe toujours des choses un peu inattendues. On peut \u00eatre aussi pr\u00e9voyant que l&rsquo;on veut, il y a des situations auxquelles on ne peut simplement pas penser, car elles sont un peu inimaginables. Chacun se confronte \u00e0 des probl\u00e8mes ou \u00e9v\u00e9nements diff\u00e9rents, et chacun en tire ses conclusions personnelles, qui modifient sa propre mani\u00e8re de voyager et les conseils que l&rsquo;on se donne parmi. L&rsquo;une de ces choses impr\u00e9vues fut le fait que le village dans lequel nous sommes arriv\u00e9es \u00e9tait compl\u00e8tement coup\u00e9 d&rsquo;internet \u00e0 cause d&rsquo;un orage la veille. Bon, ok, pas de communication avec l&rsquo;ext\u00e9rieur (ni internet, ni r\u00e9seau mobile, ni t\u00e9l\u00e9phones, rien), pas si grave. Pas possible pour l&rsquo;h\u00f4tel de v\u00e9rifier si on a bien r\u00e9serv\u00e9, donc ils font confiance et refusent de nouveaux clients en attendant que la connexion se r\u00e9tablisse, ok. Jusque-l\u00e0 pas si probl\u00e9matique.<\/p>\n<figure id=\"attachment_943\" aria-describedby=\"caption-attachment-943\" style=\"width: 683px\" class=\"wp-caption aligncenter\"><a href=\"https:\/\/i0.wp.com\/www.spang.ch\/aude\/wp-content\/uploads\/2017\/05\/IMG_6989-e1494689386991.jpg\"><img loading=\"lazy\" decoding=\"async\" data-attachment-id=\"943\" data-permalink=\"http:\/\/www.spang.ch\/aude\/fr\/2017\/05\/argentina-brazil-emma-a-celebration-of-everything-end-12\/img_6989\/\" data-orig-file=\"https:\/\/i0.wp.com\/www.spang.ch\/aude\/wp-content\/uploads\/2017\/05\/IMG_6989-e1494689386991.jpg?fit=3456%2C5184\" data-orig-size=\"3456,5184\" data-comments-opened=\"1\" data-image-meta=\"{&quot;aperture&quot;:&quot;0&quot;,&quot;credit&quot;:&quot;&quot;,&quot;camera&quot;:&quot;&quot;,&quot;caption&quot;:&quot;&quot;,&quot;created_timestamp&quot;:&quot;0&quot;,&quot;copyright&quot;:&quot;&quot;,&quot;focal_length&quot;:&quot;0&quot;,&quot;iso&quot;:&quot;0&quot;,&quot;shutter_speed&quot;:&quot;0&quot;,&quot;title&quot;:&quot;&quot;,&quot;orientation&quot;:&quot;0&quot;}\" data-image-title=\"IMG_6989\" data-image-description=\"\" data-image-caption=\"&lt;p&gt;Misiones district&lt;\/p&gt;\n\" data-medium-file=\"https:\/\/i0.wp.com\/www.spang.ch\/aude\/wp-content\/uploads\/2017\/05\/IMG_6989-e1494689386991.jpg?fit=200%2C300\" data-large-file=\"https:\/\/i0.wp.com\/www.spang.ch\/aude\/wp-content\/uploads\/2017\/05\/IMG_6989-e1494689386991.jpg?fit=683%2C1024\" tabindex=\"0\" role=\"button\" class=\"size-large wp-image-943\" src=\"https:\/\/i0.wp.com\/www.spang.ch\/aude\/wp-content\/uploads\/2017\/05\/IMG_6989-e1494689386991-683x1024.jpg?resize=683%2C1024\" alt=\"\" width=\"683\" height=\"1024\" srcset=\"https:\/\/i0.wp.com\/www.spang.ch\/aude\/wp-content\/uploads\/2017\/05\/IMG_6989-e1494689386991.jpg?resize=683%2C1024 683w, https:\/\/i0.wp.com\/www.spang.ch\/aude\/wp-content\/uploads\/2017\/05\/IMG_6989-e1494689386991.jpg?resize=200%2C300 200w, https:\/\/i0.wp.com\/www.spang.ch\/aude\/wp-content\/uploads\/2017\/05\/IMG_6989-e1494689386991.jpg?resize=768%2C1152 768w, https:\/\/i0.wp.com\/www.spang.ch\/aude\/wp-content\/uploads\/2017\/05\/IMG_6989-e1494689386991.jpg?w=2000 2000w, https:\/\/i0.wp.com\/www.spang.ch\/aude\/wp-content\/uploads\/2017\/05\/IMG_6989-e1494689386991.jpg?w=3000 3000w\" sizes=\"(max-width: 683px) 100vw, 683px\" data-recalc-dims=\"1\" \/><\/a><figcaption id=\"caption-attachment-943\" class=\"wp-caption-text\">District de Misiones<\/figcaption><\/figure>\n<p style=\"text-align: justify;\">Par contre, au moment d&rsquo;aller retirer l&rsquo;argent n\u00e9cessaire pour aller visiter les l\u00e9gendaires chutes d&rsquo;Igua\u00e7u, impossible d&rsquo;utiliser les bancomats! Et les gens au guichet n&rsquo;\u00e9taient pas plus utiles. L\u00e0, on a compris notre d\u00e9pendance \u00e0 tous par rapport \u00e0 internet, et avons d\u00fb improviser. Un bain de soleil, une balade dans la ville avec les propri\u00e9taires de l&rsquo;h\u00f4tel qui, pour nous distraire, nous ont emmen\u00e9es \u00e0 une terrasse d&rsquo;o\u00f9 l&rsquo;on voit trois pays \u00e0 la fois: Argentine (o\u00f9 nous \u00e9tions), Br\u00e9sil (notre destination suivante) et Paraguay. Ensuite, ils nous ont\u00a0montr\u00e9 une petite cascade cach\u00e9e au bas de laquelle nous nous sommes baign\u00e9s, malgr\u00e9 le gris du ciel. Nous avons partag\u00e9 quelques repas, dont un in\u00e9vitable <em>asado<\/em> arros\u00e9 de bon vin rouge. Et l\u00e0 je me dois de citer ce que l&rsquo;un d&rsquo;entre eux a dit \u00e0 mon sujet \u00e0 la fin de la journ\u00e9e: \u00ab\u00a0tu manges tellement que \u00e7a co\u00fbterait moins cher de sortir en bo\u00eete que de t&#8217;emmener manger!\u00a0\u00bb &#8230;.voila voila. Quand je vous dis que je savoure\u00a0la vie&#8230;!<\/p>\n<figure id=\"attachment_938\" aria-describedby=\"caption-attachment-938\" style=\"width: 1000px\" class=\"wp-caption aligncenter\"><a href=\"https:\/\/i0.wp.com\/www.spang.ch\/aude\/wp-content\/uploads\/2017\/05\/IMG_6880.jpg\"><img loading=\"lazy\" decoding=\"async\" data-attachment-id=\"938\" data-permalink=\"http:\/\/www.spang.ch\/aude\/fr\/2017\/05\/argentina-brazil-emma-a-celebration-of-everything-end-12\/img_6880\/\" data-orig-file=\"https:\/\/i0.wp.com\/www.spang.ch\/aude\/wp-content\/uploads\/2017\/05\/IMG_6880.jpg?fit=5184%2C3456\" data-orig-size=\"5184,3456\" data-comments-opened=\"1\" data-image-meta=\"{&quot;aperture&quot;:&quot;0&quot;,&quot;credit&quot;:&quot;&quot;,&quot;camera&quot;:&quot;&quot;,&quot;caption&quot;:&quot;&quot;,&quot;created_timestamp&quot;:&quot;0&quot;,&quot;copyright&quot;:&quot;&quot;,&quot;focal_length&quot;:&quot;0&quot;,&quot;iso&quot;:&quot;0&quot;,&quot;shutter_speed&quot;:&quot;0&quot;,&quot;title&quot;:&quot;&quot;,&quot;orientation&quot;:&quot;0&quot;}\" data-image-title=\"IMG_6880\" data-image-description=\"\" data-image-caption=\"&lt;p&gt;Iguazu Falls&lt;\/p&gt;\n\" data-medium-file=\"https:\/\/i0.wp.com\/www.spang.ch\/aude\/wp-content\/uploads\/2017\/05\/IMG_6880.jpg?fit=300%2C200\" data-large-file=\"https:\/\/i0.wp.com\/www.spang.ch\/aude\/wp-content\/uploads\/2017\/05\/IMG_6880.jpg?fit=1000%2C667\" tabindex=\"0\" role=\"button\" class=\"size-large wp-image-938\" src=\"https:\/\/i0.wp.com\/www.spang.ch\/aude\/wp-content\/uploads\/2017\/05\/IMG_6880.jpg?resize=1000%2C667\" alt=\"\" width=\"1000\" height=\"667\" srcset=\"https:\/\/i0.wp.com\/www.spang.ch\/aude\/wp-content\/uploads\/2017\/05\/IMG_6880.jpg?resize=1024%2C683 1024w, https:\/\/i0.wp.com\/www.spang.ch\/aude\/wp-content\/uploads\/2017\/05\/IMG_6880.jpg?resize=300%2C200 300w, https:\/\/i0.wp.com\/www.spang.ch\/aude\/wp-content\/uploads\/2017\/05\/IMG_6880.jpg?resize=768%2C512 768w, https:\/\/i0.wp.com\/www.spang.ch\/aude\/wp-content\/uploads\/2017\/05\/IMG_6880.jpg?resize=960%2C640 960w, https:\/\/i0.wp.com\/www.spang.ch\/aude\/wp-content\/uploads\/2017\/05\/IMG_6880.jpg?resize=450%2C300 450w, https:\/\/i0.wp.com\/www.spang.ch\/aude\/wp-content\/uploads\/2017\/05\/IMG_6880.jpg?w=2000 2000w, https:\/\/i0.wp.com\/www.spang.ch\/aude\/wp-content\/uploads\/2017\/05\/IMG_6880.jpg?w=3000 3000w\" sizes=\"(max-width: 1000px) 100vw, 1000px\" data-recalc-dims=\"1\" \/><\/a><figcaption id=\"caption-attachment-938\" class=\"wp-caption-text\">Chutes d&rsquo;Iguazu<\/figcaption><\/figure>\n<figure id=\"attachment_939\" aria-describedby=\"caption-attachment-939\" style=\"width: 1000px\" class=\"wp-caption aligncenter\"><a href=\"https:\/\/i0.wp.com\/www.spang.ch\/aude\/wp-content\/uploads\/2017\/05\/IMG_6883.jpg\"><img loading=\"lazy\" decoding=\"async\" data-attachment-id=\"939\" data-permalink=\"http:\/\/www.spang.ch\/aude\/fr\/2017\/05\/argentina-brazil-emma-a-celebration-of-everything-end-12\/img_6883\/\" data-orig-file=\"https:\/\/i0.wp.com\/www.spang.ch\/aude\/wp-content\/uploads\/2017\/05\/IMG_6883.jpg?fit=5184%2C3456\" data-orig-size=\"5184,3456\" data-comments-opened=\"1\" data-image-meta=\"{&quot;aperture&quot;:&quot;0&quot;,&quot;credit&quot;:&quot;&quot;,&quot;camera&quot;:&quot;&quot;,&quot;caption&quot;:&quot;&quot;,&quot;created_timestamp&quot;:&quot;0&quot;,&quot;copyright&quot;:&quot;&quot;,&quot;focal_length&quot;:&quot;0&quot;,&quot;iso&quot;:&quot;0&quot;,&quot;shutter_speed&quot;:&quot;0&quot;,&quot;title&quot;:&quot;&quot;,&quot;orientation&quot;:&quot;0&quot;}\" data-image-title=\"IMG_6883\" data-image-description=\"\" data-image-caption=\"&lt;p&gt;Iguazu Falls&lt;\/p&gt;\n\" data-medium-file=\"https:\/\/i0.wp.com\/www.spang.ch\/aude\/wp-content\/uploads\/2017\/05\/IMG_6883.jpg?fit=300%2C200\" data-large-file=\"https:\/\/i0.wp.com\/www.spang.ch\/aude\/wp-content\/uploads\/2017\/05\/IMG_6883.jpg?fit=1000%2C667\" tabindex=\"0\" role=\"button\" class=\"size-large wp-image-939\" src=\"https:\/\/i0.wp.com\/www.spang.ch\/aude\/wp-content\/uploads\/2017\/05\/IMG_6883.jpg?resize=1000%2C667\" alt=\"\" width=\"1000\" height=\"667\" srcset=\"https:\/\/i0.wp.com\/www.spang.ch\/aude\/wp-content\/uploads\/2017\/05\/IMG_6883.jpg?resize=1024%2C683 1024w, https:\/\/i0.wp.com\/www.spang.ch\/aude\/wp-content\/uploads\/2017\/05\/IMG_6883.jpg?resize=300%2C200 300w, https:\/\/i0.wp.com\/www.spang.ch\/aude\/wp-content\/uploads\/2017\/05\/IMG_6883.jpg?resize=768%2C512 768w, https:\/\/i0.wp.com\/www.spang.ch\/aude\/wp-content\/uploads\/2017\/05\/IMG_6883.jpg?resize=960%2C640 960w, https:\/\/i0.wp.com\/www.spang.ch\/aude\/wp-content\/uploads\/2017\/05\/IMG_6883.jpg?resize=450%2C300 450w, https:\/\/i0.wp.com\/www.spang.ch\/aude\/wp-content\/uploads\/2017\/05\/IMG_6883.jpg?w=2000 2000w, https:\/\/i0.wp.com\/www.spang.ch\/aude\/wp-content\/uploads\/2017\/05\/IMG_6883.jpg?w=3000 3000w\" sizes=\"(max-width: 1000px) 100vw, 1000px\" data-recalc-dims=\"1\" \/><\/a><figcaption id=\"caption-attachment-939\" class=\"wp-caption-text\">Chutes d&rsquo;Iguazu<\/figcaption><\/figure>\n<p style=\"text-align: justify;\">Le lendemain, nous avons enfin pu aller d\u00e9couvrir les merveilleuses et si attendues chutes d&rsquo;Igua\u00e7u. Elles \u00e9taient ma derni\u00e8re grosse priorit\u00e9 du voyage, dont je disais depuis avant de partir que c&rsquo;\u00e9tait la chose que je ne pouvais pas manquer et voulais absolument visiter. Ce sont des chutes d&rsquo;eaux absolument \u00e9normes, partag\u00e9es entre le territoire br\u00e9silien (environ 10% des chutes mais des vues panoramiques fantastiques) et argentin (environ 90%, de bien plus pr\u00e8s). Un autre des cadeaux de la nature&#8230; Essayons de vous\u00a0donner une id\u00e9e de l&rsquo;ampleur de la chose:\u00a0275 cascades\u00a0sur\u00a03km de rivi\u00e8re et tombant d&rsquo;une falaise de 80m, \u00e0 une puissance annuelle moyenne de\u00a01,746m<sup>3<\/sup>\/s (la 6e moyenne la plus importante au monde, avec un maximum de 45,700\u00a0m<sup>3<\/sup>\/s enregistr\u00e9 en 2014). C&rsquo;est le syst\u00e8me de\u00a0chutes d&rsquo;eau le plus grand au monde, il a \u00e9t\u00e9 d\u00e9clar\u00e9 patrimoine mondial de l&rsquo;humanit\u00e9 par l&rsquo;UNESCO, et El\u00e9onore Roosevelt se serait apparemment exclam\u00e9 \u00e0 son sujet: \u00ab\u00a0Pauvre Niagara!\u00a0\u00bb (qui est un tiers plus court,\u00a0\u00e0 50m de hauteur).<\/p>\n<figure id=\"attachment_940\" aria-describedby=\"caption-attachment-940\" style=\"width: 683px\" class=\"wp-caption aligncenter\"><a href=\"https:\/\/i0.wp.com\/www.spang.ch\/aude\/wp-content\/uploads\/2017\/05\/IMG_6886-e1494689320649.jpg\"><img loading=\"lazy\" decoding=\"async\" data-attachment-id=\"940\" data-permalink=\"http:\/\/www.spang.ch\/aude\/fr\/2017\/05\/argentina-brazil-emma-a-celebration-of-everything-end-12\/img_6886\/\" data-orig-file=\"https:\/\/i0.wp.com\/www.spang.ch\/aude\/wp-content\/uploads\/2017\/05\/IMG_6886-e1494689320649.jpg?fit=3456%2C5184\" data-orig-size=\"3456,5184\" data-comments-opened=\"1\" data-image-meta=\"{&quot;aperture&quot;:&quot;0&quot;,&quot;credit&quot;:&quot;&quot;,&quot;camera&quot;:&quot;&quot;,&quot;caption&quot;:&quot;&quot;,&quot;created_timestamp&quot;:&quot;0&quot;,&quot;copyright&quot;:&quot;&quot;,&quot;focal_length&quot;:&quot;0&quot;,&quot;iso&quot;:&quot;0&quot;,&quot;shutter_speed&quot;:&quot;0&quot;,&quot;title&quot;:&quot;&quot;,&quot;orientation&quot;:&quot;0&quot;}\" data-image-title=\"IMG_6886\" data-image-description=\"\" data-image-caption=\"&lt;p&gt;Iguazu Falls&lt;\/p&gt;\n\" data-medium-file=\"https:\/\/i0.wp.com\/www.spang.ch\/aude\/wp-content\/uploads\/2017\/05\/IMG_6886-e1494689320649.jpg?fit=200%2C300\" data-large-file=\"https:\/\/i0.wp.com\/www.spang.ch\/aude\/wp-content\/uploads\/2017\/05\/IMG_6886-e1494689320649.jpg?fit=683%2C1024\" tabindex=\"0\" role=\"button\" class=\"size-large wp-image-940\" src=\"https:\/\/i0.wp.com\/www.spang.ch\/aude\/wp-content\/uploads\/2017\/05\/IMG_6886-e1494689320649-683x1024.jpg?resize=683%2C1024\" alt=\"\" width=\"683\" height=\"1024\" srcset=\"https:\/\/i0.wp.com\/www.spang.ch\/aude\/wp-content\/uploads\/2017\/05\/IMG_6886-e1494689320649.jpg?resize=683%2C1024 683w, https:\/\/i0.wp.com\/www.spang.ch\/aude\/wp-content\/uploads\/2017\/05\/IMG_6886-e1494689320649.jpg?resize=200%2C300 200w, https:\/\/i0.wp.com\/www.spang.ch\/aude\/wp-content\/uploads\/2017\/05\/IMG_6886-e1494689320649.jpg?resize=768%2C1152 768w, https:\/\/i0.wp.com\/www.spang.ch\/aude\/wp-content\/uploads\/2017\/05\/IMG_6886-e1494689320649.jpg?w=2000 2000w, https:\/\/i0.wp.com\/www.spang.ch\/aude\/wp-content\/uploads\/2017\/05\/IMG_6886-e1494689320649.jpg?w=3000 3000w\" sizes=\"(max-width: 683px) 100vw, 683px\" data-recalc-dims=\"1\" \/><\/a><figcaption id=\"caption-attachment-940\" class=\"wp-caption-text\">Chutes d&rsquo;Iguazu<\/figcaption><\/figure>\n<div class=\"jetpack-video-wrapper\"><span class=\"embed-youtube\" style=\"text-align:center; display: block;\"><iframe loading=\"lazy\" class=\"youtube-player\" width=\"1000\" height=\"563\" src=\"https:\/\/www.youtube.com\/embed\/T-dGeo1ZcQM?version=3&#038;rel=1&#038;showsearch=0&#038;showinfo=1&#038;iv_load_policy=1&#038;fs=1&#038;hl=fr-FR&#038;autohide=2&#038;wmode=transparent\" allowfullscreen=\"true\" style=\"border:0;\" sandbox=\"allow-scripts allow-same-origin allow-popups allow-presentation allow-popups-to-escape-sandbox\"><\/iframe><\/span><\/div>\n<figure id=\"attachment_941\" aria-describedby=\"caption-attachment-941\" style=\"width: 1000px\" class=\"wp-caption aligncenter\"><a href=\"https:\/\/i0.wp.com\/www.spang.ch\/aude\/wp-content\/uploads\/2017\/05\/IMG_6910.jpg\"><img loading=\"lazy\" decoding=\"async\" data-attachment-id=\"941\" data-permalink=\"http:\/\/www.spang.ch\/aude\/fr\/2017\/05\/argentina-brazil-emma-a-celebration-of-everything-end-12\/img_6910\/\" data-orig-file=\"https:\/\/i0.wp.com\/www.spang.ch\/aude\/wp-content\/uploads\/2017\/05\/IMG_6910.jpg?fit=5184%2C3456\" data-orig-size=\"5184,3456\" data-comments-opened=\"1\" data-image-meta=\"{&quot;aperture&quot;:&quot;0&quot;,&quot;credit&quot;:&quot;&quot;,&quot;camera&quot;:&quot;&quot;,&quot;caption&quot;:&quot;&quot;,&quot;created_timestamp&quot;:&quot;0&quot;,&quot;copyright&quot;:&quot;&quot;,&quot;focal_length&quot;:&quot;0&quot;,&quot;iso&quot;:&quot;0&quot;,&quot;shutter_speed&quot;:&quot;0&quot;,&quot;title&quot;:&quot;&quot;,&quot;orientation&quot;:&quot;0&quot;}\" data-image-title=\"IMG_6910\" data-image-description=\"\" data-image-caption=\"&lt;p&gt;Iguazu Falls&lt;\/p&gt;\n\" data-medium-file=\"https:\/\/i0.wp.com\/www.spang.ch\/aude\/wp-content\/uploads\/2017\/05\/IMG_6910.jpg?fit=300%2C200\" data-large-file=\"https:\/\/i0.wp.com\/www.spang.ch\/aude\/wp-content\/uploads\/2017\/05\/IMG_6910.jpg?fit=1000%2C667\" tabindex=\"0\" role=\"button\" class=\"size-large wp-image-941\" src=\"https:\/\/i0.wp.com\/www.spang.ch\/aude\/wp-content\/uploads\/2017\/05\/IMG_6910.jpg?resize=1000%2C667\" alt=\"\" width=\"1000\" height=\"667\" srcset=\"https:\/\/i0.wp.com\/www.spang.ch\/aude\/wp-content\/uploads\/2017\/05\/IMG_6910.jpg?resize=1024%2C683 1024w, https:\/\/i0.wp.com\/www.spang.ch\/aude\/wp-content\/uploads\/2017\/05\/IMG_6910.jpg?resize=300%2C200 300w, https:\/\/i0.wp.com\/www.spang.ch\/aude\/wp-content\/uploads\/2017\/05\/IMG_6910.jpg?resize=768%2C512 768w, https:\/\/i0.wp.com\/www.spang.ch\/aude\/wp-content\/uploads\/2017\/05\/IMG_6910.jpg?resize=960%2C640 960w, https:\/\/i0.wp.com\/www.spang.ch\/aude\/wp-content\/uploads\/2017\/05\/IMG_6910.jpg?resize=450%2C300 450w, https:\/\/i0.wp.com\/www.spang.ch\/aude\/wp-content\/uploads\/2017\/05\/IMG_6910.jpg?w=2000 2000w, https:\/\/i0.wp.com\/www.spang.ch\/aude\/wp-content\/uploads\/2017\/05\/IMG_6910.jpg?w=3000 3000w\" sizes=\"(max-width: 1000px) 100vw, 1000px\" data-recalc-dims=\"1\" \/><\/a><figcaption id=\"caption-attachment-941\" class=\"wp-caption-text\">Chutes d&rsquo;Iguazu<\/figcaption><\/figure>\n<p style=\"text-align: justify;\">Il faisait gris, ce jour-l\u00e0, mais les multiples cascades n&rsquo;en \u00e9taient pas moins impressionnantes. Ce fut une balade d&rsquo;une journ\u00e9e enti\u00e8re, qui pour bien faire m\u00e9riterait carr\u00e9ment deux jours. On s&rsquo;approche de certaines chutes de si pr\u00e8s qu&rsquo;on en ressort compl\u00e8tement tremp\u00e9, ce qui fit la joie des deux petites filles qui vivent en nous, et on marche \u00e0 travers la for\u00eat aux airs d&rsquo;Amazonie avec les coaties, de mignons petits animaux voleurs de sandwichs, de la famille du raton-laveur. On a aussi d\u00e9cid\u00e9 de se baigner dans un des bassins en contrebas d&rsquo;une cascade \u00e0 20min de marche de l&rsquo;ensemble du site, o\u00f9 personne ne passait, et malgr\u00e9 le signe l&rsquo;interdisant. Jusqu&rsquo;au moment o\u00f9 on est venu nous gronder, c&rsquo;\u00e9tait tr\u00e8s rafra\u00eechissant et rigolo! Et on ne regrette pas la remontrance officielle, mais chut, dites-le pas \u00e0 mes parents&#8230;<\/p>\n<figure id=\"attachment_942\" aria-describedby=\"caption-attachment-942\" style=\"width: 683px\" class=\"wp-caption aligncenter\"><a href=\"https:\/\/i0.wp.com\/www.spang.ch\/aude\/wp-content\/uploads\/2017\/05\/IMG_6979-e1494689354292.jpg\"><img loading=\"lazy\" decoding=\"async\" data-attachment-id=\"942\" data-permalink=\"http:\/\/www.spang.ch\/aude\/fr\/2017\/05\/argentina-brazil-emma-a-celebration-of-everything-end-12\/img_6979\/\" data-orig-file=\"https:\/\/i0.wp.com\/www.spang.ch\/aude\/wp-content\/uploads\/2017\/05\/IMG_6979-e1494689354292.jpg?fit=3456%2C5184\" data-orig-size=\"3456,5184\" data-comments-opened=\"1\" data-image-meta=\"{&quot;aperture&quot;:&quot;0&quot;,&quot;credit&quot;:&quot;&quot;,&quot;camera&quot;:&quot;&quot;,&quot;caption&quot;:&quot;&quot;,&quot;created_timestamp&quot;:&quot;0&quot;,&quot;copyright&quot;:&quot;&quot;,&quot;focal_length&quot;:&quot;0&quot;,&quot;iso&quot;:&quot;0&quot;,&quot;shutter_speed&quot;:&quot;0&quot;,&quot;title&quot;:&quot;&quot;,&quot;orientation&quot;:&quot;0&quot;}\" data-image-title=\"IMG_6979\" data-image-description=\"\" data-image-caption=\"&lt;p&gt;Iguazu Falls &#8211; the forbidden swim&lt;\/p&gt;\n\" data-medium-file=\"https:\/\/i0.wp.com\/www.spang.ch\/aude\/wp-content\/uploads\/2017\/05\/IMG_6979-e1494689354292.jpg?fit=200%2C300\" data-large-file=\"https:\/\/i0.wp.com\/www.spang.ch\/aude\/wp-content\/uploads\/2017\/05\/IMG_6979-e1494689354292.jpg?fit=683%2C1024\" tabindex=\"0\" role=\"button\" class=\"size-large wp-image-942\" src=\"https:\/\/i0.wp.com\/www.spang.ch\/aude\/wp-content\/uploads\/2017\/05\/IMG_6979-e1494689354292-683x1024.jpg?resize=683%2C1024\" alt=\"\" width=\"683\" height=\"1024\" srcset=\"https:\/\/i0.wp.com\/www.spang.ch\/aude\/wp-content\/uploads\/2017\/05\/IMG_6979-e1494689354292.jpg?resize=683%2C1024 683w, https:\/\/i0.wp.com\/www.spang.ch\/aude\/wp-content\/uploads\/2017\/05\/IMG_6979-e1494689354292.jpg?resize=200%2C300 200w, https:\/\/i0.wp.com\/www.spang.ch\/aude\/wp-content\/uploads\/2017\/05\/IMG_6979-e1494689354292.jpg?resize=768%2C1152 768w, https:\/\/i0.wp.com\/www.spang.ch\/aude\/wp-content\/uploads\/2017\/05\/IMG_6979-e1494689354292.jpg?w=2000 2000w, https:\/\/i0.wp.com\/www.spang.ch\/aude\/wp-content\/uploads\/2017\/05\/IMG_6979-e1494689354292.jpg?w=3000 3000w\" sizes=\"(max-width: 683px) 100vw, 683px\" data-recalc-dims=\"1\" \/><\/a><figcaption id=\"caption-attachment-942\" class=\"wp-caption-text\">Chutes d&rsquo;Iguazu &#8211; la baignade interdite<\/figcaption><\/figure>\n<figure id=\"attachment_937\" aria-describedby=\"caption-attachment-937\" style=\"width: 683px\" class=\"wp-caption aligncenter\"><a href=\"https:\/\/i0.wp.com\/www.spang.ch\/aude\/wp-content\/uploads\/2017\/05\/IMG_6873-e1494689288856.jpg\"><img loading=\"lazy\" decoding=\"async\" data-attachment-id=\"937\" data-permalink=\"http:\/\/www.spang.ch\/aude\/fr\/2017\/05\/argentina-brazil-emma-a-celebration-of-everything-end-12\/img_6873\/\" data-orig-file=\"https:\/\/i0.wp.com\/www.spang.ch\/aude\/wp-content\/uploads\/2017\/05\/IMG_6873-e1494689288856.jpg?fit=3456%2C5184\" data-orig-size=\"3456,5184\" data-comments-opened=\"1\" data-image-meta=\"{&quot;aperture&quot;:&quot;0&quot;,&quot;credit&quot;:&quot;&quot;,&quot;camera&quot;:&quot;&quot;,&quot;caption&quot;:&quot;&quot;,&quot;created_timestamp&quot;:&quot;0&quot;,&quot;copyright&quot;:&quot;&quot;,&quot;focal_length&quot;:&quot;0&quot;,&quot;iso&quot;:&quot;0&quot;,&quot;shutter_speed&quot;:&quot;0&quot;,&quot;title&quot;:&quot;&quot;,&quot;orientation&quot;:&quot;0&quot;}\" data-image-title=\"IMG_6873\" data-image-description=\"\" data-image-caption=\"&lt;p&gt;Iguazu &#8211; coatie&lt;\/p&gt;\n\" data-medium-file=\"https:\/\/i0.wp.com\/www.spang.ch\/aude\/wp-content\/uploads\/2017\/05\/IMG_6873-e1494689288856.jpg?fit=200%2C300\" data-large-file=\"https:\/\/i0.wp.com\/www.spang.ch\/aude\/wp-content\/uploads\/2017\/05\/IMG_6873-e1494689288856.jpg?fit=683%2C1024\" tabindex=\"0\" role=\"button\" class=\"size-large wp-image-937\" src=\"https:\/\/i0.wp.com\/www.spang.ch\/aude\/wp-content\/uploads\/2017\/05\/IMG_6873-e1494689288856-683x1024.jpg?resize=683%2C1024\" alt=\"\" width=\"683\" height=\"1024\" srcset=\"https:\/\/i0.wp.com\/www.spang.ch\/aude\/wp-content\/uploads\/2017\/05\/IMG_6873-e1494689288856.jpg?resize=683%2C1024 683w, https:\/\/i0.wp.com\/www.spang.ch\/aude\/wp-content\/uploads\/2017\/05\/IMG_6873-e1494689288856.jpg?resize=200%2C300 200w, https:\/\/i0.wp.com\/www.spang.ch\/aude\/wp-content\/uploads\/2017\/05\/IMG_6873-e1494689288856.jpg?resize=768%2C1152 768w, https:\/\/i0.wp.com\/www.spang.ch\/aude\/wp-content\/uploads\/2017\/05\/IMG_6873-e1494689288856.jpg?w=2000 2000w, https:\/\/i0.wp.com\/www.spang.ch\/aude\/wp-content\/uploads\/2017\/05\/IMG_6873-e1494689288856.jpg?w=3000 3000w\" sizes=\"(max-width: 683px) 100vw, 683px\" data-recalc-dims=\"1\" \/><\/a><figcaption id=\"caption-attachment-937\" class=\"wp-caption-text\">Iguazu &#8211; coatie<\/figcaption><\/figure>\n<p style=\"text-align: justify;\">G\u00e9n\u00e9ralement, Emma a adopt\u00e9 la philosophie que j&rsquo;ai suivi durant mon voyage: suivre la \u00ab\u00a0onda\u00a0\u00bb (la vague, l&rsquo;onde). C&rsquo;est-\u00e0-dire,\u00a0on accepte ce qui se pr\u00e9sente \u00e0 nous et on s&rsquo;y adapte, plut\u00f4t que tenter de d\u00e9terminer\u00a0et d\u00e9cider comment les choses doivent se passer. C&rsquo;\u00e9tait agr\u00e9able, parce qu&rsquo;ainsi on ne se prend pas la t\u00eate, et \u00e7a laisse beaucoup de place au voyage lui-m\u00eame pour choisir\u00a0ce qu&rsquo;il a \u00e0 nous offrir. On a aussi compris que notre intuition ne nous avait pas tromp\u00e9es: nous faisons\u00a0d&rsquo;excellentes compagnes de voyage l&rsquo;une pour l&rsquo;autre! Nous n&rsquo;avons pas v\u00e9cu la moindre tension, avions tendance \u00e0 finir les phrases l&rsquo;une de l&rsquo;autre et \u00e0 avoir les m\u00eames envies aux m\u00eames moments (quand se poser, que manger, o\u00f9 aller, s&rsquo;arr\u00eater pour une photo&#8230;). Ce furent vraiment deux superbes semaines que nous avons pass\u00e9es ensemble.<\/p>\n<figure id=\"attachment_944\" aria-describedby=\"caption-attachment-944\" style=\"width: 1000px\" class=\"wp-caption aligncenter\"><a href=\"https:\/\/i0.wp.com\/www.spang.ch\/aude\/wp-content\/uploads\/2017\/05\/IMG_7012.jpg\"><img loading=\"lazy\" decoding=\"async\" data-attachment-id=\"944\" data-permalink=\"http:\/\/www.spang.ch\/aude\/fr\/2017\/05\/argentina-brazil-emma-a-celebration-of-everything-end-12\/img_7012\/\" data-orig-file=\"https:\/\/i0.wp.com\/www.spang.ch\/aude\/wp-content\/uploads\/2017\/05\/IMG_7012.jpg?fit=5184%2C3456\" data-orig-size=\"5184,3456\" data-comments-opened=\"1\" data-image-meta=\"{&quot;aperture&quot;:&quot;0&quot;,&quot;credit&quot;:&quot;&quot;,&quot;camera&quot;:&quot;&quot;,&quot;caption&quot;:&quot;&quot;,&quot;created_timestamp&quot;:&quot;0&quot;,&quot;copyright&quot;:&quot;&quot;,&quot;focal_length&quot;:&quot;0&quot;,&quot;iso&quot;:&quot;0&quot;,&quot;shutter_speed&quot;:&quot;0&quot;,&quot;title&quot;:&quot;&quot;,&quot;orientation&quot;:&quot;0&quot;}\" data-image-title=\"IMG_7012\" data-image-description=\"\" data-image-caption=\"&lt;p&gt;Emma&amp;rsquo;s visit #1: Buenos Aires, Iguazu&lt;\/p&gt;\n\" data-medium-file=\"https:\/\/i0.wp.com\/www.spang.ch\/aude\/wp-content\/uploads\/2017\/05\/IMG_7012.jpg?fit=300%2C200\" data-large-file=\"https:\/\/i0.wp.com\/www.spang.ch\/aude\/wp-content\/uploads\/2017\/05\/IMG_7012.jpg?fit=1000%2C667\" tabindex=\"0\" role=\"button\" class=\"size-large wp-image-944\" src=\"https:\/\/i0.wp.com\/www.spang.ch\/aude\/wp-content\/uploads\/2017\/05\/IMG_7012.jpg?resize=1000%2C667\" alt=\"\" width=\"1000\" height=\"667\" srcset=\"https:\/\/i0.wp.com\/www.spang.ch\/aude\/wp-content\/uploads\/2017\/05\/IMG_7012.jpg?resize=1024%2C683 1024w, https:\/\/i0.wp.com\/www.spang.ch\/aude\/wp-content\/uploads\/2017\/05\/IMG_7012.jpg?resize=300%2C200 300w, https:\/\/i0.wp.com\/www.spang.ch\/aude\/wp-content\/uploads\/2017\/05\/IMG_7012.jpg?resize=768%2C512 768w, https:\/\/i0.wp.com\/www.spang.ch\/aude\/wp-content\/uploads\/2017\/05\/IMG_7012.jpg?resize=960%2C640 960w, https:\/\/i0.wp.com\/www.spang.ch\/aude\/wp-content\/uploads\/2017\/05\/IMG_7012.jpg?resize=450%2C300 450w, https:\/\/i0.wp.com\/www.spang.ch\/aude\/wp-content\/uploads\/2017\/05\/IMG_7012.jpg?w=2000 2000w, https:\/\/i0.wp.com\/www.spang.ch\/aude\/wp-content\/uploads\/2017\/05\/IMG_7012.jpg?w=3000 3000w\" sizes=\"(max-width: 1000px) 100vw, 1000px\" data-recalc-dims=\"1\" \/><\/a><figcaption id=\"caption-attachment-944\" class=\"wp-caption-text\">Chutes d&rsquo;Iguazu<\/figcaption><\/figure>\n<figure id=\"attachment_946\" aria-describedby=\"caption-attachment-946\" style=\"width: 683px\" class=\"wp-caption aligncenter\"><a href=\"https:\/\/i0.wp.com\/www.spang.ch\/aude\/wp-content\/uploads\/2017\/05\/IMG_7049-e1494689420827.jpg\"><img loading=\"lazy\" decoding=\"async\" data-attachment-id=\"946\" data-permalink=\"http:\/\/www.spang.ch\/aude\/fr\/2017\/05\/argentina-brazil-emma-a-celebration-of-everything-end-12\/img_7049\/\" data-orig-file=\"https:\/\/i0.wp.com\/www.spang.ch\/aude\/wp-content\/uploads\/2017\/05\/IMG_7049-e1494689420827.jpg?fit=3456%2C5184\" data-orig-size=\"3456,5184\" data-comments-opened=\"1\" data-image-meta=\"{&quot;aperture&quot;:&quot;0&quot;,&quot;credit&quot;:&quot;&quot;,&quot;camera&quot;:&quot;&quot;,&quot;caption&quot;:&quot;&quot;,&quot;created_timestamp&quot;:&quot;0&quot;,&quot;copyright&quot;:&quot;&quot;,&quot;focal_length&quot;:&quot;0&quot;,&quot;iso&quot;:&quot;0&quot;,&quot;shutter_speed&quot;:&quot;0&quot;,&quot;title&quot;:&quot;&quot;,&quot;orientation&quot;:&quot;0&quot;}\" data-image-title=\"IMG_7049\" data-image-description=\"\" data-image-caption=\"&lt;p&gt;Iguazu Falls&lt;\/p&gt;\n\" data-medium-file=\"https:\/\/i0.wp.com\/www.spang.ch\/aude\/wp-content\/uploads\/2017\/05\/IMG_7049-e1494689420827.jpg?fit=200%2C300\" data-large-file=\"https:\/\/i0.wp.com\/www.spang.ch\/aude\/wp-content\/uploads\/2017\/05\/IMG_7049-e1494689420827.jpg?fit=683%2C1024\" tabindex=\"0\" role=\"button\" class=\"size-large wp-image-946\" src=\"https:\/\/i0.wp.com\/www.spang.ch\/aude\/wp-content\/uploads\/2017\/05\/IMG_7049-e1494689420827-683x1024.jpg?resize=683%2C1024\" alt=\"\" width=\"683\" height=\"1024\" srcset=\"https:\/\/i0.wp.com\/www.spang.ch\/aude\/wp-content\/uploads\/2017\/05\/IMG_7049-e1494689420827.jpg?resize=683%2C1024 683w, https:\/\/i0.wp.com\/www.spang.ch\/aude\/wp-content\/uploads\/2017\/05\/IMG_7049-e1494689420827.jpg?resize=200%2C300 200w, https:\/\/i0.wp.com\/www.spang.ch\/aude\/wp-content\/uploads\/2017\/05\/IMG_7049-e1494689420827.jpg?resize=768%2C1152 768w, https:\/\/i0.wp.com\/www.spang.ch\/aude\/wp-content\/uploads\/2017\/05\/IMG_7049-e1494689420827.jpg?w=2000 2000w, https:\/\/i0.wp.com\/www.spang.ch\/aude\/wp-content\/uploads\/2017\/05\/IMG_7049-e1494689420827.jpg?w=3000 3000w\" sizes=\"(max-width: 683px) 100vw, 683px\" data-recalc-dims=\"1\" \/><\/a><figcaption id=\"caption-attachment-946\" class=\"wp-caption-text\">Chutes d&rsquo;Iguazu<\/figcaption><\/figure>\n<figure id=\"attachment_945\" aria-describedby=\"caption-attachment-945\" style=\"width: 1000px\" class=\"wp-caption aligncenter\"><a href=\"https:\/\/i0.wp.com\/www.spang.ch\/aude\/wp-content\/uploads\/2017\/05\/IMG_7042B.jpg\"><img loading=\"lazy\" decoding=\"async\" data-attachment-id=\"945\" data-permalink=\"http:\/\/www.spang.ch\/aude\/fr\/2017\/05\/argentina-brazil-emma-a-celebration-of-everything-end-12\/img_7042b\/\" data-orig-file=\"https:\/\/i0.wp.com\/www.spang.ch\/aude\/wp-content\/uploads\/2017\/05\/IMG_7042B.jpg?fit=5184%2C3456\" data-orig-size=\"5184,3456\" data-comments-opened=\"1\" data-image-meta=\"{&quot;aperture&quot;:&quot;0&quot;,&quot;credit&quot;:&quot;Aude Spang&quot;,&quot;camera&quot;:&quot;&quot;,&quot;caption&quot;:&quot;&quot;,&quot;created_timestamp&quot;:&quot;1487952428&quot;,&quot;copyright&quot;:&quot;&quot;,&quot;focal_length&quot;:&quot;0&quot;,&quot;iso&quot;:&quot;0&quot;,&quot;shutter_speed&quot;:&quot;0&quot;,&quot;title&quot;:&quot;&quot;,&quot;orientation&quot;:&quot;0&quot;}\" data-image-title=\"IMG_7042B\" data-image-description=\"\" data-image-caption=\"&lt;p&gt;Iguazu Falls&lt;\/p&gt;\n\" data-medium-file=\"https:\/\/i0.wp.com\/www.spang.ch\/aude\/wp-content\/uploads\/2017\/05\/IMG_7042B.jpg?fit=300%2C200\" data-large-file=\"https:\/\/i0.wp.com\/www.spang.ch\/aude\/wp-content\/uploads\/2017\/05\/IMG_7042B.jpg?fit=1000%2C667\" tabindex=\"0\" role=\"button\" class=\"size-large wp-image-945\" src=\"https:\/\/i0.wp.com\/www.spang.ch\/aude\/wp-content\/uploads\/2017\/05\/IMG_7042B.jpg?resize=1000%2C667\" alt=\"\" width=\"1000\" height=\"667\" srcset=\"https:\/\/i0.wp.com\/www.spang.ch\/aude\/wp-content\/uploads\/2017\/05\/IMG_7042B.jpg?resize=1024%2C683 1024w, https:\/\/i0.wp.com\/www.spang.ch\/aude\/wp-content\/uploads\/2017\/05\/IMG_7042B.jpg?resize=300%2C200 300w, https:\/\/i0.wp.com\/www.spang.ch\/aude\/wp-content\/uploads\/2017\/05\/IMG_7042B.jpg?resize=768%2C512 768w, https:\/\/i0.wp.com\/www.spang.ch\/aude\/wp-content\/uploads\/2017\/05\/IMG_7042B.jpg?resize=960%2C640 960w, https:\/\/i0.wp.com\/www.spang.ch\/aude\/wp-content\/uploads\/2017\/05\/IMG_7042B.jpg?resize=450%2C300 450w, https:\/\/i0.wp.com\/www.spang.ch\/aude\/wp-content\/uploads\/2017\/05\/IMG_7042B.jpg?w=2000 2000w, https:\/\/i0.wp.com\/www.spang.ch\/aude\/wp-content\/uploads\/2017\/05\/IMG_7042B.jpg?w=3000 3000w\" sizes=\"(max-width: 1000px) 100vw, 1000px\" data-recalc-dims=\"1\" \/><\/a><figcaption id=\"caption-attachment-945\" class=\"wp-caption-text\">Chutes d&rsquo;Iguazu<\/figcaption><\/figure>\n<p style=\"text-align: justify;\">Apr\u00e8s ce zoom rapproch\u00e9 que nous perm\u00eet le c\u00f4t\u00e9 argentin des chutes, nous avons eu la chance du beau temps pour le c\u00f4t\u00e9 br\u00e9silien, qui est celui qui les n\u00e9cessite vraiment le plus! C&rsquo;est une balade bien plus courte mais absolument spectaculaire que celle qu&rsquo;offre l&rsquo;Igua\u00e7u lusophone. La chaleur des rayons de soleil nous incita \u00e0 nous payer la relativement ch\u00e8re noix de coco (le Br\u00e9sil touristique n&rsquo;est vraiment pas tr\u00e8s \u00e9conomique) pour en savourer l&rsquo;eau tout en d\u00e9couvrant les paysages pittoresques que nous \u00e9tions venues admirer, et nous avons m\u00eame eu droit \u00e0 quelques singes se d\u00e9pla\u00e7ant\u00a0sur les branches des arbres, dont une maman et son petit. Difficile d&rsquo;en dire beaucoup plus sur la beaut\u00e9 des lieux \u00e0 part en vous incitant \u00e0 observer les photos\u00a0et films&#8230;<\/p>\n<div class=\"jetpack-video-wrapper\"><span class=\"embed-youtube\" style=\"text-align:center; display: block;\"><iframe loading=\"lazy\" class=\"youtube-player\" width=\"1000\" height=\"563\" src=\"https:\/\/www.youtube.com\/embed\/o0hI9RkmlhA?version=3&#038;rel=1&#038;showsearch=0&#038;showinfo=1&#038;iv_load_policy=1&#038;fs=1&#038;hl=fr-FR&#038;autohide=2&#038;wmode=transparent\" allowfullscreen=\"true\" style=\"border:0;\" sandbox=\"allow-scripts allow-same-origin allow-popups allow-presentation allow-popups-to-escape-sandbox\"><\/iframe><\/span><\/div>\n<p style=\"text-align: justify;\"><a href=\"https:\/\/i0.wp.com\/www.spang.ch\/aude\/wp-content\/uploads\/2017\/05\/IMG_7080.jpg\"><img loading=\"lazy\" decoding=\"async\" data-attachment-id=\"947\" data-permalink=\"http:\/\/www.spang.ch\/aude\/fr\/2017\/05\/argentina-brazil-emma-a-celebration-of-everything-end-12\/img_7080\/\" data-orig-file=\"https:\/\/i0.wp.com\/www.spang.ch\/aude\/wp-content\/uploads\/2017\/05\/IMG_7080.jpg?fit=5184%2C3456\" data-orig-size=\"5184,3456\" data-comments-opened=\"1\" data-image-meta=\"{&quot;aperture&quot;:&quot;0&quot;,&quot;credit&quot;:&quot;&quot;,&quot;camera&quot;:&quot;&quot;,&quot;caption&quot;:&quot;&quot;,&quot;created_timestamp&quot;:&quot;0&quot;,&quot;copyright&quot;:&quot;&quot;,&quot;focal_length&quot;:&quot;0&quot;,&quot;iso&quot;:&quot;0&quot;,&quot;shutter_speed&quot;:&quot;0&quot;,&quot;title&quot;:&quot;&quot;,&quot;orientation&quot;:&quot;0&quot;}\" data-image-title=\"IMG_7080\" data-image-description=\"\" data-image-caption=\"&lt;p&gt;Iguazu Falls&lt;\/p&gt;\n\" data-medium-file=\"https:\/\/i0.wp.com\/www.spang.ch\/aude\/wp-content\/uploads\/2017\/05\/IMG_7080.jpg?fit=300%2C200\" data-large-file=\"https:\/\/i0.wp.com\/www.spang.ch\/aude\/wp-content\/uploads\/2017\/05\/IMG_7080.jpg?fit=1000%2C667\" tabindex=\"0\" role=\"button\" class=\"aligncenter size-large wp-image-947\" src=\"https:\/\/i0.wp.com\/www.spang.ch\/aude\/wp-content\/uploads\/2017\/05\/IMG_7080.jpg?resize=1000%2C667\" alt=\"\" width=\"1000\" height=\"667\" srcset=\"https:\/\/i0.wp.com\/www.spang.ch\/aude\/wp-content\/uploads\/2017\/05\/IMG_7080.jpg?resize=1024%2C683 1024w, https:\/\/i0.wp.com\/www.spang.ch\/aude\/wp-content\/uploads\/2017\/05\/IMG_7080.jpg?resize=300%2C200 300w, https:\/\/i0.wp.com\/www.spang.ch\/aude\/wp-content\/uploads\/2017\/05\/IMG_7080.jpg?resize=768%2C512 768w, https:\/\/i0.wp.com\/www.spang.ch\/aude\/wp-content\/uploads\/2017\/05\/IMG_7080.jpg?resize=960%2C640 960w, https:\/\/i0.wp.com\/www.spang.ch\/aude\/wp-content\/uploads\/2017\/05\/IMG_7080.jpg?resize=450%2C300 450w, https:\/\/i0.wp.com\/www.spang.ch\/aude\/wp-content\/uploads\/2017\/05\/IMG_7080.jpg?w=2000 2000w, https:\/\/i0.wp.com\/www.spang.ch\/aude\/wp-content\/uploads\/2017\/05\/IMG_7080.jpg?w=3000 3000w\" sizes=\"(max-width: 1000px) 100vw, 1000px\" data-recalc-dims=\"1\" \/><\/a><\/p>\n<p style=\"text-align: justify;\">L&rsquo;un de nos objectifs du jour, souhaitant profiter de la lumi\u00e8re du soleil qui manquait la veille, \u00e9tait d&rsquo;observer l&rsquo;un des arcs-en-ciel constants, typiques des chutes d&rsquo;Igua\u00e7u. Et non seulement nous avons pu en trouver un, mais nous avons m\u00eame d\u00e9couvert que, sous les bonnes conditions d&rsquo;humidit\u00e9 et de lumi\u00e8re, un arc-en-ciel peut d\u00e9crire un cercle entier! (cela devient donc un \u00a0genre de \u00ab\u00a0cercle-en-ciel\u00a0\u00bb) Tr\u00e8s, tr\u00e8s fou \u00e0 voir, comme \u00e7a, en direct et de nos propres yeux! Cela signifie aussi que nous n&rsquo;avons \u00e9videmment pas \u00e9vit\u00e9 la douche totale, mais on ne cherchait bien s\u00fbr pas vraiment \u00e0 \u00eatre \u00e9pargn\u00e9es non plus&#8230; et puis ce serait impossible! Prendre le petit chemin de bois menant au pied de telles chutes d&rsquo;eau (ou, la veille, juste au sommet d&rsquo;o\u00f9 la cascade part) que l&rsquo;une d&rsquo;elles s&rsquo;appelle la <em>Garganta\u00a0del Diablo<\/em> (Gorge du Diable), signifie avoir accept\u00e9 un humide destin. Une journ\u00e9e color\u00e9e du vert de la v\u00e9g\u00e9tation explosant de toutes parts, du bleu des rivi\u00e8res, du blanc des cascades, et de nos sourires enchant\u00e9s.<\/p>\n<figure id=\"attachment_948\" aria-describedby=\"caption-attachment-948\" style=\"width: 1000px\" class=\"wp-caption aligncenter\"><a href=\"https:\/\/i0.wp.com\/www.spang.ch\/aude\/wp-content\/uploads\/2017\/05\/IMG_7094.jpg\"><img loading=\"lazy\" decoding=\"async\" data-attachment-id=\"948\" data-permalink=\"http:\/\/www.spang.ch\/aude\/fr\/2017\/05\/argentina-brazil-emma-a-celebration-of-everything-end-12\/img_7094\/\" data-orig-file=\"https:\/\/i0.wp.com\/www.spang.ch\/aude\/wp-content\/uploads\/2017\/05\/IMG_7094.jpg?fit=5184%2C3456\" data-orig-size=\"5184,3456\" data-comments-opened=\"1\" data-image-meta=\"{&quot;aperture&quot;:&quot;0&quot;,&quot;credit&quot;:&quot;&quot;,&quot;camera&quot;:&quot;&quot;,&quot;caption&quot;:&quot;&quot;,&quot;created_timestamp&quot;:&quot;0&quot;,&quot;copyright&quot;:&quot;&quot;,&quot;focal_length&quot;:&quot;0&quot;,&quot;iso&quot;:&quot;0&quot;,&quot;shutter_speed&quot;:&quot;0&quot;,&quot;title&quot;:&quot;&quot;,&quot;orientation&quot;:&quot;0&quot;}\" data-image-title=\"IMG_7094\" data-image-description=\"\" data-image-caption=\"&lt;p&gt;Iguazu Falls&lt;\/p&gt;\n\" data-medium-file=\"https:\/\/i0.wp.com\/www.spang.ch\/aude\/wp-content\/uploads\/2017\/05\/IMG_7094.jpg?fit=300%2C200\" data-large-file=\"https:\/\/i0.wp.com\/www.spang.ch\/aude\/wp-content\/uploads\/2017\/05\/IMG_7094.jpg?fit=1000%2C667\" tabindex=\"0\" role=\"button\" class=\"size-large wp-image-948\" src=\"https:\/\/i0.wp.com\/www.spang.ch\/aude\/wp-content\/uploads\/2017\/05\/IMG_7094.jpg?resize=1000%2C667\" alt=\"\" width=\"1000\" height=\"667\" srcset=\"https:\/\/i0.wp.com\/www.spang.ch\/aude\/wp-content\/uploads\/2017\/05\/IMG_7094.jpg?resize=1024%2C683 1024w, https:\/\/i0.wp.com\/www.spang.ch\/aude\/wp-content\/uploads\/2017\/05\/IMG_7094.jpg?resize=300%2C200 300w, https:\/\/i0.wp.com\/www.spang.ch\/aude\/wp-content\/uploads\/2017\/05\/IMG_7094.jpg?resize=768%2C512 768w, https:\/\/i0.wp.com\/www.spang.ch\/aude\/wp-content\/uploads\/2017\/05\/IMG_7094.jpg?resize=960%2C640 960w, https:\/\/i0.wp.com\/www.spang.ch\/aude\/wp-content\/uploads\/2017\/05\/IMG_7094.jpg?resize=450%2C300 450w, https:\/\/i0.wp.com\/www.spang.ch\/aude\/wp-content\/uploads\/2017\/05\/IMG_7094.jpg?w=2000 2000w, https:\/\/i0.wp.com\/www.spang.ch\/aude\/wp-content\/uploads\/2017\/05\/IMG_7094.jpg?w=3000 3000w\" sizes=\"(max-width: 1000px) 100vw, 1000px\" data-recalc-dims=\"1\" \/><\/a><figcaption id=\"caption-attachment-948\" class=\"wp-caption-text\">Chutes d&rsquo;Iguazu<\/figcaption><\/figure>\n<figure id=\"attachment_1002\" aria-describedby=\"caption-attachment-1002\" style=\"width: 1000px\" class=\"wp-caption aligncenter\"><a href=\"https:\/\/i0.wp.com\/www.spang.ch\/aude\/wp-content\/uploads\/2017\/05\/GOPR5980.jpg\"><img loading=\"lazy\" decoding=\"async\" data-attachment-id=\"1002\" data-permalink=\"http:\/\/www.spang.ch\/aude\/fr\/2017\/05\/argentina-brazil-emma-a-celebration-of-everything-end-12\/gopr5980\/\" data-orig-file=\"https:\/\/i0.wp.com\/www.spang.ch\/aude\/wp-content\/uploads\/2017\/05\/GOPR5980.jpg?fit=3680%2C2760\" data-orig-size=\"3680,2760\" data-comments-opened=\"1\" data-image-meta=\"{&quot;aperture&quot;:&quot;0&quot;,&quot;credit&quot;:&quot;&quot;,&quot;camera&quot;:&quot;&quot;,&quot;caption&quot;:&quot;&quot;,&quot;created_timestamp&quot;:&quot;0&quot;,&quot;copyright&quot;:&quot;&quot;,&quot;focal_length&quot;:&quot;0&quot;,&quot;iso&quot;:&quot;0&quot;,&quot;shutter_speed&quot;:&quot;0&quot;,&quot;title&quot;:&quot;&quot;,&quot;orientation&quot;:&quot;0&quot;}\" data-image-title=\"GOPR5980\" data-image-description=\"\" data-image-caption=\"&lt;p&gt;Mauvaise photo d&amp;rsquo;un presque cercle-en-ciel&lt;\/p&gt;\n\" data-medium-file=\"https:\/\/i0.wp.com\/www.spang.ch\/aude\/wp-content\/uploads\/2017\/05\/GOPR5980.jpg?fit=300%2C225\" data-large-file=\"https:\/\/i0.wp.com\/www.spang.ch\/aude\/wp-content\/uploads\/2017\/05\/GOPR5980.jpg?fit=1000%2C750\" tabindex=\"0\" role=\"button\" class=\"size-large wp-image-1002\" src=\"https:\/\/i0.wp.com\/www.spang.ch\/aude\/wp-content\/uploads\/2017\/05\/GOPR5980.jpg?resize=1000%2C750\" alt=\"\" width=\"1000\" height=\"750\" srcset=\"https:\/\/i0.wp.com\/www.spang.ch\/aude\/wp-content\/uploads\/2017\/05\/GOPR5980.jpg?resize=1024%2C768 1024w, https:\/\/i0.wp.com\/www.spang.ch\/aude\/wp-content\/uploads\/2017\/05\/GOPR5980.jpg?resize=300%2C225 300w, https:\/\/i0.wp.com\/www.spang.ch\/aude\/wp-content\/uploads\/2017\/05\/GOPR5980.jpg?resize=768%2C576 768w, https:\/\/i0.wp.com\/www.spang.ch\/aude\/wp-content\/uploads\/2017\/05\/GOPR5980.jpg?resize=400%2C300 400w, https:\/\/i0.wp.com\/www.spang.ch\/aude\/wp-content\/uploads\/2017\/05\/GOPR5980.jpg?w=2000 2000w, https:\/\/i0.wp.com\/www.spang.ch\/aude\/wp-content\/uploads\/2017\/05\/GOPR5980.jpg?w=3000 3000w\" sizes=\"(max-width: 1000px) 100vw, 1000px\" data-recalc-dims=\"1\" \/><\/a><figcaption id=\"caption-attachment-1002\" class=\"wp-caption-text\">Mauvaise photo d&rsquo;un presque cercle-en-ciel<\/figcaption><\/figure>\n<div class=\"jetpack-video-wrapper\"><span class=\"embed-youtube\" style=\"text-align:center; display: block;\"><iframe loading=\"lazy\" class=\"youtube-player\" width=\"1000\" height=\"563\" src=\"https:\/\/www.youtube.com\/embed\/eBNFjEekVec?version=3&#038;rel=1&#038;showsearch=0&#038;showinfo=1&#038;iv_load_policy=1&#038;fs=1&#038;hl=fr-FR&#038;autohide=2&#038;wmode=transparent\" allowfullscreen=\"true\" style=\"border:0;\" sandbox=\"allow-scripts allow-same-origin allow-popups allow-presentation allow-popups-to-escape-sandbox\"><\/iframe><\/span><\/div>\n<figure id=\"attachment_949\" aria-describedby=\"caption-attachment-949\" style=\"width: 1000px\" class=\"wp-caption aligncenter\"><a href=\"https:\/\/i0.wp.com\/www.spang.ch\/aude\/wp-content\/uploads\/2017\/05\/IMG_7141.jpg\"><img loading=\"lazy\" decoding=\"async\" data-attachment-id=\"949\" data-permalink=\"http:\/\/www.spang.ch\/aude\/fr\/2017\/05\/argentina-brazil-emma-a-celebration-of-everything-end-12\/img_7141\/\" data-orig-file=\"https:\/\/i0.wp.com\/www.spang.ch\/aude\/wp-content\/uploads\/2017\/05\/IMG_7141.jpg?fit=5184%2C3456\" data-orig-size=\"5184,3456\" data-comments-opened=\"1\" data-image-meta=\"{&quot;aperture&quot;:&quot;0&quot;,&quot;credit&quot;:&quot;&quot;,&quot;camera&quot;:&quot;&quot;,&quot;caption&quot;:&quot;&quot;,&quot;created_timestamp&quot;:&quot;0&quot;,&quot;copyright&quot;:&quot;&quot;,&quot;focal_length&quot;:&quot;0&quot;,&quot;iso&quot;:&quot;0&quot;,&quot;shutter_speed&quot;:&quot;0&quot;,&quot;title&quot;:&quot;&quot;,&quot;orientation&quot;:&quot;0&quot;}\" data-image-title=\"IMG_7141\" data-image-description=\"\" data-image-caption=\"&lt;p&gt;Iguazu Falls&lt;\/p&gt;\n\" data-medium-file=\"https:\/\/i0.wp.com\/www.spang.ch\/aude\/wp-content\/uploads\/2017\/05\/IMG_7141.jpg?fit=300%2C200\" data-large-file=\"https:\/\/i0.wp.com\/www.spang.ch\/aude\/wp-content\/uploads\/2017\/05\/IMG_7141.jpg?fit=1000%2C667\" tabindex=\"0\" role=\"button\" class=\"wp-image-949 size-large\" src=\"https:\/\/i0.wp.com\/www.spang.ch\/aude\/wp-content\/uploads\/2017\/05\/IMG_7141.jpg?resize=1000%2C667\" alt=\"\" width=\"1000\" height=\"667\" srcset=\"https:\/\/i0.wp.com\/www.spang.ch\/aude\/wp-content\/uploads\/2017\/05\/IMG_7141.jpg?resize=1024%2C683 1024w, https:\/\/i0.wp.com\/www.spang.ch\/aude\/wp-content\/uploads\/2017\/05\/IMG_7141.jpg?resize=300%2C200 300w, https:\/\/i0.wp.com\/www.spang.ch\/aude\/wp-content\/uploads\/2017\/05\/IMG_7141.jpg?resize=768%2C512 768w, https:\/\/i0.wp.com\/www.spang.ch\/aude\/wp-content\/uploads\/2017\/05\/IMG_7141.jpg?resize=960%2C640 960w, https:\/\/i0.wp.com\/www.spang.ch\/aude\/wp-content\/uploads\/2017\/05\/IMG_7141.jpg?resize=450%2C300 450w, https:\/\/i0.wp.com\/www.spang.ch\/aude\/wp-content\/uploads\/2017\/05\/IMG_7141.jpg?w=2000 2000w, https:\/\/i0.wp.com\/www.spang.ch\/aude\/wp-content\/uploads\/2017\/05\/IMG_7141.jpg?w=3000 3000w\" sizes=\"(max-width: 1000px) 100vw, 1000px\" data-recalc-dims=\"1\" \/><\/a><figcaption id=\"caption-attachment-949\" class=\"wp-caption-text\">Chutes d&rsquo;Iguazu<\/figcaption><\/figure>\n<hr \/>\n<p style=\"text-align: justify;\">Apr\u00e8s Igua\u00e7u, de nouvelles nombreuses heures de bus nous amen\u00e8rent \u00e0 S\u00e3o Paulo! Sacr\u00e9 changement pour moi, apr\u00e8s des mois d&rsquo;espagnol \u00e0 me sentir un peu \u00ab\u00a0chez moi\u00a0\u00bb partout, parce que la communication \u00e9tait \u00e9vidente avec tout le monde, de soudain me sentir comme une \u00e9trang\u00e8re et une touriste, parce que je ne comprenais plus tout de ce qu&rsquo;on me disait (enfin, jusqu&rsquo;\u00e0 un certain point, oui, mais tout de m\u00eame). On a\u00a0laiss\u00e9 nos affaires \u00e0 la gare et pass\u00e9 une premi\u00e8re journ\u00e9e \u00e0 nous balader dans le centre, malheureusement pas tr\u00e8s rago\u00fbtant (assez vide de monde, \u00e0 part les clochards qui n&rsquo;inspiraient pas tant confiance). Ce qu&rsquo;on a imm\u00e9diatement ador\u00e9 furent \u00e9videmment les fruits tropicaux, bien plus communs\u00a0qu&rsquo;\u00e0 Buenos Aires. On a commenc\u00e9 notre journ\u00e9e par un jus de <em>maracuya<\/em> (fruit de la passion) et un de goyave, tout bonnement \u00e0 se damner!<\/p>\n<figure id=\"attachment_951\" aria-describedby=\"caption-attachment-951\" style=\"width: 1000px\" class=\"wp-caption aligncenter\"><a href=\"https:\/\/i0.wp.com\/www.spang.ch\/aude\/wp-content\/uploads\/2017\/05\/IMG_7289.jpg\"><img loading=\"lazy\" decoding=\"async\" data-attachment-id=\"951\" data-permalink=\"http:\/\/www.spang.ch\/aude\/fr\/2017\/05\/argentina-brazil-emma-a-celebration-of-everything-end-12\/img_7289\/\" data-orig-file=\"https:\/\/i0.wp.com\/www.spang.ch\/aude\/wp-content\/uploads\/2017\/05\/IMG_7289.jpg?fit=5184%2C3456\" data-orig-size=\"5184,3456\" data-comments-opened=\"1\" data-image-meta=\"{&quot;aperture&quot;:&quot;0&quot;,&quot;credit&quot;:&quot;&quot;,&quot;camera&quot;:&quot;&quot;,&quot;caption&quot;:&quot;&quot;,&quot;created_timestamp&quot;:&quot;0&quot;,&quot;copyright&quot;:&quot;&quot;,&quot;focal_length&quot;:&quot;0&quot;,&quot;iso&quot;:&quot;0&quot;,&quot;shutter_speed&quot;:&quot;0&quot;,&quot;title&quot;:&quot;&quot;,&quot;orientation&quot;:&quot;0&quot;}\" data-image-title=\"IMG_7289\" data-image-description=\"\" data-image-caption=\"&lt;p&gt;Emma!&lt;\/p&gt;\n\" data-medium-file=\"https:\/\/i0.wp.com\/www.spang.ch\/aude\/wp-content\/uploads\/2017\/05\/IMG_7289.jpg?fit=300%2C200\" data-large-file=\"https:\/\/i0.wp.com\/www.spang.ch\/aude\/wp-content\/uploads\/2017\/05\/IMG_7289.jpg?fit=1000%2C667\" tabindex=\"0\" role=\"button\" class=\"size-large wp-image-951\" src=\"https:\/\/i0.wp.com\/www.spang.ch\/aude\/wp-content\/uploads\/2017\/05\/IMG_7289.jpg?resize=1000%2C667\" alt=\"\" width=\"1000\" height=\"667\" srcset=\"https:\/\/i0.wp.com\/www.spang.ch\/aude\/wp-content\/uploads\/2017\/05\/IMG_7289.jpg?resize=1024%2C683 1024w, https:\/\/i0.wp.com\/www.spang.ch\/aude\/wp-content\/uploads\/2017\/05\/IMG_7289.jpg?resize=300%2C200 300w, https:\/\/i0.wp.com\/www.spang.ch\/aude\/wp-content\/uploads\/2017\/05\/IMG_7289.jpg?resize=768%2C512 768w, https:\/\/i0.wp.com\/www.spang.ch\/aude\/wp-content\/uploads\/2017\/05\/IMG_7289.jpg?resize=960%2C640 960w, https:\/\/i0.wp.com\/www.spang.ch\/aude\/wp-content\/uploads\/2017\/05\/IMG_7289.jpg?resize=450%2C300 450w, https:\/\/i0.wp.com\/www.spang.ch\/aude\/wp-content\/uploads\/2017\/05\/IMG_7289.jpg?w=2000 2000w, https:\/\/i0.wp.com\/www.spang.ch\/aude\/wp-content\/uploads\/2017\/05\/IMG_7289.jpg?w=3000 3000w\" sizes=\"(max-width: 1000px) 100vw, 1000px\" data-recalc-dims=\"1\" \/><\/a><figcaption id=\"caption-attachment-951\" class=\"wp-caption-text\">Emma!<\/figcaption><\/figure>\n<p style=\"text-align: justify;\">S\u00e3o Paulo donc, si peupl\u00e9e et riche (en comparaison avec le reste du pays) que presque tous les br\u00e9siliens que vous rencontrez hors de leur pays viennent de l\u00e0-bas. Comme Emma l&rsquo;a bien r\u00e9sum\u00e9 dans son carnet de voyage: \u00ab\u00a020mio d&rsquo;habitants [\u00e0 SP], 200mio dans tout le pays, 30mio de pr\u00e9servatifs gratuits distribu\u00e9s pour la saison de Carnaval\u00a0\u00bb. Les dimensions sont juste inimaginables, les r\u00e9alit\u00e9s sociales qui accompagnent le pays \u00e9galement. O\u00f9 l&rsquo;on vit dans le pays a une sacr\u00e9e influence sur ce qu&rsquo;on en pense, \u00e9videmment. Je ne peux pas vous faire de r\u00e9sum\u00e9 du Br\u00e9sil, parce que je n&rsquo;y ai simplement pas pass\u00e9 assez de temps, et qu&rsquo;il est tellement, tellement \u00e9norme! A lui seul, il regroupe plus d&rsquo;habitants que tous les pays du reste du continent, mis ensemble! Je pense que la m\u00eame conclusion s&rsquo;applique si on s&rsquo;int\u00e9resse au territoire en km\u00b2. En fait, l&rsquo;Am\u00e9rique du Sud, c&rsquo;est le Br\u00e9sil. C&rsquo;est d&rsquo;ailleurs comme \u00e7a que beaucoup de br\u00e9siliens le vivent. Pourquoi apprendre une autre langue quand tu peux communiquer avec 200mio de personnes? Je reprends les mots d&rsquo;un ami, loin de moi l&rsquo;id\u00e9e de caricaturer les br\u00e9siliens. C&rsquo;est plut\u00f4t une conclusion logique, qui d&rsquo;ailleurs est souvent reproduite par ceux qui vivent une sorte d&rsquo;h\u00e9g\u00e9monie linguistique: l&rsquo;une des complaintes que j&rsquo;ai le plus souvent entendues de la part tant des anglophones que des hispanophones est \u00ab\u00a0mais pourquoi n&rsquo;apprend-on pas (\/pas bien) d&rsquo;autre langue chez moi? je me sens stupide&#8230;\u00a0\u00bb. Alors qu&rsquo;en fait il est assez logique qu&rsquo;ils n&rsquo;en apprennent pas ou que peu, ainsi\u00a0qu&rsquo;il est logique, g\u00e9opolitiquement, que les europ\u00e9ens en apprennent une ou plusieurs, m\u00eame s&rsquo;ils ont l&rsquo;impression de mal faire le travail eux aussi.<\/p>\n<figure id=\"attachment_953\" aria-describedby=\"caption-attachment-953\" style=\"width: 1000px\" class=\"wp-caption aligncenter\"><a href=\"https:\/\/i0.wp.com\/www.spang.ch\/aude\/wp-content\/uploads\/2017\/05\/IMG_7326.jpg\"><img loading=\"lazy\" decoding=\"async\" data-attachment-id=\"953\" data-permalink=\"http:\/\/www.spang.ch\/aude\/fr\/2017\/05\/argentina-brazil-emma-a-celebration-of-everything-end-12\/img_7326\/\" data-orig-file=\"https:\/\/i0.wp.com\/www.spang.ch\/aude\/wp-content\/uploads\/2017\/05\/IMG_7326.jpg?fit=5184%2C3456\" data-orig-size=\"5184,3456\" data-comments-opened=\"1\" data-image-meta=\"{&quot;aperture&quot;:&quot;0&quot;,&quot;credit&quot;:&quot;&quot;,&quot;camera&quot;:&quot;&quot;,&quot;caption&quot;:&quot;&quot;,&quot;created_timestamp&quot;:&quot;0&quot;,&quot;copyright&quot;:&quot;&quot;,&quot;focal_length&quot;:&quot;0&quot;,&quot;iso&quot;:&quot;0&quot;,&quot;shutter_speed&quot;:&quot;0&quot;,&quot;title&quot;:&quot;&quot;,&quot;orientation&quot;:&quot;0&quot;}\" data-image-title=\"IMG_7326\" data-image-description=\"\" data-image-caption=\"&lt;p&gt;Sa\u00f5 Paulo&lt;\/p&gt;\n\" data-medium-file=\"https:\/\/i0.wp.com\/www.spang.ch\/aude\/wp-content\/uploads\/2017\/05\/IMG_7326.jpg?fit=300%2C200\" data-large-file=\"https:\/\/i0.wp.com\/www.spang.ch\/aude\/wp-content\/uploads\/2017\/05\/IMG_7326.jpg?fit=1000%2C667\" tabindex=\"0\" role=\"button\" class=\"wp-image-953 size-large\" src=\"https:\/\/i0.wp.com\/www.spang.ch\/aude\/wp-content\/uploads\/2017\/05\/IMG_7326.jpg?resize=1000%2C667\" alt=\"\" width=\"1000\" height=\"667\" srcset=\"https:\/\/i0.wp.com\/www.spang.ch\/aude\/wp-content\/uploads\/2017\/05\/IMG_7326.jpg?resize=1024%2C683 1024w, https:\/\/i0.wp.com\/www.spang.ch\/aude\/wp-content\/uploads\/2017\/05\/IMG_7326.jpg?resize=300%2C200 300w, https:\/\/i0.wp.com\/www.spang.ch\/aude\/wp-content\/uploads\/2017\/05\/IMG_7326.jpg?resize=768%2C512 768w, https:\/\/i0.wp.com\/www.spang.ch\/aude\/wp-content\/uploads\/2017\/05\/IMG_7326.jpg?resize=960%2C640 960w, https:\/\/i0.wp.com\/www.spang.ch\/aude\/wp-content\/uploads\/2017\/05\/IMG_7326.jpg?resize=450%2C300 450w, https:\/\/i0.wp.com\/www.spang.ch\/aude\/wp-content\/uploads\/2017\/05\/IMG_7326.jpg?w=2000 2000w, https:\/\/i0.wp.com\/www.spang.ch\/aude\/wp-content\/uploads\/2017\/05\/IMG_7326.jpg?w=3000 3000w\" sizes=\"(max-width: 1000px) 100vw, 1000px\" data-recalc-dims=\"1\" \/><\/a><figcaption id=\"caption-attachment-953\" class=\"wp-caption-text\">Sa\u00f5 Paulo<\/figcaption><\/figure>\n<p style=\"text-align: justify;\">Le Br\u00e9sil, c&rsquo;est grand, et c&rsquo;est extr\u00eamement vari\u00e9. Si je vous faisais des discours sur les colombiens et les argentins, c&rsquo;est juste parce que je n&rsquo;avais pas encore \u00e9t\u00e9 au Br\u00e9sil. L\u00e0-bas, et notamment \u00e0 S\u00e3o Paulo ou Rio, la vari\u00e9t\u00e9 est telle que l&rsquo;on peut \u00eatre noir, m\u00e9tisse, jaune, blanc et roux, avoir les yeux bleus ou brid\u00e9s, et \u00eatre purement br\u00e9silien. Le Br\u00e9sil est un concentr\u00e9 de toute l&rsquo;histoire et des exp\u00e9riences de l&rsquo;Am\u00e9rique du Sud. Les indig\u00e8nes d&rsquo;Amazonie. Les colonies d&rsquo;esclaves et la chaleur de leurs danses. Le christianisme m\u00eal\u00e9 aux rites locaux. L&rsquo;exploitation mini\u00e8re. L&rsquo;immigration, notamment europ\u00e9enne et japonaise (S\u00e3o Paulo est la ville avec la plus grande diaspora japonaise au monde!). Et tous, tous ces millions de personnes parlent portugais. Je ne m&rsquo;en \u00e9tais jamais rendu compte \u00e0 ce point, pour moi le portugais avait toujours \u00e9t\u00e9, avant tout, la langue du Portugal et que l&rsquo;on \u00ab\u00a0parle aussi dans les anciennes colonies\u00a0\u00bb.<\/p>\n<figure id=\"attachment_954\" aria-describedby=\"caption-attachment-954\" style=\"width: 1000px\" class=\"wp-caption aligncenter\"><a href=\"https:\/\/i0.wp.com\/www.spang.ch\/aude\/wp-content\/uploads\/2017\/05\/IMG_7366.jpg\"><img loading=\"lazy\" decoding=\"async\" data-attachment-id=\"954\" data-permalink=\"http:\/\/www.spang.ch\/aude\/fr\/2017\/05\/argentina-brazil-emma-a-celebration-of-everything-end-12\/img_7366\/\" data-orig-file=\"https:\/\/i0.wp.com\/www.spang.ch\/aude\/wp-content\/uploads\/2017\/05\/IMG_7366.jpg?fit=5184%2C3456\" data-orig-size=\"5184,3456\" data-comments-opened=\"1\" data-image-meta=\"{&quot;aperture&quot;:&quot;0&quot;,&quot;credit&quot;:&quot;&quot;,&quot;camera&quot;:&quot;&quot;,&quot;caption&quot;:&quot;&quot;,&quot;created_timestamp&quot;:&quot;0&quot;,&quot;copyright&quot;:&quot;&quot;,&quot;focal_length&quot;:&quot;0&quot;,&quot;iso&quot;:&quot;0&quot;,&quot;shutter_speed&quot;:&quot;0&quot;,&quot;title&quot;:&quot;&quot;,&quot;orientation&quot;:&quot;0&quot;}\" data-image-title=\"IMG_7366\" data-image-description=\"\" data-image-caption=\"&lt;p&gt;Sa\u00f5 Paulo&lt;\/p&gt;\n\" data-medium-file=\"https:\/\/i0.wp.com\/www.spang.ch\/aude\/wp-content\/uploads\/2017\/05\/IMG_7366.jpg?fit=300%2C200\" data-large-file=\"https:\/\/i0.wp.com\/www.spang.ch\/aude\/wp-content\/uploads\/2017\/05\/IMG_7366.jpg?fit=1000%2C667\" tabindex=\"0\" role=\"button\" class=\"wp-image-954 size-large\" src=\"https:\/\/i0.wp.com\/www.spang.ch\/aude\/wp-content\/uploads\/2017\/05\/IMG_7366.jpg?resize=1000%2C667\" alt=\"\" width=\"1000\" height=\"667\" srcset=\"https:\/\/i0.wp.com\/www.spang.ch\/aude\/wp-content\/uploads\/2017\/05\/IMG_7366.jpg?resize=1024%2C683 1024w, https:\/\/i0.wp.com\/www.spang.ch\/aude\/wp-content\/uploads\/2017\/05\/IMG_7366.jpg?resize=300%2C200 300w, https:\/\/i0.wp.com\/www.spang.ch\/aude\/wp-content\/uploads\/2017\/05\/IMG_7366.jpg?resize=768%2C512 768w, https:\/\/i0.wp.com\/www.spang.ch\/aude\/wp-content\/uploads\/2017\/05\/IMG_7366.jpg?resize=960%2C640 960w, https:\/\/i0.wp.com\/www.spang.ch\/aude\/wp-content\/uploads\/2017\/05\/IMG_7366.jpg?resize=450%2C300 450w, https:\/\/i0.wp.com\/www.spang.ch\/aude\/wp-content\/uploads\/2017\/05\/IMG_7366.jpg?w=2000 2000w, https:\/\/i0.wp.com\/www.spang.ch\/aude\/wp-content\/uploads\/2017\/05\/IMG_7366.jpg?w=3000 3000w\" sizes=\"(max-width: 1000px) 100vw, 1000px\" data-recalc-dims=\"1\" \/><\/a><figcaption id=\"caption-attachment-954\" class=\"wp-caption-text\">Sa\u00f5 Paulo<\/figcaption><\/figure>\n<p style=\"text-align: justify;\">Mais regarder une carte et se rendre compte de l&rsquo;immensit\u00e9, de l&rsquo;ampleur du Br\u00e9sil, redonne un sens des proportions et des r\u00e9alit\u00e9s linguistiques. Et, encore une fois, nous fait penser \u00e0 l&rsquo;impact de la colonisation sur le continent (et du monde, bien s\u00fbr, mais surtout du continent). Que serait l&rsquo;Am\u00e9rique du Sud si elle n&rsquo;avait \u00e9t\u00e9 envahie? Question vaine, \u00e9videmment, les implications \u00e9tant bien trop nombreuses et complexes pour pouvoir se lancer dans des r\u00e9flexions hypoth\u00e9tiques. Mais la destruction de l&rsquo;environnement, la corruption des politiques, la discrimination des populations indig\u00e8nes&#8230; \u00e9taient-ils in\u00e9vitables, sont-ils la conclusion \u00e9vidente d&rsquo;une globalisation du monde et du capitalisme, quel qu&rsquo;e\u00fbt \u00e9t\u00e9 le destin de l&rsquo;Europe? Je trouvais ces questions parfois d\u00e9sesp\u00e9rantes, imaginant \u00e0 quel point nous sommes pris dans des pi\u00e8ges syst\u00e9miques et la responsabilit\u00e9 des peuples europ\u00e9ens pour\u00a0toutes les souffrances qu&rsquo;ont v\u00e9cu les peuples d&rsquo;autres contr\u00e9es &#8211; \u00e0 qui je trouve bien facile de dire qu&rsquo;ils devraient se prendre en main, apr\u00e8s avoir saccag\u00e9 leurs pays et pill\u00e9 leurs ressources, dont on continue d&rsquo;ailleurs \u00e0 profiter. Mais je m&rsquo;\u00e9gare.<\/p>\n<figure id=\"attachment_950\" aria-describedby=\"caption-attachment-950\" style=\"width: 1000px\" class=\"wp-caption aligncenter\"><a href=\"https:\/\/i0.wp.com\/www.spang.ch\/aude\/wp-content\/uploads\/2017\/05\/IMG_7259.jpg\"><img loading=\"lazy\" decoding=\"async\" data-attachment-id=\"950\" data-permalink=\"http:\/\/www.spang.ch\/aude\/fr\/2017\/05\/argentina-brazil-emma-a-celebration-of-everything-end-12\/img_7259\/\" data-orig-file=\"https:\/\/i0.wp.com\/www.spang.ch\/aude\/wp-content\/uploads\/2017\/05\/IMG_7259.jpg?fit=5184%2C3456\" data-orig-size=\"5184,3456\" data-comments-opened=\"1\" data-image-meta=\"{&quot;aperture&quot;:&quot;0&quot;,&quot;credit&quot;:&quot;&quot;,&quot;camera&quot;:&quot;&quot;,&quot;caption&quot;:&quot;&quot;,&quot;created_timestamp&quot;:&quot;0&quot;,&quot;copyright&quot;:&quot;&quot;,&quot;focal_length&quot;:&quot;0&quot;,&quot;iso&quot;:&quot;0&quot;,&quot;shutter_speed&quot;:&quot;0&quot;,&quot;title&quot;:&quot;&quot;,&quot;orientation&quot;:&quot;0&quot;}\" data-image-title=\"IMG_7259\" data-image-description=\"\" data-image-caption=\"&lt;p&gt;Adriano, Emma and me&lt;\/p&gt;\n\" data-medium-file=\"https:\/\/i0.wp.com\/www.spang.ch\/aude\/wp-content\/uploads\/2017\/05\/IMG_7259.jpg?fit=300%2C200\" data-large-file=\"https:\/\/i0.wp.com\/www.spang.ch\/aude\/wp-content\/uploads\/2017\/05\/IMG_7259.jpg?fit=1000%2C667\" tabindex=\"0\" role=\"button\" class=\"size-large wp-image-950\" src=\"https:\/\/i0.wp.com\/www.spang.ch\/aude\/wp-content\/uploads\/2017\/05\/IMG_7259.jpg?resize=1000%2C667\" alt=\"\" width=\"1000\" height=\"667\" srcset=\"https:\/\/i0.wp.com\/www.spang.ch\/aude\/wp-content\/uploads\/2017\/05\/IMG_7259.jpg?resize=1024%2C683 1024w, https:\/\/i0.wp.com\/www.spang.ch\/aude\/wp-content\/uploads\/2017\/05\/IMG_7259.jpg?resize=300%2C200 300w, https:\/\/i0.wp.com\/www.spang.ch\/aude\/wp-content\/uploads\/2017\/05\/IMG_7259.jpg?resize=768%2C512 768w, https:\/\/i0.wp.com\/www.spang.ch\/aude\/wp-content\/uploads\/2017\/05\/IMG_7259.jpg?resize=960%2C640 960w, https:\/\/i0.wp.com\/www.spang.ch\/aude\/wp-content\/uploads\/2017\/05\/IMG_7259.jpg?resize=450%2C300 450w, https:\/\/i0.wp.com\/www.spang.ch\/aude\/wp-content\/uploads\/2017\/05\/IMG_7259.jpg?w=2000 2000w, https:\/\/i0.wp.com\/www.spang.ch\/aude\/wp-content\/uploads\/2017\/05\/IMG_7259.jpg?w=3000 3000w\" sizes=\"(max-width: 1000px) 100vw, 1000px\" data-recalc-dims=\"1\" \/><\/a><figcaption id=\"caption-attachment-950\" class=\"wp-caption-text\">Adriano, Emma et moi<\/figcaption><\/figure>\n<p style=\"text-align: justify;\">Avenida Paulista, une grande rue principale ferm\u00e9e les dimanches pour permettre aux Paulistas (les habitants de S\u00e3o Paulo) de p\u00e9daler, se balader et \u00e9couter des concerts improvis\u00e9s, serait l&rsquo;un de nos points de chutes dans la ville, o\u00f9 nous sommes retourn\u00e9es plusieurs fois. C&rsquo;est l\u00e0, notamment, qu&rsquo;apr\u00e8s un pique-nique dans un parc qui fut anciennement jardin botanique, au son d&rsquo;un concert de rock en plein apr\u00e8s-midi, et apr\u00e8s une in\u00e9vitable et succulente glace (de qualit\u00e9 absolument italienne!), nous avons retrouv\u00e9 Adriano, notre h\u00f4te de ces jours. J&rsquo;ai rencontr\u00e9 Adriano au Machu Picchu, lors du trek du Salkantay, et c&rsquo;\u00e9tait g\u00e9nial de le revoir, dans son \u00e9l\u00e9ment! Il nous a fait boire des <em>caipirinhas<\/em> (LE cocktail br\u00e9silien, qui se pr\u00e9pare avec un alcool local nomm\u00e9 cacha\u00e7a, des limes, des gla\u00e7ons, de la menthe et du sucre &#8211; ainsi qu&rsquo;un tas d&rsquo;autre fruits pour les variantes <em>caipifruta<\/em>), manger des <em>coxinhas<\/em>\u00a0<em>de frango<\/em> (beignet au poulet et \u00e0 la patate, en forme de goutte), des <em>a\u00e7ais<\/em> (une esp\u00e8ce de glace garnie apparemment non sucr\u00e9e, constitu\u00e9e de baies d&rsquo;a\u00e7a\u00ef et appr\u00e9ci\u00e9e pour sa vertu dynamisante), et quelques autres sp\u00e9cialit\u00e9s. Et, surtout, il nous a emmen\u00e9es c\u00e9l\u00e9brer Carnaval \u00e0 travers les rues de la ville, parce que \u00ab\u00a0c&rsquo;est comme \u00e7a que les vrais br\u00e9siliens f\u00eatent Carnaval, pas comme les riches et les touristes qui vont au d\u00e9fil\u00e9\u00a0\u00bb. Parce que oui, c&rsquo;\u00e9tait Carnaval lorsque nous sommes all\u00e9es au Br\u00e9sil&#8230; tout \u00e9tait calcul\u00e9 depuis longtemps!<\/p>\n<div class=\"jetpack-video-wrapper\"><span class=\"embed-youtube\" style=\"text-align:center; display: block;\"><iframe loading=\"lazy\" class=\"youtube-player\" width=\"1000\" height=\"563\" src=\"https:\/\/www.youtube.com\/embed\/aPcQ51XJoho?version=3&#038;rel=1&#038;showsearch=0&#038;showinfo=1&#038;iv_load_policy=1&#038;fs=1&#038;hl=fr-FR&#038;autohide=2&#038;wmode=transparent\" allowfullscreen=\"true\" style=\"border:0;\" sandbox=\"allow-scripts allow-same-origin allow-popups allow-presentation allow-popups-to-escape-sandbox\"><\/iframe><\/span><\/div>\n<p><small>(vid\u00e9o: Adriano qui dit en portugais \u00ab\u00a0nous sommes ici au Br\u00e9sil avec nos amies Emma et Aurora, et Emma va nous dire le plus long nom d&rsquo;endroit au monde, en gallois\u00a0\u00bb &#8230;et elle le fait)<\/small><\/p>\n<div class=\"jetpack-video-wrapper\"><span class=\"embed-youtube\" style=\"text-align:center; display: block;\"><iframe loading=\"lazy\" class=\"youtube-player\" width=\"1000\" height=\"563\" src=\"https:\/\/www.youtube.com\/embed\/iqdNdky9ojk?version=3&#038;rel=1&#038;showsearch=0&#038;showinfo=1&#038;iv_load_policy=1&#038;fs=1&#038;hl=fr-FR&#038;autohide=2&#038;wmode=transparent\" allowfullscreen=\"true\" style=\"border:0;\" sandbox=\"allow-scripts allow-same-origin allow-popups allow-presentation allow-popups-to-escape-sandbox\"><\/iframe><\/span><\/div>\n<p style=\"text-align: justify;\">Carnaval \u00e0 SP fut amusant, ultra-plein de monde (au point que parfois on ne pouvait pas avancer&#8230;), arros\u00e9 de caipirinhas &#8211; achet\u00e9es \u00e0 la carte de cr\u00e9dit aupr\u00e8s de gens les vendant au milieu de la rue et indiqu\u00e9 juste par un panneau et m\u00eame pas de stand -, color\u00e9 et plein de baisers vol\u00e9s que l&rsquo;atmosph\u00e8re d\u00e9lirante semble autoriser &#8211; je parle de ce que j&rsquo;ai observ\u00e9, pas v\u00e9cu, je pr\u00e9cise.\u00a0L&rsquo;ambiance est \u00e9lectrique, et la f\u00eate commence si t\u00f4t dans l&rsquo;apr\u00e8s-midi que vers minuit les gens\u00a0sont d\u00e9j\u00e0 morts et rentrent. Ce fut pour nous l&rsquo;occasion de l&rsquo;un des moments les plus br\u00e9siliens et dr\u00f4les de nos vacances: tout un groupe de paulistas d\u00e9cha\u00een\u00e9s dans le train de retour, musique \u00e0 fond, chantant et dansant et attirant chaque fois plus de monde, mais tout le monde qui se calmait et se taisait \u00e0 chaque arr\u00eat pour ne pas attirer l&rsquo;attention des surveillants qui sont dans les gares. On a dans\u00e9, chant\u00e9 et ri avec eux jusqu&rsquo;\u00e0 leur arr\u00eat, une f\u00eate improvis\u00e9e et de toute beaut\u00e9! Adriano dit des br\u00e9siliens qu&rsquo;ils aiment que l&rsquo;on ait d&rsquo;eux la vision de gens qui aiment faire la f\u00eate et sont toujours joyeux, m\u00eame s&rsquo;ils ne le sont clairement pas toujours. Quoi qu&rsquo;on pense de cette attitude, c&rsquo;est s\u00fbr que \u00e7a rend l&rsquo;ambiance joyeuse, et qu&rsquo;ainsi toutes les occasions sont bonnes pour faire la f\u00eate. Et, bon sang, ces gens ont la danse dans la peau, c&rsquo;est fou!<\/p>\n<div class=\"jetpack-video-wrapper\"><span class=\"embed-youtube\" style=\"text-align:center; display: block;\"><iframe loading=\"lazy\" class=\"youtube-player\" width=\"1000\" height=\"563\" src=\"https:\/\/www.youtube.com\/embed\/68URvI5BFAk?version=3&#038;rel=1&#038;showsearch=0&#038;showinfo=1&#038;iv_load_policy=1&#038;fs=1&#038;hl=fr-FR&#038;autohide=2&#038;wmode=transparent\" allowfullscreen=\"true\" style=\"border:0;\" sandbox=\"allow-scripts allow-same-origin allow-popups allow-presentation allow-popups-to-escape-sandbox\"><\/iframe><\/span><\/div>\n<p style=\"text-align: justify;\">Avec Adriano, nous avons plusieurs fois f\u00eat\u00e9 Carnaval \u00e0\u00a0diff\u00e9rents <em>bloquinhos*<\/em> \u00e0 travers\u00a0la ville, et nous sommes \u00e9galement all\u00e9s voir le district japonais ainsi que Villa Madalena, un quartier un peu bobo et plein de street art, dont le fameux ensemble de rues appel\u00e9 <em>Beco do Batman.<\/em>\u00a0On a aussi pu admirer de nombreuses oeuvres de Kobra (pr\u00e9nom Eduardo), un artiste n\u00e9 \u00e0 SP et connu dans le monde entier pour ses grandes peintures g\u00e9om\u00e9triques et color\u00e9es m\u00eal\u00e9es \u00e0 des visages expressifs en noir et blanc. J&rsquo;adore! Et j&rsquo;adore l&rsquo;air artistique et la culture vivante qui se respire\u00a0dans toute la ville, dont l&rsquo;Europe pourrait parfois s&rsquo;inspirer. Dans SP, nous avons \u00e9galement visit\u00e9 des march\u00e9s d&rsquo;artisanat et observ\u00e9 de talentueux danseurs de <em>capoiera<\/em>: une danse qui est n\u00e9e sous l&rsquo;interdiction de se battre qu&rsquo;avaient les esclaves, qui ont alors reproduit les mouvements du combat mais sans contact physique, au son d&rsquo;instruments traditionnels. Bref, on a eu un petit aper\u00e7u du Br\u00e9sil, et le regard d&rsquo;Adriano a \u00e9t\u00e9 bien utile pour mieux comprendre ce qu&rsquo;on voyait. Il fut un super h\u00f4te et ami durant ces quelques jours, vraiment g\u00e9nial!<\/p>\n<p style=\"text-align: justify;\"><small>*les <em>blocos<\/em> sont des rassemblements semi-spontan\u00e9s de personnes qui d\u00e9filent ensemble en musique pour Carnaval, parfois autour de chars<\/small><\/p>\n<figure id=\"attachment_952\" aria-describedby=\"caption-attachment-952\" style=\"width: 1000px\" class=\"wp-caption aligncenter\"><a href=\"https:\/\/i0.wp.com\/www.spang.ch\/aude\/wp-content\/uploads\/2017\/05\/IMG_7303.jpg\"><img loading=\"lazy\" decoding=\"async\" data-attachment-id=\"952\" data-permalink=\"http:\/\/www.spang.ch\/aude\/fr\/2017\/05\/argentina-brazil-emma-a-celebration-of-everything-end-12\/img_7303\/\" data-orig-file=\"https:\/\/i0.wp.com\/www.spang.ch\/aude\/wp-content\/uploads\/2017\/05\/IMG_7303.jpg?fit=5184%2C3456\" data-orig-size=\"5184,3456\" data-comments-opened=\"1\" data-image-meta=\"{&quot;aperture&quot;:&quot;0&quot;,&quot;credit&quot;:&quot;&quot;,&quot;camera&quot;:&quot;&quot;,&quot;caption&quot;:&quot;&quot;,&quot;created_timestamp&quot;:&quot;0&quot;,&quot;copyright&quot;:&quot;&quot;,&quot;focal_length&quot;:&quot;0&quot;,&quot;iso&quot;:&quot;0&quot;,&quot;shutter_speed&quot;:&quot;0&quot;,&quot;title&quot;:&quot;&quot;,&quot;orientation&quot;:&quot;0&quot;}\" data-image-title=\"IMG_7303\" data-image-description=\"\" data-image-caption=\"&lt;p&gt;Sa\u00f5 Paulo&lt;\/p&gt;\n\" data-medium-file=\"https:\/\/i0.wp.com\/www.spang.ch\/aude\/wp-content\/uploads\/2017\/05\/IMG_7303.jpg?fit=300%2C200\" data-large-file=\"https:\/\/i0.wp.com\/www.spang.ch\/aude\/wp-content\/uploads\/2017\/05\/IMG_7303.jpg?fit=1000%2C667\" tabindex=\"0\" role=\"button\" class=\"size-large wp-image-952\" src=\"https:\/\/i0.wp.com\/www.spang.ch\/aude\/wp-content\/uploads\/2017\/05\/IMG_7303.jpg?resize=1000%2C667\" alt=\"\" width=\"1000\" height=\"667\" srcset=\"https:\/\/i0.wp.com\/www.spang.ch\/aude\/wp-content\/uploads\/2017\/05\/IMG_7303.jpg?resize=1024%2C683 1024w, https:\/\/i0.wp.com\/www.spang.ch\/aude\/wp-content\/uploads\/2017\/05\/IMG_7303.jpg?resize=300%2C200 300w, https:\/\/i0.wp.com\/www.spang.ch\/aude\/wp-content\/uploads\/2017\/05\/IMG_7303.jpg?resize=768%2C512 768w, https:\/\/i0.wp.com\/www.spang.ch\/aude\/wp-content\/uploads\/2017\/05\/IMG_7303.jpg?resize=960%2C640 960w, https:\/\/i0.wp.com\/www.spang.ch\/aude\/wp-content\/uploads\/2017\/05\/IMG_7303.jpg?resize=450%2C300 450w, https:\/\/i0.wp.com\/www.spang.ch\/aude\/wp-content\/uploads\/2017\/05\/IMG_7303.jpg?w=2000 2000w, https:\/\/i0.wp.com\/www.spang.ch\/aude\/wp-content\/uploads\/2017\/05\/IMG_7303.jpg?w=3000 3000w\" sizes=\"(max-width: 1000px) 100vw, 1000px\" data-recalc-dims=\"1\" \/><\/a><figcaption id=\"caption-attachment-952\" class=\"wp-caption-text\">Sa\u00f5 Paulo: oeuvre de Kobra<\/figcaption><\/figure>\n<hr \/>\n<p style=\"text-align: justify;\">SP fut sympa, plus que je ne l&rsquo;aurais cru. Mais Rio, oh Rio&#8230; Rio fut\u00a0saisissante, et je fus l\u00e0 aussi un peu surprise, je ne m&rsquo;y attendais pas. Je commence avec une anecdote qui me fait beaucoup rire: encore un endroit mal nomm\u00e9 par les europ\u00e9ens, et que personne n&rsquo;a jamais song\u00e9 \u00e0 changer. <em>Rio de Janeiro<\/em> signifie en portugais \u00ab\u00a0la Rivi\u00e8re de Janvier\u00a0\u00bb et s&rsquo;appelle comme \u00e7a parce que le grand homme qui a d\u00e9couvert l&rsquo;endroit (un premier janvier&#8230;) pensait se trouver \u00e0 l&#8217;embouchure d&rsquo;un fleuve&#8230; qui \u00e9tait en fait une baie! Donc apr\u00e8s les \u00ab\u00a0cit\u00e9s perdues\u00a0\u00bb qui ne sont pas des cit\u00e9s (Colombie), les \u00ab\u00a0forteresses\u00a0\u00bb qui \u00e9taient en fait des cit\u00e9s sacr\u00e9es (P\u00e9rou) et quelques autres, je suis vraiment d&rsquo;avis que les anthropologues et d\u00e9couvreurs de l&rsquo;\u00e9poque auraient mieux fait de r\u00e9viser leurs copies&#8230; !<\/p>\n<figure id=\"attachment_956\" aria-describedby=\"caption-attachment-956\" style=\"width: 1000px\" class=\"wp-caption aligncenter\"><a href=\"https:\/\/i0.wp.com\/www.spang.ch\/aude\/wp-content\/uploads\/2017\/05\/IMG_7415.jpg\"><img loading=\"lazy\" decoding=\"async\" data-attachment-id=\"956\" data-permalink=\"http:\/\/www.spang.ch\/aude\/fr\/2017\/05\/argentina-brazil-emma-a-celebration-of-everything-end-12\/img_7415\/\" data-orig-file=\"https:\/\/i0.wp.com\/www.spang.ch\/aude\/wp-content\/uploads\/2017\/05\/IMG_7415.jpg?fit=5184%2C3456\" data-orig-size=\"5184,3456\" data-comments-opened=\"1\" data-image-meta=\"{&quot;aperture&quot;:&quot;0&quot;,&quot;credit&quot;:&quot;&quot;,&quot;camera&quot;:&quot;&quot;,&quot;caption&quot;:&quot;&quot;,&quot;created_timestamp&quot;:&quot;0&quot;,&quot;copyright&quot;:&quot;&quot;,&quot;focal_length&quot;:&quot;0&quot;,&quot;iso&quot;:&quot;0&quot;,&quot;shutter_speed&quot;:&quot;0&quot;,&quot;title&quot;:&quot;&quot;,&quot;orientation&quot;:&quot;0&quot;}\" data-image-title=\"IMG_7415\" data-image-description=\"\" data-image-caption=\"&lt;p&gt;Rio de Janeiro&lt;\/p&gt;\n\" data-medium-file=\"https:\/\/i0.wp.com\/www.spang.ch\/aude\/wp-content\/uploads\/2017\/05\/IMG_7415.jpg?fit=300%2C200\" data-large-file=\"https:\/\/i0.wp.com\/www.spang.ch\/aude\/wp-content\/uploads\/2017\/05\/IMG_7415.jpg?fit=1000%2C667\" tabindex=\"0\" role=\"button\" class=\"size-large wp-image-956\" src=\"https:\/\/i0.wp.com\/www.spang.ch\/aude\/wp-content\/uploads\/2017\/05\/IMG_7415.jpg?resize=1000%2C667\" alt=\"\" width=\"1000\" height=\"667\" srcset=\"https:\/\/i0.wp.com\/www.spang.ch\/aude\/wp-content\/uploads\/2017\/05\/IMG_7415.jpg?resize=1024%2C683 1024w, https:\/\/i0.wp.com\/www.spang.ch\/aude\/wp-content\/uploads\/2017\/05\/IMG_7415.jpg?resize=300%2C200 300w, https:\/\/i0.wp.com\/www.spang.ch\/aude\/wp-content\/uploads\/2017\/05\/IMG_7415.jpg?resize=768%2C512 768w, https:\/\/i0.wp.com\/www.spang.ch\/aude\/wp-content\/uploads\/2017\/05\/IMG_7415.jpg?resize=960%2C640 960w, https:\/\/i0.wp.com\/www.spang.ch\/aude\/wp-content\/uploads\/2017\/05\/IMG_7415.jpg?resize=450%2C300 450w, https:\/\/i0.wp.com\/www.spang.ch\/aude\/wp-content\/uploads\/2017\/05\/IMG_7415.jpg?w=2000 2000w, https:\/\/i0.wp.com\/www.spang.ch\/aude\/wp-content\/uploads\/2017\/05\/IMG_7415.jpg?w=3000 3000w\" sizes=\"(max-width: 1000px) 100vw, 1000px\" data-recalc-dims=\"1\" \/><\/a><figcaption id=\"caption-attachment-956\" class=\"wp-caption-text\">Rio de Janeiro<\/figcaption><\/figure>\n<figure id=\"attachment_960\" aria-describedby=\"caption-attachment-960\" style=\"width: 1000px\" class=\"wp-caption aligncenter\"><a href=\"https:\/\/i0.wp.com\/www.spang.ch\/aude\/wp-content\/uploads\/2017\/05\/IMG_7626.jpg\"><img loading=\"lazy\" decoding=\"async\" data-attachment-id=\"960\" data-permalink=\"http:\/\/www.spang.ch\/aude\/fr\/2017\/05\/argentina-brazil-emma-a-celebration-of-everything-end-12\/img_7626\/\" data-orig-file=\"https:\/\/i0.wp.com\/www.spang.ch\/aude\/wp-content\/uploads\/2017\/05\/IMG_7626.jpg?fit=5184%2C3456\" data-orig-size=\"5184,3456\" data-comments-opened=\"1\" data-image-meta=\"{&quot;aperture&quot;:&quot;0&quot;,&quot;credit&quot;:&quot;&quot;,&quot;camera&quot;:&quot;&quot;,&quot;caption&quot;:&quot;&quot;,&quot;created_timestamp&quot;:&quot;0&quot;,&quot;copyright&quot;:&quot;&quot;,&quot;focal_length&quot;:&quot;0&quot;,&quot;iso&quot;:&quot;0&quot;,&quot;shutter_speed&quot;:&quot;0&quot;,&quot;title&quot;:&quot;&quot;,&quot;orientation&quot;:&quot;0&quot;}\" data-image-title=\"IMG_7626\" data-image-description=\"\" data-image-caption=\"&lt;p&gt;Rio de Janeiro&lt;\/p&gt;\n\" data-medium-file=\"https:\/\/i0.wp.com\/www.spang.ch\/aude\/wp-content\/uploads\/2017\/05\/IMG_7626.jpg?fit=300%2C200\" data-large-file=\"https:\/\/i0.wp.com\/www.spang.ch\/aude\/wp-content\/uploads\/2017\/05\/IMG_7626.jpg?fit=1000%2C667\" tabindex=\"0\" role=\"button\" class=\"size-large wp-image-960\" src=\"https:\/\/i0.wp.com\/www.spang.ch\/aude\/wp-content\/uploads\/2017\/05\/IMG_7626.jpg?resize=1000%2C667\" alt=\"\" width=\"1000\" height=\"667\" srcset=\"https:\/\/i0.wp.com\/www.spang.ch\/aude\/wp-content\/uploads\/2017\/05\/IMG_7626.jpg?resize=1024%2C683 1024w, https:\/\/i0.wp.com\/www.spang.ch\/aude\/wp-content\/uploads\/2017\/05\/IMG_7626.jpg?resize=300%2C200 300w, https:\/\/i0.wp.com\/www.spang.ch\/aude\/wp-content\/uploads\/2017\/05\/IMG_7626.jpg?resize=768%2C512 768w, https:\/\/i0.wp.com\/www.spang.ch\/aude\/wp-content\/uploads\/2017\/05\/IMG_7626.jpg?resize=960%2C640 960w, https:\/\/i0.wp.com\/www.spang.ch\/aude\/wp-content\/uploads\/2017\/05\/IMG_7626.jpg?resize=450%2C300 450w, https:\/\/i0.wp.com\/www.spang.ch\/aude\/wp-content\/uploads\/2017\/05\/IMG_7626.jpg?w=2000 2000w, https:\/\/i0.wp.com\/www.spang.ch\/aude\/wp-content\/uploads\/2017\/05\/IMG_7626.jpg?w=3000 3000w\" sizes=\"(max-width: 1000px) 100vw, 1000px\" data-recalc-dims=\"1\" \/><\/a><figcaption id=\"caption-attachment-960\" class=\"wp-caption-text\">Rio de Janeiro<\/figcaption><\/figure>\n<p style=\"text-align: justify;\">Pourquoi Rio m&rsquo;a-t-elle plu? Honn\u00eatement, je n&rsquo;avais jamais \u00e9t\u00e9 particuli\u00e8rement attir\u00e9e, ni par le Br\u00e9sil, ni par Rio. Mais l\u00e0 o\u00f9 elle a su me charmer, c&rsquo;est qu&rsquo;elle a des atouts naturels dont je ne me suis pleinement rendu compte qu&rsquo;une fois avoir grimp\u00e9, parmi les mini singes, jusqu&rsquo;au sommet d&rsquo;un gros rocher (<em>P\u00e3o de A\u00e7ucar<\/em>, le \u00ab\u00a0Pain de Sucre\u00a0\u00bb) et l&rsquo;avoir observ\u00e9e de haut. Je dus l&rsquo;admettre, Rio est incroyable: c&rsquo;est une grande ville en bord de mer, au milieu des montagnes, et entour\u00e9es par la plus grande jungle urbaine au monde! La vue est simplement unique. Je ne suis normalement pas une grande fan des villes vues de haut, je trouve souvent les vues banales et tr\u00e8s semblables des unes aux autres une fois qu&rsquo;on a vu celles qui sont vraiment uniques. H\u00e9 bien Rio est unique, pour les caract\u00e9ristiques g\u00e9ographiques dont je vous ai parl\u00e9. Je veux dire, c&rsquo;est une ville o\u00f9 l&rsquo;on peut, \u00e0 la fin d&rsquo;une journ\u00e9e de travail, d\u00e9cider d&rsquo;aller piquer une t\u00eate dans les vagues! Vraiment g\u00e9nial&#8230;\u00a0Et on a non seulement vu le coucher de soleil sur la ville, mais \u00e9galement, avant la nuit totale, un spectacle de nuages en mouvement de toute splendeur. Merveilleux!<\/p>\n<figure id=\"attachment_974\" aria-describedby=\"caption-attachment-974\" style=\"width: 1011px\" class=\"wp-caption aligncenter\"><a href=\"https:\/\/i0.wp.com\/www.spang.ch\/aude\/wp-content\/uploads\/2017\/05\/Screen-Shot-2017-05-13-at-18.05.13.jpg\"><img loading=\"lazy\" decoding=\"async\" data-attachment-id=\"974\" data-permalink=\"http:\/\/www.spang.ch\/aude\/fr\/2017\/05\/argentina-brazil-emma-a-celebration-of-everything-end-12\/screen-shot-2017-05-13-at-18-05-13\/\" data-orig-file=\"https:\/\/i0.wp.com\/www.spang.ch\/aude\/wp-content\/uploads\/2017\/05\/Screen-Shot-2017-05-13-at-18.05.13.jpg?fit=1011%2C674\" data-orig-size=\"1011,674\" data-comments-opened=\"1\" data-image-meta=\"{&quot;aperture&quot;:&quot;0&quot;,&quot;credit&quot;:&quot;&quot;,&quot;camera&quot;:&quot;&quot;,&quot;caption&quot;:&quot;&quot;,&quot;created_timestamp&quot;:&quot;0&quot;,&quot;copyright&quot;:&quot;&quot;,&quot;focal_length&quot;:&quot;0&quot;,&quot;iso&quot;:&quot;0&quot;,&quot;shutter_speed&quot;:&quot;0&quot;,&quot;title&quot;:&quot;&quot;,&quot;orientation&quot;:&quot;0&quot;}\" data-image-title=\"Screen Shot 2017-05-13 at 18.05.13\" data-image-description=\"\" data-image-caption=\"&lt;p&gt;Rio de Janeiro&lt;\/p&gt;\n\" data-medium-file=\"https:\/\/i0.wp.com\/www.spang.ch\/aude\/wp-content\/uploads\/2017\/05\/Screen-Shot-2017-05-13-at-18.05.13.jpg?fit=300%2C200\" data-large-file=\"https:\/\/i0.wp.com\/www.spang.ch\/aude\/wp-content\/uploads\/2017\/05\/Screen-Shot-2017-05-13-at-18.05.13.jpg?fit=1000%2C667\" tabindex=\"0\" role=\"button\" class=\"size-full wp-image-974\" src=\"https:\/\/i0.wp.com\/www.spang.ch\/aude\/wp-content\/uploads\/2017\/05\/Screen-Shot-2017-05-13-at-18.05.13.jpg?resize=1000%2C667\" alt=\"\" width=\"1000\" height=\"667\" srcset=\"https:\/\/i0.wp.com\/www.spang.ch\/aude\/wp-content\/uploads\/2017\/05\/Screen-Shot-2017-05-13-at-18.05.13.jpg?w=1011 1011w, https:\/\/i0.wp.com\/www.spang.ch\/aude\/wp-content\/uploads\/2017\/05\/Screen-Shot-2017-05-13-at-18.05.13.jpg?resize=300%2C200 300w, https:\/\/i0.wp.com\/www.spang.ch\/aude\/wp-content\/uploads\/2017\/05\/Screen-Shot-2017-05-13-at-18.05.13.jpg?resize=768%2C512 768w, https:\/\/i0.wp.com\/www.spang.ch\/aude\/wp-content\/uploads\/2017\/05\/Screen-Shot-2017-05-13-at-18.05.13.jpg?resize=960%2C640 960w, https:\/\/i0.wp.com\/www.spang.ch\/aude\/wp-content\/uploads\/2017\/05\/Screen-Shot-2017-05-13-at-18.05.13.jpg?resize=450%2C300 450w\" sizes=\"(max-width: 1000px) 100vw, 1000px\" data-recalc-dims=\"1\" \/><\/a><figcaption id=\"caption-attachment-974\" class=\"wp-caption-text\">Rio de Janeiro<\/figcaption><\/figure>\n<figure id=\"attachment_973\" aria-describedby=\"caption-attachment-973\" style=\"width: 1013px\" class=\"wp-caption aligncenter\"><a href=\"https:\/\/i0.wp.com\/www.spang.ch\/aude\/wp-content\/uploads\/2017\/05\/Screen-Shot-2017-05-13-at-18.04.59.jpg\"><img loading=\"lazy\" decoding=\"async\" data-attachment-id=\"973\" data-permalink=\"http:\/\/www.spang.ch\/aude\/fr\/2017\/05\/argentina-brazil-emma-a-celebration-of-everything-end-12\/screen-shot-2017-05-13-at-18-04-59\/\" data-orig-file=\"https:\/\/i0.wp.com\/www.spang.ch\/aude\/wp-content\/uploads\/2017\/05\/Screen-Shot-2017-05-13-at-18.04.59.jpg?fit=1013%2C675\" data-orig-size=\"1013,675\" data-comments-opened=\"1\" data-image-meta=\"{&quot;aperture&quot;:&quot;0&quot;,&quot;credit&quot;:&quot;&quot;,&quot;camera&quot;:&quot;&quot;,&quot;caption&quot;:&quot;&quot;,&quot;created_timestamp&quot;:&quot;0&quot;,&quot;copyright&quot;:&quot;&quot;,&quot;focal_length&quot;:&quot;0&quot;,&quot;iso&quot;:&quot;0&quot;,&quot;shutter_speed&quot;:&quot;0&quot;,&quot;title&quot;:&quot;&quot;,&quot;orientation&quot;:&quot;0&quot;}\" data-image-title=\"Screen Shot 2017-05-13 at 18.04.59\" data-image-description=\"\" data-image-caption=\"&lt;p&gt;Rio de Janeiro&lt;\/p&gt;\n\" data-medium-file=\"https:\/\/i0.wp.com\/www.spang.ch\/aude\/wp-content\/uploads\/2017\/05\/Screen-Shot-2017-05-13-at-18.04.59.jpg?fit=300%2C200\" data-large-file=\"https:\/\/i0.wp.com\/www.spang.ch\/aude\/wp-content\/uploads\/2017\/05\/Screen-Shot-2017-05-13-at-18.04.59.jpg?fit=1000%2C666\" tabindex=\"0\" role=\"button\" class=\"size-full wp-image-973\" src=\"https:\/\/i0.wp.com\/www.spang.ch\/aude\/wp-content\/uploads\/2017\/05\/Screen-Shot-2017-05-13-at-18.04.59.jpg?resize=1000%2C666\" alt=\"\" width=\"1000\" height=\"666\" srcset=\"https:\/\/i0.wp.com\/www.spang.ch\/aude\/wp-content\/uploads\/2017\/05\/Screen-Shot-2017-05-13-at-18.04.59.jpg?w=1013 1013w, https:\/\/i0.wp.com\/www.spang.ch\/aude\/wp-content\/uploads\/2017\/05\/Screen-Shot-2017-05-13-at-18.04.59.jpg?resize=300%2C200 300w, https:\/\/i0.wp.com\/www.spang.ch\/aude\/wp-content\/uploads\/2017\/05\/Screen-Shot-2017-05-13-at-18.04.59.jpg?resize=768%2C512 768w, https:\/\/i0.wp.com\/www.spang.ch\/aude\/wp-content\/uploads\/2017\/05\/Screen-Shot-2017-05-13-at-18.04.59.jpg?resize=960%2C640 960w, https:\/\/i0.wp.com\/www.spang.ch\/aude\/wp-content\/uploads\/2017\/05\/Screen-Shot-2017-05-13-at-18.04.59.jpg?resize=450%2C300 450w\" sizes=\"(max-width: 1000px) 100vw, 1000px\" data-recalc-dims=\"1\" \/><\/a><figcaption id=\"caption-attachment-973\" class=\"wp-caption-text\">Rio de Janeiro<\/figcaption><\/figure>\n<figure id=\"attachment_961\" aria-describedby=\"caption-attachment-961\" style=\"width: 1000px\" class=\"wp-caption aligncenter\"><a href=\"https:\/\/i0.wp.com\/www.spang.ch\/aude\/wp-content\/uploads\/2017\/05\/IMG_7654.jpg\"><img loading=\"lazy\" decoding=\"async\" data-attachment-id=\"961\" data-permalink=\"http:\/\/www.spang.ch\/aude\/fr\/2017\/05\/argentina-brazil-emma-a-celebration-of-everything-end-12\/img_7654\/\" data-orig-file=\"https:\/\/i0.wp.com\/www.spang.ch\/aude\/wp-content\/uploads\/2017\/05\/IMG_7654.jpg?fit=5184%2C3456\" data-orig-size=\"5184,3456\" data-comments-opened=\"1\" data-image-meta=\"{&quot;aperture&quot;:&quot;0&quot;,&quot;credit&quot;:&quot;&quot;,&quot;camera&quot;:&quot;&quot;,&quot;caption&quot;:&quot;&quot;,&quot;created_timestamp&quot;:&quot;0&quot;,&quot;copyright&quot;:&quot;&quot;,&quot;focal_length&quot;:&quot;0&quot;,&quot;iso&quot;:&quot;0&quot;,&quot;shutter_speed&quot;:&quot;0&quot;,&quot;title&quot;:&quot;&quot;,&quot;orientation&quot;:&quot;0&quot;}\" data-image-title=\"IMG_7654\" data-image-description=\"\" data-image-caption=\"&lt;p&gt;Rio de Janeiro&lt;\/p&gt;\n\" data-medium-file=\"https:\/\/i0.wp.com\/www.spang.ch\/aude\/wp-content\/uploads\/2017\/05\/IMG_7654.jpg?fit=300%2C200\" data-large-file=\"https:\/\/i0.wp.com\/www.spang.ch\/aude\/wp-content\/uploads\/2017\/05\/IMG_7654.jpg?fit=1000%2C667\" tabindex=\"0\" role=\"button\" class=\"size-large wp-image-961\" src=\"https:\/\/i0.wp.com\/www.spang.ch\/aude\/wp-content\/uploads\/2017\/05\/IMG_7654.jpg?resize=1000%2C667\" alt=\"\" width=\"1000\" height=\"667\" srcset=\"https:\/\/i0.wp.com\/www.spang.ch\/aude\/wp-content\/uploads\/2017\/05\/IMG_7654.jpg?resize=1024%2C683 1024w, https:\/\/i0.wp.com\/www.spang.ch\/aude\/wp-content\/uploads\/2017\/05\/IMG_7654.jpg?resize=300%2C200 300w, https:\/\/i0.wp.com\/www.spang.ch\/aude\/wp-content\/uploads\/2017\/05\/IMG_7654.jpg?resize=768%2C512 768w, https:\/\/i0.wp.com\/www.spang.ch\/aude\/wp-content\/uploads\/2017\/05\/IMG_7654.jpg?resize=960%2C640 960w, https:\/\/i0.wp.com\/www.spang.ch\/aude\/wp-content\/uploads\/2017\/05\/IMG_7654.jpg?resize=450%2C300 450w, https:\/\/i0.wp.com\/www.spang.ch\/aude\/wp-content\/uploads\/2017\/05\/IMG_7654.jpg?w=2000 2000w, https:\/\/i0.wp.com\/www.spang.ch\/aude\/wp-content\/uploads\/2017\/05\/IMG_7654.jpg?w=3000 3000w\" sizes=\"(max-width: 1000px) 100vw, 1000px\" data-recalc-dims=\"1\" \/><\/a><figcaption id=\"caption-attachment-961\" class=\"wp-caption-text\">Rio de Janeiro<\/figcaption><\/figure>\n<p style=\"text-align: justify;\">On s&rsquo;est \u00e9galement balad\u00e9es dans la ville, bien s\u00fbr. Mais l\u00e0 encore, on s&rsquo;est retrouv\u00e9es face au vide d\u00fb \u00e0 la p\u00e9riode de vacances et Carnaval, et les rues d\u00e9sert\u00e9es ont presque un aspect inqui\u00e9tant. Ce fut d\u00e9j\u00e0 beaucoup plus agr\u00e9able une fois qu&rsquo;on s&rsquo;est retrouv\u00e9es \u00e0 proximit\u00e9 d&rsquo;un bloquinho et qu&rsquo;on a vu des tas de gens passer d\u00e9guis\u00e9s de toutes les couleurs. Finalement, entre les chars, la musique assez populaires, et les d\u00e9guisements, je ne trouvais pas le Carnaval br\u00e9silien si diff\u00e9rent du fribourgeois (chez moi)&#8230; \u00e0 part peut-\u00eatre les 30\u00b0 de diff\u00e9rence et les gens qui se d\u00e9guisent \u00e0 moiti\u00e9 nus pour \u00e9viter de trop briller de transpiration! Ahah! C&rsquo;est donc Carnaval en \u00e9t\u00e9, et dans un pays o\u00f9 les gens prennent s&rsquo;amuser vraiment tr\u00e8s, tr\u00e8s au s\u00e9rieux.<\/p>\n<figure id=\"attachment_959\" aria-describedby=\"caption-attachment-959\" style=\"width: 683px\" class=\"wp-caption aligncenter\"><a href=\"https:\/\/i0.wp.com\/www.spang.ch\/aude\/wp-content\/uploads\/2017\/05\/IMG_7508-e1494689790826.jpg\"><img loading=\"lazy\" decoding=\"async\" data-attachment-id=\"959\" data-permalink=\"http:\/\/www.spang.ch\/aude\/fr\/2017\/05\/argentina-brazil-emma-a-celebration-of-everything-end-12\/img_7508\/\" data-orig-file=\"https:\/\/i0.wp.com\/www.spang.ch\/aude\/wp-content\/uploads\/2017\/05\/IMG_7508-e1494689790826.jpg?fit=3456%2C5184\" data-orig-size=\"3456,5184\" data-comments-opened=\"1\" data-image-meta=\"{&quot;aperture&quot;:&quot;0&quot;,&quot;credit&quot;:&quot;&quot;,&quot;camera&quot;:&quot;&quot;,&quot;caption&quot;:&quot;&quot;,&quot;created_timestamp&quot;:&quot;0&quot;,&quot;copyright&quot;:&quot;&quot;,&quot;focal_length&quot;:&quot;0&quot;,&quot;iso&quot;:&quot;0&quot;,&quot;shutter_speed&quot;:&quot;0&quot;,&quot;title&quot;:&quot;&quot;,&quot;orientation&quot;:&quot;0&quot;}\" data-image-title=\"IMG_7508\" data-image-description=\"\" data-image-caption=\"&lt;p&gt;Rio de Janeiro&lt;\/p&gt;\n\" data-medium-file=\"https:\/\/i0.wp.com\/www.spang.ch\/aude\/wp-content\/uploads\/2017\/05\/IMG_7508-e1494689790826.jpg?fit=200%2C300\" data-large-file=\"https:\/\/i0.wp.com\/www.spang.ch\/aude\/wp-content\/uploads\/2017\/05\/IMG_7508-e1494689790826.jpg?fit=683%2C1024\" tabindex=\"0\" role=\"button\" class=\"size-large wp-image-959\" src=\"https:\/\/i0.wp.com\/www.spang.ch\/aude\/wp-content\/uploads\/2017\/05\/IMG_7508-e1494689790826-683x1024.jpg?resize=683%2C1024\" alt=\"\" width=\"683\" height=\"1024\" srcset=\"https:\/\/i0.wp.com\/www.spang.ch\/aude\/wp-content\/uploads\/2017\/05\/IMG_7508-e1494689790826.jpg?resize=683%2C1024 683w, https:\/\/i0.wp.com\/www.spang.ch\/aude\/wp-content\/uploads\/2017\/05\/IMG_7508-e1494689790826.jpg?resize=200%2C300 200w, https:\/\/i0.wp.com\/www.spang.ch\/aude\/wp-content\/uploads\/2017\/05\/IMG_7508-e1494689790826.jpg?resize=768%2C1152 768w, https:\/\/i0.wp.com\/www.spang.ch\/aude\/wp-content\/uploads\/2017\/05\/IMG_7508-e1494689790826.jpg?w=2000 2000w, https:\/\/i0.wp.com\/www.spang.ch\/aude\/wp-content\/uploads\/2017\/05\/IMG_7508-e1494689790826.jpg?w=3000 3000w\" sizes=\"(max-width: 683px) 100vw, 683px\" data-recalc-dims=\"1\" \/><\/a><figcaption id=\"caption-attachment-959\" class=\"wp-caption-text\">Rio de Janeiro<\/figcaption><\/figure>\n<div class=\"jetpack-video-wrapper\"><span class=\"embed-youtube\" style=\"text-align:center; display: block;\"><iframe loading=\"lazy\" class=\"youtube-player\" width=\"1000\" height=\"563\" src=\"https:\/\/www.youtube.com\/embed\/nVJ-6rO9VF8?version=3&#038;rel=1&#038;showsearch=0&#038;showinfo=1&#038;iv_load_policy=1&#038;fs=1&#038;hl=fr-FR&#038;autohide=2&#038;wmode=transparent\" allowfullscreen=\"true\" style=\"border:0;\" sandbox=\"allow-scripts allow-same-origin allow-popups allow-presentation allow-popups-to-escape-sandbox\"><\/iframe><\/span><\/div>\n<p style=\"text-align: justify;\">Au point qu&rsquo;un jour on a fini emport\u00e9es dans une f\u00eate dans un parc \u00e0 14h, au son des tambours et instruments \u00e0 vent en d\u00e9lire, des tas de gens qui se pressaient, dansaient la samba en tr\u00e9moussant leurs\u00a0fesses et en riant: l&rsquo;un de nos meilleurs moments Carnaval! J&rsquo;adore l&rsquo;\u00e9nergie des br\u00e9siliens qui dansent, soit dit en passant, je les trouve g\u00e9niaux. Ils dansent de fa\u00e7on fluide, joyeuse et instinctive, c&rsquo;est vraiment beau \u00e0 voir&#8230; et contagieux!<\/p>\n<div class=\"jetpack-video-wrapper\"><span class=\"embed-youtube\" style=\"text-align:center; display: block;\"><iframe loading=\"lazy\" class=\"youtube-player\" width=\"1000\" height=\"563\" src=\"https:\/\/www.youtube.com\/embed\/z6s7BpC6ZXo?version=3&#038;rel=1&#038;showsearch=0&#038;showinfo=1&#038;iv_load_policy=1&#038;fs=1&#038;hl=fr-FR&#038;autohide=2&#038;wmode=transparent\" allowfullscreen=\"true\" style=\"border:0;\" sandbox=\"allow-scripts allow-same-origin allow-popups allow-presentation allow-popups-to-escape-sandbox\"><\/iframe><\/span><\/div>\n<p><a href=\"https:\/\/i0.wp.com\/www.spang.ch\/aude\/wp-content\/uploads\/2017\/05\/IMG_20170228_111219.jpg\"><img loading=\"lazy\" decoding=\"async\" data-attachment-id=\"984\" data-permalink=\"http:\/\/www.spang.ch\/aude\/fr\/2017\/05\/argentina-brazil-emma-a-celebration-of-everything-end-12\/img_20170228_111219\/\" data-orig-file=\"https:\/\/i0.wp.com\/www.spang.ch\/aude\/wp-content\/uploads\/2017\/05\/IMG_20170228_111219.jpg?fit=2592%2C1944\" data-orig-size=\"2592,1944\" data-comments-opened=\"1\" data-image-meta=\"{&quot;aperture&quot;:&quot;0&quot;,&quot;credit&quot;:&quot;&quot;,&quot;camera&quot;:&quot;&quot;,&quot;caption&quot;:&quot;&quot;,&quot;created_timestamp&quot;:&quot;0&quot;,&quot;copyright&quot;:&quot;&quot;,&quot;focal_length&quot;:&quot;0&quot;,&quot;iso&quot;:&quot;0&quot;,&quot;shutter_speed&quot;:&quot;0&quot;,&quot;title&quot;:&quot;&quot;,&quot;orientation&quot;:&quot;0&quot;}\" data-image-title=\"IMG_20170228_111219\" data-image-description=\"\" data-image-caption=\"\" data-medium-file=\"https:\/\/i0.wp.com\/www.spang.ch\/aude\/wp-content\/uploads\/2017\/05\/IMG_20170228_111219.jpg?fit=300%2C225\" data-large-file=\"https:\/\/i0.wp.com\/www.spang.ch\/aude\/wp-content\/uploads\/2017\/05\/IMG_20170228_111219.jpg?fit=1000%2C750\" tabindex=\"0\" role=\"button\" class=\"aligncenter size-large wp-image-984\" src=\"https:\/\/i0.wp.com\/www.spang.ch\/aude\/wp-content\/uploads\/2017\/05\/IMG_20170228_111219.jpg?resize=1000%2C750\" alt=\"\" width=\"1000\" height=\"750\" srcset=\"https:\/\/i0.wp.com\/www.spang.ch\/aude\/wp-content\/uploads\/2017\/05\/IMG_20170228_111219.jpg?resize=1024%2C768 1024w, https:\/\/i0.wp.com\/www.spang.ch\/aude\/wp-content\/uploads\/2017\/05\/IMG_20170228_111219.jpg?resize=300%2C225 300w, https:\/\/i0.wp.com\/www.spang.ch\/aude\/wp-content\/uploads\/2017\/05\/IMG_20170228_111219.jpg?resize=768%2C576 768w, https:\/\/i0.wp.com\/www.spang.ch\/aude\/wp-content\/uploads\/2017\/05\/IMG_20170228_111219.jpg?resize=400%2C300 400w, https:\/\/i0.wp.com\/www.spang.ch\/aude\/wp-content\/uploads\/2017\/05\/IMG_20170228_111219.jpg?w=2000 2000w\" sizes=\"(max-width: 1000px) 100vw, 1000px\" data-recalc-dims=\"1\" \/><\/a><\/p>\n<figure id=\"attachment_972\" aria-describedby=\"caption-attachment-972\" style=\"width: 1012px\" class=\"wp-caption aligncenter\"><a href=\"https:\/\/i0.wp.com\/www.spang.ch\/aude\/wp-content\/uploads\/2017\/05\/Screen-Shot-2017-05-13-at-18.04.47.jpg\"><img loading=\"lazy\" decoding=\"async\" data-attachment-id=\"972\" data-permalink=\"http:\/\/www.spang.ch\/aude\/fr\/2017\/05\/argentina-brazil-emma-a-celebration-of-everything-end-12\/screen-shot-2017-05-13-at-18-04-47\/\" data-orig-file=\"https:\/\/i0.wp.com\/www.spang.ch\/aude\/wp-content\/uploads\/2017\/05\/Screen-Shot-2017-05-13-at-18.04.47.jpg?fit=1012%2C670\" data-orig-size=\"1012,670\" data-comments-opened=\"1\" data-image-meta=\"{&quot;aperture&quot;:&quot;0&quot;,&quot;credit&quot;:&quot;&quot;,&quot;camera&quot;:&quot;&quot;,&quot;caption&quot;:&quot;&quot;,&quot;created_timestamp&quot;:&quot;0&quot;,&quot;copyright&quot;:&quot;&quot;,&quot;focal_length&quot;:&quot;0&quot;,&quot;iso&quot;:&quot;0&quot;,&quot;shutter_speed&quot;:&quot;0&quot;,&quot;title&quot;:&quot;&quot;,&quot;orientation&quot;:&quot;0&quot;}\" data-image-title=\"Screen Shot 2017-05-13 at 18.04.47\" data-image-description=\"\" data-image-caption=\"&lt;p&gt;Rio de Janeiro &#8211; Corcovado&lt;\/p&gt;\n\" data-medium-file=\"https:\/\/i0.wp.com\/www.spang.ch\/aude\/wp-content\/uploads\/2017\/05\/Screen-Shot-2017-05-13-at-18.04.47.jpg?fit=300%2C199\" data-large-file=\"https:\/\/i0.wp.com\/www.spang.ch\/aude\/wp-content\/uploads\/2017\/05\/Screen-Shot-2017-05-13-at-18.04.47.jpg?fit=1000%2C662\" tabindex=\"0\" role=\"button\" class=\"size-full wp-image-972\" src=\"https:\/\/i0.wp.com\/www.spang.ch\/aude\/wp-content\/uploads\/2017\/05\/Screen-Shot-2017-05-13-at-18.04.47.jpg?resize=1000%2C662\" alt=\"\" width=\"1000\" height=\"662\" srcset=\"https:\/\/i0.wp.com\/www.spang.ch\/aude\/wp-content\/uploads\/2017\/05\/Screen-Shot-2017-05-13-at-18.04.47.jpg?w=1012 1012w, https:\/\/i0.wp.com\/www.spang.ch\/aude\/wp-content\/uploads\/2017\/05\/Screen-Shot-2017-05-13-at-18.04.47.jpg?resize=300%2C199 300w, https:\/\/i0.wp.com\/www.spang.ch\/aude\/wp-content\/uploads\/2017\/05\/Screen-Shot-2017-05-13-at-18.04.47.jpg?resize=768%2C508 768w, https:\/\/i0.wp.com\/www.spang.ch\/aude\/wp-content\/uploads\/2017\/05\/Screen-Shot-2017-05-13-at-18.04.47.jpg?resize=453%2C300 453w\" sizes=\"(max-width: 1000px) 100vw, 1000px\" data-recalc-dims=\"1\" \/><\/a><figcaption id=\"caption-attachment-972\" class=\"wp-caption-text\">Rio de Janeiro &#8211; Corcovado<\/figcaption><\/figure>\n<p style=\"text-align: justify;\">Un peu plus t\u00f4t, arriv\u00e9es aux escaliers Santa Teresa qui sont enti\u00e8rement recouverts de mosa\u00efque, nous avons pass\u00e9 plus d&rsquo;une heure assise \u00e0 l&rsquo;ombre \u00e0 observer les gens passer, d\u00e9guis\u00e9s, se prendre en photos sous toutes les formes, poser, manger ou rire. Moment pour le moins sociologique, vraiment int\u00e9ressant. Oh et puis qu&rsquo;est-ce que vous croyez? Nous aussi on y a pris des photos ensemble!<\/p>\n<figure id=\"attachment_976\" aria-describedby=\"caption-attachment-976\" style=\"width: 1013px\" class=\"wp-caption aligncenter\"><a href=\"https:\/\/i0.wp.com\/www.spang.ch\/aude\/wp-content\/uploads\/2017\/05\/Screen-Shot-2017-05-13-at-18.05.42.jpg\"><img loading=\"lazy\" decoding=\"async\" data-attachment-id=\"976\" data-permalink=\"http:\/\/www.spang.ch\/aude\/fr\/2017\/05\/argentina-brazil-emma-a-celebration-of-everything-end-12\/screen-shot-2017-05-13-at-18-05-42\/\" data-orig-file=\"https:\/\/i0.wp.com\/www.spang.ch\/aude\/wp-content\/uploads\/2017\/05\/Screen-Shot-2017-05-13-at-18.05.42.jpg?fit=1013%2C675\" data-orig-size=\"1013,675\" data-comments-opened=\"1\" data-image-meta=\"{&quot;aperture&quot;:&quot;0&quot;,&quot;credit&quot;:&quot;&quot;,&quot;camera&quot;:&quot;&quot;,&quot;caption&quot;:&quot;&quot;,&quot;created_timestamp&quot;:&quot;0&quot;,&quot;copyright&quot;:&quot;&quot;,&quot;focal_length&quot;:&quot;0&quot;,&quot;iso&quot;:&quot;0&quot;,&quot;shutter_speed&quot;:&quot;0&quot;,&quot;title&quot;:&quot;&quot;,&quot;orientation&quot;:&quot;0&quot;}\" data-image-title=\"Screen Shot 2017-05-13 at 18.05.42\" data-image-description=\"\" data-image-caption=\"&lt;p&gt;Rio de Janeiro&lt;\/p&gt;\n\" data-medium-file=\"https:\/\/i0.wp.com\/www.spang.ch\/aude\/wp-content\/uploads\/2017\/05\/Screen-Shot-2017-05-13-at-18.05.42.jpg?fit=300%2C200\" data-large-file=\"https:\/\/i0.wp.com\/www.spang.ch\/aude\/wp-content\/uploads\/2017\/05\/Screen-Shot-2017-05-13-at-18.05.42.jpg?fit=1000%2C666\" tabindex=\"0\" role=\"button\" class=\"size-full wp-image-976\" src=\"https:\/\/i0.wp.com\/www.spang.ch\/aude\/wp-content\/uploads\/2017\/05\/Screen-Shot-2017-05-13-at-18.05.42.jpg?resize=1000%2C666\" alt=\"\" width=\"1000\" height=\"666\" srcset=\"https:\/\/i0.wp.com\/www.spang.ch\/aude\/wp-content\/uploads\/2017\/05\/Screen-Shot-2017-05-13-at-18.05.42.jpg?w=1013 1013w, https:\/\/i0.wp.com\/www.spang.ch\/aude\/wp-content\/uploads\/2017\/05\/Screen-Shot-2017-05-13-at-18.05.42.jpg?resize=300%2C200 300w, https:\/\/i0.wp.com\/www.spang.ch\/aude\/wp-content\/uploads\/2017\/05\/Screen-Shot-2017-05-13-at-18.05.42.jpg?resize=768%2C512 768w, https:\/\/i0.wp.com\/www.spang.ch\/aude\/wp-content\/uploads\/2017\/05\/Screen-Shot-2017-05-13-at-18.05.42.jpg?resize=960%2C640 960w, https:\/\/i0.wp.com\/www.spang.ch\/aude\/wp-content\/uploads\/2017\/05\/Screen-Shot-2017-05-13-at-18.05.42.jpg?resize=450%2C300 450w\" sizes=\"(max-width: 1000px) 100vw, 1000px\" data-recalc-dims=\"1\" \/><\/a><figcaption id=\"caption-attachment-976\" class=\"wp-caption-text\">Rio de Janeiro<\/figcaption><\/figure>\n<figure id=\"attachment_957\" aria-describedby=\"caption-attachment-957\" style=\"width: 1000px\" class=\"wp-caption aligncenter\"><a href=\"https:\/\/i0.wp.com\/www.spang.ch\/aude\/wp-content\/uploads\/2017\/05\/IMG_7434.jpg\"><img loading=\"lazy\" decoding=\"async\" data-attachment-id=\"957\" data-permalink=\"http:\/\/www.spang.ch\/aude\/fr\/2017\/05\/argentina-brazil-emma-a-celebration-of-everything-end-12\/img_7434\/\" data-orig-file=\"https:\/\/i0.wp.com\/www.spang.ch\/aude\/wp-content\/uploads\/2017\/05\/IMG_7434.jpg?fit=5184%2C3456\" data-orig-size=\"5184,3456\" data-comments-opened=\"1\" data-image-meta=\"{&quot;aperture&quot;:&quot;0&quot;,&quot;credit&quot;:&quot;&quot;,&quot;camera&quot;:&quot;&quot;,&quot;caption&quot;:&quot;&quot;,&quot;created_timestamp&quot;:&quot;0&quot;,&quot;copyright&quot;:&quot;&quot;,&quot;focal_length&quot;:&quot;0&quot;,&quot;iso&quot;:&quot;0&quot;,&quot;shutter_speed&quot;:&quot;0&quot;,&quot;title&quot;:&quot;&quot;,&quot;orientation&quot;:&quot;0&quot;}\" data-image-title=\"IMG_7434\" data-image-description=\"\" data-image-caption=\"&lt;p&gt;Emma&amp;rsquo;s visit #2: Iguazu, Sao Paulo, Rio de Janeiro, Ilha Grande&lt;\/p&gt;\n\" data-medium-file=\"https:\/\/i0.wp.com\/www.spang.ch\/aude\/wp-content\/uploads\/2017\/05\/IMG_7434.jpg?fit=300%2C200\" data-large-file=\"https:\/\/i0.wp.com\/www.spang.ch\/aude\/wp-content\/uploads\/2017\/05\/IMG_7434.jpg?fit=1000%2C667\" tabindex=\"0\" role=\"button\" class=\"size-large wp-image-957\" src=\"https:\/\/i0.wp.com\/www.spang.ch\/aude\/wp-content\/uploads\/2017\/05\/IMG_7434.jpg?resize=1000%2C667\" alt=\"\" width=\"1000\" height=\"667\" srcset=\"https:\/\/i0.wp.com\/www.spang.ch\/aude\/wp-content\/uploads\/2017\/05\/IMG_7434.jpg?resize=1024%2C683 1024w, https:\/\/i0.wp.com\/www.spang.ch\/aude\/wp-content\/uploads\/2017\/05\/IMG_7434.jpg?resize=300%2C200 300w, https:\/\/i0.wp.com\/www.spang.ch\/aude\/wp-content\/uploads\/2017\/05\/IMG_7434.jpg?resize=768%2C512 768w, https:\/\/i0.wp.com\/www.spang.ch\/aude\/wp-content\/uploads\/2017\/05\/IMG_7434.jpg?resize=960%2C640 960w, https:\/\/i0.wp.com\/www.spang.ch\/aude\/wp-content\/uploads\/2017\/05\/IMG_7434.jpg?resize=450%2C300 450w, https:\/\/i0.wp.com\/www.spang.ch\/aude\/wp-content\/uploads\/2017\/05\/IMG_7434.jpg?w=2000 2000w, https:\/\/i0.wp.com\/www.spang.ch\/aude\/wp-content\/uploads\/2017\/05\/IMG_7434.jpg?w=3000 3000w\" sizes=\"(max-width: 1000px) 100vw, 1000px\" data-recalc-dims=\"1\" \/><\/a><figcaption id=\"caption-attachment-957\" class=\"wp-caption-text\">Rio de Janeiro<\/figcaption><\/figure>\n<p style=\"text-align: justify;\">Et sinon, une autre des vues un peu immanquables de Rio est celle depuis la colline\u00a0Corcovado, d&rsquo;o\u00f9 culmine la statue du famosissime Christ R\u00e9dempteur. Oui, c&rsquo;est vraiment tr\u00e8s touristique et cher, oui il y a des tas de gens. Mais on avait d\u00e9cid\u00e9 et accept\u00e9 qu&rsquo;au Br\u00e9sil, nous \u00e9tions de parfaites touristes, ainsi nous avons pleinement embrass\u00e9 cette r\u00e9alit\u00e9 et sommes mont\u00e9es \u00e0 Corcovado&#8230; et nous ne le regrettons pas! La vue est malgr\u00e9 tout tr\u00e8s belle et tout est impressionnant. Et puis, peu apr\u00e8s, nous avons tout de m\u00eame eu droit \u00e0 une dose d&rsquo;exp\u00e9rience locale, parce que nous avons rencontr\u00e9 Luis, l&rsquo;ex et ami de mon amie Sarah, de Fribourg. Luis est un <em>carioca<\/em>, un habitant de Rio, et il a pu lui aussi nous donner des visions plus contrast\u00e9es de ce que nous avons vu et nous parler un peu de son pays et de sa ville. Il nous a aussi emmen\u00e9es en balade dans la for\u00eat \u00e0 l&rsquo;arri\u00e8re de la ville, et montr\u00e9 des vues \u00ab\u00a0alternatives\u00a0\u00bb de la statue du Christ et de la ville et les favelas qui grimpent le long des collines (je pr\u00e9cise que nous n&rsquo;avons pas r\u00e9serv\u00e9 de \u00ab\u00a0tour des favelas\u00a0\u00bb dont les h\u00f4tels font la pub presque comme pour un divertissement).<\/p>\n<figure id=\"attachment_962\" aria-describedby=\"caption-attachment-962\" style=\"width: 1000px\" class=\"wp-caption aligncenter\"><a href=\"https:\/\/i0.wp.com\/www.spang.ch\/aude\/wp-content\/uploads\/2017\/05\/IMG_7715.jpg\"><img loading=\"lazy\" decoding=\"async\" data-attachment-id=\"962\" data-permalink=\"http:\/\/www.spang.ch\/aude\/fr\/2017\/05\/argentina-brazil-emma-a-celebration-of-everything-end-12\/img_7715\/\" data-orig-file=\"https:\/\/i0.wp.com\/www.spang.ch\/aude\/wp-content\/uploads\/2017\/05\/IMG_7715.jpg?fit=5184%2C3456\" data-orig-size=\"5184,3456\" data-comments-opened=\"1\" data-image-meta=\"{&quot;aperture&quot;:&quot;0&quot;,&quot;credit&quot;:&quot;&quot;,&quot;camera&quot;:&quot;&quot;,&quot;caption&quot;:&quot;&quot;,&quot;created_timestamp&quot;:&quot;0&quot;,&quot;copyright&quot;:&quot;&quot;,&quot;focal_length&quot;:&quot;0&quot;,&quot;iso&quot;:&quot;0&quot;,&quot;shutter_speed&quot;:&quot;0&quot;,&quot;title&quot;:&quot;&quot;,&quot;orientation&quot;:&quot;0&quot;}\" data-image-title=\"IMG_7715\" data-image-description=\"\" data-image-caption=\"&lt;p&gt;Rio de Janeiro &#8211; Corcovado&lt;\/p&gt;\n\" data-medium-file=\"https:\/\/i0.wp.com\/www.spang.ch\/aude\/wp-content\/uploads\/2017\/05\/IMG_7715.jpg?fit=300%2C200\" data-large-file=\"https:\/\/i0.wp.com\/www.spang.ch\/aude\/wp-content\/uploads\/2017\/05\/IMG_7715.jpg?fit=1000%2C667\" tabindex=\"0\" role=\"button\" class=\"size-large wp-image-962\" src=\"https:\/\/i0.wp.com\/www.spang.ch\/aude\/wp-content\/uploads\/2017\/05\/IMG_7715.jpg?resize=1000%2C667\" alt=\"\" width=\"1000\" height=\"667\" srcset=\"https:\/\/i0.wp.com\/www.spang.ch\/aude\/wp-content\/uploads\/2017\/05\/IMG_7715.jpg?resize=1024%2C683 1024w, https:\/\/i0.wp.com\/www.spang.ch\/aude\/wp-content\/uploads\/2017\/05\/IMG_7715.jpg?resize=300%2C200 300w, https:\/\/i0.wp.com\/www.spang.ch\/aude\/wp-content\/uploads\/2017\/05\/IMG_7715.jpg?resize=768%2C512 768w, https:\/\/i0.wp.com\/www.spang.ch\/aude\/wp-content\/uploads\/2017\/05\/IMG_7715.jpg?resize=960%2C640 960w, https:\/\/i0.wp.com\/www.spang.ch\/aude\/wp-content\/uploads\/2017\/05\/IMG_7715.jpg?resize=450%2C300 450w, https:\/\/i0.wp.com\/www.spang.ch\/aude\/wp-content\/uploads\/2017\/05\/IMG_7715.jpg?w=2000 2000w, https:\/\/i0.wp.com\/www.spang.ch\/aude\/wp-content\/uploads\/2017\/05\/IMG_7715.jpg?w=3000 3000w\" sizes=\"(max-width: 1000px) 100vw, 1000px\" data-recalc-dims=\"1\" \/><\/a><figcaption id=\"caption-attachment-962\" class=\"wp-caption-text\">Rio de Janeiro &#8211; Corcovado<\/figcaption><\/figure>\n<figure id=\"attachment_970\" aria-describedby=\"caption-attachment-970\" style=\"width: 1013px\" class=\"wp-caption aligncenter\"><a href=\"https:\/\/i0.wp.com\/www.spang.ch\/aude\/wp-content\/uploads\/2017\/05\/Screen-Shot-2017-05-13-at-18.04.21.jpg\"><img loading=\"lazy\" decoding=\"async\" data-attachment-id=\"970\" data-permalink=\"http:\/\/www.spang.ch\/aude\/fr\/2017\/05\/argentina-brazil-emma-a-celebration-of-everything-end-12\/screen-shot-2017-05-13-at-18-04-21\/\" data-orig-file=\"https:\/\/i0.wp.com\/www.spang.ch\/aude\/wp-content\/uploads\/2017\/05\/Screen-Shot-2017-05-13-at-18.04.21.jpg?fit=1013%2C676\" data-orig-size=\"1013,676\" data-comments-opened=\"1\" data-image-meta=\"{&quot;aperture&quot;:&quot;0&quot;,&quot;credit&quot;:&quot;&quot;,&quot;camera&quot;:&quot;&quot;,&quot;caption&quot;:&quot;&quot;,&quot;created_timestamp&quot;:&quot;0&quot;,&quot;copyright&quot;:&quot;&quot;,&quot;focal_length&quot;:&quot;0&quot;,&quot;iso&quot;:&quot;0&quot;,&quot;shutter_speed&quot;:&quot;0&quot;,&quot;title&quot;:&quot;&quot;,&quot;orientation&quot;:&quot;0&quot;}\" data-image-title=\"Screen Shot 2017-05-13 at 18.04.21\" data-image-description=\"\" data-image-caption=\"\" data-medium-file=\"https:\/\/i0.wp.com\/www.spang.ch\/aude\/wp-content\/uploads\/2017\/05\/Screen-Shot-2017-05-13-at-18.04.21.jpg?fit=300%2C200\" data-large-file=\"https:\/\/i0.wp.com\/www.spang.ch\/aude\/wp-content\/uploads\/2017\/05\/Screen-Shot-2017-05-13-at-18.04.21.jpg?fit=1000%2C667\" tabindex=\"0\" role=\"button\" class=\"size-full wp-image-970\" src=\"https:\/\/i0.wp.com\/www.spang.ch\/aude\/wp-content\/uploads\/2017\/05\/Screen-Shot-2017-05-13-at-18.04.21.jpg?resize=1000%2C667\" alt=\"\" width=\"1000\" height=\"667\" srcset=\"https:\/\/i0.wp.com\/www.spang.ch\/aude\/wp-content\/uploads\/2017\/05\/Screen-Shot-2017-05-13-at-18.04.21.jpg?w=1013 1013w, https:\/\/i0.wp.com\/www.spang.ch\/aude\/wp-content\/uploads\/2017\/05\/Screen-Shot-2017-05-13-at-18.04.21.jpg?resize=300%2C200 300w, https:\/\/i0.wp.com\/www.spang.ch\/aude\/wp-content\/uploads\/2017\/05\/Screen-Shot-2017-05-13-at-18.04.21.jpg?resize=768%2C513 768w, https:\/\/i0.wp.com\/www.spang.ch\/aude\/wp-content\/uploads\/2017\/05\/Screen-Shot-2017-05-13-at-18.04.21.jpg?resize=960%2C640 960w, https:\/\/i0.wp.com\/www.spang.ch\/aude\/wp-content\/uploads\/2017\/05\/Screen-Shot-2017-05-13-at-18.04.21.jpg?resize=450%2C300 450w\" sizes=\"(max-width: 1000px) 100vw, 1000px\" data-recalc-dims=\"1\" \/><\/a><figcaption id=\"caption-attachment-970\" class=\"wp-caption-text\">Rio de Janeiro &#8211; favelas<\/figcaption><\/figure>\n<p style=\"text-align: justify;\">Et il a bien ri quand on lui a dit, plus tard, qu&rsquo;on buvait une caipirinha \u00e0 Copacabana plage dans nos nouveaux maillots de bain (je vous ai dit qu&rsquo;on a embrass\u00e9 notre identit\u00e9 de touristes!). On a \u00e9galement pique-niqu\u00e9 \u00e0 la plage voisine d&rsquo;Ipanema \u00a0(et non Empanada, comme Emma avait d&rsquo;ailleurs compris) et son doux sable blanc, dans la chaude lumi\u00e8re du coucher de soleil. Et, plus tard, nous avons pu aller nous baigner \u00e0 la lumi\u00e8re de la lune (tout en gardant un oeil sur nos affaires, car ces plages sont tr\u00e8s connues pour les vols de nuit).<\/p>\n<figure id=\"attachment_971\" aria-describedby=\"caption-attachment-971\" style=\"width: 1013px\" class=\"wp-caption aligncenter\"><a href=\"https:\/\/i0.wp.com\/www.spang.ch\/aude\/wp-content\/uploads\/2017\/05\/Screen-Shot-2017-05-13-at-18.04.33.jpg\"><img loading=\"lazy\" decoding=\"async\" data-attachment-id=\"971\" data-permalink=\"http:\/\/www.spang.ch\/aude\/fr\/2017\/05\/argentina-brazil-emma-a-celebration-of-everything-end-12\/screen-shot-2017-05-13-at-18-04-33\/\" data-orig-file=\"https:\/\/i0.wp.com\/www.spang.ch\/aude\/wp-content\/uploads\/2017\/05\/Screen-Shot-2017-05-13-at-18.04.33.jpg?fit=1013%2C675\" data-orig-size=\"1013,675\" data-comments-opened=\"1\" data-image-meta=\"{&quot;aperture&quot;:&quot;0&quot;,&quot;credit&quot;:&quot;&quot;,&quot;camera&quot;:&quot;&quot;,&quot;caption&quot;:&quot;&quot;,&quot;created_timestamp&quot;:&quot;0&quot;,&quot;copyright&quot;:&quot;&quot;,&quot;focal_length&quot;:&quot;0&quot;,&quot;iso&quot;:&quot;0&quot;,&quot;shutter_speed&quot;:&quot;0&quot;,&quot;title&quot;:&quot;&quot;,&quot;orientation&quot;:&quot;0&quot;}\" data-image-title=\"Screen Shot 2017-05-13 at 18.04.33\" data-image-description=\"\" data-image-caption=\"&lt;p&gt;Rio de Janeiro &#8211; view from Corcovado&lt;\/p&gt;\n\" data-medium-file=\"https:\/\/i0.wp.com\/www.spang.ch\/aude\/wp-content\/uploads\/2017\/05\/Screen-Shot-2017-05-13-at-18.04.33.jpg?fit=300%2C200\" data-large-file=\"https:\/\/i0.wp.com\/www.spang.ch\/aude\/wp-content\/uploads\/2017\/05\/Screen-Shot-2017-05-13-at-18.04.33.jpg?fit=1000%2C666\" tabindex=\"0\" role=\"button\" class=\"size-full wp-image-971\" src=\"https:\/\/i0.wp.com\/www.spang.ch\/aude\/wp-content\/uploads\/2017\/05\/Screen-Shot-2017-05-13-at-18.04.33.jpg?resize=1000%2C666\" alt=\"\" width=\"1000\" height=\"666\" srcset=\"https:\/\/i0.wp.com\/www.spang.ch\/aude\/wp-content\/uploads\/2017\/05\/Screen-Shot-2017-05-13-at-18.04.33.jpg?w=1013 1013w, https:\/\/i0.wp.com\/www.spang.ch\/aude\/wp-content\/uploads\/2017\/05\/Screen-Shot-2017-05-13-at-18.04.33.jpg?resize=300%2C200 300w, https:\/\/i0.wp.com\/www.spang.ch\/aude\/wp-content\/uploads\/2017\/05\/Screen-Shot-2017-05-13-at-18.04.33.jpg?resize=768%2C512 768w, https:\/\/i0.wp.com\/www.spang.ch\/aude\/wp-content\/uploads\/2017\/05\/Screen-Shot-2017-05-13-at-18.04.33.jpg?resize=960%2C640 960w, https:\/\/i0.wp.com\/www.spang.ch\/aude\/wp-content\/uploads\/2017\/05\/Screen-Shot-2017-05-13-at-18.04.33.jpg?resize=450%2C300 450w\" sizes=\"(max-width: 1000px) 100vw, 1000px\" data-recalc-dims=\"1\" \/><\/a><figcaption id=\"caption-attachment-971\" class=\"wp-caption-text\">Rio de Janeiro &#8211; vue depuis Corcovado<\/figcaption><\/figure>\n<figure id=\"attachment_969\" aria-describedby=\"caption-attachment-969\" style=\"width: 1014px\" class=\"wp-caption aligncenter\"><a href=\"https:\/\/i0.wp.com\/www.spang.ch\/aude\/wp-content\/uploads\/2017\/05\/Screen-Shot-2017-05-13-at-18.04.03.jpg\"><img loading=\"lazy\" decoding=\"async\" data-attachment-id=\"969\" data-permalink=\"http:\/\/www.spang.ch\/aude\/fr\/2017\/05\/argentina-brazil-emma-a-celebration-of-everything-end-12\/screen-shot-2017-05-13-at-18-04-03\/\" data-orig-file=\"https:\/\/i0.wp.com\/www.spang.ch\/aude\/wp-content\/uploads\/2017\/05\/Screen-Shot-2017-05-13-at-18.04.03.jpg?fit=1014%2C666\" data-orig-size=\"1014,666\" data-comments-opened=\"1\" data-image-meta=\"{&quot;aperture&quot;:&quot;0&quot;,&quot;credit&quot;:&quot;&quot;,&quot;camera&quot;:&quot;&quot;,&quot;caption&quot;:&quot;&quot;,&quot;created_timestamp&quot;:&quot;0&quot;,&quot;copyright&quot;:&quot;&quot;,&quot;focal_length&quot;:&quot;0&quot;,&quot;iso&quot;:&quot;0&quot;,&quot;shutter_speed&quot;:&quot;0&quot;,&quot;title&quot;:&quot;&quot;,&quot;orientation&quot;:&quot;0&quot;}\" data-image-title=\"Screen Shot 2017-05-13 at 18.04.03\" data-image-description=\"\" data-image-caption=\"&lt;p&gt;Rio de Janeiro &#8211; Copacabana Beach&lt;\/p&gt;\n\" data-medium-file=\"https:\/\/i0.wp.com\/www.spang.ch\/aude\/wp-content\/uploads\/2017\/05\/Screen-Shot-2017-05-13-at-18.04.03.jpg?fit=300%2C197\" data-large-file=\"https:\/\/i0.wp.com\/www.spang.ch\/aude\/wp-content\/uploads\/2017\/05\/Screen-Shot-2017-05-13-at-18.04.03.jpg?fit=1000%2C657\" tabindex=\"0\" role=\"button\" class=\"size-full wp-image-969\" src=\"https:\/\/i0.wp.com\/www.spang.ch\/aude\/wp-content\/uploads\/2017\/05\/Screen-Shot-2017-05-13-at-18.04.03.jpg?resize=1000%2C657\" alt=\"\" width=\"1000\" height=\"657\" srcset=\"https:\/\/i0.wp.com\/www.spang.ch\/aude\/wp-content\/uploads\/2017\/05\/Screen-Shot-2017-05-13-at-18.04.03.jpg?w=1014 1014w, https:\/\/i0.wp.com\/www.spang.ch\/aude\/wp-content\/uploads\/2017\/05\/Screen-Shot-2017-05-13-at-18.04.03.jpg?resize=300%2C197 300w, https:\/\/i0.wp.com\/www.spang.ch\/aude\/wp-content\/uploads\/2017\/05\/Screen-Shot-2017-05-13-at-18.04.03.jpg?resize=768%2C504 768w, https:\/\/i0.wp.com\/www.spang.ch\/aude\/wp-content\/uploads\/2017\/05\/Screen-Shot-2017-05-13-at-18.04.03.jpg?resize=457%2C300 457w\" sizes=\"(max-width: 1000px) 100vw, 1000px\" data-recalc-dims=\"1\" \/><\/a><figcaption id=\"caption-attachment-969\" class=\"wp-caption-text\">Rio de Janeiro &#8211; Plage de Copacabana<\/figcaption><\/figure>\n<hr \/>\n<p style=\"text-align: justify;\">Finalement, la derni\u00e8re \u00e9tape de nos vacances ensemble et de notre escapade au bout du monde fut Ilha Grande (\u00e0 prononcer \u00ab\u00a0ilia grane-dji\u00a0\u00bb), une petite \u00eele paradisiaque avant de retrouver la grisaille de nos pays d&rsquo;origine. Pas de voiture, tout de m\u00eame pas mal de touristes, mais une eau si transparent et turquoise, des palmiers et la jungle qui couvre\u00a0la montagne, tel que \u00e7a fait r\u00eaver m\u00eame quand on y est. En bus et bateau vers Ilha Grande on a fait la connaissance de Joyjeet, dit Joy, un indien qui \u00e9tudie dans une \u00e9cole fran\u00e7aise au Br\u00e9sil et \u00e9tait en week-end de d\u00e9tente. Il est vite devenu notre nouvel ami, qui a accompagn\u00e9 chaque repas et excursion sur place. Vraiment quelqu&rsquo;un de g\u00e9nial! On s&rsquo;est baign\u00e9s \u00e0 la plage de sable noir, on a d\u00e9gust\u00e9 des <em>sacol\u00e9<\/em> (petites glaces faites maison, que l&rsquo;on mange dans un fin sachet en plastique qu&rsquo;on perce \u00e0 un bout, des saveurs allant de noix de coco, mangue ou fraise-menthe \u00e0 amande-lait, vraiment succulent, et pr\u00e9par\u00e9\u00a0avec des fruits frais!), et on a f\u00eat\u00e9 l&rsquo;anniversaire d&rsquo;Emma le soir sur une jet\u00e9e en buvant des caipirinhas et en mangeant des g\u00e2teaux et desserts achet\u00e9s en route \u00e0 un vendeur ambulant qui avait une offre de sucreries digne d&rsquo;un r\u00eave.<\/p>\n<figure id=\"attachment_966\" aria-describedby=\"caption-attachment-966\" style=\"width: 1000px\" class=\"wp-caption aligncenter\"><a href=\"https:\/\/i0.wp.com\/www.spang.ch\/aude\/wp-content\/uploads\/2017\/05\/IMG_20170302_132017.jpg\"><img loading=\"lazy\" decoding=\"async\" data-attachment-id=\"966\" data-permalink=\"http:\/\/www.spang.ch\/aude\/fr\/2017\/05\/argentina-brazil-emma-a-celebration-of-everything-end-12\/img_20170302_132017\/\" data-orig-file=\"https:\/\/i0.wp.com\/www.spang.ch\/aude\/wp-content\/uploads\/2017\/05\/IMG_20170302_132017.jpg?fit=4160%2C3120\" data-orig-size=\"4160,3120\" data-comments-opened=\"1\" data-image-meta=\"{&quot;aperture&quot;:&quot;0&quot;,&quot;credit&quot;:&quot;&quot;,&quot;camera&quot;:&quot;&quot;,&quot;caption&quot;:&quot;&quot;,&quot;created_timestamp&quot;:&quot;0&quot;,&quot;copyright&quot;:&quot;&quot;,&quot;focal_length&quot;:&quot;0&quot;,&quot;iso&quot;:&quot;0&quot;,&quot;shutter_speed&quot;:&quot;0&quot;,&quot;title&quot;:&quot;&quot;,&quot;orientation&quot;:&quot;0&quot;}\" data-image-title=\"IMG_20170302_132017\" data-image-description=\"\" data-image-caption=\"&lt;p&gt;Ilha Grande&lt;\/p&gt;\n\" data-medium-file=\"https:\/\/i0.wp.com\/www.spang.ch\/aude\/wp-content\/uploads\/2017\/05\/IMG_20170302_132017.jpg?fit=300%2C225\" data-large-file=\"https:\/\/i0.wp.com\/www.spang.ch\/aude\/wp-content\/uploads\/2017\/05\/IMG_20170302_132017.jpg?fit=1000%2C750\" tabindex=\"0\" role=\"button\" class=\"size-large wp-image-966\" src=\"https:\/\/i0.wp.com\/www.spang.ch\/aude\/wp-content\/uploads\/2017\/05\/IMG_20170302_132017.jpg?resize=1000%2C750\" alt=\"\" width=\"1000\" height=\"750\" srcset=\"https:\/\/i0.wp.com\/www.spang.ch\/aude\/wp-content\/uploads\/2017\/05\/IMG_20170302_132017.jpg?resize=1024%2C768 1024w, https:\/\/i0.wp.com\/www.spang.ch\/aude\/wp-content\/uploads\/2017\/05\/IMG_20170302_132017.jpg?resize=300%2C225 300w, https:\/\/i0.wp.com\/www.spang.ch\/aude\/wp-content\/uploads\/2017\/05\/IMG_20170302_132017.jpg?resize=768%2C576 768w, https:\/\/i0.wp.com\/www.spang.ch\/aude\/wp-content\/uploads\/2017\/05\/IMG_20170302_132017.jpg?resize=400%2C300 400w, https:\/\/i0.wp.com\/www.spang.ch\/aude\/wp-content\/uploads\/2017\/05\/IMG_20170302_132017.jpg?w=2000 2000w, https:\/\/i0.wp.com\/www.spang.ch\/aude\/wp-content\/uploads\/2017\/05\/IMG_20170302_132017.jpg?w=3000 3000w\" sizes=\"(max-width: 1000px) 100vw, 1000px\" data-recalc-dims=\"1\" \/><\/a><figcaption id=\"caption-attachment-966\" class=\"wp-caption-text\">Ilha Grande<\/figcaption><\/figure>\n<p style=\"text-align: justify;\">On a \u00e9galement fait une rando de 2h \u00e0 travers la jungle pour arriver \u00e0 la plage Lopez Mendez, de l&rsquo;autre c\u00f4t\u00e9 de l&rsquo;\u00eele, avec Joy et Fran\u00e7ois, un fran\u00e7ais rencontr\u00e9 au d\u00e9tour d&rsquo;une cr\u00eape \u00e0 la farine de tapioca, sp\u00e9cialit\u00e9 locale gourmande.\u00a0Ce n&rsquo;est certes pas la plage la moins fr\u00e9quent\u00e9e de l&rsquo;\u00eele, parce qu&rsquo;elle est tr\u00e8s connue, mais c&rsquo;\u00e9tait la plus accessible \u00e9tant donn\u00e9 le temps qu&rsquo;on avait et qu&rsquo;on voulait y passer. Et puis peu de gens font vraiment la rando, beaucoup d&rsquo;entre eux arrivent en bateau.<\/p>\n<figure id=\"attachment_968\" aria-describedby=\"caption-attachment-968\" style=\"width: 450px\" class=\"wp-caption aligncenter\"><a href=\"https:\/\/i0.wp.com\/www.spang.ch\/aude\/wp-content\/uploads\/2017\/05\/Screen-Shot-2017-05-13-at-18.03.48.jpg\"><img loading=\"lazy\" decoding=\"async\" data-attachment-id=\"968\" data-permalink=\"http:\/\/www.spang.ch\/aude\/fr\/2017\/05\/argentina-brazil-emma-a-celebration-of-everything-end-12\/screen-shot-2017-05-13-at-18-03-48\/\" data-orig-file=\"https:\/\/i0.wp.com\/www.spang.ch\/aude\/wp-content\/uploads\/2017\/05\/Screen-Shot-2017-05-13-at-18.03.48.jpg?fit=450%2C679\" data-orig-size=\"450,679\" data-comments-opened=\"1\" data-image-meta=\"{&quot;aperture&quot;:&quot;0&quot;,&quot;credit&quot;:&quot;&quot;,&quot;camera&quot;:&quot;&quot;,&quot;caption&quot;:&quot;&quot;,&quot;created_timestamp&quot;:&quot;0&quot;,&quot;copyright&quot;:&quot;&quot;,&quot;focal_length&quot;:&quot;0&quot;,&quot;iso&quot;:&quot;0&quot;,&quot;shutter_speed&quot;:&quot;0&quot;,&quot;title&quot;:&quot;&quot;,&quot;orientation&quot;:&quot;0&quot;}\" data-image-title=\"Screen Shot 2017-05-13 at 18.03.48\" data-image-description=\"\" data-image-caption=\"&lt;p&gt;Ilha Grande&lt;\/p&gt;\n\" data-medium-file=\"https:\/\/i0.wp.com\/www.spang.ch\/aude\/wp-content\/uploads\/2017\/05\/Screen-Shot-2017-05-13-at-18.03.48.jpg?fit=199%2C300\" data-large-file=\"https:\/\/i0.wp.com\/www.spang.ch\/aude\/wp-content\/uploads\/2017\/05\/Screen-Shot-2017-05-13-at-18.03.48.jpg?fit=450%2C679\" tabindex=\"0\" role=\"button\" class=\"size-full wp-image-968\" src=\"https:\/\/i0.wp.com\/www.spang.ch\/aude\/wp-content\/uploads\/2017\/05\/Screen-Shot-2017-05-13-at-18.03.48.jpg?resize=450%2C679\" alt=\"\" width=\"450\" height=\"679\" srcset=\"https:\/\/i0.wp.com\/www.spang.ch\/aude\/wp-content\/uploads\/2017\/05\/Screen-Shot-2017-05-13-at-18.03.48.jpg?w=450 450w, https:\/\/i0.wp.com\/www.spang.ch\/aude\/wp-content\/uploads\/2017\/05\/Screen-Shot-2017-05-13-at-18.03.48.jpg?resize=199%2C300 199w\" sizes=\"(max-width: 450px) 100vw, 450px\" data-recalc-dims=\"1\" \/><\/a><figcaption id=\"caption-attachment-968\" class=\"wp-caption-text\">Ilha Grande<\/figcaption><\/figure>\n<figure id=\"attachment_963\" aria-describedby=\"caption-attachment-963\" style=\"width: 1000px\" class=\"wp-caption aligncenter\"><a href=\"https:\/\/i0.wp.com\/www.spang.ch\/aude\/wp-content\/uploads\/2017\/05\/IMG_7817.jpg\"><img loading=\"lazy\" decoding=\"async\" data-attachment-id=\"963\" data-permalink=\"http:\/\/www.spang.ch\/aude\/fr\/2017\/05\/argentina-brazil-emma-a-celebration-of-everything-end-12\/img_7817\/\" data-orig-file=\"https:\/\/i0.wp.com\/www.spang.ch\/aude\/wp-content\/uploads\/2017\/05\/IMG_7817.jpg?fit=5184%2C3456\" data-orig-size=\"5184,3456\" data-comments-opened=\"1\" data-image-meta=\"{&quot;aperture&quot;:&quot;0&quot;,&quot;credit&quot;:&quot;&quot;,&quot;camera&quot;:&quot;&quot;,&quot;caption&quot;:&quot;&quot;,&quot;created_timestamp&quot;:&quot;0&quot;,&quot;copyright&quot;:&quot;&quot;,&quot;focal_length&quot;:&quot;0&quot;,&quot;iso&quot;:&quot;0&quot;,&quot;shutter_speed&quot;:&quot;0&quot;,&quot;title&quot;:&quot;&quot;,&quot;orientation&quot;:&quot;0&quot;}\" data-image-title=\"IMG_7817\" data-image-description=\"\" data-image-caption=\"&lt;p&gt;Ilha Grande&lt;\/p&gt;\n\" data-medium-file=\"https:\/\/i0.wp.com\/www.spang.ch\/aude\/wp-content\/uploads\/2017\/05\/IMG_7817.jpg?fit=300%2C200\" data-large-file=\"https:\/\/i0.wp.com\/www.spang.ch\/aude\/wp-content\/uploads\/2017\/05\/IMG_7817.jpg?fit=1000%2C667\" tabindex=\"0\" role=\"button\" class=\"size-large wp-image-963\" src=\"https:\/\/i0.wp.com\/www.spang.ch\/aude\/wp-content\/uploads\/2017\/05\/IMG_7817.jpg?resize=1000%2C667\" alt=\"\" width=\"1000\" height=\"667\" srcset=\"https:\/\/i0.wp.com\/www.spang.ch\/aude\/wp-content\/uploads\/2017\/05\/IMG_7817.jpg?resize=1024%2C683 1024w, https:\/\/i0.wp.com\/www.spang.ch\/aude\/wp-content\/uploads\/2017\/05\/IMG_7817.jpg?resize=300%2C200 300w, https:\/\/i0.wp.com\/www.spang.ch\/aude\/wp-content\/uploads\/2017\/05\/IMG_7817.jpg?resize=768%2C512 768w, https:\/\/i0.wp.com\/www.spang.ch\/aude\/wp-content\/uploads\/2017\/05\/IMG_7817.jpg?resize=960%2C640 960w, https:\/\/i0.wp.com\/www.spang.ch\/aude\/wp-content\/uploads\/2017\/05\/IMG_7817.jpg?resize=450%2C300 450w, https:\/\/i0.wp.com\/www.spang.ch\/aude\/wp-content\/uploads\/2017\/05\/IMG_7817.jpg?w=2000 2000w, https:\/\/i0.wp.com\/www.spang.ch\/aude\/wp-content\/uploads\/2017\/05\/IMG_7817.jpg?w=3000 3000w\" sizes=\"(max-width: 1000px) 100vw, 1000px\" data-recalc-dims=\"1\" \/><\/a><figcaption id=\"caption-attachment-963\" class=\"wp-caption-text\">Ilha Grande<\/figcaption><\/figure>\n<p style=\"text-align: justify;\">Nous, on a ador\u00e9 transpirer \u00e0 travers la beaut\u00e9 de la nature sauvage. Comme on est pass\u00e9s par trois plages avant d&rsquo;arriver \u00e0 destination, on a aussi pu se baigner sur des plages enti\u00e8rement d\u00e9sertes en route, ce qui fut sympa. Et sur place il n&rsquo;y avait pas non plus tant de monde que \u00e7a, on a bien pu profiter de la blancheur du sable, la chaleur du soleil, et la transparence de l&rsquo;eau, un d\u00e9lice! Pile ce dont on avait besoin pour recharger nos batteries avant de prendre le bateau qui nous ramenait au village (pas d&rsquo;autre moyen que le bateau ou la rando). Une fois on s&rsquo;est aussi baign\u00e9es dans la rivi\u00e8re derri\u00e8re notre h\u00f4tel, d&rsquo;ailleurs! Tout, durant le temps qu&rsquo;on a pass\u00e9 ensemble, fut vraiment parfait, on se sera fait de sacr\u00e9s souvenirs ensemble.<\/p>\n<figure id=\"attachment_967\" aria-describedby=\"caption-attachment-967\" style=\"width: 902px\" class=\"wp-caption aligncenter\"><a href=\"https:\/\/i0.wp.com\/www.spang.ch\/aude\/wp-content\/uploads\/2017\/05\/Screen-Shot-2017-05-13-at-18.03.30.jpg\"><img loading=\"lazy\" decoding=\"async\" data-attachment-id=\"967\" data-permalink=\"http:\/\/www.spang.ch\/aude\/fr\/2017\/05\/argentina-brazil-emma-a-celebration-of-everything-end-12\/screen-shot-2017-05-13-at-18-03-30\/\" data-orig-file=\"https:\/\/i0.wp.com\/www.spang.ch\/aude\/wp-content\/uploads\/2017\/05\/Screen-Shot-2017-05-13-at-18.03.30.jpg?fit=902%2C681\" data-orig-size=\"902,681\" data-comments-opened=\"1\" data-image-meta=\"{&quot;aperture&quot;:&quot;0&quot;,&quot;credit&quot;:&quot;&quot;,&quot;camera&quot;:&quot;&quot;,&quot;caption&quot;:&quot;&quot;,&quot;created_timestamp&quot;:&quot;0&quot;,&quot;copyright&quot;:&quot;&quot;,&quot;focal_length&quot;:&quot;0&quot;,&quot;iso&quot;:&quot;0&quot;,&quot;shutter_speed&quot;:&quot;0&quot;,&quot;title&quot;:&quot;&quot;,&quot;orientation&quot;:&quot;0&quot;}\" data-image-title=\"Screen Shot 2017-05-13 at 18.03.30\" data-image-description=\"\" data-image-caption=\"&lt;p&gt;Ilha Grande&lt;\/p&gt;\n\" data-medium-file=\"https:\/\/i0.wp.com\/www.spang.ch\/aude\/wp-content\/uploads\/2017\/05\/Screen-Shot-2017-05-13-at-18.03.30.jpg?fit=300%2C226\" data-large-file=\"https:\/\/i0.wp.com\/www.spang.ch\/aude\/wp-content\/uploads\/2017\/05\/Screen-Shot-2017-05-13-at-18.03.30.jpg?fit=902%2C681\" tabindex=\"0\" role=\"button\" class=\"size-full wp-image-967\" src=\"https:\/\/i0.wp.com\/www.spang.ch\/aude\/wp-content\/uploads\/2017\/05\/Screen-Shot-2017-05-13-at-18.03.30.jpg?resize=902%2C681\" alt=\"\" width=\"902\" height=\"681\" srcset=\"https:\/\/i0.wp.com\/www.spang.ch\/aude\/wp-content\/uploads\/2017\/05\/Screen-Shot-2017-05-13-at-18.03.30.jpg?w=902 902w, https:\/\/i0.wp.com\/www.spang.ch\/aude\/wp-content\/uploads\/2017\/05\/Screen-Shot-2017-05-13-at-18.03.30.jpg?resize=300%2C226 300w, https:\/\/i0.wp.com\/www.spang.ch\/aude\/wp-content\/uploads\/2017\/05\/Screen-Shot-2017-05-13-at-18.03.30.jpg?resize=768%2C580 768w, https:\/\/i0.wp.com\/www.spang.ch\/aude\/wp-content\/uploads\/2017\/05\/Screen-Shot-2017-05-13-at-18.03.30.jpg?resize=397%2C300 397w\" sizes=\"(max-width: 902px) 100vw, 902px\" data-recalc-dims=\"1\" \/><\/a><figcaption id=\"caption-attachment-967\" class=\"wp-caption-text\">Ilha Grande<\/figcaption><\/figure>\n<figure id=\"attachment_994\" aria-describedby=\"caption-attachment-994\" style=\"width: 1000px\" class=\"wp-caption aligncenter\"><a href=\"https:\/\/i0.wp.com\/www.spang.ch\/aude\/wp-content\/uploads\/2017\/05\/GOPR6014.jpg\"><img loading=\"lazy\" decoding=\"async\" data-attachment-id=\"994\" data-permalink=\"http:\/\/www.spang.ch\/aude\/fr\/2017\/05\/argentina-brazil-emma-a-celebration-of-everything-end-12\/gopr6014\/\" data-orig-file=\"https:\/\/i0.wp.com\/www.spang.ch\/aude\/wp-content\/uploads\/2017\/05\/GOPR6014.jpg?fit=3680%2C2760\" data-orig-size=\"3680,2760\" data-comments-opened=\"1\" data-image-meta=\"{&quot;aperture&quot;:&quot;0&quot;,&quot;credit&quot;:&quot;&quot;,&quot;camera&quot;:&quot;&quot;,&quot;caption&quot;:&quot;&quot;,&quot;created_timestamp&quot;:&quot;0&quot;,&quot;copyright&quot;:&quot;&quot;,&quot;focal_length&quot;:&quot;0&quot;,&quot;iso&quot;:&quot;0&quot;,&quot;shutter_speed&quot;:&quot;0&quot;,&quot;title&quot;:&quot;&quot;,&quot;orientation&quot;:&quot;0&quot;}\" data-image-title=\"GOPR6014\" data-image-description=\"\" data-image-caption=\"&lt;p&gt;Avec Emma et Joy&lt;\/p&gt;\n\" data-medium-file=\"https:\/\/i0.wp.com\/www.spang.ch\/aude\/wp-content\/uploads\/2017\/05\/GOPR6014.jpg?fit=300%2C225\" data-large-file=\"https:\/\/i0.wp.com\/www.spang.ch\/aude\/wp-content\/uploads\/2017\/05\/GOPR6014.jpg?fit=1000%2C750\" tabindex=\"0\" role=\"button\" class=\"size-large wp-image-994\" src=\"https:\/\/i0.wp.com\/www.spang.ch\/aude\/wp-content\/uploads\/2017\/05\/GOPR6014.jpg?resize=1000%2C750\" alt=\"\" width=\"1000\" height=\"750\" srcset=\"https:\/\/i0.wp.com\/www.spang.ch\/aude\/wp-content\/uploads\/2017\/05\/GOPR6014.jpg?resize=1024%2C768 1024w, https:\/\/i0.wp.com\/www.spang.ch\/aude\/wp-content\/uploads\/2017\/05\/GOPR6014.jpg?resize=300%2C225 300w, https:\/\/i0.wp.com\/www.spang.ch\/aude\/wp-content\/uploads\/2017\/05\/GOPR6014.jpg?resize=768%2C576 768w, https:\/\/i0.wp.com\/www.spang.ch\/aude\/wp-content\/uploads\/2017\/05\/GOPR6014.jpg?resize=400%2C300 400w, https:\/\/i0.wp.com\/www.spang.ch\/aude\/wp-content\/uploads\/2017\/05\/GOPR6014.jpg?w=2000 2000w, https:\/\/i0.wp.com\/www.spang.ch\/aude\/wp-content\/uploads\/2017\/05\/GOPR6014.jpg?w=3000 3000w\" sizes=\"(max-width: 1000px) 100vw, 1000px\" data-recalc-dims=\"1\" \/><\/a><figcaption id=\"caption-attachment-994\" class=\"wp-caption-text\">Avec Emma et Joy<\/figcaption><\/figure>\n<p style=\"text-align: justify;\">Et puis voil\u00e0, on n&rsquo;a jamais assez de temps et tout est trop court, il fallait malheureusement d\u00e9j\u00e0 saluer Joy et retourner \u00e0 SP pour qu&rsquo;Emma prenne son vol pour Londres. En route, on a remont\u00e9 la C\u00f4te Emeraude tachet\u00e9e de jolies plages o\u00f9 l&rsquo;on se serait volontiers arr\u00eat\u00e9es. D&rsquo;ailleurs on aurait volontiers pass\u00e9 plus de temps \u00e0 Rio ou Ilha Grande, mais on \u00e9tait finalement les deux contentes de ce qu&rsquo;on a fait ensemble, tout valait la peine! On a dormi\u00a0chez des amis italiens rencontr\u00e9s durant mon Erasmus \u00e0 Florence, Irene et Lorenzo, et puis il \u00e9tait d\u00e9j\u00e0 temps de nous dire \u00e0 la prochaine. On se reverra probablement dans 13 mois, si pas avant, peut-\u00eatre \u00e0 Londres o\u00f9 je me dois d&rsquo;aller rendre visite \u00e0 ma fantastique amie, ou ailleurs dans le monde! On disait que notre \u00ab\u00a0histoire d&rsquo;amour\u00a0\u00bb d&rsquo;amiti\u00e9 nous ferait probablement nous rencontrer en Antarctique ou sur la lune, pour une prochaine destination chaque fois\u00a0plus exotique! Ce qui est s\u00fbr, c&rsquo;est que c&rsquo;est une amiti\u00e9 qui durera, o\u00f9 que nos pas nous m\u00e8nent, et que nous continuerons \u00e0 danser, rire, d\u00e9couvrir, savourer, c\u00e9l\u00e9brer la vie ensemble. R\u00e9sumant la situation \u00e0 merveille, Joy \u00e9crivit sur Facebook, peu apr\u00e8s nous avoir quitt\u00e9es, cette phrase magnifique: \u00ab\u00a0Je tiens \u00e0 le pr\u00e9ciser, les \u00e2mes se reconnaissent entre elles quand elles se sont rencontr\u00e9es dans des vies ant\u00e9rieures.\u00a0\u00bb A la prochaine, mes chers amis.<\/p>\n<p style=\"text-align: center;\"><strong>Pour voir plus de photos de Buenos Aires et Igua\u00e7u, <a href=\"https:\/\/goo.gl\/photos\/WGKaWJNpQnNrUoXPA\">clique ici<\/a><\/strong><\/p>\n<p style=\"text-align: center;\"><strong>Pour plus de photos du Br\u00e9sil: Igua\u00e7u, Sa\u00f5 Paulo, Rio de Janeiro et Ilha Grande; <a href=\"https:\/\/goo.gl\/photos\/vrasdStuzpmocNYW7\">clique ici<\/a><\/strong><\/p>\n<p><figure id=\"attachment_982\" aria-describedby=\"caption-attachment-982\" style=\"width: 1000px\" class=\"wp-caption aligncenter\"><a href=\"https:\/\/i0.wp.com\/www.spang.ch\/aude\/wp-content\/uploads\/2017\/05\/edited_IMG_20170304_140552.jpg\"><img loading=\"lazy\" decoding=\"async\" data-attachment-id=\"982\" data-permalink=\"http:\/\/www.spang.ch\/aude\/fr\/2017\/05\/argentina-brazil-emma-a-celebration-of-everything-end-12\/edited_img_20170304_140552\/\" data-orig-file=\"https:\/\/i0.wp.com\/www.spang.ch\/aude\/wp-content\/uploads\/2017\/05\/edited_IMG_20170304_140552.jpg?fit=1296%2C972\" data-orig-size=\"1296,972\" data-comments-opened=\"1\" data-image-meta=\"{&quot;aperture&quot;:&quot;0&quot;,&quot;credit&quot;:&quot;&quot;,&quot;camera&quot;:&quot;&quot;,&quot;caption&quot;:&quot;&quot;,&quot;created_timestamp&quot;:&quot;0&quot;,&quot;copyright&quot;:&quot;&quot;,&quot;focal_length&quot;:&quot;0&quot;,&quot;iso&quot;:&quot;0&quot;,&quot;shutter_speed&quot;:&quot;0&quot;,&quot;title&quot;:&quot;&quot;,&quot;orientation&quot;:&quot;0&quot;}\" data-image-title=\"edited_IMG_20170304_140552\" data-image-description=\"\" data-image-caption=\"&lt;p&gt;The Sun&amp;rsquo;s daughters&lt;\/p&gt;\n\" data-medium-file=\"https:\/\/i0.wp.com\/www.spang.ch\/aude\/wp-content\/uploads\/2017\/05\/edited_IMG_20170304_140552.jpg?fit=300%2C225\" data-large-file=\"https:\/\/i0.wp.com\/www.spang.ch\/aude\/wp-content\/uploads\/2017\/05\/edited_IMG_20170304_140552.jpg?fit=1000%2C750\" tabindex=\"0\" role=\"button\" class=\"wp-image-982 size-large\" src=\"https:\/\/i0.wp.com\/www.spang.ch\/aude\/wp-content\/uploads\/2017\/05\/edited_IMG_20170304_140552.jpg?resize=1000%2C750\" alt=\"\" width=\"1000\" height=\"750\" srcset=\"https:\/\/i0.wp.com\/www.spang.ch\/aude\/wp-content\/uploads\/2017\/05\/edited_IMG_20170304_140552.jpg?resize=1024%2C768 1024w, https:\/\/i0.wp.com\/www.spang.ch\/aude\/wp-content\/uploads\/2017\/05\/edited_IMG_20170304_140552.jpg?resize=300%2C225 300w, https:\/\/i0.wp.com\/www.spang.ch\/aude\/wp-content\/uploads\/2017\/05\/edited_IMG_20170304_140552.jpg?resize=768%2C576 768w, https:\/\/i0.wp.com\/www.spang.ch\/aude\/wp-content\/uploads\/2017\/05\/edited_IMG_20170304_140552.jpg?resize=400%2C300 400w, https:\/\/i0.wp.com\/www.spang.ch\/aude\/wp-content\/uploads\/2017\/05\/edited_IMG_20170304_140552.jpg?w=1296 1296w\" sizes=\"(max-width: 1000px) 100vw, 1000px\" data-recalc-dims=\"1\" \/><\/a><figcaption id=\"caption-attachment-982\" class=\"wp-caption-text\">Les filles du soleil<\/figcaption><\/figure><\/p>","protected":false},"excerpt":{"rendered":"<p>Fin novembre pass\u00e9, mon amie Emma m&rsquo;a contact\u00e9e en disant qu&rsquo;elle \u00e9tait tr\u00e8s inspir\u00e9e par mon voyage et entretenait\u00a0un peu le r\u00eave de venir me rejoindre, peut-\u00eatre vers janvier-f\u00e9vrier. On en a plus reparl\u00e9 pendant longtemps, le voyage a continu\u00e9, et d\u00e9but janvier je lui demande ce qu&rsquo;il en est; les choses \u00e9taient tr\u00e8s peu&#8230; <\/p>\n<div class=\"link-more\"><a href=\"http:\/\/www.spang.ch\/aude\/fr\/2017\/05\/argentina-brazil-emma-a-celebration-of-everything-end-12\/\">En savoir plus<\/a><\/div>\n","protected":false},"author":1,"featured_media":958,"comment_status":"open","ping_status":"open","sticky":false,"template":"","format":"standard","meta":{"jetpack_post_was_ever_published":false,"_jetpack_newsletter_access":"","_jetpack_dont_email_post_to_subs":false,"_jetpack_newsletter_tier_id":0,"_jetpack_memberships_contains_paywalled_content":false,"_jetpack_memberships_contains_paid_content":false,"footnotes":"","jetpack_publicize_message":"","jetpack_publicize_feature_enabled":true,"jetpack_social_post_already_shared":true,"jetpack_social_options":{"image_generator_settings":{"template":"highway","enabled":false},"version":2}},"categories":[4],"tags":[],"jetpack_publicize_connections":[],"jetpack_featured_media_url":"https:\/\/i0.wp.com\/www.spang.ch\/aude\/wp-content\/uploads\/2017\/05\/IMG_7463.jpg?fit=5184%2C3456","jetpack_shortlink":"https:\/\/wp.me\/p7EYAh-bV","jetpack-related-posts":[],"jetpack_likes_enabled":true,"jetpack_sharing_enabled":true,"_links":{"self":[{"href":"http:\/\/www.spang.ch\/aude\/fr\/wp-json\/wp\/v2\/posts\/739"}],"collection":[{"href":"http:\/\/www.spang.ch\/aude\/fr\/wp-json\/wp\/v2\/posts"}],"about":[{"href":"http:\/\/www.spang.ch\/aude\/fr\/wp-json\/wp\/v2\/types\/post"}],"author":[{"embeddable":true,"href":"http:\/\/www.spang.ch\/aude\/fr\/wp-json\/wp\/v2\/users\/1"}],"replies":[{"embeddable":true,"href":"http:\/\/www.spang.ch\/aude\/fr\/wp-json\/wp\/v2\/comments?post=739"}],"version-history":[{"count":68,"href":"http:\/\/www.spang.ch\/aude\/fr\/wp-json\/wp\/v2\/posts\/739\/revisions"}],"predecessor-version":[{"id":1003,"href":"http:\/\/www.spang.ch\/aude\/fr\/wp-json\/wp\/v2\/posts\/739\/revisions\/1003"}],"wp:featuredmedia":[{"embeddable":true,"href":"http:\/\/www.spang.ch\/aude\/fr\/wp-json\/wp\/v2\/media\/958"}],"wp:attachment":[{"href":"http:\/\/www.spang.ch\/aude\/fr\/wp-json\/wp\/v2\/media?parent=739"}],"wp:term":[{"taxonomy":"category","embeddable":true,"href":"http:\/\/www.spang.ch\/aude\/fr\/wp-json\/wp\/v2\/categories?post=739"},{"taxonomy":"post_tag","embeddable":true,"href":"http:\/\/www.spang.ch\/aude\/fr\/wp-json\/wp\/v2\/tags?post=739"}],"curies":[{"name":"wp","href":"https:\/\/api.w.org\/{rel}","templated":true}]}}