{"id":737,"date":"2017-04-05T16:00:37","date_gmt":"2017-04-05T14:00:37","guid":{"rendered":"http:\/\/www.spang.ch\/aude\/?p=737"},"modified":"2017-04-05T16:00:37","modified_gmt":"2017-04-05T14:00:37","slug":"patagonia-que-buena-onda","status":"publish","type":"post","link":"http:\/\/www.spang.ch\/aude\/fr\/2017\/04\/patagonia-que-buena-onda\/","title":{"rendered":"Patagonie: qu\u00e9 buena onda!"},"content":{"rendered":"<p><figure id=\"attachment_809\" aria-describedby=\"caption-attachment-809\" style=\"width: 1000px\" class=\"wp-caption aligncenter\"><a href=\"https:\/\/i0.wp.com\/www.spang.ch\/aude\/wp-content\/uploads\/2017\/04\/IMG_4945.jpg\"><img loading=\"lazy\" decoding=\"async\" data-attachment-id=\"809\" data-permalink=\"http:\/\/www.spang.ch\/aude\/fr\/2017\/04\/patagonia-que-buena-onda\/img_4945\/\" data-orig-file=\"https:\/\/i0.wp.com\/www.spang.ch\/aude\/wp-content\/uploads\/2017\/04\/IMG_4945.jpg?fit=5184%2C3456\" data-orig-size=\"5184,3456\" data-comments-opened=\"1\" data-image-meta=\"{&quot;aperture&quot;:&quot;0&quot;,&quot;credit&quot;:&quot;&quot;,&quot;camera&quot;:&quot;&quot;,&quot;caption&quot;:&quot;&quot;,&quot;created_timestamp&quot;:&quot;0&quot;,&quot;copyright&quot;:&quot;&quot;,&quot;focal_length&quot;:&quot;0&quot;,&quot;iso&quot;:&quot;0&quot;,&quot;shutter_speed&quot;:&quot;0&quot;,&quot;title&quot;:&quot;&quot;,&quot;orientation&quot;:&quot;0&quot;}\" data-image-title=\"IMG_4945\" data-image-description=\"\" data-image-caption=\"&lt;p&gt;Bariloche&lt;\/p&gt;\n\" data-medium-file=\"https:\/\/i0.wp.com\/www.spang.ch\/aude\/wp-content\/uploads\/2017\/04\/IMG_4945.jpg?fit=300%2C200\" data-large-file=\"https:\/\/i0.wp.com\/www.spang.ch\/aude\/wp-content\/uploads\/2017\/04\/IMG_4945.jpg?fit=1000%2C667\" tabindex=\"0\" role=\"button\" class=\"size-large wp-image-809\" src=\"https:\/\/i0.wp.com\/www.spang.ch\/aude\/wp-content\/uploads\/2017\/04\/IMG_4945.jpg?resize=1000%2C667\" alt=\"\" width=\"1000\" height=\"667\" srcset=\"https:\/\/i0.wp.com\/www.spang.ch\/aude\/wp-content\/uploads\/2017\/04\/IMG_4945.jpg?resize=1024%2C683 1024w, https:\/\/i0.wp.com\/www.spang.ch\/aude\/wp-content\/uploads\/2017\/04\/IMG_4945.jpg?resize=300%2C200 300w, https:\/\/i0.wp.com\/www.spang.ch\/aude\/wp-content\/uploads\/2017\/04\/IMG_4945.jpg?resize=768%2C512 768w, https:\/\/i0.wp.com\/www.spang.ch\/aude\/wp-content\/uploads\/2017\/04\/IMG_4945.jpg?resize=960%2C640 960w, https:\/\/i0.wp.com\/www.spang.ch\/aude\/wp-content\/uploads\/2017\/04\/IMG_4945.jpg?resize=450%2C300 450w, https:\/\/i0.wp.com\/www.spang.ch\/aude\/wp-content\/uploads\/2017\/04\/IMG_4945.jpg?w=2000 2000w, https:\/\/i0.wp.com\/www.spang.ch\/aude\/wp-content\/uploads\/2017\/04\/IMG_4945.jpg?w=3000 3000w\" sizes=\"(max-width: 1000px) 100vw, 1000px\" data-recalc-dims=\"1\" \/><\/a><figcaption id=\"caption-attachment-809\" class=\"wp-caption-text\">Bariloche<\/figcaption><\/figure><\/p>\n<p style=\"text-align: justify;\">La Patagonie a clairement \u00e9t\u00e9 l&rsquo;un de mes gros coups de c\u0153ur du voyage, et je suis extr\u00eamement heureuse d&rsquo;avoir r\u00e9ussi \u00e0\/eu le temps de la d\u00e9couvrir (un peu). En gros, je suis pass\u00e9e d&rsquo;un c\u00f4t\u00e9 \u00e0 l&rsquo;autre de la Cordill\u00e8re des Andes, en descendant toujours plus au sud en direction de l&rsquo;Antarctique (que je n&rsquo;ai pas atteint, on va garder \u00e7a pour un prochain voyage!). C&rsquo;\u00e9tait tr\u00e8s marrant de constater qu&rsquo;en effet l&rsquo;accent en espagnol change v\u00e9ritablement juste en passant la fronti\u00e8re, ainsi que les habitudes (les gens boivent tout de m\u00eame plus de mat\u00e9 du c\u00f4t\u00e9 argentin). La Patagonie est un territoire sp\u00e9cial, immense, recouvrant tout le sud du continent \u00e0 partir d&rsquo;un fleuve au sud de Buenos Aires, et o\u00f9 la peau est particuli\u00e8rement expos\u00e9e aux coups de soleil en raison du trou dans la couche d&rsquo;ozone qui se trouve juste en-dessus de l&rsquo;ensemble de la r\u00e9gion. Auparavant, il y a eu une p\u00e9riode o\u00f9 l&rsquo;ensemble de ce territoire appartenait au Chili, puis l&rsquo;Argentine s&rsquo;en est empar\u00e9 et maintenant la partie chilienne se contente de longer la c\u00f4te, m&rsquo;a dit un ami chilien (mais, a-t-il ajout\u00e9, toutes les vues\u00a0les plus belles de la Patagonie sont rest\u00e9es entre mains chiliennes). Un ami argentin a r\u00e9pondu \u00e0 cela que non seulement la Patagonie appartenait surtout aux indig\u00e8nes Mapuche avant tout,* mais qu&rsquo;en plus il y a un dicton qui dit qu&rsquo; \u00ab\u00a0il n&rsquo;y a rien de plus dangereux qu&rsquo;un chilien en train de dessiner une carte\u00a0\u00bb &#8211; la traditionnelle rivalit\u00e9 de voisinage que j&rsquo;avais mentionn\u00e9 dans un article r\u00e9cent, que tous rient beaucoup d&rsquo;entretenir.<\/p>\n<p style=\"text-align: justify;\"><small>*D&rsquo;ailleurs les Mapuche ne sont encore pas exactement trait\u00e9s en ma\u00eetres de ces terres, bien qu&rsquo;ils y aient toujours r\u00e9sid\u00e9, contrairement aux \u00ab\u00a0r\u00e9cents\u00a0\u00bb arrivants occidentaux. En ce moment, la lutte continue, contre un acteur qui n&rsquo;est autre que la marque de v\u00eatements Benetton, qui \u00ab\u00a0poss\u00e8de\u00a0\u00bb tout une partie du territoire patagonien (\u00ab\u00a0plus grand propri\u00e9taire terrien d&rsquo;Argentine\u00a0\u00bb) afin d&rsquo;y faire pousser des mati\u00e8res premi\u00e8res qu&rsquo;ils peuvent ensuite utiliser et transformer\u00a0en produits finis pour leurs clients. Je cite un article: \u00ab\u00a0<em>Chez les Mapuche, pr\u00e9sents depuis des si\u00e8cles, la propri\u00e9t\u00e9 priv\u00e9e n&rsquo;existe pas. L&rsquo;homme appartient \u00e0 la terre, et non l&rsquo;inverse. Dur d&rsquo;expliquer tout \u00e7a au [groupe] Benetton<\/em>.\u00a0\u00bb<\/small><\/p>\n<figure id=\"attachment_814\" aria-describedby=\"caption-attachment-814\" style=\"width: 1000px\" class=\"wp-caption aligncenter\"><a href=\"https:\/\/i0.wp.com\/www.spang.ch\/aude\/wp-content\/uploads\/2017\/04\/IMG_5194.jpg\"><img loading=\"lazy\" decoding=\"async\" data-attachment-id=\"814\" data-permalink=\"http:\/\/www.spang.ch\/aude\/fr\/2017\/04\/patagonia-que-buena-onda\/img_5194\/\" data-orig-file=\"https:\/\/i0.wp.com\/www.spang.ch\/aude\/wp-content\/uploads\/2017\/04\/IMG_5194.jpg?fit=5184%2C3456\" data-orig-size=\"5184,3456\" data-comments-opened=\"1\" data-image-meta=\"{&quot;aperture&quot;:&quot;0&quot;,&quot;credit&quot;:&quot;&quot;,&quot;camera&quot;:&quot;&quot;,&quot;caption&quot;:&quot;&quot;,&quot;created_timestamp&quot;:&quot;0&quot;,&quot;copyright&quot;:&quot;&quot;,&quot;focal_length&quot;:&quot;0&quot;,&quot;iso&quot;:&quot;0&quot;,&quot;shutter_speed&quot;:&quot;0&quot;,&quot;title&quot;:&quot;&quot;,&quot;orientation&quot;:&quot;0&quot;}\" data-image-title=\"IMG_5194\" data-image-description=\"\" data-image-caption=\"&lt;p&gt;Patagonia #1: Bariloche, El Bolson, Carretera Austral&lt;\/p&gt;\n\" data-medium-file=\"https:\/\/i0.wp.com\/www.spang.ch\/aude\/wp-content\/uploads\/2017\/04\/IMG_5194.jpg?fit=300%2C200\" data-large-file=\"https:\/\/i0.wp.com\/www.spang.ch\/aude\/wp-content\/uploads\/2017\/04\/IMG_5194.jpg?fit=1000%2C667\" tabindex=\"0\" role=\"button\" class=\"size-large wp-image-814\" src=\"https:\/\/i0.wp.com\/www.spang.ch\/aude\/wp-content\/uploads\/2017\/04\/IMG_5194.jpg?resize=1000%2C667\" alt=\"\" width=\"1000\" height=\"667\" srcset=\"https:\/\/i0.wp.com\/www.spang.ch\/aude\/wp-content\/uploads\/2017\/04\/IMG_5194.jpg?resize=1024%2C683 1024w, https:\/\/i0.wp.com\/www.spang.ch\/aude\/wp-content\/uploads\/2017\/04\/IMG_5194.jpg?resize=300%2C200 300w, https:\/\/i0.wp.com\/www.spang.ch\/aude\/wp-content\/uploads\/2017\/04\/IMG_5194.jpg?resize=768%2C512 768w, https:\/\/i0.wp.com\/www.spang.ch\/aude\/wp-content\/uploads\/2017\/04\/IMG_5194.jpg?resize=960%2C640 960w, https:\/\/i0.wp.com\/www.spang.ch\/aude\/wp-content\/uploads\/2017\/04\/IMG_5194.jpg?resize=450%2C300 450w, https:\/\/i0.wp.com\/www.spang.ch\/aude\/wp-content\/uploads\/2017\/04\/IMG_5194.jpg?w=2000 2000w, https:\/\/i0.wp.com\/www.spang.ch\/aude\/wp-content\/uploads\/2017\/04\/IMG_5194.jpg?w=3000 3000w\" sizes=\"(max-width: 1000px) 100vw, 1000px\" data-recalc-dims=\"1\" \/><\/a><figcaption id=\"caption-attachment-814\" class=\"wp-caption-text\">Autostop en Patagonie<\/figcaption><\/figure>\n<p class=\"p1\" style=\"text-align: justify;\">Mon observation personnelle est surtout que la Patagonie est patagonienne. Je trouve que les gens vivent de fa\u00e7on tr\u00e8s similaire que ce soit du c\u00f4t\u00e9 chilien ou argentin, et diff\u00e9rente du reste de leur pays respectif. Ils appr\u00e9cient et recherchent tous un certain calme et une certaine connexion avec la nature, et j&rsquo;ai beaucoup aim\u00e9 voir \u00e7a. De nombreuses personnes ont d&rsquo;ailleurs quitt\u00e9 la capitale pour venir s&rsquo;\u00e9tablir dans cette zone plus sauvage du continent. C&rsquo;est une r\u00e9gion immense et en grande partie aride et d\u00e9sertique, la fameuse <em>pampa<\/em> argentine (mot qui signifie plaine), mais qui est riche en lacs, glaciers, volcans et verdure tout le long de la Cordill\u00e8re, partie que j&rsquo;ai entendu nommer\u00a0\u00ab\u00a0la Patagonie verte\u00a0\u00bb. C&rsquo;est la r\u00e9gion du continent qui ressemble le plus \u00e0 ma petite Suisse pour son aspect vert et montagneux, le type de v\u00e9g\u00e9tation qu&rsquo;on y trouve, et le co\u00fbt de la vie et l&rsquo;impression qu&rsquo;on essaie de me faire payer tout ce qu&rsquo;on peut!<\/p>\n<figure id=\"attachment_813\" aria-describedby=\"caption-attachment-813\" style=\"width: 1000px\" class=\"wp-caption aligncenter\"><a href=\"https:\/\/i0.wp.com\/www.spang.ch\/aude\/wp-content\/uploads\/2017\/04\/IMG_5129.jpg\"><img loading=\"lazy\" decoding=\"async\" data-attachment-id=\"813\" data-permalink=\"http:\/\/www.spang.ch\/aude\/fr\/2017\/04\/patagonia-que-buena-onda\/img_5129\/\" data-orig-file=\"https:\/\/i0.wp.com\/www.spang.ch\/aude\/wp-content\/uploads\/2017\/04\/IMG_5129.jpg?fit=5184%2C3456\" data-orig-size=\"5184,3456\" data-comments-opened=\"1\" data-image-meta=\"{&quot;aperture&quot;:&quot;0&quot;,&quot;credit&quot;:&quot;&quot;,&quot;camera&quot;:&quot;&quot;,&quot;caption&quot;:&quot;&quot;,&quot;created_timestamp&quot;:&quot;0&quot;,&quot;copyright&quot;:&quot;&quot;,&quot;focal_length&quot;:&quot;0&quot;,&quot;iso&quot;:&quot;0&quot;,&quot;shutter_speed&quot;:&quot;0&quot;,&quot;title&quot;:&quot;&quot;,&quot;orientation&quot;:&quot;0&quot;}\" data-image-title=\"IMG_5129\" data-image-description=\"\" data-image-caption=\"&lt;p&gt;Autostop en Patagonie&lt;\/p&gt;\n\" data-medium-file=\"https:\/\/i0.wp.com\/www.spang.ch\/aude\/wp-content\/uploads\/2017\/04\/IMG_5129.jpg?fit=300%2C200\" data-large-file=\"https:\/\/i0.wp.com\/www.spang.ch\/aude\/wp-content\/uploads\/2017\/04\/IMG_5129.jpg?fit=1000%2C667\" tabindex=\"0\" role=\"button\" class=\"size-large wp-image-813\" src=\"https:\/\/i0.wp.com\/www.spang.ch\/aude\/wp-content\/uploads\/2017\/04\/IMG_5129.jpg?resize=1000%2C667\" alt=\"\" width=\"1000\" height=\"667\" srcset=\"https:\/\/i0.wp.com\/www.spang.ch\/aude\/wp-content\/uploads\/2017\/04\/IMG_5129.jpg?resize=1024%2C683 1024w, https:\/\/i0.wp.com\/www.spang.ch\/aude\/wp-content\/uploads\/2017\/04\/IMG_5129.jpg?resize=300%2C200 300w, https:\/\/i0.wp.com\/www.spang.ch\/aude\/wp-content\/uploads\/2017\/04\/IMG_5129.jpg?resize=768%2C512 768w, https:\/\/i0.wp.com\/www.spang.ch\/aude\/wp-content\/uploads\/2017\/04\/IMG_5129.jpg?resize=960%2C640 960w, https:\/\/i0.wp.com\/www.spang.ch\/aude\/wp-content\/uploads\/2017\/04\/IMG_5129.jpg?resize=450%2C300 450w, https:\/\/i0.wp.com\/www.spang.ch\/aude\/wp-content\/uploads\/2017\/04\/IMG_5129.jpg?w=2000 2000w, https:\/\/i0.wp.com\/www.spang.ch\/aude\/wp-content\/uploads\/2017\/04\/IMG_5129.jpg?w=3000 3000w\" sizes=\"(max-width: 1000px) 100vw, 1000px\" data-recalc-dims=\"1\" \/><\/a><figcaption id=\"caption-attachment-813\" class=\"wp-caption-text\">Autostop en Patagonie<\/figcaption><\/figure>\n<p class=\"p1\" style=\"text-align: justify;\">A part ce dernier aspect, j&rsquo;ai \u00e9videmment ador\u00e9 ces territoires sauvages aux paysages spectaculaires ou enchanteurs, et je ne manquerai pas d&rsquo;y retourner. On dit des \u00ab\u00a0gens du sud\u00a0\u00bb qu&rsquo;ils sont les plus sympathiques et chaleureux du Chili\/de l&rsquo;Argentine, et je n&rsquo;ai en effet rencontr\u00e9 que des gens fort\u00a0amicaux, que l&rsquo;on commente comme\u00a0<em>buena onda<\/em>\u00a0dans cette partie du continent, l&rsquo;une de mes expressions absolument pr\u00e9f\u00e9r\u00e9es de tout le voyage! Elle signifie litt\u00e9ralement \u00ab\u00a0bonne onde\/vibration\u00a0\u00bb, soit \u00ab\u00a0comme c&rsquo;est sympa\/agr\u00e9able\/chaleureux\/cool\/quelle bonne atmosph\u00e8re!\u00a0\u00bb et s&#8217;emploie \u00e9norm\u00e9ment l\u00e0-bas, d&rsquo;o\u00f9 le titre de cet article.<\/p>\n<figure id=\"attachment_810\" aria-describedby=\"caption-attachment-810\" style=\"width: 683px\" class=\"wp-caption aligncenter\"><a href=\"https:\/\/i0.wp.com\/www.spang.ch\/aude\/wp-content\/uploads\/2017\/04\/IMG_4981-e1491127899921.jpg\"><img loading=\"lazy\" decoding=\"async\" data-attachment-id=\"810\" data-permalink=\"http:\/\/www.spang.ch\/aude\/fr\/2017\/04\/patagonia-que-buena-onda\/img_4981\/\" data-orig-file=\"https:\/\/i0.wp.com\/www.spang.ch\/aude\/wp-content\/uploads\/2017\/04\/IMG_4981-e1491127899921.jpg?fit=3456%2C5184\" data-orig-size=\"3456,5184\" data-comments-opened=\"1\" data-image-meta=\"{&quot;aperture&quot;:&quot;0&quot;,&quot;credit&quot;:&quot;&quot;,&quot;camera&quot;:&quot;&quot;,&quot;caption&quot;:&quot;&quot;,&quot;created_timestamp&quot;:&quot;0&quot;,&quot;copyright&quot;:&quot;&quot;,&quot;focal_length&quot;:&quot;0&quot;,&quot;iso&quot;:&quot;0&quot;,&quot;shutter_speed&quot;:&quot;0&quot;,&quot;title&quot;:&quot;&quot;,&quot;orientation&quot;:&quot;0&quot;}\" data-image-title=\"IMG_4981\" data-image-description=\"\" data-image-caption=\"&lt;p&gt;Bariloche&lt;\/p&gt;\n\" data-medium-file=\"https:\/\/i0.wp.com\/www.spang.ch\/aude\/wp-content\/uploads\/2017\/04\/IMG_4981-e1491127899921.jpg?fit=200%2C300\" data-large-file=\"https:\/\/i0.wp.com\/www.spang.ch\/aude\/wp-content\/uploads\/2017\/04\/IMG_4981-e1491127899921.jpg?fit=683%2C1024\" tabindex=\"0\" role=\"button\" class=\"size-large wp-image-810\" src=\"https:\/\/i0.wp.com\/www.spang.ch\/aude\/wp-content\/uploads\/2017\/04\/IMG_4981-e1491127899921-683x1024.jpg?resize=683%2C1024\" alt=\"\" width=\"683\" height=\"1024\" srcset=\"https:\/\/i0.wp.com\/www.spang.ch\/aude\/wp-content\/uploads\/2017\/04\/IMG_4981-e1491127899921.jpg?resize=683%2C1024 683w, https:\/\/i0.wp.com\/www.spang.ch\/aude\/wp-content\/uploads\/2017\/04\/IMG_4981-e1491127899921.jpg?resize=200%2C300 200w, https:\/\/i0.wp.com\/www.spang.ch\/aude\/wp-content\/uploads\/2017\/04\/IMG_4981-e1491127899921.jpg?resize=768%2C1152 768w, https:\/\/i0.wp.com\/www.spang.ch\/aude\/wp-content\/uploads\/2017\/04\/IMG_4981-e1491127899921.jpg?w=2000 2000w, https:\/\/i0.wp.com\/www.spang.ch\/aude\/wp-content\/uploads\/2017\/04\/IMG_4981-e1491127899921.jpg?w=3000 3000w\" sizes=\"(max-width: 683px) 100vw, 683px\" data-recalc-dims=\"1\" \/><\/a><figcaption id=\"caption-attachment-810\" class=\"wp-caption-text\">Bariloche<\/figcaption><\/figure>\n<p class=\"p1\" style=\"text-align: justify;\">Apr\u00e8s avoir pass\u00e9 la fronti\u00e8re entre Osorno, au Chili, et l&rsquo;Argentine, j&rsquo;ai fait du stop pour arriver \u00e0 Bariloche\u00a0et y camper. Une gentille famille de chiliens un peu fous, en vacances en Argentine, m&rsquo;a embarqu\u00e9e dans leur \u00e9norme et vieille voiture bleu ciel, tr\u00e8s rigolo! Au son de la musique et voyant d\u00e9filer le beau lac le long duquel on roulait, j&rsquo;ai eu droit, \u00e0 l&rsquo;arri\u00e8re de cette grosse caisse d\u00e9glingu\u00e9e mais ultra fringante, \u00e0 une de mes r\u00e9v\u00e9lations de type \u00ab\u00a0ceci est un moment parfait\u00a0\u00bb que j&rsquo;ai savour\u00e9e pendant une bonne partie du trajet. Et puis a eu lieu une situation cocasse: j&rsquo;avais \u00e0 peine pos\u00e9 le pied dans la ville et j&rsquo;attendais un bus qui m&rsquo;am\u00e8nerait \u00e0 mon camping loin de l\u00e0 que passe, se baladant, Rodrigo, le gars qui bossait dans mon auberge de jeunesse \u00e0 Mendoza! Improbable\u00a0rencontre, \u00e9tant donn\u00e9 qu&rsquo;on avait m\u00eame pas \u00e9chang\u00e9 ni contact Facebook ni num\u00e9ro! Il m&rsquo;a alors propos\u00e9 de dormir chez son pote, gratuitement, et ainsi a commenc\u00e9 une p\u00e9riode tr\u00e8s argentine pour moi, pleine de rencontres et de moments tr\u00e8s authentiques et chouettes. Rodrigo ayant v\u00e9cu \u00e0 Bariloche il y a un certain temps, il m&rsquo;a servi de guide du coin et nous sommes pass\u00e9s du bord de lac \u00e0 la chocolaterie artisanale Rapa Nui (valid\u00e9e par la Suissesse de service, meilleur chocolat que j&rsquo;aie mang\u00e9 en Am\u00e9rique du Sud et l&rsquo;un des seuls bons!), au centre ville un peu banal mais avec quelques \u00e9difices en pierre et bois, \u00e0 une jolie plage un peu plus loin.<\/p>\n<figure id=\"attachment_811\" aria-describedby=\"caption-attachment-811\" style=\"width: 683px\" class=\"wp-caption aligncenter\"><a href=\"https:\/\/i0.wp.com\/www.spang.ch\/aude\/wp-content\/uploads\/2017\/04\/IMG_5045-e1491127943233.jpg\"><img loading=\"lazy\" decoding=\"async\" data-attachment-id=\"811\" data-permalink=\"http:\/\/www.spang.ch\/aude\/fr\/2017\/04\/patagonia-que-buena-onda\/img_5045\/\" data-orig-file=\"https:\/\/i0.wp.com\/www.spang.ch\/aude\/wp-content\/uploads\/2017\/04\/IMG_5045-e1491127943233.jpg?fit=3456%2C5184\" data-orig-size=\"3456,5184\" data-comments-opened=\"1\" data-image-meta=\"{&quot;aperture&quot;:&quot;0&quot;,&quot;credit&quot;:&quot;&quot;,&quot;camera&quot;:&quot;&quot;,&quot;caption&quot;:&quot;&quot;,&quot;created_timestamp&quot;:&quot;0&quot;,&quot;copyright&quot;:&quot;&quot;,&quot;focal_length&quot;:&quot;0&quot;,&quot;iso&quot;:&quot;0&quot;,&quot;shutter_speed&quot;:&quot;0&quot;,&quot;title&quot;:&quot;&quot;,&quot;orientation&quot;:&quot;0&quot;}\" data-image-title=\"IMG_5045\" data-image-description=\"\" data-image-caption=\"&lt;p&gt;Hitchhiking in Patagonia&lt;\/p&gt;\n\" data-medium-file=\"https:\/\/i0.wp.com\/www.spang.ch\/aude\/wp-content\/uploads\/2017\/04\/IMG_5045-e1491127943233.jpg?fit=200%2C300\" data-large-file=\"https:\/\/i0.wp.com\/www.spang.ch\/aude\/wp-content\/uploads\/2017\/04\/IMG_5045-e1491127943233.jpg?fit=683%2C1024\" tabindex=\"0\" role=\"button\" class=\"size-large wp-image-811\" src=\"https:\/\/i0.wp.com\/www.spang.ch\/aude\/wp-content\/uploads\/2017\/04\/IMG_5045-e1491127943233-683x1024.jpg?resize=683%2C1024\" alt=\"\" width=\"683\" height=\"1024\" srcset=\"https:\/\/i0.wp.com\/www.spang.ch\/aude\/wp-content\/uploads\/2017\/04\/IMG_5045-e1491127943233.jpg?resize=683%2C1024 683w, https:\/\/i0.wp.com\/www.spang.ch\/aude\/wp-content\/uploads\/2017\/04\/IMG_5045-e1491127943233.jpg?resize=200%2C300 200w, https:\/\/i0.wp.com\/www.spang.ch\/aude\/wp-content\/uploads\/2017\/04\/IMG_5045-e1491127943233.jpg?resize=768%2C1152 768w, https:\/\/i0.wp.com\/www.spang.ch\/aude\/wp-content\/uploads\/2017\/04\/IMG_5045-e1491127943233.jpg?w=2000 2000w, https:\/\/i0.wp.com\/www.spang.ch\/aude\/wp-content\/uploads\/2017\/04\/IMG_5045-e1491127943233.jpg?w=3000 3000w\" sizes=\"(max-width: 683px) 100vw, 683px\" data-recalc-dims=\"1\" \/><\/a><figcaption id=\"caption-attachment-811\" class=\"wp-caption-text\">Hitchhiking in Patagonia<\/figcaption><\/figure>\n<p class=\"p1\" style=\"text-align: justify;\">Il faisait chaud, donc je me suis baign\u00e9e habill\u00e9e, \u00e0 d\u00e9faut d&rsquo;avoir emport\u00e9 mon maillot de bain, l&rsquo;eau \u00e9tait trop bleue je n&rsquo;ai pas pu r\u00e9sister! Et puis la chance a frapp\u00e9: on a vu passer un poster annon\u00e7ant un festival de rock gratuit dans les bois, le soir m\u00eame. Soir\u00e9e fantastique! Musique, nature, danse, se terminant en apoth\u00e9ose avec un concert de percussions r\u00e9unissant\u00a0plus d&rsquo;une dizaine de musiciens et o\u00f9 la cheffe d&rsquo;orchestre impliquait aussi le public, ambiance g\u00e9niale et inoubliable! Bref, que du bon, j&rsquo;ai beaucoup aim\u00e9 Bariloche, petite ville entre lac et montagnes, que les gens consid\u00e8rent comme la Suisse de Patagonie. J&rsquo;y ai rencontr\u00e9 des amis de Rodrigo avec lesquels j&rsquo;aurai partag\u00e9 un grand nombre de mat\u00e9s et de discussions en bord de feu, quelques jours plus tard. Et puis j&rsquo;ai enfin eu l&rsquo;occasion d&rsquo;utiliser ma tente, achet\u00e9e \u00e0 Santiago expr\u00e8s pour la Patagonie! J&rsquo;ai retrouv\u00e9 le plaisir de dormir \u00e0 proximit\u00e9 de la nature, comme j&rsquo;en ai tellement pris l&rsquo;habitude avec les scouts, et comme j&rsquo;aime tellement vivre mon sommeil. D&rsquo;ailleurs, ce fut le d\u00e9but d&rsquo;une p\u00e9riode sur matelas de sol au lieu de lit, qui ne s&rsquo;interromprait qu&rsquo;une fois arriv\u00e9e \u00e0 Buenos Aires, deux semaines plus tard. G\u00e9nial!<\/p>\n<figure id=\"attachment_822\" aria-describedby=\"caption-attachment-822\" style=\"width: 1000px\" class=\"wp-caption aligncenter\"><a href=\"https:\/\/i0.wp.com\/www.spang.ch\/aude\/wp-content\/uploads\/2017\/04\/IMG_5584.jpg\"><img loading=\"lazy\" decoding=\"async\" data-attachment-id=\"822\" data-permalink=\"http:\/\/www.spang.ch\/aude\/fr\/2017\/04\/patagonia-que-buena-onda\/img_5584\/\" data-orig-file=\"https:\/\/i0.wp.com\/www.spang.ch\/aude\/wp-content\/uploads\/2017\/04\/IMG_5584.jpg?fit=5184%2C3456\" data-orig-size=\"5184,3456\" data-comments-opened=\"1\" data-image-meta=\"{&quot;aperture&quot;:&quot;0&quot;,&quot;credit&quot;:&quot;&quot;,&quot;camera&quot;:&quot;&quot;,&quot;caption&quot;:&quot;&quot;,&quot;created_timestamp&quot;:&quot;0&quot;,&quot;copyright&quot;:&quot;&quot;,&quot;focal_length&quot;:&quot;0&quot;,&quot;iso&quot;:&quot;0&quot;,&quot;shutter_speed&quot;:&quot;0&quot;,&quot;title&quot;:&quot;&quot;,&quot;orientation&quot;:&quot;0&quot;}\" data-image-title=\"IMG_5584\" data-image-description=\"\" data-image-caption=\"&lt;p&gt;Hitchhiking in Patagonia &#8211; Carretera Austral&lt;\/p&gt;\n\" data-medium-file=\"https:\/\/i0.wp.com\/www.spang.ch\/aude\/wp-content\/uploads\/2017\/04\/IMG_5584.jpg?fit=300%2C200\" data-large-file=\"https:\/\/i0.wp.com\/www.spang.ch\/aude\/wp-content\/uploads\/2017\/04\/IMG_5584.jpg?fit=1000%2C667\" tabindex=\"0\" role=\"button\" class=\"size-large wp-image-822\" src=\"https:\/\/i0.wp.com\/www.spang.ch\/aude\/wp-content\/uploads\/2017\/04\/IMG_5584.jpg?resize=1000%2C667\" alt=\"\" width=\"1000\" height=\"667\" srcset=\"https:\/\/i0.wp.com\/www.spang.ch\/aude\/wp-content\/uploads\/2017\/04\/IMG_5584.jpg?resize=1024%2C683 1024w, https:\/\/i0.wp.com\/www.spang.ch\/aude\/wp-content\/uploads\/2017\/04\/IMG_5584.jpg?resize=300%2C200 300w, https:\/\/i0.wp.com\/www.spang.ch\/aude\/wp-content\/uploads\/2017\/04\/IMG_5584.jpg?resize=768%2C512 768w, https:\/\/i0.wp.com\/www.spang.ch\/aude\/wp-content\/uploads\/2017\/04\/IMG_5584.jpg?resize=960%2C640 960w, https:\/\/i0.wp.com\/www.spang.ch\/aude\/wp-content\/uploads\/2017\/04\/IMG_5584.jpg?resize=450%2C300 450w, https:\/\/i0.wp.com\/www.spang.ch\/aude\/wp-content\/uploads\/2017\/04\/IMG_5584.jpg?w=2000 2000w, https:\/\/i0.wp.com\/www.spang.ch\/aude\/wp-content\/uploads\/2017\/04\/IMG_5584.jpg?w=3000 3000w\" sizes=\"(max-width: 1000px) 100vw, 1000px\" data-recalc-dims=\"1\" \/><\/a><figcaption id=\"caption-attachment-822\" class=\"wp-caption-text\">Hitchhiking in Patagonia &#8211; Carretera Austral<\/figcaption><\/figure>\n<p class=\"p1\" style=\"text-align: justify;\">Apr\u00e8s Bariloche, je suis descendue en stop vers El Bols\u00f3n, avec Rodrigo (et ses potes ont rejoint peu apr\u00e8s). El Bols\u00f3n est un charmant petit village hippie au milieu des montagnes, avec un march\u00e9 d&rsquo;artisanat trop mignon et une ambiance tr\u00e8s tranquille et naturelle. L\u00e0, ce furent <em>asado<\/em>, balade \u00e0 cheval et apr\u00e8s-midi au soleil jusqu&rsquo;\u00e0 l&rsquo;heure de mon d\u00e9part. De douces heures en compagnie de gens sympa, avant de reprendre la route seule, en repassant du c\u00f4t\u00e9 chilien. Au total, j&rsquo;aurai parcouru des centaines de kilom\u00e8tres en stop et travers\u00e9\u00a0ainsi toute la Patagonie. Mes journ\u00e9es \u00e9taient principalement occup\u00e9es par le d\u00e9placement dans les paysages magnifiques de ce qui s&rsquo;appelle la <em>Carretera Austral<\/em>, la \u00ab\u00a0Route du Sud\u00a0\u00bb qui trace son chemin \u00e0 travers le bas du Chili et est une destination de choix\u00a0de voyageurs en qu\u00eate de nature.<\/p>\n<figure id=\"attachment_812\" aria-describedby=\"caption-attachment-812\" style=\"width: 1000px\" class=\"wp-caption aligncenter\"><a href=\"https:\/\/i0.wp.com\/www.spang.ch\/aude\/wp-content\/uploads\/2017\/04\/IMG_5061.jpg\"><img loading=\"lazy\" decoding=\"async\" data-attachment-id=\"812\" data-permalink=\"http:\/\/www.spang.ch\/aude\/fr\/2017\/04\/patagonia-que-buena-onda\/img_5061\/\" data-orig-file=\"https:\/\/i0.wp.com\/www.spang.ch\/aude\/wp-content\/uploads\/2017\/04\/IMG_5061.jpg?fit=5184%2C3456\" data-orig-size=\"5184,3456\" data-comments-opened=\"1\" data-image-meta=\"{&quot;aperture&quot;:&quot;0&quot;,&quot;credit&quot;:&quot;&quot;,&quot;camera&quot;:&quot;&quot;,&quot;caption&quot;:&quot;&quot;,&quot;created_timestamp&quot;:&quot;0&quot;,&quot;copyright&quot;:&quot;&quot;,&quot;focal_length&quot;:&quot;0&quot;,&quot;iso&quot;:&quot;0&quot;,&quot;shutter_speed&quot;:&quot;0&quot;,&quot;title&quot;:&quot;&quot;,&quot;orientation&quot;:&quot;0&quot;}\" data-image-title=\"IMG_5061\" data-image-description=\"\" data-image-caption=\"&lt;p&gt;Carretera Austral&lt;\/p&gt;\n\" data-medium-file=\"https:\/\/i0.wp.com\/www.spang.ch\/aude\/wp-content\/uploads\/2017\/04\/IMG_5061.jpg?fit=300%2C200\" data-large-file=\"https:\/\/i0.wp.com\/www.spang.ch\/aude\/wp-content\/uploads\/2017\/04\/IMG_5061.jpg?fit=1000%2C667\" tabindex=\"0\" role=\"button\" class=\"size-large wp-image-812\" src=\"https:\/\/i0.wp.com\/www.spang.ch\/aude\/wp-content\/uploads\/2017\/04\/IMG_5061.jpg?resize=1000%2C667\" alt=\"\" width=\"1000\" height=\"667\" srcset=\"https:\/\/i0.wp.com\/www.spang.ch\/aude\/wp-content\/uploads\/2017\/04\/IMG_5061.jpg?resize=1024%2C683 1024w, https:\/\/i0.wp.com\/www.spang.ch\/aude\/wp-content\/uploads\/2017\/04\/IMG_5061.jpg?resize=300%2C200 300w, https:\/\/i0.wp.com\/www.spang.ch\/aude\/wp-content\/uploads\/2017\/04\/IMG_5061.jpg?resize=768%2C512 768w, https:\/\/i0.wp.com\/www.spang.ch\/aude\/wp-content\/uploads\/2017\/04\/IMG_5061.jpg?resize=960%2C640 960w, https:\/\/i0.wp.com\/www.spang.ch\/aude\/wp-content\/uploads\/2017\/04\/IMG_5061.jpg?resize=450%2C300 450w, https:\/\/i0.wp.com\/www.spang.ch\/aude\/wp-content\/uploads\/2017\/04\/IMG_5061.jpg?w=2000 2000w, https:\/\/i0.wp.com\/www.spang.ch\/aude\/wp-content\/uploads\/2017\/04\/IMG_5061.jpg?w=3000 3000w\" sizes=\"(max-width: 1000px) 100vw, 1000px\" data-recalc-dims=\"1\" \/><\/a><figcaption id=\"caption-attachment-812\" class=\"wp-caption-text\">Carretera Austral<\/figcaption><\/figure>\n<p class=\"p1\" style=\"text-align: justify;\">J&rsquo;ai commenc\u00e9 en campant \u00e0 Futaleuf\u00fa, destination tr\u00e8s pris\u00e9e des adeptes de rafting pour ses rivi\u00e8res tr\u00e8s agit\u00e9es. Un peu hors de mon budget, mais \u00e0 la place j&rsquo;ai beaucoup appr\u00e9ci\u00e9 le paysage et le charmant camping au bord de l&rsquo;eau. C&rsquo;\u00e9tait aussi un jour de f\u00eate folklorique au village, donc j&rsquo;ai pu assister \u00e0 quelques festivit\u00e9s telles qu&rsquo;un march\u00e9 artisanal (j&rsquo;adore les march\u00e9s artisanaux!) et du chant traditionnel&#8230; \u00e0 cheval! Le lendemain, une maman et son fils m&rsquo;ont prise en stop \u00e0 travers les magnifiques paysages de la <em>Carretera Austral.<\/em> Plusieurs heures de fort int\u00e9ressante discussion avec cette sociologue de formation tout en longeant des lacs turquoises et des rivi\u00e8res aux intenses nuances de vert \u00e9meraude et de bleu roi. Je sens que mon s\u00e9jour patagonien m&rsquo;aura rendue tr\u00e8s exigeante avec la couleur de mes cours et \u00e9tendues d&rsquo;eau, d\u00e9sormais je serai (encore plus) difficile avec les jeux de lumi\u00e8re et couleurs.<\/p>\n<figure id=\"attachment_820\" aria-describedby=\"caption-attachment-820\" style=\"width: 1000px\" class=\"wp-caption aligncenter\"><a href=\"https:\/\/i0.wp.com\/www.spang.ch\/aude\/wp-content\/uploads\/2017\/04\/IMG_5546.jpg\"><img loading=\"lazy\" decoding=\"async\" data-attachment-id=\"820\" data-permalink=\"http:\/\/www.spang.ch\/aude\/fr\/2017\/04\/patagonia-que-buena-onda\/img_5546\/\" data-orig-file=\"https:\/\/i0.wp.com\/www.spang.ch\/aude\/wp-content\/uploads\/2017\/04\/IMG_5546.jpg?fit=5184%2C3456\" data-orig-size=\"5184,3456\" data-comments-opened=\"1\" data-image-meta=\"{&quot;aperture&quot;:&quot;0&quot;,&quot;credit&quot;:&quot;&quot;,&quot;camera&quot;:&quot;&quot;,&quot;caption&quot;:&quot;&quot;,&quot;created_timestamp&quot;:&quot;0&quot;,&quot;copyright&quot;:&quot;&quot;,&quot;focal_length&quot;:&quot;0&quot;,&quot;iso&quot;:&quot;0&quot;,&quot;shutter_speed&quot;:&quot;0&quot;,&quot;title&quot;:&quot;&quot;,&quot;orientation&quot;:&quot;0&quot;}\" data-image-title=\"IMG_5546\" data-image-description=\"\" data-image-caption=\"&lt;p&gt;Carretera Austral&lt;\/p&gt;\n\" data-medium-file=\"https:\/\/i0.wp.com\/www.spang.ch\/aude\/wp-content\/uploads\/2017\/04\/IMG_5546.jpg?fit=300%2C200\" data-large-file=\"https:\/\/i0.wp.com\/www.spang.ch\/aude\/wp-content\/uploads\/2017\/04\/IMG_5546.jpg?fit=1000%2C667\" tabindex=\"0\" role=\"button\" class=\"size-large wp-image-820\" src=\"https:\/\/i0.wp.com\/www.spang.ch\/aude\/wp-content\/uploads\/2017\/04\/IMG_5546.jpg?resize=1000%2C667\" alt=\"\" width=\"1000\" height=\"667\" srcset=\"https:\/\/i0.wp.com\/www.spang.ch\/aude\/wp-content\/uploads\/2017\/04\/IMG_5546.jpg?resize=1024%2C683 1024w, https:\/\/i0.wp.com\/www.spang.ch\/aude\/wp-content\/uploads\/2017\/04\/IMG_5546.jpg?resize=300%2C200 300w, https:\/\/i0.wp.com\/www.spang.ch\/aude\/wp-content\/uploads\/2017\/04\/IMG_5546.jpg?resize=768%2C512 768w, https:\/\/i0.wp.com\/www.spang.ch\/aude\/wp-content\/uploads\/2017\/04\/IMG_5546.jpg?resize=960%2C640 960w, https:\/\/i0.wp.com\/www.spang.ch\/aude\/wp-content\/uploads\/2017\/04\/IMG_5546.jpg?resize=450%2C300 450w, https:\/\/i0.wp.com\/www.spang.ch\/aude\/wp-content\/uploads\/2017\/04\/IMG_5546.jpg?w=2000 2000w, https:\/\/i0.wp.com\/www.spang.ch\/aude\/wp-content\/uploads\/2017\/04\/IMG_5546.jpg?w=3000 3000w\" sizes=\"(max-width: 1000px) 100vw, 1000px\" data-recalc-dims=\"1\" \/><\/a><figcaption id=\"caption-attachment-820\" class=\"wp-caption-text\">Carretera Austral<\/figcaption><\/figure>\n<figure id=\"attachment_842\" aria-describedby=\"caption-attachment-842\" style=\"width: 1000px\" class=\"wp-caption aligncenter\"><a href=\"https:\/\/i0.wp.com\/www.spang.ch\/aude\/wp-content\/uploads\/2017\/04\/IMG_5244.jpg\"><img loading=\"lazy\" decoding=\"async\" data-attachment-id=\"842\" data-permalink=\"http:\/\/www.spang.ch\/aude\/fr\/2017\/04\/patagonia-que-buena-onda\/img_5244\/\" data-orig-file=\"https:\/\/i0.wp.com\/www.spang.ch\/aude\/wp-content\/uploads\/2017\/04\/IMG_5244.jpg?fit=4898%2C3265\" data-orig-size=\"4898,3265\" data-comments-opened=\"1\" data-image-meta=\"{&quot;aperture&quot;:&quot;0&quot;,&quot;credit&quot;:&quot;&quot;,&quot;camera&quot;:&quot;&quot;,&quot;caption&quot;:&quot;&quot;,&quot;created_timestamp&quot;:&quot;0&quot;,&quot;copyright&quot;:&quot;&quot;,&quot;focal_length&quot;:&quot;0&quot;,&quot;iso&quot;:&quot;0&quot;,&quot;shutter_speed&quot;:&quot;0&quot;,&quot;title&quot;:&quot;&quot;,&quot;orientation&quot;:&quot;0&quot;}\" data-image-title=\"IMG_5244\" data-image-description=\"\" data-image-caption=\"&lt;p&gt;Carretera Austral&lt;\/p&gt;\n\" data-medium-file=\"https:\/\/i0.wp.com\/www.spang.ch\/aude\/wp-content\/uploads\/2017\/04\/IMG_5244.jpg?fit=300%2C200\" data-large-file=\"https:\/\/i0.wp.com\/www.spang.ch\/aude\/wp-content\/uploads\/2017\/04\/IMG_5244.jpg?fit=1000%2C667\" tabindex=\"0\" role=\"button\" class=\"size-large wp-image-842\" src=\"https:\/\/i0.wp.com\/www.spang.ch\/aude\/wp-content\/uploads\/2017\/04\/IMG_5244.jpg?resize=1000%2C667\" alt=\"\" width=\"1000\" height=\"667\" srcset=\"https:\/\/i0.wp.com\/www.spang.ch\/aude\/wp-content\/uploads\/2017\/04\/IMG_5244.jpg?resize=1024%2C683 1024w, https:\/\/i0.wp.com\/www.spang.ch\/aude\/wp-content\/uploads\/2017\/04\/IMG_5244.jpg?resize=300%2C200 300w, https:\/\/i0.wp.com\/www.spang.ch\/aude\/wp-content\/uploads\/2017\/04\/IMG_5244.jpg?resize=768%2C512 768w, https:\/\/i0.wp.com\/www.spang.ch\/aude\/wp-content\/uploads\/2017\/04\/IMG_5244.jpg?resize=960%2C640 960w, https:\/\/i0.wp.com\/www.spang.ch\/aude\/wp-content\/uploads\/2017\/04\/IMG_5244.jpg?resize=450%2C300 450w, https:\/\/i0.wp.com\/www.spang.ch\/aude\/wp-content\/uploads\/2017\/04\/IMG_5244.jpg?w=2000 2000w, https:\/\/i0.wp.com\/www.spang.ch\/aude\/wp-content\/uploads\/2017\/04\/IMG_5244.jpg?w=3000 3000w\" sizes=\"(max-width: 1000px) 100vw, 1000px\" data-recalc-dims=\"1\" \/><\/a><figcaption id=\"caption-attachment-842\" class=\"wp-caption-text\">Carretera Austral<\/figcaption><\/figure>\n<p class=\"p1\" style=\"text-align: justify;\">Lumi\u00e8re magique, ciels\u00a0enchanteurs, lagunes faisant office de miroirs au pied des montagnes, ce serait faire un grotesque raccourci que de comparer les paysages de la Patagonie verte \u00e0 un d\u00e9cor de carte postale. C&rsquo;est juste la pure beaut\u00e9 de la nature, et j&rsquo;ai eu le privil\u00e8ge d&rsquo;y dormir \u00e0 m\u00eame le sol, c\u0153ur \u00e0 c\u0153ur et en unisson avec les \u00e9l\u00e9ments. Je n&rsquo;y ai pas fait autant de randonn\u00e9e que je souhaitais, parce que je voulais descendre et descendre et descendre, mais c&rsquo;est \u00e9gal car ce fut merveilleux et cela me suffit ainsi. D&rsquo;ailleurs mon petit doigt me dit que je n&rsquo;en ai pas fini avec la Patagonie, que ceci n&rsquo;\u00e9tait qu&rsquo;un coup d&rsquo;essai et que je reviendrai&#8230;<\/p>\n<figure id=\"attachment_815\" aria-describedby=\"caption-attachment-815\" style=\"width: 1000px\" class=\"wp-caption aligncenter\"><a href=\"https:\/\/i0.wp.com\/www.spang.ch\/aude\/wp-content\/uploads\/2017\/04\/IMG_5311.jpg\"><img loading=\"lazy\" decoding=\"async\" data-attachment-id=\"815\" data-permalink=\"http:\/\/www.spang.ch\/aude\/fr\/2017\/04\/patagonia-que-buena-onda\/img_5311\/\" data-orig-file=\"https:\/\/i0.wp.com\/www.spang.ch\/aude\/wp-content\/uploads\/2017\/04\/IMG_5311.jpg?fit=5184%2C3456\" data-orig-size=\"5184,3456\" data-comments-opened=\"1\" data-image-meta=\"{&quot;aperture&quot;:&quot;0&quot;,&quot;credit&quot;:&quot;&quot;,&quot;camera&quot;:&quot;&quot;,&quot;caption&quot;:&quot;&quot;,&quot;created_timestamp&quot;:&quot;0&quot;,&quot;copyright&quot;:&quot;&quot;,&quot;focal_length&quot;:&quot;0&quot;,&quot;iso&quot;:&quot;0&quot;,&quot;shutter_speed&quot;:&quot;0&quot;,&quot;title&quot;:&quot;&quot;,&quot;orientation&quot;:&quot;0&quot;}\" data-image-title=\"IMG_5311\" data-image-description=\"\" data-image-caption=\"&lt;p&gt;Patagonia #1: Bariloche, El Bolson, Carretera Austral&lt;\/p&gt;\n\" data-medium-file=\"https:\/\/i0.wp.com\/www.spang.ch\/aude\/wp-content\/uploads\/2017\/04\/IMG_5311.jpg?fit=300%2C200\" data-large-file=\"https:\/\/i0.wp.com\/www.spang.ch\/aude\/wp-content\/uploads\/2017\/04\/IMG_5311.jpg?fit=1000%2C667\" tabindex=\"0\" role=\"button\" class=\"size-large wp-image-815\" src=\"https:\/\/i0.wp.com\/www.spang.ch\/aude\/wp-content\/uploads\/2017\/04\/IMG_5311.jpg?resize=1000%2C667\" alt=\"\" width=\"1000\" height=\"667\" srcset=\"https:\/\/i0.wp.com\/www.spang.ch\/aude\/wp-content\/uploads\/2017\/04\/IMG_5311.jpg?resize=1024%2C683 1024w, https:\/\/i0.wp.com\/www.spang.ch\/aude\/wp-content\/uploads\/2017\/04\/IMG_5311.jpg?resize=300%2C200 300w, https:\/\/i0.wp.com\/www.spang.ch\/aude\/wp-content\/uploads\/2017\/04\/IMG_5311.jpg?resize=768%2C512 768w, https:\/\/i0.wp.com\/www.spang.ch\/aude\/wp-content\/uploads\/2017\/04\/IMG_5311.jpg?resize=960%2C640 960w, https:\/\/i0.wp.com\/www.spang.ch\/aude\/wp-content\/uploads\/2017\/04\/IMG_5311.jpg?resize=450%2C300 450w, https:\/\/i0.wp.com\/www.spang.ch\/aude\/wp-content\/uploads\/2017\/04\/IMG_5311.jpg?w=2000 2000w, https:\/\/i0.wp.com\/www.spang.ch\/aude\/wp-content\/uploads\/2017\/04\/IMG_5311.jpg?w=3000 3000w\" sizes=\"(max-width: 1000px) 100vw, 1000px\" data-recalc-dims=\"1\" \/><\/a><figcaption id=\"caption-attachment-815\" class=\"wp-caption-text\">Carretera Austral &#8211; Cerro Castillo, the \u00ab\u00a0Castle Mountain\u00a0\u00bb<\/figcaption><\/figure>\n<figure id=\"attachment_821\" aria-describedby=\"caption-attachment-821\" style=\"width: 1000px\" class=\"wp-caption aligncenter\"><a href=\"https:\/\/i0.wp.com\/www.spang.ch\/aude\/wp-content\/uploads\/2017\/04\/IMG_5563.jpg\"><img loading=\"lazy\" decoding=\"async\" data-attachment-id=\"821\" data-permalink=\"http:\/\/www.spang.ch\/aude\/fr\/2017\/04\/patagonia-que-buena-onda\/img_5563\/\" data-orig-file=\"https:\/\/i0.wp.com\/www.spang.ch\/aude\/wp-content\/uploads\/2017\/04\/IMG_5563.jpg?fit=5184%2C3456\" data-orig-size=\"5184,3456\" data-comments-opened=\"1\" data-image-meta=\"{&quot;aperture&quot;:&quot;0&quot;,&quot;credit&quot;:&quot;&quot;,&quot;camera&quot;:&quot;&quot;,&quot;caption&quot;:&quot;&quot;,&quot;created_timestamp&quot;:&quot;0&quot;,&quot;copyright&quot;:&quot;&quot;,&quot;focal_length&quot;:&quot;0&quot;,&quot;iso&quot;:&quot;0&quot;,&quot;shutter_speed&quot;:&quot;0&quot;,&quot;title&quot;:&quot;&quot;,&quot;orientation&quot;:&quot;0&quot;}\" data-image-title=\"IMG_5563\" data-image-description=\"\" data-image-caption=\"&lt;p&gt;Carretera Austral&lt;\/p&gt;\n\" data-medium-file=\"https:\/\/i0.wp.com\/www.spang.ch\/aude\/wp-content\/uploads\/2017\/04\/IMG_5563.jpg?fit=300%2C200\" data-large-file=\"https:\/\/i0.wp.com\/www.spang.ch\/aude\/wp-content\/uploads\/2017\/04\/IMG_5563.jpg?fit=1000%2C667\" tabindex=\"0\" role=\"button\" class=\"size-large wp-image-821\" src=\"https:\/\/i0.wp.com\/www.spang.ch\/aude\/wp-content\/uploads\/2017\/04\/IMG_5563.jpg?resize=1000%2C667\" alt=\"\" width=\"1000\" height=\"667\" srcset=\"https:\/\/i0.wp.com\/www.spang.ch\/aude\/wp-content\/uploads\/2017\/04\/IMG_5563.jpg?resize=1024%2C683 1024w, https:\/\/i0.wp.com\/www.spang.ch\/aude\/wp-content\/uploads\/2017\/04\/IMG_5563.jpg?resize=300%2C200 300w, https:\/\/i0.wp.com\/www.spang.ch\/aude\/wp-content\/uploads\/2017\/04\/IMG_5563.jpg?resize=768%2C512 768w, https:\/\/i0.wp.com\/www.spang.ch\/aude\/wp-content\/uploads\/2017\/04\/IMG_5563.jpg?resize=960%2C640 960w, https:\/\/i0.wp.com\/www.spang.ch\/aude\/wp-content\/uploads\/2017\/04\/IMG_5563.jpg?resize=450%2C300 450w, https:\/\/i0.wp.com\/www.spang.ch\/aude\/wp-content\/uploads\/2017\/04\/IMG_5563.jpg?w=2000 2000w, https:\/\/i0.wp.com\/www.spang.ch\/aude\/wp-content\/uploads\/2017\/04\/IMG_5563.jpg?w=3000 3000w\" sizes=\"(max-width: 1000px) 100vw, 1000px\" data-recalc-dims=\"1\" \/><\/a><figcaption id=\"caption-attachment-821\" class=\"wp-caption-text\">Carretera Austral<\/figcaption><\/figure>\n<p style=\"text-align: justify;\">Durant ces journ\u00e9es dans le Sud, j&rsquo;ai pu confirmer le st\u00e9r\u00e9otype des Patagoniens gentils qui aiment les auto-stoppeurs. Ok, je n&rsquo;ai pas \u00e9t\u00e9 prise en stop que par des locaux, environ la moiti\u00e9 de mes trajets ont \u00e9t\u00e9 partag\u00e9s avec des vacanciers venant, g\u00e9n\u00e9ralement, de Santiago.<span class=\"Apple-converted-space\">\u00a0 <\/span>Un couple et leur fille, un entrepreneur qui travaille la moiti\u00e9 du temps en Patagonie, une famille joyeuse \u00e0 moiti\u00e9 compos\u00e9e d&rsquo;artistes, un fermier du coin, un couple qui habite le village d&rsquo;\u00e0 c\u00f4t\u00e9, et pour certains parcours des gens qui m&rsquo;ont embarqu\u00e9e \u00e0 l&rsquo;arri\u00e8re de leur jeep et avec qui je n&rsquo;ai m\u00eame pas eu le loisir de discuter, ce qui m&rsquo;a en \u00e9change offert des heures de route au soleil et les cheveux dans le vent, plut\u00f4t parfait comme affaire. Une fois, une famille qui m&rsquo;avait embarqu\u00e9e ainsi que deux autres auto-stoppeurs s&rsquo;est arr\u00eat\u00e9e pour un vieux monsieur qui marchait au bord de la route et n&rsquo;avait m\u00eame pas demand\u00e9 \u00e0 \u00eatre pris!<\/p>\n<figure id=\"attachment_817\" aria-describedby=\"caption-attachment-817\" style=\"width: 683px\" class=\"wp-caption aligncenter\"><a href=\"https:\/\/i0.wp.com\/www.spang.ch\/aude\/wp-content\/uploads\/2017\/04\/IMG_5387-e1491128065206.jpg\"><img loading=\"lazy\" decoding=\"async\" data-attachment-id=\"817\" data-permalink=\"http:\/\/www.spang.ch\/aude\/fr\/2017\/04\/patagonia-que-buena-onda\/img_5387\/\" data-orig-file=\"https:\/\/i0.wp.com\/www.spang.ch\/aude\/wp-content\/uploads\/2017\/04\/IMG_5387-e1491128065206.jpg?fit=3456%2C5184\" data-orig-size=\"3456,5184\" data-comments-opened=\"1\" data-image-meta=\"{&quot;aperture&quot;:&quot;0&quot;,&quot;credit&quot;:&quot;&quot;,&quot;camera&quot;:&quot;&quot;,&quot;caption&quot;:&quot;&quot;,&quot;created_timestamp&quot;:&quot;0&quot;,&quot;copyright&quot;:&quot;&quot;,&quot;focal_length&quot;:&quot;0&quot;,&quot;iso&quot;:&quot;0&quot;,&quot;shutter_speed&quot;:&quot;0&quot;,&quot;title&quot;:&quot;&quot;,&quot;orientation&quot;:&quot;0&quot;}\" data-image-title=\"IMG_5387\" data-image-description=\"\" data-image-caption=\"\" data-medium-file=\"https:\/\/i0.wp.com\/www.spang.ch\/aude\/wp-content\/uploads\/2017\/04\/IMG_5387-e1491128065206.jpg?fit=200%2C300\" data-large-file=\"https:\/\/i0.wp.com\/www.spang.ch\/aude\/wp-content\/uploads\/2017\/04\/IMG_5387-e1491128065206.jpg?fit=683%2C1024\" tabindex=\"0\" role=\"button\" class=\"wp-image-817 size-large\" src=\"https:\/\/i0.wp.com\/www.spang.ch\/aude\/wp-content\/uploads\/2017\/04\/IMG_5387-e1491128065206-683x1024.jpg?resize=683%2C1024\" alt=\"\" width=\"683\" height=\"1024\" srcset=\"https:\/\/i0.wp.com\/www.spang.ch\/aude\/wp-content\/uploads\/2017\/04\/IMG_5387-e1491128065206.jpg?resize=683%2C1024 683w, https:\/\/i0.wp.com\/www.spang.ch\/aude\/wp-content\/uploads\/2017\/04\/IMG_5387-e1491128065206.jpg?resize=200%2C300 200w, https:\/\/i0.wp.com\/www.spang.ch\/aude\/wp-content\/uploads\/2017\/04\/IMG_5387-e1491128065206.jpg?resize=768%2C1152 768w, https:\/\/i0.wp.com\/www.spang.ch\/aude\/wp-content\/uploads\/2017\/04\/IMG_5387-e1491128065206.jpg?w=2000 2000w, https:\/\/i0.wp.com\/www.spang.ch\/aude\/wp-content\/uploads\/2017\/04\/IMG_5387-e1491128065206.jpg?w=3000 3000w\" sizes=\"(max-width: 683px) 100vw, 683px\" data-recalc-dims=\"1\" \/><\/a><figcaption id=\"caption-attachment-817\" class=\"wp-caption-text\">Cuevas de Marmol &#8211; Lago General Carrera<\/figcaption><\/figure>\n<figure id=\"attachment_843\" aria-describedby=\"caption-attachment-843\" style=\"width: 1000px\" class=\"wp-caption aligncenter\"><a href=\"https:\/\/i0.wp.com\/www.spang.ch\/aude\/wp-content\/uploads\/2017\/04\/IMG_5454.jpg\"><img loading=\"lazy\" decoding=\"async\" data-attachment-id=\"843\" data-permalink=\"http:\/\/www.spang.ch\/aude\/fr\/2017\/04\/patagonia-que-buena-onda\/img_5454\/\" data-orig-file=\"https:\/\/i0.wp.com\/www.spang.ch\/aude\/wp-content\/uploads\/2017\/04\/IMG_5454.jpg?fit=4898%2C3265\" data-orig-size=\"4898,3265\" data-comments-opened=\"1\" data-image-meta=\"{&quot;aperture&quot;:&quot;0&quot;,&quot;credit&quot;:&quot;&quot;,&quot;camera&quot;:&quot;&quot;,&quot;caption&quot;:&quot;&quot;,&quot;created_timestamp&quot;:&quot;0&quot;,&quot;copyright&quot;:&quot;&quot;,&quot;focal_length&quot;:&quot;0&quot;,&quot;iso&quot;:&quot;0&quot;,&quot;shutter_speed&quot;:&quot;0&quot;,&quot;title&quot;:&quot;&quot;,&quot;orientation&quot;:&quot;0&quot;}\" data-image-title=\"IMG_5454\" data-image-description=\"\" data-image-caption=\"&lt;p&gt;Cuevas de Marmol, la Capilla (la \u00ab\u00a0Chapelle\u00a0\u00bb) &#8211; Lago General Carrera&lt;\/p&gt;\n\" data-medium-file=\"https:\/\/i0.wp.com\/www.spang.ch\/aude\/wp-content\/uploads\/2017\/04\/IMG_5454.jpg?fit=300%2C200\" data-large-file=\"https:\/\/i0.wp.com\/www.spang.ch\/aude\/wp-content\/uploads\/2017\/04\/IMG_5454.jpg?fit=1000%2C667\" tabindex=\"0\" role=\"button\" class=\"size-large wp-image-843\" src=\"https:\/\/i0.wp.com\/www.spang.ch\/aude\/wp-content\/uploads\/2017\/04\/IMG_5454.jpg?resize=1000%2C667\" alt=\"\" width=\"1000\" height=\"667\" srcset=\"https:\/\/i0.wp.com\/www.spang.ch\/aude\/wp-content\/uploads\/2017\/04\/IMG_5454.jpg?resize=1024%2C683 1024w, https:\/\/i0.wp.com\/www.spang.ch\/aude\/wp-content\/uploads\/2017\/04\/IMG_5454.jpg?resize=300%2C200 300w, https:\/\/i0.wp.com\/www.spang.ch\/aude\/wp-content\/uploads\/2017\/04\/IMG_5454.jpg?resize=768%2C512 768w, https:\/\/i0.wp.com\/www.spang.ch\/aude\/wp-content\/uploads\/2017\/04\/IMG_5454.jpg?resize=960%2C640 960w, https:\/\/i0.wp.com\/www.spang.ch\/aude\/wp-content\/uploads\/2017\/04\/IMG_5454.jpg?resize=450%2C300 450w, https:\/\/i0.wp.com\/www.spang.ch\/aude\/wp-content\/uploads\/2017\/04\/IMG_5454.jpg?w=2000 2000w, https:\/\/i0.wp.com\/www.spang.ch\/aude\/wp-content\/uploads\/2017\/04\/IMG_5454.jpg?w=3000 3000w\" sizes=\"(max-width: 1000px) 100vw, 1000px\" data-recalc-dims=\"1\" \/><\/a><figcaption id=\"caption-attachment-843\" class=\"wp-caption-text\">Cuevas de Marmol, la Capilla (la \u00ab\u00a0Chapelle\u00a0\u00bb) &#8211; Lago General Carrera<\/figcaption><\/figure>\n<p class=\"p1\" style=\"text-align: justify;\"><span style=\"font-size: 1.8rem;\">On a quelques\u00a0fois \u00e9t\u00e9 plusieurs \u00e0 l&rsquo;arri\u00e8re et j&rsquo;ai ainsi fait connaissance avec des voyageurs argentins ou chiliens (plus jeunes que moi) partis sur les routes durant leurs vacances d&rsquo;\u00e9t\u00e9 avec quelques balles de jonglage et des cerceaux, se faisant un peu d&rsquo;argent en route en faisant des tours aux feux rouges. Comme l&rsquo;aventure semble simple, non? J&rsquo;ai ainsi parcouru cette route australe du nord au sud jusqu&rsquo;au lac General Carrera, qui vaut le d\u00e9tour pour ses caves de marbre \u00e0 visiter en barque. Une petite balade de deux heures, mais plut\u00f4t unique en son genre! Je n&rsquo;avais jamais rien vu de tel auparavant: des rochers et falaises de marbre sculpt\u00e9s par l&rsquo;eau du lac et cr\u00e9ant des esp\u00e8ces de cavernes et reliefs doux semblant parfois meringue, parfois murs de somptueux ch\u00e2teaux &#8211; d&rsquo;ailleurs certains blocs sont pr\u00e9nomm\u00e9s chapelle et cath\u00e9drale de marbre, d\u00fb \u00e0 leur forme particuli\u00e8re.<\/span><\/p>\n<figure id=\"attachment_818\" aria-describedby=\"caption-attachment-818\" style=\"width: 1000px\" class=\"wp-caption aligncenter\"><a href=\"https:\/\/i0.wp.com\/www.spang.ch\/aude\/wp-content\/uploads\/2017\/04\/IMG_5415.jpg\"><img loading=\"lazy\" decoding=\"async\" data-attachment-id=\"818\" data-permalink=\"http:\/\/www.spang.ch\/aude\/fr\/2017\/04\/patagonia-que-buena-onda\/img_5415\/\" data-orig-file=\"https:\/\/i0.wp.com\/www.spang.ch\/aude\/wp-content\/uploads\/2017\/04\/IMG_5415.jpg?fit=5184%2C3456\" data-orig-size=\"5184,3456\" data-comments-opened=\"1\" data-image-meta=\"{&quot;aperture&quot;:&quot;0&quot;,&quot;credit&quot;:&quot;&quot;,&quot;camera&quot;:&quot;&quot;,&quot;caption&quot;:&quot;&quot;,&quot;created_timestamp&quot;:&quot;0&quot;,&quot;copyright&quot;:&quot;&quot;,&quot;focal_length&quot;:&quot;0&quot;,&quot;iso&quot;:&quot;0&quot;,&quot;shutter_speed&quot;:&quot;0&quot;,&quot;title&quot;:&quot;&quot;,&quot;orientation&quot;:&quot;0&quot;}\" data-image-title=\"IMG_5415\" data-image-description=\"\" data-image-caption=\"&lt;p&gt;Cuevas de Marmol &#8211; Lago General Carrera&lt;\/p&gt;\n\" data-medium-file=\"https:\/\/i0.wp.com\/www.spang.ch\/aude\/wp-content\/uploads\/2017\/04\/IMG_5415.jpg?fit=300%2C200\" data-large-file=\"https:\/\/i0.wp.com\/www.spang.ch\/aude\/wp-content\/uploads\/2017\/04\/IMG_5415.jpg?fit=1000%2C667\" tabindex=\"0\" role=\"button\" class=\"size-large wp-image-818\" src=\"https:\/\/i0.wp.com\/www.spang.ch\/aude\/wp-content\/uploads\/2017\/04\/IMG_5415.jpg?resize=1000%2C667\" alt=\"\" width=\"1000\" height=\"667\" srcset=\"https:\/\/i0.wp.com\/www.spang.ch\/aude\/wp-content\/uploads\/2017\/04\/IMG_5415.jpg?resize=1024%2C683 1024w, https:\/\/i0.wp.com\/www.spang.ch\/aude\/wp-content\/uploads\/2017\/04\/IMG_5415.jpg?resize=300%2C200 300w, https:\/\/i0.wp.com\/www.spang.ch\/aude\/wp-content\/uploads\/2017\/04\/IMG_5415.jpg?resize=768%2C512 768w, https:\/\/i0.wp.com\/www.spang.ch\/aude\/wp-content\/uploads\/2017\/04\/IMG_5415.jpg?resize=960%2C640 960w, https:\/\/i0.wp.com\/www.spang.ch\/aude\/wp-content\/uploads\/2017\/04\/IMG_5415.jpg?resize=450%2C300 450w, https:\/\/i0.wp.com\/www.spang.ch\/aude\/wp-content\/uploads\/2017\/04\/IMG_5415.jpg?w=2000 2000w, https:\/\/i0.wp.com\/www.spang.ch\/aude\/wp-content\/uploads\/2017\/04\/IMG_5415.jpg?w=3000 3000w\" sizes=\"(max-width: 1000px) 100vw, 1000px\" data-recalc-dims=\"1\" \/><\/a><figcaption id=\"caption-attachment-818\" class=\"wp-caption-text\">Cuevas de Marmol &#8211; Lago General Carrera<\/figcaption><\/figure>\n<p><a href=\"https:\/\/i0.wp.com\/www.spang.ch\/aude\/wp-content\/uploads\/2017\/04\/IMG_5467.jpg\"><img loading=\"lazy\" decoding=\"async\" data-attachment-id=\"819\" data-permalink=\"http:\/\/www.spang.ch\/aude\/fr\/2017\/04\/patagonia-que-buena-onda\/img_5467\/\" data-orig-file=\"https:\/\/i0.wp.com\/www.spang.ch\/aude\/wp-content\/uploads\/2017\/04\/IMG_5467.jpg?fit=5184%2C3456\" data-orig-size=\"5184,3456\" data-comments-opened=\"1\" data-image-meta=\"{&quot;aperture&quot;:&quot;0&quot;,&quot;credit&quot;:&quot;&quot;,&quot;camera&quot;:&quot;&quot;,&quot;caption&quot;:&quot;&quot;,&quot;created_timestamp&quot;:&quot;0&quot;,&quot;copyright&quot;:&quot;&quot;,&quot;focal_length&quot;:&quot;0&quot;,&quot;iso&quot;:&quot;0&quot;,&quot;shutter_speed&quot;:&quot;0&quot;,&quot;title&quot;:&quot;&quot;,&quot;orientation&quot;:&quot;0&quot;}\" data-image-title=\"IMG_5467\" data-image-description=\"\" data-image-caption=\"\" data-medium-file=\"https:\/\/i0.wp.com\/www.spang.ch\/aude\/wp-content\/uploads\/2017\/04\/IMG_5467.jpg?fit=300%2C200\" data-large-file=\"https:\/\/i0.wp.com\/www.spang.ch\/aude\/wp-content\/uploads\/2017\/04\/IMG_5467.jpg?fit=1000%2C667\" tabindex=\"0\" role=\"button\" class=\"aligncenter size-large wp-image-819\" src=\"https:\/\/i0.wp.com\/www.spang.ch\/aude\/wp-content\/uploads\/2017\/04\/IMG_5467.jpg?resize=1000%2C667\" alt=\"\" width=\"1000\" height=\"667\" srcset=\"https:\/\/i0.wp.com\/www.spang.ch\/aude\/wp-content\/uploads\/2017\/04\/IMG_5467.jpg?resize=1024%2C683 1024w, https:\/\/i0.wp.com\/www.spang.ch\/aude\/wp-content\/uploads\/2017\/04\/IMG_5467.jpg?resize=300%2C200 300w, https:\/\/i0.wp.com\/www.spang.ch\/aude\/wp-content\/uploads\/2017\/04\/IMG_5467.jpg?resize=768%2C512 768w, https:\/\/i0.wp.com\/www.spang.ch\/aude\/wp-content\/uploads\/2017\/04\/IMG_5467.jpg?resize=960%2C640 960w, https:\/\/i0.wp.com\/www.spang.ch\/aude\/wp-content\/uploads\/2017\/04\/IMG_5467.jpg?resize=450%2C300 450w, https:\/\/i0.wp.com\/www.spang.ch\/aude\/wp-content\/uploads\/2017\/04\/IMG_5467.jpg?w=2000 2000w, https:\/\/i0.wp.com\/www.spang.ch\/aude\/wp-content\/uploads\/2017\/04\/IMG_5467.jpg?w=3000 3000w\" sizes=\"(max-width: 1000px) 100vw, 1000px\" data-recalc-dims=\"1\" \/><\/a><\/p>\n<figure id=\"attachment_816\" aria-describedby=\"caption-attachment-816\" style=\"width: 683px\" class=\"wp-caption aligncenter\"><a href=\"https:\/\/i0.wp.com\/www.spang.ch\/aude\/wp-content\/uploads\/2017\/04\/IMG_5373-e1491128020483.jpg\"><img loading=\"lazy\" decoding=\"async\" data-attachment-id=\"816\" data-permalink=\"http:\/\/www.spang.ch\/aude\/fr\/2017\/04\/patagonia-que-buena-onda\/img_5373\/\" data-orig-file=\"https:\/\/i0.wp.com\/www.spang.ch\/aude\/wp-content\/uploads\/2017\/04\/IMG_5373-e1491128020483.jpg?fit=3456%2C5184\" data-orig-size=\"3456,5184\" data-comments-opened=\"1\" data-image-meta=\"{&quot;aperture&quot;:&quot;0&quot;,&quot;credit&quot;:&quot;&quot;,&quot;camera&quot;:&quot;&quot;,&quot;caption&quot;:&quot;&quot;,&quot;created_timestamp&quot;:&quot;0&quot;,&quot;copyright&quot;:&quot;&quot;,&quot;focal_length&quot;:&quot;0&quot;,&quot;iso&quot;:&quot;0&quot;,&quot;shutter_speed&quot;:&quot;0&quot;,&quot;title&quot;:&quot;&quot;,&quot;orientation&quot;:&quot;0&quot;}\" data-image-title=\"IMG_5373\" data-image-description=\"\" data-image-caption=\"&lt;p&gt;Cuevas de Marmol &#8211; Lago General Carrera&lt;\/p&gt;\n\" data-medium-file=\"https:\/\/i0.wp.com\/www.spang.ch\/aude\/wp-content\/uploads\/2017\/04\/IMG_5373-e1491128020483.jpg?fit=200%2C300\" data-large-file=\"https:\/\/i0.wp.com\/www.spang.ch\/aude\/wp-content\/uploads\/2017\/04\/IMG_5373-e1491128020483.jpg?fit=683%2C1024\" tabindex=\"0\" role=\"button\" class=\"size-large wp-image-816\" src=\"https:\/\/i0.wp.com\/www.spang.ch\/aude\/wp-content\/uploads\/2017\/04\/IMG_5373-e1491128020483-683x1024.jpg?resize=683%2C1024\" alt=\"\" width=\"683\" height=\"1024\" srcset=\"https:\/\/i0.wp.com\/www.spang.ch\/aude\/wp-content\/uploads\/2017\/04\/IMG_5373-e1491128020483.jpg?resize=683%2C1024 683w, https:\/\/i0.wp.com\/www.spang.ch\/aude\/wp-content\/uploads\/2017\/04\/IMG_5373-e1491128020483.jpg?resize=200%2C300 200w, https:\/\/i0.wp.com\/www.spang.ch\/aude\/wp-content\/uploads\/2017\/04\/IMG_5373-e1491128020483.jpg?resize=768%2C1152 768w, https:\/\/i0.wp.com\/www.spang.ch\/aude\/wp-content\/uploads\/2017\/04\/IMG_5373-e1491128020483.jpg?w=2000 2000w, https:\/\/i0.wp.com\/www.spang.ch\/aude\/wp-content\/uploads\/2017\/04\/IMG_5373-e1491128020483.jpg?w=3000 3000w\" sizes=\"(max-width: 683px) 100vw, 683px\" data-recalc-dims=\"1\" \/><\/a><figcaption id=\"caption-attachment-816\" class=\"wp-caption-text\">Cuevas de Marmol &#8211; Lago General Carrera<\/figcaption><\/figure>\n<p class=\"p1\" style=\"text-align: justify;\">Ceci fut ma derni\u00e8re \u00e9tape chilienne, et je ne repasserais ensuite la fronti\u00e8re chilienne que pour traverser le bras de territoire chilien qu&rsquo;il est n\u00e9cessaire de passer pour atteindre l&rsquo;\u00eele de la Terre de Feu, tout au sud. Mon premier contact avec l&rsquo;Argentine au sortir de la Patagonie chilienne fut le poste de police du village Los Antiguos, non parce qu&rsquo;on m&rsquo;a arr\u00eat\u00e9e mais simplement parce qu&rsquo;il para\u00eet qu&rsquo;il \u00e9tait plus simple de faire du stop depuis ce point \u00e0 la sortie du village, o\u00f9 les policiers arr\u00eatent les voitures pour rendre compte des passages &#8211; ne me demandez pas pourquoi. Ce que j&rsquo;aurai retenu, c&rsquo;est que sans que je demande rien ils ont rempli mon thermos d&rsquo;eau chaude pour le mat\u00e9 et m&rsquo;ont offert quelques kilos de cerises car ils en avaient trop. Quand je vous dis que j&rsquo;adore l&rsquo;Argentine! Cette rencontre fut aussi l&rsquo;occasion de tester ma connaissance des accents, car j&rsquo;ai en effet tr\u00e8s fi\u00e8rement su reconna\u00eetre que l&rsquo;un des policiers venait de C\u00f3rdoba, bien plus au nord, l\u00e0 o\u00f9 l&rsquo;accent est chantant presque comme si l&rsquo;espagnol \u00e9tait une langue \u00e9trang\u00e8re. Marrant! Et la preuve que je me fais l&rsquo;oreille avec le temps.<\/p>\n<figure id=\"attachment_844\" aria-describedby=\"caption-attachment-844\" style=\"width: 1000px\" class=\"wp-caption aligncenter\"><a href=\"https:\/\/i0.wp.com\/www.spang.ch\/aude\/wp-content\/uploads\/2017\/04\/IMG_5596.jpg\"><img loading=\"lazy\" decoding=\"async\" data-attachment-id=\"844\" data-permalink=\"http:\/\/www.spang.ch\/aude\/fr\/2017\/04\/patagonia-que-buena-onda\/img_5596\/\" data-orig-file=\"https:\/\/i0.wp.com\/www.spang.ch\/aude\/wp-content\/uploads\/2017\/04\/IMG_5596.jpg?fit=4898%2C3265\" data-orig-size=\"4898,3265\" data-comments-opened=\"1\" data-image-meta=\"{&quot;aperture&quot;:&quot;0&quot;,&quot;credit&quot;:&quot;&quot;,&quot;camera&quot;:&quot;&quot;,&quot;caption&quot;:&quot;&quot;,&quot;created_timestamp&quot;:&quot;0&quot;,&quot;copyright&quot;:&quot;&quot;,&quot;focal_length&quot;:&quot;0&quot;,&quot;iso&quot;:&quot;0&quot;,&quot;shutter_speed&quot;:&quot;0&quot;,&quot;title&quot;:&quot;&quot;,&quot;orientation&quot;:&quot;0&quot;}\" data-image-title=\"IMG_5596\" data-image-description=\"\" data-image-caption=\"&lt;p&gt;Hitchhiking along Ruta 40, Argentina&lt;\/p&gt;\n\" data-medium-file=\"https:\/\/i0.wp.com\/www.spang.ch\/aude\/wp-content\/uploads\/2017\/04\/IMG_5596.jpg?fit=300%2C200\" data-large-file=\"https:\/\/i0.wp.com\/www.spang.ch\/aude\/wp-content\/uploads\/2017\/04\/IMG_5596.jpg?fit=1000%2C667\" tabindex=\"0\" role=\"button\" class=\"size-large wp-image-844\" src=\"https:\/\/i0.wp.com\/www.spang.ch\/aude\/wp-content\/uploads\/2017\/04\/IMG_5596.jpg?resize=1000%2C667\" alt=\"\" width=\"1000\" height=\"667\" srcset=\"https:\/\/i0.wp.com\/www.spang.ch\/aude\/wp-content\/uploads\/2017\/04\/IMG_5596.jpg?resize=1024%2C683 1024w, https:\/\/i0.wp.com\/www.spang.ch\/aude\/wp-content\/uploads\/2017\/04\/IMG_5596.jpg?resize=300%2C200 300w, https:\/\/i0.wp.com\/www.spang.ch\/aude\/wp-content\/uploads\/2017\/04\/IMG_5596.jpg?resize=768%2C512 768w, https:\/\/i0.wp.com\/www.spang.ch\/aude\/wp-content\/uploads\/2017\/04\/IMG_5596.jpg?resize=960%2C640 960w, https:\/\/i0.wp.com\/www.spang.ch\/aude\/wp-content\/uploads\/2017\/04\/IMG_5596.jpg?resize=450%2C300 450w, https:\/\/i0.wp.com\/www.spang.ch\/aude\/wp-content\/uploads\/2017\/04\/IMG_5596.jpg?w=2000 2000w, https:\/\/i0.wp.com\/www.spang.ch\/aude\/wp-content\/uploads\/2017\/04\/IMG_5596.jpg?w=3000 3000w\" sizes=\"(max-width: 1000px) 100vw, 1000px\" data-recalc-dims=\"1\" \/><\/a><figcaption id=\"caption-attachment-844\" class=\"wp-caption-text\">Autostop le long de la\u00a0Ruta 40, Argentine<\/figcaption><\/figure>\n<p class=\"p1\" style=\"text-align: justify;\">J&rsquo;aimerais pouvoir vous d\u00e9tailler chaque rencontre, chaque auto-stop, chaque gentillesse gratuite, mais mieux vaut s&rsquo;en tenir \u00e0 cette image g\u00e9n\u00e9rale de bont\u00e9 et de simplicit\u00e9 partag\u00e9e qui m&rsquo;a totalement s\u00e9duite. Et finalement j&rsquo;aurai \u00e9t\u00e9 tellement immerg\u00e9e dans l&rsquo;espagnol et parmi les gens de l\u00e0-bas que j&rsquo;ai m\u00eame eu plaisir \u00e0 rencontrer des fran\u00e7ais dans un camping, deux couples avec qui on a parl\u00e9 de voyage et d&rsquo;aventures, qui me font me dire qu&rsquo;il y a vraiment myriades de parcours de vies diff\u00e9rents (je pense \u00e0 ce couple de m\u00e9decins dans la cinquantaine, ayant principalement v\u00e9cu en Guadeloupe et tout juste commenc\u00e9 leur tour\u00a0du monde par une excursion en Antarctique, remontant la Patagonie en tente et voiture). \u00c7a donne envie, alors m\u00eame que j&rsquo;\u00e9tais moi-m\u00eame d\u00e9j\u00e0 en voyage!<\/p>\n<figure id=\"attachment_823\" aria-describedby=\"caption-attachment-823\" style=\"width: 1000px\" class=\"wp-caption aligncenter\"><a href=\"https:\/\/i0.wp.com\/www.spang.ch\/aude\/wp-content\/uploads\/2017\/04\/IMG_5632.jpg\"><img loading=\"lazy\" decoding=\"async\" data-attachment-id=\"823\" data-permalink=\"http:\/\/www.spang.ch\/aude\/fr\/2017\/04\/patagonia-que-buena-onda\/img_5632\/\" data-orig-file=\"https:\/\/i0.wp.com\/www.spang.ch\/aude\/wp-content\/uploads\/2017\/04\/IMG_5632.jpg?fit=5184%2C3456\" data-orig-size=\"5184,3456\" data-comments-opened=\"1\" data-image-meta=\"{&quot;aperture&quot;:&quot;0&quot;,&quot;credit&quot;:&quot;&quot;,&quot;camera&quot;:&quot;&quot;,&quot;caption&quot;:&quot;&quot;,&quot;created_timestamp&quot;:&quot;0&quot;,&quot;copyright&quot;:&quot;&quot;,&quot;focal_length&quot;:&quot;0&quot;,&quot;iso&quot;:&quot;0&quot;,&quot;shutter_speed&quot;:&quot;0&quot;,&quot;title&quot;:&quot;&quot;,&quot;orientation&quot;:&quot;0&quot;}\" data-image-title=\"IMG_5632\" data-image-description=\"\" data-image-caption=\"&lt;p&gt;Hitchhiking along Ruta 40, Argentina &#8211; \u00ab\u00a0Guanacos\u00a0\u00bb, of the lama family&lt;\/p&gt;\n\" data-medium-file=\"https:\/\/i0.wp.com\/www.spang.ch\/aude\/wp-content\/uploads\/2017\/04\/IMG_5632.jpg?fit=300%2C200\" data-large-file=\"https:\/\/i0.wp.com\/www.spang.ch\/aude\/wp-content\/uploads\/2017\/04\/IMG_5632.jpg?fit=1000%2C667\" tabindex=\"0\" role=\"button\" class=\"size-large wp-image-823\" src=\"https:\/\/i0.wp.com\/www.spang.ch\/aude\/wp-content\/uploads\/2017\/04\/IMG_5632.jpg?resize=1000%2C667\" alt=\"\" width=\"1000\" height=\"667\" srcset=\"https:\/\/i0.wp.com\/www.spang.ch\/aude\/wp-content\/uploads\/2017\/04\/IMG_5632.jpg?resize=1024%2C683 1024w, https:\/\/i0.wp.com\/www.spang.ch\/aude\/wp-content\/uploads\/2017\/04\/IMG_5632.jpg?resize=300%2C200 300w, https:\/\/i0.wp.com\/www.spang.ch\/aude\/wp-content\/uploads\/2017\/04\/IMG_5632.jpg?resize=768%2C512 768w, https:\/\/i0.wp.com\/www.spang.ch\/aude\/wp-content\/uploads\/2017\/04\/IMG_5632.jpg?resize=960%2C640 960w, https:\/\/i0.wp.com\/www.spang.ch\/aude\/wp-content\/uploads\/2017\/04\/IMG_5632.jpg?resize=450%2C300 450w, https:\/\/i0.wp.com\/www.spang.ch\/aude\/wp-content\/uploads\/2017\/04\/IMG_5632.jpg?w=2000 2000w, https:\/\/i0.wp.com\/www.spang.ch\/aude\/wp-content\/uploads\/2017\/04\/IMG_5632.jpg?w=3000 3000w\" sizes=\"(max-width: 1000px) 100vw, 1000px\" data-recalc-dims=\"1\" \/><\/a><figcaption id=\"caption-attachment-823\" class=\"wp-caption-text\">Autostop le long de la\u00a0Ruta 40, Argentine &#8211; \u00ab\u00a0Guanacos\u00a0\u00bb,\u00a0de la famille du lama<\/figcaption><\/figure>\n<figure id=\"attachment_824\" aria-describedby=\"caption-attachment-824\" style=\"width: 1000px\" class=\"wp-caption aligncenter\"><a href=\"https:\/\/i0.wp.com\/www.spang.ch\/aude\/wp-content\/uploads\/2017\/04\/IMG_5656.jpg\"><img loading=\"lazy\" decoding=\"async\" data-attachment-id=\"824\" data-permalink=\"http:\/\/www.spang.ch\/aude\/fr\/2017\/04\/patagonia-que-buena-onda\/img_5656\/\" data-orig-file=\"https:\/\/i0.wp.com\/www.spang.ch\/aude\/wp-content\/uploads\/2017\/04\/IMG_5656.jpg?fit=5184%2C3456\" data-orig-size=\"5184,3456\" data-comments-opened=\"1\" data-image-meta=\"{&quot;aperture&quot;:&quot;0&quot;,&quot;credit&quot;:&quot;&quot;,&quot;camera&quot;:&quot;&quot;,&quot;caption&quot;:&quot;&quot;,&quot;created_timestamp&quot;:&quot;0&quot;,&quot;copyright&quot;:&quot;&quot;,&quot;focal_length&quot;:&quot;0&quot;,&quot;iso&quot;:&quot;0&quot;,&quot;shutter_speed&quot;:&quot;0&quot;,&quot;title&quot;:&quot;&quot;,&quot;orientation&quot;:&quot;0&quot;}\" data-image-title=\"IMG_5656\" data-image-description=\"\" data-image-caption=\"&lt;p&gt;Hitchhiking toward El Chalt\u00e9n, Argentina&lt;\/p&gt;\n\" data-medium-file=\"https:\/\/i0.wp.com\/www.spang.ch\/aude\/wp-content\/uploads\/2017\/04\/IMG_5656.jpg?fit=300%2C200\" data-large-file=\"https:\/\/i0.wp.com\/www.spang.ch\/aude\/wp-content\/uploads\/2017\/04\/IMG_5656.jpg?fit=1000%2C667\" tabindex=\"0\" role=\"button\" class=\"size-large wp-image-824\" src=\"https:\/\/i0.wp.com\/www.spang.ch\/aude\/wp-content\/uploads\/2017\/04\/IMG_5656.jpg?resize=1000%2C667\" alt=\"\" width=\"1000\" height=\"667\" srcset=\"https:\/\/i0.wp.com\/www.spang.ch\/aude\/wp-content\/uploads\/2017\/04\/IMG_5656.jpg?resize=1024%2C683 1024w, https:\/\/i0.wp.com\/www.spang.ch\/aude\/wp-content\/uploads\/2017\/04\/IMG_5656.jpg?resize=300%2C200 300w, https:\/\/i0.wp.com\/www.spang.ch\/aude\/wp-content\/uploads\/2017\/04\/IMG_5656.jpg?resize=768%2C512 768w, https:\/\/i0.wp.com\/www.spang.ch\/aude\/wp-content\/uploads\/2017\/04\/IMG_5656.jpg?resize=960%2C640 960w, https:\/\/i0.wp.com\/www.spang.ch\/aude\/wp-content\/uploads\/2017\/04\/IMG_5656.jpg?resize=450%2C300 450w, https:\/\/i0.wp.com\/www.spang.ch\/aude\/wp-content\/uploads\/2017\/04\/IMG_5656.jpg?w=2000 2000w, https:\/\/i0.wp.com\/www.spang.ch\/aude\/wp-content\/uploads\/2017\/04\/IMG_5656.jpg?w=3000 3000w\" sizes=\"(max-width: 1000px) 100vw, 1000px\" data-recalc-dims=\"1\" \/><\/a><figcaption id=\"caption-attachment-824\" class=\"wp-caption-text\">Autostop vers\u00a0El Chalt\u00e9n, Argentine<\/figcaption><\/figure>\n<p class=\"p1\" style=\"text-align: justify;\">Autrement, je me dois de d\u00e9dier une mention sp\u00e9ciale \u00e0 ce couple de Rio Gallegos\u00a0qui est revenu en arri\u00e8re 15 minutes apr\u00e8s m&rsquo;avoir d\u00e9pass\u00e9e, ayant eu piti\u00e9 de moi qui faisait du stop dans le d\u00e9sert o\u00f9 pas un chat ne passait. Et non seulement ils ont fait cela, mais ils ont \u00e9galement fait un d\u00e9tour de 200km pour ne pas me laisser \u00e0 un autre croisement d\u00e9sertique, mais s&rsquo;assurant que j&rsquo;\u00e9tais bien arriv\u00e9e au village d&rsquo;El Chalten et ne me d\u00e9posant qu&rsquo;une fois y avoir trouv\u00e9 un camping o\u00f9 je pourrais passer la nuit. Tellement fou, sachant que des heures et des heures de route les attendaient encore pour arriver chez eux et que je n&rsquo;avais rien demand\u00e9 ni m\u00eame insinu\u00e9! Des anges, rien \u00e0 ajouter. Tellement chou&#8230; J&rsquo;esp\u00e8re \u00eatre moi aussi ainsi, les fois o\u00f9 la vie me pr\u00e9sente pareilles situations.<\/p>\n<figure id=\"attachment_828\" aria-describedby=\"caption-attachment-828\" style=\"width: 1000px\" class=\"wp-caption aligncenter\"><a href=\"https:\/\/i0.wp.com\/www.spang.ch\/aude\/wp-content\/uploads\/2017\/04\/IMG_5752.jpg\"><img loading=\"lazy\" decoding=\"async\" data-attachment-id=\"828\" data-permalink=\"http:\/\/www.spang.ch\/aude\/fr\/2017\/04\/patagonia-que-buena-onda\/img_5752\/\" data-orig-file=\"https:\/\/i0.wp.com\/www.spang.ch\/aude\/wp-content\/uploads\/2017\/04\/IMG_5752.jpg?fit=5184%2C3456\" data-orig-size=\"5184,3456\" data-comments-opened=\"1\" data-image-meta=\"{&quot;aperture&quot;:&quot;0&quot;,&quot;credit&quot;:&quot;&quot;,&quot;camera&quot;:&quot;&quot;,&quot;caption&quot;:&quot;&quot;,&quot;created_timestamp&quot;:&quot;0&quot;,&quot;copyright&quot;:&quot;&quot;,&quot;focal_length&quot;:&quot;0&quot;,&quot;iso&quot;:&quot;0&quot;,&quot;shutter_speed&quot;:&quot;0&quot;,&quot;title&quot;:&quot;&quot;,&quot;orientation&quot;:&quot;0&quot;}\" data-image-title=\"IMG_5752\" data-image-description=\"\" data-image-caption=\"&lt;p&gt;Patagonia #2: Cuevas de Marmol, Fitz Roy&lt;\/p&gt;\n\" data-medium-file=\"https:\/\/i0.wp.com\/www.spang.ch\/aude\/wp-content\/uploads\/2017\/04\/IMG_5752.jpg?fit=300%2C200\" data-large-file=\"https:\/\/i0.wp.com\/www.spang.ch\/aude\/wp-content\/uploads\/2017\/04\/IMG_5752.jpg?fit=1000%2C667\" tabindex=\"0\" role=\"button\" class=\"size-large wp-image-828\" src=\"https:\/\/i0.wp.com\/www.spang.ch\/aude\/wp-content\/uploads\/2017\/04\/IMG_5752.jpg?resize=1000%2C667\" alt=\"\" width=\"1000\" height=\"667\" srcset=\"https:\/\/i0.wp.com\/www.spang.ch\/aude\/wp-content\/uploads\/2017\/04\/IMG_5752.jpg?resize=1024%2C683 1024w, https:\/\/i0.wp.com\/www.spang.ch\/aude\/wp-content\/uploads\/2017\/04\/IMG_5752.jpg?resize=300%2C200 300w, https:\/\/i0.wp.com\/www.spang.ch\/aude\/wp-content\/uploads\/2017\/04\/IMG_5752.jpg?resize=768%2C512 768w, https:\/\/i0.wp.com\/www.spang.ch\/aude\/wp-content\/uploads\/2017\/04\/IMG_5752.jpg?resize=960%2C640 960w, https:\/\/i0.wp.com\/www.spang.ch\/aude\/wp-content\/uploads\/2017\/04\/IMG_5752.jpg?resize=450%2C300 450w, https:\/\/i0.wp.com\/www.spang.ch\/aude\/wp-content\/uploads\/2017\/04\/IMG_5752.jpg?w=2000 2000w, https:\/\/i0.wp.com\/www.spang.ch\/aude\/wp-content\/uploads\/2017\/04\/IMG_5752.jpg?w=3000 3000w\" sizes=\"(max-width: 1000px) 100vw, 1000px\" data-recalc-dims=\"1\" \/><\/a><figcaption id=\"caption-attachment-828\" class=\"wp-caption-text\">Fitz Roy &#8211; Laguna de las Tres<\/figcaption><\/figure>\n<figure id=\"attachment_829\" aria-describedby=\"caption-attachment-829\" style=\"width: 1000px\" class=\"wp-caption aligncenter\"><a href=\"https:\/\/i0.wp.com\/www.spang.ch\/aude\/wp-content\/uploads\/2017\/04\/IMG_5838.jpg\"><img loading=\"lazy\" decoding=\"async\" data-attachment-id=\"829\" data-permalink=\"http:\/\/www.spang.ch\/aude\/fr\/2017\/04\/patagonia-que-buena-onda\/img_5838\/\" data-orig-file=\"https:\/\/i0.wp.com\/www.spang.ch\/aude\/wp-content\/uploads\/2017\/04\/IMG_5838.jpg?fit=5184%2C3456\" data-orig-size=\"5184,3456\" data-comments-opened=\"1\" data-image-meta=\"{&quot;aperture&quot;:&quot;0&quot;,&quot;credit&quot;:&quot;&quot;,&quot;camera&quot;:&quot;&quot;,&quot;caption&quot;:&quot;&quot;,&quot;created_timestamp&quot;:&quot;0&quot;,&quot;copyright&quot;:&quot;&quot;,&quot;focal_length&quot;:&quot;0&quot;,&quot;iso&quot;:&quot;0&quot;,&quot;shutter_speed&quot;:&quot;0&quot;,&quot;title&quot;:&quot;&quot;,&quot;orientation&quot;:&quot;0&quot;}\" data-image-title=\"IMG_5838\" data-image-description=\"\" data-image-caption=\"\" data-medium-file=\"https:\/\/i0.wp.com\/www.spang.ch\/aude\/wp-content\/uploads\/2017\/04\/IMG_5838.jpg?fit=300%2C200\" data-large-file=\"https:\/\/i0.wp.com\/www.spang.ch\/aude\/wp-content\/uploads\/2017\/04\/IMG_5838.jpg?fit=1000%2C667\" tabindex=\"0\" role=\"button\" class=\"wp-image-829 size-large\" src=\"https:\/\/i0.wp.com\/www.spang.ch\/aude\/wp-content\/uploads\/2017\/04\/IMG_5838.jpg?resize=1000%2C667\" alt=\"\" width=\"1000\" height=\"667\" srcset=\"https:\/\/i0.wp.com\/www.spang.ch\/aude\/wp-content\/uploads\/2017\/04\/IMG_5838.jpg?resize=1024%2C683 1024w, https:\/\/i0.wp.com\/www.spang.ch\/aude\/wp-content\/uploads\/2017\/04\/IMG_5838.jpg?resize=300%2C200 300w, https:\/\/i0.wp.com\/www.spang.ch\/aude\/wp-content\/uploads\/2017\/04\/IMG_5838.jpg?resize=768%2C512 768w, https:\/\/i0.wp.com\/www.spang.ch\/aude\/wp-content\/uploads\/2017\/04\/IMG_5838.jpg?resize=960%2C640 960w, https:\/\/i0.wp.com\/www.spang.ch\/aude\/wp-content\/uploads\/2017\/04\/IMG_5838.jpg?resize=450%2C300 450w, https:\/\/i0.wp.com\/www.spang.ch\/aude\/wp-content\/uploads\/2017\/04\/IMG_5838.jpg?w=2000 2000w, https:\/\/i0.wp.com\/www.spang.ch\/aude\/wp-content\/uploads\/2017\/04\/IMG_5838.jpg?w=3000 3000w\" sizes=\"(max-width: 1000px) 100vw, 1000px\" data-recalc-dims=\"1\" \/><\/a><figcaption id=\"caption-attachment-829\" class=\"wp-caption-text\">Pr\u00e8s du Fitz Roy, c&rsquo;est quoi comme oiseau?<\/figcaption><\/figure>\n<p class=\"p1\" style=\"text-align: justify;\">El Chalten est un village proche du c\u00e9l\u00e8bre massif du Fitz Roy, le long de la Cordill\u00e8re mais c\u00f4t\u00e9 argentin. Comme \u00e0 chaque fois que l&rsquo;on se rapproche de la cha\u00eene de montagnes, les paysages se font plus dramatiques et bien plus verts, on oublie vite les \u00e9tendues d\u00e9sertiques qui gisent \u00e0 quelques centaines de kilom\u00e8tres seulement. L\u00e0, j&rsquo;ai enfin r\u00e9enfil\u00e9 mes chaussures de marche pour aller d\u00e9couvrir le splendide, magnifique sc\u00e9nario de la Laguna de las Tres. Une journ\u00e9e de marche plut\u00f4t tranquille avec un dernier kilom\u00e8tre de forte pente, dont la r\u00e9compense est une vue imprenable sur un glacier se jetant dans un lac des plus turquoises qu&rsquo;il soit, lui-m\u00eame entour\u00e9 par plusieurs pics en forme de tours s&rsquo;\u00e9lan\u00e7ant vers le ciel. Journ\u00e9e b\u00e9nie par un soleil bienvenu, j&rsquo;ai probablement mang\u00e9 mon pique-nique face \u00e0 l&rsquo;un des plus beaux paysages de ma vie.<\/p>\n<figure id=\"attachment_826\" aria-describedby=\"caption-attachment-826\" style=\"width: 1000px\" class=\"wp-caption aligncenter\"><a href=\"https:\/\/i0.wp.com\/www.spang.ch\/aude\/wp-content\/uploads\/2017\/04\/IMG_5737.jpg\"><img loading=\"lazy\" decoding=\"async\" data-attachment-id=\"826\" data-permalink=\"http:\/\/www.spang.ch\/aude\/fr\/2017\/04\/patagonia-que-buena-onda\/img_5737\/\" data-orig-file=\"https:\/\/i0.wp.com\/www.spang.ch\/aude\/wp-content\/uploads\/2017\/04\/IMG_5737.jpg?fit=5184%2C3456\" data-orig-size=\"5184,3456\" data-comments-opened=\"1\" data-image-meta=\"{&quot;aperture&quot;:&quot;0&quot;,&quot;credit&quot;:&quot;&quot;,&quot;camera&quot;:&quot;&quot;,&quot;caption&quot;:&quot;&quot;,&quot;created_timestamp&quot;:&quot;0&quot;,&quot;copyright&quot;:&quot;&quot;,&quot;focal_length&quot;:&quot;0&quot;,&quot;iso&quot;:&quot;0&quot;,&quot;shutter_speed&quot;:&quot;0&quot;,&quot;title&quot;:&quot;&quot;,&quot;orientation&quot;:&quot;0&quot;}\" data-image-title=\"IMG_5737\" data-image-description=\"\" data-image-caption=\"&lt;p&gt;Fitz Roy &#8211; Laguna de las Tres&lt;\/p&gt;\n\" data-medium-file=\"https:\/\/i0.wp.com\/www.spang.ch\/aude\/wp-content\/uploads\/2017\/04\/IMG_5737.jpg?fit=300%2C200\" data-large-file=\"https:\/\/i0.wp.com\/www.spang.ch\/aude\/wp-content\/uploads\/2017\/04\/IMG_5737.jpg?fit=1000%2C667\" tabindex=\"0\" role=\"button\" class=\"size-large wp-image-826\" src=\"https:\/\/i0.wp.com\/www.spang.ch\/aude\/wp-content\/uploads\/2017\/04\/IMG_5737.jpg?resize=1000%2C667\" alt=\"\" width=\"1000\" height=\"667\" srcset=\"https:\/\/i0.wp.com\/www.spang.ch\/aude\/wp-content\/uploads\/2017\/04\/IMG_5737.jpg?resize=1024%2C683 1024w, https:\/\/i0.wp.com\/www.spang.ch\/aude\/wp-content\/uploads\/2017\/04\/IMG_5737.jpg?resize=300%2C200 300w, https:\/\/i0.wp.com\/www.spang.ch\/aude\/wp-content\/uploads\/2017\/04\/IMG_5737.jpg?resize=768%2C512 768w, https:\/\/i0.wp.com\/www.spang.ch\/aude\/wp-content\/uploads\/2017\/04\/IMG_5737.jpg?resize=960%2C640 960w, https:\/\/i0.wp.com\/www.spang.ch\/aude\/wp-content\/uploads\/2017\/04\/IMG_5737.jpg?resize=450%2C300 450w, https:\/\/i0.wp.com\/www.spang.ch\/aude\/wp-content\/uploads\/2017\/04\/IMG_5737.jpg?w=2000 2000w, https:\/\/i0.wp.com\/www.spang.ch\/aude\/wp-content\/uploads\/2017\/04\/IMG_5737.jpg?w=3000 3000w\" sizes=\"(max-width: 1000px) 100vw, 1000px\" data-recalc-dims=\"1\" \/><\/a><figcaption id=\"caption-attachment-826\" class=\"wp-caption-text\">Fitz Roy &#8211; Laguna de las Tres<\/figcaption><\/figure>\n<figure id=\"attachment_845\" aria-describedby=\"caption-attachment-845\" style=\"width: 683px\" class=\"wp-caption aligncenter\"><a href=\"https:\/\/i0.wp.com\/www.spang.ch\/aude\/wp-content\/uploads\/2017\/04\/IMG_5805-e1491130361702.jpg\"><img loading=\"lazy\" decoding=\"async\" data-attachment-id=\"845\" data-permalink=\"http:\/\/www.spang.ch\/aude\/fr\/2017\/04\/patagonia-que-buena-onda\/img_5805\/\" data-orig-file=\"https:\/\/i0.wp.com\/www.spang.ch\/aude\/wp-content\/uploads\/2017\/04\/IMG_5805-e1491130361702.jpg?fit=3265%2C4898\" data-orig-size=\"3265,4898\" data-comments-opened=\"1\" data-image-meta=\"{&quot;aperture&quot;:&quot;0&quot;,&quot;credit&quot;:&quot;&quot;,&quot;camera&quot;:&quot;&quot;,&quot;caption&quot;:&quot;&quot;,&quot;created_timestamp&quot;:&quot;0&quot;,&quot;copyright&quot;:&quot;&quot;,&quot;focal_length&quot;:&quot;0&quot;,&quot;iso&quot;:&quot;0&quot;,&quot;shutter_speed&quot;:&quot;0&quot;,&quot;title&quot;:&quot;&quot;,&quot;orientation&quot;:&quot;0&quot;}\" data-image-title=\"IMG_5805\" data-image-description=\"\" data-image-caption=\"&lt;p&gt;Fitz Roy&lt;\/p&gt;\n\" data-medium-file=\"https:\/\/i0.wp.com\/www.spang.ch\/aude\/wp-content\/uploads\/2017\/04\/IMG_5805-e1491130361702.jpg?fit=200%2C300\" data-large-file=\"https:\/\/i0.wp.com\/www.spang.ch\/aude\/wp-content\/uploads\/2017\/04\/IMG_5805-e1491130361702.jpg?fit=683%2C1024\" tabindex=\"0\" role=\"button\" class=\"size-large wp-image-845\" src=\"https:\/\/i0.wp.com\/www.spang.ch\/aude\/wp-content\/uploads\/2017\/04\/IMG_5805-e1491130361702-683x1024.jpg?resize=683%2C1024\" alt=\"\" width=\"683\" height=\"1024\" srcset=\"https:\/\/i0.wp.com\/www.spang.ch\/aude\/wp-content\/uploads\/2017\/04\/IMG_5805-e1491130361702.jpg?resize=683%2C1024 683w, https:\/\/i0.wp.com\/www.spang.ch\/aude\/wp-content\/uploads\/2017\/04\/IMG_5805-e1491130361702.jpg?resize=200%2C300 200w, https:\/\/i0.wp.com\/www.spang.ch\/aude\/wp-content\/uploads\/2017\/04\/IMG_5805-e1491130361702.jpg?resize=768%2C1152 768w, https:\/\/i0.wp.com\/www.spang.ch\/aude\/wp-content\/uploads\/2017\/04\/IMG_5805-e1491130361702.jpg?w=2000 2000w, https:\/\/i0.wp.com\/www.spang.ch\/aude\/wp-content\/uploads\/2017\/04\/IMG_5805-e1491130361702.jpg?w=3000 3000w\" sizes=\"(max-width: 683px) 100vw, 683px\" data-recalc-dims=\"1\" \/><\/a><figcaption id=\"caption-attachment-845\" class=\"wp-caption-text\">Fitz Roy<\/figcaption><\/figure>\n<p class=\"p1\" style=\"text-align: justify;\">Ce faisant, j&rsquo;ai rencontr\u00e9 Sullilay, de Puerto Montt, elle aussi en vadrouille \u00e0 travers la Patagonie. On est rest\u00e9es 2h \u00e0 contempler ce cadeau de la nature, chaque instant plus merveilleux. Sullilay fut une super compagne de rando pour un jour, avec qui on a beaucoup ri d&rsquo;avoir r\u00e9ussi \u00e0 se perdre malgr\u00e9 les chemins ultra indiqu\u00e9s, ajoutant ainsi 10km de joyeux bavardage \u00e0 notre marche du jour. Tant de nature, tant d&rsquo;air frais, que de plaisir pour les jambes! Sur le moment \u00e7a m&rsquo;a bien fatigu\u00e9 les pieds, mais j&rsquo;ai absolument ador\u00e9!! Le soir m\u00eame, je me suis endormie au son des joyeux chants argentins accompagn\u00e9s d&rsquo;accords de guitare, entonn\u00e9s par les nombreux autres campeurs de passage par El Chalten. J&rsquo;adore, j&rsquo;adore, j&rsquo;adore l&rsquo;Argentine! Tant de partage, de moments d&rsquo;\u00e9change amicaux, tant de mat\u00e9, et tant de musique. Quel pays!<\/p>\n<figure id=\"attachment_830\" aria-describedby=\"caption-attachment-830\" style=\"width: 683px\" class=\"wp-caption aligncenter\"><a href=\"https:\/\/i0.wp.com\/www.spang.ch\/aude\/wp-content\/uploads\/2017\/04\/IMG_5916-e1491129543768.jpg\"><img loading=\"lazy\" decoding=\"async\" data-attachment-id=\"830\" data-permalink=\"http:\/\/www.spang.ch\/aude\/fr\/2017\/04\/patagonia-que-buena-onda\/img_5916\/\" data-orig-file=\"https:\/\/i0.wp.com\/www.spang.ch\/aude\/wp-content\/uploads\/2017\/04\/IMG_5916-e1491129543768.jpg?fit=3456%2C5184\" data-orig-size=\"3456,5184\" data-comments-opened=\"1\" data-image-meta=\"{&quot;aperture&quot;:&quot;0&quot;,&quot;credit&quot;:&quot;&quot;,&quot;camera&quot;:&quot;&quot;,&quot;caption&quot;:&quot;&quot;,&quot;created_timestamp&quot;:&quot;0&quot;,&quot;copyright&quot;:&quot;&quot;,&quot;focal_length&quot;:&quot;0&quot;,&quot;iso&quot;:&quot;0&quot;,&quot;shutter_speed&quot;:&quot;0&quot;,&quot;title&quot;:&quot;&quot;,&quot;orientation&quot;:&quot;0&quot;}\" data-image-title=\"IMG_5916\" data-image-description=\"\" data-image-caption=\"&lt;p&gt;Perito Moreno&lt;\/p&gt;\n\" data-medium-file=\"https:\/\/i0.wp.com\/www.spang.ch\/aude\/wp-content\/uploads\/2017\/04\/IMG_5916-e1491129543768.jpg?fit=200%2C300\" data-large-file=\"https:\/\/i0.wp.com\/www.spang.ch\/aude\/wp-content\/uploads\/2017\/04\/IMG_5916-e1491129543768.jpg?fit=683%2C1024\" tabindex=\"0\" role=\"button\" class=\"size-large wp-image-830\" src=\"https:\/\/i0.wp.com\/www.spang.ch\/aude\/wp-content\/uploads\/2017\/04\/IMG_5916-e1491129543768-683x1024.jpg?resize=683%2C1024\" alt=\"\" width=\"683\" height=\"1024\" srcset=\"https:\/\/i0.wp.com\/www.spang.ch\/aude\/wp-content\/uploads\/2017\/04\/IMG_5916-e1491129543768.jpg?resize=683%2C1024 683w, https:\/\/i0.wp.com\/www.spang.ch\/aude\/wp-content\/uploads\/2017\/04\/IMG_5916-e1491129543768.jpg?resize=200%2C300 200w, https:\/\/i0.wp.com\/www.spang.ch\/aude\/wp-content\/uploads\/2017\/04\/IMG_5916-e1491129543768.jpg?resize=768%2C1152 768w, https:\/\/i0.wp.com\/www.spang.ch\/aude\/wp-content\/uploads\/2017\/04\/IMG_5916-e1491129543768.jpg?w=2000 2000w, https:\/\/i0.wp.com\/www.spang.ch\/aude\/wp-content\/uploads\/2017\/04\/IMG_5916-e1491129543768.jpg?w=3000 3000w\" sizes=\"(max-width: 683px) 100vw, 683px\" data-recalc-dims=\"1\" \/><\/a><figcaption id=\"caption-attachment-830\" class=\"wp-caption-text\">Perito Moreno<\/figcaption><\/figure>\n<p class=\"p1\" style=\"text-align: justify;\">L&rsquo;\u00e9tape suivante \u00e9tait l&rsquo;une des destinations qui \u00e9tait au fil du voyage devenue une sorte de r\u00eave, que je ne connaissais pas vraiment avant de venir, et que j&rsquo;avais compris devoir absolument voir \u00e0 force d&rsquo;entendre les r\u00e9cits d&rsquo;autres voyageurs: le glacier Perito Moreno, dans le parc national Los Glaciares, pr\u00e8s du village El Calafate. L\u00e0 encore, la visite fut l&rsquo;occasion d&rsquo;une rencontre m\u00e9morable. Un p\u00e8re et son fils m&rsquo;ont prise en auto-stop jusqu&rsquo;au parc, et nous avons fini par passer toute la journ\u00e9e ensemble, apr\u00e8s avoir compris que nous \u00e9tions tous trois d&rsquo;intenses mordus de la nature. Quelle journ\u00e9e inoubliable!! La d\u00e9couverte de cet \u00e9norme g\u00e9ant de glace se jetant dans un lac, et \u00e9tant le\u00a0seul\u00a0glacier de Patagonie et l&rsquo;un de rares au monde qui continue \u00e0 avancer, figure parmi les moments les plus spectaculaires de ma vie. On s&rsquo;approche du glacier par diff\u00e9rents chemins, nous avons choisi de suivre le plus long et de profiter le plus lentement possible de la vision enchanteresse qui nous \u00e9tait offerte par les \u00e9l\u00e9ments et des si\u00e8cles d&rsquo;histoire g\u00e9ologique.<\/p>\n<figure id=\"attachment_834\" aria-describedby=\"caption-attachment-834\" style=\"width: 1000px\" class=\"wp-caption aligncenter\"><a href=\"https:\/\/i0.wp.com\/www.spang.ch\/aude\/wp-content\/uploads\/2017\/04\/IMG_6131.jpg\"><img loading=\"lazy\" decoding=\"async\" data-attachment-id=\"834\" data-permalink=\"http:\/\/www.spang.ch\/aude\/fr\/2017\/04\/patagonia-que-buena-onda\/img_6131\/\" data-orig-file=\"https:\/\/i0.wp.com\/www.spang.ch\/aude\/wp-content\/uploads\/2017\/04\/IMG_6131.jpg?fit=5184%2C3456\" data-orig-size=\"5184,3456\" data-comments-opened=\"1\" data-image-meta=\"{&quot;aperture&quot;:&quot;0&quot;,&quot;credit&quot;:&quot;&quot;,&quot;camera&quot;:&quot;&quot;,&quot;caption&quot;:&quot;&quot;,&quot;created_timestamp&quot;:&quot;0&quot;,&quot;copyright&quot;:&quot;&quot;,&quot;focal_length&quot;:&quot;0&quot;,&quot;iso&quot;:&quot;0&quot;,&quot;shutter_speed&quot;:&quot;0&quot;,&quot;title&quot;:&quot;&quot;,&quot;orientation&quot;:&quot;0&quot;}\" data-image-title=\"IMG_6131\" data-image-description=\"\" data-image-caption=\"&lt;p&gt;Patagonia #3: Perito Moreno, Ushuaia&lt;\/p&gt;\n\" data-medium-file=\"https:\/\/i0.wp.com\/www.spang.ch\/aude\/wp-content\/uploads\/2017\/04\/IMG_6131.jpg?fit=300%2C200\" data-large-file=\"https:\/\/i0.wp.com\/www.spang.ch\/aude\/wp-content\/uploads\/2017\/04\/IMG_6131.jpg?fit=1000%2C667\" tabindex=\"0\" role=\"button\" class=\"size-large wp-image-834\" src=\"https:\/\/i0.wp.com\/www.spang.ch\/aude\/wp-content\/uploads\/2017\/04\/IMG_6131.jpg?resize=1000%2C667\" alt=\"\" width=\"1000\" height=\"667\" srcset=\"https:\/\/i0.wp.com\/www.spang.ch\/aude\/wp-content\/uploads\/2017\/04\/IMG_6131.jpg?resize=1024%2C683 1024w, https:\/\/i0.wp.com\/www.spang.ch\/aude\/wp-content\/uploads\/2017\/04\/IMG_6131.jpg?resize=300%2C200 300w, https:\/\/i0.wp.com\/www.spang.ch\/aude\/wp-content\/uploads\/2017\/04\/IMG_6131.jpg?resize=768%2C512 768w, https:\/\/i0.wp.com\/www.spang.ch\/aude\/wp-content\/uploads\/2017\/04\/IMG_6131.jpg?resize=960%2C640 960w, https:\/\/i0.wp.com\/www.spang.ch\/aude\/wp-content\/uploads\/2017\/04\/IMG_6131.jpg?resize=450%2C300 450w, https:\/\/i0.wp.com\/www.spang.ch\/aude\/wp-content\/uploads\/2017\/04\/IMG_6131.jpg?w=2000 2000w, https:\/\/i0.wp.com\/www.spang.ch\/aude\/wp-content\/uploads\/2017\/04\/IMG_6131.jpg?w=3000 3000w\" sizes=\"(max-width: 1000px) 100vw, 1000px\" data-recalc-dims=\"1\" \/><\/a><figcaption id=\"caption-attachment-834\" class=\"wp-caption-text\">Perito Moreno<\/figcaption><\/figure>\n<figure id=\"attachment_832\" aria-describedby=\"caption-attachment-832\" style=\"width: 1000px\" class=\"wp-caption aligncenter\"><a href=\"https:\/\/i0.wp.com\/www.spang.ch\/aude\/wp-content\/uploads\/2017\/04\/IMG_6045.jpg\"><img loading=\"lazy\" decoding=\"async\" data-attachment-id=\"832\" data-permalink=\"http:\/\/www.spang.ch\/aude\/fr\/2017\/04\/patagonia-que-buena-onda\/img_6045\/\" data-orig-file=\"https:\/\/i0.wp.com\/www.spang.ch\/aude\/wp-content\/uploads\/2017\/04\/IMG_6045.jpg?fit=5184%2C3456\" data-orig-size=\"5184,3456\" data-comments-opened=\"1\" data-image-meta=\"{&quot;aperture&quot;:&quot;0&quot;,&quot;credit&quot;:&quot;&quot;,&quot;camera&quot;:&quot;&quot;,&quot;caption&quot;:&quot;&quot;,&quot;created_timestamp&quot;:&quot;0&quot;,&quot;copyright&quot;:&quot;&quot;,&quot;focal_length&quot;:&quot;0&quot;,&quot;iso&quot;:&quot;0&quot;,&quot;shutter_speed&quot;:&quot;0&quot;,&quot;title&quot;:&quot;&quot;,&quot;orientation&quot;:&quot;0&quot;}\" data-image-title=\"IMG_6045\" data-image-description=\"\" data-image-caption=\"&lt;p&gt;Absolute Blue&lt;\/p&gt;\n\" data-medium-file=\"https:\/\/i0.wp.com\/www.spang.ch\/aude\/wp-content\/uploads\/2017\/04\/IMG_6045.jpg?fit=300%2C200\" data-large-file=\"https:\/\/i0.wp.com\/www.spang.ch\/aude\/wp-content\/uploads\/2017\/04\/IMG_6045.jpg?fit=1000%2C667\" tabindex=\"0\" role=\"button\" class=\"size-large wp-image-832\" src=\"https:\/\/i0.wp.com\/www.spang.ch\/aude\/wp-content\/uploads\/2017\/04\/IMG_6045.jpg?resize=1000%2C667\" alt=\"\" width=\"1000\" height=\"667\" srcset=\"https:\/\/i0.wp.com\/www.spang.ch\/aude\/wp-content\/uploads\/2017\/04\/IMG_6045.jpg?resize=1024%2C683 1024w, https:\/\/i0.wp.com\/www.spang.ch\/aude\/wp-content\/uploads\/2017\/04\/IMG_6045.jpg?resize=300%2C200 300w, https:\/\/i0.wp.com\/www.spang.ch\/aude\/wp-content\/uploads\/2017\/04\/IMG_6045.jpg?resize=768%2C512 768w, https:\/\/i0.wp.com\/www.spang.ch\/aude\/wp-content\/uploads\/2017\/04\/IMG_6045.jpg?resize=960%2C640 960w, https:\/\/i0.wp.com\/www.spang.ch\/aude\/wp-content\/uploads\/2017\/04\/IMG_6045.jpg?resize=450%2C300 450w, https:\/\/i0.wp.com\/www.spang.ch\/aude\/wp-content\/uploads\/2017\/04\/IMG_6045.jpg?w=2000 2000w, https:\/\/i0.wp.com\/www.spang.ch\/aude\/wp-content\/uploads\/2017\/04\/IMG_6045.jpg?w=3000 3000w\" sizes=\"(max-width: 1000px) 100vw, 1000px\" data-recalc-dims=\"1\" \/><\/a><figcaption id=\"caption-attachment-832\" class=\"wp-caption-text\">Bleu Absolu<\/figcaption><\/figure>\n<p class=\"p1\" style=\"text-align: justify;\">Le p\u00e8re \u00e9tant prof de sciences naturelles et passionn\u00e9 par la cartographie et la g\u00e9ographie, et son fils m\u00e9decin et amateur de p\u00eache, nous avons pass\u00e9 une extr\u00eamement int\u00e9ressante et ressour\u00e7ante journ\u00e9e de discussion, \u00e9change, mais aussi silence et m\u00e9ditation face \u00e0 la masse de glace pure. Alors que pas mal de touristes restent quelques heures sur le site et repartent, nous avons pass\u00e9 sept heures \u00e0 contempler la nature brute, et attendre que certains blocs de glace se d\u00e9tachent de l&rsquo;ensemble, pour tomber dans l&rsquo;eau en se fracassant dans un bruit de tonnerre. C&rsquo;est g\u00e9nial comme on s&rsquo;est compris, on \u00e9tait en symbiose tous les trois, \u00e0 n&rsquo;avoir pas envie de partir mais de profiter au maximum de cette beaut\u00e9 blanche et imposante, spectacle de la nature \u00e0 jamais grav\u00e9 dans nos r\u00e9tines. Le Perito Moreno est impressionnant esth\u00e9tiquement, mais aussi g\u00e9ologiquement: le front glaciaire mesure 5000m de long et une soixantaine de m\u00e8tres de haut, parfois m\u00eame 80m! L&rsquo;ensemble du glacier a une surface de 250km carr\u00e9s et une longueur de 30km, et il avance de 2m par jour, environ 700m par an.<\/p>\n<figure id=\"attachment_846\" aria-describedby=\"caption-attachment-846\" style=\"width: 1000px\" class=\"wp-caption aligncenter\"><a href=\"https:\/\/i0.wp.com\/www.spang.ch\/aude\/wp-content\/uploads\/2017\/04\/IMG_6176.jpg\"><img loading=\"lazy\" decoding=\"async\" data-attachment-id=\"846\" data-permalink=\"http:\/\/www.spang.ch\/aude\/fr\/2017\/04\/patagonia-que-buena-onda\/img_6176\/\" data-orig-file=\"https:\/\/i0.wp.com\/www.spang.ch\/aude\/wp-content\/uploads\/2017\/04\/IMG_6176.jpg?fit=4898%2C3265\" data-orig-size=\"4898,3265\" data-comments-opened=\"1\" data-image-meta=\"{&quot;aperture&quot;:&quot;0&quot;,&quot;credit&quot;:&quot;&quot;,&quot;camera&quot;:&quot;&quot;,&quot;caption&quot;:&quot;&quot;,&quot;created_timestamp&quot;:&quot;0&quot;,&quot;copyright&quot;:&quot;&quot;,&quot;focal_length&quot;:&quot;0&quot;,&quot;iso&quot;:&quot;0&quot;,&quot;shutter_speed&quot;:&quot;0&quot;,&quot;title&quot;:&quot;&quot;,&quot;orientation&quot;:&quot;0&quot;}\" data-image-title=\"IMG_6176\" data-image-description=\"\" data-image-caption=\"&lt;p&gt;BOOM&lt;\/p&gt;\n\" data-medium-file=\"https:\/\/i0.wp.com\/www.spang.ch\/aude\/wp-content\/uploads\/2017\/04\/IMG_6176.jpg?fit=300%2C200\" data-large-file=\"https:\/\/i0.wp.com\/www.spang.ch\/aude\/wp-content\/uploads\/2017\/04\/IMG_6176.jpg?fit=1000%2C667\" tabindex=\"0\" role=\"button\" class=\"size-large wp-image-846\" src=\"https:\/\/i0.wp.com\/www.spang.ch\/aude\/wp-content\/uploads\/2017\/04\/IMG_6176.jpg?resize=1000%2C667\" alt=\"\" width=\"1000\" height=\"667\" srcset=\"https:\/\/i0.wp.com\/www.spang.ch\/aude\/wp-content\/uploads\/2017\/04\/IMG_6176.jpg?resize=1024%2C683 1024w, https:\/\/i0.wp.com\/www.spang.ch\/aude\/wp-content\/uploads\/2017\/04\/IMG_6176.jpg?resize=300%2C200 300w, https:\/\/i0.wp.com\/www.spang.ch\/aude\/wp-content\/uploads\/2017\/04\/IMG_6176.jpg?resize=768%2C512 768w, https:\/\/i0.wp.com\/www.spang.ch\/aude\/wp-content\/uploads\/2017\/04\/IMG_6176.jpg?resize=960%2C640 960w, https:\/\/i0.wp.com\/www.spang.ch\/aude\/wp-content\/uploads\/2017\/04\/IMG_6176.jpg?resize=450%2C300 450w, https:\/\/i0.wp.com\/www.spang.ch\/aude\/wp-content\/uploads\/2017\/04\/IMG_6176.jpg?w=2000 2000w, https:\/\/i0.wp.com\/www.spang.ch\/aude\/wp-content\/uploads\/2017\/04\/IMG_6176.jpg?w=3000 3000w\" sizes=\"(max-width: 1000px) 100vw, 1000px\" data-recalc-dims=\"1\" \/><\/a><figcaption id=\"caption-attachment-846\" class=\"wp-caption-text\">BOUM<\/figcaption><\/figure>\n<figure id=\"attachment_831\" aria-describedby=\"caption-attachment-831\" style=\"width: 1000px\" class=\"wp-caption aligncenter\"><a href=\"https:\/\/i0.wp.com\/www.spang.ch\/aude\/wp-content\/uploads\/2017\/04\/IMG_6021.jpg\"><img loading=\"lazy\" decoding=\"async\" data-attachment-id=\"831\" data-permalink=\"http:\/\/www.spang.ch\/aude\/fr\/2017\/04\/patagonia-que-buena-onda\/img_6021\/\" data-orig-file=\"https:\/\/i0.wp.com\/www.spang.ch\/aude\/wp-content\/uploads\/2017\/04\/IMG_6021.jpg?fit=5184%2C3456\" data-orig-size=\"5184,3456\" data-comments-opened=\"1\" data-image-meta=\"{&quot;aperture&quot;:&quot;0&quot;,&quot;credit&quot;:&quot;&quot;,&quot;camera&quot;:&quot;&quot;,&quot;caption&quot;:&quot;&quot;,&quot;created_timestamp&quot;:&quot;0&quot;,&quot;copyright&quot;:&quot;&quot;,&quot;focal_length&quot;:&quot;0&quot;,&quot;iso&quot;:&quot;0&quot;,&quot;shutter_speed&quot;:&quot;0&quot;,&quot;title&quot;:&quot;&quot;,&quot;orientation&quot;:&quot;0&quot;}\" data-image-title=\"IMG_6021\" data-image-description=\"\" data-image-caption=\"&lt;p&gt;Massive Perito Moreno &#8211; look at the two small birds almost in the middle!&lt;\/p&gt;\n\" data-medium-file=\"https:\/\/i0.wp.com\/www.spang.ch\/aude\/wp-content\/uploads\/2017\/04\/IMG_6021.jpg?fit=300%2C200\" data-large-file=\"https:\/\/i0.wp.com\/www.spang.ch\/aude\/wp-content\/uploads\/2017\/04\/IMG_6021.jpg?fit=1000%2C667\" tabindex=\"0\" role=\"button\" class=\"size-large wp-image-831\" src=\"https:\/\/i0.wp.com\/www.spang.ch\/aude\/wp-content\/uploads\/2017\/04\/IMG_6021.jpg?resize=1000%2C667\" alt=\"\" width=\"1000\" height=\"667\" srcset=\"https:\/\/i0.wp.com\/www.spang.ch\/aude\/wp-content\/uploads\/2017\/04\/IMG_6021.jpg?resize=1024%2C683 1024w, https:\/\/i0.wp.com\/www.spang.ch\/aude\/wp-content\/uploads\/2017\/04\/IMG_6021.jpg?resize=300%2C200 300w, https:\/\/i0.wp.com\/www.spang.ch\/aude\/wp-content\/uploads\/2017\/04\/IMG_6021.jpg?resize=768%2C512 768w, https:\/\/i0.wp.com\/www.spang.ch\/aude\/wp-content\/uploads\/2017\/04\/IMG_6021.jpg?resize=960%2C640 960w, https:\/\/i0.wp.com\/www.spang.ch\/aude\/wp-content\/uploads\/2017\/04\/IMG_6021.jpg?resize=450%2C300 450w, https:\/\/i0.wp.com\/www.spang.ch\/aude\/wp-content\/uploads\/2017\/04\/IMG_6021.jpg?w=2000 2000w, https:\/\/i0.wp.com\/www.spang.ch\/aude\/wp-content\/uploads\/2017\/04\/IMG_6021.jpg?w=3000 3000w\" sizes=\"(max-width: 1000px) 100vw, 1000px\" data-recalc-dims=\"1\" \/><\/a><figcaption id=\"caption-attachment-831\" class=\"wp-caption-text\">Enorme\u00a0Perito Moreno &#8211; regardez les deux petits oiseaux presque au milieu!<\/figcaption><\/figure>\n<p class=\"p1\" style=\"text-align: justify;\">Ce qui est rigolo est qu&rsquo;El Calafate se trouva \u00eatre un lieu de rencontres inattendu. Je savais que des amis de la partie p\u00e9ruvienne de mon voyage \u00e9tait dans les environs \u00e0 cette p\u00e9riode, mais il s&rsquo;av\u00e9ra que tant Ga\u00e9tan, avec qui j&rsquo;ai visit\u00e9 l&rsquo;Amazonie en barque en d\u00e9cembre, que Preston, qui a v\u00e9cu avec moi l&rsquo;aventure du Salkantay Trek et du Machu Picchu, \u00e9taient \u00e0 El Calafate les jours o\u00f9 j&rsquo;y \u00e9tais. C&rsquo;est pas fou \u00e7a? Bon, vu comme les voyages sont tous ponctu\u00e9s d&rsquo;anecdotes du genre, c&rsquo;est pas si fou que \u00e7a en fait. N&#8217;emp\u00eache, \u00e7a fait une sacr\u00e9e impression et je trouve \u00e7a juste g\u00e9nial! J&rsquo;ai donc saisi l&rsquo;occasion de ce carrefour de rencontres pour prouver mon int\u00e9gration dans la culture argentine: j&rsquo;ai initi\u00e9 un asado improvis\u00e9 \u00e0 mon camping, auquel nous avons convi\u00e9 tous les voisins de tente, cr\u00e9ant ainsi de nouveaux liens puisque Ga\u00ebtan et sa pote continueraient ensuite leur route avec des gars rencontr\u00e9s ce soir-l\u00e0 lors de notre grillade.<\/p>\n<figure id=\"attachment_833\" aria-describedby=\"caption-attachment-833\" style=\"width: 1000px\" class=\"wp-caption aligncenter\"><a href=\"https:\/\/i0.wp.com\/www.spang.ch\/aude\/wp-content\/uploads\/2017\/04\/IMG_6079.jpg\"><img loading=\"lazy\" decoding=\"async\" data-attachment-id=\"833\" data-permalink=\"http:\/\/www.spang.ch\/aude\/fr\/2017\/04\/patagonia-que-buena-onda\/img_6079\/\" data-orig-file=\"https:\/\/i0.wp.com\/www.spang.ch\/aude\/wp-content\/uploads\/2017\/04\/IMG_6079.jpg?fit=5184%2C3456\" data-orig-size=\"5184,3456\" data-comments-opened=\"1\" data-image-meta=\"{&quot;aperture&quot;:&quot;0&quot;,&quot;credit&quot;:&quot;&quot;,&quot;camera&quot;:&quot;&quot;,&quot;caption&quot;:&quot;&quot;,&quot;created_timestamp&quot;:&quot;0&quot;,&quot;copyright&quot;:&quot;&quot;,&quot;focal_length&quot;:&quot;0&quot;,&quot;iso&quot;:&quot;0&quot;,&quot;shutter_speed&quot;:&quot;0&quot;,&quot;title&quot;:&quot;&quot;,&quot;orientation&quot;:&quot;0&quot;}\" data-image-title=\"IMG_6079\" data-image-description=\"\" data-image-caption=\"\" data-medium-file=\"https:\/\/i0.wp.com\/www.spang.ch\/aude\/wp-content\/uploads\/2017\/04\/IMG_6079.jpg?fit=300%2C200\" data-large-file=\"https:\/\/i0.wp.com\/www.spang.ch\/aude\/wp-content\/uploads\/2017\/04\/IMG_6079.jpg?fit=1000%2C667\" tabindex=\"0\" role=\"button\" class=\"wp-image-833 size-large\" src=\"https:\/\/i0.wp.com\/www.spang.ch\/aude\/wp-content\/uploads\/2017\/04\/IMG_6079.jpg?resize=1000%2C667\" alt=\"\" width=\"1000\" height=\"667\" srcset=\"https:\/\/i0.wp.com\/www.spang.ch\/aude\/wp-content\/uploads\/2017\/04\/IMG_6079.jpg?resize=1024%2C683 1024w, https:\/\/i0.wp.com\/www.spang.ch\/aude\/wp-content\/uploads\/2017\/04\/IMG_6079.jpg?resize=300%2C200 300w, https:\/\/i0.wp.com\/www.spang.ch\/aude\/wp-content\/uploads\/2017\/04\/IMG_6079.jpg?resize=768%2C512 768w, https:\/\/i0.wp.com\/www.spang.ch\/aude\/wp-content\/uploads\/2017\/04\/IMG_6079.jpg?resize=960%2C640 960w, https:\/\/i0.wp.com\/www.spang.ch\/aude\/wp-content\/uploads\/2017\/04\/IMG_6079.jpg?resize=450%2C300 450w, https:\/\/i0.wp.com\/www.spang.ch\/aude\/wp-content\/uploads\/2017\/04\/IMG_6079.jpg?w=2000 2000w, https:\/\/i0.wp.com\/www.spang.ch\/aude\/wp-content\/uploads\/2017\/04\/IMG_6079.jpg?w=3000 3000w\" sizes=\"(max-width: 1000px) 100vw, 1000px\" data-recalc-dims=\"1\" \/><\/a><figcaption id=\"caption-attachment-833\" class=\"wp-caption-text\">Perito Moreno<\/figcaption><\/figure>\n<figure id=\"attachment_836\" aria-describedby=\"caption-attachment-836\" style=\"width: 1000px\" class=\"wp-caption aligncenter\"><a href=\"https:\/\/i0.wp.com\/www.spang.ch\/aude\/wp-content\/uploads\/2017\/04\/IMG_6234.jpg\"><img loading=\"lazy\" decoding=\"async\" data-attachment-id=\"836\" data-permalink=\"http:\/\/www.spang.ch\/aude\/fr\/2017\/04\/patagonia-que-buena-onda\/img_6234\/\" data-orig-file=\"https:\/\/i0.wp.com\/www.spang.ch\/aude\/wp-content\/uploads\/2017\/04\/IMG_6234.jpg?fit=5184%2C3456\" data-orig-size=\"5184,3456\" data-comments-opened=\"1\" data-image-meta=\"{&quot;aperture&quot;:&quot;0&quot;,&quot;credit&quot;:&quot;&quot;,&quot;camera&quot;:&quot;&quot;,&quot;caption&quot;:&quot;&quot;,&quot;created_timestamp&quot;:&quot;0&quot;,&quot;copyright&quot;:&quot;&quot;,&quot;focal_length&quot;:&quot;0&quot;,&quot;iso&quot;:&quot;0&quot;,&quot;shutter_speed&quot;:&quot;0&quot;,&quot;title&quot;:&quot;&quot;,&quot;orientation&quot;:&quot;0&quot;}\" data-image-title=\"IMG_6234\" data-image-description=\"\" data-image-caption=\"&lt;p&gt;Perito Moreno&lt;\/p&gt;\n\" data-medium-file=\"https:\/\/i0.wp.com\/www.spang.ch\/aude\/wp-content\/uploads\/2017\/04\/IMG_6234.jpg?fit=300%2C200\" data-large-file=\"https:\/\/i0.wp.com\/www.spang.ch\/aude\/wp-content\/uploads\/2017\/04\/IMG_6234.jpg?fit=1000%2C667\" tabindex=\"0\" role=\"button\" class=\"size-large wp-image-836\" src=\"https:\/\/i0.wp.com\/www.spang.ch\/aude\/wp-content\/uploads\/2017\/04\/IMG_6234.jpg?resize=1000%2C667\" alt=\"\" width=\"1000\" height=\"667\" srcset=\"https:\/\/i0.wp.com\/www.spang.ch\/aude\/wp-content\/uploads\/2017\/04\/IMG_6234.jpg?resize=1024%2C683 1024w, https:\/\/i0.wp.com\/www.spang.ch\/aude\/wp-content\/uploads\/2017\/04\/IMG_6234.jpg?resize=300%2C200 300w, https:\/\/i0.wp.com\/www.spang.ch\/aude\/wp-content\/uploads\/2017\/04\/IMG_6234.jpg?resize=768%2C512 768w, https:\/\/i0.wp.com\/www.spang.ch\/aude\/wp-content\/uploads\/2017\/04\/IMG_6234.jpg?resize=960%2C640 960w, https:\/\/i0.wp.com\/www.spang.ch\/aude\/wp-content\/uploads\/2017\/04\/IMG_6234.jpg?resize=450%2C300 450w, https:\/\/i0.wp.com\/www.spang.ch\/aude\/wp-content\/uploads\/2017\/04\/IMG_6234.jpg?w=2000 2000w, https:\/\/i0.wp.com\/www.spang.ch\/aude\/wp-content\/uploads\/2017\/04\/IMG_6234.jpg?w=3000 3000w\" sizes=\"(max-width: 1000px) 100vw, 1000px\" data-recalc-dims=\"1\" \/><\/a><figcaption id=\"caption-attachment-836\" class=\"wp-caption-text\">Perito Moreno<\/figcaption><\/figure>\n<p class=\"p1\" style=\"text-align: justify;\">En bonne scoute, je me suis occup\u00e9e du feu (&#8230;et re\u00e7u des commentaires pour \u00eatre la seule fille et malgr\u00e9 tout celle qui allumait le feu!), et en bonne fran\u00e7aise de sang je me suis assur\u00e9e qu&rsquo;on aurait assez de vin pour accompagner l&rsquo;excellente viande. Cette soir\u00e9e fut une succession de rires, savoureux parfums et rencontres culturelles (des isra\u00e9liens, des am\u00e9ricains, des fran\u00e7ais, un br\u00e9silien, un belge&#8230; une suisse!). Le lendemain, apr\u00e8s la journ\u00e9e de visite du glacier, j&rsquo;ai revu mon Breton Ga\u00e9tan une derni\u00e8re fois avant notre prochaine rencontre (quelque part en France ou ailleurs en Europe, une fois). Il m&rsquo;a rejointe au restaurant o\u00f9 j&rsquo;avais mang\u00e9 avec mes nouveaux amis amoureux de la nature, et ensemble on a un peu refait le monde, un peu \u00e9largi ma culture rock &#8211; on\u00a0m&rsquo;a notamment fait d\u00e9couvrir l&rsquo;immense artiste \u00ab\u00a0Sumo\u00a0\u00bb, cher au c\u0153ur de tant d&rsquo;Argentins mordus de rock: un fils de noble famille mi-italien mi-\u00e9cossais, arriv\u00e9 en Argentine et y \u00e9tant rest\u00e9 car elle l&rsquo;avait touch\u00e9, y ayant lanc\u00e9 son groupe de rock qui est devenu un immense succ\u00e8s national. Bref, que de bons moments.<\/p>\n<figure id=\"attachment_835\" aria-describedby=\"caption-attachment-835\" style=\"width: 1000px\" class=\"wp-caption aligncenter\"><a href=\"https:\/\/i0.wp.com\/www.spang.ch\/aude\/wp-content\/uploads\/2017\/04\/IMG_6221.jpg\"><img loading=\"lazy\" decoding=\"async\" data-attachment-id=\"835\" data-permalink=\"http:\/\/www.spang.ch\/aude\/fr\/2017\/04\/patagonia-que-buena-onda\/img_6221\/\" data-orig-file=\"https:\/\/i0.wp.com\/www.spang.ch\/aude\/wp-content\/uploads\/2017\/04\/IMG_6221.jpg?fit=5184%2C3456\" data-orig-size=\"5184,3456\" data-comments-opened=\"1\" data-image-meta=\"{&quot;aperture&quot;:&quot;0&quot;,&quot;credit&quot;:&quot;&quot;,&quot;camera&quot;:&quot;&quot;,&quot;caption&quot;:&quot;&quot;,&quot;created_timestamp&quot;:&quot;0&quot;,&quot;copyright&quot;:&quot;&quot;,&quot;focal_length&quot;:&quot;0&quot;,&quot;iso&quot;:&quot;0&quot;,&quot;shutter_speed&quot;:&quot;0&quot;,&quot;title&quot;:&quot;&quot;,&quot;orientation&quot;:&quot;0&quot;}\" data-image-title=\"IMG_6221\" data-image-description=\"\" data-image-caption=\"&lt;p&gt;Perito Moreno &#8211; white and blue magic&lt;\/p&gt;\n\" data-medium-file=\"https:\/\/i0.wp.com\/www.spang.ch\/aude\/wp-content\/uploads\/2017\/04\/IMG_6221.jpg?fit=300%2C200\" data-large-file=\"https:\/\/i0.wp.com\/www.spang.ch\/aude\/wp-content\/uploads\/2017\/04\/IMG_6221.jpg?fit=1000%2C667\" tabindex=\"0\" role=\"button\" class=\"size-large wp-image-835\" src=\"https:\/\/i0.wp.com\/www.spang.ch\/aude\/wp-content\/uploads\/2017\/04\/IMG_6221.jpg?resize=1000%2C667\" alt=\"\" width=\"1000\" height=\"667\" srcset=\"https:\/\/i0.wp.com\/www.spang.ch\/aude\/wp-content\/uploads\/2017\/04\/IMG_6221.jpg?resize=1024%2C683 1024w, https:\/\/i0.wp.com\/www.spang.ch\/aude\/wp-content\/uploads\/2017\/04\/IMG_6221.jpg?resize=300%2C200 300w, https:\/\/i0.wp.com\/www.spang.ch\/aude\/wp-content\/uploads\/2017\/04\/IMG_6221.jpg?resize=768%2C512 768w, https:\/\/i0.wp.com\/www.spang.ch\/aude\/wp-content\/uploads\/2017\/04\/IMG_6221.jpg?resize=960%2C640 960w, https:\/\/i0.wp.com\/www.spang.ch\/aude\/wp-content\/uploads\/2017\/04\/IMG_6221.jpg?resize=450%2C300 450w, https:\/\/i0.wp.com\/www.spang.ch\/aude\/wp-content\/uploads\/2017\/04\/IMG_6221.jpg?w=2000 2000w, https:\/\/i0.wp.com\/www.spang.ch\/aude\/wp-content\/uploads\/2017\/04\/IMG_6221.jpg?w=3000 3000w\" sizes=\"(max-width: 1000px) 100vw, 1000px\" data-recalc-dims=\"1\" \/><\/a><figcaption id=\"caption-attachment-835\" class=\"wp-caption-text\">Perito Moreno &#8211;\u00a0magie bleue et blanche<\/figcaption><\/figure>\n<p class=\"p1\" style=\"text-align: justify;\">Finalement, la derni\u00e8re \u00e9tape vraiment sauvage de mes pr\u00e8s de 6 mois de voyage fut la Terre de Feu, au bout du monde (ainsi l&rsquo;appelle les locaux). Si on observe la carte, il semble que l&rsquo;ensemble de mon voyage m&rsquo;y portait, parce que j&rsquo;ai pris contact avec la Cordill\u00e8re des Andes tout au nord, en Colombie, et en ai ensuite fid\u00e8lement suivi le trac\u00e9, valsant de l&rsquo;est \u00e0 l&rsquo;ouest de la cha\u00eene montagneuse que les Fueguinos (habitants de la Terre de Feu) aiment appeler la colonne vert\u00e9brale de la plan\u00e8te &#8211; et ils disent que leur \u00eele en est le coccyx, le centre d&rsquo;\u00e9nergie r\u00e9sonnant de fa\u00e7on particuli\u00e8re sur les \u00eatres qui y vivent ou passent.<\/p>\n<figure id=\"attachment_839\" aria-describedby=\"caption-attachment-839\" style=\"width: 1000px\" class=\"wp-caption aligncenter\"><a href=\"https:\/\/i0.wp.com\/www.spang.ch\/aude\/wp-content\/uploads\/2017\/04\/IMG_6324.jpg\"><img loading=\"lazy\" decoding=\"async\" data-attachment-id=\"839\" data-permalink=\"http:\/\/www.spang.ch\/aude\/fr\/2017\/04\/patagonia-que-buena-onda\/img_6324\/\" data-orig-file=\"https:\/\/i0.wp.com\/www.spang.ch\/aude\/wp-content\/uploads\/2017\/04\/IMG_6324.jpg?fit=5184%2C3456\" data-orig-size=\"5184,3456\" data-comments-opened=\"1\" data-image-meta=\"{&quot;aperture&quot;:&quot;0&quot;,&quot;credit&quot;:&quot;&quot;,&quot;camera&quot;:&quot;&quot;,&quot;caption&quot;:&quot;&quot;,&quot;created_timestamp&quot;:&quot;0&quot;,&quot;copyright&quot;:&quot;&quot;,&quot;focal_length&quot;:&quot;0&quot;,&quot;iso&quot;:&quot;0&quot;,&quot;shutter_speed&quot;:&quot;0&quot;,&quot;title&quot;:&quot;&quot;,&quot;orientation&quot;:&quot;0&quot;}\" data-image-title=\"IMG_6324\" data-image-description=\"\" data-image-caption=\"&lt;p&gt;The End of the World &#8211; Land of Fire&lt;\/p&gt;\n\" data-medium-file=\"https:\/\/i0.wp.com\/www.spang.ch\/aude\/wp-content\/uploads\/2017\/04\/IMG_6324.jpg?fit=300%2C200\" data-large-file=\"https:\/\/i0.wp.com\/www.spang.ch\/aude\/wp-content\/uploads\/2017\/04\/IMG_6324.jpg?fit=1000%2C667\" tabindex=\"0\" role=\"button\" class=\"size-large wp-image-839\" src=\"https:\/\/i0.wp.com\/www.spang.ch\/aude\/wp-content\/uploads\/2017\/04\/IMG_6324.jpg?resize=1000%2C667\" alt=\"\" width=\"1000\" height=\"667\" srcset=\"https:\/\/i0.wp.com\/www.spang.ch\/aude\/wp-content\/uploads\/2017\/04\/IMG_6324.jpg?resize=1024%2C683 1024w, https:\/\/i0.wp.com\/www.spang.ch\/aude\/wp-content\/uploads\/2017\/04\/IMG_6324.jpg?resize=300%2C200 300w, https:\/\/i0.wp.com\/www.spang.ch\/aude\/wp-content\/uploads\/2017\/04\/IMG_6324.jpg?resize=768%2C512 768w, https:\/\/i0.wp.com\/www.spang.ch\/aude\/wp-content\/uploads\/2017\/04\/IMG_6324.jpg?resize=960%2C640 960w, https:\/\/i0.wp.com\/www.spang.ch\/aude\/wp-content\/uploads\/2017\/04\/IMG_6324.jpg?resize=450%2C300 450w, https:\/\/i0.wp.com\/www.spang.ch\/aude\/wp-content\/uploads\/2017\/04\/IMG_6324.jpg?w=2000 2000w, https:\/\/i0.wp.com\/www.spang.ch\/aude\/wp-content\/uploads\/2017\/04\/IMG_6324.jpg?w=3000 3000w\" sizes=\"(max-width: 1000px) 100vw, 1000px\" data-recalc-dims=\"1\" \/><\/a><figcaption id=\"caption-attachment-839\" class=\"wp-caption-text\">La Fin du Monde &#8211; Terre de Feu<\/figcaption><\/figure>\n<p class=\"p1\" style=\"text-align: justify;\">\u00c0 Ushuaia m&rsquo;attendait Sofia, commun\u00e9ment appel\u00e9 la Chofa, une amie de Rodrigo dont il m&rsquo;avait dit qu&rsquo;elle vivait dans une esp\u00e8ce de communaut\u00e9 au sud et qu&rsquo;elle m&rsquo;accueillait volontiers pour les quelques jours que je pr\u00e9voyais de passer l\u00e0-bas avant mon vol pour Buenos Aires. L\u00e0 encore, les \u00e9v\u00e9nements m&rsquo;ont souri car, alors qu&rsquo;Ushuaia n&rsquo;est sinc\u00e8rement pas la ville la plus attrayante du continent, Chofa vit en fait dans les bois, dans les hauteurs en-dessus de la ville. Il s&rsquo;agit d&rsquo;une communaut\u00e9 auto-g\u00e9r\u00e9e dont les membres construisent leurs maisons sous forme de cabanes assez rudimentaires et vivent en contact direct avec la nature, formant \u00e9galement une coop\u00e9rative socio-culturelle. Le projet en est encore \u00e0 ses d\u00e9buts, mais ils ont d\u00e9j\u00e0 un camping gratuit et l&rsquo;\u00e9lectricit\u00e9, m\u00eame si l&rsquo;acc\u00e8s \u00e0 l&rsquo;eau courante et \u00e0 des toilettes est encore en cours d&rsquo;\u00e9laboration.<\/p>\n<figure id=\"attachment_838\" aria-describedby=\"caption-attachment-838\" style=\"width: 1000px\" class=\"wp-caption aligncenter\"><a href=\"https:\/\/i0.wp.com\/www.spang.ch\/aude\/wp-content\/uploads\/2017\/04\/IMG_6290.jpg\"><img loading=\"lazy\" decoding=\"async\" data-attachment-id=\"838\" data-permalink=\"http:\/\/www.spang.ch\/aude\/fr\/2017\/04\/patagonia-que-buena-onda\/img_6290\/\" data-orig-file=\"https:\/\/i0.wp.com\/www.spang.ch\/aude\/wp-content\/uploads\/2017\/04\/IMG_6290.jpg?fit=5184%2C3456\" data-orig-size=\"5184,3456\" data-comments-opened=\"1\" data-image-meta=\"{&quot;aperture&quot;:&quot;0&quot;,&quot;credit&quot;:&quot;&quot;,&quot;camera&quot;:&quot;&quot;,&quot;caption&quot;:&quot;&quot;,&quot;created_timestamp&quot;:&quot;0&quot;,&quot;copyright&quot;:&quot;&quot;,&quot;focal_length&quot;:&quot;0&quot;,&quot;iso&quot;:&quot;0&quot;,&quot;shutter_speed&quot;:&quot;0&quot;,&quot;title&quot;:&quot;&quot;,&quot;orientation&quot;:&quot;0&quot;}\" data-image-title=\"IMG_6290\" data-image-description=\"\" data-image-caption=\"&lt;p&gt;La Fin du Monde &#8211; Terre de Feu&lt;\/p&gt;\n\" data-medium-file=\"https:\/\/i0.wp.com\/www.spang.ch\/aude\/wp-content\/uploads\/2017\/04\/IMG_6290.jpg?fit=300%2C200\" data-large-file=\"https:\/\/i0.wp.com\/www.spang.ch\/aude\/wp-content\/uploads\/2017\/04\/IMG_6290.jpg?fit=1000%2C667\" tabindex=\"0\" role=\"button\" class=\"size-large wp-image-838\" src=\"https:\/\/i0.wp.com\/www.spang.ch\/aude\/wp-content\/uploads\/2017\/04\/IMG_6290.jpg?resize=1000%2C667\" alt=\"\" width=\"1000\" height=\"667\" srcset=\"https:\/\/i0.wp.com\/www.spang.ch\/aude\/wp-content\/uploads\/2017\/04\/IMG_6290.jpg?resize=1024%2C683 1024w, https:\/\/i0.wp.com\/www.spang.ch\/aude\/wp-content\/uploads\/2017\/04\/IMG_6290.jpg?resize=300%2C200 300w, https:\/\/i0.wp.com\/www.spang.ch\/aude\/wp-content\/uploads\/2017\/04\/IMG_6290.jpg?resize=768%2C512 768w, https:\/\/i0.wp.com\/www.spang.ch\/aude\/wp-content\/uploads\/2017\/04\/IMG_6290.jpg?resize=960%2C640 960w, https:\/\/i0.wp.com\/www.spang.ch\/aude\/wp-content\/uploads\/2017\/04\/IMG_6290.jpg?resize=450%2C300 450w, https:\/\/i0.wp.com\/www.spang.ch\/aude\/wp-content\/uploads\/2017\/04\/IMG_6290.jpg?w=2000 2000w, https:\/\/i0.wp.com\/www.spang.ch\/aude\/wp-content\/uploads\/2017\/04\/IMG_6290.jpg?w=3000 3000w\" sizes=\"(max-width: 1000px) 100vw, 1000px\" data-recalc-dims=\"1\" \/><\/a><figcaption id=\"caption-attachment-838\" class=\"wp-caption-text\">La Fin du Monde &#8211; Terre de Feu<\/figcaption><\/figure>\n<p class=\"p1\" style=\"text-align: justify;\">Mon s\u00e9jour au bout du monde a commenc\u00e9 par une hilarante soir\u00e9e karaok\u00e9, vin et g\u00e2teau au chocolat. Je suis toujours aussi touch\u00e9e par la fa\u00e7on dont les Argentins m&rsquo;accueillent imm\u00e9diatement comme si on se connaissait depuis longtemps; encore une fois je trouve des traits italiens \u00e0 cette culture qui me plait tant. Nous sommes ensuite mont\u00e9s \u00e0 la montagne et j&rsquo;y ai install\u00e9 ma tente pour plusieurs nuits, premi\u00e8re fois depuis un moment que je m&rsquo;arr\u00eatais vraiment quelque part, et \u00e7a m&rsquo;a fait du bien. J&rsquo;ai ador\u00e9 les diff\u00e9rentes personnes que j&rsquo;ai connues l\u00e0-bas et avec lesquelles j&rsquo;ai partag\u00e9 ces quelques jours entre discussion sur la vie, soir\u00e9e s\u00e9ries sur l&rsquo;ordi, repas sur le feu, petits d\u00e9jeuners au soleil accompagn\u00e9s d&rsquo;un bon mat\u00e9, ou encore nuit de danse dans les bois apr\u00e8s une f\u00eate d&rsquo;anniversaire.<\/p>\n<figure id=\"attachment_837\" aria-describedby=\"caption-attachment-837\" style=\"width: 683px\" class=\"wp-caption aligncenter\"><a href=\"https:\/\/i0.wp.com\/www.spang.ch\/aude\/wp-content\/uploads\/2017\/04\/IMG_6287-e1491129623273.jpg\"><img loading=\"lazy\" decoding=\"async\" data-attachment-id=\"837\" data-permalink=\"http:\/\/www.spang.ch\/aude\/fr\/2017\/04\/patagonia-que-buena-onda\/img_6287\/\" data-orig-file=\"https:\/\/i0.wp.com\/www.spang.ch\/aude\/wp-content\/uploads\/2017\/04\/IMG_6287-e1491129623273.jpg?fit=3456%2C5184\" data-orig-size=\"3456,5184\" data-comments-opened=\"1\" data-image-meta=\"{&quot;aperture&quot;:&quot;0&quot;,&quot;credit&quot;:&quot;&quot;,&quot;camera&quot;:&quot;&quot;,&quot;caption&quot;:&quot;&quot;,&quot;created_timestamp&quot;:&quot;0&quot;,&quot;copyright&quot;:&quot;&quot;,&quot;focal_length&quot;:&quot;0&quot;,&quot;iso&quot;:&quot;0&quot;,&quot;shutter_speed&quot;:&quot;0&quot;,&quot;title&quot;:&quot;&quot;,&quot;orientation&quot;:&quot;0&quot;}\" data-image-title=\"IMG_6287\" data-image-description=\"\" data-image-caption=\"&lt;p&gt;Arc-en-ciel au-dessus d&amp;rsquo;Ushuaia &#8211; Terre de Feu&lt;\/p&gt;\n\" data-medium-file=\"https:\/\/i0.wp.com\/www.spang.ch\/aude\/wp-content\/uploads\/2017\/04\/IMG_6287-e1491129623273.jpg?fit=200%2C300\" data-large-file=\"https:\/\/i0.wp.com\/www.spang.ch\/aude\/wp-content\/uploads\/2017\/04\/IMG_6287-e1491129623273.jpg?fit=683%2C1024\" tabindex=\"0\" role=\"button\" class=\"size-large wp-image-837\" src=\"https:\/\/i0.wp.com\/www.spang.ch\/aude\/wp-content\/uploads\/2017\/04\/IMG_6287-e1491129623273-683x1024.jpg?resize=683%2C1024\" alt=\"\" width=\"683\" height=\"1024\" srcset=\"https:\/\/i0.wp.com\/www.spang.ch\/aude\/wp-content\/uploads\/2017\/04\/IMG_6287-e1491129623273.jpg?resize=683%2C1024 683w, https:\/\/i0.wp.com\/www.spang.ch\/aude\/wp-content\/uploads\/2017\/04\/IMG_6287-e1491129623273.jpg?resize=200%2C300 200w, https:\/\/i0.wp.com\/www.spang.ch\/aude\/wp-content\/uploads\/2017\/04\/IMG_6287-e1491129623273.jpg?resize=768%2C1152 768w, https:\/\/i0.wp.com\/www.spang.ch\/aude\/wp-content\/uploads\/2017\/04\/IMG_6287-e1491129623273.jpg?w=2000 2000w, https:\/\/i0.wp.com\/www.spang.ch\/aude\/wp-content\/uploads\/2017\/04\/IMG_6287-e1491129623273.jpg?w=3000 3000w\" sizes=\"(max-width: 683px) 100vw, 683px\" data-recalc-dims=\"1\" \/><\/a><figcaption id=\"caption-attachment-837\" class=\"wp-caption-text\">Arc-en-ciel au-dessus d&rsquo;Ushuaia &#8211; Terre de Feu<\/figcaption><\/figure>\n<figure id=\"attachment_850\" aria-describedby=\"caption-attachment-850\" style=\"width: 1000px\" class=\"wp-caption aligncenter\"><a href=\"https:\/\/i0.wp.com\/www.spang.ch\/aude\/wp-content\/uploads\/2017\/04\/IMG_6275b.jpg\"><img loading=\"lazy\" decoding=\"async\" data-attachment-id=\"850\" data-permalink=\"http:\/\/www.spang.ch\/aude\/fr\/2017\/04\/patagonia-que-buena-onda\/img_6275b\/\" data-orig-file=\"https:\/\/i0.wp.com\/www.spang.ch\/aude\/wp-content\/uploads\/2017\/04\/IMG_6275b.jpg?fit=1000%2C667\" data-orig-size=\"1000,667\" data-comments-opened=\"1\" data-image-meta=\"{&quot;aperture&quot;:&quot;0&quot;,&quot;credit&quot;:&quot;Aude Spang&quot;,&quot;camera&quot;:&quot;&quot;,&quot;caption&quot;:&quot;&quot;,&quot;created_timestamp&quot;:&quot;1487003206&quot;,&quot;copyright&quot;:&quot;&quot;,&quot;focal_length&quot;:&quot;0&quot;,&quot;iso&quot;:&quot;0&quot;,&quot;shutter_speed&quot;:&quot;0&quot;,&quot;title&quot;:&quot;&quot;,&quot;orientation&quot;:&quot;0&quot;}\" data-image-title=\"IMG_6275b\" data-image-description=\"\" data-image-caption=\"&lt;p&gt;For\u00eat enchant\u00e9e &#8211; Terre de Feu&lt;\/p&gt;\n\" data-medium-file=\"https:\/\/i0.wp.com\/www.spang.ch\/aude\/wp-content\/uploads\/2017\/04\/IMG_6275b.jpg?fit=300%2C200\" data-large-file=\"https:\/\/i0.wp.com\/www.spang.ch\/aude\/wp-content\/uploads\/2017\/04\/IMG_6275b.jpg?fit=1000%2C667\" tabindex=\"0\" role=\"button\" class=\"size-full wp-image-850\" src=\"https:\/\/i0.wp.com\/www.spang.ch\/aude\/wp-content\/uploads\/2017\/04\/IMG_6275b.jpg?resize=1000%2C667\" alt=\"\" width=\"1000\" height=\"667\" srcset=\"https:\/\/i0.wp.com\/www.spang.ch\/aude\/wp-content\/uploads\/2017\/04\/IMG_6275b.jpg?w=1000 1000w, https:\/\/i0.wp.com\/www.spang.ch\/aude\/wp-content\/uploads\/2017\/04\/IMG_6275b.jpg?resize=300%2C200 300w, https:\/\/i0.wp.com\/www.spang.ch\/aude\/wp-content\/uploads\/2017\/04\/IMG_6275b.jpg?resize=768%2C512 768w, https:\/\/i0.wp.com\/www.spang.ch\/aude\/wp-content\/uploads\/2017\/04\/IMG_6275b.jpg?resize=960%2C640 960w, https:\/\/i0.wp.com\/www.spang.ch\/aude\/wp-content\/uploads\/2017\/04\/IMG_6275b.jpg?resize=450%2C300 450w\" sizes=\"(max-width: 1000px) 100vw, 1000px\" data-recalc-dims=\"1\" \/><\/a><figcaption id=\"caption-attachment-850\" class=\"wp-caption-text\">For\u00eat enchant\u00e9e &#8211; Terre de Feu<\/figcaption><\/figure>\n<p class=\"p1\" style=\"text-align: justify;\">Ambiance particuli\u00e8re sur la Terre de Feu,* o\u00f9 en \u00e9t\u00e9 22:30 paraissent \u00eatre 18:30 (mais o\u00f9 il fait nuit presque tout le jour en hiver, argh!), et o\u00f9 la for\u00eat est recouverte d&rsquo;un lichen turquoise clair donnant une impression de bois enchant\u00e9 dont les troncs fins semblent danser et s&rsquo;entrelacer, rendant les chemins m\u00e9connaissables de nuit mais le lieu assez magique en g\u00e9n\u00e9ral. Un jour, mon ami Preston, qui \u00e9tait d\u00e9cid\u00e9ment encore de passage l\u00e0 o\u00f9 j&rsquo;\u00e9tais, nous a rejoint pour une rando au sommet d&rsquo;un des pics environnants, qui nous a offert une vue sur la mer du bout du monde et sur Ushuaia. Nous nous sommes assis au plus haut de la montagne que l&rsquo;on venait de grimper et avons fait le plein du vent du sud qui se donnait \u00e0 c\u0153ur joie et nous a probablement rajeuni de quelques ann\u00e9es au passage.<\/p>\n<p class=\"p1\" style=\"text-align: justify;\"><small>*Qui\u00a0serait mieux baptis\u00e9e Terre du Vent \u00e0 vrai dire&#8230; elle n&rsquo;est pas particuli\u00e8rement volcanique ni sujette aux feux de for\u00eat, mais a re\u00e7u ce nom en raison des feux qu&rsquo;allumaient les indig\u00e8nes \u00e0 l&rsquo;\u00e9poque de sa d\u00e9couverte<\/small><\/p>\n<figure id=\"attachment_847\" aria-describedby=\"caption-attachment-847\" style=\"width: 683px\" class=\"wp-caption aligncenter\"><a href=\"https:\/\/i0.wp.com\/www.spang.ch\/aude\/wp-content\/uploads\/2017\/04\/IMG_6380-e1491130405823.jpg\"><img loading=\"lazy\" decoding=\"async\" data-attachment-id=\"847\" data-permalink=\"http:\/\/www.spang.ch\/aude\/fr\/2017\/04\/patagonia-que-buena-onda\/img_6380\/\" data-orig-file=\"https:\/\/i0.wp.com\/www.spang.ch\/aude\/wp-content\/uploads\/2017\/04\/IMG_6380-e1491130405823.jpg?fit=3265%2C4898\" data-orig-size=\"3265,4898\" data-comments-opened=\"1\" data-image-meta=\"{&quot;aperture&quot;:&quot;0&quot;,&quot;credit&quot;:&quot;&quot;,&quot;camera&quot;:&quot;&quot;,&quot;caption&quot;:&quot;&quot;,&quot;created_timestamp&quot;:&quot;0&quot;,&quot;copyright&quot;:&quot;&quot;,&quot;focal_length&quot;:&quot;0&quot;,&quot;iso&quot;:&quot;0&quot;,&quot;shutter_speed&quot;:&quot;0&quot;,&quot;title&quot;:&quot;&quot;,&quot;orientation&quot;:&quot;0&quot;}\" data-image-title=\"IMG_6380\" data-image-description=\"\" data-image-caption=\"&lt;p&gt;Bath in the Southern sea, the End of the World &#8211; Land of Fire&lt;\/p&gt;\n\" data-medium-file=\"https:\/\/i0.wp.com\/www.spang.ch\/aude\/wp-content\/uploads\/2017\/04\/IMG_6380-e1491130405823.jpg?fit=200%2C300\" data-large-file=\"https:\/\/i0.wp.com\/www.spang.ch\/aude\/wp-content\/uploads\/2017\/04\/IMG_6380-e1491130405823.jpg?fit=683%2C1024\" tabindex=\"0\" role=\"button\" class=\"size-large wp-image-847\" src=\"https:\/\/i0.wp.com\/www.spang.ch\/aude\/wp-content\/uploads\/2017\/04\/IMG_6380-e1491130405823-683x1024.jpg?resize=683%2C1024\" alt=\"\" width=\"683\" height=\"1024\" srcset=\"https:\/\/i0.wp.com\/www.spang.ch\/aude\/wp-content\/uploads\/2017\/04\/IMG_6380-e1491130405823.jpg?resize=683%2C1024 683w, https:\/\/i0.wp.com\/www.spang.ch\/aude\/wp-content\/uploads\/2017\/04\/IMG_6380-e1491130405823.jpg?resize=200%2C300 200w, https:\/\/i0.wp.com\/www.spang.ch\/aude\/wp-content\/uploads\/2017\/04\/IMG_6380-e1491130405823.jpg?resize=768%2C1152 768w, https:\/\/i0.wp.com\/www.spang.ch\/aude\/wp-content\/uploads\/2017\/04\/IMG_6380-e1491130405823.jpg?w=2000 2000w, https:\/\/i0.wp.com\/www.spang.ch\/aude\/wp-content\/uploads\/2017\/04\/IMG_6380-e1491130405823.jpg?w=3000 3000w\" sizes=\"(max-width: 683px) 100vw, 683px\" data-recalc-dims=\"1\" \/><\/a><figcaption id=\"caption-attachment-847\" class=\"wp-caption-text\">Bain dans la mer du sud, Fin du Monde &#8211; Terre de Feu<\/figcaption><\/figure>\n<figure id=\"attachment_840\" aria-describedby=\"caption-attachment-840\" style=\"width: 1000px\" class=\"wp-caption aligncenter\"><a href=\"https:\/\/i0.wp.com\/www.spang.ch\/aude\/wp-content\/uploads\/2017\/04\/IMG_6468.jpg\"><img loading=\"lazy\" decoding=\"async\" data-attachment-id=\"840\" data-permalink=\"http:\/\/www.spang.ch\/aude\/fr\/2017\/04\/patagonia-que-buena-onda\/img_6468\/\" data-orig-file=\"https:\/\/i0.wp.com\/www.spang.ch\/aude\/wp-content\/uploads\/2017\/04\/IMG_6468.jpg?fit=5184%2C3456\" data-orig-size=\"5184,3456\" data-comments-opened=\"1\" data-image-meta=\"{&quot;aperture&quot;:&quot;0&quot;,&quot;credit&quot;:&quot;&quot;,&quot;camera&quot;:&quot;&quot;,&quot;caption&quot;:&quot;&quot;,&quot;created_timestamp&quot;:&quot;0&quot;,&quot;copyright&quot;:&quot;&quot;,&quot;focal_length&quot;:&quot;0&quot;,&quot;iso&quot;:&quot;0&quot;,&quot;shutter_speed&quot;:&quot;0&quot;,&quot;title&quot;:&quot;&quot;,&quot;orientation&quot;:&quot;0&quot;}\" data-image-title=\"IMG_6468\" data-image-description=\"\" data-image-caption=\"&lt;p&gt;Vie sauvage&lt;\/p&gt;\n\" data-medium-file=\"https:\/\/i0.wp.com\/www.spang.ch\/aude\/wp-content\/uploads\/2017\/04\/IMG_6468.jpg?fit=300%2C200\" data-large-file=\"https:\/\/i0.wp.com\/www.spang.ch\/aude\/wp-content\/uploads\/2017\/04\/IMG_6468.jpg?fit=1000%2C667\" tabindex=\"0\" role=\"button\" class=\"size-large wp-image-840\" src=\"https:\/\/i0.wp.com\/www.spang.ch\/aude\/wp-content\/uploads\/2017\/04\/IMG_6468.jpg?resize=1000%2C667\" alt=\"\" width=\"1000\" height=\"667\" srcset=\"https:\/\/i0.wp.com\/www.spang.ch\/aude\/wp-content\/uploads\/2017\/04\/IMG_6468.jpg?resize=1024%2C683 1024w, https:\/\/i0.wp.com\/www.spang.ch\/aude\/wp-content\/uploads\/2017\/04\/IMG_6468.jpg?resize=300%2C200 300w, https:\/\/i0.wp.com\/www.spang.ch\/aude\/wp-content\/uploads\/2017\/04\/IMG_6468.jpg?resize=768%2C512 768w, https:\/\/i0.wp.com\/www.spang.ch\/aude\/wp-content\/uploads\/2017\/04\/IMG_6468.jpg?resize=960%2C640 960w, https:\/\/i0.wp.com\/www.spang.ch\/aude\/wp-content\/uploads\/2017\/04\/IMG_6468.jpg?resize=450%2C300 450w, https:\/\/i0.wp.com\/www.spang.ch\/aude\/wp-content\/uploads\/2017\/04\/IMG_6468.jpg?w=2000 2000w, https:\/\/i0.wp.com\/www.spang.ch\/aude\/wp-content\/uploads\/2017\/04\/IMG_6468.jpg?w=3000 3000w\" sizes=\"(max-width: 1000px) 100vw, 1000px\" data-recalc-dims=\"1\" \/><\/a><figcaption id=\"caption-attachment-840\" class=\"wp-caption-text\">Vie sauvage<\/figcaption><\/figure>\n<p class=\"p1\" style=\"text-align: justify;\">Le lendemain, nous avons opt\u00e9 pour un programme plus tranquille, consistant en une promenade au parc national, le long de la c\u00f4te passant notamment par l&rsquo;unit\u00e9 postale la plus australe au monde. Eau claire, moules bleues et violettes, cailloux ronds et multicolores, je n&rsquo;ai pas pu r\u00e9sister, il fallait que je me baigne dans la mer la plus au sud de ma vie! Je sais d\u00e9sormais que l&rsquo;eau y est moins froide que dans un lac d&rsquo;altitude comme celui \u00e0 4500m au P\u00e9rou. On a profit\u00e9 du beau temps pour pratiquer un peu de yoga, partager un incontournable mat\u00e9, et admirer la vue sur la Cordill\u00e8re (encore elle, oui). Relaxant, paisible, simplement beau. Et puis voil\u00e0, il \u00e9tait temps de repartir et continuer ma route, Buenos Aires et ses charmes, mais surtout une visite presque surprise<span class=\"Apple-converted-space\">\u00a0 <\/span>m&rsquo;attendaient!<\/p>\n<p class=\"p1\" style=\"text-align: justify;\">Photos!<\/p>\n<p class=\"p1\" style=\"text-align: center;\">Pour des photos de Bariloche, El Bols\u00f3n et de la Carretera Austral, <a href=\"https:\/\/goo.gl\/photos\/oKonbkSqaTqXBmda9\"><strong>clique ici<\/strong><\/a><\/p>\n<p class=\"p1\" style=\"text-align: center;\">Pour des photos des Cuevas de Marmol et du Fitz Roy, <strong>clique ici<\/strong><\/p>\n<p class=\"p1\" style=\"text-align: center;\">Pour des photos du Perito Moreno et d&rsquo;Ushuaia, <a href=\"https:\/\/goo.gl\/photos\/i7U6xQNANNPUo6rX9\"><strong>clique ici<\/strong><\/a><\/p>\n<p><figure id=\"attachment_849\" aria-describedby=\"caption-attachment-849\" style=\"width: 1000px\" class=\"wp-caption aligncenter\"><a href=\"https:\/\/i0.wp.com\/www.spang.ch\/aude\/wp-content\/uploads\/2017\/04\/IMG_6253b.jpg\"><img loading=\"lazy\" decoding=\"async\" data-attachment-id=\"849\" data-permalink=\"http:\/\/www.spang.ch\/aude\/fr\/2017\/04\/patagonia-que-buena-onda\/img_6253b\/\" data-orig-file=\"https:\/\/i0.wp.com\/www.spang.ch\/aude\/wp-content\/uploads\/2017\/04\/IMG_6253b.jpg?fit=1000%2C667\" data-orig-size=\"1000,667\" data-comments-opened=\"1\" data-image-meta=\"{&quot;aperture&quot;:&quot;0&quot;,&quot;credit&quot;:&quot;Aude Spang&quot;,&quot;camera&quot;:&quot;&quot;,&quot;caption&quot;:&quot;&quot;,&quot;created_timestamp&quot;:&quot;1487003032&quot;,&quot;copyright&quot;:&quot;&quot;,&quot;focal_length&quot;:&quot;0&quot;,&quot;iso&quot;:&quot;0&quot;,&quot;shutter_speed&quot;:&quot;0&quot;,&quot;title&quot;:&quot;&quot;,&quot;orientation&quot;:&quot;0&quot;}\" data-image-title=\"IMG_6253b\" data-image-description=\"\" data-image-caption=\"&lt;p&gt;Terre de Feu&lt;\/p&gt;\n\" data-medium-file=\"https:\/\/i0.wp.com\/www.spang.ch\/aude\/wp-content\/uploads\/2017\/04\/IMG_6253b.jpg?fit=300%2C200\" data-large-file=\"https:\/\/i0.wp.com\/www.spang.ch\/aude\/wp-content\/uploads\/2017\/04\/IMG_6253b.jpg?fit=1000%2C667\" tabindex=\"0\" role=\"button\" class=\"size-full wp-image-849\" src=\"https:\/\/i0.wp.com\/www.spang.ch\/aude\/wp-content\/uploads\/2017\/04\/IMG_6253b.jpg?resize=1000%2C667\" alt=\"\" width=\"1000\" height=\"667\" srcset=\"https:\/\/i0.wp.com\/www.spang.ch\/aude\/wp-content\/uploads\/2017\/04\/IMG_6253b.jpg?w=1000 1000w, https:\/\/i0.wp.com\/www.spang.ch\/aude\/wp-content\/uploads\/2017\/04\/IMG_6253b.jpg?resize=300%2C200 300w, https:\/\/i0.wp.com\/www.spang.ch\/aude\/wp-content\/uploads\/2017\/04\/IMG_6253b.jpg?resize=768%2C512 768w, https:\/\/i0.wp.com\/www.spang.ch\/aude\/wp-content\/uploads\/2017\/04\/IMG_6253b.jpg?resize=960%2C640 960w, https:\/\/i0.wp.com\/www.spang.ch\/aude\/wp-content\/uploads\/2017\/04\/IMG_6253b.jpg?resize=450%2C300 450w\" sizes=\"(max-width: 1000px) 100vw, 1000px\" data-recalc-dims=\"1\" \/><\/a><figcaption id=\"caption-attachment-849\" class=\"wp-caption-text\">Terre de Feu<\/figcaption><\/figure><\/p>","protected":false},"excerpt":{"rendered":"<p>La Patagonie a clairement \u00e9t\u00e9 l&rsquo;un de mes gros coups de c\u0153ur du voyage, et je suis extr\u00eamement heureuse d&rsquo;avoir r\u00e9ussi \u00e0\/eu le temps de la d\u00e9couvrir (un peu). En gros, je suis pass\u00e9e d&rsquo;un c\u00f4t\u00e9 \u00e0 l&rsquo;autre de la Cordill\u00e8re des Andes, en descendant toujours plus au sud en direction de l&rsquo;Antarctique (que je&#8230; <\/p>\n<div class=\"link-more\"><a href=\"http:\/\/www.spang.ch\/aude\/fr\/2017\/04\/patagonia-que-buena-onda\/\">En savoir plus<\/a><\/div>\n","protected":false},"author":1,"featured_media":853,"comment_status":"open","ping_status":"open","sticky":false,"template":"","format":"standard","meta":{"jetpack_post_was_ever_published":false,"_jetpack_newsletter_access":"","_jetpack_dont_email_post_to_subs":false,"_jetpack_newsletter_tier_id":0,"_jetpack_memberships_contains_paywalled_content":false,"_jetpack_memberships_contains_paid_content":false,"footnotes":"","jetpack_publicize_message":"","jetpack_publicize_feature_enabled":true,"jetpack_social_post_already_shared":true,"jetpack_social_options":{"image_generator_settings":{"template":"highway","enabled":false},"version":2}},"categories":[4],"tags":[],"jetpack_publicize_connections":[],"jetpack_featured_media_url":"https:\/\/i0.wp.com\/www.spang.ch\/aude\/wp-content\/uploads\/2017\/04\/IMG_5700-copy-e1491384891152.jpg?fit=3444%2C4701","jetpack_shortlink":"https:\/\/wp.me\/p7EYAh-bT","jetpack-related-posts":[],"jetpack_likes_enabled":true,"jetpack_sharing_enabled":true,"_links":{"self":[{"href":"http:\/\/www.spang.ch\/aude\/fr\/wp-json\/wp\/v2\/posts\/737"}],"collection":[{"href":"http:\/\/www.spang.ch\/aude\/fr\/wp-json\/wp\/v2\/posts"}],"about":[{"href":"http:\/\/www.spang.ch\/aude\/fr\/wp-json\/wp\/v2\/types\/post"}],"author":[{"embeddable":true,"href":"http:\/\/www.spang.ch\/aude\/fr\/wp-json\/wp\/v2\/users\/1"}],"replies":[{"embeddable":true,"href":"http:\/\/www.spang.ch\/aude\/fr\/wp-json\/wp\/v2\/comments?post=737"}],"version-history":[{"count":19,"href":"http:\/\/www.spang.ch\/aude\/fr\/wp-json\/wp\/v2\/posts\/737\/revisions"}],"predecessor-version":[{"id":857,"href":"http:\/\/www.spang.ch\/aude\/fr\/wp-json\/wp\/v2\/posts\/737\/revisions\/857"}],"wp:featuredmedia":[{"embeddable":true,"href":"http:\/\/www.spang.ch\/aude\/fr\/wp-json\/wp\/v2\/media\/853"}],"wp:attachment":[{"href":"http:\/\/www.spang.ch\/aude\/fr\/wp-json\/wp\/v2\/media?parent=737"}],"wp:term":[{"taxonomy":"category","embeddable":true,"href":"http:\/\/www.spang.ch\/aude\/fr\/wp-json\/wp\/v2\/categories?post=737"},{"taxonomy":"post_tag","embeddable":true,"href":"http:\/\/www.spang.ch\/aude\/fr\/wp-json\/wp\/v2\/tags?post=737"}],"curies":[{"name":"wp","href":"https:\/\/api.w.org\/{rel}","templated":true}]}}