{"id":683,"date":"2017-03-21T20:51:08","date_gmt":"2017-03-21T18:51:08","guid":{"rendered":"http:\/\/www.spang.ch\/aude\/?p=683"},"modified":"2017-03-22T02:50:23","modified_gmt":"2017-03-22T00:50:23","slug":"friendly-chile","status":"publish","type":"post","link":"http:\/\/www.spang.ch\/aude\/fr\/2017\/03\/friendly-chile\/","title":{"rendered":"Accueillant Chili"},"content":{"rendered":"<p><figure id=\"attachment_765\" aria-describedby=\"caption-attachment-765\" style=\"width: 1000px\" class=\"wp-caption aligncenter\"><a href=\"https:\/\/i0.wp.com\/www.spang.ch\/aude\/wp-content\/uploads\/2017\/03\/IMG_3693.jpg\"><img loading=\"lazy\" decoding=\"async\" data-attachment-id=\"765\" data-permalink=\"http:\/\/www.spang.ch\/aude\/fr\/2017\/03\/friendly-chile\/img_3693\/\" data-orig-file=\"https:\/\/i0.wp.com\/www.spang.ch\/aude\/wp-content\/uploads\/2017\/03\/IMG_3693.jpg?fit=5184%2C3456\" data-orig-size=\"5184,3456\" data-comments-opened=\"1\" data-image-meta=\"{&quot;aperture&quot;:&quot;0&quot;,&quot;credit&quot;:&quot;&quot;,&quot;camera&quot;:&quot;&quot;,&quot;caption&quot;:&quot;&quot;,&quot;created_timestamp&quot;:&quot;0&quot;,&quot;copyright&quot;:&quot;&quot;,&quot;focal_length&quot;:&quot;0&quot;,&quot;iso&quot;:&quot;0&quot;,&quot;shutter_speed&quot;:&quot;0&quot;,&quot;title&quot;:&quot;&quot;,&quot;orientation&quot;:&quot;0&quot;}\" data-image-title=\"IMG_3693\" data-image-description=\"\" data-image-caption=\"&lt;p&gt;Santiago&lt;\/p&gt;\n\" data-medium-file=\"https:\/\/i0.wp.com\/www.spang.ch\/aude\/wp-content\/uploads\/2017\/03\/IMG_3693.jpg?fit=300%2C200\" data-large-file=\"https:\/\/i0.wp.com\/www.spang.ch\/aude\/wp-content\/uploads\/2017\/03\/IMG_3693.jpg?fit=1000%2C667\" tabindex=\"0\" role=\"button\" class=\"size-large wp-image-765\" src=\"https:\/\/i0.wp.com\/www.spang.ch\/aude\/wp-content\/uploads\/2017\/03\/IMG_3693.jpg?resize=1000%2C667\" alt=\"\" width=\"1000\" height=\"667\" srcset=\"https:\/\/i0.wp.com\/www.spang.ch\/aude\/wp-content\/uploads\/2017\/03\/IMG_3693.jpg?resize=1024%2C683 1024w, https:\/\/i0.wp.com\/www.spang.ch\/aude\/wp-content\/uploads\/2017\/03\/IMG_3693.jpg?resize=300%2C200 300w, https:\/\/i0.wp.com\/www.spang.ch\/aude\/wp-content\/uploads\/2017\/03\/IMG_3693.jpg?resize=768%2C512 768w, https:\/\/i0.wp.com\/www.spang.ch\/aude\/wp-content\/uploads\/2017\/03\/IMG_3693.jpg?resize=960%2C640 960w, https:\/\/i0.wp.com\/www.spang.ch\/aude\/wp-content\/uploads\/2017\/03\/IMG_3693.jpg?resize=450%2C300 450w, https:\/\/i0.wp.com\/www.spang.ch\/aude\/wp-content\/uploads\/2017\/03\/IMG_3693.jpg?w=2000 2000w, https:\/\/i0.wp.com\/www.spang.ch\/aude\/wp-content\/uploads\/2017\/03\/IMG_3693.jpg?w=3000 3000w\" sizes=\"(max-width: 1000px) 100vw, 1000px\" data-recalc-dims=\"1\" \/><\/a><figcaption id=\"caption-attachment-765\" class=\"wp-caption-text\">Santiago, Mercado Central<\/figcaption><\/figure><\/p>\n<p style=\"text-align: justify;\">Le pays des po\u00e8tes m&rsquo;a trait\u00e9e comme une reine. Entre les amis et les amis d&rsquo;amis, j&rsquo;ai \u00e9t\u00e9 accueillie de foyer en foyer, et cela m&rsquo;a extr\u00eamement touch\u00e9e. Apr\u00e8s une arriv\u00e9e un peu chaotique \u00e0 Santiago, parce que le bus a eu 6h30 de retard (\u00e0 cause du passage de fronti\u00e8re et des bouchons en ville), j&rsquo;ai fini par atterrir dans la maison de la famille de Francisca, que j&rsquo;avais connue sur l&rsquo;\u00eele de San Andres en Colombie, deux mois plus t\u00f4t! Tous furent adorables avec moi, particuli\u00e8rement la maman, qui a notamment cuisin\u00e9 un savoureux <em>pastel de choclo<\/em>\u00a0pour moi et m&rsquo;a aussi aid\u00e9e \u00e0 faire mes emplettes de mat\u00e9riel de camping pour mon s\u00e9jour patagonien. J&rsquo;avais en effet compris au long de mon voyage et des discussions avec les voyageurs venus du sud que l&rsquo;on profite beaucoup plus de la Patagonie avec la libert\u00e9 d&rsquo;une tente et de matos de cuisine (accessoirement, on \u00e9conomise sur le prix de l&rsquo;h\u00f4tel, qui vaut bien cher dans le sud du continent!). Santiago \u00e9tait le meilleur endroit pour faire ces courses, parce que l&rsquo;Argentine est un peu ch\u00e8re en ce moment (d&rsquo;ailleurs beaucoup d&rsquo;Argentins passent la fronti\u00e8re pour faire des commissions, depuis quelques mois).<\/p>\n<figure id=\"attachment_766\" aria-describedby=\"caption-attachment-766\" style=\"width: 683px\" class=\"wp-caption aligncenter\"><a href=\"https:\/\/i0.wp.com\/www.spang.ch\/aude\/wp-content\/uploads\/2017\/03\/IMG_3757-e1490022611181.jpg\"><img loading=\"lazy\" decoding=\"async\" data-attachment-id=\"766\" data-permalink=\"http:\/\/www.spang.ch\/aude\/fr\/2017\/03\/friendly-chile\/img_3757\/\" data-orig-file=\"https:\/\/i0.wp.com\/www.spang.ch\/aude\/wp-content\/uploads\/2017\/03\/IMG_3757-e1490022611181.jpg?fit=3456%2C5184\" data-orig-size=\"3456,5184\" data-comments-opened=\"1\" data-image-meta=\"{&quot;aperture&quot;:&quot;0&quot;,&quot;credit&quot;:&quot;&quot;,&quot;camera&quot;:&quot;&quot;,&quot;caption&quot;:&quot;&quot;,&quot;created_timestamp&quot;:&quot;0&quot;,&quot;copyright&quot;:&quot;&quot;,&quot;focal_length&quot;:&quot;0&quot;,&quot;iso&quot;:&quot;0&quot;,&quot;shutter_speed&quot;:&quot;0&quot;,&quot;title&quot;:&quot;&quot;,&quot;orientation&quot;:&quot;0&quot;}\" data-image-title=\"IMG_3757\" data-image-description=\"\" data-image-caption=\"&lt;p&gt;Santiago&lt;\/p&gt;\n\" data-medium-file=\"https:\/\/i0.wp.com\/www.spang.ch\/aude\/wp-content\/uploads\/2017\/03\/IMG_3757-e1490022611181.jpg?fit=200%2C300\" data-large-file=\"https:\/\/i0.wp.com\/www.spang.ch\/aude\/wp-content\/uploads\/2017\/03\/IMG_3757-e1490022611181.jpg?fit=683%2C1024\" tabindex=\"0\" role=\"button\" class=\"size-large wp-image-766\" src=\"https:\/\/i0.wp.com\/www.spang.ch\/aude\/wp-content\/uploads\/2017\/03\/IMG_3757-e1490022611181-683x1024.jpg?resize=683%2C1024\" alt=\"\" width=\"683\" height=\"1024\" srcset=\"https:\/\/i0.wp.com\/www.spang.ch\/aude\/wp-content\/uploads\/2017\/03\/IMG_3757-e1490022611181.jpg?resize=683%2C1024 683w, https:\/\/i0.wp.com\/www.spang.ch\/aude\/wp-content\/uploads\/2017\/03\/IMG_3757-e1490022611181.jpg?resize=200%2C300 200w, https:\/\/i0.wp.com\/www.spang.ch\/aude\/wp-content\/uploads\/2017\/03\/IMG_3757-e1490022611181.jpg?resize=768%2C1152 768w, https:\/\/i0.wp.com\/www.spang.ch\/aude\/wp-content\/uploads\/2017\/03\/IMG_3757-e1490022611181.jpg?w=2000 2000w, https:\/\/i0.wp.com\/www.spang.ch\/aude\/wp-content\/uploads\/2017\/03\/IMG_3757-e1490022611181.jpg?w=3000 3000w\" sizes=\"(max-width: 683px) 100vw, 683px\" data-recalc-dims=\"1\" \/><\/a><figcaption id=\"caption-attachment-766\" class=\"wp-caption-text\">Santiago<\/figcaption><\/figure>\n<p style=\"text-align: justify;\">J&rsquo;ai aussi visit\u00e9 un peu la capitale chilienne, mangeant maritime au joli\u00a0<em>Mercado Central<\/em>\u00a0tout fait de fer forg\u00e9, me suis balad\u00e9e le long de la rivi\u00e8re, ai fait un tour du centre et de ses charmants \u00e9difices, ai bu des verres avec un groupe d&rsquo;amis chiliens dans le quartier de la \u00ab\u00a0Bellavista\u00a0\u00bb puis go\u00fbt\u00e9 de l&rsquo;excellent vin chilien pendant que ces m\u00eames amis, Daniel et Claudio, jouaient de la guitare et chantaient des chansons du pays, bref, je n&rsquo;ai de loin pas trouv\u00e9 Santiago aussi horrible qu&rsquo;on me l&rsquo;avait pr\u00e9dite! La Bellavista\u00a0est m\u00eame un quartier tr\u00e8s mignon, estudiantin et un peu bobo, fait de maisons basses pleines de couleurs et de jolis bars. Bon et il faut quand m\u00eame que je vous le raconte, pour la premi\u00e8re fois depuis le d\u00e9but de mon voyage, il m&rsquo;est arriv\u00e9 quelque chose de mal (jusqu&rsquo;\u00e0 pr\u00e9sent j&rsquo;avais juste perdu des affaires, ce qui \u00e9tait de ma faute).\u00a0Attendant \u00e0 un passage pi\u00e9ton, j&rsquo;ai senti qu&rsquo;on touchait mon sac \u00e0 main, j&rsquo;ai regard\u00e9: il \u00e9tait ouvert et mon porte-monnaie avait disparu! J&rsquo;ai regard\u00e9 le monsieur \u00e0 c\u00f4t\u00e9 de moi et l&rsquo;ai apostroph\u00e9, il m&rsquo;a dit que le voleur \u00e9tait parti en courant dans telle direction. Je ne l&rsquo;ai pas cru et lui ai saisi le poignet, et en le faisant tourner j&rsquo;ai vu qu&rsquo;il cachait mon porte-monnaie dans son dos. Je le lui ai pris de la main et ai cri\u00e9 d&rsquo;\u00e9nervement, il m&rsquo;a regard\u00e9e et est parti. Sc\u00e8ne pour le moins \u00e9trange, je crois qu&rsquo;on \u00e9tait tous deux fort surpris par le d\u00e9roulement des \u00e9v\u00e9nements, et mon cerveau n&rsquo;\u00e9tait clairement pas en \u00e9tat de marche mais mes instincts oui, tant mieux; tout est bien qui finit bien! En fin de compte, il ne me sera donc encore rien pass\u00e9 de mal.<\/p>\n<figure id=\"attachment_785\" aria-describedby=\"caption-attachment-785\" style=\"width: 683px\" class=\"wp-caption aligncenter\"><a href=\"https:\/\/i0.wp.com\/www.spang.ch\/aude\/wp-content\/uploads\/2017\/03\/IMG_3766-e1490023575696.jpg\"><img loading=\"lazy\" decoding=\"async\" data-attachment-id=\"785\" data-permalink=\"http:\/\/www.spang.ch\/aude\/fr\/2017\/03\/friendly-chile\/img_3766\/\" data-orig-file=\"https:\/\/i0.wp.com\/www.spang.ch\/aude\/wp-content\/uploads\/2017\/03\/IMG_3766-e1490023575696.jpg?fit=3265%2C4898\" data-orig-size=\"3265,4898\" data-comments-opened=\"1\" data-image-meta=\"{&quot;aperture&quot;:&quot;0&quot;,&quot;credit&quot;:&quot;&quot;,&quot;camera&quot;:&quot;&quot;,&quot;caption&quot;:&quot;&quot;,&quot;created_timestamp&quot;:&quot;0&quot;,&quot;copyright&quot;:&quot;&quot;,&quot;focal_length&quot;:&quot;0&quot;,&quot;iso&quot;:&quot;0&quot;,&quot;shutter_speed&quot;:&quot;0&quot;,&quot;title&quot;:&quot;&quot;,&quot;orientation&quot;:&quot;0&quot;}\" data-image-title=\"IMG_3766\" data-image-description=\"\" data-image-caption=\"&lt;p&gt;Santiago&lt;\/p&gt;\n\" data-medium-file=\"https:\/\/i0.wp.com\/www.spang.ch\/aude\/wp-content\/uploads\/2017\/03\/IMG_3766-e1490023575696.jpg?fit=200%2C300\" data-large-file=\"https:\/\/i0.wp.com\/www.spang.ch\/aude\/wp-content\/uploads\/2017\/03\/IMG_3766-e1490023575696.jpg?fit=683%2C1024\" tabindex=\"0\" role=\"button\" class=\"size-large wp-image-785\" src=\"https:\/\/i0.wp.com\/www.spang.ch\/aude\/wp-content\/uploads\/2017\/03\/IMG_3766-e1490023575696-683x1024.jpg?resize=683%2C1024\" alt=\"\" width=\"683\" height=\"1024\" srcset=\"https:\/\/i0.wp.com\/www.spang.ch\/aude\/wp-content\/uploads\/2017\/03\/IMG_3766-e1490023575696.jpg?resize=683%2C1024 683w, https:\/\/i0.wp.com\/www.spang.ch\/aude\/wp-content\/uploads\/2017\/03\/IMG_3766-e1490023575696.jpg?resize=200%2C300 200w, https:\/\/i0.wp.com\/www.spang.ch\/aude\/wp-content\/uploads\/2017\/03\/IMG_3766-e1490023575696.jpg?resize=768%2C1152 768w, https:\/\/i0.wp.com\/www.spang.ch\/aude\/wp-content\/uploads\/2017\/03\/IMG_3766-e1490023575696.jpg?w=2000 2000w, https:\/\/i0.wp.com\/www.spang.ch\/aude\/wp-content\/uploads\/2017\/03\/IMG_3766-e1490023575696.jpg?w=3000 3000w\" sizes=\"(max-width: 683px) 100vw, 683px\" data-recalc-dims=\"1\" \/><\/a><figcaption id=\"caption-attachment-785\" class=\"wp-caption-text\">Santiago<\/figcaption><\/figure>\n<p style=\"text-align: justify;\">\u00c0 Santiago, j&rsquo;ai encore pris le temps de visiter deux mus\u00e9es qui m&rsquo;ont fascin\u00e9e, chacun \u00e0 sa fa\u00e7on. Le premier fut la maison de Pablo Neruda, le po\u00e8te et prix Nobel de litt\u00e9rature (l&rsquo;un des deux po\u00e8tes et prix Nobel de litt\u00e9rature chilien). Cet \u00e9crivain \u00e9tait clairement un excentrique en qu\u00eate de beaut\u00e9 (cf le titre de mon blog, qui vous fait comprendre pourquoi j&rsquo;ai tant aim\u00e9 ses maisons &#8211; j&rsquo;en ai visit\u00e9\u00a0deux en tout), et il cr\u00e9ait autour de lui des univers magiques, remplissaient ses lieux de vie de souvenirs de ses innombrables voyages et mandats d&rsquo;ambassadeurs, arrangeait des pi\u00e8ces \u00e0 th\u00e8mes et des lieux expr\u00e8s pour partager de bons moments avec ses amis. Il aimait les gadgets, les breloques, les souvenirs, l&rsquo;art, les meubles un peu futuristes, les couleurs, les d\u00e9tails loufoques, et la mer. Bref, je pourrais vivre dans une de ses maisons! Il a fait construire cette maison pour sa ma\u00eetresse et vrai amour, afin de la cacher jusqu&rsquo;\u00e0 ce qu&rsquo;il divorce pour l&rsquo;\u00e9pouser et passer avec elle le restant de ses jours. Neruda avait aussi des opinions politiques tr\u00e8s \u00e0 gauche et \u00e9tait proche de Salvador Allende, \u00e0 qui il c\u00e9derait la place dans la course \u00e0 la pr\u00e9sidence du pays (et \u00e0 qui il devrait ses mandats \u00e0 l&rsquo;\u00e9tranger).<\/p>\n<figure id=\"attachment_767\" aria-describedby=\"caption-attachment-767\" style=\"width: 683px\" class=\"wp-caption aligncenter\"><a href=\"https:\/\/i0.wp.com\/www.spang.ch\/aude\/wp-content\/uploads\/2017\/03\/IMG_3938-e1490022582443.jpg\"><img loading=\"lazy\" decoding=\"async\" data-attachment-id=\"767\" data-permalink=\"http:\/\/www.spang.ch\/aude\/fr\/2017\/03\/friendly-chile\/img_3938\/\" data-orig-file=\"https:\/\/i0.wp.com\/www.spang.ch\/aude\/wp-content\/uploads\/2017\/03\/IMG_3938-e1490022582443.jpg?fit=3456%2C5184\" data-orig-size=\"3456,5184\" data-comments-opened=\"1\" data-image-meta=\"{&quot;aperture&quot;:&quot;0&quot;,&quot;credit&quot;:&quot;&quot;,&quot;camera&quot;:&quot;&quot;,&quot;caption&quot;:&quot;&quot;,&quot;created_timestamp&quot;:&quot;0&quot;,&quot;copyright&quot;:&quot;&quot;,&quot;focal_length&quot;:&quot;0&quot;,&quot;iso&quot;:&quot;0&quot;,&quot;shutter_speed&quot;:&quot;0&quot;,&quot;title&quot;:&quot;&quot;,&quot;orientation&quot;:&quot;0&quot;}\" data-image-title=\"IMG_3938\" data-image-description=\"\" data-image-caption=\"&lt;p&gt;Valpara\u00edso&lt;\/p&gt;\n\" data-medium-file=\"https:\/\/i0.wp.com\/www.spang.ch\/aude\/wp-content\/uploads\/2017\/03\/IMG_3938-e1490022582443.jpg?fit=200%2C300\" data-large-file=\"https:\/\/i0.wp.com\/www.spang.ch\/aude\/wp-content\/uploads\/2017\/03\/IMG_3938-e1490022582443.jpg?fit=683%2C1024\" tabindex=\"0\" role=\"button\" class=\"size-large wp-image-767\" src=\"https:\/\/i0.wp.com\/www.spang.ch\/aude\/wp-content\/uploads\/2017\/03\/IMG_3938-e1490022582443-683x1024.jpg?resize=683%2C1024\" alt=\"\" width=\"683\" height=\"1024\" srcset=\"https:\/\/i0.wp.com\/www.spang.ch\/aude\/wp-content\/uploads\/2017\/03\/IMG_3938-e1490022582443.jpg?resize=683%2C1024 683w, https:\/\/i0.wp.com\/www.spang.ch\/aude\/wp-content\/uploads\/2017\/03\/IMG_3938-e1490022582443.jpg?resize=200%2C300 200w, https:\/\/i0.wp.com\/www.spang.ch\/aude\/wp-content\/uploads\/2017\/03\/IMG_3938-e1490022582443.jpg?resize=768%2C1152 768w, https:\/\/i0.wp.com\/www.spang.ch\/aude\/wp-content\/uploads\/2017\/03\/IMG_3938-e1490022582443.jpg?w=2000 2000w, https:\/\/i0.wp.com\/www.spang.ch\/aude\/wp-content\/uploads\/2017\/03\/IMG_3938-e1490022582443.jpg?w=3000 3000w\" sizes=\"(max-width: 683px) 100vw, 683px\" data-recalc-dims=\"1\" \/><\/a><figcaption id=\"caption-attachment-767\" class=\"wp-caption-text\">Valpara\u00edso<\/figcaption><\/figure>\n<p style=\"text-align: justify;\">C&rsquo;est l\u00e0 le lien avec le second mus\u00e9e que j&rsquo;ai visit\u00e9, le Mus\u00e9e de la M\u00e9moire, qui sinon semblerait avoir rien \u00e0 voir avec le premier. Il a \u00e9t\u00e9 \u00e9difi\u00e9 en se basant sur les \u00e9l\u00e9ments d&rsquo;enqu\u00eate de la commission charg\u00e9e de r\u00e9tablir la v\u00e9rit\u00e9 sur la p\u00e9riode de dictature au Chili, afin de transmettre aux g\u00e9n\u00e9rations futures ces souvenirs charg\u00e9s de souffrance et d&rsquo;\u00e9viter une malheureuse r\u00e9p\u00e9tition de l&rsquo;histoire. Le lien avec Neruda c&rsquo;est que son ami Allende fut renvers\u00e9 par un coup d&rsquo;\u00e9tat au cours duquel il trouva la mort (d&rsquo;ailleurs Neruda mourrait l&rsquo;ann\u00e9e m\u00eame du coup d&rsquo;\u00e9tat, dans des circonstances qui me semblent n&rsquo;avoir pas \u00e9t\u00e9 totalement \u00e9claircies). Le G\u00e9n\u00e9ral Pinochet prit le pouvoir et \u00e9tablit un r\u00e9gime militaire qui durerait 17 ans. L&rsquo;h\u00e9ritage de Pinochet est controvers\u00e9 et le pays est encore divis\u00e9 \u00e0 son sujet, parce qu&rsquo;on lui attribue notamment la r\u00e9ussite \u00e9conomique chilienne (mod\u00e8le n\u00e9olib\u00e9ral qui a rendu le pays tr\u00e8s moderne et \u00ab\u00a0yankee\u00a0\u00bb) qui se ressent encore aujourd&rsquo;hui, mais ce qui est certain est que sa dictature fut accompagn\u00e9e des \u00e9l\u00e9ments classiques de ce genre de r\u00e9gime autoritaire: censure, disparitions, torture, mises \u00e0 mort,&#8230; Beaucoup de douleur pour le peuple chilien, dont de nombreux citoyens ont fui (entre autres) en Suisse et y sont rest\u00e9s.<\/p>\n<figure id=\"attachment_769\" aria-describedby=\"caption-attachment-769\" style=\"width: 1000px\" class=\"wp-caption aligncenter\"><a href=\"https:\/\/i0.wp.com\/www.spang.ch\/aude\/wp-content\/uploads\/2017\/03\/IMG_3987.jpg\"><img loading=\"lazy\" decoding=\"async\" data-attachment-id=\"769\" data-permalink=\"http:\/\/www.spang.ch\/aude\/fr\/2017\/03\/friendly-chile\/img_3987\/\" data-orig-file=\"https:\/\/i0.wp.com\/www.spang.ch\/aude\/wp-content\/uploads\/2017\/03\/IMG_3987.jpg?fit=5184%2C3456\" data-orig-size=\"5184,3456\" data-comments-opened=\"1\" data-image-meta=\"{&quot;aperture&quot;:&quot;0&quot;,&quot;credit&quot;:&quot;&quot;,&quot;camera&quot;:&quot;&quot;,&quot;caption&quot;:&quot;&quot;,&quot;created_timestamp&quot;:&quot;0&quot;,&quot;copyright&quot;:&quot;&quot;,&quot;focal_length&quot;:&quot;0&quot;,&quot;iso&quot;:&quot;0&quot;,&quot;shutter_speed&quot;:&quot;0&quot;,&quot;title&quot;:&quot;&quot;,&quot;orientation&quot;:&quot;0&quot;}\" data-image-title=\"IMG_3987\" data-image-description=\"\" data-image-caption=\"&lt;p&gt;Valpara\u00edso&lt;\/p&gt;\n\" data-medium-file=\"https:\/\/i0.wp.com\/www.spang.ch\/aude\/wp-content\/uploads\/2017\/03\/IMG_3987.jpg?fit=300%2C200\" data-large-file=\"https:\/\/i0.wp.com\/www.spang.ch\/aude\/wp-content\/uploads\/2017\/03\/IMG_3987.jpg?fit=1000%2C667\" tabindex=\"0\" role=\"button\" class=\"size-large wp-image-769\" src=\"https:\/\/i0.wp.com\/www.spang.ch\/aude\/wp-content\/uploads\/2017\/03\/IMG_3987.jpg?resize=1000%2C667\" alt=\"\" width=\"1000\" height=\"667\" srcset=\"https:\/\/i0.wp.com\/www.spang.ch\/aude\/wp-content\/uploads\/2017\/03\/IMG_3987.jpg?resize=1024%2C683 1024w, https:\/\/i0.wp.com\/www.spang.ch\/aude\/wp-content\/uploads\/2017\/03\/IMG_3987.jpg?resize=300%2C200 300w, https:\/\/i0.wp.com\/www.spang.ch\/aude\/wp-content\/uploads\/2017\/03\/IMG_3987.jpg?resize=768%2C512 768w, https:\/\/i0.wp.com\/www.spang.ch\/aude\/wp-content\/uploads\/2017\/03\/IMG_3987.jpg?resize=960%2C640 960w, https:\/\/i0.wp.com\/www.spang.ch\/aude\/wp-content\/uploads\/2017\/03\/IMG_3987.jpg?resize=450%2C300 450w, https:\/\/i0.wp.com\/www.spang.ch\/aude\/wp-content\/uploads\/2017\/03\/IMG_3987.jpg?w=2000 2000w, https:\/\/i0.wp.com\/www.spang.ch\/aude\/wp-content\/uploads\/2017\/03\/IMG_3987.jpg?w=3000 3000w\" sizes=\"(max-width: 1000px) 100vw, 1000px\" data-recalc-dims=\"1\" \/><\/a><figcaption id=\"caption-attachment-769\" class=\"wp-caption-text\">Valpara\u00edso<\/figcaption><\/figure>\n<p style=\"text-align: justify;\">Mais le Chili n&rsquo;a pas une histoire politique tr\u00e8s classique. Ce pays est en effet le seul o\u00f9, dans un contexte de guerre froide s\u00e9parant le monde en deux, la population a d\u00e9mocratiquement \u00e9lu un pr\u00e9sident socialiste, c&rsquo;est-\u00e0-dire qu&rsquo;ils ont <span style=\"text-decoration: underline;\">vot\u00e9 pour le \u00ab\u00a0communisme\u00a0\u00bb<\/span> alors que tous les autres pays dans lequel il s&rsquo;est install\u00e9, ce fut par la force (\u00e9videmment, ce genre de r\u00e9sultats n&rsquo;\u00e9tait pas sans d\u00e9plaire aux USA, qui ont probablement mis leur grain de sel dans les affaires du pays). Et ce n&rsquo;est pas fini, non seulement il y eut cette votation historique, mais le Chili a aussi eu l&rsquo;occasion de <span style=\"text-decoration: underline;\">voter contre son dictateur!<\/span> Je vous l&rsquo;ai dit, son h\u00e9ritage est controvers\u00e9 et la guerre froide a divis\u00e9 le pays en deux, et le r\u00e9gime de Pinochet a organis\u00e9 des \u00e9lections qu&rsquo;il \u00e9tait convaincu de gagner, qui auraient assis sa l\u00e9gitimit\u00e9. Mais elles furent le th\u00e9\u00e2tre d&rsquo;une grande campagne du Non, men\u00e9e et remport\u00e9e avec brio et all\u00e9gresse avec 54,71% des voix contre le dictateur (sur le sujet, je peux vous recommander l&rsquo;excellent film \u00ab\u00a0No\u00a0\u00bb, vu il y a quelques ann\u00e9es et d\u00e9j\u00e0 bien aim\u00e9 \u00e0 l&rsquo;\u00e9poque).<\/p>\n<figure id=\"attachment_768\" aria-describedby=\"caption-attachment-768\" style=\"width: 683px\" class=\"wp-caption aligncenter\"><a href=\"https:\/\/i0.wp.com\/www.spang.ch\/aude\/wp-content\/uploads\/2017\/03\/IMG_3980-e1490022547618.jpg\"><img loading=\"lazy\" decoding=\"async\" data-attachment-id=\"768\" data-permalink=\"http:\/\/www.spang.ch\/aude\/fr\/2017\/03\/friendly-chile\/img_3980\/\" data-orig-file=\"https:\/\/i0.wp.com\/www.spang.ch\/aude\/wp-content\/uploads\/2017\/03\/IMG_3980-e1490022547618.jpg?fit=3456%2C5184\" data-orig-size=\"3456,5184\" data-comments-opened=\"1\" data-image-meta=\"{&quot;aperture&quot;:&quot;0&quot;,&quot;credit&quot;:&quot;&quot;,&quot;camera&quot;:&quot;&quot;,&quot;caption&quot;:&quot;&quot;,&quot;created_timestamp&quot;:&quot;0&quot;,&quot;copyright&quot;:&quot;&quot;,&quot;focal_length&quot;:&quot;0&quot;,&quot;iso&quot;:&quot;0&quot;,&quot;shutter_speed&quot;:&quot;0&quot;,&quot;title&quot;:&quot;&quot;,&quot;orientation&quot;:&quot;0&quot;}\" data-image-title=\"IMG_3980\" data-image-description=\"\" data-image-caption=\"&lt;p&gt;Valpara\u00edso&lt;\/p&gt;\n\" data-medium-file=\"https:\/\/i0.wp.com\/www.spang.ch\/aude\/wp-content\/uploads\/2017\/03\/IMG_3980-e1490022547618.jpg?fit=200%2C300\" data-large-file=\"https:\/\/i0.wp.com\/www.spang.ch\/aude\/wp-content\/uploads\/2017\/03\/IMG_3980-e1490022547618.jpg?fit=683%2C1024\" tabindex=\"0\" role=\"button\" class=\"size-large wp-image-768\" src=\"https:\/\/i0.wp.com\/www.spang.ch\/aude\/wp-content\/uploads\/2017\/03\/IMG_3980-e1490022547618-683x1024.jpg?resize=683%2C1024\" alt=\"\" width=\"683\" height=\"1024\" srcset=\"https:\/\/i0.wp.com\/www.spang.ch\/aude\/wp-content\/uploads\/2017\/03\/IMG_3980-e1490022547618.jpg?resize=683%2C1024 683w, https:\/\/i0.wp.com\/www.spang.ch\/aude\/wp-content\/uploads\/2017\/03\/IMG_3980-e1490022547618.jpg?resize=200%2C300 200w, https:\/\/i0.wp.com\/www.spang.ch\/aude\/wp-content\/uploads\/2017\/03\/IMG_3980-e1490022547618.jpg?resize=768%2C1152 768w, https:\/\/i0.wp.com\/www.spang.ch\/aude\/wp-content\/uploads\/2017\/03\/IMG_3980-e1490022547618.jpg?w=2000 2000w, https:\/\/i0.wp.com\/www.spang.ch\/aude\/wp-content\/uploads\/2017\/03\/IMG_3980-e1490022547618.jpg?w=3000 3000w\" sizes=\"(max-width: 683px) 100vw, 683px\" data-recalc-dims=\"1\" \/><\/a><figcaption id=\"caption-attachment-768\" class=\"wp-caption-text\">Valpara\u00edso<\/figcaption><\/figure>\n<p style=\"text-align: justify;\">L&rsquo;histoire chilienne est donc singuli\u00e8re, et elle est \u00e9galement \u00e9pic\u00e9e de conflits avec ses voisins (le pays s&rsquo;est saisi d&rsquo;une partie de territoire c\u00f4tier\u00a0au nord, qui \u00e9tait alors l&rsquo;unique acc\u00e8s \u00e0 la mer de la Bolivie, d\u00e9sormais entour\u00e9e par la terre), de colonisation allemande et nazie, de cohabitation relativement pacifique avec les peuples indig\u00e8nes qui composent le pays (dans la mesure o\u00f9, contrairement \u00e0 l&rsquo;Argentine, le gouvernement n&rsquo;a pas proc\u00e9d\u00e9 \u00e0 une extermination de cette partie de la population), et de lutte indig\u00e8ne Mapuche qui ne semble pas avoir de fin (les Mapuche ont f\u00e9rocement d\u00e9fendu leur territoire lors de la conqu\u00eate espagnole et ils repr\u00e9sentent la seule portion de territoire qui n&rsquo;est jamais pass\u00e9e aux mains des colons). Pour finir, et je le mentionne parce qu&rsquo;un peu d&rsquo;\u00e9galit\u00e9 fait toujours du bien, le Chili a en ce moment unE pr\u00e9sidentE, Michelle Bachelet (Kirchner \u00e9tait au pouvoir en Argentine il y a encore peu de temps, mais elle s&rsquo;est emp\u00eatr\u00e9e dans de sacr\u00e9s probl\u00e8mes de corruption et n&rsquo;a pas \u00e9t\u00e9 r\u00e9\u00e9lue&#8230; ce qui ne veut pas dire que les Argentins portent plus dans leur c\u0153ur leur actuel pr\u00e9sident, Macri!).<\/p>\n<figure id=\"attachment_770\" aria-describedby=\"caption-attachment-770\" style=\"width: 1000px\" class=\"wp-caption aligncenter\"><a href=\"https:\/\/i0.wp.com\/www.spang.ch\/aude\/wp-content\/uploads\/2017\/03\/IMG_3996.jpg\"><img loading=\"lazy\" decoding=\"async\" data-attachment-id=\"770\" data-permalink=\"http:\/\/www.spang.ch\/aude\/fr\/2017\/03\/friendly-chile\/img_3996\/\" data-orig-file=\"https:\/\/i0.wp.com\/www.spang.ch\/aude\/wp-content\/uploads\/2017\/03\/IMG_3996.jpg?fit=5184%2C3456\" data-orig-size=\"5184,3456\" data-comments-opened=\"1\" data-image-meta=\"{&quot;aperture&quot;:&quot;0&quot;,&quot;credit&quot;:&quot;&quot;,&quot;camera&quot;:&quot;&quot;,&quot;caption&quot;:&quot;&quot;,&quot;created_timestamp&quot;:&quot;0&quot;,&quot;copyright&quot;:&quot;&quot;,&quot;focal_length&quot;:&quot;0&quot;,&quot;iso&quot;:&quot;0&quot;,&quot;shutter_speed&quot;:&quot;0&quot;,&quot;title&quot;:&quot;&quot;,&quot;orientation&quot;:&quot;0&quot;}\" data-image-title=\"IMG_3996\" data-image-description=\"\" data-image-caption=\"&lt;p&gt;Chile #1: Santiago, Vi\u00f1a del Mar, Valpara\u00edso&lt;\/p&gt;\n\" data-medium-file=\"https:\/\/i0.wp.com\/www.spang.ch\/aude\/wp-content\/uploads\/2017\/03\/IMG_3996.jpg?fit=300%2C200\" data-large-file=\"https:\/\/i0.wp.com\/www.spang.ch\/aude\/wp-content\/uploads\/2017\/03\/IMG_3996.jpg?fit=1000%2C667\" tabindex=\"0\" role=\"button\" class=\"size-large wp-image-770\" src=\"https:\/\/i0.wp.com\/www.spang.ch\/aude\/wp-content\/uploads\/2017\/03\/IMG_3996.jpg?resize=1000%2C667\" alt=\"\" width=\"1000\" height=\"667\" srcset=\"https:\/\/i0.wp.com\/www.spang.ch\/aude\/wp-content\/uploads\/2017\/03\/IMG_3996.jpg?resize=1024%2C683 1024w, https:\/\/i0.wp.com\/www.spang.ch\/aude\/wp-content\/uploads\/2017\/03\/IMG_3996.jpg?resize=300%2C200 300w, https:\/\/i0.wp.com\/www.spang.ch\/aude\/wp-content\/uploads\/2017\/03\/IMG_3996.jpg?resize=768%2C512 768w, https:\/\/i0.wp.com\/www.spang.ch\/aude\/wp-content\/uploads\/2017\/03\/IMG_3996.jpg?resize=960%2C640 960w, https:\/\/i0.wp.com\/www.spang.ch\/aude\/wp-content\/uploads\/2017\/03\/IMG_3996.jpg?resize=450%2C300 450w, https:\/\/i0.wp.com\/www.spang.ch\/aude\/wp-content\/uploads\/2017\/03\/IMG_3996.jpg?w=2000 2000w, https:\/\/i0.wp.com\/www.spang.ch\/aude\/wp-content\/uploads\/2017\/03\/IMG_3996.jpg?w=3000 3000w\" sizes=\"(max-width: 1000px) 100vw, 1000px\" data-recalc-dims=\"1\" \/><\/a><figcaption id=\"caption-attachment-770\" class=\"wp-caption-text\">Valpara\u00edso: une de mes oeuvres pr\u00e9f\u00e9r\u00e9es du voyage!<\/figcaption><\/figure>\n<figure id=\"attachment_794\" aria-describedby=\"caption-attachment-794\" style=\"width: 833px\" class=\"wp-caption aligncenter\"><a href=\"https:\/\/i0.wp.com\/www.spang.ch\/aude\/wp-content\/uploads\/2017\/03\/IMG_4001a-e1490025266247.jpg\"><img loading=\"lazy\" decoding=\"async\" data-attachment-id=\"794\" data-permalink=\"http:\/\/www.spang.ch\/aude\/fr\/2017\/03\/friendly-chile\/img_4001a\/\" data-orig-file=\"https:\/\/i0.wp.com\/www.spang.ch\/aude\/wp-content\/uploads\/2017\/03\/IMG_4001a-e1490025266247.jpg?fit=1957%2C2407\" data-orig-size=\"1957,2407\" data-comments-opened=\"1\" data-image-meta=\"{&quot;aperture&quot;:&quot;0&quot;,&quot;credit&quot;:&quot;Aude Spang&quot;,&quot;camera&quot;:&quot;&quot;,&quot;caption&quot;:&quot;&quot;,&quot;created_timestamp&quot;:&quot;1485014923&quot;,&quot;copyright&quot;:&quot;&quot;,&quot;focal_length&quot;:&quot;0&quot;,&quot;iso&quot;:&quot;0&quot;,&quot;shutter_speed&quot;:&quot;0&quot;,&quot;title&quot;:&quot;&quot;,&quot;orientation&quot;:&quot;0&quot;}\" data-image-title=\"IMG_4001a\" data-image-description=\"\" data-image-caption=\"&lt;p&gt;Valpara\u00edso: pour ceux qui connaissent Calle 13! (je vous en reparlerai)&lt;\/p&gt;\n\" data-medium-file=\"https:\/\/i0.wp.com\/www.spang.ch\/aude\/wp-content\/uploads\/2017\/03\/IMG_4001a-e1490025266247.jpg?fit=244%2C300\" data-large-file=\"https:\/\/i0.wp.com\/www.spang.ch\/aude\/wp-content\/uploads\/2017\/03\/IMG_4001a-e1490025266247.jpg?fit=833%2C1024\" tabindex=\"0\" role=\"button\" class=\"size-large wp-image-794\" src=\"https:\/\/i0.wp.com\/www.spang.ch\/aude\/wp-content\/uploads\/2017\/03\/IMG_4001a-e1490025266247-833x1024.jpg?resize=833%2C1024\" alt=\"\" width=\"833\" height=\"1024\" srcset=\"https:\/\/i0.wp.com\/www.spang.ch\/aude\/wp-content\/uploads\/2017\/03\/IMG_4001a-e1490025266247.jpg?resize=833%2C1024 833w, https:\/\/i0.wp.com\/www.spang.ch\/aude\/wp-content\/uploads\/2017\/03\/IMG_4001a-e1490025266247.jpg?resize=244%2C300 244w, https:\/\/i0.wp.com\/www.spang.ch\/aude\/wp-content\/uploads\/2017\/03\/IMG_4001a-e1490025266247.jpg?resize=768%2C945 768w, https:\/\/i0.wp.com\/www.spang.ch\/aude\/wp-content\/uploads\/2017\/03\/IMG_4001a-e1490025266247.jpg?w=1957 1957w\" sizes=\"(max-width: 833px) 100vw, 833px\" data-recalc-dims=\"1\" \/><\/a><figcaption id=\"caption-attachment-794\" class=\"wp-caption-text\">Valpara\u00edso: pour ceux qui connaissent Calle 13! (je vous en reparlerai)<\/figcaption><\/figure>\n<p style=\"text-align: justify;\">Apr\u00e8s la capitale, je suis all\u00e9e visiter Vi\u00f1a del Mar et Valpara\u00edso, o\u00f9 vivent des amis d&rsquo;une amie de ma maman, la famille Cavieres, qui m&rsquo;ont accueillie \u00e0 bras ouverts et m&rsquo;ont fait voir leur ville sous tous les angles! J&rsquo;ai pass\u00e9 des journ\u00e9es g\u00e9niales avec eux et vraiment appr\u00e9ci\u00e9 le temps qu&rsquo;ils m&rsquo;ont d\u00e9di\u00e9. Tania et Camilo (ils portent tous deux des noms de r\u00e9volutionnaires latino-am\u00e9ricains, ce que je trouve g\u00e9nial) m&rsquo;ont fait go\u00fbter les g\u00e9antes <em>empanadas de mariscos\u00a0<\/em>(de fruits de mer) \u00e0 Conc\u00f3n, puis nous avons tremp\u00e9 les jambes dans la mer (on sent qu&rsquo;on est plus au sud, l&rsquo;eau n&rsquo;est pas aussi chaude qu&rsquo;au P\u00e9rou ou en Colombie). Puis nous avons mang\u00e9 en famille avec leur maman, repas accompagn\u00e9 de quelques verres de succulent rouge (je ne pense pas avoir mang\u00e9 au Chili sans qu&rsquo;au moins un verre de vin ait \u00e9t\u00e9 servi, les Chiliens sont tr\u00e8s fiers de leur production vinicole &#8211; les Argentins aussi, mais on en reparlera).<\/p>\n<figure id=\"attachment_772\" aria-describedby=\"caption-attachment-772\" style=\"width: 1000px\" class=\"wp-caption aligncenter\"><a href=\"https:\/\/i0.wp.com\/www.spang.ch\/aude\/wp-content\/uploads\/2017\/03\/IMG_4143.jpg\"><img loading=\"lazy\" decoding=\"async\" data-attachment-id=\"772\" data-permalink=\"http:\/\/www.spang.ch\/aude\/fr\/2017\/03\/friendly-chile\/img_4143\/\" data-orig-file=\"https:\/\/i0.wp.com\/www.spang.ch\/aude\/wp-content\/uploads\/2017\/03\/IMG_4143.jpg?fit=5184%2C3456\" data-orig-size=\"5184,3456\" data-comments-opened=\"1\" data-image-meta=\"{&quot;aperture&quot;:&quot;0&quot;,&quot;credit&quot;:&quot;&quot;,&quot;camera&quot;:&quot;&quot;,&quot;caption&quot;:&quot;&quot;,&quot;created_timestamp&quot;:&quot;0&quot;,&quot;copyright&quot;:&quot;&quot;,&quot;focal_length&quot;:&quot;0&quot;,&quot;iso&quot;:&quot;0&quot;,&quot;shutter_speed&quot;:&quot;0&quot;,&quot;title&quot;:&quot;&quot;,&quot;orientation&quot;:&quot;0&quot;}\" data-image-title=\"IMG_4143\" data-image-description=\"\" data-image-caption=\"&lt;p&gt;Valpara\u00edso&lt;\/p&gt;\n\" data-medium-file=\"https:\/\/i0.wp.com\/www.spang.ch\/aude\/wp-content\/uploads\/2017\/03\/IMG_4143.jpg?fit=300%2C200\" data-large-file=\"https:\/\/i0.wp.com\/www.spang.ch\/aude\/wp-content\/uploads\/2017\/03\/IMG_4143.jpg?fit=1000%2C667\" tabindex=\"0\" role=\"button\" class=\"size-large wp-image-772\" src=\"https:\/\/i0.wp.com\/www.spang.ch\/aude\/wp-content\/uploads\/2017\/03\/IMG_4143.jpg?resize=1000%2C667\" alt=\"\" width=\"1000\" height=\"667\" srcset=\"https:\/\/i0.wp.com\/www.spang.ch\/aude\/wp-content\/uploads\/2017\/03\/IMG_4143.jpg?resize=1024%2C683 1024w, https:\/\/i0.wp.com\/www.spang.ch\/aude\/wp-content\/uploads\/2017\/03\/IMG_4143.jpg?resize=300%2C200 300w, https:\/\/i0.wp.com\/www.spang.ch\/aude\/wp-content\/uploads\/2017\/03\/IMG_4143.jpg?resize=768%2C512 768w, https:\/\/i0.wp.com\/www.spang.ch\/aude\/wp-content\/uploads\/2017\/03\/IMG_4143.jpg?resize=960%2C640 960w, https:\/\/i0.wp.com\/www.spang.ch\/aude\/wp-content\/uploads\/2017\/03\/IMG_4143.jpg?resize=450%2C300 450w, https:\/\/i0.wp.com\/www.spang.ch\/aude\/wp-content\/uploads\/2017\/03\/IMG_4143.jpg?w=2000 2000w, https:\/\/i0.wp.com\/www.spang.ch\/aude\/wp-content\/uploads\/2017\/03\/IMG_4143.jpg?w=3000 3000w\" sizes=\"(max-width: 1000px) 100vw, 1000px\" data-recalc-dims=\"1\" \/><\/a><figcaption id=\"caption-attachment-772\" class=\"wp-caption-text\">Valpara\u00edso<\/figcaption><\/figure>\n<figure id=\"attachment_787\" aria-describedby=\"caption-attachment-787\" style=\"width: 1000px\" class=\"wp-caption aligncenter\"><a href=\"https:\/\/i0.wp.com\/www.spang.ch\/aude\/wp-content\/uploads\/2017\/03\/IMG_3952.jpg\"><img loading=\"lazy\" decoding=\"async\" data-attachment-id=\"787\" data-permalink=\"http:\/\/www.spang.ch\/aude\/fr\/2017\/03\/friendly-chile\/img_3952\/\" data-orig-file=\"https:\/\/i0.wp.com\/www.spang.ch\/aude\/wp-content\/uploads\/2017\/03\/IMG_3952.jpg?fit=4898%2C3265\" data-orig-size=\"4898,3265\" data-comments-opened=\"1\" data-image-meta=\"{&quot;aperture&quot;:&quot;0&quot;,&quot;credit&quot;:&quot;&quot;,&quot;camera&quot;:&quot;&quot;,&quot;caption&quot;:&quot;&quot;,&quot;created_timestamp&quot;:&quot;0&quot;,&quot;copyright&quot;:&quot;&quot;,&quot;focal_length&quot;:&quot;0&quot;,&quot;iso&quot;:&quot;0&quot;,&quot;shutter_speed&quot;:&quot;0&quot;,&quot;title&quot;:&quot;&quot;,&quot;orientation&quot;:&quot;0&quot;}\" data-image-title=\"IMG_3952\" data-image-description=\"\" data-image-caption=\"&lt;p&gt;Valpara\u00edso&lt;\/p&gt;\n\" data-medium-file=\"https:\/\/i0.wp.com\/www.spang.ch\/aude\/wp-content\/uploads\/2017\/03\/IMG_3952.jpg?fit=300%2C200\" data-large-file=\"https:\/\/i0.wp.com\/www.spang.ch\/aude\/wp-content\/uploads\/2017\/03\/IMG_3952.jpg?fit=1000%2C667\" tabindex=\"0\" role=\"button\" class=\"size-large wp-image-787\" src=\"https:\/\/i0.wp.com\/www.spang.ch\/aude\/wp-content\/uploads\/2017\/03\/IMG_3952.jpg?resize=1000%2C667\" alt=\"\" width=\"1000\" height=\"667\" srcset=\"https:\/\/i0.wp.com\/www.spang.ch\/aude\/wp-content\/uploads\/2017\/03\/IMG_3952.jpg?resize=1024%2C683 1024w, https:\/\/i0.wp.com\/www.spang.ch\/aude\/wp-content\/uploads\/2017\/03\/IMG_3952.jpg?resize=300%2C200 300w, https:\/\/i0.wp.com\/www.spang.ch\/aude\/wp-content\/uploads\/2017\/03\/IMG_3952.jpg?resize=768%2C512 768w, https:\/\/i0.wp.com\/www.spang.ch\/aude\/wp-content\/uploads\/2017\/03\/IMG_3952.jpg?resize=960%2C640 960w, https:\/\/i0.wp.com\/www.spang.ch\/aude\/wp-content\/uploads\/2017\/03\/IMG_3952.jpg?resize=450%2C300 450w, https:\/\/i0.wp.com\/www.spang.ch\/aude\/wp-content\/uploads\/2017\/03\/IMG_3952.jpg?w=2000 2000w, https:\/\/i0.wp.com\/www.spang.ch\/aude\/wp-content\/uploads\/2017\/03\/IMG_3952.jpg?w=3000 3000w\" sizes=\"(max-width: 1000px) 100vw, 1000px\" data-recalc-dims=\"1\" \/><\/a><figcaption id=\"caption-attachment-787\" class=\"wp-caption-text\">Valpara\u00edso<\/figcaption><\/figure>\n<p style=\"text-align: justify;\">Et puis ils m&rsquo;ont fait d\u00e9couvrir Valpara\u00edso! Quelle charmante petite ville enchant\u00e9e! Elle est construite sur plusieurs collines donnant sur la mer et l&rsquo;important port (\u00e7a fait sacr\u00e9ment voyager mentalement de voir des containers marqu\u00e9s \u00ab\u00a0Hamburg\u00a0\u00bb! &#8230;que d&rsquo;ailleurs j&rsquo;allais revoir ensuite \u00e0 Ushuaia), et toute la ville est multicolore et travers\u00e9e par des funiculaires antiques. La partie la plus jolie est le tr\u00e8s artistique Cerro Alegre (le Mont Joyeux), enti\u00e8rement d\u00e9cor\u00e9 de superbes peintures murales et habit\u00e9 par des artistes et autres communaut\u00e9s un peu alternatives (bon, l&rsquo;influence des \u00e9trangers et des touristes a aussi fait exploser les prix et apparemment \u00f4t\u00e9 de son authenticit\u00e9 au lieu, mais il n&rsquo;en reste pas moins tr\u00e8s beau et agr\u00e9able \u00e0 visiter). Chaque rue, chaque maison, chaque escalier d\u00e9cor\u00e9 de c\u00e9ramiques comporte son lot de petites \u0153uvres d&rsquo;art, et l&rsquo;atmosph\u00e8re dans la ville m&rsquo;a enchant\u00e9e au plus haut point. J&rsquo;ai aussi saisi ma chance de visiter une autre des trois maisons de Pablo Neruda, ce qui a ajout\u00e9 de la po\u00e9sie \u00e0 ma visite d\u00e9j\u00e0 tr\u00e8s lyrique de cette ville. Valparaiso fut aussi l&rsquo;occasion de revoir Teresita, aussi connue sur l&rsquo;\u00eele de San Andr\u00e9s en Colombie. Une boule d&rsquo;\u00e9nergie positive et joyeuse avec qui le temps partag\u00e9 fut trop court! Super soir\u00e9e, o\u00f9 j&rsquo;ai non seulement test\u00e9 l&rsquo;inattendu <em>Terremoto<\/em>\u00a0(vin + fruit + &#8230;boule de glace!) mais suis aussi sortie danseeeeer.<\/p>\n<figure id=\"attachment_788\" aria-describedby=\"caption-attachment-788\" style=\"width: 1000px\" class=\"wp-caption aligncenter\"><a href=\"https:\/\/i0.wp.com\/www.spang.ch\/aude\/wp-content\/uploads\/2017\/03\/IMG_4084-e1490023649670.jpg\"><img loading=\"lazy\" decoding=\"async\" data-attachment-id=\"788\" data-permalink=\"http:\/\/www.spang.ch\/aude\/fr\/2017\/03\/friendly-chile\/img_4084\/\" data-orig-file=\"https:\/\/i0.wp.com\/www.spang.ch\/aude\/wp-content\/uploads\/2017\/03\/IMG_4084-e1490023649670.jpg?fit=2902%2C1604\" data-orig-size=\"2902,1604\" data-comments-opened=\"1\" data-image-meta=\"{&quot;aperture&quot;:&quot;0&quot;,&quot;credit&quot;:&quot;&quot;,&quot;camera&quot;:&quot;&quot;,&quot;caption&quot;:&quot;&quot;,&quot;created_timestamp&quot;:&quot;0&quot;,&quot;copyright&quot;:&quot;&quot;,&quot;focal_length&quot;:&quot;0&quot;,&quot;iso&quot;:&quot;0&quot;,&quot;shutter_speed&quot;:&quot;0&quot;,&quot;title&quot;:&quot;&quot;,&quot;orientation&quot;:&quot;0&quot;}\" data-image-title=\"IMG_4084\" data-image-description=\"\" data-image-caption=\"&lt;p&gt;Valpara\u00edso&lt;\/p&gt;\n\" data-medium-file=\"https:\/\/i0.wp.com\/www.spang.ch\/aude\/wp-content\/uploads\/2017\/03\/IMG_4084-e1490023649670.jpg?fit=300%2C166\" data-large-file=\"https:\/\/i0.wp.com\/www.spang.ch\/aude\/wp-content\/uploads\/2017\/03\/IMG_4084-e1490023649670.jpg?fit=1000%2C553\" tabindex=\"0\" role=\"button\" class=\"size-large wp-image-788\" src=\"https:\/\/i0.wp.com\/www.spang.ch\/aude\/wp-content\/uploads\/2017\/03\/IMG_4084-e1490023649670-1024x566.jpg?resize=1000%2C553\" alt=\"\" width=\"1000\" height=\"553\" srcset=\"https:\/\/i0.wp.com\/www.spang.ch\/aude\/wp-content\/uploads\/2017\/03\/IMG_4084-e1490023649670.jpg?resize=1024%2C566 1024w, https:\/\/i0.wp.com\/www.spang.ch\/aude\/wp-content\/uploads\/2017\/03\/IMG_4084-e1490023649670.jpg?resize=300%2C166 300w, https:\/\/i0.wp.com\/www.spang.ch\/aude\/wp-content\/uploads\/2017\/03\/IMG_4084-e1490023649670.jpg?resize=768%2C424 768w, https:\/\/i0.wp.com\/www.spang.ch\/aude\/wp-content\/uploads\/2017\/03\/IMG_4084-e1490023649670.jpg?resize=543%2C300 543w, https:\/\/i0.wp.com\/www.spang.ch\/aude\/wp-content\/uploads\/2017\/03\/IMG_4084-e1490023649670.jpg?w=2000 2000w\" sizes=\"(max-width: 1000px) 100vw, 1000px\" data-recalc-dims=\"1\" \/><\/a><figcaption id=\"caption-attachment-788\" class=\"wp-caption-text\">Valpara\u00edso<\/figcaption><\/figure>\n<figure id=\"attachment_786\" aria-describedby=\"caption-attachment-786\" style=\"width: 1000px\" class=\"wp-caption aligncenter\"><a href=\"https:\/\/i0.wp.com\/www.spang.ch\/aude\/wp-content\/uploads\/2017\/03\/IMG_3838.jpg\"><img loading=\"lazy\" decoding=\"async\" data-attachment-id=\"786\" data-permalink=\"http:\/\/www.spang.ch\/aude\/fr\/2017\/03\/friendly-chile\/img_3838\/\" data-orig-file=\"https:\/\/i0.wp.com\/www.spang.ch\/aude\/wp-content\/uploads\/2017\/03\/IMG_3838.jpg?fit=4898%2C3265\" data-orig-size=\"4898,3265\" data-comments-opened=\"1\" data-image-meta=\"{&quot;aperture&quot;:&quot;0&quot;,&quot;credit&quot;:&quot;&quot;,&quot;camera&quot;:&quot;&quot;,&quot;caption&quot;:&quot;&quot;,&quot;created_timestamp&quot;:&quot;0&quot;,&quot;copyright&quot;:&quot;&quot;,&quot;focal_length&quot;:&quot;0&quot;,&quot;iso&quot;:&quot;0&quot;,&quot;shutter_speed&quot;:&quot;0&quot;,&quot;title&quot;:&quot;&quot;,&quot;orientation&quot;:&quot;0&quot;}\" data-image-title=\"IMG_3838\" data-image-description=\"\" data-image-caption=\"&lt;p&gt;Valpara\u00edso&lt;\/p&gt;\n\" data-medium-file=\"https:\/\/i0.wp.com\/www.spang.ch\/aude\/wp-content\/uploads\/2017\/03\/IMG_3838.jpg?fit=300%2C200\" data-large-file=\"https:\/\/i0.wp.com\/www.spang.ch\/aude\/wp-content\/uploads\/2017\/03\/IMG_3838.jpg?fit=1000%2C667\" tabindex=\"0\" role=\"button\" class=\"size-large wp-image-786\" src=\"https:\/\/i0.wp.com\/www.spang.ch\/aude\/wp-content\/uploads\/2017\/03\/IMG_3838.jpg?resize=1000%2C667\" alt=\"\" width=\"1000\" height=\"667\" srcset=\"https:\/\/i0.wp.com\/www.spang.ch\/aude\/wp-content\/uploads\/2017\/03\/IMG_3838.jpg?resize=1024%2C683 1024w, https:\/\/i0.wp.com\/www.spang.ch\/aude\/wp-content\/uploads\/2017\/03\/IMG_3838.jpg?resize=300%2C200 300w, https:\/\/i0.wp.com\/www.spang.ch\/aude\/wp-content\/uploads\/2017\/03\/IMG_3838.jpg?resize=768%2C512 768w, https:\/\/i0.wp.com\/www.spang.ch\/aude\/wp-content\/uploads\/2017\/03\/IMG_3838.jpg?resize=960%2C640 960w, https:\/\/i0.wp.com\/www.spang.ch\/aude\/wp-content\/uploads\/2017\/03\/IMG_3838.jpg?resize=450%2C300 450w, https:\/\/i0.wp.com\/www.spang.ch\/aude\/wp-content\/uploads\/2017\/03\/IMG_3838.jpg?w=2000 2000w, https:\/\/i0.wp.com\/www.spang.ch\/aude\/wp-content\/uploads\/2017\/03\/IMG_3838.jpg?w=3000 3000w\" sizes=\"(max-width: 1000px) 100vw, 1000px\" data-recalc-dims=\"1\" \/><\/a><figcaption id=\"caption-attachment-786\" class=\"wp-caption-text\">Valpara\u00edso<\/figcaption><\/figure>\n<p style=\"text-align: justify;\">Apr\u00e8s le nord du pays, je suis directement partie pour le centre\/sud, j&rsquo;ai pris un bus pour Osorno et ai travers\u00e9 une grande partie du pays pour arriver \u00e0 la r\u00e9gion des lacs. Je n&rsquo;ai pas eu l&rsquo;occasion de voir quoi que ce soit, mais \u00e0\u00a0ce moment\u00a0une catastrophe tr\u00e8s importante \u00e9tait\u00a0en train de se d\u00e9rouler au Chili: ses for\u00eats br\u00fblaient. Il y avait environ 80 incendies qui consommaient le territoire chilien, inarr\u00eatables et monstrueux. Plusieurs personnes sont mortes, de nombreuses ont \u00e9t\u00e9 chass\u00e9es de leur maison, c&rsquo;est un \u00e9v\u00e9nement s\u00e9rieux et le pays n&rsquo;avait pas assez de ressources pour lutter seul; il a d\u00fb demander de l&rsquo;aide internationale. Et le pire: tout le monde est persuad\u00e9 que les incendies \u00e9taient\u00a0intentionnels &#8211; pas tr\u00e8s clair si c&rsquo;est le gouvernement qui veut empocher l&rsquo;argent des assurances (parce que les USA vont arr\u00eater d&rsquo;acheter le bois chilien par d\u00e9cision de Trump) ou si ce sont les indig\u00e8nes Mapuche (qui regrettent une vente en leur d\u00e9faveur et se vengent), mais ce n&rsquo;est probablement pas juste naturel et f\u00e2cheux. Ce furent\u00a0les pires incendies de l&rsquo;histoire du pays&#8230; dramatique, non? C&rsquo;\u00e9tait alors\u00a0un des th\u00e8mes de conversation principaux du moment. D&rsquo;ailleurs, tant qu&rsquo;on parle de catastrophes, on m&rsquo;a expliqu\u00e9 que sur 10 catastrophes qui se passent dans le monde, 8 sont au Chili! Il y a un peu de tout dans ce pays qui court le long d&rsquo;une ligne de faille: tremblements de terre, \u00e9ruptions volcaniques, incendies, etc&#8230;<\/p>\n<figure id=\"attachment_773\" aria-describedby=\"caption-attachment-773\" style=\"width: 683px\" class=\"wp-caption aligncenter\"><a href=\"https:\/\/i0.wp.com\/www.spang.ch\/aude\/wp-content\/uploads\/2017\/03\/IMG_4255-e1490022468213.jpg\"><img loading=\"lazy\" decoding=\"async\" data-attachment-id=\"773\" data-permalink=\"http:\/\/www.spang.ch\/aude\/fr\/2017\/03\/friendly-chile\/img_4255\/\" data-orig-file=\"https:\/\/i0.wp.com\/www.spang.ch\/aude\/wp-content\/uploads\/2017\/03\/IMG_4255-e1490022468213.jpg?fit=3456%2C5184\" data-orig-size=\"3456,5184\" data-comments-opened=\"1\" data-image-meta=\"{&quot;aperture&quot;:&quot;0&quot;,&quot;credit&quot;:&quot;&quot;,&quot;camera&quot;:&quot;&quot;,&quot;caption&quot;:&quot;&quot;,&quot;created_timestamp&quot;:&quot;0&quot;,&quot;copyright&quot;:&quot;&quot;,&quot;focal_length&quot;:&quot;0&quot;,&quot;iso&quot;:&quot;0&quot;,&quot;shutter_speed&quot;:&quot;0&quot;,&quot;title&quot;:&quot;&quot;,&quot;orientation&quot;:&quot;0&quot;}\" data-image-title=\"IMG_4255\" data-image-description=\"\" data-image-caption=\"&lt;p&gt;Osorno&lt;\/p&gt;\n\" data-medium-file=\"https:\/\/i0.wp.com\/www.spang.ch\/aude\/wp-content\/uploads\/2017\/03\/IMG_4255-e1490022468213.jpg?fit=200%2C300\" data-large-file=\"https:\/\/i0.wp.com\/www.spang.ch\/aude\/wp-content\/uploads\/2017\/03\/IMG_4255-e1490022468213.jpg?fit=683%2C1024\" tabindex=\"0\" role=\"button\" class=\"size-large wp-image-773\" src=\"https:\/\/i0.wp.com\/www.spang.ch\/aude\/wp-content\/uploads\/2017\/03\/IMG_4255-e1490022468213-683x1024.jpg?resize=683%2C1024\" alt=\"\" width=\"683\" height=\"1024\" srcset=\"https:\/\/i0.wp.com\/www.spang.ch\/aude\/wp-content\/uploads\/2017\/03\/IMG_4255-e1490022468213.jpg?resize=683%2C1024 683w, https:\/\/i0.wp.com\/www.spang.ch\/aude\/wp-content\/uploads\/2017\/03\/IMG_4255-e1490022468213.jpg?resize=200%2C300 200w, https:\/\/i0.wp.com\/www.spang.ch\/aude\/wp-content\/uploads\/2017\/03\/IMG_4255-e1490022468213.jpg?resize=768%2C1152 768w, https:\/\/i0.wp.com\/www.spang.ch\/aude\/wp-content\/uploads\/2017\/03\/IMG_4255-e1490022468213.jpg?w=2000 2000w, https:\/\/i0.wp.com\/www.spang.ch\/aude\/wp-content\/uploads\/2017\/03\/IMG_4255-e1490022468213.jpg?w=3000 3000w\" sizes=\"(max-width: 683px) 100vw, 683px\" data-recalc-dims=\"1\" \/><\/a><figcaption id=\"caption-attachment-773\" class=\"wp-caption-text\">Osorno<\/figcaption><\/figure>\n<p style=\"text-align: justify;\">Je suis arriv\u00e9e \u00e0 Osorno, petite ville \u00e0 laquelle je trouve des airs de Scandinavie (sans \u00eatre all\u00e9e l\u00e0-bas moi-m\u00eame): plein de petits maisons de bois en couleur, mignon mais un peu trop d\u00e9velopp\u00e9, et il n&rsquo;y a pas grand chose \u00e0 y faire. Cependant, j&rsquo;y ai pass\u00e9 des moments tr\u00e8s agr\u00e9ables, parce que les grands-parents et la tante de Tania et Camilo m&rsquo;ont accueillie dans leur jolie maison, me faisant sentir comme partie de la famille malgr\u00e9 le fait qu&rsquo;ils ne me connaissaient pas avant et que je n&rsquo;ai pas pass\u00e9 beaucoup de temps chez eux. J&rsquo;y ai d\u00e9couvert la tradition de <em>las onces<\/em>\u00a0(qui signifie litt\u00e9ralement \u00ab\u00a0les onze (heures)\u00a0\u00bb) &#8211; une esp\u00e8ce d&rsquo;heure du th\u00e9 et des biscuits am\u00e9lior\u00e9e (avec \u0153ufs, jambon, etc), qui se mange vers 20-21h. Je me suis offert une petite balade dans la ville, dont une partie fut une colonie d&rsquo;allemands ayant import\u00e9 leur style architectural d&rsquo;alors: petites maisons de bois color\u00e9es. Tr\u00e8s mignon, bien que la ville n&rsquo;ait pas grand int\u00e9r\u00eat en-dehors de cela. J&rsquo;ai pass\u00e9 de tr\u00e8s bons moments, go\u00fbt\u00e9 du bon vin, partag\u00e9 de bons repas de famille avec ces gens tellement gentils.<\/p>\n<figure id=\"attachment_774\" aria-describedby=\"caption-attachment-774\" style=\"width: 1000px\" class=\"wp-caption aligncenter\"><a href=\"https:\/\/i0.wp.com\/www.spang.ch\/aude\/wp-content\/uploads\/2017\/03\/IMG_4266.jpg\"><img loading=\"lazy\" decoding=\"async\" data-attachment-id=\"774\" data-permalink=\"http:\/\/www.spang.ch\/aude\/fr\/2017\/03\/friendly-chile\/img_4266\/\" data-orig-file=\"https:\/\/i0.wp.com\/www.spang.ch\/aude\/wp-content\/uploads\/2017\/03\/IMG_4266.jpg?fit=5184%2C3456\" data-orig-size=\"5184,3456\" data-comments-opened=\"1\" data-image-meta=\"{&quot;aperture&quot;:&quot;0&quot;,&quot;credit&quot;:&quot;&quot;,&quot;camera&quot;:&quot;&quot;,&quot;caption&quot;:&quot;&quot;,&quot;created_timestamp&quot;:&quot;0&quot;,&quot;copyright&quot;:&quot;&quot;,&quot;focal_length&quot;:&quot;0&quot;,&quot;iso&quot;:&quot;0&quot;,&quot;shutter_speed&quot;:&quot;0&quot;,&quot;title&quot;:&quot;&quot;,&quot;orientation&quot;:&quot;0&quot;}\" data-image-title=\"IMG_4266\" data-image-description=\"\" data-image-caption=\"\" data-medium-file=\"https:\/\/i0.wp.com\/www.spang.ch\/aude\/wp-content\/uploads\/2017\/03\/IMG_4266.jpg?fit=300%2C200\" data-large-file=\"https:\/\/i0.wp.com\/www.spang.ch\/aude\/wp-content\/uploads\/2017\/03\/IMG_4266.jpg?fit=1000%2C667\" tabindex=\"0\" role=\"button\" class=\"size-large wp-image-774\" src=\"https:\/\/i0.wp.com\/www.spang.ch\/aude\/wp-content\/uploads\/2017\/03\/IMG_4266.jpg?resize=1000%2C667\" alt=\"\" width=\"1000\" height=\"667\" srcset=\"https:\/\/i0.wp.com\/www.spang.ch\/aude\/wp-content\/uploads\/2017\/03\/IMG_4266.jpg?resize=1024%2C683 1024w, https:\/\/i0.wp.com\/www.spang.ch\/aude\/wp-content\/uploads\/2017\/03\/IMG_4266.jpg?resize=300%2C200 300w, https:\/\/i0.wp.com\/www.spang.ch\/aude\/wp-content\/uploads\/2017\/03\/IMG_4266.jpg?resize=768%2C512 768w, https:\/\/i0.wp.com\/www.spang.ch\/aude\/wp-content\/uploads\/2017\/03\/IMG_4266.jpg?resize=960%2C640 960w, https:\/\/i0.wp.com\/www.spang.ch\/aude\/wp-content\/uploads\/2017\/03\/IMG_4266.jpg?resize=450%2C300 450w, https:\/\/i0.wp.com\/www.spang.ch\/aude\/wp-content\/uploads\/2017\/03\/IMG_4266.jpg?w=2000 2000w, https:\/\/i0.wp.com\/www.spang.ch\/aude\/wp-content\/uploads\/2017\/03\/IMG_4266.jpg?w=3000 3000w\" sizes=\"(max-width: 1000px) 100vw, 1000px\" data-recalc-dims=\"1\" \/><\/a><figcaption id=\"caption-attachment-774\" class=\"wp-caption-text\">Osorno<\/figcaption><\/figure>\n<p style=\"text-align: justify;\">Et puis je suis partie pour Chilo\u00e9, une \u00eele plus au sud, sanctuaire de tranquillit\u00e9 verdoyante. Elle se situe dans la r\u00e9gion des lacs, que j&rsquo;ai travers\u00e9e et o\u00f9 je me suis arr\u00eat\u00e9e \u00e0 Puerto Montt. L&rsquo;une des principales attractions de ce petit village portuaire est son march\u00e9 d&rsquo;artisanat et l&rsquo;ancien march\u00e9 traditionnel reconverti en zone de petits restaurants maritimes, tout de bois et peint en rouge, tellement charmant!! J&rsquo;y ai mang\u00e9 l&rsquo;obligatoire saumon local, p\u00e9ch\u00e9 frais du jour, un absolu r\u00e9gal. Et j&rsquo;ai regard\u00e9 la pluie tomber, pour la derni\u00e8re fois avant de nombreuses semaines &#8211; j&rsquo;ai \u00e9t\u00e9 tr\u00e8s chanceuse avec la m\u00e9t\u00e9o, et une fille de Puerto Montt m&rsquo;a plus tard expliqu\u00e9 qu&rsquo;il y pleut toujours, il est assez normal que je n&rsquo;aie pas pu l&rsquo;\u00e9viter. Je suis donc arriv\u00e9e \u00e0 Chilo\u00e9, o\u00f9 Diego, un ami de Teresita (rappelez-vous Valpara\u00edso, et l&rsquo;\u00eele en Colombie!), m&rsquo;a accueillie \u00e0 bras ouverts sans m\u00eame me conna\u00eetre! J&rsquo;ai dormi deux nuits \u00e0 Chilo\u00e9, dans la superbe maison rurale de sa maman, qui tient un agritourisme et vit (plus ou moins) de ce qu&rsquo;elle cultive. La vie l\u00e0-bas\u00a0est tr\u00e8s simple, maritime et rustique. L&rsquo;\u00eele a longtemps \u00e9t\u00e9 isol\u00e9e et peu d\u00e9velopp\u00e9e, et par exemple l&rsquo;\u00e9lectricit\u00e9 n&rsquo;est arriv\u00e9e qu&rsquo;il y a&#8230; 18 ans! Diego a donc grandi sans \u00e9lectricit\u00e9, alors que maintenant son petit fr\u00e8re aura connu les smartphones presque imm\u00e9diatement&#8230; c&rsquo;est pas fou? C&rsquo;est \u00e0 le genre d&rsquo;histoire qui, pour moi, date de l&rsquo;\u00e9poque de ma grand-maman (la vie sans \u00e9lectricit\u00e9, pas de frigo ni lumi\u00e8re, ni t\u00e9l\u00e9phone).<\/p>\n<figure id=\"attachment_775\" aria-describedby=\"caption-attachment-775\" style=\"width: 1000px\" class=\"wp-caption aligncenter\"><a href=\"https:\/\/i0.wp.com\/www.spang.ch\/aude\/wp-content\/uploads\/2017\/03\/IMG_4313.jpg\"><img loading=\"lazy\" decoding=\"async\" data-attachment-id=\"775\" data-permalink=\"http:\/\/www.spang.ch\/aude\/fr\/2017\/03\/friendly-chile\/img_4313\/\" data-orig-file=\"https:\/\/i0.wp.com\/www.spang.ch\/aude\/wp-content\/uploads\/2017\/03\/IMG_4313.jpg?fit=5184%2C3456\" data-orig-size=\"5184,3456\" data-comments-opened=\"1\" data-image-meta=\"{&quot;aperture&quot;:&quot;0&quot;,&quot;credit&quot;:&quot;&quot;,&quot;camera&quot;:&quot;&quot;,&quot;caption&quot;:&quot;&quot;,&quot;created_timestamp&quot;:&quot;0&quot;,&quot;copyright&quot;:&quot;&quot;,&quot;focal_length&quot;:&quot;0&quot;,&quot;iso&quot;:&quot;0&quot;,&quot;shutter_speed&quot;:&quot;0&quot;,&quot;title&quot;:&quot;&quot;,&quot;orientation&quot;:&quot;0&quot;}\" data-image-title=\"IMG_4313\" data-image-description=\"\" data-image-caption=\"\" data-medium-file=\"https:\/\/i0.wp.com\/www.spang.ch\/aude\/wp-content\/uploads\/2017\/03\/IMG_4313.jpg?fit=300%2C200\" data-large-file=\"https:\/\/i0.wp.com\/www.spang.ch\/aude\/wp-content\/uploads\/2017\/03\/IMG_4313.jpg?fit=1000%2C667\" tabindex=\"0\" role=\"button\" class=\"size-large wp-image-775\" src=\"https:\/\/i0.wp.com\/www.spang.ch\/aude\/wp-content\/uploads\/2017\/03\/IMG_4313.jpg?resize=1000%2C667\" alt=\"\" width=\"1000\" height=\"667\" srcset=\"https:\/\/i0.wp.com\/www.spang.ch\/aude\/wp-content\/uploads\/2017\/03\/IMG_4313.jpg?resize=1024%2C683 1024w, https:\/\/i0.wp.com\/www.spang.ch\/aude\/wp-content\/uploads\/2017\/03\/IMG_4313.jpg?resize=300%2C200 300w, https:\/\/i0.wp.com\/www.spang.ch\/aude\/wp-content\/uploads\/2017\/03\/IMG_4313.jpg?resize=768%2C512 768w, https:\/\/i0.wp.com\/www.spang.ch\/aude\/wp-content\/uploads\/2017\/03\/IMG_4313.jpg?resize=960%2C640 960w, https:\/\/i0.wp.com\/www.spang.ch\/aude\/wp-content\/uploads\/2017\/03\/IMG_4313.jpg?resize=450%2C300 450w, https:\/\/i0.wp.com\/www.spang.ch\/aude\/wp-content\/uploads\/2017\/03\/IMG_4313.jpg?w=2000 2000w, https:\/\/i0.wp.com\/www.spang.ch\/aude\/wp-content\/uploads\/2017\/03\/IMG_4313.jpg?w=3000 3000w\" sizes=\"(max-width: 1000px) 100vw, 1000px\" data-recalc-dims=\"1\" \/><\/a><figcaption id=\"caption-attachment-775\" class=\"wp-caption-text\">Puerto Montt<\/figcaption><\/figure>\n<figure id=\"attachment_789\" aria-describedby=\"caption-attachment-789\" style=\"width: 1000px\" class=\"wp-caption aligncenter\"><a href=\"https:\/\/i0.wp.com\/www.spang.ch\/aude\/wp-content\/uploads\/2017\/03\/IMG_4393.jpg\"><img loading=\"lazy\" decoding=\"async\" data-attachment-id=\"789\" data-permalink=\"http:\/\/www.spang.ch\/aude\/fr\/2017\/03\/friendly-chile\/img_4393\/\" data-orig-file=\"https:\/\/i0.wp.com\/www.spang.ch\/aude\/wp-content\/uploads\/2017\/03\/IMG_4393.jpg?fit=4898%2C3265\" data-orig-size=\"4898,3265\" data-comments-opened=\"1\" data-image-meta=\"{&quot;aperture&quot;:&quot;0&quot;,&quot;credit&quot;:&quot;&quot;,&quot;camera&quot;:&quot;&quot;,&quot;caption&quot;:&quot;&quot;,&quot;created_timestamp&quot;:&quot;0&quot;,&quot;copyright&quot;:&quot;&quot;,&quot;focal_length&quot;:&quot;0&quot;,&quot;iso&quot;:&quot;0&quot;,&quot;shutter_speed&quot;:&quot;0&quot;,&quot;title&quot;:&quot;&quot;,&quot;orientation&quot;:&quot;0&quot;}\" data-image-title=\"IMG_4393\" data-image-description=\"\" data-image-caption=\"&lt;p&gt;Chilo\u00e9&lt;\/p&gt;\n\" data-medium-file=\"https:\/\/i0.wp.com\/www.spang.ch\/aude\/wp-content\/uploads\/2017\/03\/IMG_4393.jpg?fit=300%2C200\" data-large-file=\"https:\/\/i0.wp.com\/www.spang.ch\/aude\/wp-content\/uploads\/2017\/03\/IMG_4393.jpg?fit=1000%2C667\" tabindex=\"0\" role=\"button\" class=\"size-large wp-image-789\" src=\"https:\/\/i0.wp.com\/www.spang.ch\/aude\/wp-content\/uploads\/2017\/03\/IMG_4393.jpg?resize=1000%2C667\" alt=\"\" width=\"1000\" height=\"667\" srcset=\"https:\/\/i0.wp.com\/www.spang.ch\/aude\/wp-content\/uploads\/2017\/03\/IMG_4393.jpg?resize=1024%2C683 1024w, https:\/\/i0.wp.com\/www.spang.ch\/aude\/wp-content\/uploads\/2017\/03\/IMG_4393.jpg?resize=300%2C200 300w, https:\/\/i0.wp.com\/www.spang.ch\/aude\/wp-content\/uploads\/2017\/03\/IMG_4393.jpg?resize=768%2C512 768w, https:\/\/i0.wp.com\/www.spang.ch\/aude\/wp-content\/uploads\/2017\/03\/IMG_4393.jpg?resize=960%2C640 960w, https:\/\/i0.wp.com\/www.spang.ch\/aude\/wp-content\/uploads\/2017\/03\/IMG_4393.jpg?resize=450%2C300 450w, https:\/\/i0.wp.com\/www.spang.ch\/aude\/wp-content\/uploads\/2017\/03\/IMG_4393.jpg?w=2000 2000w, https:\/\/i0.wp.com\/www.spang.ch\/aude\/wp-content\/uploads\/2017\/03\/IMG_4393.jpg?w=3000 3000w\" sizes=\"(max-width: 1000px) 100vw, 1000px\" data-recalc-dims=\"1\" \/><\/a><figcaption id=\"caption-attachment-789\" class=\"wp-caption-text\">Chilo\u00e9<\/figcaption><\/figure>\n<p style=\"text-align: justify;\">J&rsquo;ai profit\u00e9 d&rsquo;une journ\u00e9e ensoleill\u00e9e pour me balader, admirer les vues calmes aux tons bleus et verts de ce paysage insulaire et champ\u00eatre, avec vue sur la Cordill\u00e8re des Andes patagonienne et ses volcans, de l&rsquo;autre c\u00f4t\u00e9 du bras de mer. J&rsquo;ai aussi r\u00e9colt\u00e9 les patates dans le champ jouxtant la maison et aid\u00e9 \u00e0 les pr\u00e9parer pour le repas de midi, et je me suis simplement repos\u00e9e mentalement, adoptant le rythme du coin et respirant l&rsquo;air marin, tout en lisant quelques po\u00e8mes de Pablo Neruda. L&rsquo;odeur de feu et de mer, la soupe de fruits de mer, le plat traditionnel de moules et viande pr\u00e9par\u00e9 en le faisant cuir dans un four sous terre (en utilisant des pierres tr\u00e8s chaudes et recouvrant le tout avec des feuilles pour quelques heures, le <em>curanto<\/em>), l&rsquo;inattendu vol de dizaines et dizaines de perruches au-dessus de ma t\u00eate ont \u00e9galement \u00e9gay\u00e9 ma journ\u00e9e. C&rsquo;est amusant de penser \u00e0 tous les poissons qui grouillent sous l&rsquo;eau alors qu&rsquo;on ne voit qu&rsquo;une surface lisse, d&rsquo;autant plus qu&rsquo;\u00e0 Chilo\u00e9 c&rsquo;est certain qu&rsquo;il y en a pas mal, puisque s&rsquo;y pratique la culture du saumon.<\/p>\n<figure id=\"attachment_776\" aria-describedby=\"caption-attachment-776\" style=\"width: 683px\" class=\"wp-caption aligncenter\"><a href=\"https:\/\/i0.wp.com\/www.spang.ch\/aude\/wp-content\/uploads\/2017\/03\/IMG_4389-e1490022431459.jpg\"><img loading=\"lazy\" decoding=\"async\" data-attachment-id=\"776\" data-permalink=\"http:\/\/www.spang.ch\/aude\/fr\/2017\/03\/friendly-chile\/img_4389\/\" data-orig-file=\"https:\/\/i0.wp.com\/www.spang.ch\/aude\/wp-content\/uploads\/2017\/03\/IMG_4389-e1490022431459.jpg?fit=3456%2C5184\" data-orig-size=\"3456,5184\" data-comments-opened=\"1\" data-image-meta=\"{&quot;aperture&quot;:&quot;0&quot;,&quot;credit&quot;:&quot;&quot;,&quot;camera&quot;:&quot;&quot;,&quot;caption&quot;:&quot;&quot;,&quot;created_timestamp&quot;:&quot;0&quot;,&quot;copyright&quot;:&quot;&quot;,&quot;focal_length&quot;:&quot;0&quot;,&quot;iso&quot;:&quot;0&quot;,&quot;shutter_speed&quot;:&quot;0&quot;,&quot;title&quot;:&quot;&quot;,&quot;orientation&quot;:&quot;0&quot;}\" data-image-title=\"IMG_4389\" data-image-description=\"\" data-image-caption=\"&lt;p&gt;Chilo\u00e9&lt;\/p&gt;\n\" data-medium-file=\"https:\/\/i0.wp.com\/www.spang.ch\/aude\/wp-content\/uploads\/2017\/03\/IMG_4389-e1490022431459.jpg?fit=200%2C300\" data-large-file=\"https:\/\/i0.wp.com\/www.spang.ch\/aude\/wp-content\/uploads\/2017\/03\/IMG_4389-e1490022431459.jpg?fit=683%2C1024\" tabindex=\"0\" role=\"button\" class=\"size-large wp-image-776\" src=\"https:\/\/i0.wp.com\/www.spang.ch\/aude\/wp-content\/uploads\/2017\/03\/IMG_4389-e1490022431459-683x1024.jpg?resize=683%2C1024\" alt=\"\" width=\"683\" height=\"1024\" srcset=\"https:\/\/i0.wp.com\/www.spang.ch\/aude\/wp-content\/uploads\/2017\/03\/IMG_4389-e1490022431459.jpg?resize=683%2C1024 683w, https:\/\/i0.wp.com\/www.spang.ch\/aude\/wp-content\/uploads\/2017\/03\/IMG_4389-e1490022431459.jpg?resize=200%2C300 200w, https:\/\/i0.wp.com\/www.spang.ch\/aude\/wp-content\/uploads\/2017\/03\/IMG_4389-e1490022431459.jpg?resize=768%2C1152 768w, https:\/\/i0.wp.com\/www.spang.ch\/aude\/wp-content\/uploads\/2017\/03\/IMG_4389-e1490022431459.jpg?w=2000 2000w, https:\/\/i0.wp.com\/www.spang.ch\/aude\/wp-content\/uploads\/2017\/03\/IMG_4389-e1490022431459.jpg?w=3000 3000w\" sizes=\"(max-width: 683px) 100vw, 683px\" data-recalc-dims=\"1\" \/><\/a><figcaption id=\"caption-attachment-776\" class=\"wp-caption-text\">Chilo\u00e9<\/figcaption><\/figure>\n<figure id=\"attachment_790\" aria-describedby=\"caption-attachment-790\" style=\"width: 1000px\" class=\"wp-caption aligncenter\"><a href=\"https:\/\/i0.wp.com\/www.spang.ch\/aude\/wp-content\/uploads\/2017\/03\/IMG_4432.jpg\"><img loading=\"lazy\" decoding=\"async\" data-attachment-id=\"790\" data-permalink=\"http:\/\/www.spang.ch\/aude\/fr\/2017\/03\/friendly-chile\/img_4432\/\" data-orig-file=\"https:\/\/i0.wp.com\/www.spang.ch\/aude\/wp-content\/uploads\/2017\/03\/IMG_4432.jpg?fit=4898%2C3265\" data-orig-size=\"4898,3265\" data-comments-opened=\"1\" data-image-meta=\"{&quot;aperture&quot;:&quot;0&quot;,&quot;credit&quot;:&quot;&quot;,&quot;camera&quot;:&quot;&quot;,&quot;caption&quot;:&quot;&quot;,&quot;created_timestamp&quot;:&quot;0&quot;,&quot;copyright&quot;:&quot;&quot;,&quot;focal_length&quot;:&quot;0&quot;,&quot;iso&quot;:&quot;0&quot;,&quot;shutter_speed&quot;:&quot;0&quot;,&quot;title&quot;:&quot;&quot;,&quot;orientation&quot;:&quot;0&quot;}\" data-image-title=\"IMG_4432\" data-image-description=\"\" data-image-caption=\"&lt;p&gt;Chilo\u00e9&lt;\/p&gt;\n\" data-medium-file=\"https:\/\/i0.wp.com\/www.spang.ch\/aude\/wp-content\/uploads\/2017\/03\/IMG_4432.jpg?fit=300%2C200\" data-large-file=\"https:\/\/i0.wp.com\/www.spang.ch\/aude\/wp-content\/uploads\/2017\/03\/IMG_4432.jpg?fit=1000%2C667\" tabindex=\"0\" role=\"button\" class=\"size-large wp-image-790\" src=\"https:\/\/i0.wp.com\/www.spang.ch\/aude\/wp-content\/uploads\/2017\/03\/IMG_4432.jpg?resize=1000%2C667\" alt=\"\" width=\"1000\" height=\"667\" srcset=\"https:\/\/i0.wp.com\/www.spang.ch\/aude\/wp-content\/uploads\/2017\/03\/IMG_4432.jpg?resize=1024%2C683 1024w, https:\/\/i0.wp.com\/www.spang.ch\/aude\/wp-content\/uploads\/2017\/03\/IMG_4432.jpg?resize=300%2C200 300w, https:\/\/i0.wp.com\/www.spang.ch\/aude\/wp-content\/uploads\/2017\/03\/IMG_4432.jpg?resize=768%2C512 768w, https:\/\/i0.wp.com\/www.spang.ch\/aude\/wp-content\/uploads\/2017\/03\/IMG_4432.jpg?resize=960%2C640 960w, https:\/\/i0.wp.com\/www.spang.ch\/aude\/wp-content\/uploads\/2017\/03\/IMG_4432.jpg?resize=450%2C300 450w, https:\/\/i0.wp.com\/www.spang.ch\/aude\/wp-content\/uploads\/2017\/03\/IMG_4432.jpg?w=2000 2000w, https:\/\/i0.wp.com\/www.spang.ch\/aude\/wp-content\/uploads\/2017\/03\/IMG_4432.jpg?w=3000 3000w\" sizes=\"(max-width: 1000px) 100vw, 1000px\" data-recalc-dims=\"1\" \/><\/a><figcaption id=\"caption-attachment-790\" class=\"wp-caption-text\">Chilo\u00e9<\/figcaption><\/figure>\n<p style=\"text-align: justify;\">D&rsquo;ailleurs c&rsquo;est int\u00e9ressant, parce que la culture du saumon sur l&rsquo;\u00eele est un sujet \u00e0 controverse. D&rsquo;un c\u00f4t\u00e9, le d\u00e9veloppement de cette \u00e9conomie a cr\u00e9\u00e9 de l&#8217;emploi et ainsi les gens et surtout les jeunes n&rsquo;ont pas quitt\u00e9 l&rsquo;\u00eele pour aller chercher du travail. Mais, d&rsquo;un autre c\u00f4t\u00e9, la culture de ce poisson est tr\u00e8s polluant, notamment ses excr\u00e9ments qui tapissent le fond marin et font fuir la faune en d\u00e9truisant la flore. R\u00e9sultat, l&rsquo;eau est pollu\u00e9e et l&rsquo;on doit d\u00e9sormais payer ce que l&rsquo;on mange, au lieu de simplement r\u00e9colter des fruits de mer comme \u00e7a se faisait avant. Et puis, les gens aiment leur \u00eele et souhaitent y vivre, mais qu&rsquo;il est possible que l&rsquo;on ne puisse plus cultiver le saumon d&rsquo;ici \u00e0 quelques dizaines d&rsquo;ann\u00e9es, auquel cas l&rsquo;activit\u00e9 aura grandement ab\u00eem\u00e9 l&rsquo;\u00e9cosyst\u00e8me et simplement repouss\u00e9 les probl\u00e8mes de d\u00e9mographie. Bref, c&rsquo;est compliqu\u00e9. Sinon, j&rsquo;ai aussi remarqu\u00e9 qu&rsquo;ici, <em>las onces<\/em>\u00a0se pratique \u00e9galement, mais que \u00e7a ne sert que d&rsquo;entr\u00e9e au vrai repas bien consistant, qui se mange plus tard&#8230; rigolo comme les habitudes changent! Ce furent donc parts de g\u00e2teau et empanadas aux pommes (!), avant un bon gros saumon bien gras mang\u00e9 en famille et avec d&rsquo;autres invit\u00e9s.<\/p>\n<figure id=\"attachment_777\" aria-describedby=\"caption-attachment-777\" style=\"width: 1000px\" class=\"wp-caption aligncenter\"><a href=\"https:\/\/i0.wp.com\/www.spang.ch\/aude\/wp-content\/uploads\/2017\/03\/IMG_4439.jpg\"><img loading=\"lazy\" decoding=\"async\" data-attachment-id=\"777\" data-permalink=\"http:\/\/www.spang.ch\/aude\/fr\/2017\/03\/friendly-chile\/img_4439\/\" data-orig-file=\"https:\/\/i0.wp.com\/www.spang.ch\/aude\/wp-content\/uploads\/2017\/03\/IMG_4439.jpg?fit=5184%2C3456\" data-orig-size=\"5184,3456\" data-comments-opened=\"1\" data-image-meta=\"{&quot;aperture&quot;:&quot;0&quot;,&quot;credit&quot;:&quot;&quot;,&quot;camera&quot;:&quot;&quot;,&quot;caption&quot;:&quot;&quot;,&quot;created_timestamp&quot;:&quot;0&quot;,&quot;copyright&quot;:&quot;&quot;,&quot;focal_length&quot;:&quot;0&quot;,&quot;iso&quot;:&quot;0&quot;,&quot;shutter_speed&quot;:&quot;0&quot;,&quot;title&quot;:&quot;&quot;,&quot;orientation&quot;:&quot;0&quot;}\" data-image-title=\"IMG_4439\" data-image-description=\"\" data-image-caption=\"&lt;p&gt;Chilo\u00e9&lt;\/p&gt;\n\" data-medium-file=\"https:\/\/i0.wp.com\/www.spang.ch\/aude\/wp-content\/uploads\/2017\/03\/IMG_4439.jpg?fit=300%2C200\" data-large-file=\"https:\/\/i0.wp.com\/www.spang.ch\/aude\/wp-content\/uploads\/2017\/03\/IMG_4439.jpg?fit=1000%2C667\" tabindex=\"0\" role=\"button\" class=\"size-large wp-image-777\" src=\"https:\/\/i0.wp.com\/www.spang.ch\/aude\/wp-content\/uploads\/2017\/03\/IMG_4439.jpg?resize=1000%2C667\" alt=\"\" width=\"1000\" height=\"667\" srcset=\"https:\/\/i0.wp.com\/www.spang.ch\/aude\/wp-content\/uploads\/2017\/03\/IMG_4439.jpg?resize=1024%2C683 1024w, https:\/\/i0.wp.com\/www.spang.ch\/aude\/wp-content\/uploads\/2017\/03\/IMG_4439.jpg?resize=300%2C200 300w, https:\/\/i0.wp.com\/www.spang.ch\/aude\/wp-content\/uploads\/2017\/03\/IMG_4439.jpg?resize=768%2C512 768w, https:\/\/i0.wp.com\/www.spang.ch\/aude\/wp-content\/uploads\/2017\/03\/IMG_4439.jpg?resize=960%2C640 960w, https:\/\/i0.wp.com\/www.spang.ch\/aude\/wp-content\/uploads\/2017\/03\/IMG_4439.jpg?resize=450%2C300 450w, https:\/\/i0.wp.com\/www.spang.ch\/aude\/wp-content\/uploads\/2017\/03\/IMG_4439.jpg?w=2000 2000w, https:\/\/i0.wp.com\/www.spang.ch\/aude\/wp-content\/uploads\/2017\/03\/IMG_4439.jpg?w=3000 3000w\" sizes=\"(max-width: 1000px) 100vw, 1000px\" data-recalc-dims=\"1\" \/><\/a><figcaption id=\"caption-attachment-777\" class=\"wp-caption-text\">Chilo\u00e9<\/figcaption><\/figure>\n<figure id=\"attachment_793\" aria-describedby=\"caption-attachment-793\" style=\"width: 1000px\" class=\"wp-caption aligncenter\"><a href=\"https:\/\/i0.wp.com\/www.spang.ch\/aude\/wp-content\/uploads\/2017\/03\/IMG_4478.jpg\"><img loading=\"lazy\" decoding=\"async\" data-attachment-id=\"793\" data-permalink=\"http:\/\/www.spang.ch\/aude\/fr\/2017\/03\/friendly-chile\/img_4478\/\" data-orig-file=\"https:\/\/i0.wp.com\/www.spang.ch\/aude\/wp-content\/uploads\/2017\/03\/IMG_4478.jpg?fit=3500%2C2333\" data-orig-size=\"3500,2333\" data-comments-opened=\"1\" data-image-meta=\"{&quot;aperture&quot;:&quot;0&quot;,&quot;credit&quot;:&quot;Aude Spang&quot;,&quot;camera&quot;:&quot;&quot;,&quot;caption&quot;:&quot;&quot;,&quot;created_timestamp&quot;:&quot;1485360662&quot;,&quot;copyright&quot;:&quot;&quot;,&quot;focal_length&quot;:&quot;0&quot;,&quot;iso&quot;:&quot;0&quot;,&quot;shutter_speed&quot;:&quot;0&quot;,&quot;title&quot;:&quot;&quot;,&quot;orientation&quot;:&quot;0&quot;}\" data-image-title=\"IMG_4478\" data-image-description=\"\" data-image-caption=\"&lt;p&gt;Chilo\u00e9&lt;\/p&gt;\n\" data-medium-file=\"https:\/\/i0.wp.com\/www.spang.ch\/aude\/wp-content\/uploads\/2017\/03\/IMG_4478.jpg?fit=300%2C200\" data-large-file=\"https:\/\/i0.wp.com\/www.spang.ch\/aude\/wp-content\/uploads\/2017\/03\/IMG_4478.jpg?fit=1000%2C667\" tabindex=\"0\" role=\"button\" class=\"size-large wp-image-793\" src=\"https:\/\/i0.wp.com\/www.spang.ch\/aude\/wp-content\/uploads\/2017\/03\/IMG_4478.jpg?resize=1000%2C667\" alt=\"\" width=\"1000\" height=\"667\" srcset=\"https:\/\/i0.wp.com\/www.spang.ch\/aude\/wp-content\/uploads\/2017\/03\/IMG_4478.jpg?resize=1024%2C683 1024w, https:\/\/i0.wp.com\/www.spang.ch\/aude\/wp-content\/uploads\/2017\/03\/IMG_4478.jpg?resize=300%2C200 300w, https:\/\/i0.wp.com\/www.spang.ch\/aude\/wp-content\/uploads\/2017\/03\/IMG_4478.jpg?resize=768%2C512 768w, https:\/\/i0.wp.com\/www.spang.ch\/aude\/wp-content\/uploads\/2017\/03\/IMG_4478.jpg?resize=960%2C640 960w, https:\/\/i0.wp.com\/www.spang.ch\/aude\/wp-content\/uploads\/2017\/03\/IMG_4478.jpg?resize=450%2C300 450w, https:\/\/i0.wp.com\/www.spang.ch\/aude\/wp-content\/uploads\/2017\/03\/IMG_4478.jpg?w=2000 2000w, https:\/\/i0.wp.com\/www.spang.ch\/aude\/wp-content\/uploads\/2017\/03\/IMG_4478.jpg?w=3000 3000w\" sizes=\"(max-width: 1000px) 100vw, 1000px\" data-recalc-dims=\"1\" \/><\/a><figcaption id=\"caption-attachment-793\" class=\"wp-caption-text\">Chilo\u00e9<\/figcaption><\/figure>\n<p style=\"text-align: justify;\">Ce soir-l\u00e0, la nature m&rsquo;a offert l&rsquo;un des spectacles magiques et uniques dont elle a le secret. Nous sommes sortis respirer un peu d&rsquo;air frais apr\u00e8s le souper et nous sommes retrouv\u00e9s face \u00e0 face avec un v\u00e9ritable tableau de ma\u00eetre en 3D, un ciel nocturne tel que je n&rsquo;en avais jamais vus et ne reverrai pas souvent dans ma vie! L&rsquo;\u00eele est assez isol\u00e9e et est donc prot\u00e9g\u00e9e de toute pollution lumineuse, mais ce n&rsquo;est pas tout. Il se trouve que cette nuit-l\u00e0 \u00e9tait sans lune et qu&rsquo;il n&rsquo;y avait pas non plus de nuages&#8230; une merveille absolue. Nous sommes rest\u00e9s des heures \u00e0 observer le ciel (et moi \u00e0 tenter de prendre une photo convaincante, mais impossible sans mat\u00e9riel un peu plus pro). Et le lendemain matin, quelle chance, le papa de Diego nous a emmen\u00e9s faire un tour en bateau autour d&rsquo;une \u00eele o\u00f9 vivent&#8230; des pingouins!!! Trop, trop, trop g\u00e9nial. Merci pour tout, Chili!<\/p>\n<figure id=\"attachment_778\" aria-describedby=\"caption-attachment-778\" style=\"width: 1000px\" class=\"wp-caption aligncenter\"><a href=\"https:\/\/i0.wp.com\/www.spang.ch\/aude\/wp-content\/uploads\/2017\/03\/IMG_4509.jpg\"><img loading=\"lazy\" decoding=\"async\" data-attachment-id=\"778\" data-permalink=\"http:\/\/www.spang.ch\/aude\/fr\/2017\/03\/friendly-chile\/img_4509\/\" data-orig-file=\"https:\/\/i0.wp.com\/www.spang.ch\/aude\/wp-content\/uploads\/2017\/03\/IMG_4509.jpg?fit=5184%2C3456\" data-orig-size=\"5184,3456\" data-comments-opened=\"1\" data-image-meta=\"{&quot;aperture&quot;:&quot;0&quot;,&quot;credit&quot;:&quot;&quot;,&quot;camera&quot;:&quot;&quot;,&quot;caption&quot;:&quot;&quot;,&quot;created_timestamp&quot;:&quot;0&quot;,&quot;copyright&quot;:&quot;&quot;,&quot;focal_length&quot;:&quot;0&quot;,&quot;iso&quot;:&quot;0&quot;,&quot;shutter_speed&quot;:&quot;0&quot;,&quot;title&quot;:&quot;&quot;,&quot;orientation&quot;:&quot;0&quot;}\" data-image-title=\"IMG_4509\" data-image-description=\"\" data-image-caption=\"&lt;p&gt;Chilo\u00e9: starry night&lt;\/p&gt;\n\" data-medium-file=\"https:\/\/i0.wp.com\/www.spang.ch\/aude\/wp-content\/uploads\/2017\/03\/IMG_4509.jpg?fit=300%2C200\" data-large-file=\"https:\/\/i0.wp.com\/www.spang.ch\/aude\/wp-content\/uploads\/2017\/03\/IMG_4509.jpg?fit=1000%2C667\" tabindex=\"0\" role=\"button\" class=\"size-large wp-image-778\" src=\"https:\/\/i0.wp.com\/www.spang.ch\/aude\/wp-content\/uploads\/2017\/03\/IMG_4509.jpg?resize=1000%2C667\" alt=\"\" width=\"1000\" height=\"667\" srcset=\"https:\/\/i0.wp.com\/www.spang.ch\/aude\/wp-content\/uploads\/2017\/03\/IMG_4509.jpg?resize=1024%2C683 1024w, https:\/\/i0.wp.com\/www.spang.ch\/aude\/wp-content\/uploads\/2017\/03\/IMG_4509.jpg?resize=300%2C200 300w, https:\/\/i0.wp.com\/www.spang.ch\/aude\/wp-content\/uploads\/2017\/03\/IMG_4509.jpg?resize=768%2C512 768w, https:\/\/i0.wp.com\/www.spang.ch\/aude\/wp-content\/uploads\/2017\/03\/IMG_4509.jpg?resize=960%2C640 960w, https:\/\/i0.wp.com\/www.spang.ch\/aude\/wp-content\/uploads\/2017\/03\/IMG_4509.jpg?resize=450%2C300 450w, https:\/\/i0.wp.com\/www.spang.ch\/aude\/wp-content\/uploads\/2017\/03\/IMG_4509.jpg?w=2000 2000w, https:\/\/i0.wp.com\/www.spang.ch\/aude\/wp-content\/uploads\/2017\/03\/IMG_4509.jpg?w=3000 3000w\" sizes=\"(max-width: 1000px) 100vw, 1000px\" data-recalc-dims=\"1\" \/><\/a><figcaption id=\"caption-attachment-778\" class=\"wp-caption-text\">Chilo\u00e9<\/figcaption><\/figure>\n<figure id=\"attachment_781\" aria-describedby=\"caption-attachment-781\" style=\"width: 1000px\" class=\"wp-caption aligncenter\"><a href=\"https:\/\/i0.wp.com\/www.spang.ch\/aude\/wp-content\/uploads\/2017\/03\/IMG_4686.jpg\"><img loading=\"lazy\" decoding=\"async\" data-attachment-id=\"781\" data-permalink=\"http:\/\/www.spang.ch\/aude\/fr\/2017\/03\/friendly-chile\/img_4686\/\" data-orig-file=\"https:\/\/i0.wp.com\/www.spang.ch\/aude\/wp-content\/uploads\/2017\/03\/IMG_4686.jpg?fit=5184%2C3456\" data-orig-size=\"5184,3456\" data-comments-opened=\"1\" data-image-meta=\"{&quot;aperture&quot;:&quot;0&quot;,&quot;credit&quot;:&quot;&quot;,&quot;camera&quot;:&quot;&quot;,&quot;caption&quot;:&quot;&quot;,&quot;created_timestamp&quot;:&quot;0&quot;,&quot;copyright&quot;:&quot;&quot;,&quot;focal_length&quot;:&quot;0&quot;,&quot;iso&quot;:&quot;0&quot;,&quot;shutter_speed&quot;:&quot;0&quot;,&quot;title&quot;:&quot;&quot;,&quot;orientation&quot;:&quot;0&quot;}\" data-image-title=\"IMG_4686\" data-image-description=\"\" data-image-caption=\"&lt;p&gt;Chilo\u00e9&lt;\/p&gt;\n\" data-medium-file=\"https:\/\/i0.wp.com\/www.spang.ch\/aude\/wp-content\/uploads\/2017\/03\/IMG_4686.jpg?fit=300%2C200\" data-large-file=\"https:\/\/i0.wp.com\/www.spang.ch\/aude\/wp-content\/uploads\/2017\/03\/IMG_4686.jpg?fit=1000%2C667\" tabindex=\"0\" role=\"button\" class=\"size-large wp-image-781\" src=\"https:\/\/i0.wp.com\/www.spang.ch\/aude\/wp-content\/uploads\/2017\/03\/IMG_4686.jpg?resize=1000%2C667\" alt=\"\" width=\"1000\" height=\"667\" srcset=\"https:\/\/i0.wp.com\/www.spang.ch\/aude\/wp-content\/uploads\/2017\/03\/IMG_4686.jpg?resize=1024%2C683 1024w, https:\/\/i0.wp.com\/www.spang.ch\/aude\/wp-content\/uploads\/2017\/03\/IMG_4686.jpg?resize=300%2C200 300w, https:\/\/i0.wp.com\/www.spang.ch\/aude\/wp-content\/uploads\/2017\/03\/IMG_4686.jpg?resize=768%2C512 768w, https:\/\/i0.wp.com\/www.spang.ch\/aude\/wp-content\/uploads\/2017\/03\/IMG_4686.jpg?resize=960%2C640 960w, https:\/\/i0.wp.com\/www.spang.ch\/aude\/wp-content\/uploads\/2017\/03\/IMG_4686.jpg?resize=450%2C300 450w, https:\/\/i0.wp.com\/www.spang.ch\/aude\/wp-content\/uploads\/2017\/03\/IMG_4686.jpg?w=2000 2000w, https:\/\/i0.wp.com\/www.spang.ch\/aude\/wp-content\/uploads\/2017\/03\/IMG_4686.jpg?w=3000 3000w\" sizes=\"(max-width: 1000px) 100vw, 1000px\" data-recalc-dims=\"1\" \/><\/a><figcaption id=\"caption-attachment-781\" class=\"wp-caption-text\">Chilo\u00e9<\/figcaption><\/figure>\n<p style=\"text-align: justify;\">C&rsquo;est tr\u00e8s int\u00e9ressant de traverser la g\u00e9ographie d&rsquo;un continent entier, \u00e7a me fait plus que jamais comprendre l&rsquo;impact qu&rsquo;a ce sujet sur la vie quotidienne des gens. J&rsquo;ai par exemple remarqu\u00e9 que, l\u00e0 o\u00f9 la Colombie me rappelait l&rsquo;Indon\u00e9sie avec ses couchers de soleil \u00e0 18h, le centre\/sud du Chili vit \u00e0 d&rsquo;autres rythmes avec le soleil qui se couche vers 21h30. Marrant comme \u00e7a change drastiquement, non? Je sens que j&rsquo;ai parcouru un sacr\u00e9 tas de kilom\u00e8tres, vraiment. Mais, justement, j&rsquo;ai parcouru et parcouru. Et, souvent, je me suis peu arr\u00eat\u00e9e. J&rsquo;ai connu des gens auxquels je me suis attach\u00e9e et avec qui j&rsquo;aurais volontiers pass\u00e9 plus de temps, et des endroits que j&rsquo;aurais voulu avoir le temps de plus explorer. Chacune de mes \u00e9tapes de voyage aurait m\u00e9rit\u00e9 au moins une dizaine de jours, mais d&rsquo;un autre c\u00f4t\u00e9 chaque pays m\u00e9rite une visite, et si je devais couper dans ce que j&rsquo;ai vu pour d\u00e9dier plus de temps \u00e0 moins d&rsquo;endroits, honn\u00eatement je ne sais pas \u00e0 quoi je renoncerais. Le temps pass\u00e9 \u00e0 Chilo\u00e9 fut clairement trop court, mais je suis heureuse d&rsquo;avoir pu au moins y passer et me faire une id\u00e9e de l&rsquo;\u00eele, respirer son atmosph\u00e8re, vivre \u00e0 son rythme m\u00eame juste pour un petit moment.<\/p>\n<figure id=\"attachment_780\" aria-describedby=\"caption-attachment-780\" style=\"width: 1000px\" class=\"wp-caption aligncenter\"><a href=\"https:\/\/i0.wp.com\/www.spang.ch\/aude\/wp-content\/uploads\/2017\/03\/IMG_4627.jpg\"><img loading=\"lazy\" decoding=\"async\" data-attachment-id=\"780\" data-permalink=\"http:\/\/www.spang.ch\/aude\/fr\/2017\/03\/friendly-chile\/img_4627\/\" data-orig-file=\"https:\/\/i0.wp.com\/www.spang.ch\/aude\/wp-content\/uploads\/2017\/03\/IMG_4627.jpg?fit=5184%2C3456\" data-orig-size=\"5184,3456\" data-comments-opened=\"1\" data-image-meta=\"{&quot;aperture&quot;:&quot;0&quot;,&quot;credit&quot;:&quot;&quot;,&quot;camera&quot;:&quot;&quot;,&quot;caption&quot;:&quot;&quot;,&quot;created_timestamp&quot;:&quot;0&quot;,&quot;copyright&quot;:&quot;&quot;,&quot;focal_length&quot;:&quot;0&quot;,&quot;iso&quot;:&quot;0&quot;,&quot;shutter_speed&quot;:&quot;0&quot;,&quot;title&quot;:&quot;&quot;,&quot;orientation&quot;:&quot;0&quot;}\" data-image-title=\"IMG_4627\" data-image-description=\"\" data-image-caption=\"&lt;p&gt;Chile #2: Osorno, Puerto Montt, Chiloe&lt;\/p&gt;\n\" data-medium-file=\"https:\/\/i0.wp.com\/www.spang.ch\/aude\/wp-content\/uploads\/2017\/03\/IMG_4627.jpg?fit=300%2C200\" data-large-file=\"https:\/\/i0.wp.com\/www.spang.ch\/aude\/wp-content\/uploads\/2017\/03\/IMG_4627.jpg?fit=1000%2C667\" tabindex=\"0\" role=\"button\" class=\"size-large wp-image-780\" src=\"https:\/\/i0.wp.com\/www.spang.ch\/aude\/wp-content\/uploads\/2017\/03\/IMG_4627.jpg?resize=1000%2C667\" alt=\"\" width=\"1000\" height=\"667\" srcset=\"https:\/\/i0.wp.com\/www.spang.ch\/aude\/wp-content\/uploads\/2017\/03\/IMG_4627.jpg?resize=1024%2C683 1024w, https:\/\/i0.wp.com\/www.spang.ch\/aude\/wp-content\/uploads\/2017\/03\/IMG_4627.jpg?resize=300%2C200 300w, https:\/\/i0.wp.com\/www.spang.ch\/aude\/wp-content\/uploads\/2017\/03\/IMG_4627.jpg?resize=768%2C512 768w, https:\/\/i0.wp.com\/www.spang.ch\/aude\/wp-content\/uploads\/2017\/03\/IMG_4627.jpg?resize=960%2C640 960w, https:\/\/i0.wp.com\/www.spang.ch\/aude\/wp-content\/uploads\/2017\/03\/IMG_4627.jpg?resize=450%2C300 450w, https:\/\/i0.wp.com\/www.spang.ch\/aude\/wp-content\/uploads\/2017\/03\/IMG_4627.jpg?w=2000 2000w, https:\/\/i0.wp.com\/www.spang.ch\/aude\/wp-content\/uploads\/2017\/03\/IMG_4627.jpg?w=3000 3000w\" sizes=\"(max-width: 1000px) 100vw, 1000px\" data-recalc-dims=\"1\" \/><\/a><figcaption id=\"caption-attachment-780\" class=\"wp-caption-text\">Chilo\u00e9<\/figcaption><\/figure>\n<figure id=\"attachment_779\" aria-describedby=\"caption-attachment-779\" style=\"width: 1000px\" class=\"wp-caption aligncenter\"><a href=\"https:\/\/i0.wp.com\/www.spang.ch\/aude\/wp-content\/uploads\/2017\/03\/IMG_4544.jpg\"><img loading=\"lazy\" decoding=\"async\" data-attachment-id=\"779\" data-permalink=\"http:\/\/www.spang.ch\/aude\/fr\/2017\/03\/friendly-chile\/img_4544\/\" data-orig-file=\"https:\/\/i0.wp.com\/www.spang.ch\/aude\/wp-content\/uploads\/2017\/03\/IMG_4544.jpg?fit=5184%2C3456\" data-orig-size=\"5184,3456\" data-comments-opened=\"1\" data-image-meta=\"{&quot;aperture&quot;:&quot;0&quot;,&quot;credit&quot;:&quot;&quot;,&quot;camera&quot;:&quot;&quot;,&quot;caption&quot;:&quot;&quot;,&quot;created_timestamp&quot;:&quot;0&quot;,&quot;copyright&quot;:&quot;&quot;,&quot;focal_length&quot;:&quot;0&quot;,&quot;iso&quot;:&quot;0&quot;,&quot;shutter_speed&quot;:&quot;0&quot;,&quot;title&quot;:&quot;&quot;,&quot;orientation&quot;:&quot;0&quot;}\" data-image-title=\"IMG_4544\" data-image-description=\"\" data-image-caption=\"&lt;p&gt;Chilo\u00e9&lt;\/p&gt;\n\" data-medium-file=\"https:\/\/i0.wp.com\/www.spang.ch\/aude\/wp-content\/uploads\/2017\/03\/IMG_4544.jpg?fit=300%2C200\" data-large-file=\"https:\/\/i0.wp.com\/www.spang.ch\/aude\/wp-content\/uploads\/2017\/03\/IMG_4544.jpg?fit=1000%2C667\" tabindex=\"0\" role=\"button\" class=\"size-large wp-image-779\" src=\"https:\/\/i0.wp.com\/www.spang.ch\/aude\/wp-content\/uploads\/2017\/03\/IMG_4544.jpg?resize=1000%2C667\" alt=\"\" width=\"1000\" height=\"667\" srcset=\"https:\/\/i0.wp.com\/www.spang.ch\/aude\/wp-content\/uploads\/2017\/03\/IMG_4544.jpg?resize=1024%2C683 1024w, https:\/\/i0.wp.com\/www.spang.ch\/aude\/wp-content\/uploads\/2017\/03\/IMG_4544.jpg?resize=300%2C200 300w, https:\/\/i0.wp.com\/www.spang.ch\/aude\/wp-content\/uploads\/2017\/03\/IMG_4544.jpg?resize=768%2C512 768w, https:\/\/i0.wp.com\/www.spang.ch\/aude\/wp-content\/uploads\/2017\/03\/IMG_4544.jpg?resize=960%2C640 960w, https:\/\/i0.wp.com\/www.spang.ch\/aude\/wp-content\/uploads\/2017\/03\/IMG_4544.jpg?resize=450%2C300 450w, https:\/\/i0.wp.com\/www.spang.ch\/aude\/wp-content\/uploads\/2017\/03\/IMG_4544.jpg?w=2000 2000w, https:\/\/i0.wp.com\/www.spang.ch\/aude\/wp-content\/uploads\/2017\/03\/IMG_4544.jpg?w=3000 3000w\" sizes=\"(max-width: 1000px) 100vw, 1000px\" data-recalc-dims=\"1\" \/><\/a><figcaption id=\"caption-attachment-779\" class=\"wp-caption-text\">Chilo\u00e9<\/figcaption><\/figure>\n<p style=\"text-align: justify;\">De Chilo\u00e9, je suis retourn\u00e9e \u00e0 Osorno et apr\u00e8s une derni\u00e8re nuit avec les grands-parents et la tante de mes amis, j&rsquo;ai fait du stop pour traverser la fronti\u00e8re et arriver \u00e0 Bariloche, en Argentine. Mes aventures patagoniennes vous seront cont\u00e9es dans un prochain article, en attendant je voulais vous donner une petite id\u00e9e de l&rsquo;espagnol chilien, qui comme l&rsquo;argentin est tr\u00e8s particulier et contient \u00e9norm\u00e9ment de vocabulaire familier et incompr\u00e9hensible pour les non-initi\u00e9s. Il faut tout d&rsquo;abord savoir que les chiliens sont tous d&rsquo;accord pour dire qu&rsquo;ils parlent mal, et certains d&rsquo;entre eux m&rsquo;ont dit essayer de parler de fa\u00e7on \u00ab\u00a0moins chilienne\u00a0\u00bb car ils n&rsquo;aiment pas trop \u00e7a. Ils \u00e9taient plusieurs \u00e0 vraiment faire attention \u00e0 me \u00ab\u00a0traduire\u00a0\u00bb les mots inconnus ou \u00e0 faire attention quand j&rsquo;\u00e9tais l\u00e0, pour que je ne me sente pas isol\u00e9e. Mais \u00e7a m&rsquo;a tout de m\u00eame bien fait rire de me rendre compte que, l\u00e0 o\u00f9 apr\u00e8s quelques semaines sur le continent mon vocabulaire \u00e9tait \u00e0 jour et je n&rsquo;avais plus que rarement besoin de demander la signification de certains mots, \u00e0 peine arriv\u00e9e au Chili, ma premi\u00e8re conversation avec un groupe de chiliens m&rsquo;a port\u00e9e \u00e0 devoir demander ce que voulait dire tel ou tel mot toutes les 5 min, comme une d\u00e9butante! Les chiliens, surtout ceux de Santiago, ont tendance \u00e0 parler assez vite. On m&rsquo;avait dit que ce serait violent et difficile, mais l\u00e0 o\u00f9 je suis contente c&rsquo;est que je peux dire que je m&rsquo;en suis pas trop mal sortie, m\u00eame avec ceux qui parlaient particuli\u00e8rement vite (je pense par exemple \u00e0 la cousine de Tania et Camilo).<\/p>\n<p style=\"text-align: center;\"><small>[pour ceux qui ne sont pas int\u00e9ress\u00e9s par l&rsquo;espagnol, sautez le prochain paragraphe!]<\/small><\/p>\n<figure id=\"attachment_792\" aria-describedby=\"caption-attachment-792\" style=\"width: 683px\" class=\"wp-caption aligncenter\"><a href=\"https:\/\/i0.wp.com\/www.spang.ch\/aude\/wp-content\/uploads\/2017\/03\/IMG_4906-e1490023673233.jpg\"><img loading=\"lazy\" decoding=\"async\" data-attachment-id=\"792\" data-permalink=\"http:\/\/www.spang.ch\/aude\/fr\/2017\/03\/friendly-chile\/img_4906\/\" data-orig-file=\"https:\/\/i0.wp.com\/www.spang.ch\/aude\/wp-content\/uploads\/2017\/03\/IMG_4906-e1490023673233.jpg?fit=3265%2C4898\" data-orig-size=\"3265,4898\" data-comments-opened=\"1\" data-image-meta=\"{&quot;aperture&quot;:&quot;0&quot;,&quot;credit&quot;:&quot;&quot;,&quot;camera&quot;:&quot;&quot;,&quot;caption&quot;:&quot;&quot;,&quot;created_timestamp&quot;:&quot;0&quot;,&quot;copyright&quot;:&quot;&quot;,&quot;focal_length&quot;:&quot;0&quot;,&quot;iso&quot;:&quot;0&quot;,&quot;shutter_speed&quot;:&quot;0&quot;,&quot;title&quot;:&quot;&quot;,&quot;orientation&quot;:&quot;0&quot;}\" data-image-title=\"IMG_4906\" data-image-description=\"\" data-image-caption=\"&lt;p&gt;Hitchhiking sight&lt;\/p&gt;\n\" data-medium-file=\"https:\/\/i0.wp.com\/www.spang.ch\/aude\/wp-content\/uploads\/2017\/03\/IMG_4906-e1490023673233.jpg?fit=200%2C300\" data-large-file=\"https:\/\/i0.wp.com\/www.spang.ch\/aude\/wp-content\/uploads\/2017\/03\/IMG_4906-e1490023673233.jpg?fit=683%2C1024\" tabindex=\"0\" role=\"button\" class=\"size-large wp-image-792\" src=\"https:\/\/i0.wp.com\/www.spang.ch\/aude\/wp-content\/uploads\/2017\/03\/IMG_4906-e1490023673233-683x1024.jpg?resize=683%2C1024\" alt=\"\" width=\"683\" height=\"1024\" srcset=\"https:\/\/i0.wp.com\/www.spang.ch\/aude\/wp-content\/uploads\/2017\/03\/IMG_4906-e1490023673233.jpg?resize=683%2C1024 683w, https:\/\/i0.wp.com\/www.spang.ch\/aude\/wp-content\/uploads\/2017\/03\/IMG_4906-e1490023673233.jpg?resize=200%2C300 200w, https:\/\/i0.wp.com\/www.spang.ch\/aude\/wp-content\/uploads\/2017\/03\/IMG_4906-e1490023673233.jpg?resize=768%2C1152 768w, https:\/\/i0.wp.com\/www.spang.ch\/aude\/wp-content\/uploads\/2017\/03\/IMG_4906-e1490023673233.jpg?w=2000 2000w, https:\/\/i0.wp.com\/www.spang.ch\/aude\/wp-content\/uploads\/2017\/03\/IMG_4906-e1490023673233.jpg?w=3000 3000w\" sizes=\"(max-width: 683px) 100vw, 683px\" data-recalc-dims=\"1\" \/><\/a><figcaption id=\"caption-attachment-792\" class=\"wp-caption-text\">Vue d&rsquo;autostop<\/figcaption><\/figure>\n<p style=\"text-align: justify;\">Autres particularit\u00e9s du chilien: ils prononcent les Y et double LL comme les espagnols, comme un \u00ab\u00a0i\u00a0\u00bb et non comme un \u00ab\u00a0ji\u00a0\u00bb, et beaucoup de S disparaissent \u00e0 l&rsquo;oral, comme le S de \u00ab\u00a0m\u00e1s\u00a0\u00bb (plus). Et ce n&rsquo;est pas tout, ils ajoutent aussi souvent un \u00ab\u00a0i\u00a0\u00bb \u00e0 la fin de la conjugaison de la deuxi\u00e8me personne du singulier, l\u00e0 o\u00f9 le S dispara\u00eet: <em>c\u00f3mo est\u00e1s?<\/em>\u00a0(comment vas-tu?) devient donc <em>c\u00f3mo est\u00e1i?<\/em>\u00a0Le mot qui r\u00e9sume parfaitement le chilien, et qui est aussi le mot qui les rend le plus reconnaissable, est clairement le mot <em>cachai?<\/em>\u00a0(tu piges?), qui concentre plusieurs particularit\u00e9s chiliennes: le verbe <em>cachar<\/em>\u00a0est typiquement du vocabulaire chilien, le S tombe, et il est remplac\u00e9 par un \u00ab\u00a0i\u00a0\u00bb. Les chiliens l&rsquo;adorent! Ils le r\u00e9p\u00e8tent \u00e0 tout bout de champ, un automatisme total. C&rsquo;est trop dr\u00f4le, j&rsquo;adore! Voici pour ceux d&rsquo;entre vous avec des notions d&rsquo;espagnol un peu de vocabulaire d&rsquo;ici, en commen\u00e7ant par ceux qui m&rsquo;ont le plus marqu\u00e9e\/que j&rsquo;ai le plus entendus (imparfait, encore en cours de r\u00e9vision par Camilo):<\/p>\n<ul>\n<li style=\"text-align: justify;\">Weon: amigo (hu\u00e9von), tr\u00e8s tr\u00e8s typique chilien<\/li>\n<li style=\"text-align: justify;\">Fome: aburrido<\/li>\n<li style=\"text-align: justify;\">Pololo: novio<\/li>\n<li style=\"text-align: justify;\">Ya: si<\/li>\n<li style=\"text-align: justify;\">Po (\u00e0 la fin de la moiti\u00e9 de leurs phrases): pues<\/li>\n<li style=\"text-align: justify;\">Harto: mont\u00f3n<\/li>\n<li style=\"text-align: justify;\">Re: muy<\/li>\n<li style=\"text-align: justify;\">Luca: mil pesos<\/li>\n<li style=\"text-align: justify;\">Al tiro : inmediatamente<\/li>\n<li style=\"text-align: justify;\">Pacos: polic\u00eda<\/li>\n<li style=\"text-align: justify;\">Palos: millones<\/li>\n<li style=\"text-align: justify;\">Cana: c\u00e1rcel<\/li>\n<li style=\"text-align: justify;\">Pituto: entrar a un lugar para trabajar gracias a las relaciones<\/li>\n<li style=\"text-align: justify;\">Pe\u00f1a (?): trabajo<\/li>\n<li style=\"text-align: justify;\">Denle no m\u00e1s: no hay problema<\/li>\n<li style=\"text-align: justify;\">Ca\u00f1a: resaca (gueule de bois)<\/li>\n<li style=\"text-align: justify;\">La raja: muy bien<\/li>\n<li style=\"text-align: justify;\">Peluo: dif\u00edcil<\/li>\n<li style=\"text-align: justify;\">Pelarse: salir a besar y acostarse con desconocidos (sortir pour un coup d&rsquo;un soir)<\/li>\n<li style=\"text-align: justify;\">Trotar: correr<\/li>\n<li style=\"text-align: justify;\">Conchesumar: motherfucker<\/li>\n<li style=\"text-align: justify;\">Mula: mentira<\/li>\n<li style=\"text-align: justify;\">En pelotas: desnudo<\/li>\n<li style=\"text-align: justify;\">Choro: moule, chatte, entretenido<\/li>\n<li style=\"text-align: justify;\">En qu\u00e9 topamos?: Porque te detengas? Porque no los estamos haciendo?<\/li>\n<li style=\"text-align: justify;\">Huaso: campesino<\/li>\n<li style=\"text-align: justify;\">Ladura?: Verdad?<\/li>\n<li style=\"text-align: justify;\">Sancuros: mosquitos<\/li>\n<li style=\"text-align: justify;\">Wata: pansa<\/li>\n<li style=\"text-align: justify;\">Wawa: bebe o auto<\/li>\n<\/ul>\n<p style=\"text-align: justify;\"><strong>Prochaines \u00e9tapes:<\/strong> ma tr\u00e8s ch\u00e8re Patagonie et ses saisissants paysages\u00a0entre verdure, glacier et bout du monde, puis Buenos Aires et la fin de mon voyage<\/p>\n<p style=\"text-align: justify;\"><strong>O\u00f9 je suis maintenant:<\/strong> de retour en Suisse, \u00e0 Gen\u00e8ve, depuis vendredi 17 mars! Je termine gentiment de publier mes articles, atterris petit \u00e0 petit, et aurai ensuite grand plaisir \u00e0 revoir ceux d&rsquo;entre vous qui y vivent<\/p>\n<p style=\"text-align: center;\"><strong>Pour plus de photos de Santiago, Vi\u00f1a del Mar et Valpara\u00edso, <a href=\"https:\/\/goo.gl\/photos\/RLT3Tx3kiVtCrAbN8\">clique ici<\/a><\/strong><\/p>\n<p style=\"text-align: center;\"><strong>Pour plus de photos d&rsquo;Osorno, Puerto Montt et Chilo\u00e9, <a href=\"https:\/\/goo.gl\/photos\/3eGgF2CZaEHQbYwQA\">clique ici<\/a><\/strong><\/p>\n<p><figure id=\"attachment_791\" aria-describedby=\"caption-attachment-791\" style=\"width: 1000px\" class=\"wp-caption aligncenter\"><a href=\"https:\/\/i0.wp.com\/www.spang.ch\/aude\/wp-content\/uploads\/2017\/03\/IMG_4725.jpg\"><img loading=\"lazy\" decoding=\"async\" data-attachment-id=\"791\" data-permalink=\"http:\/\/www.spang.ch\/aude\/fr\/2017\/03\/friendly-chile\/img_4725\/\" data-orig-file=\"https:\/\/i0.wp.com\/www.spang.ch\/aude\/wp-content\/uploads\/2017\/03\/IMG_4725.jpg?fit=4898%2C3265\" data-orig-size=\"4898,3265\" data-comments-opened=\"1\" data-image-meta=\"{&quot;aperture&quot;:&quot;0&quot;,&quot;credit&quot;:&quot;&quot;,&quot;camera&quot;:&quot;&quot;,&quot;caption&quot;:&quot;&quot;,&quot;created_timestamp&quot;:&quot;0&quot;,&quot;copyright&quot;:&quot;&quot;,&quot;focal_length&quot;:&quot;0&quot;,&quot;iso&quot;:&quot;0&quot;,&quot;shutter_speed&quot;:&quot;0&quot;,&quot;title&quot;:&quot;&quot;,&quot;orientation&quot;:&quot;0&quot;}\" data-image-title=\"IMG_4725\" data-image-description=\"\" data-image-caption=\"&lt;p&gt;Chilo\u00e9&lt;\/p&gt;\n\" data-medium-file=\"https:\/\/i0.wp.com\/www.spang.ch\/aude\/wp-content\/uploads\/2017\/03\/IMG_4725.jpg?fit=300%2C200\" data-large-file=\"https:\/\/i0.wp.com\/www.spang.ch\/aude\/wp-content\/uploads\/2017\/03\/IMG_4725.jpg?fit=1000%2C667\" tabindex=\"0\" role=\"button\" class=\"size-large wp-image-791\" src=\"https:\/\/i0.wp.com\/www.spang.ch\/aude\/wp-content\/uploads\/2017\/03\/IMG_4725.jpg?resize=1000%2C667\" alt=\"\" width=\"1000\" height=\"667\" srcset=\"https:\/\/i0.wp.com\/www.spang.ch\/aude\/wp-content\/uploads\/2017\/03\/IMG_4725.jpg?resize=1024%2C683 1024w, https:\/\/i0.wp.com\/www.spang.ch\/aude\/wp-content\/uploads\/2017\/03\/IMG_4725.jpg?resize=300%2C200 300w, https:\/\/i0.wp.com\/www.spang.ch\/aude\/wp-content\/uploads\/2017\/03\/IMG_4725.jpg?resize=768%2C512 768w, https:\/\/i0.wp.com\/www.spang.ch\/aude\/wp-content\/uploads\/2017\/03\/IMG_4725.jpg?resize=960%2C640 960w, https:\/\/i0.wp.com\/www.spang.ch\/aude\/wp-content\/uploads\/2017\/03\/IMG_4725.jpg?resize=450%2C300 450w, https:\/\/i0.wp.com\/www.spang.ch\/aude\/wp-content\/uploads\/2017\/03\/IMG_4725.jpg?w=2000 2000w, https:\/\/i0.wp.com\/www.spang.ch\/aude\/wp-content\/uploads\/2017\/03\/IMG_4725.jpg?w=3000 3000w\" sizes=\"(max-width: 1000px) 100vw, 1000px\" data-recalc-dims=\"1\" \/><\/a><figcaption id=\"caption-attachment-791\" class=\"wp-caption-text\">Chilo\u00e9: vue sur la Cordill\u00e8re<\/figcaption><\/figure><\/p>","protected":false},"excerpt":{"rendered":"<p>Le pays des po\u00e8tes m&rsquo;a trait\u00e9e comme une reine. Entre les amis et les amis d&rsquo;amis, j&rsquo;ai \u00e9t\u00e9 accueillie de foyer en foyer, et cela m&rsquo;a extr\u00eamement touch\u00e9e. Apr\u00e8s une arriv\u00e9e un peu chaotique \u00e0 Santiago, parce que le bus a eu 6h30 de retard (\u00e0 cause du passage de fronti\u00e8re et des bouchons en&#8230; <\/p>\n<div class=\"link-more\"><a href=\"http:\/\/www.spang.ch\/aude\/fr\/2017\/03\/friendly-chile\/\">En savoir plus<\/a><\/div>\n","protected":false},"author":1,"featured_media":771,"comment_status":"open","ping_status":"open","sticky":false,"template":"","format":"standard","meta":{"jetpack_post_was_ever_published":false,"_jetpack_newsletter_access":"","_jetpack_dont_email_post_to_subs":true,"_jetpack_newsletter_tier_id":0,"_jetpack_memberships_contains_paywalled_content":false,"_jetpack_memberships_contains_paid_content":false,"footnotes":"","jetpack_publicize_message":"","jetpack_publicize_feature_enabled":true,"jetpack_social_post_already_shared":true,"jetpack_social_options":{"image_generator_settings":{"template":"highway","enabled":false},"version":2}},"categories":[4],"tags":[],"jetpack_publicize_connections":[],"jetpack_featured_media_url":"https:\/\/i0.wp.com\/www.spang.ch\/aude\/wp-content\/uploads\/2017\/03\/IMG_4003-e1490022515912.jpg?fit=3456%2C5184","jetpack_shortlink":"https:\/\/wp.me\/p7EYAh-b1","jetpack-related-posts":[],"jetpack_likes_enabled":true,"jetpack_sharing_enabled":true,"_links":{"self":[{"href":"http:\/\/www.spang.ch\/aude\/fr\/wp-json\/wp\/v2\/posts\/683"}],"collection":[{"href":"http:\/\/www.spang.ch\/aude\/fr\/wp-json\/wp\/v2\/posts"}],"about":[{"href":"http:\/\/www.spang.ch\/aude\/fr\/wp-json\/wp\/v2\/types\/post"}],"author":[{"embeddable":true,"href":"http:\/\/www.spang.ch\/aude\/fr\/wp-json\/wp\/v2\/users\/1"}],"replies":[{"embeddable":true,"href":"http:\/\/www.spang.ch\/aude\/fr\/wp-json\/wp\/v2\/comments?post=683"}],"version-history":[{"count":24,"href":"http:\/\/www.spang.ch\/aude\/fr\/wp-json\/wp\/v2\/posts\/683\/revisions"}],"predecessor-version":[{"id":799,"href":"http:\/\/www.spang.ch\/aude\/fr\/wp-json\/wp\/v2\/posts\/683\/revisions\/799"}],"wp:featuredmedia":[{"embeddable":true,"href":"http:\/\/www.spang.ch\/aude\/fr\/wp-json\/wp\/v2\/media\/771"}],"wp:attachment":[{"href":"http:\/\/www.spang.ch\/aude\/fr\/wp-json\/wp\/v2\/media?parent=683"}],"wp:term":[{"taxonomy":"category","embeddable":true,"href":"http:\/\/www.spang.ch\/aude\/fr\/wp-json\/wp\/v2\/categories?post=683"},{"taxonomy":"post_tag","embeddable":true,"href":"http:\/\/www.spang.ch\/aude\/fr\/wp-json\/wp\/v2\/tags?post=683"}],"curies":[{"name":"wp","href":"https:\/\/api.w.org\/{rel}","templated":true}]}}