{"id":617,"date":"2017-03-06T01:20:19","date_gmt":"2017-03-05T23:20:19","guid":{"rendered":"http:\/\/www.spang.ch\/aude\/?p=617"},"modified":"2017-03-06T01:22:42","modified_gmt":"2017-03-05T23:22:42","slug":"northern-argentina","status":"publish","type":"post","link":"http:\/\/www.spang.ch\/aude\/fr\/2017\/03\/northern-argentina\/","title":{"rendered":"Nord de l&rsquo;Argentine"},"content":{"rendered":"<p><\/p>\n<p style=\"text-align: justify;\">Le rythme auquel je change de pays s&rsquo;est pas mal acc\u00e9l\u00e9r\u00e9 depuis quelques temps&#8230; Apr\u00e8s pr\u00e8s de 2 mois en Colombie et environ un au P\u00e9rou, j&rsquo;ai pass\u00e9 12 jours en Bolivie, et si je voulais pouvoir arriver en Patagonie durant ce voyage, il fallait d\u00e9j\u00e0 que je continue ma route vers le sud. Ce qui fait que j&rsquo;ai travers\u00e9 le nord de l&rsquo;Argentine en une dizaine de jours seulement, pour arriver au Chili. Et \u00e0 partir de maintenant mes passages de fronti\u00e8re vont encore plus augmenter, parce qu&rsquo;en descendant le long de la Patagonie je vais la traverser\u00a0plusieurs fois, passant de l&rsquo;Argentine au Chili et inversement selon ce qui m&rsquo;attire dans la zone (et selon o\u00f9 passe la route!).<\/p>\n<figure id=\"attachment_705\" aria-describedby=\"caption-attachment-705\" style=\"width: 683px\" class=\"wp-caption aligncenter\"><a href=\"https:\/\/i0.wp.com\/www.spang.ch\/aude\/wp-content\/uploads\/2017\/02\/IMG_3424-e1486664497284.jpg\"><img loading=\"lazy\" decoding=\"async\" data-attachment-id=\"705\" data-permalink=\"http:\/\/www.spang.ch\/aude\/fr\/2017\/03\/northern-argentina\/img_3424\/\" data-orig-file=\"https:\/\/i0.wp.com\/www.spang.ch\/aude\/wp-content\/uploads\/2017\/02\/IMG_3424-e1486664497284.jpg?fit=3456%2C5184\" data-orig-size=\"3456,5184\" data-comments-opened=\"1\" data-image-meta=\"{&quot;aperture&quot;:&quot;0&quot;,&quot;credit&quot;:&quot;&quot;,&quot;camera&quot;:&quot;&quot;,&quot;caption&quot;:&quot;&quot;,&quot;created_timestamp&quot;:&quot;0&quot;,&quot;copyright&quot;:&quot;&quot;,&quot;focal_length&quot;:&quot;0&quot;,&quot;iso&quot;:&quot;0&quot;,&quot;shutter_speed&quot;:&quot;0&quot;,&quot;title&quot;:&quot;&quot;,&quot;orientation&quot;:&quot;0&quot;}\" data-image-title=\"IMG_3424\" data-image-description=\"\" data-image-caption=\"&lt;p&gt;Salta&lt;\/p&gt;\n\" data-medium-file=\"https:\/\/i0.wp.com\/www.spang.ch\/aude\/wp-content\/uploads\/2017\/02\/IMG_3424-e1486664497284.jpg?fit=200%2C300\" data-large-file=\"https:\/\/i0.wp.com\/www.spang.ch\/aude\/wp-content\/uploads\/2017\/02\/IMG_3424-e1486664497284.jpg?fit=683%2C1024\" tabindex=\"0\" role=\"button\" class=\"size-large wp-image-705\" src=\"https:\/\/i0.wp.com\/www.spang.ch\/aude\/wp-content\/uploads\/2017\/02\/IMG_3424-e1486664497284-683x1024.jpg?resize=683%2C1024\" alt=\"Salta\" width=\"683\" height=\"1024\" srcset=\"https:\/\/i0.wp.com\/www.spang.ch\/aude\/wp-content\/uploads\/2017\/02\/IMG_3424-e1486664497284.jpg?resize=683%2C1024 683w, https:\/\/i0.wp.com\/www.spang.ch\/aude\/wp-content\/uploads\/2017\/02\/IMG_3424-e1486664497284.jpg?resize=200%2C300 200w, https:\/\/i0.wp.com\/www.spang.ch\/aude\/wp-content\/uploads\/2017\/02\/IMG_3424-e1486664497284.jpg?resize=768%2C1152 768w, https:\/\/i0.wp.com\/www.spang.ch\/aude\/wp-content\/uploads\/2017\/02\/IMG_3424-e1486664497284.jpg?w=2000 2000w, https:\/\/i0.wp.com\/www.spang.ch\/aude\/wp-content\/uploads\/2017\/02\/IMG_3424-e1486664497284.jpg?w=3000 3000w\" sizes=\"(max-width: 683px) 100vw, 683px\" data-recalc-dims=\"1\" \/><\/a><figcaption id=\"caption-attachment-705\" class=\"wp-caption-text\">Salta<\/figcaption><\/figure>\n<p style=\"text-align: justify;\">J&rsquo;ai donc connu une partie de l&rsquo;Argentine, ou plut\u00f4t en ai eu un aper\u00e7u. Et ce fut g\u00e9nial!! L&rsquo;Argentine a une culture \u00e0 part, tr\u00e8s diff\u00e9rente de ce que j&rsquo;ai connu jusqu&rsquo;ici. Les Argentins le savent et en sont assez fiers, d&rsquo;ailleurs je dirais que c&rsquo;est le peuple le plus patriote que j&rsquo;ai rencontr\u00e9 sur le continent (beaucoup de drapeaux argentins exhib\u00e9s par l\u00e0 o\u00f9 je suis pass\u00e9e). Il y a pas mal d&rsquo;aspects de la culture qui sont assez uniques, l\u00e0 o\u00f9 par exemple les diff\u00e9rentes cultures andines (parties de la Colombie, \u00c9quateur, P\u00e9rou, Bolivie) avaient pas mal de \u00a0traits communs. Bien s\u00fbr, la g\u00e9ographie joue un r\u00f4le important: une grande partie de l&rsquo;Argentine est un immense plateau, la <em>pampa<\/em>, ce qui a permis un fort d\u00e9veloppement de l&rsquo;agriculture et de l&rsquo;\u00e9levage et a r\u00e9sult\u00e9 en une culture de cow-boys, les <em>gauchos<\/em> (\u00e0 prononcer \u00ab\u00a0ga-ou-tcho\u00a0\u00bb), tels qu&rsquo;on s&rsquo;imagine les \u00e9tats-uniens (alors que les peuples andins vivent sur une cha\u00eene de montagnes). Ce n&rsquo;est pas pour rien que le pays est un tel producteur (et consommateur!) de viande! L&rsquo;<em>asado<\/em> (grillade) est en effet tr\u00e8s r\u00e9pandu dans le pays, et de nombreuses maisons sont pourvues du grill \u00e0 cet effet, souvent utilis\u00e9, et au magasin on trouve tout le matos n\u00e9cessaire pour un asado, toujours. On peut aussi facilement se procurer de la viande grill\u00e9e dans la rue, en sandwich, au restaurant, etc.<\/p>\n<figure id=\"attachment_706\" aria-describedby=\"caption-attachment-706\" style=\"width: 683px\" class=\"wp-caption aligncenter\"><a href=\"https:\/\/i0.wp.com\/www.spang.ch\/aude\/wp-content\/uploads\/2017\/02\/IMG_3456-e1486664597706.jpg\"><img loading=\"lazy\" decoding=\"async\" data-attachment-id=\"706\" data-permalink=\"http:\/\/www.spang.ch\/aude\/fr\/2017\/03\/northern-argentina\/img_3456\/\" data-orig-file=\"https:\/\/i0.wp.com\/www.spang.ch\/aude\/wp-content\/uploads\/2017\/02\/IMG_3456-e1486664597706.jpg?fit=3456%2C5184\" data-orig-size=\"3456,5184\" data-comments-opened=\"1\" data-image-meta=\"{&quot;aperture&quot;:&quot;0&quot;,&quot;credit&quot;:&quot;&quot;,&quot;camera&quot;:&quot;&quot;,&quot;caption&quot;:&quot;&quot;,&quot;created_timestamp&quot;:&quot;0&quot;,&quot;copyright&quot;:&quot;&quot;,&quot;focal_length&quot;:&quot;0&quot;,&quot;iso&quot;:&quot;0&quot;,&quot;shutter_speed&quot;:&quot;0&quot;,&quot;title&quot;:&quot;&quot;,&quot;orientation&quot;:&quot;0&quot;}\" data-image-title=\"IMG_3456\" data-image-description=\"\" data-image-caption=\"&lt;p&gt;Argentina #1: Salta, Mendoza&lt;\/p&gt;\n\" data-medium-file=\"https:\/\/i0.wp.com\/www.spang.ch\/aude\/wp-content\/uploads\/2017\/02\/IMG_3456-e1486664597706.jpg?fit=200%2C300\" data-large-file=\"https:\/\/i0.wp.com\/www.spang.ch\/aude\/wp-content\/uploads\/2017\/02\/IMG_3456-e1486664597706.jpg?fit=683%2C1024\" tabindex=\"0\" role=\"button\" class=\"size-large wp-image-706\" src=\"https:\/\/i0.wp.com\/www.spang.ch\/aude\/wp-content\/uploads\/2017\/02\/IMG_3456-e1486664597706-683x1024.jpg?resize=683%2C1024\" alt=\"Salta\" width=\"683\" height=\"1024\" srcset=\"https:\/\/i0.wp.com\/www.spang.ch\/aude\/wp-content\/uploads\/2017\/02\/IMG_3456-e1486664597706.jpg?resize=683%2C1024 683w, https:\/\/i0.wp.com\/www.spang.ch\/aude\/wp-content\/uploads\/2017\/02\/IMG_3456-e1486664597706.jpg?resize=200%2C300 200w, https:\/\/i0.wp.com\/www.spang.ch\/aude\/wp-content\/uploads\/2017\/02\/IMG_3456-e1486664597706.jpg?resize=768%2C1152 768w, https:\/\/i0.wp.com\/www.spang.ch\/aude\/wp-content\/uploads\/2017\/02\/IMG_3456-e1486664597706.jpg?w=2000 2000w, https:\/\/i0.wp.com\/www.spang.ch\/aude\/wp-content\/uploads\/2017\/02\/IMG_3456-e1486664597706.jpg?w=3000 3000w\" sizes=\"(max-width: 683px) 100vw, 683px\" data-recalc-dims=\"1\" \/><\/a><figcaption id=\"caption-attachment-706\" class=\"wp-caption-text\">Salta<\/figcaption><\/figure>\n<p style=\"text-align: justify;\">De cow-boy ils ont aussi certains \u00e9l\u00e9ments de l&rsquo;habillement: m\u00eame dans les rues des villes j&rsquo;ai vu des hommes porter le chapeau \u00a0de cuir typique. Et le top fut tout de m\u00eame le moment o\u00f9 j&rsquo;ai d\u00e9couvert le Festival Pa\u00eds 2017: l&rsquo;\u00e9quivalent de la f\u00eate nationale de la lutte \u00e0 la culotte suisse (oui oui, pour les non-Suisses, \u00e7a existe, et c&rsquo;\u00e9tait l&rsquo;\u00e9t\u00e9 pass\u00e9 pr\u00e8s de chez moi), une grande c\u00e9l\u00e9bration de la culture nationale r\u00e9unissant tous les clich\u00e9s et un tas de gens tr\u00e8s fervents. \u00c9videmment, tant que c&rsquo;est pas suisse, ce genre de distractions me plaisent et je trouve follement esth\u00e9tiques tant la musique que les v\u00eatements traditionnels. En plus des concerts (souvent de vieux monsieurs moustachus qui chantent en gratouillant leur guitare) qui ont lieu durant tout le festival, l&rsquo;un des \u00e9l\u00e9ments-cl\u00e9 est la <em>doma<\/em>, du rod\u00e9o sur cheval. Activit\u00e9 tr\u00e8s impressionnante parce qu&rsquo;on dirait vraiment que ceux qui la pratiquent (que des hommes, comme les lutteurs suisses) vont se rompre l&rsquo;\u00e9chine \u00e0 tout instant, mais ceux qui parviennent \u00e0 ne pas se faire \u00e9jecter sont apparemment de sacr\u00e9s bonshommes parce qu&rsquo;ils arrivent \u00e0 r\u00e9sister quelque chose comme 8 ou 12 (tr\u00e8s longues) secondes sur un tas de muscles en fureur. Si c&rsquo;est pas du spectacle!<\/p>\n<div class=\"jetpack-video-wrapper\"><span class=\"embed-youtube\" style=\"text-align:center; display: block;\"><iframe loading=\"lazy\" class=\"youtube-player\" width=\"1000\" height=\"563\" src=\"https:\/\/www.youtube.com\/embed\/qZvKX4rYrUo?version=3&#038;rel=1&#038;showsearch=0&#038;showinfo=1&#038;iv_load_policy=1&#038;fs=1&#038;hl=fr-FR&#038;autohide=2&#038;wmode=transparent\" allowfullscreen=\"true\" style=\"border:0;\" sandbox=\"allow-scripts allow-same-origin allow-popups allow-presentation allow-popups-to-escape-sandbox\"><\/iframe><\/span><\/div>\n<figure id=\"attachment_721\" aria-describedby=\"caption-attachment-721\" style=\"width: 683px\" class=\"wp-caption aligncenter\"><a href=\"https:\/\/i0.wp.com\/www.spang.ch\/aude\/wp-content\/uploads\/2017\/03\/IMG_3476-e1488420424489.jpg\"><img loading=\"lazy\" decoding=\"async\" data-attachment-id=\"721\" data-permalink=\"http:\/\/www.spang.ch\/aude\/fr\/2017\/03\/northern-argentina\/img_3476\/\" data-orig-file=\"https:\/\/i0.wp.com\/www.spang.ch\/aude\/wp-content\/uploads\/2017\/03\/IMG_3476-e1488420424489.jpg?fit=3265%2C4898\" data-orig-size=\"3265,4898\" data-comments-opened=\"1\" data-image-meta=\"{&quot;aperture&quot;:&quot;0&quot;,&quot;credit&quot;:&quot;&quot;,&quot;camera&quot;:&quot;&quot;,&quot;caption&quot;:&quot;&quot;,&quot;created_timestamp&quot;:&quot;0&quot;,&quot;copyright&quot;:&quot;&quot;,&quot;focal_length&quot;:&quot;0&quot;,&quot;iso&quot;:&quot;0&quot;,&quot;shutter_speed&quot;:&quot;0&quot;,&quot;title&quot;:&quot;&quot;,&quot;orientation&quot;:&quot;0&quot;}\" data-image-title=\"IMG_3476\" data-image-description=\"\" data-image-caption=\"&lt;p&gt;Salta&lt;\/p&gt;\n\" data-medium-file=\"https:\/\/i0.wp.com\/www.spang.ch\/aude\/wp-content\/uploads\/2017\/03\/IMG_3476-e1488420424489.jpg?fit=200%2C300\" data-large-file=\"https:\/\/i0.wp.com\/www.spang.ch\/aude\/wp-content\/uploads\/2017\/03\/IMG_3476-e1488420424489.jpg?fit=683%2C1024\" tabindex=\"0\" role=\"button\" class=\"size-large wp-image-721\" src=\"https:\/\/i0.wp.com\/www.spang.ch\/aude\/wp-content\/uploads\/2017\/03\/IMG_3476-e1488420424489-683x1024.jpg?resize=683%2C1024\" alt=\"Salta\" width=\"683\" height=\"1024\" srcset=\"https:\/\/i0.wp.com\/www.spang.ch\/aude\/wp-content\/uploads\/2017\/03\/IMG_3476-e1488420424489.jpg?resize=683%2C1024 683w, https:\/\/i0.wp.com\/www.spang.ch\/aude\/wp-content\/uploads\/2017\/03\/IMG_3476-e1488420424489.jpg?resize=200%2C300 200w, https:\/\/i0.wp.com\/www.spang.ch\/aude\/wp-content\/uploads\/2017\/03\/IMG_3476-e1488420424489.jpg?resize=768%2C1152 768w, https:\/\/i0.wp.com\/www.spang.ch\/aude\/wp-content\/uploads\/2017\/03\/IMG_3476-e1488420424489.jpg?w=2000 2000w, https:\/\/i0.wp.com\/www.spang.ch\/aude\/wp-content\/uploads\/2017\/03\/IMG_3476-e1488420424489.jpg?w=3000 3000w\" sizes=\"(max-width: 683px) 100vw, 683px\" data-recalc-dims=\"1\" \/><\/a><figcaption id=\"caption-attachment-721\" class=\"wp-caption-text\">Salta<\/figcaption><\/figure>\n<p style=\"text-align: justify;\">Je m&rsquo;\u00e9tais toujours sentie vaguement attir\u00e9e par l&rsquo;Argentine, et j&rsquo;ai en effet aim\u00e9 les particularit\u00e9s du pays &#8211; celles que j&rsquo;ai vues, car il y a beaucoup que je ne connais pas! L&rsquo;une de mes pr\u00e9f\u00e9r\u00e9s, car je suis une grande buveuse de the infus\u00e9 bien trop longtemps: le <em>yerba mate<\/em> (prononcer \u00ab\u00a0mat\u00e9\u00a0\u00bb). Un grand, grand nombre d&rsquo;Argentins poss\u00e8de son propre mate, une esp\u00e8ce de tasse sans anse constitu\u00e9e de n&rsquo;importe quel mat\u00e9riel (bois, calebasse, verre, plastique, cuir, c\u00e9ramique,&#8230;) et d\u00e9cor\u00e9 de n&rsquo;importe quelle fa\u00e7on (avec ou sans pieds, avec ou sans cercle de m\u00e9tal \u00e0 l&#8217;embouchure, envelopp\u00e9 ou non dans du tissu traditionnel, grav\u00e9 ou non, avec des personnages Disney ou m\u00eame dieu sait quoi d&rsquo;autre), dans lequel on verse les herbes de yerba mate, de l&rsquo;eau juste pas bouillante, et qu&rsquo;on se fait passer pour boire tour \u00e0 tour \u00e0 l&rsquo;aide d&rsquo;une paille en m\u00e9tal (la <em>bombilla<\/em>) jusqu&rsquo;\u00e0 ce que le thermos soit vide. C&rsquo;est plus un moment de convivialit\u00e9 que juste une boisson, et souvent \u00e7a se consomme en groupe (apparemment pas en Uruguay, o\u00f9 on m&rsquo;a dit que chacun se balade avec son propre thermos et mate jalousement gard\u00e9s).<\/p>\n<figure id=\"attachment_708\" aria-describedby=\"caption-attachment-708\" style=\"width: 1000px\" class=\"wp-caption aligncenter\"><a href=\"https:\/\/i0.wp.com\/www.spang.ch\/aude\/wp-content\/uploads\/2017\/02\/IMG_3486.jpg\"><img loading=\"lazy\" decoding=\"async\" data-attachment-id=\"708\" data-permalink=\"http:\/\/www.spang.ch\/aude\/fr\/2017\/03\/northern-argentina\/img_3486\/\" data-orig-file=\"https:\/\/i0.wp.com\/www.spang.ch\/aude\/wp-content\/uploads\/2017\/02\/IMG_3486.jpg?fit=5184%2C3456\" data-orig-size=\"5184,3456\" data-comments-opened=\"1\" data-image-meta=\"{&quot;aperture&quot;:&quot;0&quot;,&quot;credit&quot;:&quot;&quot;,&quot;camera&quot;:&quot;&quot;,&quot;caption&quot;:&quot;&quot;,&quot;created_timestamp&quot;:&quot;0&quot;,&quot;copyright&quot;:&quot;&quot;,&quot;focal_length&quot;:&quot;0&quot;,&quot;iso&quot;:&quot;0&quot;,&quot;shutter_speed&quot;:&quot;0&quot;,&quot;title&quot;:&quot;&quot;,&quot;orientation&quot;:&quot;0&quot;}\" data-image-title=\"IMG_3486\" data-image-description=\"\" data-image-caption=\"&lt;p&gt;Around Salta&lt;\/p&gt;\n\" data-medium-file=\"https:\/\/i0.wp.com\/www.spang.ch\/aude\/wp-content\/uploads\/2017\/02\/IMG_3486.jpg?fit=300%2C200\" data-large-file=\"https:\/\/i0.wp.com\/www.spang.ch\/aude\/wp-content\/uploads\/2017\/02\/IMG_3486.jpg?fit=1000%2C667\" tabindex=\"0\" role=\"button\" class=\"size-large wp-image-708\" src=\"https:\/\/i0.wp.com\/www.spang.ch\/aude\/wp-content\/uploads\/2017\/02\/IMG_3486.jpg?resize=1000%2C667\" alt=\"Around Salta\" width=\"1000\" height=\"667\" srcset=\"https:\/\/i0.wp.com\/www.spang.ch\/aude\/wp-content\/uploads\/2017\/02\/IMG_3486.jpg?resize=1024%2C683 1024w, https:\/\/i0.wp.com\/www.spang.ch\/aude\/wp-content\/uploads\/2017\/02\/IMG_3486.jpg?resize=300%2C200 300w, https:\/\/i0.wp.com\/www.spang.ch\/aude\/wp-content\/uploads\/2017\/02\/IMG_3486.jpg?resize=768%2C512 768w, https:\/\/i0.wp.com\/www.spang.ch\/aude\/wp-content\/uploads\/2017\/02\/IMG_3486.jpg?resize=960%2C640 960w, https:\/\/i0.wp.com\/www.spang.ch\/aude\/wp-content\/uploads\/2017\/02\/IMG_3486.jpg?resize=450%2C300 450w, https:\/\/i0.wp.com\/www.spang.ch\/aude\/wp-content\/uploads\/2017\/02\/IMG_3486.jpg?w=2000 2000w, https:\/\/i0.wp.com\/www.spang.ch\/aude\/wp-content\/uploads\/2017\/02\/IMG_3486.jpg?w=3000 3000w\" sizes=\"(max-width: 1000px) 100vw, 1000px\" data-recalc-dims=\"1\" \/><\/a><figcaption id=\"caption-attachment-708\" class=\"wp-caption-text\">Around Salta<\/figcaption><\/figure>\n<p style=\"text-align: justify;\">J&rsquo;ai rencontr\u00e9 plusieurs personnes qui n&rsquo;en boivent pas vraiment, ou pas s&rsquo;ils sont seuls, mais moi j&rsquo;adore! Souvent, si quelqu&rsquo;un est en train d&rsquo;en boire, que quelqu&rsquo;un d&rsquo;autre arrive et ils se mettent \u00e0 parler, le premier va proposer du mate au second, qui accepte en g\u00e9n\u00e9ral. Il existe plusieurs variations de consommation, certains ajoutent une autre herbe (non, pas de la marijuana.. enfin pas \u00e0 ce que je sache en tout cas) au m\u00e9lange, d&rsquo;autres pr\u00e9f\u00e8rent une boisson froide en cas de grande chaleur (ils appellent \u00e7a des jus, c&rsquo;est de l&rsquo;eau froide avec une poudre \u00e0 go\u00fbt fruit\u00e9, et l&rsquo;ensemble devient ainsi un <em>terere<\/em>), certains le boivent avec du sucre. Bref, je savais avant d&rsquo;arriver que la technique me plaisait beaucoup, c&rsquo;\u00e9tait donc ma mission de m&rsquo;en procurer un que j&rsquo;aimerais (et j&rsquo;ai d\u00fb beaucoup r\u00e9fl\u00e9chir pour savoir ce que je pr\u00e9f\u00e9rais, avec toutes ces options!). J&rsquo;ai choisi un mate de bois emball\u00e9 dans un bout d&rsquo;aguaio (le tissu andin traditionnel que j&rsquo;aime tant), et une bombilla avec le symbole inca de la Pachamama (notre m\u00e8re la terre), comme \u00e7a c&rsquo;est tout un concentr\u00e9 de mon voyage que je transporte comme souvenir. Il m&rsquo;a fallu traiter le bois pendant deux jours (avec du beurre et les herbes du mate d\u00e9j\u00e0 bu de quelqu&rsquo;un d&rsquo;autre, pour lentement humidifier le r\u00e9cipient) afin qu&rsquo;il ne transmette pas son go\u00fbt \u00e0 la boisson, et j&rsquo;\u00e9tais pr\u00eate! Je dois encore apprendre \u00e0 ne pas faire trop chauffer l&rsquo;eau, et il y a quelques coups de main \u00e0 int\u00e9grer pour boire le mate comme il faut, mais j&rsquo;adore \u00e9videmment d\u00e9j\u00e0!<\/p>\n<figure id=\"attachment_727\" aria-describedby=\"caption-attachment-727\" style=\"width: 1000px\" class=\"wp-caption aligncenter\"><a href=\"https:\/\/i0.wp.com\/www.spang.ch\/aude\/wp-content\/uploads\/2017\/03\/IMG_3634.jpg\"><img loading=\"lazy\" decoding=\"async\" data-attachment-id=\"727\" data-permalink=\"http:\/\/www.spang.ch\/aude\/fr\/2017\/03\/northern-argentina\/img_3634\/\" data-orig-file=\"https:\/\/i0.wp.com\/www.spang.ch\/aude\/wp-content\/uploads\/2017\/03\/IMG_3634.jpg?fit=4898%2C3265\" data-orig-size=\"4898,3265\" data-comments-opened=\"1\" data-image-meta=\"{&quot;aperture&quot;:&quot;0&quot;,&quot;credit&quot;:&quot;&quot;,&quot;camera&quot;:&quot;&quot;,&quot;caption&quot;:&quot;&quot;,&quot;created_timestamp&quot;:&quot;0&quot;,&quot;copyright&quot;:&quot;&quot;,&quot;focal_length&quot;:&quot;0&quot;,&quot;iso&quot;:&quot;0&quot;,&quot;shutter_speed&quot;:&quot;0&quot;,&quot;title&quot;:&quot;&quot;,&quot;orientation&quot;:&quot;0&quot;}\" data-image-title=\"IMG_3634\" data-image-description=\"\" data-image-caption=\"&lt;p&gt;Leaving Argentina&lt;\/p&gt;\n\" data-medium-file=\"https:\/\/i0.wp.com\/www.spang.ch\/aude\/wp-content\/uploads\/2017\/03\/IMG_3634.jpg?fit=300%2C200\" data-large-file=\"https:\/\/i0.wp.com\/www.spang.ch\/aude\/wp-content\/uploads\/2017\/03\/IMG_3634.jpg?fit=1000%2C667\" tabindex=\"0\" role=\"button\" class=\"size-large wp-image-727\" src=\"https:\/\/i0.wp.com\/www.spang.ch\/aude\/wp-content\/uploads\/2017\/03\/IMG_3634.jpg?resize=1000%2C667\" alt=\"Leaving Argentina\" width=\"1000\" height=\"667\" srcset=\"https:\/\/i0.wp.com\/www.spang.ch\/aude\/wp-content\/uploads\/2017\/03\/IMG_3634.jpg?resize=1024%2C683 1024w, https:\/\/i0.wp.com\/www.spang.ch\/aude\/wp-content\/uploads\/2017\/03\/IMG_3634.jpg?resize=300%2C200 300w, https:\/\/i0.wp.com\/www.spang.ch\/aude\/wp-content\/uploads\/2017\/03\/IMG_3634.jpg?resize=768%2C512 768w, https:\/\/i0.wp.com\/www.spang.ch\/aude\/wp-content\/uploads\/2017\/03\/IMG_3634.jpg?resize=960%2C640 960w, https:\/\/i0.wp.com\/www.spang.ch\/aude\/wp-content\/uploads\/2017\/03\/IMG_3634.jpg?resize=450%2C300 450w, https:\/\/i0.wp.com\/www.spang.ch\/aude\/wp-content\/uploads\/2017\/03\/IMG_3634.jpg?w=2000 2000w, https:\/\/i0.wp.com\/www.spang.ch\/aude\/wp-content\/uploads\/2017\/03\/IMG_3634.jpg?w=3000 3000w\" sizes=\"(max-width: 1000px) 100vw, 1000px\" data-recalc-dims=\"1\" \/><\/a><figcaption id=\"caption-attachment-727\" class=\"wp-caption-text\">Leaving Argentina<\/figcaption><\/figure>\n<p style=\"text-align: justify;\">Sinon, j&rsquo;aime aussi bien comme les gens m&rsquo;appellent <em>mami<\/em> ou <em>mamita<\/em>\u00a0ici, c&rsquo;est attachant. Et j&rsquo;adore les empanadas, qui sont r\u00e9put\u00e9es pour \u00eatre meilleures en Argentine qu&rsquo;ailleurs, notamment parce qu&rsquo;ils les cuisent au four et non dans de l&rsquo;huile de friture (apparemment, les meilleures du pays sont \u00e0 Salta). Je suis donc arriv\u00e9e en Argentine par la fronti\u00e8re nord avec la Bolivie, dans une chaleur pesante comme je les adore, parce que oui: j&rsquo;ai calcul\u00e9 et fait en sorte d&rsquo;\u00eatre en Argentine et au Chili en \u00e9t\u00e9 (on est en-dessous de l&rsquo;Equateur, du coup bien s\u00fbr les saisons sont invers\u00e9es). Connaissant mon amour pour le soleil, vous savez comme je me suis r\u00e9gal\u00e9e! Ma premi\u00e8re destination argentine fut la ville de Salta, qui se trouve dans une r\u00e9gion vinicole r\u00e9put\u00e9e.<\/p>\n<figure id=\"attachment_724\" aria-describedby=\"caption-attachment-724\" style=\"width: 683px\" class=\"wp-caption aligncenter\"><a href=\"https:\/\/i0.wp.com\/www.spang.ch\/aude\/wp-content\/uploads\/2017\/03\/IMG_3432-e1488426931587.jpg\"><img loading=\"lazy\" decoding=\"async\" data-attachment-id=\"724\" data-permalink=\"http:\/\/www.spang.ch\/aude\/fr\/2017\/03\/northern-argentina\/img_3432\/\" data-orig-file=\"https:\/\/i0.wp.com\/www.spang.ch\/aude\/wp-content\/uploads\/2017\/03\/IMG_3432-e1488426931587.jpg?fit=3265%2C4898\" data-orig-size=\"3265,4898\" data-comments-opened=\"1\" data-image-meta=\"{&quot;aperture&quot;:&quot;0&quot;,&quot;credit&quot;:&quot;&quot;,&quot;camera&quot;:&quot;&quot;,&quot;caption&quot;:&quot;&quot;,&quot;created_timestamp&quot;:&quot;0&quot;,&quot;copyright&quot;:&quot;&quot;,&quot;focal_length&quot;:&quot;0&quot;,&quot;iso&quot;:&quot;0&quot;,&quot;shutter_speed&quot;:&quot;0&quot;,&quot;title&quot;:&quot;&quot;,&quot;orientation&quot;:&quot;0&quot;}\" data-image-title=\"IMG_3432\" data-image-description=\"\" data-image-caption=\"&lt;p&gt;Columbus in Salta&lt;\/p&gt;\n\" data-medium-file=\"https:\/\/i0.wp.com\/www.spang.ch\/aude\/wp-content\/uploads\/2017\/03\/IMG_3432-e1488426931587.jpg?fit=200%2C300\" data-large-file=\"https:\/\/i0.wp.com\/www.spang.ch\/aude\/wp-content\/uploads\/2017\/03\/IMG_3432-e1488426931587.jpg?fit=683%2C1024\" tabindex=\"0\" role=\"button\" class=\"size-large wp-image-724\" src=\"https:\/\/i0.wp.com\/www.spang.ch\/aude\/wp-content\/uploads\/2017\/03\/IMG_3432-e1488426931587-683x1024.jpg?resize=683%2C1024\" alt=\"Columbus in Salta\" width=\"683\" height=\"1024\" srcset=\"https:\/\/i0.wp.com\/www.spang.ch\/aude\/wp-content\/uploads\/2017\/03\/IMG_3432-e1488426931587.jpg?resize=683%2C1024 683w, https:\/\/i0.wp.com\/www.spang.ch\/aude\/wp-content\/uploads\/2017\/03\/IMG_3432-e1488426931587.jpg?resize=200%2C300 200w, https:\/\/i0.wp.com\/www.spang.ch\/aude\/wp-content\/uploads\/2017\/03\/IMG_3432-e1488426931587.jpg?resize=768%2C1152 768w, https:\/\/i0.wp.com\/www.spang.ch\/aude\/wp-content\/uploads\/2017\/03\/IMG_3432-e1488426931587.jpg?w=2000 2000w, https:\/\/i0.wp.com\/www.spang.ch\/aude\/wp-content\/uploads\/2017\/03\/IMG_3432-e1488426931587.jpg?w=3000 3000w\" sizes=\"(max-width: 683px) 100vw, 683px\" data-recalc-dims=\"1\" \/><\/a><figcaption id=\"caption-attachment-724\" class=\"wp-caption-text\">Columbus in Salta<\/figcaption><\/figure>\n<p style=\"text-align: justify;\">J&rsquo;y ai revu Mauricio, que j&rsquo;avais connu l&rsquo;espace de quelques discussions \u00e0 notre h\u00f4tel \u00e0 Mancora, dans le nord du P\u00e9rou. On a pass\u00e9 de chouettes moments ensemble, j&rsquo;ai m\u00eame partag\u00e9 un repas avec sa tr\u00e8s gentille famille. Il m&rsquo;a montr\u00e9 les diff\u00e9rents endroits o\u00f9 les gens du coin aiment aller se relaxer le week-end ou boire un mate, et m&rsquo;a fait d\u00e9couvrir le tr\u00e8s remplissant <em>matambre<\/em> (= tue-faim) local, un sandwich compl\u00e8tement rempli de viande et garniture \u00e0 choix. Bref, je me suis rappel\u00e9e, apr\u00e8s pr\u00e8s d&rsquo;un mois et demi de vagabondages avec autres touristes entre le P\u00e9rou et la Bolivie, \u00e0 quel point c&rsquo;est chouette de conna\u00eetre des gens qui habitent \u00e0 un endroit que l&rsquo;on visite pour vraiment voir comment on y vit et mieux le conna\u00eetre\/comprendre (vous verrez dans un prochain article que plus tard, au Chili j&rsquo;ai \u00e9t\u00e9 servie!). Salta est une jolie petite ville encore pas si loin de la Cordill\u00e8re des Andes et par\u00e9e de quelques tr\u00e8s belles \u00e9glises color\u00e9es.<\/p>\n<figure id=\"attachment_720\" aria-describedby=\"caption-attachment-720\" style=\"width: 1000px\" class=\"wp-caption aligncenter\"><a href=\"https:\/\/i0.wp.com\/www.spang.ch\/aude\/wp-content\/uploads\/2017\/03\/IMG_3421.jpg\"><img loading=\"lazy\" decoding=\"async\" data-attachment-id=\"720\" data-permalink=\"http:\/\/www.spang.ch\/aude\/fr\/2017\/03\/northern-argentina\/img_3421\/\" data-orig-file=\"https:\/\/i0.wp.com\/www.spang.ch\/aude\/wp-content\/uploads\/2017\/03\/IMG_3421.jpg?fit=4898%2C3265\" data-orig-size=\"4898,3265\" data-comments-opened=\"1\" data-image-meta=\"{&quot;aperture&quot;:&quot;0&quot;,&quot;credit&quot;:&quot;&quot;,&quot;camera&quot;:&quot;&quot;,&quot;caption&quot;:&quot;&quot;,&quot;created_timestamp&quot;:&quot;0&quot;,&quot;copyright&quot;:&quot;&quot;,&quot;focal_length&quot;:&quot;0&quot;,&quot;iso&quot;:&quot;0&quot;,&quot;shutter_speed&quot;:&quot;0&quot;,&quot;title&quot;:&quot;&quot;,&quot;orientation&quot;:&quot;0&quot;}\" data-image-title=\"IMG_3421\" data-image-description=\"\" data-image-caption=\"&lt;p&gt;Salta&lt;\/p&gt;\n\" data-medium-file=\"https:\/\/i0.wp.com\/www.spang.ch\/aude\/wp-content\/uploads\/2017\/03\/IMG_3421.jpg?fit=300%2C200\" data-large-file=\"https:\/\/i0.wp.com\/www.spang.ch\/aude\/wp-content\/uploads\/2017\/03\/IMG_3421.jpg?fit=1000%2C667\" tabindex=\"0\" role=\"button\" class=\"size-large wp-image-720\" src=\"https:\/\/i0.wp.com\/www.spang.ch\/aude\/wp-content\/uploads\/2017\/03\/IMG_3421.jpg?resize=1000%2C667\" alt=\"Salta\" width=\"1000\" height=\"667\" srcset=\"https:\/\/i0.wp.com\/www.spang.ch\/aude\/wp-content\/uploads\/2017\/03\/IMG_3421.jpg?resize=1024%2C683 1024w, https:\/\/i0.wp.com\/www.spang.ch\/aude\/wp-content\/uploads\/2017\/03\/IMG_3421.jpg?resize=300%2C200 300w, https:\/\/i0.wp.com\/www.spang.ch\/aude\/wp-content\/uploads\/2017\/03\/IMG_3421.jpg?resize=768%2C512 768w, https:\/\/i0.wp.com\/www.spang.ch\/aude\/wp-content\/uploads\/2017\/03\/IMG_3421.jpg?resize=960%2C640 960w, https:\/\/i0.wp.com\/www.spang.ch\/aude\/wp-content\/uploads\/2017\/03\/IMG_3421.jpg?resize=450%2C300 450w, https:\/\/i0.wp.com\/www.spang.ch\/aude\/wp-content\/uploads\/2017\/03\/IMG_3421.jpg?w=2000 2000w, https:\/\/i0.wp.com\/www.spang.ch\/aude\/wp-content\/uploads\/2017\/03\/IMG_3421.jpg?w=3000 3000w\" sizes=\"(max-width: 1000px) 100vw, 1000px\" data-recalc-dims=\"1\" \/><\/a><figcaption id=\"caption-attachment-720\" class=\"wp-caption-text\">Salta<\/figcaption><\/figure>\n<p style=\"text-align: justify;\">En quittant Salta, j&rsquo;ai pour la premi\u00e8re fois exp\u00e9riment\u00e9 l&rsquo;auto-stop, parce que la r\u00e9gion est r\u00e9put\u00e9e pour \u00eatre s\u00fbre et parce que les bus argentins co\u00fbtent plus cher que dans le reste du continent. J&rsquo;ai\u00a0donc pris un bus jusqu&rsquo;\u00e0 Cafayate, un tr\u00e8s mignon petit village de la zone vinicole, y ai mang\u00e9 et comptais repartir en levant mon pouce. Premier obstacle, et de taille: une pluie diluvienne, qui en quelques minutes a engorg\u00e9 les rues comme si une rivi\u00e8re les traversait. Au point que je suis rest\u00e9e\u00a0plant\u00e9e l\u00e0 un bon moment, \u00e0 ne m\u00eame pas pouvoir traverser la rue, jusqu&rsquo;\u00e0 ce qu&rsquo;un gentil monsieur travaillant dans le magasin \u00e0 cot\u00e9 duquel j&rsquo;\u00e9tais en train d&rsquo;attendre sorte sa jeep juste pour pouvoir me faire atteindre le prochain trottoir&#8230; et ainsi de suite! J&rsquo;ai d\u00e9pendu de la gentillesse de plusieurs conducteurs de jeep pour pouvoir arriver \u00e0 la sortie du village. Et l\u00e0, la chance ne m&rsquo;a pas souri: j&rsquo;ai tendu le pouce pendant deux heures sans que personne ne daigne s&rsquo;arreter. J&rsquo;ai fini par demander \u00e0 un bus de s&rsquo;arreter et de me d\u00e9poser quelque 100 pesos\u00a0(6$) plus loin, histoire d&rsquo;avoir quand m\u00eame\u00a0pu avancer un peu durant la journ\u00e9e. Voila une exp\u00e9rience d&rsquo;autostop qui commencait mal&#8230;<\/p>\n<figure id=\"attachment_710\" aria-describedby=\"caption-attachment-710\" style=\"width: 1000px\" class=\"wp-caption aligncenter\"><a href=\"https:\/\/i0.wp.com\/www.spang.ch\/aude\/wp-content\/uploads\/2017\/02\/IMG_3503.jpg\"><img loading=\"lazy\" decoding=\"async\" data-attachment-id=\"710\" data-permalink=\"http:\/\/www.spang.ch\/aude\/fr\/2017\/03\/northern-argentina\/img_3503\/\" data-orig-file=\"https:\/\/i0.wp.com\/www.spang.ch\/aude\/wp-content\/uploads\/2017\/02\/IMG_3503.jpg?fit=5184%2C3456\" data-orig-size=\"5184,3456\" data-comments-opened=\"1\" data-image-meta=\"{&quot;aperture&quot;:&quot;0&quot;,&quot;credit&quot;:&quot;&quot;,&quot;camera&quot;:&quot;&quot;,&quot;caption&quot;:&quot;&quot;,&quot;created_timestamp&quot;:&quot;0&quot;,&quot;copyright&quot;:&quot;&quot;,&quot;focal_length&quot;:&quot;0&quot;,&quot;iso&quot;:&quot;0&quot;,&quot;shutter_speed&quot;:&quot;0&quot;,&quot;title&quot;:&quot;&quot;,&quot;orientation&quot;:&quot;0&quot;}\" data-image-title=\"IMG_3503\" data-image-description=\"\" data-image-caption=\"&lt;p&gt;Amaicha &#8211; hostel&lt;\/p&gt;\n\" data-medium-file=\"https:\/\/i0.wp.com\/www.spang.ch\/aude\/wp-content\/uploads\/2017\/02\/IMG_3503.jpg?fit=300%2C200\" data-large-file=\"https:\/\/i0.wp.com\/www.spang.ch\/aude\/wp-content\/uploads\/2017\/02\/IMG_3503.jpg?fit=1000%2C667\" tabindex=\"0\" role=\"button\" class=\"size-large wp-image-710\" src=\"https:\/\/i0.wp.com\/www.spang.ch\/aude\/wp-content\/uploads\/2017\/02\/IMG_3503.jpg?resize=1000%2C667\" alt=\"Amaicha - hostel\" width=\"1000\" height=\"667\" srcset=\"https:\/\/i0.wp.com\/www.spang.ch\/aude\/wp-content\/uploads\/2017\/02\/IMG_3503.jpg?resize=1024%2C683 1024w, https:\/\/i0.wp.com\/www.spang.ch\/aude\/wp-content\/uploads\/2017\/02\/IMG_3503.jpg?resize=300%2C200 300w, https:\/\/i0.wp.com\/www.spang.ch\/aude\/wp-content\/uploads\/2017\/02\/IMG_3503.jpg?resize=768%2C512 768w, https:\/\/i0.wp.com\/www.spang.ch\/aude\/wp-content\/uploads\/2017\/02\/IMG_3503.jpg?resize=960%2C640 960w, https:\/\/i0.wp.com\/www.spang.ch\/aude\/wp-content\/uploads\/2017\/02\/IMG_3503.jpg?resize=450%2C300 450w, https:\/\/i0.wp.com\/www.spang.ch\/aude\/wp-content\/uploads\/2017\/02\/IMG_3503.jpg?w=2000 2000w, https:\/\/i0.wp.com\/www.spang.ch\/aude\/wp-content\/uploads\/2017\/02\/IMG_3503.jpg?w=3000 3000w\" sizes=\"(max-width: 1000px) 100vw, 1000px\" data-recalc-dims=\"1\" \/><\/a><figcaption id=\"caption-attachment-710\" class=\"wp-caption-text\">Amaicha &#8211; hostel<\/figcaption><\/figure>\n<p style=\"text-align: justify;\">Le bus m&rsquo;a pos\u00e9e \u00e0 Amaicha, un tout petit village compl\u00e8tement perdu et inconnu, dans une zone d\u00e9sertique, qui se pr\u00e9sente fi\u00e8rement en ces termes sur un panneau d&rsquo;accueil: \u00ab\u00a0Bienvenue \u00e0 Amaicha, le lieu qui a le meilleur climat du monde; 360 jours de soleil par an!\u00a0\u00bb Mon coeur n&rsquo;a fait qu&rsquo;un bond. A peine sortie du bus, un monsieur s&rsquo;est approch\u00e9e et a parl\u00e9 de son hotel, qui en comparaison \u00e9tait le moins cher du village. L&rsquo;argument m&rsquo;a s\u00e9duite et je suis all\u00e9e rencontrer sa femme qui attend les clients en-haut de la colline et leur montre les maisonnettes de pierre et de boue qui constituent les dortoirs o\u00f9 se retrouvent les d\u00e9sargent\u00e9s voyageurs \u00e0\u00a0sac \u00e0 dos, les <em>mochileros<\/em> (\u00ab\u00a0routards\u00a0\u00bb) venant de toutes parts, du Mexique \u00e0 l&rsquo;Argentine et \u00e0 l&rsquo;in\u00e9vitable Europe. L&rsquo;endroit est simplement charmant: tr\u00e8s \u00e9pur\u00e9, \u00e9videmment, ses propri\u00e9taires vivent et travaillent en fait ailleurs durant l&rsquo;ann\u00e9e (madame est avocate, par exemple), et ils viennent passer l&rsquo;\u00e9t\u00e9 dans le calme de cette nature si sp\u00e9ciale et avec le contact humain de ces jeunes aux \u00e9toiles dans les yeux qui passent par leur h\u00f4tel. Le soir o\u00f9 j&rsquo;ai dormi l\u00e0-bas, un ami cuisinier qui passe l&rsquo;\u00e9t\u00e9 avec eux s&rsquo;\u00e9tait propos\u00e9 de cuisiner pour tout le groupe, et la douzaine de personnes qui passait la nuit dans les maisonnettes au milieu du rien s&rsquo;est mise \u00e0 table sous les \u00e9toiles, tous ensemble, partageant un vin d&rsquo;altitude local (sauf erreur, ils nous ont dit que c&rsquo;est le vin produit le plus haut du monde! &#8230;.je n&rsquo;ai pas \u00e9t\u00e9 extremement convaincue par son go\u00fbt, mais ca reste entre nous). Soir\u00e9e enchanteresse, des plus simples, accompagn\u00e9e des rumeurs de la nature et de la chaleur des nuits d&rsquo;\u00e9t\u00e9. Quelques instants de paradis, cadeau.<\/p>\n<figure id=\"attachment_709\" aria-describedby=\"caption-attachment-709\" style=\"width: 1000px\" class=\"wp-caption aligncenter\"><a href=\"https:\/\/i0.wp.com\/www.spang.ch\/aude\/wp-content\/uploads\/2017\/02\/IMG_3489.jpg\"><img loading=\"lazy\" decoding=\"async\" data-attachment-id=\"709\" data-permalink=\"http:\/\/www.spang.ch\/aude\/fr\/2017\/03\/northern-argentina\/img_3489\/\" data-orig-file=\"https:\/\/i0.wp.com\/www.spang.ch\/aude\/wp-content\/uploads\/2017\/02\/IMG_3489.jpg?fit=5184%2C3456\" data-orig-size=\"5184,3456\" data-comments-opened=\"1\" data-image-meta=\"{&quot;aperture&quot;:&quot;0&quot;,&quot;credit&quot;:&quot;&quot;,&quot;camera&quot;:&quot;&quot;,&quot;caption&quot;:&quot;&quot;,&quot;created_timestamp&quot;:&quot;0&quot;,&quot;copyright&quot;:&quot;&quot;,&quot;focal_length&quot;:&quot;0&quot;,&quot;iso&quot;:&quot;0&quot;,&quot;shutter_speed&quot;:&quot;0&quot;,&quot;title&quot;:&quot;&quot;,&quot;orientation&quot;:&quot;0&quot;}\" data-image-title=\"IMG_3489\" data-image-description=\"\" data-image-caption=\"&lt;p&gt;Salta&lt;\/p&gt;\n\" data-medium-file=\"https:\/\/i0.wp.com\/www.spang.ch\/aude\/wp-content\/uploads\/2017\/02\/IMG_3489.jpg?fit=300%2C200\" data-large-file=\"https:\/\/i0.wp.com\/www.spang.ch\/aude\/wp-content\/uploads\/2017\/02\/IMG_3489.jpg?fit=1000%2C667\" tabindex=\"0\" role=\"button\" class=\"size-large wp-image-709\" src=\"https:\/\/i0.wp.com\/www.spang.ch\/aude\/wp-content\/uploads\/2017\/02\/IMG_3489.jpg?resize=1000%2C667\" alt=\"Salta\" width=\"1000\" height=\"667\" srcset=\"https:\/\/i0.wp.com\/www.spang.ch\/aude\/wp-content\/uploads\/2017\/02\/IMG_3489.jpg?resize=1024%2C683 1024w, https:\/\/i0.wp.com\/www.spang.ch\/aude\/wp-content\/uploads\/2017\/02\/IMG_3489.jpg?resize=300%2C200 300w, https:\/\/i0.wp.com\/www.spang.ch\/aude\/wp-content\/uploads\/2017\/02\/IMG_3489.jpg?resize=768%2C512 768w, https:\/\/i0.wp.com\/www.spang.ch\/aude\/wp-content\/uploads\/2017\/02\/IMG_3489.jpg?resize=960%2C640 960w, https:\/\/i0.wp.com\/www.spang.ch\/aude\/wp-content\/uploads\/2017\/02\/IMG_3489.jpg?resize=450%2C300 450w, https:\/\/i0.wp.com\/www.spang.ch\/aude\/wp-content\/uploads\/2017\/02\/IMG_3489.jpg?w=2000 2000w, https:\/\/i0.wp.com\/www.spang.ch\/aude\/wp-content\/uploads\/2017\/02\/IMG_3489.jpg?w=3000 3000w\" sizes=\"(max-width: 1000px) 100vw, 1000px\" data-recalc-dims=\"1\" \/><\/a><figcaption id=\"caption-attachment-709\" class=\"wp-caption-text\">Salta<\/figcaption><\/figure>\n<p style=\"text-align: justify;\">Le jour suivant, j&rsquo;ai tent\u00e9 l&rsquo;auto-stop, \u00e0 nouveau. Je suis partie avec mes deux gros sacs (\u00e0 chaque \u00e9tape\u00a0un peu plus lourds car avec le temps j&rsquo;y ajoute du mat\u00e9riel et des souvenirs, bien que j&rsquo;aie pu donner des choses \u00e0 Emanuele, qui les a ramen\u00e9es en Suisse pour moi) et j&rsquo;ai commenc\u00e9 \u00e0 marcher le long de la route vers Taf\u00ed del Valle, un refuge de fraicheur\u00a0dans la montagne pour ceux qui souffrent de la chaleur de\u00a0Tucum\u00e1n (la capitale de cette province du nord). Un gentil monsieur s&rsquo;est arr\u00eat\u00e9\u00a0pour moi et m&rsquo;a embarqu\u00e9e pendant plusieurs heures de discussion sur l&rsquo;histoire argentine et d&rsquo;explications, notamment \u00e9conomiques. Le paysage qu&rsquo;on a travers\u00e9 ensemble fut g\u00e9nial parce qu&rsquo;il m&rsquo;a embarqu\u00e9e presque au milieu d&rsquo;un d\u00e9sert tachet\u00e9 de cactus, et qu&rsquo;\u00e0 mesure qu&rsquo;on avancait on arrivait dans une zone plus humide et plus fraiche. Ainsi, on est aussi pass\u00e9s par toute une r\u00e9gion ressemblant \u00e0 mes paysages suisses: verdoyant et entour\u00e9 de montagnes, avec un petit village tout charmant. Ensuite,\u00a0on est redescendus vers une zone plus foresti\u00e8re, baign\u00e9e par la brume, et il m&rsquo;a laiss\u00e9e l\u00e0 o\u00f9 nos chemins se s\u00e9paraient. Le reste de la journ\u00e9e a \u00e9t\u00e9 un ensemble de rencontres de ce genre, de trajets partag\u00e9s plus ou moins courts, selon o\u00f9 allait le chauffeur qui me rendait le service de s&rsquo;arr\u00eater pour moi. J&rsquo;ai ainsi pu rejoindre la Rioja, une petite ville entre Cordoba et Mendoza par o\u00f9 \u00e9tait pass\u00e9 une tornade quelques jours plus tot, laissant la ville partiellement d\u00e9vast\u00e9e avec notamment un poteau \u00e9lectrique en travers de la rue de mon hotel ainsi qu&rsquo;un arbre tomb\u00e9 et moiti\u00e9 d\u00e9racin\u00e9. Ca fait un sacr\u00e9 effet! Cela dit, on voit que ce pays est moderne et organis\u00e9 car les op\u00e9rations de nettoyage et r\u00e9parations avaient commenc\u00e9 presque tout de suite apr\u00e8s la catastrophe, et on voyait malgr\u00e9 les d\u00e9gats que la ville est g\u00e9n\u00e9ralement propre et bien tenue (apr\u00e8s la Bolivie, \u00e7a me changeait).<\/p>\n<figure id=\"attachment_722\" aria-describedby=\"caption-attachment-722\" style=\"width: 683px\" class=\"wp-caption aligncenter\"><a href=\"https:\/\/i0.wp.com\/www.spang.ch\/aude\/wp-content\/uploads\/2017\/03\/IMG_3426-e1488420471830.jpg\"><img loading=\"lazy\" decoding=\"async\" data-attachment-id=\"722\" data-permalink=\"http:\/\/www.spang.ch\/aude\/fr\/2017\/03\/northern-argentina\/img_3426\/\" data-orig-file=\"https:\/\/i0.wp.com\/www.spang.ch\/aude\/wp-content\/uploads\/2017\/03\/IMG_3426-e1488420471830.jpg?fit=3265%2C4898\" data-orig-size=\"3265,4898\" data-comments-opened=\"1\" data-image-meta=\"{&quot;aperture&quot;:&quot;0&quot;,&quot;credit&quot;:&quot;&quot;,&quot;camera&quot;:&quot;&quot;,&quot;caption&quot;:&quot;&quot;,&quot;created_timestamp&quot;:&quot;0&quot;,&quot;copyright&quot;:&quot;&quot;,&quot;focal_length&quot;:&quot;0&quot;,&quot;iso&quot;:&quot;0&quot;,&quot;shutter_speed&quot;:&quot;0&quot;,&quot;title&quot;:&quot;&quot;,&quot;orientation&quot;:&quot;0&quot;}\" data-image-title=\"IMG_3426\" data-image-description=\"\" data-image-caption=\"&lt;p&gt;Salta&lt;\/p&gt;\n\" data-medium-file=\"https:\/\/i0.wp.com\/www.spang.ch\/aude\/wp-content\/uploads\/2017\/03\/IMG_3426-e1488420471830.jpg?fit=200%2C300\" data-large-file=\"https:\/\/i0.wp.com\/www.spang.ch\/aude\/wp-content\/uploads\/2017\/03\/IMG_3426-e1488420471830.jpg?fit=683%2C1024\" tabindex=\"0\" role=\"button\" class=\"size-large wp-image-722\" src=\"https:\/\/i0.wp.com\/www.spang.ch\/aude\/wp-content\/uploads\/2017\/03\/IMG_3426-e1488420471830-683x1024.jpg?resize=683%2C1024\" alt=\"Salta\" width=\"683\" height=\"1024\" srcset=\"https:\/\/i0.wp.com\/www.spang.ch\/aude\/wp-content\/uploads\/2017\/03\/IMG_3426-e1488420471830.jpg?resize=683%2C1024 683w, https:\/\/i0.wp.com\/www.spang.ch\/aude\/wp-content\/uploads\/2017\/03\/IMG_3426-e1488420471830.jpg?resize=200%2C300 200w, https:\/\/i0.wp.com\/www.spang.ch\/aude\/wp-content\/uploads\/2017\/03\/IMG_3426-e1488420471830.jpg?resize=768%2C1152 768w, https:\/\/i0.wp.com\/www.spang.ch\/aude\/wp-content\/uploads\/2017\/03\/IMG_3426-e1488420471830.jpg?w=2000 2000w, https:\/\/i0.wp.com\/www.spang.ch\/aude\/wp-content\/uploads\/2017\/03\/IMG_3426-e1488420471830.jpg?w=3000 3000w\" sizes=\"(max-width: 683px) 100vw, 683px\" data-recalc-dims=\"1\" \/><\/a><figcaption id=\"caption-attachment-722\" class=\"wp-caption-text\">Salta<\/figcaption><\/figure>\n<p style=\"text-align: justify;\">Je n&rsquo;ai pass\u00e9 qu&rsquo;une nuit \u00e0 la Rioja et suis imm\u00e9diatement repartie, toujours en auto-stop. C&rsquo;\u00e9tait l&rsquo;activit\u00e9 de la journ\u00e9e, et \u00e7a me pla\u00eet \u00e9norm\u00e9ment. Bien sur, cela permet d&rsquo;\u00e9conomiser le prix des billets de bus et cela ne co\u00fbte pas grand chose \u00e0 ceux qui s&rsquo;arr\u00eatent, parce qu&rsquo;ils vont de toute facon dans cette direction et font volontiers le voyage en compagnie de quelqu&rsquo;un avec qui discuter (tous \u00e9taient soit camionneurs, soit des gens qui voyagent beaucoup pour le travail, tous des hommes, et qui passent beaucoup de jours \u00e0 rouler seuls &#8211; je suppose que la plupart des autres gens ne veulent pas courir de risque ou veulent etre tranquilles). Mais c&rsquo;est surtout une exp\u00e9rience sympa parce que \u00e7a ouvre la porte, ou plut\u00f4t quelque chose comme une fen\u00eatre permettant de jeter un oeil, de guigner dans la vie d&rsquo;une personne inconnue et qu&rsquo;on ne reverra plus ensuite. C&rsquo;est un vrai contact, tout en espagnol, avec\u00a0quelqu&rsquo;un qui vit vraiment dans le pays, et \u00e7a permet de faire un peu plus connaissance avec la r\u00e9gion. Les r\u00e9alit\u00e9s de la vie, ce que chacun pense de la politique ou autres\u00a0th\u00e8mes qui les int\u00e9ressent; ce sont parfois des \u00e9changes \u00a0tr\u00e8s riches, parfois limit\u00e9s \u00e0 juste partager un moment et parler de nos familles et nos vies (d&rsquo;ailleurs c&rsquo;est trop joli, ici pour dire \u00ab\u00a0ma femme\u00a0\u00bb les gens disent <em>mi se\u00f1ora<\/em>, \u00ab\u00a0ma dame\u00a0\u00bb). Ce sont des moments\u00a0fantastiques! Et tellement de gens sont tellement bienveillants!<\/p>\n<figure id=\"attachment_713\" aria-describedby=\"caption-attachment-713\" style=\"width: 1000px\" class=\"wp-caption aligncenter\"><a href=\"https:\/\/i0.wp.com\/www.spang.ch\/aude\/wp-content\/uploads\/2017\/02\/IMG_3574.jpg\"><img loading=\"lazy\" decoding=\"async\" data-attachment-id=\"713\" data-permalink=\"http:\/\/www.spang.ch\/aude\/fr\/2017\/03\/northern-argentina\/img_3574\/\" data-orig-file=\"https:\/\/i0.wp.com\/www.spang.ch\/aude\/wp-content\/uploads\/2017\/02\/IMG_3574.jpg?fit=5184%2C3456\" data-orig-size=\"5184,3456\" data-comments-opened=\"1\" data-image-meta=\"{&quot;aperture&quot;:&quot;0&quot;,&quot;credit&quot;:&quot;&quot;,&quot;camera&quot;:&quot;&quot;,&quot;caption&quot;:&quot;&quot;,&quot;created_timestamp&quot;:&quot;0&quot;,&quot;copyright&quot;:&quot;&quot;,&quot;focal_length&quot;:&quot;0&quot;,&quot;iso&quot;:&quot;0&quot;,&quot;shutter_speed&quot;:&quot;0&quot;,&quot;title&quot;:&quot;&quot;,&quot;orientation&quot;:&quot;0&quot;}\" data-image-title=\"IMG_3574\" data-image-description=\"\" data-image-caption=\"&lt;p&gt;Fire for asado&lt;\/p&gt;\n\" data-medium-file=\"https:\/\/i0.wp.com\/www.spang.ch\/aude\/wp-content\/uploads\/2017\/02\/IMG_3574.jpg?fit=300%2C200\" data-large-file=\"https:\/\/i0.wp.com\/www.spang.ch\/aude\/wp-content\/uploads\/2017\/02\/IMG_3574.jpg?fit=1000%2C667\" tabindex=\"0\" role=\"button\" class=\"size-large wp-image-713\" src=\"https:\/\/i0.wp.com\/www.spang.ch\/aude\/wp-content\/uploads\/2017\/02\/IMG_3574.jpg?resize=1000%2C667\" alt=\"Fire for asado\" width=\"1000\" height=\"667\" srcset=\"https:\/\/i0.wp.com\/www.spang.ch\/aude\/wp-content\/uploads\/2017\/02\/IMG_3574.jpg?resize=1024%2C683 1024w, https:\/\/i0.wp.com\/www.spang.ch\/aude\/wp-content\/uploads\/2017\/02\/IMG_3574.jpg?resize=300%2C200 300w, https:\/\/i0.wp.com\/www.spang.ch\/aude\/wp-content\/uploads\/2017\/02\/IMG_3574.jpg?resize=768%2C512 768w, https:\/\/i0.wp.com\/www.spang.ch\/aude\/wp-content\/uploads\/2017\/02\/IMG_3574.jpg?resize=960%2C640 960w, https:\/\/i0.wp.com\/www.spang.ch\/aude\/wp-content\/uploads\/2017\/02\/IMG_3574.jpg?resize=450%2C300 450w, https:\/\/i0.wp.com\/www.spang.ch\/aude\/wp-content\/uploads\/2017\/02\/IMG_3574.jpg?w=2000 2000w, https:\/\/i0.wp.com\/www.spang.ch\/aude\/wp-content\/uploads\/2017\/02\/IMG_3574.jpg?w=3000 3000w\" sizes=\"(max-width: 1000px) 100vw, 1000px\" data-recalc-dims=\"1\" \/><\/a><figcaption id=\"caption-attachment-713\" class=\"wp-caption-text\">Fire for asado<\/figcaption><\/figure>\n<p style=\"text-align: justify;\">Pour r\u00e9pondre \u00e0 ceux de vous qui s&rsquo;inqui\u00e8tent d\u00e9j\u00e0\u00a0pour moi, voici mon impression g\u00e9n\u00e9rale sur l&rsquo;auto-stop: bien s\u00fbr je ne le ferais pas dans un pays particuli\u00e8rement pauvre, ni dans une zone particuli\u00e8rement dangereuse et \u00e0 propos de laquelle les habitants du coin disent qu&rsquo;elle n&rsquo;est pas recommandable. D&rsquo;ailleurs je n&rsquo;ai pas fait d&rsquo;auto-stop avant d&rsquo;arriver en Argentine (entre le moment o\u00f9 j&rsquo;ai \u00e9crit cet article et quand je l&rsquo;ai \u00e9dit\u00e9 j&rsquo;ai rencontr\u00e9 une Argentine qui a travers\u00e9 la Colombie ainsi pendant&#8230; 10 mois!). Mais pour toutes les <span style=\"text-decoration: underline;\">craintes<\/span> qui existent \u00e0 ce sujet, combien d&rsquo;histoires y a-t-il vraiment <span style=\"text-decoration: underline;\">d&rsquo;hisoires vraies<\/span> d&rsquo;auto-stoppeurs \u00e0 qui il est arriv\u00e9 quelque chose de mal? J&rsquo;avoue avoir entendu peu d&rsquo;histoires d&rsquo;auto-stop dans ma vie, mais je dois dire que 100% de celles-ci \u00e9taient positives, et les choses n\u00e9gatives que j&rsquo;ai entendues n&rsquo;\u00e9taient toujours que des craintes, pas des faits. Quand on me parlait d&rsquo;auto-stop pour me le raconter, c&rsquo;etait toujours positif. Je pense que bien sur quelque chose de mauvais peut se passer en faisant de l&rsquo;auto-stop, mais je crois\u00a0qu&rsquo;il faut \u00eatre vraiment malchanceux pour que \u00e7a arrive &#8211;\u00a0je suis persuad\u00e9e qu&rsquo;aller au travail en voiture tous les jours comporte un risque mortel bien plus \u00e9lev\u00e9 que faire de l&rsquo;auto-stop et tomber sur un tueur en s\u00e9rie. Et, pour moi, ce qui a achev\u00e9 de me convaincre que j&rsquo;\u00e9tais pas mal en s\u00e9curit\u00e9 fut ce que j&rsquo;ai entendu plusieurs fois: des gars qui se sont arret\u00e9s et m&rsquo;ont prise en auto-stop parce que \u00ab\u00a0c&rsquo;est pas du tout s\u00fbr de faire ca et je me suis inqui\u00e9t\u00e9\u00a0pour toi, une fille toute seule qui fait du stop comme \u00e7a\u00a0\u00bb. C&rsquo;est-a-dire que soit ils s&rsquo;arr\u00eataient et \u00e9taient super sympa et le faisaient parce qu&rsquo;ils avaient envie de compagnie, soit ils s&rsquo;arr\u00eataient parce qu&rsquo;ils pensaient que je serais plus en s\u00e9curit\u00e9 avec eux que quelqu&rsquo;un d&rsquo;autre. Conclusion? Pour moi, les gens sont en majorit\u00e9 bienveillants et gentils. Je compte bien refaire de l&rsquo;auto-stop en Patagonie, qui est tr\u00e8s connue pour ce type de d\u00e9placement et pour \u00eatre habit\u00e9e par des gens extr\u00eamement sympa et serviables (tant les touristes qui y sont pass\u00e9s que les Chiliens et Argentins que j&rsquo;ai connus me l&rsquo;ont confirm\u00e9).<\/p>\n<figure id=\"attachment_712\" aria-describedby=\"caption-attachment-712\" style=\"width: 1000px\" class=\"wp-caption aligncenter\"><a href=\"https:\/\/i0.wp.com\/www.spang.ch\/aude\/wp-content\/uploads\/2017\/02\/IMG_3575.jpg\"><img loading=\"lazy\" decoding=\"async\" data-attachment-id=\"712\" data-permalink=\"http:\/\/www.spang.ch\/aude\/fr\/2017\/03\/northern-argentina\/img_3575\/\" data-orig-file=\"https:\/\/i0.wp.com\/www.spang.ch\/aude\/wp-content\/uploads\/2017\/02\/IMG_3575.jpg?fit=5184%2C3456\" data-orig-size=\"5184,3456\" data-comments-opened=\"1\" data-image-meta=\"{&quot;aperture&quot;:&quot;0&quot;,&quot;credit&quot;:&quot;&quot;,&quot;camera&quot;:&quot;&quot;,&quot;caption&quot;:&quot;&quot;,&quot;created_timestamp&quot;:&quot;0&quot;,&quot;copyright&quot;:&quot;&quot;,&quot;focal_length&quot;:&quot;0&quot;,&quot;iso&quot;:&quot;0&quot;,&quot;shutter_speed&quot;:&quot;0&quot;,&quot;title&quot;:&quot;&quot;,&quot;orientation&quot;:&quot;0&quot;}\" data-image-title=\"IMG_3575\" data-image-description=\"\" data-image-caption=\"&lt;p&gt;Asado&lt;\/p&gt;\n\" data-medium-file=\"https:\/\/i0.wp.com\/www.spang.ch\/aude\/wp-content\/uploads\/2017\/02\/IMG_3575.jpg?fit=300%2C200\" data-large-file=\"https:\/\/i0.wp.com\/www.spang.ch\/aude\/wp-content\/uploads\/2017\/02\/IMG_3575.jpg?fit=1000%2C667\" tabindex=\"0\" role=\"button\" class=\"size-large wp-image-712\" src=\"https:\/\/i0.wp.com\/www.spang.ch\/aude\/wp-content\/uploads\/2017\/02\/IMG_3575.jpg?resize=1000%2C667\" alt=\"Asado\" width=\"1000\" height=\"667\" srcset=\"https:\/\/i0.wp.com\/www.spang.ch\/aude\/wp-content\/uploads\/2017\/02\/IMG_3575.jpg?resize=1024%2C683 1024w, https:\/\/i0.wp.com\/www.spang.ch\/aude\/wp-content\/uploads\/2017\/02\/IMG_3575.jpg?resize=300%2C200 300w, https:\/\/i0.wp.com\/www.spang.ch\/aude\/wp-content\/uploads\/2017\/02\/IMG_3575.jpg?resize=768%2C512 768w, https:\/\/i0.wp.com\/www.spang.ch\/aude\/wp-content\/uploads\/2017\/02\/IMG_3575.jpg?resize=960%2C640 960w, https:\/\/i0.wp.com\/www.spang.ch\/aude\/wp-content\/uploads\/2017\/02\/IMG_3575.jpg?resize=450%2C300 450w, https:\/\/i0.wp.com\/www.spang.ch\/aude\/wp-content\/uploads\/2017\/02\/IMG_3575.jpg?w=2000 2000w, https:\/\/i0.wp.com\/www.spang.ch\/aude\/wp-content\/uploads\/2017\/02\/IMG_3575.jpg?w=3000 3000w\" sizes=\"(max-width: 1000px) 100vw, 1000px\" data-recalc-dims=\"1\" \/><\/a><figcaption id=\"caption-attachment-712\" class=\"wp-caption-text\">Asado &#8211;\u00a0sorry vegetarian friends!<\/figcaption><\/figure>\n<p style=\"text-align: justify;\">Je suis ensuite arriv\u00e9e \u00e0 Mendoza, ma derni\u00e8re \u00e9tape argentine de ce bout de trajet. La journ\u00e9e avait \u00e9t\u00e9 chaude, elle avait commenc\u00e9 en marchant un peu dans un d\u00e9sert vers midi, par pr\u00e8s de 40 degr\u00e9s (je sais, il y a plus strat\u00e9gique comme horaire pour sortir). G\u00e9n\u00e9ralement, mon s\u00e9jour dans le nord de l&rsquo;Argentine fut une dizaine de jours d&rsquo;\u00e9t\u00e9 pur et dur. Ainsi, l&rsquo;air \u00e9tait encore chaud et je portais mes shorts et un top quand je suis sortie me balader en ville ce\u00a0soir-la (sachant qu&rsquo;a ce moment, mes amis et ma famille en Suisse me racontaient des histoires de neige et d&rsquo;une vague de froid traversant le pays). J&rsquo;ai \u00e9t\u00e9 manger des&#8230;. empanadas, \u00e9videmment. Un\u00a0gars sympa qui travaillait dans mon auberge de jeunesse (et que j&rsquo;\u00e9tais appel\u00e9e \u00e0 revoir, suite dans un prochain \u00e9pisode) m&rsquo;avait recommand\u00e9 ce restaurant, notamment pour leurs empanadas de fruits de mer: succulents!!! Retournant \u00e0 l&rsquo;h\u00f4tel, j&rsquo;ai entendu de la musique et me suis arr\u00eat\u00e9e sur une petite place baign\u00e9e de lumi\u00e9re jaune et d\u00e9cor\u00e9e de petites banderoles multicolores. D&rsquo;un haut-parleur pos\u00e9 dans un coin \u00e9manait de la salsa, et une trentaine de gens dansait simplement, les pairs se formant et se d\u00e9formant au fil des chansons, plusieurs g\u00e9n\u00e9rations se retrouvant dans la m\u00e9lodie joyeuse et les pays sensuels de cette musique. Il y a quelque chose d&rsquo;\u00e9ternel et d&rsquo;universel dans la musique, non? Une magie que l&rsquo;on peut sentir ind\u00e9pendamment de notre \u00e2ge ou de nos origines, qui nous fait vibrer et qui peut donner un ton ou une atmosph\u00e8re particuli\u00e8re \u00e0 n&rsquo;importe quel moment. J&rsquo;ai longtemps savour\u00e9 ce petit moment-cadeau agr\u00e9able, en \u00e9t\u00e9 \u00e0 25 degr\u00e9s, seule et heureuse sur une place de Mendoza \u00e0 regarder des gens danser gracieusement et tous souriants\u00a0de partager quelques virevoltes dans cette paisible ambiance.<\/p>\n<div class=\"jetpack-video-wrapper\"><span class=\"embed-youtube\" style=\"text-align:center; display: block;\"><iframe loading=\"lazy\" class=\"youtube-player\" width=\"1000\" height=\"563\" src=\"https:\/\/www.youtube.com\/embed\/cLUIWvAcuSE?version=3&#038;rel=1&#038;showsearch=0&#038;showinfo=1&#038;iv_load_policy=1&#038;fs=1&#038;hl=fr-FR&#038;autohide=2&#038;wmode=transparent\" allowfullscreen=\"true\" style=\"border:0;\" sandbox=\"allow-scripts allow-same-origin allow-popups allow-presentation allow-popups-to-escape-sandbox\"><\/iframe><\/span><\/div>\n<figure id=\"attachment_728\" aria-describedby=\"caption-attachment-728\" style=\"width: 1000px\" class=\"wp-caption aligncenter\"><a href=\"https:\/\/i0.wp.com\/www.spang.ch\/aude\/wp-content\/uploads\/2017\/03\/IMG_3587.jpg\"><img loading=\"lazy\" decoding=\"async\" data-attachment-id=\"728\" data-permalink=\"http:\/\/www.spang.ch\/aude\/fr\/2017\/03\/northern-argentina\/img_3587\/\" data-orig-file=\"https:\/\/i0.wp.com\/www.spang.ch\/aude\/wp-content\/uploads\/2017\/03\/IMG_3587.jpg?fit=4898%2C3265\" data-orig-size=\"4898,3265\" data-comments-opened=\"1\" data-image-meta=\"{&quot;aperture&quot;:&quot;0&quot;,&quot;credit&quot;:&quot;&quot;,&quot;camera&quot;:&quot;&quot;,&quot;caption&quot;:&quot;&quot;,&quot;created_timestamp&quot;:&quot;0&quot;,&quot;copyright&quot;:&quot;&quot;,&quot;focal_length&quot;:&quot;0&quot;,&quot;iso&quot;:&quot;0&quot;,&quot;shutter_speed&quot;:&quot;0&quot;,&quot;title&quot;:&quot;&quot;,&quot;orientation&quot;:&quot;0&quot;}\" data-image-title=\"IMG_3587\" data-image-description=\"\" data-image-caption=\"&lt;p&gt;Mendoza&lt;\/p&gt;\n\" data-medium-file=\"https:\/\/i0.wp.com\/www.spang.ch\/aude\/wp-content\/uploads\/2017\/03\/IMG_3587.jpg?fit=300%2C200\" data-large-file=\"https:\/\/i0.wp.com\/www.spang.ch\/aude\/wp-content\/uploads\/2017\/03\/IMG_3587.jpg?fit=1000%2C667\" tabindex=\"0\" role=\"button\" class=\"size-large wp-image-728\" src=\"https:\/\/i0.wp.com\/www.spang.ch\/aude\/wp-content\/uploads\/2017\/03\/IMG_3587.jpg?resize=1000%2C667\" alt=\"Mendoza\" width=\"1000\" height=\"667\" srcset=\"https:\/\/i0.wp.com\/www.spang.ch\/aude\/wp-content\/uploads\/2017\/03\/IMG_3587.jpg?resize=1024%2C683 1024w, https:\/\/i0.wp.com\/www.spang.ch\/aude\/wp-content\/uploads\/2017\/03\/IMG_3587.jpg?resize=300%2C200 300w, https:\/\/i0.wp.com\/www.spang.ch\/aude\/wp-content\/uploads\/2017\/03\/IMG_3587.jpg?resize=768%2C512 768w, https:\/\/i0.wp.com\/www.spang.ch\/aude\/wp-content\/uploads\/2017\/03\/IMG_3587.jpg?resize=960%2C640 960w, https:\/\/i0.wp.com\/www.spang.ch\/aude\/wp-content\/uploads\/2017\/03\/IMG_3587.jpg?resize=450%2C300 450w, https:\/\/i0.wp.com\/www.spang.ch\/aude\/wp-content\/uploads\/2017\/03\/IMG_3587.jpg?w=2000 2000w, https:\/\/i0.wp.com\/www.spang.ch\/aude\/wp-content\/uploads\/2017\/03\/IMG_3587.jpg?w=3000 3000w\" sizes=\"(max-width: 1000px) 100vw, 1000px\" data-recalc-dims=\"1\" \/><\/a><figcaption id=\"caption-attachment-728\" class=\"wp-caption-text\">Mendoza<\/figcaption><\/figure>\n<p style=\"text-align: justify;\">Plus tard, rentrant au milieu de la nuit et marchant dans les rues tranquilles de Mendoza, je suis pass\u00e9e devant un beau batiment de type colonial, flanqu\u00e9 de palmiers. Les grillons qui chantaient m&rsquo;ont accompagn\u00e9e tout le long de ma balade de retour \u00e0 l&rsquo;h\u00f4tel, d&rsquo;une <em>cuadra<\/em> (bloc de b\u00e2timents) \u00e0 l&rsquo;autre, ne m&rsquo;arr\u00eatant que pour acheter une succulente glace au <em>dulce de leche<\/em> (confiture de lait), noix de coco et <em>maracuya<\/em>, presque \u00e0 la hauteur de mes bien-aim\u00e9es glaces italiennes.* Des gens faisaient des tours en rollers dans les parcs sur mon chemin, je suis aussi pass\u00e9e devant des places tr\u00e8s vertes et de belles fontaines, ainsi que des restos un peu chics, et je me suis dit que, pour ce que je connais de l&rsquo;Espagne (peu), cette ville pourrait y ressembler &#8211; ce pourrait \u00eatre une ville europ\u00e9enne, en gros. Elle est faite de grandes avenues \u00e9clair\u00e9es, propre, bien organis\u00e9e, et tr\u00e8s moderne compar\u00e9 \u00e0 beaucoup de choses que j&rsquo;ai vues jusqu&rsquo;\u00e0 pr\u00e9sent (\u00e0 vrai dire elle est en meilleur \u00e9tat que bien des villes europ\u00e9nnes si j&rsquo;y pense, mais n&rsquo;entrons pas dans les d\u00e9tails). \u00a0Et puis meme les voitures les moins \u00ab\u00a0classe\u00a0\u00bb sont en meilleur \u00e9tat que la moyenne des voitures que j&rsquo;ai vues en Bolivie, par exemple.<\/p>\n<p style=\"text-align: justify;\"><small>*le <em>maracuya<\/em>, le fruit de la passion, est vraiment ma drogue tropicale et je l&rsquo;adore absolument&#8230; il me manquera beaucoup \u00e0 mon retour!<\/small><\/p>\n<figure id=\"attachment_725\" aria-describedby=\"caption-attachment-725\" style=\"width: 1000px\" class=\"wp-caption aligncenter\"><a href=\"https:\/\/i0.wp.com\/www.spang.ch\/aude\/wp-content\/uploads\/2017\/03\/IMG_3539.jpg\"><img loading=\"lazy\" decoding=\"async\" data-attachment-id=\"725\" data-permalink=\"http:\/\/www.spang.ch\/aude\/fr\/2017\/03\/northern-argentina\/img_3539\/\" data-orig-file=\"https:\/\/i0.wp.com\/www.spang.ch\/aude\/wp-content\/uploads\/2017\/03\/IMG_3539.jpg?fit=4898%2C3265\" data-orig-size=\"4898,3265\" data-comments-opened=\"1\" data-image-meta=\"{&quot;aperture&quot;:&quot;0&quot;,&quot;credit&quot;:&quot;&quot;,&quot;camera&quot;:&quot;&quot;,&quot;caption&quot;:&quot;&quot;,&quot;created_timestamp&quot;:&quot;0&quot;,&quot;copyright&quot;:&quot;&quot;,&quot;focal_length&quot;:&quot;0&quot;,&quot;iso&quot;:&quot;0&quot;,&quot;shutter_speed&quot;:&quot;0&quot;,&quot;title&quot;:&quot;&quot;,&quot;orientation&quot;:&quot;0&quot;}\" data-image-title=\"IMG_3539\" data-image-description=\"\" data-image-caption=\"&lt;p&gt;Mendoza&lt;\/p&gt;\n\" data-medium-file=\"https:\/\/i0.wp.com\/www.spang.ch\/aude\/wp-content\/uploads\/2017\/03\/IMG_3539.jpg?fit=300%2C200\" data-large-file=\"https:\/\/i0.wp.com\/www.spang.ch\/aude\/wp-content\/uploads\/2017\/03\/IMG_3539.jpg?fit=1000%2C667\" tabindex=\"0\" role=\"button\" class=\"size-large wp-image-725\" src=\"https:\/\/i0.wp.com\/www.spang.ch\/aude\/wp-content\/uploads\/2017\/03\/IMG_3539.jpg?resize=1000%2C667\" alt=\"Mendoza\" width=\"1000\" height=\"667\" srcset=\"https:\/\/i0.wp.com\/www.spang.ch\/aude\/wp-content\/uploads\/2017\/03\/IMG_3539.jpg?resize=1024%2C683 1024w, https:\/\/i0.wp.com\/www.spang.ch\/aude\/wp-content\/uploads\/2017\/03\/IMG_3539.jpg?resize=300%2C200 300w, https:\/\/i0.wp.com\/www.spang.ch\/aude\/wp-content\/uploads\/2017\/03\/IMG_3539.jpg?resize=768%2C512 768w, https:\/\/i0.wp.com\/www.spang.ch\/aude\/wp-content\/uploads\/2017\/03\/IMG_3539.jpg?resize=960%2C640 960w, https:\/\/i0.wp.com\/www.spang.ch\/aude\/wp-content\/uploads\/2017\/03\/IMG_3539.jpg?resize=450%2C300 450w, https:\/\/i0.wp.com\/www.spang.ch\/aude\/wp-content\/uploads\/2017\/03\/IMG_3539.jpg?w=2000 2000w, https:\/\/i0.wp.com\/www.spang.ch\/aude\/wp-content\/uploads\/2017\/03\/IMG_3539.jpg?w=3000 3000w\" sizes=\"(max-width: 1000px) 100vw, 1000px\" data-recalc-dims=\"1\" \/><\/a><figcaption id=\"caption-attachment-725\" class=\"wp-caption-text\">Mendoza and wine<\/figcaption><\/figure>\n<p style=\"text-align: justify;\">A Mendoza, j&rsquo;ai fait du v\u00e9lo d&rsquo;une cave \u00e0 vin \u00e0 l&rsquo;autre avec des gens de mon h\u00f4tel, beaux paysages de vignes&#8230; et bon vin. Joyeuse balade au soleil, visite d&rsquo;une cave d&rsquo;une ancienne famille italienne et apprentissage de quelques notions concernant le vin. Plus tard, j&rsquo;ai pu savourer un asado, typique. Ce qui signifie, en gros, qu&rsquo;on m&rsquo;a refil\u00e9 quelques feuilles de salade et qu&rsquo;\u00e0 part \u00e7a on m&rsquo;a fourr\u00e9e de viande jusqu&rsquo;\u00e0 explosion. Ceci inclue les parties de viande moins rago\u00fbtantes telles que de l&rsquo;estomac, si je me rappelle bien. \u00c7a, c&rsquo;est fait! Apr\u00e8s \u00e7a, une chouette discussion s&rsquo;est engag\u00e9e avec deux <em>porte\u00f1os<\/em>, des gars de Buenos Aires (appel\u00e9s ainsi car la ville est un <em>puerto<\/em>, un port), jusqu&rsquo;\u00e0 ce qu&rsquo;il commence presque \u00e0 se faire un peu tard pour moi, et l\u00e0 un des deux lance \u00ab\u00a0bon, on sort?\u00a0\u00bb Ah oui, c&rsquo;est vrai, j&rsquo;avais lu qu&rsquo;\u00e0 Buenos Aires les rythmes sont comme en Espagne, et qu&rsquo;on sort plus tard que ce \u00e0 quoi je suis habitu\u00e9e (bon, je suis pas la plus assidue des sorties non plus, on est d&rsquo;accord). Il \u00e9tait 2h du matin&#8230; Tr\u00e8s dur pour moi d&rsquo;inverser la psychologie et de me convaincre que j&rsquo;avais le courage et la motivation pour suivre mes nouveaux potes. Mais, oui, j&rsquo;ai fini par aller danser (sur de la cumbia electro, musique typique latino qu&rsquo;on retrouve \u00e0 la sauce nationale dans beaucoup de pays du continent, teint\u00e9e d&rsquo;\u00e9lectro pour \u00eatre adapt\u00e9 \u00e0 l&rsquo;ambiance de club). Faudra que je me pr\u00e9pare psychologiquement pour Buenos Aires! Et voila, mon passage dans le nord de l&rsquo;Argentine \u00e9tait d\u00e9j\u00e0 termin\u00e9. J&rsquo;ai pass\u00e9 la fronti\u00e8re chilienne en fr\u00f4lant l&rsquo;Aconcagua, la montagne la plus haute d&rsquo;Am\u00e9rique du Sud (6962m, que des amis escaladeraient h\u00e9roiquement un peu plus tard), pour continuer mon voyage vers la Patagonie.<\/p>\n<figure id=\"attachment_711\" aria-describedby=\"caption-attachment-711\" style=\"width: 683px\" class=\"wp-caption aligncenter\"><a href=\"https:\/\/i0.wp.com\/www.spang.ch\/aude\/wp-content\/uploads\/2017\/02\/IMG_3564-e1486665291834.jpg\"><img loading=\"lazy\" decoding=\"async\" data-attachment-id=\"711\" data-permalink=\"http:\/\/www.spang.ch\/aude\/fr\/2017\/03\/northern-argentina\/img_3564\/\" data-orig-file=\"https:\/\/i0.wp.com\/www.spang.ch\/aude\/wp-content\/uploads\/2017\/02\/IMG_3564-e1486665291834.jpg?fit=3456%2C5184\" data-orig-size=\"3456,5184\" data-comments-opened=\"1\" data-image-meta=\"{&quot;aperture&quot;:&quot;0&quot;,&quot;credit&quot;:&quot;&quot;,&quot;camera&quot;:&quot;&quot;,&quot;caption&quot;:&quot;&quot;,&quot;created_timestamp&quot;:&quot;0&quot;,&quot;copyright&quot;:&quot;&quot;,&quot;focal_length&quot;:&quot;0&quot;,&quot;iso&quot;:&quot;0&quot;,&quot;shutter_speed&quot;:&quot;0&quot;,&quot;title&quot;:&quot;&quot;,&quot;orientation&quot;:&quot;0&quot;}\" data-image-title=\"IMG_3564\" data-image-description=\"\" data-image-caption=\"&lt;p&gt;Mendoza&lt;\/p&gt;\n\" data-medium-file=\"https:\/\/i0.wp.com\/www.spang.ch\/aude\/wp-content\/uploads\/2017\/02\/IMG_3564-e1486665291834.jpg?fit=200%2C300\" data-large-file=\"https:\/\/i0.wp.com\/www.spang.ch\/aude\/wp-content\/uploads\/2017\/02\/IMG_3564-e1486665291834.jpg?fit=683%2C1024\" tabindex=\"0\" role=\"button\" class=\"size-large wp-image-711\" src=\"https:\/\/i0.wp.com\/www.spang.ch\/aude\/wp-content\/uploads\/2017\/02\/IMG_3564-e1486665291834-683x1024.jpg?resize=683%2C1024\" alt=\"Mendoza\" width=\"683\" height=\"1024\" srcset=\"https:\/\/i0.wp.com\/www.spang.ch\/aude\/wp-content\/uploads\/2017\/02\/IMG_3564-e1486665291834.jpg?resize=683%2C1024 683w, https:\/\/i0.wp.com\/www.spang.ch\/aude\/wp-content\/uploads\/2017\/02\/IMG_3564-e1486665291834.jpg?resize=200%2C300 200w, https:\/\/i0.wp.com\/www.spang.ch\/aude\/wp-content\/uploads\/2017\/02\/IMG_3564-e1486665291834.jpg?resize=768%2C1152 768w, https:\/\/i0.wp.com\/www.spang.ch\/aude\/wp-content\/uploads\/2017\/02\/IMG_3564-e1486665291834.jpg?w=2000 2000w, https:\/\/i0.wp.com\/www.spang.ch\/aude\/wp-content\/uploads\/2017\/02\/IMG_3564-e1486665291834.jpg?w=3000 3000w\" sizes=\"(max-width: 683px) 100vw, 683px\" data-recalc-dims=\"1\" \/><\/a><figcaption id=\"caption-attachment-711\" class=\"wp-caption-text\">Mendoza<\/figcaption><\/figure>\n<p style=\"text-align: justify;\">Un mot sur les Argentins: le pays \u00e9tant une sacr\u00e9e terre d&rsquo;immigration, quiconque peut passer pour argentin car ils ressemblent \u00e0 tout et n&rsquo;importe quoi! Je veux dire par l\u00e0 qu&rsquo;ils peuvent \u00eatre bronz\u00e9s, au teint mat, et fris\u00e9s, ou avoir les yeux bleus et le visage p\u00e2le. M\u00eame blonds parfois! Par contre ce qu&rsquo;il n&rsquo;y a pas ce sont des noirs ou des indig\u00e8nes. Si je me rappelle bien, une gentille petite extermination d&rsquo;indig\u00e8nes et d&rsquo;esclaves a eu lieu, accompagn\u00e9e d&rsquo;encouragements \u00e0 l&rsquo;immigration pour les Europ\u00e9ens, \u00e0 la p\u00e9riode o\u00f9 l&rsquo;Argentine se voulait plus blanche (voila qui plairait \u00e0 ce connard de Trump). Le pays est donc constitu\u00e9 en grande partie de gens qui vous diront avoir des origines italiennes ou allemandes, remontant \u00e0 quelques g\u00e9n\u00e9rations. Il y a une sacr\u00e9e influence italienne dans la culture d&rsquo;ailleurs, entre les noms des gens, la qualit\u00e9 des glaces, le vin, le langage gestuel et autres expressions ins\u00e9r\u00e9es dans l&rsquo;espagnol d&rsquo;ici, ainsi qu&rsquo;un tres grand orgueil par rapport a son pays (je me sens presque chez moi!). On assiste aussi \u00e0 une int\u00e9ressante contradiction: non seulement le pays a servi de terre d&rsquo;accueil \u00e0 de nombreux allemands et de refuge \u00e0 beaucoup de&#8230; nazis, mais Buenos Aires est aussi la troisi\u00e8me plus grande communaut\u00e9 juive au monde (apr\u00e8s Isra\u00ebl et New York). Bref, l&rsquo;Argentine est un pays surprenant. Les Argentins d\u00e9testent leurs voisins Chiliens et leur accent, eux disent que c&rsquo;est pour des raisons historiques (lorsque l&rsquo;Argentine fut en guerre avec le Royaume-Uni au sujet des Falklands -Malouines pour les Argentins-, le Chili fut le seul pays latino\u00a0\u00e0 se ranger au c\u00f4t\u00e9 des roastbeef, ce qui n&rsquo;aurait pas encore \u00e9t\u00e9 pardonn\u00e9). Des\u00a0Chiliens m&rsquo;ont dit que selon eux c&rsquo;est plut\u00f4t parce qu&rsquo;ils les battent au football&#8230; Je ne trancherai pas!<\/p>\n<figure id=\"attachment_726\" aria-describedby=\"caption-attachment-726\" style=\"width: 1000px\" class=\"wp-caption aligncenter\"><a href=\"https:\/\/i0.wp.com\/www.spang.ch\/aude\/wp-content\/uploads\/2017\/03\/IMG_3601.jpg\"><img loading=\"lazy\" decoding=\"async\" data-attachment-id=\"726\" data-permalink=\"http:\/\/www.spang.ch\/aude\/fr\/2017\/03\/northern-argentina\/img_3601\/\" data-orig-file=\"https:\/\/i0.wp.com\/www.spang.ch\/aude\/wp-content\/uploads\/2017\/03\/IMG_3601.jpg?fit=4898%2C3265\" data-orig-size=\"4898,3265\" data-comments-opened=\"1\" data-image-meta=\"{&quot;aperture&quot;:&quot;0&quot;,&quot;credit&quot;:&quot;&quot;,&quot;camera&quot;:&quot;&quot;,&quot;caption&quot;:&quot;&quot;,&quot;created_timestamp&quot;:&quot;0&quot;,&quot;copyright&quot;:&quot;&quot;,&quot;focal_length&quot;:&quot;0&quot;,&quot;iso&quot;:&quot;0&quot;,&quot;shutter_speed&quot;:&quot;0&quot;,&quot;title&quot;:&quot;&quot;,&quot;orientation&quot;:&quot;0&quot;}\" data-image-title=\"IMG_3601\" data-image-description=\"\" data-image-caption=\"&lt;p&gt;Leaving Argentina&lt;\/p&gt;\n\" data-medium-file=\"https:\/\/i0.wp.com\/www.spang.ch\/aude\/wp-content\/uploads\/2017\/03\/IMG_3601.jpg?fit=300%2C200\" data-large-file=\"https:\/\/i0.wp.com\/www.spang.ch\/aude\/wp-content\/uploads\/2017\/03\/IMG_3601.jpg?fit=1000%2C667\" tabindex=\"0\" role=\"button\" class=\"size-large wp-image-726\" src=\"https:\/\/i0.wp.com\/www.spang.ch\/aude\/wp-content\/uploads\/2017\/03\/IMG_3601.jpg?resize=1000%2C667\" alt=\"Leaving Argentina\" width=\"1000\" height=\"667\" srcset=\"https:\/\/i0.wp.com\/www.spang.ch\/aude\/wp-content\/uploads\/2017\/03\/IMG_3601.jpg?resize=1024%2C683 1024w, https:\/\/i0.wp.com\/www.spang.ch\/aude\/wp-content\/uploads\/2017\/03\/IMG_3601.jpg?resize=300%2C200 300w, https:\/\/i0.wp.com\/www.spang.ch\/aude\/wp-content\/uploads\/2017\/03\/IMG_3601.jpg?resize=768%2C512 768w, https:\/\/i0.wp.com\/www.spang.ch\/aude\/wp-content\/uploads\/2017\/03\/IMG_3601.jpg?resize=960%2C640 960w, https:\/\/i0.wp.com\/www.spang.ch\/aude\/wp-content\/uploads\/2017\/03\/IMG_3601.jpg?resize=450%2C300 450w, https:\/\/i0.wp.com\/www.spang.ch\/aude\/wp-content\/uploads\/2017\/03\/IMG_3601.jpg?w=2000 2000w, https:\/\/i0.wp.com\/www.spang.ch\/aude\/wp-content\/uploads\/2017\/03\/IMG_3601.jpg?w=3000 3000w\" sizes=\"(max-width: 1000px) 100vw, 1000px\" data-recalc-dims=\"1\" \/><\/a><figcaption id=\"caption-attachment-726\" class=\"wp-caption-text\">Leaving Argentina<\/figcaption><\/figure>\n<p style=\"text-align: justify;\">Pour finir, l&rsquo;espagnol d&rsquo;Argentine poss\u00e8de quelques particularit\u00e9s assez uniques qui le rendent assez reconnaissable: le plus marquant, c&rsquo;est qu&rsquo;ils disent <em>che<\/em>\u00a0(prononcer \u00ab\u00a0tch\u00e9\u00a0\u00bb) \u00e0 tout bout de champ (de la est venu le surnom d&rsquo;Ernesto Guevara d&rsquo;ailleurs, gu\u00e9rillero argentin parti se battre \u00e0 Cuba). Le plus perturbant pour moi c&rsquo;est qu&rsquo;au lieu du <em>t\u00fa<\/em> (tu) ils emploient <em>vos<\/em>, qui a une conjugaison \u00e0 part entre le <em>t\u00fa<\/em> et le <em>vosotros<\/em>\u00a0d&rsquo;Espagne. Les premi\u00e8res fois, je n&rsquo;y comprenais rien! Sinon ils ont un vocabulaire \u00e0 eux, parfois partag\u00e9 avec le Chili: <em>b\u00e1can<\/em>\/<em>ch\u00e9vere<\/em> (cool) se dit <em>piola<\/em> ou <em>copado<\/em>, <em>muy<\/em> (tr\u00e8s) -&gt; <em>re<\/em>, <em>excelente<\/em> -&gt; <em>la raja<\/em>, <em>joven<\/em> (jeune homme) -&gt; <em>chango<\/em> (surtout dans le nord, je crois), etc. Et, finalement, il me faut mentionner le <em>lunfardo<\/em>, l&rsquo;accent particulier des porte\u00f1os de Buenos Aires: l\u00e0 o\u00f9 le reste de l&rsquo;Am\u00e9rique latine prononce le double LL \u00ab\u00a0ji\u00a0\u00bb(et les espagnols \u00ab\u00a0i\u00a0\u00bb), le lunfardo le transforme en&#8230; \u00ab\u00a0ch\u00a0\u00bb. Exemple: petit d\u00e9jeuner = <em>desayuno<\/em> (d\u00e9-sa-jiou-no) = \u00ab\u00a0d\u00e9sachouno\u00a0\u00bb \u00e0 Buenos Aires. Il m&rsquo;a fallu un petit temps d&rsquo;adaptation et maintenant je rafole\u00a0de cet accent! D&rsquo;ailleurs c&rsquo;est l&rsquo;accent chouchou \u00e0 travers le continent, favori de ces dames.<\/p>\n<p style=\"text-align: justify;\">PS: je m&rsquo;excuse pour les fautes de fran\u00e7ais, j&rsquo;avoue passer tellement de temps \u00e0 \u00e9crire et traduire que je d\u00e9laisse un peu la relecture, mais je pr\u00e9f\u00e8re vous partager mes histoires telles quelles que saturer et arr\u00eater d&rsquo;\u00e9crire. Vive le fran\u00e7ais malgr\u00e9 tout!<\/p>\n<p style=\"text-align: justify;\"><strong>Lecture en cours:<\/strong> un livre p\u00e9ruvien, <em>Les Rivi\u00e8res Profondes<\/em>, par <span class=\"st\">Jos\u00e9 Mar\u00eda Arguedas. J&rsquo;en suis encore au P\u00e9rou car j&rsquo;ai malheureusement peu de temps pour lire, toujours en route ou avec des gens, et dans le bus&#8230; j&rsquo;essaie d&rsquo;\u00e9crire<\/span><span class=\"st\">\u00a0mes articles!<\/span><\/p>\n<p style=\"text-align: justify;\"><strong>Prochaines \u00e9tapes:<\/strong> le Chili, de Santiago \u00e0 Chilo\u00e9, puis ma ch\u00e8re Patagonie<\/p>\n<p style=\"text-align: justify;\"><strong>O\u00f9 je suis en ce moment:<\/strong> d\u00e9j\u00e0 au Br\u00e9sil, et tr\u00e8s en retard dans mes r\u00e9cits de voyage! Ce que je viens de vous conter date d\u00e9j\u00e0 d&rsquo;un mois et demi environ. Pas facile de trouver le temps et la connexion internet n\u00e9cessaires&#8230;<\/p>\n<p style=\"text-align: center;\"><strong>Pour plus de\u00a0photos du Nord de l&rsquo;Argentine: <a href=\"https:\/\/goo.gl\/photos\/oyEVL9uiCBkUuuvd8\">clique ici!<\/a><\/strong><\/p>\n<p><figure id=\"attachment_715\" aria-describedby=\"caption-attachment-715\" style=\"width: 1000px\" class=\"wp-caption aligncenter\"><a href=\"https:\/\/i0.wp.com\/www.spang.ch\/aude\/wp-content\/uploads\/2017\/02\/IMG_3650.jpg\"><img loading=\"lazy\" decoding=\"async\" data-attachment-id=\"715\" data-permalink=\"http:\/\/www.spang.ch\/aude\/fr\/2017\/03\/northern-argentina\/img_3650\/\" data-orig-file=\"https:\/\/i0.wp.com\/www.spang.ch\/aude\/wp-content\/uploads\/2017\/02\/IMG_3650.jpg?fit=5184%2C3456\" data-orig-size=\"5184,3456\" data-comments-opened=\"1\" data-image-meta=\"{&quot;aperture&quot;:&quot;0&quot;,&quot;credit&quot;:&quot;&quot;,&quot;camera&quot;:&quot;&quot;,&quot;caption&quot;:&quot;&quot;,&quot;created_timestamp&quot;:&quot;0&quot;,&quot;copyright&quot;:&quot;&quot;,&quot;focal_length&quot;:&quot;0&quot;,&quot;iso&quot;:&quot;0&quot;,&quot;shutter_speed&quot;:&quot;0&quot;,&quot;title&quot;:&quot;&quot;,&quot;orientation&quot;:&quot;0&quot;}\" data-image-title=\"IMG_3650\" data-image-description=\"\" data-image-caption=\"&lt;p&gt;Leaving Argentina &#8211; perhaps a picture of the Aconcagua&lt;\/p&gt;\n\" data-medium-file=\"https:\/\/i0.wp.com\/www.spang.ch\/aude\/wp-content\/uploads\/2017\/02\/IMG_3650.jpg?fit=300%2C200\" data-large-file=\"https:\/\/i0.wp.com\/www.spang.ch\/aude\/wp-content\/uploads\/2017\/02\/IMG_3650.jpg?fit=1000%2C667\" tabindex=\"0\" role=\"button\" class=\"size-large wp-image-715\" src=\"https:\/\/i0.wp.com\/www.spang.ch\/aude\/wp-content\/uploads\/2017\/02\/IMG_3650.jpg?resize=1000%2C667\" alt=\"Leaving Argentina - perhaps a picture of the Aconcagua\" width=\"1000\" height=\"667\" srcset=\"https:\/\/i0.wp.com\/www.spang.ch\/aude\/wp-content\/uploads\/2017\/02\/IMG_3650.jpg?resize=1024%2C683 1024w, https:\/\/i0.wp.com\/www.spang.ch\/aude\/wp-content\/uploads\/2017\/02\/IMG_3650.jpg?resize=300%2C200 300w, https:\/\/i0.wp.com\/www.spang.ch\/aude\/wp-content\/uploads\/2017\/02\/IMG_3650.jpg?resize=768%2C512 768w, https:\/\/i0.wp.com\/www.spang.ch\/aude\/wp-content\/uploads\/2017\/02\/IMG_3650.jpg?resize=960%2C640 960w, https:\/\/i0.wp.com\/www.spang.ch\/aude\/wp-content\/uploads\/2017\/02\/IMG_3650.jpg?resize=450%2C300 450w, https:\/\/i0.wp.com\/www.spang.ch\/aude\/wp-content\/uploads\/2017\/02\/IMG_3650.jpg?w=2000 2000w, https:\/\/i0.wp.com\/www.spang.ch\/aude\/wp-content\/uploads\/2017\/02\/IMG_3650.jpg?w=3000 3000w\" sizes=\"(max-width: 1000px) 100vw, 1000px\" data-recalc-dims=\"1\" \/><\/a><figcaption id=\"caption-attachment-715\" class=\"wp-caption-text\">Leaving Argentina &#8211; perhaps a picture of the Aconcagua (I&rsquo;m not sure)<\/figcaption><\/figure><\/p>","protected":false},"excerpt":{"rendered":"<p>Le rythme auquel je change de pays s&rsquo;est pas mal acc\u00e9l\u00e9r\u00e9 depuis quelques temps&#8230; Apr\u00e8s pr\u00e8s de 2 mois en Colombie et environ un au P\u00e9rou, j&rsquo;ai pass\u00e9 12 jours en Bolivie, et si je voulais pouvoir arriver en Patagonie durant ce voyage, il fallait d\u00e9j\u00e0 que je continue ma route vers le sud. Ce&#8230; <\/p>\n<div class=\"link-more\"><a href=\"http:\/\/www.spang.ch\/aude\/fr\/2017\/03\/northern-argentina\/\">En savoir plus<\/a><\/div>\n","protected":false},"author":1,"featured_media":707,"comment_status":"open","ping_status":"open","sticky":false,"template":"","format":"standard","meta":{"jetpack_post_was_ever_published":false,"_jetpack_newsletter_access":"","_jetpack_dont_email_post_to_subs":true,"_jetpack_newsletter_tier_id":0,"_jetpack_memberships_contains_paywalled_content":false,"_jetpack_memberships_contains_paid_content":false,"footnotes":"","jetpack_publicize_message":"","jetpack_publicize_feature_enabled":true,"jetpack_social_post_already_shared":true,"jetpack_social_options":{"image_generator_settings":{"template":"highway","enabled":false},"version":2}},"categories":[4],"tags":[],"jetpack_publicize_connections":[],"jetpack_featured_media_url":"https:\/\/i0.wp.com\/www.spang.ch\/aude\/wp-content\/uploads\/2017\/02\/IMG_3472-e1486664868132.jpg?fit=3456%2C5184","jetpack_shortlink":"https:\/\/wp.me\/p7EYAh-9X","jetpack-related-posts":[],"jetpack_likes_enabled":true,"jetpack_sharing_enabled":true,"_links":{"self":[{"href":"http:\/\/www.spang.ch\/aude\/fr\/wp-json\/wp\/v2\/posts\/617"}],"collection":[{"href":"http:\/\/www.spang.ch\/aude\/fr\/wp-json\/wp\/v2\/posts"}],"about":[{"href":"http:\/\/www.spang.ch\/aude\/fr\/wp-json\/wp\/v2\/types\/post"}],"author":[{"embeddable":true,"href":"http:\/\/www.spang.ch\/aude\/fr\/wp-json\/wp\/v2\/users\/1"}],"replies":[{"embeddable":true,"href":"http:\/\/www.spang.ch\/aude\/fr\/wp-json\/wp\/v2\/comments?post=617"}],"version-history":[{"count":32,"href":"http:\/\/www.spang.ch\/aude\/fr\/wp-json\/wp\/v2\/posts\/617\/revisions"}],"predecessor-version":[{"id":735,"href":"http:\/\/www.spang.ch\/aude\/fr\/wp-json\/wp\/v2\/posts\/617\/revisions\/735"}],"wp:featuredmedia":[{"embeddable":true,"href":"http:\/\/www.spang.ch\/aude\/fr\/wp-json\/wp\/v2\/media\/707"}],"wp:attachment":[{"href":"http:\/\/www.spang.ch\/aude\/fr\/wp-json\/wp\/v2\/media?parent=617"}],"wp:term":[{"taxonomy":"category","embeddable":true,"href":"http:\/\/www.spang.ch\/aude\/fr\/wp-json\/wp\/v2\/categories?post=617"},{"taxonomy":"post_tag","embeddable":true,"href":"http:\/\/www.spang.ch\/aude\/fr\/wp-json\/wp\/v2\/tags?post=617"}],"curies":[{"name":"wp","href":"https:\/\/api.w.org\/{rel}","templated":true}]}}