{"id":612,"date":"2017-01-22T21:30:44","date_gmt":"2017-01-22T19:30:44","guid":{"rendered":"http:\/\/www.spang.ch\/aude\/?p=612"},"modified":"2017-01-22T21:34:24","modified_gmt":"2017-01-22T19:34:24","slug":"bolivia","status":"publish","type":"post","link":"http:\/\/www.spang.ch\/aude\/fr\/2017\/01\/bolivia\/","title":{"rendered":"La Bolivie \u00e0 quatre mains"},"content":{"rendered":"<p><figure id=\"attachment_663\" aria-describedby=\"caption-attachment-663\" style=\"width: 1000px\" class=\"wp-caption aligncenter\"><a href=\"https:\/\/i0.wp.com\/www.spang.ch\/aude\/wp-content\/uploads\/2017\/01\/IMG_3126.jpg\"><img loading=\"lazy\" decoding=\"async\" data-attachment-id=\"663\" data-permalink=\"http:\/\/www.spang.ch\/aude\/fr\/2017\/01\/bolivia\/img_3126\/\" data-orig-file=\"https:\/\/i0.wp.com\/www.spang.ch\/aude\/wp-content\/uploads\/2017\/01\/IMG_3126.jpg?fit=4898%2C3265\" data-orig-size=\"4898,3265\" data-comments-opened=\"1\" data-image-meta=\"{&quot;aperture&quot;:&quot;0&quot;,&quot;credit&quot;:&quot;&quot;,&quot;camera&quot;:&quot;&quot;,&quot;caption&quot;:&quot;&quot;,&quot;created_timestamp&quot;:&quot;0&quot;,&quot;copyright&quot;:&quot;&quot;,&quot;focal_length&quot;:&quot;0&quot;,&quot;iso&quot;:&quot;0&quot;,&quot;shutter_speed&quot;:&quot;0&quot;,&quot;title&quot;:&quot;&quot;,&quot;orientation&quot;:&quot;0&quot;}\" data-image-title=\"IMG_3126\" data-image-description=\"\" data-image-caption=\"&lt;p&gt;South Lipez&lt;\/p&gt;\n\" data-medium-file=\"https:\/\/i0.wp.com\/www.spang.ch\/aude\/wp-content\/uploads\/2017\/01\/IMG_3126.jpg?fit=300%2C200\" data-large-file=\"https:\/\/i0.wp.com\/www.spang.ch\/aude\/wp-content\/uploads\/2017\/01\/IMG_3126.jpg?fit=1000%2C667\" tabindex=\"0\" role=\"button\" class=\"wp-image-663 size-large\" src=\"https:\/\/i0.wp.com\/www.spang.ch\/aude\/wp-content\/uploads\/2017\/01\/IMG_3126.jpg?resize=1000%2C667\" alt=\"IMG_3126\" width=\"1000\" height=\"667\" srcset=\"https:\/\/i0.wp.com\/www.spang.ch\/aude\/wp-content\/uploads\/2017\/01\/IMG_3126.jpg?resize=1024%2C683 1024w, https:\/\/i0.wp.com\/www.spang.ch\/aude\/wp-content\/uploads\/2017\/01\/IMG_3126.jpg?resize=300%2C200 300w, https:\/\/i0.wp.com\/www.spang.ch\/aude\/wp-content\/uploads\/2017\/01\/IMG_3126.jpg?resize=768%2C512 768w, https:\/\/i0.wp.com\/www.spang.ch\/aude\/wp-content\/uploads\/2017\/01\/IMG_3126.jpg?resize=960%2C640 960w, https:\/\/i0.wp.com\/www.spang.ch\/aude\/wp-content\/uploads\/2017\/01\/IMG_3126.jpg?resize=450%2C300 450w, https:\/\/i0.wp.com\/www.spang.ch\/aude\/wp-content\/uploads\/2017\/01\/IMG_3126.jpg?w=2000 2000w, https:\/\/i0.wp.com\/www.spang.ch\/aude\/wp-content\/uploads\/2017\/01\/IMG_3126.jpg?w=3000 3000w\" sizes=\"(max-width: 1000px) 100vw, 1000px\" data-recalc-dims=\"1\" \/><\/a><figcaption id=\"caption-attachment-663\" class=\"wp-caption-text\">South Lipez<\/figcaption><\/figure><\/p>\n<p style=\"text-align: justify;\">La Bolivie fut le th\u00e9\u00e2tre de douces retrouvailles, parce que mon Eman est venu me rejoindre de l&rsquo;autre c\u00f4t\u00e9 de la plan\u00e8te. Apr\u00e8s 2,5 mois sans se voir, c&rsquo;est \u00e0 Santa Cruz que nous avons pass\u00e9 No\u00ebl par 30 degr\u00e9s (nuageux cela dit). Emanuele a eu droit \u00e0 ses premiers jus de fruits, et ses premiers repas au march\u00e9. Pas tomb\u00e9 une seule fois malade, je pr\u00e9cise!<\/p>\n<figure id=\"attachment_653\" aria-describedby=\"caption-attachment-653\" style=\"width: 1000px\" class=\"wp-caption aligncenter\"><a href=\"https:\/\/i0.wp.com\/www.spang.ch\/aude\/wp-content\/uploads\/2017\/01\/IMG_3016.jpg\"><img loading=\"lazy\" decoding=\"async\" data-attachment-id=\"653\" data-permalink=\"http:\/\/www.spang.ch\/aude\/fr\/2017\/01\/bolivia\/img_3016\/\" data-orig-file=\"https:\/\/i0.wp.com\/www.spang.ch\/aude\/wp-content\/uploads\/2017\/01\/IMG_3016.jpg?fit=5184%2C3456\" data-orig-size=\"5184,3456\" data-comments-opened=\"1\" data-image-meta=\"{&quot;aperture&quot;:&quot;0&quot;,&quot;credit&quot;:&quot;&quot;,&quot;camera&quot;:&quot;&quot;,&quot;caption&quot;:&quot;&quot;,&quot;created_timestamp&quot;:&quot;0&quot;,&quot;copyright&quot;:&quot;&quot;,&quot;focal_length&quot;:&quot;0&quot;,&quot;iso&quot;:&quot;0&quot;,&quot;shutter_speed&quot;:&quot;0&quot;,&quot;title&quot;:&quot;&quot;,&quot;orientation&quot;:&quot;0&quot;}\" data-image-title=\"IMG_3016\" data-image-description=\"\" data-image-caption=\"&lt;p&gt;South Lipez&lt;\/p&gt;\n\" data-medium-file=\"https:\/\/i0.wp.com\/www.spang.ch\/aude\/wp-content\/uploads\/2017\/01\/IMG_3016.jpg?fit=300%2C200\" data-large-file=\"https:\/\/i0.wp.com\/www.spang.ch\/aude\/wp-content\/uploads\/2017\/01\/IMG_3016.jpg?fit=1000%2C667\" tabindex=\"0\" role=\"button\" class=\"size-large wp-image-653\" src=\"https:\/\/i0.wp.com\/www.spang.ch\/aude\/wp-content\/uploads\/2017\/01\/IMG_3016.jpg?resize=1000%2C667\" alt=\"South Lipez\" width=\"1000\" height=\"667\" srcset=\"https:\/\/i0.wp.com\/www.spang.ch\/aude\/wp-content\/uploads\/2017\/01\/IMG_3016.jpg?resize=1024%2C683 1024w, https:\/\/i0.wp.com\/www.spang.ch\/aude\/wp-content\/uploads\/2017\/01\/IMG_3016.jpg?resize=300%2C200 300w, https:\/\/i0.wp.com\/www.spang.ch\/aude\/wp-content\/uploads\/2017\/01\/IMG_3016.jpg?resize=768%2C512 768w, https:\/\/i0.wp.com\/www.spang.ch\/aude\/wp-content\/uploads\/2017\/01\/IMG_3016.jpg?resize=960%2C640 960w, https:\/\/i0.wp.com\/www.spang.ch\/aude\/wp-content\/uploads\/2017\/01\/IMG_3016.jpg?resize=450%2C300 450w, https:\/\/i0.wp.com\/www.spang.ch\/aude\/wp-content\/uploads\/2017\/01\/IMG_3016.jpg?w=2000 2000w, https:\/\/i0.wp.com\/www.spang.ch\/aude\/wp-content\/uploads\/2017\/01\/IMG_3016.jpg?w=3000 3000w\" sizes=\"(max-width: 1000px) 100vw, 1000px\" data-recalc-dims=\"1\" \/><\/a><figcaption id=\"caption-attachment-653\" class=\"wp-caption-text\">South Lipez<\/figcaption><\/figure>\n<figure id=\"attachment_645\" aria-describedby=\"caption-attachment-645\" style=\"width: 683px\" class=\"wp-caption aligncenter\"><a href=\"https:\/\/i0.wp.com\/www.spang.ch\/aude\/wp-content\/uploads\/2017\/01\/IMG_2774-e1484671157194.jpg\"><img loading=\"lazy\" decoding=\"async\" data-attachment-id=\"645\" data-permalink=\"http:\/\/www.spang.ch\/aude\/fr\/2017\/01\/bolivia\/img_2774\/\" data-orig-file=\"https:\/\/i0.wp.com\/www.spang.ch\/aude\/wp-content\/uploads\/2017\/01\/IMG_2774-e1484671157194.jpg?fit=3456%2C5184\" data-orig-size=\"3456,5184\" data-comments-opened=\"1\" data-image-meta=\"{&quot;aperture&quot;:&quot;0&quot;,&quot;credit&quot;:&quot;&quot;,&quot;camera&quot;:&quot;&quot;,&quot;caption&quot;:&quot;&quot;,&quot;created_timestamp&quot;:&quot;0&quot;,&quot;copyright&quot;:&quot;&quot;,&quot;focal_length&quot;:&quot;0&quot;,&quot;iso&quot;:&quot;0&quot;,&quot;shutter_speed&quot;:&quot;0&quot;,&quot;title&quot;:&quot;&quot;,&quot;orientation&quot;:&quot;0&quot;}\" data-image-title=\"IMG_2774\" data-image-description=\"\" data-image-caption=\"&lt;p&gt;South Lipez&lt;\/p&gt;\n\" data-medium-file=\"https:\/\/i0.wp.com\/www.spang.ch\/aude\/wp-content\/uploads\/2017\/01\/IMG_2774-e1484671157194.jpg?fit=200%2C300\" data-large-file=\"https:\/\/i0.wp.com\/www.spang.ch\/aude\/wp-content\/uploads\/2017\/01\/IMG_2774-e1484671157194.jpg?fit=683%2C1024\" tabindex=\"0\" role=\"button\" class=\"size-large wp-image-645\" src=\"https:\/\/i0.wp.com\/www.spang.ch\/aude\/wp-content\/uploads\/2017\/01\/IMG_2774-e1484671157194-683x1024.jpg?resize=683%2C1024\" alt=\"South Lipez\" width=\"683\" height=\"1024\" srcset=\"https:\/\/i0.wp.com\/www.spang.ch\/aude\/wp-content\/uploads\/2017\/01\/IMG_2774-e1484671157194.jpg?resize=683%2C1024 683w, https:\/\/i0.wp.com\/www.spang.ch\/aude\/wp-content\/uploads\/2017\/01\/IMG_2774-e1484671157194.jpg?resize=200%2C300 200w, https:\/\/i0.wp.com\/www.spang.ch\/aude\/wp-content\/uploads\/2017\/01\/IMG_2774-e1484671157194.jpg?resize=768%2C1152 768w, https:\/\/i0.wp.com\/www.spang.ch\/aude\/wp-content\/uploads\/2017\/01\/IMG_2774-e1484671157194.jpg?w=2000 2000w, https:\/\/i0.wp.com\/www.spang.ch\/aude\/wp-content\/uploads\/2017\/01\/IMG_2774-e1484671157194.jpg?w=3000 3000w\" sizes=\"(max-width: 683px) 100vw, 683px\" data-recalc-dims=\"1\" \/><\/a><figcaption id=\"caption-attachment-645\" class=\"wp-caption-text\">South Lipez<\/figcaption><\/figure>\n<p style=\"text-align: justify;\">Nous avons pass\u00e9 douze superbes journ\u00e9es ensemble, en commen\u00e7ant par la d\u00e9cevante d\u00e9couverte de Santa Cruz et de son manque de charme, d&rsquo;int\u00e9r\u00eat culturel et de propret\u00e9. Puis nous avons embarqu\u00e9 pour ce qui fut mon pire trajet en bus (de nuit) de tout le voyage, le premier d&rsquo;Eman en Am\u00e9rique du Sud. Le bus puait (ou plut\u00f4t les gens dedans), il \u00e9tait sale, il faisait chaud, et quand il a commenc\u00e9 \u00e0 pleuvoir, nos sacs, poses par terre, se sont retrouv\u00e9s mouill\u00e9s. Ah il y a mieux: quand le bus s&rsquo;est arr\u00eat\u00e9 pour manger on avait \u00e0 peine eu le temps de commencer notre repas que le bus a voulu partir sans nous! Un commencement comme sur des roulettes dont on se souviendrait plus tard en \u00e9tant bien heureux que cela ne se soit plus r\u00e9p\u00e9t\u00e9&#8230; De plus, il faut savoir que, la Bolivie \u00e9tant l&rsquo;un des pays les plus pauvres de la r\u00e9gion, la pr\u00e9carit\u00e9 est assez visible, l&rsquo;hygi\u00e8ne moyenne et les champs de d\u00e9chets assez commun (\u00e0 part dans les zones vraiment touristiques, mais m\u00eame).<\/p>\n<figure id=\"attachment_665\" aria-describedby=\"caption-attachment-665\" style=\"width: 1000px\" class=\"wp-caption aligncenter\"><a href=\"https:\/\/i0.wp.com\/www.spang.ch\/aude\/wp-content\/uploads\/2017\/01\/IMG_3377.jpg\"><img loading=\"lazy\" decoding=\"async\" data-attachment-id=\"665\" data-permalink=\"http:\/\/www.spang.ch\/aude\/fr\/2017\/01\/bolivia\/img_3377\/\" data-orig-file=\"https:\/\/i0.wp.com\/www.spang.ch\/aude\/wp-content\/uploads\/2017\/01\/IMG_3377.jpg?fit=4898%2C3265\" data-orig-size=\"4898,3265\" data-comments-opened=\"1\" data-image-meta=\"{&quot;aperture&quot;:&quot;0&quot;,&quot;credit&quot;:&quot;&quot;,&quot;camera&quot;:&quot;&quot;,&quot;caption&quot;:&quot;&quot;,&quot;created_timestamp&quot;:&quot;0&quot;,&quot;copyright&quot;:&quot;&quot;,&quot;focal_length&quot;:&quot;0&quot;,&quot;iso&quot;:&quot;0&quot;,&quot;shutter_speed&quot;:&quot;0&quot;,&quot;title&quot;:&quot;&quot;,&quot;orientation&quot;:&quot;0&quot;}\" data-image-title=\"IMG_3377\" data-image-description=\"\" data-image-caption=\"&lt;p&gt;Sucre&lt;\/p&gt;\n\" data-medium-file=\"https:\/\/i0.wp.com\/www.spang.ch\/aude\/wp-content\/uploads\/2017\/01\/IMG_3377.jpg?fit=300%2C200\" data-large-file=\"https:\/\/i0.wp.com\/www.spang.ch\/aude\/wp-content\/uploads\/2017\/01\/IMG_3377.jpg?fit=1000%2C667\" tabindex=\"0\" role=\"button\" class=\"size-large wp-image-665\" src=\"https:\/\/i0.wp.com\/www.spang.ch\/aude\/wp-content\/uploads\/2017\/01\/IMG_3377.jpg?resize=1000%2C667\" alt=\"Sucre\" width=\"1000\" height=\"667\" srcset=\"https:\/\/i0.wp.com\/www.spang.ch\/aude\/wp-content\/uploads\/2017\/01\/IMG_3377.jpg?resize=1024%2C683 1024w, https:\/\/i0.wp.com\/www.spang.ch\/aude\/wp-content\/uploads\/2017\/01\/IMG_3377.jpg?resize=300%2C200 300w, https:\/\/i0.wp.com\/www.spang.ch\/aude\/wp-content\/uploads\/2017\/01\/IMG_3377.jpg?resize=768%2C512 768w, https:\/\/i0.wp.com\/www.spang.ch\/aude\/wp-content\/uploads\/2017\/01\/IMG_3377.jpg?resize=960%2C640 960w, https:\/\/i0.wp.com\/www.spang.ch\/aude\/wp-content\/uploads\/2017\/01\/IMG_3377.jpg?resize=450%2C300 450w, https:\/\/i0.wp.com\/www.spang.ch\/aude\/wp-content\/uploads\/2017\/01\/IMG_3377.jpg?w=2000 2000w, https:\/\/i0.wp.com\/www.spang.ch\/aude\/wp-content\/uploads\/2017\/01\/IMG_3377.jpg?w=3000 3000w\" sizes=\"(max-width: 1000px) 100vw, 1000px\" data-recalc-dims=\"1\" \/><\/a><figcaption id=\"caption-attachment-665\" class=\"wp-caption-text\">Sucre<\/figcaption><\/figure>\n<figure id=\"attachment_660\" aria-describedby=\"caption-attachment-660\" style=\"width: 1000px\" class=\"wp-caption aligncenter\"><a href=\"https:\/\/i0.wp.com\/www.spang.ch\/aude\/wp-content\/uploads\/2017\/01\/IMG_3339.jpg\"><img loading=\"lazy\" decoding=\"async\" data-attachment-id=\"660\" data-permalink=\"http:\/\/www.spang.ch\/aude\/fr\/2017\/01\/bolivia\/img_3339\/\" data-orig-file=\"https:\/\/i0.wp.com\/www.spang.ch\/aude\/wp-content\/uploads\/2017\/01\/IMG_3339.jpg?fit=5184%2C3456\" data-orig-size=\"5184,3456\" data-comments-opened=\"1\" data-image-meta=\"{&quot;aperture&quot;:&quot;0&quot;,&quot;credit&quot;:&quot;&quot;,&quot;camera&quot;:&quot;&quot;,&quot;caption&quot;:&quot;&quot;,&quot;created_timestamp&quot;:&quot;0&quot;,&quot;copyright&quot;:&quot;&quot;,&quot;focal_length&quot;:&quot;0&quot;,&quot;iso&quot;:&quot;0&quot;,&quot;shutter_speed&quot;:&quot;0&quot;,&quot;title&quot;:&quot;&quot;,&quot;orientation&quot;:&quot;0&quot;}\" data-image-title=\"IMG_3339\" data-image-description=\"\" data-image-caption=\"&lt;p&gt;Sucre&lt;\/p&gt;\n\" data-medium-file=\"https:\/\/i0.wp.com\/www.spang.ch\/aude\/wp-content\/uploads\/2017\/01\/IMG_3339.jpg?fit=300%2C200\" data-large-file=\"https:\/\/i0.wp.com\/www.spang.ch\/aude\/wp-content\/uploads\/2017\/01\/IMG_3339.jpg?fit=1000%2C667\" tabindex=\"0\" role=\"button\" class=\"size-large wp-image-660\" src=\"https:\/\/i0.wp.com\/www.spang.ch\/aude\/wp-content\/uploads\/2017\/01\/IMG_3339.jpg?resize=1000%2C667\" alt=\"Sucre\" width=\"1000\" height=\"667\" srcset=\"https:\/\/i0.wp.com\/www.spang.ch\/aude\/wp-content\/uploads\/2017\/01\/IMG_3339.jpg?resize=1024%2C683 1024w, https:\/\/i0.wp.com\/www.spang.ch\/aude\/wp-content\/uploads\/2017\/01\/IMG_3339.jpg?resize=300%2C200 300w, https:\/\/i0.wp.com\/www.spang.ch\/aude\/wp-content\/uploads\/2017\/01\/IMG_3339.jpg?resize=768%2C512 768w, https:\/\/i0.wp.com\/www.spang.ch\/aude\/wp-content\/uploads\/2017\/01\/IMG_3339.jpg?resize=960%2C640 960w, https:\/\/i0.wp.com\/www.spang.ch\/aude\/wp-content\/uploads\/2017\/01\/IMG_3339.jpg?resize=450%2C300 450w, https:\/\/i0.wp.com\/www.spang.ch\/aude\/wp-content\/uploads\/2017\/01\/IMG_3339.jpg?w=2000 2000w, https:\/\/i0.wp.com\/www.spang.ch\/aude\/wp-content\/uploads\/2017\/01\/IMG_3339.jpg?w=3000 3000w\" sizes=\"(max-width: 1000px) 100vw, 1000px\" data-recalc-dims=\"1\" \/><\/a><figcaption id=\"caption-attachment-660\" class=\"wp-caption-text\">Sucre<\/figcaption><\/figure>\n<p style=\"text-align: justify;\">Bref, premi\u00e8re \u00e9tape de notre tour bolivien: Sucre la Cit\u00e9 Blanche (\u00e0 lire \u00ab\u00a0sou-cr\u00e9\u00a0\u00bb). C&rsquo;est une petite ville vraiment charmante, qui comme son surnom laisse deviner est constitu\u00e9 de nombreux monuments de l&rsquo;\u00e9poque coloniale. Il y a d&rsquo;ailleurs m\u00eame une r\u00e8gle qui veut que, chaque ann\u00e9e, les b\u00e2timents du centre soient repeints en blanc. Nous y avons pass\u00e9 une journ\u00e9e faite d&rsquo;achats d&rsquo;artisanat et de produits en laine de lama, de d\u00e9couverte d&rsquo;un mus\u00e9e sur les tissus indig\u00e8nes, de r\u00e9gal dans un restaurant v\u00e9g\u00e9tarien, et de visite de l&rsquo;ancien centre politique du pays reconverti en mus\u00e9e d&rsquo;histoire. Il faut savoir que, constitutionnellement, Sucre est La capitale du pays. De fait, la capitale politique est devenu La Paz lorsque les instances principales (ex\u00e9cutives et l\u00e9gislatives) s&rsquo;y sont d\u00e9plac\u00e9es en 1899, mais le statut de capitale que leur ville poss\u00e8de malgr\u00e9 tout reste cher aux <em>sucrenses<\/em>.<\/p>\n<figure id=\"attachment_630\" aria-describedby=\"caption-attachment-630\" style=\"width: 683px\" class=\"wp-caption aligncenter\"><a href=\"https:\/\/i0.wp.com\/www.spang.ch\/aude\/wp-content\/uploads\/2017\/01\/IMG_2107-e1484669917516.jpg\"><img loading=\"lazy\" decoding=\"async\" data-attachment-id=\"630\" data-permalink=\"http:\/\/www.spang.ch\/aude\/fr\/2017\/01\/bolivia\/img_2107\/\" data-orig-file=\"https:\/\/i0.wp.com\/www.spang.ch\/aude\/wp-content\/uploads\/2017\/01\/IMG_2107-e1484669917516.jpg?fit=3456%2C5184\" data-orig-size=\"3456,5184\" data-comments-opened=\"1\" data-image-meta=\"{&quot;aperture&quot;:&quot;0&quot;,&quot;credit&quot;:&quot;&quot;,&quot;camera&quot;:&quot;&quot;,&quot;caption&quot;:&quot;&quot;,&quot;created_timestamp&quot;:&quot;0&quot;,&quot;copyright&quot;:&quot;&quot;,&quot;focal_length&quot;:&quot;0&quot;,&quot;iso&quot;:&quot;0&quot;,&quot;shutter_speed&quot;:&quot;0&quot;,&quot;title&quot;:&quot;&quot;,&quot;orientation&quot;:&quot;0&quot;}\" data-image-title=\"IMG_2107\" data-image-description=\"\" data-image-caption=\"&lt;p&gt;Tupiza Canyon&lt;\/p&gt;\n\" data-medium-file=\"https:\/\/i0.wp.com\/www.spang.ch\/aude\/wp-content\/uploads\/2017\/01\/IMG_2107-e1484669917516.jpg?fit=200%2C300\" data-large-file=\"https:\/\/i0.wp.com\/www.spang.ch\/aude\/wp-content\/uploads\/2017\/01\/IMG_2107-e1484669917516.jpg?fit=683%2C1024\" tabindex=\"0\" role=\"button\" class=\"size-large wp-image-630\" src=\"https:\/\/i0.wp.com\/www.spang.ch\/aude\/wp-content\/uploads\/2017\/01\/IMG_2107-e1484669917516-683x1024.jpg?resize=683%2C1024\" alt=\"Tupiza Canyon\" width=\"683\" height=\"1024\" srcset=\"https:\/\/i0.wp.com\/www.spang.ch\/aude\/wp-content\/uploads\/2017\/01\/IMG_2107-e1484669917516.jpg?resize=683%2C1024 683w, https:\/\/i0.wp.com\/www.spang.ch\/aude\/wp-content\/uploads\/2017\/01\/IMG_2107-e1484669917516.jpg?resize=200%2C300 200w, https:\/\/i0.wp.com\/www.spang.ch\/aude\/wp-content\/uploads\/2017\/01\/IMG_2107-e1484669917516.jpg?resize=768%2C1152 768w, https:\/\/i0.wp.com\/www.spang.ch\/aude\/wp-content\/uploads\/2017\/01\/IMG_2107-e1484669917516.jpg?w=2000 2000w, https:\/\/i0.wp.com\/www.spang.ch\/aude\/wp-content\/uploads\/2017\/01\/IMG_2107-e1484669917516.jpg?w=3000 3000w\" sizes=\"(max-width: 683px) 100vw, 683px\" data-recalc-dims=\"1\" \/><\/a><figcaption id=\"caption-attachment-630\" class=\"wp-caption-text\">Tupiza Canyon<\/figcaption><\/figure>\n<figure id=\"attachment_631\" aria-describedby=\"caption-attachment-631\" style=\"width: 1000px\" class=\"wp-caption aligncenter\"><a href=\"https:\/\/i0.wp.com\/www.spang.ch\/aude\/wp-content\/uploads\/2017\/01\/IMG_2187.jpg\"><img loading=\"lazy\" decoding=\"async\" data-attachment-id=\"631\" data-permalink=\"http:\/\/www.spang.ch\/aude\/fr\/2017\/01\/bolivia\/img_2187\/\" data-orig-file=\"https:\/\/i0.wp.com\/www.spang.ch\/aude\/wp-content\/uploads\/2017\/01\/IMG_2187.jpg?fit=5184%2C3456\" data-orig-size=\"5184,3456\" data-comments-opened=\"1\" data-image-meta=\"{&quot;aperture&quot;:&quot;0&quot;,&quot;credit&quot;:&quot;&quot;,&quot;camera&quot;:&quot;&quot;,&quot;caption&quot;:&quot;&quot;,&quot;created_timestamp&quot;:&quot;0&quot;,&quot;copyright&quot;:&quot;&quot;,&quot;focal_length&quot;:&quot;0&quot;,&quot;iso&quot;:&quot;0&quot;,&quot;shutter_speed&quot;:&quot;0&quot;,&quot;title&quot;:&quot;&quot;,&quot;orientation&quot;:&quot;0&quot;}\" data-image-title=\"IMG_2187\" data-image-description=\"\" data-image-caption=\"&lt;p&gt;South Lipez&lt;\/p&gt;\n\" data-medium-file=\"https:\/\/i0.wp.com\/www.spang.ch\/aude\/wp-content\/uploads\/2017\/01\/IMG_2187.jpg?fit=300%2C200\" data-large-file=\"https:\/\/i0.wp.com\/www.spang.ch\/aude\/wp-content\/uploads\/2017\/01\/IMG_2187.jpg?fit=1000%2C667\" tabindex=\"0\" role=\"button\" class=\"size-large wp-image-631\" src=\"https:\/\/i0.wp.com\/www.spang.ch\/aude\/wp-content\/uploads\/2017\/01\/IMG_2187.jpg?resize=1000%2C667\" alt=\"South Lipez\" width=\"1000\" height=\"667\" srcset=\"https:\/\/i0.wp.com\/www.spang.ch\/aude\/wp-content\/uploads\/2017\/01\/IMG_2187.jpg?resize=1024%2C683 1024w, https:\/\/i0.wp.com\/www.spang.ch\/aude\/wp-content\/uploads\/2017\/01\/IMG_2187.jpg?resize=300%2C200 300w, https:\/\/i0.wp.com\/www.spang.ch\/aude\/wp-content\/uploads\/2017\/01\/IMG_2187.jpg?resize=768%2C512 768w, https:\/\/i0.wp.com\/www.spang.ch\/aude\/wp-content\/uploads\/2017\/01\/IMG_2187.jpg?resize=960%2C640 960w, https:\/\/i0.wp.com\/www.spang.ch\/aude\/wp-content\/uploads\/2017\/01\/IMG_2187.jpg?resize=450%2C300 450w, https:\/\/i0.wp.com\/www.spang.ch\/aude\/wp-content\/uploads\/2017\/01\/IMG_2187.jpg?w=2000 2000w, https:\/\/i0.wp.com\/www.spang.ch\/aude\/wp-content\/uploads\/2017\/01\/IMG_2187.jpg?w=3000 3000w\" sizes=\"(max-width: 1000px) 100vw, 1000px\" data-recalc-dims=\"1\" \/><\/a><figcaption id=\"caption-attachment-631\" class=\"wp-caption-text\">South Lipez<\/figcaption><\/figure>\n<p style=\"text-align: justify;\">Apr\u00e8s quelques jours de pluies ponctuelles, le soleil s&rsquo;est enfin d\u00e9cid\u00e9 \u00e0 pointer le bout de son nez. Nous sommes arriv\u00e9s \u00e0 Tupiza apr\u00e8s un autre trajet en bus de nuit, bien moins p\u00e9nible cette fois-ci. L\u00e0, nous avons retrouv\u00e9 Adnan, un ami fran\u00e7ais rencontr\u00e9 lors de mon excursion au Machu Picchu et qui comptait faire le m\u00eame tour que nous au sud Lipez, dans le sud du pays. Ce qui nous attendait \u00e9tait v\u00e9ritablement des plus merveilleux&#8230; Nous avons commenc\u00e9 par un excellent petit d\u00e9jeuner au march\u00e9: <em>pastel<\/em>\u00a0et <em>api<\/em>, de la fine p\u00e2te frite en forme de gros beignet fourr\u00e9 avec un peu de fromage et saupoudr\u00e9 de sucre glace accompagn\u00e9e de sa boisson \u00e9paisse \u00e0 base de ma\u00efs rouge et jaune. Apr\u00e8s cela, nous\u00a0avons fait une visite du canyon du coin, digne des d\u00e9cors de westerns am\u00e9ricains. Balade particuli\u00e8re puisqu&rsquo;effectu\u00e9e&#8230; en mototaxi!<\/p>\n<figure id=\"attachment_667\" aria-describedby=\"caption-attachment-667\" style=\"width: 1000px\" class=\"wp-caption aligncenter\"><a href=\"https:\/\/i0.wp.com\/www.spang.ch\/aude\/wp-content\/uploads\/2017\/01\/IMG_2353.jpg\"><img loading=\"lazy\" decoding=\"async\" data-attachment-id=\"667\" data-permalink=\"http:\/\/www.spang.ch\/aude\/fr\/2017\/01\/bolivia\/img_2353\/\" data-orig-file=\"https:\/\/i0.wp.com\/www.spang.ch\/aude\/wp-content\/uploads\/2017\/01\/IMG_2353.jpg?fit=4898%2C3265\" data-orig-size=\"4898,3265\" data-comments-opened=\"1\" data-image-meta=\"{&quot;aperture&quot;:&quot;0&quot;,&quot;credit&quot;:&quot;&quot;,&quot;camera&quot;:&quot;&quot;,&quot;caption&quot;:&quot;&quot;,&quot;created_timestamp&quot;:&quot;0&quot;,&quot;copyright&quot;:&quot;&quot;,&quot;focal_length&quot;:&quot;0&quot;,&quot;iso&quot;:&quot;0&quot;,&quot;shutter_speed&quot;:&quot;0&quot;,&quot;title&quot;:&quot;&quot;,&quot;orientation&quot;:&quot;0&quot;}\" data-image-title=\"IMG_2353\" data-image-description=\"\" data-image-caption=\"&lt;p&gt;South Lipez&lt;\/p&gt;\n\" data-medium-file=\"https:\/\/i0.wp.com\/www.spang.ch\/aude\/wp-content\/uploads\/2017\/01\/IMG_2353.jpg?fit=300%2C200\" data-large-file=\"https:\/\/i0.wp.com\/www.spang.ch\/aude\/wp-content\/uploads\/2017\/01\/IMG_2353.jpg?fit=1000%2C667\" tabindex=\"0\" role=\"button\" class=\"size-large wp-image-667\" src=\"https:\/\/i0.wp.com\/www.spang.ch\/aude\/wp-content\/uploads\/2017\/01\/IMG_2353.jpg?resize=1000%2C667\" alt=\"South Lipez\" width=\"1000\" height=\"667\" srcset=\"https:\/\/i0.wp.com\/www.spang.ch\/aude\/wp-content\/uploads\/2017\/01\/IMG_2353.jpg?resize=1024%2C683 1024w, https:\/\/i0.wp.com\/www.spang.ch\/aude\/wp-content\/uploads\/2017\/01\/IMG_2353.jpg?resize=300%2C200 300w, https:\/\/i0.wp.com\/www.spang.ch\/aude\/wp-content\/uploads\/2017\/01\/IMG_2353.jpg?resize=768%2C512 768w, https:\/\/i0.wp.com\/www.spang.ch\/aude\/wp-content\/uploads\/2017\/01\/IMG_2353.jpg?resize=960%2C640 960w, https:\/\/i0.wp.com\/www.spang.ch\/aude\/wp-content\/uploads\/2017\/01\/IMG_2353.jpg?resize=450%2C300 450w, https:\/\/i0.wp.com\/www.spang.ch\/aude\/wp-content\/uploads\/2017\/01\/IMG_2353.jpg?w=2000 2000w, https:\/\/i0.wp.com\/www.spang.ch\/aude\/wp-content\/uploads\/2017\/01\/IMG_2353.jpg?w=3000 3000w\" sizes=\"(max-width: 1000px) 100vw, 1000px\" data-recalc-dims=\"1\" \/><\/a><figcaption id=\"caption-attachment-667\" class=\"wp-caption-text\">South Lipez<\/figcaption><\/figure>\n<figure id=\"attachment_639\" aria-describedby=\"caption-attachment-639\" style=\"width: 1000px\" class=\"wp-caption aligncenter\"><a href=\"https:\/\/i0.wp.com\/www.spang.ch\/aude\/wp-content\/uploads\/2017\/01\/IMG_2593.jpg\"><img loading=\"lazy\" decoding=\"async\" data-attachment-id=\"639\" data-permalink=\"http:\/\/www.spang.ch\/aude\/fr\/2017\/01\/bolivia\/img_2593\/\" data-orig-file=\"https:\/\/i0.wp.com\/www.spang.ch\/aude\/wp-content\/uploads\/2017\/01\/IMG_2593.jpg?fit=5184%2C3456\" data-orig-size=\"5184,3456\" data-comments-opened=\"1\" data-image-meta=\"{&quot;aperture&quot;:&quot;0&quot;,&quot;credit&quot;:&quot;&quot;,&quot;camera&quot;:&quot;&quot;,&quot;caption&quot;:&quot;&quot;,&quot;created_timestamp&quot;:&quot;0&quot;,&quot;copyright&quot;:&quot;&quot;,&quot;focal_length&quot;:&quot;0&quot;,&quot;iso&quot;:&quot;0&quot;,&quot;shutter_speed&quot;:&quot;0&quot;,&quot;title&quot;:&quot;&quot;,&quot;orientation&quot;:&quot;0&quot;}\" data-image-title=\"IMG_2593\" data-image-description=\"\" data-image-caption=\"&lt;p&gt;South Lipez&lt;\/p&gt;\n\" data-medium-file=\"https:\/\/i0.wp.com\/www.spang.ch\/aude\/wp-content\/uploads\/2017\/01\/IMG_2593.jpg?fit=300%2C200\" data-large-file=\"https:\/\/i0.wp.com\/www.spang.ch\/aude\/wp-content\/uploads\/2017\/01\/IMG_2593.jpg?fit=1000%2C667\" tabindex=\"0\" role=\"button\" class=\"size-large wp-image-639\" src=\"https:\/\/i0.wp.com\/www.spang.ch\/aude\/wp-content\/uploads\/2017\/01\/IMG_2593.jpg?resize=1000%2C667\" alt=\"South Lipez\" width=\"1000\" height=\"667\" srcset=\"https:\/\/i0.wp.com\/www.spang.ch\/aude\/wp-content\/uploads\/2017\/01\/IMG_2593.jpg?resize=1024%2C683 1024w, https:\/\/i0.wp.com\/www.spang.ch\/aude\/wp-content\/uploads\/2017\/01\/IMG_2593.jpg?resize=300%2C200 300w, https:\/\/i0.wp.com\/www.spang.ch\/aude\/wp-content\/uploads\/2017\/01\/IMG_2593.jpg?resize=768%2C512 768w, https:\/\/i0.wp.com\/www.spang.ch\/aude\/wp-content\/uploads\/2017\/01\/IMG_2593.jpg?resize=960%2C640 960w, https:\/\/i0.wp.com\/www.spang.ch\/aude\/wp-content\/uploads\/2017\/01\/IMG_2593.jpg?resize=450%2C300 450w, https:\/\/i0.wp.com\/www.spang.ch\/aude\/wp-content\/uploads\/2017\/01\/IMG_2593.jpg?w=2000 2000w, https:\/\/i0.wp.com\/www.spang.ch\/aude\/wp-content\/uploads\/2017\/01\/IMG_2593.jpg?w=3000 3000w\" sizes=\"(max-width: 1000px) 100vw, 1000px\" data-recalc-dims=\"1\" \/><\/a><figcaption id=\"caption-attachment-639\" class=\"wp-caption-text\">South Lipez<\/figcaption><\/figure>\n<p style=\"text-align: justify;\">Et le lendemain, nous sommes partis en road trip dans la r\u00e9gion entre Tupiza et Uyuni, r\u00e9gion d\u00e9sertique riche en paysages lunaires et vues spectaculaires. Un r\u00e9gal pour les yeux qui a dur\u00e9 4 jours et nous a v\u00e9ritablement enchant\u00e9. C&rsquo;est en jeep que nous avons travers\u00e9 cette zone particuli\u00e8re du continent sud-am\u00e9ricain, en nous arr\u00eatant pour profiter des vues. Lors des repas de midi, une table \u00e9tait improvis\u00e9e avec la porte du coffre et nous mangions \u00e0 m\u00eame le sol. Le premier jour, ce furent canyons de terre rouge et blancs monuments de boue sculpt\u00e9s par les intemp\u00e9ries, ainsi que le premier contact avec nos amis les lamas, que nous aurions l&rsquo;occasion d&rsquo;admirer sous tous les angles un grand nombre de fois, pour notre plus grand bonheur. Les terres ocres touffues de foug\u00e8res s\u00e8ches \u00e9taient arides et des montagnes aux courbes douces d\u00e9coupaient la ligne d&rsquo;horizon telles des dents sombres devant le ciel blanc. En chemin, nous avons pu apercevoir un renard beige et un lapin \u00e0 longue queue s&rsquo;enfuyant, mais aussi voir passer des autruches andines au corps rond et aux pattes fines, et un grand nombre de <em>vicu\u00f1as<\/em> (vigognes, un cousin du lama \u00e0 la silhouette de gazelle).<\/p>\n<figure id=\"attachment_640\" aria-describedby=\"caption-attachment-640\" style=\"width: 1000px\" class=\"wp-caption aligncenter\"><a href=\"https:\/\/i0.wp.com\/www.spang.ch\/aude\/wp-content\/uploads\/2017\/01\/IMG_2597.jpg\"><img loading=\"lazy\" decoding=\"async\" data-attachment-id=\"640\" data-permalink=\"http:\/\/www.spang.ch\/aude\/fr\/2017\/01\/bolivia\/img_2597\/\" data-orig-file=\"https:\/\/i0.wp.com\/www.spang.ch\/aude\/wp-content\/uploads\/2017\/01\/IMG_2597.jpg?fit=5184%2C3456\" data-orig-size=\"5184,3456\" data-comments-opened=\"1\" data-image-meta=\"{&quot;aperture&quot;:&quot;0&quot;,&quot;credit&quot;:&quot;&quot;,&quot;camera&quot;:&quot;&quot;,&quot;caption&quot;:&quot;&quot;,&quot;created_timestamp&quot;:&quot;0&quot;,&quot;copyright&quot;:&quot;&quot;,&quot;focal_length&quot;:&quot;0&quot;,&quot;iso&quot;:&quot;0&quot;,&quot;shutter_speed&quot;:&quot;0&quot;,&quot;title&quot;:&quot;&quot;,&quot;orientation&quot;:&quot;0&quot;}\" data-image-title=\"IMG_2597\" data-image-description=\"\" data-image-caption=\"&lt;p&gt;Long-tailed rabbit&lt;\/p&gt;\n\" data-medium-file=\"https:\/\/i0.wp.com\/www.spang.ch\/aude\/wp-content\/uploads\/2017\/01\/IMG_2597.jpg?fit=300%2C200\" data-large-file=\"https:\/\/i0.wp.com\/www.spang.ch\/aude\/wp-content\/uploads\/2017\/01\/IMG_2597.jpg?fit=1000%2C667\" tabindex=\"0\" role=\"button\" class=\"size-large wp-image-640\" src=\"https:\/\/i0.wp.com\/www.spang.ch\/aude\/wp-content\/uploads\/2017\/01\/IMG_2597.jpg?resize=1000%2C667\" alt=\"Long-tailed rabbit\" width=\"1000\" height=\"667\" srcset=\"https:\/\/i0.wp.com\/www.spang.ch\/aude\/wp-content\/uploads\/2017\/01\/IMG_2597.jpg?resize=1024%2C683 1024w, https:\/\/i0.wp.com\/www.spang.ch\/aude\/wp-content\/uploads\/2017\/01\/IMG_2597.jpg?resize=300%2C200 300w, https:\/\/i0.wp.com\/www.spang.ch\/aude\/wp-content\/uploads\/2017\/01\/IMG_2597.jpg?resize=768%2C512 768w, https:\/\/i0.wp.com\/www.spang.ch\/aude\/wp-content\/uploads\/2017\/01\/IMG_2597.jpg?resize=960%2C640 960w, https:\/\/i0.wp.com\/www.spang.ch\/aude\/wp-content\/uploads\/2017\/01\/IMG_2597.jpg?resize=450%2C300 450w, https:\/\/i0.wp.com\/www.spang.ch\/aude\/wp-content\/uploads\/2017\/01\/IMG_2597.jpg?w=2000 2000w, https:\/\/i0.wp.com\/www.spang.ch\/aude\/wp-content\/uploads\/2017\/01\/IMG_2597.jpg?w=3000 3000w\" sizes=\"(max-width: 1000px) 100vw, 1000px\" data-recalc-dims=\"1\" \/><\/a><figcaption id=\"caption-attachment-640\" class=\"wp-caption-text\">Long-tailed rabbit<\/figcaption><\/figure>\n<figure id=\"attachment_633\" aria-describedby=\"caption-attachment-633\" style=\"width: 1000px\" class=\"wp-caption aligncenter\"><a href=\"https:\/\/i0.wp.com\/www.spang.ch\/aude\/wp-content\/uploads\/2017\/01\/IMG_2416.jpg\"><img loading=\"lazy\" decoding=\"async\" data-attachment-id=\"633\" data-permalink=\"http:\/\/www.spang.ch\/aude\/fr\/2017\/01\/bolivia\/img_2416\/\" data-orig-file=\"https:\/\/i0.wp.com\/www.spang.ch\/aude\/wp-content\/uploads\/2017\/01\/IMG_2416.jpg?fit=5184%2C3456\" data-orig-size=\"5184,3456\" data-comments-opened=\"1\" data-image-meta=\"{&quot;aperture&quot;:&quot;0&quot;,&quot;credit&quot;:&quot;&quot;,&quot;camera&quot;:&quot;&quot;,&quot;caption&quot;:&quot;&quot;,&quot;created_timestamp&quot;:&quot;0&quot;,&quot;copyright&quot;:&quot;&quot;,&quot;focal_length&quot;:&quot;0&quot;,&quot;iso&quot;:&quot;0&quot;,&quot;shutter_speed&quot;:&quot;0&quot;,&quot;title&quot;:&quot;&quot;,&quot;orientation&quot;:&quot;0&quot;}\" data-image-title=\"IMG_2416\" data-image-description=\"\" data-image-caption=\"&lt;p&gt;Andean ostrich&lt;\/p&gt;\n\" data-medium-file=\"https:\/\/i0.wp.com\/www.spang.ch\/aude\/wp-content\/uploads\/2017\/01\/IMG_2416.jpg?fit=300%2C200\" data-large-file=\"https:\/\/i0.wp.com\/www.spang.ch\/aude\/wp-content\/uploads\/2017\/01\/IMG_2416.jpg?fit=1000%2C667\" tabindex=\"0\" role=\"button\" class=\"size-large wp-image-633\" src=\"https:\/\/i0.wp.com\/www.spang.ch\/aude\/wp-content\/uploads\/2017\/01\/IMG_2416.jpg?resize=1000%2C667\" alt=\"Andean ostrich\" width=\"1000\" height=\"667\" srcset=\"https:\/\/i0.wp.com\/www.spang.ch\/aude\/wp-content\/uploads\/2017\/01\/IMG_2416.jpg?resize=1024%2C683 1024w, https:\/\/i0.wp.com\/www.spang.ch\/aude\/wp-content\/uploads\/2017\/01\/IMG_2416.jpg?resize=300%2C200 300w, https:\/\/i0.wp.com\/www.spang.ch\/aude\/wp-content\/uploads\/2017\/01\/IMG_2416.jpg?resize=768%2C512 768w, https:\/\/i0.wp.com\/www.spang.ch\/aude\/wp-content\/uploads\/2017\/01\/IMG_2416.jpg?resize=960%2C640 960w, https:\/\/i0.wp.com\/www.spang.ch\/aude\/wp-content\/uploads\/2017\/01\/IMG_2416.jpg?resize=450%2C300 450w, https:\/\/i0.wp.com\/www.spang.ch\/aude\/wp-content\/uploads\/2017\/01\/IMG_2416.jpg?w=2000 2000w, https:\/\/i0.wp.com\/www.spang.ch\/aude\/wp-content\/uploads\/2017\/01\/IMG_2416.jpg?w=3000 3000w\" sizes=\"(max-width: 1000px) 100vw, 1000px\" data-recalc-dims=\"1\" \/><\/a><figcaption id=\"caption-attachment-633\" class=\"wp-caption-text\">Andean ostrich<\/figcaption><\/figure>\n<figure id=\"attachment_642\" aria-describedby=\"caption-attachment-642\" style=\"width: 1000px\" class=\"wp-caption aligncenter\"><a href=\"https:\/\/i0.wp.com\/www.spang.ch\/aude\/wp-content\/uploads\/2017\/01\/IMG_2747.jpg\"><img loading=\"lazy\" decoding=\"async\" data-attachment-id=\"642\" data-permalink=\"http:\/\/www.spang.ch\/aude\/fr\/2017\/01\/bolivia\/img_2747\/\" data-orig-file=\"https:\/\/i0.wp.com\/www.spang.ch\/aude\/wp-content\/uploads\/2017\/01\/IMG_2747.jpg?fit=5184%2C3456\" data-orig-size=\"5184,3456\" data-comments-opened=\"1\" data-image-meta=\"{&quot;aperture&quot;:&quot;0&quot;,&quot;credit&quot;:&quot;&quot;,&quot;camera&quot;:&quot;&quot;,&quot;caption&quot;:&quot;&quot;,&quot;created_timestamp&quot;:&quot;0&quot;,&quot;copyright&quot;:&quot;&quot;,&quot;focal_length&quot;:&quot;0&quot;,&quot;iso&quot;:&quot;0&quot;,&quot;shutter_speed&quot;:&quot;0&quot;,&quot;title&quot;:&quot;&quot;,&quot;orientation&quot;:&quot;0&quot;}\" data-image-title=\"IMG_2747\" data-image-description=\"\" data-image-caption=\"&lt;p&gt;Vicu\u00f1a&lt;\/p&gt;\n\" data-medium-file=\"https:\/\/i0.wp.com\/www.spang.ch\/aude\/wp-content\/uploads\/2017\/01\/IMG_2747.jpg?fit=300%2C200\" data-large-file=\"https:\/\/i0.wp.com\/www.spang.ch\/aude\/wp-content\/uploads\/2017\/01\/IMG_2747.jpg?fit=1000%2C667\" tabindex=\"0\" role=\"button\" class=\"size-large wp-image-642\" src=\"https:\/\/i0.wp.com\/www.spang.ch\/aude\/wp-content\/uploads\/2017\/01\/IMG_2747.jpg?resize=1000%2C667\" alt=\"Vicu\u00f1a\" width=\"1000\" height=\"667\" srcset=\"https:\/\/i0.wp.com\/www.spang.ch\/aude\/wp-content\/uploads\/2017\/01\/IMG_2747.jpg?resize=1024%2C683 1024w, https:\/\/i0.wp.com\/www.spang.ch\/aude\/wp-content\/uploads\/2017\/01\/IMG_2747.jpg?resize=300%2C200 300w, https:\/\/i0.wp.com\/www.spang.ch\/aude\/wp-content\/uploads\/2017\/01\/IMG_2747.jpg?resize=768%2C512 768w, https:\/\/i0.wp.com\/www.spang.ch\/aude\/wp-content\/uploads\/2017\/01\/IMG_2747.jpg?resize=960%2C640 960w, https:\/\/i0.wp.com\/www.spang.ch\/aude\/wp-content\/uploads\/2017\/01\/IMG_2747.jpg?resize=450%2C300 450w, https:\/\/i0.wp.com\/www.spang.ch\/aude\/wp-content\/uploads\/2017\/01\/IMG_2747.jpg?w=2000 2000w, https:\/\/i0.wp.com\/www.spang.ch\/aude\/wp-content\/uploads\/2017\/01\/IMG_2747.jpg?w=3000 3000w\" sizes=\"(max-width: 1000px) 100vw, 1000px\" data-recalc-dims=\"1\" \/><\/a><figcaption id=\"caption-attachment-642\" class=\"wp-caption-text\">Vicu\u00f1a<\/figcaption><\/figure>\n<p style=\"text-align: justify;\">Durant l&rsquo;excursion, nous roulait sur l&rsquo;<em>altiplano<\/em>, soit le plateau en altitude, \u00e0 peu pr\u00e8s \u00e0 4000m. Nous sommes \u00e0 vrai dire aussi mont\u00e9s pas mal plus haut avec la jeep, jusqu&rsquo;\u00e0 5000m. A un moment, parmi les roches et m\u00eame un peu de neige, nous avons visit\u00e9 un \u00ab\u00a0village fant\u00f4me\u00a0\u00bb, anciennement minier et qui fut d\u00e9cim\u00e9 par une \u00e9pid\u00e9mie. A 4850m, nous avons vu un lac blanc ass\u00e9ch\u00e9, fait de borium et non de sel. Puis nous avons eu droit \u00e0 un semblant de migration de lamas, ces velus cam\u00e9lid\u00e9s aux jambes tordues (leurs ongles les font appartenir \u00e0 cette famille, et lorsqu&rsquo;ils mangent leur m\u00e2choire se d\u00e9sarticule presque, un peu comme leurs cousins les chameaux). Derri\u00e8re les nuages de fum\u00e9e soulev\u00e9s par le passage de nos jeeps, nous avons plusieurs fois vu se d\u00e9tacher la silhouette d&rsquo;un volcan en fond, et les changeant contrastes de couleurs et d&rsquo;ombres et de lumi\u00e8res dus \u00e0 la v\u00e9g\u00e9tation, aux nuages et aux diff\u00e9rents min\u00e9raux qui composent le sol \u00e9tait saisissant. Ce soir-l\u00e0, la nature nous r\u00e9gala m\u00eame un coucher de soleil sur fond de nuages oranges, rose et violets, parmi les plus beaux spectacles que j&rsquo;aie admir\u00e9 durant mon voyage je crois.<\/p>\n<figure id=\"attachment_634\" aria-describedby=\"caption-attachment-634\" style=\"width: 1000px\" class=\"wp-caption aligncenter\"><a href=\"https:\/\/i0.wp.com\/www.spang.ch\/aude\/wp-content\/uploads\/2017\/01\/IMG_2482.jpg\"><img loading=\"lazy\" decoding=\"async\" data-attachment-id=\"634\" data-permalink=\"http:\/\/www.spang.ch\/aude\/fr\/2017\/01\/bolivia\/img_2482\/\" data-orig-file=\"https:\/\/i0.wp.com\/www.spang.ch\/aude\/wp-content\/uploads\/2017\/01\/IMG_2482.jpg?fit=5184%2C3456\" data-orig-size=\"5184,3456\" data-comments-opened=\"1\" data-image-meta=\"{&quot;aperture&quot;:&quot;0&quot;,&quot;credit&quot;:&quot;&quot;,&quot;camera&quot;:&quot;&quot;,&quot;caption&quot;:&quot;&quot;,&quot;created_timestamp&quot;:&quot;0&quot;,&quot;copyright&quot;:&quot;&quot;,&quot;focal_length&quot;:&quot;0&quot;,&quot;iso&quot;:&quot;0&quot;,&quot;shutter_speed&quot;:&quot;0&quot;,&quot;title&quot;:&quot;&quot;,&quot;orientation&quot;:&quot;0&quot;}\" data-image-title=\"IMG_2482\" data-image-description=\"\" data-image-caption=\"&lt;p&gt;South Lipez&lt;\/p&gt;\n\" data-medium-file=\"https:\/\/i0.wp.com\/www.spang.ch\/aude\/wp-content\/uploads\/2017\/01\/IMG_2482.jpg?fit=300%2C200\" data-large-file=\"https:\/\/i0.wp.com\/www.spang.ch\/aude\/wp-content\/uploads\/2017\/01\/IMG_2482.jpg?fit=1000%2C667\" tabindex=\"0\" role=\"button\" class=\"size-large wp-image-634\" src=\"https:\/\/i0.wp.com\/www.spang.ch\/aude\/wp-content\/uploads\/2017\/01\/IMG_2482.jpg?resize=1000%2C667\" alt=\"South Lipez\" width=\"1000\" height=\"667\" srcset=\"https:\/\/i0.wp.com\/www.spang.ch\/aude\/wp-content\/uploads\/2017\/01\/IMG_2482.jpg?resize=1024%2C683 1024w, https:\/\/i0.wp.com\/www.spang.ch\/aude\/wp-content\/uploads\/2017\/01\/IMG_2482.jpg?resize=300%2C200 300w, https:\/\/i0.wp.com\/www.spang.ch\/aude\/wp-content\/uploads\/2017\/01\/IMG_2482.jpg?resize=768%2C512 768w, https:\/\/i0.wp.com\/www.spang.ch\/aude\/wp-content\/uploads\/2017\/01\/IMG_2482.jpg?resize=960%2C640 960w, https:\/\/i0.wp.com\/www.spang.ch\/aude\/wp-content\/uploads\/2017\/01\/IMG_2482.jpg?resize=450%2C300 450w, https:\/\/i0.wp.com\/www.spang.ch\/aude\/wp-content\/uploads\/2017\/01\/IMG_2482.jpg?w=2000 2000w, https:\/\/i0.wp.com\/www.spang.ch\/aude\/wp-content\/uploads\/2017\/01\/IMG_2482.jpg?w=3000 3000w\" sizes=\"(max-width: 1000px) 100vw, 1000px\" data-recalc-dims=\"1\" \/><\/a><figcaption id=\"caption-attachment-634\" class=\"wp-caption-text\">South Lipez<\/figcaption><\/figure>\n<figure id=\"attachment_635\" aria-describedby=\"caption-attachment-635\" style=\"width: 1000px\" class=\"wp-caption aligncenter\"><a href=\"https:\/\/i0.wp.com\/www.spang.ch\/aude\/wp-content\/uploads\/2017\/01\/IMG_2518.jpg\"><img loading=\"lazy\" decoding=\"async\" data-attachment-id=\"635\" data-permalink=\"http:\/\/www.spang.ch\/aude\/fr\/2017\/01\/bolivia\/img_2518\/\" data-orig-file=\"https:\/\/i0.wp.com\/www.spang.ch\/aude\/wp-content\/uploads\/2017\/01\/IMG_2518.jpg?fit=5184%2C3456\" data-orig-size=\"5184,3456\" data-comments-opened=\"1\" data-image-meta=\"{&quot;aperture&quot;:&quot;0&quot;,&quot;credit&quot;:&quot;&quot;,&quot;camera&quot;:&quot;&quot;,&quot;caption&quot;:&quot;&quot;,&quot;created_timestamp&quot;:&quot;0&quot;,&quot;copyright&quot;:&quot;&quot;,&quot;focal_length&quot;:&quot;0&quot;,&quot;iso&quot;:&quot;0&quot;,&quot;shutter_speed&quot;:&quot;0&quot;,&quot;title&quot;:&quot;&quot;,&quot;orientation&quot;:&quot;0&quot;}\" data-image-title=\"IMG_2518\" data-image-description=\"\" data-image-caption=\"&lt;p&gt;South Lipez&lt;\/p&gt;\n\" data-medium-file=\"https:\/\/i0.wp.com\/www.spang.ch\/aude\/wp-content\/uploads\/2017\/01\/IMG_2518.jpg?fit=300%2C200\" data-large-file=\"https:\/\/i0.wp.com\/www.spang.ch\/aude\/wp-content\/uploads\/2017\/01\/IMG_2518.jpg?fit=1000%2C667\" tabindex=\"0\" role=\"button\" class=\"size-large wp-image-635\" src=\"https:\/\/i0.wp.com\/www.spang.ch\/aude\/wp-content\/uploads\/2017\/01\/IMG_2518.jpg?resize=1000%2C667\" alt=\"South Lipez\" width=\"1000\" height=\"667\" srcset=\"https:\/\/i0.wp.com\/www.spang.ch\/aude\/wp-content\/uploads\/2017\/01\/IMG_2518.jpg?resize=1024%2C683 1024w, https:\/\/i0.wp.com\/www.spang.ch\/aude\/wp-content\/uploads\/2017\/01\/IMG_2518.jpg?resize=300%2C200 300w, https:\/\/i0.wp.com\/www.spang.ch\/aude\/wp-content\/uploads\/2017\/01\/IMG_2518.jpg?resize=768%2C512 768w, https:\/\/i0.wp.com\/www.spang.ch\/aude\/wp-content\/uploads\/2017\/01\/IMG_2518.jpg?resize=960%2C640 960w, https:\/\/i0.wp.com\/www.spang.ch\/aude\/wp-content\/uploads\/2017\/01\/IMG_2518.jpg?resize=450%2C300 450w, https:\/\/i0.wp.com\/www.spang.ch\/aude\/wp-content\/uploads\/2017\/01\/IMG_2518.jpg?w=2000 2000w, https:\/\/i0.wp.com\/www.spang.ch\/aude\/wp-content\/uploads\/2017\/01\/IMG_2518.jpg?w=3000 3000w\" sizes=\"(max-width: 1000px) 100vw, 1000px\" data-recalc-dims=\"1\" \/><\/a><figcaption id=\"caption-attachment-635\" class=\"wp-caption-text\">South Lipez<\/figcaption><\/figure>\n<figure id=\"attachment_637\" aria-describedby=\"caption-attachment-637\" style=\"width: 5184px\" class=\"wp-caption aligncenter\"><a href=\"https:\/\/i0.wp.com\/www.spang.ch\/aude\/wp-content\/uploads\/2017\/01\/IMG_2561.jpg\"><img loading=\"lazy\" decoding=\"async\" data-attachment-id=\"637\" data-permalink=\"http:\/\/www.spang.ch\/aude\/fr\/2017\/01\/bolivia\/img_2561\/\" data-orig-file=\"https:\/\/i0.wp.com\/www.spang.ch\/aude\/wp-content\/uploads\/2017\/01\/IMG_2561.jpg?fit=5184%2C3456\" data-orig-size=\"5184,3456\" data-comments-opened=\"1\" data-image-meta=\"{&quot;aperture&quot;:&quot;0&quot;,&quot;credit&quot;:&quot;&quot;,&quot;camera&quot;:&quot;&quot;,&quot;caption&quot;:&quot;&quot;,&quot;created_timestamp&quot;:&quot;0&quot;,&quot;copyright&quot;:&quot;&quot;,&quot;focal_length&quot;:&quot;0&quot;,&quot;iso&quot;:&quot;0&quot;,&quot;shutter_speed&quot;:&quot;0&quot;,&quot;title&quot;:&quot;&quot;,&quot;orientation&quot;:&quot;0&quot;}\" data-image-title=\"IMG_2561\" data-image-description=\"\" data-image-caption=\"&lt;p&gt;South Lipez&lt;\/p&gt;\n\" data-medium-file=\"https:\/\/i0.wp.com\/www.spang.ch\/aude\/wp-content\/uploads\/2017\/01\/IMG_2561.jpg?fit=300%2C200\" data-large-file=\"https:\/\/i0.wp.com\/www.spang.ch\/aude\/wp-content\/uploads\/2017\/01\/IMG_2561.jpg?fit=1000%2C667\" tabindex=\"0\" role=\"button\" class=\"size-full wp-image-637\" src=\"https:\/\/i0.wp.com\/www.spang.ch\/aude\/wp-content\/uploads\/2017\/01\/IMG_2561.jpg?resize=1000%2C667\" alt=\"South Lipez\" width=\"1000\" height=\"667\" srcset=\"https:\/\/i0.wp.com\/www.spang.ch\/aude\/wp-content\/uploads\/2017\/01\/IMG_2561.jpg?w=5184 5184w, https:\/\/i0.wp.com\/www.spang.ch\/aude\/wp-content\/uploads\/2017\/01\/IMG_2561.jpg?resize=300%2C200 300w, https:\/\/i0.wp.com\/www.spang.ch\/aude\/wp-content\/uploads\/2017\/01\/IMG_2561.jpg?resize=768%2C512 768w, https:\/\/i0.wp.com\/www.spang.ch\/aude\/wp-content\/uploads\/2017\/01\/IMG_2561.jpg?resize=1024%2C683 1024w, https:\/\/i0.wp.com\/www.spang.ch\/aude\/wp-content\/uploads\/2017\/01\/IMG_2561.jpg?resize=960%2C640 960w, https:\/\/i0.wp.com\/www.spang.ch\/aude\/wp-content\/uploads\/2017\/01\/IMG_2561.jpg?resize=450%2C300 450w, https:\/\/i0.wp.com\/www.spang.ch\/aude\/wp-content\/uploads\/2017\/01\/IMG_2561.jpg?w=2000 2000w, https:\/\/i0.wp.com\/www.spang.ch\/aude\/wp-content\/uploads\/2017\/01\/IMG_2561.jpg?w=3000 3000w\" sizes=\"(max-width: 1000px) 100vw, 1000px\" data-recalc-dims=\"1\" \/><\/a><figcaption id=\"caption-attachment-637\" class=\"wp-caption-text\">South Lipez<\/figcaption><\/figure>\n<p style=\"text-align: justify;\">Le lendemain, nous avons commenc\u00e9 la journ\u00e9e par une lagune aux odeurs de soufre visit\u00e9e par un tas de flamants roses se baladant \u00e9l\u00e9gamment \u00e0 la surface de l&rsquo;eau faisant miroir avec le ciel. Puis, nous avons continu\u00e9 \u00e0 traverser le d\u00e9sert de sable bord\u00e9 de montagnes multicolores pour rejoindre la Laguna Verde, \u00e9tendue d&rsquo;un bleu ciel \u00e9clatant au pied d&rsquo;un volcan. L&rsquo;\u00e9tape suivante \u00e9tait une petite zone d&rsquo;activit\u00e9 volcanique dont les sympt\u00f4mes sont geysers de vapeur et de soufre ainsi que flaques de boue bouillonnantes dans un paysage de teintes jaun\u00e2tres, marron et ocre digne d&rsquo;un autre monde. D&rsquo;ailleurs \u00e0 propos de vues surr\u00e9elles, nous avons termin\u00e9 la journ\u00e9e par une balade avec des lamas le long de la Laguna Colorada, un lac&#8230; orange!<\/p>\n<figure id=\"attachment_677\" aria-describedby=\"caption-attachment-677\" style=\"width: 3265px\" class=\"wp-caption aligncenter\"><a href=\"https:\/\/i0.wp.com\/www.spang.ch\/aude\/wp-content\/uploads\/2017\/01\/IMG_2673-e1485112779165.jpg\"><img loading=\"lazy\" decoding=\"async\" data-attachment-id=\"677\" data-permalink=\"http:\/\/www.spang.ch\/aude\/fr\/2017\/01\/bolivia\/img_2673\/\" data-orig-file=\"https:\/\/i0.wp.com\/www.spang.ch\/aude\/wp-content\/uploads\/2017\/01\/IMG_2673-e1485112779165.jpg?fit=3265%2C4898\" data-orig-size=\"3265,4898\" data-comments-opened=\"1\" data-image-meta=\"{&quot;aperture&quot;:&quot;0&quot;,&quot;credit&quot;:&quot;&quot;,&quot;camera&quot;:&quot;&quot;,&quot;caption&quot;:&quot;&quot;,&quot;created_timestamp&quot;:&quot;0&quot;,&quot;copyright&quot;:&quot;&quot;,&quot;focal_length&quot;:&quot;0&quot;,&quot;iso&quot;:&quot;0&quot;,&quot;shutter_speed&quot;:&quot;0&quot;,&quot;title&quot;:&quot;&quot;,&quot;orientation&quot;:&quot;0&quot;}\" data-image-title=\"IMG_2673\" data-image-description=\"\" data-image-caption=\"&lt;p&gt;South Lipez&lt;\/p&gt;\n\" data-medium-file=\"https:\/\/i0.wp.com\/www.spang.ch\/aude\/wp-content\/uploads\/2017\/01\/IMG_2673-e1485112779165.jpg?fit=200%2C300\" data-large-file=\"https:\/\/i0.wp.com\/www.spang.ch\/aude\/wp-content\/uploads\/2017\/01\/IMG_2673-e1485112779165.jpg?fit=683%2C1024\" tabindex=\"0\" role=\"button\" class=\"size-full wp-image-677\" src=\"https:\/\/i0.wp.com\/www.spang.ch\/aude\/wp-content\/uploads\/2017\/01\/IMG_2673-e1485112779165.jpg?resize=1000%2C1500\" alt=\"South Lipez\" width=\"1000\" height=\"1500\" srcset=\"https:\/\/i0.wp.com\/www.spang.ch\/aude\/wp-content\/uploads\/2017\/01\/IMG_2673-e1485112779165.jpg?w=3265 3265w, https:\/\/i0.wp.com\/www.spang.ch\/aude\/wp-content\/uploads\/2017\/01\/IMG_2673-e1485112779165.jpg?resize=200%2C300 200w, https:\/\/i0.wp.com\/www.spang.ch\/aude\/wp-content\/uploads\/2017\/01\/IMG_2673-e1485112779165.jpg?resize=768%2C1152 768w, https:\/\/i0.wp.com\/www.spang.ch\/aude\/wp-content\/uploads\/2017\/01\/IMG_2673-e1485112779165.jpg?resize=683%2C1024 683w, https:\/\/i0.wp.com\/www.spang.ch\/aude\/wp-content\/uploads\/2017\/01\/IMG_2673-e1485112779165.jpg?w=2000 2000w, https:\/\/i0.wp.com\/www.spang.ch\/aude\/wp-content\/uploads\/2017\/01\/IMG_2673-e1485112779165.jpg?w=3000 3000w\" sizes=\"(max-width: 1000px) 100vw, 1000px\" data-recalc-dims=\"1\" \/><\/a><figcaption id=\"caption-attachment-677\" class=\"wp-caption-text\">South Lipez<\/figcaption><\/figure>\n<figure id=\"attachment_647\" aria-describedby=\"caption-attachment-647\" style=\"width: 683px\" class=\"wp-caption aligncenter\"><a href=\"https:\/\/i0.wp.com\/www.spang.ch\/aude\/wp-content\/uploads\/2017\/01\/IMG_2809-e1484671089686.jpg\"><img loading=\"lazy\" decoding=\"async\" data-attachment-id=\"647\" data-permalink=\"http:\/\/www.spang.ch\/aude\/fr\/2017\/01\/bolivia\/img_2809\/\" data-orig-file=\"https:\/\/i0.wp.com\/www.spang.ch\/aude\/wp-content\/uploads\/2017\/01\/IMG_2809-e1484671089686.jpg?fit=3456%2C5184\" data-orig-size=\"3456,5184\" data-comments-opened=\"1\" data-image-meta=\"{&quot;aperture&quot;:&quot;0&quot;,&quot;credit&quot;:&quot;&quot;,&quot;camera&quot;:&quot;&quot;,&quot;caption&quot;:&quot;&quot;,&quot;created_timestamp&quot;:&quot;0&quot;,&quot;copyright&quot;:&quot;&quot;,&quot;focal_length&quot;:&quot;0&quot;,&quot;iso&quot;:&quot;0&quot;,&quot;shutter_speed&quot;:&quot;0&quot;,&quot;title&quot;:&quot;&quot;,&quot;orientation&quot;:&quot;0&quot;}\" data-image-title=\"IMG_2809\" data-image-description=\"\" data-image-caption=\"&lt;p&gt;Laguna Verde with Adnan and Emanuele&lt;\/p&gt;\n\" data-medium-file=\"https:\/\/i0.wp.com\/www.spang.ch\/aude\/wp-content\/uploads\/2017\/01\/IMG_2809-e1484671089686.jpg?fit=200%2C300\" data-large-file=\"https:\/\/i0.wp.com\/www.spang.ch\/aude\/wp-content\/uploads\/2017\/01\/IMG_2809-e1484671089686.jpg?fit=683%2C1024\" tabindex=\"0\" role=\"button\" class=\"size-large wp-image-647\" src=\"https:\/\/i0.wp.com\/www.spang.ch\/aude\/wp-content\/uploads\/2017\/01\/IMG_2809-e1484671089686-683x1024.jpg?resize=683%2C1024\" alt=\"Laguna Verde with Adnan and Emanuele\" width=\"683\" height=\"1024\" srcset=\"https:\/\/i0.wp.com\/www.spang.ch\/aude\/wp-content\/uploads\/2017\/01\/IMG_2809-e1484671089686.jpg?resize=683%2C1024 683w, https:\/\/i0.wp.com\/www.spang.ch\/aude\/wp-content\/uploads\/2017\/01\/IMG_2809-e1484671089686.jpg?resize=200%2C300 200w, https:\/\/i0.wp.com\/www.spang.ch\/aude\/wp-content\/uploads\/2017\/01\/IMG_2809-e1484671089686.jpg?resize=768%2C1152 768w, https:\/\/i0.wp.com\/www.spang.ch\/aude\/wp-content\/uploads\/2017\/01\/IMG_2809-e1484671089686.jpg?w=2000 2000w, https:\/\/i0.wp.com\/www.spang.ch\/aude\/wp-content\/uploads\/2017\/01\/IMG_2809-e1484671089686.jpg?w=3000 3000w\" sizes=\"(max-width: 683px) 100vw, 683px\" data-recalc-dims=\"1\" \/><\/a><figcaption id=\"caption-attachment-647\" class=\"wp-caption-text\">Laguna Verde with Adnan and Emanuele<\/figcaption><\/figure>\n<figure id=\"attachment_648\" aria-describedby=\"caption-attachment-648\" style=\"width: 1000px\" class=\"wp-caption aligncenter\"><a href=\"https:\/\/i0.wp.com\/www.spang.ch\/aude\/wp-content\/uploads\/2017\/01\/IMG_2833.jpg\"><img loading=\"lazy\" decoding=\"async\" data-attachment-id=\"648\" data-permalink=\"http:\/\/www.spang.ch\/aude\/fr\/2017\/01\/bolivia\/img_2833\/\" data-orig-file=\"https:\/\/i0.wp.com\/www.spang.ch\/aude\/wp-content\/uploads\/2017\/01\/IMG_2833.jpg?fit=5184%2C3456\" data-orig-size=\"5184,3456\" data-comments-opened=\"1\" data-image-meta=\"{&quot;aperture&quot;:&quot;0&quot;,&quot;credit&quot;:&quot;&quot;,&quot;camera&quot;:&quot;&quot;,&quot;caption&quot;:&quot;&quot;,&quot;created_timestamp&quot;:&quot;0&quot;,&quot;copyright&quot;:&quot;&quot;,&quot;focal_length&quot;:&quot;0&quot;,&quot;iso&quot;:&quot;0&quot;,&quot;shutter_speed&quot;:&quot;0&quot;,&quot;title&quot;:&quot;&quot;,&quot;orientation&quot;:&quot;0&quot;}\" data-image-title=\"IMG_2833\" data-image-description=\"\" data-image-caption=\"&lt;p&gt;South Lipez&lt;\/p&gt;\n\" data-medium-file=\"https:\/\/i0.wp.com\/www.spang.ch\/aude\/wp-content\/uploads\/2017\/01\/IMG_2833.jpg?fit=300%2C200\" data-large-file=\"https:\/\/i0.wp.com\/www.spang.ch\/aude\/wp-content\/uploads\/2017\/01\/IMG_2833.jpg?fit=1000%2C667\" tabindex=\"0\" role=\"button\" class=\"size-large wp-image-648\" src=\"https:\/\/i0.wp.com\/www.spang.ch\/aude\/wp-content\/uploads\/2017\/01\/IMG_2833.jpg?resize=1000%2C667\" alt=\"South Lipez\" width=\"1000\" height=\"667\" srcset=\"https:\/\/i0.wp.com\/www.spang.ch\/aude\/wp-content\/uploads\/2017\/01\/IMG_2833.jpg?resize=1024%2C683 1024w, https:\/\/i0.wp.com\/www.spang.ch\/aude\/wp-content\/uploads\/2017\/01\/IMG_2833.jpg?resize=300%2C200 300w, https:\/\/i0.wp.com\/www.spang.ch\/aude\/wp-content\/uploads\/2017\/01\/IMG_2833.jpg?resize=768%2C512 768w, https:\/\/i0.wp.com\/www.spang.ch\/aude\/wp-content\/uploads\/2017\/01\/IMG_2833.jpg?resize=960%2C640 960w, https:\/\/i0.wp.com\/www.spang.ch\/aude\/wp-content\/uploads\/2017\/01\/IMG_2833.jpg?resize=450%2C300 450w, https:\/\/i0.wp.com\/www.spang.ch\/aude\/wp-content\/uploads\/2017\/01\/IMG_2833.jpg?w=2000 2000w, https:\/\/i0.wp.com\/www.spang.ch\/aude\/wp-content\/uploads\/2017\/01\/IMG_2833.jpg?w=3000 3000w\" sizes=\"(max-width: 1000px) 100vw, 1000px\" data-recalc-dims=\"1\" \/><\/a><figcaption id=\"caption-attachment-648\" class=\"wp-caption-text\">South Lipez<\/figcaption><\/figure>\n<figure id=\"attachment_649\" aria-describedby=\"caption-attachment-649\" style=\"width: 1000px\" class=\"wp-caption aligncenter\"><a href=\"https:\/\/i0.wp.com\/www.spang.ch\/aude\/wp-content\/uploads\/2017\/01\/IMG_2909.jpg\"><img loading=\"lazy\" decoding=\"async\" data-attachment-id=\"649\" data-permalink=\"http:\/\/www.spang.ch\/aude\/fr\/2017\/01\/bolivia\/img_2909\/\" data-orig-file=\"https:\/\/i0.wp.com\/www.spang.ch\/aude\/wp-content\/uploads\/2017\/01\/IMG_2909.jpg?fit=5184%2C3456\" data-orig-size=\"5184,3456\" data-comments-opened=\"1\" data-image-meta=\"{&quot;aperture&quot;:&quot;0&quot;,&quot;credit&quot;:&quot;&quot;,&quot;camera&quot;:&quot;&quot;,&quot;caption&quot;:&quot;&quot;,&quot;created_timestamp&quot;:&quot;0&quot;,&quot;copyright&quot;:&quot;&quot;,&quot;focal_length&quot;:&quot;0&quot;,&quot;iso&quot;:&quot;0&quot;,&quot;shutter_speed&quot;:&quot;0&quot;,&quot;title&quot;:&quot;&quot;,&quot;orientation&quot;:&quot;0&quot;}\" data-image-title=\"IMG_2909\" data-image-description=\"\" data-image-caption=\"&lt;p&gt;Bolivia: Sucre, Sud Lipez, Samaipata&lt;\/p&gt;\n\" data-medium-file=\"https:\/\/i0.wp.com\/www.spang.ch\/aude\/wp-content\/uploads\/2017\/01\/IMG_2909.jpg?fit=300%2C200\" data-large-file=\"https:\/\/i0.wp.com\/www.spang.ch\/aude\/wp-content\/uploads\/2017\/01\/IMG_2909.jpg?fit=1000%2C667\" tabindex=\"0\" role=\"button\" class=\"size-large wp-image-649\" src=\"https:\/\/i0.wp.com\/www.spang.ch\/aude\/wp-content\/uploads\/2017\/01\/IMG_2909.jpg?resize=1000%2C667\" alt=\"Laguna Colorada\" width=\"1000\" height=\"667\" srcset=\"https:\/\/i0.wp.com\/www.spang.ch\/aude\/wp-content\/uploads\/2017\/01\/IMG_2909.jpg?resize=1024%2C683 1024w, https:\/\/i0.wp.com\/www.spang.ch\/aude\/wp-content\/uploads\/2017\/01\/IMG_2909.jpg?resize=300%2C200 300w, https:\/\/i0.wp.com\/www.spang.ch\/aude\/wp-content\/uploads\/2017\/01\/IMG_2909.jpg?resize=768%2C512 768w, https:\/\/i0.wp.com\/www.spang.ch\/aude\/wp-content\/uploads\/2017\/01\/IMG_2909.jpg?resize=960%2C640 960w, https:\/\/i0.wp.com\/www.spang.ch\/aude\/wp-content\/uploads\/2017\/01\/IMG_2909.jpg?resize=450%2C300 450w, https:\/\/i0.wp.com\/www.spang.ch\/aude\/wp-content\/uploads\/2017\/01\/IMG_2909.jpg?w=2000 2000w, https:\/\/i0.wp.com\/www.spang.ch\/aude\/wp-content\/uploads\/2017\/01\/IMG_2909.jpg?w=3000 3000w\" sizes=\"(max-width: 1000px) 100vw, 1000px\" data-recalc-dims=\"1\" \/><\/a><figcaption id=\"caption-attachment-649\" class=\"wp-caption-text\">Laguna Colorada<\/figcaption><\/figure>\n<p style=\"text-align: justify;\">Le troisi\u00e8me jour, nous sommes entr\u00e9s dans la r\u00e9serve naturelle de faune andine Eduardo Avaroa, o\u00f9, d\u00e9sert et superbes montagnes avec chapeau de neige mis \u00e0 part, nous avons aussi vu un champ de roche dont l&rsquo;une presque taill\u00e9e en forme d&rsquo;arbre par les \u00e9l\u00e9ments. Apr\u00e8s, ce fut une autre lagune, turquoise celle-ci, au bord d&rsquo;une montagne, refl\u00e9tant le ciel et les nuages, puis une autre encore, servant toujours de lieu d&rsquo;alimentation pour des flamants roses vus carr\u00e9ment de tr\u00e8s pr\u00e8s. Nous avons \u00e0 nouveau mang\u00e9 en pleine nature, face \u00e0 un spectaculaire paysage de montagne au ciel tachet\u00e9 de nuages, puis nous avons \u00e9t\u00e9 voir un autre lac d&rsquo;une couleur inattendue: noir cette fois! (\u00e0 cause des algues qu&rsquo;il contient) Enfin, quand les roches ont commenc\u00e9 \u00e0 \u00eatre d\u00e9cor\u00e9es de cactus et que les montagnes au loin sembler flotter au-dessus du sol par effet d&rsquo;optique d\u00fb \u00e0 la chaleur, nous avons compris que nous nous approchions de la derni\u00e8re \u00e9tape de notre voyage: le Salar d&rsquo;Uyuni, le d\u00e9sert de sel. Cette nuit-l\u00e0, nous avons dormi dans un h\u00f4tel dont les murs, le sol, les meubles \u00e9taient enti\u00e8rement faits de sel (on a fait le test de v\u00e9rification par l\u00e9chage!).<\/p>\n<figure id=\"attachment_652\" aria-describedby=\"caption-attachment-652\" style=\"width: 1000px\" class=\"wp-caption aligncenter\"><a href=\"https:\/\/i0.wp.com\/www.spang.ch\/aude\/wp-content\/uploads\/2017\/01\/IMG_3004.jpg\"><img loading=\"lazy\" decoding=\"async\" data-attachment-id=\"652\" data-permalink=\"http:\/\/www.spang.ch\/aude\/fr\/2017\/01\/bolivia\/img_3004\/\" data-orig-file=\"https:\/\/i0.wp.com\/www.spang.ch\/aude\/wp-content\/uploads\/2017\/01\/IMG_3004.jpg?fit=5184%2C3456\" data-orig-size=\"5184,3456\" data-comments-opened=\"1\" data-image-meta=\"{&quot;aperture&quot;:&quot;0&quot;,&quot;credit&quot;:&quot;&quot;,&quot;camera&quot;:&quot;&quot;,&quot;caption&quot;:&quot;&quot;,&quot;created_timestamp&quot;:&quot;0&quot;,&quot;copyright&quot;:&quot;&quot;,&quot;focal_length&quot;:&quot;0&quot;,&quot;iso&quot;:&quot;0&quot;,&quot;shutter_speed&quot;:&quot;0&quot;,&quot;title&quot;:&quot;&quot;,&quot;orientation&quot;:&quot;0&quot;}\" data-image-title=\"IMG_3004\" data-image-description=\"\" data-image-caption=\"&lt;p&gt;South Lipez&lt;\/p&gt;\n\" data-medium-file=\"https:\/\/i0.wp.com\/www.spang.ch\/aude\/wp-content\/uploads\/2017\/01\/IMG_3004.jpg?fit=300%2C200\" data-large-file=\"https:\/\/i0.wp.com\/www.spang.ch\/aude\/wp-content\/uploads\/2017\/01\/IMG_3004.jpg?fit=1000%2C667\" tabindex=\"0\" role=\"button\" class=\"size-large wp-image-652\" src=\"https:\/\/i0.wp.com\/www.spang.ch\/aude\/wp-content\/uploads\/2017\/01\/IMG_3004.jpg?resize=1000%2C667\" alt=\"South Lipez\" width=\"1000\" height=\"667\" srcset=\"https:\/\/i0.wp.com\/www.spang.ch\/aude\/wp-content\/uploads\/2017\/01\/IMG_3004.jpg?resize=1024%2C683 1024w, https:\/\/i0.wp.com\/www.spang.ch\/aude\/wp-content\/uploads\/2017\/01\/IMG_3004.jpg?resize=300%2C200 300w, https:\/\/i0.wp.com\/www.spang.ch\/aude\/wp-content\/uploads\/2017\/01\/IMG_3004.jpg?resize=768%2C512 768w, https:\/\/i0.wp.com\/www.spang.ch\/aude\/wp-content\/uploads\/2017\/01\/IMG_3004.jpg?resize=960%2C640 960w, https:\/\/i0.wp.com\/www.spang.ch\/aude\/wp-content\/uploads\/2017\/01\/IMG_3004.jpg?resize=450%2C300 450w, https:\/\/i0.wp.com\/www.spang.ch\/aude\/wp-content\/uploads\/2017\/01\/IMG_3004.jpg?w=2000 2000w, https:\/\/i0.wp.com\/www.spang.ch\/aude\/wp-content\/uploads\/2017\/01\/IMG_3004.jpg?w=3000 3000w\" sizes=\"(max-width: 1000px) 100vw, 1000px\" data-recalc-dims=\"1\" \/><\/a><figcaption id=\"caption-attachment-652\" class=\"wp-caption-text\">South Lipez<\/figcaption><\/figure>\n<figure id=\"attachment_654\" aria-describedby=\"caption-attachment-654\" style=\"width: 1000px\" class=\"wp-caption aligncenter\"><a href=\"https:\/\/i0.wp.com\/www.spang.ch\/aude\/wp-content\/uploads\/2017\/01\/IMG_3028.jpg\"><img loading=\"lazy\" decoding=\"async\" data-attachment-id=\"654\" data-permalink=\"http:\/\/www.spang.ch\/aude\/fr\/2017\/01\/bolivia\/img_3028\/\" data-orig-file=\"https:\/\/i0.wp.com\/www.spang.ch\/aude\/wp-content\/uploads\/2017\/01\/IMG_3028.jpg?fit=5184%2C3456\" data-orig-size=\"5184,3456\" data-comments-opened=\"1\" data-image-meta=\"{&quot;aperture&quot;:&quot;0&quot;,&quot;credit&quot;:&quot;&quot;,&quot;camera&quot;:&quot;&quot;,&quot;caption&quot;:&quot;&quot;,&quot;created_timestamp&quot;:&quot;0&quot;,&quot;copyright&quot;:&quot;&quot;,&quot;focal_length&quot;:&quot;0&quot;,&quot;iso&quot;:&quot;0&quot;,&quot;shutter_speed&quot;:&quot;0&quot;,&quot;title&quot;:&quot;&quot;,&quot;orientation&quot;:&quot;0&quot;}\" data-image-title=\"IMG_3028\" data-image-description=\"\" data-image-caption=\"&lt;p&gt;South Lipez&lt;\/p&gt;\n\" data-medium-file=\"https:\/\/i0.wp.com\/www.spang.ch\/aude\/wp-content\/uploads\/2017\/01\/IMG_3028.jpg?fit=300%2C200\" data-large-file=\"https:\/\/i0.wp.com\/www.spang.ch\/aude\/wp-content\/uploads\/2017\/01\/IMG_3028.jpg?fit=1000%2C667\" tabindex=\"0\" role=\"button\" class=\"size-large wp-image-654\" src=\"https:\/\/i0.wp.com\/www.spang.ch\/aude\/wp-content\/uploads\/2017\/01\/IMG_3028.jpg?resize=1000%2C667\" alt=\"South Lipez\" width=\"1000\" height=\"667\" srcset=\"https:\/\/i0.wp.com\/www.spang.ch\/aude\/wp-content\/uploads\/2017\/01\/IMG_3028.jpg?resize=1024%2C683 1024w, https:\/\/i0.wp.com\/www.spang.ch\/aude\/wp-content\/uploads\/2017\/01\/IMG_3028.jpg?resize=300%2C200 300w, https:\/\/i0.wp.com\/www.spang.ch\/aude\/wp-content\/uploads\/2017\/01\/IMG_3028.jpg?resize=768%2C512 768w, https:\/\/i0.wp.com\/www.spang.ch\/aude\/wp-content\/uploads\/2017\/01\/IMG_3028.jpg?resize=960%2C640 960w, https:\/\/i0.wp.com\/www.spang.ch\/aude\/wp-content\/uploads\/2017\/01\/IMG_3028.jpg?resize=450%2C300 450w, https:\/\/i0.wp.com\/www.spang.ch\/aude\/wp-content\/uploads\/2017\/01\/IMG_3028.jpg?w=2000 2000w, https:\/\/i0.wp.com\/www.spang.ch\/aude\/wp-content\/uploads\/2017\/01\/IMG_3028.jpg?w=3000 3000w\" sizes=\"(max-width: 1000px) 100vw, 1000px\" data-recalc-dims=\"1\" \/><\/a><figcaption id=\"caption-attachment-654\" class=\"wp-caption-text\">South Lipez<\/figcaption><\/figure>\n<figure id=\"attachment_664\" aria-describedby=\"caption-attachment-664\" style=\"width: 1000px\" class=\"wp-caption aligncenter\"><a href=\"https:\/\/i0.wp.com\/www.spang.ch\/aude\/wp-content\/uploads\/2017\/01\/IMG_3139.jpg\"><img loading=\"lazy\" decoding=\"async\" data-attachment-id=\"664\" data-permalink=\"http:\/\/www.spang.ch\/aude\/fr\/2017\/01\/bolivia\/img_3139\/\" data-orig-file=\"https:\/\/i0.wp.com\/www.spang.ch\/aude\/wp-content\/uploads\/2017\/01\/IMG_3139.jpg?fit=4898%2C3265\" data-orig-size=\"4898,3265\" data-comments-opened=\"1\" data-image-meta=\"{&quot;aperture&quot;:&quot;0&quot;,&quot;credit&quot;:&quot;&quot;,&quot;camera&quot;:&quot;&quot;,&quot;caption&quot;:&quot;&quot;,&quot;created_timestamp&quot;:&quot;0&quot;,&quot;copyright&quot;:&quot;&quot;,&quot;focal_length&quot;:&quot;0&quot;,&quot;iso&quot;:&quot;0&quot;,&quot;shutter_speed&quot;:&quot;0&quot;,&quot;title&quot;:&quot;&quot;,&quot;orientation&quot;:&quot;0&quot;}\" data-image-title=\"IMG_3139\" data-image-description=\"\" data-image-caption=\"&lt;p&gt;South Lipez, black laguna&lt;\/p&gt;\n\" data-medium-file=\"https:\/\/i0.wp.com\/www.spang.ch\/aude\/wp-content\/uploads\/2017\/01\/IMG_3139.jpg?fit=300%2C200\" data-large-file=\"https:\/\/i0.wp.com\/www.spang.ch\/aude\/wp-content\/uploads\/2017\/01\/IMG_3139.jpg?fit=1000%2C667\" tabindex=\"0\" role=\"button\" class=\"size-large wp-image-664\" src=\"https:\/\/i0.wp.com\/www.spang.ch\/aude\/wp-content\/uploads\/2017\/01\/IMG_3139.jpg?resize=1000%2C667\" alt=\"South Lipez, black laguna\" width=\"1000\" height=\"667\" srcset=\"https:\/\/i0.wp.com\/www.spang.ch\/aude\/wp-content\/uploads\/2017\/01\/IMG_3139.jpg?resize=1024%2C683 1024w, https:\/\/i0.wp.com\/www.spang.ch\/aude\/wp-content\/uploads\/2017\/01\/IMG_3139.jpg?resize=300%2C200 300w, https:\/\/i0.wp.com\/www.spang.ch\/aude\/wp-content\/uploads\/2017\/01\/IMG_3139.jpg?resize=768%2C512 768w, https:\/\/i0.wp.com\/www.spang.ch\/aude\/wp-content\/uploads\/2017\/01\/IMG_3139.jpg?resize=960%2C640 960w, https:\/\/i0.wp.com\/www.spang.ch\/aude\/wp-content\/uploads\/2017\/01\/IMG_3139.jpg?resize=450%2C300 450w, https:\/\/i0.wp.com\/www.spang.ch\/aude\/wp-content\/uploads\/2017\/01\/IMG_3139.jpg?w=2000 2000w, https:\/\/i0.wp.com\/www.spang.ch\/aude\/wp-content\/uploads\/2017\/01\/IMG_3139.jpg?w=3000 3000w\" sizes=\"(max-width: 1000px) 100vw, 1000px\" data-recalc-dims=\"1\" \/><\/a><figcaption id=\"caption-attachment-664\" class=\"wp-caption-text\">South Lipez, black laguna<\/figcaption><\/figure>\n<figure id=\"attachment_662\" aria-describedby=\"caption-attachment-662\" style=\"width: 1000px\" class=\"wp-caption aligncenter\"><a href=\"https:\/\/i0.wp.com\/www.spang.ch\/aude\/wp-content\/uploads\/2017\/01\/IMG_2943.jpg\"><img loading=\"lazy\" decoding=\"async\" data-attachment-id=\"662\" data-permalink=\"http:\/\/www.spang.ch\/aude\/fr\/2017\/01\/bolivia\/img_2943\/\" data-orig-file=\"https:\/\/i0.wp.com\/www.spang.ch\/aude\/wp-content\/uploads\/2017\/01\/IMG_2943.jpg?fit=4898%2C3265\" data-orig-size=\"4898,3265\" data-comments-opened=\"1\" data-image-meta=\"{&quot;aperture&quot;:&quot;0&quot;,&quot;credit&quot;:&quot;&quot;,&quot;camera&quot;:&quot;&quot;,&quot;caption&quot;:&quot;&quot;,&quot;created_timestamp&quot;:&quot;0&quot;,&quot;copyright&quot;:&quot;&quot;,&quot;focal_length&quot;:&quot;0&quot;,&quot;iso&quot;:&quot;0&quot;,&quot;shutter_speed&quot;:&quot;0&quot;,&quot;title&quot;:&quot;&quot;,&quot;orientation&quot;:&quot;0&quot;}\" data-image-title=\"IMG_2943\" data-image-description=\"\" data-image-caption=\"&lt;p&gt;South Lipez&lt;\/p&gt;\n\" data-medium-file=\"https:\/\/i0.wp.com\/www.spang.ch\/aude\/wp-content\/uploads\/2017\/01\/IMG_2943.jpg?fit=300%2C200\" data-large-file=\"https:\/\/i0.wp.com\/www.spang.ch\/aude\/wp-content\/uploads\/2017\/01\/IMG_2943.jpg?fit=1000%2C667\" tabindex=\"0\" role=\"button\" class=\"size-large wp-image-662\" src=\"https:\/\/i0.wp.com\/www.spang.ch\/aude\/wp-content\/uploads\/2017\/01\/IMG_2943.jpg?resize=1000%2C667\" alt=\"South Lipez\" width=\"1000\" height=\"667\" srcset=\"https:\/\/i0.wp.com\/www.spang.ch\/aude\/wp-content\/uploads\/2017\/01\/IMG_2943.jpg?resize=1024%2C683 1024w, https:\/\/i0.wp.com\/www.spang.ch\/aude\/wp-content\/uploads\/2017\/01\/IMG_2943.jpg?resize=300%2C200 300w, https:\/\/i0.wp.com\/www.spang.ch\/aude\/wp-content\/uploads\/2017\/01\/IMG_2943.jpg?resize=768%2C512 768w, https:\/\/i0.wp.com\/www.spang.ch\/aude\/wp-content\/uploads\/2017\/01\/IMG_2943.jpg?resize=960%2C640 960w, https:\/\/i0.wp.com\/www.spang.ch\/aude\/wp-content\/uploads\/2017\/01\/IMG_2943.jpg?resize=450%2C300 450w, https:\/\/i0.wp.com\/www.spang.ch\/aude\/wp-content\/uploads\/2017\/01\/IMG_2943.jpg?w=2000 2000w, https:\/\/i0.wp.com\/www.spang.ch\/aude\/wp-content\/uploads\/2017\/01\/IMG_2943.jpg?w=3000 3000w\" sizes=\"(max-width: 1000px) 100vw, 1000px\" data-recalc-dims=\"1\" \/><\/a><figcaption id=\"caption-attachment-662\" class=\"wp-caption-text\">South Lipez<\/figcaption><\/figure>\n<p style=\"text-align: justify;\">La derni\u00e8re \u00e9tape importante de notre tour fut donc le Salar, et nous nous sommes lev\u00e9s au (tout) petit matin pour d&rsquo;abord tenter d&rsquo;observer les \u00e9toiles puis de voir le lever de soleil sur le d\u00e9sert. \u00c7a a rat\u00e9: il \u00e9tait trop tard pour les \u00e9toiles et le lever de soleil fut l&rsquo;un des plus lamentables de ma vie, compl\u00e8tement cach\u00e9 par les nuages. Mais peu importe: l&rsquo;endroit est unique et offre une vue superbe, s&rsquo;\u00e9tendant sur des kilom\u00e8tres et des kilom\u00e8tres (10&rsquo;000 km carr\u00e9) et le niveau du lac augmentant chaque ann\u00e9e (en fait la couche de sel est \u00e9paisse de 2m \u00e0 20m, et en-dessous il y a de l&rsquo;eau!) On s&rsquo;est balad\u00e9s un peu sur Incahuasi, l&rsquo;\u00eele aux cactus, puis on a fait un tour sur le sel, et ensuite on est all\u00e9s voir l&rsquo;\u00eelot de drapeaux (\u00e0 c\u00f4t\u00e9 duquel se trouvait aussi une sculpture g\u00e9ante du Paris-Dakar, qui je l&rsquo;ai appris ne passe d\u00e9sormais plus ni par Paris, ni par Dakar, mais par l&rsquo;Am\u00e9rique du Sud et notamment Uyuni (plus tard, en Argentine, ma route a re-crois\u00e9 celle du Dakar)). Le magnifique tour s&rsquo;est termin\u00e9 apr\u00e8s que nous ayons \u00e9t\u00e9 voir un cimeti\u00e8re de trains et locomotives pr\u00e8s d&rsquo;Uyuni, ville d\u00e9nu\u00e9e du moindre int\u00e9r\u00eat si ce n&rsquo;est pour sa proximit\u00e9 avec le Dakar. En conclusion, je crois qu&rsquo;on peut dire que ce tour fut g\u00e9nial et incontournable!<\/p>\n<figure id=\"attachment_658\" aria-describedby=\"caption-attachment-658\" style=\"width: 1000px\" class=\"wp-caption aligncenter\"><a href=\"https:\/\/i0.wp.com\/www.spang.ch\/aude\/wp-content\/uploads\/2017\/01\/IMG_3208.jpg\"><img loading=\"lazy\" decoding=\"async\" data-attachment-id=\"658\" data-permalink=\"http:\/\/www.spang.ch\/aude\/fr\/2017\/01\/bolivia\/img_3208\/\" data-orig-file=\"https:\/\/i0.wp.com\/www.spang.ch\/aude\/wp-content\/uploads\/2017\/01\/IMG_3208.jpg?fit=5184%2C3456\" data-orig-size=\"5184,3456\" data-comments-opened=\"1\" data-image-meta=\"{&quot;aperture&quot;:&quot;0&quot;,&quot;credit&quot;:&quot;&quot;,&quot;camera&quot;:&quot;&quot;,&quot;caption&quot;:&quot;&quot;,&quot;created_timestamp&quot;:&quot;0&quot;,&quot;copyright&quot;:&quot;&quot;,&quot;focal_length&quot;:&quot;0&quot;,&quot;iso&quot;:&quot;0&quot;,&quot;shutter_speed&quot;:&quot;0&quot;,&quot;title&quot;:&quot;&quot;,&quot;orientation&quot;:&quot;0&quot;}\" data-image-title=\"IMG_3208\" data-image-description=\"\" data-image-caption=\"&lt;p&gt;Salar de Uyuni&lt;\/p&gt;\n\" data-medium-file=\"https:\/\/i0.wp.com\/www.spang.ch\/aude\/wp-content\/uploads\/2017\/01\/IMG_3208.jpg?fit=300%2C200\" data-large-file=\"https:\/\/i0.wp.com\/www.spang.ch\/aude\/wp-content\/uploads\/2017\/01\/IMG_3208.jpg?fit=1000%2C667\" tabindex=\"0\" role=\"button\" class=\"size-large wp-image-658\" src=\"https:\/\/i0.wp.com\/www.spang.ch\/aude\/wp-content\/uploads\/2017\/01\/IMG_3208.jpg?resize=1000%2C667\" alt=\"Salar de Uyuni\" width=\"1000\" height=\"667\" srcset=\"https:\/\/i0.wp.com\/www.spang.ch\/aude\/wp-content\/uploads\/2017\/01\/IMG_3208.jpg?resize=1024%2C683 1024w, https:\/\/i0.wp.com\/www.spang.ch\/aude\/wp-content\/uploads\/2017\/01\/IMG_3208.jpg?resize=300%2C200 300w, https:\/\/i0.wp.com\/www.spang.ch\/aude\/wp-content\/uploads\/2017\/01\/IMG_3208.jpg?resize=768%2C512 768w, https:\/\/i0.wp.com\/www.spang.ch\/aude\/wp-content\/uploads\/2017\/01\/IMG_3208.jpg?resize=960%2C640 960w, https:\/\/i0.wp.com\/www.spang.ch\/aude\/wp-content\/uploads\/2017\/01\/IMG_3208.jpg?resize=450%2C300 450w, https:\/\/i0.wp.com\/www.spang.ch\/aude\/wp-content\/uploads\/2017\/01\/IMG_3208.jpg?w=2000 2000w, https:\/\/i0.wp.com\/www.spang.ch\/aude\/wp-content\/uploads\/2017\/01\/IMG_3208.jpg?w=3000 3000w\" sizes=\"(max-width: 1000px) 100vw, 1000px\" data-recalc-dims=\"1\" \/><\/a><figcaption id=\"caption-attachment-658\" class=\"wp-caption-text\">Salar de Uyuni<\/figcaption><\/figure>\n<p style=\"text-align: justify;\">On a partag\u00e9 une pizza au lama dans un restaurant visit\u00e9\u00a0par toute la mafia italienne du coin, puis salu\u00e9 Adnan, qu&rsquo;on compte bien aller voir jouer du th\u00e9\u00e2tre sur Paris une fois qu&rsquo;on sera revenus! Il continuait sa route vers le P\u00e9rou tandis que nous, nous nous dirigions (\u00e0 nouveau) vers Sucre. L\u00e0, nous avons visit\u00e9 un monast\u00e8re avec terrasse donnant sur les toits de la ville, puis nous nous sommes balad\u00e9s au soleil jusqu&rsquo;au cimeti\u00e8re municipal donnant une calme impression de jardin ou de petit parc. Nous avons termin\u00e9 l&rsquo;apr\u00e8s-midi par une visite au Mus\u00e9e du Tr\u00e9sor, donnant \u00e0 voir un r\u00e9sum\u00e9 de la richesse et l&rsquo;histoire mini\u00e8re du pays: or, argent, pierres pr\u00e9cieuses de nombreux types, g\u00e9odes, Emanuele \u00e9tait aux anges! Et c&rsquo;est vrai que moi-m\u00eame, qui n&rsquo;ai pas de grande passion pour ce que j&rsquo;appelle les cailloux, j&rsquo;ai \u00e9t\u00e9 assez impressionn\u00e9e par les petits et grands tr\u00e9sors que la nature et la chimie peuvent cr\u00e9er.<\/p>\n<figure id=\"attachment_655\" aria-describedby=\"caption-attachment-655\" style=\"width: 1000px\" class=\"wp-caption aligncenter\"><a href=\"https:\/\/i0.wp.com\/www.spang.ch\/aude\/wp-content\/uploads\/2017\/01\/IMG_3170.jpg\"><img loading=\"lazy\" decoding=\"async\" data-attachment-id=\"655\" data-permalink=\"http:\/\/www.spang.ch\/aude\/fr\/2017\/01\/bolivia\/img_3170\/\" data-orig-file=\"https:\/\/i0.wp.com\/www.spang.ch\/aude\/wp-content\/uploads\/2017\/01\/IMG_3170.jpg?fit=5184%2C3456\" data-orig-size=\"5184,3456\" data-comments-opened=\"1\" data-image-meta=\"{&quot;aperture&quot;:&quot;0&quot;,&quot;credit&quot;:&quot;&quot;,&quot;camera&quot;:&quot;&quot;,&quot;caption&quot;:&quot;&quot;,&quot;created_timestamp&quot;:&quot;0&quot;,&quot;copyright&quot;:&quot;&quot;,&quot;focal_length&quot;:&quot;0&quot;,&quot;iso&quot;:&quot;0&quot;,&quot;shutter_speed&quot;:&quot;0&quot;,&quot;title&quot;:&quot;&quot;,&quot;orientation&quot;:&quot;0&quot;}\" data-image-title=\"IMG_3170\" data-image-description=\"\" data-image-caption=\"&lt;p&gt;Salt Hotel&lt;\/p&gt;\n\" data-medium-file=\"https:\/\/i0.wp.com\/www.spang.ch\/aude\/wp-content\/uploads\/2017\/01\/IMG_3170.jpg?fit=300%2C200\" data-large-file=\"https:\/\/i0.wp.com\/www.spang.ch\/aude\/wp-content\/uploads\/2017\/01\/IMG_3170.jpg?fit=1000%2C667\" tabindex=\"0\" role=\"button\" class=\"size-large wp-image-655\" src=\"https:\/\/i0.wp.com\/www.spang.ch\/aude\/wp-content\/uploads\/2017\/01\/IMG_3170.jpg?resize=1000%2C667\" alt=\"Salt Hotel\" width=\"1000\" height=\"667\" srcset=\"https:\/\/i0.wp.com\/www.spang.ch\/aude\/wp-content\/uploads\/2017\/01\/IMG_3170.jpg?resize=1024%2C683 1024w, https:\/\/i0.wp.com\/www.spang.ch\/aude\/wp-content\/uploads\/2017\/01\/IMG_3170.jpg?resize=300%2C200 300w, https:\/\/i0.wp.com\/www.spang.ch\/aude\/wp-content\/uploads\/2017\/01\/IMG_3170.jpg?resize=768%2C512 768w, https:\/\/i0.wp.com\/www.spang.ch\/aude\/wp-content\/uploads\/2017\/01\/IMG_3170.jpg?resize=960%2C640 960w, https:\/\/i0.wp.com\/www.spang.ch\/aude\/wp-content\/uploads\/2017\/01\/IMG_3170.jpg?resize=450%2C300 450w, https:\/\/i0.wp.com\/www.spang.ch\/aude\/wp-content\/uploads\/2017\/01\/IMG_3170.jpg?w=2000 2000w, https:\/\/i0.wp.com\/www.spang.ch\/aude\/wp-content\/uploads\/2017\/01\/IMG_3170.jpg?w=3000 3000w\" sizes=\"(max-width: 1000px) 100vw, 1000px\" data-recalc-dims=\"1\" \/><\/a><figcaption id=\"caption-attachment-655\" class=\"wp-caption-text\">Salt Hotel<\/figcaption><\/figure>\n<p style=\"text-align: justify;\">Nous arrivions gentiment vers la fin de nos vacances ensemble, et nous avons choisi de nous arr\u00eater \u00e0 Samaipata sur la route du retour vers Santa Cruz. Le sort a voulu que nous manquions notre bus, et qu&rsquo;aucune place ne soit plus disponible dans le suivant et dernier. Catastroph\u00e9s parce qu&rsquo;\u00e9tant donn\u00e9 les dates de vol d&rsquo;Eman nous n&rsquo;aurions pas pu nous arr\u00eater \u00e0 Samaipata si nous prenions un bus le lendemain, nous avons achet\u00e9 des billets pour passer le trajet (de nuit!) dans l&rsquo;all\u00e9e, soit dormir par terre (d&rsquo;ailleurs on s&rsquo;est rendu compte par apr\u00e8s que le gars de la billetterie avait essay\u00e9 de nous vendre ces \u00ab\u00a0places\u00a0\u00bb \u00e0 un prix plus \u00e9lev\u00e9 que le billet normal, heureusement qu&rsquo;on s&rsquo;est pas laiss\u00e9s faire!). Super nuit en perspective&#8230; En fin de compte on a eu de la chance: il y avait des places dans le bus dont le propri\u00e9taire \u00e9tait absent, et nous avons pu dormir sur des si\u00e8ges &#8211; tant mieux, parce que vu la route de montagne et comme on s&rsquo;est fait bringuebaler \u00e0 toute vitesse par le chauffeur fou, nous n&rsquo;aurions pas ferm\u00e9 l&rsquo;\u0153il!<\/p>\n<figure id=\"attachment_661\" aria-describedby=\"caption-attachment-661\" style=\"width: 1000px\" class=\"wp-caption aligncenter\"><a href=\"https:\/\/i0.wp.com\/www.spang.ch\/aude\/wp-content\/uploads\/2017\/01\/IMG_3411.jpg\"><img loading=\"lazy\" decoding=\"async\" data-attachment-id=\"661\" data-permalink=\"http:\/\/www.spang.ch\/aude\/fr\/2017\/01\/bolivia\/img_3411\/\" data-orig-file=\"https:\/\/i0.wp.com\/www.spang.ch\/aude\/wp-content\/uploads\/2017\/01\/IMG_3411.jpg?fit=5184%2C3456\" data-orig-size=\"5184,3456\" data-comments-opened=\"1\" data-image-meta=\"{&quot;aperture&quot;:&quot;0&quot;,&quot;credit&quot;:&quot;&quot;,&quot;camera&quot;:&quot;&quot;,&quot;caption&quot;:&quot;&quot;,&quot;created_timestamp&quot;:&quot;0&quot;,&quot;copyright&quot;:&quot;&quot;,&quot;focal_length&quot;:&quot;0&quot;,&quot;iso&quot;:&quot;0&quot;,&quot;shutter_speed&quot;:&quot;0&quot;,&quot;title&quot;:&quot;&quot;,&quot;orientation&quot;:&quot;0&quot;}\" data-image-title=\"IMG_3411\" data-image-description=\"\" data-image-caption=\"&lt;p&gt;Samaipata&lt;\/p&gt;\n\" data-medium-file=\"https:\/\/i0.wp.com\/www.spang.ch\/aude\/wp-content\/uploads\/2017\/01\/IMG_3411.jpg?fit=300%2C200\" data-large-file=\"https:\/\/i0.wp.com\/www.spang.ch\/aude\/wp-content\/uploads\/2017\/01\/IMG_3411.jpg?fit=1000%2C667\" tabindex=\"0\" role=\"button\" class=\"size-large wp-image-661\" src=\"https:\/\/i0.wp.com\/www.spang.ch\/aude\/wp-content\/uploads\/2017\/01\/IMG_3411.jpg?resize=1000%2C667\" alt=\"Samaipata\" width=\"1000\" height=\"667\" srcset=\"https:\/\/i0.wp.com\/www.spang.ch\/aude\/wp-content\/uploads\/2017\/01\/IMG_3411.jpg?resize=1024%2C683 1024w, https:\/\/i0.wp.com\/www.spang.ch\/aude\/wp-content\/uploads\/2017\/01\/IMG_3411.jpg?resize=300%2C200 300w, https:\/\/i0.wp.com\/www.spang.ch\/aude\/wp-content\/uploads\/2017\/01\/IMG_3411.jpg?resize=768%2C512 768w, https:\/\/i0.wp.com\/www.spang.ch\/aude\/wp-content\/uploads\/2017\/01\/IMG_3411.jpg?resize=960%2C640 960w, https:\/\/i0.wp.com\/www.spang.ch\/aude\/wp-content\/uploads\/2017\/01\/IMG_3411.jpg?resize=450%2C300 450w, https:\/\/i0.wp.com\/www.spang.ch\/aude\/wp-content\/uploads\/2017\/01\/IMG_3411.jpg?w=2000 2000w, https:\/\/i0.wp.com\/www.spang.ch\/aude\/wp-content\/uploads\/2017\/01\/IMG_3411.jpg?w=3000 3000w\" sizes=\"(max-width: 1000px) 100vw, 1000px\" data-recalc-dims=\"1\" \/><\/a><figcaption id=\"caption-attachment-661\" class=\"wp-caption-text\">Samaipata<\/figcaption><\/figure>\n<figure id=\"attachment_666\" aria-describedby=\"caption-attachment-666\" style=\"width: 683px\" class=\"wp-caption aligncenter\"><a href=\"https:\/\/i0.wp.com\/www.spang.ch\/aude\/wp-content\/uploads\/2017\/01\/IMG_3396-e1484671252857.jpg\"><img loading=\"lazy\" decoding=\"async\" data-attachment-id=\"666\" data-permalink=\"http:\/\/www.spang.ch\/aude\/fr\/2017\/01\/bolivia\/img_3396\/\" data-orig-file=\"https:\/\/i0.wp.com\/www.spang.ch\/aude\/wp-content\/uploads\/2017\/01\/IMG_3396-e1484671252857.jpg?fit=3265%2C4898\" data-orig-size=\"3265,4898\" data-comments-opened=\"1\" data-image-meta=\"{&quot;aperture&quot;:&quot;0&quot;,&quot;credit&quot;:&quot;&quot;,&quot;camera&quot;:&quot;&quot;,&quot;caption&quot;:&quot;&quot;,&quot;created_timestamp&quot;:&quot;0&quot;,&quot;copyright&quot;:&quot;&quot;,&quot;focal_length&quot;:&quot;0&quot;,&quot;iso&quot;:&quot;0&quot;,&quot;shutter_speed&quot;:&quot;0&quot;,&quot;title&quot;:&quot;&quot;,&quot;orientation&quot;:&quot;0&quot;}\" data-image-title=\"IMG_3396\" data-image-description=\"\" data-image-caption=\"&lt;p&gt;Samaipata&lt;\/p&gt;\n\" data-medium-file=\"https:\/\/i0.wp.com\/www.spang.ch\/aude\/wp-content\/uploads\/2017\/01\/IMG_3396-e1484671252857.jpg?fit=200%2C300\" data-large-file=\"https:\/\/i0.wp.com\/www.spang.ch\/aude\/wp-content\/uploads\/2017\/01\/IMG_3396-e1484671252857.jpg?fit=683%2C1024\" tabindex=\"0\" role=\"button\" class=\"size-large wp-image-666\" src=\"https:\/\/i0.wp.com\/www.spang.ch\/aude\/wp-content\/uploads\/2017\/01\/IMG_3396-e1484671252857-683x1024.jpg?resize=683%2C1024\" alt=\"Samaipata\" width=\"683\" height=\"1024\" srcset=\"https:\/\/i0.wp.com\/www.spang.ch\/aude\/wp-content\/uploads\/2017\/01\/IMG_3396-e1484671252857.jpg?resize=683%2C1024 683w, https:\/\/i0.wp.com\/www.spang.ch\/aude\/wp-content\/uploads\/2017\/01\/IMG_3396-e1484671252857.jpg?resize=200%2C300 200w, https:\/\/i0.wp.com\/www.spang.ch\/aude\/wp-content\/uploads\/2017\/01\/IMG_3396-e1484671252857.jpg?resize=768%2C1152 768w, https:\/\/i0.wp.com\/www.spang.ch\/aude\/wp-content\/uploads\/2017\/01\/IMG_3396-e1484671252857.jpg?w=2000 2000w, https:\/\/i0.wp.com\/www.spang.ch\/aude\/wp-content\/uploads\/2017\/01\/IMG_3396-e1484671252857.jpg?w=3000 3000w\" sizes=\"(max-width: 683px) 100vw, 683px\" data-recalc-dims=\"1\" \/><\/a><figcaption id=\"caption-attachment-666\" class=\"wp-caption-text\">Samaipata<\/figcaption><\/figure>\n<p style=\"text-align: justify;\">Samaipata est un petit village tr\u00e8s mignon et tranquille, au bord d&rsquo;un parc national, et qui a aussi la particularit\u00e9 d&rsquo;\u00eatre tr\u00e8s proche de Vallegrande, pr\u00e8s d&rsquo;o\u00f9 Che Guevara a \u00e9t\u00e9 arr\u00eat\u00e9 puis tu\u00e9 en 1967. Il aurait malheureusement fallu plus de jours de libre pour aller visiter ce lieu ainsi que les autres endroits o\u00f9 il a pass\u00e9 ses derniers jours, nous nous sommes donc content\u00e9s d&rsquo;une petite rando dans la for\u00eat. Cette zone a de sp\u00e9cial que l&rsquo;on trouve dans sa flore des foug\u00e8res mill\u00e9naires, nous avons appr\u00e9ci\u00e9 ce petit retour \u00e0 une relative fra\u00eecheur (et un peu de verdure!) apr\u00e8s des jours dans le d\u00e9sert. Nous avons bien profit\u00e9 de notre passage \u00e0 Samaipata pour nous relaxer un peu et faire quelques promenades au march\u00e9 et parmi les magasins de splendide artisanat. J&rsquo;adore l&rsquo;esth\u00e9tique des Andes! De nombreux objets sont recouverts du tissu traditionnel ray\u00e9 et multicolore (<em>aguaio<\/em>) ou les nappes en sont faites, c&rsquo;est vraiment particulier et tr\u00e8s beau. Nous dormions dans un bed&amp;breakfast extr\u00eamement mignon, tenu par un couple adorable et leur minuscule chaton qui nous a d\u00e9finitivement charm\u00e9s.<\/p>\n<figure id=\"attachment_668\" aria-describedby=\"caption-attachment-668\" style=\"width: 1000px\" class=\"wp-caption aligncenter\"><a href=\"https:\/\/i0.wp.com\/www.spang.ch\/aude\/wp-content\/uploads\/2017\/01\/IMG_2722.jpg\"><img loading=\"lazy\" decoding=\"async\" data-attachment-id=\"668\" data-permalink=\"http:\/\/www.spang.ch\/aude\/fr\/2017\/01\/bolivia\/img_2722\/\" data-orig-file=\"https:\/\/i0.wp.com\/www.spang.ch\/aude\/wp-content\/uploads\/2017\/01\/IMG_2722.jpg?fit=4898%2C3265\" data-orig-size=\"4898,3265\" data-comments-opened=\"1\" data-image-meta=\"{&quot;aperture&quot;:&quot;0&quot;,&quot;credit&quot;:&quot;&quot;,&quot;camera&quot;:&quot;&quot;,&quot;caption&quot;:&quot;&quot;,&quot;created_timestamp&quot;:&quot;0&quot;,&quot;copyright&quot;:&quot;&quot;,&quot;focal_length&quot;:&quot;0&quot;,&quot;iso&quot;:&quot;0&quot;,&quot;shutter_speed&quot;:&quot;0&quot;,&quot;title&quot;:&quot;&quot;,&quot;orientation&quot;:&quot;0&quot;}\" data-image-title=\"IMG_2722\" data-image-description=\"\" data-image-caption=\"&lt;p&gt;South Lipez&lt;\/p&gt;\n\" data-medium-file=\"https:\/\/i0.wp.com\/www.spang.ch\/aude\/wp-content\/uploads\/2017\/01\/IMG_2722.jpg?fit=300%2C200\" data-large-file=\"https:\/\/i0.wp.com\/www.spang.ch\/aude\/wp-content\/uploads\/2017\/01\/IMG_2722.jpg?fit=1000%2C667\" tabindex=\"0\" role=\"button\" class=\"size-large wp-image-668\" src=\"https:\/\/i0.wp.com\/www.spang.ch\/aude\/wp-content\/uploads\/2017\/01\/IMG_2722.jpg?resize=1000%2C667\" alt=\"South Lipez\" width=\"1000\" height=\"667\" srcset=\"https:\/\/i0.wp.com\/www.spang.ch\/aude\/wp-content\/uploads\/2017\/01\/IMG_2722.jpg?resize=1024%2C683 1024w, https:\/\/i0.wp.com\/www.spang.ch\/aude\/wp-content\/uploads\/2017\/01\/IMG_2722.jpg?resize=300%2C200 300w, https:\/\/i0.wp.com\/www.spang.ch\/aude\/wp-content\/uploads\/2017\/01\/IMG_2722.jpg?resize=768%2C512 768w, https:\/\/i0.wp.com\/www.spang.ch\/aude\/wp-content\/uploads\/2017\/01\/IMG_2722.jpg?resize=960%2C640 960w, https:\/\/i0.wp.com\/www.spang.ch\/aude\/wp-content\/uploads\/2017\/01\/IMG_2722.jpg?resize=450%2C300 450w, https:\/\/i0.wp.com\/www.spang.ch\/aude\/wp-content\/uploads\/2017\/01\/IMG_2722.jpg?w=2000 2000w, https:\/\/i0.wp.com\/www.spang.ch\/aude\/wp-content\/uploads\/2017\/01\/IMG_2722.jpg?w=3000 3000w\" sizes=\"(max-width: 1000px) 100vw, 1000px\" data-recalc-dims=\"1\" \/><\/a><figcaption id=\"caption-attachment-668\" class=\"wp-caption-text\">South Lipez<\/figcaption><\/figure>\n<p style=\"text-align: justify;\">Pour retourner \u00e0 Santa Cruz, nous avons embarqu\u00e9 dans un minibus pour six dans lequel nous f\u00fbmes \u00e9videmment sept passagers (\u00e7a fait gagner plus et peu importe s&rsquo;ils sont tass\u00e9s au dernier rang). Et, pour notre dernier soir, mon ch\u00e9ri m&rsquo;a invit\u00e9e au restaurant chic de Santa Cruz, premier en t\u00eate des recommandations: Chalet la Suisse (ceci n&rsquo;est pas une blague). Nous y avons d\u00e9gust\u00e9 les tr\u00e8s traditionnelles fines tranches de lama accompagn\u00e9 de sp\u00e4tzlis, comme il se doit. Succulent! Ce qui \u00e9tait \u00e9trange apr\u00e8s toute la pauvret\u00e9 observ\u00e9e \u00e0 travers le pays, c&rsquo;\u00e9tait que le restaurant se situ\u00e9 clairement dans le quartier riche de Santa Cruz, et que nous \u00e9tions assis au milieu de gens clairement ais\u00e9s et v\u00eatus de fa\u00e7on \u00e9l\u00e9gante pour sortir (alors que nous \u00e9tions en mode pouilleux en shorts). Sacr\u00e9 contraste!<\/p>\n<figure id=\"attachment_656\" aria-describedby=\"caption-attachment-656\" style=\"width: 1000px\" class=\"wp-caption aligncenter\"><a href=\"https:\/\/i0.wp.com\/www.spang.ch\/aude\/wp-content\/uploads\/2017\/01\/IMG_3188.jpg\"><img loading=\"lazy\" decoding=\"async\" data-attachment-id=\"656\" data-permalink=\"http:\/\/www.spang.ch\/aude\/fr\/2017\/01\/bolivia\/img_3188\/\" data-orig-file=\"https:\/\/i0.wp.com\/www.spang.ch\/aude\/wp-content\/uploads\/2017\/01\/IMG_3188.jpg?fit=5184%2C3456\" data-orig-size=\"5184,3456\" data-comments-opened=\"1\" data-image-meta=\"{&quot;aperture&quot;:&quot;0&quot;,&quot;credit&quot;:&quot;&quot;,&quot;camera&quot;:&quot;&quot;,&quot;caption&quot;:&quot;&quot;,&quot;created_timestamp&quot;:&quot;0&quot;,&quot;copyright&quot;:&quot;&quot;,&quot;focal_length&quot;:&quot;0&quot;,&quot;iso&quot;:&quot;0&quot;,&quot;shutter_speed&quot;:&quot;0&quot;,&quot;title&quot;:&quot;&quot;,&quot;orientation&quot;:&quot;0&quot;}\" data-image-title=\"IMG_3188\" data-image-description=\"\" data-image-caption=\"&lt;p&gt;Salar de Uyuni&lt;\/p&gt;\n\" data-medium-file=\"https:\/\/i0.wp.com\/www.spang.ch\/aude\/wp-content\/uploads\/2017\/01\/IMG_3188.jpg?fit=300%2C200\" data-large-file=\"https:\/\/i0.wp.com\/www.spang.ch\/aude\/wp-content\/uploads\/2017\/01\/IMG_3188.jpg?fit=1000%2C667\" tabindex=\"0\" role=\"button\" class=\"size-large wp-image-656\" src=\"https:\/\/i0.wp.com\/www.spang.ch\/aude\/wp-content\/uploads\/2017\/01\/IMG_3188.jpg?resize=1000%2C667\" alt=\"Salar de Uyuni\" width=\"1000\" height=\"667\" srcset=\"https:\/\/i0.wp.com\/www.spang.ch\/aude\/wp-content\/uploads\/2017\/01\/IMG_3188.jpg?resize=1024%2C683 1024w, https:\/\/i0.wp.com\/www.spang.ch\/aude\/wp-content\/uploads\/2017\/01\/IMG_3188.jpg?resize=300%2C200 300w, https:\/\/i0.wp.com\/www.spang.ch\/aude\/wp-content\/uploads\/2017\/01\/IMG_3188.jpg?resize=768%2C512 768w, https:\/\/i0.wp.com\/www.spang.ch\/aude\/wp-content\/uploads\/2017\/01\/IMG_3188.jpg?resize=960%2C640 960w, https:\/\/i0.wp.com\/www.spang.ch\/aude\/wp-content\/uploads\/2017\/01\/IMG_3188.jpg?resize=450%2C300 450w, https:\/\/i0.wp.com\/www.spang.ch\/aude\/wp-content\/uploads\/2017\/01\/IMG_3188.jpg?w=2000 2000w, https:\/\/i0.wp.com\/www.spang.ch\/aude\/wp-content\/uploads\/2017\/01\/IMG_3188.jpg?w=3000 3000w\" sizes=\"(max-width: 1000px) 100vw, 1000px\" data-recalc-dims=\"1\" \/><\/a><figcaption id=\"caption-attachment-656\" class=\"wp-caption-text\">Salar de Uyuni<\/figcaption><\/figure>\n<p style=\"text-align: justify;\">Et puis voila, le temps de se quitter \u00e0 nouveau \u00e9tait arriv\u00e9, et nous nous sommes dit au revoir et \u00e0 dans 2,5 mois (un peu moins en fait, 2 mois et 10 jours). Ce fut vraiment super de se revoir, de partager des moments, de pouvoir juste \u00eatre ensemble m\u00eame sans parler, de faire voir un peu \u00e0 Emanuele ce que je vis durant cette p\u00e9riode sp\u00e9ciale. Et puis vous savez quoi? Bien que tout ce que je fais me rends tr\u00e8s heureuse et que je n&rsquo;aimerais pas que \u00e7a s&rsquo;arr\u00eate, revoir mon homme m&rsquo;a fait me r\u00e9jouir de revenir!<\/p>\n<figure id=\"attachment_659\" aria-describedby=\"caption-attachment-659\" style=\"width: 1000px\" class=\"wp-caption aligncenter\"><a href=\"https:\/\/i0.wp.com\/www.spang.ch\/aude\/wp-content\/uploads\/2017\/01\/IMG_3240.jpg\"><img loading=\"lazy\" decoding=\"async\" data-attachment-id=\"659\" data-permalink=\"http:\/\/www.spang.ch\/aude\/fr\/2017\/01\/bolivia\/img_3240\/\" data-orig-file=\"https:\/\/i0.wp.com\/www.spang.ch\/aude\/wp-content\/uploads\/2017\/01\/IMG_3240.jpg?fit=5184%2C3456\" data-orig-size=\"5184,3456\" data-comments-opened=\"1\" data-image-meta=\"{&quot;aperture&quot;:&quot;0&quot;,&quot;credit&quot;:&quot;&quot;,&quot;camera&quot;:&quot;&quot;,&quot;caption&quot;:&quot;&quot;,&quot;created_timestamp&quot;:&quot;0&quot;,&quot;copyright&quot;:&quot;&quot;,&quot;focal_length&quot;:&quot;0&quot;,&quot;iso&quot;:&quot;0&quot;,&quot;shutter_speed&quot;:&quot;0&quot;,&quot;title&quot;:&quot;&quot;,&quot;orientation&quot;:&quot;0&quot;}\" data-image-title=\"IMG_3240\" data-image-description=\"\" data-image-caption=\"&lt;p&gt;Salar de Uyuni with Adnan and Emanuele&lt;\/p&gt;\n\" data-medium-file=\"https:\/\/i0.wp.com\/www.spang.ch\/aude\/wp-content\/uploads\/2017\/01\/IMG_3240.jpg?fit=300%2C200\" data-large-file=\"https:\/\/i0.wp.com\/www.spang.ch\/aude\/wp-content\/uploads\/2017\/01\/IMG_3240.jpg?fit=1000%2C667\" tabindex=\"0\" role=\"button\" class=\"size-large wp-image-659\" src=\"https:\/\/i0.wp.com\/www.spang.ch\/aude\/wp-content\/uploads\/2017\/01\/IMG_3240.jpg?resize=1000%2C667\" alt=\"Salar de Uyuni\" width=\"1000\" height=\"667\" srcset=\"https:\/\/i0.wp.com\/www.spang.ch\/aude\/wp-content\/uploads\/2017\/01\/IMG_3240.jpg?resize=1024%2C683 1024w, https:\/\/i0.wp.com\/www.spang.ch\/aude\/wp-content\/uploads\/2017\/01\/IMG_3240.jpg?resize=300%2C200 300w, https:\/\/i0.wp.com\/www.spang.ch\/aude\/wp-content\/uploads\/2017\/01\/IMG_3240.jpg?resize=768%2C512 768w, https:\/\/i0.wp.com\/www.spang.ch\/aude\/wp-content\/uploads\/2017\/01\/IMG_3240.jpg?resize=960%2C640 960w, https:\/\/i0.wp.com\/www.spang.ch\/aude\/wp-content\/uploads\/2017\/01\/IMG_3240.jpg?resize=450%2C300 450w, https:\/\/i0.wp.com\/www.spang.ch\/aude\/wp-content\/uploads\/2017\/01\/IMG_3240.jpg?w=2000 2000w, https:\/\/i0.wp.com\/www.spang.ch\/aude\/wp-content\/uploads\/2017\/01\/IMG_3240.jpg?w=3000 3000w\" sizes=\"(max-width: 1000px) 100vw, 1000px\" data-recalc-dims=\"1\" \/><\/a><figcaption id=\"caption-attachment-659\" class=\"wp-caption-text\">Salar de Uyuni with Adnan and Emanuele<\/figcaption><\/figure>\n<figure id=\"attachment_638\" aria-describedby=\"caption-attachment-638\" style=\"width: 1000px\" class=\"wp-caption aligncenter\"><a href=\"https:\/\/i0.wp.com\/www.spang.ch\/aude\/wp-content\/uploads\/2017\/01\/IMG_2590.jpg\"><img loading=\"lazy\" decoding=\"async\" data-attachment-id=\"638\" data-permalink=\"http:\/\/www.spang.ch\/aude\/fr\/2017\/01\/bolivia\/img_2590\/\" data-orig-file=\"https:\/\/i0.wp.com\/www.spang.ch\/aude\/wp-content\/uploads\/2017\/01\/IMG_2590.jpg?fit=5184%2C3456\" data-orig-size=\"5184,3456\" data-comments-opened=\"1\" data-image-meta=\"{&quot;aperture&quot;:&quot;0&quot;,&quot;credit&quot;:&quot;&quot;,&quot;camera&quot;:&quot;&quot;,&quot;caption&quot;:&quot;&quot;,&quot;created_timestamp&quot;:&quot;0&quot;,&quot;copyright&quot;:&quot;&quot;,&quot;focal_length&quot;:&quot;0&quot;,&quot;iso&quot;:&quot;0&quot;,&quot;shutter_speed&quot;:&quot;0&quot;,&quot;title&quot;:&quot;&quot;,&quot;orientation&quot;:&quot;0&quot;}\" data-image-title=\"IMG_2590\" data-image-description=\"\" data-image-caption=\"&lt;p&gt;South Lipez&lt;\/p&gt;\n\" data-medium-file=\"https:\/\/i0.wp.com\/www.spang.ch\/aude\/wp-content\/uploads\/2017\/01\/IMG_2590.jpg?fit=300%2C200\" data-large-file=\"https:\/\/i0.wp.com\/www.spang.ch\/aude\/wp-content\/uploads\/2017\/01\/IMG_2590.jpg?fit=1000%2C667\" tabindex=\"0\" role=\"button\" class=\"wp-image-638 size-large\" src=\"https:\/\/i0.wp.com\/www.spang.ch\/aude\/wp-content\/uploads\/2017\/01\/IMG_2590.jpg?resize=1000%2C667\" alt=\"South Lipez\" width=\"1000\" height=\"667\" srcset=\"https:\/\/i0.wp.com\/www.spang.ch\/aude\/wp-content\/uploads\/2017\/01\/IMG_2590.jpg?resize=1024%2C683 1024w, https:\/\/i0.wp.com\/www.spang.ch\/aude\/wp-content\/uploads\/2017\/01\/IMG_2590.jpg?resize=300%2C200 300w, https:\/\/i0.wp.com\/www.spang.ch\/aude\/wp-content\/uploads\/2017\/01\/IMG_2590.jpg?resize=768%2C512 768w, https:\/\/i0.wp.com\/www.spang.ch\/aude\/wp-content\/uploads\/2017\/01\/IMG_2590.jpg?resize=960%2C640 960w, https:\/\/i0.wp.com\/www.spang.ch\/aude\/wp-content\/uploads\/2017\/01\/IMG_2590.jpg?resize=450%2C300 450w, https:\/\/i0.wp.com\/www.spang.ch\/aude\/wp-content\/uploads\/2017\/01\/IMG_2590.jpg?w=2000 2000w, https:\/\/i0.wp.com\/www.spang.ch\/aude\/wp-content\/uploads\/2017\/01\/IMG_2590.jpg?w=3000 3000w\" sizes=\"(max-width: 1000px) 100vw, 1000px\" data-recalc-dims=\"1\" \/><\/a><figcaption id=\"caption-attachment-638\" class=\"wp-caption-text\">South Lipez<\/figcaption><\/figure>\n<p style=\"text-align: justify;\">J&rsquo;ai quelques commentaires \u00e0 vous faire sur la Bolivie. D\u00e9j\u00e0, la nourriture est loin d&rsquo;\u00eatre aussi mauvaise que l&rsquo;on m&rsquo;avait pr\u00e9dit (quelqu&rsquo;un m&rsquo;a dit que le Chili est pire, avec ses hot dogs et sauce Mayo, je vous redirai): bien s\u00fbr il s&rsquo;agit souvent de poulet et riz, mais on a souvent o\u00f9 trouver des petits restos sympa o\u00f9 on a bien mang\u00e9, et les fois o\u00f9 on a vraiment mang\u00e9 local c&rsquo;\u00e9tait sinc\u00e8rement pas si horrible &#8211; juste rien de sp\u00e9cial. Ensuite, sur le th\u00e8me des infrastructures, j&rsquo;ai trouv\u00e9 assez fou comme l&rsquo;\u00e9tat des routes varie selon un facteur que j&rsquo;ai de la peine \u00e0 accepter: la pr\u00e9sence ou non d&rsquo;une industrie p\u00e9troli\u00e8re ayant besoin de transporter sa mati\u00e8re premi\u00e8re. Quand j&rsquo;ai pris un bus pour travers\u00e9 le pays du nord au sud afin d&rsquo;entrer en Argentine, j&rsquo;ai parcouru une distance \u00e9quivalente \u00e0 ce que nous avons fait en deux nuits (Santa Cruz-Sucre-Tupiza) en&#8230; une nuit, soit la moiti\u00e9 du temps (et donc aussi de l&rsquo;argent). Tout \u00e7a parce que personne n&rsquo;a int\u00e9r\u00eat am\u00e9liorer la qualit\u00e9 de la route pourtant la plus touristique, le gouvernement \u00e9tant trop occup\u00e9 \u00e0 s&rsquo;en mettre plein les poches pour investir dans la qualit\u00e9 de vie de ses citoyens. Ce sont donc les priv\u00e9s, les entreprises, qui s&rsquo;occupent d&rsquo;avoir des routes correctes l\u00e0 o\u00f9 cela leur sert. Inacceptable et d\u00e9primant&#8230; Sur un autre th\u00e8me, voici quelques statistiques que je trouve tr\u00e8s int\u00e9ressantes et surprenantes: j&rsquo;ai vu passer un classement international concernant l&rsquo;\u00e9galit\u00e9 entre hommes et femmes, et alors que le P\u00e9rou fait partie des pays les moins \u00e9galitaires dans le monde, en 73\u00e8me position sur 109 (juste devant la Chine et l&rsquo;Indon\u00e9sie et juste derri\u00e8re la Gr\u00e8ce), la Bolivie est le plus \u00e9galitaire de tous les pays que j&rsquo;ai visit\u00e9 ou vais visiter, en 21\u00e8me position (un peu devant l&rsquo;Espagne et les USA, et un peu derri\u00e8re le Royaume-Uni et la Belgique)\u00a0et ayant grandement\u00a0am\u00e9lior\u00e9 son score entre 2015 et 2016.<\/p>\n<figure id=\"attachment_650\" aria-describedby=\"caption-attachment-650\" style=\"width: 1000px\" class=\"wp-caption aligncenter\"><a href=\"https:\/\/i0.wp.com\/www.spang.ch\/aude\/wp-content\/uploads\/2017\/01\/IMG_2953.jpg\"><img loading=\"lazy\" decoding=\"async\" data-attachment-id=\"650\" data-permalink=\"http:\/\/www.spang.ch\/aude\/fr\/2017\/01\/bolivia\/img_2953\/\" data-orig-file=\"https:\/\/i0.wp.com\/www.spang.ch\/aude\/wp-content\/uploads\/2017\/01\/IMG_2953.jpg?fit=5184%2C3456\" data-orig-size=\"5184,3456\" data-comments-opened=\"1\" data-image-meta=\"{&quot;aperture&quot;:&quot;0&quot;,&quot;credit&quot;:&quot;&quot;,&quot;camera&quot;:&quot;&quot;,&quot;caption&quot;:&quot;&quot;,&quot;created_timestamp&quot;:&quot;0&quot;,&quot;copyright&quot;:&quot;&quot;,&quot;focal_length&quot;:&quot;0&quot;,&quot;iso&quot;:&quot;0&quot;,&quot;shutter_speed&quot;:&quot;0&quot;,&quot;title&quot;:&quot;&quot;,&quot;orientation&quot;:&quot;0&quot;}\" data-image-title=\"IMG_2953\" data-image-description=\"\" data-image-caption=\"&lt;p&gt;South Lipez&lt;\/p&gt;\n\" data-medium-file=\"https:\/\/i0.wp.com\/www.spang.ch\/aude\/wp-content\/uploads\/2017\/01\/IMG_2953.jpg?fit=300%2C200\" data-large-file=\"https:\/\/i0.wp.com\/www.spang.ch\/aude\/wp-content\/uploads\/2017\/01\/IMG_2953.jpg?fit=1000%2C667\" tabindex=\"0\" role=\"button\" class=\"size-large wp-image-650\" src=\"https:\/\/i0.wp.com\/www.spang.ch\/aude\/wp-content\/uploads\/2017\/01\/IMG_2953.jpg?resize=1000%2C667\" alt=\"South Lipez\" width=\"1000\" height=\"667\" srcset=\"https:\/\/i0.wp.com\/www.spang.ch\/aude\/wp-content\/uploads\/2017\/01\/IMG_2953.jpg?resize=1024%2C683 1024w, https:\/\/i0.wp.com\/www.spang.ch\/aude\/wp-content\/uploads\/2017\/01\/IMG_2953.jpg?resize=300%2C200 300w, https:\/\/i0.wp.com\/www.spang.ch\/aude\/wp-content\/uploads\/2017\/01\/IMG_2953.jpg?resize=768%2C512 768w, https:\/\/i0.wp.com\/www.spang.ch\/aude\/wp-content\/uploads\/2017\/01\/IMG_2953.jpg?resize=960%2C640 960w, https:\/\/i0.wp.com\/www.spang.ch\/aude\/wp-content\/uploads\/2017\/01\/IMG_2953.jpg?resize=450%2C300 450w, https:\/\/i0.wp.com\/www.spang.ch\/aude\/wp-content\/uploads\/2017\/01\/IMG_2953.jpg?w=2000 2000w, https:\/\/i0.wp.com\/www.spang.ch\/aude\/wp-content\/uploads\/2017\/01\/IMG_2953.jpg?w=3000 3000w\" sizes=\"(max-width: 1000px) 100vw, 1000px\" data-recalc-dims=\"1\" \/><\/a><figcaption id=\"caption-attachment-650\" class=\"wp-caption-text\">South Lipez<\/figcaption><\/figure>\n<figure id=\"attachment_636\" aria-describedby=\"caption-attachment-636\" style=\"width: 1000px\" class=\"wp-caption aligncenter\"><a href=\"https:\/\/i0.wp.com\/www.spang.ch\/aude\/wp-content\/uploads\/2017\/01\/IMG_2524.jpg\"><img loading=\"lazy\" decoding=\"async\" data-attachment-id=\"636\" data-permalink=\"http:\/\/www.spang.ch\/aude\/fr\/2017\/01\/bolivia\/img_2524\/\" data-orig-file=\"https:\/\/i0.wp.com\/www.spang.ch\/aude\/wp-content\/uploads\/2017\/01\/IMG_2524.jpg?fit=5184%2C3456\" data-orig-size=\"5184,3456\" data-comments-opened=\"1\" data-image-meta=\"{&quot;aperture&quot;:&quot;0&quot;,&quot;credit&quot;:&quot;&quot;,&quot;camera&quot;:&quot;&quot;,&quot;caption&quot;:&quot;&quot;,&quot;created_timestamp&quot;:&quot;0&quot;,&quot;copyright&quot;:&quot;&quot;,&quot;focal_length&quot;:&quot;0&quot;,&quot;iso&quot;:&quot;0&quot;,&quot;shutter_speed&quot;:&quot;0&quot;,&quot;title&quot;:&quot;&quot;,&quot;orientation&quot;:&quot;0&quot;}\" data-image-title=\"IMG_2524\" data-image-description=\"\" data-image-caption=\"&lt;p&gt;South Lipez&lt;\/p&gt;\n\" data-medium-file=\"https:\/\/i0.wp.com\/www.spang.ch\/aude\/wp-content\/uploads\/2017\/01\/IMG_2524.jpg?fit=300%2C200\" data-large-file=\"https:\/\/i0.wp.com\/www.spang.ch\/aude\/wp-content\/uploads\/2017\/01\/IMG_2524.jpg?fit=1000%2C667\" tabindex=\"0\" role=\"button\" class=\"wp-image-636 size-large\" src=\"https:\/\/i0.wp.com\/www.spang.ch\/aude\/wp-content\/uploads\/2017\/01\/IMG_2524.jpg?resize=1000%2C667\" alt=\"South Lipez\" width=\"1000\" height=\"667\" srcset=\"https:\/\/i0.wp.com\/www.spang.ch\/aude\/wp-content\/uploads\/2017\/01\/IMG_2524.jpg?resize=1024%2C683 1024w, https:\/\/i0.wp.com\/www.spang.ch\/aude\/wp-content\/uploads\/2017\/01\/IMG_2524.jpg?resize=300%2C200 300w, https:\/\/i0.wp.com\/www.spang.ch\/aude\/wp-content\/uploads\/2017\/01\/IMG_2524.jpg?resize=768%2C512 768w, https:\/\/i0.wp.com\/www.spang.ch\/aude\/wp-content\/uploads\/2017\/01\/IMG_2524.jpg?resize=960%2C640 960w, https:\/\/i0.wp.com\/www.spang.ch\/aude\/wp-content\/uploads\/2017\/01\/IMG_2524.jpg?resize=450%2C300 450w, https:\/\/i0.wp.com\/www.spang.ch\/aude\/wp-content\/uploads\/2017\/01\/IMG_2524.jpg?w=2000 2000w, https:\/\/i0.wp.com\/www.spang.ch\/aude\/wp-content\/uploads\/2017\/01\/IMG_2524.jpg?w=3000 3000w\" sizes=\"(max-width: 1000px) 100vw, 1000px\" data-recalc-dims=\"1\" \/><\/a><figcaption id=\"caption-attachment-636\" class=\"wp-caption-text\">South Lipez<\/figcaption><\/figure>\n<p style=\"text-align: justify;\">Sinon, nous avons rencontr\u00e9 vraiment plusieurs occidentaux venus s&rsquo;installer en Bolivie (g\u00e9n\u00e9ralement par amour), dont un suisse de Schwyz. Je ne crois pas avoir vu de noirs, \u00e0 part des touristes afro-am\u00e9ricains, l&rsquo;ensemble de la population est indig\u00e8ne ou descendante d&rsquo;espagnols (il y a 36 populations indig\u00e8nes en Bolivie), et g\u00e9n\u00e9ralement les Boliviens sont petits et gros (plus que les autres pays, et le poids est probablement d\u00fb en partie \u00e0 la pauvret\u00e9 &#8211; manque d&rsquo;\u00e9ducation et bas prix des sodas, car l&rsquo;ensemble du pays semble sponsoris\u00e9 par Coca-Cola!). En Bolivie, comme au P\u00e9rou, j&rsquo;ai souvent vu des jeunes danser sur les places publiques et dans les parcs le soir, des danses traditionnelles parfois revues \u00e0 une sauce plus moderne, et apparemment ils se pr\u00e9parent (d\u00e9j\u00e0) pour Carnaval, je trouve \u00e7a g\u00e9nial! Et puis, finalement, le jour o\u00f9 je sortais du pays j&rsquo;ai pu apercevoir en 5 minutes trois inscriptions ou tags assez repr\u00e9sentatifs du pays: une devanture dont le nom \u00e9tait \u00ab\u00a0karaok\u00e9 disco Obama\u00a0\u00bb (globalisation, influence de l&rsquo;Occident dans le pays), un visage du Che sur la porte du bus (une part de l&rsquo;histoire du pays et de son ancrage dans les r\u00e9alit\u00e9s r\u00e9gionales, communisme et gu\u00e9rillas), et une incitation \u00e0 voter pour Evo Morales pour favoriser le d\u00e9veloppement du pays et l&rsquo;\u00e9ducation (le premier pr\u00e9sident bolivien indig\u00e8ne, de l&rsquo;ethnie Aymara, a \u00e9t\u00e9 r\u00e9\u00e9lu en 2014 apr\u00e8s deux\u00a0mandats de 4 ans depuis 2006 &#8211; certains l&rsquo;adorent parce qu&rsquo;il repr\u00e9sente un certain changement, ses opposants d\u00e9plorent la corruption qui, comme toujours, a gangren\u00e9 son r\u00e9gime et d\u00e9cr\u00e9dibilis\u00e9 \u00ab\u00a0Evo\u00a0\u00bb comme repr\u00e9sentant du peuple).<\/p>\n<figure id=\"attachment_646\" aria-describedby=\"caption-attachment-646\" style=\"width: 1000px\" class=\"wp-caption aligncenter\"><a href=\"https:\/\/i0.wp.com\/www.spang.ch\/aude\/wp-content\/uploads\/2017\/01\/IMG_2786.jpg\"><img loading=\"lazy\" decoding=\"async\" data-attachment-id=\"646\" data-permalink=\"http:\/\/www.spang.ch\/aude\/fr\/2017\/01\/bolivia\/img_2786\/\" data-orig-file=\"https:\/\/i0.wp.com\/www.spang.ch\/aude\/wp-content\/uploads\/2017\/01\/IMG_2786.jpg?fit=5184%2C3456\" data-orig-size=\"5184,3456\" data-comments-opened=\"1\" data-image-meta=\"{&quot;aperture&quot;:&quot;0&quot;,&quot;credit&quot;:&quot;&quot;,&quot;camera&quot;:&quot;&quot;,&quot;caption&quot;:&quot;&quot;,&quot;created_timestamp&quot;:&quot;0&quot;,&quot;copyright&quot;:&quot;&quot;,&quot;focal_length&quot;:&quot;0&quot;,&quot;iso&quot;:&quot;0&quot;,&quot;shutter_speed&quot;:&quot;0&quot;,&quot;title&quot;:&quot;&quot;,&quot;orientation&quot;:&quot;0&quot;}\" data-image-title=\"IMG_2786\" data-image-description=\"\" data-image-caption=\"&lt;p&gt;South Lipez&lt;\/p&gt;\n\" data-medium-file=\"https:\/\/i0.wp.com\/www.spang.ch\/aude\/wp-content\/uploads\/2017\/01\/IMG_2786.jpg?fit=300%2C200\" data-large-file=\"https:\/\/i0.wp.com\/www.spang.ch\/aude\/wp-content\/uploads\/2017\/01\/IMG_2786.jpg?fit=1000%2C667\" tabindex=\"0\" role=\"button\" class=\"size-large wp-image-646\" src=\"https:\/\/i0.wp.com\/www.spang.ch\/aude\/wp-content\/uploads\/2017\/01\/IMG_2786.jpg?resize=1000%2C667\" alt=\"South Lipez\" width=\"1000\" height=\"667\" srcset=\"https:\/\/i0.wp.com\/www.spang.ch\/aude\/wp-content\/uploads\/2017\/01\/IMG_2786.jpg?resize=1024%2C683 1024w, https:\/\/i0.wp.com\/www.spang.ch\/aude\/wp-content\/uploads\/2017\/01\/IMG_2786.jpg?resize=300%2C200 300w, https:\/\/i0.wp.com\/www.spang.ch\/aude\/wp-content\/uploads\/2017\/01\/IMG_2786.jpg?resize=768%2C512 768w, https:\/\/i0.wp.com\/www.spang.ch\/aude\/wp-content\/uploads\/2017\/01\/IMG_2786.jpg?resize=960%2C640 960w, https:\/\/i0.wp.com\/www.spang.ch\/aude\/wp-content\/uploads\/2017\/01\/IMG_2786.jpg?resize=450%2C300 450w, https:\/\/i0.wp.com\/www.spang.ch\/aude\/wp-content\/uploads\/2017\/01\/IMG_2786.jpg?w=2000 2000w, https:\/\/i0.wp.com\/www.spang.ch\/aude\/wp-content\/uploads\/2017\/01\/IMG_2786.jpg?w=3000 3000w\" sizes=\"(max-width: 1000px) 100vw, 1000px\" data-recalc-dims=\"1\" \/><\/a><figcaption id=\"caption-attachment-646\" class=\"wp-caption-text\">South Lipez<\/figcaption><\/figure>\n<figure id=\"attachment_657\" aria-describedby=\"caption-attachment-657\" style=\"width: 1000px\" class=\"wp-caption aligncenter\"><a href=\"https:\/\/i0.wp.com\/www.spang.ch\/aude\/wp-content\/uploads\/2017\/01\/IMG_3195.jpg\"><img loading=\"lazy\" decoding=\"async\" data-attachment-id=\"657\" data-permalink=\"http:\/\/www.spang.ch\/aude\/fr\/2017\/01\/bolivia\/img_3195\/\" data-orig-file=\"https:\/\/i0.wp.com\/www.spang.ch\/aude\/wp-content\/uploads\/2017\/01\/IMG_3195.jpg?fit=5184%2C3456\" data-orig-size=\"5184,3456\" data-comments-opened=\"1\" data-image-meta=\"{&quot;aperture&quot;:&quot;0&quot;,&quot;credit&quot;:&quot;&quot;,&quot;camera&quot;:&quot;&quot;,&quot;caption&quot;:&quot;&quot;,&quot;created_timestamp&quot;:&quot;0&quot;,&quot;copyright&quot;:&quot;&quot;,&quot;focal_length&quot;:&quot;0&quot;,&quot;iso&quot;:&quot;0&quot;,&quot;shutter_speed&quot;:&quot;0&quot;,&quot;title&quot;:&quot;&quot;,&quot;orientation&quot;:&quot;0&quot;}\" data-image-title=\"IMG_3195\" data-image-description=\"\" data-image-caption=\"&lt;p&gt;Incahuasi, the cactus island&lt;\/p&gt;\n\" data-medium-file=\"https:\/\/i0.wp.com\/www.spang.ch\/aude\/wp-content\/uploads\/2017\/01\/IMG_3195.jpg?fit=300%2C200\" data-large-file=\"https:\/\/i0.wp.com\/www.spang.ch\/aude\/wp-content\/uploads\/2017\/01\/IMG_3195.jpg?fit=1000%2C667\" tabindex=\"0\" role=\"button\" class=\"wp-image-657 size-large\" src=\"https:\/\/i0.wp.com\/www.spang.ch\/aude\/wp-content\/uploads\/2017\/01\/IMG_3195.jpg?resize=1000%2C667\" alt=\"Incahuasi, the cactus island\" width=\"1000\" height=\"667\" srcset=\"https:\/\/i0.wp.com\/www.spang.ch\/aude\/wp-content\/uploads\/2017\/01\/IMG_3195.jpg?resize=1024%2C683 1024w, https:\/\/i0.wp.com\/www.spang.ch\/aude\/wp-content\/uploads\/2017\/01\/IMG_3195.jpg?resize=300%2C200 300w, https:\/\/i0.wp.com\/www.spang.ch\/aude\/wp-content\/uploads\/2017\/01\/IMG_3195.jpg?resize=768%2C512 768w, https:\/\/i0.wp.com\/www.spang.ch\/aude\/wp-content\/uploads\/2017\/01\/IMG_3195.jpg?resize=960%2C640 960w, https:\/\/i0.wp.com\/www.spang.ch\/aude\/wp-content\/uploads\/2017\/01\/IMG_3195.jpg?resize=450%2C300 450w, https:\/\/i0.wp.com\/www.spang.ch\/aude\/wp-content\/uploads\/2017\/01\/IMG_3195.jpg?w=2000 2000w, https:\/\/i0.wp.com\/www.spang.ch\/aude\/wp-content\/uploads\/2017\/01\/IMG_3195.jpg?w=3000 3000w\" sizes=\"(max-width: 1000px) 100vw, 1000px\" data-recalc-dims=\"1\" \/><\/a><figcaption id=\"caption-attachment-657\" class=\"wp-caption-text\">Incahuasi, the cactus island<\/figcaption><\/figure>\n<p style=\"text-align: justify;\">Quant \u00e0 l&rsquo;histoire bolivienne, puisque comme toujours j&rsquo;aime bien vous donner le contexte et planter un peu le d\u00e9cor, elle passe aussi par une lib\u00e9ration du pays par Simon Bolivar (c&rsquo;est le pays le plus haut sud qu&rsquo;il ait lib\u00e9r\u00e9, sauf erreur, d&rsquo;ailleurs le pays a \u00e9t\u00e9 nomm\u00e9 ainsi en son honneur). La lutte pour l&rsquo;ind\u00e9pendance \u00e0 commenc\u00e9 en 1809 et le pays fut d\u00e9clar\u00e9 libre en 1825. Entre-deux, myriades de figures locales se sont battues h\u00e9ro\u00efquement, dont (et c&rsquo;est assez rare pour \u00eatre mentionn\u00e9) une femme indig\u00e8ne, Juana Azurduy, ayant successivement perdu tous ses enfants, maris et compagnons et ayant \u00e9t\u00e9 reconnue comme un \u00e9l\u00e9ment important de la lutte &#8211; Bolivar aurait d&rsquo;ailleurs pr\u00e9cis\u00e9 que c&rsquo;est apr\u00e8s elle qu&rsquo;il faudrait nommer le pays, mais \u00e9tonnammeeeeent personne n&rsquo;a sembl\u00e9 tenir compte de cette remarque. Plus tard dans l&rsquo;histoire, un fait important est que le pays a perdu son acc\u00e8s \u00e0 la mer, dont le Chili s&rsquo;est empar\u00e9 (il esp\u00e8re et r\u00e9clame encore r\u00e9cup\u00e9rer ce territoire).<\/p>\n<figure id=\"attachment_641\" aria-describedby=\"caption-attachment-641\" style=\"width: 1000px\" class=\"wp-caption aligncenter\"><a href=\"https:\/\/i0.wp.com\/www.spang.ch\/aude\/wp-content\/uploads\/2017\/01\/IMG_2674.jpg\"><img loading=\"lazy\" decoding=\"async\" data-attachment-id=\"641\" data-permalink=\"http:\/\/www.spang.ch\/aude\/fr\/2017\/01\/bolivia\/img_2674\/\" data-orig-file=\"https:\/\/i0.wp.com\/www.spang.ch\/aude\/wp-content\/uploads\/2017\/01\/IMG_2674.jpg?fit=5184%2C3456\" data-orig-size=\"5184,3456\" data-comments-opened=\"1\" data-image-meta=\"{&quot;aperture&quot;:&quot;0&quot;,&quot;credit&quot;:&quot;&quot;,&quot;camera&quot;:&quot;&quot;,&quot;caption&quot;:&quot;&quot;,&quot;created_timestamp&quot;:&quot;0&quot;,&quot;copyright&quot;:&quot;&quot;,&quot;focal_length&quot;:&quot;0&quot;,&quot;iso&quot;:&quot;0&quot;,&quot;shutter_speed&quot;:&quot;0&quot;,&quot;title&quot;:&quot;&quot;,&quot;orientation&quot;:&quot;0&quot;}\" data-image-title=\"IMG_2674\" data-image-description=\"\" data-image-caption=\"&lt;p&gt;South Lipez&lt;\/p&gt;\n\" data-medium-file=\"https:\/\/i0.wp.com\/www.spang.ch\/aude\/wp-content\/uploads\/2017\/01\/IMG_2674.jpg?fit=300%2C200\" data-large-file=\"https:\/\/i0.wp.com\/www.spang.ch\/aude\/wp-content\/uploads\/2017\/01\/IMG_2674.jpg?fit=1000%2C667\" tabindex=\"0\" role=\"button\" class=\"wp-image-641 size-large\" src=\"https:\/\/i0.wp.com\/www.spang.ch\/aude\/wp-content\/uploads\/2017\/01\/IMG_2674.jpg?resize=1000%2C667\" alt=\"South Lipez\" width=\"1000\" height=\"667\" srcset=\"https:\/\/i0.wp.com\/www.spang.ch\/aude\/wp-content\/uploads\/2017\/01\/IMG_2674.jpg?resize=1024%2C683 1024w, https:\/\/i0.wp.com\/www.spang.ch\/aude\/wp-content\/uploads\/2017\/01\/IMG_2674.jpg?resize=300%2C200 300w, https:\/\/i0.wp.com\/www.spang.ch\/aude\/wp-content\/uploads\/2017\/01\/IMG_2674.jpg?resize=768%2C512 768w, https:\/\/i0.wp.com\/www.spang.ch\/aude\/wp-content\/uploads\/2017\/01\/IMG_2674.jpg?resize=960%2C640 960w, https:\/\/i0.wp.com\/www.spang.ch\/aude\/wp-content\/uploads\/2017\/01\/IMG_2674.jpg?resize=450%2C300 450w, https:\/\/i0.wp.com\/www.spang.ch\/aude\/wp-content\/uploads\/2017\/01\/IMG_2674.jpg?w=2000 2000w, https:\/\/i0.wp.com\/www.spang.ch\/aude\/wp-content\/uploads\/2017\/01\/IMG_2674.jpg?w=3000 3000w\" sizes=\"(max-width: 1000px) 100vw, 1000px\" data-recalc-dims=\"1\" \/><\/a><figcaption id=\"caption-attachment-641\" class=\"wp-caption-text\">South Lipez<\/figcaption><\/figure>\n<figure id=\"attachment_632\" aria-describedby=\"caption-attachment-632\" style=\"width: 1000px\" class=\"wp-caption aligncenter\"><a href=\"https:\/\/i0.wp.com\/www.spang.ch\/aude\/wp-content\/uploads\/2017\/01\/IMG_2393.jpg\"><img loading=\"lazy\" decoding=\"async\" data-attachment-id=\"632\" data-permalink=\"http:\/\/www.spang.ch\/aude\/fr\/2017\/01\/bolivia\/img_2393\/\" data-orig-file=\"https:\/\/i0.wp.com\/www.spang.ch\/aude\/wp-content\/uploads\/2017\/01\/IMG_2393.jpg?fit=5184%2C3456\" data-orig-size=\"5184,3456\" data-comments-opened=\"1\" data-image-meta=\"{&quot;aperture&quot;:&quot;0&quot;,&quot;credit&quot;:&quot;&quot;,&quot;camera&quot;:&quot;&quot;,&quot;caption&quot;:&quot;&quot;,&quot;created_timestamp&quot;:&quot;0&quot;,&quot;copyright&quot;:&quot;&quot;,&quot;focal_length&quot;:&quot;0&quot;,&quot;iso&quot;:&quot;0&quot;,&quot;shutter_speed&quot;:&quot;0&quot;,&quot;title&quot;:&quot;&quot;,&quot;orientation&quot;:&quot;0&quot;}\" data-image-title=\"IMG_2393\" data-image-description=\"\" data-image-caption=\"&lt;p&gt;South Lipez&lt;\/p&gt;\n\" data-medium-file=\"https:\/\/i0.wp.com\/www.spang.ch\/aude\/wp-content\/uploads\/2017\/01\/IMG_2393.jpg?fit=300%2C200\" data-large-file=\"https:\/\/i0.wp.com\/www.spang.ch\/aude\/wp-content\/uploads\/2017\/01\/IMG_2393.jpg?fit=1000%2C667\" tabindex=\"0\" role=\"button\" class=\"wp-image-632 size-large\" src=\"https:\/\/i0.wp.com\/www.spang.ch\/aude\/wp-content\/uploads\/2017\/01\/IMG_2393.jpg?resize=1000%2C667\" alt=\"South Lipez\" width=\"1000\" height=\"667\" srcset=\"https:\/\/i0.wp.com\/www.spang.ch\/aude\/wp-content\/uploads\/2017\/01\/IMG_2393.jpg?resize=1024%2C683 1024w, https:\/\/i0.wp.com\/www.spang.ch\/aude\/wp-content\/uploads\/2017\/01\/IMG_2393.jpg?resize=300%2C200 300w, https:\/\/i0.wp.com\/www.spang.ch\/aude\/wp-content\/uploads\/2017\/01\/IMG_2393.jpg?resize=768%2C512 768w, https:\/\/i0.wp.com\/www.spang.ch\/aude\/wp-content\/uploads\/2017\/01\/IMG_2393.jpg?resize=960%2C640 960w, https:\/\/i0.wp.com\/www.spang.ch\/aude\/wp-content\/uploads\/2017\/01\/IMG_2393.jpg?resize=450%2C300 450w, https:\/\/i0.wp.com\/www.spang.ch\/aude\/wp-content\/uploads\/2017\/01\/IMG_2393.jpg?w=2000 2000w, https:\/\/i0.wp.com\/www.spang.ch\/aude\/wp-content\/uploads\/2017\/01\/IMG_2393.jpg?w=3000 3000w\" sizes=\"(max-width: 1000px) 100vw, 1000px\" data-recalc-dims=\"1\" \/><\/a><figcaption id=\"caption-attachment-632\" class=\"wp-caption-text\">South Lipez<\/figcaption><\/figure>\n<p style=\"text-align: justify;\"><strong>Prochaines \u00e9tapes:<\/strong> depuis que j&rsquo;ai quitt\u00e9 la Bolivie j&rsquo;ai travers\u00e9 le nord de l&rsquo;Argentine en une semaine et je suis arriv\u00e9e au nord du Chili, je vais ensuite descendre en Patagonie et y passer un peu moins d&rsquo;un mois, \u00e7a va \u00eatre sauvage et fantastique!<\/p>\n<p style=\"text-align: center;\">J&rsquo;ai enfin r\u00e9ussi \u00e0 mettre \u00e0 jour mes photos en ligne!<\/p>\n<p style=\"text-align: center;\">Pour celles de la <em>Bolivie<\/em>, dont j&rsquo;ai parl\u00e9 dans cet article:\u00a0<strong><a href=\"https:\/\/goo.gl\/photos\/46FL4kM4F66fvpoL7\">clique ici<\/a>!<\/strong><\/p>\n<p style=\"text-align: center;\">Pour celles du P\u00e9rou o\u00f9 l&rsquo;on voit <em>l&rsquo;Amazonie, un temple dans le d\u00e9sert, et de superbes montagnes \u00e0 Huaraz<\/em>: <strong><a href=\"https:\/\/goo.gl\/photos\/3voocnXUAtNqWNbw7\">clique ici<\/a>!<\/strong><\/p>\n<p style=\"text-align: center;\">Et pour celles du P\u00e9rou o\u00f9 l&rsquo;on voit<em> Cusco, le trek de Salkantay et le Machu Picchu<\/em>: <strong><a href=\"https:\/\/goo.gl\/photos\/veiHbGjWzE7ZUfkY9\">clique ici<\/a>!<\/strong><\/p>\n<p><figure id=\"attachment_644\" aria-describedby=\"caption-attachment-644\" style=\"width: 5184px\" class=\"wp-caption aligncenter\"><a href=\"https:\/\/i0.wp.com\/www.spang.ch\/aude\/wp-content\/uploads\/2017\/01\/IMG_2770.jpg\"><img loading=\"lazy\" decoding=\"async\" data-attachment-id=\"644\" data-permalink=\"http:\/\/www.spang.ch\/aude\/fr\/2017\/01\/bolivia\/img_2770\/\" data-orig-file=\"https:\/\/i0.wp.com\/www.spang.ch\/aude\/wp-content\/uploads\/2017\/01\/IMG_2770.jpg?fit=5184%2C3456\" data-orig-size=\"5184,3456\" data-comments-opened=\"1\" data-image-meta=\"{&quot;aperture&quot;:&quot;0&quot;,&quot;credit&quot;:&quot;&quot;,&quot;camera&quot;:&quot;&quot;,&quot;caption&quot;:&quot;&quot;,&quot;created_timestamp&quot;:&quot;0&quot;,&quot;copyright&quot;:&quot;&quot;,&quot;focal_length&quot;:&quot;0&quot;,&quot;iso&quot;:&quot;0&quot;,&quot;shutter_speed&quot;:&quot;0&quot;,&quot;title&quot;:&quot;&quot;,&quot;orientation&quot;:&quot;0&quot;}\" data-image-title=\"IMG_2770\" data-image-description=\"\" data-image-caption=\"\" data-medium-file=\"https:\/\/i0.wp.com\/www.spang.ch\/aude\/wp-content\/uploads\/2017\/01\/IMG_2770.jpg?fit=300%2C200\" data-large-file=\"https:\/\/i0.wp.com\/www.spang.ch\/aude\/wp-content\/uploads\/2017\/01\/IMG_2770.jpg?fit=1000%2C667\" tabindex=\"0\" role=\"button\" class=\"wp-image-644 size-full\" src=\"https:\/\/i0.wp.com\/www.spang.ch\/aude\/wp-content\/uploads\/2017\/01\/IMG_2770.jpg?resize=1000%2C667\" alt=\"IMG_2770\" width=\"1000\" height=\"667\" srcset=\"https:\/\/i0.wp.com\/www.spang.ch\/aude\/wp-content\/uploads\/2017\/01\/IMG_2770.jpg?w=5184 5184w, https:\/\/i0.wp.com\/www.spang.ch\/aude\/wp-content\/uploads\/2017\/01\/IMG_2770.jpg?resize=300%2C200 300w, https:\/\/i0.wp.com\/www.spang.ch\/aude\/wp-content\/uploads\/2017\/01\/IMG_2770.jpg?resize=768%2C512 768w, https:\/\/i0.wp.com\/www.spang.ch\/aude\/wp-content\/uploads\/2017\/01\/IMG_2770.jpg?resize=1024%2C683 1024w, https:\/\/i0.wp.com\/www.spang.ch\/aude\/wp-content\/uploads\/2017\/01\/IMG_2770.jpg?resize=960%2C640 960w, https:\/\/i0.wp.com\/www.spang.ch\/aude\/wp-content\/uploads\/2017\/01\/IMG_2770.jpg?resize=450%2C300 450w, https:\/\/i0.wp.com\/www.spang.ch\/aude\/wp-content\/uploads\/2017\/01\/IMG_2770.jpg?w=2000 2000w, https:\/\/i0.wp.com\/www.spang.ch\/aude\/wp-content\/uploads\/2017\/01\/IMG_2770.jpg?w=3000 3000w\" sizes=\"(max-width: 1000px) 100vw, 1000px\" data-recalc-dims=\"1\" \/><\/a><figcaption id=\"caption-attachment-644\" class=\"wp-caption-text\">South Lipez<\/figcaption><\/figure><\/p>","protected":false},"excerpt":{"rendered":"<p>La Bolivie fut le th\u00e9\u00e2tre de douces retrouvailles, parce que mon Eman est venu me rejoindre de l&rsquo;autre c\u00f4t\u00e9 de la plan\u00e8te. Apr\u00e8s 2,5 mois sans se voir, c&rsquo;est \u00e0 Santa Cruz que nous avons pass\u00e9 No\u00ebl par 30 degr\u00e9s (nuageux cela dit). Emanuele a eu droit \u00e0 ses premiers jus de fruits, et ses&#8230; <\/p>\n<div class=\"link-more\"><a href=\"http:\/\/www.spang.ch\/aude\/fr\/2017\/01\/bolivia\/\">En savoir plus<\/a><\/div>\n","protected":false},"author":1,"featured_media":669,"comment_status":"open","ping_status":"open","sticky":false,"template":"","format":"standard","meta":{"jetpack_post_was_ever_published":false,"_jetpack_newsletter_access":"","_jetpack_dont_email_post_to_subs":true,"_jetpack_newsletter_tier_id":0,"_jetpack_memberships_contains_paywalled_content":false,"_jetpack_memberships_contains_paid_content":false,"footnotes":"","jetpack_publicize_message":"","jetpack_publicize_feature_enabled":true,"jetpack_social_post_already_shared":true,"jetpack_social_options":{"image_generator_settings":{"template":"highway","enabled":false},"version":2}},"categories":[4],"tags":[],"jetpack_publicize_connections":[],"jetpack_featured_media_url":"https:\/\/i0.wp.com\/www.spang.ch\/aude\/wp-content\/uploads\/2017\/01\/IMG_2725-e1484671288578.jpg?fit=3265%2C4898","jetpack_shortlink":"https:\/\/wp.me\/s7EYAh-bolivia","jetpack-related-posts":[],"jetpack_likes_enabled":true,"jetpack_sharing_enabled":true,"_links":{"self":[{"href":"http:\/\/www.spang.ch\/aude\/fr\/wp-json\/wp\/v2\/posts\/612"}],"collection":[{"href":"http:\/\/www.spang.ch\/aude\/fr\/wp-json\/wp\/v2\/posts"}],"about":[{"href":"http:\/\/www.spang.ch\/aude\/fr\/wp-json\/wp\/v2\/types\/post"}],"author":[{"embeddable":true,"href":"http:\/\/www.spang.ch\/aude\/fr\/wp-json\/wp\/v2\/users\/1"}],"replies":[{"embeddable":true,"href":"http:\/\/www.spang.ch\/aude\/fr\/wp-json\/wp\/v2\/comments?post=612"}],"version-history":[{"count":15,"href":"http:\/\/www.spang.ch\/aude\/fr\/wp-json\/wp\/v2\/posts\/612\/revisions"}],"predecessor-version":[{"id":679,"href":"http:\/\/www.spang.ch\/aude\/fr\/wp-json\/wp\/v2\/posts\/612\/revisions\/679"}],"wp:featuredmedia":[{"embeddable":true,"href":"http:\/\/www.spang.ch\/aude\/fr\/wp-json\/wp\/v2\/media\/669"}],"wp:attachment":[{"href":"http:\/\/www.spang.ch\/aude\/fr\/wp-json\/wp\/v2\/media?parent=612"}],"wp:term":[{"taxonomy":"category","embeddable":true,"href":"http:\/\/www.spang.ch\/aude\/fr\/wp-json\/wp\/v2\/categories?post=612"},{"taxonomy":"post_tag","embeddable":true,"href":"http:\/\/www.spang.ch\/aude\/fr\/wp-json\/wp\/v2\/tags?post=612"}],"curies":[{"name":"wp","href":"https:\/\/api.w.org\/{rel}","templated":true}]}}