{"id":494,"date":"2017-01-07T01:46:07","date_gmt":"2017-01-06T23:46:07","guid":{"rendered":"http:\/\/www.spang.ch\/aude\/?p=494"},"modified":"2017-01-07T01:46:07","modified_gmt":"2017-01-06T23:46:07","slug":"peru-country-of-the-inca","status":"publish","type":"post","link":"http:\/\/www.spang.ch\/aude\/fr\/2017\/01\/peru-country-of-the-inca\/","title":{"rendered":"Per\u00fa &#8211; Le Pays des Incas"},"content":{"rendered":"<p><figure id=\"attachment_544\" aria-describedby=\"caption-attachment-544\" style=\"width: 1000px\" class=\"wp-caption aligncenter\"><a href=\"https:\/\/i0.wp.com\/www.spang.ch\/aude\/wp-content\/uploads\/2016\/12\/IMG_0523.jpg\"><img loading=\"lazy\" decoding=\"async\" data-attachment-id=\"544\" data-permalink=\"http:\/\/www.spang.ch\/aude\/fr\/2017\/01\/peru-country-of-the-inca\/img_0523\/\" data-orig-file=\"https:\/\/i0.wp.com\/www.spang.ch\/aude\/wp-content\/uploads\/2016\/12\/IMG_0523.jpg?fit=5184%2C3456\" data-orig-size=\"5184,3456\" data-comments-opened=\"1\" data-image-meta=\"{&quot;aperture&quot;:&quot;0&quot;,&quot;credit&quot;:&quot;&quot;,&quot;camera&quot;:&quot;&quot;,&quot;caption&quot;:&quot;&quot;,&quot;created_timestamp&quot;:&quot;0&quot;,&quot;copyright&quot;:&quot;&quot;,&quot;focal_length&quot;:&quot;0&quot;,&quot;iso&quot;:&quot;0&quot;,&quot;shutter_speed&quot;:&quot;0&quot;,&quot;title&quot;:&quot;&quot;,&quot;orientation&quot;:&quot;0&quot;}\" data-image-title=\"img_0523\" data-image-description=\"\" data-image-caption=\"&lt;p&gt;Peru #1: M\u00e1ncora, Ku\u00e9lap, Gocta&lt;\/p&gt;\n\" data-medium-file=\"https:\/\/i0.wp.com\/www.spang.ch\/aude\/wp-content\/uploads\/2016\/12\/IMG_0523.jpg?fit=300%2C200\" data-large-file=\"https:\/\/i0.wp.com\/www.spang.ch\/aude\/wp-content\/uploads\/2016\/12\/IMG_0523.jpg?fit=1000%2C667\" tabindex=\"0\" role=\"button\" class=\"wp-image-544 size-large\" src=\"https:\/\/i0.wp.com\/www.spang.ch\/aude\/wp-content\/uploads\/2016\/12\/IMG_0523.jpg?resize=1000%2C667\" width=\"1000\" height=\"667\" srcset=\"https:\/\/i0.wp.com\/www.spang.ch\/aude\/wp-content\/uploads\/2016\/12\/IMG_0523.jpg?resize=1024%2C683 1024w, https:\/\/i0.wp.com\/www.spang.ch\/aude\/wp-content\/uploads\/2016\/12\/IMG_0523.jpg?resize=300%2C200 300w, https:\/\/i0.wp.com\/www.spang.ch\/aude\/wp-content\/uploads\/2016\/12\/IMG_0523.jpg?resize=768%2C512 768w, https:\/\/i0.wp.com\/www.spang.ch\/aude\/wp-content\/uploads\/2016\/12\/IMG_0523.jpg?resize=960%2C640 960w, https:\/\/i0.wp.com\/www.spang.ch\/aude\/wp-content\/uploads\/2016\/12\/IMG_0523.jpg?resize=450%2C300 450w, https:\/\/i0.wp.com\/www.spang.ch\/aude\/wp-content\/uploads\/2016\/12\/IMG_0523.jpg?w=2000 2000w, https:\/\/i0.wp.com\/www.spang.ch\/aude\/wp-content\/uploads\/2016\/12\/IMG_0523.jpg?w=3000 3000w\" sizes=\"(max-width: 1000px) 100vw, 1000px\" data-recalc-dims=\"1\" \/><\/a><figcaption id=\"caption-attachment-544\" class=\"wp-caption-text\">M\u00e1ncora<\/figcaption><\/figure><\/p>\n<p style=\"text-align: justify;\">J&rsquo;ai commenc\u00e9 ma d\u00e9couverte du P\u00e9rou avec un peu de plage tout au nord, \u00e0 M\u00e1ncora. J&rsquo;y suis rest\u00e9e quelques jours et y ai fait la connaissance d&rsquo;un de mes compatriotes bernois, Cuno. Avec d&rsquo;autres gens de l&rsquo;h\u00f4tel nous avons, entre d\u00e9gustation du \u00ab\u00a0ceviche\u00a0\u00bb local (poisson blanc cru marin\u00e9 dans du citron et de l&rsquo;oignon, succulent et ultra frais!) et papotage sur la plage (je me suis baign\u00e9e mais l&rsquo;eau n&rsquo;est clairement pas \u00e0 30 degr\u00e9s comme au nord de la Colombie), \u00e9t\u00e9 nager avec des tortues. Exp\u00e9rience un peu sp\u00e9ciale car on n&rsquo;a le droit de se baigner que dans un p\u00e9rim\u00e8tre d\u00e9limit\u00e9 par une barri\u00e8re flottante et on doit attendre que les tortues viennent nager pr\u00e8s de nous, attitr\u00e9es par la nourriture qui leur est servie (pas nous donc, de la nourriture pour tortues). Mais c&rsquo;\u00e9tait impressionnant! Je n&rsquo;avais jamais \u00e9t\u00e9 fr\u00f4l\u00e9e par une tortue, ni n&rsquo;avais pu en caresser et toucher la carapace ou t\u00eate, vraiment particulier et beau comme moment. Ce furent quelques jours au chaud, \u00e0 la plage, reposants. L&rsquo;id\u00e9e \u00e9tait vraiment de donner un peu de temps \u00e0 mon corps avant de partir \u00e0 la d\u00e9couverte du P\u00e9rou.<\/p>\n<figure id=\"attachment_606\" aria-describedby=\"caption-attachment-606\" style=\"width: 1000px\" class=\"wp-caption aligncenter\"><a href=\"https:\/\/i0.wp.com\/www.spang.ch\/aude\/wp-content\/uploads\/2017\/01\/GOPR5747-1.jpg\"><img loading=\"lazy\" decoding=\"async\" data-attachment-id=\"606\" data-permalink=\"http:\/\/www.spang.ch\/aude\/fr\/2017\/01\/peru-country-of-the-inca\/gopr5747-2\/\" data-orig-file=\"https:\/\/i0.wp.com\/www.spang.ch\/aude\/wp-content\/uploads\/2017\/01\/GOPR5747-1.jpg?fit=3680%2C2760\" data-orig-size=\"3680,2760\" data-comments-opened=\"1\" data-image-meta=\"{&quot;aperture&quot;:&quot;0&quot;,&quot;credit&quot;:&quot;&quot;,&quot;camera&quot;:&quot;&quot;,&quot;caption&quot;:&quot;&quot;,&quot;created_timestamp&quot;:&quot;0&quot;,&quot;copyright&quot;:&quot;&quot;,&quot;focal_length&quot;:&quot;0&quot;,&quot;iso&quot;:&quot;0&quot;,&quot;shutter_speed&quot;:&quot;0&quot;,&quot;title&quot;:&quot;&quot;,&quot;orientation&quot;:&quot;0&quot;}\" data-image-title=\"gopr5747\" data-image-description=\"\" data-image-caption=\"&lt;p&gt;M\u00e1ncora&lt;\/p&gt;\n\" data-medium-file=\"https:\/\/i0.wp.com\/www.spang.ch\/aude\/wp-content\/uploads\/2017\/01\/GOPR5747-1.jpg?fit=300%2C225\" data-large-file=\"https:\/\/i0.wp.com\/www.spang.ch\/aude\/wp-content\/uploads\/2017\/01\/GOPR5747-1.jpg?fit=1000%2C750\" tabindex=\"0\" role=\"button\" class=\"wp-image-606 size-large\" src=\"https:\/\/i0.wp.com\/www.spang.ch\/aude\/wp-content\/uploads\/2017\/01\/GOPR5747-1.jpg?resize=1000%2C750\" width=\"1000\" height=\"750\" srcset=\"https:\/\/i0.wp.com\/www.spang.ch\/aude\/wp-content\/uploads\/2017\/01\/GOPR5747-1.jpg?resize=1024%2C768 1024w, https:\/\/i0.wp.com\/www.spang.ch\/aude\/wp-content\/uploads\/2017\/01\/GOPR5747-1.jpg?resize=300%2C225 300w, https:\/\/i0.wp.com\/www.spang.ch\/aude\/wp-content\/uploads\/2017\/01\/GOPR5747-1.jpg?resize=768%2C576 768w, https:\/\/i0.wp.com\/www.spang.ch\/aude\/wp-content\/uploads\/2017\/01\/GOPR5747-1.jpg?resize=400%2C300 400w, https:\/\/i0.wp.com\/www.spang.ch\/aude\/wp-content\/uploads\/2017\/01\/GOPR5747-1.jpg?w=2000 2000w, https:\/\/i0.wp.com\/www.spang.ch\/aude\/wp-content\/uploads\/2017\/01\/GOPR5747-1.jpg?w=3000 3000w\" sizes=\"(max-width: 1000px) 100vw, 1000px\" data-recalc-dims=\"1\" \/><\/a><figcaption id=\"caption-attachment-606\" class=\"wp-caption-text\">M\u00e1ncora<\/figcaption><\/figure>\n<p style=\"text-align: justify;\">Ce qui est clair c&rsquo;est que le P\u00e9rou est grand, et il me semble que les distances entre un endroit et l&rsquo;autre sont plus longues \u00e0 parcourir en bus qu&rsquo;en Colombie. Je me retrouve fr\u00e9quemment \u00e0 passer 10h ou 15h assise \u00e0 attendre la prochaine destination, souvent \u00e0 dormir parce que je prends des bus de nuit &#8211; \u00e7a permet d&rsquo;\u00e9viter de payer l&rsquo;h\u00f4tel en plus du trajet. Je suis donc partie pour Chachapoyas avec mon nouveau pote suisse, trajet qui entre autre nous fit changer de bus dans une salle d&rsquo;attente des plus p\u00e9ruviennes; on \u00e9tait les seuls blancs dans le coin et on intriguait clairement autant qu&rsquo;on \u00e9tait intrigu\u00e9s. Tr\u00e8s marrant!<\/p>\n<figure id=\"attachment_545\" aria-describedby=\"caption-attachment-545\" style=\"width: 1000px\" class=\"wp-caption aligncenter\"><a href=\"https:\/\/i0.wp.com\/www.spang.ch\/aude\/wp-content\/uploads\/2016\/12\/IMG_0619.jpg\"><img loading=\"lazy\" decoding=\"async\" data-attachment-id=\"545\" data-permalink=\"http:\/\/www.spang.ch\/aude\/fr\/2017\/01\/peru-country-of-the-inca\/img_0619\/\" data-orig-file=\"https:\/\/i0.wp.com\/www.spang.ch\/aude\/wp-content\/uploads\/2016\/12\/IMG_0619.jpg?fit=5184%2C3456\" data-orig-size=\"5184,3456\" data-comments-opened=\"1\" data-image-meta=\"{&quot;aperture&quot;:&quot;0&quot;,&quot;credit&quot;:&quot;&quot;,&quot;camera&quot;:&quot;&quot;,&quot;caption&quot;:&quot;&quot;,&quot;created_timestamp&quot;:&quot;0&quot;,&quot;copyright&quot;:&quot;&quot;,&quot;focal_length&quot;:&quot;0&quot;,&quot;iso&quot;:&quot;0&quot;,&quot;shutter_speed&quot;:&quot;0&quot;,&quot;title&quot;:&quot;&quot;,&quot;orientation&quot;:&quot;0&quot;}\" data-image-title=\"img_0619\" data-image-description=\"\" data-image-caption=\"&lt;p&gt;Ku\u00e9lap&lt;\/p&gt;\n\" data-medium-file=\"https:\/\/i0.wp.com\/www.spang.ch\/aude\/wp-content\/uploads\/2016\/12\/IMG_0619.jpg?fit=300%2C200\" data-large-file=\"https:\/\/i0.wp.com\/www.spang.ch\/aude\/wp-content\/uploads\/2016\/12\/IMG_0619.jpg?fit=1000%2C667\" tabindex=\"0\" role=\"button\" class=\"wp-image-545 size-large\" src=\"https:\/\/i0.wp.com\/www.spang.ch\/aude\/wp-content\/uploads\/2016\/12\/IMG_0619.jpg?resize=1000%2C667\" width=\"1000\" height=\"667\" srcset=\"https:\/\/i0.wp.com\/www.spang.ch\/aude\/wp-content\/uploads\/2016\/12\/IMG_0619.jpg?resize=1024%2C683 1024w, https:\/\/i0.wp.com\/www.spang.ch\/aude\/wp-content\/uploads\/2016\/12\/IMG_0619.jpg?resize=300%2C200 300w, https:\/\/i0.wp.com\/www.spang.ch\/aude\/wp-content\/uploads\/2016\/12\/IMG_0619.jpg?resize=768%2C512 768w, https:\/\/i0.wp.com\/www.spang.ch\/aude\/wp-content\/uploads\/2016\/12\/IMG_0619.jpg?resize=960%2C640 960w, https:\/\/i0.wp.com\/www.spang.ch\/aude\/wp-content\/uploads\/2016\/12\/IMG_0619.jpg?resize=450%2C300 450w, https:\/\/i0.wp.com\/www.spang.ch\/aude\/wp-content\/uploads\/2016\/12\/IMG_0619.jpg?w=2000 2000w, https:\/\/i0.wp.com\/www.spang.ch\/aude\/wp-content\/uploads\/2016\/12\/IMG_0619.jpg?w=3000 3000w\" sizes=\"(max-width: 1000px) 100vw, 1000px\" data-recalc-dims=\"1\" \/><\/a><figcaption id=\"caption-attachment-545\" class=\"wp-caption-text\">Ku\u00e9lap<\/figcaption><\/figure>\n<p style=\"text-align: justify;\">Le but de Chachapoyas \u00e9tait d&rsquo;aller visiter Ku\u00e9lap, une ville \u00ab\u00a0Chacha\u00a0\u00bb puis inca (conquise donc), perch\u00e9e sur une montagne. Des ruines bien plus impressionnantes que la Cit\u00e9 Perdue en Colombie! \u00c9tendu, avec des maisons encore presque sur pied et des types de b\u00e2timents diff\u00e9rents (ossuaire, lieu sacr\u00e9, habitations), entour\u00e9 par un paysage montagneux et de splendides vues, ce site arch\u00e9ologique valait vraiment le d\u00e9tour! J&rsquo;y ai m\u00eame aper\u00e7u mes premiers lamas non-commerciaux (pas l\u00e0 d\u00e9guis\u00e9s et juste pour les touristes comme par exemple en Colombie ou \u00c9quateur), trop chouette. En gros le peuple Chacha (prononc\u00e9 tchatcha) a v\u00e9cu dans cette ville sacr\u00e9e -que les espagnols ont faussement identifi\u00e9e comme une cit\u00e9 fortifi\u00e9e-, puis en ont \u00e9t\u00e9 d\u00e9log\u00e9s par les Incas (de sacr\u00e9s colonisateurs eux aussi, aussi relativement violents d&rsquo;ailleurs), qui ont ensuite \u00e9t\u00e9 chass\u00e9s par les Espagnols, qui l&rsquo;ont laiss\u00e9e \u00e0 l&rsquo;abandon parce qu&rsquo;ils la trouvaient inutile (ils s&rsquo;en fichaient des portes orient\u00e9es vers le soleil ou des tombes remplies de preuve que ces peuples pratiquaient d\u00e9j\u00e0 la chirurgie).<\/p>\n<figure id=\"attachment_546\" aria-describedby=\"caption-attachment-546\" style=\"width: 1000px\" class=\"wp-caption aligncenter\"><a href=\"https:\/\/i0.wp.com\/www.spang.ch\/aude\/wp-content\/uploads\/2016\/12\/IMG_0732.jpg\"><img loading=\"lazy\" decoding=\"async\" data-attachment-id=\"546\" data-permalink=\"http:\/\/www.spang.ch\/aude\/fr\/2017\/01\/peru-country-of-the-inca\/img_0732\/\" data-orig-file=\"https:\/\/i0.wp.com\/www.spang.ch\/aude\/wp-content\/uploads\/2016\/12\/IMG_0732.jpg?fit=5184%2C3456\" data-orig-size=\"5184,3456\" data-comments-opened=\"1\" data-image-meta=\"{&quot;aperture&quot;:&quot;0&quot;,&quot;credit&quot;:&quot;&quot;,&quot;camera&quot;:&quot;&quot;,&quot;caption&quot;:&quot;&quot;,&quot;created_timestamp&quot;:&quot;0&quot;,&quot;copyright&quot;:&quot;&quot;,&quot;focal_length&quot;:&quot;0&quot;,&quot;iso&quot;:&quot;0&quot;,&quot;shutter_speed&quot;:&quot;0&quot;,&quot;title&quot;:&quot;&quot;,&quot;orientation&quot;:&quot;0&quot;}\" data-image-title=\"img_0732\" data-image-description=\"\" data-image-caption=\"&lt;p&gt;Ku\u00e9lap&lt;\/p&gt;\n\" data-medium-file=\"https:\/\/i0.wp.com\/www.spang.ch\/aude\/wp-content\/uploads\/2016\/12\/IMG_0732.jpg?fit=300%2C200\" data-large-file=\"https:\/\/i0.wp.com\/www.spang.ch\/aude\/wp-content\/uploads\/2016\/12\/IMG_0732.jpg?fit=1000%2C667\" tabindex=\"0\" role=\"button\" class=\"wp-image-546 size-large\" src=\"https:\/\/i0.wp.com\/www.spang.ch\/aude\/wp-content\/uploads\/2016\/12\/IMG_0732.jpg?resize=1000%2C667\" width=\"1000\" height=\"667\" srcset=\"https:\/\/i0.wp.com\/www.spang.ch\/aude\/wp-content\/uploads\/2016\/12\/IMG_0732.jpg?resize=1024%2C683 1024w, https:\/\/i0.wp.com\/www.spang.ch\/aude\/wp-content\/uploads\/2016\/12\/IMG_0732.jpg?resize=300%2C200 300w, https:\/\/i0.wp.com\/www.spang.ch\/aude\/wp-content\/uploads\/2016\/12\/IMG_0732.jpg?resize=768%2C512 768w, https:\/\/i0.wp.com\/www.spang.ch\/aude\/wp-content\/uploads\/2016\/12\/IMG_0732.jpg?resize=960%2C640 960w, https:\/\/i0.wp.com\/www.spang.ch\/aude\/wp-content\/uploads\/2016\/12\/IMG_0732.jpg?resize=450%2C300 450w, https:\/\/i0.wp.com\/www.spang.ch\/aude\/wp-content\/uploads\/2016\/12\/IMG_0732.jpg?w=2000 2000w, https:\/\/i0.wp.com\/www.spang.ch\/aude\/wp-content\/uploads\/2016\/12\/IMG_0732.jpg?w=3000 3000w\" sizes=\"(max-width: 1000px) 100vw, 1000px\" data-recalc-dims=\"1\" \/><\/a><figcaption id=\"caption-attachment-546\" class=\"wp-caption-text\">Ku\u00e9lap<\/figcaption><\/figure>\n<p style=\"text-align: justify;\">Le lendemain fut d\u00e9di\u00e9 \u00e0 une visite d&rsquo;un autre genre: randonn\u00e9e dans la jungle, en montagne, avec cascade en r\u00e9compense. Splendide!!! Le genre de vue et d&rsquo;endroits dont je r\u00eavais en venant en Am\u00e9rique du sud, je suis g\u00e2t\u00e9e c&rsquo;est parfait. On a pu s&rsquo;approcher de la chute de Gocta en deux points, vers le milieu puis par le bas. L\u00e0-bas les gens aiment r\u00e9p\u00e9ter que c&rsquo;est la 3\u00e8me plus haute du monde, \u00e0 environ 700m (en fait ce serait apparemment plut\u00f4t la 16\u00e8me). Superbe, avec un chemin panoramique fantastique, j&rsquo;ai trop aim\u00e9! J&rsquo;ai fait cette marche avec Cuno et Isabel, une allemande super sympa rencontr\u00e9e \u00e0 Ku\u00e9lap, et que j&rsquo;\u00e9tais destin\u00e9e \u00e0 revoir plus tard.<\/p>\n<figure id=\"attachment_547\" aria-describedby=\"caption-attachment-547\" style=\"width: 1000px\" class=\"wp-caption aligncenter\"><a href=\"https:\/\/i0.wp.com\/www.spang.ch\/aude\/wp-content\/uploads\/2016\/12\/IMG_0702.jpg\"><img loading=\"lazy\" decoding=\"async\" data-attachment-id=\"547\" data-permalink=\"http:\/\/www.spang.ch\/aude\/fr\/2017\/01\/peru-country-of-the-inca\/img_0702\/\" data-orig-file=\"https:\/\/i0.wp.com\/www.spang.ch\/aude\/wp-content\/uploads\/2016\/12\/IMG_0702.jpg?fit=5184%2C3456\" data-orig-size=\"5184,3456\" data-comments-opened=\"1\" data-image-meta=\"{&quot;aperture&quot;:&quot;0&quot;,&quot;credit&quot;:&quot;&quot;,&quot;camera&quot;:&quot;&quot;,&quot;caption&quot;:&quot;&quot;,&quot;created_timestamp&quot;:&quot;0&quot;,&quot;copyright&quot;:&quot;&quot;,&quot;focal_length&quot;:&quot;0&quot;,&quot;iso&quot;:&quot;0&quot;,&quot;shutter_speed&quot;:&quot;0&quot;,&quot;title&quot;:&quot;&quot;,&quot;orientation&quot;:&quot;0&quot;}\" data-image-title=\"img_0702\" data-image-description=\"\" data-image-caption=\"&lt;p&gt;Peru #1: Mancora, Kuelap, Gocta&lt;\/p&gt;\n\" data-medium-file=\"https:\/\/i0.wp.com\/www.spang.ch\/aude\/wp-content\/uploads\/2016\/12\/IMG_0702.jpg?fit=300%2C200\" data-large-file=\"https:\/\/i0.wp.com\/www.spang.ch\/aude\/wp-content\/uploads\/2016\/12\/IMG_0702.jpg?fit=1000%2C667\" tabindex=\"0\" role=\"button\" class=\"wp-image-547 size-large\" src=\"https:\/\/i0.wp.com\/www.spang.ch\/aude\/wp-content\/uploads\/2016\/12\/IMG_0702.jpg?resize=1000%2C667\" width=\"1000\" height=\"667\" srcset=\"https:\/\/i0.wp.com\/www.spang.ch\/aude\/wp-content\/uploads\/2016\/12\/IMG_0702.jpg?resize=1024%2C683 1024w, https:\/\/i0.wp.com\/www.spang.ch\/aude\/wp-content\/uploads\/2016\/12\/IMG_0702.jpg?resize=300%2C200 300w, https:\/\/i0.wp.com\/www.spang.ch\/aude\/wp-content\/uploads\/2016\/12\/IMG_0702.jpg?resize=768%2C512 768w, https:\/\/i0.wp.com\/www.spang.ch\/aude\/wp-content\/uploads\/2016\/12\/IMG_0702.jpg?resize=960%2C640 960w, https:\/\/i0.wp.com\/www.spang.ch\/aude\/wp-content\/uploads\/2016\/12\/IMG_0702.jpg?resize=450%2C300 450w, https:\/\/i0.wp.com\/www.spang.ch\/aude\/wp-content\/uploads\/2016\/12\/IMG_0702.jpg?w=2000 2000w, https:\/\/i0.wp.com\/www.spang.ch\/aude\/wp-content\/uploads\/2016\/12\/IMG_0702.jpg?w=3000 3000w\" sizes=\"(max-width: 1000px) 100vw, 1000px\" data-recalc-dims=\"1\" \/><\/a><figcaption id=\"caption-attachment-547\" class=\"wp-caption-text\">Gocta<\/figcaption><\/figure>\n<p style=\"text-align: justify;\">L&rsquo;exp\u00e9rience suivante fut \u00e0 nouveau un gros contraste, parce que je suis all\u00e9e jusqu&rsquo;en Amazonie! \u00c7a a pris beaucoup de temps, quatre \u00e0 cinq jours de d\u00e9placement aller-retour pour un trek de quatre jours, mais c&rsquo;\u00e9tait vraiment diff\u00e9rent et assez exceptionnel en fait. Et puis, le d\u00e9placement incluait 10h de bateau \u00e0 l&rsquo;aller et 15h au retour, voyage qui faisait pour moi enti\u00e8rement partie de l&rsquo;exp\u00e9rience amazonienne. Je suis partie avec Ga\u00ebtan, un breton vraiment cool rencontr\u00e9 \u00e0 l&rsquo;h\u00f4tel \u00e0 Chachapoyas et avec qui on a plus ou moins refait la France et le monde en passant d&rsquo;un minibus \u00e0 l&rsquo;autre, puis on a achet\u00e9 nos hamacs pour le trajet en bateau et on est partis pour l&rsquo;aventure. On a pass\u00e9 le trajet \u00e0 moiti\u00e9 sur le toit du bateau au soleil avec deux irlandais musiciens, \u00e0 moiti\u00e9 pos\u00e9s sur notre hamac parmi les locaux (le bateau lent est l&rsquo;option un peu moins touristique, le rapide \u00e9tant plus cher). \u00c0 midi, alors qu&rsquo;on avait notre petit pique-nique tout pr\u00eat, on a d\u00e9couvert que dans le prix de notre ticket \u00e9tait inclus un repas, que chacun allait chercher en faisant la queue et se faisait servir dans son propre tupperware emmen\u00e9 pour l&rsquo;occasion (on a d\u00fb emprunter, du coup).<\/p>\n<figure id=\"attachment_587\" aria-describedby=\"caption-attachment-587\" style=\"width: 1000px\" class=\"wp-caption aligncenter\"><a href=\"https:\/\/i0.wp.com\/www.spang.ch\/aude\/wp-content\/uploads\/2017\/01\/IMG_0749.jpg\"><img loading=\"lazy\" decoding=\"async\" data-attachment-id=\"587\" data-permalink=\"http:\/\/www.spang.ch\/aude\/fr\/2017\/01\/peru-country-of-the-inca\/img_0749\/\" data-orig-file=\"https:\/\/i0.wp.com\/www.spang.ch\/aude\/wp-content\/uploads\/2017\/01\/IMG_0749.jpg?fit=4898%2C3265\" data-orig-size=\"4898,3265\" data-comments-opened=\"1\" data-image-meta=\"{&quot;aperture&quot;:&quot;0&quot;,&quot;credit&quot;:&quot;&quot;,&quot;camera&quot;:&quot;&quot;,&quot;caption&quot;:&quot;&quot;,&quot;created_timestamp&quot;:&quot;0&quot;,&quot;copyright&quot;:&quot;&quot;,&quot;focal_length&quot;:&quot;0&quot;,&quot;iso&quot;:&quot;0&quot;,&quot;shutter_speed&quot;:&quot;0&quot;,&quot;title&quot;:&quot;&quot;,&quot;orientation&quot;:&quot;0&quot;}\" data-image-title=\"img_0749\" data-image-description=\"\" data-image-caption=\"&lt;p&gt;Amazonia&lt;\/p&gt;\n\" data-medium-file=\"https:\/\/i0.wp.com\/www.spang.ch\/aude\/wp-content\/uploads\/2017\/01\/IMG_0749.jpg?fit=300%2C200\" data-large-file=\"https:\/\/i0.wp.com\/www.spang.ch\/aude\/wp-content\/uploads\/2017\/01\/IMG_0749.jpg?fit=1000%2C667\" tabindex=\"0\" role=\"button\" class=\"wp-image-587 size-large\" src=\"https:\/\/i0.wp.com\/www.spang.ch\/aude\/wp-content\/uploads\/2017\/01\/IMG_0749.jpg?resize=1000%2C667\" width=\"1000\" height=\"667\" srcset=\"https:\/\/i0.wp.com\/www.spang.ch\/aude\/wp-content\/uploads\/2017\/01\/IMG_0749.jpg?resize=1024%2C683 1024w, https:\/\/i0.wp.com\/www.spang.ch\/aude\/wp-content\/uploads\/2017\/01\/IMG_0749.jpg?resize=300%2C200 300w, https:\/\/i0.wp.com\/www.spang.ch\/aude\/wp-content\/uploads\/2017\/01\/IMG_0749.jpg?resize=768%2C512 768w, https:\/\/i0.wp.com\/www.spang.ch\/aude\/wp-content\/uploads\/2017\/01\/IMG_0749.jpg?resize=960%2C640 960w, https:\/\/i0.wp.com\/www.spang.ch\/aude\/wp-content\/uploads\/2017\/01\/IMG_0749.jpg?resize=450%2C300 450w, https:\/\/i0.wp.com\/www.spang.ch\/aude\/wp-content\/uploads\/2017\/01\/IMG_0749.jpg?w=2000 2000w, https:\/\/i0.wp.com\/www.spang.ch\/aude\/wp-content\/uploads\/2017\/01\/IMG_0749.jpg?w=3000 3000w\" sizes=\"(max-width: 1000px) 100vw, 1000px\" data-recalc-dims=\"1\" \/><\/a><figcaption id=\"caption-attachment-587\" class=\"wp-caption-text\">Amazonia<\/figcaption><\/figure>\n<figure id=\"attachment_589\" aria-describedby=\"caption-attachment-589\" style=\"width: 1000px\" class=\"wp-caption aligncenter\"><a href=\"https:\/\/i0.wp.com\/www.spang.ch\/aude\/wp-content\/uploads\/2017\/01\/IMG_0827.jpg\"><img loading=\"lazy\" decoding=\"async\" data-attachment-id=\"589\" data-permalink=\"http:\/\/www.spang.ch\/aude\/fr\/2017\/01\/peru-country-of-the-inca\/img_0827\/\" data-orig-file=\"https:\/\/i0.wp.com\/www.spang.ch\/aude\/wp-content\/uploads\/2017\/01\/IMG_0827.jpg?fit=4898%2C3265\" data-orig-size=\"4898,3265\" data-comments-opened=\"1\" data-image-meta=\"{&quot;aperture&quot;:&quot;0&quot;,&quot;credit&quot;:&quot;&quot;,&quot;camera&quot;:&quot;&quot;,&quot;caption&quot;:&quot;&quot;,&quot;created_timestamp&quot;:&quot;0&quot;,&quot;copyright&quot;:&quot;&quot;,&quot;focal_length&quot;:&quot;0&quot;,&quot;iso&quot;:&quot;0&quot;,&quot;shutter_speed&quot;:&quot;0&quot;,&quot;title&quot;:&quot;&quot;,&quot;orientation&quot;:&quot;0&quot;}\" data-image-title=\"img_0827\" data-image-description=\"\" data-image-caption=\"&lt;p&gt;Amazonia&lt;\/p&gt;\n\" data-medium-file=\"https:\/\/i0.wp.com\/www.spang.ch\/aude\/wp-content\/uploads\/2017\/01\/IMG_0827.jpg?fit=300%2C200\" data-large-file=\"https:\/\/i0.wp.com\/www.spang.ch\/aude\/wp-content\/uploads\/2017\/01\/IMG_0827.jpg?fit=1000%2C667\" tabindex=\"0\" role=\"button\" class=\"wp-image-589 size-large\" src=\"https:\/\/i0.wp.com\/www.spang.ch\/aude\/wp-content\/uploads\/2017\/01\/IMG_0827.jpg?resize=1000%2C667\" width=\"1000\" height=\"667\" srcset=\"https:\/\/i0.wp.com\/www.spang.ch\/aude\/wp-content\/uploads\/2017\/01\/IMG_0827.jpg?resize=1024%2C683 1024w, https:\/\/i0.wp.com\/www.spang.ch\/aude\/wp-content\/uploads\/2017\/01\/IMG_0827.jpg?resize=300%2C200 300w, https:\/\/i0.wp.com\/www.spang.ch\/aude\/wp-content\/uploads\/2017\/01\/IMG_0827.jpg?resize=768%2C512 768w, https:\/\/i0.wp.com\/www.spang.ch\/aude\/wp-content\/uploads\/2017\/01\/IMG_0827.jpg?resize=960%2C640 960w, https:\/\/i0.wp.com\/www.spang.ch\/aude\/wp-content\/uploads\/2017\/01\/IMG_0827.jpg?resize=450%2C300 450w, https:\/\/i0.wp.com\/www.spang.ch\/aude\/wp-content\/uploads\/2017\/01\/IMG_0827.jpg?w=2000 2000w, https:\/\/i0.wp.com\/www.spang.ch\/aude\/wp-content\/uploads\/2017\/01\/IMG_0827.jpg?w=3000 3000w\" sizes=\"(max-width: 1000px) 100vw, 1000px\" data-recalc-dims=\"1\" \/><\/a><figcaption id=\"caption-attachment-589\" class=\"wp-caption-text\">Amazonia<\/figcaption><\/figure>\n<p style=\"text-align: justify;\">Apr\u00e8s une nuit dans le village de Lagunas, en pleine coupure d&rsquo;\u00e9lectricit\u00e9, nous avons embarqu\u00e9 nos affaires et tout le mat\u00e9riel pr\u00e9par\u00e9 par notre guide sur une petite pirogue de bois et sommes partis, le post\u00e9rieur encore sain et sauf, sur une rivi\u00e8re nous emmenant dans le parc Pacaya-Samiria en Amazonie. L&rsquo;excursion a consist\u00e9 en un voyage au fil de l&rsquo;eau, sur une coque de noix avan\u00e7ant \u00e0 la force de la pagaie (et des bras de notre guide, bien que le dernier jour nous ayons aussi particip\u00e9). Comme on n&rsquo;a pas de moteur, on d\u00e9range moins les animaux, et en fait la faune est le but principal de pareil trek. On est pass\u00e9s d&rsquo;une cabane \u00e0 l&rsquo;autre, puis retour sur nos pas (enfin, nos coups de pagaie) apr\u00e8s avoir rejoint le point marquant le milieu de notre excursion. Nous n&rsquo;avons malheureusement pas vu d&rsquo;anacondas ni de crocodiles (la nuit \u00e9tait trop claire quand on est sortis voir ces derniers! Par contre on en a entendu quelques-uns entrer dans l&rsquo;eau, ce qui rend l&rsquo;exp\u00e9rience particuli\u00e8rement excitante). Mis \u00e0 part \u00e7a, ce fut absolument g\u00e9nial et je me suis sentie g\u00e2t\u00e9e de pouvoir voir tellement en un temps si concentr\u00e9 alors que je ne faisais \u00ab\u00a0rien pour\u00a0\u00bb &#8211; je ne devais m\u00eame pas fournir l&rsquo;effort d&rsquo;une rando.<\/p>\n<figure id=\"attachment_549\" aria-describedby=\"caption-attachment-549\" style=\"width: 300px\" class=\"wp-caption aligncenter\"><a href=\"https:\/\/i0.wp.com\/www.spang.ch\/aude\/wp-content\/uploads\/2016\/12\/IMG_0890.jpg\"><img loading=\"lazy\" decoding=\"async\" data-attachment-id=\"549\" data-permalink=\"http:\/\/www.spang.ch\/aude\/fr\/2017\/01\/peru-country-of-the-inca\/img_0890\/\" data-orig-file=\"https:\/\/i0.wp.com\/www.spang.ch\/aude\/wp-content\/uploads\/2016\/12\/IMG_0890-e1483743623482.jpg?fit=2566%2C1905\" data-orig-size=\"2566,1905\" data-comments-opened=\"1\" data-image-meta=\"{&quot;aperture&quot;:&quot;0&quot;,&quot;credit&quot;:&quot;&quot;,&quot;camera&quot;:&quot;&quot;,&quot;caption&quot;:&quot;&quot;,&quot;created_timestamp&quot;:&quot;0&quot;,&quot;copyright&quot;:&quot;&quot;,&quot;focal_length&quot;:&quot;0&quot;,&quot;iso&quot;:&quot;0&quot;,&quot;shutter_speed&quot;:&quot;0&quot;,&quot;title&quot;:&quot;&quot;,&quot;orientation&quot;:&quot;0&quot;}\" data-image-title=\"img_0890\" data-image-description=\"\" data-image-caption=\"&lt;p&gt;River dolphin&lt;\/p&gt;\n\" data-medium-file=\"https:\/\/i0.wp.com\/www.spang.ch\/aude\/wp-content\/uploads\/2016\/12\/IMG_0890-e1483743623482.jpg?fit=300%2C223\" data-large-file=\"https:\/\/i0.wp.com\/www.spang.ch\/aude\/wp-content\/uploads\/2016\/12\/IMG_0890-e1483743623482.jpg?fit=1000%2C742\" tabindex=\"0\" role=\"button\" class=\"wp-image-549 size-medium\" src=\"https:\/\/i0.wp.com\/www.spang.ch\/aude\/wp-content\/uploads\/2016\/12\/IMG_0890-e1483743623482-300x223.jpg?resize=300%2C223\" width=\"300\" height=\"223\" srcset=\"https:\/\/i0.wp.com\/www.spang.ch\/aude\/wp-content\/uploads\/2016\/12\/IMG_0890-e1483743623482.jpg?resize=300%2C223 300w, https:\/\/i0.wp.com\/www.spang.ch\/aude\/wp-content\/uploads\/2016\/12\/IMG_0890-e1483743623482.jpg?resize=768%2C570 768w, https:\/\/i0.wp.com\/www.spang.ch\/aude\/wp-content\/uploads\/2016\/12\/IMG_0890-e1483743623482.jpg?resize=1024%2C760 1024w, https:\/\/i0.wp.com\/www.spang.ch\/aude\/wp-content\/uploads\/2016\/12\/IMG_0890-e1483743623482.jpg?resize=404%2C300 404w, https:\/\/i0.wp.com\/www.spang.ch\/aude\/wp-content\/uploads\/2016\/12\/IMG_0890-e1483743623482.jpg?w=2000 2000w\" sizes=\"(max-width: 300px) 100vw, 300px\" data-recalc-dims=\"1\" \/><\/a><figcaption id=\"caption-attachment-549\" class=\"wp-caption-text\">River dolphin<\/figcaption><\/figure>\n<figure id=\"attachment_552\" aria-describedby=\"caption-attachment-552\" style=\"width: 300px\" class=\"wp-caption aligncenter\"><a href=\"https:\/\/i0.wp.com\/www.spang.ch\/aude\/wp-content\/uploads\/2016\/12\/IMG_1094-e1483743740546.jpg\"><img loading=\"lazy\" decoding=\"async\" data-attachment-id=\"552\" data-permalink=\"http:\/\/www.spang.ch\/aude\/fr\/2017\/01\/peru-country-of-the-inca\/img_1094\/\" data-orig-file=\"https:\/\/i0.wp.com\/www.spang.ch\/aude\/wp-content\/uploads\/2016\/12\/IMG_1094-e1483743740546.jpg?fit=2916%2C2112\" data-orig-size=\"2916,2112\" data-comments-opened=\"1\" data-image-meta=\"{&quot;aperture&quot;:&quot;0&quot;,&quot;credit&quot;:&quot;&quot;,&quot;camera&quot;:&quot;&quot;,&quot;caption&quot;:&quot;&quot;,&quot;created_timestamp&quot;:&quot;0&quot;,&quot;copyright&quot;:&quot;&quot;,&quot;focal_length&quot;:&quot;0&quot;,&quot;iso&quot;:&quot;0&quot;,&quot;shutter_speed&quot;:&quot;0&quot;,&quot;title&quot;:&quot;&quot;,&quot;orientation&quot;:&quot;0&quot;}\" data-image-title=\"img_1094\" data-image-description=\"\" data-image-caption=\"&lt;p&gt;Heron&lt;\/p&gt;\n\" data-medium-file=\"https:\/\/i0.wp.com\/www.spang.ch\/aude\/wp-content\/uploads\/2016\/12\/IMG_1094-e1483743740546.jpg?fit=300%2C217\" data-large-file=\"https:\/\/i0.wp.com\/www.spang.ch\/aude\/wp-content\/uploads\/2016\/12\/IMG_1094-e1483743740546.jpg?fit=1000%2C725\" tabindex=\"0\" role=\"button\" class=\"wp-image-552 size-medium\" src=\"https:\/\/i0.wp.com\/www.spang.ch\/aude\/wp-content\/uploads\/2016\/12\/IMG_1094-e1483743740546-300x217.jpg?resize=300%2C217\" width=\"300\" height=\"217\" srcset=\"https:\/\/i0.wp.com\/www.spang.ch\/aude\/wp-content\/uploads\/2016\/12\/IMG_1094-e1483743740546.jpg?resize=300%2C217 300w, https:\/\/i0.wp.com\/www.spang.ch\/aude\/wp-content\/uploads\/2016\/12\/IMG_1094-e1483743740546.jpg?resize=768%2C556 768w, https:\/\/i0.wp.com\/www.spang.ch\/aude\/wp-content\/uploads\/2016\/12\/IMG_1094-e1483743740546.jpg?resize=1024%2C742 1024w, https:\/\/i0.wp.com\/www.spang.ch\/aude\/wp-content\/uploads\/2016\/12\/IMG_1094-e1483743740546.jpg?resize=414%2C300 414w, https:\/\/i0.wp.com\/www.spang.ch\/aude\/wp-content\/uploads\/2016\/12\/IMG_1094-e1483743740546.jpg?w=2000 2000w\" sizes=\"(max-width: 300px) 100vw, 300px\" data-recalc-dims=\"1\" \/><\/a><figcaption id=\"caption-attachment-552\" class=\"wp-caption-text\">Heron<\/figcaption><\/figure>\n<figure id=\"attachment_554\" aria-describedby=\"caption-attachment-554\" style=\"width: 300px\" class=\"wp-caption aligncenter\"><a href=\"https:\/\/i0.wp.com\/www.spang.ch\/aude\/wp-content\/uploads\/2016\/12\/IMG_1150-e1483743875262.jpg\"><img loading=\"lazy\" decoding=\"async\" data-attachment-id=\"554\" data-permalink=\"http:\/\/www.spang.ch\/aude\/fr\/2017\/01\/peru-country-of-the-inca\/img_1150\/\" data-orig-file=\"https:\/\/i0.wp.com\/www.spang.ch\/aude\/wp-content\/uploads\/2016\/12\/IMG_1150-e1483743875262.jpg?fit=2190%2C1671\" data-orig-size=\"2190,1671\" data-comments-opened=\"1\" data-image-meta=\"{&quot;aperture&quot;:&quot;0&quot;,&quot;credit&quot;:&quot;&quot;,&quot;camera&quot;:&quot;&quot;,&quot;caption&quot;:&quot;&quot;,&quot;created_timestamp&quot;:&quot;0&quot;,&quot;copyright&quot;:&quot;&quot;,&quot;focal_length&quot;:&quot;0&quot;,&quot;iso&quot;:&quot;0&quot;,&quot;shutter_speed&quot;:&quot;0&quot;,&quot;title&quot;:&quot;&quot;,&quot;orientation&quot;:&quot;0&quot;}\" data-image-title=\"img_1150\" data-image-description=\"\" data-image-caption=\"&lt;p&gt;Kingfisher\/martin-p\u00eacheur&lt;\/p&gt;\n\" data-medium-file=\"https:\/\/i0.wp.com\/www.spang.ch\/aude\/wp-content\/uploads\/2016\/12\/IMG_1150-e1483743875262.jpg?fit=300%2C229\" data-large-file=\"https:\/\/i0.wp.com\/www.spang.ch\/aude\/wp-content\/uploads\/2016\/12\/IMG_1150-e1483743875262.jpg?fit=1000%2C763\" tabindex=\"0\" role=\"button\" class=\"wp-image-554 size-medium\" src=\"https:\/\/i0.wp.com\/www.spang.ch\/aude\/wp-content\/uploads\/2016\/12\/IMG_1150-e1483743875262-300x229.jpg?resize=300%2C229\" width=\"300\" height=\"229\" srcset=\"https:\/\/i0.wp.com\/www.spang.ch\/aude\/wp-content\/uploads\/2016\/12\/IMG_1150-e1483743875262.jpg?resize=300%2C229 300w, https:\/\/i0.wp.com\/www.spang.ch\/aude\/wp-content\/uploads\/2016\/12\/IMG_1150-e1483743875262.jpg?resize=768%2C586 768w, https:\/\/i0.wp.com\/www.spang.ch\/aude\/wp-content\/uploads\/2016\/12\/IMG_1150-e1483743875262.jpg?resize=1024%2C781 1024w, https:\/\/i0.wp.com\/www.spang.ch\/aude\/wp-content\/uploads\/2016\/12\/IMG_1150-e1483743875262.jpg?resize=393%2C300 393w, https:\/\/i0.wp.com\/www.spang.ch\/aude\/wp-content\/uploads\/2016\/12\/IMG_1150-e1483743875262.jpg?w=2000 2000w\" sizes=\"(max-width: 300px) 100vw, 300px\" data-recalc-dims=\"1\" \/><\/a><figcaption id=\"caption-attachment-554\" class=\"wp-caption-text\">Kingfisher\/martin-p\u00eacheur<\/figcaption><\/figure>\n<p style=\"text-align: justify;\">Le plus remarquable fut \u00e9videmment que des dauphins de rivi\u00e8re (un peu difformes, bossus par rapport \u00e0 l&rsquo;image qu&rsquo;on a des dauphins) ont nag\u00e9 derri\u00e8re et devant nous pendant un bon moment, \u00e0 plusieurs reprises! Bon c&rsquo;est un peu comme l&rsquo;observation de baleines, il faut \u00eatre chanceux pour en voir un hors de l&rsquo;eau, sinon on voit essentiellement le dos d\u00e9passer de l&rsquo;eau lorsqu&rsquo;ils montent respirer. Mais on en a vu un sauter! (pas de photo, trop rapide) Et c&rsquo;\u00e9tait impressionnant de les entendre respirer quand le dos \u00e9tait hors de l&rsquo;eau, c&rsquo;\u00e9tait vraiment un peu comme un bruit d&rsquo;inspiration humaine. Vraiment superbe. D&rsquo;autres mammif\u00e8res que nous avons eu la chance de voir furent une famille d&rsquo;une quinzaine de loutres qui nageaient et sortaient leur t\u00eate de l&rsquo;eau en se dandinant pour voir qui faisait le m\u00eame bruit qu&rsquo;eux (notre guide), mais aussi un paresseux pos\u00e9 dans son arbre et se fondant si parfaitement dans son environnement que nous avons plusieurs fois soup\u00e7onn\u00e9 notre guide de consommer quelque chose de particuli\u00e8rement puissant permettant \u00e0 des hallucinations animales de prendre forme parmi les troncs &#8211; mais en fait non, il avait raison.<\/p>\n<figure id=\"attachment_556\" aria-describedby=\"caption-attachment-556\" style=\"width: 300px\" class=\"wp-caption aligncenter\"><a href=\"https:\/\/i0.wp.com\/www.spang.ch\/aude\/wp-content\/uploads\/2016\/12\/IMG_1183-e1483743939408.jpg\"><img loading=\"lazy\" decoding=\"async\" data-attachment-id=\"556\" data-permalink=\"http:\/\/www.spang.ch\/aude\/fr\/2017\/01\/peru-country-of-the-inca\/img_1183\/\" data-orig-file=\"https:\/\/i0.wp.com\/www.spang.ch\/aude\/wp-content\/uploads\/2016\/12\/IMG_1183-e1483743939408.jpg?fit=2125%2C1581\" data-orig-size=\"2125,1581\" data-comments-opened=\"1\" data-image-meta=\"{&quot;aperture&quot;:&quot;0&quot;,&quot;credit&quot;:&quot;&quot;,&quot;camera&quot;:&quot;&quot;,&quot;caption&quot;:&quot;&quot;,&quot;created_timestamp&quot;:&quot;0&quot;,&quot;copyright&quot;:&quot;&quot;,&quot;focal_length&quot;:&quot;0&quot;,&quot;iso&quot;:&quot;0&quot;,&quot;shutter_speed&quot;:&quot;0&quot;,&quot;title&quot;:&quot;&quot;,&quot;orientation&quot;:&quot;0&quot;}\" data-image-title=\"img_1183\" data-image-description=\"\" data-image-caption=\"&lt;p&gt;Parrots&lt;\/p&gt;\n\" data-medium-file=\"https:\/\/i0.wp.com\/www.spang.ch\/aude\/wp-content\/uploads\/2016\/12\/IMG_1183-e1483743939408.jpg?fit=300%2C223\" data-large-file=\"https:\/\/i0.wp.com\/www.spang.ch\/aude\/wp-content\/uploads\/2016\/12\/IMG_1183-e1483743939408.jpg?fit=1000%2C744\" tabindex=\"0\" role=\"button\" class=\"wp-image-556 size-medium\" src=\"https:\/\/i0.wp.com\/www.spang.ch\/aude\/wp-content\/uploads\/2016\/12\/IMG_1183-e1483743939408-300x223.jpg?resize=300%2C223\" width=\"300\" height=\"223\" srcset=\"https:\/\/i0.wp.com\/www.spang.ch\/aude\/wp-content\/uploads\/2016\/12\/IMG_1183-e1483743939408.jpg?resize=300%2C223 300w, https:\/\/i0.wp.com\/www.spang.ch\/aude\/wp-content\/uploads\/2016\/12\/IMG_1183-e1483743939408.jpg?resize=768%2C571 768w, https:\/\/i0.wp.com\/www.spang.ch\/aude\/wp-content\/uploads\/2016\/12\/IMG_1183-e1483743939408.jpg?resize=1024%2C762 1024w, https:\/\/i0.wp.com\/www.spang.ch\/aude\/wp-content\/uploads\/2016\/12\/IMG_1183-e1483743939408.jpg?resize=403%2C300 403w, https:\/\/i0.wp.com\/www.spang.ch\/aude\/wp-content\/uploads\/2016\/12\/IMG_1183-e1483743939408.jpg?w=2000 2000w\" sizes=\"(max-width: 300px) 100vw, 300px\" data-recalc-dims=\"1\" \/><\/a><figcaption id=\"caption-attachment-556\" class=\"wp-caption-text\">Parrots<\/figcaption><\/figure>\n<figure id=\"attachment_594\" aria-describedby=\"caption-attachment-594\" style=\"width: 300px\" class=\"wp-caption aligncenter\"><a href=\"https:\/\/i0.wp.com\/www.spang.ch\/aude\/wp-content\/uploads\/2017\/01\/IMG_1071-e1483744047389.jpg\"><img loading=\"lazy\" decoding=\"async\" data-attachment-id=\"594\" data-permalink=\"http:\/\/www.spang.ch\/aude\/fr\/2017\/01\/peru-country-of-the-inca\/img_1071\/\" data-orig-file=\"https:\/\/i0.wp.com\/www.spang.ch\/aude\/wp-content\/uploads\/2017\/01\/IMG_1071-e1483744047389.jpg?fit=2583%2C1812\" data-orig-size=\"2583,1812\" data-comments-opened=\"1\" data-image-meta=\"{&quot;aperture&quot;:&quot;0&quot;,&quot;credit&quot;:&quot;&quot;,&quot;camera&quot;:&quot;&quot;,&quot;caption&quot;:&quot;&quot;,&quot;created_timestamp&quot;:&quot;0&quot;,&quot;copyright&quot;:&quot;&quot;,&quot;focal_length&quot;:&quot;0&quot;,&quot;iso&quot;:&quot;0&quot;,&quot;shutter_speed&quot;:&quot;0&quot;,&quot;title&quot;:&quot;&quot;,&quot;orientation&quot;:&quot;0&quot;}\" data-image-title=\"img_1071\" data-image-description=\"\" data-image-caption=\"&lt;p&gt;Sloth\/parresseux&lt;\/p&gt;\n\" data-medium-file=\"https:\/\/i0.wp.com\/www.spang.ch\/aude\/wp-content\/uploads\/2017\/01\/IMG_1071-e1483744047389.jpg?fit=300%2C210\" data-large-file=\"https:\/\/i0.wp.com\/www.spang.ch\/aude\/wp-content\/uploads\/2017\/01\/IMG_1071-e1483744047389.jpg?fit=1000%2C701\" tabindex=\"0\" role=\"button\" class=\"wp-image-594 size-medium\" src=\"https:\/\/i0.wp.com\/www.spang.ch\/aude\/wp-content\/uploads\/2017\/01\/IMG_1071-e1483744047389-300x210.jpg?resize=300%2C210\" width=\"300\" height=\"210\" srcset=\"https:\/\/i0.wp.com\/www.spang.ch\/aude\/wp-content\/uploads\/2017\/01\/IMG_1071-e1483744047389.jpg?resize=300%2C210 300w, https:\/\/i0.wp.com\/www.spang.ch\/aude\/wp-content\/uploads\/2017\/01\/IMG_1071-e1483744047389.jpg?resize=768%2C539 768w, https:\/\/i0.wp.com\/www.spang.ch\/aude\/wp-content\/uploads\/2017\/01\/IMG_1071-e1483744047389.jpg?resize=1024%2C718 1024w, https:\/\/i0.wp.com\/www.spang.ch\/aude\/wp-content\/uploads\/2017\/01\/IMG_1071-e1483744047389.jpg?resize=428%2C300 428w, https:\/\/i0.wp.com\/www.spang.ch\/aude\/wp-content\/uploads\/2017\/01\/IMG_1071-e1483744047389.jpg?w=2000 2000w\" sizes=\"(max-width: 300px) 100vw, 300px\" data-recalc-dims=\"1\" \/><\/a><figcaption id=\"caption-attachment-594\" class=\"wp-caption-text\">Sloth\/parresseux<\/figcaption><\/figure>\n<p style=\"text-align: justify;\">Et puis les singes! Il y en a eu un gros aper\u00e7u en passant, et plein de petits s&rsquo;enfuyant \u00e0 notre arriv\u00e9e, mais le plus notable fut le singe hurleur rouge. Le matin, ces bruyants primates s&rsquo;\u00e9poumonent en rugissant de fa\u00e7on continue, si fort m\u00eame au loin que l&rsquo;on croit que le vent secoue les cimes des arbres. On en a vu un de relativement pr\u00e8s (\u00e0 \u00e9chelle d&rsquo;observation de singe), et on a vu passer une famille dans les hauteurs, le petit accroch\u00e9 \u00e0 sa maman. Au niveau des oiseaux on n&rsquo;\u00e9tait pas en reste non plus: aigles de pr\u00e8s, perroquets (certains nous ont m\u00eame survol\u00e9s et d&rsquo;autres offert un concert criant), perruches (qui volent par deux), de nombreux h\u00e9rons (grandioses \u00e0 l&rsquo;envol de par leur impressionnante envergure), petits toucans (qui vont voler les oeufs des \u00ab\u00a0imitateurs\u00a0\u00bb sous leur nez, enfin leur bec), piverts, martin-p\u00eacheurs, vautours, nombres de volatiles aux noms inconnus mais aux jolis ramages, ce fut un festival plum\u00e9 et sonore haut en couleurs! Et finalement on a eu droit \u00e0 des iguanes, des piranhas, plein de poissons p\u00e9ch\u00e9s par notre guide pour nous nourrir, des chauves-souris, de grosses fourmis, moult moustiques et autres vrombissants n\u00e9fastes, de bruyantes grenouilles en concert le soir, et probablement l&rsquo;une ou l&rsquo;autre bestiole fantastique que j&rsquo;ai oubli\u00e9e tant il y en avait.<\/p>\n<figure id=\"attachment_593\" aria-describedby=\"caption-attachment-593\" style=\"width: 300px\" class=\"wp-caption aligncenter\"><a href=\"https:\/\/i0.wp.com\/www.spang.ch\/aude\/wp-content\/uploads\/2017\/01\/IMG_0988.jpg\"><img loading=\"lazy\" decoding=\"async\" data-attachment-id=\"593\" data-permalink=\"http:\/\/www.spang.ch\/aude\/fr\/2017\/01\/peru-country-of-the-inca\/img_0988\/\" data-orig-file=\"https:\/\/i0.wp.com\/www.spang.ch\/aude\/wp-content\/uploads\/2017\/01\/IMG_0988.jpg?fit=4898%2C3265\" data-orig-size=\"4898,3265\" data-comments-opened=\"1\" data-image-meta=\"{&quot;aperture&quot;:&quot;0&quot;,&quot;credit&quot;:&quot;&quot;,&quot;camera&quot;:&quot;&quot;,&quot;caption&quot;:&quot;&quot;,&quot;created_timestamp&quot;:&quot;0&quot;,&quot;copyright&quot;:&quot;&quot;,&quot;focal_length&quot;:&quot;0&quot;,&quot;iso&quot;:&quot;0&quot;,&quot;shutter_speed&quot;:&quot;0&quot;,&quot;title&quot;:&quot;&quot;,&quot;orientation&quot;:&quot;0&quot;}\" data-image-title=\"img_0988\" data-image-description=\"\" data-image-caption=\"&lt;p&gt;Amazonia&lt;\/p&gt;\n\" data-medium-file=\"https:\/\/i0.wp.com\/www.spang.ch\/aude\/wp-content\/uploads\/2017\/01\/IMG_0988.jpg?fit=300%2C200\" data-large-file=\"https:\/\/i0.wp.com\/www.spang.ch\/aude\/wp-content\/uploads\/2017\/01\/IMG_0988.jpg?fit=1000%2C667\" tabindex=\"0\" role=\"button\" class=\"wp-image-593 size-medium\" src=\"https:\/\/i0.wp.com\/www.spang.ch\/aude\/wp-content\/uploads\/2017\/01\/IMG_0988.jpg?resize=300%2C200\" width=\"300\" height=\"200\" srcset=\"https:\/\/i0.wp.com\/www.spang.ch\/aude\/wp-content\/uploads\/2017\/01\/IMG_0988.jpg?resize=300%2C200 300w, https:\/\/i0.wp.com\/www.spang.ch\/aude\/wp-content\/uploads\/2017\/01\/IMG_0988.jpg?resize=768%2C512 768w, https:\/\/i0.wp.com\/www.spang.ch\/aude\/wp-content\/uploads\/2017\/01\/IMG_0988.jpg?resize=1024%2C683 1024w, https:\/\/i0.wp.com\/www.spang.ch\/aude\/wp-content\/uploads\/2017\/01\/IMG_0988.jpg?resize=960%2C640 960w, https:\/\/i0.wp.com\/www.spang.ch\/aude\/wp-content\/uploads\/2017\/01\/IMG_0988.jpg?resize=450%2C300 450w, https:\/\/i0.wp.com\/www.spang.ch\/aude\/wp-content\/uploads\/2017\/01\/IMG_0988.jpg?w=2000 2000w, https:\/\/i0.wp.com\/www.spang.ch\/aude\/wp-content\/uploads\/2017\/01\/IMG_0988.jpg?w=3000 3000w\" sizes=\"(max-width: 300px) 100vw, 300px\" data-recalc-dims=\"1\" \/><\/a><figcaption id=\"caption-attachment-593\" class=\"wp-caption-text\">Amazonia<\/figcaption><\/figure>\n<p style=\"text-align: justify;\">Incroyable exp\u00e9rience bien plus riche qu&rsquo;une balade dans un zoo &#8211; notamment parce que les animaux sont dans leur habitat naturel et que leur libert\u00e9 n&rsquo;est pas entrav\u00e9e. Apr\u00e8s, il faut pr\u00e9ciser que l&rsquo;on passe beaucoup d&rsquo;heures d&rsquo;observation \u00e0 attendre de voir quelque chose, assis sur un bout de bois flottant &#8211; nos fesses ont bien souffert. Et on s&rsquo;est aussi pas mal ennuy\u00e9s car notre guide, bien que gentil et en sachant beaucoup, \u00e9tait non seulement peu bavard mais aussi compl\u00e8tement herm\u00e9tique \u00e0 l&rsquo;humour. On \u00e9tait bien contents de faire cette excursion \u00e0 deux et non seul\/e avec lui!<\/p>\n<figure id=\"attachment_588\" aria-describedby=\"caption-attachment-588\" style=\"width: 194px\" class=\"wp-caption aligncenter\"><a href=\"https:\/\/i0.wp.com\/www.spang.ch\/aude\/wp-content\/uploads\/2017\/01\/IMG_0808-e1483744178350.jpg\"><img loading=\"lazy\" decoding=\"async\" data-attachment-id=\"588\" data-permalink=\"http:\/\/www.spang.ch\/aude\/fr\/2017\/01\/peru-country-of-the-inca\/img_0808\/\" data-orig-file=\"https:\/\/i0.wp.com\/www.spang.ch\/aude\/wp-content\/uploads\/2017\/01\/IMG_0808-e1483744178350.jpg?fit=1518%2C2351\" data-orig-size=\"1518,2351\" data-comments-opened=\"1\" data-image-meta=\"{&quot;aperture&quot;:&quot;0&quot;,&quot;credit&quot;:&quot;&quot;,&quot;camera&quot;:&quot;&quot;,&quot;caption&quot;:&quot;&quot;,&quot;created_timestamp&quot;:&quot;0&quot;,&quot;copyright&quot;:&quot;&quot;,&quot;focal_length&quot;:&quot;0&quot;,&quot;iso&quot;:&quot;0&quot;,&quot;shutter_speed&quot;:&quot;0&quot;,&quot;title&quot;:&quot;&quot;,&quot;orientation&quot;:&quot;0&quot;}\" data-image-title=\"img_0808\" data-image-description=\"\" data-image-caption=\"&lt;p&gt;Woodpecker\/pivert&lt;\/p&gt;\n\" data-medium-file=\"https:\/\/i0.wp.com\/www.spang.ch\/aude\/wp-content\/uploads\/2017\/01\/IMG_0808-e1483744178350.jpg?fit=194%2C300\" data-large-file=\"https:\/\/i0.wp.com\/www.spang.ch\/aude\/wp-content\/uploads\/2017\/01\/IMG_0808-e1483744178350.jpg?fit=661%2C1024\" tabindex=\"0\" role=\"button\" class=\"wp-image-588 size-medium\" src=\"https:\/\/i0.wp.com\/www.spang.ch\/aude\/wp-content\/uploads\/2017\/01\/IMG_0808-e1483744178350-194x300.jpg?resize=194%2C300\" width=\"194\" height=\"300\" srcset=\"https:\/\/i0.wp.com\/www.spang.ch\/aude\/wp-content\/uploads\/2017\/01\/IMG_0808-e1483744178350.jpg?resize=194%2C300 194w, https:\/\/i0.wp.com\/www.spang.ch\/aude\/wp-content\/uploads\/2017\/01\/IMG_0808-e1483744178350.jpg?resize=768%2C1189 768w, https:\/\/i0.wp.com\/www.spang.ch\/aude\/wp-content\/uploads\/2017\/01\/IMG_0808-e1483744178350.jpg?resize=661%2C1024 661w, https:\/\/i0.wp.com\/www.spang.ch\/aude\/wp-content\/uploads\/2017\/01\/IMG_0808-e1483744178350.jpg?w=1518 1518w\" sizes=\"(max-width: 194px) 100vw, 194px\" data-recalc-dims=\"1\" \/><\/a><figcaption id=\"caption-attachment-588\" class=\"wp-caption-text\">Woodpecker\/pivert<\/figcaption><\/figure>\n<p style=\"text-align: justify;\">Le retour de Lagunas, seule parce que Ga\u00ebtan continuait sur la rivi\u00e8re en direction d&rsquo;Iquitos, puis de Leticia en Colombie, fut une exp\u00e9rience sociologique de qualit\u00e9. C&rsquo;\u00e9tait un trajet en bateau de nuit, tout le monde dormant dans son hamac. Sauf qu&rsquo;il fallait d&rsquo;abord que le bateau arrive! L&rsquo;heure indiqu\u00e9e \u00e9tait \u00ab\u00a021-22:00, soyez l\u00e0 \u00e0 20:30&Prime;&#8230; \u00c0 23:45 mon hamac \u00e9tait pos\u00e9 et le bateau s&rsquo;\u00e9loignait de la jet\u00e9e. Le\u00e7ons de patience&#8230; (D&rsquo;habitude, dans ces situations, je lis sans voir passer le temps, mais j&rsquo;avais termin\u00e9 le national geographic trouv\u00e9 \u00e0 l&rsquo;h\u00f4tel) La nuit pouvait commencer, en faisant abstraction des diverses lumi\u00e8res qui s&rsquo;allumaient de temps \u00e0 autre, de la musique de No\u00ebl quelque part dans un angle, et du type qui dormait avec son t\u00e9l\u00e9phone sur le ventre, allum\u00e9 et jouant de la musique&#8230; toute la nuit. Assez \u00e9pique, d&rsquo;autant plus que le bateau a eu 5h de retard. Bien s\u00fbr, personne ne s&rsquo;agace, \u00e7a fait partie des risques inh\u00e9rents au trajet en bateau lent. Une nouvelle fois, j&rsquo;ai pu emprunter sa gamelle (son tupperware) \u00e0 quelqu&rsquo;un et savourer le tr\u00e8s original poulet et riz qu&rsquo;on servait \u00e0 tours de bras \u00e0 midi. N&rsquo;ayant pas de lecture ni de r\u00e9seau pour la communication par t\u00e9l\u00e9phone, j&rsquo;ai pass\u00e9 une grande partie du trajet \u00e0 observer comment les gens occupent leur temps et interagissent. Une chose que j&rsquo;ai fortement remarqu\u00e9e est \u00e0 quel point les gens sont&#8230; discrets ici.<\/p>\n<figure id=\"attachment_591\" aria-describedby=\"caption-attachment-591\" style=\"width: 300px\" class=\"wp-caption aligncenter\"><a href=\"https:\/\/i0.wp.com\/www.spang.ch\/aude\/wp-content\/uploads\/2017\/01\/IMG_0906.jpg\"><img loading=\"lazy\" decoding=\"async\" data-attachment-id=\"591\" data-permalink=\"http:\/\/www.spang.ch\/aude\/fr\/2017\/01\/peru-country-of-the-inca\/img_0906\/\" data-orig-file=\"https:\/\/i0.wp.com\/www.spang.ch\/aude\/wp-content\/uploads\/2017\/01\/IMG_0906.jpg?fit=4898%2C3265\" data-orig-size=\"4898,3265\" data-comments-opened=\"1\" data-image-meta=\"{&quot;aperture&quot;:&quot;0&quot;,&quot;credit&quot;:&quot;&quot;,&quot;camera&quot;:&quot;&quot;,&quot;caption&quot;:&quot;&quot;,&quot;created_timestamp&quot;:&quot;0&quot;,&quot;copyright&quot;:&quot;&quot;,&quot;focal_length&quot;:&quot;0&quot;,&quot;iso&quot;:&quot;0&quot;,&quot;shutter_speed&quot;:&quot;0&quot;,&quot;title&quot;:&quot;&quot;,&quot;orientation&quot;:&quot;0&quot;}\" data-image-title=\"img_0906\" data-image-description=\"\" data-image-caption=\"&lt;p&gt;Amazonia&lt;\/p&gt;\n\" data-medium-file=\"https:\/\/i0.wp.com\/www.spang.ch\/aude\/wp-content\/uploads\/2017\/01\/IMG_0906.jpg?fit=300%2C200\" data-large-file=\"https:\/\/i0.wp.com\/www.spang.ch\/aude\/wp-content\/uploads\/2017\/01\/IMG_0906.jpg?fit=1000%2C667\" tabindex=\"0\" role=\"button\" class=\"wp-image-591 size-medium\" src=\"https:\/\/i0.wp.com\/www.spang.ch\/aude\/wp-content\/uploads\/2017\/01\/IMG_0906.jpg?resize=300%2C200\" width=\"300\" height=\"200\" srcset=\"https:\/\/i0.wp.com\/www.spang.ch\/aude\/wp-content\/uploads\/2017\/01\/IMG_0906.jpg?resize=300%2C200 300w, https:\/\/i0.wp.com\/www.spang.ch\/aude\/wp-content\/uploads\/2017\/01\/IMG_0906.jpg?resize=768%2C512 768w, https:\/\/i0.wp.com\/www.spang.ch\/aude\/wp-content\/uploads\/2017\/01\/IMG_0906.jpg?resize=1024%2C683 1024w, https:\/\/i0.wp.com\/www.spang.ch\/aude\/wp-content\/uploads\/2017\/01\/IMG_0906.jpg?resize=960%2C640 960w, https:\/\/i0.wp.com\/www.spang.ch\/aude\/wp-content\/uploads\/2017\/01\/IMG_0906.jpg?resize=450%2C300 450w, https:\/\/i0.wp.com\/www.spang.ch\/aude\/wp-content\/uploads\/2017\/01\/IMG_0906.jpg?w=2000 2000w, https:\/\/i0.wp.com\/www.spang.ch\/aude\/wp-content\/uploads\/2017\/01\/IMG_0906.jpg?w=3000 3000w\" sizes=\"(max-width: 300px) 100vw, 300px\" data-recalc-dims=\"1\" \/><\/a><figcaption id=\"caption-attachment-591\" class=\"wp-caption-text\">Amazonia<\/figcaption><\/figure>\n<p style=\"text-align: justify;\">En fait, et c&rsquo;est \u00e9vident \u00e9tant donn\u00e9es les distances que j&rsquo;ai parcourues mais pas n\u00e9cessairement intuitif pour des Europ\u00e9ens, il y a des diff\u00e9rences culturelles marqu\u00e9es entre les p\u00e9ruviens et les colombiens. Je ne parle ici que des peuples avec lesquels j&rsquo;ai \u00e9t\u00e9 en contact, mais on m&rsquo;a d\u00e9j\u00e0 parl\u00e9 d&rsquo;autres particularit\u00e9s marqu\u00e9es, notamment des boliviens ou des chiliens et argentins. C&rsquo;est marrant parce que l\u00e0 o\u00f9 j&rsquo;ai pass\u00e9 deux mois g\u00e9niaux en Colombie, sans probl\u00e8mes de compr\u00e9hension, je me retrouve au P\u00e9rou \u00e0 parfois me demander si c&rsquo;est mon espagnol le probl\u00e8me. Mais non, plusieurs situations m&rsquo;ont d\u00e9montr\u00e9 qu&rsquo;il y a des foss\u00e9s li\u00e9s \u00e0 des diff\u00e9rences de perception que l&rsquo;ouverture d&rsquo;esprit (ou mon ouverture \u00e0 moi) ne parvient pas \u00e0 combler.<\/p>\n<figure id=\"attachment_595\" aria-describedby=\"caption-attachment-595\" style=\"width: 300px\" class=\"wp-caption aligncenter\"><a href=\"https:\/\/i0.wp.com\/www.spang.ch\/aude\/wp-content\/uploads\/2017\/01\/IMG_1083.jpg\"><img loading=\"lazy\" decoding=\"async\" data-attachment-id=\"595\" data-permalink=\"http:\/\/www.spang.ch\/aude\/fr\/2017\/01\/peru-country-of-the-inca\/img_1083\/\" data-orig-file=\"https:\/\/i0.wp.com\/www.spang.ch\/aude\/wp-content\/uploads\/2017\/01\/IMG_1083.jpg?fit=4898%2C3265\" data-orig-size=\"4898,3265\" data-comments-opened=\"1\" data-image-meta=\"{&quot;aperture&quot;:&quot;0&quot;,&quot;credit&quot;:&quot;&quot;,&quot;camera&quot;:&quot;&quot;,&quot;caption&quot;:&quot;&quot;,&quot;created_timestamp&quot;:&quot;0&quot;,&quot;copyright&quot;:&quot;&quot;,&quot;focal_length&quot;:&quot;0&quot;,&quot;iso&quot;:&quot;0&quot;,&quot;shutter_speed&quot;:&quot;0&quot;,&quot;title&quot;:&quot;&quot;,&quot;orientation&quot;:&quot;0&quot;}\" data-image-title=\"img_1083\" data-image-description=\"\" data-image-caption=\"&lt;p&gt;Otters\/loutres&lt;\/p&gt;\n\" data-medium-file=\"https:\/\/i0.wp.com\/www.spang.ch\/aude\/wp-content\/uploads\/2017\/01\/IMG_1083.jpg?fit=300%2C200\" data-large-file=\"https:\/\/i0.wp.com\/www.spang.ch\/aude\/wp-content\/uploads\/2017\/01\/IMG_1083.jpg?fit=1000%2C667\" tabindex=\"0\" role=\"button\" class=\"wp-image-595 size-medium\" src=\"https:\/\/i0.wp.com\/www.spang.ch\/aude\/wp-content\/uploads\/2017\/01\/IMG_1083.jpg?resize=300%2C200\" width=\"300\" height=\"200\" srcset=\"https:\/\/i0.wp.com\/www.spang.ch\/aude\/wp-content\/uploads\/2017\/01\/IMG_1083.jpg?resize=300%2C200 300w, https:\/\/i0.wp.com\/www.spang.ch\/aude\/wp-content\/uploads\/2017\/01\/IMG_1083.jpg?resize=768%2C512 768w, https:\/\/i0.wp.com\/www.spang.ch\/aude\/wp-content\/uploads\/2017\/01\/IMG_1083.jpg?resize=1024%2C683 1024w, https:\/\/i0.wp.com\/www.spang.ch\/aude\/wp-content\/uploads\/2017\/01\/IMG_1083.jpg?resize=960%2C640 960w, https:\/\/i0.wp.com\/www.spang.ch\/aude\/wp-content\/uploads\/2017\/01\/IMG_1083.jpg?resize=450%2C300 450w, https:\/\/i0.wp.com\/www.spang.ch\/aude\/wp-content\/uploads\/2017\/01\/IMG_1083.jpg?w=2000 2000w, https:\/\/i0.wp.com\/www.spang.ch\/aude\/wp-content\/uploads\/2017\/01\/IMG_1083.jpg?w=3000 3000w\" sizes=\"(max-width: 300px) 100vw, 300px\" data-recalc-dims=\"1\" \/><\/a><figcaption id=\"caption-attachment-595\" class=\"wp-caption-text\">Otters\/loutres<\/figcaption><\/figure>\n<p style=\"text-align: justify;\">A de nombreuses reprises, et je ne me rappelle pas que cela se soit produit une fois en Colombie, je n&rsquo;arrive pas \u00e0 faire comprendre ce que je veux \u00e0 mon interlocuteur p\u00e9ruvien, qu&rsquo;en retour je n&rsquo;arrive pas vraiment \u00e0 comprendre &#8211; pour des raisons de fond, de contenu, et non linguistiques. La seule fa\u00e7on qui me permet d&rsquo;expliquer comment on ne se comprend pas, c&rsquo;est que j&rsquo;ai l&rsquo;impression que les p\u00e9ruviens (g\u00e9n\u00e9ralisation incorrecte bien s\u00fbr) essaient d&rsquo;interpr\u00e9ter ce que je veux afin de mieux r\u00e9soudre mon probl\u00e8me, et du coup inventent, cr\u00e9ent un nouveau sens \u00e0 ce que je dis (par exemple, plut\u00f4t que de me r\u00e9pondre combien de temps il faut de A \u00e0 B on me demande si je veux pas plut\u00f4t aller \u00e0 C, ou si je n&rsquo;ai pas envie d&rsquo;y aller en bus). R\u00e9pondre sans r\u00e9pondre, fr\u00e9quemment pour ne pas admettre ignorer la r\u00e9pondre. C&rsquo;est rigolo, mais souvent aussi un peu frustrant. Et c&rsquo;est assez fou, je n&rsquo;avais exp\u00e9riment\u00e9 \u00e7a qu&rsquo;en Indon\u00e9sie et ne m&rsquo;attendais pas \u00e0 de telles diff\u00e9rences culturelles ici &#8211; j&rsquo;\u00e9tais b\u00eatement partie du principe que mon image g\u00e9n\u00e9rale de la culture latino-am\u00e9ricaine correspondrait \u00e0 la r\u00e9alit\u00e9, ne sachant pas \u00e0 quoi d&rsquo;autre m&rsquo;attendre.<\/p>\n<figure id=\"attachment_590\" aria-describedby=\"caption-attachment-590\" style=\"width: 300px\" class=\"wp-caption aligncenter\"><a href=\"https:\/\/i0.wp.com\/www.spang.ch\/aude\/wp-content\/uploads\/2017\/01\/IMG_0899-e1483744000366.jpg\"><img loading=\"lazy\" decoding=\"async\" data-attachment-id=\"590\" data-permalink=\"http:\/\/www.spang.ch\/aude\/fr\/2017\/01\/peru-country-of-the-inca\/img_0899\/\" data-orig-file=\"https:\/\/i0.wp.com\/www.spang.ch\/aude\/wp-content\/uploads\/2017\/01\/IMG_0899-e1483744000366.jpg?fit=1995%2C1444\" data-orig-size=\"1995,1444\" data-comments-opened=\"1\" data-image-meta=\"{&quot;aperture&quot;:&quot;0&quot;,&quot;credit&quot;:&quot;&quot;,&quot;camera&quot;:&quot;&quot;,&quot;caption&quot;:&quot;&quot;,&quot;created_timestamp&quot;:&quot;0&quot;,&quot;copyright&quot;:&quot;&quot;,&quot;focal_length&quot;:&quot;0&quot;,&quot;iso&quot;:&quot;0&quot;,&quot;shutter_speed&quot;:&quot;0&quot;,&quot;title&quot;:&quot;&quot;,&quot;orientation&quot;:&quot;0&quot;}\" data-image-title=\"img_0899\" data-image-description=\"\" data-image-caption=\"&lt;p&gt;Parrots&lt;\/p&gt;\n\" data-medium-file=\"https:\/\/i0.wp.com\/www.spang.ch\/aude\/wp-content\/uploads\/2017\/01\/IMG_0899-e1483744000366.jpg?fit=300%2C217\" data-large-file=\"https:\/\/i0.wp.com\/www.spang.ch\/aude\/wp-content\/uploads\/2017\/01\/IMG_0899-e1483744000366.jpg?fit=1000%2C724\" tabindex=\"0\" role=\"button\" class=\"wp-image-590 size-medium\" src=\"https:\/\/i0.wp.com\/www.spang.ch\/aude\/wp-content\/uploads\/2017\/01\/IMG_0899-e1483744000366-300x217.jpg?resize=300%2C217\" width=\"300\" height=\"217\" srcset=\"https:\/\/i0.wp.com\/www.spang.ch\/aude\/wp-content\/uploads\/2017\/01\/IMG_0899-e1483744000366.jpg?resize=300%2C217 300w, https:\/\/i0.wp.com\/www.spang.ch\/aude\/wp-content\/uploads\/2017\/01\/IMG_0899-e1483744000366.jpg?resize=768%2C556 768w, https:\/\/i0.wp.com\/www.spang.ch\/aude\/wp-content\/uploads\/2017\/01\/IMG_0899-e1483744000366.jpg?resize=1024%2C741 1024w, https:\/\/i0.wp.com\/www.spang.ch\/aude\/wp-content\/uploads\/2017\/01\/IMG_0899-e1483744000366.jpg?resize=414%2C300 414w, https:\/\/i0.wp.com\/www.spang.ch\/aude\/wp-content\/uploads\/2017\/01\/IMG_0899-e1483744000366.jpg?w=1995 1995w\" sizes=\"(max-width: 300px) 100vw, 300px\" data-recalc-dims=\"1\" \/><\/a><figcaption id=\"caption-attachment-590\" class=\"wp-caption-text\">Parrots<\/figcaption><\/figure>\n<p style=\"text-align: justify;\">Je parle, je parle, venons-en au fait. Je n&rsquo;ai pas retrouv\u00e9 au P\u00e9rou la \u00ab\u00a0chaleur\u00a0\u00bb colombienne: personne ne m&rsquo;appelle \u00ab\u00a0ma vie\u00a0\u00bb, et les gens ont beaucoup moins tendance \u00e0 terminer une interaction par \u00ab\u00a0que vous alliez bien\u00a0\u00bb(je me sens souvent un peu trop gentille ou polie du coup, voire bizarre, vu que j&rsquo;ai pris l&rsquo;habitude de m&rsquo;exprimer ainsi). Ils sont aussi plus r\u00e9serv\u00e9s, selon mon impression, bien qu&rsquo;ils tutoient automatiquement l\u00e0 o\u00f9 en Colombie c&rsquo;est l&rsquo; \u00ab\u00a0<em>usted<\/em>\u00a0\u00bb qui \u00e9tait de rigueur (\u00ab\u00a0vous\u00a0\u00bb). Je veux dire par l\u00e0 que les gens ne parlent pas tr\u00e8s fort, et je m&rsquo;en suis entre autre rendu compte sur le bateau, c&rsquo;est la situation que j&rsquo;\u00e9voquais plus haut. Bien que nous fussions pr\u00e8s d&rsquo;une centaine de personnes \u00e0 mon \u00e9tage, le calme et un certain silence ont r\u00e9gn\u00e9 durant tout le trajet, heures de journ\u00e9e comprises. L\u00e0 o\u00f9 l&rsquo;on se serait attendu \u00e0 un joyeux capharna\u00fcm, ce fut en fait un voyage paisible ou les gens ne s&rsquo;invectivaient pas mais \u00e9changeaient tranquillement.<\/p>\n<figure id=\"attachment_550\" aria-describedby=\"caption-attachment-550\" style=\"width: 300px\" class=\"wp-caption aligncenter\"><a href=\"https:\/\/i0.wp.com\/www.spang.ch\/aude\/wp-content\/uploads\/2016\/12\/IMG_0894-e1483743667122.jpg\"><img loading=\"lazy\" decoding=\"async\" data-attachment-id=\"550\" data-permalink=\"http:\/\/www.spang.ch\/aude\/fr\/2017\/01\/peru-country-of-the-inca\/img_0894\/\" data-orig-file=\"https:\/\/i0.wp.com\/www.spang.ch\/aude\/wp-content\/uploads\/2016\/12\/IMG_0894-e1483743667122.jpg?fit=3123%2C2384\" data-orig-size=\"3123,2384\" data-comments-opened=\"1\" data-image-meta=\"{&quot;aperture&quot;:&quot;0&quot;,&quot;credit&quot;:&quot;&quot;,&quot;camera&quot;:&quot;&quot;,&quot;caption&quot;:&quot;&quot;,&quot;created_timestamp&quot;:&quot;0&quot;,&quot;copyright&quot;:&quot;&quot;,&quot;focal_length&quot;:&quot;0&quot;,&quot;iso&quot;:&quot;0&quot;,&quot;shutter_speed&quot;:&quot;0&quot;,&quot;title&quot;:&quot;&quot;,&quot;orientation&quot;:&quot;0&quot;}\" data-image-title=\"img_0894\" data-image-description=\"\" data-image-caption=\"&lt;p&gt;Heron&lt;\/p&gt;\n\" data-medium-file=\"https:\/\/i0.wp.com\/www.spang.ch\/aude\/wp-content\/uploads\/2016\/12\/IMG_0894-e1483743667122.jpg?fit=300%2C229\" data-large-file=\"https:\/\/i0.wp.com\/www.spang.ch\/aude\/wp-content\/uploads\/2016\/12\/IMG_0894-e1483743667122.jpg?fit=1000%2C764\" tabindex=\"0\" role=\"button\" class=\"wp-image-550 size-medium\" src=\"https:\/\/i0.wp.com\/www.spang.ch\/aude\/wp-content\/uploads\/2016\/12\/IMG_0894-e1483743667122-300x229.jpg?resize=300%2C229\" width=\"300\" height=\"229\" srcset=\"https:\/\/i0.wp.com\/www.spang.ch\/aude\/wp-content\/uploads\/2016\/12\/IMG_0894-e1483743667122.jpg?resize=300%2C229 300w, https:\/\/i0.wp.com\/www.spang.ch\/aude\/wp-content\/uploads\/2016\/12\/IMG_0894-e1483743667122.jpg?resize=768%2C586 768w, https:\/\/i0.wp.com\/www.spang.ch\/aude\/wp-content\/uploads\/2016\/12\/IMG_0894-e1483743667122.jpg?resize=1024%2C782 1024w, https:\/\/i0.wp.com\/www.spang.ch\/aude\/wp-content\/uploads\/2016\/12\/IMG_0894-e1483743667122.jpg?resize=393%2C300 393w, https:\/\/i0.wp.com\/www.spang.ch\/aude\/wp-content\/uploads\/2016\/12\/IMG_0894-e1483743667122.jpg?w=2000 2000w, https:\/\/i0.wp.com\/www.spang.ch\/aude\/wp-content\/uploads\/2016\/12\/IMG_0894-e1483743667122.jpg?w=3000 3000w\" sizes=\"(max-width: 300px) 100vw, 300px\" data-recalc-dims=\"1\" \/><\/a><figcaption id=\"caption-attachment-550\" class=\"wp-caption-text\">Heron<\/figcaption><\/figure>\n<p style=\"text-align: justify;\">Si tranquillement d&rsquo;ailleurs que lorsque mon voisin de hamac s&rsquo;est mis \u00e0 me poser des questions et me raconter des choses, j&rsquo;ai d\u00fb le faire r\u00e9p\u00e9ter \u00e0 plusieurs reprises avant d&rsquo;abandonner et de pr\u00e9tendre que j&rsquo;avais compris, avec un petit rire. Certes, il avait l&rsquo;accent local de la zone de Lagunas, qui est fort et \u00e9trange pour moi (il sonne africain en fait, mais aucune raison \u00e0 cela, les gens n&rsquo;\u00e9tant pas noirs du tout), mais le probl\u00e8me \u00e9tait avant tout auditif. Bien que l&rsquo;environnement fut tr\u00e8s calme, il parlait \u00e0 une voix tellement basse que m\u00eame pench\u00e9e vers lui je n&rsquo;arrivais pas \u00e0 l&rsquo;entendre! Je sais que c&rsquo;est une particularit\u00e9 au moins locale si pas nationale, parce que lorsque notre guide amazonien croisait la pirogue d&rsquo;un de ses coll\u00e8gues, ils se murmuraient l&rsquo;un l&rsquo;autre m\u00eame une fois qu&rsquo;ils s&rsquo;\u00e9taient d\u00e9j\u00e0 d\u00e9pass\u00e9s et qu&rsquo;il y avait une vingtaine de m\u00e8tres entre les bateaux. Alors que Ga\u00ebtan et moi entendions \u00e0 peine ce que le guide nous disait quand ils s&rsquo;adressait \u00e0 nous, et que nous \u00e9tions bien plus bruyants pour nous parler en \u00e9tant c\u00f4te \u00e0 c\u00f4te que ces deux \u00e0 plusieurs m\u00e8tres de distance!<\/p>\n<figure id=\"attachment_553\" aria-describedby=\"caption-attachment-553\" style=\"width: 300px\" class=\"wp-caption aligncenter\"><a href=\"https:\/\/i0.wp.com\/www.spang.ch\/aude\/wp-content\/uploads\/2016\/12\/IMG_1104-e1483743826996.jpg\"><img loading=\"lazy\" decoding=\"async\" data-attachment-id=\"553\" data-permalink=\"http:\/\/www.spang.ch\/aude\/fr\/2017\/01\/peru-country-of-the-inca\/img_1104\/\" data-orig-file=\"https:\/\/i0.wp.com\/www.spang.ch\/aude\/wp-content\/uploads\/2016\/12\/IMG_1104-e1483743826996.jpg?fit=2656%2C1840\" data-orig-size=\"2656,1840\" data-comments-opened=\"1\" data-image-meta=\"{&quot;aperture&quot;:&quot;0&quot;,&quot;credit&quot;:&quot;&quot;,&quot;camera&quot;:&quot;&quot;,&quot;caption&quot;:&quot;&quot;,&quot;created_timestamp&quot;:&quot;0&quot;,&quot;copyright&quot;:&quot;&quot;,&quot;focal_length&quot;:&quot;0&quot;,&quot;iso&quot;:&quot;0&quot;,&quot;shutter_speed&quot;:&quot;0&quot;,&quot;title&quot;:&quot;&quot;,&quot;orientation&quot;:&quot;0&quot;}\" data-image-title=\"img_1104\" data-image-description=\"\" data-image-caption=\"&lt;p&gt;Toucan and Imitators&lt;\/p&gt;\n\" data-medium-file=\"https:\/\/i0.wp.com\/www.spang.ch\/aude\/wp-content\/uploads\/2016\/12\/IMG_1104-e1483743826996.jpg?fit=300%2C208\" data-large-file=\"https:\/\/i0.wp.com\/www.spang.ch\/aude\/wp-content\/uploads\/2016\/12\/IMG_1104-e1483743826996.jpg?fit=1000%2C692\" tabindex=\"0\" role=\"button\" class=\"wp-image-553 size-medium\" src=\"https:\/\/i0.wp.com\/www.spang.ch\/aude\/wp-content\/uploads\/2016\/12\/IMG_1104-e1483743826996-300x208.jpg?resize=300%2C208\" width=\"300\" height=\"208\" srcset=\"https:\/\/i0.wp.com\/www.spang.ch\/aude\/wp-content\/uploads\/2016\/12\/IMG_1104-e1483743826996.jpg?resize=300%2C208 300w, https:\/\/i0.wp.com\/www.spang.ch\/aude\/wp-content\/uploads\/2016\/12\/IMG_1104-e1483743826996.jpg?resize=768%2C532 768w, https:\/\/i0.wp.com\/www.spang.ch\/aude\/wp-content\/uploads\/2016\/12\/IMG_1104-e1483743826996.jpg?resize=1024%2C709 1024w, https:\/\/i0.wp.com\/www.spang.ch\/aude\/wp-content\/uploads\/2016\/12\/IMG_1104-e1483743826996.jpg?resize=433%2C300 433w, https:\/\/i0.wp.com\/www.spang.ch\/aude\/wp-content\/uploads\/2016\/12\/IMG_1104-e1483743826996.jpg?w=2000 2000w\" sizes=\"(max-width: 300px) 100vw, 300px\" data-recalc-dims=\"1\" \/><\/a><figcaption id=\"caption-attachment-553\" class=\"wp-caption-text\">Toucan and Imitators<\/figcaption><\/figure>\n<figure id=\"attachment_548\" aria-describedby=\"caption-attachment-548\" style=\"width: 300px\" class=\"wp-caption aligncenter\"><a href=\"https:\/\/i0.wp.com\/www.spang.ch\/aude\/wp-content\/uploads\/2016\/12\/IMG_0872-e1483744371733.jpg\"><img loading=\"lazy\" decoding=\"async\" data-attachment-id=\"548\" data-permalink=\"http:\/\/www.spang.ch\/aude\/fr\/2017\/01\/peru-country-of-the-inca\/img_0872\/\" data-orig-file=\"https:\/\/i0.wp.com\/www.spang.ch\/aude\/wp-content\/uploads\/2016\/12\/IMG_0872-e1483744371733.jpg?fit=2462%2C1710\" data-orig-size=\"2462,1710\" data-comments-opened=\"1\" data-image-meta=\"{&quot;aperture&quot;:&quot;0&quot;,&quot;credit&quot;:&quot;&quot;,&quot;camera&quot;:&quot;&quot;,&quot;caption&quot;:&quot;&quot;,&quot;created_timestamp&quot;:&quot;0&quot;,&quot;copyright&quot;:&quot;&quot;,&quot;focal_length&quot;:&quot;0&quot;,&quot;iso&quot;:&quot;0&quot;,&quot;shutter_speed&quot;:&quot;0&quot;,&quot;title&quot;:&quot;&quot;,&quot;orientation&quot;:&quot;0&quot;}\" data-image-title=\"img_0872\" data-image-description=\"\" data-image-caption=\"&lt;p&gt;Red monkey&lt;\/p&gt;\n\" data-medium-file=\"https:\/\/i0.wp.com\/www.spang.ch\/aude\/wp-content\/uploads\/2016\/12\/IMG_0872-e1483744371733.jpg?fit=300%2C208\" data-large-file=\"https:\/\/i0.wp.com\/www.spang.ch\/aude\/wp-content\/uploads\/2016\/12\/IMG_0872-e1483744371733.jpg?fit=1000%2C694\" tabindex=\"0\" role=\"button\" class=\"wp-image-548 size-medium\" src=\"https:\/\/i0.wp.com\/www.spang.ch\/aude\/wp-content\/uploads\/2016\/12\/IMG_0872-e1483744371733-300x208.jpg?resize=300%2C208\" width=\"300\" height=\"208\" srcset=\"https:\/\/i0.wp.com\/www.spang.ch\/aude\/wp-content\/uploads\/2016\/12\/IMG_0872-e1483744371733.jpg?resize=300%2C208 300w, https:\/\/i0.wp.com\/www.spang.ch\/aude\/wp-content\/uploads\/2016\/12\/IMG_0872-e1483744371733.jpg?resize=768%2C533 768w, https:\/\/i0.wp.com\/www.spang.ch\/aude\/wp-content\/uploads\/2016\/12\/IMG_0872-e1483744371733.jpg?resize=1024%2C711 1024w, https:\/\/i0.wp.com\/www.spang.ch\/aude\/wp-content\/uploads\/2016\/12\/IMG_0872-e1483744371733.jpg?resize=432%2C300 432w, https:\/\/i0.wp.com\/www.spang.ch\/aude\/wp-content\/uploads\/2016\/12\/IMG_0872-e1483744371733.jpg?w=2000 2000w\" sizes=\"(max-width: 300px) 100vw, 300px\" data-recalc-dims=\"1\" \/><\/a><figcaption id=\"caption-attachment-548\" class=\"wp-caption-text\">Red monkey<\/figcaption><\/figure>\n<p style=\"text-align: justify;\">Cela dit, pour corriger une image que je trouve fausse et qui est v\u00e9hicul\u00e9e par les voyageurs venant du sud et arrivant vers la Colombie: non, je ne trouve pas les p\u00e9ruviens peu sympathiques. J&rsquo;ai presque \u00e0 chaque \u00e9tape de mon voyage dans ce pays rencontr\u00e9 un\/e p\u00e9ruvien\/ne qui avait \u00e0 coeur de m&rsquo;aider, de partager un peu de nourriture ou de me faire d\u00e9couvrir son pays, souvent sans que je n&rsquo;aie sollicit\u00e9 cette personne mais de son propre chef. Il est possible que ce soit plus typique du nord du P\u00e9rou, qui est moins touristique et o\u00f9 les gens sont peut-\u00eatre moins lass\u00e9s, mais j&rsquo;ai eu contact avec plusieurs personnes de Lima et Cusco qui ont \u00e9t\u00e9\/sont tout-\u00e0-fait ouvertes et serviables. La diff\u00e9rence est plut\u00f4t au niveau de ceux qui travaillent dans un domaine en lien avec le tourisme, je trouve. L&rsquo;impression que l&rsquo;on essayait de me soutirer le plus d&rsquo;argent possible, qu&rsquo;on augmentait les prix \u00e0 cause de la couleur de ma peau et qu&rsquo;on ne cherchait pas \u00e0 \u00eatre plus gentil que le strict minimum, ne m&rsquo;a pas l\u00e2ch\u00e9e. Encore une fois, je ne parle pas de la population dans son ensemble.<\/p>\n<figure id=\"attachment_557\" aria-describedby=\"caption-attachment-557\" style=\"width: 1000px\" class=\"wp-caption aligncenter\"><a href=\"https:\/\/i0.wp.com\/www.spang.ch\/aude\/wp-content\/uploads\/2016\/12\/IMG_1198.jpg\"><img loading=\"lazy\" decoding=\"async\" data-attachment-id=\"557\" data-permalink=\"http:\/\/www.spang.ch\/aude\/fr\/2017\/01\/peru-country-of-the-inca\/img_1198\/\" data-orig-file=\"https:\/\/i0.wp.com\/www.spang.ch\/aude\/wp-content\/uploads\/2016\/12\/IMG_1198.jpg?fit=5184%2C3456\" data-orig-size=\"5184,3456\" data-comments-opened=\"1\" data-image-meta=\"{&quot;aperture&quot;:&quot;0&quot;,&quot;credit&quot;:&quot;&quot;,&quot;camera&quot;:&quot;&quot;,&quot;caption&quot;:&quot;&quot;,&quot;created_timestamp&quot;:&quot;0&quot;,&quot;copyright&quot;:&quot;&quot;,&quot;focal_length&quot;:&quot;0&quot;,&quot;iso&quot;:&quot;0&quot;,&quot;shutter_speed&quot;:&quot;0&quot;,&quot;title&quot;:&quot;&quot;,&quot;orientation&quot;:&quot;0&quot;}\" data-image-title=\"img_1198\" data-image-description=\"\" data-image-caption=\"&lt;p&gt;Chacha ruins&lt;\/p&gt;\n\" data-medium-file=\"https:\/\/i0.wp.com\/www.spang.ch\/aude\/wp-content\/uploads\/2016\/12\/IMG_1198.jpg?fit=300%2C200\" data-large-file=\"https:\/\/i0.wp.com\/www.spang.ch\/aude\/wp-content\/uploads\/2016\/12\/IMG_1198.jpg?fit=1000%2C667\" tabindex=\"0\" role=\"button\" class=\"wp-image-557 size-large\" src=\"https:\/\/i0.wp.com\/www.spang.ch\/aude\/wp-content\/uploads\/2016\/12\/IMG_1198.jpg?resize=1000%2C667\" width=\"1000\" height=\"667\" srcset=\"https:\/\/i0.wp.com\/www.spang.ch\/aude\/wp-content\/uploads\/2016\/12\/IMG_1198.jpg?resize=1024%2C683 1024w, https:\/\/i0.wp.com\/www.spang.ch\/aude\/wp-content\/uploads\/2016\/12\/IMG_1198.jpg?resize=300%2C200 300w, https:\/\/i0.wp.com\/www.spang.ch\/aude\/wp-content\/uploads\/2016\/12\/IMG_1198.jpg?resize=768%2C512 768w, https:\/\/i0.wp.com\/www.spang.ch\/aude\/wp-content\/uploads\/2016\/12\/IMG_1198.jpg?resize=960%2C640 960w, https:\/\/i0.wp.com\/www.spang.ch\/aude\/wp-content\/uploads\/2016\/12\/IMG_1198.jpg?resize=450%2C300 450w, https:\/\/i0.wp.com\/www.spang.ch\/aude\/wp-content\/uploads\/2016\/12\/IMG_1198.jpg?w=2000 2000w, https:\/\/i0.wp.com\/www.spang.ch\/aude\/wp-content\/uploads\/2016\/12\/IMG_1198.jpg?w=3000 3000w\" sizes=\"(max-width: 1000px) 100vw, 1000px\" data-recalc-dims=\"1\" \/><\/a><figcaption id=\"caption-attachment-557\" class=\"wp-caption-text\">Chacha ruins<\/figcaption><\/figure>\n<p style=\"text-align: justify;\">Bref. A partir du retour d&rsquo;Amazonie, j&rsquo;ai pas mal aval\u00e9 de kilom\u00e8tres. Je suis redescendue vers la c\u00f4te, \u00e0 Trujillo, et j&rsquo;y ai retrouv\u00e9 Isabel, mon amie allemande de Chachapoyas. Ensemble, on a visit\u00e9 le Huacas Mochica, un ancien lieu de vie et lieu sacr\u00e9 de la culture mochica (env. 800 ans apr\u00e8s JC, et avant les Incas) situ\u00e9 dans le d\u00e9sert. Toute la c\u00f4te p\u00e9ruvienne est d\u00e9sertique en fait, le contraste avec l&rsquo;int\u00e9rieur des terres, tr\u00e8s vert et g\u00e9n\u00e9ralement montagneux, est assez saisissant, d&rsquo;autant plus apr\u00e8s avoir pass\u00e9 quelques jours sur l&rsquo;eau en Amazonie! La construction \u00e9tait assez grande et surtout impressionnante parce que plusieurs fa\u00e7ades poss\u00e8dent encore les illustrations d&rsquo;origine, avec la peinture de l&rsquo;\u00e9poque! Plus je visite le P\u00e9rou, plus je me rends compte que mes rudiments d&rsquo;\u00e9ducation (scolaire) sur la culture inca ne me permettent pas de comprendre la complexit\u00e9 de ce qu&rsquo;a \u00e9t\u00e9 ce pays pendant des si\u00e8cles. Je ne me doutais pas qu&rsquo;il y avait eu autant de peuples rien qu&rsquo;au P\u00e9rou (il y en a un sacr\u00e9 tas)! Jolie visite, jolis moments ensemble.<\/p>\n<figure id=\"attachment_596\" aria-describedby=\"caption-attachment-596\" style=\"width: 1000px\" class=\"wp-caption aligncenter\"><a href=\"https:\/\/i0.wp.com\/www.spang.ch\/aude\/wp-content\/uploads\/2017\/01\/IMG_1189.jpg\"><img loading=\"lazy\" decoding=\"async\" data-attachment-id=\"596\" data-permalink=\"http:\/\/www.spang.ch\/aude\/fr\/2017\/01\/peru-country-of-the-inca\/img_1189\/\" data-orig-file=\"https:\/\/i0.wp.com\/www.spang.ch\/aude\/wp-content\/uploads\/2017\/01\/IMG_1189.jpg?fit=4898%2C3265\" data-orig-size=\"4898,3265\" data-comments-opened=\"1\" data-image-meta=\"{&quot;aperture&quot;:&quot;0&quot;,&quot;credit&quot;:&quot;&quot;,&quot;camera&quot;:&quot;&quot;,&quot;caption&quot;:&quot;&quot;,&quot;created_timestamp&quot;:&quot;0&quot;,&quot;copyright&quot;:&quot;&quot;,&quot;focal_length&quot;:&quot;0&quot;,&quot;iso&quot;:&quot;0&quot;,&quot;shutter_speed&quot;:&quot;0&quot;,&quot;title&quot;:&quot;&quot;,&quot;orientation&quot;:&quot;0&quot;}\" data-image-title=\"img_1189\" data-image-description=\"\" data-image-caption=\"&lt;p&gt;Chachapoyas&lt;\/p&gt;\n\" data-medium-file=\"https:\/\/i0.wp.com\/www.spang.ch\/aude\/wp-content\/uploads\/2017\/01\/IMG_1189.jpg?fit=300%2C200\" data-large-file=\"https:\/\/i0.wp.com\/www.spang.ch\/aude\/wp-content\/uploads\/2017\/01\/IMG_1189.jpg?fit=1000%2C667\" tabindex=\"0\" role=\"button\" class=\"wp-image-596 size-large\" src=\"https:\/\/i0.wp.com\/www.spang.ch\/aude\/wp-content\/uploads\/2017\/01\/IMG_1189.jpg?resize=1000%2C667\" width=\"1000\" height=\"667\" srcset=\"https:\/\/i0.wp.com\/www.spang.ch\/aude\/wp-content\/uploads\/2017\/01\/IMG_1189.jpg?resize=1024%2C683 1024w, https:\/\/i0.wp.com\/www.spang.ch\/aude\/wp-content\/uploads\/2017\/01\/IMG_1189.jpg?resize=300%2C200 300w, https:\/\/i0.wp.com\/www.spang.ch\/aude\/wp-content\/uploads\/2017\/01\/IMG_1189.jpg?resize=768%2C512 768w, https:\/\/i0.wp.com\/www.spang.ch\/aude\/wp-content\/uploads\/2017\/01\/IMG_1189.jpg?resize=960%2C640 960w, https:\/\/i0.wp.com\/www.spang.ch\/aude\/wp-content\/uploads\/2017\/01\/IMG_1189.jpg?resize=450%2C300 450w, https:\/\/i0.wp.com\/www.spang.ch\/aude\/wp-content\/uploads\/2017\/01\/IMG_1189.jpg?w=2000 2000w, https:\/\/i0.wp.com\/www.spang.ch\/aude\/wp-content\/uploads\/2017\/01\/IMG_1189.jpg?w=3000 3000w\" sizes=\"(max-width: 1000px) 100vw, 1000px\" data-recalc-dims=\"1\" \/><\/a><figcaption id=\"caption-attachment-596\" class=\"wp-caption-text\">Chachapoyas<\/figcaption><\/figure>\n<figure id=\"attachment_558\" aria-describedby=\"caption-attachment-558\" style=\"width: 1000px\" class=\"wp-caption aligncenter\"><a href=\"https:\/\/i0.wp.com\/www.spang.ch\/aude\/wp-content\/uploads\/2016\/12\/IMG_1234.jpg\"><img loading=\"lazy\" decoding=\"async\" data-attachment-id=\"558\" data-permalink=\"http:\/\/www.spang.ch\/aude\/fr\/2017\/01\/peru-country-of-the-inca\/img_1234\/\" data-orig-file=\"https:\/\/i0.wp.com\/www.spang.ch\/aude\/wp-content\/uploads\/2016\/12\/IMG_1234.jpg?fit=5184%2C3456\" data-orig-size=\"5184,3456\" data-comments-opened=\"1\" data-image-meta=\"{&quot;aperture&quot;:&quot;0&quot;,&quot;credit&quot;:&quot;&quot;,&quot;camera&quot;:&quot;&quot;,&quot;caption&quot;:&quot;&quot;,&quot;created_timestamp&quot;:&quot;0&quot;,&quot;copyright&quot;:&quot;&quot;,&quot;focal_length&quot;:&quot;0&quot;,&quot;iso&quot;:&quot;0&quot;,&quot;shutter_speed&quot;:&quot;0&quot;,&quot;title&quot;:&quot;&quot;,&quot;orientation&quot;:&quot;0&quot;}\" data-image-title=\"img_1234\" data-image-description=\"\" data-image-caption=\"&lt;p&gt;Peru #2: Lagunas, Trujillo, Huaraz\/Santa Cruz&lt;\/p&gt;\n\" data-medium-file=\"https:\/\/i0.wp.com\/www.spang.ch\/aude\/wp-content\/uploads\/2016\/12\/IMG_1234.jpg?fit=300%2C200\" data-large-file=\"https:\/\/i0.wp.com\/www.spang.ch\/aude\/wp-content\/uploads\/2016\/12\/IMG_1234.jpg?fit=1000%2C667\" tabindex=\"0\" role=\"button\" class=\"wp-image-558 size-large\" src=\"https:\/\/i0.wp.com\/www.spang.ch\/aude\/wp-content\/uploads\/2016\/12\/IMG_1234.jpg?resize=1000%2C667\" width=\"1000\" height=\"667\" srcset=\"https:\/\/i0.wp.com\/www.spang.ch\/aude\/wp-content\/uploads\/2016\/12\/IMG_1234.jpg?resize=1024%2C683 1024w, https:\/\/i0.wp.com\/www.spang.ch\/aude\/wp-content\/uploads\/2016\/12\/IMG_1234.jpg?resize=300%2C200 300w, https:\/\/i0.wp.com\/www.spang.ch\/aude\/wp-content\/uploads\/2016\/12\/IMG_1234.jpg?resize=768%2C512 768w, https:\/\/i0.wp.com\/www.spang.ch\/aude\/wp-content\/uploads\/2016\/12\/IMG_1234.jpg?resize=960%2C640 960w, https:\/\/i0.wp.com\/www.spang.ch\/aude\/wp-content\/uploads\/2016\/12\/IMG_1234.jpg?resize=450%2C300 450w, https:\/\/i0.wp.com\/www.spang.ch\/aude\/wp-content\/uploads\/2016\/12\/IMG_1234.jpg?w=2000 2000w, https:\/\/i0.wp.com\/www.spang.ch\/aude\/wp-content\/uploads\/2016\/12\/IMG_1234.jpg?w=3000 3000w\" sizes=\"(max-width: 1000px) 100vw, 1000px\" data-recalc-dims=\"1\" \/><\/a><figcaption id=\"caption-attachment-558\" class=\"wp-caption-text\">Huaraz<\/figcaption><\/figure>\n<p style=\"text-align: justify;\">Ensuite, on a pris le bus pour Huaraz, situ\u00e9e dans les Andes, loin de la c\u00f4te d\u00e9sertique. Je voulais absolument y aller car c&rsquo;est le point de d\u00e9part du trek Santa Cruz, dans la Cordill\u00e8re Blanche, dont j&rsquo;avais beaucoup entendu parler. La r\u00e9gion est aussi connue pour ses lagunes et ses glaciers, mais encore une fois des consid\u00e9rations organisationnelles m&rsquo;ont fait mettre des priorit\u00e9s. C&rsquo;est pour \u00e7a aussi que j&rsquo;ai fait un trek de trois jours plut\u00f4t que plusieurs petites excursions: je voulais une exp\u00e9rience intense et plus radicale! En un sens, j&rsquo;ai \u00e9t\u00e9 servie: on est mont\u00e9s jusqu&rsquo;\u00e0 4750m et on a dormi entre 3700m et 4200m, dans des tentes. Autant dire qu&rsquo;il ne faisait pas chaud! La marche en elle-m\u00eame n&rsquo;a pas \u00e9t\u00e9 un gros d\u00e9fi, la majeure partie du temps \u00e9tait une balade presque \u00e0 plat, bien qu&rsquo;on \u00ab\u00a0montait pendant 4h\u00a0\u00bb le deuxi\u00e8me jour, et seule la derni\u00e8re heure d&rsquo;ascension demanda vraiment des efforts. Mais quelles vues!!! Les montagnes de roche surmont\u00e9es de chapeaux enneig\u00e9s \u00e9voquent les paysages suisses, par contre la v\u00e9g\u00e9tation me rappelait plut\u00f4t un peu l&rsquo;\u00c9cosse (l&rsquo;\u00eele de Skye). Tout \u00e9tait \u00e9videmment tr\u00e8s majestueux, et le meilleur fut le passage du col \u00e0 4750m, un peu en-dessus d&rsquo;une petite lagune d&rsquo;un turquoise \u00e9clatant qui est assez typique de la zone, les lagunes sont comme de petits bijoux qui constellent le paysage montagneux. Splendide!<\/p>\n<figure id=\"attachment_559\" aria-describedby=\"caption-attachment-559\" style=\"width: 1000px\" class=\"wp-caption aligncenter\"><a href=\"https:\/\/i0.wp.com\/www.spang.ch\/aude\/wp-content\/uploads\/2016\/12\/IMG_1287.jpg\"><img loading=\"lazy\" decoding=\"async\" data-attachment-id=\"559\" data-permalink=\"http:\/\/www.spang.ch\/aude\/fr\/2017\/01\/peru-country-of-the-inca\/img_1287\/\" data-orig-file=\"https:\/\/i0.wp.com\/www.spang.ch\/aude\/wp-content\/uploads\/2016\/12\/IMG_1287.jpg?fit=5184%2C3456\" data-orig-size=\"5184,3456\" data-comments-opened=\"1\" data-image-meta=\"{&quot;aperture&quot;:&quot;0&quot;,&quot;credit&quot;:&quot;&quot;,&quot;camera&quot;:&quot;&quot;,&quot;caption&quot;:&quot;&quot;,&quot;created_timestamp&quot;:&quot;0&quot;,&quot;copyright&quot;:&quot;&quot;,&quot;focal_length&quot;:&quot;0&quot;,&quot;iso&quot;:&quot;0&quot;,&quot;shutter_speed&quot;:&quot;0&quot;,&quot;title&quot;:&quot;&quot;,&quot;orientation&quot;:&quot;0&quot;}\" data-image-title=\"img_1287\" data-image-description=\"\" data-image-caption=\"&lt;p&gt;Peru #2: Lagunas, Trujillo, Huaraz\/Santa Cruz&lt;\/p&gt;\n\" data-medium-file=\"https:\/\/i0.wp.com\/www.spang.ch\/aude\/wp-content\/uploads\/2016\/12\/IMG_1287.jpg?fit=300%2C200\" data-large-file=\"https:\/\/i0.wp.com\/www.spang.ch\/aude\/wp-content\/uploads\/2016\/12\/IMG_1287.jpg?fit=1000%2C667\" tabindex=\"0\" role=\"button\" class=\"wp-image-559 size-large\" src=\"https:\/\/i0.wp.com\/www.spang.ch\/aude\/wp-content\/uploads\/2016\/12\/IMG_1287.jpg?resize=1000%2C667\" width=\"1000\" height=\"667\" srcset=\"https:\/\/i0.wp.com\/www.spang.ch\/aude\/wp-content\/uploads\/2016\/12\/IMG_1287.jpg?resize=1024%2C683 1024w, https:\/\/i0.wp.com\/www.spang.ch\/aude\/wp-content\/uploads\/2016\/12\/IMG_1287.jpg?resize=300%2C200 300w, https:\/\/i0.wp.com\/www.spang.ch\/aude\/wp-content\/uploads\/2016\/12\/IMG_1287.jpg?resize=768%2C512 768w, https:\/\/i0.wp.com\/www.spang.ch\/aude\/wp-content\/uploads\/2016\/12\/IMG_1287.jpg?resize=960%2C640 960w, https:\/\/i0.wp.com\/www.spang.ch\/aude\/wp-content\/uploads\/2016\/12\/IMG_1287.jpg?resize=450%2C300 450w, https:\/\/i0.wp.com\/www.spang.ch\/aude\/wp-content\/uploads\/2016\/12\/IMG_1287.jpg?w=2000 2000w, https:\/\/i0.wp.com\/www.spang.ch\/aude\/wp-content\/uploads\/2016\/12\/IMG_1287.jpg?w=3000 3000w\" sizes=\"(max-width: 1000px) 100vw, 1000px\" data-recalc-dims=\"1\" \/><\/a><figcaption id=\"caption-attachment-559\" class=\"wp-caption-text\">Santa Cruz<\/figcaption><\/figure>\n<figure id=\"attachment_561\" aria-describedby=\"caption-attachment-561\" style=\"width: 1000px\" class=\"wp-caption aligncenter\"><a href=\"https:\/\/i0.wp.com\/www.spang.ch\/aude\/wp-content\/uploads\/2016\/12\/IMG_1389.jpg\"><img loading=\"lazy\" decoding=\"async\" data-attachment-id=\"561\" data-permalink=\"http:\/\/www.spang.ch\/aude\/fr\/2017\/01\/peru-country-of-the-inca\/img_1389\/\" data-orig-file=\"https:\/\/i0.wp.com\/www.spang.ch\/aude\/wp-content\/uploads\/2016\/12\/IMG_1389.jpg?fit=5184%2C3456\" data-orig-size=\"5184,3456\" data-comments-opened=\"1\" data-image-meta=\"{&quot;aperture&quot;:&quot;0&quot;,&quot;credit&quot;:&quot;&quot;,&quot;camera&quot;:&quot;&quot;,&quot;caption&quot;:&quot;&quot;,&quot;created_timestamp&quot;:&quot;0&quot;,&quot;copyright&quot;:&quot;&quot;,&quot;focal_length&quot;:&quot;0&quot;,&quot;iso&quot;:&quot;0&quot;,&quot;shutter_speed&quot;:&quot;0&quot;,&quot;title&quot;:&quot;&quot;,&quot;orientation&quot;:&quot;0&quot;}\" data-image-title=\"img_1389\" data-image-description=\"\" data-image-caption=\"&lt;p&gt;4750m&lt;\/p&gt;\n\" data-medium-file=\"https:\/\/i0.wp.com\/www.spang.ch\/aude\/wp-content\/uploads\/2016\/12\/IMG_1389.jpg?fit=300%2C200\" data-large-file=\"https:\/\/i0.wp.com\/www.spang.ch\/aude\/wp-content\/uploads\/2016\/12\/IMG_1389.jpg?fit=1000%2C667\" tabindex=\"0\" role=\"button\" class=\"wp-image-561 size-large\" src=\"https:\/\/i0.wp.com\/www.spang.ch\/aude\/wp-content\/uploads\/2016\/12\/IMG_1389.jpg?resize=1000%2C667\" width=\"1000\" height=\"667\" srcset=\"https:\/\/i0.wp.com\/www.spang.ch\/aude\/wp-content\/uploads\/2016\/12\/IMG_1389.jpg?resize=1024%2C683 1024w, https:\/\/i0.wp.com\/www.spang.ch\/aude\/wp-content\/uploads\/2016\/12\/IMG_1389.jpg?resize=300%2C200 300w, https:\/\/i0.wp.com\/www.spang.ch\/aude\/wp-content\/uploads\/2016\/12\/IMG_1389.jpg?resize=768%2C512 768w, https:\/\/i0.wp.com\/www.spang.ch\/aude\/wp-content\/uploads\/2016\/12\/IMG_1389.jpg?resize=960%2C640 960w, https:\/\/i0.wp.com\/www.spang.ch\/aude\/wp-content\/uploads\/2016\/12\/IMG_1389.jpg?resize=450%2C300 450w, https:\/\/i0.wp.com\/www.spang.ch\/aude\/wp-content\/uploads\/2016\/12\/IMG_1389.jpg?w=2000 2000w, https:\/\/i0.wp.com\/www.spang.ch\/aude\/wp-content\/uploads\/2016\/12\/IMG_1389.jpg?w=3000 3000w\" sizes=\"(max-width: 1000px) 100vw, 1000px\" data-recalc-dims=\"1\" \/><\/a><figcaption id=\"caption-attachment-561\" class=\"wp-caption-text\">4750m<\/figcaption><\/figure>\n<p style=\"text-align: justify;\">Sur le plan du confort, ce trek fut probablement l&rsquo;un des plus gros d\u00e9fis que j&rsquo;aie eu \u00e0 relever depuis le d\u00e9but de mon voyage. Les temp\u00e9ratures d\u00e9pendaient de l&rsquo;altitude, et nos tentes \u00e9taient tout de m\u00eame assez rudimentaires (nos guides les recouvraient de b\u00e2ches en plastique pour nous prot\u00e9ger de la pluie&#8230;), les matelas fins et durs et les sacs de couchage pas optimaux. Courtes nuits accompagn\u00e9s de repas tr\u00e8s basiques! Des \u00e2nes transportaient tout le mat\u00e9riel, des vivres aux tentes en passant par les bonbonnes de gaz, c&rsquo;\u00e9tait pratique mais un peu sp\u00e9cial. Et du coup le pain s\u00e9chait et les l\u00e9gumes n&rsquo;\u00e9taient pas l\u00e9gion. Comme la plupart des explications de notre guide \u00e9taient peu claires et ses r\u00e9ponses souvent \u00e9vasives, et que nous nous sommes d&rsquo;ailleurs retrouv\u00e9es \u00e0 devoir improviser notre d\u00e9part, avec Isabel et une autre fille, celle-ci a fini par nous raconter une anecdote arriv\u00e9e \u00e0 une amie.<\/p>\n<figure id=\"attachment_597\" aria-describedby=\"caption-attachment-597\" style=\"width: 1000px\" class=\"wp-caption aligncenter\"><a href=\"https:\/\/i0.wp.com\/www.spang.ch\/aude\/wp-content\/uploads\/2017\/01\/IMG_1278.jpg\"><img loading=\"lazy\" decoding=\"async\" data-attachment-id=\"597\" data-permalink=\"http:\/\/www.spang.ch\/aude\/fr\/2017\/01\/peru-country-of-the-inca\/img_1278\/\" data-orig-file=\"https:\/\/i0.wp.com\/www.spang.ch\/aude\/wp-content\/uploads\/2017\/01\/IMG_1278.jpg?fit=4898%2C3265\" data-orig-size=\"4898,3265\" data-comments-opened=\"1\" data-image-meta=\"{&quot;aperture&quot;:&quot;0&quot;,&quot;credit&quot;:&quot;&quot;,&quot;camera&quot;:&quot;&quot;,&quot;caption&quot;:&quot;&quot;,&quot;created_timestamp&quot;:&quot;0&quot;,&quot;copyright&quot;:&quot;&quot;,&quot;focal_length&quot;:&quot;0&quot;,&quot;iso&quot;:&quot;0&quot;,&quot;shutter_speed&quot;:&quot;0&quot;,&quot;title&quot;:&quot;&quot;,&quot;orientation&quot;:&quot;0&quot;}\" data-image-title=\"img_1278\" data-image-description=\"\" data-image-caption=\"&lt;p&gt;Swiss-looking mountain&lt;\/p&gt;\n\" data-medium-file=\"https:\/\/i0.wp.com\/www.spang.ch\/aude\/wp-content\/uploads\/2017\/01\/IMG_1278.jpg?fit=300%2C200\" data-large-file=\"https:\/\/i0.wp.com\/www.spang.ch\/aude\/wp-content\/uploads\/2017\/01\/IMG_1278.jpg?fit=1000%2C667\" tabindex=\"0\" role=\"button\" class=\"wp-image-597 size-large\" src=\"https:\/\/i0.wp.com\/www.spang.ch\/aude\/wp-content\/uploads\/2017\/01\/IMG_1278.jpg?resize=1000%2C667\" width=\"1000\" height=\"667\" srcset=\"https:\/\/i0.wp.com\/www.spang.ch\/aude\/wp-content\/uploads\/2017\/01\/IMG_1278.jpg?resize=1024%2C683 1024w, https:\/\/i0.wp.com\/www.spang.ch\/aude\/wp-content\/uploads\/2017\/01\/IMG_1278.jpg?resize=300%2C200 300w, https:\/\/i0.wp.com\/www.spang.ch\/aude\/wp-content\/uploads\/2017\/01\/IMG_1278.jpg?resize=768%2C512 768w, https:\/\/i0.wp.com\/www.spang.ch\/aude\/wp-content\/uploads\/2017\/01\/IMG_1278.jpg?resize=960%2C640 960w, https:\/\/i0.wp.com\/www.spang.ch\/aude\/wp-content\/uploads\/2017\/01\/IMG_1278.jpg?resize=450%2C300 450w, https:\/\/i0.wp.com\/www.spang.ch\/aude\/wp-content\/uploads\/2017\/01\/IMG_1278.jpg?w=2000 2000w, https:\/\/i0.wp.com\/www.spang.ch\/aude\/wp-content\/uploads\/2017\/01\/IMG_1278.jpg?w=3000 3000w\" sizes=\"(max-width: 1000px) 100vw, 1000px\" data-recalc-dims=\"1\" \/><\/a><figcaption id=\"caption-attachment-597\" class=\"wp-caption-text\">Swiss-looking mountain<\/figcaption><\/figure>\n<figure id=\"attachment_560\" aria-describedby=\"caption-attachment-560\" style=\"width: 683px\" class=\"wp-caption aligncenter\"><a href=\"https:\/\/i0.wp.com\/www.spang.ch\/aude\/wp-content\/uploads\/2016\/12\/IMG_1342-e1483739629198.jpg\"><img loading=\"lazy\" decoding=\"async\" data-attachment-id=\"560\" data-permalink=\"http:\/\/www.spang.ch\/aude\/fr\/2017\/01\/peru-country-of-the-inca\/img_1342\/\" data-orig-file=\"https:\/\/i0.wp.com\/www.spang.ch\/aude\/wp-content\/uploads\/2016\/12\/IMG_1342-e1483739629198.jpg?fit=3456%2C5184\" data-orig-size=\"3456,5184\" data-comments-opened=\"1\" data-image-meta=\"{&quot;aperture&quot;:&quot;0&quot;,&quot;credit&quot;:&quot;&quot;,&quot;camera&quot;:&quot;&quot;,&quot;caption&quot;:&quot;&quot;,&quot;created_timestamp&quot;:&quot;0&quot;,&quot;copyright&quot;:&quot;&quot;,&quot;focal_length&quot;:&quot;0&quot;,&quot;iso&quot;:&quot;0&quot;,&quot;shutter_speed&quot;:&quot;0&quot;,&quot;title&quot;:&quot;&quot;,&quot;orientation&quot;:&quot;0&quot;}\" data-image-title=\"img_1342\" data-image-description=\"\" data-image-caption=\"&lt;p&gt;Santa Cruz pass&lt;\/p&gt;\n\" data-medium-file=\"https:\/\/i0.wp.com\/www.spang.ch\/aude\/wp-content\/uploads\/2016\/12\/IMG_1342-e1483739629198.jpg?fit=200%2C300\" data-large-file=\"https:\/\/i0.wp.com\/www.spang.ch\/aude\/wp-content\/uploads\/2016\/12\/IMG_1342-e1483739629198.jpg?fit=683%2C1024\" tabindex=\"0\" role=\"button\" class=\"wp-image-560 size-large\" src=\"https:\/\/i0.wp.com\/www.spang.ch\/aude\/wp-content\/uploads\/2016\/12\/IMG_1342-e1483739629198-683x1024.jpg?resize=683%2C1024\" width=\"683\" height=\"1024\" srcset=\"https:\/\/i0.wp.com\/www.spang.ch\/aude\/wp-content\/uploads\/2016\/12\/IMG_1342-e1483739629198.jpg?resize=683%2C1024 683w, https:\/\/i0.wp.com\/www.spang.ch\/aude\/wp-content\/uploads\/2016\/12\/IMG_1342-e1483739629198.jpg?resize=200%2C300 200w, https:\/\/i0.wp.com\/www.spang.ch\/aude\/wp-content\/uploads\/2016\/12\/IMG_1342-e1483739629198.jpg?resize=768%2C1152 768w, https:\/\/i0.wp.com\/www.spang.ch\/aude\/wp-content\/uploads\/2016\/12\/IMG_1342-e1483739629198.jpg?w=2000 2000w, https:\/\/i0.wp.com\/www.spang.ch\/aude\/wp-content\/uploads\/2016\/12\/IMG_1342-e1483739629198.jpg?w=3000 3000w\" sizes=\"(max-width: 683px) 100vw, 683px\" data-recalc-dims=\"1\" \/><\/a><figcaption id=\"caption-attachment-560\" class=\"wp-caption-text\">Santa Cruz pass<\/figcaption><\/figure>\n<p style=\"text-align: justify;\">Cette derni\u00e8re attendait un bus qui n&rsquo;arrivait pas, et elle a demand\u00e9 \u00e0 un vieillard qui \u00e9tait dans le coin si le bus allait passer. R\u00e9ponse de celui-ci: \u00ab\u00a0Au P\u00e9rou, tout est possible, rien n&rsquo;est certain\u00a0\u00bb. Nous avons imm\u00e9diatement fait de cette citation le slogan de notre trek Santa Cruz! Ces trois jours furent cependant une vraiment chouette exp\u00e9rience, et, comme souvent, les gens avec qui elle a \u00e9t\u00e9 v\u00e9cue ont contribu\u00e9 au ressenti g\u00e9n\u00e9ral. Isabel bien s\u00fbr, Gerardo le mexicain, deux bretons ou encore\u00a0un couple d&rsquo;Espagnols physioth\u00e9rapeutes, Pablo et Patricia, qui baroudent depuis longtemps, toutes ces rencontres font beaucoup voyager. Au terme de mon voyage j&rsquo;aurai visit\u00e9 bien plus que les pays dont j&rsquo;aurai travers\u00e9 les fronti\u00e8res, parce qu&rsquo;\u00e0 force de discussions et de gens qui me parlent de la politique, l&rsquo;histoire ou des paysages de leur pays j&rsquo;aurai vraiment beaucoup d\u00e9couvert, j&rsquo;adore \u00e7a. Et puis j&rsquo;adore entendre des histoires de vie diff\u00e9rentes, pour encore et toujours me confronter \u00e0 mes choix et tout remettre en question.<\/p>\n<figure id=\"attachment_598\" aria-describedby=\"caption-attachment-598\" style=\"width: 683px\" class=\"wp-caption aligncenter\"><a href=\"https:\/\/i0.wp.com\/www.spang.ch\/aude\/wp-content\/uploads\/2017\/01\/IMG_1418-e1483742019760.jpg\"><img loading=\"lazy\" decoding=\"async\" data-attachment-id=\"598\" data-permalink=\"http:\/\/www.spang.ch\/aude\/fr\/2017\/01\/peru-country-of-the-inca\/img_1418\/\" data-orig-file=\"https:\/\/i0.wp.com\/www.spang.ch\/aude\/wp-content\/uploads\/2017\/01\/IMG_1418-e1483742019760.jpg?fit=3265%2C4898\" data-orig-size=\"3265,4898\" data-comments-opened=\"1\" data-image-meta=\"{&quot;aperture&quot;:&quot;0&quot;,&quot;credit&quot;:&quot;&quot;,&quot;camera&quot;:&quot;&quot;,&quot;caption&quot;:&quot;&quot;,&quot;created_timestamp&quot;:&quot;0&quot;,&quot;copyright&quot;:&quot;&quot;,&quot;focal_length&quot;:&quot;0&quot;,&quot;iso&quot;:&quot;0&quot;,&quot;shutter_speed&quot;:&quot;0&quot;,&quot;title&quot;:&quot;&quot;,&quot;orientation&quot;:&quot;0&quot;}\" data-image-title=\"img_1418\" data-image-description=\"\" data-image-caption=\"&lt;p&gt;The \u00ab\u00a0Paramount Picture Corporation\u00a0\u00bb mountain&lt;\/p&gt;\n\" data-medium-file=\"https:\/\/i0.wp.com\/www.spang.ch\/aude\/wp-content\/uploads\/2017\/01\/IMG_1418-e1483742019760.jpg?fit=200%2C300\" data-large-file=\"https:\/\/i0.wp.com\/www.spang.ch\/aude\/wp-content\/uploads\/2017\/01\/IMG_1418-e1483742019760.jpg?fit=683%2C1024\" tabindex=\"0\" role=\"button\" class=\"wp-image-598 size-large\" src=\"https:\/\/i0.wp.com\/www.spang.ch\/aude\/wp-content\/uploads\/2017\/01\/IMG_1418-e1483742019760-683x1024.jpg?resize=683%2C1024\" width=\"683\" height=\"1024\" srcset=\"https:\/\/i0.wp.com\/www.spang.ch\/aude\/wp-content\/uploads\/2017\/01\/IMG_1418-e1483742019760.jpg?resize=683%2C1024 683w, https:\/\/i0.wp.com\/www.spang.ch\/aude\/wp-content\/uploads\/2017\/01\/IMG_1418-e1483742019760.jpg?resize=200%2C300 200w, https:\/\/i0.wp.com\/www.spang.ch\/aude\/wp-content\/uploads\/2017\/01\/IMG_1418-e1483742019760.jpg?resize=768%2C1152 768w, https:\/\/i0.wp.com\/www.spang.ch\/aude\/wp-content\/uploads\/2017\/01\/IMG_1418-e1483742019760.jpg?w=2000 2000w, https:\/\/i0.wp.com\/www.spang.ch\/aude\/wp-content\/uploads\/2017\/01\/IMG_1418-e1483742019760.jpg?w=3000 3000w\" sizes=\"(max-width: 683px) 100vw, 683px\" data-recalc-dims=\"1\" \/><\/a><figcaption id=\"caption-attachment-598\" class=\"wp-caption-text\">The \u00ab\u00a0Paramount Picture Corporation\u00a0\u00bb mountain<\/figcaption><\/figure>\n<figure id=\"attachment_567\" aria-describedby=\"caption-attachment-567\" style=\"width: 1000px\" class=\"wp-caption aligncenter\"><a href=\"https:\/\/i0.wp.com\/www.spang.ch\/aude\/wp-content\/uploads\/2016\/12\/IMG_1699.jpg\"><img loading=\"lazy\" decoding=\"async\" data-attachment-id=\"567\" data-permalink=\"http:\/\/www.spang.ch\/aude\/fr\/2017\/01\/peru-country-of-the-inca\/img_1699\/\" data-orig-file=\"https:\/\/i0.wp.com\/www.spang.ch\/aude\/wp-content\/uploads\/2016\/12\/IMG_1699.jpg?fit=5184%2C3456\" data-orig-size=\"5184,3456\" data-comments-opened=\"1\" data-image-meta=\"{&quot;aperture&quot;:&quot;0&quot;,&quot;credit&quot;:&quot;&quot;,&quot;camera&quot;:&quot;&quot;,&quot;caption&quot;:&quot;&quot;,&quot;created_timestamp&quot;:&quot;0&quot;,&quot;copyright&quot;:&quot;&quot;,&quot;focal_length&quot;:&quot;0&quot;,&quot;iso&quot;:&quot;0&quot;,&quot;shutter_speed&quot;:&quot;0&quot;,&quot;title&quot;:&quot;&quot;,&quot;orientation&quot;:&quot;0&quot;}\" data-image-title=\"img_1699\" data-image-description=\"\" data-image-caption=\"&lt;p&gt;Swiss-like Andes, Santa Cruz&lt;\/p&gt;\n\" data-medium-file=\"https:\/\/i0.wp.com\/www.spang.ch\/aude\/wp-content\/uploads\/2016\/12\/IMG_1699.jpg?fit=300%2C200\" data-large-file=\"https:\/\/i0.wp.com\/www.spang.ch\/aude\/wp-content\/uploads\/2016\/12\/IMG_1699.jpg?fit=1000%2C667\" tabindex=\"0\" role=\"button\" class=\"wp-image-567 size-large\" src=\"https:\/\/i0.wp.com\/www.spang.ch\/aude\/wp-content\/uploads\/2016\/12\/IMG_1699.jpg?resize=1000%2C667\" width=\"1000\" height=\"667\" srcset=\"https:\/\/i0.wp.com\/www.spang.ch\/aude\/wp-content\/uploads\/2016\/12\/IMG_1699.jpg?resize=1024%2C683 1024w, https:\/\/i0.wp.com\/www.spang.ch\/aude\/wp-content\/uploads\/2016\/12\/IMG_1699.jpg?resize=300%2C200 300w, https:\/\/i0.wp.com\/www.spang.ch\/aude\/wp-content\/uploads\/2016\/12\/IMG_1699.jpg?resize=768%2C512 768w, https:\/\/i0.wp.com\/www.spang.ch\/aude\/wp-content\/uploads\/2016\/12\/IMG_1699.jpg?resize=960%2C640 960w, https:\/\/i0.wp.com\/www.spang.ch\/aude\/wp-content\/uploads\/2016\/12\/IMG_1699.jpg?resize=450%2C300 450w, https:\/\/i0.wp.com\/www.spang.ch\/aude\/wp-content\/uploads\/2016\/12\/IMG_1699.jpg?w=2000 2000w, https:\/\/i0.wp.com\/www.spang.ch\/aude\/wp-content\/uploads\/2016\/12\/IMG_1699.jpg?w=3000 3000w\" sizes=\"(max-width: 1000px) 100vw, 1000px\" data-recalc-dims=\"1\" \/><\/a><figcaption id=\"caption-attachment-567\" class=\"wp-caption-text\">Swiss-like Andes, Santa Cruz<\/figcaption><\/figure>\n<p style=\"text-align: justify;\">Apr\u00e8s Huaraz et ses sommets enneig\u00e9s au centre du pays, j&rsquo;ai salu\u00e9 Isabel qui rentrait pour les f\u00eates et suis partie pour un long voyage en bus de pr\u00e8s de deux jours m&rsquo;amenant \u00e0 Cusco en passant par Lima mais sans m&rsquo;y arr\u00eater pour sa gastronomie continentalement connue. C&rsquo;\u00e9tait ma derni\u00e8re \u00e9tape p\u00e9ruvienne, et je comptais bien en tirer le maximum: un trek de 5 jours se terminant au Machu Picchu (\u00e0 prononcer \u00ab\u00a0matchou pikchou\u00a0\u00bb, signifiant vieille montagne en quechua, nom ne datant pas de l&rsquo;\u00e9poque inca). Pas de vall\u00e9e sacr\u00e9e, pas de montagne arc-en-ciel, ni de visite \u00e0 Arequipa au pied de son volcan ou au parc national Manu en Amazonie. Pas le temps. Peut-\u00eatre que je reviendrai une autre fois. J&rsquo;ai pu conna\u00eetre un peu Cusco, la ville inca, El Cusco en espagnol ou Qosqo en quechua, signifiant \u00ab\u00a0le nombril du monde\u00a0\u00bb. Nombre des rues et maisons du centre-ville ont \u00e9t\u00e9 b\u00e2ties \u00e0 partir des r\u00e9sidences inca, Cusco \u00e9tant \u00e0 l&rsquo;\u00e9pisode la capitale de leur empire. On reconna\u00eet l&rsquo;architecture inca \u00e0 ses grosses pierres parfaitement imbriqu\u00e9es, \u00e0 ses murs \u00e9pais et inclin\u00e9s afin d&rsquo;\u00eatre antisismiques. La ville en elle-m\u00eame est assez charmante, un peu coloniale et color\u00e9e, pleine d&rsquo;histoires, elle m&rsquo;a beaucoup plu.<\/p>\n<figure id=\"attachment_562\" aria-describedby=\"caption-attachment-562\" style=\"width: 1000px\" class=\"wp-caption aligncenter\"><a href=\"https:\/\/i0.wp.com\/www.spang.ch\/aude\/wp-content\/uploads\/2016\/12\/IMG_1496.jpg\"><img loading=\"lazy\" decoding=\"async\" data-attachment-id=\"562\" data-permalink=\"http:\/\/www.spang.ch\/aude\/fr\/2017\/01\/peru-country-of-the-inca\/img_1496\/\" data-orig-file=\"https:\/\/i0.wp.com\/www.spang.ch\/aude\/wp-content\/uploads\/2016\/12\/IMG_1496.jpg?fit=5184%2C3456\" data-orig-size=\"5184,3456\" data-comments-opened=\"1\" data-image-meta=\"{&quot;aperture&quot;:&quot;0&quot;,&quot;credit&quot;:&quot;&quot;,&quot;camera&quot;:&quot;&quot;,&quot;caption&quot;:&quot;&quot;,&quot;created_timestamp&quot;:&quot;0&quot;,&quot;copyright&quot;:&quot;&quot;,&quot;focal_length&quot;:&quot;0&quot;,&quot;iso&quot;:&quot;0&quot;,&quot;shutter_speed&quot;:&quot;0&quot;,&quot;title&quot;:&quot;&quot;,&quot;orientation&quot;:&quot;0&quot;}\" data-image-title=\"img_1496\" data-image-description=\"\" data-image-caption=\"&lt;p&gt;Vote for Acu\u00f1a&lt;\/p&gt;\n\" data-medium-file=\"https:\/\/i0.wp.com\/www.spang.ch\/aude\/wp-content\/uploads\/2016\/12\/IMG_1496.jpg?fit=300%2C200\" data-large-file=\"https:\/\/i0.wp.com\/www.spang.ch\/aude\/wp-content\/uploads\/2016\/12\/IMG_1496.jpg?fit=1000%2C667\" tabindex=\"0\" role=\"button\" class=\"wp-image-562 size-large\" src=\"https:\/\/i0.wp.com\/www.spang.ch\/aude\/wp-content\/uploads\/2016\/12\/IMG_1496.jpg?resize=1000%2C667\" width=\"1000\" height=\"667\" srcset=\"https:\/\/i0.wp.com\/www.spang.ch\/aude\/wp-content\/uploads\/2016\/12\/IMG_1496.jpg?resize=1024%2C683 1024w, https:\/\/i0.wp.com\/www.spang.ch\/aude\/wp-content\/uploads\/2016\/12\/IMG_1496.jpg?resize=300%2C200 300w, https:\/\/i0.wp.com\/www.spang.ch\/aude\/wp-content\/uploads\/2016\/12\/IMG_1496.jpg?resize=768%2C512 768w, https:\/\/i0.wp.com\/www.spang.ch\/aude\/wp-content\/uploads\/2016\/12\/IMG_1496.jpg?resize=960%2C640 960w, https:\/\/i0.wp.com\/www.spang.ch\/aude\/wp-content\/uploads\/2016\/12\/IMG_1496.jpg?resize=450%2C300 450w, https:\/\/i0.wp.com\/www.spang.ch\/aude\/wp-content\/uploads\/2016\/12\/IMG_1496.jpg?w=2000 2000w, https:\/\/i0.wp.com\/www.spang.ch\/aude\/wp-content\/uploads\/2016\/12\/IMG_1496.jpg?w=3000 3000w\" sizes=\"(max-width: 1000px) 100vw, 1000px\" data-recalc-dims=\"1\" \/><\/a><figcaption id=\"caption-attachment-562\" class=\"wp-caption-text\">Vote for Acu\u00f1a<\/figcaption><\/figure>\n<figure id=\"attachment_564\" aria-describedby=\"caption-attachment-564\" style=\"width: 1000px\" class=\"wp-caption aligncenter\"><a href=\"https:\/\/i0.wp.com\/www.spang.ch\/aude\/wp-content\/uploads\/2016\/12\/IMG_1571.jpg\"><img loading=\"lazy\" decoding=\"async\" data-attachment-id=\"564\" data-permalink=\"http:\/\/www.spang.ch\/aude\/fr\/2017\/01\/peru-country-of-the-inca\/img_1571\/\" data-orig-file=\"https:\/\/i0.wp.com\/www.spang.ch\/aude\/wp-content\/uploads\/2016\/12\/IMG_1571.jpg?fit=5184%2C3456\" data-orig-size=\"5184,3456\" data-comments-opened=\"1\" data-image-meta=\"{&quot;aperture&quot;:&quot;0&quot;,&quot;credit&quot;:&quot;&quot;,&quot;camera&quot;:&quot;&quot;,&quot;caption&quot;:&quot;&quot;,&quot;created_timestamp&quot;:&quot;0&quot;,&quot;copyright&quot;:&quot;&quot;,&quot;focal_length&quot;:&quot;0&quot;,&quot;iso&quot;:&quot;0&quot;,&quot;shutter_speed&quot;:&quot;0&quot;,&quot;title&quot;:&quot;&quot;,&quot;orientation&quot;:&quot;0&quot;}\" data-image-title=\"img_1571\" data-image-description=\"\" data-image-caption=\"&lt;p&gt;Cusco&lt;\/p&gt;\n\" data-medium-file=\"https:\/\/i0.wp.com\/www.spang.ch\/aude\/wp-content\/uploads\/2016\/12\/IMG_1571.jpg?fit=300%2C200\" data-large-file=\"https:\/\/i0.wp.com\/www.spang.ch\/aude\/wp-content\/uploads\/2016\/12\/IMG_1571.jpg?fit=1000%2C667\" tabindex=\"0\" role=\"button\" class=\"wp-image-564 size-large\" src=\"https:\/\/i0.wp.com\/www.spang.ch\/aude\/wp-content\/uploads\/2016\/12\/IMG_1571.jpg?resize=1000%2C667\" width=\"1000\" height=\"667\" srcset=\"https:\/\/i0.wp.com\/www.spang.ch\/aude\/wp-content\/uploads\/2016\/12\/IMG_1571.jpg?resize=1024%2C683 1024w, https:\/\/i0.wp.com\/www.spang.ch\/aude\/wp-content\/uploads\/2016\/12\/IMG_1571.jpg?resize=300%2C200 300w, https:\/\/i0.wp.com\/www.spang.ch\/aude\/wp-content\/uploads\/2016\/12\/IMG_1571.jpg?resize=768%2C512 768w, https:\/\/i0.wp.com\/www.spang.ch\/aude\/wp-content\/uploads\/2016\/12\/IMG_1571.jpg?resize=960%2C640 960w, https:\/\/i0.wp.com\/www.spang.ch\/aude\/wp-content\/uploads\/2016\/12\/IMG_1571.jpg?resize=450%2C300 450w, https:\/\/i0.wp.com\/www.spang.ch\/aude\/wp-content\/uploads\/2016\/12\/IMG_1571.jpg?w=2000 2000w, https:\/\/i0.wp.com\/www.spang.ch\/aude\/wp-content\/uploads\/2016\/12\/IMG_1571.jpg?w=3000 3000w\" sizes=\"(max-width: 1000px) 100vw, 1000px\" data-recalc-dims=\"1\" \/><\/a><figcaption id=\"caption-attachment-564\" class=\"wp-caption-text\">Cusco<\/figcaption><\/figure>\n<figure id=\"attachment_563\" aria-describedby=\"caption-attachment-563\" style=\"width: 1000px\" class=\"wp-caption aligncenter\"><a href=\"https:\/\/i0.wp.com\/www.spang.ch\/aude\/wp-content\/uploads\/2016\/12\/IMG_1530.jpg\"><img loading=\"lazy\" decoding=\"async\" data-attachment-id=\"563\" data-permalink=\"http:\/\/www.spang.ch\/aude\/fr\/2017\/01\/peru-country-of-the-inca\/img_1530\/\" data-orig-file=\"https:\/\/i0.wp.com\/www.spang.ch\/aude\/wp-content\/uploads\/2016\/12\/IMG_1530.jpg?fit=5184%2C3456\" data-orig-size=\"5184,3456\" data-comments-opened=\"1\" data-image-meta=\"{&quot;aperture&quot;:&quot;0&quot;,&quot;credit&quot;:&quot;&quot;,&quot;camera&quot;:&quot;&quot;,&quot;caption&quot;:&quot;&quot;,&quot;created_timestamp&quot;:&quot;0&quot;,&quot;copyright&quot;:&quot;&quot;,&quot;focal_length&quot;:&quot;0&quot;,&quot;iso&quot;:&quot;0&quot;,&quot;shutter_speed&quot;:&quot;0&quot;,&quot;title&quot;:&quot;&quot;,&quot;orientation&quot;:&quot;0&quot;}\" data-image-title=\"img_1530\" data-image-description=\"\" data-image-caption=\"&lt;p&gt;Cusco&lt;\/p&gt;\n\" data-medium-file=\"https:\/\/i0.wp.com\/www.spang.ch\/aude\/wp-content\/uploads\/2016\/12\/IMG_1530.jpg?fit=300%2C200\" data-large-file=\"https:\/\/i0.wp.com\/www.spang.ch\/aude\/wp-content\/uploads\/2016\/12\/IMG_1530.jpg?fit=1000%2C667\" tabindex=\"0\" role=\"button\" class=\"wp-image-563 size-large\" src=\"https:\/\/i0.wp.com\/www.spang.ch\/aude\/wp-content\/uploads\/2016\/12\/IMG_1530.jpg?resize=1000%2C667\" width=\"1000\" height=\"667\" srcset=\"https:\/\/i0.wp.com\/www.spang.ch\/aude\/wp-content\/uploads\/2016\/12\/IMG_1530.jpg?resize=1024%2C683 1024w, https:\/\/i0.wp.com\/www.spang.ch\/aude\/wp-content\/uploads\/2016\/12\/IMG_1530.jpg?resize=300%2C200 300w, https:\/\/i0.wp.com\/www.spang.ch\/aude\/wp-content\/uploads\/2016\/12\/IMG_1530.jpg?resize=768%2C512 768w, https:\/\/i0.wp.com\/www.spang.ch\/aude\/wp-content\/uploads\/2016\/12\/IMG_1530.jpg?resize=960%2C640 960w, https:\/\/i0.wp.com\/www.spang.ch\/aude\/wp-content\/uploads\/2016\/12\/IMG_1530.jpg?resize=450%2C300 450w, https:\/\/i0.wp.com\/www.spang.ch\/aude\/wp-content\/uploads\/2016\/12\/IMG_1530.jpg?w=2000 2000w, https:\/\/i0.wp.com\/www.spang.ch\/aude\/wp-content\/uploads\/2016\/12\/IMG_1530.jpg?w=3000 3000w\" sizes=\"(max-width: 1000px) 100vw, 1000px\" data-recalc-dims=\"1\" \/><\/a><figcaption id=\"caption-attachment-563\" class=\"wp-caption-text\">Cusco<\/figcaption><\/figure>\n<p style=\"text-align: justify;\">Pour le trek il fallut partir t\u00f4t le matin pour quelques heures de route, puis la marche commen\u00e7a, le chemin Salkantay, de la montagne du m\u00eame nom. Les deux premiers jours furent absolument superbes. Pure montagne, avec en compl\u00e9ment l&rsquo;ascension d&rsquo;une colline menant \u00e0 l&rsquo;un des plus beaux lacs qu&rsquo;il m&rsquo;ait \u00e9t\u00e9 donn\u00e9 de voir dans ma vie! Le passage du col fut aussi une sacr\u00e9e exp\u00e9rience, parce que j&rsquo;ai march\u00e9 pendant plus de 2h sans m&rsquo;arr\u00eater pour passer de 4150m \u00e0 4600m, un beau d\u00e9fi. Comme durant la plupart de mon voyage, nous avons eu pas mal de chance avec le temps, car malgr\u00e9 la saison des pluies il ne nous a pas vraiment plu dessus mais nous avons par contre eu droit \u00e0 de splendides paysages nuageux. Niveau confort, par contre, rien \u00e0 voir avec le trek pr\u00e9c\u00e9dent! Nos tentes \u00e9taient \u00e0 chaque fois install\u00e9es dans des esp\u00e8ces de villages de camping, prot\u00e9g\u00e9es par de vrais toits, et nos repas cuisin\u00e9s par un pro, avec le pop-corn de 17h et un vrai petit festin le dernier jour (avec notamment du ceviche frais et du guacamole). Pas vraiment l&rsquo;impression d&rsquo;\u00eatre \u00e0 l&rsquo;aventure dans la nature sur ce coup-l\u00e0! L&rsquo;impression s&rsquo;est prolong\u00e9e lors des jours 3 et 4, qui sont plus organis\u00e9s pour encourager les touristes \u00e0 payer pour des activit\u00e9s suppl\u00e9mentaires (des bains thermaux naturels un jour et un parcours de tyrolienne le lendemain): les parcours sont \u00e0 plat dans des paysages sans int\u00e9r\u00eat. Mais ce n&rsquo;est pas si grave, on passait tout de m\u00eame la journ\u00e9e ensemble avec l&rsquo;\u00e9quipe du trek et on passait de super moments. Et puis est arriv\u00e9 le dernier jour, celui de la visite tant attendue au magique Machu Picchu!<\/p>\n<figure id=\"attachment_568\" aria-describedby=\"caption-attachment-568\" style=\"width: 1000px\" class=\"wp-caption aligncenter\"><a href=\"https:\/\/i0.wp.com\/www.spang.ch\/aude\/wp-content\/uploads\/2016\/12\/IMG_1716.jpg\"><img loading=\"lazy\" decoding=\"async\" data-attachment-id=\"568\" data-permalink=\"http:\/\/www.spang.ch\/aude\/fr\/2017\/01\/peru-country-of-the-inca\/img_1716\/\" data-orig-file=\"https:\/\/i0.wp.com\/www.spang.ch\/aude\/wp-content\/uploads\/2016\/12\/IMG_1716.jpg?fit=5184%2C3456\" data-orig-size=\"5184,3456\" data-comments-opened=\"1\" data-image-meta=\"{&quot;aperture&quot;:&quot;0&quot;,&quot;credit&quot;:&quot;&quot;,&quot;camera&quot;:&quot;&quot;,&quot;caption&quot;:&quot;&quot;,&quot;created_timestamp&quot;:&quot;0&quot;,&quot;copyright&quot;:&quot;&quot;,&quot;focal_length&quot;:&quot;0&quot;,&quot;iso&quot;:&quot;0&quot;,&quot;shutter_speed&quot;:&quot;0&quot;,&quot;title&quot;:&quot;&quot;,&quot;orientation&quot;:&quot;0&quot;}\" data-image-title=\"img_1716\" data-image-description=\"\" data-image-caption=\"&lt;p&gt;Salkantay&lt;\/p&gt;\n\" data-medium-file=\"https:\/\/i0.wp.com\/www.spang.ch\/aude\/wp-content\/uploads\/2016\/12\/IMG_1716.jpg?fit=300%2C200\" data-large-file=\"https:\/\/i0.wp.com\/www.spang.ch\/aude\/wp-content\/uploads\/2016\/12\/IMG_1716.jpg?fit=1000%2C667\" tabindex=\"0\" role=\"button\" class=\"wp-image-568 size-large\" src=\"https:\/\/i0.wp.com\/www.spang.ch\/aude\/wp-content\/uploads\/2016\/12\/IMG_1716.jpg?resize=1000%2C667\" width=\"1000\" height=\"667\" srcset=\"https:\/\/i0.wp.com\/www.spang.ch\/aude\/wp-content\/uploads\/2016\/12\/IMG_1716.jpg?resize=1024%2C683 1024w, https:\/\/i0.wp.com\/www.spang.ch\/aude\/wp-content\/uploads\/2016\/12\/IMG_1716.jpg?resize=300%2C200 300w, https:\/\/i0.wp.com\/www.spang.ch\/aude\/wp-content\/uploads\/2016\/12\/IMG_1716.jpg?resize=768%2C512 768w, https:\/\/i0.wp.com\/www.spang.ch\/aude\/wp-content\/uploads\/2016\/12\/IMG_1716.jpg?resize=960%2C640 960w, https:\/\/i0.wp.com\/www.spang.ch\/aude\/wp-content\/uploads\/2016\/12\/IMG_1716.jpg?resize=450%2C300 450w, https:\/\/i0.wp.com\/www.spang.ch\/aude\/wp-content\/uploads\/2016\/12\/IMG_1716.jpg?w=2000 2000w, https:\/\/i0.wp.com\/www.spang.ch\/aude\/wp-content\/uploads\/2016\/12\/IMG_1716.jpg?w=3000 3000w\" sizes=\"(max-width: 1000px) 100vw, 1000px\" data-recalc-dims=\"1\" \/><\/a><figcaption id=\"caption-attachment-568\" class=\"wp-caption-text\">Salkantay<\/figcaption><\/figure>\n<figure id=\"attachment_602\" aria-describedby=\"caption-attachment-602\" style=\"width: 1000px\" class=\"wp-caption aligncenter\"><a href=\"https:\/\/i0.wp.com\/www.spang.ch\/aude\/wp-content\/uploads\/2017\/01\/IMG_1859.jpg\"><img loading=\"lazy\" decoding=\"async\" data-attachment-id=\"602\" data-permalink=\"http:\/\/www.spang.ch\/aude\/fr\/2017\/01\/peru-country-of-the-inca\/img_1859\/\" data-orig-file=\"https:\/\/i0.wp.com\/www.spang.ch\/aude\/wp-content\/uploads\/2017\/01\/IMG_1859.jpg?fit=4898%2C3265\" data-orig-size=\"4898,3265\" data-comments-opened=\"1\" data-image-meta=\"{&quot;aperture&quot;:&quot;0&quot;,&quot;credit&quot;:&quot;&quot;,&quot;camera&quot;:&quot;&quot;,&quot;caption&quot;:&quot;&quot;,&quot;created_timestamp&quot;:&quot;0&quot;,&quot;copyright&quot;:&quot;&quot;,&quot;focal_length&quot;:&quot;0&quot;,&quot;iso&quot;:&quot;0&quot;,&quot;shutter_speed&quot;:&quot;0&quot;,&quot;title&quot;:&quot;&quot;,&quot;orientation&quot;:&quot;0&quot;}\" data-image-title=\"img_1859\" data-image-description=\"\" data-image-caption=\"&lt;p&gt;Aguas Calientes&lt;\/p&gt;\n\" data-medium-file=\"https:\/\/i0.wp.com\/www.spang.ch\/aude\/wp-content\/uploads\/2017\/01\/IMG_1859.jpg?fit=300%2C200\" data-large-file=\"https:\/\/i0.wp.com\/www.spang.ch\/aude\/wp-content\/uploads\/2017\/01\/IMG_1859.jpg?fit=1000%2C667\" tabindex=\"0\" role=\"button\" class=\"wp-image-602 size-large\" src=\"https:\/\/i0.wp.com\/www.spang.ch\/aude\/wp-content\/uploads\/2017\/01\/IMG_1859.jpg?resize=1000%2C667\" width=\"1000\" height=\"667\" srcset=\"https:\/\/i0.wp.com\/www.spang.ch\/aude\/wp-content\/uploads\/2017\/01\/IMG_1859.jpg?resize=1024%2C683 1024w, https:\/\/i0.wp.com\/www.spang.ch\/aude\/wp-content\/uploads\/2017\/01\/IMG_1859.jpg?resize=300%2C200 300w, https:\/\/i0.wp.com\/www.spang.ch\/aude\/wp-content\/uploads\/2017\/01\/IMG_1859.jpg?resize=768%2C512 768w, https:\/\/i0.wp.com\/www.spang.ch\/aude\/wp-content\/uploads\/2017\/01\/IMG_1859.jpg?resize=960%2C640 960w, https:\/\/i0.wp.com\/www.spang.ch\/aude\/wp-content\/uploads\/2017\/01\/IMG_1859.jpg?resize=450%2C300 450w, https:\/\/i0.wp.com\/www.spang.ch\/aude\/wp-content\/uploads\/2017\/01\/IMG_1859.jpg?w=2000 2000w, https:\/\/i0.wp.com\/www.spang.ch\/aude\/wp-content\/uploads\/2017\/01\/IMG_1859.jpg?w=3000 3000w\" sizes=\"(max-width: 1000px) 100vw, 1000px\" data-recalc-dims=\"1\" \/><\/a><figcaption id=\"caption-attachment-602\" class=\"wp-caption-text\">Aguas Calientes<\/figcaption><\/figure>\n<p style=\"text-align: justify;\">La veille on a carr\u00e9ment dormi \u00e0 l&rsquo;h\u00f4tel dans le joli petit village d&rsquo;Aguas Calientes, atteint en marchant le long des rails du train, seule v\u00e9hicule qui y arrive (et le trajet vaut environ 80$! \u00e7a explique pourquoi on marche). La nuit n&rsquo;a pas \u00e9t\u00e9 longue, car il faut se r\u00e9veiller \u00e0 3h30 et partir \u00e0 4h pour arriver assez t\u00f4t devant la porte au pied de la montagne. Beaucoup de ceux qui montent \u00e0 la ville sacr\u00e9e \u00e0 pieds viennent faire la queue aussi t\u00f4t pour tenter d&rsquo;arriver les premiers aux ruines inca et avoir droit \u00e0 une vue sans touristes! La porte du bas ouvre \u00e0 5h et celle d&rsquo;en haut la montagne \u00e0 6h, soit plus ou moins quand les premiers bus am\u00e8nent les touristes qui ne marchent pas. Le but est de faire une esp\u00e8ce de course contre ces bus et contre les autres marcheurs pour \u00eatre premiers dans la file d&rsquo;attente de la porte du haut. C&rsquo;est donc ce que nous avons fait, et il me fallut personnellement 38 min de lutte contre moi-m\u00eame, de transpiration et d&rsquo;effort \u00e0 chaque marche de l&rsquo;escalier de 500m de d\u00e9nivellation pour ne pas m&rsquo;arr\u00eater et faire une pause. Une dizaine de gars sont tout de m\u00eame arriv\u00e9s avant moi, mais je suis assez satisfaite par cette performance, qu&rsquo;il y a quelques ann\u00e9es je n&rsquo;aurais pas m\u00eame pu imaginer \u00eatre capable de r\u00e9aliser.<\/p>\n<figure id=\"attachment_571\" aria-describedby=\"caption-attachment-571\" style=\"width: 1000px\" class=\"wp-caption aligncenter\"><a href=\"https:\/\/i0.wp.com\/www.spang.ch\/aude\/wp-content\/uploads\/2016\/12\/IMG_1838.jpg\"><img loading=\"lazy\" decoding=\"async\" data-attachment-id=\"571\" data-permalink=\"http:\/\/www.spang.ch\/aude\/fr\/2017\/01\/peru-country-of-the-inca\/img_1838\/\" data-orig-file=\"https:\/\/i0.wp.com\/www.spang.ch\/aude\/wp-content\/uploads\/2016\/12\/IMG_1838.jpg?fit=5184%2C3456\" data-orig-size=\"5184,3456\" data-comments-opened=\"1\" data-image-meta=\"{&quot;aperture&quot;:&quot;0&quot;,&quot;credit&quot;:&quot;&quot;,&quot;camera&quot;:&quot;&quot;,&quot;caption&quot;:&quot;&quot;,&quot;created_timestamp&quot;:&quot;0&quot;,&quot;copyright&quot;:&quot;&quot;,&quot;focal_length&quot;:&quot;0&quot;,&quot;iso&quot;:&quot;0&quot;,&quot;shutter_speed&quot;:&quot;0&quot;,&quot;title&quot;:&quot;&quot;,&quot;orientation&quot;:&quot;0&quot;}\" data-image-title=\"img_1838\" data-image-description=\"\" data-image-caption=\"&lt;p&gt;Salkantay&lt;\/p&gt;\n\" data-medium-file=\"https:\/\/i0.wp.com\/www.spang.ch\/aude\/wp-content\/uploads\/2016\/12\/IMG_1838.jpg?fit=300%2C200\" data-large-file=\"https:\/\/i0.wp.com\/www.spang.ch\/aude\/wp-content\/uploads\/2016\/12\/IMG_1838.jpg?fit=1000%2C667\" tabindex=\"0\" role=\"button\" class=\"wp-image-571 size-large\" src=\"https:\/\/i0.wp.com\/www.spang.ch\/aude\/wp-content\/uploads\/2016\/12\/IMG_1838.jpg?resize=1000%2C667\" width=\"1000\" height=\"667\" srcset=\"https:\/\/i0.wp.com\/www.spang.ch\/aude\/wp-content\/uploads\/2016\/12\/IMG_1838.jpg?resize=1024%2C683 1024w, https:\/\/i0.wp.com\/www.spang.ch\/aude\/wp-content\/uploads\/2016\/12\/IMG_1838.jpg?resize=300%2C200 300w, https:\/\/i0.wp.com\/www.spang.ch\/aude\/wp-content\/uploads\/2016\/12\/IMG_1838.jpg?resize=768%2C512 768w, https:\/\/i0.wp.com\/www.spang.ch\/aude\/wp-content\/uploads\/2016\/12\/IMG_1838.jpg?resize=960%2C640 960w, https:\/\/i0.wp.com\/www.spang.ch\/aude\/wp-content\/uploads\/2016\/12\/IMG_1838.jpg?resize=450%2C300 450w, https:\/\/i0.wp.com\/www.spang.ch\/aude\/wp-content\/uploads\/2016\/12\/IMG_1838.jpg?w=2000 2000w, https:\/\/i0.wp.com\/www.spang.ch\/aude\/wp-content\/uploads\/2016\/12\/IMG_1838.jpg?w=3000 3000w\" sizes=\"(max-width: 1000px) 100vw, 1000px\" data-recalc-dims=\"1\" \/><\/a><figcaption id=\"caption-attachment-571\" class=\"wp-caption-text\">Salkantay<\/figcaption><\/figure>\n<figure id=\"attachment_566\" aria-describedby=\"caption-attachment-566\" style=\"width: 1000px\" class=\"wp-caption aligncenter\"><a href=\"https:\/\/i0.wp.com\/www.spang.ch\/aude\/wp-content\/uploads\/2016\/12\/IMG_1660.jpg\"><img loading=\"lazy\" decoding=\"async\" data-attachment-id=\"566\" data-permalink=\"http:\/\/www.spang.ch\/aude\/fr\/2017\/01\/peru-country-of-the-inca\/img_1660\/\" data-orig-file=\"https:\/\/i0.wp.com\/www.spang.ch\/aude\/wp-content\/uploads\/2016\/12\/IMG_1660.jpg?fit=5184%2C3456\" data-orig-size=\"5184,3456\" data-comments-opened=\"1\" data-image-meta=\"{&quot;aperture&quot;:&quot;0&quot;,&quot;credit&quot;:&quot;&quot;,&quot;camera&quot;:&quot;&quot;,&quot;caption&quot;:&quot;&quot;,&quot;created_timestamp&quot;:&quot;0&quot;,&quot;copyright&quot;:&quot;&quot;,&quot;focal_length&quot;:&quot;0&quot;,&quot;iso&quot;:&quot;0&quot;,&quot;shutter_speed&quot;:&quot;0&quot;,&quot;title&quot;:&quot;&quot;,&quot;orientation&quot;:&quot;0&quot;}\" data-image-title=\"img_1660\" data-image-description=\"\" data-image-caption=\"&lt;p&gt;Salkantay&lt;\/p&gt;\n\" data-medium-file=\"https:\/\/i0.wp.com\/www.spang.ch\/aude\/wp-content\/uploads\/2016\/12\/IMG_1660.jpg?fit=300%2C200\" data-large-file=\"https:\/\/i0.wp.com\/www.spang.ch\/aude\/wp-content\/uploads\/2016\/12\/IMG_1660.jpg?fit=1000%2C667\" tabindex=\"0\" role=\"button\" class=\"wp-image-566 size-large\" src=\"https:\/\/i0.wp.com\/www.spang.ch\/aude\/wp-content\/uploads\/2016\/12\/IMG_1660.jpg?resize=1000%2C667\" width=\"1000\" height=\"667\" srcset=\"https:\/\/i0.wp.com\/www.spang.ch\/aude\/wp-content\/uploads\/2016\/12\/IMG_1660.jpg?resize=1024%2C683 1024w, https:\/\/i0.wp.com\/www.spang.ch\/aude\/wp-content\/uploads\/2016\/12\/IMG_1660.jpg?resize=300%2C200 300w, https:\/\/i0.wp.com\/www.spang.ch\/aude\/wp-content\/uploads\/2016\/12\/IMG_1660.jpg?resize=768%2C512 768w, https:\/\/i0.wp.com\/www.spang.ch\/aude\/wp-content\/uploads\/2016\/12\/IMG_1660.jpg?resize=960%2C640 960w, https:\/\/i0.wp.com\/www.spang.ch\/aude\/wp-content\/uploads\/2016\/12\/IMG_1660.jpg?resize=450%2C300 450w, https:\/\/i0.wp.com\/www.spang.ch\/aude\/wp-content\/uploads\/2016\/12\/IMG_1660.jpg?w=2000 2000w, https:\/\/i0.wp.com\/www.spang.ch\/aude\/wp-content\/uploads\/2016\/12\/IMG_1660.jpg?w=3000 3000w\" sizes=\"(max-width: 1000px) 100vw, 1000px\" data-recalc-dims=\"1\" \/><\/a><figcaption id=\"caption-attachment-566\" class=\"wp-caption-text\">Salkantay<\/figcaption><\/figure>\n<p style=\"text-align: justify;\">Finalement, notre prouesse physique ne fut pas r\u00e9compens\u00e9e parce que le brouillard recouvrait l&rsquo;ensemble du site lorsque nous avons enfin pu entrer, et que lorsqu&rsquo;il s&rsquo;est lev\u00e9 notre guide, ayant d\u00e9j\u00e0 commenc\u00e9 sa visite comment\u00e9e, n&rsquo;avait aucune envie de l&rsquo;interrompre, surtout pr\u00e9occup\u00e9 par l&rsquo;id\u00e9e de finir son job et s&rsquo;en aller (ce que j&rsquo;ai jug\u00e9 d&rsquo;une grande incomp\u00e9tence et d&rsquo;un certain manque d&#8217;empathie de la part de quelqu&rsquo;un dont le travail est le tourisme). Mais ce n&rsquo;est pas grave, nous sommes tout de m\u00eame rest\u00e9s sans voix face \u00e0 la beaut\u00e9 des lieux, rendus un peu mystiques par la brume puis baign\u00e9s de soleil plus tard dans la matin\u00e9e, au milieu des sommets semblant d&rsquo;imposants protecteurs naturels. Avis aux int\u00e9ress\u00e9s: le Machu Picchu, c&rsquo;est sportif! \u00c7a monte et \u00e7a descend dans tous les sens, et pour ceux qui ne paient pas une fortune en bus et train pour rentrer mais ont un budget de voyageur et marchent il vaut mieux ne pas trop s&rsquo;arr\u00eater car entre la visite guid\u00e9e et le temps pour \u00ab\u00a0fl\u00e2ner\u00a0\u00bb pour son propre compte, on a environ 5h sur place avant de devoir se remettre en route. Ce fut suffisant, mais sans repos.<\/p>\n<figure id=\"attachment_574\" aria-describedby=\"caption-attachment-574\" style=\"width: 1000px\" class=\"wp-caption aligncenter\"><a href=\"https:\/\/i0.wp.com\/www.spang.ch\/aude\/wp-content\/uploads\/2016\/12\/IMG_1937.jpg\"><img loading=\"lazy\" decoding=\"async\" data-attachment-id=\"574\" data-permalink=\"http:\/\/www.spang.ch\/aude\/fr\/2017\/01\/peru-country-of-the-inca\/img_1937\/\" data-orig-file=\"https:\/\/i0.wp.com\/www.spang.ch\/aude\/wp-content\/uploads\/2016\/12\/IMG_1937.jpg?fit=5184%2C3456\" data-orig-size=\"5184,3456\" data-comments-opened=\"1\" data-image-meta=\"{&quot;aperture&quot;:&quot;0&quot;,&quot;credit&quot;:&quot;&quot;,&quot;camera&quot;:&quot;&quot;,&quot;caption&quot;:&quot;&quot;,&quot;created_timestamp&quot;:&quot;0&quot;,&quot;copyright&quot;:&quot;&quot;,&quot;focal_length&quot;:&quot;0&quot;,&quot;iso&quot;:&quot;0&quot;,&quot;shutter_speed&quot;:&quot;0&quot;,&quot;title&quot;:&quot;&quot;,&quot;orientation&quot;:&quot;0&quot;}\" data-image-title=\"img_1937\" data-image-description=\"\" data-image-caption=\"&lt;p&gt;Machu Picchu&lt;\/p&gt;\n\" data-medium-file=\"https:\/\/i0.wp.com\/www.spang.ch\/aude\/wp-content\/uploads\/2016\/12\/IMG_1937.jpg?fit=300%2C200\" data-large-file=\"https:\/\/i0.wp.com\/www.spang.ch\/aude\/wp-content\/uploads\/2016\/12\/IMG_1937.jpg?fit=1000%2C667\" tabindex=\"0\" role=\"button\" class=\"wp-image-574 size-large\" src=\"https:\/\/i0.wp.com\/www.spang.ch\/aude\/wp-content\/uploads\/2016\/12\/IMG_1937.jpg?resize=1000%2C667\" width=\"1000\" height=\"667\" srcset=\"https:\/\/i0.wp.com\/www.spang.ch\/aude\/wp-content\/uploads\/2016\/12\/IMG_1937.jpg?resize=1024%2C683 1024w, https:\/\/i0.wp.com\/www.spang.ch\/aude\/wp-content\/uploads\/2016\/12\/IMG_1937.jpg?resize=300%2C200 300w, https:\/\/i0.wp.com\/www.spang.ch\/aude\/wp-content\/uploads\/2016\/12\/IMG_1937.jpg?resize=768%2C512 768w, https:\/\/i0.wp.com\/www.spang.ch\/aude\/wp-content\/uploads\/2016\/12\/IMG_1937.jpg?resize=960%2C640 960w, https:\/\/i0.wp.com\/www.spang.ch\/aude\/wp-content\/uploads\/2016\/12\/IMG_1937.jpg?resize=450%2C300 450w, https:\/\/i0.wp.com\/www.spang.ch\/aude\/wp-content\/uploads\/2016\/12\/IMG_1937.jpg?w=2000 2000w, https:\/\/i0.wp.com\/www.spang.ch\/aude\/wp-content\/uploads\/2016\/12\/IMG_1937.jpg?w=3000 3000w\" sizes=\"(max-width: 1000px) 100vw, 1000px\" data-recalc-dims=\"1\" \/><\/a><figcaption id=\"caption-attachment-574\" class=\"wp-caption-text\">Machu Picchu<\/figcaption><\/figure>\n<figure id=\"attachment_577\" aria-describedby=\"caption-attachment-577\" style=\"width: 1000px\" class=\"wp-caption aligncenter\"><a href=\"https:\/\/i0.wp.com\/www.spang.ch\/aude\/wp-content\/uploads\/2016\/12\/IMG_2020.jpg\"><img loading=\"lazy\" decoding=\"async\" data-attachment-id=\"577\" data-permalink=\"http:\/\/www.spang.ch\/aude\/fr\/2017\/01\/peru-country-of-the-inca\/img_2020\/\" data-orig-file=\"https:\/\/i0.wp.com\/www.spang.ch\/aude\/wp-content\/uploads\/2016\/12\/IMG_2020.jpg?fit=5184%2C3456\" data-orig-size=\"5184,3456\" data-comments-opened=\"1\" data-image-meta=\"{&quot;aperture&quot;:&quot;0&quot;,&quot;credit&quot;:&quot;&quot;,&quot;camera&quot;:&quot;&quot;,&quot;caption&quot;:&quot;&quot;,&quot;created_timestamp&quot;:&quot;0&quot;,&quot;copyright&quot;:&quot;&quot;,&quot;focal_length&quot;:&quot;0&quot;,&quot;iso&quot;:&quot;0&quot;,&quot;shutter_speed&quot;:&quot;0&quot;,&quot;title&quot;:&quot;&quot;,&quot;orientation&quot;:&quot;0&quot;}\" data-image-title=\"img_2020\" data-image-description=\"\" data-image-caption=\"&lt;p&gt;Machu Picchu&lt;\/p&gt;\n\" data-medium-file=\"https:\/\/i0.wp.com\/www.spang.ch\/aude\/wp-content\/uploads\/2016\/12\/IMG_2020.jpg?fit=300%2C200\" data-large-file=\"https:\/\/i0.wp.com\/www.spang.ch\/aude\/wp-content\/uploads\/2016\/12\/IMG_2020.jpg?fit=1000%2C667\" tabindex=\"0\" role=\"button\" class=\"wp-image-577 size-large\" src=\"https:\/\/i0.wp.com\/www.spang.ch\/aude\/wp-content\/uploads\/2016\/12\/IMG_2020.jpg?resize=1000%2C667\" width=\"1000\" height=\"667\" srcset=\"https:\/\/i0.wp.com\/www.spang.ch\/aude\/wp-content\/uploads\/2016\/12\/IMG_2020.jpg?resize=1024%2C683 1024w, https:\/\/i0.wp.com\/www.spang.ch\/aude\/wp-content\/uploads\/2016\/12\/IMG_2020.jpg?resize=300%2C200 300w, https:\/\/i0.wp.com\/www.spang.ch\/aude\/wp-content\/uploads\/2016\/12\/IMG_2020.jpg?resize=768%2C512 768w, https:\/\/i0.wp.com\/www.spang.ch\/aude\/wp-content\/uploads\/2016\/12\/IMG_2020.jpg?resize=960%2C640 960w, https:\/\/i0.wp.com\/www.spang.ch\/aude\/wp-content\/uploads\/2016\/12\/IMG_2020.jpg?resize=450%2C300 450w, https:\/\/i0.wp.com\/www.spang.ch\/aude\/wp-content\/uploads\/2016\/12\/IMG_2020.jpg?w=2000 2000w, https:\/\/i0.wp.com\/www.spang.ch\/aude\/wp-content\/uploads\/2016\/12\/IMG_2020.jpg?w=3000 3000w\" sizes=\"(max-width: 1000px) 100vw, 1000px\" data-recalc-dims=\"1\" \/><\/a><figcaption id=\"caption-attachment-577\" class=\"wp-caption-text\">Machu Picchu<\/figcaption><\/figure>\n<p style=\"text-align: justify;\">Nous nous sommes bien balad\u00e9s \u00e0 travers le site et jusqu&rsquo;\u00e0 une \u00ab\u00a0porte du soleil\u00a0\u00bb avec vue sur l&rsquo;ensemble de la ville, de haut. Nous avons pris les in\u00e9vitables photos devant la vue iconique de cet endroit unique au monde, jou\u00e9 un peu avec les lamas et ri de notre \u00e9tat de fatigue, puis il fall\u00fbt repartir. Entre la descente et la marche le long des rails nous en avons eu pour encore 3h, et enfin nous f\u00fbmes \u00ab\u00a0r\u00e9compens\u00e9s\u00a0\u00bb par un trajet en minibus pour le retour \u00e0 Cusco, durant rien de moins que&#8230; 6h. Autant dire que l&rsquo;\u00e9tat de nos pieds et t\u00eates une fois arriv\u00e9s laissait \u00e0 d\u00e9sirer! J&rsquo;ai calcul\u00e9 que ce 5e jour de rando a \u00e9quivalu \u00e0 pr\u00e8s de 10h de marche non-stop, commen\u00e7ant \u00e0 4h du matin, pour un total de pr\u00e8s de 90km en 5 jours. Moi qui trouvais les jours pr\u00e9c\u00e9dents un peu trop p\u00e9p\u00e8re, j&rsquo;ai \u00e9t\u00e9 servie! Mais bon sang \u00e7a en a valu la peine. La rando avait commenc\u00e9 avec une quinzaine d&rsquo;inconnus, elle s&rsquo;est termin\u00e9e avec de nouveaux amis, des parties de cartes, de longues discussions, de la photographie, des rires et des moments inoubliables avec, notamment, Adnan le fran\u00e7ais, Preston l&rsquo;am\u00e9ricain, Adriano le br\u00e9silien, Christina l&rsquo;allemande et le couple irlando-australien de Will et Nic. D&rsquo;ailleurs, nous nous sommes retrouv\u00e9s le lendemain pour une petite tourn\u00e9e des bars de Cusco, chacun portant un ou l&rsquo;autre attribut de No\u00ebl, tradition apparemment irlandaise avec des r\u00e8gles \u00e0 suivre et beaucoup d&rsquo;\u00e9clats de rire. Comme j&rsquo;ai pass\u00e9 le 24 et le 25 d\u00e9cembre dans un bus, je consid\u00e8re que le trek de Salkantay fut mon cadeau de fin d&rsquo;ann\u00e9e \u00e0 moi-m\u00eame, et que j&rsquo;\u00e9tais au Machu Picchu et \u00e0 Cusco avec des amis pour No\u00ebl.<\/p>\n<figure id=\"attachment_604\" aria-describedby=\"caption-attachment-604\" style=\"width: 1000px\" class=\"wp-caption aligncenter\"><a href=\"https:\/\/i0.wp.com\/www.spang.ch\/aude\/wp-content\/uploads\/2017\/01\/IMG_2042.jpg\"><img loading=\"lazy\" decoding=\"async\" data-attachment-id=\"604\" data-permalink=\"http:\/\/www.spang.ch\/aude\/fr\/2017\/01\/peru-country-of-the-inca\/img_2042\/\" data-orig-file=\"https:\/\/i0.wp.com\/www.spang.ch\/aude\/wp-content\/uploads\/2017\/01\/IMG_2042.jpg?fit=4898%2C3265\" data-orig-size=\"4898,3265\" data-comments-opened=\"1\" data-image-meta=\"{&quot;aperture&quot;:&quot;0&quot;,&quot;credit&quot;:&quot;&quot;,&quot;camera&quot;:&quot;&quot;,&quot;caption&quot;:&quot;&quot;,&quot;created_timestamp&quot;:&quot;0&quot;,&quot;copyright&quot;:&quot;&quot;,&quot;focal_length&quot;:&quot;0&quot;,&quot;iso&quot;:&quot;0&quot;,&quot;shutter_speed&quot;:&quot;0&quot;,&quot;title&quot;:&quot;&quot;,&quot;orientation&quot;:&quot;0&quot;}\" data-image-title=\"img_2042\" data-image-description=\"\" data-image-caption=\"&lt;p&gt;Peru #3: Cusco, Salkantay Trek, Machu Picchu&lt;\/p&gt;\n\" data-medium-file=\"https:\/\/i0.wp.com\/www.spang.ch\/aude\/wp-content\/uploads\/2017\/01\/IMG_2042.jpg?fit=300%2C200\" data-large-file=\"https:\/\/i0.wp.com\/www.spang.ch\/aude\/wp-content\/uploads\/2017\/01\/IMG_2042.jpg?fit=1000%2C667\" tabindex=\"0\" role=\"button\" class=\"wp-image-604 size-large\" src=\"https:\/\/i0.wp.com\/www.spang.ch\/aude\/wp-content\/uploads\/2017\/01\/IMG_2042.jpg?resize=1000%2C667\" width=\"1000\" height=\"667\" srcset=\"https:\/\/i0.wp.com\/www.spang.ch\/aude\/wp-content\/uploads\/2017\/01\/IMG_2042.jpg?resize=1024%2C683 1024w, https:\/\/i0.wp.com\/www.spang.ch\/aude\/wp-content\/uploads\/2017\/01\/IMG_2042.jpg?resize=300%2C200 300w, https:\/\/i0.wp.com\/www.spang.ch\/aude\/wp-content\/uploads\/2017\/01\/IMG_2042.jpg?resize=768%2C512 768w, https:\/\/i0.wp.com\/www.spang.ch\/aude\/wp-content\/uploads\/2017\/01\/IMG_2042.jpg?resize=960%2C640 960w, https:\/\/i0.wp.com\/www.spang.ch\/aude\/wp-content\/uploads\/2017\/01\/IMG_2042.jpg?resize=450%2C300 450w, https:\/\/i0.wp.com\/www.spang.ch\/aude\/wp-content\/uploads\/2017\/01\/IMG_2042.jpg?w=2000 2000w, https:\/\/i0.wp.com\/www.spang.ch\/aude\/wp-content\/uploads\/2017\/01\/IMG_2042.jpg?w=3000 3000w\" sizes=\"(max-width: 1000px) 100vw, 1000px\" data-recalc-dims=\"1\" \/><\/a><figcaption id=\"caption-attachment-604\" class=\"wp-caption-text\">Machu Picchu<\/figcaption><\/figure>\n<figure id=\"attachment_576\" aria-describedby=\"caption-attachment-576\" style=\"width: 1000px\" class=\"wp-caption aligncenter\"><a href=\"https:\/\/i0.wp.com\/www.spang.ch\/aude\/wp-content\/uploads\/2016\/12\/IMG_2003.jpg\"><img loading=\"lazy\" decoding=\"async\" data-attachment-id=\"576\" data-permalink=\"http:\/\/www.spang.ch\/aude\/fr\/2017\/01\/peru-country-of-the-inca\/img_2003\/\" data-orig-file=\"https:\/\/i0.wp.com\/www.spang.ch\/aude\/wp-content\/uploads\/2016\/12\/IMG_2003.jpg?fit=5184%2C3456\" data-orig-size=\"5184,3456\" data-comments-opened=\"1\" data-image-meta=\"{&quot;aperture&quot;:&quot;0&quot;,&quot;credit&quot;:&quot;&quot;,&quot;camera&quot;:&quot;&quot;,&quot;caption&quot;:&quot;&quot;,&quot;created_timestamp&quot;:&quot;0&quot;,&quot;copyright&quot;:&quot;&quot;,&quot;focal_length&quot;:&quot;0&quot;,&quot;iso&quot;:&quot;0&quot;,&quot;shutter_speed&quot;:&quot;0&quot;,&quot;title&quot;:&quot;&quot;,&quot;orientation&quot;:&quot;0&quot;}\" data-image-title=\"img_2003\" data-image-description=\"\" data-image-caption=\"&lt;p&gt;Machu Picchu&lt;\/p&gt;\n\" data-medium-file=\"https:\/\/i0.wp.com\/www.spang.ch\/aude\/wp-content\/uploads\/2016\/12\/IMG_2003.jpg?fit=300%2C200\" data-large-file=\"https:\/\/i0.wp.com\/www.spang.ch\/aude\/wp-content\/uploads\/2016\/12\/IMG_2003.jpg?fit=1000%2C667\" tabindex=\"0\" role=\"button\" class=\"wp-image-576 size-large\" src=\"https:\/\/i0.wp.com\/www.spang.ch\/aude\/wp-content\/uploads\/2016\/12\/IMG_2003.jpg?resize=1000%2C667\" alt=\"Machu Picchu\" width=\"1000\" height=\"667\" srcset=\"https:\/\/i0.wp.com\/www.spang.ch\/aude\/wp-content\/uploads\/2016\/12\/IMG_2003.jpg?resize=1024%2C683 1024w, https:\/\/i0.wp.com\/www.spang.ch\/aude\/wp-content\/uploads\/2016\/12\/IMG_2003.jpg?resize=300%2C200 300w, https:\/\/i0.wp.com\/www.spang.ch\/aude\/wp-content\/uploads\/2016\/12\/IMG_2003.jpg?resize=768%2C512 768w, https:\/\/i0.wp.com\/www.spang.ch\/aude\/wp-content\/uploads\/2016\/12\/IMG_2003.jpg?resize=960%2C640 960w, https:\/\/i0.wp.com\/www.spang.ch\/aude\/wp-content\/uploads\/2016\/12\/IMG_2003.jpg?resize=450%2C300 450w, https:\/\/i0.wp.com\/www.spang.ch\/aude\/wp-content\/uploads\/2016\/12\/IMG_2003.jpg?w=2000 2000w, https:\/\/i0.wp.com\/www.spang.ch\/aude\/wp-content\/uploads\/2016\/12\/IMG_2003.jpg?w=3000 3000w\" sizes=\"(max-width: 1000px) 100vw, 1000px\" data-recalc-dims=\"1\" \/><\/a><figcaption id=\"caption-attachment-576\" class=\"wp-caption-text\">Machu Picchu<\/figcaption><\/figure>\n<p style=\"text-align: justify;\">Ainsi s&rsquo;est termin\u00e9 mon (presque) mois au P\u00e9rou. Dans la sueur, la joie et la bonne humeur dans un endroit magnifique. J&rsquo;ai quitt\u00e9 la joyeuse compagnie en pleine tourn\u00e9e des bars pour aller r\u00e9cup\u00e9rer mes affaires \u00a0\u00e0 l&rsquo;h\u00f4tel et prendre mon bus pour la Bolivie, et j&rsquo;ai \u00e0 nouveau encha\u00een\u00e9 2 jours de bus, destination: Santa Cruz \u00e0 l&rsquo;est de la Bolivie, o\u00f9 arrivait Emanuele le 26 d\u00e9cembre! De Cusco, j&rsquo;ai atteint La Paz (capitale la plus haute du monde, \u00e0 3660m d&rsquo;altitude) en passant par le lac Titicaca (le plus haut lac navigable au monde, \u00e0 3800m d&rsquo;altitude), puis ai pris une correspondance pour Santa Cruz. Encore une fois je me suis retrouv\u00e9e seule blanche dans le bus, c&rsquo;est vraiment chouette! Je suis heureuse de ne pas voyager en avion et manquer ces endroits de pure authenticit\u00e9. Mon moment pr\u00e9f\u00e9r\u00e9 fut quand j&rsquo;avais achet\u00e9 mon repas \u00e0 l&#8217;emporter \u00e0 La Paz et que, jus de mangue dans un sachet plastique (avec une paille) en main, j&rsquo;ai pu aller prendre mon bus 3h plus t\u00f4t que ce que j&rsquo;avais achet\u00e9 en ligne car le gars de la billetterie qui devait imprimer mon ticket m&rsquo;avait propos\u00e9 de prendre un autre bus. Je me suis dit que j&rsquo;adore l&rsquo;Am\u00e9rique du Sud, sa flexibilit\u00e9 et ses jus de fruits!<\/p>\n<figure id=\"attachment_569\" aria-describedby=\"caption-attachment-569\" style=\"width: 1000px\" class=\"wp-caption aligncenter\"><a href=\"https:\/\/i0.wp.com\/www.spang.ch\/aude\/wp-content\/uploads\/2016\/12\/IMG_1739.jpg\"><img loading=\"lazy\" decoding=\"async\" data-attachment-id=\"569\" data-permalink=\"http:\/\/www.spang.ch\/aude\/fr\/2017\/01\/peru-country-of-the-inca\/img_1739\/\" data-orig-file=\"https:\/\/i0.wp.com\/www.spang.ch\/aude\/wp-content\/uploads\/2016\/12\/IMG_1739.jpg?fit=5184%2C3456\" data-orig-size=\"5184,3456\" data-comments-opened=\"1\" data-image-meta=\"{&quot;aperture&quot;:&quot;0&quot;,&quot;credit&quot;:&quot;&quot;,&quot;camera&quot;:&quot;&quot;,&quot;caption&quot;:&quot;&quot;,&quot;created_timestamp&quot;:&quot;0&quot;,&quot;copyright&quot;:&quot;&quot;,&quot;focal_length&quot;:&quot;0&quot;,&quot;iso&quot;:&quot;0&quot;,&quot;shutter_speed&quot;:&quot;0&quot;,&quot;title&quot;:&quot;&quot;,&quot;orientation&quot;:&quot;0&quot;}\" data-image-title=\"img_1739\" data-image-description=\"\" data-image-caption=\"&lt;p&gt;Salkantay friends&lt;\/p&gt;\n\" data-medium-file=\"https:\/\/i0.wp.com\/www.spang.ch\/aude\/wp-content\/uploads\/2016\/12\/IMG_1739.jpg?fit=300%2C200\" data-large-file=\"https:\/\/i0.wp.com\/www.spang.ch\/aude\/wp-content\/uploads\/2016\/12\/IMG_1739.jpg?fit=1000%2C667\" tabindex=\"0\" role=\"button\" class=\"wp-image-569 size-large\" src=\"https:\/\/i0.wp.com\/www.spang.ch\/aude\/wp-content\/uploads\/2016\/12\/IMG_1739.jpg?resize=1000%2C667\" alt=\"Salkantay friends\" width=\"1000\" height=\"667\" srcset=\"https:\/\/i0.wp.com\/www.spang.ch\/aude\/wp-content\/uploads\/2016\/12\/IMG_1739.jpg?resize=1024%2C683 1024w, https:\/\/i0.wp.com\/www.spang.ch\/aude\/wp-content\/uploads\/2016\/12\/IMG_1739.jpg?resize=300%2C200 300w, https:\/\/i0.wp.com\/www.spang.ch\/aude\/wp-content\/uploads\/2016\/12\/IMG_1739.jpg?resize=768%2C512 768w, https:\/\/i0.wp.com\/www.spang.ch\/aude\/wp-content\/uploads\/2016\/12\/IMG_1739.jpg?resize=960%2C640 960w, https:\/\/i0.wp.com\/www.spang.ch\/aude\/wp-content\/uploads\/2016\/12\/IMG_1739.jpg?resize=450%2C300 450w, https:\/\/i0.wp.com\/www.spang.ch\/aude\/wp-content\/uploads\/2016\/12\/IMG_1739.jpg?w=2000 2000w, https:\/\/i0.wp.com\/www.spang.ch\/aude\/wp-content\/uploads\/2016\/12\/IMG_1739.jpg?w=3000 3000w\" sizes=\"(max-width: 1000px) 100vw, 1000px\" data-recalc-dims=\"1\" \/><\/a><figcaption id=\"caption-attachment-569\" class=\"wp-caption-text\">Salkantay friends<\/figcaption><\/figure>\n<figure id=\"attachment_565\" aria-describedby=\"caption-attachment-565\" style=\"width: 683px\" class=\"wp-caption aligncenter\"><a href=\"https:\/\/i0.wp.com\/www.spang.ch\/aude\/wp-content\/uploads\/2016\/12\/IMG_1614-e1483739821464.jpg\"><img loading=\"lazy\" decoding=\"async\" data-attachment-id=\"565\" data-permalink=\"http:\/\/www.spang.ch\/aude\/fr\/2017\/01\/peru-country-of-the-inca\/img_1614\/\" data-orig-file=\"https:\/\/i0.wp.com\/www.spang.ch\/aude\/wp-content\/uploads\/2016\/12\/IMG_1614-e1483739821464.jpg?fit=3456%2C5184\" data-orig-size=\"3456,5184\" data-comments-opened=\"1\" data-image-meta=\"{&quot;aperture&quot;:&quot;0&quot;,&quot;credit&quot;:&quot;&quot;,&quot;camera&quot;:&quot;&quot;,&quot;caption&quot;:&quot;&quot;,&quot;created_timestamp&quot;:&quot;0&quot;,&quot;copyright&quot;:&quot;&quot;,&quot;focal_length&quot;:&quot;0&quot;,&quot;iso&quot;:&quot;0&quot;,&quot;shutter_speed&quot;:&quot;0&quot;,&quot;title&quot;:&quot;&quot;,&quot;orientation&quot;:&quot;0&quot;}\" data-image-title=\"img_1614\" data-image-description=\"\" data-image-caption=\"&lt;p&gt;Salkantay&lt;\/p&gt;\n\" data-medium-file=\"https:\/\/i0.wp.com\/www.spang.ch\/aude\/wp-content\/uploads\/2016\/12\/IMG_1614-e1483739821464.jpg?fit=200%2C300\" data-large-file=\"https:\/\/i0.wp.com\/www.spang.ch\/aude\/wp-content\/uploads\/2016\/12\/IMG_1614-e1483739821464.jpg?fit=683%2C1024\" tabindex=\"0\" role=\"button\" class=\"size-large wp-image-565\" src=\"https:\/\/i0.wp.com\/www.spang.ch\/aude\/wp-content\/uploads\/2016\/12\/IMG_1614-e1483739821464-683x1024.jpg?resize=683%2C1024\" alt=\"Salkantay\" width=\"683\" height=\"1024\" srcset=\"https:\/\/i0.wp.com\/www.spang.ch\/aude\/wp-content\/uploads\/2016\/12\/IMG_1614-e1483739821464.jpg?resize=683%2C1024 683w, https:\/\/i0.wp.com\/www.spang.ch\/aude\/wp-content\/uploads\/2016\/12\/IMG_1614-e1483739821464.jpg?resize=200%2C300 200w, https:\/\/i0.wp.com\/www.spang.ch\/aude\/wp-content\/uploads\/2016\/12\/IMG_1614-e1483739821464.jpg?resize=768%2C1152 768w, https:\/\/i0.wp.com\/www.spang.ch\/aude\/wp-content\/uploads\/2016\/12\/IMG_1614-e1483739821464.jpg?w=2000 2000w, https:\/\/i0.wp.com\/www.spang.ch\/aude\/wp-content\/uploads\/2016\/12\/IMG_1614-e1483739821464.jpg?w=3000 3000w\" sizes=\"(max-width: 683px) 100vw, 683px\" data-recalc-dims=\"1\" \/><\/a><figcaption id=\"caption-attachment-565\" class=\"wp-caption-text\">Salkantay<\/figcaption><\/figure>\n<p style=\"text-align: justify;\">Bien s\u00fbr que durant un voyage aussi long on se retrouve souvent \u00e0 se dire qu&rsquo;on est chanceux, \u00e0 se rendre compte de la beaut\u00e9 d&rsquo;un endroit ou d&rsquo;un moment, \u00e0 avoir l&rsquo;impression d&rsquo;\u00eatre presque drogu\u00e9 tant on appr\u00e9cie un paysage. \u00c9tonnamment, l&rsquo;un des plus forts de ces moments de \u00ab\u00a0pleine conscience\u00a0\u00bb m&rsquo;a frapp\u00e9e durant un trajet en minibus: j&rsquo;\u00e9tais allong\u00e9e sur la couchette arri\u00e8re, le soleil m&rsquo;\u00e9clairait \u00e0 travers la vitre le long de laquelle tombait la poussi\u00e8re de la route, on venait de mettre les jambes dans l&rsquo;eau glac\u00e9e de la rivi\u00e8re apr\u00e8s plusieurs heures de descente dans la jungle, et j&rsquo;\u00e9tais juste parfaitement heureuse, malgr\u00e9 la musique trop forte et l&rsquo;apathie de mes compagnons de rando.<\/p>\n<figure id=\"attachment_570\" aria-describedby=\"caption-attachment-570\" style=\"width: 1000px\" class=\"wp-caption aligncenter\"><a href=\"https:\/\/i0.wp.com\/www.spang.ch\/aude\/wp-content\/uploads\/2016\/12\/IMG_1747.jpg\"><img loading=\"lazy\" decoding=\"async\" data-attachment-id=\"570\" data-permalink=\"http:\/\/www.spang.ch\/aude\/fr\/2017\/01\/peru-country-of-the-inca\/img_1747\/\" data-orig-file=\"https:\/\/i0.wp.com\/www.spang.ch\/aude\/wp-content\/uploads\/2016\/12\/IMG_1747.jpg?fit=5184%2C3456\" data-orig-size=\"5184,3456\" data-comments-opened=\"1\" data-image-meta=\"{&quot;aperture&quot;:&quot;0&quot;,&quot;credit&quot;:&quot;&quot;,&quot;camera&quot;:&quot;&quot;,&quot;caption&quot;:&quot;&quot;,&quot;created_timestamp&quot;:&quot;0&quot;,&quot;copyright&quot;:&quot;&quot;,&quot;focal_length&quot;:&quot;0&quot;,&quot;iso&quot;:&quot;0&quot;,&quot;shutter_speed&quot;:&quot;0&quot;,&quot;title&quot;:&quot;&quot;,&quot;orientation&quot;:&quot;0&quot;}\" data-image-title=\"img_1747\" data-image-description=\"\" data-image-caption=\"&lt;p&gt;Salkantay&lt;\/p&gt;\n\" data-medium-file=\"https:\/\/i0.wp.com\/www.spang.ch\/aude\/wp-content\/uploads\/2016\/12\/IMG_1747.jpg?fit=300%2C200\" data-large-file=\"https:\/\/i0.wp.com\/www.spang.ch\/aude\/wp-content\/uploads\/2016\/12\/IMG_1747.jpg?fit=1000%2C667\" tabindex=\"0\" role=\"button\" class=\"wp-image-570 size-large\" src=\"https:\/\/i0.wp.com\/www.spang.ch\/aude\/wp-content\/uploads\/2016\/12\/IMG_1747.jpg?resize=1000%2C667\" width=\"1000\" height=\"667\" srcset=\"https:\/\/i0.wp.com\/www.spang.ch\/aude\/wp-content\/uploads\/2016\/12\/IMG_1747.jpg?resize=1024%2C683 1024w, https:\/\/i0.wp.com\/www.spang.ch\/aude\/wp-content\/uploads\/2016\/12\/IMG_1747.jpg?resize=300%2C200 300w, https:\/\/i0.wp.com\/www.spang.ch\/aude\/wp-content\/uploads\/2016\/12\/IMG_1747.jpg?resize=768%2C512 768w, https:\/\/i0.wp.com\/www.spang.ch\/aude\/wp-content\/uploads\/2016\/12\/IMG_1747.jpg?resize=960%2C640 960w, https:\/\/i0.wp.com\/www.spang.ch\/aude\/wp-content\/uploads\/2016\/12\/IMG_1747.jpg?resize=450%2C300 450w, https:\/\/i0.wp.com\/www.spang.ch\/aude\/wp-content\/uploads\/2016\/12\/IMG_1747.jpg?w=2000 2000w, https:\/\/i0.wp.com\/www.spang.ch\/aude\/wp-content\/uploads\/2016\/12\/IMG_1747.jpg?w=3000 3000w\" sizes=\"(max-width: 1000px) 100vw, 1000px\" data-recalc-dims=\"1\" \/><\/a><figcaption id=\"caption-attachment-570\" class=\"wp-caption-text\">Salkantay<\/figcaption><\/figure>\n<p style=\"text-align: justify;\">C&rsquo;\u00e9tait un moment parfait, au milieu d&rsquo;une collection de moments inoubliables, et je ne pouvais que me dire que je souhaitais un bonheur aussi (paradoxalement) simple mais aussi fort \u00e0 tous ceux que j&rsquo;aime. Je ne dis pas qu&rsquo;il faut un billet qui fait traverser l&rsquo;oc\u00e9an pour \u00eatre heureux, car ce moment ressemblait tr\u00e8s fort aux sensations que j&rsquo;\u00e9prouvais \u00e0 l&rsquo;\u00e9poque avec les scouts, mais je suis assez convaincue que la nature est un puissant facteur de bonheur, qu&rsquo;elle sait nous ancrer dans le moment et activer en nous la capacit\u00e9 d&rsquo;observation de sa simple mais majestueuse beaut\u00e9 nous rappelant notre place dans ce monde et \u00e0 quel point la vie est pr\u00e9cieuse. La vie moderne a tendance \u00e0 nous en \u00e9loigner un peu trop par rapport \u00e0 ce dont je suis certaine que nous avons besoin. Si vous le pouvez, n&rsquo;oubliez pas de vous offrir des escapades dans la nature, quelle qu&rsquo;elle soit!<\/p>\n<figure id=\"attachment_573\" aria-describedby=\"caption-attachment-573\" style=\"width: 1000px\" class=\"wp-caption aligncenter\"><a href=\"https:\/\/i0.wp.com\/www.spang.ch\/aude\/wp-content\/uploads\/2016\/12\/IMG_1917.jpg\"><img loading=\"lazy\" decoding=\"async\" data-attachment-id=\"573\" data-permalink=\"http:\/\/www.spang.ch\/aude\/fr\/2017\/01\/peru-country-of-the-inca\/img_1917\/\" data-orig-file=\"https:\/\/i0.wp.com\/www.spang.ch\/aude\/wp-content\/uploads\/2016\/12\/IMG_1917.jpg?fit=5184%2C3456\" data-orig-size=\"5184,3456\" data-comments-opened=\"1\" data-image-meta=\"{&quot;aperture&quot;:&quot;0&quot;,&quot;credit&quot;:&quot;&quot;,&quot;camera&quot;:&quot;&quot;,&quot;caption&quot;:&quot;&quot;,&quot;created_timestamp&quot;:&quot;0&quot;,&quot;copyright&quot;:&quot;&quot;,&quot;focal_length&quot;:&quot;0&quot;,&quot;iso&quot;:&quot;0&quot;,&quot;shutter_speed&quot;:&quot;0&quot;,&quot;title&quot;:&quot;&quot;,&quot;orientation&quot;:&quot;0&quot;}\" data-image-title=\"img_1917\" data-image-description=\"\" data-image-caption=\"&lt;p&gt;Foggy Machu Picchu&lt;\/p&gt;\n\" data-medium-file=\"https:\/\/i0.wp.com\/www.spang.ch\/aude\/wp-content\/uploads\/2016\/12\/IMG_1917.jpg?fit=300%2C200\" data-large-file=\"https:\/\/i0.wp.com\/www.spang.ch\/aude\/wp-content\/uploads\/2016\/12\/IMG_1917.jpg?fit=1000%2C667\" tabindex=\"0\" role=\"button\" class=\"size-large wp-image-573\" src=\"https:\/\/i0.wp.com\/www.spang.ch\/aude\/wp-content\/uploads\/2016\/12\/IMG_1917.jpg?resize=1000%2C667\" alt=\"Foggy Machu Picchu\" width=\"1000\" height=\"667\" srcset=\"https:\/\/i0.wp.com\/www.spang.ch\/aude\/wp-content\/uploads\/2016\/12\/IMG_1917.jpg?resize=1024%2C683 1024w, https:\/\/i0.wp.com\/www.spang.ch\/aude\/wp-content\/uploads\/2016\/12\/IMG_1917.jpg?resize=300%2C200 300w, https:\/\/i0.wp.com\/www.spang.ch\/aude\/wp-content\/uploads\/2016\/12\/IMG_1917.jpg?resize=768%2C512 768w, https:\/\/i0.wp.com\/www.spang.ch\/aude\/wp-content\/uploads\/2016\/12\/IMG_1917.jpg?resize=960%2C640 960w, https:\/\/i0.wp.com\/www.spang.ch\/aude\/wp-content\/uploads\/2016\/12\/IMG_1917.jpg?resize=450%2C300 450w, https:\/\/i0.wp.com\/www.spang.ch\/aude\/wp-content\/uploads\/2016\/12\/IMG_1917.jpg?w=2000 2000w, https:\/\/i0.wp.com\/www.spang.ch\/aude\/wp-content\/uploads\/2016\/12\/IMG_1917.jpg?w=3000 3000w\" sizes=\"(max-width: 1000px) 100vw, 1000px\" data-recalc-dims=\"1\" \/><\/a><figcaption id=\"caption-attachment-573\" class=\"wp-caption-text\">Foggy Machu Picchu<\/figcaption><\/figure>\n<p style=\"text-align: justify;\">Maintenant que je suis sortie du pays, in\u00e9vitablement je me mets \u00e0 faire des bilans. J&rsquo;ai beaucoup aim\u00e9 le P\u00e9rou et sa vari\u00e9t\u00e9 de ruines et de peuples pr\u00e9-inca. J&rsquo;ai aim\u00e9, en quelques trajets de bus, passer du d\u00e9sert le plus plat aux montagnes des Andes ou \u00e0 la jungle amazonienne. C&rsquo;est vrai qu&rsquo;avec le temps je me dis que, chez nous aussi, si on prend le bus pendant presque une journ\u00e9e enti\u00e8re, on peut changer drastiquement le paysage qui nous entoure. Mais c&rsquo;est aussi ma chance et la beaut\u00e9 de ce voyage, d&rsquo;avoir le temps de le faire, justement. J&rsquo;ai pas mal vu le nord, m\u00eame s&rsquo;il y a diff\u00e9rentes choses que j&rsquo;aurais encore voulu voir, et j&rsquo;ai carr\u00e9ment d\u00fb \u00eatre s\u00e9lective pour le sud. Mais ce n&rsquo;est pas grave, j&rsquo;ajuste gentiment mon approche du voyage. Le but n&rsquo;est pas de finir frustr\u00e9e parce que je n&rsquo;ai pas bien pu conna\u00eetre les pays que j&rsquo;ai vus&#8230; Je sais que pour bien connaitre un pays, il faudrait deux \u00e0 trois mois minimum. Je me suis offert ce luxe au d\u00e9but, mais comme je tiens \u00e0 voir des choses tr\u00e8s diff\u00e9rentes dans divers pays, je cherche maintenant simplement \u00e0 collectionner les plus beaux moments possibles. Je vois bien que d&rsquo;avoir pass\u00e9 un mois au P\u00e9rou m&rsquo;en a donn\u00e9 une bonne id\u00e9e g\u00e9n\u00e9rale, mais je n&rsquo;ai pas cr\u00e9\u00e9 de lien affectif avec le pays, ne connais que tr\u00e8s peu son histoire ou sa politique, n&rsquo;ai pas eu le temps de bien rencontrer des gens d&rsquo;ici.<\/p>\n<figure id=\"attachment_575\" aria-describedby=\"caption-attachment-575\" style=\"width: 683px\" class=\"wp-caption aligncenter\"><a href=\"https:\/\/i0.wp.com\/www.spang.ch\/aude\/wp-content\/uploads\/2016\/12\/IMG_1977-e1483739884516.jpg\"><img loading=\"lazy\" decoding=\"async\" data-attachment-id=\"575\" data-permalink=\"http:\/\/www.spang.ch\/aude\/fr\/2017\/01\/peru-country-of-the-inca\/img_1977\/\" data-orig-file=\"https:\/\/i0.wp.com\/www.spang.ch\/aude\/wp-content\/uploads\/2016\/12\/IMG_1977-e1483739884516.jpg?fit=3456%2C5184\" data-orig-size=\"3456,5184\" data-comments-opened=\"1\" data-image-meta=\"{&quot;aperture&quot;:&quot;0&quot;,&quot;credit&quot;:&quot;&quot;,&quot;camera&quot;:&quot;&quot;,&quot;caption&quot;:&quot;&quot;,&quot;created_timestamp&quot;:&quot;0&quot;,&quot;copyright&quot;:&quot;&quot;,&quot;focal_length&quot;:&quot;0&quot;,&quot;iso&quot;:&quot;0&quot;,&quot;shutter_speed&quot;:&quot;0&quot;,&quot;title&quot;:&quot;&quot;,&quot;orientation&quot;:&quot;0&quot;}\" data-image-title=\"img_1977\" data-image-description=\"\" data-image-caption=\"&lt;p&gt;Machu Picchu&lt;\/p&gt;\n\" data-medium-file=\"https:\/\/i0.wp.com\/www.spang.ch\/aude\/wp-content\/uploads\/2016\/12\/IMG_1977-e1483739884516.jpg?fit=200%2C300\" data-large-file=\"https:\/\/i0.wp.com\/www.spang.ch\/aude\/wp-content\/uploads\/2016\/12\/IMG_1977-e1483739884516.jpg?fit=683%2C1024\" tabindex=\"0\" role=\"button\" class=\"size-large wp-image-575\" src=\"https:\/\/i0.wp.com\/www.spang.ch\/aude\/wp-content\/uploads\/2016\/12\/IMG_1977-e1483739884516-683x1024.jpg?resize=683%2C1024\" alt=\"Machu Picchu\" width=\"683\" height=\"1024\" srcset=\"https:\/\/i0.wp.com\/www.spang.ch\/aude\/wp-content\/uploads\/2016\/12\/IMG_1977-e1483739884516.jpg?resize=683%2C1024 683w, https:\/\/i0.wp.com\/www.spang.ch\/aude\/wp-content\/uploads\/2016\/12\/IMG_1977-e1483739884516.jpg?resize=200%2C300 200w, https:\/\/i0.wp.com\/www.spang.ch\/aude\/wp-content\/uploads\/2016\/12\/IMG_1977-e1483739884516.jpg?resize=768%2C1152 768w, https:\/\/i0.wp.com\/www.spang.ch\/aude\/wp-content\/uploads\/2016\/12\/IMG_1977-e1483739884516.jpg?w=2000 2000w, https:\/\/i0.wp.com\/www.spang.ch\/aude\/wp-content\/uploads\/2016\/12\/IMG_1977-e1483739884516.jpg?w=3000 3000w\" sizes=\"(max-width: 683px) 100vw, 683px\" data-recalc-dims=\"1\" \/><\/a><figcaption id=\"caption-attachment-575\" class=\"wp-caption-text\">Machu Picchu<\/figcaption><\/figure>\n<figure id=\"attachment_600\" aria-describedby=\"caption-attachment-600\" style=\"width: 1000px\" class=\"wp-caption aligncenter\"><a href=\"https:\/\/i0.wp.com\/www.spang.ch\/aude\/wp-content\/uploads\/2017\/01\/IMG_1538.jpg\"><img loading=\"lazy\" decoding=\"async\" data-attachment-id=\"600\" data-permalink=\"http:\/\/www.spang.ch\/aude\/fr\/2017\/01\/peru-country-of-the-inca\/img_1538\/\" data-orig-file=\"https:\/\/i0.wp.com\/www.spang.ch\/aude\/wp-content\/uploads\/2017\/01\/IMG_1538.jpg?fit=4898%2C3265\" data-orig-size=\"4898,3265\" data-comments-opened=\"1\" data-image-meta=\"{&quot;aperture&quot;:&quot;0&quot;,&quot;credit&quot;:&quot;&quot;,&quot;camera&quot;:&quot;&quot;,&quot;caption&quot;:&quot;&quot;,&quot;created_timestamp&quot;:&quot;0&quot;,&quot;copyright&quot;:&quot;&quot;,&quot;focal_length&quot;:&quot;0&quot;,&quot;iso&quot;:&quot;0&quot;,&quot;shutter_speed&quot;:&quot;0&quot;,&quot;title&quot;:&quot;&quot;,&quot;orientation&quot;:&quot;0&quot;}\" data-image-title=\"img_1538\" data-image-description=\"\" data-image-caption=\"&lt;p&gt;Cusco&lt;\/p&gt;\n\" data-medium-file=\"https:\/\/i0.wp.com\/www.spang.ch\/aude\/wp-content\/uploads\/2017\/01\/IMG_1538.jpg?fit=300%2C200\" data-large-file=\"https:\/\/i0.wp.com\/www.spang.ch\/aude\/wp-content\/uploads\/2017\/01\/IMG_1538.jpg?fit=1000%2C667\" tabindex=\"0\" role=\"button\" class=\"size-large wp-image-600\" src=\"https:\/\/i0.wp.com\/www.spang.ch\/aude\/wp-content\/uploads\/2017\/01\/IMG_1538.jpg?resize=1000%2C667\" alt=\"Cusco\" width=\"1000\" height=\"667\" srcset=\"https:\/\/i0.wp.com\/www.spang.ch\/aude\/wp-content\/uploads\/2017\/01\/IMG_1538.jpg?resize=1024%2C683 1024w, https:\/\/i0.wp.com\/www.spang.ch\/aude\/wp-content\/uploads\/2017\/01\/IMG_1538.jpg?resize=300%2C200 300w, https:\/\/i0.wp.com\/www.spang.ch\/aude\/wp-content\/uploads\/2017\/01\/IMG_1538.jpg?resize=768%2C512 768w, https:\/\/i0.wp.com\/www.spang.ch\/aude\/wp-content\/uploads\/2017\/01\/IMG_1538.jpg?resize=960%2C640 960w, https:\/\/i0.wp.com\/www.spang.ch\/aude\/wp-content\/uploads\/2017\/01\/IMG_1538.jpg?resize=450%2C300 450w, https:\/\/i0.wp.com\/www.spang.ch\/aude\/wp-content\/uploads\/2017\/01\/IMG_1538.jpg?w=2000 2000w, https:\/\/i0.wp.com\/www.spang.ch\/aude\/wp-content\/uploads\/2017\/01\/IMG_1538.jpg?w=3000 3000w\" sizes=\"(max-width: 1000px) 100vw, 1000px\" data-recalc-dims=\"1\" \/><\/a><figcaption id=\"caption-attachment-600\" class=\"wp-caption-text\">Cusco<\/figcaption><\/figure>\n<p style=\"text-align: justify;\">J&rsquo;ai par contre remarqu\u00e9 qu&rsquo;ici aussi, il y a toujours un autocollant (dans le bus ou sur la devanture d&rsquo;un magasin) pour te rappeler que J\u00e9sus t&rsquo;aime. Et les gens ont des fausses dents assez sp\u00e9ciales: c&rsquo;est comme si la dent, vue de face, \u00e9tait encadr\u00e9e d&rsquo;un fil d&rsquo;or. Et sinon je dirais que le P\u00e9rou m\u00e9rite tout de m\u00eame son petit paragraphe concernant la nourriture. Alors. Il faut avant tout accepter que la base de la nourriture en Am\u00e9rique du Sud est riz + poulet + patates, c&rsquo;est ce qu&rsquo;on trouve dans les restos simples et pas chers, ou en bord de route. Et tr\u00e8s, tr\u00e8s peu de l\u00e9gumes. Parfois, au lieu des patates, ce sera de la <em>yuca<\/em> (manioc), ou du <em>camote<\/em> (patate douce). Le long des c\u00f4tes on vous servira du poisson, en Colombie il y aura presque toujours aussi du plantain frit (grosse banane qui go\u00fbte peu) voire une salade de chou et une tranche de tomate. Dans les environs d&rsquo;une rivi\u00e8re vous aurez droit \u00e0 de le truite (le plus souvent frite). Au P\u00e9rou, on trouve cependant une vari\u00e9t\u00e9 de choix un peu plus grande. Le <em>lomo saltado<\/em> est du boeuf saut\u00e9 avec des l\u00e9gumes et de l&rsquo;oignon, il y a de la friture de poisson, le <em>cuy<\/em> est du cochon d&rsquo;inde frit (pas go\u00fbt\u00e9), ou on sert encore des steaks ou de la pizza d&rsquo;alpaca (pas eu le temps de go\u00fbter). Il y a l&rsquo;incontournable et d\u00e9licieux <em>ceviche<\/em> (poisson cru marin\u00e9 dans du citron et de l&rsquo;oignon), de renomm\u00e9e internationale. Et puis j&rsquo;ai rep\u00e9r\u00e9 qu&rsquo;on trouve aussi du flan jusque sur les march\u00e9s, et m\u00eame du riz au lait! Bref, le P\u00e9rou n&rsquo;est pas mal dot\u00e9 culinairement et plaira aux gourmands, bien que la vari\u00e9t\u00e9 de fruits propos\u00e9s pour les jus soit plus r\u00e9duite qu&rsquo;en Colombie. On m&rsquo;a dit que la Bolivie est terrible concernant la nourriture, je pr\u00e9pare mon estomac&#8230;!<\/p>\n<figure id=\"attachment_572\" aria-describedby=\"caption-attachment-572\" style=\"width: 1000px\" class=\"wp-caption aligncenter\"><a href=\"https:\/\/i0.wp.com\/www.spang.ch\/aude\/wp-content\/uploads\/2016\/12\/IMG_1897.jpg\"><img loading=\"lazy\" decoding=\"async\" data-attachment-id=\"572\" data-permalink=\"http:\/\/www.spang.ch\/aude\/fr\/2017\/01\/peru-country-of-the-inca\/img_1897\/\" data-orig-file=\"https:\/\/i0.wp.com\/www.spang.ch\/aude\/wp-content\/uploads\/2016\/12\/IMG_1897.jpg?fit=5184%2C3456\" data-orig-size=\"5184,3456\" data-comments-opened=\"1\" data-image-meta=\"{&quot;aperture&quot;:&quot;0&quot;,&quot;credit&quot;:&quot;&quot;,&quot;camera&quot;:&quot;&quot;,&quot;caption&quot;:&quot;&quot;,&quot;created_timestamp&quot;:&quot;0&quot;,&quot;copyright&quot;:&quot;&quot;,&quot;focal_length&quot;:&quot;0&quot;,&quot;iso&quot;:&quot;0&quot;,&quot;shutter_speed&quot;:&quot;0&quot;,&quot;title&quot;:&quot;&quot;,&quot;orientation&quot;:&quot;0&quot;}\" data-image-title=\"img_1897\" data-image-description=\"\" data-image-caption=\"&lt;p&gt;Foggy Machu Picchu&lt;\/p&gt;\n\" data-medium-file=\"https:\/\/i0.wp.com\/www.spang.ch\/aude\/wp-content\/uploads\/2016\/12\/IMG_1897.jpg?fit=300%2C200\" data-large-file=\"https:\/\/i0.wp.com\/www.spang.ch\/aude\/wp-content\/uploads\/2016\/12\/IMG_1897.jpg?fit=1000%2C667\" tabindex=\"0\" role=\"button\" class=\"size-large wp-image-572\" src=\"https:\/\/i0.wp.com\/www.spang.ch\/aude\/wp-content\/uploads\/2016\/12\/IMG_1897.jpg?resize=1000%2C667\" alt=\"Foggy Machu Picchu\" width=\"1000\" height=\"667\" srcset=\"https:\/\/i0.wp.com\/www.spang.ch\/aude\/wp-content\/uploads\/2016\/12\/IMG_1897.jpg?resize=1024%2C683 1024w, https:\/\/i0.wp.com\/www.spang.ch\/aude\/wp-content\/uploads\/2016\/12\/IMG_1897.jpg?resize=300%2C200 300w, https:\/\/i0.wp.com\/www.spang.ch\/aude\/wp-content\/uploads\/2016\/12\/IMG_1897.jpg?resize=768%2C512 768w, https:\/\/i0.wp.com\/www.spang.ch\/aude\/wp-content\/uploads\/2016\/12\/IMG_1897.jpg?resize=960%2C640 960w, https:\/\/i0.wp.com\/www.spang.ch\/aude\/wp-content\/uploads\/2016\/12\/IMG_1897.jpg?resize=450%2C300 450w, https:\/\/i0.wp.com\/www.spang.ch\/aude\/wp-content\/uploads\/2016\/12\/IMG_1897.jpg?w=2000 2000w, https:\/\/i0.wp.com\/www.spang.ch\/aude\/wp-content\/uploads\/2016\/12\/IMG_1897.jpg?w=3000 3000w\" sizes=\"(max-width: 1000px) 100vw, 1000px\" data-recalc-dims=\"1\" \/><\/a><figcaption id=\"caption-attachment-572\" class=\"wp-caption-text\">Foggy Machu Picchu<\/figcaption><\/figure>\n<p style=\"text-align: justify;\">Je compte tout de m\u00eame terminer cet article avec quelques aspects ethno-historiques. Tout d&rsquo;abord, je me suis rendu compte de l&rsquo;ampleur de mon ignorance quand j&rsquo;ai compris que les incas \u00e9taient contemporains \u00e0 notre Moyen-\u00c2ge et non, comme je le pensais, aux pharaons \u00e9gyptiens (\u00e7a c&rsquo;est apparemment plut\u00f4t les Mayas, je prends note). Du coup le Machu Picchu n&rsquo;est m\u00eame pas aussi vieux que les \u00e9difices de l&#8217;empire romain! La civilisation inca a donc commenc\u00e9 vers 1200 dans les environs de Cusco, et s&rsquo;est ensuite \u00e9tendue le long de l&rsquo;oc\u00e9an Pacifique et de la cordill\u00e8re des Andes, du sud de l&rsquo;actuelle Colombie jusqu&rsquo;\u00e0 l&rsquo;Argentine et le Chili, en passant par l&rsquo;Equateur, le P\u00e9rou et la Bolivie. L&#8217;empire inca \u00e9tait gouvern\u00e9 par le Sapa Inca, le chef supr\u00eame, et avait pour particularit\u00e9 d&rsquo;int\u00e9grer les populations qu&rsquo;il conqu\u00e9rait en leur permettant de pr\u00e9server leur identit\u00e9 culturelle (langage, religion). Les Espagnols arriv\u00e8rent en 1534 et conquirent les Incas \u00e0 leur tour, dans une guerre qui dura quelques ann\u00e9es.<\/p>\n<figure id=\"attachment_601\" aria-describedby=\"caption-attachment-601\" style=\"width: 683px\" class=\"wp-caption aligncenter\"><a href=\"https:\/\/i0.wp.com\/www.spang.ch\/aude\/wp-content\/uploads\/2017\/01\/IMG_1546-e1483742818146.jpg\"><img loading=\"lazy\" decoding=\"async\" data-attachment-id=\"601\" data-permalink=\"http:\/\/www.spang.ch\/aude\/fr\/2017\/01\/peru-country-of-the-inca\/img_1546\/\" data-orig-file=\"https:\/\/i0.wp.com\/www.spang.ch\/aude\/wp-content\/uploads\/2017\/01\/IMG_1546-e1483742818146.jpg?fit=3265%2C4898\" data-orig-size=\"3265,4898\" data-comments-opened=\"1\" data-image-meta=\"{&quot;aperture&quot;:&quot;0&quot;,&quot;credit&quot;:&quot;&quot;,&quot;camera&quot;:&quot;&quot;,&quot;caption&quot;:&quot;&quot;,&quot;created_timestamp&quot;:&quot;0&quot;,&quot;copyright&quot;:&quot;&quot;,&quot;focal_length&quot;:&quot;0&quot;,&quot;iso&quot;:&quot;0&quot;,&quot;shutter_speed&quot;:&quot;0&quot;,&quot;title&quot;:&quot;&quot;,&quot;orientation&quot;:&quot;0&quot;}\" data-image-title=\"img_1546\" data-image-description=\"\" data-image-caption=\"&lt;p&gt;Cusco&lt;\/p&gt;\n\" data-medium-file=\"https:\/\/i0.wp.com\/www.spang.ch\/aude\/wp-content\/uploads\/2017\/01\/IMG_1546-e1483742818146.jpg?fit=200%2C300\" data-large-file=\"https:\/\/i0.wp.com\/www.spang.ch\/aude\/wp-content\/uploads\/2017\/01\/IMG_1546-e1483742818146.jpg?fit=683%2C1024\" tabindex=\"0\" role=\"button\" class=\"size-large wp-image-601\" src=\"https:\/\/i0.wp.com\/www.spang.ch\/aude\/wp-content\/uploads\/2017\/01\/IMG_1546-e1483742818146-683x1024.jpg?resize=683%2C1024\" alt=\"Cusco\" width=\"683\" height=\"1024\" srcset=\"https:\/\/i0.wp.com\/www.spang.ch\/aude\/wp-content\/uploads\/2017\/01\/IMG_1546-e1483742818146.jpg?resize=683%2C1024 683w, https:\/\/i0.wp.com\/www.spang.ch\/aude\/wp-content\/uploads\/2017\/01\/IMG_1546-e1483742818146.jpg?resize=200%2C300 200w, https:\/\/i0.wp.com\/www.spang.ch\/aude\/wp-content\/uploads\/2017\/01\/IMG_1546-e1483742818146.jpg?resize=768%2C1152 768w, https:\/\/i0.wp.com\/www.spang.ch\/aude\/wp-content\/uploads\/2017\/01\/IMG_1546-e1483742818146.jpg?w=2000 2000w, https:\/\/i0.wp.com\/www.spang.ch\/aude\/wp-content\/uploads\/2017\/01\/IMG_1546-e1483742818146.jpg?w=3000 3000w\" sizes=\"(max-width: 683px) 100vw, 683px\" data-recalc-dims=\"1\" \/><\/a><figcaption id=\"caption-attachment-601\" class=\"wp-caption-text\">Cusco<\/figcaption><\/figure>\n<p style=\"text-align: justify;\">Un si\u00e8cle plus tard, la population inca, d\u00e9cim\u00e9e, \u00e9tait pass\u00e9e de 12-15 mio \u00e0 environ 600&rsquo;000 membres. C&rsquo;est en 1821 que le pays obtint son ind\u00e9pendance du royaume espagnol, lib\u00e9r\u00e9 comme la Colombie par Simon Bolivar. Cependant, comme mon guide du trek de Salkantay nous a fait remarquer, le pays ne fut r\u00e9ellement libre qu&rsquo;en 1969 lorsque fut aboli le syst\u00e8me favorisant les propri\u00e9taires terriens (espagnols). Voila qui donne une petite id\u00e9e&#8230; je n&rsquo;en sais pas beaucoup plus et ai d\u00e9j\u00e0 d\u00fb v\u00e9rifier quelques infos sur Wikipedia donc je ne vais pas m&rsquo;appesantir sur le sujet. Par contre ce que je trouve int\u00e9ressant est de savoir qu&rsquo;un grand nombre (une majorit\u00e9, je crois) de p\u00e9ruviens (et de boliviens!) parle encore quechua, m\u00eame comme langue maternelle, et qu&rsquo;il y a apparemment encore 42 langues indig\u00e8nes \u00e0 travers le pays. Mon guide de Salkantay a d&rsquo;ailleurs dit se consid\u00e9rer inca, et l&rsquo;histoire p\u00e9ruvienne est apparemment marqu\u00e9e par une longue r\u00e9sistance inca (pas seulement militaire mais aussi culturelle). Pour moi qui voyait les incas comme une civilisation mill\u00e9naire disparue depuis longtemps, ce fut un choc intellectuel des plus instructifs!<\/p>\n<p style=\"text-align: justify;\"><strong><a href=\"https:\/\/goo.gl\/photos\/EYhgiXGjCYG6Lbmi8\">Pour plus de photos du nord du P\u00e9rou (M\u00e1ncora, Ku\u00e9lap, Gocta), clique ici <\/a><\/strong>(pas eu le temps d&rsquo;en t\u00e9l\u00e9charger plus)<\/p>\n<p style=\"text-align: justify;\">Lecture en cours: <em>Los R\u00edos Profundos\u00a0<\/em>(Les Rivi\u00e8res Profondes) de\u00a0Jos\u00e9 Mar\u00eda Arguedas (p\u00e9ruvien)<\/p>\n<p><figure id=\"attachment_586\" aria-describedby=\"caption-attachment-586\" style=\"width: 1000px\" class=\"wp-caption aligncenter\"><a href=\"https:\/\/i0.wp.com\/www.spang.ch\/aude\/wp-content\/uploads\/2017\/01\/IMG_2069.jpg\"><img loading=\"lazy\" decoding=\"async\" data-attachment-id=\"586\" data-permalink=\"http:\/\/www.spang.ch\/aude\/fr\/2017\/01\/peru-country-of-the-inca\/img_2069\/\" data-orig-file=\"https:\/\/i0.wp.com\/www.spang.ch\/aude\/wp-content\/uploads\/2017\/01\/IMG_2069.jpg?fit=4898%2C3265\" data-orig-size=\"4898,3265\" data-comments-opened=\"1\" data-image-meta=\"{&quot;aperture&quot;:&quot;0&quot;,&quot;credit&quot;:&quot;&quot;,&quot;camera&quot;:&quot;&quot;,&quot;caption&quot;:&quot;&quot;,&quot;created_timestamp&quot;:&quot;0&quot;,&quot;copyright&quot;:&quot;&quot;,&quot;focal_length&quot;:&quot;0&quot;,&quot;iso&quot;:&quot;0&quot;,&quot;shutter_speed&quot;:&quot;0&quot;,&quot;title&quot;:&quot;&quot;,&quot;orientation&quot;:&quot;0&quot;}\" data-image-title=\"img_2069\" data-image-description=\"\" data-image-caption=\"&lt;p&gt;Machu Picchu&lt;\/p&gt;\n\" data-medium-file=\"https:\/\/i0.wp.com\/www.spang.ch\/aude\/wp-content\/uploads\/2017\/01\/IMG_2069.jpg?fit=300%2C200\" data-large-file=\"https:\/\/i0.wp.com\/www.spang.ch\/aude\/wp-content\/uploads\/2017\/01\/IMG_2069.jpg?fit=1000%2C667\" tabindex=\"0\" role=\"button\" class=\"size-large wp-image-586\" src=\"https:\/\/i0.wp.com\/www.spang.ch\/aude\/wp-content\/uploads\/2017\/01\/IMG_2069.jpg?resize=1000%2C667\" alt=\"Machu Picchu\" width=\"1000\" height=\"667\" srcset=\"https:\/\/i0.wp.com\/www.spang.ch\/aude\/wp-content\/uploads\/2017\/01\/IMG_2069.jpg?resize=1024%2C683 1024w, https:\/\/i0.wp.com\/www.spang.ch\/aude\/wp-content\/uploads\/2017\/01\/IMG_2069.jpg?resize=300%2C200 300w, https:\/\/i0.wp.com\/www.spang.ch\/aude\/wp-content\/uploads\/2017\/01\/IMG_2069.jpg?resize=768%2C512 768w, https:\/\/i0.wp.com\/www.spang.ch\/aude\/wp-content\/uploads\/2017\/01\/IMG_2069.jpg?resize=960%2C640 960w, https:\/\/i0.wp.com\/www.spang.ch\/aude\/wp-content\/uploads\/2017\/01\/IMG_2069.jpg?resize=450%2C300 450w, https:\/\/i0.wp.com\/www.spang.ch\/aude\/wp-content\/uploads\/2017\/01\/IMG_2069.jpg?w=2000 2000w, https:\/\/i0.wp.com\/www.spang.ch\/aude\/wp-content\/uploads\/2017\/01\/IMG_2069.jpg?w=3000 3000w\" sizes=\"(max-width: 1000px) 100vw, 1000px\" data-recalc-dims=\"1\" \/><\/a><figcaption id=\"caption-attachment-586\" class=\"wp-caption-text\">Machu Picchu<\/figcaption><\/figure><\/p>","protected":false},"excerpt":{"rendered":"<p>J&rsquo;ai commenc\u00e9 ma d\u00e9couverte du P\u00e9rou avec un peu de plage tout au nord, \u00e0 M\u00e1ncora. J&rsquo;y suis rest\u00e9e quelques jours et y ai fait la connaissance d&rsquo;un de mes compatriotes bernois, Cuno. Avec d&rsquo;autres gens de l&rsquo;h\u00f4tel nous avons, entre d\u00e9gustation du \u00ab\u00a0ceviche\u00a0\u00bb local (poisson blanc cru marin\u00e9 dans du citron et de l&rsquo;oignon,&#8230; <\/p>\n<div class=\"link-more\"><a href=\"http:\/\/www.spang.ch\/aude\/fr\/2017\/01\/peru-country-of-the-inca\/\">En savoir plus<\/a><\/div>\n","protected":false},"author":1,"featured_media":603,"comment_status":"open","ping_status":"open","sticky":false,"template":"","format":"standard","meta":{"jetpack_post_was_ever_published":false,"_jetpack_newsletter_access":"","_jetpack_dont_email_post_to_subs":false,"_jetpack_newsletter_tier_id":0,"_jetpack_memberships_contains_paywalled_content":false,"_jetpack_memberships_contains_paid_content":false,"footnotes":"","jetpack_publicize_message":"","jetpack_publicize_feature_enabled":true,"jetpack_social_post_already_shared":true,"jetpack_social_options":{"image_generator_settings":{"template":"highway","enabled":false},"version":2}},"categories":[4],"tags":[],"jetpack_publicize_connections":[],"jetpack_featured_media_url":"https:\/\/i0.wp.com\/www.spang.ch\/aude\/wp-content\/uploads\/2017\/01\/IMG_2030.jpg?fit=4898%2C3265","jetpack_shortlink":"https:\/\/wp.me\/p7EYAh-7Y","jetpack-related-posts":[],"jetpack_likes_enabled":true,"jetpack_sharing_enabled":true,"_links":{"self":[{"href":"http:\/\/www.spang.ch\/aude\/fr\/wp-json\/wp\/v2\/posts\/494"}],"collection":[{"href":"http:\/\/www.spang.ch\/aude\/fr\/wp-json\/wp\/v2\/posts"}],"about":[{"href":"http:\/\/www.spang.ch\/aude\/fr\/wp-json\/wp\/v2\/types\/post"}],"author":[{"embeddable":true,"href":"http:\/\/www.spang.ch\/aude\/fr\/wp-json\/wp\/v2\/users\/1"}],"replies":[{"embeddable":true,"href":"http:\/\/www.spang.ch\/aude\/fr\/wp-json\/wp\/v2\/comments?post=494"}],"version-history":[{"count":26,"href":"http:\/\/www.spang.ch\/aude\/fr\/wp-json\/wp\/v2\/posts\/494\/revisions"}],"predecessor-version":[{"id":611,"href":"http:\/\/www.spang.ch\/aude\/fr\/wp-json\/wp\/v2\/posts\/494\/revisions\/611"}],"wp:featuredmedia":[{"embeddable":true,"href":"http:\/\/www.spang.ch\/aude\/fr\/wp-json\/wp\/v2\/media\/603"}],"wp:attachment":[{"href":"http:\/\/www.spang.ch\/aude\/fr\/wp-json\/wp\/v2\/media?parent=494"}],"wp:term":[{"taxonomy":"category","embeddable":true,"href":"http:\/\/www.spang.ch\/aude\/fr\/wp-json\/wp\/v2\/categories?post=494"},{"taxonomy":"post_tag","embeddable":true,"href":"http:\/\/www.spang.ch\/aude\/fr\/wp-json\/wp\/v2\/tags?post=494"}],"curies":[{"name":"wp","href":"https:\/\/api.w.org\/{rel}","templated":true}]}}