{"id":386,"date":"2016-12-11T00:22:17","date_gmt":"2016-12-10T22:22:17","guid":{"rendered":"http:\/\/www.spang.ch\/aude\/?p=386"},"modified":"2016-12-11T00:22:17","modified_gmt":"2016-12-10T22:22:17","slug":"la-vida-es-una-rumba","status":"publish","type":"post","link":"http:\/\/www.spang.ch\/aude\/fr\/2016\/12\/la-vida-es-una-rumba\/","title":{"rendered":"\u00a1La vida es una rumba!*"},"content":{"rendered":"<p><\/p>\n<p style=\"text-align: justify;\"><small>*rumba = f\u00eate<\/small><\/p>\n<figure id=\"attachment_523\" aria-describedby=\"caption-attachment-523\" style=\"width: 1000px\" class=\"wp-caption aligncenter\"><a href=\"https:\/\/i0.wp.com\/www.spang.ch\/aude\/wp-content\/uploads\/2016\/12\/IMG_9819-e1481407149460.jpg\"><img loading=\"lazy\" decoding=\"async\" data-attachment-id=\"523\" data-permalink=\"http:\/\/www.spang.ch\/aude\/fr\/2016\/12\/la-vida-es-una-rumba\/img_9819\/\" data-orig-file=\"https:\/\/i0.wp.com\/www.spang.ch\/aude\/wp-content\/uploads\/2016\/12\/IMG_9819-e1481407149460.jpg?fit=3264%2C2448\" data-orig-size=\"3264,2448\" data-comments-opened=\"1\" data-image-meta=\"{&quot;aperture&quot;:&quot;0&quot;,&quot;credit&quot;:&quot;&quot;,&quot;camera&quot;:&quot;&quot;,&quot;caption&quot;:&quot;&quot;,&quot;created_timestamp&quot;:&quot;0&quot;,&quot;copyright&quot;:&quot;&quot;,&quot;focal_length&quot;:&quot;0&quot;,&quot;iso&quot;:&quot;0&quot;,&quot;shutter_speed&quot;:&quot;0&quot;,&quot;title&quot;:&quot;&quot;,&quot;orientation&quot;:&quot;0&quot;}\" data-image-title=\"img_9819\" data-image-description=\"\" data-image-caption=\"&lt;p&gt;Quito&lt;\/p&gt;\n\" data-medium-file=\"https:\/\/i0.wp.com\/www.spang.ch\/aude\/wp-content\/uploads\/2016\/12\/IMG_9819-e1481407149460.jpg?fit=300%2C225\" data-large-file=\"https:\/\/i0.wp.com\/www.spang.ch\/aude\/wp-content\/uploads\/2016\/12\/IMG_9819-e1481407149460.jpg?fit=1000%2C750\" tabindex=\"0\" role=\"button\" class=\"size-large wp-image-523\" src=\"https:\/\/i0.wp.com\/www.spang.ch\/aude\/wp-content\/uploads\/2016\/12\/IMG_9819-e1481407149460-1024x768.jpg?resize=1000%2C750\" alt=\"Quito\" width=\"1000\" height=\"750\" srcset=\"https:\/\/i0.wp.com\/www.spang.ch\/aude\/wp-content\/uploads\/2016\/12\/IMG_9819-e1481407149460.jpg?resize=1024%2C768 1024w, https:\/\/i0.wp.com\/www.spang.ch\/aude\/wp-content\/uploads\/2016\/12\/IMG_9819-e1481407149460.jpg?resize=300%2C225 300w, https:\/\/i0.wp.com\/www.spang.ch\/aude\/wp-content\/uploads\/2016\/12\/IMG_9819-e1481407149460.jpg?resize=768%2C576 768w, https:\/\/i0.wp.com\/www.spang.ch\/aude\/wp-content\/uploads\/2016\/12\/IMG_9819-e1481407149460.jpg?resize=400%2C300 400w, https:\/\/i0.wp.com\/www.spang.ch\/aude\/wp-content\/uploads\/2016\/12\/IMG_9819-e1481407149460.jpg?w=2000 2000w, https:\/\/i0.wp.com\/www.spang.ch\/aude\/wp-content\/uploads\/2016\/12\/IMG_9819-e1481407149460.jpg?w=3000 3000w\" sizes=\"(max-width: 1000px) 100vw, 1000px\" data-recalc-dims=\"1\" \/><\/a><figcaption id=\"caption-attachment-523\" class=\"wp-caption-text\">Quito<\/figcaption><\/figure>\n<p style=\"text-align: justify;\">La fronti\u00e8re est pass\u00e9e, il y a de nouveaux tampons dans mon passeport (sortie de Colombie, entr\u00e9e et sortie d&rsquo;\u00c9quateur, entr\u00e9e au P\u00e9rou), et je suis maintenant hors des terres que j&rsquo;ai tant ch\u00e9ries. La Colombie m&rsquo;a imm\u00e9diatement manqu\u00e9! Je suis v\u00e9ritablement tomb\u00e9e amoureuse de ce pays fantastique, comme je pr\u00e9disais en rigolant quand on me demandait quels seraient mes plans de voyage. J&rsquo;ai fini par me d\u00e9cider \u00e0 sortir sans avoir vu tout ce qui m&rsquo;attirait, car tout couvrir n\u00e9cessiterait l&rsquo;ensemble de mon temps de voyage et j&rsquo;ai tout de m\u00eame envie de d\u00e9couvrir d&rsquo;autres pays. Je suis donc pass\u00e9e en Equateur, puis arriv\u00e9e au P\u00e9rou. Les derniers jours en Colombie ont \u00e9t\u00e9 \u00e0 la hauteur de mes esp\u00e9rances, une belle mani\u00e8re de saluer le pays&#8230;<\/p>\n<figure id=\"attachment_502\" aria-describedby=\"caption-attachment-502\" style=\"width: 1000px\" class=\"wp-caption aligncenter\"><a href=\"https:\/\/i0.wp.com\/www.spang.ch\/aude\/wp-content\/uploads\/2016\/12\/IMG_0329.jpg\"><img loading=\"lazy\" decoding=\"async\" data-attachment-id=\"502\" data-permalink=\"http:\/\/www.spang.ch\/aude\/fr\/2016\/12\/la-vida-es-una-rumba\/img_0329\/\" data-orig-file=\"https:\/\/i0.wp.com\/www.spang.ch\/aude\/wp-content\/uploads\/2016\/12\/IMG_0329.jpg?fit=5184%2C3456\" data-orig-size=\"5184,3456\" data-comments-opened=\"1\" data-image-meta=\"{&quot;aperture&quot;:&quot;0&quot;,&quot;credit&quot;:&quot;&quot;,&quot;camera&quot;:&quot;&quot;,&quot;caption&quot;:&quot;&quot;,&quot;created_timestamp&quot;:&quot;0&quot;,&quot;copyright&quot;:&quot;&quot;,&quot;focal_length&quot;:&quot;0&quot;,&quot;iso&quot;:&quot;0&quot;,&quot;shutter_speed&quot;:&quot;0&quot;,&quot;title&quot;:&quot;&quot;,&quot;orientation&quot;:&quot;0&quot;}\" data-image-title=\"img_0329\" data-image-description=\"\" data-image-caption=\"&lt;p&gt;Chicamocha Canyon &lt;\/p&gt;\n\" data-medium-file=\"https:\/\/i0.wp.com\/www.spang.ch\/aude\/wp-content\/uploads\/2016\/12\/IMG_0329.jpg?fit=300%2C200\" data-large-file=\"https:\/\/i0.wp.com\/www.spang.ch\/aude\/wp-content\/uploads\/2016\/12\/IMG_0329.jpg?fit=1000%2C667\" tabindex=\"0\" role=\"button\" class=\"size-large wp-image-502\" src=\"https:\/\/i0.wp.com\/www.spang.ch\/aude\/wp-content\/uploads\/2016\/12\/IMG_0329.jpg?resize=1000%2C667\" alt=\"Canyon de Chicamocha\" width=\"1000\" height=\"667\" srcset=\"https:\/\/i0.wp.com\/www.spang.ch\/aude\/wp-content\/uploads\/2016\/12\/IMG_0329.jpg?resize=1024%2C683 1024w, https:\/\/i0.wp.com\/www.spang.ch\/aude\/wp-content\/uploads\/2016\/12\/IMG_0329.jpg?resize=300%2C200 300w, https:\/\/i0.wp.com\/www.spang.ch\/aude\/wp-content\/uploads\/2016\/12\/IMG_0329.jpg?resize=768%2C512 768w, https:\/\/i0.wp.com\/www.spang.ch\/aude\/wp-content\/uploads\/2016\/12\/IMG_0329.jpg?resize=960%2C640 960w, https:\/\/i0.wp.com\/www.spang.ch\/aude\/wp-content\/uploads\/2016\/12\/IMG_0329.jpg?resize=450%2C300 450w, https:\/\/i0.wp.com\/www.spang.ch\/aude\/wp-content\/uploads\/2016\/12\/IMG_0329.jpg?w=2000 2000w, https:\/\/i0.wp.com\/www.spang.ch\/aude\/wp-content\/uploads\/2016\/12\/IMG_0329.jpg?w=3000 3000w\" sizes=\"(max-width: 1000px) 100vw, 1000px\" data-recalc-dims=\"1\" \/><\/a><figcaption id=\"caption-attachment-502\" class=\"wp-caption-text\">Canyon de Chicamocha<\/figcaption><\/figure>\n<p style=\"text-align: justify;\">Apr\u00e8s mon s\u00e9jour \u00e0 Minca, j&rsquo;ai salu\u00e9 Jeronimo et Margot et suis partie vers la r\u00e9gion de Santander, \u00e0 Bucaramanga pour \u00eatre exacte. L\u00e0-bas vivent les parents d&rsquo;un ami colombien rencontr\u00e9 en Indon\u00e9sie et vivant maintenant \u00e0 Berlin, Diego. Diego a \u00e9t\u00e9 un fantastique agent de voyage informel durant tout mon s\u00e9jour dans son pays, me demandant r\u00e9guli\u00e8rement o\u00f9 j&rsquo;\u00e9tais, comment \u00e7a se passait et me donnant des conseils pour la suite. Il a de cette mani\u00e8re fait honneur \u00e0 son peuple, que je n&rsquo;ai toujours rencontr\u00e9 que pr\u00e9occup\u00e9 par l&rsquo;image que j&rsquo;aurais du pays, des gens, de la nourriture. On dit beaucoup des Colombiens qu&rsquo;ils sont extr\u00eamement gentils, et je l&rsquo;ai constat\u00e9 durant les 7 semaines que j&rsquo;ai pass\u00e9es sur leur territoire (au lieu des 4 initialement pr\u00e9vues). Toujours soulag\u00e9s qu&rsquo;il ne me soit rien arriv\u00e9 de mal, et tellement heureux que la Colombie me plaise! Vraiment des gens adorables, et Diego fut un excellent ambassadeur \u00e0 distance.<\/p>\n<figure id=\"attachment_503\" aria-describedby=\"caption-attachment-503\" style=\"width: 1000px\" class=\"wp-caption aligncenter\"><a href=\"https:\/\/i0.wp.com\/www.spang.ch\/aude\/wp-content\/uploads\/2016\/12\/IMG_0333.jpg\"><img loading=\"lazy\" decoding=\"async\" data-attachment-id=\"503\" data-permalink=\"http:\/\/www.spang.ch\/aude\/fr\/2016\/12\/la-vida-es-una-rumba\/img_0333\/\" data-orig-file=\"https:\/\/i0.wp.com\/www.spang.ch\/aude\/wp-content\/uploads\/2016\/12\/IMG_0333.jpg?fit=5184%2C3456\" data-orig-size=\"5184,3456\" data-comments-opened=\"1\" data-image-meta=\"{&quot;aperture&quot;:&quot;0&quot;,&quot;credit&quot;:&quot;&quot;,&quot;camera&quot;:&quot;&quot;,&quot;caption&quot;:&quot;&quot;,&quot;created_timestamp&quot;:&quot;0&quot;,&quot;copyright&quot;:&quot;&quot;,&quot;focal_length&quot;:&quot;0&quot;,&quot;iso&quot;:&quot;0&quot;,&quot;shutter_speed&quot;:&quot;0&quot;,&quot;title&quot;:&quot;&quot;,&quot;orientation&quot;:&quot;0&quot;}\" data-image-title=\"img_0333\" data-image-description=\"\" data-image-caption=\"&lt;p&gt;Ipiales&lt;\/p&gt;\n\" data-medium-file=\"https:\/\/i0.wp.com\/www.spang.ch\/aude\/wp-content\/uploads\/2016\/12\/IMG_0333.jpg?fit=300%2C200\" data-large-file=\"https:\/\/i0.wp.com\/www.spang.ch\/aude\/wp-content\/uploads\/2016\/12\/IMG_0333.jpg?fit=1000%2C667\" tabindex=\"0\" role=\"button\" class=\"size-large wp-image-503\" src=\"https:\/\/i0.wp.com\/www.spang.ch\/aude\/wp-content\/uploads\/2016\/12\/IMG_0333.jpg?resize=1000%2C667\" alt=\"Ipiales\" width=\"1000\" height=\"667\" srcset=\"https:\/\/i0.wp.com\/www.spang.ch\/aude\/wp-content\/uploads\/2016\/12\/IMG_0333.jpg?resize=1024%2C683 1024w, https:\/\/i0.wp.com\/www.spang.ch\/aude\/wp-content\/uploads\/2016\/12\/IMG_0333.jpg?resize=300%2C200 300w, https:\/\/i0.wp.com\/www.spang.ch\/aude\/wp-content\/uploads\/2016\/12\/IMG_0333.jpg?resize=768%2C512 768w, https:\/\/i0.wp.com\/www.spang.ch\/aude\/wp-content\/uploads\/2016\/12\/IMG_0333.jpg?resize=960%2C640 960w, https:\/\/i0.wp.com\/www.spang.ch\/aude\/wp-content\/uploads\/2016\/12\/IMG_0333.jpg?resize=450%2C300 450w, https:\/\/i0.wp.com\/www.spang.ch\/aude\/wp-content\/uploads\/2016\/12\/IMG_0333.jpg?w=2000 2000w, https:\/\/i0.wp.com\/www.spang.ch\/aude\/wp-content\/uploads\/2016\/12\/IMG_0333.jpg?w=3000 3000w\" sizes=\"(max-width: 1000px) 100vw, 1000px\" data-recalc-dims=\"1\" \/><\/a><figcaption id=\"caption-attachment-503\" class=\"wp-caption-text\">Ipiales<\/figcaption><\/figure>\n<p style=\"text-align: justify;\">Ses parents, extr\u00eamement attentionn\u00e9s et chaleureux, m&rsquo;ont donc accueillie dans leur maison et trait\u00e9e comme leur h\u00f4te de marque, alors m\u00eame que (ou d&rsquo;autant plus parce que) je suis tomb\u00e9e malade. Rien de grave, probablement surtout mon corps qui me disait de m&rsquo;arr\u00eater un peu et de le laisser se reposer. Nous avons tout de m\u00eame eu le temps de visiter le canyon de Chicamocha avant que je ne puisse plus aller de l&rsquo;avant. Ce canyon, j&rsquo;ai appris par apr\u00e8s, est plus profond que le Grand Canyon am\u00e9ricain (2km contre 800m, mais le Grand Canyon est environ 2x plus long). Il s&rsquo;\u00e9tend sur 227km de long et 108&rsquo;000 hectares, et est l&rsquo;une des ic\u00f4nes de la g\u00e9ographie colombienne d&rsquo;apr\u00e8s le papa de Diego (d&rsquo;ailleurs tant le p\u00e8re que le fils sont tr\u00e8s fiers de leur r\u00e9gion, c&rsquo;est vraiment mignon). Quelle chance j&rsquo;ai eu d&rsquo;avoir le temps de le voir! Nous avons pris un t\u00e9l\u00e9ph\u00e9rique pour le survoler et arriver \u00e0 un superbe point de vue \u00e0 360 degr\u00e9s, puis avons d\u00fb rentrer car je n&rsquo;\u00e9tais pas tr\u00e8s en forme.<\/p>\n<figure id=\"attachment_510\" aria-describedby=\"caption-attachment-510\" style=\"width: 683px\" class=\"wp-caption aligncenter\"><a href=\"https:\/\/i0.wp.com\/www.spang.ch\/aude\/wp-content\/uploads\/2016\/12\/IMG_0438-e1481307892953.jpg\"><img loading=\"lazy\" decoding=\"async\" data-attachment-id=\"510\" data-permalink=\"http:\/\/www.spang.ch\/aude\/fr\/2016\/12\/la-vida-es-una-rumba\/img_0438\/\" data-orig-file=\"https:\/\/i0.wp.com\/www.spang.ch\/aude\/wp-content\/uploads\/2016\/12\/IMG_0438-e1481307892953.jpg?fit=3456%2C5184\" data-orig-size=\"3456,5184\" data-comments-opened=\"1\" data-image-meta=\"{&quot;aperture&quot;:&quot;0&quot;,&quot;credit&quot;:&quot;&quot;,&quot;camera&quot;:&quot;&quot;,&quot;caption&quot;:&quot;&quot;,&quot;created_timestamp&quot;:&quot;0&quot;,&quot;copyright&quot;:&quot;&quot;,&quot;focal_length&quot;:&quot;0&quot;,&quot;iso&quot;:&quot;0&quot;,&quot;shutter_speed&quot;:&quot;0&quot;,&quot;title&quot;:&quot;&quot;,&quot;orientation&quot;:&quot;0&quot;}\" data-image-title=\"img_0438\" data-image-description=\"\" data-image-caption=\"&lt;p&gt;Quito&lt;\/p&gt;\n\" data-medium-file=\"https:\/\/i0.wp.com\/www.spang.ch\/aude\/wp-content\/uploads\/2016\/12\/IMG_0438-e1481307892953.jpg?fit=200%2C300\" data-large-file=\"https:\/\/i0.wp.com\/www.spang.ch\/aude\/wp-content\/uploads\/2016\/12\/IMG_0438-e1481307892953.jpg?fit=683%2C1024\" tabindex=\"0\" role=\"button\" class=\"size-large wp-image-510\" src=\"https:\/\/i0.wp.com\/www.spang.ch\/aude\/wp-content\/uploads\/2016\/12\/IMG_0438-e1481307892953-683x1024.jpg?resize=683%2C1024\" alt=\"Quito\" width=\"683\" height=\"1024\" srcset=\"https:\/\/i0.wp.com\/www.spang.ch\/aude\/wp-content\/uploads\/2016\/12\/IMG_0438-e1481307892953.jpg?resize=683%2C1024 683w, https:\/\/i0.wp.com\/www.spang.ch\/aude\/wp-content\/uploads\/2016\/12\/IMG_0438-e1481307892953.jpg?resize=200%2C300 200w, https:\/\/i0.wp.com\/www.spang.ch\/aude\/wp-content\/uploads\/2016\/12\/IMG_0438-e1481307892953.jpg?resize=768%2C1152 768w, https:\/\/i0.wp.com\/www.spang.ch\/aude\/wp-content\/uploads\/2016\/12\/IMG_0438-e1481307892953.jpg?w=2000 2000w, https:\/\/i0.wp.com\/www.spang.ch\/aude\/wp-content\/uploads\/2016\/12\/IMG_0438-e1481307892953.jpg?w=3000 3000w\" sizes=\"(max-width: 683px) 100vw, 683px\" data-recalc-dims=\"1\" \/><\/a><figcaption id=\"caption-attachment-510\" class=\"wp-caption-text\">Quito<\/figcaption><\/figure>\n<p style=\"text-align: justify;\">Mes h\u00f4tes ont \u00e9t\u00e9 aux petits soins avec moi, m&rsquo;intimant au repos et me for\u00e7ant \u00e0 me nourrir avant d&rsquo;\u00eatre s\u00fbrs qu&rsquo;ils pouvaient me laisser prendre le bus de retour pour Bogot\u00e1. Le voyage fut long mais confortable, et une fois \u00e0 la capitale je suis retourn\u00e9e chez mon amie Alex. C&rsquo;\u00e9tait \u00e9trangement familier et agr\u00e9able de retourner dans cet appartement et dans cette ville d&rsquo;o\u00f9 tout avait commenc\u00e9, apr\u00e8s plusieurs semaines en d\u00e9placement! Un peu comme de retrouver ses rep\u00e8res quand on rentre \u00e0 la maison. J&rsquo;y \u00e9tais \u00e0 nouveau, cette fois la t\u00eate pleine d&rsquo;histoires, de paysages, de nouveaux amis, et arm\u00e9e d&rsquo;une connaissance du pays qui me manquait au d\u00e9but. J&rsquo;y ai aussi retrouv\u00e9 Margot! Qui y passait le week-end avant de rentrer en Belgique. Ensemble, on s&rsquo;est balad\u00e9es dans cette ville qu&rsquo;on connaissait toutes deux d\u00e9j\u00e0 un peu, et on a pass\u00e9 quelques derniers moments vraiment chouettes, \u00e0 profiter de la complicit\u00e9 qui \u00e9tait n\u00e9e ces derni\u00e8res semaines et nous fera nous revoir&#8230; en Europe!<\/p>\n<figure id=\"attachment_525\" aria-describedby=\"caption-attachment-525\" style=\"width: 768px\" class=\"wp-caption aligncenter\"><a href=\"https:\/\/i0.wp.com\/www.spang.ch\/aude\/wp-content\/uploads\/2016\/12\/IMG-20161120-WA0047.jpg\"><img loading=\"lazy\" decoding=\"async\" data-attachment-id=\"525\" data-permalink=\"http:\/\/www.spang.ch\/aude\/fr\/2016\/12\/la-vida-es-una-rumba\/img-20161120-wa0047\/\" data-orig-file=\"https:\/\/i0.wp.com\/www.spang.ch\/aude\/wp-content\/uploads\/2016\/12\/IMG-20161120-WA0047.jpg?fit=780%2C1040\" data-orig-size=\"780,1040\" data-comments-opened=\"1\" data-image-meta=\"{&quot;aperture&quot;:&quot;0&quot;,&quot;credit&quot;:&quot;&quot;,&quot;camera&quot;:&quot;&quot;,&quot;caption&quot;:&quot;&quot;,&quot;created_timestamp&quot;:&quot;0&quot;,&quot;copyright&quot;:&quot;&quot;,&quot;focal_length&quot;:&quot;0&quot;,&quot;iso&quot;:&quot;0&quot;,&quot;shutter_speed&quot;:&quot;0&quot;,&quot;title&quot;:&quot;&quot;,&quot;orientation&quot;:&quot;0&quot;}\" data-image-title=\"img-20161120-wa0047\" data-image-description=\"\" data-image-caption=\"&lt;p&gt;Bogot\u00e1 &lt;\/p&gt;\n\" data-medium-file=\"https:\/\/i0.wp.com\/www.spang.ch\/aude\/wp-content\/uploads\/2016\/12\/IMG-20161120-WA0047.jpg?fit=225%2C300\" data-large-file=\"https:\/\/i0.wp.com\/www.spang.ch\/aude\/wp-content\/uploads\/2016\/12\/IMG-20161120-WA0047.jpg?fit=768%2C1024\" tabindex=\"0\" role=\"button\" class=\"size-large wp-image-525\" src=\"https:\/\/i0.wp.com\/www.spang.ch\/aude\/wp-content\/uploads\/2016\/12\/IMG-20161120-WA0047.jpg?resize=768%2C1024\" alt=\"Bogot\u00e1 \" width=\"768\" height=\"1024\" srcset=\"https:\/\/i0.wp.com\/www.spang.ch\/aude\/wp-content\/uploads\/2016\/12\/IMG-20161120-WA0047.jpg?resize=768%2C1024 768w, https:\/\/i0.wp.com\/www.spang.ch\/aude\/wp-content\/uploads\/2016\/12\/IMG-20161120-WA0047.jpg?resize=225%2C300 225w, https:\/\/i0.wp.com\/www.spang.ch\/aude\/wp-content\/uploads\/2016\/12\/IMG-20161120-WA0047.jpg?resize=630%2C840 630w, https:\/\/i0.wp.com\/www.spang.ch\/aude\/wp-content\/uploads\/2016\/12\/IMG-20161120-WA0047.jpg?w=780 780w\" sizes=\"(max-width: 768px) 100vw, 768px\" data-recalc-dims=\"1\" \/><\/a><figcaption id=\"caption-attachment-525\" class=\"wp-caption-text\">Bogot\u00e1<\/figcaption><\/figure>\n<p style=\"text-align: justify;\">On a eu de la chance: ce samedi soir-l\u00e0 il y avait la \u00ab\u00a0Salsa al Parque\u00a0\u00bb, un petit festival de concerts de salsa sur la place principale, une mani\u00e8re pour la ville de nous dire, ou plut\u00f4t de nous danser au revoir, je trouve. Quelle exp\u00e9rience de se retrouver avec tous ces gens, dansant et chantant en plein air, connaissant les paroles de chaque chanson et se mouvant gracieusement sur leurs m\u00e9lodies! Cette culture musicale colombienne fait clairement partie de ce qui me manque le plus en Suisse: la danse, qui est un rapport particulier \u00e0 la musique! Superbe moment. La soir\u00e9e a continu\u00e9 sur le m\u00eame ton, car Alexandra m&rsquo;a emmen\u00e9e \u00e0 Gaira, un bar au nord de la ville qui appartient \u00e0 Carlos Vives, grand chanteur de salsa venant de Barranquilla (il chante avec Shakira dans Bicicleta, la chanson de l&rsquo;\u00e9t\u00e9, voire ma playlist dans l&rsquo;article pr\u00e9c\u00e9dent). Musique live toute la soir\u00e9e, et des heures de danse, du pur bonheur! Dansant dans ce club sur ces rythmes joyeux je me suis dit que quand je danse, je suis \u00e0 ma place, et que, vraiment, en Colombie je me sens bien. Je la vois un peu comme mon second pays de coeur maintenant, je crois (juste apr\u00e8s l&rsquo;Italie, tout de m\u00eame irrempla\u00e7able&#8230; et l&rsquo;Indon\u00e9sie et l&rsquo;Irlande suivent pas loin apr\u00e8s).<\/p>\n<figure id=\"attachment_526\" aria-describedby=\"caption-attachment-526\" style=\"width: 1000px\" class=\"wp-caption aligncenter\"><a href=\"https:\/\/i0.wp.com\/www.spang.ch\/aude\/wp-content\/uploads\/2016\/12\/IMG-20161120-WA0008.jpg\"><img loading=\"lazy\" decoding=\"async\" data-attachment-id=\"526\" data-permalink=\"http:\/\/www.spang.ch\/aude\/fr\/2016\/12\/la-vida-es-una-rumba\/img-20161120-wa0008\/\" data-orig-file=\"https:\/\/i0.wp.com\/www.spang.ch\/aude\/wp-content\/uploads\/2016\/12\/IMG-20161120-WA0008.jpg?fit=1600%2C894\" data-orig-size=\"1600,894\" data-comments-opened=\"1\" data-image-meta=\"{&quot;aperture&quot;:&quot;0&quot;,&quot;credit&quot;:&quot;&quot;,&quot;camera&quot;:&quot;&quot;,&quot;caption&quot;:&quot;&quot;,&quot;created_timestamp&quot;:&quot;0&quot;,&quot;copyright&quot;:&quot;&quot;,&quot;focal_length&quot;:&quot;0&quot;,&quot;iso&quot;:&quot;0&quot;,&quot;shutter_speed&quot;:&quot;0&quot;,&quot;title&quot;:&quot;&quot;,&quot;orientation&quot;:&quot;0&quot;}\" data-image-title=\"img-20161120-wa0008\" data-image-description=\"\" data-image-caption=\"&lt;p&gt;Salsa al Parque&lt;\/p&gt;\n\" data-medium-file=\"https:\/\/i0.wp.com\/www.spang.ch\/aude\/wp-content\/uploads\/2016\/12\/IMG-20161120-WA0008.jpg?fit=300%2C168\" data-large-file=\"https:\/\/i0.wp.com\/www.spang.ch\/aude\/wp-content\/uploads\/2016\/12\/IMG-20161120-WA0008.jpg?fit=1000%2C559\" tabindex=\"0\" role=\"button\" class=\"size-large wp-image-526\" src=\"https:\/\/i0.wp.com\/www.spang.ch\/aude\/wp-content\/uploads\/2016\/12\/IMG-20161120-WA0008.jpg?resize=1000%2C559\" alt=\"Salsa al Parque\" width=\"1000\" height=\"559\" srcset=\"https:\/\/i0.wp.com\/www.spang.ch\/aude\/wp-content\/uploads\/2016\/12\/IMG-20161120-WA0008.jpg?resize=1024%2C572 1024w, https:\/\/i0.wp.com\/www.spang.ch\/aude\/wp-content\/uploads\/2016\/12\/IMG-20161120-WA0008.jpg?resize=300%2C168 300w, https:\/\/i0.wp.com\/www.spang.ch\/aude\/wp-content\/uploads\/2016\/12\/IMG-20161120-WA0008.jpg?resize=768%2C429 768w, https:\/\/i0.wp.com\/www.spang.ch\/aude\/wp-content\/uploads\/2016\/12\/IMG-20161120-WA0008.jpg?resize=537%2C300 537w, https:\/\/i0.wp.com\/www.spang.ch\/aude\/wp-content\/uploads\/2016\/12\/IMG-20161120-WA0008.jpg?w=1600 1600w\" sizes=\"(max-width: 1000px) 100vw, 1000px\" data-recalc-dims=\"1\" \/><\/a><figcaption id=\"caption-attachment-526\" class=\"wp-caption-text\">Salsa al Parque<\/figcaption><\/figure>\n<figure id=\"attachment_520\" aria-describedby=\"caption-attachment-520\" style=\"width: 768px\" class=\"wp-caption aligncenter\"><a href=\"https:\/\/i0.wp.com\/www.spang.ch\/aude\/wp-content\/uploads\/2016\/12\/IMG_20161120_005001.jpg\"><img loading=\"lazy\" decoding=\"async\" data-attachment-id=\"520\" data-permalink=\"http:\/\/www.spang.ch\/aude\/fr\/2016\/12\/la-vida-es-una-rumba\/img_20161120_005001\/\" data-orig-file=\"https:\/\/i0.wp.com\/www.spang.ch\/aude\/wp-content\/uploads\/2016\/12\/IMG_20161120_005001.jpg?fit=3120%2C4160\" data-orig-size=\"3120,4160\" data-comments-opened=\"1\" data-image-meta=\"{&quot;aperture&quot;:&quot;0&quot;,&quot;credit&quot;:&quot;&quot;,&quot;camera&quot;:&quot;&quot;,&quot;caption&quot;:&quot;&quot;,&quot;created_timestamp&quot;:&quot;0&quot;,&quot;copyright&quot;:&quot;&quot;,&quot;focal_length&quot;:&quot;0&quot;,&quot;iso&quot;:&quot;0&quot;,&quot;shutter_speed&quot;:&quot;0&quot;,&quot;title&quot;:&quot;&quot;,&quot;orientation&quot;:&quot;0&quot;}\" data-image-title=\"img_20161120_005001\" data-image-description=\"\" data-image-caption=\"&lt;p&gt;Club \u00ab\u00a0Gaira\u00a0\u00bb&lt;\/p&gt;\n\" data-medium-file=\"https:\/\/i0.wp.com\/www.spang.ch\/aude\/wp-content\/uploads\/2016\/12\/IMG_20161120_005001.jpg?fit=225%2C300\" data-large-file=\"https:\/\/i0.wp.com\/www.spang.ch\/aude\/wp-content\/uploads\/2016\/12\/IMG_20161120_005001.jpg?fit=768%2C1024\" tabindex=\"0\" role=\"button\" class=\"size-large wp-image-520\" src=\"https:\/\/i0.wp.com\/www.spang.ch\/aude\/wp-content\/uploads\/2016\/12\/IMG_20161120_005001.jpg?resize=768%2C1024\" alt=\"Club &quot;Gaira&quot;\" width=\"768\" height=\"1024\" srcset=\"https:\/\/i0.wp.com\/www.spang.ch\/aude\/wp-content\/uploads\/2016\/12\/IMG_20161120_005001.jpg?resize=768%2C1024 768w, https:\/\/i0.wp.com\/www.spang.ch\/aude\/wp-content\/uploads\/2016\/12\/IMG_20161120_005001.jpg?resize=225%2C300 225w, https:\/\/i0.wp.com\/www.spang.ch\/aude\/wp-content\/uploads\/2016\/12\/IMG_20161120_005001.jpg?resize=630%2C840 630w, https:\/\/i0.wp.com\/www.spang.ch\/aude\/wp-content\/uploads\/2016\/12\/IMG_20161120_005001.jpg?resize=960%2C1280 960w, https:\/\/i0.wp.com\/www.spang.ch\/aude\/wp-content\/uploads\/2016\/12\/IMG_20161120_005001.jpg?w=2000 2000w, https:\/\/i0.wp.com\/www.spang.ch\/aude\/wp-content\/uploads\/2016\/12\/IMG_20161120_005001.jpg?w=3000 3000w\" sizes=\"(max-width: 768px) 100vw, 768px\" data-recalc-dims=\"1\" \/><\/a><figcaption id=\"caption-attachment-520\" class=\"wp-caption-text\">Club \u00ab\u00a0Gaira\u00a0\u00bb<\/figcaption><\/figure>\n<p style=\"text-align: justify;\">Comme cette atmosph\u00e8re de salsa me plaisait, j&rsquo;ai d\u00e9cid\u00e9 de sortir du pays en passant par l&rsquo;incontournable: Cali, la capitale auto-d\u00e9clar\u00e9e* de la salsa. Je n&rsquo;y suis rest\u00e9e qu&rsquo;une nuit et deux jours, mais ce fut assez pour prendre quelques cours et aller pratiquer durant une soir\u00e9e. Autant dire que l\u00e0 o\u00f9 d&rsquo;habitude je me sens tr\u00e8s \u00e0 l&rsquo;aise, \u00ab\u00a0chez moi\u00a0\u00bb sur le dancefloor, prendre des cours avec une professionnelle qui observe mes pas avec un regard critique m&rsquo;a donn\u00e9 l&rsquo;impression d&rsquo;\u00eatre une grosse baleine priv\u00e9e de capacit\u00e9s psychomotrices de base! Mais c&rsquo;\u00e9tait bien, bien d&rsquo;avoir une fois quelques notions th\u00e9oriques et quelqu&rsquo;un qui me juge (\u00e7a vous surprend que les sudam\u00e9ricains ne soient pas tr\u00e8s critiques quand ils font danser une fille? Moi non plus). Le soir on est sortis avec ceux de l&rsquo;h\u00f4tel et ce fut aussi fort chouette, cool musique et des locaux (\u00ab\u00a0les meilleurs danseurs de Colombie\u00a0\u00bb) pour nous faire virevolter! D&rsquo;ailleurs la salsa \u00ab\u00a0cale\u00f1a\u00a0\u00bb (de Cali) est particuli\u00e8re, diff\u00e9rente de la cubaine ou de la carib\u00e9enne&#8230; et ils ma\u00eetrisent l&rsquo;affaire, bon sang! Les Colombiens ont vraiment \u00e7a dans le sang, et c&rsquo;est beau \u00e0 voir quand ils dansent ensemble. D&rsquo;ailleurs je ne vous avais pas racont\u00e9 mais une fois sur la c\u00f4te des Cara\u00efbes on m&rsquo;a m\u00eame fait danser la fameuse lambada. G\u00e9nialissime!<\/p>\n<p style=\"text-align: justify;\"><small>*ce d\u00e9tail me fait beaucoup rire, mais la psychologie a fonctionn\u00e9 et tous les colombiens voient cette ville comme telle<\/small><\/p>\n<figure id=\"attachment_522\" aria-describedby=\"caption-attachment-522\" style=\"width: 1000px\" class=\"wp-caption aligncenter\"><a href=\"https:\/\/i0.wp.com\/www.spang.ch\/aude\/wp-content\/uploads\/2016\/12\/IMG_9781-e1481407115826.jpg\"><img loading=\"lazy\" decoding=\"async\" data-attachment-id=\"522\" data-permalink=\"http:\/\/www.spang.ch\/aude\/fr\/2016\/12\/la-vida-es-una-rumba\/img_9781\/\" data-orig-file=\"https:\/\/i0.wp.com\/www.spang.ch\/aude\/wp-content\/uploads\/2016\/12\/IMG_9781-e1481407115826.jpg?fit=3264%2C2448\" data-orig-size=\"3264,2448\" data-comments-opened=\"1\" data-image-meta=\"{&quot;aperture&quot;:&quot;0&quot;,&quot;credit&quot;:&quot;&quot;,&quot;camera&quot;:&quot;&quot;,&quot;caption&quot;:&quot;&quot;,&quot;created_timestamp&quot;:&quot;0&quot;,&quot;copyright&quot;:&quot;&quot;,&quot;focal_length&quot;:&quot;0&quot;,&quot;iso&quot;:&quot;0&quot;,&quot;shutter_speed&quot;:&quot;0&quot;,&quot;title&quot;:&quot;&quot;,&quot;orientation&quot;:&quot;0&quot;}\" data-image-title=\"img_9781\" data-image-description=\"\" data-image-caption=\"&lt;p&gt;Hostel \u00e0 Cali&lt;\/p&gt;\n\" data-medium-file=\"https:\/\/i0.wp.com\/www.spang.ch\/aude\/wp-content\/uploads\/2016\/12\/IMG_9781-e1481407115826.jpg?fit=300%2C225\" data-large-file=\"https:\/\/i0.wp.com\/www.spang.ch\/aude\/wp-content\/uploads\/2016\/12\/IMG_9781-e1481407115826.jpg?fit=1000%2C750\" tabindex=\"0\" role=\"button\" class=\"size-large wp-image-522\" src=\"https:\/\/i0.wp.com\/www.spang.ch\/aude\/wp-content\/uploads\/2016\/12\/IMG_9781-e1481407115826-1024x768.jpg?resize=1000%2C750\" alt=\"Hostel \u00e0 Cali\" width=\"1000\" height=\"750\" srcset=\"https:\/\/i0.wp.com\/www.spang.ch\/aude\/wp-content\/uploads\/2016\/12\/IMG_9781-e1481407115826.jpg?resize=1024%2C768 1024w, https:\/\/i0.wp.com\/www.spang.ch\/aude\/wp-content\/uploads\/2016\/12\/IMG_9781-e1481407115826.jpg?resize=300%2C225 300w, https:\/\/i0.wp.com\/www.spang.ch\/aude\/wp-content\/uploads\/2016\/12\/IMG_9781-e1481407115826.jpg?resize=768%2C576 768w, https:\/\/i0.wp.com\/www.spang.ch\/aude\/wp-content\/uploads\/2016\/12\/IMG_9781-e1481407115826.jpg?resize=400%2C300 400w, https:\/\/i0.wp.com\/www.spang.ch\/aude\/wp-content\/uploads\/2016\/12\/IMG_9781-e1481407115826.jpg?w=2000 2000w, https:\/\/i0.wp.com\/www.spang.ch\/aude\/wp-content\/uploads\/2016\/12\/IMG_9781-e1481407115826.jpg?w=3000 3000w\" sizes=\"(max-width: 1000px) 100vw, 1000px\" data-recalc-dims=\"1\" \/><\/a><figcaption id=\"caption-attachment-522\" class=\"wp-caption-text\">Hostel \u00e0 Cali<\/figcaption><\/figure>\n<p style=\"text-align: justify;\">Juste \u00e0 la fronti\u00e8re, il y a une petite ville nomm\u00e9e Ipiales, remarquable pour une chose seulement: sa superbe \u00e9glise Las Lajas, pos\u00e9e sur un pont, \u00e0 flanc de falaise. Trop belle! Apr\u00e8s cette courte visite il \u00e9tait d\u00e9j\u00e0 temps de passer la fronti\u00e8re, passage qui s&rsquo;est fait \u00e0 pieds en traversant un pont entre les deux services d&rsquo;immigration, amusant et pas commun. Puis, j&rsquo;ai donc pass\u00e9 quelques jours en \u00c9quateur, dont j&rsquo;ai tant de fois entendu grand bien &#8211; en gros il a la m\u00eame vari\u00e9t\u00e9 que la Colombie, mais sur un territoire plus restreint o\u00f9 tout est plus accessible, et de belles montagnes, ainsi que les enchanteurs Galapagos. Face \u00e0 cette liste je ne cesse de me redemander pourquoi je ne visite pas le pays moi-m\u00eame, mais bien s\u00fbr je connais la r\u00e9ponse. Parce que j&rsquo;ai pass\u00e9 plus de temps que pr\u00e9vu en Colombie, que je veux voir le P\u00e9rou, et que je n&rsquo;avais pas inclus l&rsquo;Equateur \u00e0 ma liste de destinations avant de partir. Eh oui, on peut voyager six mois et manquer de temps. En fait c&rsquo;est ce qui arrive \u00e0 tout le monde ici, mais c&rsquo;est in\u00e9vitable. Plus on en voit et plus on veut en voir; il faut apprendre \u00e0 accepter que tout n&rsquo;est pas possible, et que ce qui compte c&rsquo;est ce qu&rsquo;on voit, pas ce qu&rsquo;on manque.<\/p>\n<figure id=\"attachment_504\" aria-describedby=\"caption-attachment-504\" style=\"width: 683px\" class=\"wp-caption aligncenter\"><a href=\"https:\/\/i0.wp.com\/www.spang.ch\/aude\/wp-content\/uploads\/2016\/12\/IMG_0360.jpg\"><img loading=\"lazy\" decoding=\"async\" data-attachment-id=\"504\" data-permalink=\"http:\/\/www.spang.ch\/aude\/fr\/2016\/12\/la-vida-es-una-rumba\/img_0360\/\" data-orig-file=\"https:\/\/i0.wp.com\/www.spang.ch\/aude\/wp-content\/uploads\/2016\/12\/IMG_0360.jpg?fit=3456%2C5184\" data-orig-size=\"3456,5184\" data-comments-opened=\"1\" data-image-meta=\"{&quot;aperture&quot;:&quot;0&quot;,&quot;credit&quot;:&quot;&quot;,&quot;camera&quot;:&quot;&quot;,&quot;caption&quot;:&quot;&quot;,&quot;created_timestamp&quot;:&quot;0&quot;,&quot;copyright&quot;:&quot;&quot;,&quot;focal_length&quot;:&quot;0&quot;,&quot;iso&quot;:&quot;0&quot;,&quot;shutter_speed&quot;:&quot;0&quot;,&quot;title&quot;:&quot;&quot;,&quot;orientation&quot;:&quot;0&quot;}\" data-image-title=\"img_0360\" data-image-description=\"\" data-image-caption=\"&lt;p&gt;Las Lajas in Ipiales&lt;\/p&gt;\n\" data-medium-file=\"https:\/\/i0.wp.com\/www.spang.ch\/aude\/wp-content\/uploads\/2016\/12\/IMG_0360.jpg?fit=200%2C300\" data-large-file=\"https:\/\/i0.wp.com\/www.spang.ch\/aude\/wp-content\/uploads\/2016\/12\/IMG_0360.jpg?fit=683%2C1024\" tabindex=\"0\" role=\"button\" class=\"size-large wp-image-504\" src=\"https:\/\/i0.wp.com\/www.spang.ch\/aude\/wp-content\/uploads\/2016\/12\/IMG_0360.jpg?resize=683%2C1024\" alt=\"Las Lajas \u00e0 Ipiales\" width=\"683\" height=\"1024\" srcset=\"https:\/\/i0.wp.com\/www.spang.ch\/aude\/wp-content\/uploads\/2016\/12\/IMG_0360.jpg?resize=683%2C1024 683w, https:\/\/i0.wp.com\/www.spang.ch\/aude\/wp-content\/uploads\/2016\/12\/IMG_0360.jpg?resize=200%2C300 200w, https:\/\/i0.wp.com\/www.spang.ch\/aude\/wp-content\/uploads\/2016\/12\/IMG_0360.jpg?resize=768%2C1152 768w, https:\/\/i0.wp.com\/www.spang.ch\/aude\/wp-content\/uploads\/2016\/12\/IMG_0360.jpg?w=2000 2000w, https:\/\/i0.wp.com\/www.spang.ch\/aude\/wp-content\/uploads\/2016\/12\/IMG_0360.jpg?w=3000 3000w\" sizes=\"(max-width: 683px) 100vw, 683px\" data-recalc-dims=\"1\" \/><\/a><figcaption id=\"caption-attachment-504\" class=\"wp-caption-text\">Las Lajas \u00e0 Ipiales<\/figcaption><\/figure>\n<p style=\"text-align: justify;\">De l&rsquo;Equateur je n&rsquo;aurai donc vu que Quito, la capitale, et Cuenca, une grande ville plus au sud. En trois trajets de bus de nuit j&rsquo;aurai travers\u00e9 le pays pour rejoindre le P\u00e9rou! Ainsi j&rsquo;aurai eu une minuscule exp\u00e9rience du pays, essentiellement urbaine. Pas extr\u00eamement diff\u00e9rent de la Colombie \u00e0 premi\u00e8re vue, villes au centre colonial, gens tr\u00e8s sympa et un peu plus d&rsquo;indig\u00e8nes dans les rues (souvent vendeurs de fruits ou de gadgets). Voyageant de nuit pour \u00e9pargner des nuits \u00e0 l&rsquo;h\u00f4tel, j&rsquo;aurai m\u00eame manqu\u00e9 les beaux paysages volcaniques \u00e9quatoriens. Et c&rsquo;est \u00e9trange d&rsquo;\u00eatre dans un pays sans apprendre \u00e0 le conna\u00eetre, les noms des r\u00e9gions ou villes importantes, des destinations de choix, les diff\u00e9rences r\u00e9gionales, la nourriture ou l&rsquo;accent. \u00c7a ne me pla\u00eet pas tant de voyager comme \u00e7a, je passe \u00e0 c\u00f4t\u00e9 de trop de choses. Je reviendrai, mieux!<\/p>\n<figure id=\"attachment_509\" aria-describedby=\"caption-attachment-509\" style=\"width: 1000px\" class=\"wp-caption aligncenter\"><a href=\"https:\/\/i0.wp.com\/www.spang.ch\/aude\/wp-content\/uploads\/2016\/12\/IMG_0421.jpg\"><img loading=\"lazy\" decoding=\"async\" data-attachment-id=\"509\" data-permalink=\"http:\/\/www.spang.ch\/aude\/fr\/2016\/12\/la-vida-es-una-rumba\/img_0421\/\" data-orig-file=\"https:\/\/i0.wp.com\/www.spang.ch\/aude\/wp-content\/uploads\/2016\/12\/IMG_0421.jpg?fit=5184%2C3456\" data-orig-size=\"5184,3456\" data-comments-opened=\"1\" data-image-meta=\"{&quot;aperture&quot;:&quot;0&quot;,&quot;credit&quot;:&quot;&quot;,&quot;camera&quot;:&quot;&quot;,&quot;caption&quot;:&quot;&quot;,&quot;created_timestamp&quot;:&quot;0&quot;,&quot;copyright&quot;:&quot;&quot;,&quot;focal_length&quot;:&quot;0&quot;,&quot;iso&quot;:&quot;0&quot;,&quot;shutter_speed&quot;:&quot;0&quot;,&quot;title&quot;:&quot;&quot;,&quot;orientation&quot;:&quot;0&quot;}\" data-image-title=\"img_0421\" data-image-description=\"\" data-image-caption=\"&lt;p&gt;Quito&lt;\/p&gt;\n\" data-medium-file=\"https:\/\/i0.wp.com\/www.spang.ch\/aude\/wp-content\/uploads\/2016\/12\/IMG_0421.jpg?fit=300%2C200\" data-large-file=\"https:\/\/i0.wp.com\/www.spang.ch\/aude\/wp-content\/uploads\/2016\/12\/IMG_0421.jpg?fit=1000%2C667\" tabindex=\"0\" role=\"button\" class=\"size-large wp-image-509\" src=\"https:\/\/i0.wp.com\/www.spang.ch\/aude\/wp-content\/uploads\/2016\/12\/IMG_0421.jpg?resize=1000%2C667\" alt=\"Quito\" width=\"1000\" height=\"667\" srcset=\"https:\/\/i0.wp.com\/www.spang.ch\/aude\/wp-content\/uploads\/2016\/12\/IMG_0421.jpg?resize=1024%2C683 1024w, https:\/\/i0.wp.com\/www.spang.ch\/aude\/wp-content\/uploads\/2016\/12\/IMG_0421.jpg?resize=300%2C200 300w, https:\/\/i0.wp.com\/www.spang.ch\/aude\/wp-content\/uploads\/2016\/12\/IMG_0421.jpg?resize=768%2C512 768w, https:\/\/i0.wp.com\/www.spang.ch\/aude\/wp-content\/uploads\/2016\/12\/IMG_0421.jpg?resize=960%2C640 960w, https:\/\/i0.wp.com\/www.spang.ch\/aude\/wp-content\/uploads\/2016\/12\/IMG_0421.jpg?resize=450%2C300 450w, https:\/\/i0.wp.com\/www.spang.ch\/aude\/wp-content\/uploads\/2016\/12\/IMG_0421.jpg?w=2000 2000w, https:\/\/i0.wp.com\/www.spang.ch\/aude\/wp-content\/uploads\/2016\/12\/IMG_0421.jpg?w=3000 3000w\" sizes=\"(max-width: 1000px) 100vw, 1000px\" data-recalc-dims=\"1\" \/><\/a><figcaption id=\"caption-attachment-509\" class=\"wp-caption-text\">Quito<\/figcaption><\/figure>\n<p style=\"text-align: justify;\">Par contre, la Colombie, j&rsquo;ai bien appris \u00e0 la conna\u00eetre&#8230; j&rsquo;ai tant \u00e0 vous raconter! Pour commencer, qui sont les Colombiens? Un gros cocktail d\u00fb \u00e0 leur histoire: il y a des indig\u00e8nes qui \u00e9taient l\u00e0 avant tout le monde, des noirs qui sont descendants d&rsquo;esclaves import\u00e9s d&rsquo;Afrique (comme aux \u00c9tats-Unis), et des plus blancs qui sont m\u00e9tisses espagnols\/noirs ou espagnols\/indig\u00e8nes (de nos jours, il n&rsquo;y a plus d&rsquo;espagnols juste espagnols). Les indig\u00e8nes vivent particuli\u00e8rement plus dans certaines r\u00e9gions sp\u00e9cifiques (comme l&rsquo;Amazonie ou la Guajira), alors que les noirs sont plut\u00f4t sur la c\u00f4te pacifique et carib\u00e9enne, il y en a notamment proportionnellement beaucoup \u00e0 Cartagena. Bien s\u00fbr, vous devinez quelles zones sont plus pauvres et moins d\u00e9velopp\u00e9es &#8211; celles o\u00f9 ces groupes ont tendance \u00e0 vivre.<\/p>\n<figure id=\"attachment_505\" aria-describedby=\"caption-attachment-505\" style=\"width: 683px\" class=\"wp-caption aligncenter\"><a href=\"https:\/\/i0.wp.com\/www.spang.ch\/aude\/wp-content\/uploads\/2016\/12\/IMG_0387-e1481307604459.jpg\"><img loading=\"lazy\" decoding=\"async\" data-attachment-id=\"505\" data-permalink=\"http:\/\/www.spang.ch\/aude\/fr\/2016\/12\/la-vida-es-una-rumba\/img_0387\/\" data-orig-file=\"https:\/\/i0.wp.com\/www.spang.ch\/aude\/wp-content\/uploads\/2016\/12\/IMG_0387-e1481307604459.jpg?fit=3456%2C5184\" data-orig-size=\"3456,5184\" data-comments-opened=\"1\" data-image-meta=\"{&quot;aperture&quot;:&quot;0&quot;,&quot;credit&quot;:&quot;&quot;,&quot;camera&quot;:&quot;&quot;,&quot;caption&quot;:&quot;&quot;,&quot;created_timestamp&quot;:&quot;0&quot;,&quot;copyright&quot;:&quot;&quot;,&quot;focal_length&quot;:&quot;0&quot;,&quot;iso&quot;:&quot;0&quot;,&quot;shutter_speed&quot;:&quot;0&quot;,&quot;title&quot;:&quot;&quot;,&quot;orientation&quot;:&quot;0&quot;}\" data-image-title=\"img_0387\" data-image-description=\"\" data-image-caption=\"&lt;p&gt;Quito&lt;\/p&gt;\n\" data-medium-file=\"https:\/\/i0.wp.com\/www.spang.ch\/aude\/wp-content\/uploads\/2016\/12\/IMG_0387-e1481307604459.jpg?fit=200%2C300\" data-large-file=\"https:\/\/i0.wp.com\/www.spang.ch\/aude\/wp-content\/uploads\/2016\/12\/IMG_0387-e1481307604459.jpg?fit=683%2C1024\" tabindex=\"0\" role=\"button\" class=\"size-large wp-image-505\" src=\"https:\/\/i0.wp.com\/www.spang.ch\/aude\/wp-content\/uploads\/2016\/12\/IMG_0387-e1481307604459-683x1024.jpg?resize=683%2C1024\" alt=\"Quito\" width=\"683\" height=\"1024\" srcset=\"https:\/\/i0.wp.com\/www.spang.ch\/aude\/wp-content\/uploads\/2016\/12\/IMG_0387-e1481307604459.jpg?resize=683%2C1024 683w, https:\/\/i0.wp.com\/www.spang.ch\/aude\/wp-content\/uploads\/2016\/12\/IMG_0387-e1481307604459.jpg?resize=200%2C300 200w, https:\/\/i0.wp.com\/www.spang.ch\/aude\/wp-content\/uploads\/2016\/12\/IMG_0387-e1481307604459.jpg?resize=768%2C1152 768w, https:\/\/i0.wp.com\/www.spang.ch\/aude\/wp-content\/uploads\/2016\/12\/IMG_0387-e1481307604459.jpg?w=2000 2000w, https:\/\/i0.wp.com\/www.spang.ch\/aude\/wp-content\/uploads\/2016\/12\/IMG_0387-e1481307604459.jpg?w=3000 3000w\" sizes=\"(max-width: 683px) 100vw, 683px\" data-recalc-dims=\"1\" \/><\/a><figcaption id=\"caption-attachment-505\" class=\"wp-caption-text\">Quito<\/figcaption><\/figure>\n<p style=\"text-align: justify;\">Ensuite, une remarque que j&rsquo;ai entendue \u00e0 r\u00e9p\u00e9tition est que \u00ab\u00a0les Colombiens sont tr\u00e8s diff\u00e9rents d&rsquo;une r\u00e9gion \u00e0 l&rsquo;autre\u00a0\u00bb&#8230; tiens&#8230; j&rsquo;ai d\u00e9j\u00e0 entendu \u00e7a quelque part (en Italie &#8211; mais en fait dans beaucoup d&rsquo;autres pays aussi, pensez \u00e0 la Grande-Bretagne, \u00e0 l&rsquo;Espagne, \u00e0 l&rsquo;Indon\u00e9sie, \u00e0 la France, \u00e0 la Suisse, etc etc). Mais ils y tiennent, on me l&rsquo;a dir tr\u00e8s souvent! En gros, les Antioquiais (d\u00e9partement de Medellin) seraient travailleurs et honn\u00eates, ceux du d\u00e9partement de Bogot\u00e1 ne seraient pas tr\u00e8s directs, au contraire des Santanderiens (d\u00e9partement de Bucaramanga) qui sont tr\u00e8s\/trop francs. Et bien s\u00fbr, vu que les coste\u00f1os (ceux de la c\u00f4te) sont un peu des Italiens du sud, les m\u00eames pr\u00e9jug\u00e9s leur collent \u00e0 la peau: ils seraient flemmards mais plus joyeux et ouverts, influence du soleil qui baigne leur r\u00e9gion. Chacun a aussi son accent, plus chantant au nord notamment, et l&rsquo;on dit que c&rsquo;est \u00e0 Medellin que l&rsquo;accent est le plus charmant.<\/p>\n<figure id=\"attachment_506\" aria-describedby=\"caption-attachment-506\" style=\"width: 1000px\" class=\"wp-caption aligncenter\"><a href=\"https:\/\/i0.wp.com\/www.spang.ch\/aude\/wp-content\/uploads\/2016\/12\/IMG_0391.jpg\"><img loading=\"lazy\" decoding=\"async\" data-attachment-id=\"506\" data-permalink=\"http:\/\/www.spang.ch\/aude\/fr\/2016\/12\/la-vida-es-una-rumba\/img_0391\/\" data-orig-file=\"https:\/\/i0.wp.com\/www.spang.ch\/aude\/wp-content\/uploads\/2016\/12\/IMG_0391.jpg?fit=5184%2C3456\" data-orig-size=\"5184,3456\" data-comments-opened=\"1\" data-image-meta=\"{&quot;aperture&quot;:&quot;0&quot;,&quot;credit&quot;:&quot;&quot;,&quot;camera&quot;:&quot;&quot;,&quot;caption&quot;:&quot;&quot;,&quot;created_timestamp&quot;:&quot;0&quot;,&quot;copyright&quot;:&quot;&quot;,&quot;focal_length&quot;:&quot;0&quot;,&quot;iso&quot;:&quot;0&quot;,&quot;shutter_speed&quot;:&quot;0&quot;,&quot;title&quot;:&quot;&quot;,&quot;orientation&quot;:&quot;0&quot;}\" data-image-title=\"img_0391\" data-image-description=\"\" data-image-caption=\"&lt;p&gt;Quito&lt;\/p&gt;\n\" data-medium-file=\"https:\/\/i0.wp.com\/www.spang.ch\/aude\/wp-content\/uploads\/2016\/12\/IMG_0391.jpg?fit=300%2C200\" data-large-file=\"https:\/\/i0.wp.com\/www.spang.ch\/aude\/wp-content\/uploads\/2016\/12\/IMG_0391.jpg?fit=1000%2C667\" tabindex=\"0\" role=\"button\" class=\"size-large wp-image-506\" src=\"https:\/\/i0.wp.com\/www.spang.ch\/aude\/wp-content\/uploads\/2016\/12\/IMG_0391.jpg?resize=1000%2C667\" alt=\"Quito\" width=\"1000\" height=\"667\" srcset=\"https:\/\/i0.wp.com\/www.spang.ch\/aude\/wp-content\/uploads\/2016\/12\/IMG_0391.jpg?resize=1024%2C683 1024w, https:\/\/i0.wp.com\/www.spang.ch\/aude\/wp-content\/uploads\/2016\/12\/IMG_0391.jpg?resize=300%2C200 300w, https:\/\/i0.wp.com\/www.spang.ch\/aude\/wp-content\/uploads\/2016\/12\/IMG_0391.jpg?resize=768%2C512 768w, https:\/\/i0.wp.com\/www.spang.ch\/aude\/wp-content\/uploads\/2016\/12\/IMG_0391.jpg?resize=960%2C640 960w, https:\/\/i0.wp.com\/www.spang.ch\/aude\/wp-content\/uploads\/2016\/12\/IMG_0391.jpg?resize=450%2C300 450w, https:\/\/i0.wp.com\/www.spang.ch\/aude\/wp-content\/uploads\/2016\/12\/IMG_0391.jpg?w=2000 2000w, https:\/\/i0.wp.com\/www.spang.ch\/aude\/wp-content\/uploads\/2016\/12\/IMG_0391.jpg?w=3000 3000w\" sizes=\"(max-width: 1000px) 100vw, 1000px\" data-recalc-dims=\"1\" \/><\/a><figcaption id=\"caption-attachment-506\" class=\"wp-caption-text\">Quito<\/figcaption><\/figure>\n<p style=\"text-align: justify;\">Je ne vais pas vous assommer avec des donn\u00e9es \u00e9conomiques, mais juste pour vous donner une id\u00e9e voila quelques infos: en 2002, pr\u00e8s de 50% de la population se situait en-dessous de la limite de pauvret\u00e9, alors que l&rsquo;an pass\u00e9 ils n&rsquo;\u00e9taient plus que 27,8%. Quant au ch\u00f4mage au niveau national, il est pass\u00e9 de 10,8% \u00e0 8,9% entre 2011 et 2015. Le salaire moyen national est d&rsquo;environ 555&rsquo;000 pesos (presque 200 US$), et c&rsquo;est \u00e0 Bogot\u00e1 que le salaire moyen est le plus \u00e9lev\u00e9: environ 890&rsquo;000 pesos (presque 300 US$). La population est divis\u00e9e administrativement en strates sociales allant de 1 \u00e0 6, et cette classification (d\u00e9pendant notamment du quartier d&rsquo;habitation) d\u00e9termine par exemple le montant des factures d&rsquo;eau et \u00e9lectricit\u00e9, ou permet l&rsquo;acc\u00e8s gratuit \u00e0 certains mus\u00e9es aux strates les plus pauvres (de 1 \u00e0 3). C&rsquo;est un syst\u00e8me particulier dont je n&rsquo;avais jamais entendu parler avant, et je ne suis pas tr\u00e8s s\u00fbre quant \u00e0 ce que j&rsquo;en pense. Il me semble int\u00e9ressant, bien qu&rsquo;il ait ses faiblesses (on m&rsquo;a par exemple report\u00e9 que les classes les plus basses, ne payant pas ou tr\u00e8s peu pour certains bien, les gaspillent par ignorance, ou que la classe 6 regroupe des gens bien trop diff\u00e9rents pour que le syst\u00e8me soit juste, les riches, tr\u00e8s riches et extr\u00eamement riches payant les m\u00eames types de facture, ce qui est bien s\u00fbr assez peu juste). C&rsquo;est \u00e0 Cartagena que l&rsquo;on trouve la strate 1 la plus ample (36,7% de la population de la ville), et \u00e0 Bogot\u00e1 la plus r\u00e9duite (6,9%).<br \/>\n<a href=\"http:\/\/app.eltiempo.com\/economia\/sectores\/regi-n-oriental-la-que-m-s-creci-en-tres-lustros\/16754252\"><small>(source de tout \u00e7a) <\/small><\/a><\/p>\n<figure id=\"attachment_524\" aria-describedby=\"caption-attachment-524\" style=\"width: 1000px\" class=\"wp-caption aligncenter\"><a href=\"https:\/\/i0.wp.com\/www.spang.ch\/aude\/wp-content\/uploads\/2016\/12\/IMG_9820-e1481407187114.jpg\"><img loading=\"lazy\" decoding=\"async\" data-attachment-id=\"524\" data-permalink=\"http:\/\/www.spang.ch\/aude\/fr\/2016\/12\/la-vida-es-una-rumba\/img_9820\/\" data-orig-file=\"https:\/\/i0.wp.com\/www.spang.ch\/aude\/wp-content\/uploads\/2016\/12\/IMG_9820-e1481407187114.jpg?fit=3264%2C2448\" data-orig-size=\"3264,2448\" data-comments-opened=\"1\" data-image-meta=\"{&quot;aperture&quot;:&quot;0&quot;,&quot;credit&quot;:&quot;&quot;,&quot;camera&quot;:&quot;&quot;,&quot;caption&quot;:&quot;&quot;,&quot;created_timestamp&quot;:&quot;0&quot;,&quot;copyright&quot;:&quot;&quot;,&quot;focal_length&quot;:&quot;0&quot;,&quot;iso&quot;:&quot;0&quot;,&quot;shutter_speed&quot;:&quot;0&quot;,&quot;title&quot;:&quot;&quot;,&quot;orientation&quot;:&quot;0&quot;}\" data-image-title=\"img_9820\" data-image-description=\"\" data-image-caption=\"&lt;p&gt;Quito&lt;\/p&gt;\n\" data-medium-file=\"https:\/\/i0.wp.com\/www.spang.ch\/aude\/wp-content\/uploads\/2016\/12\/IMG_9820-e1481407187114.jpg?fit=300%2C225\" data-large-file=\"https:\/\/i0.wp.com\/www.spang.ch\/aude\/wp-content\/uploads\/2016\/12\/IMG_9820-e1481407187114.jpg?fit=1000%2C750\" tabindex=\"0\" role=\"button\" class=\"size-large wp-image-524\" src=\"https:\/\/i0.wp.com\/www.spang.ch\/aude\/wp-content\/uploads\/2016\/12\/IMG_9820-e1481407187114-1024x768.jpg?resize=1000%2C750\" alt=\"Quito\" width=\"1000\" height=\"750\" srcset=\"https:\/\/i0.wp.com\/www.spang.ch\/aude\/wp-content\/uploads\/2016\/12\/IMG_9820-e1481407187114.jpg?resize=1024%2C768 1024w, https:\/\/i0.wp.com\/www.spang.ch\/aude\/wp-content\/uploads\/2016\/12\/IMG_9820-e1481407187114.jpg?resize=300%2C225 300w, https:\/\/i0.wp.com\/www.spang.ch\/aude\/wp-content\/uploads\/2016\/12\/IMG_9820-e1481407187114.jpg?resize=768%2C576 768w, https:\/\/i0.wp.com\/www.spang.ch\/aude\/wp-content\/uploads\/2016\/12\/IMG_9820-e1481407187114.jpg?resize=400%2C300 400w, https:\/\/i0.wp.com\/www.spang.ch\/aude\/wp-content\/uploads\/2016\/12\/IMG_9820-e1481407187114.jpg?w=2000 2000w, https:\/\/i0.wp.com\/www.spang.ch\/aude\/wp-content\/uploads\/2016\/12\/IMG_9820-e1481407187114.jpg?w=3000 3000w\" sizes=\"(max-width: 1000px) 100vw, 1000px\" data-recalc-dims=\"1\" \/><\/a><figcaption id=\"caption-attachment-524\" class=\"wp-caption-text\">Quito<\/figcaption><\/figure>\n<p style=\"text-align: justify;\">On dit de Cartagena que c&rsquo;est la ville la plus in\u00e9gale de Colombie, et que la c\u00f4te est en g\u00e9n\u00e9ral est plus in\u00e9gale que le reste du pays. Et en effet, cela m&rsquo;a pas mal frapp\u00e9e. Je vous ai d\u00e9j\u00e0 parl\u00e9 des Wayuu dans le d\u00e9sert de la Guajira, mais ce ne fut pas mon seul contact avec une forte pauvret\u00e9. A Cartagena, j&rsquo;ai pris un bus de la gare au centre, et ce furent une quarantaine de minutes de d\u00e9solation. Ce ne fut pas la pauvret\u00e9 la plus extr\u00eame \u00e0 laquelle j&rsquo;aie \u00e9t\u00e9 confront\u00e9e dans ma vie, mais il m&rsquo;apparut tr\u00e8s clair que la \u00ab\u00a0vraie\u00a0\u00bb Cartagena ne serait pas celle qu&rsquo;il me serait donn\u00e9 de visiter. La vie des gens \u00e0 Cartagena est en majorit\u00e9 une vie de peu de moyens, mais le centre est un petit joyau o\u00f9 r\u00e9sident les privil\u00e9gi\u00e9s; et les touristes ne voient bien s\u00fbr que le centre (depuis l&rsquo;a\u00e9roport on arrive d&rsquo;ailleurs tr\u00e8s vite au centre, sans passer par la banlieue pauvre que j&rsquo;ai travers\u00e9e). D&rsquo;ailleurs autre observation: banlieue essentiellement noire et centre principalement blanc. Vraiment impressionnant. N&rsquo;oubliez donc pas, quand vous voyez mes photos esth\u00e9tiques de la Colombie (et d&rsquo;ailleurs), que vous ne voyez qu&rsquo;une portion de la r\u00e9alit\u00e9. Derri\u00e8re le clich\u00e9 il y a ce qu&rsquo;on me montre pas, et ce n&rsquo;est parfois qu&rsquo;une question de cadrage. Je m&rsquo;\u00e9tais promis de ne pas oublier ces pauvres que je voyais, je pensais que leur image prendrait le dessus sur ce que je verrais de Cartagena. Mais plusieurs jours \u00e0 me balader au centre ont \u00e9videmment estomp\u00e9 la forte impression que m&rsquo;avait fait le premier contact avec la ville. On les voit peu, on les oublie vite. C&rsquo;est plus pratique d&rsquo;ailleurs, sinon il faudrait vraiment se confronter au sentiment de culpabilit\u00e9 qui nous habite quand on voit comment ils vivent, il faudrait qu&rsquo;on s&rsquo;observe, classe moyenne ais\u00e9e en visite dans ce qu&rsquo;elle veut voir de leur pays. C&rsquo;est toujours particulier et c&rsquo;est la profonde injustice de la vie r\u00e9elle. Voyager, c&rsquo;est aussi \u00e7a.<\/p>\n<figure id=\"attachment_512\" aria-describedby=\"caption-attachment-512\" style=\"width: 1000px\" class=\"wp-caption aligncenter\"><a href=\"https:\/\/i0.wp.com\/www.spang.ch\/aude\/wp-content\/uploads\/2016\/12\/IMG_0486.jpg\"><img loading=\"lazy\" decoding=\"async\" data-attachment-id=\"512\" data-permalink=\"http:\/\/www.spang.ch\/aude\/fr\/2016\/12\/la-vida-es-una-rumba\/img_0486\/\" data-orig-file=\"https:\/\/i0.wp.com\/www.spang.ch\/aude\/wp-content\/uploads\/2016\/12\/IMG_0486.jpg?fit=5184%2C3456\" data-orig-size=\"5184,3456\" data-comments-opened=\"1\" data-image-meta=\"{&quot;aperture&quot;:&quot;0&quot;,&quot;credit&quot;:&quot;&quot;,&quot;camera&quot;:&quot;&quot;,&quot;caption&quot;:&quot;&quot;,&quot;created_timestamp&quot;:&quot;0&quot;,&quot;copyright&quot;:&quot;&quot;,&quot;focal_length&quot;:&quot;0&quot;,&quot;iso&quot;:&quot;0&quot;,&quot;shutter_speed&quot;:&quot;0&quot;,&quot;title&quot;:&quot;&quot;,&quot;orientation&quot;:&quot;0&quot;}\" data-image-title=\"img_0486\" data-image-description=\"\" data-image-caption=\"&lt;p&gt;Cuenca&lt;\/p&gt;\n\" data-medium-file=\"https:\/\/i0.wp.com\/www.spang.ch\/aude\/wp-content\/uploads\/2016\/12\/IMG_0486.jpg?fit=300%2C200\" data-large-file=\"https:\/\/i0.wp.com\/www.spang.ch\/aude\/wp-content\/uploads\/2016\/12\/IMG_0486.jpg?fit=1000%2C667\" tabindex=\"0\" role=\"button\" class=\"size-large wp-image-512\" src=\"https:\/\/i0.wp.com\/www.spang.ch\/aude\/wp-content\/uploads\/2016\/12\/IMG_0486.jpg?resize=1000%2C667\" alt=\"Cuenca\" width=\"1000\" height=\"667\" srcset=\"https:\/\/i0.wp.com\/www.spang.ch\/aude\/wp-content\/uploads\/2016\/12\/IMG_0486.jpg?resize=1024%2C683 1024w, https:\/\/i0.wp.com\/www.spang.ch\/aude\/wp-content\/uploads\/2016\/12\/IMG_0486.jpg?resize=300%2C200 300w, https:\/\/i0.wp.com\/www.spang.ch\/aude\/wp-content\/uploads\/2016\/12\/IMG_0486.jpg?resize=768%2C512 768w, https:\/\/i0.wp.com\/www.spang.ch\/aude\/wp-content\/uploads\/2016\/12\/IMG_0486.jpg?resize=960%2C640 960w, https:\/\/i0.wp.com\/www.spang.ch\/aude\/wp-content\/uploads\/2016\/12\/IMG_0486.jpg?resize=450%2C300 450w, https:\/\/i0.wp.com\/www.spang.ch\/aude\/wp-content\/uploads\/2016\/12\/IMG_0486.jpg?w=2000 2000w, https:\/\/i0.wp.com\/www.spang.ch\/aude\/wp-content\/uploads\/2016\/12\/IMG_0486.jpg?w=3000 3000w\" sizes=\"(max-width: 1000px) 100vw, 1000px\" data-recalc-dims=\"1\" \/><\/a><figcaption id=\"caption-attachment-512\" class=\"wp-caption-text\">Cuenca<\/figcaption><\/figure>\n<p style=\"text-align: justify;\">Sans transition, parce qu&rsquo;il n&rsquo;y a rien \u00e0 ajouter, quelques petites choses en vrac que je voulais vous raconter&#8230;<\/p>\n<ol>\n<li style=\"text-align: justify;\">La s\u00e9curit\u00e9 est presque aussi relative en Colombie que je l&rsquo;avais constat\u00e9 en Indon\u00e9sie: pas de ceinture dans les taxis, s&rsquo;asseoir ou rester debout \u00e0 l&rsquo;arri\u00e8re d&rsquo;une jeep sur-pleine, insister pour avoir un casque quand on monte \u00e0 moto, et&#8230; \u00e7a y est, j&rsquo;ai exp\u00e9riment\u00e9 le trajet \u00e0 trois sur une moto!<\/li>\n<li style=\"text-align: justify;\">Quand il fait chaud, beaucoup d&rsquo;hommes Colombiens aiment&#8230; s&rsquo;a\u00e9rer le ventre en levant leur t-shirt (comme en Indon\u00e9sie). Grande classe.<\/li>\n<li style=\"text-align: justify;\">Les Colombiens raffolent de leur alcool national, l&rsquo;aguardiente, \u00e0 base d&rsquo;anis. Donc comme je n&rsquo;aime ni le pastis ni l&rsquo;ouzo&#8230; j&rsquo;ai go\u00fbt\u00e9 hein, mais tr\u00e8s peu pour moi merci. Les gens ne buvaient que \u00e7a lors du festival Salsa al Parque \u00e0 Bogot\u00e1. Et parmi ceux qui ne buvaient pas&#8230; Margot et moi sommes rest\u00e9es tr\u00e8s stup\u00e9faites non seulement de voir des gars sniffer de la coke en public, mais aussi qu&rsquo;ils nous en proposent! (on a refus\u00e9)<\/li>\n<li style=\"text-align: justify;\">La plus forte manifestation de religiosit\u00e9 que j&rsquo;aie observ\u00e9e chez les Colombiens est dans les transports. Assez standard: ils se signent au d\u00e9but d&rsquo;un trajet. Beaucoup plus amusant: un homme qui faisait le pr\u00e9dicateur \u00e0 (tr\u00e8s) haute voix dans l&rsquo;avion avant le d\u00e9collage du vol pour San Andr\u00e9s, qui me paraissait plus d\u00e9sax\u00e9 qu&rsquo;autre chose et importunant probablement un peu les autres passagers. Sauf que quand il a termin\u00e9 sa pri\u00e8re, tout le monde a r\u00e9p\u00e9t\u00e9 apr\u00e8s lui \u00ab\u00a0qu&rsquo;il en aille selon la volont\u00e9 de Dieu\u00a0\u00bb et s&rsquo;est sign\u00e9 (ok pas tout le monde mais je pense plus de la moiti\u00e9). Trop dr\u00f4le mais \u00e9trange, vraiment.<\/li>\n<li style=\"text-align: justify;\">La musique est vraiment omnipr\u00e9sente dans ce pays \u00ab\u00a0alegre\u00a0\u00bb (joyeux), des devantures de magasins aux bus et aux restaurants, un ami disait une fois que l&rsquo;homme le plus riche de Colombie est probablement vendeur de haut-parleurs! Salsa ou merengue sont des styles que l&rsquo;on conna\u00eet plus ou moins \u00e0 travers le monde, ainsi que le rythm\u00e9 reggaeton. Je vous ai d\u00e9j\u00e0 parl\u00e9 de la champeta, cette musique de la c\u00f4te aux origines africaines, et pour compl\u00e9ter le tableau il faut encore ajouter le vallenato (prononc\u00e9 \u00ab\u00a0ba\u00efl\u00e9nato\u00a0\u00bb), traditionnel colombien dont la capitale est Valledupar, au nord, et qui se joue notamment avec un accord\u00e9on. Revoici le <a href=\"https:\/\/www.youtube.com\/watch?list=PLT-r8oYpB_NJVTC8ZQ46kmEIs_o8BA1B-&amp;v=-UV0QGLmYys\">lien \u00e0 ma playlist de la derni\u00e8re fois<\/a>, o\u00f9 vous trouvez un peu de tout \u00e7a (mais je sais que ce n&rsquo;est pas une liste exhaustive de ce que la Colombie a \u00e0 offrir, juste ce que j&rsquo;ai rep\u00e9r\u00e9 et entendu).<\/li>\n<li style=\"text-align: justify;\">On a beau m&rsquo;avoir souvent r\u00e9p\u00e9t\u00e9 que mon nom est beau, il n&rsquo;est ma foi pas tr\u00e8s pratique quand je parle avec des non-francophones (souvent, donc). J&rsquo;aime bien r\u00e9p\u00e9ter que mes parents n&rsquo;avaient pas pr\u00e9vu que je me balade \u00e0 travers le monde et les langues quand ils ont choisi comment m&rsquo;appeler! J&rsquo;ai fini par renoncer \u00e0 expliquer 10x\/jour l&rsquo;\u00e9trange prononciation (pour qui ne parle pas fran\u00e7ais) de mon pr\u00e9nom et, refusant qu&rsquo;on m&rsquo;appelle \u00ab\u00a0Outhe\u00a0\u00bb, j&rsquo;ai choisi pour ces quelques mois de voyage l&rsquo;alias \u00ab\u00a0Aurora\u00a0\u00bb, que les Sudam\u00e9ricains n&rsquo;ont jamais besoin de me faire r\u00e9p\u00e9ter! Il n&rsquo;a \u00e9videmment pas fallu longtemps pour qu&rsquo;on m&rsquo;appelle Aurorita.<\/li>\n<\/ol>\n<figure id=\"attachment_514\" aria-describedby=\"caption-attachment-514\" style=\"width: 683px\" class=\"wp-caption aligncenter\"><a href=\"https:\/\/i0.wp.com\/www.spang.ch\/aude\/wp-content\/uploads\/2016\/12\/IMG_0502-e1481308580376.jpg\"><img loading=\"lazy\" decoding=\"async\" data-attachment-id=\"514\" data-permalink=\"http:\/\/www.spang.ch\/aude\/fr\/2016\/12\/la-vida-es-una-rumba\/img_0502\/\" data-orig-file=\"https:\/\/i0.wp.com\/www.spang.ch\/aude\/wp-content\/uploads\/2016\/12\/IMG_0502-e1481308580376.jpg?fit=3456%2C5184\" data-orig-size=\"3456,5184\" data-comments-opened=\"1\" data-image-meta=\"{&quot;aperture&quot;:&quot;0&quot;,&quot;credit&quot;:&quot;&quot;,&quot;camera&quot;:&quot;&quot;,&quot;caption&quot;:&quot;&quot;,&quot;created_timestamp&quot;:&quot;0&quot;,&quot;copyright&quot;:&quot;&quot;,&quot;focal_length&quot;:&quot;0&quot;,&quot;iso&quot;:&quot;0&quot;,&quot;shutter_speed&quot;:&quot;0&quot;,&quot;title&quot;:&quot;&quot;,&quot;orientation&quot;:&quot;0&quot;}\" data-image-title=\"img_0502\" data-image-description=\"\" data-image-caption=\"&lt;p&gt;Cuenca&lt;\/p&gt;\n\" data-medium-file=\"https:\/\/i0.wp.com\/www.spang.ch\/aude\/wp-content\/uploads\/2016\/12\/IMG_0502-e1481308580376.jpg?fit=200%2C300\" data-large-file=\"https:\/\/i0.wp.com\/www.spang.ch\/aude\/wp-content\/uploads\/2016\/12\/IMG_0502-e1481308580376.jpg?fit=683%2C1024\" tabindex=\"0\" role=\"button\" class=\"size-large wp-image-514\" src=\"https:\/\/i0.wp.com\/www.spang.ch\/aude\/wp-content\/uploads\/2016\/12\/IMG_0502-e1481308580376-683x1024.jpg?resize=683%2C1024\" alt=\"Cuenca\" width=\"683\" height=\"1024\" srcset=\"https:\/\/i0.wp.com\/www.spang.ch\/aude\/wp-content\/uploads\/2016\/12\/IMG_0502-e1481308580376.jpg?resize=683%2C1024 683w, https:\/\/i0.wp.com\/www.spang.ch\/aude\/wp-content\/uploads\/2016\/12\/IMG_0502-e1481308580376.jpg?resize=200%2C300 200w, https:\/\/i0.wp.com\/www.spang.ch\/aude\/wp-content\/uploads\/2016\/12\/IMG_0502-e1481308580376.jpg?resize=768%2C1152 768w, https:\/\/i0.wp.com\/www.spang.ch\/aude\/wp-content\/uploads\/2016\/12\/IMG_0502-e1481308580376.jpg?w=2000 2000w, https:\/\/i0.wp.com\/www.spang.ch\/aude\/wp-content\/uploads\/2016\/12\/IMG_0502-e1481308580376.jpg?w=3000 3000w\" sizes=\"(max-width: 683px) 100vw, 683px\" data-recalc-dims=\"1\" \/><\/a><figcaption id=\"caption-attachment-514\" class=\"wp-caption-text\">Cuenca<\/figcaption><\/figure>\n<p style=\"text-align: justify;\">Revenons-en \u00e0 la Colombie. Une chose qui m&rsquo;a fait plaisir a \u00e9t\u00e9 de constater, en lisant l&rsquo;histoire du pays dans un esp\u00e8ce de laid manuel d&rsquo;histoire illustr\u00e9e, que j&rsquo;ai accompli un tour d&rsquo;horizon relativement complet du pays. En effet, non seulement je sais placer sur la carte mais j&rsquo;ai souvent carr\u00e9ment \u00e9t\u00e9 dans nombre de lieux qui apparaissent \u00e0 travers l&rsquo;histoire et que mon livre citait! De Santa Marta, premi\u00e8re ville fond\u00e9e par des Europ\u00e9ens sur le continent, au pont de Boyaca o\u00f9 s&rsquo;est disput\u00e9e la bataille finale de la lib\u00e9ration du pays entre les espagnols et les colombiens, aid\u00e9s par l&rsquo;arm\u00e9e anglaise (alors ennemie du royaume espagnol), en passant par les chefs lib\u00e9raux ex\u00e9cut\u00e9s \u00e0 Cartagena lors de la guerre civile, le cartel de la drogue d&rsquo;Escobar \u00e0 Medellin, les multiples statues de Simon Bolivar (v\u00e9n\u00e9zu\u00e9lien) et du g\u00e9n\u00e9ral Santander (colombien), lib\u00e9rateurs du pays du joug europ\u00e9en, et une cit\u00e9 perdue datant d&rsquo;avant l&rsquo;arriv\u00e9e espagnole, j&rsquo;ai un peu parcouru le temps et l&rsquo;histoire en prenant des bus.<\/p>\n<blockquote>\n<p style=\"text-align: justify;\">D&rsquo;abord le pays \u00e9tait peupl\u00e9 d&rsquo;indig\u00e8nes, puis les Espagnols l&rsquo;ont conquise en 1499 et ont extermin\u00e9 ceux d&rsquo;entre eux qui r\u00e9sistaient, avant d&rsquo;importer des esclaves d&rsquo;Afrique pour travailler dans les champs de bananes et les mines. Plus tard, le royaume d&rsquo;Espagne taxant toujours plus pour financer ses guerres, les colons se sont battus pour leur ind\u00e9pendance et, lib\u00e9r\u00e9s avec l&rsquo;aide de Bolivar, ont fond\u00e9 leur propre pays en 1819. Ensuite, la Colombie fut d\u00e9chir\u00e9e par une succession de guerres intestines entre les conservateurs et les lib\u00e9raux, ou encore les partisans de la centralisation contre ceux qui pr\u00e9f\u00e9raient le f\u00e9d\u00e9ralisme (on en a un aper\u00e7u dans \u00ab\u00a0Cent Ans de Solitude\u00a0\u00bb, le livre de Gabriel Garcia Marquez). Les violences du XXe si\u00e8cle li\u00e9es \u00e0 la guerilla et aux paramilitaires sont une continuation de cette lutte, et \u00e0 tout ce m\u00e9li-m\u00e9lo s&rsquo;ajoute encore, d\u00e8s les ann\u00e9es 60 environ, la production (et le trafic) de drogue, et le pouvoir des cartels qui va avec. Feuilleter ce livre fut un peu comme de voyager dans mes souvenirs, d&rsquo;autant plus parce que j&rsquo;avais d\u00e9j\u00e0, \u00e0 force de discussions et visites, r\u00e9ussi \u00e0 me former une id\u00e9e g\u00e9n\u00e9rale assez correcte de l&rsquo;histoire colombienne. Une parfaite cerise sur le g\u00e2teau de mes deux premiers mois de voyage. J&rsquo;ai l&rsquo;impression que je ne ferai pas autant connaissance avec et ne tomberai pas autant amoureuse d&rsquo;autres pays durant ces six mois, mais l&rsquo;avenir nous le dira&#8230;<\/p>\n<\/blockquote>\n<figure id=\"attachment_513\" aria-describedby=\"caption-attachment-513\" style=\"width: 1000px\" class=\"wp-caption aligncenter\"><a href=\"https:\/\/i0.wp.com\/www.spang.ch\/aude\/wp-content\/uploads\/2016\/12\/IMG_0495.jpg\"><img loading=\"lazy\" decoding=\"async\" data-attachment-id=\"513\" data-permalink=\"http:\/\/www.spang.ch\/aude\/fr\/2016\/12\/la-vida-es-una-rumba\/img_0495\/\" data-orig-file=\"https:\/\/i0.wp.com\/www.spang.ch\/aude\/wp-content\/uploads\/2016\/12\/IMG_0495.jpg?fit=5184%2C3456\" data-orig-size=\"5184,3456\" data-comments-opened=\"1\" data-image-meta=\"{&quot;aperture&quot;:&quot;0&quot;,&quot;credit&quot;:&quot;&quot;,&quot;camera&quot;:&quot;&quot;,&quot;caption&quot;:&quot;&quot;,&quot;created_timestamp&quot;:&quot;0&quot;,&quot;copyright&quot;:&quot;&quot;,&quot;focal_length&quot;:&quot;0&quot;,&quot;iso&quot;:&quot;0&quot;,&quot;shutter_speed&quot;:&quot;0&quot;,&quot;title&quot;:&quot;&quot;,&quot;orientation&quot;:&quot;0&quot;}\" data-image-title=\"img_0495\" data-image-description=\"\" data-image-caption=\"&lt;p&gt;Cuenca&lt;\/p&gt;\n\" data-medium-file=\"https:\/\/i0.wp.com\/www.spang.ch\/aude\/wp-content\/uploads\/2016\/12\/IMG_0495.jpg?fit=300%2C200\" data-large-file=\"https:\/\/i0.wp.com\/www.spang.ch\/aude\/wp-content\/uploads\/2016\/12\/IMG_0495.jpg?fit=1000%2C667\" tabindex=\"0\" role=\"button\" class=\"size-large wp-image-513\" src=\"https:\/\/i0.wp.com\/www.spang.ch\/aude\/wp-content\/uploads\/2016\/12\/IMG_0495.jpg?resize=1000%2C667\" alt=\"Cuenca\" width=\"1000\" height=\"667\" srcset=\"https:\/\/i0.wp.com\/www.spang.ch\/aude\/wp-content\/uploads\/2016\/12\/IMG_0495.jpg?resize=1024%2C683 1024w, https:\/\/i0.wp.com\/www.spang.ch\/aude\/wp-content\/uploads\/2016\/12\/IMG_0495.jpg?resize=300%2C200 300w, https:\/\/i0.wp.com\/www.spang.ch\/aude\/wp-content\/uploads\/2016\/12\/IMG_0495.jpg?resize=768%2C512 768w, https:\/\/i0.wp.com\/www.spang.ch\/aude\/wp-content\/uploads\/2016\/12\/IMG_0495.jpg?resize=960%2C640 960w, https:\/\/i0.wp.com\/www.spang.ch\/aude\/wp-content\/uploads\/2016\/12\/IMG_0495.jpg?resize=450%2C300 450w, https:\/\/i0.wp.com\/www.spang.ch\/aude\/wp-content\/uploads\/2016\/12\/IMG_0495.jpg?w=2000 2000w, https:\/\/i0.wp.com\/www.spang.ch\/aude\/wp-content\/uploads\/2016\/12\/IMG_0495.jpg?w=3000 3000w\" sizes=\"(max-width: 1000px) 100vw, 1000px\" data-recalc-dims=\"1\" \/><\/a><figcaption id=\"caption-attachment-513\" class=\"wp-caption-text\">Cuenca<\/figcaption><\/figure>\n<p>Je conclus avec un petit bilan de fin de Colombie&#8230;<\/p>\n<p>Ce que j&rsquo;ai plut\u00f4t bien g\u00e9r\u00e9:<\/p>\n<ul>\n<li style=\"text-align: justify;\">l&rsquo;espagnol &#8211; le pratiquer r\u00e9guli\u00e8rement et m&rsquo;am\u00e9liorer<\/li>\n<li style=\"text-align: justify;\">ne pas \u00eatre trop frustr\u00e9e par mes plans de voyage &#8211; j&rsquo;ai vraiment suivi mes d\u00e9sirs et adapt\u00e9 mon trajet au fil des envies, d&rsquo;o\u00f9 la p\u00e9riode prolong\u00e9e en Colombie, mais tout de m\u00eame pas au point de devoir compl\u00e8tement sauter d&rsquo;autres pays que je souhaite voir<\/li>\n<li style=\"text-align: justify;\">tenir ce blog plus ou moins \u00e0 jour (quoique ce soit de plus en plus difficile d&rsquo;\u00eatre r\u00e9guli\u00e8re)<\/li>\n<\/ul>\n<p>L\u00e0 o\u00f9 je me suis un peu plant\u00e9e:<\/p>\n<ul>\n<li style=\"text-align: justify;\">ne pas perdre mes affaires (je suis une catastrophe! Bien plus que je n&rsquo;aurais jamais cru!) &#8211; j&rsquo;ai perdu mes lunettes de soleil, mon linge, et&#8230; ma liseuse. Vous n&rsquo;imaginez pas comme je suis f\u00e2ch\u00e9e avec moi-m\u00eame<\/li>\n<li style=\"text-align: justify;\">j&rsquo;aurais voulu bien plus danser et profiter de cet aspect de la Colombie<\/li>\n<li style=\"text-align: justify;\">ne pas jeter le papier toilette dans la toilette mais dans une poubelle &#8211; c&rsquo;est n\u00e9cessaire ici pour \u00e9viter d&rsquo;engorger tout le syst\u00e8me de tuyauterie, mais plus de la moiti\u00e9 du temps mes habitudes de toute une vie prennent le dessus, je suis nulle!<\/li>\n<\/ul>\n<figure id=\"attachment_528\" aria-describedby=\"caption-attachment-528\" style=\"width: 768px\" class=\"wp-caption aligncenter\"><a href=\"https:\/\/i0.wp.com\/www.spang.ch\/aude\/wp-content\/uploads\/2016\/12\/IMG_9822-e1481407289525.jpg\"><img loading=\"lazy\" decoding=\"async\" data-attachment-id=\"528\" data-permalink=\"http:\/\/www.spang.ch\/aude\/fr\/2016\/12\/la-vida-es-una-rumba\/img_9822\/\" data-orig-file=\"https:\/\/i0.wp.com\/www.spang.ch\/aude\/wp-content\/uploads\/2016\/12\/IMG_9822-e1481407289525.jpg?fit=2448%2C3264\" data-orig-size=\"2448,3264\" data-comments-opened=\"1\" data-image-meta=\"{&quot;aperture&quot;:&quot;0&quot;,&quot;credit&quot;:&quot;&quot;,&quot;camera&quot;:&quot;&quot;,&quot;caption&quot;:&quot;&quot;,&quot;created_timestamp&quot;:&quot;0&quot;,&quot;copyright&quot;:&quot;&quot;,&quot;focal_length&quot;:&quot;0&quot;,&quot;iso&quot;:&quot;0&quot;,&quot;shutter_speed&quot;:&quot;0&quot;,&quot;title&quot;:&quot;&quot;,&quot;orientation&quot;:&quot;0&quot;}\" data-image-title=\"img_9822\" data-image-description=\"\" data-image-caption=\"&lt;p&gt;Indigenous ritual in Cuenca&lt;\/p&gt;\n\" data-medium-file=\"https:\/\/i0.wp.com\/www.spang.ch\/aude\/wp-content\/uploads\/2016\/12\/IMG_9822-e1481407289525.jpg?fit=225%2C300\" data-large-file=\"https:\/\/i0.wp.com\/www.spang.ch\/aude\/wp-content\/uploads\/2016\/12\/IMG_9822-e1481407289525.jpg?fit=768%2C1024\" tabindex=\"0\" role=\"button\" class=\"size-large wp-image-528\" src=\"https:\/\/i0.wp.com\/www.spang.ch\/aude\/wp-content\/uploads\/2016\/12\/IMG_9822-e1481407289525-768x1024.jpg?resize=768%2C1024\" alt=\"Indigenous ritual in Cuenca\" width=\"768\" height=\"1024\" srcset=\"https:\/\/i0.wp.com\/www.spang.ch\/aude\/wp-content\/uploads\/2016\/12\/IMG_9822-e1481407289525.jpg?resize=768%2C1024 768w, https:\/\/i0.wp.com\/www.spang.ch\/aude\/wp-content\/uploads\/2016\/12\/IMG_9822-e1481407289525.jpg?resize=225%2C300 225w, https:\/\/i0.wp.com\/www.spang.ch\/aude\/wp-content\/uploads\/2016\/12\/IMG_9822-e1481407289525.jpg?resize=630%2C840 630w, https:\/\/i0.wp.com\/www.spang.ch\/aude\/wp-content\/uploads\/2016\/12\/IMG_9822-e1481407289525.jpg?resize=960%2C1280 960w, https:\/\/i0.wp.com\/www.spang.ch\/aude\/wp-content\/uploads\/2016\/12\/IMG_9822-e1481407289525.jpg?w=2000 2000w\" sizes=\"(max-width: 768px) 100vw, 768px\" data-recalc-dims=\"1\" \/><\/a><figcaption id=\"caption-attachment-528\" class=\"wp-caption-text\">Indigenous ritual in Cuenca<\/figcaption><\/figure>\n<p style=\"text-align: justify;\"><strong>Ce dont je vous parlerai dans un prochain post:<\/strong> le nord du P\u00e9rou avec la plage \u00e0 M\u00e1ncora, les ruines chacha et incas \u00e0 Ku\u00e9lap, la superbe cascade de Gocta pr\u00e8s de Chachapoyas<br \/>\n<strong>O\u00f9 je suis maintenant:<\/strong> j&rsquo;ai \u00e9crit ce post dans un bus en Equateur puis dans un hamac en bateau sur une rivi\u00e8re me menant vers le poumon de la terre, dans la jungle amazonienne, o\u00f9 je me suis enfonc\u00e9e pour quelques jours, et je l&rsquo;ai termin\u00e9 dans un cybercaf\u00e9 \u00e0 Tarapoto<br \/>\n<strong>Prochaines \u00e9tapes:<\/strong> l&rsquo;Amazonie (!), Trujillo et sa pyramide pr\u00e9-inca, Huaraz et son temple Chavin de Huantar ainsi que la Cordillera Blanca (\u00e9ventuellement le trek de Santa Cruz pour monter en altitude), Lima, Cuzco avec le Machu Picchu et la vall\u00e9e sacr\u00e9e. Mais le temps se r\u00e9duit comme peau de chagrin, car je dois m&rsquo;assurer d&rsquo;\u00eatre \u00e0 Santa Cruz en Bolivie le 26 d\u00e9cembre, pour y retrouver mon Emanuele, et bien qu&rsquo;il y ait encore tellement que je veuille voir au P\u00e9rou il se peut que je ne parvienne m\u00eame pas \u00e0 voir ce dont je vous ai parl\u00e9!<\/p>\n<p><figure id=\"attachment_516\" aria-describedby=\"caption-attachment-516\" style=\"width: 1000px\" class=\"wp-caption aligncenter\"><a href=\"https:\/\/i0.wp.com\/www.spang.ch\/aude\/wp-content\/uploads\/2016\/12\/IMG_0514.jpg\"><img loading=\"lazy\" decoding=\"async\" data-attachment-id=\"516\" data-permalink=\"http:\/\/www.spang.ch\/aude\/fr\/2016\/12\/la-vida-es-una-rumba\/img_0514\/\" data-orig-file=\"https:\/\/i0.wp.com\/www.spang.ch\/aude\/wp-content\/uploads\/2016\/12\/IMG_0514.jpg?fit=5184%2C3456\" data-orig-size=\"5184,3456\" data-comments-opened=\"1\" data-image-meta=\"{&quot;aperture&quot;:&quot;0&quot;,&quot;credit&quot;:&quot;&quot;,&quot;camera&quot;:&quot;&quot;,&quot;caption&quot;:&quot;&quot;,&quot;created_timestamp&quot;:&quot;0&quot;,&quot;copyright&quot;:&quot;&quot;,&quot;focal_length&quot;:&quot;0&quot;,&quot;iso&quot;:&quot;0&quot;,&quot;shutter_speed&quot;:&quot;0&quot;,&quot;title&quot;:&quot;&quot;,&quot;orientation&quot;:&quot;0&quot;}\" data-image-title=\"img_0514\" data-image-description=\"\" data-image-caption=\"&lt;p&gt;Cuenca&lt;\/p&gt;\n\" data-medium-file=\"https:\/\/i0.wp.com\/www.spang.ch\/aude\/wp-content\/uploads\/2016\/12\/IMG_0514.jpg?fit=300%2C200\" data-large-file=\"https:\/\/i0.wp.com\/www.spang.ch\/aude\/wp-content\/uploads\/2016\/12\/IMG_0514.jpg?fit=1000%2C667\" tabindex=\"0\" role=\"button\" class=\"size-large wp-image-516\" src=\"https:\/\/i0.wp.com\/www.spang.ch\/aude\/wp-content\/uploads\/2016\/12\/IMG_0514.jpg?resize=1000%2C667\" alt=\"Cuenca\" width=\"1000\" height=\"667\" srcset=\"https:\/\/i0.wp.com\/www.spang.ch\/aude\/wp-content\/uploads\/2016\/12\/IMG_0514.jpg?resize=1024%2C683 1024w, https:\/\/i0.wp.com\/www.spang.ch\/aude\/wp-content\/uploads\/2016\/12\/IMG_0514.jpg?resize=300%2C200 300w, https:\/\/i0.wp.com\/www.spang.ch\/aude\/wp-content\/uploads\/2016\/12\/IMG_0514.jpg?resize=768%2C512 768w, https:\/\/i0.wp.com\/www.spang.ch\/aude\/wp-content\/uploads\/2016\/12\/IMG_0514.jpg?resize=960%2C640 960w, https:\/\/i0.wp.com\/www.spang.ch\/aude\/wp-content\/uploads\/2016\/12\/IMG_0514.jpg?resize=450%2C300 450w, https:\/\/i0.wp.com\/www.spang.ch\/aude\/wp-content\/uploads\/2016\/12\/IMG_0514.jpg?w=2000 2000w, https:\/\/i0.wp.com\/www.spang.ch\/aude\/wp-content\/uploads\/2016\/12\/IMG_0514.jpg?w=3000 3000w\" sizes=\"(max-width: 1000px) 100vw, 1000px\" data-recalc-dims=\"1\" \/><\/a><figcaption id=\"caption-attachment-516\" class=\"wp-caption-text\">Cuenca<\/figcaption><\/figure><\/p>","protected":false},"excerpt":{"rendered":"<p>*rumba = f\u00eate La fronti\u00e8re est pass\u00e9e, il y a de nouveaux tampons dans mon passeport (sortie de Colombie, entr\u00e9e et sortie d&rsquo;\u00c9quateur, entr\u00e9e au P\u00e9rou), et je suis maintenant hors des terres que j&rsquo;ai tant ch\u00e9ries. La Colombie m&rsquo;a imm\u00e9diatement manqu\u00e9! Je suis v\u00e9ritablement tomb\u00e9e amoureuse de ce pays fantastique, comme je pr\u00e9disais en&#8230; <\/p>\n<div class=\"link-more\"><a href=\"http:\/\/www.spang.ch\/aude\/fr\/2016\/12\/la-vida-es-una-rumba\/\">En savoir plus<\/a><\/div>\n","protected":false},"author":1,"featured_media":511,"comment_status":"open","ping_status":"open","sticky":false,"template":"","format":"standard","meta":{"jetpack_post_was_ever_published":false,"_jetpack_newsletter_access":"","_jetpack_dont_email_post_to_subs":false,"_jetpack_newsletter_tier_id":0,"_jetpack_memberships_contains_paywalled_content":false,"_jetpack_memberships_contains_paid_content":false,"footnotes":"","jetpack_publicize_message":"","jetpack_publicize_feature_enabled":true,"jetpack_social_post_already_shared":true,"jetpack_social_options":{"image_generator_settings":{"template":"highway","enabled":false},"version":2}},"categories":[4],"tags":[],"jetpack_publicize_connections":[],"jetpack_featured_media_url":"https:\/\/i0.wp.com\/www.spang.ch\/aude\/wp-content\/uploads\/2016\/12\/IMG_0441-e1481308122919.jpg?fit=3456%2C5184","jetpack_shortlink":"https:\/\/wp.me\/p7EYAh-6e","jetpack-related-posts":[],"jetpack_likes_enabled":true,"jetpack_sharing_enabled":true,"_links":{"self":[{"href":"http:\/\/www.spang.ch\/aude\/fr\/wp-json\/wp\/v2\/posts\/386"}],"collection":[{"href":"http:\/\/www.spang.ch\/aude\/fr\/wp-json\/wp\/v2\/posts"}],"about":[{"href":"http:\/\/www.spang.ch\/aude\/fr\/wp-json\/wp\/v2\/types\/post"}],"author":[{"embeddable":true,"href":"http:\/\/www.spang.ch\/aude\/fr\/wp-json\/wp\/v2\/users\/1"}],"replies":[{"embeddable":true,"href":"http:\/\/www.spang.ch\/aude\/fr\/wp-json\/wp\/v2\/comments?post=386"}],"version-history":[{"count":31,"href":"http:\/\/www.spang.ch\/aude\/fr\/wp-json\/wp\/v2\/posts\/386\/revisions"}],"predecessor-version":[{"id":530,"href":"http:\/\/www.spang.ch\/aude\/fr\/wp-json\/wp\/v2\/posts\/386\/revisions\/530"}],"wp:featuredmedia":[{"embeddable":true,"href":"http:\/\/www.spang.ch\/aude\/fr\/wp-json\/wp\/v2\/media\/511"}],"wp:attachment":[{"href":"http:\/\/www.spang.ch\/aude\/fr\/wp-json\/wp\/v2\/media?parent=386"}],"wp:term":[{"taxonomy":"category","embeddable":true,"href":"http:\/\/www.spang.ch\/aude\/fr\/wp-json\/wp\/v2\/categories?post=386"},{"taxonomy":"post_tag","embeddable":true,"href":"http:\/\/www.spang.ch\/aude\/fr\/wp-json\/wp\/v2\/tags?post=386"}],"curies":[{"name":"wp","href":"https:\/\/api.w.org\/{rel}","templated":true}]}}