{"id":324,"date":"2016-11-21T21:56:53","date_gmt":"2016-11-21T19:56:53","guid":{"rendered":"http:\/\/www.spang.ch\/aude\/?p=324"},"modified":"2016-11-21T22:17:37","modified_gmt":"2016-11-21T20:17:37","slug":"summer-in-jamaican-fashion-and-a-fabulous-region","status":"publish","type":"post","link":"http:\/\/www.spang.ch\/aude\/fr\/2016\/11\/summer-in-jamaican-fashion-and-a-fabulous-region\/","title":{"rendered":"L&rsquo;\u00e9t\u00e9 aux teintes de Jama\u00efque&#8230; et une fabuleuse r\u00e9gion"},"content":{"rendered":"<p><figure id=\"attachment_408\" aria-describedby=\"caption-attachment-408\" style=\"width: 1000px\" class=\"wp-caption aligncenter\"><a href=\"http:\/\/www.spang.ch\/aude\/gopr5185\/\"><img loading=\"lazy\" decoding=\"async\" data-attachment-id=\"408\" data-permalink=\"http:\/\/www.spang.ch\/aude\/fr\/2016\/11\/summer-in-jamaican-fashion-and-a-fabulous-region\/gopr5185\/\" data-orig-file=\"https:\/\/i0.wp.com\/www.spang.ch\/aude\/wp-content\/uploads\/2016\/11\/GOPR5185.jpg?fit=3680%2C2760\" data-orig-size=\"3680,2760\" data-comments-opened=\"1\" data-image-meta=\"{&quot;aperture&quot;:&quot;0&quot;,&quot;credit&quot;:&quot;&quot;,&quot;camera&quot;:&quot;&quot;,&quot;caption&quot;:&quot;&quot;,&quot;created_timestamp&quot;:&quot;0&quot;,&quot;copyright&quot;:&quot;&quot;,&quot;focal_length&quot;:&quot;0&quot;,&quot;iso&quot;:&quot;0&quot;,&quot;shutter_speed&quot;:&quot;0&quot;,&quot;title&quot;:&quot;&quot;,&quot;orientation&quot;:&quot;0&quot;}\" data-image-title=\"gopr5185\" data-image-description=\"\" data-image-caption=\"&lt;p&gt;Colombia #4: San Andr\u00e9s, la Ciudad Perdida, Palomino, Camarones&lt;\/p&gt;\n\" data-medium-file=\"https:\/\/i0.wp.com\/www.spang.ch\/aude\/wp-content\/uploads\/2016\/11\/GOPR5185.jpg?fit=300%2C225\" data-large-file=\"https:\/\/i0.wp.com\/www.spang.ch\/aude\/wp-content\/uploads\/2016\/11\/GOPR5185.jpg?fit=1000%2C750\" tabindex=\"0\" role=\"button\" class=\"size-large wp-image-408\" src=\"https:\/\/i0.wp.com\/www.spang.ch\/aude\/wp-content\/uploads\/2016\/11\/GOPR5185.jpg?resize=1000%2C750\" alt=\"San Andr\u00e9s\" width=\"1000\" height=\"750\" srcset=\"https:\/\/i0.wp.com\/www.spang.ch\/aude\/wp-content\/uploads\/2016\/11\/GOPR5185.jpg?resize=1024%2C768 1024w, https:\/\/i0.wp.com\/www.spang.ch\/aude\/wp-content\/uploads\/2016\/11\/GOPR5185.jpg?resize=300%2C225 300w, https:\/\/i0.wp.com\/www.spang.ch\/aude\/wp-content\/uploads\/2016\/11\/GOPR5185.jpg?resize=768%2C576 768w, https:\/\/i0.wp.com\/www.spang.ch\/aude\/wp-content\/uploads\/2016\/11\/GOPR5185.jpg?resize=400%2C300 400w, https:\/\/i0.wp.com\/www.spang.ch\/aude\/wp-content\/uploads\/2016\/11\/GOPR5185.jpg?w=2000 2000w, https:\/\/i0.wp.com\/www.spang.ch\/aude\/wp-content\/uploads\/2016\/11\/GOPR5185.jpg?w=3000 3000w\" sizes=\"(max-width: 1000px) 100vw, 1000px\" data-recalc-dims=\"1\" \/><\/a><figcaption id=\"caption-attachment-408\" class=\"wp-caption-text\">San Andr\u00e9s<\/figcaption><\/figure><\/p>\n<p style=\"text-align: justify;\">Je vous recommande d&rsquo;\u00e9couter cette playlist durant votre lecture, petite s\u00e9lection par mes soins de musiques qui ont rythm\u00e9 mes journ\u00e9es durant ce s\u00e9jour en Colombie et plus particuli\u00e8rement le long de la cote. Vous y trouverez de la salsa, de la champeta, du reggaeton, du vallenato, et plusieurs autres&#8230; (je vous parlerai de musique prochainement):<\/p>\n<p style=\"text-align: center;\"><iframe loading=\"lazy\" src=\"https:\/\/www.youtube.com\/embed\/-UV0QGLmYys?list=PLT-r8oYpB_NJVTC8ZQ46kmEIs_o8BA1B-controls=1\" width=\"560\" height=\"315\" frameborder=\"0\" allowfullscreen=\"allowfullscreen\"><\/iframe><\/p>\n<figure id=\"attachment_409\" aria-describedby=\"caption-attachment-409\" style=\"width: 1000px\" class=\"wp-caption aligncenter\"><a href=\"http:\/\/www.spang.ch\/aude\/gopr5199\/\"><img loading=\"lazy\" decoding=\"async\" data-attachment-id=\"409\" data-permalink=\"http:\/\/www.spang.ch\/aude\/fr\/2016\/11\/summer-in-jamaican-fashion-and-a-fabulous-region\/gopr5199\/\" data-orig-file=\"https:\/\/i0.wp.com\/www.spang.ch\/aude\/wp-content\/uploads\/2016\/11\/GOPR5199.jpg?fit=3680%2C2760\" data-orig-size=\"3680,2760\" data-comments-opened=\"1\" data-image-meta=\"{&quot;aperture&quot;:&quot;0&quot;,&quot;credit&quot;:&quot;&quot;,&quot;camera&quot;:&quot;&quot;,&quot;caption&quot;:&quot;&quot;,&quot;created_timestamp&quot;:&quot;0&quot;,&quot;copyright&quot;:&quot;&quot;,&quot;focal_length&quot;:&quot;0&quot;,&quot;iso&quot;:&quot;0&quot;,&quot;shutter_speed&quot;:&quot;0&quot;,&quot;title&quot;:&quot;&quot;,&quot;orientation&quot;:&quot;0&quot;}\" data-image-title=\"gopr5199\" data-image-description=\"\" data-image-caption=\"&lt;p&gt;San Andr\u00e9s&lt;\/p&gt;\n\" data-medium-file=\"https:\/\/i0.wp.com\/www.spang.ch\/aude\/wp-content\/uploads\/2016\/11\/GOPR5199.jpg?fit=300%2C225\" data-large-file=\"https:\/\/i0.wp.com\/www.spang.ch\/aude\/wp-content\/uploads\/2016\/11\/GOPR5199.jpg?fit=1000%2C750\" tabindex=\"0\" role=\"button\" class=\"size-large wp-image-409\" src=\"https:\/\/i0.wp.com\/www.spang.ch\/aude\/wp-content\/uploads\/2016\/11\/GOPR5199.jpg?resize=1000%2C750\" alt=\"San Andr\u00e9s\" width=\"1000\" height=\"750\" srcset=\"https:\/\/i0.wp.com\/www.spang.ch\/aude\/wp-content\/uploads\/2016\/11\/GOPR5199.jpg?resize=1024%2C768 1024w, https:\/\/i0.wp.com\/www.spang.ch\/aude\/wp-content\/uploads\/2016\/11\/GOPR5199.jpg?resize=300%2C225 300w, https:\/\/i0.wp.com\/www.spang.ch\/aude\/wp-content\/uploads\/2016\/11\/GOPR5199.jpg?resize=768%2C576 768w, https:\/\/i0.wp.com\/www.spang.ch\/aude\/wp-content\/uploads\/2016\/11\/GOPR5199.jpg?resize=400%2C300 400w, https:\/\/i0.wp.com\/www.spang.ch\/aude\/wp-content\/uploads\/2016\/11\/GOPR5199.jpg?w=2000 2000w, https:\/\/i0.wp.com\/www.spang.ch\/aude\/wp-content\/uploads\/2016\/11\/GOPR5199.jpg?w=3000 3000w\" sizes=\"(max-width: 1000px) 100vw, 1000px\" data-recalc-dims=\"1\" \/><\/a><figcaption id=\"caption-attachment-409\" class=\"wp-caption-text\">San Andr\u00e9s<\/figcaption><\/figure>\n<p style=\"text-align: justify;\">Plus de temps que d&rsquo;habitude a pass\u00e9 depuis mon dernier article, j&rsquo;ai \u00e9t\u00e9 fort occup\u00e9e! J&rsquo;ai vraiment v\u00e9cu les Cara\u00efbes et suis maintenant de retour vers la montagne et des temp\u00e9ratures moins cl\u00e9mentes. Je promets d&rsquo;avoir profit\u00e9 du soleil au maximum! J&rsquo;ai m\u00eame r\u00e9ussi \u00e0 bronzer un peu, ce qui n&rsquo;est pas si mal pour un mois de novembre. <span style=\"text-decoration: underline;\">Petit avis aux envieux<\/span>, s&rsquo;il y en a parmi vous: ce post risque de ne pas vous faire du bien. Quant aux autres, ceux qui profitent de ces articles pour voyager un peu, venez, je vous entra\u00eene sous le soleil des tropiques!<\/p>\n<figure id=\"attachment_410\" aria-describedby=\"caption-attachment-410\" style=\"width: 1000px\" class=\"wp-caption aligncenter\"><a href=\"http:\/\/www.spang.ch\/aude\/gopr5239\/\"><img loading=\"lazy\" decoding=\"async\" data-attachment-id=\"410\" data-permalink=\"http:\/\/www.spang.ch\/aude\/fr\/2016\/11\/summer-in-jamaican-fashion-and-a-fabulous-region\/gopr5239\/\" data-orig-file=\"https:\/\/i0.wp.com\/www.spang.ch\/aude\/wp-content\/uploads\/2016\/11\/GOPR5239.jpg?fit=3680%2C2760\" data-orig-size=\"3680,2760\" data-comments-opened=\"1\" data-image-meta=\"{&quot;aperture&quot;:&quot;0&quot;,&quot;credit&quot;:&quot;&quot;,&quot;camera&quot;:&quot;&quot;,&quot;caption&quot;:&quot;&quot;,&quot;created_timestamp&quot;:&quot;0&quot;,&quot;copyright&quot;:&quot;&quot;,&quot;focal_length&quot;:&quot;0&quot;,&quot;iso&quot;:&quot;0&quot;,&quot;shutter_speed&quot;:&quot;0&quot;,&quot;title&quot;:&quot;&quot;,&quot;orientation&quot;:&quot;0&quot;}\" data-image-title=\"gopr5239\" data-image-description=\"\" data-image-caption=\"&lt;p&gt;Diving in San Andr\u00e9s&lt;\/p&gt;\n\" data-medium-file=\"https:\/\/i0.wp.com\/www.spang.ch\/aude\/wp-content\/uploads\/2016\/11\/GOPR5239.jpg?fit=300%2C225\" data-large-file=\"https:\/\/i0.wp.com\/www.spang.ch\/aude\/wp-content\/uploads\/2016\/11\/GOPR5239.jpg?fit=1000%2C750\" tabindex=\"0\" role=\"button\" class=\"size-large wp-image-410\" src=\"https:\/\/i0.wp.com\/www.spang.ch\/aude\/wp-content\/uploads\/2016\/11\/GOPR5239.jpg?resize=1000%2C750\" alt=\"Plong\u00e9e \u00e0 San Andr\u00e9s\" width=\"1000\" height=\"750\" srcset=\"https:\/\/i0.wp.com\/www.spang.ch\/aude\/wp-content\/uploads\/2016\/11\/GOPR5239.jpg?resize=1024%2C768 1024w, https:\/\/i0.wp.com\/www.spang.ch\/aude\/wp-content\/uploads\/2016\/11\/GOPR5239.jpg?resize=300%2C225 300w, https:\/\/i0.wp.com\/www.spang.ch\/aude\/wp-content\/uploads\/2016\/11\/GOPR5239.jpg?resize=768%2C576 768w, https:\/\/i0.wp.com\/www.spang.ch\/aude\/wp-content\/uploads\/2016\/11\/GOPR5239.jpg?resize=400%2C300 400w, https:\/\/i0.wp.com\/www.spang.ch\/aude\/wp-content\/uploads\/2016\/11\/GOPR5239.jpg?w=2000 2000w, https:\/\/i0.wp.com\/www.spang.ch\/aude\/wp-content\/uploads\/2016\/11\/GOPR5239.jpg?w=3000 3000w\" sizes=\"(max-width: 1000px) 100vw, 1000px\" data-recalc-dims=\"1\" \/><\/a><figcaption id=\"caption-attachment-410\" class=\"wp-caption-text\">Plong\u00e9e \u00e0 San Andr\u00e9s<\/figcaption><\/figure>\n<p style=\"text-align: justify;\">San Andr\u00e9s tout d&rsquo;abord, une \u00eele colombienne \u00e0 c\u00f4t\u00e9 du Nicaragua. Elle n&rsquo;a de colombienne que le nom, puisqu&rsquo;elle \u00e9tait une colonie britannique avant de passer en mains plus locales. Et puis la population noire descend\u00a0d&rsquo;esclaves jama\u00efcains immigr\u00e9s sur l&rsquo;ile, donc l&rsquo;ambiance est assez diff\u00e9rente de celle de la c\u00f4te colombienne! Autant dire que visuellement et musicalement (\u00e9tonnamment, olfactivement pas tant) on se retrouve transport\u00e9 dans le monde du dieu Marley et du reggaeton, c&rsquo;est super particulier! Et la culture est v\u00e9ritablement diff\u00e9rente: les gens l\u00e0-bas se r\u00e9clament de San Andr\u00e9s plus que de la Colombie, et un type m&rsquo;a meme dit qu&rsquo;il n&rsquo;aime pas parler espagnol car ses langues \u00e0 lui sont l&rsquo;anglais et le cr\u00e9ole. Bref, l&rsquo;\u00eele est autant carib\u00e9enne que le concept d&rsquo;\u00eele des Cara\u00efbes fait r\u00eaver: sable blanc, palmiers et eaux turquoises.<\/p>\n<figure id=\"attachment_411\" aria-describedby=\"caption-attachment-411\" style=\"width: 1000px\" class=\"wp-caption aligncenter\"><a href=\"http:\/\/www.spang.ch\/aude\/gopr5427\/\"><img loading=\"lazy\" decoding=\"async\" data-attachment-id=\"411\" data-permalink=\"http:\/\/www.spang.ch\/aude\/fr\/2016\/11\/summer-in-jamaican-fashion-and-a-fabulous-region\/gopr5427\/\" data-orig-file=\"https:\/\/i0.wp.com\/www.spang.ch\/aude\/wp-content\/uploads\/2016\/11\/GOPR5427.jpg?fit=3680%2C2760\" data-orig-size=\"3680,2760\" data-comments-opened=\"1\" data-image-meta=\"{&quot;aperture&quot;:&quot;0&quot;,&quot;credit&quot;:&quot;&quot;,&quot;camera&quot;:&quot;&quot;,&quot;caption&quot;:&quot;&quot;,&quot;created_timestamp&quot;:&quot;0&quot;,&quot;copyright&quot;:&quot;&quot;,&quot;focal_length&quot;:&quot;0&quot;,&quot;iso&quot;:&quot;0&quot;,&quot;shutter_speed&quot;:&quot;0&quot;,&quot;title&quot;:&quot;&quot;,&quot;orientation&quot;:&quot;0&quot;}\" data-image-title=\"\" data-image-description=\"\" data-image-caption=\"&lt;p&gt;San Andr\u00e9s&lt;\/p&gt;\n\" data-medium-file=\"https:\/\/i0.wp.com\/www.spang.ch\/aude\/wp-content\/uploads\/2016\/11\/GOPR5427.jpg?fit=300%2C225\" data-large-file=\"https:\/\/i0.wp.com\/www.spang.ch\/aude\/wp-content\/uploads\/2016\/11\/GOPR5427.jpg?fit=1000%2C750\" tabindex=\"0\" role=\"button\" class=\"size-large wp-image-411\" src=\"https:\/\/i0.wp.com\/www.spang.ch\/aude\/wp-content\/uploads\/2016\/11\/GOPR5427.jpg?resize=1000%2C750\" alt=\"San Andr\u00e9s\" width=\"1000\" height=\"750\" srcset=\"https:\/\/i0.wp.com\/www.spang.ch\/aude\/wp-content\/uploads\/2016\/11\/GOPR5427.jpg?resize=1024%2C768 1024w, https:\/\/i0.wp.com\/www.spang.ch\/aude\/wp-content\/uploads\/2016\/11\/GOPR5427.jpg?resize=300%2C225 300w, https:\/\/i0.wp.com\/www.spang.ch\/aude\/wp-content\/uploads\/2016\/11\/GOPR5427.jpg?resize=768%2C576 768w, https:\/\/i0.wp.com\/www.spang.ch\/aude\/wp-content\/uploads\/2016\/11\/GOPR5427.jpg?resize=400%2C300 400w, https:\/\/i0.wp.com\/www.spang.ch\/aude\/wp-content\/uploads\/2016\/11\/GOPR5427.jpg?w=2000 2000w, https:\/\/i0.wp.com\/www.spang.ch\/aude\/wp-content\/uploads\/2016\/11\/GOPR5427.jpg?w=3000 3000w\" sizes=\"(max-width: 1000px) 100vw, 1000px\" data-recalc-dims=\"1\" \/><\/a><figcaption id=\"caption-attachment-411\" class=\"wp-caption-text\">San Andr\u00e9s<\/figcaption><\/figure>\n<p style=\"text-align: justify;\">J&rsquo;y ai pass\u00e9 trois jours enchanteurs, \u00e0 flotter sans pouvoir y croire dans une mer transparente et sous un merveilleux soleil, faire un peu de plong\u00e9e et un tour \u00e0 v\u00e9lo g\u00e9nial avec une fran\u00e7aise sympathique qui vit en Colombie, Pauline. J&rsquo;ai aussi rencontr\u00e9 quelques joyeuses chiliennes (Teresita et Francesca) et sympathiques br\u00e9siliens (notamment, Cristina) avec qui j&rsquo;ai dans\u00e9 dans la rue et d\u00e9couvert l&rsquo;hilarant portugnol, croisement d&rsquo;espagnol et de portugais permettant une compr\u00e9hension mutuelle teint\u00e9e d&rsquo;\u00e9clats de rire. Repas partag\u00e9s, eau de noix de coco fra\u00eeche, baignade improvis\u00e9e et <em>ceviche<\/em> de fin de journ\u00e9e (plat diff\u00e9rent de son homonyme p\u00e9ruvien, la version carib\u00e9enne consistant en des crevettes baignant dans de l&rsquo;oignon, de la tomate fra\u00eeche, du coriandre et du jus de citron, simple mais d\u00e9licieux!), je peux dire que j&rsquo;ai bien savour\u00e9 ces trois jours!<\/p>\n<figure id=\"attachment_416\" aria-describedby=\"caption-attachment-416\" style=\"width: 1000px\" class=\"wp-caption aligncenter\"><a href=\"http:\/\/www.spang.ch\/aude\/img_9363\/\"><img loading=\"lazy\" decoding=\"async\" data-attachment-id=\"416\" data-permalink=\"http:\/\/www.spang.ch\/aude\/fr\/2016\/11\/summer-in-jamaican-fashion-and-a-fabulous-region\/img_9363\/\" data-orig-file=\"https:\/\/i0.wp.com\/www.spang.ch\/aude\/wp-content\/uploads\/2016\/11\/IMG_9363.jpg?fit=5184%2C3456\" data-orig-size=\"5184,3456\" data-comments-opened=\"1\" data-image-meta=\"{&quot;aperture&quot;:&quot;0&quot;,&quot;credit&quot;:&quot;&quot;,&quot;camera&quot;:&quot;&quot;,&quot;caption&quot;:&quot;&quot;,&quot;created_timestamp&quot;:&quot;0&quot;,&quot;copyright&quot;:&quot;&quot;,&quot;focal_length&quot;:&quot;0&quot;,&quot;iso&quot;:&quot;0&quot;,&quot;shutter_speed&quot;:&quot;0&quot;,&quot;title&quot;:&quot;&quot;,&quot;orientation&quot;:&quot;0&quot;}\" data-image-title=\"\" data-image-description=\"\" data-image-caption=\"&lt;p&gt;The Sierra Nevada jungle, leading to the Lost City&lt;\/p&gt;\n\" data-medium-file=\"https:\/\/i0.wp.com\/www.spang.ch\/aude\/wp-content\/uploads\/2016\/11\/IMG_9363.jpg?fit=300%2C200\" data-large-file=\"https:\/\/i0.wp.com\/www.spang.ch\/aude\/wp-content\/uploads\/2016\/11\/IMG_9363.jpg?fit=1000%2C667\" tabindex=\"0\" role=\"button\" class=\"size-large wp-image-416\" src=\"https:\/\/i0.wp.com\/www.spang.ch\/aude\/wp-content\/uploads\/2016\/11\/IMG_9363.jpg?resize=1000%2C667\" alt=\"La jungle de la Sierra Nevada, menant \u00e0 la Cit\u00e9 Perdue\" width=\"1000\" height=\"667\" srcset=\"https:\/\/i0.wp.com\/www.spang.ch\/aude\/wp-content\/uploads\/2016\/11\/IMG_9363.jpg?resize=1024%2C683 1024w, https:\/\/i0.wp.com\/www.spang.ch\/aude\/wp-content\/uploads\/2016\/11\/IMG_9363.jpg?resize=300%2C200 300w, https:\/\/i0.wp.com\/www.spang.ch\/aude\/wp-content\/uploads\/2016\/11\/IMG_9363.jpg?resize=768%2C512 768w, https:\/\/i0.wp.com\/www.spang.ch\/aude\/wp-content\/uploads\/2016\/11\/IMG_9363.jpg?resize=960%2C640 960w, https:\/\/i0.wp.com\/www.spang.ch\/aude\/wp-content\/uploads\/2016\/11\/IMG_9363.jpg?resize=450%2C300 450w, https:\/\/i0.wp.com\/www.spang.ch\/aude\/wp-content\/uploads\/2016\/11\/IMG_9363.jpg?w=2000 2000w, https:\/\/i0.wp.com\/www.spang.ch\/aude\/wp-content\/uploads\/2016\/11\/IMG_9363.jpg?w=3000 3000w\" sizes=\"(max-width: 1000px) 100vw, 1000px\" data-recalc-dims=\"1\" \/><\/a><figcaption id=\"caption-attachment-416\" class=\"wp-caption-text\">La jungle de la Sierra Nevada, menant \u00e0 la Cit\u00e9 Perdue<\/figcaption><\/figure>\n<p style=\"text-align: justify;\">Ensuite la vraie aventure a commenc\u00e9: retourn\u00e9e \u00e0 Cartagena, j&rsquo;ai pris un <em>colectivo<\/em> (petits bus qui partent seulement une fois plein mais offrent un service un peu plus personnalis\u00e9 que les transports publics standard) pour Santa Marta, \u00e0 l&rsquo;est de la c\u00f4te. Cette petite ville n&rsquo;a pas grand chose d&rsquo;autre \u00e0 offrir que son climat et la mer (ce qui est d\u00e9j\u00e0 pas mal, j&rsquo;en conviens), mais elle est une excellente base pour d\u00e9couvrir la r\u00e9gion, qui est l&rsquo;une des plus riches et vari\u00e9es que je connaisse! Un endroit incroyable, que je recommande absolument \u00e0 qui veut voir beaucoup de la Colombie en peu de temps, ou simplement vivre dans la beaut\u00e9 de la nature. Jungle, montagne, plage, d\u00e9sert (c&rsquo;est m\u00eame une r\u00e9gion de culture du caf\u00e9!)&#8230; lisez plut\u00f4t.<\/p>\n<figure id=\"attachment_414\" aria-describedby=\"caption-attachment-414\" style=\"width: 1000px\" class=\"wp-caption aligncenter\"><a href=\"http:\/\/www.spang.ch\/aude\/img_9146\/\"><img loading=\"lazy\" decoding=\"async\" data-attachment-id=\"414\" data-permalink=\"http:\/\/www.spang.ch\/aude\/fr\/2016\/11\/summer-in-jamaican-fashion-and-a-fabulous-region\/img_9146\/\" data-orig-file=\"https:\/\/i0.wp.com\/www.spang.ch\/aude\/wp-content\/uploads\/2016\/11\/IMG_9146.jpg?fit=5184%2C3456\" data-orig-size=\"5184,3456\" data-comments-opened=\"1\" data-image-meta=\"{&quot;aperture&quot;:&quot;0&quot;,&quot;credit&quot;:&quot;&quot;,&quot;camera&quot;:&quot;&quot;,&quot;caption&quot;:&quot;&quot;,&quot;created_timestamp&quot;:&quot;0&quot;,&quot;copyright&quot;:&quot;&quot;,&quot;focal_length&quot;:&quot;0&quot;,&quot;iso&quot;:&quot;0&quot;,&quot;shutter_speed&quot;:&quot;0&quot;,&quot;title&quot;:&quot;&quot;,&quot;orientation&quot;:&quot;0&quot;}\" data-image-title=\"img_9146\" data-image-description=\"\" data-image-caption=\"&lt;p&gt;Sierra Nevada jungle&lt;\/p&gt;\n\" data-medium-file=\"https:\/\/i0.wp.com\/www.spang.ch\/aude\/wp-content\/uploads\/2016\/11\/IMG_9146.jpg?fit=300%2C200\" data-large-file=\"https:\/\/i0.wp.com\/www.spang.ch\/aude\/wp-content\/uploads\/2016\/11\/IMG_9146.jpg?fit=1000%2C667\" tabindex=\"0\" role=\"button\" class=\"size-large wp-image-414\" src=\"https:\/\/i0.wp.com\/www.spang.ch\/aude\/wp-content\/uploads\/2016\/11\/IMG_9146.jpg?resize=1000%2C667\" alt=\"Jungle de la Sierra Nevada\" width=\"1000\" height=\"667\" srcset=\"https:\/\/i0.wp.com\/www.spang.ch\/aude\/wp-content\/uploads\/2016\/11\/IMG_9146.jpg?resize=1024%2C683 1024w, https:\/\/i0.wp.com\/www.spang.ch\/aude\/wp-content\/uploads\/2016\/11\/IMG_9146.jpg?resize=300%2C200 300w, https:\/\/i0.wp.com\/www.spang.ch\/aude\/wp-content\/uploads\/2016\/11\/IMG_9146.jpg?resize=768%2C512 768w, https:\/\/i0.wp.com\/www.spang.ch\/aude\/wp-content\/uploads\/2016\/11\/IMG_9146.jpg?resize=960%2C640 960w, https:\/\/i0.wp.com\/www.spang.ch\/aude\/wp-content\/uploads\/2016\/11\/IMG_9146.jpg?resize=450%2C300 450w, https:\/\/i0.wp.com\/www.spang.ch\/aude\/wp-content\/uploads\/2016\/11\/IMG_9146.jpg?w=2000 2000w, https:\/\/i0.wp.com\/www.spang.ch\/aude\/wp-content\/uploads\/2016\/11\/IMG_9146.jpg?w=3000 3000w\" sizes=\"(max-width: 1000px) 100vw, 1000px\" data-recalc-dims=\"1\" \/><\/a><figcaption id=\"caption-attachment-414\" class=\"wp-caption-text\">Jungle de la Sierra Nevada<\/figcaption><\/figure>\n<figure id=\"attachment_413\" aria-describedby=\"caption-attachment-413\" style=\"width: 200px\" class=\"wp-caption alignleft\"><a href=\"http:\/\/www.spang.ch\/aude\/img_9137\/\"><img loading=\"lazy\" decoding=\"async\" data-attachment-id=\"413\" data-permalink=\"http:\/\/www.spang.ch\/aude\/fr\/2016\/11\/summer-in-jamaican-fashion-and-a-fabulous-region\/img_9137\/\" data-orig-file=\"https:\/\/i0.wp.com\/www.spang.ch\/aude\/wp-content\/uploads\/2016\/11\/IMG_9137-e1479684370913.jpg?fit=3456%2C5184\" data-orig-size=\"3456,5184\" data-comments-opened=\"1\" data-image-meta=\"{&quot;aperture&quot;:&quot;0&quot;,&quot;credit&quot;:&quot;&quot;,&quot;camera&quot;:&quot;&quot;,&quot;caption&quot;:&quot;&quot;,&quot;created_timestamp&quot;:&quot;0&quot;,&quot;copyright&quot;:&quot;&quot;,&quot;focal_length&quot;:&quot;0&quot;,&quot;iso&quot;:&quot;0&quot;,&quot;shutter_speed&quot;:&quot;0&quot;,&quot;title&quot;:&quot;&quot;,&quot;orientation&quot;:&quot;0&quot;}\" data-image-title=\"img_9137\" data-image-description=\"\" data-image-caption=\"&lt;p&gt;Indigenous kid of the Koguis community&lt;\/p&gt;\n\" data-medium-file=\"https:\/\/i0.wp.com\/www.spang.ch\/aude\/wp-content\/uploads\/2016\/11\/IMG_9137-e1479684370913.jpg?fit=200%2C300\" data-large-file=\"https:\/\/i0.wp.com\/www.spang.ch\/aude\/wp-content\/uploads\/2016\/11\/IMG_9137-e1479684370913.jpg?fit=683%2C1024\" tabindex=\"0\" role=\"button\" class=\"size-medium wp-image-413\" src=\"https:\/\/i0.wp.com\/www.spang.ch\/aude\/wp-content\/uploads\/2016\/11\/IMG_9137-e1479684370913-200x300.jpg?resize=200%2C300\" alt=\"Enfant indig\u00e8ne de l'ethnie Koguis\" width=\"200\" height=\"300\" srcset=\"https:\/\/i0.wp.com\/www.spang.ch\/aude\/wp-content\/uploads\/2016\/11\/IMG_9137-e1479684370913.jpg?resize=200%2C300 200w, https:\/\/i0.wp.com\/www.spang.ch\/aude\/wp-content\/uploads\/2016\/11\/IMG_9137-e1479684370913.jpg?resize=768%2C1152 768w, https:\/\/i0.wp.com\/www.spang.ch\/aude\/wp-content\/uploads\/2016\/11\/IMG_9137-e1479684370913.jpg?resize=683%2C1024 683w, https:\/\/i0.wp.com\/www.spang.ch\/aude\/wp-content\/uploads\/2016\/11\/IMG_9137-e1479684370913.jpg?w=2000 2000w, https:\/\/i0.wp.com\/www.spang.ch\/aude\/wp-content\/uploads\/2016\/11\/IMG_9137-e1479684370913.jpg?w=3000 3000w\" sizes=\"(max-width: 200px) 100vw, 200px\" data-recalc-dims=\"1\" \/><\/a><figcaption id=\"caption-attachment-413\" class=\"wp-caption-text\">Enfant indig\u00e8ne de l&rsquo;ethnie Koguis<\/figcaption><\/figure>\n<p style=\"text-align: justify;\">J&rsquo;ai commenc\u00e9 par un trek de 4 jours dans la jungle pour rejoindre la Ciudad Perdida, la cit\u00e9 perdue qui servait de lieu sacr\u00e9 aux indig\u00e8nes du coin il y a plus de mille ans. Plus que la cit\u00e9 en elle-m\u00eame, int\u00e9ressante et jolie dans ce cadre (mais clairement moins impressionnante que, par exemple, le Machu Pichu), ce fut l&rsquo;ensemble du trek qui rendit l&rsquo;exp\u00e9rience g\u00e9niale! On dormait dans des hamacs dans la nature, install\u00e9s dans d&rsquo;anciens laboratoires de production de coca\u00efne (la r\u00e9gion \u00e9tait un haut lieu de la culture\u00a0de coca il n&rsquo;y a pas si longtemps, et tous les gens qui travaillent dans le tourisme maintenant sont des cultivateurs de coca reconvertis, la guerre a \u00e9t\u00e9 dure pour eux).<\/p>\n<figure id=\"attachment_415\" aria-describedby=\"caption-attachment-415\" style=\"width: 683px\" class=\"wp-caption aligncenter\"><a href=\"http:\/\/www.spang.ch\/aude\/img_9252\/\"><img loading=\"lazy\" decoding=\"async\" data-attachment-id=\"415\" data-permalink=\"http:\/\/www.spang.ch\/aude\/fr\/2016\/11\/summer-in-jamaican-fashion-and-a-fabulous-region\/img_9252\/\" data-orig-file=\"https:\/\/i0.wp.com\/www.spang.ch\/aude\/wp-content\/uploads\/2016\/11\/IMG_9252-e1479684428622.jpg?fit=3456%2C5184\" data-orig-size=\"3456,5184\" data-comments-opened=\"1\" data-image-meta=\"{&quot;aperture&quot;:&quot;0&quot;,&quot;credit&quot;:&quot;&quot;,&quot;camera&quot;:&quot;&quot;,&quot;caption&quot;:&quot;&quot;,&quot;created_timestamp&quot;:&quot;0&quot;,&quot;copyright&quot;:&quot;&quot;,&quot;focal_length&quot;:&quot;0&quot;,&quot;iso&quot;:&quot;0&quot;,&quot;shutter_speed&quot;:&quot;0&quot;,&quot;title&quot;:&quot;&quot;,&quot;orientation&quot;:&quot;0&quot;}\" data-image-title=\"img_9252\" data-image-description=\"\" data-image-caption=\"&lt;p&gt;La Ciudad Perdida&lt;\/p&gt;\n\" data-medium-file=\"https:\/\/i0.wp.com\/www.spang.ch\/aude\/wp-content\/uploads\/2016\/11\/IMG_9252-e1479684428622.jpg?fit=200%2C300\" data-large-file=\"https:\/\/i0.wp.com\/www.spang.ch\/aude\/wp-content\/uploads\/2016\/11\/IMG_9252-e1479684428622.jpg?fit=683%2C1024\" tabindex=\"0\" role=\"button\" class=\"size-large wp-image-415\" src=\"https:\/\/i0.wp.com\/www.spang.ch\/aude\/wp-content\/uploads\/2016\/11\/IMG_9252-e1479684428622-683x1024.jpg?resize=683%2C1024\" alt=\"La Ciudad Perdida\" width=\"683\" height=\"1024\" srcset=\"https:\/\/i0.wp.com\/www.spang.ch\/aude\/wp-content\/uploads\/2016\/11\/IMG_9252-e1479684428622.jpg?resize=683%2C1024 683w, https:\/\/i0.wp.com\/www.spang.ch\/aude\/wp-content\/uploads\/2016\/11\/IMG_9252-e1479684428622.jpg?resize=200%2C300 200w, https:\/\/i0.wp.com\/www.spang.ch\/aude\/wp-content\/uploads\/2016\/11\/IMG_9252-e1479684428622.jpg?resize=768%2C1152 768w, https:\/\/i0.wp.com\/www.spang.ch\/aude\/wp-content\/uploads\/2016\/11\/IMG_9252-e1479684428622.jpg?w=2000 2000w, https:\/\/i0.wp.com\/www.spang.ch\/aude\/wp-content\/uploads\/2016\/11\/IMG_9252-e1479684428622.jpg?w=3000 3000w\" sizes=\"(max-width: 683px) 100vw, 683px\" data-recalc-dims=\"1\" \/><\/a><figcaption id=\"caption-attachment-415\" class=\"wp-caption-text\">La Ciudad Perdida<\/figcaption><\/figure>\n<p style=\"text-align: justify;\">On marchait le long de la rivi\u00e8re o\u00f9 l&rsquo;on s&rsquo;est baign\u00e9s plus d&rsquo;une fois. On mangeait des portions pour deux et plus de riz que n\u00e9cessaire pour tenir les 6 \u00e0 7h de marche quotidienne. On servait de plat de r\u00e9sistance aux voraces moustiques du coin et on faisait intimement connaissance avec l&rsquo;odeur de sa propre transpiration m\u00eal\u00e9e \u00e0 celle de\u00a0l&rsquo;humidit\u00e9 nocturne qui habite nos v\u00eatements sans jamais vraiment s\u00e9cher. Mais quel pied!!! L&rsquo;une des meilleures \u00e9tapes de mon voyage jusqu&rsquo;\u00e0 pr\u00e9sent (mais il commence \u00e0 y avoir beaucoup d&rsquo;endroits pr\u00e9f\u00e9r\u00e9s hehe).<\/p>\n<figure id=\"attachment_432\" aria-describedby=\"caption-attachment-432\" style=\"width: 1000px\" class=\"wp-caption aligncenter\"><a href=\"http:\/\/www.spang.ch\/aude\/img_9053\/\"><img loading=\"lazy\" decoding=\"async\" data-attachment-id=\"432\" data-permalink=\"http:\/\/www.spang.ch\/aude\/fr\/2016\/11\/summer-in-jamaican-fashion-and-a-fabulous-region\/img_9053\/\" data-orig-file=\"https:\/\/i0.wp.com\/www.spang.ch\/aude\/wp-content\/uploads\/2016\/11\/IMG_9053.jpg?fit=4898%2C3265\" data-orig-size=\"4898,3265\" data-comments-opened=\"1\" data-image-meta=\"{&quot;aperture&quot;:&quot;0&quot;,&quot;credit&quot;:&quot;&quot;,&quot;camera&quot;:&quot;&quot;,&quot;caption&quot;:&quot;&quot;,&quot;created_timestamp&quot;:&quot;0&quot;,&quot;copyright&quot;:&quot;&quot;,&quot;focal_length&quot;:&quot;0&quot;,&quot;iso&quot;:&quot;0&quot;,&quot;shutter_speed&quot;:&quot;0&quot;,&quot;title&quot;:&quot;&quot;,&quot;orientation&quot;:&quot;0&quot;}\" data-image-title=\"img_9053\" data-image-description=\"\" data-image-caption=\"&lt;p&gt;My parrot friend&lt;\/p&gt;\n\" data-medium-file=\"https:\/\/i0.wp.com\/www.spang.ch\/aude\/wp-content\/uploads\/2016\/11\/IMG_9053.jpg?fit=300%2C200\" data-large-file=\"https:\/\/i0.wp.com\/www.spang.ch\/aude\/wp-content\/uploads\/2016\/11\/IMG_9053.jpg?fit=1000%2C667\" tabindex=\"0\" role=\"button\" class=\"size-large wp-image-432\" src=\"https:\/\/i0.wp.com\/www.spang.ch\/aude\/wp-content\/uploads\/2016\/11\/IMG_9053.jpg?resize=1000%2C667\" alt=\"Mon ami perroquet\" width=\"1000\" height=\"667\" srcset=\"https:\/\/i0.wp.com\/www.spang.ch\/aude\/wp-content\/uploads\/2016\/11\/IMG_9053.jpg?resize=1024%2C683 1024w, https:\/\/i0.wp.com\/www.spang.ch\/aude\/wp-content\/uploads\/2016\/11\/IMG_9053.jpg?resize=300%2C200 300w, https:\/\/i0.wp.com\/www.spang.ch\/aude\/wp-content\/uploads\/2016\/11\/IMG_9053.jpg?resize=768%2C512 768w, https:\/\/i0.wp.com\/www.spang.ch\/aude\/wp-content\/uploads\/2016\/11\/IMG_9053.jpg?resize=960%2C640 960w, https:\/\/i0.wp.com\/www.spang.ch\/aude\/wp-content\/uploads\/2016\/11\/IMG_9053.jpg?resize=450%2C300 450w, https:\/\/i0.wp.com\/www.spang.ch\/aude\/wp-content\/uploads\/2016\/11\/IMG_9053.jpg?w=2000 2000w, https:\/\/i0.wp.com\/www.spang.ch\/aude\/wp-content\/uploads\/2016\/11\/IMG_9053.jpg?w=3000 3000w\" sizes=\"(max-width: 1000px) 100vw, 1000px\" data-recalc-dims=\"1\" \/><\/a><figcaption id=\"caption-attachment-432\" class=\"wp-caption-text\">Mon ami perroquet<\/figcaption><\/figure>\n<p style=\"text-align: justify;\">Cette randonn\u00e9e de plusieurs jours fut ma premi\u00e8re exp\u00e9rience du genre, et je dois dire que ce fut \u00e0 la hauteur de mes esp\u00e9rances. Splendide, non seulement, mais aussi g\u00e9nial sur un plan physique. D\u00e9j\u00e0, je sais maintenant officiellement que je suis capable de marcher aussi longtemps sans mourir (mieux, je n&rsquo;\u00e9tais pas vraiment au bout de mes forces, donc th\u00e9oriquement je pourrais m\u00eame en faire plus&#8230; note \u00e0 Sarah: mets-toi ca dans la t\u00eate, poup\u00e9e!). J&rsquo;aime le challenge que repr\u00e9sente une telle marche, imaginer que c&rsquo;est mon corps qui me d\u00e9place, vraiment, que ce sont mes muscles qui font cet effort, que c&rsquo;est mon cerveau qui lutte avec lui-meme pour se convaincre de continuer, que ca va aller, que c&rsquo;est possible. J&rsquo;aime le sentiment d&rsquo;accomplissement \u00e0 la fin d&rsquo;une longue journ\u00e9e, et\u00a0quelque part j&rsquo;avoue que mon ego est fort satisfait de marcher sans trainer et d&rsquo;etre dans le groupe de tete.<\/p>\n<figure id=\"attachment_417\" aria-describedby=\"caption-attachment-417\" style=\"width: 1000px\" class=\"wp-caption aligncenter\"><a href=\"http:\/\/www.spang.ch\/aude\/img_9415\/\"><img loading=\"lazy\" decoding=\"async\" data-attachment-id=\"417\" data-permalink=\"http:\/\/www.spang.ch\/aude\/fr\/2016\/11\/summer-in-jamaican-fashion-and-a-fabulous-region\/img_9415\/\" data-orig-file=\"https:\/\/i0.wp.com\/www.spang.ch\/aude\/wp-content\/uploads\/2016\/11\/IMG_9415.jpg?fit=5184%2C3456\" data-orig-size=\"5184,3456\" data-comments-opened=\"1\" data-image-meta=\"{&quot;aperture&quot;:&quot;0&quot;,&quot;credit&quot;:&quot;&quot;,&quot;camera&quot;:&quot;&quot;,&quot;caption&quot;:&quot;&quot;,&quot;created_timestamp&quot;:&quot;0&quot;,&quot;copyright&quot;:&quot;&quot;,&quot;focal_length&quot;:&quot;0&quot;,&quot;iso&quot;:&quot;0&quot;,&quot;shutter_speed&quot;:&quot;0&quot;,&quot;title&quot;:&quot;&quot;,&quot;orientation&quot;:&quot;0&quot;}\" data-image-title=\"img_9415\" data-image-description=\"\" data-image-caption=\"&lt;p&gt;Night storm in Palomino, sometimes when the weather isn&amp;rsquo;t that good it&amp;rsquo;s not so bad&#8230;&lt;\/p&gt;\n\" data-medium-file=\"https:\/\/i0.wp.com\/www.spang.ch\/aude\/wp-content\/uploads\/2016\/11\/IMG_9415.jpg?fit=300%2C200\" data-large-file=\"https:\/\/i0.wp.com\/www.spang.ch\/aude\/wp-content\/uploads\/2016\/11\/IMG_9415.jpg?fit=1000%2C667\" tabindex=\"0\" role=\"button\" class=\"size-large wp-image-417\" src=\"https:\/\/i0.wp.com\/www.spang.ch\/aude\/wp-content\/uploads\/2016\/11\/IMG_9415.jpg?resize=1000%2C667\" alt=\"Orage nocturne \u00e0 Palomino, parfois le mauvais temps n'est pas une si mauvaise chose...\" width=\"1000\" height=\"667\" srcset=\"https:\/\/i0.wp.com\/www.spang.ch\/aude\/wp-content\/uploads\/2016\/11\/IMG_9415.jpg?resize=1024%2C683 1024w, https:\/\/i0.wp.com\/www.spang.ch\/aude\/wp-content\/uploads\/2016\/11\/IMG_9415.jpg?resize=300%2C200 300w, https:\/\/i0.wp.com\/www.spang.ch\/aude\/wp-content\/uploads\/2016\/11\/IMG_9415.jpg?resize=768%2C512 768w, https:\/\/i0.wp.com\/www.spang.ch\/aude\/wp-content\/uploads\/2016\/11\/IMG_9415.jpg?resize=960%2C640 960w, https:\/\/i0.wp.com\/www.spang.ch\/aude\/wp-content\/uploads\/2016\/11\/IMG_9415.jpg?resize=450%2C300 450w, https:\/\/i0.wp.com\/www.spang.ch\/aude\/wp-content\/uploads\/2016\/11\/IMG_9415.jpg?w=2000 2000w, https:\/\/i0.wp.com\/www.spang.ch\/aude\/wp-content\/uploads\/2016\/11\/IMG_9415.jpg?w=3000 3000w\" sizes=\"(max-width: 1000px) 100vw, 1000px\" data-recalc-dims=\"1\" \/><\/a><figcaption id=\"caption-attachment-417\" class=\"wp-caption-text\">Orage nocturne \u00e0 Palomino, parfois le mauvais temps n&rsquo;est pas une si mauvaise chose&#8230;<\/figcaption><\/figure>\n<p style=\"text-align: justify;\">Ce qui fut aussi sympa durant le trek furent \u00e9videmment les rencontres. Mon guide \u00e9tait un indig\u00e8ne Wiwa, qui a pu nous en dire plus sur les cultures locales (meme s&rsquo;il n&rsquo;\u00e9tait \u00e0 vrai dire pas tr\u00e8s loquace), et j&rsquo;ai march\u00e9 en partie avec un couple de Colombiens, en partie avec un groupe plus nombreux et international (un peu plus chouette que d&rsquo;etre seule avec un couple, pour etre honnete). J&rsquo;ai notamment rencontr\u00e9 de chouettes et bons marcheurs americain, anglaise et australien, ainsi que quatre belges d\u00e9jant\u00e9es &#8211; ces derni\u00e8res m&rsquo;ont assez charm\u00e9e pour d\u00e9vier mes plans des jours suivants \u00e0 plusieurs reprises, afin de continuer l&rsquo;aventure ensemble. Ces trois wallones, Sophie, Oriane et Emilie, ainsi que Margot la flamande, ont anim\u00e9 et enjoliv\u00e9 la semaine qui a suivi le trek \u00e0 la cit\u00e9 perdue.<\/p>\n<figure id=\"attachment_418\" aria-describedby=\"caption-attachment-418\" style=\"width: 1000px\" class=\"wp-caption aligncenter\"><a href=\"http:\/\/www.spang.ch\/aude\/img_9392\/\"><img loading=\"lazy\" decoding=\"async\" data-attachment-id=\"418\" data-permalink=\"http:\/\/www.spang.ch\/aude\/fr\/2016\/11\/summer-in-jamaican-fashion-and-a-fabulous-region\/img_9392\/\" data-orig-file=\"https:\/\/i0.wp.com\/www.spang.ch\/aude\/wp-content\/uploads\/2016\/11\/IMG_9392.jpg?fit=5184%2C3456\" data-orig-size=\"5184,3456\" data-comments-opened=\"1\" data-image-meta=\"{&quot;aperture&quot;:&quot;0&quot;,&quot;credit&quot;:&quot;&quot;,&quot;camera&quot;:&quot;&quot;,&quot;caption&quot;:&quot;&quot;,&quot;created_timestamp&quot;:&quot;0&quot;,&quot;copyright&quot;:&quot;&quot;,&quot;focal_length&quot;:&quot;0&quot;,&quot;iso&quot;:&quot;0&quot;,&quot;shutter_speed&quot;:&quot;0&quot;,&quot;title&quot;:&quot;&quot;,&quot;orientation&quot;:&quot;0&quot;}\" data-image-title=\"img_9392\" data-image-description=\"\" data-image-caption=\"&lt;p&gt;Sunset in Palomino&lt;\/p&gt;\n\" data-medium-file=\"https:\/\/i0.wp.com\/www.spang.ch\/aude\/wp-content\/uploads\/2016\/11\/IMG_9392.jpg?fit=300%2C200\" data-large-file=\"https:\/\/i0.wp.com\/www.spang.ch\/aude\/wp-content\/uploads\/2016\/11\/IMG_9392.jpg?fit=1000%2C667\" tabindex=\"0\" role=\"button\" class=\"size-large wp-image-418\" src=\"https:\/\/i0.wp.com\/www.spang.ch\/aude\/wp-content\/uploads\/2016\/11\/IMG_9392.jpg?resize=1000%2C667\" alt=\"Coucher de soleil \u00e0 Palomino\" width=\"1000\" height=\"667\" srcset=\"https:\/\/i0.wp.com\/www.spang.ch\/aude\/wp-content\/uploads\/2016\/11\/IMG_9392.jpg?resize=1024%2C683 1024w, https:\/\/i0.wp.com\/www.spang.ch\/aude\/wp-content\/uploads\/2016\/11\/IMG_9392.jpg?resize=300%2C200 300w, https:\/\/i0.wp.com\/www.spang.ch\/aude\/wp-content\/uploads\/2016\/11\/IMG_9392.jpg?resize=768%2C512 768w, https:\/\/i0.wp.com\/www.spang.ch\/aude\/wp-content\/uploads\/2016\/11\/IMG_9392.jpg?resize=960%2C640 960w, https:\/\/i0.wp.com\/www.spang.ch\/aude\/wp-content\/uploads\/2016\/11\/IMG_9392.jpg?resize=450%2C300 450w, https:\/\/i0.wp.com\/www.spang.ch\/aude\/wp-content\/uploads\/2016\/11\/IMG_9392.jpg?w=2000 2000w, https:\/\/i0.wp.com\/www.spang.ch\/aude\/wp-content\/uploads\/2016\/11\/IMG_9392.jpg?w=3000 3000w\" sizes=\"(max-width: 1000px) 100vw, 1000px\" data-recalc-dims=\"1\" \/><\/a><figcaption id=\"caption-attachment-418\" class=\"wp-caption-text\">Coucher de soleil \u00e0 Palomino<\/figcaption><\/figure>\n<p style=\"text-align: justify;\">Nous sommes\u00a0donc all\u00e9es \u00e0 Palomino, accueillies par la pluie (tropicale, donc chaude, mais quand meme) de la saison du m\u00eame nom. Mais ce fut l&rsquo;occasion d&rsquo;admirer un superbe orage sur la mer, bi\u00e8re \u00e0 la main. Ensemble nous avons plus d&rsquo;une fois su faire honneur \u00e0 la culture francophone du bon vivant aimant manger ce qui est bon (traduction: on a beaucoup mang\u00e9, et de fort bonnes choses), et nous avons aussi remarqu\u00e9 que la langue qui unit la Belgique et la Suisse nous fournit un tronc commun de culture musicale un peu vieillotte, et ainsi nous avons quelques fois pouss\u00e9 la chansonnette (sans toujours vraiment se rappeler des paroles, en ce qui me concerne, mais la bonne humeur y \u00e9tait). Je ne surprendrai personne en pr\u00e9cisant que la moiti\u00e9 des demoiselles en question fut scoute en des temps plus recul\u00e9s, ce qui explique en partie pourquoi le courant est si bien pass\u00e9!<\/p>\n<figure id=\"attachment_419\" aria-describedby=\"caption-attachment-419\" style=\"width: 1000px\" class=\"wp-caption aligncenter\"><a href=\"http:\/\/www.spang.ch\/aude\/img_9593\/\"><img loading=\"lazy\" decoding=\"async\" data-attachment-id=\"419\" data-permalink=\"http:\/\/www.spang.ch\/aude\/fr\/2016\/11\/summer-in-jamaican-fashion-and-a-fabulous-region\/img_9593\/\" data-orig-file=\"https:\/\/i0.wp.com\/www.spang.ch\/aude\/wp-content\/uploads\/2016\/11\/IMG_9593.jpg?fit=5184%2C3456\" data-orig-size=\"5184,3456\" data-comments-opened=\"1\" data-image-meta=\"{&quot;aperture&quot;:&quot;0&quot;,&quot;credit&quot;:&quot;&quot;,&quot;camera&quot;:&quot;&quot;,&quot;caption&quot;:&quot;&quot;,&quot;created_timestamp&quot;:&quot;0&quot;,&quot;copyright&quot;:&quot;&quot;,&quot;focal_length&quot;:&quot;0&quot;,&quot;iso&quot;:&quot;0&quot;,&quot;shutter_speed&quot;:&quot;0&quot;,&quot;title&quot;:&quot;&quot;,&quot;orientation&quot;:&quot;0&quot;}\" data-image-title=\"img_9593\" data-image-description=\"\" data-image-caption=\"&lt;p&gt;Flamingos in Camarones&lt;\/p&gt;\n\" data-medium-file=\"https:\/\/i0.wp.com\/www.spang.ch\/aude\/wp-content\/uploads\/2016\/11\/IMG_9593.jpg?fit=300%2C200\" data-large-file=\"https:\/\/i0.wp.com\/www.spang.ch\/aude\/wp-content\/uploads\/2016\/11\/IMG_9593.jpg?fit=1000%2C667\" tabindex=\"0\" role=\"button\" class=\"size-large wp-image-419\" src=\"https:\/\/i0.wp.com\/www.spang.ch\/aude\/wp-content\/uploads\/2016\/11\/IMG_9593.jpg?resize=1000%2C667\" alt=\"Flamants roses \u00e0 Camarones\" width=\"1000\" height=\"667\" srcset=\"https:\/\/i0.wp.com\/www.spang.ch\/aude\/wp-content\/uploads\/2016\/11\/IMG_9593.jpg?resize=1024%2C683 1024w, https:\/\/i0.wp.com\/www.spang.ch\/aude\/wp-content\/uploads\/2016\/11\/IMG_9593.jpg?resize=300%2C200 300w, https:\/\/i0.wp.com\/www.spang.ch\/aude\/wp-content\/uploads\/2016\/11\/IMG_9593.jpg?resize=768%2C512 768w, https:\/\/i0.wp.com\/www.spang.ch\/aude\/wp-content\/uploads\/2016\/11\/IMG_9593.jpg?resize=960%2C640 960w, https:\/\/i0.wp.com\/www.spang.ch\/aude\/wp-content\/uploads\/2016\/11\/IMG_9593.jpg?resize=450%2C300 450w, https:\/\/i0.wp.com\/www.spang.ch\/aude\/wp-content\/uploads\/2016\/11\/IMG_9593.jpg?w=2000 2000w, https:\/\/i0.wp.com\/www.spang.ch\/aude\/wp-content\/uploads\/2016\/11\/IMG_9593.jpg?w=3000 3000w\" sizes=\"(max-width: 1000px) 100vw, 1000px\" data-recalc-dims=\"1\" \/><\/a><figcaption id=\"caption-attachment-419\" class=\"wp-caption-text\">Flamants roses \u00e0 Camarones<\/figcaption><\/figure>\n<p style=\"text-align: justify;\">Ensuite, je suis partie une journ\u00e9e juste avec Margot, observer des flamants roses dans leur environnement naturel depuis une esp\u00e8ce de coquille de noix creus\u00e9e \u00e0 m\u00eame le tronc d&rsquo;un gros arbre. Quelques heures \u00e0 flotter dans une lagune peu profonde, avec un jeune de l&rsquo;ethnie Wayuu locale (qui, nous l&rsquo;avons appris par ensuite, a au jour d&rsquo;aujourd&rsquo;hui comme particularit\u00e9 culturelle principale de&#8230; vendre et acheter ses femmes), o\u00f9 quelques centaines de flamants viennent savourer les algues du coin. Ils sont plus ou moins nombreux, selon la saison, mais (pour une fois) on n&rsquo;est pas trop mal tomb\u00e9es! Encore farouches, n&rsquo;\u00e9tant pas souvent approch\u00e9s en raison du faible nombre de touristes \u00e0 la saison des pluies, ils se sont effray\u00e9s \u00e0 notre arriv\u00e9e (apr\u00e8s qu&rsquo;on les a vus d&rsquo;assez pr\u00eats pour en tomber amoureuses) et nous avons eu droit au majestueux spectacle d&rsquo;un envol massif de flamants roses tels qu&rsquo;on croit qu&rsquo;ils n&rsquo;existent que dans les documentaires! Quel fantastique, magnifique, monumental moment.<\/p>\n<figure id=\"attachment_421\" aria-describedby=\"caption-attachment-421\" style=\"width: 1000px\" class=\"wp-caption aligncenter\"><a href=\"http:\/\/www.spang.ch\/aude\/img_9777\/\"><img loading=\"lazy\" decoding=\"async\" data-attachment-id=\"421\" data-permalink=\"http:\/\/www.spang.ch\/aude\/fr\/2016\/11\/summer-in-jamaican-fashion-and-a-fabulous-region\/img_9777\/\" data-orig-file=\"https:\/\/i0.wp.com\/www.spang.ch\/aude\/wp-content\/uploads\/2016\/11\/IMG_9777.jpg?fit=5184%2C3456\" data-orig-size=\"5184,3456\" data-comments-opened=\"1\" data-image-meta=\"{&quot;aperture&quot;:&quot;0&quot;,&quot;credit&quot;:&quot;&quot;,&quot;camera&quot;:&quot;&quot;,&quot;caption&quot;:&quot;&quot;,&quot;created_timestamp&quot;:&quot;0&quot;,&quot;copyright&quot;:&quot;&quot;,&quot;focal_length&quot;:&quot;0&quot;,&quot;iso&quot;:&quot;0&quot;,&quot;shutter_speed&quot;:&quot;0&quot;,&quot;title&quot;:&quot;&quot;,&quot;orientation&quot;:&quot;0&quot;}\" data-image-title=\"img_9777\" data-image-description=\"\" data-image-caption=\"&lt;p&gt;The most Northern point of Southern America&lt;\/p&gt;\n\" data-medium-file=\"https:\/\/i0.wp.com\/www.spang.ch\/aude\/wp-content\/uploads\/2016\/11\/IMG_9777.jpg?fit=300%2C200\" data-large-file=\"https:\/\/i0.wp.com\/www.spang.ch\/aude\/wp-content\/uploads\/2016\/11\/IMG_9777.jpg?fit=1000%2C667\" tabindex=\"0\" role=\"button\" class=\"size-large wp-image-421\" src=\"https:\/\/i0.wp.com\/www.spang.ch\/aude\/wp-content\/uploads\/2016\/11\/IMG_9777.jpg?resize=1000%2C667\" alt=\"Le lieu le plus au nord de toute l'Am\u00e9rique du Sud\" width=\"1000\" height=\"667\" srcset=\"https:\/\/i0.wp.com\/www.spang.ch\/aude\/wp-content\/uploads\/2016\/11\/IMG_9777.jpg?resize=1024%2C683 1024w, https:\/\/i0.wp.com\/www.spang.ch\/aude\/wp-content\/uploads\/2016\/11\/IMG_9777.jpg?resize=300%2C200 300w, https:\/\/i0.wp.com\/www.spang.ch\/aude\/wp-content\/uploads\/2016\/11\/IMG_9777.jpg?resize=768%2C512 768w, https:\/\/i0.wp.com\/www.spang.ch\/aude\/wp-content\/uploads\/2016\/11\/IMG_9777.jpg?resize=960%2C640 960w, https:\/\/i0.wp.com\/www.spang.ch\/aude\/wp-content\/uploads\/2016\/11\/IMG_9777.jpg?resize=450%2C300 450w, https:\/\/i0.wp.com\/www.spang.ch\/aude\/wp-content\/uploads\/2016\/11\/IMG_9777.jpg?w=2000 2000w, https:\/\/i0.wp.com\/www.spang.ch\/aude\/wp-content\/uploads\/2016\/11\/IMG_9777.jpg?w=3000 3000w\" sizes=\"(max-width: 1000px) 100vw, 1000px\" data-recalc-dims=\"1\" \/><\/a><figcaption id=\"caption-attachment-421\" class=\"wp-caption-text\">Le lieu le plus au nord de toute l&rsquo;Am\u00e9rique du Sud<\/figcaption><\/figure>\n<figure id=\"attachment_480\" aria-describedby=\"caption-attachment-480\" style=\"width: 300px\" class=\"wp-caption alignleft\"><a href=\"https:\/\/i0.wp.com\/www.spang.ch\/aude\/wp-content\/uploads\/2016\/11\/47EC55CD-FFA3-408C-B0B6-FAB253B99741-1909-000002BB3EBE34FC_tmp.jpg\"><img loading=\"lazy\" decoding=\"async\" data-attachment-id=\"480\" data-permalink=\"http:\/\/www.spang.ch\/aude\/fr\/2016\/11\/summer-in-jamaican-fashion-and-a-fabulous-region\/47ec55cd-ffa3-408c-b0b6-fab253b99741-1909-000002bb3ebe34fc_tmp\/\" data-orig-file=\"https:\/\/i0.wp.com\/www.spang.ch\/aude\/wp-content\/uploads\/2016\/11\/47EC55CD-FFA3-408C-B0B6-FAB253B99741-1909-000002BB3EBE34FC_tmp.jpg?fit=1134%2C599\" data-orig-size=\"1134,599\" data-comments-opened=\"1\" data-image-meta=\"{&quot;aperture&quot;:&quot;0&quot;,&quot;credit&quot;:&quot;&quot;,&quot;camera&quot;:&quot;&quot;,&quot;caption&quot;:&quot;&quot;,&quot;created_timestamp&quot;:&quot;0&quot;,&quot;copyright&quot;:&quot;&quot;,&quot;focal_length&quot;:&quot;0&quot;,&quot;iso&quot;:&quot;0&quot;,&quot;shutter_speed&quot;:&quot;0&quot;,&quot;title&quot;:&quot;&quot;,&quot;orientation&quot;:&quot;0&quot;}\" data-image-title=\"47ec55cd-ffa3-408c-b0b6-fab253b99741-1909-000002bb3ebe34fc_tmp\" data-image-description=\"\" data-image-caption=\"&lt;p&gt;Sand dunes at la Guajira&lt;\/p&gt;\n\" data-medium-file=\"https:\/\/i0.wp.com\/www.spang.ch\/aude\/wp-content\/uploads\/2016\/11\/47EC55CD-FFA3-408C-B0B6-FAB253B99741-1909-000002BB3EBE34FC_tmp.jpg?fit=300%2C158\" data-large-file=\"https:\/\/i0.wp.com\/www.spang.ch\/aude\/wp-content\/uploads\/2016\/11\/47EC55CD-FFA3-408C-B0B6-FAB253B99741-1909-000002BB3EBE34FC_tmp.jpg?fit=1000%2C528\" tabindex=\"0\" role=\"button\" class=\"size-medium wp-image-480\" src=\"https:\/\/i0.wp.com\/www.spang.ch\/aude\/wp-content\/uploads\/2016\/11\/47EC55CD-FFA3-408C-B0B6-FAB253B99741-1909-000002BB3EBE34FC_tmp.jpg?resize=300%2C158\" alt=\"Dunes de sable \u00e0 la Guajira\" width=\"300\" height=\"158\" srcset=\"https:\/\/i0.wp.com\/www.spang.ch\/aude\/wp-content\/uploads\/2016\/11\/47EC55CD-FFA3-408C-B0B6-FAB253B99741-1909-000002BB3EBE34FC_tmp.jpg?resize=300%2C158 300w, https:\/\/i0.wp.com\/www.spang.ch\/aude\/wp-content\/uploads\/2016\/11\/47EC55CD-FFA3-408C-B0B6-FAB253B99741-1909-000002BB3EBE34FC_tmp.jpg?resize=768%2C406 768w, https:\/\/i0.wp.com\/www.spang.ch\/aude\/wp-content\/uploads\/2016\/11\/47EC55CD-FFA3-408C-B0B6-FAB253B99741-1909-000002BB3EBE34FC_tmp.jpg?resize=1024%2C541 1024w, https:\/\/i0.wp.com\/www.spang.ch\/aude\/wp-content\/uploads\/2016\/11\/47EC55CD-FFA3-408C-B0B6-FAB253B99741-1909-000002BB3EBE34FC_tmp.jpg?resize=568%2C300 568w, https:\/\/i0.wp.com\/www.spang.ch\/aude\/wp-content\/uploads\/2016\/11\/47EC55CD-FFA3-408C-B0B6-FAB253B99741-1909-000002BB3EBE34FC_tmp.jpg?w=1134 1134w\" sizes=\"(max-width: 300px) 100vw, 300px\" data-recalc-dims=\"1\" \/><\/a><figcaption id=\"caption-attachment-480\" class=\"wp-caption-text\">Dunes de sable \u00e0 la Guajira<\/figcaption><\/figure>\n<p style=\"text-align: justify;\">Le jour suivant, j&rsquo;ai d\u00e9cid\u00e9 contre ma raison et mon budget d&rsquo;accompagner les filles dans leur visite de la Guajira, le d\u00e9partement au nord est de la Colombie. Convaincantes, elles ont \u00e9galement su charmer le chef de l&rsquo;agence de voyage, parlant bien anglais, de venir avec nous plut\u00f4t que de nous envoyer un sous-fifre. Et la derni\u00e8re recrue n&rsquo;ayant pas su r\u00e9sister aux arguments de mes ch\u00e8res belges fut Jeronimo, un tranquille Berlinois qui s&rsquo;est retrouv\u00e9 entour\u00e9 de joyeuses et gourmandes papoteuses qui l&rsquo;ont emmen\u00e9 par dunes et par falaises (\u00e0 d\u00e9faut de monts et vaux).<\/p>\n<figure id=\"attachment_430\" aria-describedby=\"caption-attachment-430\" style=\"width: 1000px\" class=\"wp-caption aligncenter\"><a href=\"http:\/\/www.spang.ch\/aude\/img_9664\/\"><img loading=\"lazy\" decoding=\"async\" data-attachment-id=\"430\" data-permalink=\"http:\/\/www.spang.ch\/aude\/fr\/2016\/11\/summer-in-jamaican-fashion-and-a-fabulous-region\/img_9664\/\" data-orig-file=\"https:\/\/i0.wp.com\/www.spang.ch\/aude\/wp-content\/uploads\/2016\/11\/IMG_9664.jpg?fit=4898%2C3265\" data-orig-size=\"4898,3265\" data-comments-opened=\"1\" data-image-meta=\"{&quot;aperture&quot;:&quot;0&quot;,&quot;credit&quot;:&quot;&quot;,&quot;camera&quot;:&quot;&quot;,&quot;caption&quot;:&quot;&quot;,&quot;created_timestamp&quot;:&quot;0&quot;,&quot;copyright&quot;:&quot;&quot;,&quot;focal_length&quot;:&quot;0&quot;,&quot;iso&quot;:&quot;0&quot;,&quot;shutter_speed&quot;:&quot;0&quot;,&quot;title&quot;:&quot;&quot;,&quot;orientation&quot;:&quot;0&quot;}\" data-image-title=\"img_9664\" data-image-description=\"\" data-image-caption=\"&lt;p&gt;Through the desert in la Guajira&lt;\/p&gt;\n\" data-medium-file=\"https:\/\/i0.wp.com\/www.spang.ch\/aude\/wp-content\/uploads\/2016\/11\/IMG_9664.jpg?fit=300%2C200\" data-large-file=\"https:\/\/i0.wp.com\/www.spang.ch\/aude\/wp-content\/uploads\/2016\/11\/IMG_9664.jpg?fit=1000%2C667\" tabindex=\"0\" role=\"button\" class=\"size-large wp-image-430\" src=\"https:\/\/i0.wp.com\/www.spang.ch\/aude\/wp-content\/uploads\/2016\/11\/IMG_9664.jpg?resize=1000%2C667\" alt=\"La travers\u00e9e du d\u00e9sert\" width=\"1000\" height=\"667\" srcset=\"https:\/\/i0.wp.com\/www.spang.ch\/aude\/wp-content\/uploads\/2016\/11\/IMG_9664.jpg?resize=1024%2C683 1024w, https:\/\/i0.wp.com\/www.spang.ch\/aude\/wp-content\/uploads\/2016\/11\/IMG_9664.jpg?resize=300%2C200 300w, https:\/\/i0.wp.com\/www.spang.ch\/aude\/wp-content\/uploads\/2016\/11\/IMG_9664.jpg?resize=768%2C512 768w, https:\/\/i0.wp.com\/www.spang.ch\/aude\/wp-content\/uploads\/2016\/11\/IMG_9664.jpg?resize=960%2C640 960w, https:\/\/i0.wp.com\/www.spang.ch\/aude\/wp-content\/uploads\/2016\/11\/IMG_9664.jpg?resize=450%2C300 450w, https:\/\/i0.wp.com\/www.spang.ch\/aude\/wp-content\/uploads\/2016\/11\/IMG_9664.jpg?w=2000 2000w, https:\/\/i0.wp.com\/www.spang.ch\/aude\/wp-content\/uploads\/2016\/11\/IMG_9664.jpg?w=3000 3000w\" sizes=\"(max-width: 1000px) 100vw, 1000px\" data-recalc-dims=\"1\" \/><\/a><figcaption id=\"caption-attachment-430\" class=\"wp-caption-text\">La travers\u00e9e du d\u00e9sert<\/figcaption><\/figure>\n<p style=\"text-align: justify;\"><a href=\"https:\/\/i0.wp.com\/www.spang.ch\/aude\/wp-content\/uploads\/2016\/11\/GOPR5578.jpg\"><img loading=\"lazy\" decoding=\"async\" data-attachment-id=\"457\" data-permalink=\"http:\/\/www.spang.ch\/aude\/fr\/2016\/11\/summer-in-jamaican-fashion-and-a-fabulous-region\/gopr5578\/\" data-orig-file=\"https:\/\/i0.wp.com\/www.spang.ch\/aude\/wp-content\/uploads\/2016\/11\/GOPR5578.jpg?fit=3680%2C2760\" data-orig-size=\"3680,2760\" data-comments-opened=\"1\" data-image-meta=\"{&quot;aperture&quot;:&quot;0&quot;,&quot;credit&quot;:&quot;&quot;,&quot;camera&quot;:&quot;&quot;,&quot;caption&quot;:&quot;&quot;,&quot;created_timestamp&quot;:&quot;0&quot;,&quot;copyright&quot;:&quot;&quot;,&quot;focal_length&quot;:&quot;0&quot;,&quot;iso&quot;:&quot;0&quot;,&quot;shutter_speed&quot;:&quot;0&quot;,&quot;title&quot;:&quot;&quot;,&quot;orientation&quot;:&quot;0&quot;}\" data-image-title=\"gopr5578\" data-image-description=\"\" data-image-caption=\"\" data-medium-file=\"https:\/\/i0.wp.com\/www.spang.ch\/aude\/wp-content\/uploads\/2016\/11\/GOPR5578.jpg?fit=300%2C225\" data-large-file=\"https:\/\/i0.wp.com\/www.spang.ch\/aude\/wp-content\/uploads\/2016\/11\/GOPR5578.jpg?fit=1000%2C750\" tabindex=\"0\" role=\"button\" class=\"alignleft size-medium wp-image-457\" src=\"https:\/\/i0.wp.com\/www.spang.ch\/aude\/wp-content\/uploads\/2016\/11\/GOPR5578.jpg?resize=300%2C225\" alt=\"gopr5578\" width=\"300\" height=\"225\" srcset=\"https:\/\/i0.wp.com\/www.spang.ch\/aude\/wp-content\/uploads\/2016\/11\/GOPR5578.jpg?resize=300%2C225 300w, https:\/\/i0.wp.com\/www.spang.ch\/aude\/wp-content\/uploads\/2016\/11\/GOPR5578.jpg?resize=768%2C576 768w, https:\/\/i0.wp.com\/www.spang.ch\/aude\/wp-content\/uploads\/2016\/11\/GOPR5578.jpg?resize=1024%2C768 1024w, https:\/\/i0.wp.com\/www.spang.ch\/aude\/wp-content\/uploads\/2016\/11\/GOPR5578.jpg?resize=400%2C300 400w, https:\/\/i0.wp.com\/www.spang.ch\/aude\/wp-content\/uploads\/2016\/11\/GOPR5578.jpg?w=2000 2000w, https:\/\/i0.wp.com\/www.spang.ch\/aude\/wp-content\/uploads\/2016\/11\/GOPR5578.jpg?w=3000 3000w\" sizes=\"(max-width: 300px) 100vw, 300px\" data-recalc-dims=\"1\" \/><\/a>Il fallut traverser le d\u00e9sert en jeep et rouler de nombreuses heures, puis disputer son poisson aux mouches locales avant de prendre le bateau par nuit de quasi pleine lune, et d&rsquo;arriver au tr\u00e8s mignon h\u00f4tel de hamacs au bord de l&rsquo;eau qui nous accueillerait pour la nuit. En passant, nous avons plong\u00e9 5 minutes dans la mer et pris un bain de vent au sommet d&rsquo;une petite colline, que de belles vues! Le second et dernier jour de cette excursion, nous avons rejoint Punta Las Gallinas, le point le plus au nord de tout le continent sud-am\u00e9ricain! Et, surtout, nous nous sommes baign\u00e9s \u00e0 une plage constitu\u00e9e d&rsquo;une \u00e9norme et tr\u00e8s pentue dune de sable jaune se jetant dans la mer. Trop beau! De gros homards frais nous attendaient pour midi, un v\u00e9ritable r\u00e9gal pour les papilles, et d\u00e9j\u00e0 il fallait repartir.<\/p>\n<figure id=\"attachment_433\" aria-describedby=\"caption-attachment-433\" style=\"width: 1000px\" class=\"wp-caption aligncenter\"><a href=\"http:\/\/www.spang.ch\/aude\/img_9704\/\"><img loading=\"lazy\" decoding=\"async\" data-attachment-id=\"433\" data-permalink=\"http:\/\/www.spang.ch\/aude\/fr\/2016\/11\/summer-in-jamaican-fashion-and-a-fabulous-region\/img_9704\/\" data-orig-file=\"https:\/\/i0.wp.com\/www.spang.ch\/aude\/wp-content\/uploads\/2016\/11\/IMG_9704.jpg?fit=4898%2C3265\" data-orig-size=\"4898,3265\" data-comments-opened=\"1\" data-image-meta=\"{&quot;aperture&quot;:&quot;0&quot;,&quot;credit&quot;:&quot;&quot;,&quot;camera&quot;:&quot;&quot;,&quot;caption&quot;:&quot;&quot;,&quot;created_timestamp&quot;:&quot;0&quot;,&quot;copyright&quot;:&quot;&quot;,&quot;focal_length&quot;:&quot;0&quot;,&quot;iso&quot;:&quot;0&quot;,&quot;shutter_speed&quot;:&quot;0&quot;,&quot;title&quot;:&quot;&quot;,&quot;orientation&quot;:&quot;0&quot;}\" data-image-title=\"img_9704\" data-image-description=\"\" data-image-caption=\"&lt;p&gt;Happy team (+1 Danish friend met on the way)&lt;\/p&gt;\n\" data-medium-file=\"https:\/\/i0.wp.com\/www.spang.ch\/aude\/wp-content\/uploads\/2016\/11\/IMG_9704.jpg?fit=300%2C200\" data-large-file=\"https:\/\/i0.wp.com\/www.spang.ch\/aude\/wp-content\/uploads\/2016\/11\/IMG_9704.jpg?fit=1000%2C667\" tabindex=\"0\" role=\"button\" class=\"size-large wp-image-433\" src=\"https:\/\/i0.wp.com\/www.spang.ch\/aude\/wp-content\/uploads\/2016\/11\/IMG_9704.jpg?resize=1000%2C667\" alt=\"La joyeuse assembl\u00e9e (+1 danoise crois\u00e9e en chemin)\" width=\"1000\" height=\"667\" srcset=\"https:\/\/i0.wp.com\/www.spang.ch\/aude\/wp-content\/uploads\/2016\/11\/IMG_9704.jpg?resize=1024%2C683 1024w, https:\/\/i0.wp.com\/www.spang.ch\/aude\/wp-content\/uploads\/2016\/11\/IMG_9704.jpg?resize=300%2C200 300w, https:\/\/i0.wp.com\/www.spang.ch\/aude\/wp-content\/uploads\/2016\/11\/IMG_9704.jpg?resize=768%2C512 768w, https:\/\/i0.wp.com\/www.spang.ch\/aude\/wp-content\/uploads\/2016\/11\/IMG_9704.jpg?resize=960%2C640 960w, https:\/\/i0.wp.com\/www.spang.ch\/aude\/wp-content\/uploads\/2016\/11\/IMG_9704.jpg?resize=450%2C300 450w, https:\/\/i0.wp.com\/www.spang.ch\/aude\/wp-content\/uploads\/2016\/11\/IMG_9704.jpg?w=2000 2000w, https:\/\/i0.wp.com\/www.spang.ch\/aude\/wp-content\/uploads\/2016\/11\/IMG_9704.jpg?w=3000 3000w\" sizes=\"(max-width: 1000px) 100vw, 1000px\" data-recalc-dims=\"1\" \/><\/a><figcaption id=\"caption-attachment-433\" class=\"wp-caption-text\">La joyeuse assembl\u00e9e (+1 danoise crois\u00e9e en chemin)<\/figcaption><\/figure>\n<p style=\"text-align: justify;\">Ce qui reste toutefois comme un poids sur le coeur c&rsquo;est cette \u00e9trange travers\u00e9e du d\u00e9sert. Avant de partir, notre guide avait fait un stock de petits pains et de sachets d&rsquo;eau (l&rsquo;eau se boit en sachets ici, pas en bouteilles), et nous savions que les gens sont assez pauvres dans la r\u00e9gion. Ils sont principalement membres de l&rsquo;ethnie Wayuu, et ceux qui habitent dans le d\u00e9sert vivent dans une mis\u00e8re assez prononc\u00e9e qui cr\u00e9e un gros contraste avec le fait que nous traversons ce meme d\u00e9sert avec nos couteux appareils photos et payons le tour de deux jours un prix qui les ferait vivre ais\u00e9ment durant probablement plusieurs mois. S&rsquo;arreter au niveau des cabanes de bois pour distribuer pains et boissons aux enfants, tout en s&rsquo;entendant r\u00e9pondre que s&rsquo;il n&rsquo;y avait pas les touristes pour passer leur vie serait vraiment sacr\u00e9ment difficile, c&rsquo;est vraiment tr\u00e8s triste.<\/p>\n<figure id=\"attachment_420\" aria-describedby=\"caption-attachment-420\" style=\"width: 1000px\" class=\"wp-caption aligncenter\"><a href=\"http:\/\/www.spang.ch\/aude\/img_9751\/\"><img loading=\"lazy\" decoding=\"async\" data-attachment-id=\"420\" data-permalink=\"http:\/\/www.spang.ch\/aude\/fr\/2016\/11\/summer-in-jamaican-fashion-and-a-fabulous-region\/img_9751\/\" data-orig-file=\"https:\/\/i0.wp.com\/www.spang.ch\/aude\/wp-content\/uploads\/2016\/11\/IMG_9751.jpg?fit=5184%2C3456\" data-orig-size=\"5184,3456\" data-comments-opened=\"1\" data-image-meta=\"{&quot;aperture&quot;:&quot;0&quot;,&quot;credit&quot;:&quot;&quot;,&quot;camera&quot;:&quot;&quot;,&quot;caption&quot;:&quot;&quot;,&quot;created_timestamp&quot;:&quot;0&quot;,&quot;copyright&quot;:&quot;&quot;,&quot;focal_length&quot;:&quot;0&quot;,&quot;iso&quot;:&quot;0&quot;,&quot;shutter_speed&quot;:&quot;0&quot;,&quot;title&quot;:&quot;&quot;,&quot;orientation&quot;:&quot;0&quot;}\" data-image-title=\"img_9751\" data-image-description=\"\" data-image-caption=\"&lt;p&gt;I LOVE sleeping in hammocks, no need to say&lt;\/p&gt;\n\" data-medium-file=\"https:\/\/i0.wp.com\/www.spang.ch\/aude\/wp-content\/uploads\/2016\/11\/IMG_9751.jpg?fit=300%2C200\" data-large-file=\"https:\/\/i0.wp.com\/www.spang.ch\/aude\/wp-content\/uploads\/2016\/11\/IMG_9751.jpg?fit=1000%2C667\" tabindex=\"0\" role=\"button\" class=\"size-large wp-image-420\" src=\"https:\/\/i0.wp.com\/www.spang.ch\/aude\/wp-content\/uploads\/2016\/11\/IMG_9751.jpg?resize=1000%2C667\" alt=\"J'ADORE dormir dans un hamac\" width=\"1000\" height=\"667\" srcset=\"https:\/\/i0.wp.com\/www.spang.ch\/aude\/wp-content\/uploads\/2016\/11\/IMG_9751.jpg?resize=1024%2C683 1024w, https:\/\/i0.wp.com\/www.spang.ch\/aude\/wp-content\/uploads\/2016\/11\/IMG_9751.jpg?resize=300%2C200 300w, https:\/\/i0.wp.com\/www.spang.ch\/aude\/wp-content\/uploads\/2016\/11\/IMG_9751.jpg?resize=768%2C512 768w, https:\/\/i0.wp.com\/www.spang.ch\/aude\/wp-content\/uploads\/2016\/11\/IMG_9751.jpg?resize=960%2C640 960w, https:\/\/i0.wp.com\/www.spang.ch\/aude\/wp-content\/uploads\/2016\/11\/IMG_9751.jpg?resize=450%2C300 450w, https:\/\/i0.wp.com\/www.spang.ch\/aude\/wp-content\/uploads\/2016\/11\/IMG_9751.jpg?w=2000 2000w, https:\/\/i0.wp.com\/www.spang.ch\/aude\/wp-content\/uploads\/2016\/11\/IMG_9751.jpg?w=3000 3000w\" sizes=\"(max-width: 1000px) 100vw, 1000px\" data-recalc-dims=\"1\" \/><\/a><figcaption id=\"caption-attachment-420\" class=\"wp-caption-text\">J&rsquo;ADORE dormir dans un hamac, inutile de le pr\u00e9ciser<\/figcaption><\/figure>\n<p style=\"text-align: justify;\">Apr\u00e8s ce tour particulier \u00e0 la Guajira, nous avons pass\u00e9 une autre nuit \u00e0 Palomino, o\u00f9 le spectacle fut cette fois celui des m\u0153urs diff\u00e9rentes et d&rsquo;un certain choc des cultures \u00e0 la <em>discoteca<\/em> du village. Tr\u00e8eees tr\u00e8s particulier pour nous d&rsquo;observer les danses de couple \u00e0 la sauce <em>coste\u00f1a<\/em>\u00a0(de la c\u00f4te, soit beaucoup, beaucoup plus sensuel que le politiquement correct europ\u00e9en nous permet d&rsquo;imaginer), tout en dansant en rond et en groupe, en braves occidentaux que nous sommes. Mention sp\u00e9ciale au gar\u00e7on de 14 ans qui m&rsquo;a fait danser un peu de merengue et qui \u00e9tait en chemise&#8230; mais \u00e0 pieds nus! Choc des cultures je vous dis.<\/p>\n<figure id=\"attachment_425\" aria-describedby=\"caption-attachment-425\" style=\"width: 1000px\" class=\"wp-caption aligncenter\"><a href=\"http:\/\/www.spang.ch\/aude\/gopr5731\/\"><img loading=\"lazy\" decoding=\"async\" data-attachment-id=\"425\" data-permalink=\"http:\/\/www.spang.ch\/aude\/fr\/2016\/11\/summer-in-jamaican-fashion-and-a-fabulous-region\/gopr5731\/\" data-orig-file=\"https:\/\/i0.wp.com\/www.spang.ch\/aude\/wp-content\/uploads\/2016\/11\/GOPR5731.jpg?fit=3680%2C2760\" data-orig-size=\"3680,2760\" data-comments-opened=\"1\" data-image-meta=\"{&quot;aperture&quot;:&quot;0&quot;,&quot;credit&quot;:&quot;&quot;,&quot;camera&quot;:&quot;&quot;,&quot;caption&quot;:&quot;&quot;,&quot;created_timestamp&quot;:&quot;0&quot;,&quot;copyright&quot;:&quot;&quot;,&quot;focal_length&quot;:&quot;0&quot;,&quot;iso&quot;:&quot;0&quot;,&quot;shutter_speed&quot;:&quot;0&quot;,&quot;title&quot;:&quot;&quot;,&quot;orientation&quot;:&quot;0&quot;}\" data-image-title=\"gopr5731\" data-image-description=\"\" data-image-caption=\"&lt;p&gt;Tayrona&lt;\/p&gt;\n\" data-medium-file=\"https:\/\/i0.wp.com\/www.spang.ch\/aude\/wp-content\/uploads\/2016\/11\/GOPR5731.jpg?fit=300%2C225\" data-large-file=\"https:\/\/i0.wp.com\/www.spang.ch\/aude\/wp-content\/uploads\/2016\/11\/GOPR5731.jpg?fit=1000%2C750\" tabindex=\"0\" role=\"button\" class=\"size-large wp-image-425\" src=\"https:\/\/i0.wp.com\/www.spang.ch\/aude\/wp-content\/uploads\/2016\/11\/GOPR5731.jpg?resize=1000%2C750\" alt=\"Tayrona\" width=\"1000\" height=\"750\" srcset=\"https:\/\/i0.wp.com\/www.spang.ch\/aude\/wp-content\/uploads\/2016\/11\/GOPR5731.jpg?resize=1024%2C768 1024w, https:\/\/i0.wp.com\/www.spang.ch\/aude\/wp-content\/uploads\/2016\/11\/GOPR5731.jpg?resize=300%2C225 300w, https:\/\/i0.wp.com\/www.spang.ch\/aude\/wp-content\/uploads\/2016\/11\/GOPR5731.jpg?resize=768%2C576 768w, https:\/\/i0.wp.com\/www.spang.ch\/aude\/wp-content\/uploads\/2016\/11\/GOPR5731.jpg?resize=400%2C300 400w, https:\/\/i0.wp.com\/www.spang.ch\/aude\/wp-content\/uploads\/2016\/11\/GOPR5731.jpg?w=2000 2000w, https:\/\/i0.wp.com\/www.spang.ch\/aude\/wp-content\/uploads\/2016\/11\/GOPR5731.jpg?w=3000 3000w\" sizes=\"(max-width: 1000px) 100vw, 1000px\" data-recalc-dims=\"1\" \/><\/a><figcaption id=\"caption-attachment-425\" class=\"wp-caption-text\">Tayrona<\/figcaption><\/figure>\n<p style=\"text-align: justify;\">Le lendemain nous sommes all\u00e9s d\u00e9couvrir le parc naturel Tayrona qui, pi\u00e8tre organisation et nombreux touristes \u00e0 part, est vraiment splendide! Balade \u00e0 cheval, plages de palmiers et d&rsquo;eau chaude, le lieu parfait pour saluer mes wallones retournant vers leur plat pays. Malgr\u00e9 mes plans m&rsquo;intimant de continuer mon chemin vers le sud pour enfin sortir du pays et en voir d&rsquo;autres, je suis rest\u00e9e avec Margot et Jeronimo pour une autre nuit en hamac, d\u00e9gustation de mangue face \u00e0 un autre orage nocturne, et lever de soleil sur la mer, de toute beaut\u00e9!<\/p>\n<figure id=\"attachment_423\" aria-describedby=\"caption-attachment-423\" style=\"width: 1000px\" class=\"wp-caption aligncenter\"><a href=\"http:\/\/www.spang.ch\/aude\/img_0028\/\"><img loading=\"lazy\" decoding=\"async\" data-attachment-id=\"423\" data-permalink=\"http:\/\/www.spang.ch\/aude\/fr\/2016\/11\/summer-in-jamaican-fashion-and-a-fabulous-region\/img_0028\/\" data-orig-file=\"https:\/\/i0.wp.com\/www.spang.ch\/aude\/wp-content\/uploads\/2016\/11\/IMG_0028.jpg?fit=5184%2C3456\" data-orig-size=\"5184,3456\" data-comments-opened=\"1\" data-image-meta=\"{&quot;aperture&quot;:&quot;0&quot;,&quot;credit&quot;:&quot;&quot;,&quot;camera&quot;:&quot;&quot;,&quot;caption&quot;:&quot;&quot;,&quot;created_timestamp&quot;:&quot;0&quot;,&quot;copyright&quot;:&quot;&quot;,&quot;focal_length&quot;:&quot;0&quot;,&quot;iso&quot;:&quot;0&quot;,&quot;shutter_speed&quot;:&quot;0&quot;,&quot;title&quot;:&quot;&quot;,&quot;orientation&quot;:&quot;0&quot;}\" data-image-title=\"img_0028\" data-image-description=\"\" data-image-caption=\"&lt;p&gt;Almost full moon in Tayrona&#8230; what else?&lt;\/p&gt;\n\" data-medium-file=\"https:\/\/i0.wp.com\/www.spang.ch\/aude\/wp-content\/uploads\/2016\/11\/IMG_0028.jpg?fit=300%2C200\" data-large-file=\"https:\/\/i0.wp.com\/www.spang.ch\/aude\/wp-content\/uploads\/2016\/11\/IMG_0028.jpg?fit=1000%2C667\" tabindex=\"0\" role=\"button\" class=\"size-large wp-image-423\" src=\"https:\/\/i0.wp.com\/www.spang.ch\/aude\/wp-content\/uploads\/2016\/11\/IMG_0028.jpg?resize=1000%2C667\" alt=\"Quasi pleine lune \u00e0 Tayrona... what else?\" width=\"1000\" height=\"667\" srcset=\"https:\/\/i0.wp.com\/www.spang.ch\/aude\/wp-content\/uploads\/2016\/11\/IMG_0028.jpg?resize=1024%2C683 1024w, https:\/\/i0.wp.com\/www.spang.ch\/aude\/wp-content\/uploads\/2016\/11\/IMG_0028.jpg?resize=300%2C200 300w, https:\/\/i0.wp.com\/www.spang.ch\/aude\/wp-content\/uploads\/2016\/11\/IMG_0028.jpg?resize=768%2C512 768w, https:\/\/i0.wp.com\/www.spang.ch\/aude\/wp-content\/uploads\/2016\/11\/IMG_0028.jpg?resize=960%2C640 960w, https:\/\/i0.wp.com\/www.spang.ch\/aude\/wp-content\/uploads\/2016\/11\/IMG_0028.jpg?resize=450%2C300 450w, https:\/\/i0.wp.com\/www.spang.ch\/aude\/wp-content\/uploads\/2016\/11\/IMG_0028.jpg?w=2000 2000w, https:\/\/i0.wp.com\/www.spang.ch\/aude\/wp-content\/uploads\/2016\/11\/IMG_0028.jpg?w=3000 3000w\" sizes=\"(max-width: 1000px) 100vw, 1000px\" data-recalc-dims=\"1\" \/><\/a><figcaption id=\"caption-attachment-423\" class=\"wp-caption-text\">Quasi pleine lune \u00e0 Tayrona&#8230; what else?<\/figcaption><\/figure>\n<p style=\"text-align: justify;\">Petit d\u00e9jeuner dans l&rsquo;esp\u00e8ce de boulangerie improvis\u00e9e \u00e0 c\u00f4t\u00e9 de notre camping, arborant fi\u00e8rement, \u00e0 mon horreur, un drapeau suisse et un du FC Zurich ainsi qu&rsquo;une \u00e9charpe <em>Hopp Schwiiz<\/em>!! La Suisse me poursuit \u00e0 travers le monde, je vous jure. Il s&rsquo;est av\u00e9r\u00e9 que la fille du propri\u00e9taire est tomb\u00e9e amoureuse d&rsquo;un suisse de passage, qu&rsquo;ils se sont mari\u00e9s, qu&rsquo;elle la rejoint \u00e0 Berne et qu&rsquo;ils ont maintenant un fils jouant dans la s\u00e9lection (ne me demandez pas laquelle, je n&rsquo;en ai pas la moindre id\u00e9e! Du foot je suppose. Et j&rsquo;ai oublie son nom d&rsquo;ailleurs). Cocasse! Mais on a fait connaissance avec la perruche qui habite leurs palmiers, tout \u00e9merveill\u00e9s nous \u00e9tions.<\/p>\n<figure id=\"attachment_424\" aria-describedby=\"caption-attachment-424\" style=\"width: 1000px\" class=\"wp-caption aligncenter\"><a href=\"http:\/\/www.spang.ch\/aude\/img_0081\/\"><img loading=\"lazy\" decoding=\"async\" data-attachment-id=\"424\" data-permalink=\"http:\/\/www.spang.ch\/aude\/fr\/2016\/11\/summer-in-jamaican-fashion-and-a-fabulous-region\/img_0081\/\" data-orig-file=\"https:\/\/i0.wp.com\/www.spang.ch\/aude\/wp-content\/uploads\/2016\/11\/IMG_0081.jpg?fit=5184%2C3456\" data-orig-size=\"5184,3456\" data-comments-opened=\"1\" data-image-meta=\"{&quot;aperture&quot;:&quot;0&quot;,&quot;credit&quot;:&quot;&quot;,&quot;camera&quot;:&quot;&quot;,&quot;caption&quot;:&quot;&quot;,&quot;created_timestamp&quot;:&quot;0&quot;,&quot;copyright&quot;:&quot;&quot;,&quot;focal_length&quot;:&quot;0&quot;,&quot;iso&quot;:&quot;0&quot;,&quot;shutter_speed&quot;:&quot;0&quot;,&quot;title&quot;:&quot;&quot;,&quot;orientation&quot;:&quot;0&quot;}\" data-image-title=\"img_0081\" data-image-description=\"\" data-image-caption=\"&lt;p&gt;Sunrise in Tayrona&lt;\/p&gt;\n\" data-medium-file=\"https:\/\/i0.wp.com\/www.spang.ch\/aude\/wp-content\/uploads\/2016\/11\/IMG_0081.jpg?fit=300%2C200\" data-large-file=\"https:\/\/i0.wp.com\/www.spang.ch\/aude\/wp-content\/uploads\/2016\/11\/IMG_0081.jpg?fit=1000%2C667\" tabindex=\"0\" role=\"button\" class=\"size-large wp-image-424\" src=\"https:\/\/i0.wp.com\/www.spang.ch\/aude\/wp-content\/uploads\/2016\/11\/IMG_0081.jpg?resize=1000%2C667\" alt=\"Lever de soleil \u00e0 Tayrona\" width=\"1000\" height=\"667\" srcset=\"https:\/\/i0.wp.com\/www.spang.ch\/aude\/wp-content\/uploads\/2016\/11\/IMG_0081.jpg?resize=1024%2C683 1024w, https:\/\/i0.wp.com\/www.spang.ch\/aude\/wp-content\/uploads\/2016\/11\/IMG_0081.jpg?resize=300%2C200 300w, https:\/\/i0.wp.com\/www.spang.ch\/aude\/wp-content\/uploads\/2016\/11\/IMG_0081.jpg?resize=768%2C512 768w, https:\/\/i0.wp.com\/www.spang.ch\/aude\/wp-content\/uploads\/2016\/11\/IMG_0081.jpg?resize=960%2C640 960w, https:\/\/i0.wp.com\/www.spang.ch\/aude\/wp-content\/uploads\/2016\/11\/IMG_0081.jpg?resize=450%2C300 450w, https:\/\/i0.wp.com\/www.spang.ch\/aude\/wp-content\/uploads\/2016\/11\/IMG_0081.jpg?w=2000 2000w, https:\/\/i0.wp.com\/www.spang.ch\/aude\/wp-content\/uploads\/2016\/11\/IMG_0081.jpg?w=3000 3000w\" sizes=\"(max-width: 1000px) 100vw, 1000px\" data-recalc-dims=\"1\" \/><\/a><figcaption id=\"caption-attachment-424\" class=\"wp-caption-text\">Lever de soleil \u00e0 Tayrona<\/figcaption><\/figure>\n<p style=\"text-align: justify;\">Une petite rando nous a fait sortir du parc pour\u00a0prendre un bus de retour \u00e0 Santa Marta&#8230; avant de d\u00e9cider de partir imm\u00e9diatement pour Minca, plus au nord et dans la montagne (dans la chaine appel\u00e9e Sierra Nevada de Santa Marta). Pas question de se s\u00e9parer avant d&rsquo;en avoir vu un peu plus et de bien connaitre la r\u00e9gion! \u00a0Et puis on ne change pas une \u00e9quipe qui gagne, et on avait une tr\u00e8s bonne dynamique de groupe, faisant tout ce qui nous plaisait sans nous prendre la tete. C&rsquo;est aussi (et surtout) ca, voyager, rencontrer de nouvelles personnes et faire un bout de chemin ensemble.<\/p>\n<figure id=\"attachment_422\" aria-describedby=\"caption-attachment-422\" style=\"width: 1000px\" class=\"wp-caption aligncenter\"><a href=\"https:\/\/i0.wp.com\/www.spang.ch\/aude\/wp-content\/uploads\/2016\/11\/GOPR5672.jpg\"><img loading=\"lazy\" decoding=\"async\" data-attachment-id=\"422\" data-permalink=\"http:\/\/www.spang.ch\/aude\/fr\/2016\/11\/summer-in-jamaican-fashion-and-a-fabulous-region\/gopr5672\/\" data-orig-file=\"https:\/\/i0.wp.com\/www.spang.ch\/aude\/wp-content\/uploads\/2016\/11\/GOPR5672.jpg?fit=3680%2C2760\" data-orig-size=\"3680,2760\" data-comments-opened=\"1\" data-image-meta=\"{&quot;aperture&quot;:&quot;0&quot;,&quot;credit&quot;:&quot;&quot;,&quot;camera&quot;:&quot;&quot;,&quot;caption&quot;:&quot;&quot;,&quot;created_timestamp&quot;:&quot;0&quot;,&quot;copyright&quot;:&quot;&quot;,&quot;focal_length&quot;:&quot;0&quot;,&quot;iso&quot;:&quot;0&quot;,&quot;shutter_speed&quot;:&quot;0&quot;,&quot;title&quot;:&quot;&quot;,&quot;orientation&quot;:&quot;0&quot;}\" data-image-title=\"gopr5672\" data-image-description=\"\" data-image-caption=\"&lt;p&gt;Colombia #5: La Guajira, Tayrona, Minca&lt;\/p&gt;\n\" data-medium-file=\"https:\/\/i0.wp.com\/www.spang.ch\/aude\/wp-content\/uploads\/2016\/11\/GOPR5672.jpg?fit=300%2C225\" data-large-file=\"https:\/\/i0.wp.com\/www.spang.ch\/aude\/wp-content\/uploads\/2016\/11\/GOPR5672.jpg?fit=1000%2C750\" tabindex=\"0\" role=\"button\" class=\"size-large wp-image-422\" src=\"https:\/\/i0.wp.com\/www.spang.ch\/aude\/wp-content\/uploads\/2016\/11\/GOPR5672.jpg?resize=1000%2C750\" alt=\"Tayrona\" width=\"1000\" height=\"750\" srcset=\"https:\/\/i0.wp.com\/www.spang.ch\/aude\/wp-content\/uploads\/2016\/11\/GOPR5672.jpg?resize=1024%2C768 1024w, https:\/\/i0.wp.com\/www.spang.ch\/aude\/wp-content\/uploads\/2016\/11\/GOPR5672.jpg?resize=300%2C225 300w, https:\/\/i0.wp.com\/www.spang.ch\/aude\/wp-content\/uploads\/2016\/11\/GOPR5672.jpg?resize=768%2C576 768w, https:\/\/i0.wp.com\/www.spang.ch\/aude\/wp-content\/uploads\/2016\/11\/GOPR5672.jpg?resize=400%2C300 400w, https:\/\/i0.wp.com\/www.spang.ch\/aude\/wp-content\/uploads\/2016\/11\/GOPR5672.jpg?w=2000 2000w, https:\/\/i0.wp.com\/www.spang.ch\/aude\/wp-content\/uploads\/2016\/11\/GOPR5672.jpg?w=3000 3000w\" sizes=\"(max-width: 1000px) 100vw, 1000px\" data-recalc-dims=\"1\" \/><\/a><figcaption id=\"caption-attachment-422\" class=\"wp-caption-text\">Tayrona<\/figcaption><\/figure>\n<figure id=\"attachment_434\" aria-describedby=\"caption-attachment-434\" style=\"width: 1000px\" class=\"wp-caption aligncenter\"><a href=\"http:\/\/www.spang.ch\/aude\/img_0181b\/\"><img loading=\"lazy\" decoding=\"async\" data-attachment-id=\"434\" data-permalink=\"http:\/\/www.spang.ch\/aude\/fr\/2016\/11\/summer-in-jamaican-fashion-and-a-fabulous-region\/img_0181b\/\" data-orig-file=\"https:\/\/i0.wp.com\/www.spang.ch\/aude\/wp-content\/uploads\/2016\/11\/IMG_0181b.jpg?fit=2400%2C1600\" data-orig-size=\"2400,1600\" data-comments-opened=\"1\" data-image-meta=\"{&quot;aperture&quot;:&quot;0&quot;,&quot;credit&quot;:&quot;&quot;,&quot;camera&quot;:&quot;&quot;,&quot;caption&quot;:&quot;&quot;,&quot;created_timestamp&quot;:&quot;0&quot;,&quot;copyright&quot;:&quot;&quot;,&quot;focal_length&quot;:&quot;0&quot;,&quot;iso&quot;:&quot;0&quot;,&quot;shutter_speed&quot;:&quot;0&quot;,&quot;title&quot;:&quot;&quot;,&quot;orientation&quot;:&quot;0&quot;}\" data-image-title=\"img_0181b\" data-image-description=\"\" data-image-caption=\"&lt;p&gt;Tayrona&lt;\/p&gt;\n\" data-medium-file=\"https:\/\/i0.wp.com\/www.spang.ch\/aude\/wp-content\/uploads\/2016\/11\/IMG_0181b.jpg?fit=300%2C200\" data-large-file=\"https:\/\/i0.wp.com\/www.spang.ch\/aude\/wp-content\/uploads\/2016\/11\/IMG_0181b.jpg?fit=1000%2C667\" tabindex=\"0\" role=\"button\" class=\"size-large wp-image-434\" src=\"https:\/\/i0.wp.com\/www.spang.ch\/aude\/wp-content\/uploads\/2016\/11\/IMG_0181b.jpg?resize=1000%2C667\" alt=\"Tayrona\" width=\"1000\" height=\"667\" srcset=\"https:\/\/i0.wp.com\/www.spang.ch\/aude\/wp-content\/uploads\/2016\/11\/IMG_0181b.jpg?resize=1024%2C683 1024w, https:\/\/i0.wp.com\/www.spang.ch\/aude\/wp-content\/uploads\/2016\/11\/IMG_0181b.jpg?resize=300%2C200 300w, https:\/\/i0.wp.com\/www.spang.ch\/aude\/wp-content\/uploads\/2016\/11\/IMG_0181b.jpg?resize=768%2C512 768w, https:\/\/i0.wp.com\/www.spang.ch\/aude\/wp-content\/uploads\/2016\/11\/IMG_0181b.jpg?resize=960%2C640 960w, https:\/\/i0.wp.com\/www.spang.ch\/aude\/wp-content\/uploads\/2016\/11\/IMG_0181b.jpg?resize=450%2C300 450w, https:\/\/i0.wp.com\/www.spang.ch\/aude\/wp-content\/uploads\/2016\/11\/IMG_0181b.jpg?w=2000 2000w\" sizes=\"(max-width: 1000px) 100vw, 1000px\" data-recalc-dims=\"1\" \/><\/a><figcaption id=\"caption-attachment-434\" class=\"wp-caption-text\">Tayrona<\/figcaption><\/figure>\n<p style=\"text-align: justify;\">Minca est l&rsquo;un des rep\u00e8res internationaux pour amoureux d&rsquo;oiseaux! Notre guide nous a expliqu\u00e9 que si le Br\u00e9sil est en tete devant la Colombie en mati\u00e8re de biodiversit\u00e9 en g\u00e9n\u00e9ral, c&rsquo;est la seconde qui l&#8217;emporte pour la biodiversit\u00e9 concernant les oiseaux en tous genres. Nous avons eu la chance d&rsquo;observer tout un tas d&rsquo;amis volants, dont un splendide toucan (plus ou moins l&rsquo;int\u00e9ret principal du voyageur de base passant dans le coin), meme si nous n&rsquo;avons pas vu autant qu&rsquo;il serait possible en faisant le tour dans un endroit plus strat\u00e9gique (plus en altitude par rapport \u00e0 notre tour partant depuis la ville).<\/p>\n<figure id=\"attachment_426\" aria-describedby=\"caption-attachment-426\" style=\"width: 1000px\" class=\"wp-caption aligncenter\"><a href=\"http:\/\/www.spang.ch\/aude\/img_0246\/\"><img loading=\"lazy\" decoding=\"async\" data-attachment-id=\"426\" data-permalink=\"http:\/\/www.spang.ch\/aude\/fr\/2016\/11\/summer-in-jamaican-fashion-and-a-fabulous-region\/img_0246\/\" data-orig-file=\"https:\/\/i0.wp.com\/www.spang.ch\/aude\/wp-content\/uploads\/2016\/11\/IMG_0246.jpg?fit=5184%2C3456\" data-orig-size=\"5184,3456\" data-comments-opened=\"1\" data-image-meta=\"{&quot;aperture&quot;:&quot;0&quot;,&quot;credit&quot;:&quot;&quot;,&quot;camera&quot;:&quot;&quot;,&quot;caption&quot;:&quot;&quot;,&quot;created_timestamp&quot;:&quot;0&quot;,&quot;copyright&quot;:&quot;&quot;,&quot;focal_length&quot;:&quot;0&quot;,&quot;iso&quot;:&quot;0&quot;,&quot;shutter_speed&quot;:&quot;0&quot;,&quot;title&quot;:&quot;&quot;,&quot;orientation&quot;:&quot;0&quot;}\" data-image-title=\"img_0246\" data-image-description=\"\" data-image-caption=\"&lt;p&gt;The \u00ab\u00a0biggest hammock in the world\u00a0\u00bb in Minca&lt;\/p&gt;\n\" data-medium-file=\"https:\/\/i0.wp.com\/www.spang.ch\/aude\/wp-content\/uploads\/2016\/11\/IMG_0246.jpg?fit=300%2C200\" data-large-file=\"https:\/\/i0.wp.com\/www.spang.ch\/aude\/wp-content\/uploads\/2016\/11\/IMG_0246.jpg?fit=1000%2C667\" tabindex=\"0\" role=\"button\" class=\"size-large wp-image-426\" src=\"https:\/\/i0.wp.com\/www.spang.ch\/aude\/wp-content\/uploads\/2016\/11\/IMG_0246.jpg?resize=1000%2C667\" alt=\"Le &quot;plus grand hamac du monde&quot; \u00e0 Minca\" width=\"1000\" height=\"667\" srcset=\"https:\/\/i0.wp.com\/www.spang.ch\/aude\/wp-content\/uploads\/2016\/11\/IMG_0246.jpg?resize=1024%2C683 1024w, https:\/\/i0.wp.com\/www.spang.ch\/aude\/wp-content\/uploads\/2016\/11\/IMG_0246.jpg?resize=300%2C200 300w, https:\/\/i0.wp.com\/www.spang.ch\/aude\/wp-content\/uploads\/2016\/11\/IMG_0246.jpg?resize=768%2C512 768w, https:\/\/i0.wp.com\/www.spang.ch\/aude\/wp-content\/uploads\/2016\/11\/IMG_0246.jpg?resize=960%2C640 960w, https:\/\/i0.wp.com\/www.spang.ch\/aude\/wp-content\/uploads\/2016\/11\/IMG_0246.jpg?resize=450%2C300 450w, https:\/\/i0.wp.com\/www.spang.ch\/aude\/wp-content\/uploads\/2016\/11\/IMG_0246.jpg?w=2000 2000w, https:\/\/i0.wp.com\/www.spang.ch\/aude\/wp-content\/uploads\/2016\/11\/IMG_0246.jpg?w=3000 3000w\" sizes=\"(max-width: 1000px) 100vw, 1000px\" data-recalc-dims=\"1\" \/><\/a><figcaption id=\"caption-attachment-426\" class=\"wp-caption-text\">Le \u00ab\u00a0plus grand hamac du monde\u00a0\u00bb \u00e0 Minca<\/figcaption><\/figure>\n<p style=\"text-align: justify;\">Nous avons dormi dans un\u00a0h\u00f4tel perdu dans les hauteurs, accessible uniquement par un chemin de boue impliquant 40 min de motocross avec un local (avec le risque de tomber dans la boue pour les malchanceux). Mais le d\u00e9placement en vaut la peine! Tr\u00e8s jolie vue, accompagn\u00e9e un sentiment de nature et de\u00a0vie un peu familiale (les repas se prennent tous ensemble \u00e0 la meme heure), une jolie (mais courte) pause pass\u00e9e en partie \u00e0 papoter dans des hamacs g\u00e9ants ou autour d&rsquo;un feu un peu timide (pas ma faute, foi de scoute tout le possible a \u00e9t\u00e9 fait!). Jolie rando en descente pour retourner vers la civilisation, chouettes derniers moments ensemble &#8211; dont notamment la d\u00e9gustation de la meilleure <em>empanada<\/em> du pays (beignets frits, souvent juste remplis de viande, mais celui-ci \u00e9tait un succulent et inoubliable m\u00e9lange de poulet et l\u00e9gumes au gout tout \u00e0 fait r\u00e9ussi).<\/p>\n<figure id=\"attachment_427\" aria-describedby=\"caption-attachment-427\" style=\"width: 1000px\" class=\"wp-caption aligncenter\"><a href=\"http:\/\/www.spang.ch\/aude\/img_0283\/\"><img loading=\"lazy\" decoding=\"async\" data-attachment-id=\"427\" data-permalink=\"http:\/\/www.spang.ch\/aude\/fr\/2016\/11\/summer-in-jamaican-fashion-and-a-fabulous-region\/img_0283\/\" data-orig-file=\"https:\/\/i0.wp.com\/www.spang.ch\/aude\/wp-content\/uploads\/2016\/11\/IMG_0283-e1479685589105.jpg?fit=1516%2C972\" data-orig-size=\"1516,972\" data-comments-opened=\"1\" data-image-meta=\"{&quot;aperture&quot;:&quot;0&quot;,&quot;credit&quot;:&quot;&quot;,&quot;camera&quot;:&quot;&quot;,&quot;caption&quot;:&quot;&quot;,&quot;created_timestamp&quot;:&quot;0&quot;,&quot;copyright&quot;:&quot;&quot;,&quot;focal_length&quot;:&quot;0&quot;,&quot;iso&quot;:&quot;0&quot;,&quot;shutter_speed&quot;:&quot;0&quot;,&quot;title&quot;:&quot;&quot;,&quot;orientation&quot;:&quot;0&quot;}\" data-image-title=\"img_0283\" data-image-description=\"\" data-image-caption=\"&lt;p&gt;Tucaaaaaan&lt;\/p&gt;\n\" data-medium-file=\"https:\/\/i0.wp.com\/www.spang.ch\/aude\/wp-content\/uploads\/2016\/11\/IMG_0283-e1479685589105.jpg?fit=300%2C192\" data-large-file=\"https:\/\/i0.wp.com\/www.spang.ch\/aude\/wp-content\/uploads\/2016\/11\/IMG_0283-e1479685589105.jpg?fit=1000%2C642\" tabindex=\"0\" role=\"button\" class=\"size-large wp-image-427\" src=\"https:\/\/i0.wp.com\/www.spang.ch\/aude\/wp-content\/uploads\/2016\/11\/IMG_0283-e1479685589105-1024x657.jpg?resize=1000%2C642\" alt=\"Toucaaaaaan\" width=\"1000\" height=\"642\" srcset=\"https:\/\/i0.wp.com\/www.spang.ch\/aude\/wp-content\/uploads\/2016\/11\/IMG_0283-e1479685589105.jpg?resize=1024%2C657 1024w, https:\/\/i0.wp.com\/www.spang.ch\/aude\/wp-content\/uploads\/2016\/11\/IMG_0283-e1479685589105.jpg?resize=300%2C192 300w, https:\/\/i0.wp.com\/www.spang.ch\/aude\/wp-content\/uploads\/2016\/11\/IMG_0283-e1479685589105.jpg?resize=768%2C492 768w, https:\/\/i0.wp.com\/www.spang.ch\/aude\/wp-content\/uploads\/2016\/11\/IMG_0283-e1479685589105.jpg?resize=468%2C300 468w, https:\/\/i0.wp.com\/www.spang.ch\/aude\/wp-content\/uploads\/2016\/11\/IMG_0283-e1479685589105.jpg?w=1516 1516w\" sizes=\"(max-width: 1000px) 100vw, 1000px\" data-recalc-dims=\"1\" \/><\/a><figcaption id=\"caption-attachment-427\" class=\"wp-caption-text\">Toucaaaaaan<\/figcaption><\/figure>\n<p style=\"text-align: justify;\">Et voila, en environ une semaine nous sommes pass\u00e9s de la jungle, au d\u00e9sert, \u00e0 la plage et \u00e0 la montagne! C&rsquo;est pas cool ca? Le plus g\u00e9nial fut cependant la tr\u00e8s belle rencontre de mes amis belges et allemands, et les magnifiques moments pass\u00e9s ensemble. J&rsquo;ai parl\u00e9 assez peu espagnol durant ces jours, mais par contre ca m&rsquo;a fait un immense bien de passer une p\u00e9riode un peu plus prolong\u00e9e avec les memes personnes, vraiment faire connaissance, et aller au-del\u00e0 du \u00ab\u00a0small talk\u00a0\u00bb habituel des voyageurs (\u00ab\u00a0tu viens d&rsquo;o\u00f9, tu voyages combien de temps, tu as vu quoi?\u00a0\u00bb et ensuite ca en reste un peu l\u00e0). Vraiment super! Mais ensuite je fus bien contente d&rsquo;avoir un peu de temps juste pour moi, j&rsquo;ai notamment pris un bus pour Bucaramanga \u00a0(entre Santa Marta et Bogot\u00e1, plus ou moins au centre-est) et le trajet durait 12h. Le temps de me remettre de cette intense p\u00e9riode de vie de groupe!<\/p>\n<figure id=\"attachment_437\" aria-describedby=\"caption-attachment-437\" style=\"width: 1000px\" class=\"wp-caption aligncenter\"><a href=\"http:\/\/www.spang.ch\/aude\/img_9976\/\"><img loading=\"lazy\" decoding=\"async\" data-attachment-id=\"437\" data-permalink=\"http:\/\/www.spang.ch\/aude\/fr\/2016\/11\/summer-in-jamaican-fashion-and-a-fabulous-region\/img_9976\/\" data-orig-file=\"https:\/\/i0.wp.com\/www.spang.ch\/aude\/wp-content\/uploads\/2016\/11\/IMG_9976.jpg?fit=5184%2C3456\" data-orig-size=\"5184,3456\" data-comments-opened=\"1\" data-image-meta=\"{&quot;aperture&quot;:&quot;0&quot;,&quot;credit&quot;:&quot;&quot;,&quot;camera&quot;:&quot;&quot;,&quot;caption&quot;:&quot;&quot;,&quot;created_timestamp&quot;:&quot;0&quot;,&quot;copyright&quot;:&quot;&quot;,&quot;focal_length&quot;:&quot;0&quot;,&quot;iso&quot;:&quot;0&quot;,&quot;shutter_speed&quot;:&quot;0&quot;,&quot;title&quot;:&quot;&quot;,&quot;orientation&quot;:&quot;0&quot;}\" data-image-title=\"img_9976\" data-image-description=\"\" data-image-caption=\"&lt;p&gt;More flamingoooos&lt;\/p&gt;\n\" data-medium-file=\"https:\/\/i0.wp.com\/www.spang.ch\/aude\/wp-content\/uploads\/2016\/11\/IMG_9976.jpg?fit=300%2C200\" data-large-file=\"https:\/\/i0.wp.com\/www.spang.ch\/aude\/wp-content\/uploads\/2016\/11\/IMG_9976.jpg?fit=1000%2C667\" tabindex=\"0\" role=\"button\" class=\"size-large wp-image-437\" src=\"https:\/\/i0.wp.com\/www.spang.ch\/aude\/wp-content\/uploads\/2016\/11\/IMG_9976.jpg?resize=1000%2C667\" alt=\"Plus de flamaaaants\" width=\"1000\" height=\"667\" srcset=\"https:\/\/i0.wp.com\/www.spang.ch\/aude\/wp-content\/uploads\/2016\/11\/IMG_9976.jpg?resize=1024%2C683 1024w, https:\/\/i0.wp.com\/www.spang.ch\/aude\/wp-content\/uploads\/2016\/11\/IMG_9976.jpg?resize=300%2C200 300w, https:\/\/i0.wp.com\/www.spang.ch\/aude\/wp-content\/uploads\/2016\/11\/IMG_9976.jpg?resize=768%2C512 768w, https:\/\/i0.wp.com\/www.spang.ch\/aude\/wp-content\/uploads\/2016\/11\/IMG_9976.jpg?resize=960%2C640 960w, https:\/\/i0.wp.com\/www.spang.ch\/aude\/wp-content\/uploads\/2016\/11\/IMG_9976.jpg?resize=450%2C300 450w, https:\/\/i0.wp.com\/www.spang.ch\/aude\/wp-content\/uploads\/2016\/11\/IMG_9976.jpg?w=2000 2000w, https:\/\/i0.wp.com\/www.spang.ch\/aude\/wp-content\/uploads\/2016\/11\/IMG_9976.jpg?w=3000 3000w\" sizes=\"(max-width: 1000px) 100vw, 1000px\" data-recalc-dims=\"1\" \/><\/a><figcaption id=\"caption-attachment-437\" class=\"wp-caption-text\">Plus de flamaaaants<\/figcaption><\/figure>\n<p style=\"text-align: justify;\"><strong>Prochaines \u00e9tapes:<\/strong> Bucaramanga, derniers jours \u00e0 Bogot\u00e1, Cali, Ipiales et sa cath\u00e9drale, puis l&rsquo;Equateur!<\/p>\n<figure id=\"attachment_436\" aria-describedby=\"caption-attachment-436\" style=\"width: 1000px\" class=\"wp-caption aligncenter\"><a href=\"http:\/\/www.spang.ch\/aude\/img_9381\/\"><img loading=\"lazy\" decoding=\"async\" data-attachment-id=\"436\" data-permalink=\"http:\/\/www.spang.ch\/aude\/fr\/2016\/11\/summer-in-jamaican-fashion-and-a-fabulous-region\/img_9381\/\" data-orig-file=\"https:\/\/i0.wp.com\/www.spang.ch\/aude\/wp-content\/uploads\/2016\/11\/IMG_9381-e1479686791925.jpg?fit=1840%2C1218\" data-orig-size=\"1840,1218\" data-comments-opened=\"1\" data-image-meta=\"{&quot;aperture&quot;:&quot;0&quot;,&quot;credit&quot;:&quot;&quot;,&quot;camera&quot;:&quot;&quot;,&quot;caption&quot;:&quot;&quot;,&quot;created_timestamp&quot;:&quot;0&quot;,&quot;copyright&quot;:&quot;&quot;,&quot;focal_length&quot;:&quot;0&quot;,&quot;iso&quot;:&quot;0&quot;,&quot;shutter_speed&quot;:&quot;0&quot;,&quot;title&quot;:&quot;&quot;,&quot;orientation&quot;:&quot;0&quot;}\" data-image-title=\"img_9381\" data-image-description=\"\" data-image-caption=\"&lt;p&gt;Another tucaaaaan&lt;\/p&gt;\n\" data-medium-file=\"https:\/\/i0.wp.com\/www.spang.ch\/aude\/wp-content\/uploads\/2016\/11\/IMG_9381-e1479686791925.jpg?fit=300%2C199\" data-large-file=\"https:\/\/i0.wp.com\/www.spang.ch\/aude\/wp-content\/uploads\/2016\/11\/IMG_9381-e1479686791925.jpg?fit=1000%2C662\" tabindex=\"0\" role=\"button\" class=\"size-large wp-image-436\" src=\"https:\/\/i0.wp.com\/www.spang.ch\/aude\/wp-content\/uploads\/2016\/11\/IMG_9381-e1479686791925-1024x678.jpg?resize=1000%2C662\" alt=\"Encore un toucaaaan\" width=\"1000\" height=\"662\" srcset=\"https:\/\/i0.wp.com\/www.spang.ch\/aude\/wp-content\/uploads\/2016\/11\/IMG_9381-e1479686791925.jpg?resize=1024%2C678 1024w, https:\/\/i0.wp.com\/www.spang.ch\/aude\/wp-content\/uploads\/2016\/11\/IMG_9381-e1479686791925.jpg?resize=300%2C199 300w, https:\/\/i0.wp.com\/www.spang.ch\/aude\/wp-content\/uploads\/2016\/11\/IMG_9381-e1479686791925.jpg?resize=768%2C508 768w, https:\/\/i0.wp.com\/www.spang.ch\/aude\/wp-content\/uploads\/2016\/11\/IMG_9381-e1479686791925.jpg?resize=453%2C300 453w, https:\/\/i0.wp.com\/www.spang.ch\/aude\/wp-content\/uploads\/2016\/11\/IMG_9381-e1479686791925.jpg?w=1840 1840w\" sizes=\"(max-width: 1000px) 100vw, 1000px\" data-recalc-dims=\"1\" \/><\/a><figcaption id=\"caption-attachment-436\" class=\"wp-caption-text\">Encore un toucaaaan<\/figcaption><\/figure>\n<p style=\"text-align: center;\"><strong><a href=\"https:\/\/goo.gl\/photos\/ootSFswPsRGReM9Y9\"> Clique ici<\/a> <\/strong>pour plus de photos de San Andr\u00e9s, la Ciudad Perdida, Palomino, Camarones, et<strong> <a href=\"https:\/\/goo.gl\/photos\/rxX5mEwYJVnHmr9H7\">clique l\u00e0<\/a> <\/strong>pour plus de photos de La Guajira, Tayrona, Minca! <em>Attention: il y en a pas mal<\/em><\/p>\n<p><figure id=\"attachment_441\" aria-describedby=\"caption-attachment-441\" style=\"width: 1211px\" class=\"wp-caption aligncenter\"><a href=\"http:\/\/www.spang.ch\/aude\/beach2\/\"><img loading=\"lazy\" decoding=\"async\" data-attachment-id=\"441\" data-permalink=\"http:\/\/www.spang.ch\/aude\/fr\/2016\/11\/summer-in-jamaican-fashion-and-a-fabulous-region\/beach2\/\" data-orig-file=\"https:\/\/i0.wp.com\/www.spang.ch\/aude\/wp-content\/uploads\/2016\/11\/beach2.png?fit=1211%2C474\" data-orig-size=\"1211,474\" data-comments-opened=\"1\" data-image-meta=\"{&quot;aperture&quot;:&quot;0&quot;,&quot;credit&quot;:&quot;&quot;,&quot;camera&quot;:&quot;&quot;,&quot;caption&quot;:&quot;&quot;,&quot;created_timestamp&quot;:&quot;0&quot;,&quot;copyright&quot;:&quot;&quot;,&quot;focal_length&quot;:&quot;0&quot;,&quot;iso&quot;:&quot;0&quot;,&quot;shutter_speed&quot;:&quot;0&quot;,&quot;title&quot;:&quot;&quot;,&quot;orientation&quot;:&quot;0&quot;}\" data-image-title=\"beach2\" data-image-description=\"\" data-image-caption=\"&lt;p&gt;The team in Tayrona&lt;\/p&gt;\n\" data-medium-file=\"https:\/\/i0.wp.com\/www.spang.ch\/aude\/wp-content\/uploads\/2016\/11\/beach2.png?fit=300%2C117\" data-large-file=\"https:\/\/i0.wp.com\/www.spang.ch\/aude\/wp-content\/uploads\/2016\/11\/beach2.png?fit=1000%2C392\" tabindex=\"0\" role=\"button\" class=\"size-full wp-image-441\" src=\"https:\/\/i0.wp.com\/www.spang.ch\/aude\/wp-content\/uploads\/2016\/11\/beach2.png?resize=1000%2C391\" alt=\"L'\u00e9quipe \u00e0 Tayrona\" width=\"1000\" height=\"391\" srcset=\"https:\/\/i0.wp.com\/www.spang.ch\/aude\/wp-content\/uploads\/2016\/11\/beach2.png?w=1211 1211w, https:\/\/i0.wp.com\/www.spang.ch\/aude\/wp-content\/uploads\/2016\/11\/beach2.png?resize=300%2C117 300w, https:\/\/i0.wp.com\/www.spang.ch\/aude\/wp-content\/uploads\/2016\/11\/beach2.png?resize=768%2C301 768w, https:\/\/i0.wp.com\/www.spang.ch\/aude\/wp-content\/uploads\/2016\/11\/beach2.png?resize=1024%2C401 1024w, https:\/\/i0.wp.com\/www.spang.ch\/aude\/wp-content\/uploads\/2016\/11\/beach2.png?resize=600%2C235 600w\" sizes=\"(max-width: 1000px) 100vw, 1000px\" data-recalc-dims=\"1\" \/><\/a><figcaption id=\"caption-attachment-441\" class=\"wp-caption-text\">L&rsquo;\u00e9quipe \u00e0 Tayrona<\/figcaption><\/figure><\/p>","protected":false},"excerpt":{"rendered":"<p>Je vous recommande d&rsquo;\u00e9couter cette playlist durant votre lecture, petite s\u00e9lection par mes soins de musiques qui ont rythm\u00e9 mes journ\u00e9es durant ce s\u00e9jour en Colombie et plus particuli\u00e8rement le long de la cote. Vous y trouverez de la salsa, de la champeta, du reggaeton, du vallenato, et plusieurs autres&#8230; (je vous parlerai de musique&#8230; <\/p>\n<div class=\"link-more\"><a href=\"http:\/\/www.spang.ch\/aude\/fr\/2016\/11\/summer-in-jamaican-fashion-and-a-fabulous-region\/\">En savoir plus<\/a><\/div>\n","protected":false},"author":1,"featured_media":431,"comment_status":"open","ping_status":"open","sticky":false,"template":"","format":"standard","meta":{"jetpack_post_was_ever_published":false,"_jetpack_newsletter_access":"","_jetpack_dont_email_post_to_subs":true,"_jetpack_newsletter_tier_id":0,"_jetpack_memberships_contains_paywalled_content":false,"_jetpack_memberships_contains_paid_content":false,"footnotes":"","jetpack_publicize_message":"","jetpack_publicize_feature_enabled":true,"jetpack_social_post_already_shared":true,"jetpack_social_options":{"image_generator_settings":{"template":"highway","enabled":false},"version":2}},"categories":[4],"tags":[],"jetpack_publicize_connections":[],"jetpack_featured_media_url":"https:\/\/i0.wp.com\/www.spang.ch\/aude\/wp-content\/uploads\/2016\/11\/IMG_9354-e1479685666917.jpg?fit=3265%2C4898","jetpack_shortlink":"https:\/\/wp.me\/p7EYAh-5e","jetpack-related-posts":[],"jetpack_likes_enabled":true,"jetpack_sharing_enabled":true,"_links":{"self":[{"href":"http:\/\/www.spang.ch\/aude\/fr\/wp-json\/wp\/v2\/posts\/324"}],"collection":[{"href":"http:\/\/www.spang.ch\/aude\/fr\/wp-json\/wp\/v2\/posts"}],"about":[{"href":"http:\/\/www.spang.ch\/aude\/fr\/wp-json\/wp\/v2\/types\/post"}],"author":[{"embeddable":true,"href":"http:\/\/www.spang.ch\/aude\/fr\/wp-json\/wp\/v2\/users\/1"}],"replies":[{"embeddable":true,"href":"http:\/\/www.spang.ch\/aude\/fr\/wp-json\/wp\/v2\/comments?post=324"}],"version-history":[{"count":63,"href":"http:\/\/www.spang.ch\/aude\/fr\/wp-json\/wp\/v2\/posts\/324\/revisions"}],"predecessor-version":[{"id":481,"href":"http:\/\/www.spang.ch\/aude\/fr\/wp-json\/wp\/v2\/posts\/324\/revisions\/481"}],"wp:featuredmedia":[{"embeddable":true,"href":"http:\/\/www.spang.ch\/aude\/fr\/wp-json\/wp\/v2\/media\/431"}],"wp:attachment":[{"href":"http:\/\/www.spang.ch\/aude\/fr\/wp-json\/wp\/v2\/media?parent=324"}],"wp:term":[{"taxonomy":"category","embeddable":true,"href":"http:\/\/www.spang.ch\/aude\/fr\/wp-json\/wp\/v2\/categories?post=324"},{"taxonomy":"post_tag","embeddable":true,"href":"http:\/\/www.spang.ch\/aude\/fr\/wp-json\/wp\/v2\/tags?post=324"}],"curies":[{"name":"wp","href":"https:\/\/api.w.org\/{rel}","templated":true}]}}