{"id":274,"date":"2016-11-04T06:31:05","date_gmt":"2016-11-04T04:31:05","guid":{"rendered":"http:\/\/www.spang.ch\/aude\/?p=274"},"modified":"2016-11-04T06:35:15","modified_gmt":"2016-11-04T04:35:15","slug":"calor-caribe-caribbean-heat","status":"publish","type":"post","link":"http:\/\/www.spang.ch\/aude\/fr\/2016\/11\/calor-caribe-caribbean-heat\/","title":{"rendered":"Calor Caribe &#8211; La chaleur des Caraibes"},"content":{"rendered":"<p><figure id=\"attachment_289\" aria-describedby=\"caption-attachment-289\" style=\"width: 200px\" class=\"wp-caption alignleft\"><a href=\"http:\/\/www.spang.ch\/aude\/img_8635\/\"><img loading=\"lazy\" decoding=\"async\" data-attachment-id=\"289\" data-permalink=\"http:\/\/www.spang.ch\/aude\/fr\/2016\/11\/calor-caribe-caribbean-heat\/img_8635\/\" data-orig-file=\"https:\/\/i0.wp.com\/www.spang.ch\/aude\/wp-content\/uploads\/2016\/10\/IMG_8635-e1477245221357.jpg?fit=3456%2C5184\" data-orig-size=\"3456,5184\" data-comments-opened=\"1\" data-image-meta=\"{&quot;aperture&quot;:&quot;0&quot;,&quot;credit&quot;:&quot;&quot;,&quot;camera&quot;:&quot;&quot;,&quot;caption&quot;:&quot;&quot;,&quot;created_timestamp&quot;:&quot;0&quot;,&quot;copyright&quot;:&quot;&quot;,&quot;focal_length&quot;:&quot;0&quot;,&quot;iso&quot;:&quot;0&quot;,&quot;shutter_speed&quot;:&quot;0&quot;,&quot;title&quot;:&quot;&quot;,&quot;orientation&quot;:&quot;0&quot;}\" data-image-title=\"img_8635\" data-image-description=\"\" data-image-caption=\"&lt;p&gt;Medell\u00edn&lt;\/p&gt;\n\" data-medium-file=\"https:\/\/i0.wp.com\/www.spang.ch\/aude\/wp-content\/uploads\/2016\/10\/IMG_8635-e1477245221357.jpg?fit=200%2C300\" data-large-file=\"https:\/\/i0.wp.com\/www.spang.ch\/aude\/wp-content\/uploads\/2016\/10\/IMG_8635-e1477245221357.jpg?fit=683%2C1024\" tabindex=\"0\" role=\"button\" class=\"size-medium wp-image-289\" src=\"https:\/\/i0.wp.com\/www.spang.ch\/aude\/wp-content\/uploads\/2016\/10\/IMG_8635-e1477245221357-200x300.jpg?resize=200%2C300\" alt=\"Medell\u00edn\" width=\"200\" height=\"300\" srcset=\"https:\/\/i0.wp.com\/www.spang.ch\/aude\/wp-content\/uploads\/2016\/10\/IMG_8635-e1477245221357.jpg?resize=200%2C300 200w, https:\/\/i0.wp.com\/www.spang.ch\/aude\/wp-content\/uploads\/2016\/10\/IMG_8635-e1477245221357.jpg?resize=768%2C1152 768w, https:\/\/i0.wp.com\/www.spang.ch\/aude\/wp-content\/uploads\/2016\/10\/IMG_8635-e1477245221357.jpg?resize=683%2C1024 683w, https:\/\/i0.wp.com\/www.spang.ch\/aude\/wp-content\/uploads\/2016\/10\/IMG_8635-e1477245221357.jpg?w=2000 2000w, https:\/\/i0.wp.com\/www.spang.ch\/aude\/wp-content\/uploads\/2016\/10\/IMG_8635-e1477245221357.jpg?w=3000 3000w\" sizes=\"(max-width: 200px) 100vw, 200px\" data-recalc-dims=\"1\" \/><\/a><figcaption id=\"caption-attachment-289\" class=\"wp-caption-text\">Medell\u00edn<\/figcaption><\/figure><\/p>\n<p style=\"text-align: justify;\">Pour quitter Manizales, je suis mont\u00e9e non pas dans un bus mais dans une&#8230; grosse voiture, et j&rsquo;y ai pass\u00e9 5h scotch\u00e9e \u00e0 de parfaits inconnus. Heureusement que j&rsquo;ai de la lecture avec moi! Je suis arriv\u00e9e \u00e0 Medell\u00edn et y ai retrouv\u00e9 Catalina, connue elle aussi, \u00e0 l&rsquo;\u00e9poque, dans ma maison pour \u00e9tudiants \u00e0 Zurich. Trop beau de se revoir comme \u00e7a, plus tard, dans un contexte totalement diff\u00e9rent! Gr\u00e2ce \u00e0 elle, j&rsquo;ai eu un lieu de r\u00e9f\u00e9rence calme et soign\u00e9 pour mes fins de journ\u00e9e de vadrouille. J&rsquo;ai aussi eu la chance de rencontrer sa tante et son oncle, musiciens et notamment fabriquant de clavecins (!), dont j&rsquo;ai pu visiter l&rsquo;atelier, une premi\u00e8re pour moi. C&rsquo;est vraiment fascinant comme lieu, \u00e7a sent la sciure et on passe des planches de bois brutes \u00e0 un clavecin en construction, aux 4 \u00e0 5 clavecins qui occupent le salon. Un autre monde&#8230;<\/p>\n<figure id=\"attachment_288\" aria-describedby=\"caption-attachment-288\" style=\"width: 1000px\" class=\"wp-caption aligncenter\"><a href=\"http:\/\/www.spang.ch\/aude\/img_8618\/\"><img loading=\"lazy\" decoding=\"async\" data-attachment-id=\"288\" data-permalink=\"http:\/\/www.spang.ch\/aude\/fr\/2016\/11\/calor-caribe-caribbean-heat\/img_8618\/\" data-orig-file=\"https:\/\/i0.wp.com\/www.spang.ch\/aude\/wp-content\/uploads\/2016\/10\/IMG_8618.jpg?fit=5184%2C3456\" data-orig-size=\"5184,3456\" data-comments-opened=\"1\" data-image-meta=\"{&quot;aperture&quot;:&quot;0&quot;,&quot;credit&quot;:&quot;&quot;,&quot;camera&quot;:&quot;&quot;,&quot;caption&quot;:&quot;&quot;,&quot;created_timestamp&quot;:&quot;0&quot;,&quot;copyright&quot;:&quot;&quot;,&quot;focal_length&quot;:&quot;0&quot;,&quot;iso&quot;:&quot;0&quot;,&quot;shutter_speed&quot;:&quot;0&quot;,&quot;title&quot;:&quot;&quot;,&quot;orientation&quot;:&quot;0&quot;}\" data-image-title=\"img_8618\" data-image-description=\"\" data-image-caption=\"&lt;p&gt;Medell\u00edn from the cable car&lt;\/p&gt;\n\" data-medium-file=\"https:\/\/i0.wp.com\/www.spang.ch\/aude\/wp-content\/uploads\/2016\/10\/IMG_8618.jpg?fit=300%2C200\" data-large-file=\"https:\/\/i0.wp.com\/www.spang.ch\/aude\/wp-content\/uploads\/2016\/10\/IMG_8618.jpg?fit=1000%2C667\" tabindex=\"0\" role=\"button\" class=\"size-large wp-image-288\" src=\"https:\/\/i0.wp.com\/www.spang.ch\/aude\/wp-content\/uploads\/2016\/10\/IMG_8618.jpg?resize=1000%2C667\" alt=\"Medell\u00edn depuis le t\u00e9l\u00e9ph\u00e9rique\" width=\"1000\" height=\"667\" srcset=\"https:\/\/i0.wp.com\/www.spang.ch\/aude\/wp-content\/uploads\/2016\/10\/IMG_8618.jpg?resize=1024%2C683 1024w, https:\/\/i0.wp.com\/www.spang.ch\/aude\/wp-content\/uploads\/2016\/10\/IMG_8618.jpg?resize=300%2C200 300w, https:\/\/i0.wp.com\/www.spang.ch\/aude\/wp-content\/uploads\/2016\/10\/IMG_8618.jpg?resize=768%2C512 768w, https:\/\/i0.wp.com\/www.spang.ch\/aude\/wp-content\/uploads\/2016\/10\/IMG_8618.jpg?resize=960%2C640 960w, https:\/\/i0.wp.com\/www.spang.ch\/aude\/wp-content\/uploads\/2016\/10\/IMG_8618.jpg?resize=450%2C300 450w, https:\/\/i0.wp.com\/www.spang.ch\/aude\/wp-content\/uploads\/2016\/10\/IMG_8618.jpg?w=2000 2000w, https:\/\/i0.wp.com\/www.spang.ch\/aude\/wp-content\/uploads\/2016\/10\/IMG_8618.jpg?w=3000 3000w\" sizes=\"(max-width: 1000px) 100vw, 1000px\" data-recalc-dims=\"1\" \/><\/a><figcaption id=\"caption-attachment-288\" class=\"wp-caption-text\">Medell\u00edn depuis le t\u00e9l\u00e9ph\u00e9rique<\/figcaption><\/figure>\n<figure id=\"attachment_372\" aria-describedby=\"caption-attachment-372\" style=\"width: 228px\" class=\"wp-caption alignleft\"><a href=\"http:\/\/www.spang.ch\/aude\/img_8639\/\"><img loading=\"lazy\" decoding=\"async\" data-attachment-id=\"372\" data-permalink=\"http:\/\/www.spang.ch\/aude\/fr\/2016\/11\/calor-caribe-caribbean-heat\/img_8639\/\" data-orig-file=\"https:\/\/i0.wp.com\/www.spang.ch\/aude\/wp-content\/uploads\/2016\/11\/IMG_8639-e1478225761800.jpg?fit=3049%2C4016\" data-orig-size=\"3049,4016\" data-comments-opened=\"1\" data-image-meta=\"{&quot;aperture&quot;:&quot;0&quot;,&quot;credit&quot;:&quot;&quot;,&quot;camera&quot;:&quot;&quot;,&quot;caption&quot;:&quot;&quot;,&quot;created_timestamp&quot;:&quot;0&quot;,&quot;copyright&quot;:&quot;&quot;,&quot;focal_length&quot;:&quot;0&quot;,&quot;iso&quot;:&quot;0&quot;,&quot;shutter_speed&quot;:&quot;0&quot;,&quot;title&quot;:&quot;&quot;,&quot;orientation&quot;:&quot;0&quot;}\" data-image-title=\"img_8639\" data-image-description=\"\" data-image-caption=\"&lt;p&gt;La Mort de Pablo Escobar, par Fernando Botero, deux grands noms de Medell\u00edn!&lt;\/p&gt;\n\" data-medium-file=\"https:\/\/i0.wp.com\/www.spang.ch\/aude\/wp-content\/uploads\/2016\/11\/IMG_8639-e1478225761800.jpg?fit=228%2C300\" data-large-file=\"https:\/\/i0.wp.com\/www.spang.ch\/aude\/wp-content\/uploads\/2016\/11\/IMG_8639-e1478225761800.jpg?fit=777%2C1024\" tabindex=\"0\" role=\"button\" class=\"size-medium wp-image-372\" src=\"https:\/\/i0.wp.com\/www.spang.ch\/aude\/wp-content\/uploads\/2016\/11\/IMG_8639-e1478225761800-228x300.jpg?resize=228%2C300\" alt=\"La Mort de Pablo Escobar, par Fernando Botero, deux grands noms de Medell\u00edn!\" width=\"228\" height=\"300\" srcset=\"https:\/\/i0.wp.com\/www.spang.ch\/aude\/wp-content\/uploads\/2016\/11\/IMG_8639-e1478225761800.jpg?resize=228%2C300 228w, https:\/\/i0.wp.com\/www.spang.ch\/aude\/wp-content\/uploads\/2016\/11\/IMG_8639-e1478225761800.jpg?resize=768%2C1012 768w, https:\/\/i0.wp.com\/www.spang.ch\/aude\/wp-content\/uploads\/2016\/11\/IMG_8639-e1478225761800.jpg?resize=777%2C1024 777w, https:\/\/i0.wp.com\/www.spang.ch\/aude\/wp-content\/uploads\/2016\/11\/IMG_8639-e1478225761800.jpg?w=2000 2000w, https:\/\/i0.wp.com\/www.spang.ch\/aude\/wp-content\/uploads\/2016\/11\/IMG_8639-e1478225761800.jpg?w=3000 3000w\" sizes=\"(max-width: 228px) 100vw, 228px\" data-recalc-dims=\"1\" \/><\/a><figcaption id=\"caption-attachment-372\" class=\"wp-caption-text\">La Mort de Pablo Escobar, par Fernando Botero, deux grands noms de Medell\u00edn!<\/figcaption><\/figure>\n<p style=\"text-align: justify;\">Medell\u00edn est une ville tres impressionnante en comparaison r\u00e9gionale! Connue pour \u00eatre la plus dangereuse ville du monde\u00a0sous le r\u00e8gne de Pablo Escobar, elle s&rsquo;est bien reprise en main depuis sa mort et le pays a \u0153uvr\u00e9 \u00e0 la remettre sur pied durant les vingt derni\u00e8res ann\u00e9es. Depuis, elle est devenue l&rsquo;une des ville les plus progressistes d&rsquo;Am\u00e9rique du Sud, et est notamment arriv\u00e9e\u00a0premi\u00e8re devant New York et Tel Aviv au classement mondiale des villes les plus innovatrices en 2012. \u00c7a donne une id\u00e9e des avancements qui se sont faits&#8230; Et en effet, Medell\u00edn est g\u00e9n\u00e9ralement tr\u00e8s bien organis\u00e9e et tr\u00e8s propre.\u00a0Parmi les transports publics on d\u00e9nombre quelques lignes de m\u00e9tro de qualit\u00e9 sup\u00e9rieure ainsi qu&rsquo;un t\u00e9l\u00e9ph\u00e9rique menant aux quartiers pauvres (et \u00e0 un parc au sommet de la montagne) &#8211; celui-ci \u00e9tait si bien tenu que j&rsquo;avais l&rsquo;impression de survoler les montagnes suisses. La ville a r\u00e9gl\u00e9 ses probl\u00e8mes de violence et elle offre maintenant un cadre id\u00e9al pour la vie urbaine moderne. Le jardin botanique m&rsquo;a bien plu, ainsi que le Mus\u00e9e d&rsquo;Antioquia (d\u00e9partement dans lequel se trouve Medell\u00edn), mais pour \u00eatre honn\u00eate j&rsquo;ai trouv\u00e9 qu&rsquo;\u00e0 part le fait qu&rsquo;elle est bien tenue et admirable, \u00e7a reste une grande ville avec d&rsquo;ailleurs un centre historique tr\u00e8s restreint. Joli, mais pas dans mon top 5 colombien.<\/p>\n<figure id=\"attachment_290\" aria-describedby=\"caption-attachment-290\" style=\"width: 1000px\" class=\"wp-caption aligncenter\"><a href=\"http:\/\/www.spang.ch\/aude\/img_8648\/\"><img loading=\"lazy\" decoding=\"async\" data-attachment-id=\"290\" data-permalink=\"http:\/\/www.spang.ch\/aude\/fr\/2016\/11\/calor-caribe-caribbean-heat\/img_8648\/\" data-orig-file=\"https:\/\/i0.wp.com\/www.spang.ch\/aude\/wp-content\/uploads\/2016\/10\/IMG_8648.jpg?fit=5184%2C3456\" data-orig-size=\"5184,3456\" data-comments-opened=\"1\" data-image-meta=\"{&quot;aperture&quot;:&quot;0&quot;,&quot;credit&quot;:&quot;&quot;,&quot;camera&quot;:&quot;&quot;,&quot;caption&quot;:&quot;&quot;,&quot;created_timestamp&quot;:&quot;0&quot;,&quot;copyright&quot;:&quot;&quot;,&quot;focal_length&quot;:&quot;0&quot;,&quot;iso&quot;:&quot;0&quot;,&quot;shutter_speed&quot;:&quot;0&quot;,&quot;title&quot;:&quot;&quot;,&quot;orientation&quot;:&quot;0&quot;}\" data-image-title=\"img_8648\" data-image-description=\"\" data-image-caption=\"&lt;p&gt;Artwork of the Museo de Antioquia&lt;\/p&gt;\n\" data-medium-file=\"https:\/\/i0.wp.com\/www.spang.ch\/aude\/wp-content\/uploads\/2016\/10\/IMG_8648.jpg?fit=300%2C200\" data-large-file=\"https:\/\/i0.wp.com\/www.spang.ch\/aude\/wp-content\/uploads\/2016\/10\/IMG_8648.jpg?fit=1000%2C667\" tabindex=\"0\" role=\"button\" class=\"size-large wp-image-290\" src=\"https:\/\/i0.wp.com\/www.spang.ch\/aude\/wp-content\/uploads\/2016\/10\/IMG_8648.jpg?resize=1000%2C667\" alt=\"Oeuvre du Mus\u00e9e d'Antioquia\" width=\"1000\" height=\"667\" srcset=\"https:\/\/i0.wp.com\/www.spang.ch\/aude\/wp-content\/uploads\/2016\/10\/IMG_8648.jpg?resize=1024%2C683 1024w, https:\/\/i0.wp.com\/www.spang.ch\/aude\/wp-content\/uploads\/2016\/10\/IMG_8648.jpg?resize=300%2C200 300w, https:\/\/i0.wp.com\/www.spang.ch\/aude\/wp-content\/uploads\/2016\/10\/IMG_8648.jpg?resize=768%2C512 768w, https:\/\/i0.wp.com\/www.spang.ch\/aude\/wp-content\/uploads\/2016\/10\/IMG_8648.jpg?resize=960%2C640 960w, https:\/\/i0.wp.com\/www.spang.ch\/aude\/wp-content\/uploads\/2016\/10\/IMG_8648.jpg?resize=450%2C300 450w, https:\/\/i0.wp.com\/www.spang.ch\/aude\/wp-content\/uploads\/2016\/10\/IMG_8648.jpg?w=2000 2000w, https:\/\/i0.wp.com\/www.spang.ch\/aude\/wp-content\/uploads\/2016\/10\/IMG_8648.jpg?w=3000 3000w\" sizes=\"(max-width: 1000px) 100vw, 1000px\" data-recalc-dims=\"1\" \/><\/a><figcaption id=\"caption-attachment-290\" class=\"wp-caption-text\">Oeuvre du Mus\u00e9e d&rsquo;Antioquia, vestiges d&rsquo;une autre \u00e9poque<\/figcaption><\/figure>\n<figure id=\"attachment_292\" aria-describedby=\"caption-attachment-292\" style=\"width: 1000px\" class=\"wp-caption aligncenter\"><a href=\"http:\/\/www.spang.ch\/aude\/img_8662\/\"><img loading=\"lazy\" decoding=\"async\" data-attachment-id=\"292\" data-permalink=\"http:\/\/www.spang.ch\/aude\/fr\/2016\/11\/calor-caribe-caribbean-heat\/img_8662\/\" data-orig-file=\"https:\/\/i0.wp.com\/www.spang.ch\/aude\/wp-content\/uploads\/2016\/10\/IMG_8662.jpg?fit=5184%2C3456\" data-orig-size=\"5184,3456\" data-comments-opened=\"1\" data-image-meta=\"{&quot;aperture&quot;:&quot;0&quot;,&quot;credit&quot;:&quot;&quot;,&quot;camera&quot;:&quot;&quot;,&quot;caption&quot;:&quot;&quot;,&quot;created_timestamp&quot;:&quot;0&quot;,&quot;copyright&quot;:&quot;&quot;,&quot;focal_length&quot;:&quot;0&quot;,&quot;iso&quot;:&quot;0&quot;,&quot;shutter_speed&quot;:&quot;0&quot;,&quot;title&quot;:&quot;&quot;,&quot;orientation&quot;:&quot;0&quot;}\" data-image-title=\"img_8662\" data-image-description=\"\" data-image-caption=\"&lt;p&gt;Guatape&lt;\/p&gt;\n\" data-medium-file=\"https:\/\/i0.wp.com\/www.spang.ch\/aude\/wp-content\/uploads\/2016\/10\/IMG_8662.jpg?fit=300%2C200\" data-large-file=\"https:\/\/i0.wp.com\/www.spang.ch\/aude\/wp-content\/uploads\/2016\/10\/IMG_8662.jpg?fit=1000%2C667\" tabindex=\"0\" role=\"button\" class=\"size-large wp-image-292\" src=\"https:\/\/i0.wp.com\/www.spang.ch\/aude\/wp-content\/uploads\/2016\/10\/IMG_8662.jpg?resize=1000%2C667\" alt=\"Guatape\" width=\"1000\" height=\"667\" srcset=\"https:\/\/i0.wp.com\/www.spang.ch\/aude\/wp-content\/uploads\/2016\/10\/IMG_8662.jpg?resize=1024%2C683 1024w, https:\/\/i0.wp.com\/www.spang.ch\/aude\/wp-content\/uploads\/2016\/10\/IMG_8662.jpg?resize=300%2C200 300w, https:\/\/i0.wp.com\/www.spang.ch\/aude\/wp-content\/uploads\/2016\/10\/IMG_8662.jpg?resize=768%2C512 768w, https:\/\/i0.wp.com\/www.spang.ch\/aude\/wp-content\/uploads\/2016\/10\/IMG_8662.jpg?resize=960%2C640 960w, https:\/\/i0.wp.com\/www.spang.ch\/aude\/wp-content\/uploads\/2016\/10\/IMG_8662.jpg?resize=450%2C300 450w, https:\/\/i0.wp.com\/www.spang.ch\/aude\/wp-content\/uploads\/2016\/10\/IMG_8662.jpg?w=2000 2000w, https:\/\/i0.wp.com\/www.spang.ch\/aude\/wp-content\/uploads\/2016\/10\/IMG_8662.jpg?w=3000 3000w\" sizes=\"(max-width: 1000px) 100vw, 1000px\" data-recalc-dims=\"1\" \/><\/a><figcaption id=\"caption-attachment-292\" class=\"wp-caption-text\">Guatape<\/figcaption><\/figure>\n<figure id=\"attachment_366\" aria-describedby=\"caption-attachment-366\" style=\"width: 1000px\" class=\"wp-caption aligncenter\"><a href=\"http:\/\/www.spang.ch\/aude\/img_9549\/\"><img loading=\"lazy\" decoding=\"async\" data-attachment-id=\"366\" data-permalink=\"http:\/\/www.spang.ch\/aude\/fr\/2016\/11\/calor-caribe-caribbean-heat\/img_9549\/\" data-orig-file=\"https:\/\/i0.wp.com\/www.spang.ch\/aude\/wp-content\/uploads\/2016\/11\/IMG_9549.jpg?fit=7600%2C2366\" data-orig-size=\"7600,2366\" data-comments-opened=\"1\" data-image-meta=\"{&quot;aperture&quot;:&quot;0&quot;,&quot;credit&quot;:&quot;&quot;,&quot;camera&quot;:&quot;&quot;,&quot;caption&quot;:&quot;&quot;,&quot;created_timestamp&quot;:&quot;0&quot;,&quot;copyright&quot;:&quot;&quot;,&quot;focal_length&quot;:&quot;0&quot;,&quot;iso&quot;:&quot;0&quot;,&quot;shutter_speed&quot;:&quot;0&quot;,&quot;title&quot;:&quot;&quot;,&quot;orientation&quot;:&quot;0&quot;}\" data-image-title=\"img_9549\" data-image-description=\"&lt;p&gt;Guatape&lt;\/p&gt;\n\" data-image-caption=\"\" data-medium-file=\"https:\/\/i0.wp.com\/www.spang.ch\/aude\/wp-content\/uploads\/2016\/11\/IMG_9549.jpg?fit=300%2C93\" data-large-file=\"https:\/\/i0.wp.com\/www.spang.ch\/aude\/wp-content\/uploads\/2016\/11\/IMG_9549.jpg?fit=1000%2C312\" tabindex=\"0\" role=\"button\" class=\"wp-image-366 size-large\" src=\"https:\/\/i0.wp.com\/www.spang.ch\/aude\/wp-content\/uploads\/2016\/11\/IMG_9549.jpg?resize=1000%2C312\" alt=\"img_9549\" width=\"1000\" height=\"312\" srcset=\"https:\/\/i0.wp.com\/www.spang.ch\/aude\/wp-content\/uploads\/2016\/11\/IMG_9549.jpg?resize=1024%2C319 1024w, https:\/\/i0.wp.com\/www.spang.ch\/aude\/wp-content\/uploads\/2016\/11\/IMG_9549.jpg?resize=300%2C93 300w, https:\/\/i0.wp.com\/www.spang.ch\/aude\/wp-content\/uploads\/2016\/11\/IMG_9549.jpg?resize=768%2C239 768w, https:\/\/i0.wp.com\/www.spang.ch\/aude\/wp-content\/uploads\/2016\/11\/IMG_9549.jpg?resize=600%2C187 600w, https:\/\/i0.wp.com\/www.spang.ch\/aude\/wp-content\/uploads\/2016\/11\/IMG_9549.jpg?w=2000 2000w, https:\/\/i0.wp.com\/www.spang.ch\/aude\/wp-content\/uploads\/2016\/11\/IMG_9549.jpg?w=3000 3000w\" sizes=\"(max-width: 1000px) 100vw, 1000px\" data-recalc-dims=\"1\" \/><\/a><figcaption id=\"caption-attachment-366\" class=\"wp-caption-text\">Guatape, vue depuis mon auberge de jeunesse<\/figcaption><\/figure>\n<figure id=\"attachment_293\" aria-describedby=\"caption-attachment-293\" style=\"width: 300px\" class=\"wp-caption alignleft\"><a href=\"http:\/\/www.spang.ch\/aude\/img_8690\/\"><img loading=\"lazy\" decoding=\"async\" data-attachment-id=\"293\" data-permalink=\"http:\/\/www.spang.ch\/aude\/fr\/2016\/11\/calor-caribe-caribbean-heat\/img_8690\/\" data-orig-file=\"https:\/\/i0.wp.com\/www.spang.ch\/aude\/wp-content\/uploads\/2016\/10\/IMG_8690.jpg?fit=5184%2C3456\" data-orig-size=\"5184,3456\" data-comments-opened=\"1\" data-image-meta=\"{&quot;aperture&quot;:&quot;0&quot;,&quot;credit&quot;:&quot;&quot;,&quot;camera&quot;:&quot;&quot;,&quot;caption&quot;:&quot;&quot;,&quot;created_timestamp&quot;:&quot;0&quot;,&quot;copyright&quot;:&quot;&quot;,&quot;focal_length&quot;:&quot;0&quot;,&quot;iso&quot;:&quot;0&quot;,&quot;shutter_speed&quot;:&quot;0&quot;,&quot;title&quot;:&quot;&quot;,&quot;orientation&quot;:&quot;0&quot;}\" data-image-title=\"img_8690\" data-image-description=\"\" data-image-caption=\"&lt;p&gt;Guatape&amp;rsquo;s church&lt;\/p&gt;\n\" data-medium-file=\"https:\/\/i0.wp.com\/www.spang.ch\/aude\/wp-content\/uploads\/2016\/10\/IMG_8690.jpg?fit=300%2C200\" data-large-file=\"https:\/\/i0.wp.com\/www.spang.ch\/aude\/wp-content\/uploads\/2016\/10\/IMG_8690.jpg?fit=1000%2C667\" tabindex=\"0\" role=\"button\" class=\"size-medium wp-image-293\" src=\"https:\/\/i0.wp.com\/www.spang.ch\/aude\/wp-content\/uploads\/2016\/10\/IMG_8690.jpg?resize=300%2C200\" alt=\"\u00c9glise de Guatape\" width=\"300\" height=\"200\" srcset=\"https:\/\/i0.wp.com\/www.spang.ch\/aude\/wp-content\/uploads\/2016\/10\/IMG_8690.jpg?resize=300%2C200 300w, https:\/\/i0.wp.com\/www.spang.ch\/aude\/wp-content\/uploads\/2016\/10\/IMG_8690.jpg?resize=768%2C512 768w, https:\/\/i0.wp.com\/www.spang.ch\/aude\/wp-content\/uploads\/2016\/10\/IMG_8690.jpg?resize=1024%2C683 1024w, https:\/\/i0.wp.com\/www.spang.ch\/aude\/wp-content\/uploads\/2016\/10\/IMG_8690.jpg?resize=960%2C640 960w, https:\/\/i0.wp.com\/www.spang.ch\/aude\/wp-content\/uploads\/2016\/10\/IMG_8690.jpg?resize=450%2C300 450w, https:\/\/i0.wp.com\/www.spang.ch\/aude\/wp-content\/uploads\/2016\/10\/IMG_8690.jpg?w=2000 2000w, https:\/\/i0.wp.com\/www.spang.ch\/aude\/wp-content\/uploads\/2016\/10\/IMG_8690.jpg?w=3000 3000w\" sizes=\"(max-width: 300px) 100vw, 300px\" data-recalc-dims=\"1\" \/><\/a><figcaption id=\"caption-attachment-293\" class=\"wp-caption-text\">\u00c9glise de Guatape<\/figcaption><\/figure>\n<p style=\"text-align: justify;\">Ce qui y figure par contre, c&rsquo;est Guatape! Ce petit village se situe \u00e0 quelques heures de Medell\u00edn et vaut vraiment le d\u00e9tour: c&rsquo;est un petit bijou multicolore dans un cadre naturel splendide, au pied d&rsquo;une grosse roche se d\u00e9marquant drastiquement de l&rsquo;ensemble du paysage, compos\u00e9 lui d&rsquo;un lac artificiel aux multiples ramifications. On se balade un moment dans ce village particulier, y d\u00e9guste une <em>bandeja paisa<\/em> fort peu l\u00e9g\u00e8re, avant de s&rsquo;attaquer \u00e0 l&rsquo;ascension du g\u00e9ant local. Et l\u00e0-haut, quelle vue! L&rsquo;attrait bucolique de l&rsquo;endroit mis a part, je dormais dans une auberge de jeunesse fort mignonne, avec la meilleure vue que je puisse imaginer: lac et rocher. Je me suis trouv\u00e9e si bien l\u00e0-bas, et puis les gens \u00e9taient si sympathiques et tranquilles, que j&rsquo;ai d\u00e9cid\u00e9 de rester \u00e0 l&rsquo;auberge le deuxi\u00e8me jour et ne rien faire&#8230; du tout.<\/p>\n<figure id=\"attachment_379\" aria-describedby=\"caption-attachment-379\" style=\"width: 300px\" class=\"wp-caption alignleft\"><a href=\"http:\/\/www.spang.ch\/aude\/img_20161022_142334\/\"><img loading=\"lazy\" decoding=\"async\" data-attachment-id=\"379\" data-permalink=\"http:\/\/www.spang.ch\/aude\/fr\/2016\/11\/calor-caribe-caribbean-heat\/img_20161022_142334\/\" data-orig-file=\"https:\/\/i0.wp.com\/www.spang.ch\/aude\/wp-content\/uploads\/2016\/11\/IMG_20161022_142334.jpg?fit=4160%2C3120\" data-orig-size=\"4160,3120\" data-comments-opened=\"1\" data-image-meta=\"{&quot;aperture&quot;:&quot;0&quot;,&quot;credit&quot;:&quot;&quot;,&quot;camera&quot;:&quot;&quot;,&quot;caption&quot;:&quot;&quot;,&quot;created_timestamp&quot;:&quot;0&quot;,&quot;copyright&quot;:&quot;&quot;,&quot;focal_length&quot;:&quot;0&quot;,&quot;iso&quot;:&quot;0&quot;,&quot;shutter_speed&quot;:&quot;0&quot;,&quot;title&quot;:&quot;&quot;,&quot;orientation&quot;:&quot;0&quot;}\" data-image-title=\"img_20161022_142334\" data-image-description=\"\" data-image-caption=\"&lt;p&gt;Bandeja paisa&lt;\/p&gt;\n\" data-medium-file=\"https:\/\/i0.wp.com\/www.spang.ch\/aude\/wp-content\/uploads\/2016\/11\/IMG_20161022_142334.jpg?fit=300%2C225\" data-large-file=\"https:\/\/i0.wp.com\/www.spang.ch\/aude\/wp-content\/uploads\/2016\/11\/IMG_20161022_142334.jpg?fit=1000%2C750\" tabindex=\"0\" role=\"button\" class=\"size-medium wp-image-379\" src=\"https:\/\/i0.wp.com\/www.spang.ch\/aude\/wp-content\/uploads\/2016\/11\/IMG_20161022_142334.jpg?resize=300%2C225\" alt=\"Bandeja paisa\" width=\"300\" height=\"225\" srcset=\"https:\/\/i0.wp.com\/www.spang.ch\/aude\/wp-content\/uploads\/2016\/11\/IMG_20161022_142334.jpg?resize=300%2C225 300w, https:\/\/i0.wp.com\/www.spang.ch\/aude\/wp-content\/uploads\/2016\/11\/IMG_20161022_142334.jpg?resize=768%2C576 768w, https:\/\/i0.wp.com\/www.spang.ch\/aude\/wp-content\/uploads\/2016\/11\/IMG_20161022_142334.jpg?resize=1024%2C768 1024w, https:\/\/i0.wp.com\/www.spang.ch\/aude\/wp-content\/uploads\/2016\/11\/IMG_20161022_142334.jpg?resize=400%2C300 400w, https:\/\/i0.wp.com\/www.spang.ch\/aude\/wp-content\/uploads\/2016\/11\/IMG_20161022_142334.jpg?w=2000 2000w, https:\/\/i0.wp.com\/www.spang.ch\/aude\/wp-content\/uploads\/2016\/11\/IMG_20161022_142334.jpg?w=3000 3000w\" sizes=\"(max-width: 300px) 100vw, 300px\" data-recalc-dims=\"1\" \/><\/a><figcaption id=\"caption-attachment-379\" class=\"wp-caption-text\">Bandeja paisa<\/figcaption><\/figure>\n<p style=\"text-align: justify;\">Une pause bienvenue dans l&rsquo;\u00e9grenage rapide de mes journ\u00e9es et visites. J&rsquo;ai notamment trouv\u00e9 tr\u00e8s inspirants le couple d&rsquo;Argentins qui vivent et travaillent l\u00e0-bas quelques mois, l&rsquo;auberge de jeunesse faisant office de source financi\u00e8re et de repos mental avant de continuer leurs p\u00e9rip\u00e9ties a deux. Puis, il a bien fallu que je chante et traduise les Lacs du Connemara au couple d&rsquo;irlandais qui avait entendu parler de la chanson par un francais mais ne la connaissait pas, un moment d&rsquo;anthologie! J&rsquo;y ai aussi rencontr\u00e9 une chouette autrichienne, avec qui j&rsquo;ai pass\u00e9 le chemin du retour et partag\u00e9 un repas \u00e0 Medell\u00edn, avant de comprendre qu&rsquo;elle vit en fait a Berne, en Suisse! Le monde est petit&#8230;<\/p>\n<figure id=\"attachment_291\" aria-describedby=\"caption-attachment-291\" style=\"width: 1000px\" class=\"wp-caption aligncenter\"><a href=\"http:\/\/www.spang.ch\/aude\/img_8713\/\"><img loading=\"lazy\" decoding=\"async\" data-attachment-id=\"291\" data-permalink=\"http:\/\/www.spang.ch\/aude\/fr\/2016\/11\/calor-caribe-caribbean-heat\/img_8713\/\" data-orig-file=\"https:\/\/i0.wp.com\/www.spang.ch\/aude\/wp-content\/uploads\/2016\/10\/IMG_8713.jpg?fit=5184%2C3456\" data-orig-size=\"5184,3456\" data-comments-opened=\"1\" data-image-meta=\"{&quot;aperture&quot;:&quot;0&quot;,&quot;credit&quot;:&quot;&quot;,&quot;camera&quot;:&quot;&quot;,&quot;caption&quot;:&quot;&quot;,&quot;created_timestamp&quot;:&quot;0&quot;,&quot;copyright&quot;:&quot;&quot;,&quot;focal_length&quot;:&quot;0&quot;,&quot;iso&quot;:&quot;0&quot;,&quot;shutter_speed&quot;:&quot;0&quot;,&quot;title&quot;:&quot;&quot;,&quot;orientation&quot;:&quot;0&quot;}\" data-image-title=\"img_8713\" data-image-description=\"\" data-image-caption=\"&lt;p&gt;View from El Pe\u00f1ol, Guatape&amp;rsquo;s rock&lt;\/p&gt;\n\" data-medium-file=\"https:\/\/i0.wp.com\/www.spang.ch\/aude\/wp-content\/uploads\/2016\/10\/IMG_8713.jpg?fit=300%2C200\" data-large-file=\"https:\/\/i0.wp.com\/www.spang.ch\/aude\/wp-content\/uploads\/2016\/10\/IMG_8713.jpg?fit=1000%2C667\" tabindex=\"0\" role=\"button\" class=\"size-large wp-image-291\" src=\"https:\/\/i0.wp.com\/www.spang.ch\/aude\/wp-content\/uploads\/2016\/10\/IMG_8713.jpg?resize=1000%2C667\" alt=\"Vue depuis El Pe\u00f1ol, le rocher de Guatape\" width=\"1000\" height=\"667\" srcset=\"https:\/\/i0.wp.com\/www.spang.ch\/aude\/wp-content\/uploads\/2016\/10\/IMG_8713.jpg?resize=1024%2C683 1024w, https:\/\/i0.wp.com\/www.spang.ch\/aude\/wp-content\/uploads\/2016\/10\/IMG_8713.jpg?resize=300%2C200 300w, https:\/\/i0.wp.com\/www.spang.ch\/aude\/wp-content\/uploads\/2016\/10\/IMG_8713.jpg?resize=768%2C512 768w, https:\/\/i0.wp.com\/www.spang.ch\/aude\/wp-content\/uploads\/2016\/10\/IMG_8713.jpg?resize=960%2C640 960w, https:\/\/i0.wp.com\/www.spang.ch\/aude\/wp-content\/uploads\/2016\/10\/IMG_8713.jpg?resize=450%2C300 450w, https:\/\/i0.wp.com\/www.spang.ch\/aude\/wp-content\/uploads\/2016\/10\/IMG_8713.jpg?w=2000 2000w, https:\/\/i0.wp.com\/www.spang.ch\/aude\/wp-content\/uploads\/2016\/10\/IMG_8713.jpg?w=3000 3000w\" sizes=\"(max-width: 1000px) 100vw, 1000px\" data-recalc-dims=\"1\" \/><\/a><figcaption id=\"caption-attachment-291\" class=\"wp-caption-text\">Vue depuis El Pe\u00f1ol, le rocher de Guatape<\/figcaption><\/figure>\n<figure id=\"attachment_294\" aria-describedby=\"caption-attachment-294\" style=\"width: 1000px\" class=\"wp-caption aligncenter\"><a href=\"http:\/\/www.spang.ch\/aude\/img_8703\/\"><img loading=\"lazy\" decoding=\"async\" data-attachment-id=\"294\" data-permalink=\"http:\/\/www.spang.ch\/aude\/fr\/2016\/11\/calor-caribe-caribbean-heat\/img_8703\/\" data-orig-file=\"https:\/\/i0.wp.com\/www.spang.ch\/aude\/wp-content\/uploads\/2016\/10\/IMG_8703.jpg?fit=5184%2C3456\" data-orig-size=\"5184,3456\" data-comments-opened=\"1\" data-image-meta=\"{&quot;aperture&quot;:&quot;0&quot;,&quot;credit&quot;:&quot;&quot;,&quot;camera&quot;:&quot;&quot;,&quot;caption&quot;:&quot;&quot;,&quot;created_timestamp&quot;:&quot;0&quot;,&quot;copyright&quot;:&quot;&quot;,&quot;focal_length&quot;:&quot;0&quot;,&quot;iso&quot;:&quot;0&quot;,&quot;shutter_speed&quot;:&quot;0&quot;,&quot;title&quot;:&quot;&quot;,&quot;orientation&quot;:&quot;0&quot;}\" data-image-title=\"img_8703\" data-image-description=\"\" data-image-caption=\"&lt;p&gt;El Pe\u00f1ol, Guatape&lt;\/p&gt;\n\" data-medium-file=\"https:\/\/i0.wp.com\/www.spang.ch\/aude\/wp-content\/uploads\/2016\/10\/IMG_8703.jpg?fit=300%2C200\" data-large-file=\"https:\/\/i0.wp.com\/www.spang.ch\/aude\/wp-content\/uploads\/2016\/10\/IMG_8703.jpg?fit=1000%2C667\" tabindex=\"0\" role=\"button\" class=\"size-large wp-image-294\" src=\"https:\/\/i0.wp.com\/www.spang.ch\/aude\/wp-content\/uploads\/2016\/10\/IMG_8703.jpg?resize=1000%2C667\" alt=\"El Pe\u00f1ol, Guatape\" width=\"1000\" height=\"667\" srcset=\"https:\/\/i0.wp.com\/www.spang.ch\/aude\/wp-content\/uploads\/2016\/10\/IMG_8703.jpg?resize=1024%2C683 1024w, https:\/\/i0.wp.com\/www.spang.ch\/aude\/wp-content\/uploads\/2016\/10\/IMG_8703.jpg?resize=300%2C200 300w, https:\/\/i0.wp.com\/www.spang.ch\/aude\/wp-content\/uploads\/2016\/10\/IMG_8703.jpg?resize=768%2C512 768w, https:\/\/i0.wp.com\/www.spang.ch\/aude\/wp-content\/uploads\/2016\/10\/IMG_8703.jpg?resize=960%2C640 960w, https:\/\/i0.wp.com\/www.spang.ch\/aude\/wp-content\/uploads\/2016\/10\/IMG_8703.jpg?resize=450%2C300 450w, https:\/\/i0.wp.com\/www.spang.ch\/aude\/wp-content\/uploads\/2016\/10\/IMG_8703.jpg?w=2000 2000w, https:\/\/i0.wp.com\/www.spang.ch\/aude\/wp-content\/uploads\/2016\/10\/IMG_8703.jpg?w=3000 3000w\" sizes=\"(max-width: 1000px) 100vw, 1000px\" data-recalc-dims=\"1\" \/><\/a><figcaption id=\"caption-attachment-294\" class=\"wp-caption-text\">El Pe\u00f1ol, Guatape<\/figcaption><\/figure>\n<figure id=\"attachment_331\" aria-describedby=\"caption-attachment-331\" style=\"width: 200px\" class=\"wp-caption alignleft\"><a href=\"http:\/\/www.spang.ch\/aude\/img_8668\/\"><img loading=\"lazy\" decoding=\"async\" data-attachment-id=\"331\" data-permalink=\"http:\/\/www.spang.ch\/aude\/fr\/2016\/11\/calor-caribe-caribbean-heat\/img_8668\/\" data-orig-file=\"https:\/\/i0.wp.com\/www.spang.ch\/aude\/wp-content\/uploads\/2016\/10\/IMG_8668-e1478192402732.jpg?fit=3456%2C5184\" data-orig-size=\"3456,5184\" data-comments-opened=\"1\" data-image-meta=\"{&quot;aperture&quot;:&quot;0&quot;,&quot;credit&quot;:&quot;&quot;,&quot;camera&quot;:&quot;&quot;,&quot;caption&quot;:&quot;&quot;,&quot;created_timestamp&quot;:&quot;0&quot;,&quot;copyright&quot;:&quot;&quot;,&quot;focal_length&quot;:&quot;0&quot;,&quot;iso&quot;:&quot;0&quot;,&quot;shutter_speed&quot;:&quot;0&quot;,&quot;title&quot;:&quot;&quot;,&quot;orientation&quot;:&quot;0&quot;}\" data-image-title=\"img_8668\" data-image-description=\"\" data-image-caption=\"&lt;p&gt;Jard\u00edn&lt;\/p&gt;\n\" data-medium-file=\"https:\/\/i0.wp.com\/www.spang.ch\/aude\/wp-content\/uploads\/2016\/10\/IMG_8668-e1478192402732.jpg?fit=200%2C300\" data-large-file=\"https:\/\/i0.wp.com\/www.spang.ch\/aude\/wp-content\/uploads\/2016\/10\/IMG_8668-e1478192402732.jpg?fit=683%2C1024\" tabindex=\"0\" role=\"button\" class=\"size-medium wp-image-331\" src=\"https:\/\/i0.wp.com\/www.spang.ch\/aude\/wp-content\/uploads\/2016\/10\/IMG_8668-e1478192402732-200x300.jpg?resize=200%2C300\" alt=\"Jard\u00edn\" width=\"200\" height=\"300\" srcset=\"https:\/\/i0.wp.com\/www.spang.ch\/aude\/wp-content\/uploads\/2016\/10\/IMG_8668-e1478192402732.jpg?resize=200%2C300 200w, https:\/\/i0.wp.com\/www.spang.ch\/aude\/wp-content\/uploads\/2016\/10\/IMG_8668-e1478192402732.jpg?resize=768%2C1152 768w, https:\/\/i0.wp.com\/www.spang.ch\/aude\/wp-content\/uploads\/2016\/10\/IMG_8668-e1478192402732.jpg?resize=683%2C1024 683w, https:\/\/i0.wp.com\/www.spang.ch\/aude\/wp-content\/uploads\/2016\/10\/IMG_8668-e1478192402732.jpg?w=2000 2000w, https:\/\/i0.wp.com\/www.spang.ch\/aude\/wp-content\/uploads\/2016\/10\/IMG_8668-e1478192402732.jpg?w=3000 3000w\" sizes=\"(max-width: 200px) 100vw, 200px\" data-recalc-dims=\"1\" \/><\/a><figcaption id=\"caption-attachment-331\" class=\"wp-caption-text\">Jard\u00edn<\/figcaption><\/figure>\n<p style=\"text-align: justify;\">Une autre petite excursion fut celle \u00e0 Jard\u00edn (a prononcer \u00ab\u00a0rrardine\u00a0\u00bb, le \u00ab\u00a0rr\u00a0\u00bb faisant office de son guttural comme on les aime en suisse-allemande), et elle fut vraiment de courte dur\u00e9e: 4h de bus a l&rsquo;aller, 5h sur place et 5h au retour, le tout dans une seule journ\u00e9e! Th\u00e9oriquement j&rsquo;aurais d\u00fb y rester plus longtemps, notamment parce qu&rsquo;il y a une tr\u00e8s belle cave doubl\u00e9e d&rsquo;une cascade qui est le centre d&rsquo;int\u00e9r\u00eat du coin, mais pour des raisons d&rsquo;organisation c&rsquo;\u00e9tait mieux ainsi (pour moi). Et puis, comme je l&rsquo;ai r\u00e9p\u00e9t\u00e9 quelques fois aux Colombiens ahuris que je fasse cet aller-retour absurde; j&rsquo;aime le bus. Je pr\u00e9vois de voyager le plus possible en bus durant ce voyage, parce que c&rsquo;est plus \u00e9conomique, plus \u00e9cologique, et parce qu&rsquo;il y a quelque chose qui me pla\u00eet beaucoup dans les voyages en bus et que je ne retrouve pas avec l&rsquo;avion. Une certaine simplicit\u00e9 (arriver au dernier moment, prendre un billet et embarquer son bagage sans contr\u00f4le de s\u00e9curit\u00e9 ni file d&rsquo;attente), et puis de longues heures \u00e0 sentir passer le paysage, \u00e0 le parcourir vraiment, le tout en lisant, se reposant, dormant. J&rsquo;ai bien aim\u00e9 Jard\u00edn, bien qu&rsquo;il y ait relativement peu \u00e0 faire la-bas, en semaine. J&rsquo;ai pass\u00e9 la \u00a0journ\u00e9e avec un Americain rencontr\u00e9 au sortir du bus, qui a rendu la journ\u00e9e plus interessante et qui a propos\u00e9 qu&rsquo;on grimpe la colline avec vue sur le village (proposition\u00a0am\u00e8rement regrett\u00e9e quelques minutes apr\u00e8s le d\u00e9part, car il s&rsquo;est rendu compte qu&rsquo;avec cette chaleur faire un effort physique n&rsquo;a rien de charmant). Bref, pour l&rsquo;anecdote il sert apparemment de chauffeur \u00e0 Justin Bieber quand ce dernier est en tourn\u00e9e \u00e0 Miami, parce que le responsable de la s\u00e9curit\u00e9 de ce dernier le connait et a parfois besoin d&rsquo;un coup de main. Je suis donc \u00e0 une poign\u00e9e de mains de Justin Bieber, et probablement plus tr\u00e8s loin de Barack Obama et Poutine du coup! \u00a0\u00c7a me fait beaucoup rire.<\/p>\n<figure id=\"attachment_334\" aria-describedby=\"caption-attachment-334\" style=\"width: 1000px\" class=\"wp-caption aligncenter\"><a href=\"http:\/\/www.spang.ch\/aude\/img_8737\/\"><img loading=\"lazy\" decoding=\"async\" data-attachment-id=\"334\" data-permalink=\"http:\/\/www.spang.ch\/aude\/fr\/2016\/11\/calor-caribe-caribbean-heat\/img_8737\/\" data-orig-file=\"https:\/\/i0.wp.com\/www.spang.ch\/aude\/wp-content\/uploads\/2016\/10\/IMG_8737.jpg?fit=5184%2C3456\" data-orig-size=\"5184,3456\" data-comments-opened=\"1\" data-image-meta=\"{&quot;aperture&quot;:&quot;0&quot;,&quot;credit&quot;:&quot;&quot;,&quot;camera&quot;:&quot;&quot;,&quot;caption&quot;:&quot;&quot;,&quot;created_timestamp&quot;:&quot;0&quot;,&quot;copyright&quot;:&quot;&quot;,&quot;focal_length&quot;:&quot;0&quot;,&quot;iso&quot;:&quot;0&quot;,&quot;shutter_speed&quot;:&quot;0&quot;,&quot;title&quot;:&quot;&quot;,&quot;orientation&quot;:&quot;0&quot;}\" data-image-title=\"img_8737\" data-image-description=\"\" data-image-caption=\"&lt;p&gt;Bus ride to Jard\u00edn&lt;\/p&gt;\n\" data-medium-file=\"https:\/\/i0.wp.com\/www.spang.ch\/aude\/wp-content\/uploads\/2016\/10\/IMG_8737.jpg?fit=300%2C200\" data-large-file=\"https:\/\/i0.wp.com\/www.spang.ch\/aude\/wp-content\/uploads\/2016\/10\/IMG_8737.jpg?fit=1000%2C667\" tabindex=\"0\" role=\"button\" class=\"size-large wp-image-334\" src=\"https:\/\/i0.wp.com\/www.spang.ch\/aude\/wp-content\/uploads\/2016\/10\/IMG_8737.jpg?resize=1000%2C667\" alt=\"Trajet en bus vers Jard\u00edn\" width=\"1000\" height=\"667\" srcset=\"https:\/\/i0.wp.com\/www.spang.ch\/aude\/wp-content\/uploads\/2016\/10\/IMG_8737.jpg?resize=1024%2C683 1024w, https:\/\/i0.wp.com\/www.spang.ch\/aude\/wp-content\/uploads\/2016\/10\/IMG_8737.jpg?resize=300%2C200 300w, https:\/\/i0.wp.com\/www.spang.ch\/aude\/wp-content\/uploads\/2016\/10\/IMG_8737.jpg?resize=768%2C512 768w, https:\/\/i0.wp.com\/www.spang.ch\/aude\/wp-content\/uploads\/2016\/10\/IMG_8737.jpg?resize=960%2C640 960w, https:\/\/i0.wp.com\/www.spang.ch\/aude\/wp-content\/uploads\/2016\/10\/IMG_8737.jpg?resize=450%2C300 450w, https:\/\/i0.wp.com\/www.spang.ch\/aude\/wp-content\/uploads\/2016\/10\/IMG_8737.jpg?w=2000 2000w, https:\/\/i0.wp.com\/www.spang.ch\/aude\/wp-content\/uploads\/2016\/10\/IMG_8737.jpg?w=3000 3000w\" sizes=\"(max-width: 1000px) 100vw, 1000px\" data-recalc-dims=\"1\" \/><\/a><figcaption id=\"caption-attachment-334\" class=\"wp-caption-text\">Trajet en bus vers Jard\u00edn<\/figcaption><\/figure>\n<figure id=\"attachment_362\" aria-describedby=\"caption-attachment-362\" style=\"width: 768px\" class=\"wp-caption aligncenter\"><a href=\"http:\/\/www.spang.ch\/aude\/img_9607\/\"><img loading=\"lazy\" decoding=\"async\" data-attachment-id=\"362\" data-permalink=\"http:\/\/www.spang.ch\/aude\/fr\/2016\/11\/calor-caribe-caribbean-heat\/img_9607\/\" data-orig-file=\"https:\/\/i0.wp.com\/www.spang.ch\/aude\/wp-content\/uploads\/2016\/11\/IMG_9607.jpg?fit=780%2C1040\" data-orig-size=\"780,1040\" data-comments-opened=\"1\" data-image-meta=\"{&quot;aperture&quot;:&quot;0&quot;,&quot;credit&quot;:&quot;&quot;,&quot;camera&quot;:&quot;&quot;,&quot;caption&quot;:&quot;&quot;,&quot;created_timestamp&quot;:&quot;0&quot;,&quot;copyright&quot;:&quot;&quot;,&quot;focal_length&quot;:&quot;0&quot;,&quot;iso&quot;:&quot;0&quot;,&quot;shutter_speed&quot;:&quot;0&quot;,&quot;title&quot;:&quot;&quot;,&quot;orientation&quot;:&quot;0&quot;}\" data-image-title=\"img_9607\" data-image-description=\"\" data-image-caption=\"&lt;p&gt;Jard\u00edn&amp;rsquo;s church, one of the most beautiful I&amp;rsquo;ve seen I believe (don&amp;rsquo;t tell my Roman, proud of his St-Peter)&lt;\/p&gt;\n\" data-medium-file=\"https:\/\/i0.wp.com\/www.spang.ch\/aude\/wp-content\/uploads\/2016\/11\/IMG_9607.jpg?fit=225%2C300\" data-large-file=\"https:\/\/i0.wp.com\/www.spang.ch\/aude\/wp-content\/uploads\/2016\/11\/IMG_9607.jpg?fit=768%2C1024\" tabindex=\"0\" role=\"button\" class=\"size-large wp-image-362\" src=\"https:\/\/i0.wp.com\/www.spang.ch\/aude\/wp-content\/uploads\/2016\/11\/IMG_9607.jpg?resize=768%2C1024\" alt=\"\u00c9glise de Jard\u00edn, une des plus belles que j'aie vues dans ma vie je crois (ne le dites pas \u00e0 mon Romain fier de St-Pierre)\" width=\"768\" height=\"1024\" srcset=\"https:\/\/i0.wp.com\/www.spang.ch\/aude\/wp-content\/uploads\/2016\/11\/IMG_9607.jpg?resize=768%2C1024 768w, https:\/\/i0.wp.com\/www.spang.ch\/aude\/wp-content\/uploads\/2016\/11\/IMG_9607.jpg?resize=225%2C300 225w, https:\/\/i0.wp.com\/www.spang.ch\/aude\/wp-content\/uploads\/2016\/11\/IMG_9607.jpg?resize=630%2C840 630w, https:\/\/i0.wp.com\/www.spang.ch\/aude\/wp-content\/uploads\/2016\/11\/IMG_9607.jpg?w=780 780w\" sizes=\"(max-width: 768px) 100vw, 768px\" data-recalc-dims=\"1\" \/><\/a><figcaption id=\"caption-attachment-362\" class=\"wp-caption-text\">\u00c9glise de Jard\u00edn, une des plus belles que j&rsquo;aie vues dans ma vie je crois (ne le dites pas \u00e0 mon Romain fier de St-Pierre)<\/figcaption><\/figure>\n<figure id=\"attachment_361\" aria-describedby=\"caption-attachment-361\" style=\"width: 200px\" class=\"wp-caption alignleft\"><a href=\"http:\/\/www.spang.ch\/aude\/img_8831\/\"><img loading=\"lazy\" decoding=\"async\" data-attachment-id=\"361\" data-permalink=\"http:\/\/www.spang.ch\/aude\/fr\/2016\/11\/calor-caribe-caribbean-heat\/img_8831\/\" data-orig-file=\"https:\/\/i0.wp.com\/www.spang.ch\/aude\/wp-content\/uploads\/2016\/11\/IMG_8831-e1478192535999.jpg?fit=3456%2C5184\" data-orig-size=\"3456,5184\" data-comments-opened=\"1\" data-image-meta=\"{&quot;aperture&quot;:&quot;0&quot;,&quot;credit&quot;:&quot;&quot;,&quot;camera&quot;:&quot;&quot;,&quot;caption&quot;:&quot;&quot;,&quot;created_timestamp&quot;:&quot;0&quot;,&quot;copyright&quot;:&quot;&quot;,&quot;focal_length&quot;:&quot;0&quot;,&quot;iso&quot;:&quot;0&quot;,&quot;shutter_speed&quot;:&quot;0&quot;,&quot;title&quot;:&quot;&quot;,&quot;orientation&quot;:&quot;0&quot;}\" data-image-title=\"img_8831\" data-image-description=\"\" data-image-caption=\"&lt;p&gt;Former Inquisition court, Cartagena&lt;\/p&gt;\n\" data-medium-file=\"https:\/\/i0.wp.com\/www.spang.ch\/aude\/wp-content\/uploads\/2016\/11\/IMG_8831-e1478192535999.jpg?fit=200%2C300\" data-large-file=\"https:\/\/i0.wp.com\/www.spang.ch\/aude\/wp-content\/uploads\/2016\/11\/IMG_8831-e1478192535999.jpg?fit=683%2C1024\" tabindex=\"0\" role=\"button\" class=\"size-medium wp-image-361\" src=\"https:\/\/i0.wp.com\/www.spang.ch\/aude\/wp-content\/uploads\/2016\/11\/IMG_8831-e1478192535999-200x300.jpg?resize=200%2C300\" alt=\"Ancienne cour d'Inquisition de Cartagena\" width=\"200\" height=\"300\" srcset=\"https:\/\/i0.wp.com\/www.spang.ch\/aude\/wp-content\/uploads\/2016\/11\/IMG_8831-e1478192535999.jpg?resize=200%2C300 200w, https:\/\/i0.wp.com\/www.spang.ch\/aude\/wp-content\/uploads\/2016\/11\/IMG_8831-e1478192535999.jpg?resize=768%2C1152 768w, https:\/\/i0.wp.com\/www.spang.ch\/aude\/wp-content\/uploads\/2016\/11\/IMG_8831-e1478192535999.jpg?resize=683%2C1024 683w, https:\/\/i0.wp.com\/www.spang.ch\/aude\/wp-content\/uploads\/2016\/11\/IMG_8831-e1478192535999.jpg?w=2000 2000w, https:\/\/i0.wp.com\/www.spang.ch\/aude\/wp-content\/uploads\/2016\/11\/IMG_8831-e1478192535999.jpg?w=3000 3000w\" sizes=\"(max-width: 200px) 100vw, 200px\" data-recalc-dims=\"1\" \/><\/a><figcaption id=\"caption-attachment-361\" class=\"wp-caption-text\">Ancienne cour d&rsquo;Inquisition de Cartagena<\/figcaption><\/figure>\n<p style=\"text-align: justify;\">Ensuite, j&rsquo;ai enfin pu tester ma r\u00e9sistance aux heures de bus avec le voyage pour Cartagena: 16h qui se sont transform\u00e9es en 18h pour rejoindre la c\u00f4te bien plus au nord, loin de la Cordill\u00e8re des Andes. Et \u00e0 vrai dire cela ne m&rsquo;a pas d\u00e9rang\u00e9e, j&rsquo;ai bien appr\u00e9ci\u00e9 le voyage. Il faut dire que j&rsquo;\u00e9tais dans un car tout \u00e0 fait acceptable (il faut juste \u00eatre pr\u00eat \u00e0 affronter le froid de la climatisation et le fait de dormir en position plus ou moins assise). Par\u00e9e pour toujours plus de bus pour ce voyage donc! A Cartagena (en francais la ville s&rsquo;appelle Cartag\u00e8ne des Indes mais j&rsquo;aime sinc\u00e8rement pas trop cette version francophone), je dors chez des amis de la femme du meilleur ami de mon copain Emanuele (il faut suivre&#8230;), deux Espagnols fort sympa qui travaillent ici depuis quelques ann\u00e9es. Je les envie un peu&#8230; Cartagena est superbe! Bon, elle est petite hein. Mais le centre est un chef d&rsquo;oeuvre de romantisme avec une touche coloniale. Cartagena, ce sont les conquistadores espagnols, doubl\u00e9s de pirates des Cara\u00efbes et esclaves africains (ainsi que de populations indig\u00e8nes plus ou moins massacr\u00e9es). Un m\u00e9lange de cultures d\u00e9tonant r\u00e9sultant en une muraille encerclant le centre de la ville, une culture musicale afro et une Cour d&rsquo;Inquisition ayant jug\u00e9 pr\u00e8s de 900 personnes (et condamn\u00e9 \u00e0 mort nombre d&rsquo;h\u00e9r\u00e9tiques, juifs, sorci\u00e8res&#8230;). Petite piq\u00fbre de rappel du talent europ\u00e9en pour civiliser le reste du monde tout en se croyant moralement sup\u00e9rieurs (je parle de la crise des r\u00e9fugi\u00e9s? non ok je n&rsquo;en parle pas).<\/p>\n<figure id=\"attachment_338\" aria-describedby=\"caption-attachment-338\" style=\"width: 1000px\" class=\"wp-caption aligncenter\"><a href=\"http:\/\/www.spang.ch\/aude\/img_8865\/\"><img loading=\"lazy\" decoding=\"async\" data-attachment-id=\"338\" data-permalink=\"http:\/\/www.spang.ch\/aude\/fr\/2016\/11\/calor-caribe-caribbean-heat\/img_8865\/\" data-orig-file=\"https:\/\/i0.wp.com\/www.spang.ch\/aude\/wp-content\/uploads\/2016\/10\/IMG_8865.jpg?fit=5184%2C3456\" data-orig-size=\"5184,3456\" data-comments-opened=\"1\" data-image-meta=\"{&quot;aperture&quot;:&quot;0&quot;,&quot;credit&quot;:&quot;&quot;,&quot;camera&quot;:&quot;&quot;,&quot;caption&quot;:&quot;&quot;,&quot;created_timestamp&quot;:&quot;0&quot;,&quot;copyright&quot;:&quot;&quot;,&quot;focal_length&quot;:&quot;0&quot;,&quot;iso&quot;:&quot;0&quot;,&quot;shutter_speed&quot;:&quot;0&quot;,&quot;title&quot;:&quot;&quot;,&quot;orientation&quot;:&quot;0&quot;}\" data-image-title=\"img_8865\" data-image-description=\"&lt;p&gt;Cartagena&lt;\/p&gt;\n\" data-image-caption=\"\" data-medium-file=\"https:\/\/i0.wp.com\/www.spang.ch\/aude\/wp-content\/uploads\/2016\/10\/IMG_8865.jpg?fit=300%2C200\" data-large-file=\"https:\/\/i0.wp.com\/www.spang.ch\/aude\/wp-content\/uploads\/2016\/10\/IMG_8865.jpg?fit=1000%2C667\" tabindex=\"0\" role=\"button\" class=\"wp-image-338 size-large\" src=\"https:\/\/i0.wp.com\/www.spang.ch\/aude\/wp-content\/uploads\/2016\/10\/IMG_8865.jpg?resize=1000%2C667\" alt=\"img_8865\" width=\"1000\" height=\"667\" srcset=\"https:\/\/i0.wp.com\/www.spang.ch\/aude\/wp-content\/uploads\/2016\/10\/IMG_8865.jpg?resize=1024%2C683 1024w, https:\/\/i0.wp.com\/www.spang.ch\/aude\/wp-content\/uploads\/2016\/10\/IMG_8865.jpg?resize=300%2C200 300w, https:\/\/i0.wp.com\/www.spang.ch\/aude\/wp-content\/uploads\/2016\/10\/IMG_8865.jpg?resize=768%2C512 768w, https:\/\/i0.wp.com\/www.spang.ch\/aude\/wp-content\/uploads\/2016\/10\/IMG_8865.jpg?resize=960%2C640 960w, https:\/\/i0.wp.com\/www.spang.ch\/aude\/wp-content\/uploads\/2016\/10\/IMG_8865.jpg?resize=450%2C300 450w, https:\/\/i0.wp.com\/www.spang.ch\/aude\/wp-content\/uploads\/2016\/10\/IMG_8865.jpg?w=2000 2000w, https:\/\/i0.wp.com\/www.spang.ch\/aude\/wp-content\/uploads\/2016\/10\/IMG_8865.jpg?w=3000 3000w\" sizes=\"(max-width: 1000px) 100vw, 1000px\" data-recalc-dims=\"1\" \/><\/a><figcaption id=\"caption-attachment-338\" class=\"wp-caption-text\">Cartagena<\/figcaption><\/figure>\n<figure id=\"attachment_356\" aria-describedby=\"caption-attachment-356\" style=\"width: 1000px\" class=\"wp-caption aligncenter\"><a href=\"http:\/\/www.spang.ch\/aude\/img_8881-2\/\"><img loading=\"lazy\" decoding=\"async\" data-attachment-id=\"356\" data-permalink=\"http:\/\/www.spang.ch\/aude\/fr\/2016\/11\/calor-caribe-caribbean-heat\/img_8881-2\/\" data-orig-file=\"https:\/\/i0.wp.com\/www.spang.ch\/aude\/wp-content\/uploads\/2016\/11\/IMG_8881.jpg?fit=5184%2C3456\" data-orig-size=\"5184,3456\" data-comments-opened=\"1\" data-image-meta=\"{&quot;aperture&quot;:&quot;0&quot;,&quot;credit&quot;:&quot;&quot;,&quot;camera&quot;:&quot;&quot;,&quot;caption&quot;:&quot;&quot;,&quot;created_timestamp&quot;:&quot;0&quot;,&quot;copyright&quot;:&quot;&quot;,&quot;focal_length&quot;:&quot;0&quot;,&quot;iso&quot;:&quot;0&quot;,&quot;shutter_speed&quot;:&quot;0&quot;,&quot;title&quot;:&quot;&quot;,&quot;orientation&quot;:&quot;0&quot;}\" data-image-title=\"img_8881\" data-image-description=\"\" data-image-caption=\"&lt;p&gt;A university in Cartagena&lt;\/p&gt;\n\" data-medium-file=\"https:\/\/i0.wp.com\/www.spang.ch\/aude\/wp-content\/uploads\/2016\/11\/IMG_8881.jpg?fit=300%2C200\" data-large-file=\"https:\/\/i0.wp.com\/www.spang.ch\/aude\/wp-content\/uploads\/2016\/11\/IMG_8881.jpg?fit=1000%2C667\" tabindex=\"0\" role=\"button\" class=\"size-large wp-image-356\" src=\"https:\/\/i0.wp.com\/www.spang.ch\/aude\/wp-content\/uploads\/2016\/11\/IMG_8881.jpg?resize=1000%2C667\" alt=\"Une universit\u00e9 \u00e0 Cartagena\" width=\"1000\" height=\"667\" srcset=\"https:\/\/i0.wp.com\/www.spang.ch\/aude\/wp-content\/uploads\/2016\/11\/IMG_8881.jpg?resize=1024%2C683 1024w, https:\/\/i0.wp.com\/www.spang.ch\/aude\/wp-content\/uploads\/2016\/11\/IMG_8881.jpg?resize=300%2C200 300w, https:\/\/i0.wp.com\/www.spang.ch\/aude\/wp-content\/uploads\/2016\/11\/IMG_8881.jpg?resize=768%2C512 768w, https:\/\/i0.wp.com\/www.spang.ch\/aude\/wp-content\/uploads\/2016\/11\/IMG_8881.jpg?resize=960%2C640 960w, https:\/\/i0.wp.com\/www.spang.ch\/aude\/wp-content\/uploads\/2016\/11\/IMG_8881.jpg?resize=450%2C300 450w, https:\/\/i0.wp.com\/www.spang.ch\/aude\/wp-content\/uploads\/2016\/11\/IMG_8881.jpg?w=2000 2000w, https:\/\/i0.wp.com\/www.spang.ch\/aude\/wp-content\/uploads\/2016\/11\/IMG_8881.jpg?w=3000 3000w\" sizes=\"(max-width: 1000px) 100vw, 1000px\" data-recalc-dims=\"1\" \/><\/a><figcaption id=\"caption-attachment-356\" class=\"wp-caption-text\">Une universit\u00e9 \u00e0 Cartagena<\/figcaption><\/figure>\n<figure id=\"attachment_351\" aria-describedby=\"caption-attachment-351\" style=\"width: 300px\" class=\"wp-caption alignleft\"><a href=\"http:\/\/www.spang.ch\/aude\/img_8786\/\"><img loading=\"lazy\" decoding=\"async\" data-attachment-id=\"351\" data-permalink=\"http:\/\/www.spang.ch\/aude\/fr\/2016\/11\/calor-caribe-caribbean-heat\/img_8786\/\" data-orig-file=\"https:\/\/i0.wp.com\/www.spang.ch\/aude\/wp-content\/uploads\/2016\/11\/IMG_8786.jpg?fit=5184%2C3456\" data-orig-size=\"5184,3456\" data-comments-opened=\"1\" data-image-meta=\"{&quot;aperture&quot;:&quot;0&quot;,&quot;credit&quot;:&quot;&quot;,&quot;camera&quot;:&quot;&quot;,&quot;caption&quot;:&quot;&quot;,&quot;created_timestamp&quot;:&quot;0&quot;,&quot;copyright&quot;:&quot;&quot;,&quot;focal_length&quot;:&quot;0&quot;,&quot;iso&quot;:&quot;0&quot;,&quot;shutter_speed&quot;:&quot;0&quot;,&quot;title&quot;:&quot;&quot;,&quot;orientation&quot;:&quot;0&quot;}\" data-image-title=\"img_8786\" data-image-description=\"\" data-image-caption=\"&lt;p&gt;Cartagena&amp;rsquo;s fortified wall&lt;\/p&gt;\n\" data-medium-file=\"https:\/\/i0.wp.com\/www.spang.ch\/aude\/wp-content\/uploads\/2016\/11\/IMG_8786.jpg?fit=300%2C200\" data-large-file=\"https:\/\/i0.wp.com\/www.spang.ch\/aude\/wp-content\/uploads\/2016\/11\/IMG_8786.jpg?fit=1000%2C667\" tabindex=\"0\" role=\"button\" class=\"size-medium wp-image-351\" src=\"https:\/\/i0.wp.com\/www.spang.ch\/aude\/wp-content\/uploads\/2016\/11\/IMG_8786.jpg?resize=300%2C200\" alt=\"Muraille de Cartagena\" width=\"300\" height=\"200\" srcset=\"https:\/\/i0.wp.com\/www.spang.ch\/aude\/wp-content\/uploads\/2016\/11\/IMG_8786.jpg?resize=300%2C200 300w, https:\/\/i0.wp.com\/www.spang.ch\/aude\/wp-content\/uploads\/2016\/11\/IMG_8786.jpg?resize=768%2C512 768w, https:\/\/i0.wp.com\/www.spang.ch\/aude\/wp-content\/uploads\/2016\/11\/IMG_8786.jpg?resize=1024%2C683 1024w, https:\/\/i0.wp.com\/www.spang.ch\/aude\/wp-content\/uploads\/2016\/11\/IMG_8786.jpg?resize=960%2C640 960w, https:\/\/i0.wp.com\/www.spang.ch\/aude\/wp-content\/uploads\/2016\/11\/IMG_8786.jpg?resize=450%2C300 450w, https:\/\/i0.wp.com\/www.spang.ch\/aude\/wp-content\/uploads\/2016\/11\/IMG_8786.jpg?w=2000 2000w, https:\/\/i0.wp.com\/www.spang.ch\/aude\/wp-content\/uploads\/2016\/11\/IMG_8786.jpg?w=3000 3000w\" sizes=\"(max-width: 300px) 100vw, 300px\" data-recalc-dims=\"1\" \/><\/a><figcaption id=\"caption-attachment-351\" class=\"wp-caption-text\">Muraille de Cartagena<\/figcaption><\/figure>\n<p style=\"text-align: justify;\">Ici, j&rsquo;ai eu droit \u00e0 mon premier coucher de soleil sur la mer, et ce fut l&rsquo;occasion de me r\u00e9p\u00e9ter que, d\u00e9cid\u00e9ment, je suis faite pour les pays chauds et pour la mer. Je ne suis pas n\u00e9e au bon endroit! Ou alors ma bonne f\u00e9e et mon ange gardien ont\u00a0d\u00e9cr\u00e9t\u00e9 que vu que je venais des\u00a0montagnes ils me donneraient le virus de la bougeotte, pour compenser le manque d&rsquo;eau sal\u00e9e et de chaleur. Ce qui expliquerait mon amour pour le sud: l&rsquo;Italie, l&rsquo;Indon\u00e9sie, la Colombie&#8230; (et plusieurs autres). Je m&rsquo;y trouve simplement bien, malgr\u00e9 la couche de transpiration et la peau moite qu&rsquo;on ne peut \u00e9viter en se baladant entre les murailles de Cartagena, o\u00f9 il fait en moyenne une trentaine de degr\u00e9s et le soleil qui va avec. Une vendeuse a m\u00eame cru que je pleurais&#8230; Non non, je transpire juste du nez, \u00a0merci madame. Cartagena est une ville fortifi\u00e9e ayant \u00e0 plusieurs reprises repouss\u00e9 l&rsquo;envahisseur ; elle en a gard\u00e9 des\u00a0marques avec sa forteresse et les remparts qui l&rsquo;entourent, et sur lesquels on se balade d\u00e9sormais avec vue sur les voitures qui longent la c\u00f4te plut\u00f4t que sur les navires ennemis pr\u00eats \u00e0 l&rsquo;attaque. Et dans les rues, c&rsquo;est un encha\u00eenement de balcons fleuris et de murs color\u00e9s, d&rsquo;\u00e9l\u00e9gantes cours int\u00e9rieures et de fen\u00eatres \u00e0 colonnades. La seule maison qui ne suit pas le style colonial local est celle que se construisit Gabriel Garcia Marquez quand il quitta son village pour venir vivre en ville, une grande villa orange \u00a0prot\u00e9g\u00e9e par un haut mur anti-curieux.<\/p>\n<figure id=\"attachment_340\" aria-describedby=\"caption-attachment-340\" style=\"width: 1000px\" class=\"wp-caption aligncenter\"><a href=\"http:\/\/www.spang.ch\/aude\/img_8925\/\"><img loading=\"lazy\" decoding=\"async\" data-attachment-id=\"340\" data-permalink=\"http:\/\/www.spang.ch\/aude\/fr\/2016\/11\/calor-caribe-caribbean-heat\/img_8925\/\" data-orig-file=\"https:\/\/i0.wp.com\/www.spang.ch\/aude\/wp-content\/uploads\/2016\/10\/IMG_8925.jpg?fit=5184%2C3456\" data-orig-size=\"5184,3456\" data-comments-opened=\"1\" data-image-meta=\"{&quot;aperture&quot;:&quot;0&quot;,&quot;credit&quot;:&quot;&quot;,&quot;camera&quot;:&quot;&quot;,&quot;caption&quot;:&quot;&quot;,&quot;created_timestamp&quot;:&quot;0&quot;,&quot;copyright&quot;:&quot;&quot;,&quot;focal_length&quot;:&quot;0&quot;,&quot;iso&quot;:&quot;0&quot;,&quot;shutter_speed&quot;:&quot;0&quot;,&quot;title&quot;:&quot;&quot;,&quot;orientation&quot;:&quot;0&quot;}\" data-image-title=\"img_8925\" data-image-description=\"\" data-image-caption=\"&lt;p&gt;Cartagena&lt;\/p&gt;\n\" data-medium-file=\"https:\/\/i0.wp.com\/www.spang.ch\/aude\/wp-content\/uploads\/2016\/10\/IMG_8925.jpg?fit=300%2C200\" data-large-file=\"https:\/\/i0.wp.com\/www.spang.ch\/aude\/wp-content\/uploads\/2016\/10\/IMG_8925.jpg?fit=1000%2C667\" tabindex=\"0\" role=\"button\" class=\"size-large wp-image-340\" src=\"https:\/\/i0.wp.com\/www.spang.ch\/aude\/wp-content\/uploads\/2016\/10\/IMG_8925.jpg?resize=1000%2C667\" alt=\"Cartagena\" width=\"1000\" height=\"667\" srcset=\"https:\/\/i0.wp.com\/www.spang.ch\/aude\/wp-content\/uploads\/2016\/10\/IMG_8925.jpg?resize=1024%2C683 1024w, https:\/\/i0.wp.com\/www.spang.ch\/aude\/wp-content\/uploads\/2016\/10\/IMG_8925.jpg?resize=300%2C200 300w, https:\/\/i0.wp.com\/www.spang.ch\/aude\/wp-content\/uploads\/2016\/10\/IMG_8925.jpg?resize=768%2C512 768w, https:\/\/i0.wp.com\/www.spang.ch\/aude\/wp-content\/uploads\/2016\/10\/IMG_8925.jpg?resize=960%2C640 960w, https:\/\/i0.wp.com\/www.spang.ch\/aude\/wp-content\/uploads\/2016\/10\/IMG_8925.jpg?resize=450%2C300 450w, https:\/\/i0.wp.com\/www.spang.ch\/aude\/wp-content\/uploads\/2016\/10\/IMG_8925.jpg?w=2000 2000w, https:\/\/i0.wp.com\/www.spang.ch\/aude\/wp-content\/uploads\/2016\/10\/IMG_8925.jpg?w=3000 3000w\" sizes=\"(max-width: 1000px) 100vw, 1000px\" data-recalc-dims=\"1\" \/><\/a><figcaption id=\"caption-attachment-340\" class=\"wp-caption-text\">Cartagena<\/figcaption><\/figure>\n<figure id=\"attachment_352\" aria-describedby=\"caption-attachment-352\" style=\"width: 1000px\" class=\"wp-caption aligncenter\"><a href=\"http:\/\/www.spang.ch\/aude\/img_8809\/\"><img loading=\"lazy\" decoding=\"async\" data-attachment-id=\"352\" data-permalink=\"http:\/\/www.spang.ch\/aude\/fr\/2016\/11\/calor-caribe-caribbean-heat\/img_8809\/\" data-orig-file=\"https:\/\/i0.wp.com\/www.spang.ch\/aude\/wp-content\/uploads\/2016\/11\/IMG_8809.jpg?fit=5184%2C3456\" data-orig-size=\"5184,3456\" data-comments-opened=\"1\" data-image-meta=\"{&quot;aperture&quot;:&quot;0&quot;,&quot;credit&quot;:&quot;&quot;,&quot;camera&quot;:&quot;&quot;,&quot;caption&quot;:&quot;&quot;,&quot;created_timestamp&quot;:&quot;0&quot;,&quot;copyright&quot;:&quot;&quot;,&quot;focal_length&quot;:&quot;0&quot;,&quot;iso&quot;:&quot;0&quot;,&quot;shutter_speed&quot;:&quot;0&quot;,&quot;title&quot;:&quot;&quot;,&quot;orientation&quot;:&quot;0&quot;}\" data-image-title=\"img_8809\" data-image-description=\"\" data-image-caption=\"&lt;p&gt;Cartagena&lt;\/p&gt;\n\" data-medium-file=\"https:\/\/i0.wp.com\/www.spang.ch\/aude\/wp-content\/uploads\/2016\/11\/IMG_8809.jpg?fit=300%2C200\" data-large-file=\"https:\/\/i0.wp.com\/www.spang.ch\/aude\/wp-content\/uploads\/2016\/11\/IMG_8809.jpg?fit=1000%2C667\" tabindex=\"0\" role=\"button\" class=\"size-large wp-image-352\" src=\"https:\/\/i0.wp.com\/www.spang.ch\/aude\/wp-content\/uploads\/2016\/11\/IMG_8809.jpg?resize=1000%2C667\" alt=\"Cartagena\" width=\"1000\" height=\"667\" srcset=\"https:\/\/i0.wp.com\/www.spang.ch\/aude\/wp-content\/uploads\/2016\/11\/IMG_8809.jpg?resize=1024%2C683 1024w, https:\/\/i0.wp.com\/www.spang.ch\/aude\/wp-content\/uploads\/2016\/11\/IMG_8809.jpg?resize=300%2C200 300w, https:\/\/i0.wp.com\/www.spang.ch\/aude\/wp-content\/uploads\/2016\/11\/IMG_8809.jpg?resize=768%2C512 768w, https:\/\/i0.wp.com\/www.spang.ch\/aude\/wp-content\/uploads\/2016\/11\/IMG_8809.jpg?resize=960%2C640 960w, https:\/\/i0.wp.com\/www.spang.ch\/aude\/wp-content\/uploads\/2016\/11\/IMG_8809.jpg?resize=450%2C300 450w, https:\/\/i0.wp.com\/www.spang.ch\/aude\/wp-content\/uploads\/2016\/11\/IMG_8809.jpg?w=2000 2000w, https:\/\/i0.wp.com\/www.spang.ch\/aude\/wp-content\/uploads\/2016\/11\/IMG_8809.jpg?w=3000 3000w\" sizes=\"(max-width: 1000px) 100vw, 1000px\" data-recalc-dims=\"1\" \/><\/a><figcaption id=\"caption-attachment-352\" class=\"wp-caption-text\">Cartagena<\/figcaption><\/figure>\n<figure id=\"attachment_349\" aria-describedby=\"caption-attachment-349\" style=\"width: 200px\" class=\"wp-caption alignleft\"><a href=\"http:\/\/www.spang.ch\/aude\/img_8941\/\"><img loading=\"lazy\" decoding=\"async\" data-attachment-id=\"349\" data-permalink=\"http:\/\/www.spang.ch\/aude\/fr\/2016\/11\/calor-caribe-caribbean-heat\/img_8941\/\" data-orig-file=\"https:\/\/i0.wp.com\/www.spang.ch\/aude\/wp-content\/uploads\/2016\/11\/IMG_8941-e1478192290195.jpg?fit=3456%2C5184\" data-orig-size=\"3456,5184\" data-comments-opened=\"1\" data-image-meta=\"{&quot;aperture&quot;:&quot;0&quot;,&quot;credit&quot;:&quot;&quot;,&quot;camera&quot;:&quot;&quot;,&quot;caption&quot;:&quot;&quot;,&quot;created_timestamp&quot;:&quot;0&quot;,&quot;copyright&quot;:&quot;&quot;,&quot;focal_length&quot;:&quot;0&quot;,&quot;iso&quot;:&quot;0&quot;,&quot;shutter_speed&quot;:&quot;0&quot;,&quot;title&quot;:&quot;&quot;,&quot;orientation&quot;:&quot;0&quot;}\" data-image-title=\"img_8941\" data-image-description=\"\" data-image-caption=\"&lt;p&gt;Colombia #3 &#8211; Medell\u00edn, Guatape, Jard\u00edn, Cartagena&lt;\/p&gt;\n\" data-medium-file=\"https:\/\/i0.wp.com\/www.spang.ch\/aude\/wp-content\/uploads\/2016\/11\/IMG_8941-e1478192290195.jpg?fit=200%2C300\" data-large-file=\"https:\/\/i0.wp.com\/www.spang.ch\/aude\/wp-content\/uploads\/2016\/11\/IMG_8941-e1478192290195.jpg?fit=683%2C1024\" tabindex=\"0\" role=\"button\" class=\"size-medium wp-image-349\" src=\"https:\/\/i0.wp.com\/www.spang.ch\/aude\/wp-content\/uploads\/2016\/11\/IMG_8941-e1478192290195-200x300.jpg?resize=200%2C300\" alt=\"Cartagena\" width=\"200\" height=\"300\" srcset=\"https:\/\/i0.wp.com\/www.spang.ch\/aude\/wp-content\/uploads\/2016\/11\/IMG_8941-e1478192290195.jpg?resize=200%2C300 200w, https:\/\/i0.wp.com\/www.spang.ch\/aude\/wp-content\/uploads\/2016\/11\/IMG_8941-e1478192290195.jpg?resize=768%2C1152 768w, https:\/\/i0.wp.com\/www.spang.ch\/aude\/wp-content\/uploads\/2016\/11\/IMG_8941-e1478192290195.jpg?resize=683%2C1024 683w, https:\/\/i0.wp.com\/www.spang.ch\/aude\/wp-content\/uploads\/2016\/11\/IMG_8941-e1478192290195.jpg?w=2000 2000w, https:\/\/i0.wp.com\/www.spang.ch\/aude\/wp-content\/uploads\/2016\/11\/IMG_8941-e1478192290195.jpg?w=3000 3000w\" sizes=\"(max-width: 200px) 100vw, 200px\" data-recalc-dims=\"1\" \/><\/a><figcaption id=\"caption-attachment-349\" class=\"wp-caption-text\">Cartagena<\/figcaption><\/figure>\n<p style=\"text-align: justify;\">Cartagena fut la ville de ma premi\u00e8re soir\u00e9e de salsa sur le continent, superbe! La salsa des Cara\u00efbes se danse diff\u00e9remment de la cubaine que l&rsquo;on conna\u00eet en Europe, plus joyeuse je crois (mais je ne suis pas une experte). J&rsquo;ai aussi eu la chance de d\u00e9couvrir la <em>champeta,\u00a0<\/em>une musique et danse tr\u00e8s locale puisqu&rsquo;on ne la trouve qu&rsquo;\u00e0 Cartagena et Barranquilla, la ville de Shakira (et de la maman de mon amie Maria Grazia!). Elle est un t\u00e9moin direct de l&rsquo;h\u00e9ritage africains des populations locales, puisqu&rsquo;il s&rsquo;agit de rythmes africains qui \u00e9taient rest\u00e9s dans les m\u00e9moires et se sont popularis\u00e9s dans les ann\u00e9es 80, accompagn\u00e9s de paroles en espagnol et de quelques sonorit\u00e9s plus modernes. On danse la <em>champeta<\/em> de fa\u00e7on libre et joyeuse, comme le demande la musique, et ce sont majoritairement des blacks qui se d\u00e9cha\u00eenent sur ce son unique. Quelle f\u00eate ! Cartagena restera d\u00e9cid\u00e9ment l&rsquo;une de mes \u00e9tapes \u00a0pr\u00e9f\u00e9r\u00e9es de ce voyage.<\/p>\n<figure id=\"attachment_357\" aria-describedby=\"caption-attachment-357\" style=\"width: 300px\" class=\"wp-caption aligncenter\"><a href=\"http:\/\/www.spang.ch\/aude\/img_8936\/\"><img loading=\"lazy\" decoding=\"async\" data-attachment-id=\"357\" data-permalink=\"http:\/\/www.spang.ch\/aude\/fr\/2016\/11\/calor-caribe-caribbean-heat\/img_8936\/\" data-orig-file=\"https:\/\/i0.wp.com\/www.spang.ch\/aude\/wp-content\/uploads\/2016\/11\/IMG_8936.jpg?fit=5184%2C3456\" data-orig-size=\"5184,3456\" data-comments-opened=\"1\" data-image-meta=\"{&quot;aperture&quot;:&quot;0&quot;,&quot;credit&quot;:&quot;&quot;,&quot;camera&quot;:&quot;&quot;,&quot;caption&quot;:&quot;&quot;,&quot;created_timestamp&quot;:&quot;0&quot;,&quot;copyright&quot;:&quot;&quot;,&quot;focal_length&quot;:&quot;0&quot;,&quot;iso&quot;:&quot;0&quot;,&quot;shutter_speed&quot;:&quot;0&quot;,&quot;title&quot;:&quot;&quot;,&quot;orientation&quot;:&quot;0&quot;}\" data-image-title=\"img_8936\" data-image-description=\"\" data-image-caption=\"&lt;p&gt;Cartagena&amp;rsquo;s fortress&lt;\/p&gt;\n\" data-medium-file=\"https:\/\/i0.wp.com\/www.spang.ch\/aude\/wp-content\/uploads\/2016\/11\/IMG_8936.jpg?fit=300%2C200\" data-large-file=\"https:\/\/i0.wp.com\/www.spang.ch\/aude\/wp-content\/uploads\/2016\/11\/IMG_8936.jpg?fit=1000%2C667\" tabindex=\"0\" role=\"button\" class=\"wp-image-357 size-medium\" src=\"https:\/\/i0.wp.com\/www.spang.ch\/aude\/wp-content\/uploads\/2016\/11\/IMG_8936.jpg?resize=300%2C200\" alt=\"Forteresse de Cartagena\" width=\"300\" height=\"200\" srcset=\"https:\/\/i0.wp.com\/www.spang.ch\/aude\/wp-content\/uploads\/2016\/11\/IMG_8936.jpg?resize=300%2C200 300w, https:\/\/i0.wp.com\/www.spang.ch\/aude\/wp-content\/uploads\/2016\/11\/IMG_8936.jpg?resize=768%2C512 768w, https:\/\/i0.wp.com\/www.spang.ch\/aude\/wp-content\/uploads\/2016\/11\/IMG_8936.jpg?resize=1024%2C683 1024w, https:\/\/i0.wp.com\/www.spang.ch\/aude\/wp-content\/uploads\/2016\/11\/IMG_8936.jpg?resize=960%2C640 960w, https:\/\/i0.wp.com\/www.spang.ch\/aude\/wp-content\/uploads\/2016\/11\/IMG_8936.jpg?resize=450%2C300 450w, https:\/\/i0.wp.com\/www.spang.ch\/aude\/wp-content\/uploads\/2016\/11\/IMG_8936.jpg?w=2000 2000w, https:\/\/i0.wp.com\/www.spang.ch\/aude\/wp-content\/uploads\/2016\/11\/IMG_8936.jpg?w=3000 3000w\" sizes=\"(max-width: 300px) 100vw, 300px\" data-recalc-dims=\"1\" \/><\/a><figcaption id=\"caption-attachment-357\" class=\"wp-caption-text\">Forteresse de Cartagena<\/figcaption><\/figure>\n<p style=\"text-align: justify;\">Je r\u00e9dige ce post depuis l&rsquo;\u00eele de San Andr\u00e9s, \u00e0 l&rsquo;est du Nicaragua et bien au nord de la Colombie, mais faisant partie de son territoire. C&rsquo;est ici que l&rsquo;on m&rsquo;a recommand\u00e9 de venir pour faire de la plong\u00e9e, je vous en redonnerai des nouvelles ! En attendant \u00a0je vous partage une petite observation linguistique qui me fait sourire. Mettons de c\u00f4t\u00e9 le fait qu&rsquo;il est parfaitement naturel qu&rsquo;hommes ou femmes m&rsquo;appellent autant \u00ab\u00a0mi amor\u00a0\u00bb que \u00ab\u00a0ni\u00f1a\u00a0\u00bb (fillette), \u00e0 l&rsquo;h\u00f4tel comme dans le bus. Les Colombiens partagent avec les italiens (et les suisses-allemands) d&rsquo;ajouter un suffixe mignon \u00e0 beaucoup de mots, dont certains inattendus m\u00eame pour une italophile. Je peux g\u00e9rer \u00ab\u00a0momentito\u00a0\u00bb (petit moment) et \u00ab\u00a0horita\u00a0\u00bb (petite heure) tout comme j&rsquo;accepte \u00ab\u00a0amorito\u00a0\u00bb (petit amour) , mais je dois dire que je trouve \u00ab\u00a0ahorita\u00a0\u00bb (\u00ab\u00a0petit\u00a0\u00bb maintenant) plut\u00f4t attendrissant et \u00ab\u00a0diocito\u00a0\u00bb (petit dieu !) carr\u00e9ment \u00e9trange!Tout est v\u00e9ridique, entendu prononcer par des amis ou des \u00e9trangers dans la rue. Sinon, j&rsquo;aime aussi beaucoup comme en quittant quelqu&rsquo;un on lui souhaite toujours ce qui serait l&rsquo;\u00e9quivalent de \u00ab\u00a0tout de bon\u00a0\u00bb, mais en plus attentionn\u00e9: \u00ab\u00a0que est\u00e9 bien\u00a0\u00bb (que vous alliez bien), \u00ab\u00a0que d\u00edo te bendiga\u00a0\u00bb (que dieu te b\u00e9nisse) ou \u00ab\u00a0que tengas un buen d\u00eda\u00a0\u00bb (passe une bonne journ\u00e9e). Joli, non?<\/p>\n<p><a href=\"http:\/\/www.spang.ch\/aude\/img_8942\/\"><img loading=\"lazy\" decoding=\"async\" data-attachment-id=\"358\" data-permalink=\"http:\/\/www.spang.ch\/aude\/fr\/2016\/11\/calor-caribe-caribbean-heat\/img_8942\/\" data-orig-file=\"https:\/\/i0.wp.com\/www.spang.ch\/aude\/wp-content\/uploads\/2016\/11\/IMG_8942-e1478194063799.jpg?fit=3019%2C3278\" data-orig-size=\"3019,3278\" data-comments-opened=\"1\" data-image-meta=\"{&quot;aperture&quot;:&quot;0&quot;,&quot;credit&quot;:&quot;&quot;,&quot;camera&quot;:&quot;&quot;,&quot;caption&quot;:&quot;&quot;,&quot;created_timestamp&quot;:&quot;0&quot;,&quot;copyright&quot;:&quot;&quot;,&quot;focal_length&quot;:&quot;0&quot;,&quot;iso&quot;:&quot;0&quot;,&quot;shutter_speed&quot;:&quot;0&quot;,&quot;title&quot;:&quot;&quot;,&quot;orientation&quot;:&quot;0&quot;}\" data-image-title=\"img_8942\" data-image-description=\"\" data-image-caption=\"\" data-medium-file=\"https:\/\/i0.wp.com\/www.spang.ch\/aude\/wp-content\/uploads\/2016\/11\/IMG_8942-e1478194063799.jpg?fit=276%2C300\" data-large-file=\"https:\/\/i0.wp.com\/www.spang.ch\/aude\/wp-content\/uploads\/2016\/11\/IMG_8942-e1478194063799.jpg?fit=943%2C1024\" tabindex=\"0\" role=\"button\" class=\"aligncenter size-large wp-image-358\" src=\"https:\/\/i0.wp.com\/www.spang.ch\/aude\/wp-content\/uploads\/2016\/11\/IMG_8942-e1478194063799-943x1024.jpg?resize=943%2C1024\" alt=\"img_8942\" width=\"943\" height=\"1024\" srcset=\"https:\/\/i0.wp.com\/www.spang.ch\/aude\/wp-content\/uploads\/2016\/11\/IMG_8942-e1478194063799.jpg?resize=943%2C1024 943w, https:\/\/i0.wp.com\/www.spang.ch\/aude\/wp-content\/uploads\/2016\/11\/IMG_8942-e1478194063799.jpg?resize=276%2C300 276w, https:\/\/i0.wp.com\/www.spang.ch\/aude\/wp-content\/uploads\/2016\/11\/IMG_8942-e1478194063799.jpg?resize=768%2C834 768w, https:\/\/i0.wp.com\/www.spang.ch\/aude\/wp-content\/uploads\/2016\/11\/IMG_8942-e1478194063799.jpg?w=2000 2000w, https:\/\/i0.wp.com\/www.spang.ch\/aude\/wp-content\/uploads\/2016\/11\/IMG_8942-e1478194063799.jpg?w=3000 3000w\" sizes=\"(max-width: 943px) 100vw, 943px\" data-recalc-dims=\"1\" \/><\/a><\/p>\n<p style=\"text-align: justify;\">J&rsquo;ai oubli\u00e9 de vous dire que ce voyage m&rsquo;aura confirm\u00e9 en 5 min de conversation que je suis bel et bien suisse, malgr\u00e9 ce qu&rsquo;on pourrait croire. La r\u00e9ceptionniste de mon auberge de Manizales (o\u00f9 j&rsquo;ai organis\u00e9 le trek pour Los Nevados), quand je lui ai dit que je ne cherchais pas sp\u00e9cialement \u00e0 rencontrer d&rsquo;autres Suisses, a r\u00e9agi en disant que les Suisses sont particuli\u00e8rement comme \u00e7a, contrairement \u00e0 d&rsquo;autres nations ils ont tendance \u00e0 s&rsquo;\u00e9viter. Premi\u00e8re confirmation, je me comporte donc apparemment comme une suissesse normale ; int\u00e9ressant (j&rsquo;aime expliquer que je ne parcours pas des milliers de kilom\u00e8tres autour de la plan\u00e8te pour retrouver mes voisins) . Ensuite, elle me pr\u00e9sentait les tours possibles pour la lendemain et a pr\u00e9cis\u00e9 que pour le premier on montait jusqu&rsquo;au sommet en voiture, ce \u00e0 quoi elle a ajout\u00e9 en voyant ma grimace \u00ab\u00a0&#8230;mais je sais que les suisses n&rsquo;aiment pas \u00e7a\u00a0\u00bb. Ok c&rsquo;est bon j&rsquo;ai compris, je suis donc bien de cette culture-l\u00e0. Non mais, rejoindre un sommet en voiture !<\/p>\n<figure id=\"attachment_353\" aria-describedby=\"caption-attachment-353\" style=\"width: 683px\" class=\"wp-caption aligncenter\"><a href=\"http:\/\/www.spang.ch\/aude\/img_8844\/\"><img loading=\"lazy\" decoding=\"async\" data-attachment-id=\"353\" data-permalink=\"http:\/\/www.spang.ch\/aude\/fr\/2016\/11\/calor-caribe-caribbean-heat\/img_8844\/\" data-orig-file=\"https:\/\/i0.wp.com\/www.spang.ch\/aude\/wp-content\/uploads\/2016\/11\/IMG_8844-e1478192234736.jpg?fit=3456%2C5184\" data-orig-size=\"3456,5184\" data-comments-opened=\"1\" data-image-meta=\"{&quot;aperture&quot;:&quot;0&quot;,&quot;credit&quot;:&quot;&quot;,&quot;camera&quot;:&quot;&quot;,&quot;caption&quot;:&quot;&quot;,&quot;created_timestamp&quot;:&quot;0&quot;,&quot;copyright&quot;:&quot;&quot;,&quot;focal_length&quot;:&quot;0&quot;,&quot;iso&quot;:&quot;0&quot;,&quot;shutter_speed&quot;:&quot;0&quot;,&quot;title&quot;:&quot;&quot;,&quot;orientation&quot;:&quot;0&quot;}\" data-image-title=\"img_8844\" data-image-description=\"\" data-image-caption=\"&lt;p&gt;Cartagena&lt;\/p&gt;\n\" data-medium-file=\"https:\/\/i0.wp.com\/www.spang.ch\/aude\/wp-content\/uploads\/2016\/11\/IMG_8844-e1478192234736.jpg?fit=200%2C300\" data-large-file=\"https:\/\/i0.wp.com\/www.spang.ch\/aude\/wp-content\/uploads\/2016\/11\/IMG_8844-e1478192234736.jpg?fit=683%2C1024\" tabindex=\"0\" role=\"button\" class=\"size-large wp-image-353\" src=\"https:\/\/i0.wp.com\/www.spang.ch\/aude\/wp-content\/uploads\/2016\/11\/IMG_8844-e1478192234736-683x1024.jpg?resize=683%2C1024\" alt=\"Cartagena\" width=\"683\" height=\"1024\" srcset=\"https:\/\/i0.wp.com\/www.spang.ch\/aude\/wp-content\/uploads\/2016\/11\/IMG_8844-e1478192234736.jpg?resize=683%2C1024 683w, https:\/\/i0.wp.com\/www.spang.ch\/aude\/wp-content\/uploads\/2016\/11\/IMG_8844-e1478192234736.jpg?resize=200%2C300 200w, https:\/\/i0.wp.com\/www.spang.ch\/aude\/wp-content\/uploads\/2016\/11\/IMG_8844-e1478192234736.jpg?resize=768%2C1152 768w, https:\/\/i0.wp.com\/www.spang.ch\/aude\/wp-content\/uploads\/2016\/11\/IMG_8844-e1478192234736.jpg?w=2000 2000w, https:\/\/i0.wp.com\/www.spang.ch\/aude\/wp-content\/uploads\/2016\/11\/IMG_8844-e1478192234736.jpg?w=3000 3000w\" sizes=\"(max-width: 683px) 100vw, 683px\" data-recalc-dims=\"1\" \/><\/a><figcaption id=\"caption-attachment-353\" class=\"wp-caption-text\">Cartagena<\/figcaption><\/figure>\n<p style=\"text-align: justify;\"><a href=\"http:\/\/www.spang.ch\/aude\/img_8791\/\"><img loading=\"lazy\" decoding=\"async\" data-attachment-id=\"373\" data-permalink=\"http:\/\/www.spang.ch\/aude\/fr\/2016\/11\/calor-caribe-caribbean-heat\/img_8791\/\" data-orig-file=\"https:\/\/i0.wp.com\/www.spang.ch\/aude\/wp-content\/uploads\/2016\/11\/IMG_8791.jpg?fit=5184%2C3456\" data-orig-size=\"5184,3456\" data-comments-opened=\"1\" data-image-meta=\"{&quot;aperture&quot;:&quot;0&quot;,&quot;credit&quot;:&quot;&quot;,&quot;camera&quot;:&quot;&quot;,&quot;caption&quot;:&quot;&quot;,&quot;created_timestamp&quot;:&quot;0&quot;,&quot;copyright&quot;:&quot;&quot;,&quot;focal_length&quot;:&quot;0&quot;,&quot;iso&quot;:&quot;0&quot;,&quot;shutter_speed&quot;:&quot;0&quot;,&quot;title&quot;:&quot;&quot;,&quot;orientation&quot;:&quot;0&quot;}\" data-image-title=\"img_8791\" data-image-description=\"\" data-image-caption=\"\" data-medium-file=\"https:\/\/i0.wp.com\/www.spang.ch\/aude\/wp-content\/uploads\/2016\/11\/IMG_8791.jpg?fit=300%2C200\" data-large-file=\"https:\/\/i0.wp.com\/www.spang.ch\/aude\/wp-content\/uploads\/2016\/11\/IMG_8791.jpg?fit=1000%2C667\" tabindex=\"0\" role=\"button\" class=\"alignleft size-medium wp-image-373\" src=\"https:\/\/i0.wp.com\/www.spang.ch\/aude\/wp-content\/uploads\/2016\/11\/IMG_8791.jpg?resize=300%2C200\" alt=\"img_8791\" width=\"300\" height=\"200\" srcset=\"https:\/\/i0.wp.com\/www.spang.ch\/aude\/wp-content\/uploads\/2016\/11\/IMG_8791.jpg?resize=300%2C200 300w, https:\/\/i0.wp.com\/www.spang.ch\/aude\/wp-content\/uploads\/2016\/11\/IMG_8791.jpg?resize=768%2C512 768w, https:\/\/i0.wp.com\/www.spang.ch\/aude\/wp-content\/uploads\/2016\/11\/IMG_8791.jpg?resize=1024%2C683 1024w, https:\/\/i0.wp.com\/www.spang.ch\/aude\/wp-content\/uploads\/2016\/11\/IMG_8791.jpg?resize=960%2C640 960w, https:\/\/i0.wp.com\/www.spang.ch\/aude\/wp-content\/uploads\/2016\/11\/IMG_8791.jpg?resize=450%2C300 450w, https:\/\/i0.wp.com\/www.spang.ch\/aude\/wp-content\/uploads\/2016\/11\/IMG_8791.jpg?w=2000 2000w, https:\/\/i0.wp.com\/www.spang.ch\/aude\/wp-content\/uploads\/2016\/11\/IMG_8791.jpg?w=3000 3000w\" sizes=\"(max-width: 300px) 100vw, 300px\" data-recalc-dims=\"1\" \/><\/a>Je conclus cet article avec ma pr\u00e9diction pour la Colombie, en \u00e9cho au dernier article que j&rsquo;ai \u00e9crit: selon moi, d&rsquo;ici une dizaine d&rsquo;ann\u00e9es, lorsque les gens auront surmont\u00e9 leurs pr\u00e9jug\u00e9s et que les st\u00e9r\u00e9otypes se seront estomp\u00e9s, le monde comprendra l&rsquo;int\u00e9r\u00eat eu la richesse de ce pays et les touristes afflueront en masse en Colombie. Allez-y maintenant, c&rsquo;est encore relativement \u00e9pargn\u00e9 et authentique mais d\u00e9j\u00e0 assez bien d\u00e9velopp\u00e9 pour les visiteurs! Voil\u00e0 quelqu&rsquo;un qui partage cet avis et l&rsquo;exprime mieux que moi (mais en anglais):\u00a0<span style=\"font-size: 1.8rem;\"><a href=\"http:\/\/seecolombia.travel\/blog\/2016\/10\/21-reasons-why-you-have-to-visit-colombia-in-2017\/\">http:\/\/seecolombia.travel\/blog\/2016\/10\/21-reasons-why-you-have-to-visit-colombia-in-2017\/<\/a>. <\/span>D&rsquo;ailleurs, j&rsquo;avais \u00e0 la base pr\u00e9vu de passer octobre en Colombie et de bouger vers le P\u00e9rou pour novembre&#8230; Devinez quoi? J&rsquo;aime trop la Colombie, j&rsquo;y reste jusqu&rsquo;\u00e0 sati\u00e9t\u00e9! Probablement 2 \u00e0 3 semaines de plus, donc. Ma seule destination fixe c&rsquo;est la Bolivie \u00e0 No\u00ebl pour retrouver mon Emanuele!<\/p>\n<figure id=\"attachment_337\" aria-describedby=\"caption-attachment-337\" style=\"width: 1000px\" class=\"wp-caption aligncenter\"><a href=\"http:\/\/www.spang.ch\/aude\/img_8784\/\"><img loading=\"lazy\" decoding=\"async\" data-attachment-id=\"337\" data-permalink=\"http:\/\/www.spang.ch\/aude\/fr\/2016\/11\/calor-caribe-caribbean-heat\/img_8784\/\" data-orig-file=\"https:\/\/i0.wp.com\/www.spang.ch\/aude\/wp-content\/uploads\/2016\/10\/IMG_8784.jpg?fit=5184%2C3456\" data-orig-size=\"5184,3456\" data-comments-opened=\"1\" data-image-meta=\"{&quot;aperture&quot;:&quot;0&quot;,&quot;credit&quot;:&quot;&quot;,&quot;camera&quot;:&quot;&quot;,&quot;caption&quot;:&quot;&quot;,&quot;created_timestamp&quot;:&quot;0&quot;,&quot;copyright&quot;:&quot;&quot;,&quot;focal_length&quot;:&quot;0&quot;,&quot;iso&quot;:&quot;0&quot;,&quot;shutter_speed&quot;:&quot;0&quot;,&quot;title&quot;:&quot;&quot;,&quot;orientation&quot;:&quot;0&quot;}\" data-image-title=\"img_8784\" data-image-description=\"\" data-image-caption=\"&lt;p&gt;Cartagena&amp;rsquo;s fortified wall&lt;\/p&gt;\n\" data-medium-file=\"https:\/\/i0.wp.com\/www.spang.ch\/aude\/wp-content\/uploads\/2016\/10\/IMG_8784.jpg?fit=300%2C200\" data-large-file=\"https:\/\/i0.wp.com\/www.spang.ch\/aude\/wp-content\/uploads\/2016\/10\/IMG_8784.jpg?fit=1000%2C667\" tabindex=\"0\" role=\"button\" class=\"size-large wp-image-337\" src=\"https:\/\/i0.wp.com\/www.spang.ch\/aude\/wp-content\/uploads\/2016\/10\/IMG_8784.jpg?resize=1000%2C667\" alt=\"Muraille de Cartagena\" width=\"1000\" height=\"667\" srcset=\"https:\/\/i0.wp.com\/www.spang.ch\/aude\/wp-content\/uploads\/2016\/10\/IMG_8784.jpg?resize=1024%2C683 1024w, https:\/\/i0.wp.com\/www.spang.ch\/aude\/wp-content\/uploads\/2016\/10\/IMG_8784.jpg?resize=300%2C200 300w, https:\/\/i0.wp.com\/www.spang.ch\/aude\/wp-content\/uploads\/2016\/10\/IMG_8784.jpg?resize=768%2C512 768w, https:\/\/i0.wp.com\/www.spang.ch\/aude\/wp-content\/uploads\/2016\/10\/IMG_8784.jpg?resize=960%2C640 960w, https:\/\/i0.wp.com\/www.spang.ch\/aude\/wp-content\/uploads\/2016\/10\/IMG_8784.jpg?resize=450%2C300 450w, https:\/\/i0.wp.com\/www.spang.ch\/aude\/wp-content\/uploads\/2016\/10\/IMG_8784.jpg?w=2000 2000w, https:\/\/i0.wp.com\/www.spang.ch\/aude\/wp-content\/uploads\/2016\/10\/IMG_8784.jpg?w=3000 3000w\" sizes=\"(max-width: 1000px) 100vw, 1000px\" data-recalc-dims=\"1\" \/><\/a><figcaption id=\"caption-attachment-337\" class=\"wp-caption-text\">Muraille de Cartagena<\/figcaption><\/figure>\n<p style=\"text-align: justify;\"><strong>Prochaines destinations<\/strong>: l&rsquo;est de la c\u00f4te avec Santa Marta, la Cit\u00e9 Perdue\u00a0dans la Sierra Nevada, le parc Tayrona pour sa jungle et ses montagnes, et Taganga et Palomino pour la plage et la tranquillit\u00e9<\/p>\n<p style=\"text-align: center;\"><strong><a href=\"https:\/\/goo.gl\/photos\/H4w8tcXoJUkiVena7\">Pour plus de photos, cliquez ici\u00a0<\/a><\/strong><\/p>\n<p><figure id=\"attachment_336\" aria-describedby=\"caption-attachment-336\" style=\"width: 5184px\" class=\"wp-caption aligncenter\"><a href=\"http:\/\/www.spang.ch\/aude\/img_8779\/\"><img loading=\"lazy\" decoding=\"async\" data-attachment-id=\"336\" data-permalink=\"http:\/\/www.spang.ch\/aude\/fr\/2016\/11\/calor-caribe-caribbean-heat\/img_8779\/\" data-orig-file=\"https:\/\/i0.wp.com\/www.spang.ch\/aude\/wp-content\/uploads\/2016\/10\/IMG_8779.jpg?fit=5184%2C3456\" data-orig-size=\"5184,3456\" data-comments-opened=\"1\" data-image-meta=\"{&quot;aperture&quot;:&quot;0&quot;,&quot;credit&quot;:&quot;&quot;,&quot;camera&quot;:&quot;&quot;,&quot;caption&quot;:&quot;&quot;,&quot;created_timestamp&quot;:&quot;0&quot;,&quot;copyright&quot;:&quot;&quot;,&quot;focal_length&quot;:&quot;0&quot;,&quot;iso&quot;:&quot;0&quot;,&quot;shutter_speed&quot;:&quot;0&quot;,&quot;title&quot;:&quot;&quot;,&quot;orientation&quot;:&quot;0&quot;}\" data-image-title=\"img_8779\" data-image-description=\"\" data-image-caption=\"&lt;p&gt;Cartagena&lt;\/p&gt;\n\" data-medium-file=\"https:\/\/i0.wp.com\/www.spang.ch\/aude\/wp-content\/uploads\/2016\/10\/IMG_8779.jpg?fit=300%2C200\" data-large-file=\"https:\/\/i0.wp.com\/www.spang.ch\/aude\/wp-content\/uploads\/2016\/10\/IMG_8779.jpg?fit=1000%2C667\" tabindex=\"0\" role=\"button\" class=\"size-full wp-image-336\" src=\"https:\/\/i0.wp.com\/www.spang.ch\/aude\/wp-content\/uploads\/2016\/10\/IMG_8779.jpg?resize=1000%2C667\" alt=\"Cartagena\" width=\"1000\" height=\"667\" srcset=\"https:\/\/i0.wp.com\/www.spang.ch\/aude\/wp-content\/uploads\/2016\/10\/IMG_8779.jpg?w=5184 5184w, https:\/\/i0.wp.com\/www.spang.ch\/aude\/wp-content\/uploads\/2016\/10\/IMG_8779.jpg?resize=300%2C200 300w, https:\/\/i0.wp.com\/www.spang.ch\/aude\/wp-content\/uploads\/2016\/10\/IMG_8779.jpg?resize=768%2C512 768w, https:\/\/i0.wp.com\/www.spang.ch\/aude\/wp-content\/uploads\/2016\/10\/IMG_8779.jpg?resize=1024%2C683 1024w, https:\/\/i0.wp.com\/www.spang.ch\/aude\/wp-content\/uploads\/2016\/10\/IMG_8779.jpg?resize=960%2C640 960w, https:\/\/i0.wp.com\/www.spang.ch\/aude\/wp-content\/uploads\/2016\/10\/IMG_8779.jpg?resize=450%2C300 450w, https:\/\/i0.wp.com\/www.spang.ch\/aude\/wp-content\/uploads\/2016\/10\/IMG_8779.jpg?w=2000 2000w, https:\/\/i0.wp.com\/www.spang.ch\/aude\/wp-content\/uploads\/2016\/10\/IMG_8779.jpg?w=3000 3000w\" sizes=\"(max-width: 1000px) 100vw, 1000px\" data-recalc-dims=\"1\" \/><\/a><figcaption id=\"caption-attachment-336\" class=\"wp-caption-text\">Cartagena<\/figcaption><\/figure><\/p>","protected":false},"excerpt":{"rendered":"<p>Pour quitter Manizales, je suis mont\u00e9e non pas dans un bus mais dans une&#8230; grosse voiture, et j&rsquo;y ai pass\u00e9 5h scotch\u00e9e \u00e0 de parfaits inconnus. Heureusement que j&rsquo;ai de la lecture avec moi! Je suis arriv\u00e9e \u00e0 Medell\u00edn et y ai retrouv\u00e9 Catalina, connue elle aussi, \u00e0 l&rsquo;\u00e9poque, dans ma maison pour \u00e9tudiants \u00e0&#8230; <\/p>\n<div class=\"link-more\"><a href=\"http:\/\/www.spang.ch\/aude\/fr\/2016\/11\/calor-caribe-caribbean-heat\/\">En savoir plus<\/a><\/div>\n","protected":false},"author":1,"featured_media":355,"comment_status":"open","ping_status":"open","sticky":false,"template":"","format":"standard","meta":{"jetpack_post_was_ever_published":false,"_jetpack_newsletter_access":"","_jetpack_dont_email_post_to_subs":true,"_jetpack_newsletter_tier_id":0,"_jetpack_memberships_contains_paywalled_content":false,"_jetpack_memberships_contains_paid_content":false,"footnotes":"","jetpack_publicize_message":"","jetpack_publicize_feature_enabled":true,"jetpack_social_post_already_shared":true,"jetpack_social_options":{"image_generator_settings":{"template":"highway","enabled":false},"version":2}},"categories":[4],"tags":[],"jetpack_publicize_connections":[],"jetpack_featured_media_url":"https:\/\/i0.wp.com\/www.spang.ch\/aude\/wp-content\/uploads\/2016\/11\/IMG_8861-e1478190533612.jpg?fit=3456%2C5184","jetpack_shortlink":"https:\/\/wp.me\/p7EYAh-4q","jetpack-related-posts":[],"jetpack_likes_enabled":true,"jetpack_sharing_enabled":true,"_links":{"self":[{"href":"http:\/\/www.spang.ch\/aude\/fr\/wp-json\/wp\/v2\/posts\/274"}],"collection":[{"href":"http:\/\/www.spang.ch\/aude\/fr\/wp-json\/wp\/v2\/posts"}],"about":[{"href":"http:\/\/www.spang.ch\/aude\/fr\/wp-json\/wp\/v2\/types\/post"}],"author":[{"embeddable":true,"href":"http:\/\/www.spang.ch\/aude\/fr\/wp-json\/wp\/v2\/users\/1"}],"replies":[{"embeddable":true,"href":"http:\/\/www.spang.ch\/aude\/fr\/wp-json\/wp\/v2\/comments?post=274"}],"version-history":[{"count":33,"href":"http:\/\/www.spang.ch\/aude\/fr\/wp-json\/wp\/v2\/posts\/274\/revisions"}],"predecessor-version":[{"id":384,"href":"http:\/\/www.spang.ch\/aude\/fr\/wp-json\/wp\/v2\/posts\/274\/revisions\/384"}],"wp:featuredmedia":[{"embeddable":true,"href":"http:\/\/www.spang.ch\/aude\/fr\/wp-json\/wp\/v2\/media\/355"}],"wp:attachment":[{"href":"http:\/\/www.spang.ch\/aude\/fr\/wp-json\/wp\/v2\/media?parent=274"}],"wp:term":[{"taxonomy":"category","embeddable":true,"href":"http:\/\/www.spang.ch\/aude\/fr\/wp-json\/wp\/v2\/categories?post=274"},{"taxonomy":"post_tag","embeddable":true,"href":"http:\/\/www.spang.ch\/aude\/fr\/wp-json\/wp\/v2\/tags?post=274"}],"curies":[{"name":"wp","href":"https:\/\/api.w.org\/{rel}","templated":true}]}}