{"id":20,"date":"2016-10-04T04:12:51","date_gmt":"2016-10-04T02:12:51","guid":{"rendered":"http:\/\/www.spang.ch\/aude\/?p=20"},"modified":"2016-10-04T22:41:14","modified_gmt":"2016-10-04T20:41:14","slug":"imminent-departure","status":"publish","type":"post","link":"http:\/\/www.spang.ch\/aude\/fr\/2016\/10\/imminent-departure\/","title":{"rendered":"D\u00e9part imminent"},"content":{"rendered":"<p>Il est 2h30 du matin et je n&rsquo;arrive pas \u00e0 dormir. C&rsquo;est peut-\u00eatre d\u00fb \u00e0 la quantit\u00e9 astronomique de raclette ing\u00e9r\u00e9e lors du souper, ou peut-\u00eatre \u00e0 la nervosit\u00e9 qui m&rsquo;habite quant \u00e0 mon d\u00e9part pour l&rsquo;Am\u00e9rique du sud. Probablement les deux. Il me reste \u00e9norm\u00e9ment de choses \u00e0 pr\u00e9parer, dont la r\u00e9daction de ce post, le premier d&rsquo;une s\u00e9rie -du moins je l&rsquo;esp\u00e8re!- de racontages de mes vagabondages sur le\u00a0continent hispanophone.<\/p>\n<p>Beaucoup \u00e0 faire, que dis-je? La valise en est une,\u00a0et pas des moindres. Cela fait plusieurs mois que je la pr\u00e9pare mentalement, achetant ou rassemblant petit \u00e0 petit ce qui me para\u00eet\u00a0n\u00e9cessaire. Une fois \u00e9tal\u00e9es par terre\u00a0ces petites choses r\u00e9unies\u00a0semblent bien trop nombreuses pour tenir dans un seul sac (bon, en fait j&rsquo;en ai deux)! Surtout quand celui-ci est cens\u00e9 \u00eatre le plus l\u00e9ger et vide possible, afin de ne pas m&rsquo;encombrer lorsque\u00a0je serai en route.<\/p>\n<p><a href=\"https:\/\/i0.wp.com\/www.spang.ch\/aude\/wp-content\/uploads\/2016\/10\/IMG_7692.jpg\" rel=\"attachment wp-att-163\"><img loading=\"lazy\" decoding=\"async\" data-attachment-id=\"163\" data-permalink=\"http:\/\/www.spang.ch\/aude\/fr\/2016\/10\/imminent-departure\/img_7692\/\" data-orig-file=\"https:\/\/i0.wp.com\/www.spang.ch\/aude\/wp-content\/uploads\/2016\/10\/IMG_7692.jpg?fit=3042%2C3042\" data-orig-size=\"3042,3042\" data-comments-opened=\"1\" data-image-meta=\"{&quot;aperture&quot;:&quot;0&quot;,&quot;credit&quot;:&quot;Aude Spang&quot;,&quot;camera&quot;:&quot;&quot;,&quot;caption&quot;:&quot;&quot;,&quot;created_timestamp&quot;:&quot;1475597444&quot;,&quot;copyright&quot;:&quot;&quot;,&quot;focal_length&quot;:&quot;0&quot;,&quot;iso&quot;:&quot;0&quot;,&quot;shutter_speed&quot;:&quot;0&quot;,&quot;title&quot;:&quot;&quot;,&quot;orientation&quot;:&quot;0&quot;}\" data-image-title=\"img_7692\" data-image-description=\"\" data-image-caption=\"\" data-medium-file=\"https:\/\/i0.wp.com\/www.spang.ch\/aude\/wp-content\/uploads\/2016\/10\/IMG_7692.jpg?fit=300%2C300\" data-large-file=\"https:\/\/i0.wp.com\/www.spang.ch\/aude\/wp-content\/uploads\/2016\/10\/IMG_7692.jpg?fit=1000%2C1000\" tabindex=\"0\" role=\"button\" class=\"aligncenter wp-image-163 size-large\" src=\"https:\/\/i0.wp.com\/www.spang.ch\/aude\/wp-content\/uploads\/2016\/10\/IMG_7692.jpg?resize=1000%2C1000\" alt=\"backpack content\" width=\"1000\" height=\"1000\" srcset=\"https:\/\/i0.wp.com\/www.spang.ch\/aude\/wp-content\/uploads\/2016\/10\/IMG_7692.jpg?resize=1024%2C1024 1024w, https:\/\/i0.wp.com\/www.spang.ch\/aude\/wp-content\/uploads\/2016\/10\/IMG_7692.jpg?resize=150%2C150 150w, https:\/\/i0.wp.com\/www.spang.ch\/aude\/wp-content\/uploads\/2016\/10\/IMG_7692.jpg?resize=300%2C300 300w, https:\/\/i0.wp.com\/www.spang.ch\/aude\/wp-content\/uploads\/2016\/10\/IMG_7692.jpg?resize=768%2C768 768w, https:\/\/i0.wp.com\/www.spang.ch\/aude\/wp-content\/uploads\/2016\/10\/IMG_7692.jpg?w=2000 2000w, https:\/\/i0.wp.com\/www.spang.ch\/aude\/wp-content\/uploads\/2016\/10\/IMG_7692.jpg?w=3000 3000w\" sizes=\"(max-width: 1000px) 100vw, 1000px\" data-recalc-dims=\"1\" \/><\/a><\/p>\n<p>Voila (ci-dessus) \u00e0 quoi ressemble le contenu d&rsquo;un sac pour 6 mois. L&rsquo;id\u00e9e g\u00e9n\u00e9rale est de limiter au maximum le nombre d&rsquo;habits (on peut toujours en racheter sur place,\u00a0plus facile que de jeter si on a trop), et puis sinon il y a un tas de d\u00e9tails utiles: moustiquaire, m\u00e9dicaments juste-au-cas-o\u00f9, chocolat suisse pour mes h\u00f4tes colombiens, carte du continent, appareil photo et disque dur externe, sac-\u00e0-viande pour s&#8217;emballer dans un tissu protecteur si le lit d&rsquo;une auberge de jeunesse semble habit\u00e9 de petites bestioles et autres salet\u00e9s ind\u00e9sirables&#8230; Toute une affaire!<\/p>\n<p>Pour conclure cet article \u00ab\u00a0ante scriptum\u00a0\u00bb (parce qu&rsquo;il ne vous donne qu&rsquo;un avant-go\u00fbt de mes aventures de ces prochains mois), voici les r\u00e9ponses aux quelques questions que j&rsquo;ai beaucoup entendues ces derniers mois, un petit r\u00e9sum\u00e9 qui vous donne une id\u00e9e de mon programme:<\/p>\n<ul>\n<li><strong>Quand?\u00a0<\/strong><em>&#8211; <\/em>Je pars jeudi 6 octobre \u00e0 7h20 du matin (mon avion s&rsquo;envole pour une escale \u00e0 Madrid avant d&rsquo;atterrir \u00e0 Bogot\u00e1 vers 15h30 locales)<\/li>\n<li><strong>O\u00f9?<\/strong> <em>&#8211;<\/em>\u00a0Le voyage commence en Colombie et se termine au Br\u00e9sil, de plus je serai en Bolivie vers Nouvel An car Emanuele vient m&rsquo;y trouver. \u00c7a, c&rsquo;est ce qui est certain. Entre-deux, j&rsquo;ai l&rsquo;intention de suivre le plan de route que voici: Colombie, Equateur, P\u00e9rou, Bolivie, Chili (jusqu&rsquo;en Patagonie), Argentine, Uruguay, Br\u00e9sil. C&rsquo;est un programme\u00a0tr\u00e8s optimiste (je ne suis pas s\u00fbre de vraiment passer du temps en Equateur ni en Uruguay, mais sait-on jamais!), qui reste flexible selon mon budget et le temps \u00e0 disposition&#8230; Peu importe o\u00f9 j&rsquo;irai, je suivrai mes envies du moment<\/li>\n<li><strong>Tu feras quoi sur place?<\/strong> &#8211; Je ne vais pas travailler, en tout cas ce n&rsquo;est pas mon but principal. J&rsquo;ai beaucoup travaill\u00e9 et \u00e9pargn\u00e9 ces derniers mois pour pouvoir me permettre de partir sac au dos et sans obligation aucune. Je n&rsquo;ai r\u00e9serv\u00e9 aucun vol ni h\u00f4tel, d&rsquo;ailleurs je ne sais m\u00eame pas ce que je ferai exactement \u00e0 mon arriv\u00e9e en Colombie. Mais j&rsquo;ai pour chaque pays une liste de choses \u00e0 voir et faire, sugg\u00e9r\u00e9es par des amis qui viennent de l\u00e0-bas, y vivent, y ont v\u00e9cu ou voyag\u00e9, ou simplement par internet qui m&rsquo;a inspir\u00e9e. Quand j&rsquo;arrive \u00e0 Bogot\u00e1, je vais dormir chez une fille que j&rsquo;ai connue lors de mon arriv\u00e9e \u00e0 Zurich il y a 6 ans, et j&rsquo;y verrai\u00a0aussi quelques amis rencontr\u00e9s \u00e0 Jakarta, ainsi que des connaissances indirectes. En gros, j&rsquo;ai quelques contacts (ou plus) pour chaque pays o\u00f9\u00a0je compte me rendre. Je ferai toujours en sorte, au minimum, de toujours savoir quelles zones il vaut mieux \u00e9viter, et id\u00e9alement, de trouver un h\u00e9bergement fiable.<\/li>\n<li><strong>Combien de temps?<\/strong> &#8211; 5,5 mois, du 6 octobre 2016 au 17 mars 2017, j&rsquo;ai d\u00e9j\u00e0 mon billet de retour!<\/li>\n<li><strong>Tu parles espagnol en fait?<\/strong> &#8211; J&rsquo;ai fait 2 ans de cours \u00e0 l&rsquo;uni pour me pr\u00e9parer et je suis capable de me d\u00e9brouiller, de mener une conversation et de d\u00e9fendre quelques id\u00e9es&#8230; je pars aussi pour mieux ma\u00eetriser cette belle langue<\/li>\n<li><strong>Mais&#8230; tu pars toute seule?<\/strong>\u00a0&#8211; Oui<\/li>\n<li><strong>T&rsquo;as pas peur?<\/strong>\u00a0&#8211; A une p\u00e9riode, les gens qui m&rsquo;entourent ont r\u00e9ussi \u00e0 instiller un peu d&rsquo;anxi\u00e9t\u00e9 en moi. Et puis, je me suis rendu compte que l&rsquo;ensemble de ceux qui craignaient pour moi&#8230; n&rsquo;\u00e9taient jamais partis \u00e0 l&rsquo;aventure sac au dos (ou pas aussi loin)! J&rsquo;ai compris que c&rsquo;\u00e9taient leurs peurs \u00e0 eux, pas les miennes. Moi, je sais que je dois \u00eatre prudente, mais je sais aussi qu&rsquo;avoir peur fait rester dans sa zone de confort, et c&rsquo;est ce qu&rsquo;il y a hors de cette bulle que je veux explorer! C&rsquo;est l\u00e0 qu&rsquo;on apprend. D&rsquo;ailleurs, les gens qui ont v\u00e9cu dans les pays que je vais aller voir ou qui les ont visit\u00e9s m&rsquo;ont dit que nos visions\u00a0europ\u00e9ennes du continent sont au mieux pas tr\u00e8s \u00e0 jour, au pire un peu \u00e0 c\u00f4t\u00e9 de la plaque (grosses g\u00e9n\u00e9ralisations, etc). Mais je vous promets que je ferai attention.<\/li>\n<li><strong>Et apr\u00e8s?<\/strong> &#8211; Je retournerai \u00e0 Gen\u00e8ve, o\u00f9 j&rsquo;habite avec Emanuele depuis le mois d&rsquo;ao\u00fbt, et je chercherai un travail, la vie s\u00e9rieuse et tout le blabla&#8230; mais\u00a0n&rsquo;anticipons pas trop!<\/li>\n<\/ul>\n<p>Concernant ce blog: je tenterai de venir de temps \u00e0 autre vous y raconter mes aventures, pour vous emmener voyager un peu avec moi. Photos, texte, je ferai ce que je pourrai avec les moyens du bord (n&rsquo;ayant pas pris mon ordinateur et d\u00e9pendant de la qualit\u00e9 des connexions internet que je trouverai). Je posterai chaque fois l&rsquo;article sur facebook et enverrai \u00e9galement un email, de fa\u00e7on \u00e0 ce que chacun soit tenu au courant de la fa\u00e7on qui lui convient le plus. Si tu\u00a0n&rsquo;as pas re\u00e7u d&#8217;email et que tu\u00a0souhaites t&rsquo;y \u00ab\u00a0abonner\u00a0\u00bb, \u00a0trouve le champ \u00ab\u00a0<em>sois au courant des posts les plus frais<\/em>\u00a0\u00bb en bas de page, entre ton adresse email et clique sur \u00ab\u00a0S<em>ubscribe<\/em>\u00ab\u00a0. Et pour ceux qui connaissent et utilisent les flux RSS, il y a un petit bouton en bas de page \u00e9galement. Il devrait \u00eatre possible de commenter les articles avec le champ de commentaire ci-dessous, sans avoir besoin de s&rsquo;enregistrer pr\u00e9alablement, juste en me laissant un nom. Vous pouvez aussi liker les articles par facebook (clin d&rsquo;oeil aux contemporains), voire\u00a0les imprimer (clin d&rsquo;oeil \u00e0 mes grands-parents).\u00a0Vous pouvez comme d&rsquo;habitude me contacter\u00a0par mail, whatsapp, telegram, facebook&#8230; Je ferai en sorte d&rsquo;\u00eatre atteignable (quand le wifi le permet).<\/p>\n<p>Sur ce, ch\u00e8re famille, chers ami-e-s, je vous laisse. La prochaine fois que je vous \u00e9crirai, je pense que je serai\u00a07h en avance sur vous (fuseau-horaire colombien).<\/p>\n<p>\u00a1Hasta luego!<\/p>\n<p><small>PS: si tu as un ami ou une cousine dans un des pays que j&rsquo;ai cit\u00e9s, n&rsquo;h\u00e9site pas \u00e0 m&rsquo;\u00e9crire pour que je prenne contact et aille dire bonjour ou boire\u00a0un caf\u00e9 avec!<\/small><\/p>","protected":false},"excerpt":{"rendered":"<p>Il est 2h30 du matin et je n&rsquo;arrive pas \u00e0 dormir. C&rsquo;est peut-\u00eatre d\u00fb \u00e0 la quantit\u00e9 astronomique de raclette ing\u00e9r\u00e9e lors du souper, ou peut-\u00eatre \u00e0 la nervosit\u00e9 qui m&rsquo;habite quant \u00e0 mon d\u00e9part pour l&rsquo;Am\u00e9rique du sud. Probablement les deux. Il me reste \u00e9norm\u00e9ment de choses \u00e0 pr\u00e9parer, dont la r\u00e9daction de ce&#8230; <\/p>\n<div class=\"link-more\"><a href=\"http:\/\/www.spang.ch\/aude\/fr\/2016\/10\/imminent-departure\/\">En savoir plus<\/a><\/div>\n","protected":false},"author":1,"featured_media":21,"comment_status":"open","ping_status":"open","sticky":false,"template":"","format":"standard","meta":{"jetpack_post_was_ever_published":false,"_jetpack_newsletter_access":"","_jetpack_dont_email_post_to_subs":true,"_jetpack_newsletter_tier_id":0,"_jetpack_memberships_contains_paywalled_content":false,"_jetpack_memberships_contains_paid_content":false,"footnotes":"","jetpack_publicize_message":"","jetpack_publicize_feature_enabled":true,"jetpack_social_post_already_shared":false,"jetpack_social_options":{"image_generator_settings":{"template":"highway","enabled":false},"version":2}},"categories":[4],"tags":[6],"jetpack_publicize_connections":[],"jetpack_featured_media_url":"https:\/\/i0.wp.com\/www.spang.ch\/aude\/wp-content\/uploads\/2016\/06\/IMG_0054.jpg?fit=3456%2C5184","jetpack_shortlink":"https:\/\/wp.me\/p7EYAh-k","jetpack-related-posts":[],"jetpack_likes_enabled":true,"jetpack_sharing_enabled":true,"_links":{"self":[{"href":"http:\/\/www.spang.ch\/aude\/fr\/wp-json\/wp\/v2\/posts\/20"}],"collection":[{"href":"http:\/\/www.spang.ch\/aude\/fr\/wp-json\/wp\/v2\/posts"}],"about":[{"href":"http:\/\/www.spang.ch\/aude\/fr\/wp-json\/wp\/v2\/types\/post"}],"author":[{"embeddable":true,"href":"http:\/\/www.spang.ch\/aude\/fr\/wp-json\/wp\/v2\/users\/1"}],"replies":[{"embeddable":true,"href":"http:\/\/www.spang.ch\/aude\/fr\/wp-json\/wp\/v2\/comments?post=20"}],"version-history":[{"count":26,"href":"http:\/\/www.spang.ch\/aude\/fr\/wp-json\/wp\/v2\/posts\/20\/revisions"}],"predecessor-version":[{"id":180,"href":"http:\/\/www.spang.ch\/aude\/fr\/wp-json\/wp\/v2\/posts\/20\/revisions\/180"}],"wp:featuredmedia":[{"embeddable":true,"href":"http:\/\/www.spang.ch\/aude\/fr\/wp-json\/wp\/v2\/media\/21"}],"wp:attachment":[{"href":"http:\/\/www.spang.ch\/aude\/fr\/wp-json\/wp\/v2\/media?parent=20"}],"wp:term":[{"taxonomy":"category","embeddable":true,"href":"http:\/\/www.spang.ch\/aude\/fr\/wp-json\/wp\/v2\/categories?post=20"},{"taxonomy":"post_tag","embeddable":true,"href":"http:\/\/www.spang.ch\/aude\/fr\/wp-json\/wp\/v2\/tags?post=20"}],"curies":[{"name":"wp","href":"https:\/\/api.w.org\/{rel}","templated":true}]}}