{"id":182,"date":"2016-10-25T08:00:30","date_gmt":"2016-10-25T06:00:30","guid":{"rendered":"http:\/\/www.spang.ch\/aude\/?p=182"},"modified":"2016-10-25T15:40:27","modified_gmt":"2016-10-25T13:40:27","slug":"colombia-is-amazing","status":"publish","type":"post","link":"http:\/\/www.spang.ch\/aude\/fr\/2016\/10\/colombia-is-amazing\/","title":{"rendered":"La Colombie est g\u00e9niale!"},"content":{"rendered":"<p><figure id=\"attachment_310\" aria-describedby=\"caption-attachment-310\" style=\"width: 200px\" class=\"wp-caption alignleft\"><a href=\"http:\/\/www.spang.ch\/aude\/2016\/10\/colombia-is-amazing\/image-6\/\" rel=\"attachment wp-att-310\"><img loading=\"lazy\" decoding=\"async\" data-attachment-id=\"310\" data-permalink=\"http:\/\/www.spang.ch\/aude\/fr\/2016\/10\/colombia-is-amazing\/image-6\/\" data-orig-file=\"https:\/\/i0.wp.com\/www.spang.ch\/aude\/wp-content\/uploads\/2016\/10\/image-5-e1477371593304.jpeg?fit=3265%2C4898\" data-orig-size=\"3265,4898\" data-comments-opened=\"1\" data-image-meta=\"{&quot;aperture&quot;:&quot;0&quot;,&quot;credit&quot;:&quot;Aude Spang&quot;,&quot;camera&quot;:&quot;&quot;,&quot;caption&quot;:&quot;&quot;,&quot;created_timestamp&quot;:&quot;0&quot;,&quot;copyright&quot;:&quot;&quot;,&quot;focal_length&quot;:&quot;0&quot;,&quot;iso&quot;:&quot;0&quot;,&quot;shutter_speed&quot;:&quot;0&quot;,&quot;title&quot;:&quot;&quot;,&quot;orientation&quot;:&quot;0&quot;}\" data-image-title=\"image\" data-image-description=\"\" data-image-caption=\"&lt;p&gt;Vall\u00e9e de Cocora&lt;\/p&gt;\n\" data-medium-file=\"https:\/\/i0.wp.com\/www.spang.ch\/aude\/wp-content\/uploads\/2016\/10\/image-5-e1477371593304.jpeg?fit=200%2C300\" data-large-file=\"https:\/\/i0.wp.com\/www.spang.ch\/aude\/wp-content\/uploads\/2016\/10\/image-5-e1477371593304.jpeg?fit=683%2C1024\" tabindex=\"0\" role=\"button\" class=\"size-medium wp-image-310\" src=\"https:\/\/i0.wp.com\/www.spang.ch\/aude\/wp-content\/uploads\/2016\/10\/image-5-e1477371593304-200x300.jpeg?resize=200%2C300\" alt=\"Vall\u00e9e de Cocora\" width=\"200\" height=\"300\" srcset=\"https:\/\/i0.wp.com\/www.spang.ch\/aude\/wp-content\/uploads\/2016\/10\/image-5-e1477371593304.jpeg?resize=200%2C300 200w, https:\/\/i0.wp.com\/www.spang.ch\/aude\/wp-content\/uploads\/2016\/10\/image-5-e1477371593304.jpeg?resize=768%2C1152 768w, https:\/\/i0.wp.com\/www.spang.ch\/aude\/wp-content\/uploads\/2016\/10\/image-5-e1477371593304.jpeg?resize=683%2C1024 683w, https:\/\/i0.wp.com\/www.spang.ch\/aude\/wp-content\/uploads\/2016\/10\/image-5-e1477371593304.jpeg?w=2000 2000w, https:\/\/i0.wp.com\/www.spang.ch\/aude\/wp-content\/uploads\/2016\/10\/image-5-e1477371593304.jpeg?w=3000 3000w\" sizes=\"(max-width: 200px) 100vw, 200px\" data-recalc-dims=\"1\" \/><\/a><figcaption id=\"caption-attachment-310\" class=\"wp-caption-text\">Vall\u00e9e de Cocora<\/figcaption><\/figure><\/p>\n<p style=\"text-align: justify;\">Voil\u00e0 maintenant deux semaines que je suis arriv\u00e9e, et cette conclusion s&rsquo;impose. La Colombia est aussi incroyable que l&rsquo;Indon\u00e9sie. Peut-\u00eatre ai-je un faible pour les pays tropicaux?* Ca me semble \u00eatre une hypoth\u00e8se pleine de sens. La Colombie a tout ce qu&rsquo;on peut chercher de magique dans un pays en ce qui concerne la g\u00e9ographie: des volcans, des glaciers, trois cordill\u00e8res pour le prix d&rsquo;une, la mer des Cara\u00efbes et une c\u00f4te au bord de\u00a0chaque oc\u00e9an, la jungle amazonienne, le d\u00e9sert&#8230; On peut y faire des trekkings magnifiques\u00a0dans le chaud comme dans le froid, de la plong\u00e9e, de l&rsquo;observation de faune et de flore, de la plage, de la d\u00e9couverte de cit\u00e9s anciennes ou d&rsquo;architecture coloniale majestueuse, ou\u00a0de la d\u00e9gustation de fruits sucr\u00e9s et color\u00e9s comme je les adore. C&rsquo;est vraiment, vraiment impressionnant cet oc\u00e9an de possibilit\u00e9s, et il est tr\u00e8s difficile de prendre des d\u00e9cisions quant \u00e0 ce que je vais voir ou pas, j&rsquo;ai toujours l&rsquo;impression que je vais passer \u00e0 c\u00f4t\u00e9 de quelque chose! Et pour ceux qui s&rsquo;inqui\u00e8tent: la p\u00e9riode de violence aveugle de la Colombie est termin\u00e9e depuis un moment &#8211; environ depuis la mort de Pablo Escobar en 1993. Bien s\u00fbr il faut savoir dans quelles rues ne pas se balader, il faut trouver des gens qui donnent de bons conseils, mais voyager en Colombie n&rsquo;est pas un risque en soi&#8230; pas \u00e9norm\u00e9ment\u00a0plus que, disons, en Italie (du sud). Ok je ne suis pas s\u00fbre de cette affirmation \u00e0 100%, mais c&rsquo;est plus ou moins mon ressenti. Il ne faut pas se r\u00e9v\u00e9ler une cible facile, mais ce n&rsquo;est pas non plus comme si on allait vous enlever \u00e0 chaque coin de rue. Et il faut surtout \u00eatre prudent dans les villes. Quant \u00e0 la nature, elle a d&rsquo;innombrables splendeurs \u00e0 offrir. Ma pr\u00e9diction est que dans 10 \u00e0 20 ans la Colombie sera archi-touristique.<\/p>\n<p style=\"text-align: justify;\"><small>*petit d\u00e9tail pour les chipoteurs: en fait l&rsquo;adjectif <i>tropical<\/i> est incorrect, ces pays ne sont pas sur les tropiques mais proches de l&rsquo;\u00e9quateur, il faudrait dire inter-tropical pour \u00eatre pr\u00e9cis<\/small><\/p>\n<figure id=\"attachment_285\" aria-describedby=\"caption-attachment-285\" style=\"width: 1000px\" class=\"wp-caption aligncenter\"><a href=\"http:\/\/www.spang.ch\/aude\/2016\/10\/colombia-is-amazing\/img_8495\/\" rel=\"attachment wp-att-285\"><img loading=\"lazy\" decoding=\"async\" data-attachment-id=\"285\" data-permalink=\"http:\/\/www.spang.ch\/aude\/fr\/2016\/10\/colombia-is-amazing\/img_8495\/\" data-orig-file=\"https:\/\/i0.wp.com\/www.spang.ch\/aude\/wp-content\/uploads\/2016\/10\/IMG_8495.jpg?fit=5184%2C3456\" data-orig-size=\"5184,3456\" data-comments-opened=\"1\" data-image-meta=\"{&quot;aperture&quot;:&quot;0&quot;,&quot;credit&quot;:&quot;&quot;,&quot;camera&quot;:&quot;&quot;,&quot;caption&quot;:&quot;&quot;,&quot;created_timestamp&quot;:&quot;0&quot;,&quot;copyright&quot;:&quot;&quot;,&quot;focal_length&quot;:&quot;0&quot;,&quot;iso&quot;:&quot;0&quot;,&quot;shutter_speed&quot;:&quot;0&quot;,&quot;title&quot;:&quot;&quot;,&quot;orientation&quot;:&quot;0&quot;}\" data-image-title=\"img_8495\" data-image-description=\"\" data-image-caption=\"&lt;p&gt;Paysage de la Zona Cafetera&lt;\/p&gt;\n\" data-medium-file=\"https:\/\/i0.wp.com\/www.spang.ch\/aude\/wp-content\/uploads\/2016\/10\/IMG_8495.jpg?fit=300%2C200\" data-large-file=\"https:\/\/i0.wp.com\/www.spang.ch\/aude\/wp-content\/uploads\/2016\/10\/IMG_8495.jpg?fit=1000%2C667\" tabindex=\"0\" role=\"button\" class=\"size-large wp-image-285\" src=\"https:\/\/i0.wp.com\/www.spang.ch\/aude\/wp-content\/uploads\/2016\/10\/IMG_8495.jpg?resize=1000%2C667\" alt=\"Paysage de la Zona Cafetera\" width=\"1000\" height=\"667\" srcset=\"https:\/\/i0.wp.com\/www.spang.ch\/aude\/wp-content\/uploads\/2016\/10\/IMG_8495.jpg?resize=1024%2C683 1024w, https:\/\/i0.wp.com\/www.spang.ch\/aude\/wp-content\/uploads\/2016\/10\/IMG_8495.jpg?resize=300%2C200 300w, https:\/\/i0.wp.com\/www.spang.ch\/aude\/wp-content\/uploads\/2016\/10\/IMG_8495.jpg?resize=768%2C512 768w, https:\/\/i0.wp.com\/www.spang.ch\/aude\/wp-content\/uploads\/2016\/10\/IMG_8495.jpg?resize=960%2C640 960w, https:\/\/i0.wp.com\/www.spang.ch\/aude\/wp-content\/uploads\/2016\/10\/IMG_8495.jpg?resize=450%2C300 450w, https:\/\/i0.wp.com\/www.spang.ch\/aude\/wp-content\/uploads\/2016\/10\/IMG_8495.jpg?w=2000 2000w, https:\/\/i0.wp.com\/www.spang.ch\/aude\/wp-content\/uploads\/2016\/10\/IMG_8495.jpg?w=3000 3000w\" sizes=\"(max-width: 1000px) 100vw, 1000px\" data-recalc-dims=\"1\" \/><\/a><figcaption id=\"caption-attachment-285\" class=\"wp-caption-text\">Paysage de la Zona Cafetera<\/figcaption><\/figure>\n<figure id=\"attachment_295\" aria-describedby=\"caption-attachment-295\" style=\"width: 200px\" class=\"wp-caption alignleft\"><a href=\"http:\/\/www.spang.ch\/aude\/2016\/10\/colombia-is-amazing\/img_8057\/\" rel=\"attachment wp-att-295\"><img loading=\"lazy\" decoding=\"async\" data-attachment-id=\"295\" data-permalink=\"http:\/\/www.spang.ch\/aude\/fr\/2016\/10\/colombia-is-amazing\/img_8057\/\" data-orig-file=\"https:\/\/i0.wp.com\/www.spang.ch\/aude\/wp-content\/uploads\/2016\/10\/IMG_8057-e1477245131678.jpg?fit=3456%2C5184\" data-orig-size=\"3456,5184\" data-comments-opened=\"1\" data-image-meta=\"{&quot;aperture&quot;:&quot;0&quot;,&quot;credit&quot;:&quot;&quot;,&quot;camera&quot;:&quot;&quot;,&quot;caption&quot;:&quot;&quot;,&quot;created_timestamp&quot;:&quot;0&quot;,&quot;copyright&quot;:&quot;&quot;,&quot;focal_length&quot;:&quot;0&quot;,&quot;iso&quot;:&quot;0&quot;,&quot;shutter_speed&quot;:&quot;0&quot;,&quot;title&quot;:&quot;&quot;,&quot;orientation&quot;:&quot;0&quot;}\" data-image-title=\"img_8057\" data-image-description=\"\" data-image-caption=\"&lt;p&gt;Cathedrale de sel a Zipaquira&lt;\/p&gt;\n\" data-medium-file=\"https:\/\/i0.wp.com\/www.spang.ch\/aude\/wp-content\/uploads\/2016\/10\/IMG_8057-e1477245131678.jpg?fit=200%2C300\" data-large-file=\"https:\/\/i0.wp.com\/www.spang.ch\/aude\/wp-content\/uploads\/2016\/10\/IMG_8057-e1477245131678.jpg?fit=683%2C1024\" tabindex=\"0\" role=\"button\" class=\"size-medium wp-image-295\" src=\"https:\/\/i0.wp.com\/www.spang.ch\/aude\/wp-content\/uploads\/2016\/10\/IMG_8057-e1477245131678-200x300.jpg?resize=200%2C300\" alt=\"Cathedrale de sel a Zipaquira\" width=\"200\" height=\"300\" srcset=\"https:\/\/i0.wp.com\/www.spang.ch\/aude\/wp-content\/uploads\/2016\/10\/IMG_8057-e1477245131678.jpg?resize=200%2C300 200w, https:\/\/i0.wp.com\/www.spang.ch\/aude\/wp-content\/uploads\/2016\/10\/IMG_8057-e1477245131678.jpg?resize=768%2C1152 768w, https:\/\/i0.wp.com\/www.spang.ch\/aude\/wp-content\/uploads\/2016\/10\/IMG_8057-e1477245131678.jpg?resize=683%2C1024 683w, https:\/\/i0.wp.com\/www.spang.ch\/aude\/wp-content\/uploads\/2016\/10\/IMG_8057-e1477245131678.jpg?w=2000 2000w, https:\/\/i0.wp.com\/www.spang.ch\/aude\/wp-content\/uploads\/2016\/10\/IMG_8057-e1477245131678.jpg?w=3000 3000w\" sizes=\"(max-width: 200px) 100vw, 200px\" data-recalc-dims=\"1\" \/><\/a><figcaption id=\"caption-attachment-295\" class=\"wp-caption-text\">Cath\u00e9drale de sel \u00e0\u00a0Zipaquir\u00e1<\/figcaption><\/figure>\n<p style=\"text-align: justify;\">Juste avant de quitter Bogota, je suis all\u00e9e \u00e0 Zipaquir\u00e1, une ville pas trop loin, visiter une cath\u00e9drale de sel. Tr\u00e8s belle et impressionnante, bien que le billet soit excessivement cher pour le pays, elle est situ\u00e9e dans une mine encore en activit\u00e9. J&rsquo;en ai appris un peu plus sur les indig\u00e8nes de la region, les Muisca, ainsi que sur l&rsquo;histoire de l&rsquo;industrialisation de la mine, et je me suis balad\u00e9e dans cette immense construction souterraine. Le lendemain, j&rsquo;ai pris un bus pour Armenia, traversant la Cordill\u00e8re des Andes transversalement afin de rejoindre ma prochaine destination. Depuis, j&rsquo;ai appris que les autres pays sud-am\u00e9ricains sont travers\u00e9s par la Cordill\u00e8re des Andes qui est une cha\u00eene de montagnes plus ou moins uniforme, alors qu&rsquo;en Colombie cette cha\u00eene se s\u00e9pare en trois, telle une triple langue de serpent. Ce que j&rsquo;ai fait en bus est donc descendre l&rsquo;une de ces branches (car Bogot\u00e1 est dans les hauteurs, je le rappelle), et remonter la suivante pour me retrouver dans la Zona Cafetera, o\u00f9 le climat est particuli\u00e8rement propice \u00e0 la culture du caf\u00e9.<\/p>\n<figure id=\"attachment_280\" aria-describedby=\"caption-attachment-280\" style=\"width: 1000px\" class=\"wp-caption aligncenter\"><a href=\"http:\/\/www.spang.ch\/aude\/2016\/10\/colombia-is-amazing\/img_8322\/\" rel=\"attachment wp-att-280\"><img loading=\"lazy\" decoding=\"async\" data-attachment-id=\"280\" data-permalink=\"http:\/\/www.spang.ch\/aude\/fr\/2016\/10\/colombia-is-amazing\/img_8322\/\" data-orig-file=\"https:\/\/i0.wp.com\/www.spang.ch\/aude\/wp-content\/uploads\/2016\/10\/IMG_8322.jpg?fit=5184%2C3456\" data-orig-size=\"5184,3456\" data-comments-opened=\"1\" data-image-meta=\"{&quot;aperture&quot;:&quot;0&quot;,&quot;credit&quot;:&quot;&quot;,&quot;camera&quot;:&quot;&quot;,&quot;caption&quot;:&quot;&quot;,&quot;created_timestamp&quot;:&quot;0&quot;,&quot;copyright&quot;:&quot;&quot;,&quot;focal_length&quot;:&quot;0&quot;,&quot;iso&quot;:&quot;0&quot;,&quot;shutter_speed&quot;:&quot;0&quot;,&quot;title&quot;:&quot;&quot;,&quot;orientation&quot;:&quot;0&quot;}\" data-image-title=\"img_8322\" data-image-description=\"\" data-image-caption=\"&lt;p&gt;Cafe qui pousse dans une \u00ab\u00a0finca\u00a0\u00bb&lt;\/p&gt;\n\" data-medium-file=\"https:\/\/i0.wp.com\/www.spang.ch\/aude\/wp-content\/uploads\/2016\/10\/IMG_8322.jpg?fit=300%2C200\" data-large-file=\"https:\/\/i0.wp.com\/www.spang.ch\/aude\/wp-content\/uploads\/2016\/10\/IMG_8322.jpg?fit=1000%2C667\" tabindex=\"0\" role=\"button\" class=\"size-large wp-image-280\" src=\"https:\/\/i0.wp.com\/www.spang.ch\/aude\/wp-content\/uploads\/2016\/10\/IMG_8322.jpg?resize=1000%2C667\" alt=\"Cafe qui pousse dans une &quot;finca&quot;\" width=\"1000\" height=\"667\" srcset=\"https:\/\/i0.wp.com\/www.spang.ch\/aude\/wp-content\/uploads\/2016\/10\/IMG_8322.jpg?resize=1024%2C683 1024w, https:\/\/i0.wp.com\/www.spang.ch\/aude\/wp-content\/uploads\/2016\/10\/IMG_8322.jpg?resize=300%2C200 300w, https:\/\/i0.wp.com\/www.spang.ch\/aude\/wp-content\/uploads\/2016\/10\/IMG_8322.jpg?resize=768%2C512 768w, https:\/\/i0.wp.com\/www.spang.ch\/aude\/wp-content\/uploads\/2016\/10\/IMG_8322.jpg?resize=960%2C640 960w, https:\/\/i0.wp.com\/www.spang.ch\/aude\/wp-content\/uploads\/2016\/10\/IMG_8322.jpg?resize=450%2C300 450w, https:\/\/i0.wp.com\/www.spang.ch\/aude\/wp-content\/uploads\/2016\/10\/IMG_8322.jpg?w=2000 2000w, https:\/\/i0.wp.com\/www.spang.ch\/aude\/wp-content\/uploads\/2016\/10\/IMG_8322.jpg?w=3000 3000w\" sizes=\"(max-width: 1000px) 100vw, 1000px\" data-recalc-dims=\"1\" \/><\/a><figcaption id=\"caption-attachment-280\" class=\"wp-caption-text\">Caf\u00e9 qui pousse dans une \u00ab\u00a0finca\u00a0\u00bb<\/figcaption><\/figure>\n<p style=\"text-align: justify;\">J&rsquo;ai donc accompli mon devoir et visit\u00e9 cette superbe region. J&rsquo;y ai retrouv\u00e9 les palmiers et bananiers, arbres que j&rsquo;aime tant, lors d&rsquo;un trek \u00e0 Salento (non pas dans les Pouilles du sud de l&rsquo;Italie, mais bien Salento en Colombie!). Six petites heures de marche dans la for\u00eat tropicale de mon c\u0153ur, avec un crochet par Acaime, la maison des colibris. Mes premiers colibris, je n&rsquo;en avais jamais vus avant! Animaux incroyables, oiseaux se comportant comme des insectes et arborant un tas de couleurs magiques. Cette marche de la Vall\u00e9e de Cocora, avec un couple d&rsquo;Autrichiens fort sympathiques rencontr\u00e9s en chemin, s&rsquo;est termin\u00e9e par la vision enchanteresses des plus hauts palmiers du monde (on dit qu&rsquo;ils culminent jusqu&rsquo;\u00e0 m\u00eame 80 m\u00e8tres). Quelques jours en Colombie et me voici deja combl\u00e9e; superbe!!! Le lendemain, j&rsquo;ai visit\u00e9 une petite <i>finca de cafe<\/i>, une ferme familiale o\u00f9 le caf\u00e9 est produit enti\u00e8rement biologiquement. Il fut expliqu\u00e9 comment faire pousser le caf\u00e9 de fa\u00e7on durable, sans produits ni engrais chimiques (mais uniquement avec l&rsquo;aide de poules pour l&rsquo;engrais, de plantes piment\u00e9es pour les pesticides, d&rsquo;autres arbres et plantes sur le terrain pour pomper l&rsquo;eau suppl\u00e9mentaire\/offrir de l&rsquo;ombre\/attirer les insectes, etc). Puis, on nous a montr\u00e9 les diff\u00e9rentes \u00e9tapes de traitement de la plante, de la machine qui sort les grains de cafe de leur coque rouge \u00e0 l&rsquo;\u00e9tape de chauffage puis passage au moulin, en passant par le nettoyage et s\u00e9chage des grains afin de retirer l&rsquo;enveloppe graisseuse qui les prot\u00e8ge. J&rsquo;y ai appris que <b>plus le caf\u00e9 est cuit longtemps (et devient sombre), plus le go\u00fbt est fort, mais moins le taux de caf\u00e9ine est \u00e9lev\u00e9!<\/b> Une tr\u00e8s int\u00e9ressante visite, et oui je me suis forc\u00e9e \u00e0 boire le caf\u00e9 qu&rsquo;on nous a offert; ce fut moins horrible que pr\u00e9vu, parce que le caf\u00e9 est peu fort en Colombie par rapport aux go\u00fbts europ\u00e9ens. Mais tout de m\u00eame, je n&rsquo;en boirais pas chaque matin.<\/p>\n<figure id=\"attachment_277\" aria-describedby=\"caption-attachment-277\" style=\"width: 1000px\" class=\"wp-caption aligncenter\"><a href=\"http:\/\/www.spang.ch\/aude\/2016\/10\/colombia-is-amazing\/img_8202\/\" rel=\"attachment wp-att-277\"><img loading=\"lazy\" decoding=\"async\" data-attachment-id=\"277\" data-permalink=\"http:\/\/www.spang.ch\/aude\/fr\/2016\/10\/colombia-is-amazing\/img_8202\/\" data-orig-file=\"https:\/\/i0.wp.com\/www.spang.ch\/aude\/wp-content\/uploads\/2016\/10\/IMG_8202.jpg?fit=5184%2C3456\" data-orig-size=\"5184,3456\" data-comments-opened=\"1\" data-image-meta=\"{&quot;aperture&quot;:&quot;0&quot;,&quot;credit&quot;:&quot;&quot;,&quot;camera&quot;:&quot;&quot;,&quot;caption&quot;:&quot;&quot;,&quot;created_timestamp&quot;:&quot;0&quot;,&quot;copyright&quot;:&quot;&quot;,&quot;focal_length&quot;:&quot;0&quot;,&quot;iso&quot;:&quot;0&quot;,&quot;shutter_speed&quot;:&quot;0&quot;,&quot;title&quot;:&quot;&quot;,&quot;orientation&quot;:&quot;0&quot;}\" data-image-title=\"img_8202\" data-image-description=\"\" data-image-caption=\"&lt;p&gt;Colibri a Acaime&lt;\/p&gt;\n\" data-medium-file=\"https:\/\/i0.wp.com\/www.spang.ch\/aude\/wp-content\/uploads\/2016\/10\/IMG_8202.jpg?fit=300%2C200\" data-large-file=\"https:\/\/i0.wp.com\/www.spang.ch\/aude\/wp-content\/uploads\/2016\/10\/IMG_8202.jpg?fit=1000%2C667\" tabindex=\"0\" role=\"button\" class=\"size-large wp-image-277\" src=\"https:\/\/i0.wp.com\/www.spang.ch\/aude\/wp-content\/uploads\/2016\/10\/IMG_8202.jpg?resize=1000%2C667\" alt=\"Colibri a Acaime\" width=\"1000\" height=\"667\" srcset=\"https:\/\/i0.wp.com\/www.spang.ch\/aude\/wp-content\/uploads\/2016\/10\/IMG_8202.jpg?resize=1024%2C683 1024w, https:\/\/i0.wp.com\/www.spang.ch\/aude\/wp-content\/uploads\/2016\/10\/IMG_8202.jpg?resize=300%2C200 300w, https:\/\/i0.wp.com\/www.spang.ch\/aude\/wp-content\/uploads\/2016\/10\/IMG_8202.jpg?resize=768%2C512 768w, https:\/\/i0.wp.com\/www.spang.ch\/aude\/wp-content\/uploads\/2016\/10\/IMG_8202.jpg?resize=960%2C640 960w, https:\/\/i0.wp.com\/www.spang.ch\/aude\/wp-content\/uploads\/2016\/10\/IMG_8202.jpg?resize=450%2C300 450w, https:\/\/i0.wp.com\/www.spang.ch\/aude\/wp-content\/uploads\/2016\/10\/IMG_8202.jpg?w=2000 2000w, https:\/\/i0.wp.com\/www.spang.ch\/aude\/wp-content\/uploads\/2016\/10\/IMG_8202.jpg?w=3000 3000w\" sizes=\"(max-width: 1000px) 100vw, 1000px\" data-recalc-dims=\"1\" \/><\/a><figcaption id=\"caption-attachment-277\" class=\"wp-caption-text\">Colibri \u00e0\u00a0Acaime<\/figcaption><\/figure>\n<figure id=\"attachment_311\" aria-describedby=\"caption-attachment-311\" style=\"width: 300px\" class=\"wp-caption alignleft\"><a href=\"http:\/\/www.spang.ch\/aude\/2016\/10\/colombia-is-amazing\/image-7\/\" rel=\"attachment wp-att-311\"><img loading=\"lazy\" decoding=\"async\" data-attachment-id=\"311\" data-permalink=\"http:\/\/www.spang.ch\/aude\/fr\/2016\/10\/colombia-is-amazing\/image-7\/\" data-orig-file=\"https:\/\/i0.wp.com\/www.spang.ch\/aude\/wp-content\/uploads\/2016\/10\/image-6.jpeg?fit=4898%2C3265\" data-orig-size=\"4898,3265\" data-comments-opened=\"1\" data-image-meta=\"{&quot;aperture&quot;:&quot;0&quot;,&quot;credit&quot;:&quot;Aude Spang&quot;,&quot;camera&quot;:&quot;&quot;,&quot;caption&quot;:&quot;&quot;,&quot;created_timestamp&quot;:&quot;0&quot;,&quot;copyright&quot;:&quot;&quot;,&quot;focal_length&quot;:&quot;0&quot;,&quot;iso&quot;:&quot;0&quot;,&quot;shutter_speed&quot;:&quot;0&quot;,&quot;title&quot;:&quot;&quot;,&quot;orientation&quot;:&quot;0&quot;}\" data-image-title=\"image\" data-image-description=\"\" data-image-caption=\"&lt;p&gt;Un Willy durant le d\u00e9fil\u00e9&lt;\/p&gt;\n\" data-medium-file=\"https:\/\/i0.wp.com\/www.spang.ch\/aude\/wp-content\/uploads\/2016\/10\/image-6.jpeg?fit=300%2C200\" data-large-file=\"https:\/\/i0.wp.com\/www.spang.ch\/aude\/wp-content\/uploads\/2016\/10\/image-6.jpeg?fit=1000%2C667\" tabindex=\"0\" role=\"button\" class=\"size-medium wp-image-311\" src=\"https:\/\/i0.wp.com\/www.spang.ch\/aude\/wp-content\/uploads\/2016\/10\/image-6.jpeg?resize=300%2C200\" alt=\"Un Willy durant le d\u00e9fil\u00e9\" width=\"300\" height=\"200\" srcset=\"https:\/\/i0.wp.com\/www.spang.ch\/aude\/wp-content\/uploads\/2016\/10\/image-6.jpeg?resize=300%2C200 300w, https:\/\/i0.wp.com\/www.spang.ch\/aude\/wp-content\/uploads\/2016\/10\/image-6.jpeg?resize=768%2C512 768w, https:\/\/i0.wp.com\/www.spang.ch\/aude\/wp-content\/uploads\/2016\/10\/image-6.jpeg?resize=1024%2C683 1024w, https:\/\/i0.wp.com\/www.spang.ch\/aude\/wp-content\/uploads\/2016\/10\/image-6.jpeg?resize=960%2C640 960w, https:\/\/i0.wp.com\/www.spang.ch\/aude\/wp-content\/uploads\/2016\/10\/image-6.jpeg?resize=450%2C300 450w, https:\/\/i0.wp.com\/www.spang.ch\/aude\/wp-content\/uploads\/2016\/10\/image-6.jpeg?w=2000 2000w, https:\/\/i0.wp.com\/www.spang.ch\/aude\/wp-content\/uploads\/2016\/10\/image-6.jpeg?w=3000 3000w\" sizes=\"(max-width: 300px) 100vw, 300px\" data-recalc-dims=\"1\" \/><\/a><figcaption id=\"caption-attachment-311\" class=\"wp-caption-text\">Un Willy durant le d\u00e9fil\u00e9<\/figcaption><\/figure>\n<p>Dans la Zona Cafetera, qui s&rsquo;\u00e9tend sur plusieurs d\u00e9partements, le d\u00e9placement se fait en Willy&rsquo;s, une vari\u00e9t\u00e9 de mini-jeep dont les droits furent apparemment achet\u00e9s par la Colombie au sortir de la deuxi\u00e8me guerre mondiale dans l&rsquo;id\u00e9e de transporter le caf\u00e9. Depuis, le v\u00e9hicule a assum\u00e9 plusieurs autres r\u00f4les, dont le transport de personnes. On monte \u00e0 l&rsquo;arri\u00e8re de la petite jeep dont le panneau \u00e0 l&rsquo;avant indique le nom de la destination qui nous int\u00e9resse, apres avoir discut\u00e9 du prix avec le chauffeur, et ainsi on parcourt les paysages de collines verdoyantes de la r\u00e9gion \u00e0 30km\/h. Dans de nombreux cas, et cela m&rsquo;est bien s\u00fbr arriv\u00e9, la place faisant d\u00e9faut \u00e0 l&rsquo;int\u00e9rieur du v\u00e9hicule, quelques passagers s&rsquo;installent debout \u00e0 l&rsquo;arri\u00e8re et s&rsquo;accrochent a la structure m\u00e9tallique de la voiture. Une exp\u00e9rience qui n&rsquo;est pas sans me rappeler l&rsquo;Indon\u00e9sie! A Armenia, lors de mon dernier jour l\u00e0-bas, j&rsquo;ai eu la chance de voir passer un d\u00e9fil\u00e9 de Willy&rsquo;s, chaque propri\u00e9taire exhibant fi\u00e8rement, accroch\u00e9 \u00e0 sa jeep dans des positions d\u00e9fiant la gravit\u00e9, ce qu&rsquo;il produit, vend, ou aime.<\/p>\n<figure id=\"attachment_301\" aria-describedby=\"caption-attachment-301\" style=\"width: 1000px\" class=\"wp-caption aligncenter\"><a href=\"http:\/\/www.spang.ch\/aude\/2016\/10\/colombia-is-amazing\/img_9559\/\" rel=\"attachment wp-att-301\"><img loading=\"lazy\" decoding=\"async\" data-attachment-id=\"301\" data-permalink=\"http:\/\/www.spang.ch\/aude\/fr\/2016\/10\/colombia-is-amazing\/img_9559\/\" data-orig-file=\"https:\/\/i0.wp.com\/www.spang.ch\/aude\/wp-content\/uploads\/2016\/10\/IMG_9559.jpg?fit=1000%2C667\" data-orig-size=\"1000,667\" data-comments-opened=\"1\" data-image-meta=\"{&quot;aperture&quot;:&quot;0&quot;,&quot;credit&quot;:&quot;&quot;,&quot;camera&quot;:&quot;&quot;,&quot;caption&quot;:&quot;&quot;,&quot;created_timestamp&quot;:&quot;0&quot;,&quot;copyright&quot;:&quot;&quot;,&quot;focal_length&quot;:&quot;0&quot;,&quot;iso&quot;:&quot;0&quot;,&quot;shutter_speed&quot;:&quot;0&quot;,&quot;title&quot;:&quot;&quot;,&quot;orientation&quot;:&quot;0&quot;}\" data-image-title=\"img_9559\" data-image-description=\"\" data-image-caption=\"&lt;p&gt;Cocora Valley&lt;\/p&gt;\n\" data-medium-file=\"https:\/\/i0.wp.com\/www.spang.ch\/aude\/wp-content\/uploads\/2016\/10\/IMG_9559.jpg?fit=300%2C200\" data-large-file=\"https:\/\/i0.wp.com\/www.spang.ch\/aude\/wp-content\/uploads\/2016\/10\/IMG_9559.jpg?fit=1000%2C667\" tabindex=\"0\" role=\"button\" class=\"size-full wp-image-301\" src=\"https:\/\/i0.wp.com\/www.spang.ch\/aude\/wp-content\/uploads\/2016\/10\/IMG_9559.jpg?resize=1000%2C667\" alt=\"Vallee de Cocora\" width=\"1000\" height=\"667\" srcset=\"https:\/\/i0.wp.com\/www.spang.ch\/aude\/wp-content\/uploads\/2016\/10\/IMG_9559.jpg?w=1000 1000w, https:\/\/i0.wp.com\/www.spang.ch\/aude\/wp-content\/uploads\/2016\/10\/IMG_9559.jpg?resize=300%2C200 300w, https:\/\/i0.wp.com\/www.spang.ch\/aude\/wp-content\/uploads\/2016\/10\/IMG_9559.jpg?resize=768%2C512 768w, https:\/\/i0.wp.com\/www.spang.ch\/aude\/wp-content\/uploads\/2016\/10\/IMG_9559.jpg?resize=960%2C640 960w, https:\/\/i0.wp.com\/www.spang.ch\/aude\/wp-content\/uploads\/2016\/10\/IMG_9559.jpg?resize=450%2C300 450w\" sizes=\"(max-width: 1000px) 100vw, 1000px\" data-recalc-dims=\"1\" \/><\/a><figcaption id=\"caption-attachment-301\" class=\"wp-caption-text\">Vall\u00e9e de Cocora<\/figcaption><\/figure>\n<p style=\"text-align: justify;\"><a href=\"http:\/\/www.spang.ch\/aude\/2016\/10\/colombia-is-amazing\/img_8371\/\" rel=\"attachment wp-att-281\"><img loading=\"lazy\" decoding=\"async\" data-attachment-id=\"281\" data-permalink=\"http:\/\/www.spang.ch\/aude\/fr\/2016\/10\/colombia-is-amazing\/img_8371\/\" data-orig-file=\"https:\/\/i0.wp.com\/www.spang.ch\/aude\/wp-content\/uploads\/2016\/10\/IMG_8371-e1477245323415.jpg?fit=3456%2C5184\" data-orig-size=\"3456,5184\" data-comments-opened=\"1\" data-image-meta=\"{&quot;aperture&quot;:&quot;0&quot;,&quot;credit&quot;:&quot;&quot;,&quot;camera&quot;:&quot;&quot;,&quot;caption&quot;:&quot;&quot;,&quot;created_timestamp&quot;:&quot;0&quot;,&quot;copyright&quot;:&quot;&quot;,&quot;focal_length&quot;:&quot;0&quot;,&quot;iso&quot;:&quot;0&quot;,&quot;shutter_speed&quot;:&quot;0&quot;,&quot;title&quot;:&quot;&quot;,&quot;orientation&quot;:&quot;0&quot;}\" data-image-title=\"img_8371\" data-image-description=\"\" data-image-caption=\"\" data-medium-file=\"https:\/\/i0.wp.com\/www.spang.ch\/aude\/wp-content\/uploads\/2016\/10\/IMG_8371-e1477245323415.jpg?fit=200%2C300\" data-large-file=\"https:\/\/i0.wp.com\/www.spang.ch\/aude\/wp-content\/uploads\/2016\/10\/IMG_8371-e1477245323415.jpg?fit=683%2C1024\" tabindex=\"0\" role=\"button\" class=\"alignleft size-medium wp-image-281\" src=\"https:\/\/i0.wp.com\/www.spang.ch\/aude\/wp-content\/uploads\/2016\/10\/IMG_8371-e1477245323415-200x300.jpg?resize=200%2C300\" alt=\"img_8371\" width=\"200\" height=\"300\" srcset=\"https:\/\/i0.wp.com\/www.spang.ch\/aude\/wp-content\/uploads\/2016\/10\/IMG_8371-e1477245323415.jpg?resize=200%2C300 200w, https:\/\/i0.wp.com\/www.spang.ch\/aude\/wp-content\/uploads\/2016\/10\/IMG_8371-e1477245323415.jpg?resize=768%2C1152 768w, https:\/\/i0.wp.com\/www.spang.ch\/aude\/wp-content\/uploads\/2016\/10\/IMG_8371-e1477245323415.jpg?resize=683%2C1024 683w, https:\/\/i0.wp.com\/www.spang.ch\/aude\/wp-content\/uploads\/2016\/10\/IMG_8371-e1477245323415.jpg?w=2000 2000w, https:\/\/i0.wp.com\/www.spang.ch\/aude\/wp-content\/uploads\/2016\/10\/IMG_8371-e1477245323415.jpg?w=3000 3000w\" sizes=\"(max-width: 200px) 100vw, 200px\" data-recalc-dims=\"1\" \/><\/a>Apr\u00e8s Armenia et Salento, j&rsquo;ai pris un bus pour le nord, jusqu&rsquo;\u00e0 Manizales. On me l&rsquo;avait recommand\u00e9 comme bon point de d\u00e9part pour Los Nevados, des glaciers et volcans de la r\u00e9gion. Je suis arriv\u00e9e un soir, ai r\u00e9serv\u00e9 mon trek pour le lendemain, et suis imm\u00e9diatement all\u00e9e dormir afin de me lever \u00e0 4h30 pour un d\u00e9part \u00e0 l&rsquo;aube! De nombreuses heures de voiture (la route permet difficilement d&rsquo;aller plus vite qu&rsquo;\u00e0 30km\/h) nous ont permis d&rsquo;atteindre les 4000m d&rsquo;altitude, zone de <i>p\u00e1ramos<\/i>, et ici un petit ex-cursus s&rsquo;impose. Je n&rsquo;avais jamais entendu parler de cet \u00e9cosyst\u00e8me montagneux intertropical, et pour cause: on n&rsquo;en trouve que dans certaines r\u00e9gions du monde; Afrique orientale, Ethiopie, Amerique Centrale, et surtout dans les Andes du Nord. L\u00e0, il n&rsquo;y en a que dans quatre pays; le P\u00e9rou, le Venezuela, l&rsquo;Equateur et la Colombie (qui d\u00e9tient 70% des <i>p\u00e1ramos<\/i> des Andes\/ou du monde). Ce que cet \u00e9cosyst\u00e8me a de particulier sont ses plantes, qu&rsquo;on ne trouve sauf erreur pas ailleurs. Cela produit un r\u00e9sultat visuel superbe, une impression de cactus (mais ce n&rsquo;en sont pas) survol\u00e9s par des gros oiseaux qui sont parfois des aigles, et parfois, de loin, des condors!<\/p>\n<figure id=\"attachment_279\" aria-describedby=\"caption-attachment-279\" style=\"width: 1000px\" class=\"wp-caption aligncenter\"><a href=\"http:\/\/www.spang.ch\/aude\/2016\/10\/colombia-is-amazing\/img_8266\/\" rel=\"attachment wp-att-279\"><img loading=\"lazy\" decoding=\"async\" data-attachment-id=\"279\" data-permalink=\"http:\/\/www.spang.ch\/aude\/fr\/2016\/10\/colombia-is-amazing\/img_8266\/\" data-orig-file=\"https:\/\/i0.wp.com\/www.spang.ch\/aude\/wp-content\/uploads\/2016\/10\/IMG_8266.jpg?fit=5184%2C3456\" data-orig-size=\"5184,3456\" data-comments-opened=\"1\" data-image-meta=\"{&quot;aperture&quot;:&quot;0&quot;,&quot;credit&quot;:&quot;&quot;,&quot;camera&quot;:&quot;&quot;,&quot;caption&quot;:&quot;&quot;,&quot;created_timestamp&quot;:&quot;0&quot;,&quot;copyright&quot;:&quot;&quot;,&quot;focal_length&quot;:&quot;0&quot;,&quot;iso&quot;:&quot;0&quot;,&quot;shutter_speed&quot;:&quot;0&quot;,&quot;title&quot;:&quot;&quot;,&quot;orientation&quot;:&quot;0&quot;}\" data-image-title=\"img_8266\" data-image-description=\"\" data-image-caption=\"&lt;p&gt;Colombia #2: Zipaquira, Salento, Los Nevados, Manizales&lt;\/p&gt;\n\" data-medium-file=\"https:\/\/i0.wp.com\/www.spang.ch\/aude\/wp-content\/uploads\/2016\/10\/IMG_8266.jpg?fit=300%2C200\" data-large-file=\"https:\/\/i0.wp.com\/www.spang.ch\/aude\/wp-content\/uploads\/2016\/10\/IMG_8266.jpg?fit=1000%2C667\" tabindex=\"0\" role=\"button\" class=\"size-large wp-image-279\" src=\"https:\/\/i0.wp.com\/www.spang.ch\/aude\/wp-content\/uploads\/2016\/10\/IMG_8266.jpg?resize=1000%2C667\" alt=\"Palmiers de 60m a 80m dans la Vallee de Cocora\" width=\"1000\" height=\"667\" srcset=\"https:\/\/i0.wp.com\/www.spang.ch\/aude\/wp-content\/uploads\/2016\/10\/IMG_8266.jpg?resize=1024%2C683 1024w, https:\/\/i0.wp.com\/www.spang.ch\/aude\/wp-content\/uploads\/2016\/10\/IMG_8266.jpg?resize=300%2C200 300w, https:\/\/i0.wp.com\/www.spang.ch\/aude\/wp-content\/uploads\/2016\/10\/IMG_8266.jpg?resize=768%2C512 768w, https:\/\/i0.wp.com\/www.spang.ch\/aude\/wp-content\/uploads\/2016\/10\/IMG_8266.jpg?resize=960%2C640 960w, https:\/\/i0.wp.com\/www.spang.ch\/aude\/wp-content\/uploads\/2016\/10\/IMG_8266.jpg?resize=450%2C300 450w, https:\/\/i0.wp.com\/www.spang.ch\/aude\/wp-content\/uploads\/2016\/10\/IMG_8266.jpg?w=2000 2000w, https:\/\/i0.wp.com\/www.spang.ch\/aude\/wp-content\/uploads\/2016\/10\/IMG_8266.jpg?w=3000 3000w\" sizes=\"(max-width: 1000px) 100vw, 1000px\" data-recalc-dims=\"1\" \/><\/a><figcaption id=\"caption-attachment-279\" class=\"wp-caption-text\">Palmiers de 60m \u00e0 80m dans la Vall\u00e9e de Cocora<\/figcaption><\/figure>\n<p style=\"text-align: justify;\">Bien s\u00fbr, quand on monte on sort du p\u00e1ramo pour se retrouver simplement en haute montagne, et m\u00eame dans le froid (j&rsquo;ai vu de la neige, oui oui). Les six heures de trek sur le Nevado Santa Isabel ne furent pas de toute facilit\u00e9, parce que c&rsquo;\u00e9tait la premi\u00e8re fois que je me d\u00e9pla\u00e7ais \u00e0 une telle altitude, et que nous sommes mont\u00e9s jusqu&rsquo;\u00e0 4700m! Mais bon sang \u00e7a en a valu la peine. Ce fut du m\u00eame coup ma premi\u00e8re fois sur un glacier (qui recule \u00e0 une vitesse effrayante, a \u00e9norm\u00e9ment diminu\u00e9 en 10 ans et aura disparu d&rsquo;ici environ 5 ans). Et comme l&rsquo;ensemble de la zone est li\u00e9e aux volcans et que tout ce sur quoi j&rsquo;ai pos\u00e9 le pied l\u00e0-bas fut produit par des ph\u00e9nom\u00e8nes volcaniques, je me suis aussi promen\u00e9e proche d&rsquo;un crat\u00e8re rejetant de la vapeur. G\u00e9nial!!!<\/p>\n<figure id=\"attachment_283\" aria-describedby=\"caption-attachment-283\" style=\"width: 683px\" class=\"wp-caption aligncenter\"><a href=\"http:\/\/www.spang.ch\/aude\/2016\/10\/colombia-is-amazing\/img_8432\/\" rel=\"attachment wp-att-283\"><img loading=\"lazy\" decoding=\"async\" data-attachment-id=\"283\" data-permalink=\"http:\/\/www.spang.ch\/aude\/fr\/2016\/10\/colombia-is-amazing\/img_8432\/\" data-orig-file=\"https:\/\/i0.wp.com\/www.spang.ch\/aude\/wp-content\/uploads\/2016\/10\/IMG_8432-e1477245283920.jpg?fit=3456%2C5184\" data-orig-size=\"3456,5184\" data-comments-opened=\"1\" data-image-meta=\"{&quot;aperture&quot;:&quot;0&quot;,&quot;credit&quot;:&quot;&quot;,&quot;camera&quot;:&quot;&quot;,&quot;caption&quot;:&quot;&quot;,&quot;created_timestamp&quot;:&quot;0&quot;,&quot;copyright&quot;:&quot;&quot;,&quot;focal_length&quot;:&quot;0&quot;,&quot;iso&quot;:&quot;0&quot;,&quot;shutter_speed&quot;:&quot;0&quot;,&quot;title&quot;:&quot;&quot;,&quot;orientation&quot;:&quot;0&quot;}\" data-image-title=\"img_8432\" data-image-description=\"\" data-image-caption=\"&lt;p&gt;Une plante typique de paramo&lt;\/p&gt;\n\" data-medium-file=\"https:\/\/i0.wp.com\/www.spang.ch\/aude\/wp-content\/uploads\/2016\/10\/IMG_8432-e1477245283920.jpg?fit=200%2C300\" data-large-file=\"https:\/\/i0.wp.com\/www.spang.ch\/aude\/wp-content\/uploads\/2016\/10\/IMG_8432-e1477245283920.jpg?fit=683%2C1024\" tabindex=\"0\" role=\"button\" class=\"size-large wp-image-283\" src=\"https:\/\/i0.wp.com\/www.spang.ch\/aude\/wp-content\/uploads\/2016\/10\/IMG_8432-e1477245283920-683x1024.jpg?resize=683%2C1024\" alt=\"Une plante typique de paramo\" width=\"683\" height=\"1024\" srcset=\"https:\/\/i0.wp.com\/www.spang.ch\/aude\/wp-content\/uploads\/2016\/10\/IMG_8432-e1477245283920.jpg?resize=683%2C1024 683w, https:\/\/i0.wp.com\/www.spang.ch\/aude\/wp-content\/uploads\/2016\/10\/IMG_8432-e1477245283920.jpg?resize=200%2C300 200w, https:\/\/i0.wp.com\/www.spang.ch\/aude\/wp-content\/uploads\/2016\/10\/IMG_8432-e1477245283920.jpg?resize=768%2C1152 768w, https:\/\/i0.wp.com\/www.spang.ch\/aude\/wp-content\/uploads\/2016\/10\/IMG_8432-e1477245283920.jpg?w=2000 2000w, https:\/\/i0.wp.com\/www.spang.ch\/aude\/wp-content\/uploads\/2016\/10\/IMG_8432-e1477245283920.jpg?w=3000 3000w\" sizes=\"(max-width: 683px) 100vw, 683px\" data-recalc-dims=\"1\" \/><\/a><figcaption id=\"caption-attachment-283\" class=\"wp-caption-text\">Une plante typique de p\u00e1ramo<\/figcaption><\/figure>\n<p style=\"text-align: justify;\">Les jours suivants je suis rest\u00e9e un peu \u00e0 Manizales et ai visit\u00e9 la r\u00e9gion avec mon guide des Nevados, Pablo: nous sommes all\u00e9s d&rsquo;abord sous un soleil de plomb voir un peu plus de la Zona Cafetera en nous d\u00e9pla\u00e7ant vers Chinchina et Palestina, puis sous la pluie grimper une petite montagne \u00e0 Riosucio. J&rsquo;ai aussi eu droit \u00e0 plein d&rsquo;explications sur la r\u00e9gion et sur la ville, qui fut \u00e0 l&rsquo;\u00e9poque colonis\u00e9e par des habitants d&rsquo;Antioquia, un d\u00e9partement plus au nord. Beaucoup de marche en quelques jours pour mes pauvres jambes, qui furgent bien contentes des plusieurs heures de car que durait le trajet vers Medellin!<\/p>\n<figure id=\"attachment_313\" aria-describedby=\"caption-attachment-313\" style=\"width: 1000px\" class=\"wp-caption aligncenter\"><a href=\"http:\/\/www.spang.ch\/aude\/2016\/10\/colombia-is-amazing\/image-9\/\" rel=\"attachment wp-att-313\"><img loading=\"lazy\" decoding=\"async\" data-attachment-id=\"313\" data-permalink=\"http:\/\/www.spang.ch\/aude\/fr\/2016\/10\/colombia-is-amazing\/image-9\/\" data-orig-file=\"https:\/\/i0.wp.com\/www.spang.ch\/aude\/wp-content\/uploads\/2016\/10\/image-8.jpeg?fit=4898%2C3265\" data-orig-size=\"4898,3265\" data-comments-opened=\"1\" data-image-meta=\"{&quot;aperture&quot;:&quot;0&quot;,&quot;credit&quot;:&quot;Aude Spang&quot;,&quot;camera&quot;:&quot;&quot;,&quot;caption&quot;:&quot;&quot;,&quot;created_timestamp&quot;:&quot;0&quot;,&quot;copyright&quot;:&quot;&quot;,&quot;focal_length&quot;:&quot;0&quot;,&quot;iso&quot;:&quot;0&quot;,&quot;shutter_speed&quot;:&quot;0&quot;,&quot;title&quot;:&quot;&quot;,&quot;orientation&quot;:&quot;0&quot;}\" data-image-title=\"image\" data-image-description=\"\" data-image-caption=\"&lt;p&gt;El Nevado Santa Isabel&lt;\/p&gt;\n\" data-medium-file=\"https:\/\/i0.wp.com\/www.spang.ch\/aude\/wp-content\/uploads\/2016\/10\/image-8.jpeg?fit=300%2C200\" data-large-file=\"https:\/\/i0.wp.com\/www.spang.ch\/aude\/wp-content\/uploads\/2016\/10\/image-8.jpeg?fit=1000%2C667\" tabindex=\"0\" role=\"button\" class=\"size-large wp-image-313\" src=\"https:\/\/i0.wp.com\/www.spang.ch\/aude\/wp-content\/uploads\/2016\/10\/image-8.jpeg?resize=1000%2C667\" alt=\"El Nevado Santa Isabel\" width=\"1000\" height=\"667\" srcset=\"https:\/\/i0.wp.com\/www.spang.ch\/aude\/wp-content\/uploads\/2016\/10\/image-8.jpeg?resize=1024%2C683 1024w, https:\/\/i0.wp.com\/www.spang.ch\/aude\/wp-content\/uploads\/2016\/10\/image-8.jpeg?resize=300%2C200 300w, https:\/\/i0.wp.com\/www.spang.ch\/aude\/wp-content\/uploads\/2016\/10\/image-8.jpeg?resize=768%2C512 768w, https:\/\/i0.wp.com\/www.spang.ch\/aude\/wp-content\/uploads\/2016\/10\/image-8.jpeg?resize=960%2C640 960w, https:\/\/i0.wp.com\/www.spang.ch\/aude\/wp-content\/uploads\/2016\/10\/image-8.jpeg?resize=450%2C300 450w, https:\/\/i0.wp.com\/www.spang.ch\/aude\/wp-content\/uploads\/2016\/10\/image-8.jpeg?w=2000 2000w, https:\/\/i0.wp.com\/www.spang.ch\/aude\/wp-content\/uploads\/2016\/10\/image-8.jpeg?w=3000 3000w\" sizes=\"(max-width: 1000px) 100vw, 1000px\" data-recalc-dims=\"1\" \/><\/a><figcaption id=\"caption-attachment-313\" class=\"wp-caption-text\">El Nevado Santa Isabel<\/figcaption><\/figure>\n<p style=\"text-align: justify;\">Je vous avais dit que je vous reparlerais de certains sujets, j&rsquo;y viens. En ce qui concerne la comparaison avec Jakarta, voil\u00e0 mes impressions: Bogot\u00e1 est bien plus propre et moins pollu\u00e9e, elle a des rues dans lesquelles on peut se balader (possible en termes d&rsquo;infrastructures, l\u00e0 o\u00f9 \u00e0 Jakarta \u00e7a ne se pr\u00eatait simplement pas), et est beaucoup moins encombr\u00e9e de scooters, les gens se d\u00e9placent en voiture. Bien s\u00fbr le pays n&rsquo;est pas musulman, donc les femmes ne sont pas (voire beaaaaucoup moins!) couvertes et les gens boivent de l&rsquo;alcool. Et je trouve que le niveau de vie a tout de m\u00eame l&rsquo;air plus \u00e9lev\u00e9, peut-etre que la proportion de pauvres et tr\u00e8s pauvres est plus basse ici, que la classe moyenne est plus fournie. L\u00e0 o\u00f9 par contre je retrouve mes habitudes indon\u00e9siennes c&rsquo;est que beaucoup de b\u00e2timents sont de simples blocs aux multiples \u00e9tages, dont les fa\u00e7ades au niveau du sol sont couvertes de panneaux color\u00e9s, parfois r\u00e9alis\u00e9s \u00e0 la main, indiquant le contenu de la boutique ou du restaurant. On trouve de petites vendeurs de rue\/stands au bord de la rue o\u00f9 l&rsquo;on peut manger \u00e0 l&#8217;emporter (sauf qu&rsquo;ici au lieu du riz frit ce sont les empanadas). On mange beaaaaaaucoup de riz, quasiment \u00e0 chaque repas. Le climat est \u00e9quivalent, donc la m\u00e9t\u00e9o et la flore aussi un peu (m\u00eame s&rsquo;il fait en moyenne plus froid \u00e0 Bogot\u00e1), et du coup on peut boire du jus de mangue \u00e0 toute heure (ou autre d\u00e9lice fruit\u00e9 de ces latitudes). Et finalement, les bus aux horaires al\u00e9atoires m&rsquo;ont aussi rappel\u00e9 mon s\u00e9jour indon\u00e9sien. Bref, une remarque que j&rsquo;ai faite \u00e0 une amie r\u00e9sume un peu mon impression g\u00e9n\u00e9rale: que la Colombie est une esp\u00e8ce d&rsquo;Indon\u00e9sie m\u00e9diterran\u00e9enne (pas completement indon\u00e9sienne, tendant vers l&rsquo;italienne sous certains aspects dus \u00e0 sa culture latino).<\/p>\n<figure id=\"attachment_286\" aria-describedby=\"caption-attachment-286\" style=\"width: 1000px\" class=\"wp-caption aligncenter\"><img loading=\"lazy\" decoding=\"async\" data-attachment-id=\"286\" data-permalink=\"http:\/\/www.spang.ch\/aude\/fr\/2016\/10\/colombia-is-amazing\/img_8529\/\" data-orig-file=\"https:\/\/i0.wp.com\/www.spang.ch\/aude\/wp-content\/uploads\/2016\/10\/IMG_8529.jpg?fit=5184%2C3456\" data-orig-size=\"5184,3456\" data-comments-opened=\"1\" data-image-meta=\"{&quot;aperture&quot;:&quot;0&quot;,&quot;credit&quot;:&quot;&quot;,&quot;camera&quot;:&quot;&quot;,&quot;caption&quot;:&quot;&quot;,&quot;created_timestamp&quot;:&quot;0&quot;,&quot;copyright&quot;:&quot;&quot;,&quot;focal_length&quot;:&quot;0&quot;,&quot;iso&quot;:&quot;0&quot;,&quot;shutter_speed&quot;:&quot;0&quot;,&quot;title&quot;:&quot;&quot;,&quot;orientation&quot;:&quot;0&quot;}\" data-image-title=\"img_8529\" data-image-description=\"\" data-image-caption=\"&lt;p&gt;Close to Manizales, Riosucio&lt;\/p&gt;\n\" data-medium-file=\"https:\/\/i0.wp.com\/www.spang.ch\/aude\/wp-content\/uploads\/2016\/10\/IMG_8529.jpg?fit=300%2C200\" data-large-file=\"https:\/\/i0.wp.com\/www.spang.ch\/aude\/wp-content\/uploads\/2016\/10\/IMG_8529.jpg?fit=1000%2C667\" tabindex=\"0\" role=\"button\" class=\"wp-image-286 size-large\" src=\"https:\/\/i0.wp.com\/www.spang.ch\/aude\/wp-content\/uploads\/2016\/10\/IMG_8529.jpg?resize=1000%2C667\" alt=\"Close to Manizales, Riosucio\" width=\"1000\" height=\"667\" srcset=\"https:\/\/i0.wp.com\/www.spang.ch\/aude\/wp-content\/uploads\/2016\/10\/IMG_8529.jpg?resize=1024%2C683 1024w, https:\/\/i0.wp.com\/www.spang.ch\/aude\/wp-content\/uploads\/2016\/10\/IMG_8529.jpg?resize=300%2C200 300w, https:\/\/i0.wp.com\/www.spang.ch\/aude\/wp-content\/uploads\/2016\/10\/IMG_8529.jpg?resize=768%2C512 768w, https:\/\/i0.wp.com\/www.spang.ch\/aude\/wp-content\/uploads\/2016\/10\/IMG_8529.jpg?resize=960%2C640 960w, https:\/\/i0.wp.com\/www.spang.ch\/aude\/wp-content\/uploads\/2016\/10\/IMG_8529.jpg?resize=450%2C300 450w, https:\/\/i0.wp.com\/www.spang.ch\/aude\/wp-content\/uploads\/2016\/10\/IMG_8529.jpg?w=2000 2000w, https:\/\/i0.wp.com\/www.spang.ch\/aude\/wp-content\/uploads\/2016\/10\/IMG_8529.jpg?w=3000 3000w\" sizes=\"(max-width: 1000px) 100vw, 1000px\" data-recalc-dims=\"1\" \/><figcaption id=\"caption-attachment-286\" class=\"wp-caption-text\"><a href=\"http:\/\/www.spang.ch\/aude\/2016\/10\/colombia-is-amazing\/img_8571\/\" rel=\"attachment wp-att-287\">Pr\u00e8s de Manizales, Riosucio<\/a><\/figcaption><\/figure>\n<p>Un autre th\u00e8me qu&rsquo;on ne peut \u00e9viter, surtout quand on arrive en Colombie quelques jours apres que le pr\u00e9sident Santos ait re\u00e7u le prix Nobel pour une paix qu&rsquo;il n&rsquo;a pas r\u00e9ussi \u00e0 faire accepter au peuple, c&rsquo;est le trait\u00e9 qui aurait d\u00fb permettre \u00e0 la Colombie de sortir d&rsquo;une longuissime p\u00e9riode de guerre. Vous avez probablement entendu parler du refus de justesse des Colombiens, \u00e7a s&rsquo;est jou\u00e9 \u00e0 tr\u00e8s peu de pourcents. De quoi s&rsquo;agissait-il? D&rsquo;un accord de paix entre les Forces Armees Revolutionnaires Colombiennes (FARC) avec le gouvernement colombien afin de trouver une solution d&rsquo;entente pour mettre fin \u00e0 un conflit arm\u00e9 et sanguinaire de plus d&rsquo;une cinquantaine d&rsquo;ann\u00e9es, qui a traumatis\u00e9 une majorit\u00e9 des Colombiens. Qui n&rsquo;est pas inclus dans le trait\u00e9? Les groupes paramilitaires, qui se form\u00e8rent \u00e0 l&rsquo;\u00e9poque pour se prot\u00e9ger des guerilleros, et avec la b\u00e9n\u00e9diction du gouvernement, mais qui se sont montr\u00e9s tr\u00e8s cruels eux aussi, et ont eux aussi tu\u00e9s des innocents. D&rsquo;ailleurs qui d&rsquo;autre s&rsquo;est montr\u00e9 cruel et a tu\u00e9 des citoyens colombiens? Le gouvernement. Mais bon, l\u00e0 on entre trop dans les d\u00e9tails. Il suffit de comprendre que tout cela est bien compliqu\u00e9, et que maintenant les diff\u00e9rents acteurs sont arriv\u00e9s \u00e0 un point o\u00f9 il est plus strat\u00e9gique pour eux de signer la paix que de continuer \u00e0 se battre (non, Santos n&rsquo;est pas juste un saint altruiste), et que le pr\u00e9sident a voulu un pl\u00e9biscite pour asseoir sa victoire, mais qu&rsquo;il s&rsquo;est fait battre.<\/p>\n<figure id=\"attachment_314\" aria-describedby=\"caption-attachment-314\" style=\"width: 1000px\" class=\"wp-caption aligncenter\"><a href=\"http:\/\/www.spang.ch\/aude\/2016\/10\/colombia-is-amazing\/image-10\/\" rel=\"attachment wp-att-314\"><img loading=\"lazy\" decoding=\"async\" data-attachment-id=\"314\" data-permalink=\"http:\/\/www.spang.ch\/aude\/fr\/2016\/10\/colombia-is-amazing\/image-10\/\" data-orig-file=\"https:\/\/i0.wp.com\/www.spang.ch\/aude\/wp-content\/uploads\/2016\/10\/image-9.jpeg?fit=4898%2C3265\" data-orig-size=\"4898,3265\" data-comments-opened=\"1\" data-image-meta=\"{&quot;aperture&quot;:&quot;0&quot;,&quot;credit&quot;:&quot;Aude Spang&quot;,&quot;camera&quot;:&quot;&quot;,&quot;caption&quot;:&quot;&quot;,&quot;created_timestamp&quot;:&quot;0&quot;,&quot;copyright&quot;:&quot;&quot;,&quot;focal_length&quot;:&quot;0&quot;,&quot;iso&quot;:&quot;0&quot;,&quot;shutter_speed&quot;:&quot;0&quot;,&quot;title&quot;:&quot;&quot;,&quot;orientation&quot;:&quot;0&quot;}\" data-image-title=\"image\" data-image-description=\"\" data-image-caption=\"&lt;p&gt;El Nevado Santa Isabel&lt;\/p&gt;\n\" data-medium-file=\"https:\/\/i0.wp.com\/www.spang.ch\/aude\/wp-content\/uploads\/2016\/10\/image-9.jpeg?fit=300%2C200\" data-large-file=\"https:\/\/i0.wp.com\/www.spang.ch\/aude\/wp-content\/uploads\/2016\/10\/image-9.jpeg?fit=1000%2C667\" tabindex=\"0\" role=\"button\" class=\"size-large wp-image-314\" src=\"https:\/\/i0.wp.com\/www.spang.ch\/aude\/wp-content\/uploads\/2016\/10\/image-9.jpeg?resize=1000%2C667\" alt=\"El Nevado Santa Isabel\" width=\"1000\" height=\"667\" srcset=\"https:\/\/i0.wp.com\/www.spang.ch\/aude\/wp-content\/uploads\/2016\/10\/image-9.jpeg?resize=1024%2C683 1024w, https:\/\/i0.wp.com\/www.spang.ch\/aude\/wp-content\/uploads\/2016\/10\/image-9.jpeg?resize=300%2C200 300w, https:\/\/i0.wp.com\/www.spang.ch\/aude\/wp-content\/uploads\/2016\/10\/image-9.jpeg?resize=768%2C512 768w, https:\/\/i0.wp.com\/www.spang.ch\/aude\/wp-content\/uploads\/2016\/10\/image-9.jpeg?resize=960%2C640 960w, https:\/\/i0.wp.com\/www.spang.ch\/aude\/wp-content\/uploads\/2016\/10\/image-9.jpeg?resize=450%2C300 450w, https:\/\/i0.wp.com\/www.spang.ch\/aude\/wp-content\/uploads\/2016\/10\/image-9.jpeg?w=2000 2000w, https:\/\/i0.wp.com\/www.spang.ch\/aude\/wp-content\/uploads\/2016\/10\/image-9.jpeg?w=3000 3000w\" sizes=\"(max-width: 1000px) 100vw, 1000px\" data-recalc-dims=\"1\" \/><\/a><figcaption id=\"caption-attachment-314\" class=\"wp-caption-text\">El Nevado Santa Isabel<\/figcaption><\/figure>\n<p style=\"text-align: justify;\">Malheureusement, les Colombiens ont \u00e9t\u00e9 tr\u00e8s peu nombreux \u00e0 voter (environ 40% de la population en \u00e2ge de le faire), et le verdict des urnes a \u00e9t\u00e9 le r\u00e9sultat d&rsquo;une grande campagne de d\u00e9sinformation et de peur. L&rsquo;ancien pr\u00e9sident, Uribe, voulait mettre des b\u00e2tons dans les roues de Santos et a form\u00e9 une campagne qui disait, en gros, qu&rsquo;on veut de la paix mais pas de cette facon. Il \u00a0a r\u00e9ussi \u00e0 s&rsquo;allier les milieux religieux de droite en pr\u00e9tendant que la paix de Santos m\u00e8nerait \u00e0 un r\u00e9gime dictatorial homosexuel et communiste (oui, c&rsquo;est du lourd), et \u00e0 faire croire que les FARC auraient droit \u00e0 l&rsquo;impunit\u00e9 par rapport aux crimes qu&rsquo;ils ont commis. Et finalement un chef de campagne a expliqu\u00e9 a posteriori que leurs objectifs n&rsquo;\u00e9taient pas d&rsquo;expliquer le trait\u00e9 et les r\u00e9formes qui ensuivraient, mais de r\u00e9pandre l&rsquo;indignation. Ils ont donc pr\u00e9dit\u00a0aux pauvres ce qu&rsquo;ils ne veulent pas entendre (quelque chose comme suns ides pour les FARC), et aux riches ce qu&rsquo;eux ne veulent pas entendre (quelque chose comme une r\u00e9forme qui s&rsquo;ensuivrait et ne serait pas en leur faveur), et ils ont fini par gagner. En r\u00e9alit\u00e9, l&rsquo;accord qui a \u00e9t\u00e9 formul\u00e9 est \u00ab\u00a0classique\u00a0\u00bb par rapport \u00e0 ce qui s&rsquo;est fait dans d&rsquo;autres pays avec des situations similaires (notamment l&rsquo;Irlande du Nord). Les FARC dans leur ensemble auraient eu la possibilit\u00e9 de devenir un parti \u00e0 part enti\u00e8re, avec sa place au parlement, alors que certains individus ayant avou\u00e9 leurs crimes (graves) devraient passer par des peines de travail pour la communaut\u00e9 (petit commentaire: les prisons sont archi-pleines en Colombie). Et bien s\u00fbr l&rsquo;accord n&rsquo;est pas parfait, Santos n&rsquo;est pas parfait, les guerilleros ont commis des atrocit\u00e9s. Mais la paix aurait probablement \u00e9t\u00e9 un premier pas vers une am\u00e9lioration pour ce pays qui a v\u00e9cu trop longtemps dans la peur et la douleur. Quel est le plus triste dans tout ca? Les zones ayant v\u00e9cu la guerre directement ont vot\u00e9 oui parce qu&rsquo;ils pr\u00e9f\u00e8rent pardonner que continuer \u00e0 souffrir.<\/p>\n<p><small>Voici un lien avec les r\u00e9sultats du vote en chiffres et carte, les zones ayant souffert des FARC sont toutes inclues dans la partie qui a vot\u00e9 oui:\u00a0<a href=\"http:\/\/plebiscito.registraduria.gov.co\/99PL\/DPLZZZZZZZZZZZZZZZZZ_L1.htm\">http:\/\/plebiscito.registraduria.gov.co\/99PL\/DPLZZZZZZZZZZZZZZZZZ_L1.htm<\/a><\/small><\/p>\n<figure id=\"attachment_315\" aria-describedby=\"caption-attachment-315\" style=\"width: 300px\" class=\"wp-caption aligncenter\"><a href=\"http:\/\/www.spang.ch\/aude\/2016\/10\/colombia-is-amazing\/image-11\/\" rel=\"attachment wp-att-315\"><img loading=\"lazy\" decoding=\"async\" data-attachment-id=\"315\" data-permalink=\"http:\/\/www.spang.ch\/aude\/fr\/2016\/10\/colombia-is-amazing\/image-11\/\" data-orig-file=\"https:\/\/i0.wp.com\/www.spang.ch\/aude\/wp-content\/uploads\/2016\/10\/image-10.jpeg?fit=4898%2C3265\" data-orig-size=\"4898,3265\" data-comments-opened=\"1\" data-image-meta=\"{&quot;aperture&quot;:&quot;0&quot;,&quot;credit&quot;:&quot;Aude Spang&quot;,&quot;camera&quot;:&quot;&quot;,&quot;caption&quot;:&quot;&quot;,&quot;created_timestamp&quot;:&quot;0&quot;,&quot;copyright&quot;:&quot;&quot;,&quot;focal_length&quot;:&quot;0&quot;,&quot;iso&quot;:&quot;0&quot;,&quot;shutter_speed&quot;:&quot;0&quot;,&quot;title&quot;:&quot;&quot;,&quot;orientation&quot;:&quot;0&quot;}\" data-image-title=\"image\" data-image-description=\"\" data-image-caption=\"&lt;p&gt;Riosucio&lt;\/p&gt;\n\" data-medium-file=\"https:\/\/i0.wp.com\/www.spang.ch\/aude\/wp-content\/uploads\/2016\/10\/image-10.jpeg?fit=300%2C200\" data-large-file=\"https:\/\/i0.wp.com\/www.spang.ch\/aude\/wp-content\/uploads\/2016\/10\/image-10.jpeg?fit=1000%2C667\" tabindex=\"0\" role=\"button\" class=\"size-medium wp-image-315\" src=\"https:\/\/i0.wp.com\/www.spang.ch\/aude\/wp-content\/uploads\/2016\/10\/image-10.jpeg?resize=300%2C200\" alt=\"Riosucio\" width=\"300\" height=\"200\" srcset=\"https:\/\/i0.wp.com\/www.spang.ch\/aude\/wp-content\/uploads\/2016\/10\/image-10.jpeg?resize=300%2C200 300w, https:\/\/i0.wp.com\/www.spang.ch\/aude\/wp-content\/uploads\/2016\/10\/image-10.jpeg?resize=768%2C512 768w, https:\/\/i0.wp.com\/www.spang.ch\/aude\/wp-content\/uploads\/2016\/10\/image-10.jpeg?resize=1024%2C683 1024w, https:\/\/i0.wp.com\/www.spang.ch\/aude\/wp-content\/uploads\/2016\/10\/image-10.jpeg?resize=960%2C640 960w, https:\/\/i0.wp.com\/www.spang.ch\/aude\/wp-content\/uploads\/2016\/10\/image-10.jpeg?resize=450%2C300 450w, https:\/\/i0.wp.com\/www.spang.ch\/aude\/wp-content\/uploads\/2016\/10\/image-10.jpeg?w=2000 2000w, https:\/\/i0.wp.com\/www.spang.ch\/aude\/wp-content\/uploads\/2016\/10\/image-10.jpeg?w=3000 3000w\" sizes=\"(max-width: 300px) 100vw, 300px\" data-recalc-dims=\"1\" \/><\/a><figcaption id=\"caption-attachment-315\" class=\"wp-caption-text\">Riosucio<\/figcaption><\/figure>\n<p style=\"text-align: justify;\">On pourrait en dire beaucoup plus, expliquer \u00e0 quoi remonte le conflit des FARC (qui fut au d\u00e9part une lutte lib\u00e9rale contre le gouvernement) et l&rsquo;histoire de la violence en Colombie (impliquant notamment le parti lib\u00e9ral et le conservateur, qui apr\u00e8s de sanglants affrontements de guerre civile ont fini par s&rsquo;allier et devenir presque indissociables, se partageant le pouvoir dans le pays sans grande consid\u00e9ration pour les citoyens). Mais je ne m&rsquo;y connais pas du tout, ne sais ce que je sais que gr\u00e2ce aux explications de mes amis &#8211; et ma mauvaise m\u00e9moire ne fait pas honneur aux d\u00e9tails qu&rsquo;ils m&rsquo;ont fournis. Restons-en la pour le moment.<\/p>\n<p style=\"text-align: justify;\"><strong>Lecture colombienne\u00a0en cours:<\/strong> <i>Cien a\u00f1os de soledad<\/i> (Cent ans de solitude) par Gabriel Garcia Marquez, prix Nobel de la litterature colombien. D&rsquo;ailleurs vous le dire me rappelle que Pablo, mon guide, m&rsquo;a cit\u00e9 une phrase qu&rsquo;il a vue passer et trouve tr\u00e8s juste: \u00ab\u00a0La Colombie est un pays avec un prix Nobel de litt\u00e9rature alors qu&rsquo;elle ne lit pas, et qui a re\u00e7u un prix Nobel pour une paix qui n&rsquo;a pas \u00e9t\u00e9 sign\u00e9e&#8230; pr\u00e9cis\u00e9ment parce qu&rsquo;elle ne lit pas\u00a0\u00bb.<\/p>\n<p style=\"text-align: justify;\"><strong>Prochaines \u00e9tapes:<\/strong> Medell\u00edn (ville de Pablo Escobar et Fernando Botero), Guatape et son rocher, Jard\u00edn, peut-\u00eatre Santa Fe de Antioquia, puis le nord pour la c\u00f4te des Cara\u00efbes (je me r\u00e9jouis!)<\/p>\n<p style=\"text-align: center;\"><a href=\"https:\/\/goo.gl\/photos\/9XtcsXgVYDvW6nCw6\"><b>Pour plus de photos, cliquez ici<\/b><\/a><\/p>\n<p><figure id=\"attachment_312\" aria-describedby=\"caption-attachment-312\" style=\"width: 4898px\" class=\"wp-caption aligncenter\"><a href=\"http:\/\/www.spang.ch\/aude\/2016\/10\/colombia-is-amazing\/image-8\/\" rel=\"attachment wp-att-312\"><img loading=\"lazy\" decoding=\"async\" data-attachment-id=\"312\" data-permalink=\"http:\/\/www.spang.ch\/aude\/fr\/2016\/10\/colombia-is-amazing\/image-8\/\" data-orig-file=\"https:\/\/i0.wp.com\/www.spang.ch\/aude\/wp-content\/uploads\/2016\/10\/image-7.jpeg?fit=4898%2C3265\" data-orig-size=\"4898,3265\" data-comments-opened=\"1\" data-image-meta=\"{&quot;aperture&quot;:&quot;0&quot;,&quot;credit&quot;:&quot;Aude Spang&quot;,&quot;camera&quot;:&quot;&quot;,&quot;caption&quot;:&quot;&quot;,&quot;created_timestamp&quot;:&quot;0&quot;,&quot;copyright&quot;:&quot;&quot;,&quot;focal_length&quot;:&quot;0&quot;,&quot;iso&quot;:&quot;0&quot;,&quot;shutter_speed&quot;:&quot;0&quot;,&quot;title&quot;:&quot;&quot;,&quot;orientation&quot;:&quot;0&quot;}\" data-image-title=\"image\" data-image-description=\"\" data-image-caption=\"&lt;p&gt;Parque Nacional Los Nevados&lt;\/p&gt;\n\" data-medium-file=\"https:\/\/i0.wp.com\/www.spang.ch\/aude\/wp-content\/uploads\/2016\/10\/image-7.jpeg?fit=300%2C200\" data-large-file=\"https:\/\/i0.wp.com\/www.spang.ch\/aude\/wp-content\/uploads\/2016\/10\/image-7.jpeg?fit=1000%2C667\" tabindex=\"0\" role=\"button\" class=\"size-full wp-image-312\" src=\"https:\/\/i0.wp.com\/www.spang.ch\/aude\/wp-content\/uploads\/2016\/10\/image-7.jpeg?resize=1000%2C667\" alt=\"Parque Nacional Los Nevados\" width=\"1000\" height=\"667\" srcset=\"https:\/\/i0.wp.com\/www.spang.ch\/aude\/wp-content\/uploads\/2016\/10\/image-7.jpeg?w=4898 4898w, https:\/\/i0.wp.com\/www.spang.ch\/aude\/wp-content\/uploads\/2016\/10\/image-7.jpeg?resize=300%2C200 300w, https:\/\/i0.wp.com\/www.spang.ch\/aude\/wp-content\/uploads\/2016\/10\/image-7.jpeg?resize=768%2C512 768w, https:\/\/i0.wp.com\/www.spang.ch\/aude\/wp-content\/uploads\/2016\/10\/image-7.jpeg?resize=1024%2C683 1024w, https:\/\/i0.wp.com\/www.spang.ch\/aude\/wp-content\/uploads\/2016\/10\/image-7.jpeg?resize=960%2C640 960w, https:\/\/i0.wp.com\/www.spang.ch\/aude\/wp-content\/uploads\/2016\/10\/image-7.jpeg?resize=450%2C300 450w, https:\/\/i0.wp.com\/www.spang.ch\/aude\/wp-content\/uploads\/2016\/10\/image-7.jpeg?w=2000 2000w, https:\/\/i0.wp.com\/www.spang.ch\/aude\/wp-content\/uploads\/2016\/10\/image-7.jpeg?w=3000 3000w\" sizes=\"(max-width: 1000px) 100vw, 1000px\" data-recalc-dims=\"1\" \/><\/a><figcaption id=\"caption-attachment-312\" class=\"wp-caption-text\">Parque Nacional Los Nevados<\/figcaption><\/figure><\/p>","protected":false},"excerpt":{"rendered":"<p>Voil\u00e0 maintenant deux semaines que je suis arriv\u00e9e, et cette conclusion s&rsquo;impose. La Colombia est aussi incroyable que l&rsquo;Indon\u00e9sie. Peut-\u00eatre ai-je un faible pour les pays tropicaux?* Ca me semble \u00eatre une hypoth\u00e8se pleine de sens. La Colombie a tout ce qu&rsquo;on peut chercher de magique dans un pays en ce qui concerne la g\u00e9ographie:&#8230; <\/p>\n<div class=\"link-more\"><a href=\"http:\/\/www.spang.ch\/aude\/fr\/2016\/10\/colombia-is-amazing\/\">En savoir plus<\/a><\/div>\n","protected":false},"author":1,"featured_media":281,"comment_status":"open","ping_status":"open","sticky":false,"template":"","format":"standard","meta":{"jetpack_post_was_ever_published":false,"_jetpack_newsletter_access":"","_jetpack_dont_email_post_to_subs":true,"_jetpack_newsletter_tier_id":0,"_jetpack_memberships_contains_paywalled_content":false,"_jetpack_memberships_contains_paid_content":false,"footnotes":"","jetpack_publicize_message":"","jetpack_publicize_feature_enabled":true,"jetpack_social_post_already_shared":true,"jetpack_social_options":{"image_generator_settings":{"template":"highway","enabled":false},"version":2}},"categories":[4],"tags":[],"jetpack_publicize_connections":[],"jetpack_featured_media_url":"https:\/\/i0.wp.com\/www.spang.ch\/aude\/wp-content\/uploads\/2016\/10\/IMG_8371-e1477245323415.jpg?fit=3456%2C5184","jetpack_shortlink":"https:\/\/wp.me\/p7EYAh-2W","jetpack-related-posts":[],"jetpack_likes_enabled":true,"jetpack_sharing_enabled":true,"_links":{"self":[{"href":"http:\/\/www.spang.ch\/aude\/fr\/wp-json\/wp\/v2\/posts\/182"}],"collection":[{"href":"http:\/\/www.spang.ch\/aude\/fr\/wp-json\/wp\/v2\/posts"}],"about":[{"href":"http:\/\/www.spang.ch\/aude\/fr\/wp-json\/wp\/v2\/types\/post"}],"author":[{"embeddable":true,"href":"http:\/\/www.spang.ch\/aude\/fr\/wp-json\/wp\/v2\/users\/1"}],"replies":[{"embeddable":true,"href":"http:\/\/www.spang.ch\/aude\/fr\/wp-json\/wp\/v2\/comments?post=182"}],"version-history":[{"count":43,"href":"http:\/\/www.spang.ch\/aude\/fr\/wp-json\/wp\/v2\/posts\/182\/revisions"}],"predecessor-version":[{"id":322,"href":"http:\/\/www.spang.ch\/aude\/fr\/wp-json\/wp\/v2\/posts\/182\/revisions\/322"}],"wp:featuredmedia":[{"embeddable":true,"href":"http:\/\/www.spang.ch\/aude\/fr\/wp-json\/wp\/v2\/media\/281"}],"wp:attachment":[{"href":"http:\/\/www.spang.ch\/aude\/fr\/wp-json\/wp\/v2\/media?parent=182"}],"wp:term":[{"taxonomy":"category","embeddable":true,"href":"http:\/\/www.spang.ch\/aude\/fr\/wp-json\/wp\/v2\/categories?post=182"},{"taxonomy":"post_tag","embeddable":true,"href":"http:\/\/www.spang.ch\/aude\/fr\/wp-json\/wp\/v2\/tags?post=182"}],"curies":[{"name":"wp","href":"https:\/\/api.w.org\/{rel}","templated":true}]}}