{"id":146,"date":"2016-10-13T02:17:13","date_gmt":"2016-10-13T00:17:13","guid":{"rendered":"http:\/\/www.spang.ch\/aude\/?p=146"},"modified":"2016-10-13T22:36:13","modified_gmt":"2016-10-13T20:36:13","slug":"primeros-dias-en-bogota","status":"publish","type":"post","link":"http:\/\/www.spang.ch\/aude\/fr\/2016\/10\/primeros-dias-en-bogota\/","title":{"rendered":"Primeros D\u00edas &#8211; en Bogot\u00e1*"},"content":{"rendered":"<p><\/p>\n<p style=\"text-align: justify;\"><small>(*Premiers jours &#8211; \u00e0 Bogot\u00e1)<\/small><\/p>\n<figure id=\"attachment_205\" aria-describedby=\"caption-attachment-205\" style=\"width: 300px\" class=\"wp-caption alignleft\"><a href=\"http:\/\/www.spang.ch\/aude\/image\/\"><img loading=\"lazy\" decoding=\"async\" data-attachment-id=\"205\" data-permalink=\"http:\/\/www.spang.ch\/aude\/fr\/2016\/10\/primeros-dias-en-bogota\/image\/\" data-orig-file=\"https:\/\/i0.wp.com\/www.spang.ch\/aude\/wp-content\/uploads\/2016\/10\/image.jpeg?fit=4898%2C3265\" data-orig-size=\"4898,3265\" data-comments-opened=\"1\" data-image-meta=\"{&quot;aperture&quot;:&quot;0&quot;,&quot;credit&quot;:&quot;Aude Spang&quot;,&quot;camera&quot;:&quot;&quot;,&quot;caption&quot;:&quot;&quot;,&quot;created_timestamp&quot;:&quot;0&quot;,&quot;copyright&quot;:&quot;&quot;,&quot;focal_length&quot;:&quot;0&quot;,&quot;iso&quot;:&quot;0&quot;,&quot;shutter_speed&quot;:&quot;0&quot;,&quot;title&quot;:&quot;&quot;,&quot;orientation&quot;:&quot;0&quot;}\" data-image-title=\"image\" data-image-description=\"\" data-image-caption=\"\" data-medium-file=\"https:\/\/i0.wp.com\/www.spang.ch\/aude\/wp-content\/uploads\/2016\/10\/image.jpeg?fit=300%2C200\" data-large-file=\"https:\/\/i0.wp.com\/www.spang.ch\/aude\/wp-content\/uploads\/2016\/10\/image.jpeg?fit=1000%2C667\" tabindex=\"0\" role=\"button\" class=\"wp-image-205 size-medium\" src=\"https:\/\/i0.wp.com\/www.spang.ch\/aude\/wp-content\/uploads\/2016\/10\/image.jpeg?resize=300%2C200\" alt=\"image\" width=\"300\" height=\"200\" srcset=\"https:\/\/i0.wp.com\/www.spang.ch\/aude\/wp-content\/uploads\/2016\/10\/image.jpeg?resize=300%2C200 300w, https:\/\/i0.wp.com\/www.spang.ch\/aude\/wp-content\/uploads\/2016\/10\/image.jpeg?resize=768%2C512 768w, https:\/\/i0.wp.com\/www.spang.ch\/aude\/wp-content\/uploads\/2016\/10\/image.jpeg?resize=1024%2C683 1024w, https:\/\/i0.wp.com\/www.spang.ch\/aude\/wp-content\/uploads\/2016\/10\/image.jpeg?resize=960%2C640 960w, https:\/\/i0.wp.com\/www.spang.ch\/aude\/wp-content\/uploads\/2016\/10\/image.jpeg?resize=450%2C300 450w, https:\/\/i0.wp.com\/www.spang.ch\/aude\/wp-content\/uploads\/2016\/10\/image.jpeg?w=2000 2000w, https:\/\/i0.wp.com\/www.spang.ch\/aude\/wp-content\/uploads\/2016\/10\/image.jpeg?w=3000 3000w\" sizes=\"(max-width: 300px) 100vw, 300px\" data-recalc-dims=\"1\" \/><\/a><figcaption id=\"caption-attachment-205\" class=\"wp-caption-text\">March\u00e9 de fruits a Bogot\u00e1<\/figcaption><\/figure>\n<p style=\"text-align: justify;\">Avant de partir, je n&rsquo;avais ni le temps ni l&rsquo;envie de pr\u00e9parer mon voyage en d\u00e9tail. Il me suffisait de savoir que j&rsquo;avais une liste d&rsquo;id\u00e9es glan\u00e9es pour chaque pays, et que je ne serais pas \u00e0 court de possibilit\u00e9s sur le moment. Apr\u00e8s quelques films et \u00e9pisodes de s\u00e9ries durant les 10h de vol qui relient Madrid \u00e0 Bogot\u00e1, je me suis enfin lanc\u00e9e dans la d\u00e9couverte de mon guide de l&rsquo;Am\u00e9rique du sud, section Colombie (merci a Emmanuel Termine pour ce pr\u00eat!). Et je me suis sentie d\u00e9pass\u00e9e par la quantit\u00e9 d&rsquo;informations! C&rsquo;\u00e9tait d\u00e9cid\u00e9, j&rsquo;aurais recours \u00e0 mes amis sur place pour choisir o\u00f9 me rendre quand&#8230; Mais un plan s&rsquo;\u00e9tait d\u00e9j\u00e0 offert \u00e0 moi car mon h\u00f4te, Alexandra, avait bien envie d&rsquo;aller visiter la Villa de Leyva avec une amie \u00e0 elle et sa visite barcelonaise. Voil\u00e0 qui m&rsquo;arrangeait, une d\u00e9cision prise pour moi, m&#8217;emmenant dans ma premi\u00e8re ville coloniale!<\/p>\n<figure id=\"attachment_199\" aria-describedby=\"caption-attachment-199\" style=\"width: 768px\" class=\"wp-caption aligncenter\"><a href=\"http:\/\/www.spang.ch\/aude\/img_7883\/\"><img loading=\"lazy\" decoding=\"async\" data-attachment-id=\"199\" data-permalink=\"http:\/\/www.spang.ch\/aude\/fr\/2016\/10\/primeros-dias-en-bogota\/img_7883\/\" data-orig-file=\"https:\/\/i0.wp.com\/www.spang.ch\/aude\/wp-content\/uploads\/2016\/10\/IMG_7883.jpg?fit=5184%2C3456\" data-orig-size=\"5184,3456\" data-comments-opened=\"1\" data-image-meta=\"{&quot;aperture&quot;:&quot;0&quot;,&quot;credit&quot;:&quot;&quot;,&quot;camera&quot;:&quot;&quot;,&quot;caption&quot;:&quot;&quot;,&quot;created_timestamp&quot;:&quot;0&quot;,&quot;copyright&quot;:&quot;&quot;,&quot;focal_length&quot;:&quot;0&quot;,&quot;iso&quot;:&quot;0&quot;,&quot;shutter_speed&quot;:&quot;0&quot;,&quot;title&quot;:&quot;&quot;,&quot;orientation&quot;:&quot;0&quot;}\" data-image-title=\"img_7883\" data-image-description=\"\" data-image-caption=\"&lt;p&gt;Colombia #1: Boyaca, Villa de Leiva, Raquira, Bogota&lt;\/p&gt;\n\" data-medium-file=\"https:\/\/i0.wp.com\/www.spang.ch\/aude\/wp-content\/uploads\/2016\/10\/IMG_7883.jpg?fit=300%2C200\" data-large-file=\"https:\/\/i0.wp.com\/www.spang.ch\/aude\/wp-content\/uploads\/2016\/10\/IMG_7883.jpg?fit=1000%2C667\" tabindex=\"0\" role=\"button\" class=\"wp-image-199 size-medium_large\" src=\"https:\/\/i0.wp.com\/www.spang.ch\/aude\/wp-content\/uploads\/2016\/10\/IMG_7883.jpg?resize=768%2C512\" alt=\"img_7883\" width=\"768\" height=\"512\" srcset=\"https:\/\/i0.wp.com\/www.spang.ch\/aude\/wp-content\/uploads\/2016\/10\/IMG_7883.jpg?resize=768%2C512 768w, https:\/\/i0.wp.com\/www.spang.ch\/aude\/wp-content\/uploads\/2016\/10\/IMG_7883.jpg?resize=300%2C200 300w, https:\/\/i0.wp.com\/www.spang.ch\/aude\/wp-content\/uploads\/2016\/10\/IMG_7883.jpg?resize=1024%2C683 1024w, https:\/\/i0.wp.com\/www.spang.ch\/aude\/wp-content\/uploads\/2016\/10\/IMG_7883.jpg?resize=960%2C640 960w, https:\/\/i0.wp.com\/www.spang.ch\/aude\/wp-content\/uploads\/2016\/10\/IMG_7883.jpg?resize=450%2C300 450w, https:\/\/i0.wp.com\/www.spang.ch\/aude\/wp-content\/uploads\/2016\/10\/IMG_7883.jpg?w=2000 2000w, https:\/\/i0.wp.com\/www.spang.ch\/aude\/wp-content\/uploads\/2016\/10\/IMG_7883.jpg?w=3000 3000w\" sizes=\"(max-width: 768px) 100vw, 768px\" data-recalc-dims=\"1\" \/><\/a><figcaption id=\"caption-attachment-199\" class=\"wp-caption-text\">Plaza Bolivar, Bogot\u00e1<\/figcaption><\/figure>\n<figure id=\"attachment_211\" aria-describedby=\"caption-attachment-211\" style=\"width: 300px\" class=\"wp-caption alignleft\"><a href=\"http:\/\/www.spang.ch\/aude\/image-4\/\"><img loading=\"lazy\" decoding=\"async\" data-attachment-id=\"211\" data-permalink=\"http:\/\/www.spang.ch\/aude\/fr\/2016\/10\/primeros-dias-en-bogota\/image-4\/\" data-orig-file=\"https:\/\/i0.wp.com\/www.spang.ch\/aude\/wp-content\/uploads\/2016\/10\/image-3.jpeg?fit=4898%2C3265\" data-orig-size=\"4898,3265\" data-comments-opened=\"1\" data-image-meta=\"{&quot;aperture&quot;:&quot;0&quot;,&quot;credit&quot;:&quot;Aude Spang&quot;,&quot;camera&quot;:&quot;&quot;,&quot;caption&quot;:&quot;&quot;,&quot;created_timestamp&quot;:&quot;0&quot;,&quot;copyright&quot;:&quot;&quot;,&quot;focal_length&quot;:&quot;0&quot;,&quot;iso&quot;:&quot;0&quot;,&quot;shutter_speed&quot;:&quot;0&quot;,&quot;title&quot;:&quot;&quot;,&quot;orientation&quot;:&quot;0&quot;}\" data-image-title=\"image\" data-image-description=\"\" data-image-caption=\"\" data-medium-file=\"https:\/\/i0.wp.com\/www.spang.ch\/aude\/wp-content\/uploads\/2016\/10\/image-3.jpeg?fit=300%2C200\" data-large-file=\"https:\/\/i0.wp.com\/www.spang.ch\/aude\/wp-content\/uploads\/2016\/10\/image-3.jpeg?fit=1000%2C667\" tabindex=\"0\" role=\"button\" class=\"wp-image-211 size-medium\" src=\"https:\/\/i0.wp.com\/www.spang.ch\/aude\/wp-content\/uploads\/2016\/10\/image-3.jpeg?resize=300%2C200\" alt=\"image\" width=\"300\" height=\"200\" srcset=\"https:\/\/i0.wp.com\/www.spang.ch\/aude\/wp-content\/uploads\/2016\/10\/image-3.jpeg?resize=300%2C200 300w, https:\/\/i0.wp.com\/www.spang.ch\/aude\/wp-content\/uploads\/2016\/10\/image-3.jpeg?resize=768%2C512 768w, https:\/\/i0.wp.com\/www.spang.ch\/aude\/wp-content\/uploads\/2016\/10\/image-3.jpeg?resize=1024%2C683 1024w, https:\/\/i0.wp.com\/www.spang.ch\/aude\/wp-content\/uploads\/2016\/10\/image-3.jpeg?resize=960%2C640 960w, https:\/\/i0.wp.com\/www.spang.ch\/aude\/wp-content\/uploads\/2016\/10\/image-3.jpeg?resize=450%2C300 450w, https:\/\/i0.wp.com\/www.spang.ch\/aude\/wp-content\/uploads\/2016\/10\/image-3.jpeg?w=2000 2000w, https:\/\/i0.wp.com\/www.spang.ch\/aude\/wp-content\/uploads\/2016\/10\/image-3.jpeg?w=3000 3000w\" sizes=\"(max-width: 300px) 100vw, 300px\" data-recalc-dims=\"1\" \/><\/a><figcaption id=\"caption-attachment-211\" class=\"wp-caption-text\">Villa de Leyva<\/figcaption><\/figure>\n<p style=\"text-align: justify;\">Le guide m&rsquo;avait appris que la temp\u00e9rature moyenne \u00e0 Bogot\u00e1 est de 14 degr\u00e9s, ce qui m&rsquo;a un peu soulag\u00e9e, moi qui avait l&rsquo;impression d&rsquo;\u00eatre venue pile \u00e0 la mauvaise p\u00e9riode et qui avait \u00e9t\u00e9 un peu apeur\u00e9e par le bulletin m\u00e9t\u00e9o (et les infos comme quoi octobre est l&rsquo;un des mois les plus humides). Il faut aussi pr\u00e9ciser que Bogot\u00e1 est \u00e0 environ 2500m d&rsquo;altitude, en faisant la 3e ville la plus haute du continent, et que ce n&rsquo;est de loin pas le cas\u00a0du reste du\u00a0pays (dont les villes en bord de c\u00f4te se trouvent au niveau de la mer, par exemple). Apr\u00e8s avoir jet\u00e9 un \u0153il \u00e0 une carte indiquant les altitudes de diff\u00e9rentes capitales et grandes villes, je comprends que je dois simplement adapter mes habitudes mentales g\u00e9ographiques (pourtant habituellement si d\u00e9velopp\u00e9es, ma famille pourra en t\u00e9moigner&#8230;). L&rsquo;Am\u00e9rique du sud est faite de hauts et de bas, et dans le m\u00eame pays je passerai en quelques jours du maillot de bain \u00e0 la veste polaire et inversement. C&rsquo;est un bonheur que j&rsquo;aie r\u00e9ussi \u00e0 faire tenir le tout dans 10kg de bagage en soute et 6,5kg de bagage \u00e0 main!<\/p>\n<figure id=\"attachment_200\" aria-describedby=\"caption-attachment-200\" style=\"width: 300px\" class=\"wp-caption alignright\"><a href=\"http:\/\/www.spang.ch\/aude\/img_7898\/\"><img loading=\"lazy\" decoding=\"async\" data-attachment-id=\"200\" data-permalink=\"http:\/\/www.spang.ch\/aude\/fr\/2016\/10\/primeros-dias-en-bogota\/img_7898\/\" data-orig-file=\"https:\/\/i0.wp.com\/www.spang.ch\/aude\/wp-content\/uploads\/2016\/10\/IMG_7898.jpg?fit=5184%2C3456\" data-orig-size=\"5184,3456\" data-comments-opened=\"1\" data-image-meta=\"{&quot;aperture&quot;:&quot;0&quot;,&quot;credit&quot;:&quot;&quot;,&quot;camera&quot;:&quot;&quot;,&quot;caption&quot;:&quot;&quot;,&quot;created_timestamp&quot;:&quot;0&quot;,&quot;copyright&quot;:&quot;&quot;,&quot;focal_length&quot;:&quot;0&quot;,&quot;iso&quot;:&quot;0&quot;,&quot;shutter_speed&quot;:&quot;0&quot;,&quot;title&quot;:&quot;&quot;,&quot;orientation&quot;:&quot;0&quot;}\" data-image-title=\"img_7898\" data-image-description=\"\" data-image-caption=\"\" data-medium-file=\"https:\/\/i0.wp.com\/www.spang.ch\/aude\/wp-content\/uploads\/2016\/10\/IMG_7898.jpg?fit=300%2C200\" data-large-file=\"https:\/\/i0.wp.com\/www.spang.ch\/aude\/wp-content\/uploads\/2016\/10\/IMG_7898.jpg?fit=1000%2C667\" tabindex=\"0\" role=\"button\" class=\"wp-image-200 size-medium\" src=\"https:\/\/i0.wp.com\/www.spang.ch\/aude\/wp-content\/uploads\/2016\/10\/IMG_7898.jpg?resize=300%2C200\" alt=\"img_7898\" width=\"300\" height=\"200\" srcset=\"https:\/\/i0.wp.com\/www.spang.ch\/aude\/wp-content\/uploads\/2016\/10\/IMG_7898.jpg?resize=300%2C200 300w, https:\/\/i0.wp.com\/www.spang.ch\/aude\/wp-content\/uploads\/2016\/10\/IMG_7898.jpg?resize=768%2C512 768w, https:\/\/i0.wp.com\/www.spang.ch\/aude\/wp-content\/uploads\/2016\/10\/IMG_7898.jpg?resize=1024%2C683 1024w, https:\/\/i0.wp.com\/www.spang.ch\/aude\/wp-content\/uploads\/2016\/10\/IMG_7898.jpg?resize=960%2C640 960w, https:\/\/i0.wp.com\/www.spang.ch\/aude\/wp-content\/uploads\/2016\/10\/IMG_7898.jpg?resize=450%2C300 450w, https:\/\/i0.wp.com\/www.spang.ch\/aude\/wp-content\/uploads\/2016\/10\/IMG_7898.jpg?w=2000 2000w, https:\/\/i0.wp.com\/www.spang.ch\/aude\/wp-content\/uploads\/2016\/10\/IMG_7898.jpg?w=3000 3000w\" sizes=\"(max-width: 300px) 100vw, 300px\" data-recalc-dims=\"1\" \/><\/a><figcaption id=\"caption-attachment-200\" class=\"wp-caption-text\">Des indig\u00e8nes manifestant pour la paix<\/figcaption><\/figure>\n<p style=\"text-align: justify;\">Ces premiers jours a Bogot\u00e1, ex Santafe, furent un fou m\u00e9lange de nouveaut\u00e9s, odeurs, visions, bruits et d\u00e9couvertes culinaires. Les premiers jours dans un nouvel endroit sont souvent une immense quantit\u00e9 de nouvelles donn\u00e9es a absorber. La cuisine au gaz, dont l&rsquo;odeur me rappelle l&rsquo;Italie. Entrer dans un bus et voir le dessus des t\u00eates de la majorit\u00e9 des passagers (parce que je suis plus haute que la moyenne). Le\u00a0climat tropical et pas\u00a0mal\u00a0de traits communs avec Jakarta (je pense que je vous en reparlerai dans un prochain post), mais aussi de nombreuses\u00a0diff\u00e9rences. Un homme\u00a0aper\u00e7u depuis le bus,\u00a0apparemment habill\u00e9 en momie\u00a0et se tenant debout sur un poteau au milieu de la rue. J&rsquo;ai d\u00een\u00e9 avec une dame qui m&rsquo;a parl\u00e9 un peu de la vie dans la ville, j&rsquo;ai aussi vu passer un homme dans la rue portant\u00a0une cape revendiquant la paix pour son pays.<\/p>\n<figure id=\"attachment_206\" aria-describedby=\"caption-attachment-206\" style=\"width: 768px\" class=\"wp-caption aligncenter\"><a href=\"http:\/\/www.spang.ch\/aude\/image-2\/\"><img loading=\"lazy\" decoding=\"async\" data-attachment-id=\"206\" data-permalink=\"http:\/\/www.spang.ch\/aude\/fr\/2016\/10\/primeros-dias-en-bogota\/image-2\/\" data-orig-file=\"https:\/\/i0.wp.com\/www.spang.ch\/aude\/wp-content\/uploads\/2016\/10\/image-1.jpeg?fit=4898%2C3265\" data-orig-size=\"4898,3265\" data-comments-opened=\"1\" data-image-meta=\"{&quot;aperture&quot;:&quot;0&quot;,&quot;credit&quot;:&quot;Aude Spang&quot;,&quot;camera&quot;:&quot;&quot;,&quot;caption&quot;:&quot;&quot;,&quot;created_timestamp&quot;:&quot;0&quot;,&quot;copyright&quot;:&quot;&quot;,&quot;focal_length&quot;:&quot;0&quot;,&quot;iso&quot;:&quot;0&quot;,&quot;shutter_speed&quot;:&quot;0&quot;,&quot;title&quot;:&quot;&quot;,&quot;orientation&quot;:&quot;0&quot;}\" data-image-title=\"image\" data-image-description=\"\" data-image-caption=\"\" data-medium-file=\"https:\/\/i0.wp.com\/www.spang.ch\/aude\/wp-content\/uploads\/2016\/10\/image-1.jpeg?fit=300%2C200\" data-large-file=\"https:\/\/i0.wp.com\/www.spang.ch\/aude\/wp-content\/uploads\/2016\/10\/image-1.jpeg?fit=1000%2C667\" tabindex=\"0\" role=\"button\" class=\"wp-image-206 size-medium_large\" src=\"https:\/\/i0.wp.com\/www.spang.ch\/aude\/wp-content\/uploads\/2016\/10\/image-1.jpeg?resize=768%2C512\" alt=\"image\" width=\"768\" height=\"512\" srcset=\"https:\/\/i0.wp.com\/www.spang.ch\/aude\/wp-content\/uploads\/2016\/10\/image-1.jpeg?resize=768%2C512 768w, https:\/\/i0.wp.com\/www.spang.ch\/aude\/wp-content\/uploads\/2016\/10\/image-1.jpeg?resize=300%2C200 300w, https:\/\/i0.wp.com\/www.spang.ch\/aude\/wp-content\/uploads\/2016\/10\/image-1.jpeg?resize=1024%2C683 1024w, https:\/\/i0.wp.com\/www.spang.ch\/aude\/wp-content\/uploads\/2016\/10\/image-1.jpeg?resize=960%2C640 960w, https:\/\/i0.wp.com\/www.spang.ch\/aude\/wp-content\/uploads\/2016\/10\/image-1.jpeg?resize=450%2C300 450w, https:\/\/i0.wp.com\/www.spang.ch\/aude\/wp-content\/uploads\/2016\/10\/image-1.jpeg?w=2000 2000w, https:\/\/i0.wp.com\/www.spang.ch\/aude\/wp-content\/uploads\/2016\/10\/image-1.jpeg?w=3000 3000w\" sizes=\"(max-width: 768px) 100vw, 768px\" data-recalc-dims=\"1\" \/><\/a><figcaption id=\"caption-attachment-206\" class=\"wp-caption-text\">\u00ab\u00a0Nous voulons la paix\u00a0\u00bb, street art engag\u00e9<\/figcaption><\/figure>\n<p style=\"text-align: justify;\">D&rsquo;ailleurs j&rsquo;ai carr\u00e9ment vu une procession pour la paix, un groupe de gens tenant des bougies et habill\u00e9s en blanc. Et o\u00f9 que porte le regard, en ville, on trouve des affiches pour le \u00ab\u00a0OUI\u00a0\u00bb (au pl\u00e9biscite pour accepter les accords de\u00a0paix). Ce n&rsquo;est que lorsque mon amie Alexandra a comment\u00e9 la procession en disant que \u00e7a la faisait presque pleurer que j&rsquo;ai enfin compris l&rsquo;importance (notamment \u00e9motionnelle) du processus de paix en Colombie. J&rsquo;en ai parl\u00e9 un peu avec mes amis de Bogot\u00e1 et ai saisi l&rsquo;ampleur de mon ignorance sur le sujet. Je vous en dirai plus, je me donne le temps d&rsquo;assimiler les infos avant de vous parler politique.<\/p>\n<figure id=\"attachment_201\" aria-describedby=\"caption-attachment-201\" style=\"width: 300px\" class=\"wp-caption alignleft\"><a href=\"http:\/\/www.spang.ch\/aude\/img_7918\/\"><img loading=\"lazy\" decoding=\"async\" data-attachment-id=\"201\" data-permalink=\"http:\/\/www.spang.ch\/aude\/fr\/2016\/10\/primeros-dias-en-bogota\/img_7918\/\" data-orig-file=\"https:\/\/i0.wp.com\/www.spang.ch\/aude\/wp-content\/uploads\/2016\/10\/IMG_7918.jpg?fit=5184%2C3456\" data-orig-size=\"5184,3456\" data-comments-opened=\"1\" data-image-meta=\"{&quot;aperture&quot;:&quot;0&quot;,&quot;credit&quot;:&quot;&quot;,&quot;camera&quot;:&quot;&quot;,&quot;caption&quot;:&quot;&quot;,&quot;created_timestamp&quot;:&quot;0&quot;,&quot;copyright&quot;:&quot;&quot;,&quot;focal_length&quot;:&quot;0&quot;,&quot;iso&quot;:&quot;0&quot;,&quot;shutter_speed&quot;:&quot;0&quot;,&quot;title&quot;:&quot;&quot;,&quot;orientation&quot;:&quot;0&quot;}\" data-image-title=\"img_7918\" data-image-description=\"\" data-image-caption=\"\" data-medium-file=\"https:\/\/i0.wp.com\/www.spang.ch\/aude\/wp-content\/uploads\/2016\/10\/IMG_7918.jpg?fit=300%2C200\" data-large-file=\"https:\/\/i0.wp.com\/www.spang.ch\/aude\/wp-content\/uploads\/2016\/10\/IMG_7918.jpg?fit=1000%2C667\" tabindex=\"0\" role=\"button\" class=\"wp-image-201 size-medium\" src=\"https:\/\/i0.wp.com\/www.spang.ch\/aude\/wp-content\/uploads\/2016\/10\/IMG_7918.jpg?resize=300%2C200\" alt=\"img_7918\" width=\"300\" height=\"200\" srcset=\"https:\/\/i0.wp.com\/www.spang.ch\/aude\/wp-content\/uploads\/2016\/10\/IMG_7918.jpg?resize=300%2C200 300w, https:\/\/i0.wp.com\/www.spang.ch\/aude\/wp-content\/uploads\/2016\/10\/IMG_7918.jpg?resize=768%2C512 768w, https:\/\/i0.wp.com\/www.spang.ch\/aude\/wp-content\/uploads\/2016\/10\/IMG_7918.jpg?resize=1024%2C683 1024w, https:\/\/i0.wp.com\/www.spang.ch\/aude\/wp-content\/uploads\/2016\/10\/IMG_7918.jpg?resize=960%2C640 960w, https:\/\/i0.wp.com\/www.spang.ch\/aude\/wp-content\/uploads\/2016\/10\/IMG_7918.jpg?resize=450%2C300 450w, https:\/\/i0.wp.com\/www.spang.ch\/aude\/wp-content\/uploads\/2016\/10\/IMG_7918.jpg?w=2000 2000w, https:\/\/i0.wp.com\/www.spang.ch\/aude\/wp-content\/uploads\/2016\/10\/IMG_7918.jpg?w=3000 3000w\" sizes=\"(max-width: 300px) 100vw, 300px\" data-recalc-dims=\"1\" \/><\/a><figcaption id=\"caption-attachment-201\" class=\"wp-caption-text\">Avocat giganteeeeesque<\/figcaption><\/figure>\n<p style=\"text-align: justify;\">Les premi\u00e8res heures et journ\u00e9es dans le pays\u00a0m&rsquo;ont permis de rafra\u00eechir\u00a0mon espagnol, et me rendre compte que je suis tr\u00e8s heureuse d&rsquo;avoir enfin l&rsquo;occasion de le pratiquer s\u00e9rieusement! Comme j&rsquo;en ai toujours \u00e9t\u00e9 fermement convaincue, simplement aller s&rsquo;asseoir r\u00e9guli\u00e8rement et pendant quelques temps\u00a0dans une classe o\u00f9 l&rsquo;on enseigne une langue porte toujours ses fruits (en tout cas pour moi), m\u00eame quand on ne prend pas les devoirs ou examens extr\u00eamement au serieux. Et je me sens un peu comme au d\u00e9but de mon s\u00e9jour en Italie, entour\u00e9e de gens qui ne parlent que cette langue, completement immerg\u00e9e, et donc faisant avec et \u00e7a\u00a0va. C&rsquo;est g\u00e9nial!<\/p>\n<figure id=\"attachment_202\" aria-describedby=\"caption-attachment-202\" style=\"width: 768px\" class=\"wp-caption aligncenter\"><a href=\"http:\/\/www.spang.ch\/aude\/img_7988\/\"><img loading=\"lazy\" decoding=\"async\" data-attachment-id=\"202\" data-permalink=\"http:\/\/www.spang.ch\/aude\/fr\/2016\/10\/primeros-dias-en-bogota\/img_7988\/\" data-orig-file=\"https:\/\/i0.wp.com\/www.spang.ch\/aude\/wp-content\/uploads\/2016\/10\/IMG_7988.jpg?fit=5184%2C3456\" data-orig-size=\"5184,3456\" data-comments-opened=\"1\" data-image-meta=\"{&quot;aperture&quot;:&quot;0&quot;,&quot;credit&quot;:&quot;&quot;,&quot;camera&quot;:&quot;&quot;,&quot;caption&quot;:&quot;&quot;,&quot;created_timestamp&quot;:&quot;0&quot;,&quot;copyright&quot;:&quot;&quot;,&quot;focal_length&quot;:&quot;0&quot;,&quot;iso&quot;:&quot;0&quot;,&quot;shutter_speed&quot;:&quot;0&quot;,&quot;title&quot;:&quot;&quot;,&quot;orientation&quot;:&quot;0&quot;}\" data-image-title=\"img_7988\" data-image-description=\"\" data-image-caption=\"\" data-medium-file=\"https:\/\/i0.wp.com\/www.spang.ch\/aude\/wp-content\/uploads\/2016\/10\/IMG_7988.jpg?fit=300%2C200\" data-large-file=\"https:\/\/i0.wp.com\/www.spang.ch\/aude\/wp-content\/uploads\/2016\/10\/IMG_7988.jpg?fit=1000%2C667\" tabindex=\"0\" role=\"button\" class=\"wp-image-202 size-medium_large\" src=\"https:\/\/i0.wp.com\/www.spang.ch\/aude\/wp-content\/uploads\/2016\/10\/IMG_7988.jpg?resize=768%2C512\" alt=\"img_7988\" width=\"768\" height=\"512\" srcset=\"https:\/\/i0.wp.com\/www.spang.ch\/aude\/wp-content\/uploads\/2016\/10\/IMG_7988.jpg?resize=768%2C512 768w, https:\/\/i0.wp.com\/www.spang.ch\/aude\/wp-content\/uploads\/2016\/10\/IMG_7988.jpg?resize=300%2C200 300w, https:\/\/i0.wp.com\/www.spang.ch\/aude\/wp-content\/uploads\/2016\/10\/IMG_7988.jpg?resize=1024%2C683 1024w, https:\/\/i0.wp.com\/www.spang.ch\/aude\/wp-content\/uploads\/2016\/10\/IMG_7988.jpg?resize=960%2C640 960w, https:\/\/i0.wp.com\/www.spang.ch\/aude\/wp-content\/uploads\/2016\/10\/IMG_7988.jpg?resize=450%2C300 450w, https:\/\/i0.wp.com\/www.spang.ch\/aude\/wp-content\/uploads\/2016\/10\/IMG_7988.jpg?w=2000 2000w, https:\/\/i0.wp.com\/www.spang.ch\/aude\/wp-content\/uploads\/2016\/10\/IMG_7988.jpg?w=3000 3000w\" sizes=\"(max-width: 768px) 100vw, 768px\" data-recalc-dims=\"1\" \/><\/a><figcaption id=\"caption-attachment-202\" class=\"wp-caption-text\">Colegio San Bartolomeo, Bogot\u00e1 \u00a0&#8211; sauf erreur<\/figcaption><\/figure>\n<figure id=\"attachment_192\" aria-describedby=\"caption-attachment-192\" style=\"width: 200px\" class=\"wp-caption alignright\"><a href=\"http:\/\/www.spang.ch\/aude\/2016\/10\/primeros-dias-en-bogota\/img_7720\/\" rel=\"attachment wp-att-192\"><img loading=\"lazy\" decoding=\"async\" data-attachment-id=\"192\" data-permalink=\"http:\/\/www.spang.ch\/aude\/fr\/2016\/10\/primeros-dias-en-bogota\/img_7720\/\" data-orig-file=\"https:\/\/i0.wp.com\/www.spang.ch\/aude\/wp-content\/uploads\/2016\/10\/IMG_7720-e1476110030768.jpg?fit=3456%2C5184\" data-orig-size=\"3456,5184\" data-comments-opened=\"1\" data-image-meta=\"{&quot;aperture&quot;:&quot;0&quot;,&quot;credit&quot;:&quot;&quot;,&quot;camera&quot;:&quot;&quot;,&quot;caption&quot;:&quot;&quot;,&quot;created_timestamp&quot;:&quot;0&quot;,&quot;copyright&quot;:&quot;&quot;,&quot;focal_length&quot;:&quot;0&quot;,&quot;iso&quot;:&quot;0&quot;,&quot;shutter_speed&quot;:&quot;0&quot;,&quot;title&quot;:&quot;&quot;,&quot;orientation&quot;:&quot;0&quot;}\" data-image-title=\"img_7720\" data-image-description=\"\" data-image-caption=\"\" data-medium-file=\"https:\/\/i0.wp.com\/www.spang.ch\/aude\/wp-content\/uploads\/2016\/10\/IMG_7720-e1476110030768.jpg?fit=200%2C300\" data-large-file=\"https:\/\/i0.wp.com\/www.spang.ch\/aude\/wp-content\/uploads\/2016\/10\/IMG_7720-e1476110030768.jpg?fit=683%2C1024\" tabindex=\"0\" role=\"button\" class=\"wp-image-192 size-medium\" src=\"https:\/\/i0.wp.com\/www.spang.ch\/aude\/wp-content\/uploads\/2016\/10\/IMG_7720-e1476110030768-200x300.jpg?resize=200%2C300\" alt=\"img_7720\" width=\"200\" height=\"300\" srcset=\"https:\/\/i0.wp.com\/www.spang.ch\/aude\/wp-content\/uploads\/2016\/10\/IMG_7720-e1476110030768.jpg?resize=200%2C300 200w, https:\/\/i0.wp.com\/www.spang.ch\/aude\/wp-content\/uploads\/2016\/10\/IMG_7720-e1476110030768.jpg?resize=768%2C1152 768w, https:\/\/i0.wp.com\/www.spang.ch\/aude\/wp-content\/uploads\/2016\/10\/IMG_7720-e1476110030768.jpg?resize=683%2C1024 683w, https:\/\/i0.wp.com\/www.spang.ch\/aude\/wp-content\/uploads\/2016\/10\/IMG_7720-e1476110030768.jpg?w=2000 2000w, https:\/\/i0.wp.com\/www.spang.ch\/aude\/wp-content\/uploads\/2016\/10\/IMG_7720-e1476110030768.jpg?w=3000 3000w\" sizes=\"(max-width: 200px) 100vw, 200px\" data-recalc-dims=\"1\" \/><\/a><figcaption id=\"caption-attachment-192\" class=\"wp-caption-text\">D\u00e9guisement d&rsquo;\u00e9poque pour touristes<\/figcaption><\/figure>\n<p style=\"text-align: justify;\">Parmi\u00a0les anecdotes de mon s\u00e9jour ici, que j&rsquo;ai d\u00e9j\u00e0 commenc\u00e9 a collecter, celle-ci\u00a0se passe\u00a0au tout d\u00e9but lorsque, attendant que mon sac apparaisse a l&rsquo;a\u00e9roport apr\u00e8s avoir a peine pos\u00e9 le pied en Colombie, un agent avec chien s&rsquo;approche de moi et me demande si je transporte de la nourriture, et de quel type. Je faisais semblant de rien mais mon cerveau criait \u00ab\u00a0drogue drogue drogue il cherche de la drogue\u00a0j&rsquo;esp\u00e8re que personne a foutu quelque chose dans ton sac!!\u00a0\u00bb &#8211; mais je ne crois pas que ca ait beaucoup de sens que quelqu&rsquo;un cherche a faire entrer de la drogue en Colombie, il me semble que le circuit habituel irait plutot dans l&rsquo;autre sens. Bref l&rsquo;\u00e9pisode s&rsquo;est bien fini car le chien n&rsquo;etait pas int\u00e9ress\u00e9 par mon sandwich au jambon ni par mon chocolat.<\/p>\n<p style=\"text-align: justify;\">Une chose que j&rsquo;ai remarqu\u00e9e est que l\u00e0\u00a0ou nous autres europ\u00e9ens et anglophones disons \u00ab\u00a0pr\u00e9colombien\u00a0\u00bb (pour parler de civilisation, de p\u00e9riode, de populations), en espagnol (ou en Amerique latine) on dit \u00ab\u00a0pr\u00e9hispanique\u00a0\u00bb &#8211; comparaison entre ce que dit le guide et ce que dit le mus\u00e9e, par exemple. Cela me semble historiquement bien plus correct, puisque j&rsquo;ai v\u00e9rifi\u00e9 dans un dictionnaire d&rsquo;\u00e9tymologie et que pr\u00e9colombien ne signifie pas \u00ab\u00a0avant Colomb\u00a0\u00bb mais \u00ab\u00a0avant la Colombie\u00a0\u00bb. L\u00e0 o\u00f9 le terme des envahisseurs d\u00e9crit un \u00e2ge qui n&rsquo;a commenc\u00e9 qu&rsquo;apr\u00e8s leur arriv\u00e9e (&#8230;), celui qui s&#8217;emploie ici pr\u00e9cise qu&rsquo;il s&rsquo;agit d&rsquo;une p\u00e9riode avant la colonisation, avant les Espagnols. Un detail linguistique qui vaut son poids en or.<\/p>\n<figure id=\"attachment_213\" aria-describedby=\"caption-attachment-213\" style=\"width: 768px\" class=\"wp-caption aligncenter\"><a href=\"http:\/\/www.spang.ch\/aude\/image-5\/\"><img loading=\"lazy\" decoding=\"async\" data-attachment-id=\"213\" data-permalink=\"http:\/\/www.spang.ch\/aude\/fr\/2016\/10\/primeros-dias-en-bogota\/image-5\/\" data-orig-file=\"https:\/\/i0.wp.com\/www.spang.ch\/aude\/wp-content\/uploads\/2016\/10\/image-4.jpeg?fit=4898%2C3265\" data-orig-size=\"4898,3265\" data-comments-opened=\"1\" data-image-meta=\"{&quot;aperture&quot;:&quot;0&quot;,&quot;credit&quot;:&quot;Aude Spang&quot;,&quot;camera&quot;:&quot;&quot;,&quot;caption&quot;:&quot;&quot;,&quot;created_timestamp&quot;:&quot;0&quot;,&quot;copyright&quot;:&quot;&quot;,&quot;focal_length&quot;:&quot;0&quot;,&quot;iso&quot;:&quot;0&quot;,&quot;shutter_speed&quot;:&quot;0&quot;,&quot;title&quot;:&quot;&quot;,&quot;orientation&quot;:&quot;0&quot;}\" data-image-title=\"image\" data-image-description=\"\" data-image-caption=\"\" data-medium-file=\"https:\/\/i0.wp.com\/www.spang.ch\/aude\/wp-content\/uploads\/2016\/10\/image-4.jpeg?fit=300%2C200\" data-large-file=\"https:\/\/i0.wp.com\/www.spang.ch\/aude\/wp-content\/uploads\/2016\/10\/image-4.jpeg?fit=1000%2C667\" tabindex=\"0\" role=\"button\" class=\"wp-image-213 size-medium_large\" src=\"https:\/\/i0.wp.com\/www.spang.ch\/aude\/wp-content\/uploads\/2016\/10\/image-4.jpeg?resize=768%2C512\" alt=\"image\" width=\"768\" height=\"512\" srcset=\"https:\/\/i0.wp.com\/www.spang.ch\/aude\/wp-content\/uploads\/2016\/10\/image-4.jpeg?resize=768%2C512 768w, https:\/\/i0.wp.com\/www.spang.ch\/aude\/wp-content\/uploads\/2016\/10\/image-4.jpeg?resize=300%2C200 300w, https:\/\/i0.wp.com\/www.spang.ch\/aude\/wp-content\/uploads\/2016\/10\/image-4.jpeg?resize=1024%2C683 1024w, https:\/\/i0.wp.com\/www.spang.ch\/aude\/wp-content\/uploads\/2016\/10\/image-4.jpeg?resize=960%2C640 960w, https:\/\/i0.wp.com\/www.spang.ch\/aude\/wp-content\/uploads\/2016\/10\/image-4.jpeg?resize=450%2C300 450w, https:\/\/i0.wp.com\/www.spang.ch\/aude\/wp-content\/uploads\/2016\/10\/image-4.jpeg?w=2000 2000w, https:\/\/i0.wp.com\/www.spang.ch\/aude\/wp-content\/uploads\/2016\/10\/image-4.jpeg?w=3000 3000w\" sizes=\"(max-width: 768px) 100vw, 768px\" data-recalc-dims=\"1\" \/><\/a><figcaption id=\"caption-attachment-213\" class=\"wp-caption-text\">Raquida<\/figcaption><\/figure>\n<p style=\"text-align: justify;\"><a href=\"http:\/\/www.spang.ch\/aude\/2016\/10\/primeros-dias-en-bogota\/img_9386\/\" rel=\"attachment wp-att-236\"><img loading=\"lazy\" decoding=\"async\" data-attachment-id=\"236\" data-permalink=\"http:\/\/www.spang.ch\/aude\/fr\/2016\/10\/primeros-dias-en-bogota\/img_9386\/\" data-orig-file=\"https:\/\/i0.wp.com\/www.spang.ch\/aude\/wp-content\/uploads\/2016\/10\/IMG_9386-e1476318194215.jpg?fit=2448%2C3264\" data-orig-size=\"2448,3264\" data-comments-opened=\"1\" data-image-meta=\"{&quot;aperture&quot;:&quot;0&quot;,&quot;credit&quot;:&quot;&quot;,&quot;camera&quot;:&quot;&quot;,&quot;caption&quot;:&quot;&quot;,&quot;created_timestamp&quot;:&quot;0&quot;,&quot;copyright&quot;:&quot;&quot;,&quot;focal_length&quot;:&quot;0&quot;,&quot;iso&quot;:&quot;0&quot;,&quot;shutter_speed&quot;:&quot;0&quot;,&quot;title&quot;:&quot;&quot;,&quot;orientation&quot;:&quot;0&quot;}\" data-image-title=\"img_9386\" data-image-description=\"\" data-image-caption=\"\" data-medium-file=\"https:\/\/i0.wp.com\/www.spang.ch\/aude\/wp-content\/uploads\/2016\/10\/IMG_9386-e1476318194215.jpg?fit=225%2C300\" data-large-file=\"https:\/\/i0.wp.com\/www.spang.ch\/aude\/wp-content\/uploads\/2016\/10\/IMG_9386-e1476318194215.jpg?fit=768%2C1024\" tabindex=\"0\" role=\"button\" class=\"alignleft wp-image-236 size-thumbnail\" src=\"https:\/\/i0.wp.com\/www.spang.ch\/aude\/wp-content\/uploads\/2016\/10\/IMG_9386-e1476318194215-150x150.jpg?resize=150%2C150\" alt=\"img_9386\" width=\"150\" height=\"150\" srcset=\"https:\/\/i0.wp.com\/www.spang.ch\/aude\/wp-content\/uploads\/2016\/10\/IMG_9386-e1476318194215.jpg?resize=150%2C150 150w, https:\/\/i0.wp.com\/www.spang.ch\/aude\/wp-content\/uploads\/2016\/10\/IMG_9386-e1476318194215.jpg?zoom=2&amp;resize=150%2C150 300w, https:\/\/i0.wp.com\/www.spang.ch\/aude\/wp-content\/uploads\/2016\/10\/IMG_9386-e1476318194215.jpg?zoom=3&amp;resize=150%2C150 450w\" sizes=\"(max-width: 150px) 100vw, 150px\" data-recalc-dims=\"1\" \/><\/a><a href=\"http:\/\/www.spang.ch\/aude\/2016\/10\/primeros-dias-en-bogota\/img_9387\/\" rel=\"attachment wp-att-240\"><img loading=\"lazy\" decoding=\"async\" data-attachment-id=\"240\" data-permalink=\"http:\/\/www.spang.ch\/aude\/fr\/2016\/10\/primeros-dias-en-bogota\/img_9387\/\" data-orig-file=\"https:\/\/i0.wp.com\/www.spang.ch\/aude\/wp-content\/uploads\/2016\/10\/IMG_9387-e1476318540602.jpg?fit=2448%2C3264\" data-orig-size=\"2448,3264\" data-comments-opened=\"1\" data-image-meta=\"{&quot;aperture&quot;:&quot;0&quot;,&quot;credit&quot;:&quot;&quot;,&quot;camera&quot;:&quot;&quot;,&quot;caption&quot;:&quot;&quot;,&quot;created_timestamp&quot;:&quot;0&quot;,&quot;copyright&quot;:&quot;&quot;,&quot;focal_length&quot;:&quot;0&quot;,&quot;iso&quot;:&quot;0&quot;,&quot;shutter_speed&quot;:&quot;0&quot;,&quot;title&quot;:&quot;&quot;,&quot;orientation&quot;:&quot;0&quot;}\" data-image-title=\"img_9387\" data-image-description=\"\" data-image-caption=\"\" data-medium-file=\"https:\/\/i0.wp.com\/www.spang.ch\/aude\/wp-content\/uploads\/2016\/10\/IMG_9387-e1476318540602.jpg?fit=225%2C300\" data-large-file=\"https:\/\/i0.wp.com\/www.spang.ch\/aude\/wp-content\/uploads\/2016\/10\/IMG_9387-e1476318540602.jpg?fit=768%2C1024\" tabindex=\"0\" role=\"button\" class=\"alignright wp-image-240 size-thumbnail\" src=\"https:\/\/i0.wp.com\/www.spang.ch\/aude\/wp-content\/uploads\/2016\/10\/IMG_9387-e1476318540602-150x150.jpg?resize=150%2C150\" alt=\"img_9387\" width=\"150\" height=\"150\" srcset=\"https:\/\/i0.wp.com\/www.spang.ch\/aude\/wp-content\/uploads\/2016\/10\/IMG_9387-e1476318540602.jpg?resize=150%2C150 150w, https:\/\/i0.wp.com\/www.spang.ch\/aude\/wp-content\/uploads\/2016\/10\/IMG_9387-e1476318540602.jpg?zoom=2&amp;resize=150%2C150 300w, https:\/\/i0.wp.com\/www.spang.ch\/aude\/wp-content\/uploads\/2016\/10\/IMG_9387-e1476318540602.jpg?zoom=3&amp;resize=150%2C150 450w\" sizes=\"(max-width: 150px) 100vw, 150px\" data-recalc-dims=\"1\" \/><\/a>D&rsquo;ailleurs l&rsquo;or fut l&rsquo;un de mes premiers contacts avec le continent sudamericain (les Espagnols m&rsquo;auraient envi\u00e9e), car j&rsquo;ai pass\u00e9 mon premier apr\u00e8s-midi au Mus\u00e9e de l&rsquo;Or, tr\u00e8s bien fait, extr\u00eamement fourni et super int\u00e9ressant! Ces photos vous donneront une bonne id\u00e9e de la visite. Suite \u00e0 cela, j&rsquo;ai rencontr\u00e9 des amis connus a Jakarta (ils faisaient eux aussi un stage, mais dans l&rsquo;ambassade de leur propre pays) et nous sommes sortis ensemble pour ma premi\u00e8re nuit de voyage en Colombie. <a href=\"http:\/\/www.spang.ch\/aude\/2016\/10\/primeros-dias-en-bogota\/img_9389\/\" rel=\"attachment wp-att-241\"><img loading=\"lazy\" decoding=\"async\" data-attachment-id=\"241\" data-permalink=\"http:\/\/www.spang.ch\/aude\/fr\/2016\/10\/primeros-dias-en-bogota\/img_9389\/\" data-orig-file=\"https:\/\/i0.wp.com\/www.spang.ch\/aude\/wp-content\/uploads\/2016\/10\/IMG_9389-e1476318562186.jpg?fit=2448%2C3264\" data-orig-size=\"2448,3264\" data-comments-opened=\"1\" data-image-meta=\"{&quot;aperture&quot;:&quot;0&quot;,&quot;credit&quot;:&quot;&quot;,&quot;camera&quot;:&quot;&quot;,&quot;caption&quot;:&quot;&quot;,&quot;created_timestamp&quot;:&quot;0&quot;,&quot;copyright&quot;:&quot;&quot;,&quot;focal_length&quot;:&quot;0&quot;,&quot;iso&quot;:&quot;0&quot;,&quot;shutter_speed&quot;:&quot;0&quot;,&quot;title&quot;:&quot;&quot;,&quot;orientation&quot;:&quot;0&quot;}\" data-image-title=\"img_9389\" data-image-description=\"\" data-image-caption=\"\" data-medium-file=\"https:\/\/i0.wp.com\/www.spang.ch\/aude\/wp-content\/uploads\/2016\/10\/IMG_9389-e1476318562186.jpg?fit=225%2C300\" data-large-file=\"https:\/\/i0.wp.com\/www.spang.ch\/aude\/wp-content\/uploads\/2016\/10\/IMG_9389-e1476318562186.jpg?fit=768%2C1024\" tabindex=\"0\" role=\"button\" class=\"alignleft wp-image-241 size-thumbnail\" src=\"https:\/\/i0.wp.com\/www.spang.ch\/aude\/wp-content\/uploads\/2016\/10\/IMG_9389-e1476318562186-150x150.jpg?resize=150%2C150\" alt=\"img_9389\" width=\"150\" height=\"150\" srcset=\"https:\/\/i0.wp.com\/www.spang.ch\/aude\/wp-content\/uploads\/2016\/10\/IMG_9389-e1476318562186.jpg?resize=150%2C150 150w, https:\/\/i0.wp.com\/www.spang.ch\/aude\/wp-content\/uploads\/2016\/10\/IMG_9389-e1476318562186.jpg?zoom=2&amp;resize=150%2C150 300w, https:\/\/i0.wp.com\/www.spang.ch\/aude\/wp-content\/uploads\/2016\/10\/IMG_9389-e1476318562186.jpg?zoom=3&amp;resize=150%2C150 450w\" sizes=\"(max-width: 150px) 100vw, 150px\" data-recalc-dims=\"1\" \/><\/a>Cela fut un grand succ\u00e8s, puisque j&rsquo;ai failli tuer un homme en jouant au <em>tejo<\/em> (genre de sport national ressemblant a la p\u00e9tanque, mais o\u00f9 le risque est grand de tirer le petit mais lourd disque en metal dans la face de ceux qui jouent dans la ligne voisine), fait la f\u00eate dans la maison de parfaits inconnus et fini par dormir 3h dans l&rsquo;immeuble de l&rsquo;amie qui m&rsquo;accueille, mais devant sa porte pour une erreur d&rsquo;organisation dont la responsabilit\u00e9 m&rsquo;incombe enti\u00e8rement. <a href=\"http:\/\/www.spang.ch\/aude\/img_9382\/\"><img loading=\"lazy\" decoding=\"async\" data-attachment-id=\"242\" data-permalink=\"http:\/\/www.spang.ch\/aude\/fr\/2016\/10\/primeros-dias-en-bogota\/img_9382\/\" data-orig-file=\"https:\/\/i0.wp.com\/www.spang.ch\/aude\/wp-content\/uploads\/2016\/10\/IMG_9382-e1476318762512.jpg?fit=2448%2C3264\" data-orig-size=\"2448,3264\" data-comments-opened=\"1\" data-image-meta=\"{&quot;aperture&quot;:&quot;0&quot;,&quot;credit&quot;:&quot;&quot;,&quot;camera&quot;:&quot;&quot;,&quot;caption&quot;:&quot;&quot;,&quot;created_timestamp&quot;:&quot;0&quot;,&quot;copyright&quot;:&quot;&quot;,&quot;focal_length&quot;:&quot;0&quot;,&quot;iso&quot;:&quot;0&quot;,&quot;shutter_speed&quot;:&quot;0&quot;,&quot;title&quot;:&quot;&quot;,&quot;orientation&quot;:&quot;0&quot;}\" data-image-title=\"img_9382\" data-image-description=\"\" data-image-caption=\"\" data-medium-file=\"https:\/\/i0.wp.com\/www.spang.ch\/aude\/wp-content\/uploads\/2016\/10\/IMG_9382-e1476318762512.jpg?fit=225%2C300\" data-large-file=\"https:\/\/i0.wp.com\/www.spang.ch\/aude\/wp-content\/uploads\/2016\/10\/IMG_9382-e1476318762512.jpg?fit=768%2C1024\" tabindex=\"0\" role=\"button\" class=\"wp-image-242 alignleft\" src=\"https:\/\/i0.wp.com\/www.spang.ch\/aude\/wp-content\/uploads\/2016\/10\/IMG_9382-e1476318762512-225x300.jpg?resize=113%2C150\" alt=\"img_9382\" width=\"113\" height=\"150\" srcset=\"https:\/\/i0.wp.com\/www.spang.ch\/aude\/wp-content\/uploads\/2016\/10\/IMG_9382-e1476318762512.jpg?resize=225%2C300 225w, https:\/\/i0.wp.com\/www.spang.ch\/aude\/wp-content\/uploads\/2016\/10\/IMG_9382-e1476318762512.jpg?resize=768%2C1024 768w, https:\/\/i0.wp.com\/www.spang.ch\/aude\/wp-content\/uploads\/2016\/10\/IMG_9382-e1476318762512.jpg?resize=630%2C840 630w, https:\/\/i0.wp.com\/www.spang.ch\/aude\/wp-content\/uploads\/2016\/10\/IMG_9382-e1476318762512.jpg?resize=960%2C1280 960w, https:\/\/i0.wp.com\/www.spang.ch\/aude\/wp-content\/uploads\/2016\/10\/IMG_9382-e1476318762512.jpg?w=2000 2000w\" sizes=\"(max-width: 113px) 100vw, 113px\" data-recalc-dims=\"1\" \/><\/a>Une premi\u00e8re nuit digne de la Colombie, je crois! Mais ne vous en faites pas, je suis enti\u00e8re et me suis beaucoup amus\u00e9e, sans courir\u00a0de r\u00e9els risques &#8211; quoique je doive v\u00e9rifier si je ne vais pas \u00eatre poursuivie pour tentative d&rsquo;homicide par n\u00e9gligence due \u00e0\u00a0mes pi\u00e8tres talents de lanceuse d&rsquo;objets a travers des salles.<\/p>\n<figure id=\"attachment_194\" aria-describedby=\"caption-attachment-194\" style=\"width: 768px\" class=\"wp-caption aligncenter\"><a href=\"http:\/\/www.spang.ch\/aude\/2016\/10\/primeros-dias-en-bogota\/img_7784\/\" rel=\"attachment wp-att-194\"><img loading=\"lazy\" decoding=\"async\" data-attachment-id=\"194\" data-permalink=\"http:\/\/www.spang.ch\/aude\/fr\/2016\/10\/primeros-dias-en-bogota\/img_7784\/\" data-orig-file=\"https:\/\/i0.wp.com\/www.spang.ch\/aude\/wp-content\/uploads\/2016\/10\/IMG_7784.jpg?fit=5184%2C3456\" data-orig-size=\"5184,3456\" data-comments-opened=\"1\" data-image-meta=\"{&quot;aperture&quot;:&quot;0&quot;,&quot;credit&quot;:&quot;&quot;,&quot;camera&quot;:&quot;&quot;,&quot;caption&quot;:&quot;&quot;,&quot;created_timestamp&quot;:&quot;0&quot;,&quot;copyright&quot;:&quot;&quot;,&quot;focal_length&quot;:&quot;0&quot;,&quot;iso&quot;:&quot;0&quot;,&quot;shutter_speed&quot;:&quot;0&quot;,&quot;title&quot;:&quot;&quot;,&quot;orientation&quot;:&quot;0&quot;}\" data-image-title=\"img_7784\" data-image-description=\"\" data-image-caption=\"\" data-medium-file=\"https:\/\/i0.wp.com\/www.spang.ch\/aude\/wp-content\/uploads\/2016\/10\/IMG_7784.jpg?fit=300%2C200\" data-large-file=\"https:\/\/i0.wp.com\/www.spang.ch\/aude\/wp-content\/uploads\/2016\/10\/IMG_7784.jpg?fit=1000%2C667\" tabindex=\"0\" role=\"button\" class=\"wp-image-194 size-medium_large\" src=\"https:\/\/i0.wp.com\/www.spang.ch\/aude\/wp-content\/uploads\/2016\/10\/IMG_7784.jpg?resize=768%2C512\" alt=\"img_7784\" width=\"768\" height=\"512\" srcset=\"https:\/\/i0.wp.com\/www.spang.ch\/aude\/wp-content\/uploads\/2016\/10\/IMG_7784.jpg?resize=768%2C512 768w, https:\/\/i0.wp.com\/www.spang.ch\/aude\/wp-content\/uploads\/2016\/10\/IMG_7784.jpg?resize=300%2C200 300w, https:\/\/i0.wp.com\/www.spang.ch\/aude\/wp-content\/uploads\/2016\/10\/IMG_7784.jpg?resize=1024%2C683 1024w, https:\/\/i0.wp.com\/www.spang.ch\/aude\/wp-content\/uploads\/2016\/10\/IMG_7784.jpg?resize=960%2C640 960w, https:\/\/i0.wp.com\/www.spang.ch\/aude\/wp-content\/uploads\/2016\/10\/IMG_7784.jpg?resize=450%2C300 450w, https:\/\/i0.wp.com\/www.spang.ch\/aude\/wp-content\/uploads\/2016\/10\/IMG_7784.jpg?w=2000 2000w, https:\/\/i0.wp.com\/www.spang.ch\/aude\/wp-content\/uploads\/2016\/10\/IMG_7784.jpg?w=3000 3000w\" sizes=\"(max-width: 768px) 100vw, 768px\" data-recalc-dims=\"1\" \/><\/a><figcaption id=\"caption-attachment-194\" class=\"wp-caption-text\">Fossile et exemple humain Audesque pour l&rsquo;\u00e9chelle<\/figcaption><\/figure>\n<figure id=\"attachment_191\" aria-describedby=\"caption-attachment-191\" style=\"width: 300px\" class=\"wp-caption alignleft\"><a href=\"http:\/\/www.spang.ch\/aude\/2016\/10\/primeros-dias-en-bogota\/img_7711\/\" rel=\"attachment wp-att-191\"><img loading=\"lazy\" decoding=\"async\" data-attachment-id=\"191\" data-permalink=\"http:\/\/www.spang.ch\/aude\/fr\/2016\/10\/primeros-dias-en-bogota\/img_7711\/\" data-orig-file=\"https:\/\/i0.wp.com\/www.spang.ch\/aude\/wp-content\/uploads\/2016\/10\/IMG_7711.jpg?fit=5184%2C3456\" data-orig-size=\"5184,3456\" data-comments-opened=\"1\" data-image-meta=\"{&quot;aperture&quot;:&quot;0&quot;,&quot;credit&quot;:&quot;&quot;,&quot;camera&quot;:&quot;&quot;,&quot;caption&quot;:&quot;&quot;,&quot;created_timestamp&quot;:&quot;0&quot;,&quot;copyright&quot;:&quot;&quot;,&quot;focal_length&quot;:&quot;0&quot;,&quot;iso&quot;:&quot;0&quot;,&quot;shutter_speed&quot;:&quot;0&quot;,&quot;title&quot;:&quot;&quot;,&quot;orientation&quot;:&quot;0&quot;}\" data-image-title=\"img_7711\" data-image-description=\"\" data-image-caption=\"\" data-medium-file=\"https:\/\/i0.wp.com\/www.spang.ch\/aude\/wp-content\/uploads\/2016\/10\/IMG_7711.jpg?fit=300%2C200\" data-large-file=\"https:\/\/i0.wp.com\/www.spang.ch\/aude\/wp-content\/uploads\/2016\/10\/IMG_7711.jpg?fit=1000%2C667\" tabindex=\"0\" role=\"button\" class=\"wp-image-191 size-medium\" src=\"https:\/\/i0.wp.com\/www.spang.ch\/aude\/wp-content\/uploads\/2016\/10\/IMG_7711.jpg?resize=300%2C200\" alt=\"img_7711\" width=\"300\" height=\"200\" srcset=\"https:\/\/i0.wp.com\/www.spang.ch\/aude\/wp-content\/uploads\/2016\/10\/IMG_7711.jpg?resize=300%2C200 300w, https:\/\/i0.wp.com\/www.spang.ch\/aude\/wp-content\/uploads\/2016\/10\/IMG_7711.jpg?resize=768%2C512 768w, https:\/\/i0.wp.com\/www.spang.ch\/aude\/wp-content\/uploads\/2016\/10\/IMG_7711.jpg?resize=1024%2C683 1024w, https:\/\/i0.wp.com\/www.spang.ch\/aude\/wp-content\/uploads\/2016\/10\/IMG_7711.jpg?resize=960%2C640 960w, https:\/\/i0.wp.com\/www.spang.ch\/aude\/wp-content\/uploads\/2016\/10\/IMG_7711.jpg?resize=450%2C300 450w, https:\/\/i0.wp.com\/www.spang.ch\/aude\/wp-content\/uploads\/2016\/10\/IMG_7711.jpg?w=2000 2000w, https:\/\/i0.wp.com\/www.spang.ch\/aude\/wp-content\/uploads\/2016\/10\/IMG_7711.jpg?w=3000 3000w\" sizes=\"(max-width: 300px) 100vw, 300px\" data-recalc-dims=\"1\" \/><\/a><figcaption id=\"caption-attachment-191\" class=\"wp-caption-text\">Place centrale de Villa de Leyva, datant de 1572<\/figcaption><\/figure>\n<p style=\"text-align: justify;\">Durant le weekend, je suis partie avec Alexandra (mon h\u00f4te, connue a l&rsquo;\u00e9poque dans la maison d&rsquo;etudiants o\u00f9 j&rsquo;ai vecu mes premi\u00e8res ann\u00e9es \u00e0 Zurich) et ses amis visiter Villa de Leyva, une petite ville tr\u00e8s conserv\u00e9e et charmante de l&rsquo;\u00e9poque coloniale (post-hispanique? hehe). Ce fut l&rsquo;occasion de commencer \u00e0 go\u00fbter des plats typiques, de la soupe de c\u00e9r\u00e9ale \u00e0 la sauce piquante au fort go\u00fbt de coriandre (succulent!), le tout accompagn\u00e9 des in\u00e9vitables patates, portion de riz et manioc (qui s&rsquo;appelle ici <em>yuca<\/em>). Nous avons \u00e9galement fait un tour dans la r\u00e9gion pour y voir, notamment, un superbe monast\u00e8re dominicain, un immense fossile de cronosaure (genre de gros reptile ressemblant un peu \u00e0\u00a0un alligator), ou la petite ville de Raquida, sp\u00e9cialis\u00e9e en c\u00e9ramique et o\u00f9 l&rsquo;on aimerait tout acheter pour en tapisser sa maison. Super premi\u00e8re exp\u00e9rience colombienne!<\/p>\n<figure id=\"attachment_198\" aria-describedby=\"caption-attachment-198\" style=\"width: 768px\" class=\"wp-caption aligncenter\"><a href=\"http:\/\/www.spang.ch\/aude\/img_7850\/\"><img loading=\"lazy\" decoding=\"async\" data-attachment-id=\"198\" data-permalink=\"http:\/\/www.spang.ch\/aude\/fr\/2016\/10\/primeros-dias-en-bogota\/img_7850\/\" data-orig-file=\"https:\/\/i0.wp.com\/www.spang.ch\/aude\/wp-content\/uploads\/2016\/10\/IMG_7850.jpg?fit=5184%2C3456\" data-orig-size=\"5184,3456\" data-comments-opened=\"1\" data-image-meta=\"{&quot;aperture&quot;:&quot;0&quot;,&quot;credit&quot;:&quot;&quot;,&quot;camera&quot;:&quot;&quot;,&quot;caption&quot;:&quot;&quot;,&quot;created_timestamp&quot;:&quot;0&quot;,&quot;copyright&quot;:&quot;&quot;,&quot;focal_length&quot;:&quot;0&quot;,&quot;iso&quot;:&quot;0&quot;,&quot;shutter_speed&quot;:&quot;0&quot;,&quot;title&quot;:&quot;&quot;,&quot;orientation&quot;:&quot;0&quot;}\" data-image-title=\"img_7850\" data-image-description=\"\" data-image-caption=\"\" data-medium-file=\"https:\/\/i0.wp.com\/www.spang.ch\/aude\/wp-content\/uploads\/2016\/10\/IMG_7850.jpg?fit=300%2C200\" data-large-file=\"https:\/\/i0.wp.com\/www.spang.ch\/aude\/wp-content\/uploads\/2016\/10\/IMG_7850.jpg?fit=1000%2C667\" tabindex=\"0\" role=\"button\" class=\"wp-image-198 size-medium_large\" src=\"https:\/\/i0.wp.com\/www.spang.ch\/aude\/wp-content\/uploads\/2016\/10\/IMG_7850.jpg?resize=768%2C512\" alt=\"img_7850\" width=\"768\" height=\"512\" srcset=\"https:\/\/i0.wp.com\/www.spang.ch\/aude\/wp-content\/uploads\/2016\/10\/IMG_7850.jpg?resize=768%2C512 768w, https:\/\/i0.wp.com\/www.spang.ch\/aude\/wp-content\/uploads\/2016\/10\/IMG_7850.jpg?resize=300%2C200 300w, https:\/\/i0.wp.com\/www.spang.ch\/aude\/wp-content\/uploads\/2016\/10\/IMG_7850.jpg?resize=1024%2C683 1024w, https:\/\/i0.wp.com\/www.spang.ch\/aude\/wp-content\/uploads\/2016\/10\/IMG_7850.jpg?resize=960%2C640 960w, https:\/\/i0.wp.com\/www.spang.ch\/aude\/wp-content\/uploads\/2016\/10\/IMG_7850.jpg?resize=450%2C300 450w, https:\/\/i0.wp.com\/www.spang.ch\/aude\/wp-content\/uploads\/2016\/10\/IMG_7850.jpg?w=2000 2000w, https:\/\/i0.wp.com\/www.spang.ch\/aude\/wp-content\/uploads\/2016\/10\/IMG_7850.jpg?w=3000 3000w\" sizes=\"(max-width: 768px) 100vw, 768px\" data-recalc-dims=\"1\" \/><\/a><figcaption id=\"caption-attachment-198\" class=\"wp-caption-text\">Street art<\/figcaption><\/figure>\n<figure id=\"attachment_209\" aria-describedby=\"caption-attachment-209\" style=\"width: 208px\" class=\"wp-caption alignright\"><a href=\"http:\/\/www.spang.ch\/aude\/image-3\/\"><img loading=\"lazy\" decoding=\"async\" data-attachment-id=\"209\" data-permalink=\"http:\/\/www.spang.ch\/aude\/fr\/2016\/10\/primeros-dias-en-bogota\/image-3\/\" data-orig-file=\"https:\/\/i0.wp.com\/www.spang.ch\/aude\/wp-content\/uploads\/2016\/10\/image-2-e1476314407897.jpeg?fit=2522%2C3636\" data-orig-size=\"2522,3636\" data-comments-opened=\"1\" data-image-meta=\"{&quot;aperture&quot;:&quot;0&quot;,&quot;credit&quot;:&quot;Aude Spang&quot;,&quot;camera&quot;:&quot;&quot;,&quot;caption&quot;:&quot;&quot;,&quot;created_timestamp&quot;:&quot;0&quot;,&quot;copyright&quot;:&quot;&quot;,&quot;focal_length&quot;:&quot;0&quot;,&quot;iso&quot;:&quot;0&quot;,&quot;shutter_speed&quot;:&quot;0&quot;,&quot;title&quot;:&quot;&quot;,&quot;orientation&quot;:&quot;0&quot;}\" data-image-title=\"image\" data-image-description=\"\" data-image-caption=\"\" data-medium-file=\"https:\/\/i0.wp.com\/www.spang.ch\/aude\/wp-content\/uploads\/2016\/10\/image-2-e1476314407897.jpeg?fit=208%2C300\" data-large-file=\"https:\/\/i0.wp.com\/www.spang.ch\/aude\/wp-content\/uploads\/2016\/10\/image-2-e1476314407897.jpeg?fit=710%2C1024\" tabindex=\"0\" role=\"button\" class=\"wp-image-209 size-medium\" src=\"https:\/\/i0.wp.com\/www.spang.ch\/aude\/wp-content\/uploads\/2016\/10\/image-2-e1476314407897-208x300.jpeg?resize=208%2C300\" alt=\"image\" width=\"208\" height=\"300\" srcset=\"https:\/\/i0.wp.com\/www.spang.ch\/aude\/wp-content\/uploads\/2016\/10\/image-2-e1476314407897.jpeg?resize=208%2C300 208w, https:\/\/i0.wp.com\/www.spang.ch\/aude\/wp-content\/uploads\/2016\/10\/image-2-e1476314407897.jpeg?resize=768%2C1107 768w, https:\/\/i0.wp.com\/www.spang.ch\/aude\/wp-content\/uploads\/2016\/10\/image-2-e1476314407897.jpeg?resize=710%2C1024 710w, https:\/\/i0.wp.com\/www.spang.ch\/aude\/wp-content\/uploads\/2016\/10\/image-2-e1476314407897.jpeg?w=2000 2000w\" sizes=\"(max-width: 208px) 100vw, 208px\" data-recalc-dims=\"1\" \/><\/a><figcaption id=\"caption-attachment-209\" class=\"wp-caption-text\">Oeuvre de Botero<\/figcaption><\/figure>\n<p style=\"text-align: justify;\">Ces quelques jours m&rsquo;ont \u00e9videmment permis de visiter Bogot\u00e1. Je me suis promen\u00e9e pendant des heures dans le vieux quartier de la Candelar\u00eda, et j&rsquo;ai fait une recherche d&rsquo;oeuvres de street art, dont la ville sous tous ses angles regorge, vibrante et color\u00e9e. Une forme d&rsquo;art qui manque en Suisse, \u00e0 mes yeux! J&rsquo;ai aussi vu quelques mus\u00e9es et d\u00e9couvert un peu de l&rsquo;art colombien, notamment \u00e0 travers le peintre Botero, que j&rsquo;ai toujours connu mais dont j&rsquo;ignorais la nationalit\u00e9. Je ne savais pas non plus qu&rsquo;il \u00e9tait encore en vie et que certaines de ses \u0153uvres dataient tout juste des ann\u00e9es 90! Je trouve tr\u00e8s int\u00e9ressant de voir \u00e0 quel point les artistes sont in\u00e9vitablement li\u00e9s \u00e0 leurs origines et \u00e0 leur culture. C&rsquo;est parfois amusant; bien s\u00fbr, pour un peintre colombien, une nature morte va se composer de fruits qui pour nous sont exotiques, parfois touchant; la colonisation et les conflits qui ont d\u00e9chir\u00e9 le pays en ont marqu\u00e9 \u00e0 long terme la production artistique. Dans tous les cas, \u00e7a nous transporte et nous fait mettre en perspective le concept de normalit\u00e9 (qu&rsquo;est-ce qui est normal pour moi, normal pour les autres? qu&rsquo;est-ce que \u00ab\u00a0normal\u00a0\u00bb? \u00e9ternelle question d&rsquo;Aude en voyage).<\/p>\n<p style=\"text-align: justify;\">Prochaines \u00e9tapes: une cath\u00e9drale de sel a Zipaquir\u00e1, puis un bus pour Armenia, vers l&rsquo;ouest, o\u00f9\u00a0je vais aller d\u00e9couvrir la Zona Cafetera (zone de production de caf\u00e9, que je ne bois malheureusement pas) et les montagnes appel\u00e9es Los Nevados (parce que chapeaut\u00e9es de neige \u00e9ternelle).<\/p>\n<p style=\"text-align: justify;\"><small>PS: pardon pour les accents manquants, c&rsquo;est difficile avec les claviers \u00e9trangers<\/small><\/p>\n<p style=\"text-align: center;\"><strong><a href=\"https:\/\/goo.gl\/photos\/LqnAb2x6HNZZhQT17\">Pour plus de photos, clique ici!<\/a><\/strong><\/p>\n<p><figure id=\"attachment_190\" aria-describedby=\"caption-attachment-190\" style=\"width: 1000px\" class=\"wp-caption aligncenter\"><a href=\"http:\/\/www.spang.ch\/aude\/2016\/10\/primeros-dias-en-bogota\/img_7813\/\" rel=\"attachment wp-att-190\"><img loading=\"lazy\" decoding=\"async\" data-attachment-id=\"190\" data-permalink=\"http:\/\/www.spang.ch\/aude\/fr\/2016\/10\/primeros-dias-en-bogota\/img_7813\/\" data-orig-file=\"https:\/\/i0.wp.com\/www.spang.ch\/aude\/wp-content\/uploads\/2016\/10\/IMG_7813.jpg?fit=5184%2C3456\" data-orig-size=\"5184,3456\" data-comments-opened=\"1\" data-image-meta=\"{&quot;aperture&quot;:&quot;0&quot;,&quot;credit&quot;:&quot;&quot;,&quot;camera&quot;:&quot;&quot;,&quot;caption&quot;:&quot;&quot;,&quot;created_timestamp&quot;:&quot;0&quot;,&quot;copyright&quot;:&quot;&quot;,&quot;focal_length&quot;:&quot;0&quot;,&quot;iso&quot;:&quot;0&quot;,&quot;shutter_speed&quot;:&quot;0&quot;,&quot;title&quot;:&quot;&quot;,&quot;orientation&quot;:&quot;0&quot;}\" data-image-title=\"img_7813\" data-image-description=\"\" data-image-caption=\"\" data-medium-file=\"https:\/\/i0.wp.com\/www.spang.ch\/aude\/wp-content\/uploads\/2016\/10\/IMG_7813.jpg?fit=300%2C200\" data-large-file=\"https:\/\/i0.wp.com\/www.spang.ch\/aude\/wp-content\/uploads\/2016\/10\/IMG_7813.jpg?fit=1000%2C667\" tabindex=\"0\" role=\"button\" class=\"wp-image-190 size-large\" src=\"https:\/\/i0.wp.com\/www.spang.ch\/aude\/wp-content\/uploads\/2016\/10\/IMG_7813.jpg?resize=1000%2C667\" alt=\"img_7813\" width=\"1000\" height=\"667\" srcset=\"https:\/\/i0.wp.com\/www.spang.ch\/aude\/wp-content\/uploads\/2016\/10\/IMG_7813.jpg?resize=1024%2C683 1024w, https:\/\/i0.wp.com\/www.spang.ch\/aude\/wp-content\/uploads\/2016\/10\/IMG_7813.jpg?resize=300%2C200 300w, https:\/\/i0.wp.com\/www.spang.ch\/aude\/wp-content\/uploads\/2016\/10\/IMG_7813.jpg?resize=768%2C512 768w, https:\/\/i0.wp.com\/www.spang.ch\/aude\/wp-content\/uploads\/2016\/10\/IMG_7813.jpg?resize=960%2C640 960w, https:\/\/i0.wp.com\/www.spang.ch\/aude\/wp-content\/uploads\/2016\/10\/IMG_7813.jpg?resize=450%2C300 450w, https:\/\/i0.wp.com\/www.spang.ch\/aude\/wp-content\/uploads\/2016\/10\/IMG_7813.jpg?w=2000 2000w, https:\/\/i0.wp.com\/www.spang.ch\/aude\/wp-content\/uploads\/2016\/10\/IMG_7813.jpg?w=3000 3000w\" sizes=\"(max-width: 1000px) 100vw, 1000px\" data-recalc-dims=\"1\" \/><\/a><figcaption id=\"caption-attachment-190\" class=\"wp-caption-text\">Monastere dominicain de Ecce-Homo, fond\u00e9 en 1620<\/figcaption><\/figure><\/p>","protected":false},"excerpt":{"rendered":"<p>(*Premiers jours &#8211; \u00e0 Bogot\u00e1) Avant de partir, je n&rsquo;avais ni le temps ni l&rsquo;envie de pr\u00e9parer mon voyage en d\u00e9tail. Il me suffisait de savoir que j&rsquo;avais une liste d&rsquo;id\u00e9es glan\u00e9es pour chaque pays, et que je ne serais pas \u00e0 court de possibilit\u00e9s sur le moment. Apr\u00e8s quelques films et \u00e9pisodes de s\u00e9ries&#8230; <\/p>\n<div class=\"link-more\"><a href=\"http:\/\/www.spang.ch\/aude\/fr\/2016\/10\/primeros-dias-en-bogota\/\">En savoir plus<\/a><\/div>\n","protected":false},"author":1,"featured_media":193,"comment_status":"open","ping_status":"open","sticky":false,"template":"","format":"standard","meta":{"jetpack_post_was_ever_published":false,"_jetpack_newsletter_access":"","_jetpack_dont_email_post_to_subs":true,"_jetpack_newsletter_tier_id":0,"_jetpack_memberships_contains_paywalled_content":false,"_jetpack_memberships_contains_paid_content":false,"footnotes":"","jetpack_publicize_message":"","jetpack_publicize_feature_enabled":true,"jetpack_social_post_already_shared":true,"jetpack_social_options":{"image_generator_settings":{"template":"highway","enabled":false},"version":2}},"categories":[4],"tags":[],"jetpack_publicize_connections":[],"jetpack_featured_media_url":"https:\/\/i0.wp.com\/www.spang.ch\/aude\/wp-content\/uploads\/2016\/10\/IMG_7765-e1476110081347.jpg?fit=3456%2C5184","jetpack_shortlink":"https:\/\/wp.me\/p7EYAh-2m","jetpack-related-posts":[],"jetpack_likes_enabled":true,"jetpack_sharing_enabled":true,"_links":{"self":[{"href":"http:\/\/www.spang.ch\/aude\/fr\/wp-json\/wp\/v2\/posts\/146"}],"collection":[{"href":"http:\/\/www.spang.ch\/aude\/fr\/wp-json\/wp\/v2\/posts"}],"about":[{"href":"http:\/\/www.spang.ch\/aude\/fr\/wp-json\/wp\/v2\/types\/post"}],"author":[{"embeddable":true,"href":"http:\/\/www.spang.ch\/aude\/fr\/wp-json\/wp\/v2\/users\/1"}],"replies":[{"embeddable":true,"href":"http:\/\/www.spang.ch\/aude\/fr\/wp-json\/wp\/v2\/comments?post=146"}],"version-history":[{"count":49,"href":"http:\/\/www.spang.ch\/aude\/fr\/wp-json\/wp\/v2\/posts\/146\/revisions"}],"predecessor-version":[{"id":253,"href":"http:\/\/www.spang.ch\/aude\/fr\/wp-json\/wp\/v2\/posts\/146\/revisions\/253"}],"wp:featuredmedia":[{"embeddable":true,"href":"http:\/\/www.spang.ch\/aude\/fr\/wp-json\/wp\/v2\/media\/193"}],"wp:attachment":[{"href":"http:\/\/www.spang.ch\/aude\/fr\/wp-json\/wp\/v2\/media?parent=146"}],"wp:term":[{"taxonomy":"category","embeddable":true,"href":"http:\/\/www.spang.ch\/aude\/fr\/wp-json\/wp\/v2\/categories?post=146"},{"taxonomy":"post_tag","embeddable":true,"href":"http:\/\/www.spang.ch\/aude\/fr\/wp-json\/wp\/v2\/tags?post=146"}],"curies":[{"name":"wp","href":"https:\/\/api.w.org\/{rel}","templated":true}]}}